{"id":9849,"date":"2021-10-09T18:20:46","date_gmt":"2021-10-09T16:20:46","guid":{"rendered":"https:\/\/nsff.no\/magasinet\/?p=9849"},"modified":"2021-10-09T18:25:28","modified_gmt":"2021-10-09T16:25:28","slug":"prosjekt-jeg-er-ingenting-tom-erik-smedal-2021","status":"publish","type":"post","link":"https:\/\/nsff.no\/magasinet\/2021\/10\/09\/prosjekt-jeg-er-ingenting-tom-erik-smedal-2021\/","title":{"rendered":"Prosjekt: Jeg er ingenting. Tom Erik Smedal 2021"},"content":{"rendered":"<p>[et_pb_section fb_built=&raquo;1&#8243; _builder_version=&raquo;3.22&#8243; global_colors_info=&raquo;{}&raquo;][et_pb_row _builder_version=&raquo;3.25&#8243; background_size=&raquo;initial&raquo; background_position=&raquo;top_left&raquo; background_repeat=&raquo;repeat&raquo; global_colors_info=&raquo;{}&raquo;][et_pb_column type=&raquo;4_4&#8243; _builder_version=&raquo;3.25&#8243; custom_padding=&raquo;|||&raquo; global_colors_info=&raquo;{}&raquo; custom_padding__hover=&raquo;|||&raquo;][et_pb_text admin_label=&raquo;Tekst&raquo; _builder_version=&raquo;4.11.2&#8243; background_size=&raquo;initial&raquo; background_position=&raquo;top_left&raquo; background_repeat=&raquo;repeat&raquo; global_colors_info=&raquo;{}&raquo;]Denne gangen har jeg portrettert Lena. Hennes historie er sterk og personlig s\u00e5 jeg lar henne derfor f\u00e5 starte denne &laquo;Bak kulissene&raquo; artikkelen med sine egne ord:<\/p>\n<blockquote><p>&laquo;Hei, jeg er Lena. 45 \u00e5r, gift, har to barn og et barnebarn. Dette har livet gitt meg s\u00e5 langt,- det er utrolig mye \u00e5 v\u00e6re takknemlig for.<br \/>\nOg det er jeg virkelig. Det er vel faktisk det som holder meg oppe. N\u00e5r mitt liv egentlig skulle &laquo;starte&raquo; ble alt snudd p\u00e5 hode.<br \/>\nJeg ble alvorlig syk, og fremtiden ble t\u00f8ffere enn jeg noen gang hadde forestilt meg.<br \/>\nJeg har aldri f\u00f8lt meg &laquo;god&raquo; nok. Bare fordi jeg ikke har v\u00e6rt i jobb og fordi jeg f\u00f8ler meg som en byrde i sammfunnet.<br \/>\nT\u00e5rene har rent mang en gang, Jeg har m\u00e5tte utlevere mitt liv mang en gang, bare for \u00e5 f\u00e5 den hjelpen jeg trengte.<br \/>\nEn assistent jeg er helt avhengig av for \u00e5 f\u00e5 hverdagen til \u00e5 g\u00e5 rundt.<\/p>\n<p>Jeg har kjempet, jeg har st\u00e5tt p\u00e5 og jeg har v\u00e6rt sterk. Jeg har st\u00e5tt p\u00e5 Prekestolen, Kjeragbolten og Trolltunga fordi jeg egentlig er et friluftsmenneske og elsker toppturer. Jeg har en fantastisk ektemann som ser at ogs\u00e5 jeg m\u00e5 bevare noe av Lena, selv om det f\u00f8rer til ukesvis med utmattelse, smerter og medisiner. Hverdagen er t\u00f8ff. Den handler om \u00e5 overleve med mist mulig smerter. Og jeg sliter med tankene mine innimellom. Er jeg god nok?<\/p>\n<p>Det er vanskelig \u00e5 holde styr p\u00e5 alle tankene n\u00e5r kroppen er full av arr. Arr som jeg har valgt. Jeg har valgt PEG p\u00e5 magen.<br \/>\nFordi jeg av \u00e5 til m\u00e5 velge, g\u00e5 p\u00e5 tur eller spise. Min kropp klarer ikke begge deler. Jeg valgte VAP p\u00e5 brytset, fordi intraven\u00f8st gir kroppen min litt mer energi. Jeg gj\u00f8r alt som st\u00e5r i min makt for \u00e5 oppleve noe livet kan by p\u00e5. Skape minner.<br \/>\nMen samtidig har det kostet. Livet er ikke lett. Vi mennesker er ikke skapt for \u00e5 sitte som ei pyntedokke i en stol.<\/p>\n<p>Jeg h\u00e5per jeg i fremtiden klarer \u00e5 kjempe. Kjempe for de jeg er glad i.<br \/>\nMen i perioder sliter jeg med \u00e5 v\u00e6re sterk,- jeg er redd for fremtiden.<br \/>\nJeg frykter fremtiden.<\/p>\n<p>\u00c5 ta kontakt med Tom Erik, en fremmed mann, for \u00e5 sp\u00f8rre om han kunne tenke seg \u00e5 ta bilde av meg er det spr\u00f8este jeg har gjort.<br \/>\nTa bilder jeg kan henge p\u00e5 veggen for \u00e5 se p\u00e5. Se ei sterk dame. Ei som kjemper. Ja, &laquo;Kvinnen med arrene&raquo;.<br \/>\nJeg er evig takknemlig over at min ukjente venn, valgte og bruke sin tid og sine ressurser p\u00e5 meg.<br \/>\nUten \u00e5 kjenne meg. Jeg er bare evig takknemlig for de flotte bildene vi tok. Det var lett \u00e5 v\u00e6re svak ovenfor deg.<br \/>\nDu er fabelaktig bak det kameraet, med \u00f8ye for de sm\u00e5 detaljene&raquo;<br \/>\n&#8211; Lena<\/p><\/blockquote>\n<p>Portrettfoto er som en pardans,- her m\u00e5 begge gi og ta. Det handler om samspill og kommunikasjon for \u00e5 f\u00e5 fram de uttrykkene man \u00f8nsker. Det kan v\u00e6re et \u00f8yeblikk av gnist, et uttrykk, et glimt, en t\u00e5re. Som portrettfotograf m\u00e5 en ta styring, vise hva man skal gj\u00f8re. For \u00e5 v\u00e6re komfortabel m\u00e5 jeg v\u00e6re helt trygg p\u00e5 oppgaven. Lys og teknikk har jeg god kontroll p\u00e5, og i det siste har jeg jobbet mye med meg selv for \u00e5 bli tryggere p\u00e5 det menneskelige planet. Her skal jeg v\u00e6re den f\u00f8rste til \u00e5 innse at jeg har en lang vei \u00e5 g\u00e5.<\/p>\n<p>For noen m\u00e5neder siden tok alts\u00e5 Lena kontakt. Det passet bra, for de n\u00e6rmeste rundt meg har mast lenge p\u00e5 at jeg snart m\u00e5 gj\u00f8re noen vanskelige prosjekter. Og for \u00e5 f\u00e5 til de portrettene slik Lena \u00f8nsket visste jeg at denne gangen m\u00e5tte jeg langt utenfor egen komfortsone. For Lena er syk, og vil ha bilder som oppsummerer hvem hun er og hva sykdommen har gjort med henne. Hun har v\u00e6rt syk i 20 \u00e5r. Hun er r\u00e5sterk, samtidig veldig svak. Inngrep med VAP &#8211; Venous Access Port p\u00e5 bryst og PEG &#8211; Perkutan Endoskopisk Gastrostomi sonde p\u00e5 magen har satt sine spor b\u00e5de mentalt og fysisk.[\/et_pb_text][et_pb_image src=&raquo;https:\/\/nsff.no\/magasinet\/wp-content\/uploads\/sites\/2\/2021\/10\/Picture01196.jpg&raquo; alt=&raquo;Foto: Tom Erik Smedal&raquo; title_text=&raquo;%22Jeg f\u00f8ler meg s\u00e5 liten. Til overs. Og spesiell. Spesiell p\u00e5 en vond m\u00e5te.  Fordi jeg ikke jobber! Kroppen min er syk. Jeg klarer ikke \u00e5 jobbe. Og da er jeg langt fra normal.%22&#8243; show_in_lightbox=&raquo;on&raquo; admin_label=&raquo;Bilde&raquo; _builder_version=&raquo;4.11.2&#8243; _module_preset=&raquo;default&raquo; global_colors_info=&raquo;{}&raquo;][\/et_pb_image][et_pb_text _builder_version=&raquo;4.11.2&#8243; _module_preset=&raquo;default&raquo; global_colors_info=&raquo;{}&raquo;]&raquo;Jeg f\u00f8ler meg s\u00e5 liten. Til overs. Og spesiell. Spesiell p\u00e5 en vond m\u00e5te.<br \/>\nFordi jeg ikke jobber! Kroppen min er syk. Jeg klarer ikke \u00e5 jobbe. Og da er jeg langt fra normal.&raquo;[\/et_pb_text][\/et_pb_column][\/et_pb_row][et_pb_row _builder_version=&raquo;4.11.2&#8243; _module_preset=&raquo;default&raquo; hover_enabled=&raquo;0&#8243; global_colors_info=&raquo;{}&raquo; background_enable_color=&raquo;off&raquo; sticky_enabled=&raquo;0&#8243;][et_pb_column type=&raquo;4_4&#8243; _builder_version=&raquo;4.11.2&#8243; _module_preset=&raquo;default&raquo; global_colors_info=&raquo;{}&raquo;][et_pb_text _builder_version=&raquo;4.11.2&#8243; _module_preset=&raquo;default&raquo; global_colors_info=&raquo;{}&raquo;]Forberedelser har vart over flere uker gjennom meldinger og enkle h\u00e5ndskisser som i all hovedsak indikerer hvordan jeg tenker hun skal posere. Her er ingen detaljer, kun enkle streker for \u00e5 kommunisere hva jeg tenker. For p\u00e5 den m\u00e5ten f\u00e5 gj\u00f8re det enklere for Lena \u00e5 slippe opp og jobbe sammen med meg. De samme skissene har samtidig hatt betydning for meg for \u00e5 mentalt v\u00e6re s\u00e5 forberedt jeg kan. Jeg har gruet meg til oppgaven, mest av alt v\u00e6rt redd for \u00e5 s\u00e5re et menneske som allerede ligger nede. <\/p>\n<p>For meg har det tatt tid og krevd god planlegging for \u00e5 f\u00e5 til dette. For jeg har stor respekt for Lena, en respekt jeg ogs\u00e5 \u00f8nsker \u00e5 uttrykke i bildene. Og det ligger naturlig nok en forventing at n\u00e5r vi f\u00f8rst setter igang med portrettbilder s\u00e5 m\u00e5 vi prestere begge to. For hun har tross alt strevd med \u00e5 komme seg til studio, mentalt forberedt seg p\u00e5 \u00e5 bli fotografert og vil antageligvis v\u00e6re sengeliggende den p\u00e5f\u00f8lgende uken av utmattelse. N\u00e5r prestasjonsangsten ble for stor og jeg mest av alt har hatt mest lyst til \u00e5 legge inn \u00e5rene, s\u00e5 har det v\u00e6rt n\u00f8dvendig for meg \u00e5 sitere fotografen Alexis Cuarezma: \u00abJust take the fucking picture\u00bb.  Alts\u00e5 v\u00e6re n\u00e5del\u00f8s og sterk ovenfor meg selv. St\u00e5 i kampen,- f\u00f8rst og fremst f\u00e5 tatt de forbanna bildene! <\/p>\n<p>Alle bildene er tatt i et studio der det er god takh\u00f8yde og lyset lar seg godt kontrollere. For \u00e5 f\u00e5 mest mulig effektiv fotografering s\u00e5 velger jeg \u00e5 kj\u00f8re bildene fortl\u00f8pende inn til en laptop ved hjelp av &laquo;tether&raquo;-funksjonen i Capture One 21. P\u00e5 denne m\u00e5ten tar det bare noen f\u00e5 sekunder fra jeg tar bildet til en kan se resultatet i full st\u00f8rrelse p\u00e5 laptop`n. Dette gj\u00f8r det enkelt for meg \u00e5 sjekke at fokus og eksponering er korrekt, samtidig som det gir gode mulighet til \u00e5 finjustere detaljer jeg aldri ville lagt merke til om jeg skulle forholde meg til den lille skjermen bak p\u00e5 kameraet. For modellen er det ogs\u00e5 et godt hjelpemiddel i forhold til egen posering.[\/et_pb_text][et_pb_image src=&raquo;https:\/\/nsff.no\/magasinet\/wp-content\/uploads\/sites\/2\/2021\/10\/Picture01242_I-am-nothing.jpg&raquo; alt=&raquo;Foto: Tom Erik Smedal&raquo; title_text=&raquo; %22Utfordringen ligger ikke i \u00e5 se det ingen ser, men \u00e5 tenke det ingen har tenkt om det alle ser.%22 &#8211; Arthur Shopenhauer, 1831&#8243; show_in_lightbox=&raquo;on&raquo; _builder_version=&raquo;4.11.2&#8243; _module_preset=&raquo;default&raquo; global_colors_info=&raquo;{}&raquo;][\/et_pb_image][et_pb_text _builder_version=&raquo;4.11.2&#8243; _module_preset=&raquo;default&raquo; global_colors_info=&raquo;{}&raquo;] &laquo;Utfordringen ligger ikke i \u00e5 se det ingen ser, men \u00e5 tenke det ingen har tenkt om det alle ser.&raquo;<br \/>\n&#8211; Arthur Shopenhauer, 1831[\/et_pb_text][\/et_pb_column][\/et_pb_row][et_pb_row _builder_version=&raquo;4.11.2&#8243; _module_preset=&raquo;default&raquo; global_colors_info=&raquo;{}&raquo;][et_pb_column type=&raquo;4_4&#8243; _builder_version=&raquo;4.11.2&#8243; _module_preset=&raquo;default&raquo; global_colors_info=&raquo;{}&raquo;][et_pb_text admin_label=&raquo;Tekst&raquo; _builder_version=&raquo;4.11.2&#8243; _module_preset=&raquo;default&raquo; global_colors_info=&raquo;{}&raquo;]<\/p>\n<p><em>Klikk p\u00e5 bildene for \u00e5 se hele:<\/em><\/p>\n<p>[\/et_pb_text][et_pb_gallery gallery_ids=&raquo;9856,9853,9855,9854&#8243; orientation=&raquo;portrait&raquo; show_title_and_caption=&raquo;off&raquo; show_pagination=&raquo;off&raquo; admin_label=&raquo;Galleri&raquo; _builder_version=&raquo;4.11.2&#8243; _module_preset=&raquo;default&raquo; global_colors_info=&raquo;{}&raquo;][\/et_pb_gallery][\/et_pb_column][\/et_pb_row][\/et_pb_section]<\/p>\n","protected":false},"excerpt":{"rendered":"<p>Tom Erik Smedal forteller om et utfordrende fotooppdrag \u2013 utfordrende p\u00e5 det mellommenneskelige plan.<\/p>\n","protected":false},"author":83,"featured_media":9852,"comment_status":"open","ping_status":"open","sticky":false,"template":"","format":"standard","meta":{"_et_pb_use_builder":"on","_et_pb_old_content":"<p>Denne gangen har jeg portrettert Lena. Hennes historie er sterk og personlig s\u00e5 jeg lar henne derfor f\u00e5 starte denne \"Bak kulissene\" artikkelen med sine egne ord:<\/p><blockquote><p>\"Hei, jeg er Lena. 45 \u00e5r, gift, har to barn og et barnebarn. Dette har livet gitt meg s\u00e5 langt,- det er utrolig mye \u00e5 v\u00e6re takknemlig for. <br \/>Og det er jeg virkelig. Det er vel faktisk det som holder meg oppe. N\u00e5r mitt liv egentlig skulle \"starte\" ble alt snudd p\u00e5 hode. <br \/>Jeg ble alvorlig syk, og fremtiden ble t\u00f8ffere enn jeg noen gang hadde forestilt meg. <br \/>Jeg har aldri f\u00f8lt meg \"god\" nok. Bare fordi jeg ikke har v\u00e6rt i jobb og fordi jeg f\u00f8ler meg som en byrde i sammfunnet. <br \/>T\u00e5rene har rent mang en gang, Jeg har m\u00e5tte utlevere mitt liv mang en gang, bare for \u00e5 f\u00e5 den hjelpen jeg trengte. <br \/>En assistent jeg er helt avhengig av for \u00e5 f\u00e5 hverdagen til \u00e5 g\u00e5 rundt.<\/p><p>Jeg har kjempet, jeg har st\u00e5tt p\u00e5 og jeg har v\u00e6rt sterk. Jeg har st\u00e5tt p\u00e5 Prekestolen, Kjeragbolten og Trolltunga fordi jeg egentlig er et friluftsmenneske og elsker toppturer. Jeg har en fantastisk ektemann som ser at ogs\u00e5 jeg m\u00e5 bevare noe av Lena, selv om det f\u00f8rer til ukesvis med utmattelse, smerter og medisiner. Hverdagen er t\u00f8ff. Den handler om \u00e5 overleve med mist mulig smerter. Og jeg sliter med tankene mine innimellom. Er jeg god nok?<\/p><p>Det er vanskelig \u00e5 holde styr p\u00e5 alle tankene n\u00e5r kroppen er full av arr. Arr som jeg har valgt. Jeg har valgt PEG p\u00e5 magen. <br \/>Fordi jeg av \u00e5 til m\u00e5 velge, g\u00e5 p\u00e5 tur eller spise. Min kropp klarer ikke begge deler. Jeg valgte VAP p\u00e5 brytset, fordi intraven\u00f8st gir kroppen min litt mer energi. Jeg gj\u00f8r alt som st\u00e5r i min makt for \u00e5 oppleve noe livet kan by p\u00e5. Skape minner. <br \/>Men samtidig har det kostet. Livet er ikke lett. Vi mennesker er ikke skapt for \u00e5 sitte som ei pyntedokke i en stol.<\/p><p>Jeg h\u00e5per jeg i fremtiden klarer \u00e5 kjempe. Kjempe for de jeg er glad i. <br \/>Men i perioder sliter jeg med \u00e5 v\u00e6re sterk,- jeg er redd for fremtiden. <br \/>Jeg frykter fremtiden. <br \/><br \/>\u00c5 ta kontakt med Tom Erik, en fremmed mann, for \u00e5 sp\u00f8rre om han kunne tenke seg \u00e5 ta bilde av meg er det spr\u00f8este jeg har gjort. <br \/>Ta bilder jeg kan henge p\u00e5 veggen for \u00e5 se p\u00e5. Se ei sterk dame. Ei som kjemper. Ja, \"Kvinnen med arrene\". <br \/>Jeg er evig takknemlig over at min ukjente venn, valgte og bruke sin tid og sine ressurser p\u00e5 meg. <br \/>Uten \u00e5 kjenne meg. Jeg er bare evig takknemlig for de flotte bildene vi tok. Det var lett \u00e5 v\u00e6re svak ovenfor deg. <br \/>Du er fabelaktig bak det kameraet, med \u00f8ye for de sm\u00e5 detaljene\" <br \/>- Lena<\/p><\/blockquote><p>Portrettfoto er som en pardans,- her m\u00e5 begge gi og ta. Det handler om samspill og kommunikasjon for \u00e5 f\u00e5 fram de uttrykkene man \u00f8nsker. Det kan v\u00e6re et \u00f8yeblikk av gnist, et uttrykk, et glimt, en t\u00e5re. Som portrettfotograf m\u00e5 en ta styring, vise hva man skal gj\u00f8re. For \u00e5 v\u00e6re komfortabel m\u00e5 jeg v\u00e6re helt trygg p\u00e5 oppgaven. Lys og teknikk har jeg god kontroll p\u00e5, og i det siste har jeg jobbet mye med meg selv for \u00e5 bli tryggere p\u00e5 det menneskelige planet. Her skal jeg v\u00e6re den f\u00f8rste til \u00e5 innse at jeg har en lang vei \u00e5 g\u00e5.\u2028<br \/><br \/>For noen m\u00e5neder siden tok alts\u00e5 Lena kontakt. Det passet bra, for de n\u00e6rmeste rundt meg har mast lenge p\u00e5 at jeg snart m\u00e5 gj\u00f8re noen vanskelige prosjekter. Og for \u00e5 f\u00e5 til de portrettene slik Lena \u00f8nsket visste jeg at denne gangen m\u00e5tte jeg langt utenfor egen komfortsone. For Lena er syk, og vil ha bilder som oppsummerer hvem hun er og hva sykdommen har gjort med henne. Hun har v\u00e6rt syk i 20 \u00e5r. Hun er r\u00e5sterk, samtidig veldig svak. Inngrep med VAP - Venous Access Port p\u00e5 bryst og PEG - Perkutan Endoskopisk Gastrostomi sonde p\u00e5 magen har satt sine spor b\u00e5de mentalt og fysisk.<\/p>","_et_gb_content_width":"","footnotes":""},"categories":[64,91],"tags":[826,833,760],"class_list":["post-9849","post","type-post","status-publish","format-standard","has-post-thumbnail","hentry","category-fotoprosjekter","category-inspirasjon","tag-826","tag-prosjekt","tag-tom-erik-smedal","et-has-post-format-content","et_post_format-et-post-format-standard"],"yoast_head":"<!-- This site is optimized with the Yoast SEO plugin v27.5 - https:\/\/yoast.com\/product\/yoast-seo-wordpress\/ -->\n<title>Prosjekt: Jeg er ingenting. Tom Erik Smedal 2021 - NSFF Magasin | Norsk Selskap for Fotografi<\/title>\n<meta name=\"description\" content=\"Tom Erik Smedal forteller om et utfordrende fotooppdrag \u2013 utfordrende p\u00e5 det mellommenneskelige plan.\" \/>\n<meta name=\"robots\" content=\"index, follow, max-snippet:-1, max-image-preview:large, max-video-preview:-1\" \/>\n<link rel=\"canonical\" href=\"https:\/\/nsff.no\/magasinet\/2021\/10\/09\/prosjekt-jeg-er-ingenting-tom-erik-smedal-2021\/\" \/>\n<meta property=\"og:locale\" content=\"nb_NO\" \/>\n<meta property=\"og:type\" content=\"article\" \/>\n<meta property=\"og:title\" content=\"Prosjekt: Jeg er ingenting. Tom Erik Smedal 2021 - NSFF Magasin | Norsk Selskap for Fotografi\" \/>\n<meta property=\"og:description\" content=\"Tom Erik Smedal forteller om et utfordrende fotooppdrag \u2013 utfordrende p\u00e5 det mellommenneskelige plan.\" \/>\n<meta property=\"og:url\" content=\"https:\/\/nsff.no\/magasinet\/2021\/10\/09\/prosjekt-jeg-er-ingenting-tom-erik-smedal-2021\/\" \/>\n<meta property=\"og:site_name\" content=\"NSFF Magasin | Norsk Selskap for Fotografi\" \/>\n<meta property=\"article:published_time\" content=\"2021-10-09T16:20:46+00:00\" \/>\n<meta property=\"article:modified_time\" content=\"2021-10-09T16:25:28+00:00\" \/>\n<meta property=\"og:image\" content=\"https:\/\/nsff.no\/magasinet\/wp-content\/uploads\/sites\/2\/2021\/10\/Picture01322.jpg\" \/>\n\t<meta property=\"og:image:width\" content=\"1080\" \/>\n\t<meta property=\"og:image:height\" content=\"1080\" \/>\n\t<meta property=\"og:image:type\" content=\"image\/jpeg\" \/>\n<meta name=\"author\" content=\"Tom Erik Smedal\" \/>\n<meta name=\"twitter:card\" content=\"summary_large_image\" \/>\n<meta name=\"twitter:label1\" content=\"Skrevet av\" \/>\n\t<meta name=\"twitter:data1\" content=\"Tom Erik Smedal\" \/>\n\t<meta name=\"twitter:label2\" content=\"Ansl. lesetid\" \/>\n\t<meta name=\"twitter:data2\" content=\"6 minutter\" \/>\n<script type=\"application\/ld+json\" class=\"yoast-schema-graph\">{\"@context\":\"https:\\\/\\\/schema.org\",\"@graph\":[{\"@type\":\"Article\",\"@id\":\"https:\\\/\\\/nsff.no\\\/magasinet\\\/2021\\\/10\\\/09\\\/prosjekt-jeg-er-ingenting-tom-erik-smedal-2021\\\/#article\",\"isPartOf\":{\"@id\":\"https:\\\/\\\/nsff.no\\\/magasinet\\\/2021\\\/10\\\/09\\\/prosjekt-jeg-er-ingenting-tom-erik-smedal-2021\\\/\"},\"author\":{\"name\":\"Tom Erik Smedal\",\"@id\":\"https:\\\/\\\/nsff.no\\\/magasinet\\\/#\\\/schema\\\/person\\\/e62affce50d31d7da958cfc623de413a\"},\"headline\":\"Prosjekt: Jeg er ingenting. Tom Erik Smedal 2021\",\"datePublished\":\"2021-10-09T16:20:46+00:00\",\"dateModified\":\"2021-10-09T16:25:28+00:00\",\"mainEntityOfPage\":{\"@id\":\"https:\\\/\\\/nsff.no\\\/magasinet\\\/2021\\\/10\\\/09\\\/prosjekt-jeg-er-ingenting-tom-erik-smedal-2021\\\/\"},\"wordCount\":1486,\"commentCount\":0,\"publisher\":{\"@id\":\"https:\\\/\\\/nsff.no\\\/magasinet\\\/#organization\"},\"image\":{\"@id\":\"https:\\\/\\\/nsff.no\\\/magasinet\\\/2021\\\/10\\\/09\\\/prosjekt-jeg-er-ingenting-tom-erik-smedal-2021\\\/#primaryimage\"},\"thumbnailUrl\":\"https:\\\/\\\/nsff.no\\\/magasinet\\\/wp-content\\\/uploads\\\/sites\\\/2\\\/2021\\\/10\\\/Picture01196.jpg\",\"keywords\":[\"2021\",\"prosjekt\",\"Tom Erik Smedal\"],\"articleSection\":[\"Fotoprosjekter\",\"Inspirasjon\"],\"inLanguage\":\"nb-NO\",\"potentialAction\":[{\"@type\":\"CommentAction\",\"name\":\"Comment\",\"target\":[\"https:\\\/\\\/nsff.no\\\/magasinet\\\/2021\\\/10\\\/09\\\/prosjekt-jeg-er-ingenting-tom-erik-smedal-2021\\\/#respond\"]}]},{\"@type\":\"WebPage\",\"@id\":\"https:\\\/\\\/nsff.no\\\/magasinet\\\/2021\\\/10\\\/09\\\/prosjekt-jeg-er-ingenting-tom-erik-smedal-2021\\\/\",\"url\":\"https:\\\/\\\/nsff.no\\\/magasinet\\\/2021\\\/10\\\/09\\\/prosjekt-jeg-er-ingenting-tom-erik-smedal-2021\\\/\",\"name\":\"Prosjekt: Jeg er ingenting. Tom Erik Smedal 2021 - NSFF Magasin | Norsk Selskap for Fotografi\",\"isPartOf\":{\"@id\":\"https:\\\/\\\/nsff.no\\\/magasinet\\\/#website\"},\"primaryImageOfPage\":{\"@id\":\"https:\\\/\\\/nsff.no\\\/magasinet\\\/2021\\\/10\\\/09\\\/prosjekt-jeg-er-ingenting-tom-erik-smedal-2021\\\/#primaryimage\"},\"image\":{\"@id\":\"https:\\\/\\\/nsff.no\\\/magasinet\\\/2021\\\/10\\\/09\\\/prosjekt-jeg-er-ingenting-tom-erik-smedal-2021\\\/#primaryimage\"},\"thumbnailUrl\":\"https:\\\/\\\/nsff.no\\\/magasinet\\\/wp-content\\\/uploads\\\/sites\\\/2\\\/2021\\\/10\\\/Picture01196.jpg\",\"datePublished\":\"2021-10-09T16:20:46+00:00\",\"dateModified\":\"2021-10-09T16:25:28+00:00\",\"description\":\"Tom Erik Smedal forteller om et utfordrende fotooppdrag \u2013 utfordrende p\u00e5 det mellommenneskelige plan.\",\"breadcrumb\":{\"@id\":\"https:\\\/\\\/nsff.no\\\/magasinet\\\/2021\\\/10\\\/09\\\/prosjekt-jeg-er-ingenting-tom-erik-smedal-2021\\\/#breadcrumb\"},\"inLanguage\":\"nb-NO\",\"potentialAction\":[{\"@type\":\"ReadAction\",\"target\":[\"https:\\\/\\\/nsff.no\\\/magasinet\\\/2021\\\/10\\\/09\\\/prosjekt-jeg-er-ingenting-tom-erik-smedal-2021\\\/\"]}]},{\"@type\":\"ImageObject\",\"inLanguage\":\"nb-NO\",\"@id\":\"https:\\\/\\\/nsff.no\\\/magasinet\\\/2021\\\/10\\\/09\\\/prosjekt-jeg-er-ingenting-tom-erik-smedal-2021\\\/#primaryimage\",\"url\":\"https:\\\/\\\/nsff.no\\\/magasinet\\\/wp-content\\\/uploads\\\/sites\\\/2\\\/2021\\\/10\\\/Picture01196.jpg\",\"contentUrl\":\"https:\\\/\\\/nsff.no\\\/magasinet\\\/wp-content\\\/uploads\\\/sites\\\/2\\\/2021\\\/10\\\/Picture01196.jpg\",\"width\":1080,\"height\":1080,\"caption\":\"Jeg f\u00f8ler meg s\u00e5 liten. Til overs. Og spesiell. Spesiell p\u00e5 en vond m\u00e5te. Fordi jeg ikke jobber! Kroppen min er syk. Jeg klarer ikke \u00e5 jobbe. Og da er jeg langt fra normal.\"},{\"@type\":\"BreadcrumbList\",\"@id\":\"https:\\\/\\\/nsff.no\\\/magasinet\\\/2021\\\/10\\\/09\\\/prosjekt-jeg-er-ingenting-tom-erik-smedal-2021\\\/#breadcrumb\",\"itemListElement\":[{\"@type\":\"ListItem\",\"position\":1,\"name\":\"Hjem\",\"item\":\"https:\\\/\\\/nsff.no\\\/magasinet\\\/\"},{\"@type\":\"ListItem\",\"position\":2,\"name\":\"Prosjekt: Jeg er ingenting. Tom Erik Smedal 2021\"}]},{\"@type\":\"WebSite\",\"@id\":\"https:\\\/\\\/nsff.no\\\/magasinet\\\/#website\",\"url\":\"https:\\\/\\\/nsff.no\\\/magasinet\\\/\",\"name\":\"NSFF Magasin | Norsk Selskap for Fotografi\",\"description\":\"Medlemsmagasin for film- og fotoentusiaster\",\"publisher\":{\"@id\":\"https:\\\/\\\/nsff.no\\\/magasinet\\\/#organization\"},\"potentialAction\":[{\"@type\":\"SearchAction\",\"target\":{\"@type\":\"EntryPoint\",\"urlTemplate\":\"https:\\\/\\\/nsff.no\\\/magasinet\\\/?s={search_term_string}\"},\"query-input\":{\"@type\":\"PropertyValueSpecification\",\"valueRequired\":true,\"valueName\":\"search_term_string\"}}],\"inLanguage\":\"nb-NO\"},{\"@type\":\"Organization\",\"@id\":\"https:\\\/\\\/nsff.no\\\/magasinet\\\/#organization\",\"name\":\"Norsk Selskap for Fotografo\",\"url\":\"https:\\\/\\\/nsff.no\\\/magasinet\\\/\",\"logo\":{\"@type\":\"ImageObject\",\"inLanguage\":\"nb-NO\",\"@id\":\"https:\\\/\\\/nsff.no\\\/magasinet\\\/#\\\/schema\\\/logo\\\/image\\\/\",\"url\":\"https:\\\/\\\/nsff.no\\\/magasinet\\\/wp-content\\\/uploads\\\/sites\\\/2\\\/2016\\\/05\\\/NSFF-fb-lenkebilde.png\",\"contentUrl\":\"https:\\\/\\\/nsff.no\\\/magasinet\\\/wp-content\\\/uploads\\\/sites\\\/2\\\/2016\\\/05\\\/NSFF-fb-lenkebilde.png\",\"width\":1,\"height\":1,\"caption\":\"Norsk Selskap for Fotografo\"},\"image\":{\"@id\":\"https:\\\/\\\/nsff.no\\\/magasinet\\\/#\\\/schema\\\/logo\\\/image\\\/\"}},{\"@type\":\"Person\",\"@id\":\"https:\\\/\\\/nsff.no\\\/magasinet\\\/#\\\/schema\\\/person\\\/e62affce50d31d7da958cfc623de413a\",\"name\":\"Tom Erik Smedal\",\"image\":{\"@type\":\"ImageObject\",\"inLanguage\":\"nb-NO\",\"@id\":\"https:\\\/\\\/secure.gravatar.com\\\/avatar\\\/c27f597cd5ad64707f868638ec17f066d378d4b6a06368cd65b83baeb361b137?s=96&d=mm&r=g\",\"url\":\"https:\\\/\\\/secure.gravatar.com\\\/avatar\\\/c27f597cd5ad64707f868638ec17f066d378d4b6a06368cd65b83baeb361b137?s=96&d=mm&r=g\",\"contentUrl\":\"https:\\\/\\\/secure.gravatar.com\\\/avatar\\\/c27f597cd5ad64707f868638ec17f066d378d4b6a06368cd65b83baeb361b137?s=96&d=mm&r=g\",\"caption\":\"Tom Erik Smedal\"},\"description\":\"ENSFF, AFIAP, NSMiF\\\/b. Medlem i Fotosalongen.\",\"sameAs\":[\"https:\\\/\\\/tomeriksmedal.no\"],\"url\":\"https:\\\/\\\/nsff.no\\\/magasinet\\\/author\\\/tesmedal\\\/\"}]}<\/script>\n<!-- \/ Yoast SEO plugin. -->","yoast_head_json":{"title":"Prosjekt: Jeg er ingenting. Tom Erik Smedal 2021 - NSFF Magasin | Norsk Selskap for Fotografi","description":"Tom Erik Smedal forteller om et utfordrende fotooppdrag \u2013 utfordrende p\u00e5 det mellommenneskelige plan.","robots":{"index":"index","follow":"follow","max-snippet":"max-snippet:-1","max-image-preview":"max-image-preview:large","max-video-preview":"max-video-preview:-1"},"canonical":"https:\/\/nsff.no\/magasinet\/2021\/10\/09\/prosjekt-jeg-er-ingenting-tom-erik-smedal-2021\/","og_locale":"nb_NO","og_type":"article","og_title":"Prosjekt: Jeg er ingenting. Tom Erik Smedal 2021 - NSFF Magasin | Norsk Selskap for Fotografi","og_description":"Tom Erik Smedal forteller om et utfordrende fotooppdrag \u2013 utfordrende p\u00e5 det mellommenneskelige plan.","og_url":"https:\/\/nsff.no\/magasinet\/2021\/10\/09\/prosjekt-jeg-er-ingenting-tom-erik-smedal-2021\/","og_site_name":"NSFF Magasin | Norsk Selskap for Fotografi","article_published_time":"2021-10-09T16:20:46+00:00","article_modified_time":"2021-10-09T16:25:28+00:00","og_image":[{"width":1080,"height":1080,"url":"https:\/\/nsff.no\/magasinet\/wp-content\/uploads\/sites\/2\/2021\/10\/Picture01322.jpg","type":"image\/jpeg"}],"author":"Tom Erik Smedal","twitter_card":"summary_large_image","twitter_misc":{"Skrevet av":"Tom Erik Smedal","Ansl. lesetid":"6 minutter"},"schema":{"@context":"https:\/\/schema.org","@graph":[{"@type":"Article","@id":"https:\/\/nsff.no\/magasinet\/2021\/10\/09\/prosjekt-jeg-er-ingenting-tom-erik-smedal-2021\/#article","isPartOf":{"@id":"https:\/\/nsff.no\/magasinet\/2021\/10\/09\/prosjekt-jeg-er-ingenting-tom-erik-smedal-2021\/"},"author":{"name":"Tom Erik Smedal","@id":"https:\/\/nsff.no\/magasinet\/#\/schema\/person\/e62affce50d31d7da958cfc623de413a"},"headline":"Prosjekt: Jeg er ingenting. Tom Erik Smedal 2021","datePublished":"2021-10-09T16:20:46+00:00","dateModified":"2021-10-09T16:25:28+00:00","mainEntityOfPage":{"@id":"https:\/\/nsff.no\/magasinet\/2021\/10\/09\/prosjekt-jeg-er-ingenting-tom-erik-smedal-2021\/"},"wordCount":1486,"commentCount":0,"publisher":{"@id":"https:\/\/nsff.no\/magasinet\/#organization"},"image":{"@id":"https:\/\/nsff.no\/magasinet\/2021\/10\/09\/prosjekt-jeg-er-ingenting-tom-erik-smedal-2021\/#primaryimage"},"thumbnailUrl":"https:\/\/nsff.no\/magasinet\/wp-content\/uploads\/sites\/2\/2021\/10\/Picture01196.jpg","keywords":["2021","prosjekt","Tom Erik Smedal"],"articleSection":["Fotoprosjekter","Inspirasjon"],"inLanguage":"nb-NO","potentialAction":[{"@type":"CommentAction","name":"Comment","target":["https:\/\/nsff.no\/magasinet\/2021\/10\/09\/prosjekt-jeg-er-ingenting-tom-erik-smedal-2021\/#respond"]}]},{"@type":"WebPage","@id":"https:\/\/nsff.no\/magasinet\/2021\/10\/09\/prosjekt-jeg-er-ingenting-tom-erik-smedal-2021\/","url":"https:\/\/nsff.no\/magasinet\/2021\/10\/09\/prosjekt-jeg-er-ingenting-tom-erik-smedal-2021\/","name":"Prosjekt: Jeg er ingenting. Tom Erik Smedal 2021 - NSFF Magasin | Norsk Selskap for Fotografi","isPartOf":{"@id":"https:\/\/nsff.no\/magasinet\/#website"},"primaryImageOfPage":{"@id":"https:\/\/nsff.no\/magasinet\/2021\/10\/09\/prosjekt-jeg-er-ingenting-tom-erik-smedal-2021\/#primaryimage"},"image":{"@id":"https:\/\/nsff.no\/magasinet\/2021\/10\/09\/prosjekt-jeg-er-ingenting-tom-erik-smedal-2021\/#primaryimage"},"thumbnailUrl":"https:\/\/nsff.no\/magasinet\/wp-content\/uploads\/sites\/2\/2021\/10\/Picture01196.jpg","datePublished":"2021-10-09T16:20:46+00:00","dateModified":"2021-10-09T16:25:28+00:00","description":"Tom Erik Smedal forteller om et utfordrende fotooppdrag \u2013 utfordrende p\u00e5 det mellommenneskelige plan.","breadcrumb":{"@id":"https:\/\/nsff.no\/magasinet\/2021\/10\/09\/prosjekt-jeg-er-ingenting-tom-erik-smedal-2021\/#breadcrumb"},"inLanguage":"nb-NO","potentialAction":[{"@type":"ReadAction","target":["https:\/\/nsff.no\/magasinet\/2021\/10\/09\/prosjekt-jeg-er-ingenting-tom-erik-smedal-2021\/"]}]},{"@type":"ImageObject","inLanguage":"nb-NO","@id":"https:\/\/nsff.no\/magasinet\/2021\/10\/09\/prosjekt-jeg-er-ingenting-tom-erik-smedal-2021\/#primaryimage","url":"https:\/\/nsff.no\/magasinet\/wp-content\/uploads\/sites\/2\/2021\/10\/Picture01196.jpg","contentUrl":"https:\/\/nsff.no\/magasinet\/wp-content\/uploads\/sites\/2\/2021\/10\/Picture01196.jpg","width":1080,"height":1080,"caption":"Jeg f\u00f8ler meg s\u00e5 liten. Til overs. Og spesiell. Spesiell p\u00e5 en vond m\u00e5te. Fordi jeg ikke jobber! Kroppen min er syk. Jeg klarer ikke \u00e5 jobbe. Og da er jeg langt fra normal."},{"@type":"BreadcrumbList","@id":"https:\/\/nsff.no\/magasinet\/2021\/10\/09\/prosjekt-jeg-er-ingenting-tom-erik-smedal-2021\/#breadcrumb","itemListElement":[{"@type":"ListItem","position":1,"name":"Hjem","item":"https:\/\/nsff.no\/magasinet\/"},{"@type":"ListItem","position":2,"name":"Prosjekt: Jeg er ingenting. Tom Erik Smedal 2021"}]},{"@type":"WebSite","@id":"https:\/\/nsff.no\/magasinet\/#website","url":"https:\/\/nsff.no\/magasinet\/","name":"NSFF Magasin | Norsk Selskap for Fotografi","description":"Medlemsmagasin for film- og fotoentusiaster","publisher":{"@id":"https:\/\/nsff.no\/magasinet\/#organization"},"potentialAction":[{"@type":"SearchAction","target":{"@type":"EntryPoint","urlTemplate":"https:\/\/nsff.no\/magasinet\/?s={search_term_string}"},"query-input":{"@type":"PropertyValueSpecification","valueRequired":true,"valueName":"search_term_string"}}],"inLanguage":"nb-NO"},{"@type":"Organization","@id":"https:\/\/nsff.no\/magasinet\/#organization","name":"Norsk Selskap for Fotografo","url":"https:\/\/nsff.no\/magasinet\/","logo":{"@type":"ImageObject","inLanguage":"nb-NO","@id":"https:\/\/nsff.no\/magasinet\/#\/schema\/logo\/image\/","url":"https:\/\/nsff.no\/magasinet\/wp-content\/uploads\/sites\/2\/2016\/05\/NSFF-fb-lenkebilde.png","contentUrl":"https:\/\/nsff.no\/magasinet\/wp-content\/uploads\/sites\/2\/2016\/05\/NSFF-fb-lenkebilde.png","width":1,"height":1,"caption":"Norsk Selskap for Fotografo"},"image":{"@id":"https:\/\/nsff.no\/magasinet\/#\/schema\/logo\/image\/"}},{"@type":"Person","@id":"https:\/\/nsff.no\/magasinet\/#\/schema\/person\/e62affce50d31d7da958cfc623de413a","name":"Tom Erik Smedal","image":{"@type":"ImageObject","inLanguage":"nb-NO","@id":"https:\/\/secure.gravatar.com\/avatar\/c27f597cd5ad64707f868638ec17f066d378d4b6a06368cd65b83baeb361b137?s=96&d=mm&r=g","url":"https:\/\/secure.gravatar.com\/avatar\/c27f597cd5ad64707f868638ec17f066d378d4b6a06368cd65b83baeb361b137?s=96&d=mm&r=g","contentUrl":"https:\/\/secure.gravatar.com\/avatar\/c27f597cd5ad64707f868638ec17f066d378d4b6a06368cd65b83baeb361b137?s=96&d=mm&r=g","caption":"Tom Erik Smedal"},"description":"ENSFF, AFIAP, NSMiF\/b. Medlem i Fotosalongen.","sameAs":["https:\/\/tomeriksmedal.no"],"url":"https:\/\/nsff.no\/magasinet\/author\/tesmedal\/"}]}},"_links":{"self":[{"href":"https:\/\/nsff.no\/magasinet\/wp-json\/wp\/v2\/posts\/9849","targetHints":{"allow":["GET"]}}],"collection":[{"href":"https:\/\/nsff.no\/magasinet\/wp-json\/wp\/v2\/posts"}],"about":[{"href":"https:\/\/nsff.no\/magasinet\/wp-json\/wp\/v2\/types\/post"}],"author":[{"embeddable":true,"href":"https:\/\/nsff.no\/magasinet\/wp-json\/wp\/v2\/users\/83"}],"replies":[{"embeddable":true,"href":"https:\/\/nsff.no\/magasinet\/wp-json\/wp\/v2\/comments?post=9849"}],"version-history":[{"count":10,"href":"https:\/\/nsff.no\/magasinet\/wp-json\/wp\/v2\/posts\/9849\/revisions"}],"predecessor-version":[{"id":9868,"href":"https:\/\/nsff.no\/magasinet\/wp-json\/wp\/v2\/posts\/9849\/revisions\/9868"}],"wp:featuredmedia":[{"embeddable":true,"href":"https:\/\/nsff.no\/magasinet\/wp-json\/wp\/v2\/media\/9852"}],"wp:attachment":[{"href":"https:\/\/nsff.no\/magasinet\/wp-json\/wp\/v2\/media?parent=9849"}],"wp:term":[{"taxonomy":"category","embeddable":true,"href":"https:\/\/nsff.no\/magasinet\/wp-json\/wp\/v2\/categories?post=9849"},{"taxonomy":"post_tag","embeddable":true,"href":"https:\/\/nsff.no\/magasinet\/wp-json\/wp\/v2\/tags?post=9849"}],"curies":[{"name":"wp","href":"https:\/\/api.w.org\/{rel}","templated":true}]}}