{"id":9825,"date":"2021-06-16T16:43:11","date_gmt":"2021-06-16T14:43:11","guid":{"rendered":"https:\/\/nsff.no\/magasinet\/?p=9825"},"modified":"2022-03-27T12:08:34","modified_gmt":"2022-03-27T10:08:34","slug":"forste-aeresmedlem-i-arendal-fotoklubb","status":"publish","type":"post","link":"https:\/\/nsff.no\/magasinet\/2021\/06\/16\/forste-aeresmedlem-i-arendal-fotoklubb\/","title":{"rendered":"F\u00f8rste \u00e6resmedlem i Arendal fotoklubb"},"content":{"rendered":"<p><strong>Tom Erik Smedal er utnevnt til Arendal Fotoklubb sitt f\u00f8rste \u00e6resmedlem.<\/strong><\/p>\n<p>Tom Erik har over lang tid:<\/p>\n<ul>\n<li>bidratt til kompetanseheving for klubben medlemmer<\/li>\n<li>tatt initiativ til aktiviteter for klubbens medlemmer<\/li>\n<li>brukt av egen fritid til fordel for klubbens medlemmer<\/li>\n<li>frontet Arendal Fotoklubb sitt navn utad<\/li>\n<li>vist vei for og inspirert klubbens medlemmer gjennom h\u00f8ye\u00a0utmerkelser i nasjonale og internasjonale fotokonkurranser<\/li>\n<\/ul>\n<p>P\u00e5 bildet overrekker leder Helge Aker (til h\u00f8yre) \u00e6resmedlem Tom Erik Smedal pokal og diplom. NSFF gratulerer!<\/p>\n","protected":false},"excerpt":{"rendered":"<p>Tom Erik Smedal er utnevnt til Arendal Fotoklubb sitt f\u00f8rste \u00e6resmedlem.<\/p>\n","protected":false},"author":89,"featured_media":9826,"comment_status":"open","ping_status":"open","sticky":false,"template":"","format":"standard","meta":{"_et_pb_use_builder":"","_et_pb_old_content":"","_et_gb_content_width":"","footnotes":""},"categories":[17,90],"tags":[826,280,101,760],"class_list":["post-9825","post","type-post","status-publish","format-standard","has-post-thumbnail","hentry","category-medlemmer","category-presentasjoner","tag-826","tag-arendal-fotoklubb","tag-aeresmedlem","tag-tom-erik-smedal","et-has-post-format-content","et_post_format-et-post-format-standard"],"yoast_head":"<!-- This site is optimized with the Yoast SEO plugin v27.5 - https:\/\/yoast.com\/product\/yoast-seo-wordpress\/ -->\n<title>F\u00f8rste \u00e6resmedlem i Arendal fotoklubb - NSFF Magasin | Norsk Selskap for Fotografi<\/title>\n<meta name=\"description\" content=\"Tom Erik Smedal er utnevnt til Arendal Fotoklubb sitt f\u00f8rste \u00e6resmedlem.\" \/>\n<meta name=\"robots\" content=\"index, follow, max-snippet:-1, max-image-preview:large, max-video-preview:-1\" \/>\n<link rel=\"canonical\" href=\"https:\/\/nsff.no\/magasinet\/2021\/06\/16\/forste-aeresmedlem-i-arendal-fotoklubb\/\" \/>\n<meta property=\"og:locale\" content=\"nb_NO\" \/>\n<meta property=\"og:type\" content=\"article\" \/>\n<meta property=\"og:title\" content=\"F\u00f8rste \u00e6resmedlem i Arendal fotoklubb - NSFF Magasin | Norsk Selskap for Fotografi\" \/>\n<meta property=\"og:description\" content=\"Tom Erik Smedal er utnevnt til Arendal Fotoklubb sitt f\u00f8rste \u00e6resmedlem.\" \/>\n<meta property=\"og:url\" content=\"https:\/\/nsff.no\/magasinet\/2021\/06\/16\/forste-aeresmedlem-i-arendal-fotoklubb\/\" \/>\n<meta property=\"og:site_name\" content=\"NSFF Magasin | Norsk Selskap for Fotografi\" \/>\n<meta property=\"article:published_time\" content=\"2021-06-16T14:43:11+00:00\" \/>\n<meta property=\"article:modified_time\" content=\"2022-03-27T10:08:34+00:00\" \/>\n<meta property=\"og:image\" content=\"https:\/\/nsff.no\/magasinet\/wp-content\/uploads\/sites\/2\/2021\/06\/smedal_aeresmedlem.png\" \/>\n\t<meta property=\"og:image:width\" content=\"904\" \/>\n\t<meta property=\"og:image:height\" content=\"598\" \/>\n\t<meta property=\"og:image:type\" content=\"image\/png\" \/>\n<meta name=\"author\" content=\"Leif Andersen\" \/>\n<meta name=\"twitter:card\" content=\"summary_large_image\" \/>\n<meta name=\"twitter:label1\" content=\"Skrevet av\" \/>\n\t<meta name=\"twitter:data1\" content=\"Leif Andersen\" \/>\n\t<meta name=\"twitter:label2\" content=\"Ansl. lesetid\" \/>\n\t<meta name=\"twitter:data2\" content=\"1 minutt\" \/>\n<script type=\"application\/ld+json\" class=\"yoast-schema-graph\">{\"@context\":\"https:\\\/\\\/schema.org\",\"@graph\":[{\"@type\":\"Article\",\"@id\":\"https:\\\/\\\/nsff.no\\\/magasinet\\\/2021\\\/06\\\/16\\\/forste-aeresmedlem-i-arendal-fotoklubb\\\/#article\",\"isPartOf\":{\"@id\":\"https:\\\/\\\/nsff.no\\\/magasinet\\\/2021\\\/06\\\/16\\\/forste-aeresmedlem-i-arendal-fotoklubb\\\/\"},\"author\":{\"name\":\"Leif Andersen\",\"@id\":\"https:\\\/\\\/nsff.no\\\/magasinet\\\/#\\\/schema\\\/person\\\/218d91e6fea9296eb379a67c44bde9c5\"},\"headline\":\"F\u00f8rste \u00e6resmedlem i Arendal fotoklubb\",\"datePublished\":\"2021-06-16T14:43:11+00:00\",\"dateModified\":\"2022-03-27T10:08:34+00:00\",\"mainEntityOfPage\":{\"@id\":\"https:\\\/\\\/nsff.no\\\/magasinet\\\/2021\\\/06\\\/16\\\/forste-aeresmedlem-i-arendal-fotoklubb\\\/\"},\"wordCount\":86,\"commentCount\":0,\"publisher\":{\"@id\":\"https:\\\/\\\/nsff.no\\\/magasinet\\\/#organization\"},\"image\":{\"@id\":\"https:\\\/\\\/nsff.no\\\/magasinet\\\/2021\\\/06\\\/16\\\/forste-aeresmedlem-i-arendal-fotoklubb\\\/#primaryimage\"},\"thumbnailUrl\":\"https:\\\/\\\/nsff.no\\\/magasinet\\\/wp-content\\\/uploads\\\/sites\\\/2\\\/2021\\\/06\\\/smedal_aeresmedlem.png\",\"keywords\":[\"2021\",\"Arendal fotoklubb\",\"\u00e6resmedlem\",\"Tom Erik Smedal\"],\"articleSection\":[\"Medlemmer\",\"Presentasjoner\"],\"inLanguage\":\"nb-NO\",\"potentialAction\":[{\"@type\":\"CommentAction\",\"name\":\"Comment\",\"target\":[\"https:\\\/\\\/nsff.no\\\/magasinet\\\/2021\\\/06\\\/16\\\/forste-aeresmedlem-i-arendal-fotoklubb\\\/#respond\"]}]},{\"@type\":\"WebPage\",\"@id\":\"https:\\\/\\\/nsff.no\\\/magasinet\\\/2021\\\/06\\\/16\\\/forste-aeresmedlem-i-arendal-fotoklubb\\\/\",\"url\":\"https:\\\/\\\/nsff.no\\\/magasinet\\\/2021\\\/06\\\/16\\\/forste-aeresmedlem-i-arendal-fotoklubb\\\/\",\"name\":\"F\u00f8rste \u00e6resmedlem i Arendal fotoklubb - NSFF Magasin | Norsk Selskap for Fotografi\",\"isPartOf\":{\"@id\":\"https:\\\/\\\/nsff.no\\\/magasinet\\\/#website\"},\"primaryImageOfPage\":{\"@id\":\"https:\\\/\\\/nsff.no\\\/magasinet\\\/2021\\\/06\\\/16\\\/forste-aeresmedlem-i-arendal-fotoklubb\\\/#primaryimage\"},\"image\":{\"@id\":\"https:\\\/\\\/nsff.no\\\/magasinet\\\/2021\\\/06\\\/16\\\/forste-aeresmedlem-i-arendal-fotoklubb\\\/#primaryimage\"},\"thumbnailUrl\":\"https:\\\/\\\/nsff.no\\\/magasinet\\\/wp-content\\\/uploads\\\/sites\\\/2\\\/2021\\\/06\\\/smedal_aeresmedlem.png\",\"datePublished\":\"2021-06-16T14:43:11+00:00\",\"dateModified\":\"2022-03-27T10:08:34+00:00\",\"description\":\"Tom Erik Smedal er utnevnt til Arendal Fotoklubb sitt f\u00f8rste \u00e6resmedlem.\",\"breadcrumb\":{\"@id\":\"https:\\\/\\\/nsff.no\\\/magasinet\\\/2021\\\/06\\\/16\\\/forste-aeresmedlem-i-arendal-fotoklubb\\\/#breadcrumb\"},\"inLanguage\":\"nb-NO\",\"potentialAction\":[{\"@type\":\"ReadAction\",\"target\":[\"https:\\\/\\\/nsff.no\\\/magasinet\\\/2021\\\/06\\\/16\\\/forste-aeresmedlem-i-arendal-fotoklubb\\\/\"]}]},{\"@type\":\"ImageObject\",\"inLanguage\":\"nb-NO\",\"@id\":\"https:\\\/\\\/nsff.no\\\/magasinet\\\/2021\\\/06\\\/16\\\/forste-aeresmedlem-i-arendal-fotoklubb\\\/#primaryimage\",\"url\":\"https:\\\/\\\/nsff.no\\\/magasinet\\\/wp-content\\\/uploads\\\/sites\\\/2\\\/2021\\\/06\\\/smedal_aeresmedlem.png\",\"contentUrl\":\"https:\\\/\\\/nsff.no\\\/magasinet\\\/wp-content\\\/uploads\\\/sites\\\/2\\\/2021\\\/06\\\/smedal_aeresmedlem.png\",\"width\":904,\"height\":598,\"caption\":\"Tom Erik Smedal \u00e6resmedlem\"},{\"@type\":\"BreadcrumbList\",\"@id\":\"https:\\\/\\\/nsff.no\\\/magasinet\\\/2021\\\/06\\\/16\\\/forste-aeresmedlem-i-arendal-fotoklubb\\\/#breadcrumb\",\"itemListElement\":[{\"@type\":\"ListItem\",\"position\":1,\"name\":\"Hjem\",\"item\":\"https:\\\/\\\/nsff.no\\\/magasinet\\\/\"},{\"@type\":\"ListItem\",\"position\":2,\"name\":\"F\u00f8rste \u00e6resmedlem i Arendal fotoklubb\"}]},{\"@type\":\"WebSite\",\"@id\":\"https:\\\/\\\/nsff.no\\\/magasinet\\\/#website\",\"url\":\"https:\\\/\\\/nsff.no\\\/magasinet\\\/\",\"name\":\"NSFF Magasin | Norsk Selskap for Fotografi\",\"description\":\"Medlemsmagasin for film- og fotoentusiaster\",\"publisher\":{\"@id\":\"https:\\\/\\\/nsff.no\\\/magasinet\\\/#organization\"},\"potentialAction\":[{\"@type\":\"SearchAction\",\"target\":{\"@type\":\"EntryPoint\",\"urlTemplate\":\"https:\\\/\\\/nsff.no\\\/magasinet\\\/?s={search_term_string}\"},\"query-input\":{\"@type\":\"PropertyValueSpecification\",\"valueRequired\":true,\"valueName\":\"search_term_string\"}}],\"inLanguage\":\"nb-NO\"},{\"@type\":\"Organization\",\"@id\":\"https:\\\/\\\/nsff.no\\\/magasinet\\\/#organization\",\"name\":\"Norsk Selskap for Fotografo\",\"url\":\"https:\\\/\\\/nsff.no\\\/magasinet\\\/\",\"logo\":{\"@type\":\"ImageObject\",\"inLanguage\":\"nb-NO\",\"@id\":\"https:\\\/\\\/nsff.no\\\/magasinet\\\/#\\\/schema\\\/logo\\\/image\\\/\",\"url\":\"https:\\\/\\\/nsff.no\\\/magasinet\\\/wp-content\\\/uploads\\\/sites\\\/2\\\/2016\\\/05\\\/NSFF-fb-lenkebilde.png\",\"contentUrl\":\"https:\\\/\\\/nsff.no\\\/magasinet\\\/wp-content\\\/uploads\\\/sites\\\/2\\\/2016\\\/05\\\/NSFF-fb-lenkebilde.png\",\"width\":1,\"height\":1,\"caption\":\"Norsk Selskap for Fotografo\"},\"image\":{\"@id\":\"https:\\\/\\\/nsff.no\\\/magasinet\\\/#\\\/schema\\\/logo\\\/image\\\/\"}},{\"@type\":\"Person\",\"@id\":\"https:\\\/\\\/nsff.no\\\/magasinet\\\/#\\\/schema\\\/person\\\/218d91e6fea9296eb379a67c44bde9c5\",\"name\":\"Leif Andersen\",\"image\":{\"@type\":\"ImageObject\",\"inLanguage\":\"nb-NO\",\"@id\":\"https:\\\/\\\/secure.gravatar.com\\\/avatar\\\/2ad17ff3a583818af4a93179bfe52c058b5c2b5532382d176ca40688df70994a?s=96&d=mm&r=g\",\"url\":\"https:\\\/\\\/secure.gravatar.com\\\/avatar\\\/2ad17ff3a583818af4a93179bfe52c058b5c2b5532382d176ca40688df70994a?s=96&d=mm&r=g\",\"contentUrl\":\"https:\\\/\\\/secure.gravatar.com\\\/avatar\\\/2ad17ff3a583818af4a93179bfe52c058b5c2b5532382d176ca40688df70994a?s=96&d=mm&r=g\",\"caption\":\"Leif Andersen\"},\"description\":\"Medlem i Fotosalongen\",\"url\":\"https:\\\/\\\/nsff.no\\\/magasinet\\\/author\\\/leifand\\\/\"}]}<\/script>\n<!-- \/ Yoast SEO plugin. -->","yoast_head_json":{"title":"F\u00f8rste \u00e6resmedlem i Arendal fotoklubb - NSFF Magasin | Norsk Selskap for Fotografi","description":"Tom Erik Smedal er utnevnt til Arendal Fotoklubb sitt f\u00f8rste \u00e6resmedlem.","robots":{"index":"index","follow":"follow","max-snippet":"max-snippet:-1","max-image-preview":"max-image-preview:large","max-video-preview":"max-video-preview:-1"},"canonical":"https:\/\/nsff.no\/magasinet\/2021\/06\/16\/forste-aeresmedlem-i-arendal-fotoklubb\/","og_locale":"nb_NO","og_type":"article","og_title":"F\u00f8rste \u00e6resmedlem i Arendal fotoklubb - NSFF Magasin | Norsk Selskap for Fotografi","og_description":"Tom Erik Smedal er utnevnt til Arendal Fotoklubb sitt f\u00f8rste \u00e6resmedlem.","og_url":"https:\/\/nsff.no\/magasinet\/2021\/06\/16\/forste-aeresmedlem-i-arendal-fotoklubb\/","og_site_name":"NSFF Magasin | Norsk Selskap for Fotografi","article_published_time":"2021-06-16T14:43:11+00:00","article_modified_time":"2022-03-27T10:08:34+00:00","og_image":[{"width":904,"height":598,"url":"https:\/\/nsff.no\/magasinet\/wp-content\/uploads\/sites\/2\/2021\/06\/smedal_aeresmedlem.png","type":"image\/png"}],"author":"Leif Andersen","twitter_card":"summary_large_image","twitter_misc":{"Skrevet av":"Leif Andersen","Ansl. lesetid":"1 minutt"},"schema":{"@context":"https:\/\/schema.org","@graph":[{"@type":"Article","@id":"https:\/\/nsff.no\/magasinet\/2021\/06\/16\/forste-aeresmedlem-i-arendal-fotoklubb\/#article","isPartOf":{"@id":"https:\/\/nsff.no\/magasinet\/2021\/06\/16\/forste-aeresmedlem-i-arendal-fotoklubb\/"},"author":{"name":"Leif Andersen","@id":"https:\/\/nsff.no\/magasinet\/#\/schema\/person\/218d91e6fea9296eb379a67c44bde9c5"},"headline":"F\u00f8rste \u00e6resmedlem i Arendal fotoklubb","datePublished":"2021-06-16T14:43:11+00:00","dateModified":"2022-03-27T10:08:34+00:00","mainEntityOfPage":{"@id":"https:\/\/nsff.no\/magasinet\/2021\/06\/16\/forste-aeresmedlem-i-arendal-fotoklubb\/"},"wordCount":86,"commentCount":0,"publisher":{"@id":"https:\/\/nsff.no\/magasinet\/#organization"},"image":{"@id":"https:\/\/nsff.no\/magasinet\/2021\/06\/16\/forste-aeresmedlem-i-arendal-fotoklubb\/#primaryimage"},"thumbnailUrl":"https:\/\/nsff.no\/magasinet\/wp-content\/uploads\/sites\/2\/2021\/06\/smedal_aeresmedlem.png","keywords":["2021","Arendal fotoklubb","\u00e6resmedlem","Tom Erik Smedal"],"articleSection":["Medlemmer","Presentasjoner"],"inLanguage":"nb-NO","potentialAction":[{"@type":"CommentAction","name":"Comment","target":["https:\/\/nsff.no\/magasinet\/2021\/06\/16\/forste-aeresmedlem-i-arendal-fotoklubb\/#respond"]}]},{"@type":"WebPage","@id":"https:\/\/nsff.no\/magasinet\/2021\/06\/16\/forste-aeresmedlem-i-arendal-fotoklubb\/","url":"https:\/\/nsff.no\/magasinet\/2021\/06\/16\/forste-aeresmedlem-i-arendal-fotoklubb\/","name":"F\u00f8rste \u00e6resmedlem i Arendal fotoklubb - NSFF Magasin | Norsk Selskap for Fotografi","isPartOf":{"@id":"https:\/\/nsff.no\/magasinet\/#website"},"primaryImageOfPage":{"@id":"https:\/\/nsff.no\/magasinet\/2021\/06\/16\/forste-aeresmedlem-i-arendal-fotoklubb\/#primaryimage"},"image":{"@id":"https:\/\/nsff.no\/magasinet\/2021\/06\/16\/forste-aeresmedlem-i-arendal-fotoklubb\/#primaryimage"},"thumbnailUrl":"https:\/\/nsff.no\/magasinet\/wp-content\/uploads\/sites\/2\/2021\/06\/smedal_aeresmedlem.png","datePublished":"2021-06-16T14:43:11+00:00","dateModified":"2022-03-27T10:08:34+00:00","description":"Tom Erik Smedal er utnevnt til Arendal Fotoklubb sitt f\u00f8rste \u00e6resmedlem.","breadcrumb":{"@id":"https:\/\/nsff.no\/magasinet\/2021\/06\/16\/forste-aeresmedlem-i-arendal-fotoklubb\/#breadcrumb"},"inLanguage":"nb-NO","potentialAction":[{"@type":"ReadAction","target":["https:\/\/nsff.no\/magasinet\/2021\/06\/16\/forste-aeresmedlem-i-arendal-fotoklubb\/"]}]},{"@type":"ImageObject","inLanguage":"nb-NO","@id":"https:\/\/nsff.no\/magasinet\/2021\/06\/16\/forste-aeresmedlem-i-arendal-fotoklubb\/#primaryimage","url":"https:\/\/nsff.no\/magasinet\/wp-content\/uploads\/sites\/2\/2021\/06\/smedal_aeresmedlem.png","contentUrl":"https:\/\/nsff.no\/magasinet\/wp-content\/uploads\/sites\/2\/2021\/06\/smedal_aeresmedlem.png","width":904,"height":598,"caption":"Tom Erik Smedal \u00e6resmedlem"},{"@type":"BreadcrumbList","@id":"https:\/\/nsff.no\/magasinet\/2021\/06\/16\/forste-aeresmedlem-i-arendal-fotoklubb\/#breadcrumb","itemListElement":[{"@type":"ListItem","position":1,"name":"Hjem","item":"https:\/\/nsff.no\/magasinet\/"},{"@type":"ListItem","position":2,"name":"F\u00f8rste \u00e6resmedlem i Arendal fotoklubb"}]},{"@type":"WebSite","@id":"https:\/\/nsff.no\/magasinet\/#website","url":"https:\/\/nsff.no\/magasinet\/","name":"NSFF Magasin | Norsk Selskap for Fotografi","description":"Medlemsmagasin for film- og fotoentusiaster","publisher":{"@id":"https:\/\/nsff.no\/magasinet\/#organization"},"potentialAction":[{"@type":"SearchAction","target":{"@type":"EntryPoint","urlTemplate":"https:\/\/nsff.no\/magasinet\/?s={search_term_string}"},"query-input":{"@type":"PropertyValueSpecification","valueRequired":true,"valueName":"search_term_string"}}],"inLanguage":"nb-NO"},{"@type":"Organization","@id":"https:\/\/nsff.no\/magasinet\/#organization","name":"Norsk Selskap for Fotografo","url":"https:\/\/nsff.no\/magasinet\/","logo":{"@type":"ImageObject","inLanguage":"nb-NO","@id":"https:\/\/nsff.no\/magasinet\/#\/schema\/logo\/image\/","url":"https:\/\/nsff.no\/magasinet\/wp-content\/uploads\/sites\/2\/2016\/05\/NSFF-fb-lenkebilde.png","contentUrl":"https:\/\/nsff.no\/magasinet\/wp-content\/uploads\/sites\/2\/2016\/05\/NSFF-fb-lenkebilde.png","width":1,"height":1,"caption":"Norsk Selskap for Fotografo"},"image":{"@id":"https:\/\/nsff.no\/magasinet\/#\/schema\/logo\/image\/"}},{"@type":"Person","@id":"https:\/\/nsff.no\/magasinet\/#\/schema\/person\/218d91e6fea9296eb379a67c44bde9c5","name":"Leif Andersen","image":{"@type":"ImageObject","inLanguage":"nb-NO","@id":"https:\/\/secure.gravatar.com\/avatar\/2ad17ff3a583818af4a93179bfe52c058b5c2b5532382d176ca40688df70994a?s=96&d=mm&r=g","url":"https:\/\/secure.gravatar.com\/avatar\/2ad17ff3a583818af4a93179bfe52c058b5c2b5532382d176ca40688df70994a?s=96&d=mm&r=g","contentUrl":"https:\/\/secure.gravatar.com\/avatar\/2ad17ff3a583818af4a93179bfe52c058b5c2b5532382d176ca40688df70994a?s=96&d=mm&r=g","caption":"Leif Andersen"},"description":"Medlem i Fotosalongen","url":"https:\/\/nsff.no\/magasinet\/author\/leifand\/"}]}},"_links":{"self":[{"href":"https:\/\/nsff.no\/magasinet\/wp-json\/wp\/v2\/posts\/9825","targetHints":{"allow":["GET"]}}],"collection":[{"href":"https:\/\/nsff.no\/magasinet\/wp-json\/wp\/v2\/posts"}],"about":[{"href":"https:\/\/nsff.no\/magasinet\/wp-json\/wp\/v2\/types\/post"}],"author":[{"embeddable":true,"href":"https:\/\/nsff.no\/magasinet\/wp-json\/wp\/v2\/users\/89"}],"replies":[{"embeddable":true,"href":"https:\/\/nsff.no\/magasinet\/wp-json\/wp\/v2\/comments?post=9825"}],"version-history":[{"count":3,"href":"https:\/\/nsff.no\/magasinet\/wp-json\/wp\/v2\/posts\/9825\/revisions"}],"predecessor-version":[{"id":9829,"href":"https:\/\/nsff.no\/magasinet\/wp-json\/wp\/v2\/posts\/9825\/revisions\/9829"}],"wp:featuredmedia":[{"embeddable":true,"href":"https:\/\/nsff.no\/magasinet\/wp-json\/wp\/v2\/media\/9826"}],"wp:attachment":[{"href":"https:\/\/nsff.no\/magasinet\/wp-json\/wp\/v2\/media?parent=9825"}],"wp:term":[{"taxonomy":"category","embeddable":true,"href":"https:\/\/nsff.no\/magasinet\/wp-json\/wp\/v2\/categories?post=9825"},{"taxonomy":"post_tag","embeddable":true,"href":"https:\/\/nsff.no\/magasinet\/wp-json\/wp\/v2\/tags?post=9825"}],"curies":[{"name":"wp","href":"https:\/\/api.w.org\/{rel}","templated":true}]}}