{"id":9618,"date":"2021-02-07T16:31:18","date_gmt":"2021-02-07T15:31:18","guid":{"rendered":"https:\/\/nsff.no\/magasinet\/?p=9618"},"modified":"2021-11-28T17:37:26","modified_gmt":"2021-11-28T16:37:26","slug":"landslaget-til-29-fiap-colour-biennial-2021-digitalt","status":"publish","type":"post","link":"https:\/\/nsff.no\/magasinet\/2021\/02\/07\/landslaget-til-29-fiap-colour-biennial-2021-digitalt\/","title":{"rendered":"Landslaget til 29 FIAP Colour Biennial 2021, digitalt"},"content":{"rendered":"<p>[et_pb_section fb_built=&raquo;1&#8243; _builder_version=&raquo;3.22&#8243; global_colors_info=&raquo;{}&raquo;][et_pb_row _builder_version=&raquo;3.25&#8243; background_size=&raquo;initial&raquo; background_position=&raquo;top_left&raquo; background_repeat=&raquo;repeat&raquo; global_colors_info=&raquo;{}&raquo;][et_pb_column type=&raquo;4_4&#8243; _builder_version=&raquo;3.25&#8243; custom_padding=&raquo;|||&raquo; global_colors_info=&raquo;{}&raquo; custom_padding__hover=&raquo;|||&raquo;][et_pb_text _builder_version=&raquo;4.14.1&#8243; background_size=&raquo;initial&raquo; background_position=&raquo;top_left&raquo; background_repeat=&raquo;repeat&raquo; hover_enabled=&raquo;0&#8243; global_colors_info=&raquo;{}&raquo; sticky_enabled=&raquo;0&#8243;]<\/p>\n<p><strong>NSFF ved Internasjonalt utvalg presenterer her de norske bidragene til 29th FIAP Colour Biennial 2021, digitalklassen, med det selvvalgte temaet &laquo;Dogs life&raquo;. Klikk p\u00e5 bildene for \u00e5 se dem st\u00f8rre og med autors navn.<\/strong><\/p>\n<p>Oppdatert november 2021:\u00a0I digital klasse kom det norske laget med &laquo;Dogs life&raquo; p\u00e5 34. plass blant\u00a042 land.\u00a0<a href=\"https:\/\/www.fiap.net\/en\/biennials\/29th-fiap-colour-biennial-2021-france\">Digital-konkurransen\u00a0ble vunnet av Russland.<\/a>\u00a0<\/p>\n<p><em>I disse konkurransene blir bildene gitt poeng individuelt som gir laget en samlet poengsum, men laget blir ogs\u00e5 vurdert helhetlig. Blant annet til sammenhengen til tema og hvordan bildene passer til hverandre i format, kontrast og farger\/tonalitet. Det er gjerne det som er det mest utfordrende ved \u00e5 sette sammen et slikt landslag.<\/em><\/p>\n<p>[\/et_pb_text][et_pb_gallery gallery_ids=&raquo;9647,9646,9645,9644,9643,9642,9641,9640,9639,9638,9637,9636,9635,9634,9633,9632,9631,9630,9629,9628&#8243; posts_number=&raquo;20&#8243; orientation=&raquo;portrait&raquo; show_title_and_caption=&raquo;off&raquo; _builder_version=&raquo;4.8.2&#8243; _module_preset=&raquo;default&raquo; global_colors_info=&raquo;{}&raquo;][\/et_pb_gallery][\/et_pb_column][\/et_pb_row][\/et_pb_section]<\/p>\n","protected":false},"excerpt":{"rendered":"<p>NSFF ved Internasjonalt utvalg presenterer her de norske bidragene til 29th FIAP Colour Biennial 2021, digitalklassen, med det selvvalgte temaet &laquo;Dogs life&raquo;.<\/p>\n","protected":false},"author":55,"featured_media":9643,"comment_status":"open","ping_status":"open","sticky":false,"template":"","format":"standard","meta":{"_et_pb_use_builder":"on","_et_pb_old_content":"","_et_gb_content_width":"","footnotes":""},"categories":[7,10,14],"tags":[826,825,34,625],"class_list":["post-9618","post","type-post","status-publish","format-standard","has-post-thumbnail","hentry","category-foto","category-konkurranser","category-nyheter","tag-826","tag-29th-fiap-colour-biennial","tag-fiap","tag-landslag","et-has-post-format-content","et_post_format-et-post-format-standard"],"yoast_head":"<!-- This site is optimized with the Yoast SEO plugin v27.5 - https:\/\/yoast.com\/product\/yoast-seo-wordpress\/ -->\n<title>Landslaget til 29 FIAP Colour Biennial 2021, digitalt - NSFF Magasin | Norsk Selskap for Fotografi<\/title>\n<meta name=\"description\" content=\"Internasjonalt utvalg presenterer her de norske bidragene til 29th FIAP Colour Biennial 2021, digitalklassen, med temaet &quot;Dogs life&quot;.\" \/>\n<meta name=\"robots\" content=\"index, follow, max-snippet:-1, max-image-preview:large, max-video-preview:-1\" \/>\n<link rel=\"canonical\" href=\"https:\/\/nsff.no\/magasinet\/2021\/02\/07\/landslaget-til-29-fiap-colour-biennial-2021-digitalt\/\" \/>\n<meta property=\"og:locale\" content=\"nb_NO\" \/>\n<meta property=\"og:type\" content=\"article\" \/>\n<meta property=\"og:title\" content=\"Landslaget til 29 FIAP Colour Biennial 2021, digitalt - NSFF Magasin | Norsk Selskap for Fotografi\" \/>\n<meta property=\"og:description\" content=\"Internasjonalt utvalg presenterer her de norske bidragene til 29th FIAP Colour Biennial 2021, digitalklassen, med temaet &quot;Dogs life&quot;.\" \/>\n<meta property=\"og:url\" content=\"https:\/\/nsff.no\/magasinet\/2021\/02\/07\/landslaget-til-29-fiap-colour-biennial-2021-digitalt\/\" \/>\n<meta property=\"og:site_name\" content=\"NSFF Magasin | Norsk Selskap for Fotografi\" \/>\n<meta property=\"article:published_time\" content=\"2021-02-07T15:31:18+00:00\" \/>\n<meta property=\"article:modified_time\" content=\"2021-11-28T16:37:26+00:00\" \/>\n<meta property=\"og:image\" content=\"https:\/\/nsff.no\/magasinet\/wp-content\/uploads\/sites\/2\/2021\/02\/Veronika-Sund_Harstad_Howling-dogs.jpg\" \/>\n\t<meta property=\"og:image:width\" content=\"1517\" \/>\n\t<meta property=\"og:image:height\" content=\"1517\" \/>\n\t<meta property=\"og:image:type\" content=\"image\/jpeg\" \/>\n<meta name=\"author\" content=\"Roald Synnev\u00e5g\" \/>\n<meta name=\"twitter:card\" content=\"summary_large_image\" \/>\n<meta name=\"twitter:label1\" content=\"Skrevet av\" \/>\n\t<meta name=\"twitter:data1\" content=\"Roald Synnev\u00e5g\" \/>\n\t<meta name=\"twitter:label2\" content=\"Ansl. lesetid\" \/>\n\t<meta name=\"twitter:data2\" content=\"1 minutt\" \/>\n<script type=\"application\/ld+json\" class=\"yoast-schema-graph\">{\"@context\":\"https:\\\/\\\/schema.org\",\"@graph\":[{\"@type\":\"Article\",\"@id\":\"https:\\\/\\\/nsff.no\\\/magasinet\\\/2021\\\/02\\\/07\\\/landslaget-til-29-fiap-colour-biennial-2021-digitalt\\\/#article\",\"isPartOf\":{\"@id\":\"https:\\\/\\\/nsff.no\\\/magasinet\\\/2021\\\/02\\\/07\\\/landslaget-til-29-fiap-colour-biennial-2021-digitalt\\\/\"},\"author\":{\"name\":\"Roald Synnev\u00e5g\",\"@id\":\"https:\\\/\\\/nsff.no\\\/magasinet\\\/#\\\/schema\\\/person\\\/851bedff98bf7a064c4058208a5c300f\"},\"headline\":\"Landslaget til 29 FIAP Colour Biennial 2021, digitalt\",\"datePublished\":\"2021-02-07T15:31:18+00:00\",\"dateModified\":\"2021-11-28T16:37:26+00:00\",\"mainEntityOfPage\":{\"@id\":\"https:\\\/\\\/nsff.no\\\/magasinet\\\/2021\\\/02\\\/07\\\/landslaget-til-29-fiap-colour-biennial-2021-digitalt\\\/\"},\"wordCount\":214,\"commentCount\":1,\"publisher\":{\"@id\":\"https:\\\/\\\/nsff.no\\\/magasinet\\\/#organization\"},\"image\":{\"@id\":\"https:\\\/\\\/nsff.no\\\/magasinet\\\/2021\\\/02\\\/07\\\/landslaget-til-29-fiap-colour-biennial-2021-digitalt\\\/#primaryimage\"},\"thumbnailUrl\":\"https:\\\/\\\/nsff.no\\\/magasinet\\\/wp-content\\\/uploads\\\/sites\\\/2\\\/2021\\\/02\\\/Veronika-Sund_Harstad_Howling-dogs.jpg\",\"keywords\":[\"2021\",\"29th FIAP Colour Biennial\",\"FIAP\",\"landslag\"],\"articleSection\":[\"Foto\",\"Konkurranser\",\"Nyheter\"],\"inLanguage\":\"nb-NO\",\"potentialAction\":[{\"@type\":\"CommentAction\",\"name\":\"Comment\",\"target\":[\"https:\\\/\\\/nsff.no\\\/magasinet\\\/2021\\\/02\\\/07\\\/landslaget-til-29-fiap-colour-biennial-2021-digitalt\\\/#respond\"]}]},{\"@type\":\"WebPage\",\"@id\":\"https:\\\/\\\/nsff.no\\\/magasinet\\\/2021\\\/02\\\/07\\\/landslaget-til-29-fiap-colour-biennial-2021-digitalt\\\/\",\"url\":\"https:\\\/\\\/nsff.no\\\/magasinet\\\/2021\\\/02\\\/07\\\/landslaget-til-29-fiap-colour-biennial-2021-digitalt\\\/\",\"name\":\"Landslaget til 29 FIAP Colour Biennial 2021, digitalt - NSFF Magasin | Norsk Selskap for Fotografi\",\"isPartOf\":{\"@id\":\"https:\\\/\\\/nsff.no\\\/magasinet\\\/#website\"},\"primaryImageOfPage\":{\"@id\":\"https:\\\/\\\/nsff.no\\\/magasinet\\\/2021\\\/02\\\/07\\\/landslaget-til-29-fiap-colour-biennial-2021-digitalt\\\/#primaryimage\"},\"image\":{\"@id\":\"https:\\\/\\\/nsff.no\\\/magasinet\\\/2021\\\/02\\\/07\\\/landslaget-til-29-fiap-colour-biennial-2021-digitalt\\\/#primaryimage\"},\"thumbnailUrl\":\"https:\\\/\\\/nsff.no\\\/magasinet\\\/wp-content\\\/uploads\\\/sites\\\/2\\\/2021\\\/02\\\/Veronika-Sund_Harstad_Howling-dogs.jpg\",\"datePublished\":\"2021-02-07T15:31:18+00:00\",\"dateModified\":\"2021-11-28T16:37:26+00:00\",\"description\":\"Internasjonalt utvalg presenterer her de norske bidragene til 29th FIAP Colour Biennial 2021, digitalklassen, med temaet \\\"Dogs life\\\".\",\"breadcrumb\":{\"@id\":\"https:\\\/\\\/nsff.no\\\/magasinet\\\/2021\\\/02\\\/07\\\/landslaget-til-29-fiap-colour-biennial-2021-digitalt\\\/#breadcrumb\"},\"inLanguage\":\"nb-NO\",\"potentialAction\":[{\"@type\":\"ReadAction\",\"target\":[\"https:\\\/\\\/nsff.no\\\/magasinet\\\/2021\\\/02\\\/07\\\/landslaget-til-29-fiap-colour-biennial-2021-digitalt\\\/\"]}]},{\"@type\":\"ImageObject\",\"inLanguage\":\"nb-NO\",\"@id\":\"https:\\\/\\\/nsff.no\\\/magasinet\\\/2021\\\/02\\\/07\\\/landslaget-til-29-fiap-colour-biennial-2021-digitalt\\\/#primaryimage\",\"url\":\"https:\\\/\\\/nsff.no\\\/magasinet\\\/wp-content\\\/uploads\\\/sites\\\/2\\\/2021\\\/02\\\/Veronika-Sund_Harstad_Howling-dogs.jpg\",\"contentUrl\":\"https:\\\/\\\/nsff.no\\\/magasinet\\\/wp-content\\\/uploads\\\/sites\\\/2\\\/2021\\\/02\\\/Veronika-Sund_Harstad_Howling-dogs.jpg\",\"width\":1517,\"height\":1517,\"caption\":\"Veronika Sund, Harstad: Howling dogs\"},{\"@type\":\"BreadcrumbList\",\"@id\":\"https:\\\/\\\/nsff.no\\\/magasinet\\\/2021\\\/02\\\/07\\\/landslaget-til-29-fiap-colour-biennial-2021-digitalt\\\/#breadcrumb\",\"itemListElement\":[{\"@type\":\"ListItem\",\"position\":1,\"name\":\"Hjem\",\"item\":\"https:\\\/\\\/nsff.no\\\/magasinet\\\/\"},{\"@type\":\"ListItem\",\"position\":2,\"name\":\"Landslaget til 29 FIAP Colour Biennial 2021, digitalt\"}]},{\"@type\":\"WebSite\",\"@id\":\"https:\\\/\\\/nsff.no\\\/magasinet\\\/#website\",\"url\":\"https:\\\/\\\/nsff.no\\\/magasinet\\\/\",\"name\":\"NSFF Magasin | Norsk Selskap for Fotografi\",\"description\":\"Medlemsmagasin for film- og fotoentusiaster\",\"publisher\":{\"@id\":\"https:\\\/\\\/nsff.no\\\/magasinet\\\/#organization\"},\"potentialAction\":[{\"@type\":\"SearchAction\",\"target\":{\"@type\":\"EntryPoint\",\"urlTemplate\":\"https:\\\/\\\/nsff.no\\\/magasinet\\\/?s={search_term_string}\"},\"query-input\":{\"@type\":\"PropertyValueSpecification\",\"valueRequired\":true,\"valueName\":\"search_term_string\"}}],\"inLanguage\":\"nb-NO\"},{\"@type\":\"Organization\",\"@id\":\"https:\\\/\\\/nsff.no\\\/magasinet\\\/#organization\",\"name\":\"Norsk Selskap for Fotografo\",\"url\":\"https:\\\/\\\/nsff.no\\\/magasinet\\\/\",\"logo\":{\"@type\":\"ImageObject\",\"inLanguage\":\"nb-NO\",\"@id\":\"https:\\\/\\\/nsff.no\\\/magasinet\\\/#\\\/schema\\\/logo\\\/image\\\/\",\"url\":\"https:\\\/\\\/nsff.no\\\/magasinet\\\/wp-content\\\/uploads\\\/sites\\\/2\\\/2016\\\/05\\\/NSFF-fb-lenkebilde.png\",\"contentUrl\":\"https:\\\/\\\/nsff.no\\\/magasinet\\\/wp-content\\\/uploads\\\/sites\\\/2\\\/2016\\\/05\\\/NSFF-fb-lenkebilde.png\",\"width\":1,\"height\":1,\"caption\":\"Norsk Selskap for Fotografo\"},\"image\":{\"@id\":\"https:\\\/\\\/nsff.no\\\/magasinet\\\/#\\\/schema\\\/logo\\\/image\\\/\"}},{\"@type\":\"Person\",\"@id\":\"https:\\\/\\\/nsff.no\\\/magasinet\\\/#\\\/schema\\\/person\\\/851bedff98bf7a064c4058208a5c300f\",\"name\":\"Roald Synnev\u00e5g\",\"image\":{\"@type\":\"ImageObject\",\"inLanguage\":\"nb-NO\",\"@id\":\"https:\\\/\\\/secure.gravatar.com\\\/avatar\\\/750a3a86a991c7a4a41ef3921a5d4fe64be0a2c5e4b8812d6a1d388b14a71452?s=96&d=mm&r=g\",\"url\":\"https:\\\/\\\/secure.gravatar.com\\\/avatar\\\/750a3a86a991c7a4a41ef3921a5d4fe64be0a2c5e4b8812d6a1d388b14a71452?s=96&d=mm&r=g\",\"contentUrl\":\"https:\\\/\\\/secure.gravatar.com\\\/avatar\\\/750a3a86a991c7a4a41ef3921a5d4fe64be0a2c5e4b8812d6a1d388b14a71452?s=96&d=mm&r=g\",\"caption\":\"Roald Synnev\u00e5g\"},\"description\":\"Tidligere leder og nestleder i NSFF, n\u00e5v\u00e6rende styremedlem. \u00c6resmedlem av NSFF og av Bekkalokket Fotoklubb. EsNSFF (1995), AFIAP(1995), ANSFF (1997), ENSFF (1997), HonENSFF (1997), EFIAP (2003), EFIAP-B (2011, EFIAP-S (2014), MFIAP (2014), PPSA (2014), EFIAP-G (2015), EPSA (2015), EFIAP-P (2016), ENSFF-B (2015), ENSFF-S (2016), ENSFF-G (2017), BPSA \u2013 Bronze (2017), MPSA (2017).\",\"url\":\"https:\\\/\\\/nsff.no\\\/magasinet\\\/author\\\/roaldsynne\\\/\"}]}<\/script>\n<!-- \/ Yoast SEO plugin. -->","yoast_head_json":{"title":"Landslaget til 29 FIAP Colour Biennial 2021, digitalt - NSFF Magasin | Norsk Selskap for Fotografi","description":"Internasjonalt utvalg presenterer her de norske bidragene til 29th FIAP Colour Biennial 2021, digitalklassen, med temaet \"Dogs life\".","robots":{"index":"index","follow":"follow","max-snippet":"max-snippet:-1","max-image-preview":"max-image-preview:large","max-video-preview":"max-video-preview:-1"},"canonical":"https:\/\/nsff.no\/magasinet\/2021\/02\/07\/landslaget-til-29-fiap-colour-biennial-2021-digitalt\/","og_locale":"nb_NO","og_type":"article","og_title":"Landslaget til 29 FIAP Colour Biennial 2021, digitalt - NSFF Magasin | Norsk Selskap for Fotografi","og_description":"Internasjonalt utvalg presenterer her de norske bidragene til 29th FIAP Colour Biennial 2021, digitalklassen, med temaet \"Dogs life\".","og_url":"https:\/\/nsff.no\/magasinet\/2021\/02\/07\/landslaget-til-29-fiap-colour-biennial-2021-digitalt\/","og_site_name":"NSFF Magasin | Norsk Selskap for Fotografi","article_published_time":"2021-02-07T15:31:18+00:00","article_modified_time":"2021-11-28T16:37:26+00:00","og_image":[{"width":1517,"height":1517,"url":"https:\/\/nsff.no\/magasinet\/wp-content\/uploads\/sites\/2\/2021\/02\/Veronika-Sund_Harstad_Howling-dogs.jpg","type":"image\/jpeg"}],"author":"Roald Synnev\u00e5g","twitter_card":"summary_large_image","twitter_misc":{"Skrevet av":"Roald Synnev\u00e5g","Ansl. lesetid":"1 minutt"},"schema":{"@context":"https:\/\/schema.org","@graph":[{"@type":"Article","@id":"https:\/\/nsff.no\/magasinet\/2021\/02\/07\/landslaget-til-29-fiap-colour-biennial-2021-digitalt\/#article","isPartOf":{"@id":"https:\/\/nsff.no\/magasinet\/2021\/02\/07\/landslaget-til-29-fiap-colour-biennial-2021-digitalt\/"},"author":{"name":"Roald Synnev\u00e5g","@id":"https:\/\/nsff.no\/magasinet\/#\/schema\/person\/851bedff98bf7a064c4058208a5c300f"},"headline":"Landslaget til 29 FIAP Colour Biennial 2021, digitalt","datePublished":"2021-02-07T15:31:18+00:00","dateModified":"2021-11-28T16:37:26+00:00","mainEntityOfPage":{"@id":"https:\/\/nsff.no\/magasinet\/2021\/02\/07\/landslaget-til-29-fiap-colour-biennial-2021-digitalt\/"},"wordCount":214,"commentCount":1,"publisher":{"@id":"https:\/\/nsff.no\/magasinet\/#organization"},"image":{"@id":"https:\/\/nsff.no\/magasinet\/2021\/02\/07\/landslaget-til-29-fiap-colour-biennial-2021-digitalt\/#primaryimage"},"thumbnailUrl":"https:\/\/nsff.no\/magasinet\/wp-content\/uploads\/sites\/2\/2021\/02\/Veronika-Sund_Harstad_Howling-dogs.jpg","keywords":["2021","29th FIAP Colour Biennial","FIAP","landslag"],"articleSection":["Foto","Konkurranser","Nyheter"],"inLanguage":"nb-NO","potentialAction":[{"@type":"CommentAction","name":"Comment","target":["https:\/\/nsff.no\/magasinet\/2021\/02\/07\/landslaget-til-29-fiap-colour-biennial-2021-digitalt\/#respond"]}]},{"@type":"WebPage","@id":"https:\/\/nsff.no\/magasinet\/2021\/02\/07\/landslaget-til-29-fiap-colour-biennial-2021-digitalt\/","url":"https:\/\/nsff.no\/magasinet\/2021\/02\/07\/landslaget-til-29-fiap-colour-biennial-2021-digitalt\/","name":"Landslaget til 29 FIAP Colour Biennial 2021, digitalt - NSFF Magasin | Norsk Selskap for Fotografi","isPartOf":{"@id":"https:\/\/nsff.no\/magasinet\/#website"},"primaryImageOfPage":{"@id":"https:\/\/nsff.no\/magasinet\/2021\/02\/07\/landslaget-til-29-fiap-colour-biennial-2021-digitalt\/#primaryimage"},"image":{"@id":"https:\/\/nsff.no\/magasinet\/2021\/02\/07\/landslaget-til-29-fiap-colour-biennial-2021-digitalt\/#primaryimage"},"thumbnailUrl":"https:\/\/nsff.no\/magasinet\/wp-content\/uploads\/sites\/2\/2021\/02\/Veronika-Sund_Harstad_Howling-dogs.jpg","datePublished":"2021-02-07T15:31:18+00:00","dateModified":"2021-11-28T16:37:26+00:00","description":"Internasjonalt utvalg presenterer her de norske bidragene til 29th FIAP Colour Biennial 2021, digitalklassen, med temaet \"Dogs life\".","breadcrumb":{"@id":"https:\/\/nsff.no\/magasinet\/2021\/02\/07\/landslaget-til-29-fiap-colour-biennial-2021-digitalt\/#breadcrumb"},"inLanguage":"nb-NO","potentialAction":[{"@type":"ReadAction","target":["https:\/\/nsff.no\/magasinet\/2021\/02\/07\/landslaget-til-29-fiap-colour-biennial-2021-digitalt\/"]}]},{"@type":"ImageObject","inLanguage":"nb-NO","@id":"https:\/\/nsff.no\/magasinet\/2021\/02\/07\/landslaget-til-29-fiap-colour-biennial-2021-digitalt\/#primaryimage","url":"https:\/\/nsff.no\/magasinet\/wp-content\/uploads\/sites\/2\/2021\/02\/Veronika-Sund_Harstad_Howling-dogs.jpg","contentUrl":"https:\/\/nsff.no\/magasinet\/wp-content\/uploads\/sites\/2\/2021\/02\/Veronika-Sund_Harstad_Howling-dogs.jpg","width":1517,"height":1517,"caption":"Veronika Sund, Harstad: Howling dogs"},{"@type":"BreadcrumbList","@id":"https:\/\/nsff.no\/magasinet\/2021\/02\/07\/landslaget-til-29-fiap-colour-biennial-2021-digitalt\/#breadcrumb","itemListElement":[{"@type":"ListItem","position":1,"name":"Hjem","item":"https:\/\/nsff.no\/magasinet\/"},{"@type":"ListItem","position":2,"name":"Landslaget til 29 FIAP Colour Biennial 2021, digitalt"}]},{"@type":"WebSite","@id":"https:\/\/nsff.no\/magasinet\/#website","url":"https:\/\/nsff.no\/magasinet\/","name":"NSFF Magasin | Norsk Selskap for Fotografi","description":"Medlemsmagasin for film- og fotoentusiaster","publisher":{"@id":"https:\/\/nsff.no\/magasinet\/#organization"},"potentialAction":[{"@type":"SearchAction","target":{"@type":"EntryPoint","urlTemplate":"https:\/\/nsff.no\/magasinet\/?s={search_term_string}"},"query-input":{"@type":"PropertyValueSpecification","valueRequired":true,"valueName":"search_term_string"}}],"inLanguage":"nb-NO"},{"@type":"Organization","@id":"https:\/\/nsff.no\/magasinet\/#organization","name":"Norsk Selskap for Fotografo","url":"https:\/\/nsff.no\/magasinet\/","logo":{"@type":"ImageObject","inLanguage":"nb-NO","@id":"https:\/\/nsff.no\/magasinet\/#\/schema\/logo\/image\/","url":"https:\/\/nsff.no\/magasinet\/wp-content\/uploads\/sites\/2\/2016\/05\/NSFF-fb-lenkebilde.png","contentUrl":"https:\/\/nsff.no\/magasinet\/wp-content\/uploads\/sites\/2\/2016\/05\/NSFF-fb-lenkebilde.png","width":1,"height":1,"caption":"Norsk Selskap for Fotografo"},"image":{"@id":"https:\/\/nsff.no\/magasinet\/#\/schema\/logo\/image\/"}},{"@type":"Person","@id":"https:\/\/nsff.no\/magasinet\/#\/schema\/person\/851bedff98bf7a064c4058208a5c300f","name":"Roald Synnev\u00e5g","image":{"@type":"ImageObject","inLanguage":"nb-NO","@id":"https:\/\/secure.gravatar.com\/avatar\/750a3a86a991c7a4a41ef3921a5d4fe64be0a2c5e4b8812d6a1d388b14a71452?s=96&d=mm&r=g","url":"https:\/\/secure.gravatar.com\/avatar\/750a3a86a991c7a4a41ef3921a5d4fe64be0a2c5e4b8812d6a1d388b14a71452?s=96&d=mm&r=g","contentUrl":"https:\/\/secure.gravatar.com\/avatar\/750a3a86a991c7a4a41ef3921a5d4fe64be0a2c5e4b8812d6a1d388b14a71452?s=96&d=mm&r=g","caption":"Roald Synnev\u00e5g"},"description":"Tidligere leder og nestleder i NSFF, n\u00e5v\u00e6rende styremedlem. \u00c6resmedlem av NSFF og av Bekkalokket Fotoklubb. EsNSFF (1995), AFIAP(1995), ANSFF (1997), ENSFF (1997), HonENSFF (1997), EFIAP (2003), EFIAP-B (2011, EFIAP-S (2014), MFIAP (2014), PPSA (2014), EFIAP-G (2015), EPSA (2015), EFIAP-P (2016), ENSFF-B (2015), ENSFF-S (2016), ENSFF-G (2017), BPSA \u2013 Bronze (2017), MPSA (2017).","url":"https:\/\/nsff.no\/magasinet\/author\/roaldsynne\/"}]}},"_links":{"self":[{"href":"https:\/\/nsff.no\/magasinet\/wp-json\/wp\/v2\/posts\/9618","targetHints":{"allow":["GET"]}}],"collection":[{"href":"https:\/\/nsff.no\/magasinet\/wp-json\/wp\/v2\/posts"}],"about":[{"href":"https:\/\/nsff.no\/magasinet\/wp-json\/wp\/v2\/types\/post"}],"author":[{"embeddable":true,"href":"https:\/\/nsff.no\/magasinet\/wp-json\/wp\/v2\/users\/55"}],"replies":[{"embeddable":true,"href":"https:\/\/nsff.no\/magasinet\/wp-json\/wp\/v2\/comments?post=9618"}],"version-history":[{"count":8,"href":"https:\/\/nsff.no\/magasinet\/wp-json\/wp\/v2\/posts\/9618\/revisions"}],"predecessor-version":[{"id":9967,"href":"https:\/\/nsff.no\/magasinet\/wp-json\/wp\/v2\/posts\/9618\/revisions\/9967"}],"wp:featuredmedia":[{"embeddable":true,"href":"https:\/\/nsff.no\/magasinet\/wp-json\/wp\/v2\/media\/9643"}],"wp:attachment":[{"href":"https:\/\/nsff.no\/magasinet\/wp-json\/wp\/v2\/media?parent=9618"}],"wp:term":[{"taxonomy":"category","embeddable":true,"href":"https:\/\/nsff.no\/magasinet\/wp-json\/wp\/v2\/categories?post=9618"},{"taxonomy":"post_tag","embeddable":true,"href":"https:\/\/nsff.no\/magasinet\/wp-json\/wp\/v2\/tags?post=9618"}],"curies":[{"name":"wp","href":"https:\/\/api.w.org\/{rel}","templated":true}]}}