{"id":9333,"date":"2020-12-10T15:40:08","date_gmt":"2020-12-10T14:40:08","guid":{"rendered":"https:\/\/nsff.no\/magasinet\/?p=9333"},"modified":"2020-12-15T16:10:55","modified_gmt":"2020-12-15T15:10:55","slug":"andre-del-av-drobak-fotoklubbs-jubileumsutstilling-2020","status":"publish","type":"post","link":"https:\/\/nsff.no\/magasinet\/2020\/12\/10\/andre-del-av-drobak-fotoklubbs-jubileumsutstilling-2020\/","title":{"rendered":"Andre del av Dr\u00f8bak fotoklubbs jubileumsutstilling 2020"},"content":{"rendered":"<p>[et_pb_section fb_built=&raquo;1&#8243; _builder_version=&raquo;4.6.6&#8243; _module_preset=&raquo;default&raquo;][et_pb_row _builder_version=&raquo;4.6.6&#8243; _module_preset=&raquo;default&raquo;][et_pb_column type=&raquo;4_4&#8243; _builder_version=&raquo;4.6.6&#8243; _module_preset=&raquo;default&raquo;][et_pb_text _builder_version=&raquo;4.7.4&#8243; _module_preset=&raquo;default&raquo; hover_enabled=&raquo;0&#8243; sticky_enabled=&raquo;0&#8243;]<\/p>\n<p><strong><a href=\"https:\/\/nsff.no\/magasinet\/2020\/10\/29\/drobak-fotoklubb-feirer-10-arsjubileum\/\">Vi har allerede gratulert Dr\u00f8bak fotoklubb<\/a>, som p\u00e5 tampen av 2020 feirer b\u00e5de 10-\u00e5rsjubileum og runding av 50 medlemmer. Ta en titt p\u00e5 lenken og les om klubbens aktiviteter og se f\u00f8rste runde av utstillingsbilder \u2014 her f\u00f8lger del to, som vises i desember.<\/strong><\/p>\n<p>Foruten denne bildekarusellen kan man stikke innom Smia flerbrukshus i Dr\u00f8bak for \u00e5 se bildene. En vakt slipper inn bes\u00f8kende man\u2013onsdag kl 17\u201320 \u2014 eller man kan rett og slett ta en titt gjennom vinduene, gjerne p\u00e5 kveldstid!<\/p>\n<p>[\/et_pb_text][et_pb_code _builder_version=&raquo;4.7.4&#8243; _module_preset=&raquo;default&raquo; hover_enabled=&raquo;0&#8243; sticky_enabled=&raquo;0&#8243;]<iframe loading=\"lazy\" width=\"560\" height=\"315\" src=\"https:\/\/www.youtube-nocookie.com\/embed\/kX-A7nJ6sJs\" frameborder=\"0\" allow=\"accelerometer; autoplay; clipboard-write; encrypted-media; gyroscope; picture-in-picture\" allowfullscreen><\/iframe>[\/et_pb_code][\/et_pb_column][\/et_pb_row][\/et_pb_section]<\/p>\n","protected":false},"excerpt":{"rendered":"<p>P\u00e5 tampen av 2020 feirer Dr\u00f8bak fotoklubb b\u00e5de 10-\u00e5rsjubileum og runding av 50 medlemmer. Her kan du se andre og siste del av deres jubileumsutstilling.<\/p>\n","protected":false},"author":7,"featured_media":9336,"comment_status":"open","ping_status":"open","sticky":false,"template":"","format":"standard","meta":{"_et_pb_use_builder":"on","_et_pb_old_content":"","_et_gb_content_width":"","footnotes":""},"categories":[9],"tags":[806,788,805,137],"class_list":["post-9333","post","type-post","status-publish","format-standard","has-post-thumbnail","hentry","category-klubb","tag-10-ars-jubileum","tag-788","tag-drobak-fotoklubb","tag-fotoutstilling","et-has-post-format-content","et_post_format-et-post-format-standard"],"yoast_head":"<!-- This site is optimized with the Yoast SEO plugin v27.5 - https:\/\/yoast.com\/product\/yoast-seo-wordpress\/ -->\n<title>Andre del av Dr\u00f8bak fotoklubbs jubileumsutstilling 2020 - NSFF Magasin | Norsk Selskap for Fotografi<\/title>\n<meta name=\"description\" content=\"P\u00e5 tampen av 2020 feirer Dr\u00f8bak fotoklubb b\u00e5de 10-\u00e5rsjubileum og runding av 50 medlemmer. Her kan du se andre og siste del av deres jubileumsutstilling.\" \/>\n<meta name=\"robots\" content=\"index, follow, max-snippet:-1, max-image-preview:large, max-video-preview:-1\" \/>\n<link rel=\"canonical\" href=\"https:\/\/nsff.no\/magasinet\/2020\/12\/10\/andre-del-av-drobak-fotoklubbs-jubileumsutstilling-2020\/\" \/>\n<meta property=\"og:locale\" content=\"nb_NO\" \/>\n<meta property=\"og:type\" content=\"article\" \/>\n<meta property=\"og:title\" content=\"Andre del av Dr\u00f8bak fotoklubbs jubileumsutstilling 2020 - NSFF Magasin | Norsk Selskap for Fotografi\" \/>\n<meta property=\"og:description\" content=\"P\u00e5 tampen av 2020 feirer Dr\u00f8bak fotoklubb b\u00e5de 10-\u00e5rsjubileum og runding av 50 medlemmer. Her kan du se andre og siste del av deres jubileumsutstilling.\" \/>\n<meta property=\"og:url\" content=\"https:\/\/nsff.no\/magasinet\/2020\/12\/10\/andre-del-av-drobak-fotoklubbs-jubileumsutstilling-2020\/\" \/>\n<meta property=\"og:site_name\" content=\"NSFF Magasin | Norsk Selskap for Fotografi\" \/>\n<meta property=\"article:published_time\" content=\"2020-12-10T14:40:08+00:00\" \/>\n<meta property=\"article:modified_time\" content=\"2020-12-15T15:10:55+00:00\" \/>\n<meta property=\"og:image\" content=\"https:\/\/nsff.no\/magasinet\/wp-content\/uploads\/sites\/2\/2020\/12\/drobakjubileum2020.jpg\" \/>\n\t<meta property=\"og:image:width\" content=\"1200\" \/>\n\t<meta property=\"og:image:height\" content=\"630\" \/>\n\t<meta property=\"og:image:type\" content=\"image\/jpeg\" \/>\n<meta name=\"author\" content=\"Birgit Fostervold\" \/>\n<meta name=\"twitter:card\" content=\"summary_large_image\" \/>\n<meta name=\"twitter:label1\" content=\"Skrevet av\" \/>\n\t<meta name=\"twitter:data1\" content=\"Birgit Fostervold\" \/>\n\t<meta name=\"twitter:label2\" content=\"Ansl. lesetid\" \/>\n\t<meta name=\"twitter:data2\" content=\"1 minutt\" \/>\n<script type=\"application\/ld+json\" class=\"yoast-schema-graph\">{\"@context\":\"https:\\\/\\\/schema.org\",\"@graph\":[{\"@type\":\"Article\",\"@id\":\"https:\\\/\\\/nsff.no\\\/magasinet\\\/2020\\\/12\\\/10\\\/andre-del-av-drobak-fotoklubbs-jubileumsutstilling-2020\\\/#article\",\"isPartOf\":{\"@id\":\"https:\\\/\\\/nsff.no\\\/magasinet\\\/2020\\\/12\\\/10\\\/andre-del-av-drobak-fotoklubbs-jubileumsutstilling-2020\\\/\"},\"author\":{\"name\":\"Birgit Fostervold\",\"@id\":\"https:\\\/\\\/nsff.no\\\/magasinet\\\/#\\\/schema\\\/person\\\/da041f968afa9bee0293372491a98303\"},\"headline\":\"Andre del av Dr\u00f8bak fotoklubbs jubileumsutstilling 2020\",\"datePublished\":\"2020-12-10T14:40:08+00:00\",\"dateModified\":\"2020-12-15T15:10:55+00:00\",\"mainEntityOfPage\":{\"@id\":\"https:\\\/\\\/nsff.no\\\/magasinet\\\/2020\\\/12\\\/10\\\/andre-del-av-drobak-fotoklubbs-jubileumsutstilling-2020\\\/\"},\"wordCount\":157,\"commentCount\":0,\"publisher\":{\"@id\":\"https:\\\/\\\/nsff.no\\\/magasinet\\\/#organization\"},\"image\":{\"@id\":\"https:\\\/\\\/nsff.no\\\/magasinet\\\/2020\\\/12\\\/10\\\/andre-del-av-drobak-fotoklubbs-jubileumsutstilling-2020\\\/#primaryimage\"},\"thumbnailUrl\":\"https:\\\/\\\/nsff.no\\\/magasinet\\\/wp-content\\\/uploads\\\/sites\\\/2\\\/2020\\\/12\\\/drobakjubileum2020.jpg\",\"keywords\":[\"10 \u00e5rs-jubileum\",\"2020\",\"Dr\u00f8bak fotoklubb\",\"fotoutstilling\"],\"articleSection\":[\"Klubb\"],\"inLanguage\":\"nb-NO\",\"potentialAction\":[{\"@type\":\"CommentAction\",\"name\":\"Comment\",\"target\":[\"https:\\\/\\\/nsff.no\\\/magasinet\\\/2020\\\/12\\\/10\\\/andre-del-av-drobak-fotoklubbs-jubileumsutstilling-2020\\\/#respond\"]}]},{\"@type\":\"WebPage\",\"@id\":\"https:\\\/\\\/nsff.no\\\/magasinet\\\/2020\\\/12\\\/10\\\/andre-del-av-drobak-fotoklubbs-jubileumsutstilling-2020\\\/\",\"url\":\"https:\\\/\\\/nsff.no\\\/magasinet\\\/2020\\\/12\\\/10\\\/andre-del-av-drobak-fotoklubbs-jubileumsutstilling-2020\\\/\",\"name\":\"Andre del av Dr\u00f8bak fotoklubbs jubileumsutstilling 2020 - NSFF Magasin | Norsk Selskap for Fotografi\",\"isPartOf\":{\"@id\":\"https:\\\/\\\/nsff.no\\\/magasinet\\\/#website\"},\"primaryImageOfPage\":{\"@id\":\"https:\\\/\\\/nsff.no\\\/magasinet\\\/2020\\\/12\\\/10\\\/andre-del-av-drobak-fotoklubbs-jubileumsutstilling-2020\\\/#primaryimage\"},\"image\":{\"@id\":\"https:\\\/\\\/nsff.no\\\/magasinet\\\/2020\\\/12\\\/10\\\/andre-del-av-drobak-fotoklubbs-jubileumsutstilling-2020\\\/#primaryimage\"},\"thumbnailUrl\":\"https:\\\/\\\/nsff.no\\\/magasinet\\\/wp-content\\\/uploads\\\/sites\\\/2\\\/2020\\\/12\\\/drobakjubileum2020.jpg\",\"datePublished\":\"2020-12-10T14:40:08+00:00\",\"dateModified\":\"2020-12-15T15:10:55+00:00\",\"description\":\"P\u00e5 tampen av 2020 feirer Dr\u00f8bak fotoklubb b\u00e5de 10-\u00e5rsjubileum og runding av 50 medlemmer. Her kan du se andre og siste del av deres jubileumsutstilling.\",\"breadcrumb\":{\"@id\":\"https:\\\/\\\/nsff.no\\\/magasinet\\\/2020\\\/12\\\/10\\\/andre-del-av-drobak-fotoklubbs-jubileumsutstilling-2020\\\/#breadcrumb\"},\"inLanguage\":\"nb-NO\",\"potentialAction\":[{\"@type\":\"ReadAction\",\"target\":[\"https:\\\/\\\/nsff.no\\\/magasinet\\\/2020\\\/12\\\/10\\\/andre-del-av-drobak-fotoklubbs-jubileumsutstilling-2020\\\/\"]}]},{\"@type\":\"ImageObject\",\"inLanguage\":\"nb-NO\",\"@id\":\"https:\\\/\\\/nsff.no\\\/magasinet\\\/2020\\\/12\\\/10\\\/andre-del-av-drobak-fotoklubbs-jubileumsutstilling-2020\\\/#primaryimage\",\"url\":\"https:\\\/\\\/nsff.no\\\/magasinet\\\/wp-content\\\/uploads\\\/sites\\\/2\\\/2020\\\/12\\\/drobakjubileum2020.jpg\",\"contentUrl\":\"https:\\\/\\\/nsff.no\\\/magasinet\\\/wp-content\\\/uploads\\\/sites\\\/2\\\/2020\\\/12\\\/drobakjubileum2020.jpg\",\"width\":1200,\"height\":630,\"caption\":\"Dr\u00f8bak jubileum 2020\"},{\"@type\":\"BreadcrumbList\",\"@id\":\"https:\\\/\\\/nsff.no\\\/magasinet\\\/2020\\\/12\\\/10\\\/andre-del-av-drobak-fotoklubbs-jubileumsutstilling-2020\\\/#breadcrumb\",\"itemListElement\":[{\"@type\":\"ListItem\",\"position\":1,\"name\":\"Hjem\",\"item\":\"https:\\\/\\\/nsff.no\\\/magasinet\\\/\"},{\"@type\":\"ListItem\",\"position\":2,\"name\":\"Andre del av Dr\u00f8bak fotoklubbs jubileumsutstilling 2020\"}]},{\"@type\":\"WebSite\",\"@id\":\"https:\\\/\\\/nsff.no\\\/magasinet\\\/#website\",\"url\":\"https:\\\/\\\/nsff.no\\\/magasinet\\\/\",\"name\":\"NSFF Magasin | Norsk Selskap for Fotografi\",\"description\":\"Medlemsmagasin for film- og fotoentusiaster\",\"publisher\":{\"@id\":\"https:\\\/\\\/nsff.no\\\/magasinet\\\/#organization\"},\"potentialAction\":[{\"@type\":\"SearchAction\",\"target\":{\"@type\":\"EntryPoint\",\"urlTemplate\":\"https:\\\/\\\/nsff.no\\\/magasinet\\\/?s={search_term_string}\"},\"query-input\":{\"@type\":\"PropertyValueSpecification\",\"valueRequired\":true,\"valueName\":\"search_term_string\"}}],\"inLanguage\":\"nb-NO\"},{\"@type\":\"Organization\",\"@id\":\"https:\\\/\\\/nsff.no\\\/magasinet\\\/#organization\",\"name\":\"Norsk Selskap for Fotografo\",\"url\":\"https:\\\/\\\/nsff.no\\\/magasinet\\\/\",\"logo\":{\"@type\":\"ImageObject\",\"inLanguage\":\"nb-NO\",\"@id\":\"https:\\\/\\\/nsff.no\\\/magasinet\\\/#\\\/schema\\\/logo\\\/image\\\/\",\"url\":\"https:\\\/\\\/nsff.no\\\/magasinet\\\/wp-content\\\/uploads\\\/sites\\\/2\\\/2016\\\/05\\\/NSFF-fb-lenkebilde.png\",\"contentUrl\":\"https:\\\/\\\/nsff.no\\\/magasinet\\\/wp-content\\\/uploads\\\/sites\\\/2\\\/2016\\\/05\\\/NSFF-fb-lenkebilde.png\",\"width\":1,\"height\":1,\"caption\":\"Norsk Selskap for Fotografo\"},\"image\":{\"@id\":\"https:\\\/\\\/nsff.no\\\/magasinet\\\/#\\\/schema\\\/logo\\\/image\\\/\"}},{\"@type\":\"Person\",\"@id\":\"https:\\\/\\\/nsff.no\\\/magasinet\\\/#\\\/schema\\\/person\\\/da041f968afa9bee0293372491a98303\",\"name\":\"Birgit Fostervold\",\"image\":{\"@type\":\"ImageObject\",\"inLanguage\":\"nb-NO\",\"@id\":\"https:\\\/\\\/secure.gravatar.com\\\/avatar\\\/d8b31664a01c80eecbf53f36dc41fa676bbfe7c78cb2391937a62f88da897950?s=96&d=mm&r=g\",\"url\":\"https:\\\/\\\/secure.gravatar.com\\\/avatar\\\/d8b31664a01c80eecbf53f36dc41fa676bbfe7c78cb2391937a62f88da897950?s=96&d=mm&r=g\",\"contentUrl\":\"https:\\\/\\\/secure.gravatar.com\\\/avatar\\\/d8b31664a01c80eecbf53f36dc41fa676bbfe7c78cb2391937a62f88da897950?s=96&d=mm&r=g\",\"caption\":\"Birgit Fostervold\"},\"description\":\"EsNSFF, HonENFFF, medlem i Homborsund fotoklubb og Arendal fotoklubb. Styremedlem NSFF, Nordisk Forbund for Fotografi og Norsk Naturfotofestival. Tidl. nestleder og konst.leder NSFF (2017\u201322), tidl. redakt\u00f8r for NSFF Magasin (2016\u201322).\",\"sameAs\":[\"https:\\\/\\\/lensbirdie.no\",\"https:\\\/\\\/instagram.com\\\/knipselyst\\\/\"],\"url\":\"https:\\\/\\\/nsff.no\\\/magasinet\\\/author\\\/birgitf\\\/\"}]}<\/script>\n<!-- \/ Yoast SEO plugin. -->","yoast_head_json":{"title":"Andre del av Dr\u00f8bak fotoklubbs jubileumsutstilling 2020 - NSFF Magasin | Norsk Selskap for Fotografi","description":"P\u00e5 tampen av 2020 feirer Dr\u00f8bak fotoklubb b\u00e5de 10-\u00e5rsjubileum og runding av 50 medlemmer. Her kan du se andre og siste del av deres jubileumsutstilling.","robots":{"index":"index","follow":"follow","max-snippet":"max-snippet:-1","max-image-preview":"max-image-preview:large","max-video-preview":"max-video-preview:-1"},"canonical":"https:\/\/nsff.no\/magasinet\/2020\/12\/10\/andre-del-av-drobak-fotoklubbs-jubileumsutstilling-2020\/","og_locale":"nb_NO","og_type":"article","og_title":"Andre del av Dr\u00f8bak fotoklubbs jubileumsutstilling 2020 - NSFF Magasin | Norsk Selskap for Fotografi","og_description":"P\u00e5 tampen av 2020 feirer Dr\u00f8bak fotoklubb b\u00e5de 10-\u00e5rsjubileum og runding av 50 medlemmer. Her kan du se andre og siste del av deres jubileumsutstilling.","og_url":"https:\/\/nsff.no\/magasinet\/2020\/12\/10\/andre-del-av-drobak-fotoklubbs-jubileumsutstilling-2020\/","og_site_name":"NSFF Magasin | Norsk Selskap for Fotografi","article_published_time":"2020-12-10T14:40:08+00:00","article_modified_time":"2020-12-15T15:10:55+00:00","og_image":[{"width":1200,"height":630,"url":"https:\/\/nsff.no\/magasinet\/wp-content\/uploads\/sites\/2\/2020\/12\/drobakjubileum2020.jpg","type":"image\/jpeg"}],"author":"Birgit Fostervold","twitter_card":"summary_large_image","twitter_misc":{"Skrevet av":"Birgit Fostervold","Ansl. lesetid":"1 minutt"},"schema":{"@context":"https:\/\/schema.org","@graph":[{"@type":"Article","@id":"https:\/\/nsff.no\/magasinet\/2020\/12\/10\/andre-del-av-drobak-fotoklubbs-jubileumsutstilling-2020\/#article","isPartOf":{"@id":"https:\/\/nsff.no\/magasinet\/2020\/12\/10\/andre-del-av-drobak-fotoklubbs-jubileumsutstilling-2020\/"},"author":{"name":"Birgit Fostervold","@id":"https:\/\/nsff.no\/magasinet\/#\/schema\/person\/da041f968afa9bee0293372491a98303"},"headline":"Andre del av Dr\u00f8bak fotoklubbs jubileumsutstilling 2020","datePublished":"2020-12-10T14:40:08+00:00","dateModified":"2020-12-15T15:10:55+00:00","mainEntityOfPage":{"@id":"https:\/\/nsff.no\/magasinet\/2020\/12\/10\/andre-del-av-drobak-fotoklubbs-jubileumsutstilling-2020\/"},"wordCount":157,"commentCount":0,"publisher":{"@id":"https:\/\/nsff.no\/magasinet\/#organization"},"image":{"@id":"https:\/\/nsff.no\/magasinet\/2020\/12\/10\/andre-del-av-drobak-fotoklubbs-jubileumsutstilling-2020\/#primaryimage"},"thumbnailUrl":"https:\/\/nsff.no\/magasinet\/wp-content\/uploads\/sites\/2\/2020\/12\/drobakjubileum2020.jpg","keywords":["10 \u00e5rs-jubileum","2020","Dr\u00f8bak fotoklubb","fotoutstilling"],"articleSection":["Klubb"],"inLanguage":"nb-NO","potentialAction":[{"@type":"CommentAction","name":"Comment","target":["https:\/\/nsff.no\/magasinet\/2020\/12\/10\/andre-del-av-drobak-fotoklubbs-jubileumsutstilling-2020\/#respond"]}]},{"@type":"WebPage","@id":"https:\/\/nsff.no\/magasinet\/2020\/12\/10\/andre-del-av-drobak-fotoklubbs-jubileumsutstilling-2020\/","url":"https:\/\/nsff.no\/magasinet\/2020\/12\/10\/andre-del-av-drobak-fotoklubbs-jubileumsutstilling-2020\/","name":"Andre del av Dr\u00f8bak fotoklubbs jubileumsutstilling 2020 - NSFF Magasin | Norsk Selskap for Fotografi","isPartOf":{"@id":"https:\/\/nsff.no\/magasinet\/#website"},"primaryImageOfPage":{"@id":"https:\/\/nsff.no\/magasinet\/2020\/12\/10\/andre-del-av-drobak-fotoklubbs-jubileumsutstilling-2020\/#primaryimage"},"image":{"@id":"https:\/\/nsff.no\/magasinet\/2020\/12\/10\/andre-del-av-drobak-fotoklubbs-jubileumsutstilling-2020\/#primaryimage"},"thumbnailUrl":"https:\/\/nsff.no\/magasinet\/wp-content\/uploads\/sites\/2\/2020\/12\/drobakjubileum2020.jpg","datePublished":"2020-12-10T14:40:08+00:00","dateModified":"2020-12-15T15:10:55+00:00","description":"P\u00e5 tampen av 2020 feirer Dr\u00f8bak fotoklubb b\u00e5de 10-\u00e5rsjubileum og runding av 50 medlemmer. Her kan du se andre og siste del av deres jubileumsutstilling.","breadcrumb":{"@id":"https:\/\/nsff.no\/magasinet\/2020\/12\/10\/andre-del-av-drobak-fotoklubbs-jubileumsutstilling-2020\/#breadcrumb"},"inLanguage":"nb-NO","potentialAction":[{"@type":"ReadAction","target":["https:\/\/nsff.no\/magasinet\/2020\/12\/10\/andre-del-av-drobak-fotoklubbs-jubileumsutstilling-2020\/"]}]},{"@type":"ImageObject","inLanguage":"nb-NO","@id":"https:\/\/nsff.no\/magasinet\/2020\/12\/10\/andre-del-av-drobak-fotoklubbs-jubileumsutstilling-2020\/#primaryimage","url":"https:\/\/nsff.no\/magasinet\/wp-content\/uploads\/sites\/2\/2020\/12\/drobakjubileum2020.jpg","contentUrl":"https:\/\/nsff.no\/magasinet\/wp-content\/uploads\/sites\/2\/2020\/12\/drobakjubileum2020.jpg","width":1200,"height":630,"caption":"Dr\u00f8bak jubileum 2020"},{"@type":"BreadcrumbList","@id":"https:\/\/nsff.no\/magasinet\/2020\/12\/10\/andre-del-av-drobak-fotoklubbs-jubileumsutstilling-2020\/#breadcrumb","itemListElement":[{"@type":"ListItem","position":1,"name":"Hjem","item":"https:\/\/nsff.no\/magasinet\/"},{"@type":"ListItem","position":2,"name":"Andre del av Dr\u00f8bak fotoklubbs jubileumsutstilling 2020"}]},{"@type":"WebSite","@id":"https:\/\/nsff.no\/magasinet\/#website","url":"https:\/\/nsff.no\/magasinet\/","name":"NSFF Magasin | Norsk Selskap for Fotografi","description":"Medlemsmagasin for film- og fotoentusiaster","publisher":{"@id":"https:\/\/nsff.no\/magasinet\/#organization"},"potentialAction":[{"@type":"SearchAction","target":{"@type":"EntryPoint","urlTemplate":"https:\/\/nsff.no\/magasinet\/?s={search_term_string}"},"query-input":{"@type":"PropertyValueSpecification","valueRequired":true,"valueName":"search_term_string"}}],"inLanguage":"nb-NO"},{"@type":"Organization","@id":"https:\/\/nsff.no\/magasinet\/#organization","name":"Norsk Selskap for Fotografo","url":"https:\/\/nsff.no\/magasinet\/","logo":{"@type":"ImageObject","inLanguage":"nb-NO","@id":"https:\/\/nsff.no\/magasinet\/#\/schema\/logo\/image\/","url":"https:\/\/nsff.no\/magasinet\/wp-content\/uploads\/sites\/2\/2016\/05\/NSFF-fb-lenkebilde.png","contentUrl":"https:\/\/nsff.no\/magasinet\/wp-content\/uploads\/sites\/2\/2016\/05\/NSFF-fb-lenkebilde.png","width":1,"height":1,"caption":"Norsk Selskap for Fotografo"},"image":{"@id":"https:\/\/nsff.no\/magasinet\/#\/schema\/logo\/image\/"}},{"@type":"Person","@id":"https:\/\/nsff.no\/magasinet\/#\/schema\/person\/da041f968afa9bee0293372491a98303","name":"Birgit Fostervold","image":{"@type":"ImageObject","inLanguage":"nb-NO","@id":"https:\/\/secure.gravatar.com\/avatar\/d8b31664a01c80eecbf53f36dc41fa676bbfe7c78cb2391937a62f88da897950?s=96&d=mm&r=g","url":"https:\/\/secure.gravatar.com\/avatar\/d8b31664a01c80eecbf53f36dc41fa676bbfe7c78cb2391937a62f88da897950?s=96&d=mm&r=g","contentUrl":"https:\/\/secure.gravatar.com\/avatar\/d8b31664a01c80eecbf53f36dc41fa676bbfe7c78cb2391937a62f88da897950?s=96&d=mm&r=g","caption":"Birgit Fostervold"},"description":"EsNSFF, HonENFFF, medlem i Homborsund fotoklubb og Arendal fotoklubb. Styremedlem NSFF, Nordisk Forbund for Fotografi og Norsk Naturfotofestival. Tidl. nestleder og konst.leder NSFF (2017\u201322), tidl. redakt\u00f8r for NSFF Magasin (2016\u201322).","sameAs":["https:\/\/lensbirdie.no","https:\/\/instagram.com\/knipselyst\/"],"url":"https:\/\/nsff.no\/magasinet\/author\/birgitf\/"}]}},"_links":{"self":[{"href":"https:\/\/nsff.no\/magasinet\/wp-json\/wp\/v2\/posts\/9333","targetHints":{"allow":["GET"]}}],"collection":[{"href":"https:\/\/nsff.no\/magasinet\/wp-json\/wp\/v2\/posts"}],"about":[{"href":"https:\/\/nsff.no\/magasinet\/wp-json\/wp\/v2\/types\/post"}],"author":[{"embeddable":true,"href":"https:\/\/nsff.no\/magasinet\/wp-json\/wp\/v2\/users\/7"}],"replies":[{"embeddable":true,"href":"https:\/\/nsff.no\/magasinet\/wp-json\/wp\/v2\/comments?post=9333"}],"version-history":[{"count":4,"href":"https:\/\/nsff.no\/magasinet\/wp-json\/wp\/v2\/posts\/9333\/revisions"}],"predecessor-version":[{"id":9339,"href":"https:\/\/nsff.no\/magasinet\/wp-json\/wp\/v2\/posts\/9333\/revisions\/9339"}],"wp:featuredmedia":[{"embeddable":true,"href":"https:\/\/nsff.no\/magasinet\/wp-json\/wp\/v2\/media\/9336"}],"wp:attachment":[{"href":"https:\/\/nsff.no\/magasinet\/wp-json\/wp\/v2\/media?parent=9333"}],"wp:term":[{"taxonomy":"category","embeddable":true,"href":"https:\/\/nsff.no\/magasinet\/wp-json\/wp\/v2\/categories?post=9333"},{"taxonomy":"post_tag","embeddable":true,"href":"https:\/\/nsff.no\/magasinet\/wp-json\/wp\/v2\/tags?post=9333"}],"curies":[{"name":"wp","href":"https:\/\/api.w.org\/{rel}","templated":true}]}}