{"id":9294,"date":"2020-12-06T18:24:53","date_gmt":"2020-12-06T17:24:53","guid":{"rendered":"https:\/\/nsff.no\/magasinet\/?p=9294"},"modified":"2022-03-27T12:09:09","modified_gmt":"2022-03-27T10:09:09","slug":"norgesmester-i-foto-2020-nina-carlsen-lukkertid","status":"publish","type":"post","link":"https:\/\/nsff.no\/magasinet\/2020\/12\/06\/norgesmester-i-foto-2020-nina-carlsen-lukkertid\/","title":{"rendered":"Norgesmester i foto 2020: Nina Carlsen (Lukkertid)"},"content":{"rendered":"<p>[et_pb_section fb_built=&raquo;1&#8243; _builder_version=&raquo;3.22&#8243;][et_pb_row _builder_version=&raquo;3.25&#8243; background_size=&raquo;initial&raquo; background_position=&raquo;top_left&raquo; background_repeat=&raquo;repeat&raquo;][et_pb_column type=&raquo;4_4&#8243; _builder_version=&raquo;3.0.47&#8243; custom_padding=&raquo;|||&raquo; custom_padding__hover=&raquo;|||&raquo;][et_pb_text _builder_version=&raquo;4.7.4&#8243; hover_enabled=&raquo;0&#8243; z_index_tablet=&raquo;500&#8243; text_text_shadow_horizontal_length_tablet=&raquo;0px&raquo; text_text_shadow_vertical_length_tablet=&raquo;0px&raquo; text_text_shadow_blur_strength_tablet=&raquo;1px&raquo; link_text_shadow_horizontal_length_tablet=&raquo;0px&raquo; link_text_shadow_vertical_length_tablet=&raquo;0px&raquo; link_text_shadow_blur_strength_tablet=&raquo;1px&raquo; ul_text_shadow_horizontal_length_tablet=&raquo;0px&raquo; ul_text_shadow_vertical_length_tablet=&raquo;0px&raquo; ul_text_shadow_blur_strength_tablet=&raquo;1px&raquo; ol_text_shadow_horizontal_length_tablet=&raquo;0px&raquo; ol_text_shadow_vertical_length_tablet=&raquo;0px&raquo; ol_text_shadow_blur_strength_tablet=&raquo;1px&raquo; quote_text_shadow_horizontal_length_tablet=&raquo;0px&raquo; quote_text_shadow_vertical_length_tablet=&raquo;0px&raquo; quote_text_shadow_blur_strength_tablet=&raquo;1px&raquo; header_text_shadow_horizontal_length_tablet=&raquo;0px&raquo; header_text_shadow_vertical_length_tablet=&raquo;0px&raquo; header_text_shadow_blur_strength_tablet=&raquo;1px&raquo; header_2_text_shadow_horizontal_length_tablet=&raquo;0px&raquo; header_2_text_shadow_vertical_length_tablet=&raquo;0px&raquo; header_2_text_shadow_blur_strength_tablet=&raquo;1px&raquo; header_3_text_shadow_horizontal_length_tablet=&raquo;0px&raquo; header_3_text_shadow_vertical_length_tablet=&raquo;0px&raquo; header_3_text_shadow_blur_strength_tablet=&raquo;1px&raquo; header_4_text_shadow_horizontal_length_tablet=&raquo;0px&raquo; header_4_text_shadow_vertical_length_tablet=&raquo;0px&raquo; header_4_text_shadow_blur_strength_tablet=&raquo;1px&raquo; header_5_text_shadow_horizontal_length_tablet=&raquo;0px&raquo; header_5_text_shadow_vertical_length_tablet=&raquo;0px&raquo; header_5_text_shadow_blur_strength_tablet=&raquo;1px&raquo; header_6_text_shadow_horizontal_length_tablet=&raquo;0px&raquo; header_6_text_shadow_vertical_length_tablet=&raquo;0px&raquo; header_6_text_shadow_blur_strength_tablet=&raquo;1px&raquo; box_shadow_horizontal_tablet=&raquo;0px&raquo; box_shadow_vertical_tablet=&raquo;0px&raquo; box_shadow_blur_tablet=&raquo;40px&raquo; box_shadow_spread_tablet=&raquo;0px&raquo; sticky_enabled=&raquo;0&#8243;]<strong><a href=\"https:\/\/nsff.no\/blog\/2020\/11\/17\/norgesmeister-i-foto-2020\/\">Nina Carlsen fra stavangerklubben Lukkertid forsvarte tittelen i \u00e5rets norgesmesterskap<\/a>. Hun gikk seirende ut av b\u00e5de v\u00e5r- og h\u00f8strunden, og sto til slutt med hele 17 poeng mer enn nestemann p\u00e5 listen.<\/strong><\/p>\n<p>I v\u00e5rrunden la Nina et godt grunnlag med b\u00e5de 2. og 3. plass i klassen <em>Kreativ<\/em>, samt 3. plass i <em>\u00c5pen klasse, monokrom<\/em> \u2014 i tillegg til fire hederlige omtaler og ytterlige to antatte bilder fordelt over flere klasser. I sammendraget plasserte dette henne fem poeng foran nummer to.<\/p>\n<p>I h\u00f8strunden slo hun s\u00e5 til med f\u00f8rsteplass i klassen med bundet tema\u00a0<em>Eventyr<\/em>, tok p\u00e5 ny 2. plass i <em>Kreativ<\/em> og hanket inn til sammen ni antatte bilder. Med hele \u00e5tte poeng mer enn nestemann \u2014 faktisk hele tre personer p\u00e5 delt andreplass \u2014 p\u00e5 h\u00f8stlista, ble det alts\u00e5 <a href=\"https:\/\/app.box.com\/s\/mlunyinpuxcxlsfzr4kec9627wslvw3l\">en klar sammenlagtseier<\/a> til den kreative fotografen med det s\u00e6regne uttrykket. Det kan nevnes at det ble levert inn rett i underkant av 10.000 bilder\u00a0til sammen, i de to NM-rundene 2020.<\/p>\n<p>Vi gratulerer hjerteligst og viser her de premierte bildene hennes til inspirasjon! <a href=\"https:\/\/nsff.no\/magasinet\/2019\/11\/07\/norgesmester-i-foto-2019-nina-carlsen-fra-lukkertid\/\">Fjor\u00e5rsbildene hennes ser du her.<\/a><br \/>\nSom i fjor <a href=\"https:\/\/www.gbnett.no\/nina-fra-algard-vant-foto-nm-for-andre-ar-pa-rad-ganske-surrealistisk\/s\/5-102-279622\">f\u00f8lger lokalavisa Gjesdalbuen opp med artikkel<\/a> (<a href=\"https:\/\/nsff.no\/magasinet\/wp-content\/uploads\/sites\/2\/2020\/12\/Gjesdalbuen_Nina-fra-Aalgaard-vant-foto-NM-for-andre-aar-paa-rad.pdf\" rel=\"attachment wp-att-9319\">PDF-faksimile her<\/a>).<\/p>\n<p><em>Bla deg gjennom bildekarusellen nedenfor (p\u00e5 pc\/mac anbefales \u00e5 klikke p\u00e5 f\u00f8rste bildet og deretter bruke piltaster):<\/em>[\/et_pb_text][et_pb_gallery gallery_ids=&raquo;9287,9292,9290,9282,9275,9280,9274,9277,9291,9283,9285,9288,9289,9281,9284,9278,9279,9276,9273,9286&#8243; fullwidth=&raquo;on&raquo; _builder_version=&raquo;4.7.4&#8243; _module_preset=&raquo;default&raquo;][\/et_pb_gallery][\/et_pb_column][\/et_pb_row][\/et_pb_section]<\/p>\n","protected":false},"excerpt":{"rendered":"<p>Nina Carlsen fra stavangerklubben Lukkertid forsvarte tittelen i \u00e5rets norgesmesterskap, med seier i b\u00e5de v\u00e5r- og h\u00f8strunden.<\/p>\n","protected":false},"author":7,"featured_media":9282,"comment_status":"open","ping_status":"open","sticky":false,"template":"","format":"standard","meta":{"_et_pb_use_builder":"on","_et_pb_old_content":"","_et_gb_content_width":"","footnotes":""},"categories":[17,90],"tags":[788,770,84,813],"class_list":["post-9294","post","type-post","status-publish","format-standard","has-post-thumbnail","hentry","category-medlemmer","category-presentasjoner","tag-788","tag-nina-carlsen","tag-nm-i-foto","tag-norgesmester","et-has-post-format-content","et_post_format-et-post-format-standard"],"yoast_head":"<!-- This site is optimized with the Yoast SEO plugin v27.5 - https:\/\/yoast.com\/product\/yoast-seo-wordpress\/ -->\n<title>Norgesmester i foto 2020: Nina Carlsen (Lukkertid) - NSFF Magasin | Norsk Selskap for Fotografi<\/title>\n<meta name=\"description\" content=\"Nina Carlsen fra stavangerklubben Lukkertid forsvarte tittelen i \u00e5rets norgesmesterskap, med seier i b\u00e5de v\u00e5r- og h\u00f8strunden.\" \/>\n<meta name=\"robots\" content=\"index, follow, max-snippet:-1, max-image-preview:large, max-video-preview:-1\" \/>\n<link rel=\"canonical\" href=\"https:\/\/nsff.no\/magasinet\/2020\/12\/06\/norgesmester-i-foto-2020-nina-carlsen-lukkertid\/\" \/>\n<meta property=\"og:locale\" content=\"nb_NO\" \/>\n<meta property=\"og:type\" content=\"article\" \/>\n<meta property=\"og:title\" content=\"Norgesmester i foto 2020: Nina Carlsen (Lukkertid) - NSFF Magasin | Norsk Selskap for Fotografi\" \/>\n<meta property=\"og:description\" content=\"Nina Carlsen fra stavangerklubben Lukkertid forsvarte tittelen i \u00e5rets norgesmesterskap, med seier i b\u00e5de v\u00e5r- og h\u00f8strunden.\" \/>\n<meta property=\"og:url\" content=\"https:\/\/nsff.no\/magasinet\/2020\/12\/06\/norgesmester-i-foto-2020-nina-carlsen-lukkertid\/\" \/>\n<meta property=\"og:site_name\" content=\"NSFF Magasin | Norsk Selskap for Fotografi\" \/>\n<meta property=\"article:published_time\" content=\"2020-12-06T17:24:53+00:00\" \/>\n<meta property=\"article:modified_time\" content=\"2022-03-27T10:09:09+00:00\" \/>\n<meta property=\"og:image\" content=\"https:\/\/nsff.no\/magasinet\/wp-content\/uploads\/sites\/2\/2020\/12\/NinaCarlsen_2020_10.jpg\" \/>\n\t<meta property=\"og:image:width\" content=\"2400\" \/>\n\t<meta property=\"og:image:height\" content=\"1805\" \/>\n\t<meta property=\"og:image:type\" content=\"image\/jpeg\" \/>\n<meta name=\"author\" content=\"Birgit Fostervold\" \/>\n<meta name=\"twitter:card\" content=\"summary_large_image\" \/>\n<meta name=\"twitter:label1\" content=\"Skrevet av\" \/>\n\t<meta name=\"twitter:data1\" content=\"Birgit Fostervold\" \/>\n\t<meta name=\"twitter:label2\" content=\"Ansl. lesetid\" \/>\n\t<meta name=\"twitter:data2\" content=\"3 minutter\" \/>\n<script type=\"application\/ld+json\" class=\"yoast-schema-graph\">{\"@context\":\"https:\\\/\\\/schema.org\",\"@graph\":[{\"@type\":\"Article\",\"@id\":\"https:\\\/\\\/nsff.no\\\/magasinet\\\/2020\\\/12\\\/06\\\/norgesmester-i-foto-2020-nina-carlsen-lukkertid\\\/#article\",\"isPartOf\":{\"@id\":\"https:\\\/\\\/nsff.no\\\/magasinet\\\/2020\\\/12\\\/06\\\/norgesmester-i-foto-2020-nina-carlsen-lukkertid\\\/\"},\"author\":{\"name\":\"Birgit Fostervold\",\"@id\":\"https:\\\/\\\/nsff.no\\\/magasinet\\\/#\\\/schema\\\/person\\\/da041f968afa9bee0293372491a98303\"},\"headline\":\"Norgesmester i foto 2020: Nina Carlsen (Lukkertid)\",\"datePublished\":\"2020-12-06T17:24:53+00:00\",\"dateModified\":\"2022-03-27T10:09:09+00:00\",\"mainEntityOfPage\":{\"@id\":\"https:\\\/\\\/nsff.no\\\/magasinet\\\/2020\\\/12\\\/06\\\/norgesmester-i-foto-2020-nina-carlsen-lukkertid\\\/\"},\"wordCount\":539,\"commentCount\":3,\"publisher\":{\"@id\":\"https:\\\/\\\/nsff.no\\\/magasinet\\\/#organization\"},\"image\":{\"@id\":\"https:\\\/\\\/nsff.no\\\/magasinet\\\/2020\\\/12\\\/06\\\/norgesmester-i-foto-2020-nina-carlsen-lukkertid\\\/#primaryimage\"},\"thumbnailUrl\":\"https:\\\/\\\/nsff.no\\\/magasinet\\\/wp-content\\\/uploads\\\/sites\\\/2\\\/2020\\\/12\\\/NinaCarlsen_2020_10.jpg\",\"keywords\":[\"2020\",\"Nina Carlsen\",\"nm i foto\",\"norgesmester\"],\"articleSection\":[\"Medlemmer\",\"Presentasjoner\"],\"inLanguage\":\"nb-NO\",\"potentialAction\":[{\"@type\":\"CommentAction\",\"name\":\"Comment\",\"target\":[\"https:\\\/\\\/nsff.no\\\/magasinet\\\/2020\\\/12\\\/06\\\/norgesmester-i-foto-2020-nina-carlsen-lukkertid\\\/#respond\"]}]},{\"@type\":\"WebPage\",\"@id\":\"https:\\\/\\\/nsff.no\\\/magasinet\\\/2020\\\/12\\\/06\\\/norgesmester-i-foto-2020-nina-carlsen-lukkertid\\\/\",\"url\":\"https:\\\/\\\/nsff.no\\\/magasinet\\\/2020\\\/12\\\/06\\\/norgesmester-i-foto-2020-nina-carlsen-lukkertid\\\/\",\"name\":\"Norgesmester i foto 2020: Nina Carlsen (Lukkertid) - NSFF Magasin | Norsk Selskap for Fotografi\",\"isPartOf\":{\"@id\":\"https:\\\/\\\/nsff.no\\\/magasinet\\\/#website\"},\"primaryImageOfPage\":{\"@id\":\"https:\\\/\\\/nsff.no\\\/magasinet\\\/2020\\\/12\\\/06\\\/norgesmester-i-foto-2020-nina-carlsen-lukkertid\\\/#primaryimage\"},\"image\":{\"@id\":\"https:\\\/\\\/nsff.no\\\/magasinet\\\/2020\\\/12\\\/06\\\/norgesmester-i-foto-2020-nina-carlsen-lukkertid\\\/#primaryimage\"},\"thumbnailUrl\":\"https:\\\/\\\/nsff.no\\\/magasinet\\\/wp-content\\\/uploads\\\/sites\\\/2\\\/2020\\\/12\\\/NinaCarlsen_2020_10.jpg\",\"datePublished\":\"2020-12-06T17:24:53+00:00\",\"dateModified\":\"2022-03-27T10:09:09+00:00\",\"description\":\"Nina Carlsen fra stavangerklubben Lukkertid forsvarte tittelen i \u00e5rets norgesmesterskap, med seier i b\u00e5de v\u00e5r- og h\u00f8strunden.\",\"breadcrumb\":{\"@id\":\"https:\\\/\\\/nsff.no\\\/magasinet\\\/2020\\\/12\\\/06\\\/norgesmester-i-foto-2020-nina-carlsen-lukkertid\\\/#breadcrumb\"},\"inLanguage\":\"nb-NO\",\"potentialAction\":[{\"@type\":\"ReadAction\",\"target\":[\"https:\\\/\\\/nsff.no\\\/magasinet\\\/2020\\\/12\\\/06\\\/norgesmester-i-foto-2020-nina-carlsen-lukkertid\\\/\"]}]},{\"@type\":\"ImageObject\",\"inLanguage\":\"nb-NO\",\"@id\":\"https:\\\/\\\/nsff.no\\\/magasinet\\\/2020\\\/12\\\/06\\\/norgesmester-i-foto-2020-nina-carlsen-lukkertid\\\/#primaryimage\",\"url\":\"https:\\\/\\\/nsff.no\\\/magasinet\\\/wp-content\\\/uploads\\\/sites\\\/2\\\/2020\\\/12\\\/NinaCarlsen_2020_10.jpg\",\"contentUrl\":\"https:\\\/\\\/nsff.no\\\/magasinet\\\/wp-content\\\/uploads\\\/sites\\\/2\\\/2020\\\/12\\\/NinaCarlsen_2020_10.jpg\",\"width\":2400,\"height\":1805,\"caption\":\"Nina Carlsen \\\"Drowning...\\\". 2. plass Kreativt h\u00f8st 2020\"},{\"@type\":\"BreadcrumbList\",\"@id\":\"https:\\\/\\\/nsff.no\\\/magasinet\\\/2020\\\/12\\\/06\\\/norgesmester-i-foto-2020-nina-carlsen-lukkertid\\\/#breadcrumb\",\"itemListElement\":[{\"@type\":\"ListItem\",\"position\":1,\"name\":\"Hjem\",\"item\":\"https:\\\/\\\/nsff.no\\\/magasinet\\\/\"},{\"@type\":\"ListItem\",\"position\":2,\"name\":\"Norgesmester i foto 2020: Nina Carlsen (Lukkertid)\"}]},{\"@type\":\"WebSite\",\"@id\":\"https:\\\/\\\/nsff.no\\\/magasinet\\\/#website\",\"url\":\"https:\\\/\\\/nsff.no\\\/magasinet\\\/\",\"name\":\"NSFF Magasin | Norsk Selskap for Fotografi\",\"description\":\"Medlemsmagasin for film- og fotoentusiaster\",\"publisher\":{\"@id\":\"https:\\\/\\\/nsff.no\\\/magasinet\\\/#organization\"},\"potentialAction\":[{\"@type\":\"SearchAction\",\"target\":{\"@type\":\"EntryPoint\",\"urlTemplate\":\"https:\\\/\\\/nsff.no\\\/magasinet\\\/?s={search_term_string}\"},\"query-input\":{\"@type\":\"PropertyValueSpecification\",\"valueRequired\":true,\"valueName\":\"search_term_string\"}}],\"inLanguage\":\"nb-NO\"},{\"@type\":\"Organization\",\"@id\":\"https:\\\/\\\/nsff.no\\\/magasinet\\\/#organization\",\"name\":\"Norsk Selskap for Fotografo\",\"url\":\"https:\\\/\\\/nsff.no\\\/magasinet\\\/\",\"logo\":{\"@type\":\"ImageObject\",\"inLanguage\":\"nb-NO\",\"@id\":\"https:\\\/\\\/nsff.no\\\/magasinet\\\/#\\\/schema\\\/logo\\\/image\\\/\",\"url\":\"https:\\\/\\\/nsff.no\\\/magasinet\\\/wp-content\\\/uploads\\\/sites\\\/2\\\/2016\\\/05\\\/NSFF-fb-lenkebilde.png\",\"contentUrl\":\"https:\\\/\\\/nsff.no\\\/magasinet\\\/wp-content\\\/uploads\\\/sites\\\/2\\\/2016\\\/05\\\/NSFF-fb-lenkebilde.png\",\"width\":1,\"height\":1,\"caption\":\"Norsk Selskap for Fotografo\"},\"image\":{\"@id\":\"https:\\\/\\\/nsff.no\\\/magasinet\\\/#\\\/schema\\\/logo\\\/image\\\/\"}},{\"@type\":\"Person\",\"@id\":\"https:\\\/\\\/nsff.no\\\/magasinet\\\/#\\\/schema\\\/person\\\/da041f968afa9bee0293372491a98303\",\"name\":\"Birgit Fostervold\",\"image\":{\"@type\":\"ImageObject\",\"inLanguage\":\"nb-NO\",\"@id\":\"https:\\\/\\\/secure.gravatar.com\\\/avatar\\\/d8b31664a01c80eecbf53f36dc41fa676bbfe7c78cb2391937a62f88da897950?s=96&d=mm&r=g\",\"url\":\"https:\\\/\\\/secure.gravatar.com\\\/avatar\\\/d8b31664a01c80eecbf53f36dc41fa676bbfe7c78cb2391937a62f88da897950?s=96&d=mm&r=g\",\"contentUrl\":\"https:\\\/\\\/secure.gravatar.com\\\/avatar\\\/d8b31664a01c80eecbf53f36dc41fa676bbfe7c78cb2391937a62f88da897950?s=96&d=mm&r=g\",\"caption\":\"Birgit Fostervold\"},\"description\":\"EsNSFF, HonENFFF, medlem i Homborsund fotoklubb og Arendal fotoklubb. Styremedlem NSFF, Nordisk Forbund for Fotografi og Norsk Naturfotofestival. Tidl. nestleder og konst.leder NSFF (2017\u201322), tidl. redakt\u00f8r for NSFF Magasin (2016\u201322).\",\"sameAs\":[\"https:\\\/\\\/lensbirdie.no\",\"https:\\\/\\\/instagram.com\\\/knipselyst\\\/\"],\"url\":\"https:\\\/\\\/nsff.no\\\/magasinet\\\/author\\\/birgitf\\\/\"}]}<\/script>\n<!-- \/ Yoast SEO plugin. -->","yoast_head_json":{"title":"Norgesmester i foto 2020: Nina Carlsen (Lukkertid) - NSFF Magasin | Norsk Selskap for Fotografi","description":"Nina Carlsen fra stavangerklubben Lukkertid forsvarte tittelen i \u00e5rets norgesmesterskap, med seier i b\u00e5de v\u00e5r- og h\u00f8strunden.","robots":{"index":"index","follow":"follow","max-snippet":"max-snippet:-1","max-image-preview":"max-image-preview:large","max-video-preview":"max-video-preview:-1"},"canonical":"https:\/\/nsff.no\/magasinet\/2020\/12\/06\/norgesmester-i-foto-2020-nina-carlsen-lukkertid\/","og_locale":"nb_NO","og_type":"article","og_title":"Norgesmester i foto 2020: Nina Carlsen (Lukkertid) - NSFF Magasin | Norsk Selskap for Fotografi","og_description":"Nina Carlsen fra stavangerklubben Lukkertid forsvarte tittelen i \u00e5rets norgesmesterskap, med seier i b\u00e5de v\u00e5r- og h\u00f8strunden.","og_url":"https:\/\/nsff.no\/magasinet\/2020\/12\/06\/norgesmester-i-foto-2020-nina-carlsen-lukkertid\/","og_site_name":"NSFF Magasin | Norsk Selskap for Fotografi","article_published_time":"2020-12-06T17:24:53+00:00","article_modified_time":"2022-03-27T10:09:09+00:00","og_image":[{"width":2400,"height":1805,"url":"https:\/\/nsff.no\/magasinet\/wp-content\/uploads\/sites\/2\/2020\/12\/NinaCarlsen_2020_10.jpg","type":"image\/jpeg"}],"author":"Birgit Fostervold","twitter_card":"summary_large_image","twitter_misc":{"Skrevet av":"Birgit Fostervold","Ansl. lesetid":"3 minutter"},"schema":{"@context":"https:\/\/schema.org","@graph":[{"@type":"Article","@id":"https:\/\/nsff.no\/magasinet\/2020\/12\/06\/norgesmester-i-foto-2020-nina-carlsen-lukkertid\/#article","isPartOf":{"@id":"https:\/\/nsff.no\/magasinet\/2020\/12\/06\/norgesmester-i-foto-2020-nina-carlsen-lukkertid\/"},"author":{"name":"Birgit Fostervold","@id":"https:\/\/nsff.no\/magasinet\/#\/schema\/person\/da041f968afa9bee0293372491a98303"},"headline":"Norgesmester i foto 2020: Nina Carlsen (Lukkertid)","datePublished":"2020-12-06T17:24:53+00:00","dateModified":"2022-03-27T10:09:09+00:00","mainEntityOfPage":{"@id":"https:\/\/nsff.no\/magasinet\/2020\/12\/06\/norgesmester-i-foto-2020-nina-carlsen-lukkertid\/"},"wordCount":539,"commentCount":3,"publisher":{"@id":"https:\/\/nsff.no\/magasinet\/#organization"},"image":{"@id":"https:\/\/nsff.no\/magasinet\/2020\/12\/06\/norgesmester-i-foto-2020-nina-carlsen-lukkertid\/#primaryimage"},"thumbnailUrl":"https:\/\/nsff.no\/magasinet\/wp-content\/uploads\/sites\/2\/2020\/12\/NinaCarlsen_2020_10.jpg","keywords":["2020","Nina Carlsen","nm i foto","norgesmester"],"articleSection":["Medlemmer","Presentasjoner"],"inLanguage":"nb-NO","potentialAction":[{"@type":"CommentAction","name":"Comment","target":["https:\/\/nsff.no\/magasinet\/2020\/12\/06\/norgesmester-i-foto-2020-nina-carlsen-lukkertid\/#respond"]}]},{"@type":"WebPage","@id":"https:\/\/nsff.no\/magasinet\/2020\/12\/06\/norgesmester-i-foto-2020-nina-carlsen-lukkertid\/","url":"https:\/\/nsff.no\/magasinet\/2020\/12\/06\/norgesmester-i-foto-2020-nina-carlsen-lukkertid\/","name":"Norgesmester i foto 2020: Nina Carlsen (Lukkertid) - NSFF Magasin | Norsk Selskap for Fotografi","isPartOf":{"@id":"https:\/\/nsff.no\/magasinet\/#website"},"primaryImageOfPage":{"@id":"https:\/\/nsff.no\/magasinet\/2020\/12\/06\/norgesmester-i-foto-2020-nina-carlsen-lukkertid\/#primaryimage"},"image":{"@id":"https:\/\/nsff.no\/magasinet\/2020\/12\/06\/norgesmester-i-foto-2020-nina-carlsen-lukkertid\/#primaryimage"},"thumbnailUrl":"https:\/\/nsff.no\/magasinet\/wp-content\/uploads\/sites\/2\/2020\/12\/NinaCarlsen_2020_10.jpg","datePublished":"2020-12-06T17:24:53+00:00","dateModified":"2022-03-27T10:09:09+00:00","description":"Nina Carlsen fra stavangerklubben Lukkertid forsvarte tittelen i \u00e5rets norgesmesterskap, med seier i b\u00e5de v\u00e5r- og h\u00f8strunden.","breadcrumb":{"@id":"https:\/\/nsff.no\/magasinet\/2020\/12\/06\/norgesmester-i-foto-2020-nina-carlsen-lukkertid\/#breadcrumb"},"inLanguage":"nb-NO","potentialAction":[{"@type":"ReadAction","target":["https:\/\/nsff.no\/magasinet\/2020\/12\/06\/norgesmester-i-foto-2020-nina-carlsen-lukkertid\/"]}]},{"@type":"ImageObject","inLanguage":"nb-NO","@id":"https:\/\/nsff.no\/magasinet\/2020\/12\/06\/norgesmester-i-foto-2020-nina-carlsen-lukkertid\/#primaryimage","url":"https:\/\/nsff.no\/magasinet\/wp-content\/uploads\/sites\/2\/2020\/12\/NinaCarlsen_2020_10.jpg","contentUrl":"https:\/\/nsff.no\/magasinet\/wp-content\/uploads\/sites\/2\/2020\/12\/NinaCarlsen_2020_10.jpg","width":2400,"height":1805,"caption":"Nina Carlsen \"Drowning...\". 2. plass Kreativt h\u00f8st 2020"},{"@type":"BreadcrumbList","@id":"https:\/\/nsff.no\/magasinet\/2020\/12\/06\/norgesmester-i-foto-2020-nina-carlsen-lukkertid\/#breadcrumb","itemListElement":[{"@type":"ListItem","position":1,"name":"Hjem","item":"https:\/\/nsff.no\/magasinet\/"},{"@type":"ListItem","position":2,"name":"Norgesmester i foto 2020: Nina Carlsen (Lukkertid)"}]},{"@type":"WebSite","@id":"https:\/\/nsff.no\/magasinet\/#website","url":"https:\/\/nsff.no\/magasinet\/","name":"NSFF Magasin | Norsk Selskap for Fotografi","description":"Medlemsmagasin for film- og fotoentusiaster","publisher":{"@id":"https:\/\/nsff.no\/magasinet\/#organization"},"potentialAction":[{"@type":"SearchAction","target":{"@type":"EntryPoint","urlTemplate":"https:\/\/nsff.no\/magasinet\/?s={search_term_string}"},"query-input":{"@type":"PropertyValueSpecification","valueRequired":true,"valueName":"search_term_string"}}],"inLanguage":"nb-NO"},{"@type":"Organization","@id":"https:\/\/nsff.no\/magasinet\/#organization","name":"Norsk Selskap for Fotografo","url":"https:\/\/nsff.no\/magasinet\/","logo":{"@type":"ImageObject","inLanguage":"nb-NO","@id":"https:\/\/nsff.no\/magasinet\/#\/schema\/logo\/image\/","url":"https:\/\/nsff.no\/magasinet\/wp-content\/uploads\/sites\/2\/2016\/05\/NSFF-fb-lenkebilde.png","contentUrl":"https:\/\/nsff.no\/magasinet\/wp-content\/uploads\/sites\/2\/2016\/05\/NSFF-fb-lenkebilde.png","width":1,"height":1,"caption":"Norsk Selskap for Fotografo"},"image":{"@id":"https:\/\/nsff.no\/magasinet\/#\/schema\/logo\/image\/"}},{"@type":"Person","@id":"https:\/\/nsff.no\/magasinet\/#\/schema\/person\/da041f968afa9bee0293372491a98303","name":"Birgit Fostervold","image":{"@type":"ImageObject","inLanguage":"nb-NO","@id":"https:\/\/secure.gravatar.com\/avatar\/d8b31664a01c80eecbf53f36dc41fa676bbfe7c78cb2391937a62f88da897950?s=96&d=mm&r=g","url":"https:\/\/secure.gravatar.com\/avatar\/d8b31664a01c80eecbf53f36dc41fa676bbfe7c78cb2391937a62f88da897950?s=96&d=mm&r=g","contentUrl":"https:\/\/secure.gravatar.com\/avatar\/d8b31664a01c80eecbf53f36dc41fa676bbfe7c78cb2391937a62f88da897950?s=96&d=mm&r=g","caption":"Birgit Fostervold"},"description":"EsNSFF, HonENFFF, medlem i Homborsund fotoklubb og Arendal fotoklubb. Styremedlem NSFF, Nordisk Forbund for Fotografi og Norsk Naturfotofestival. Tidl. nestleder og konst.leder NSFF (2017\u201322), tidl. redakt\u00f8r for NSFF Magasin (2016\u201322).","sameAs":["https:\/\/lensbirdie.no","https:\/\/instagram.com\/knipselyst\/"],"url":"https:\/\/nsff.no\/magasinet\/author\/birgitf\/"}]}},"_links":{"self":[{"href":"https:\/\/nsff.no\/magasinet\/wp-json\/wp\/v2\/posts\/9294","targetHints":{"allow":["GET"]}}],"collection":[{"href":"https:\/\/nsff.no\/magasinet\/wp-json\/wp\/v2\/posts"}],"about":[{"href":"https:\/\/nsff.no\/magasinet\/wp-json\/wp\/v2\/types\/post"}],"author":[{"embeddable":true,"href":"https:\/\/nsff.no\/magasinet\/wp-json\/wp\/v2\/users\/7"}],"replies":[{"embeddable":true,"href":"https:\/\/nsff.no\/magasinet\/wp-json\/wp\/v2\/comments?post=9294"}],"version-history":[{"count":14,"href":"https:\/\/nsff.no\/magasinet\/wp-json\/wp\/v2\/posts\/9294\/revisions"}],"predecessor-version":[{"id":9321,"href":"https:\/\/nsff.no\/magasinet\/wp-json\/wp\/v2\/posts\/9294\/revisions\/9321"}],"wp:featuredmedia":[{"embeddable":true,"href":"https:\/\/nsff.no\/magasinet\/wp-json\/wp\/v2\/media\/9282"}],"wp:attachment":[{"href":"https:\/\/nsff.no\/magasinet\/wp-json\/wp\/v2\/media?parent=9294"}],"wp:term":[{"taxonomy":"category","embeddable":true,"href":"https:\/\/nsff.no\/magasinet\/wp-json\/wp\/v2\/categories?post=9294"},{"taxonomy":"post_tag","embeddable":true,"href":"https:\/\/nsff.no\/magasinet\/wp-json\/wp\/v2\/tags?post=9294"}],"curies":[{"name":"wp","href":"https:\/\/api.w.org\/{rel}","templated":true}]}}