{"id":9050,"date":"2020-05-25T10:48:56","date_gmt":"2020-05-25T08:48:56","guid":{"rendered":"https:\/\/nsff.no\/magasinet\/?p=9050"},"modified":"2020-05-25T10:50:37","modified_gmt":"2020-05-25T08:50:37","slug":"prosjekt-dynamikk-og-harmoni","status":"publish","type":"post","link":"https:\/\/nsff.no\/magasinet\/2020\/05\/25\/prosjekt-dynamikk-og-harmoni\/","title":{"rendered":"Prosjekt: Dynamikk og Harmoni"},"content":{"rendered":"<p>[et_pb_section fb_built=&raquo;1&#8243; _builder_version=&raquo;3.22&#8243;][et_pb_row _builder_version=&raquo;3.25&#8243; background_size=&raquo;initial&raquo; background_position=&raquo;top_left&raquo; background_repeat=&raquo;repeat&raquo;][et_pb_column type=&raquo;4_4&#8243; _builder_version=&raquo;3.25&#8243; custom_padding=&raquo;|||&raquo; custom_padding__hover=&raquo;|||&raquo;][et_pb_text _builder_version=&raquo;4.4.7&#8243; background_size=&raquo;initial&raquo; background_position=&raquo;top_left&raquo; background_repeat=&raquo;repeat&raquo; hover_enabled=&raquo;0&#8243;]<\/p>\n<p><strong>Fotografering har i dag blitt tilgjengelig for alle. Det er mye takket v\u00e6re den revolusjonerende utvikling av mobiltelefonen, men ogs\u00e5 ved at mer avanserte digitalkamera har blitt tilgjengelig for folk flest. Moderne digitale kamera, enten det er mobiltelefonen eller et rent fotoapparat, har med sitt brukervennlige grensesnitt og n\u00e6r ubegrenset lagringskapasitet, dramatisk endret m\u00e5ten vi fotograferer p\u00e5. <\/strong><\/p>\n<p>V\u00e5r eksistens i sosiale medier som Facebook, Pinterest, Instagram og 500px har selvf\u00f8lgelig ogs\u00e5 en betydelig innvirkning p\u00e5 hvordan vi deler v\u00e5re bilder. Utviklingen av sosiale medier skjer raskt, med mye innovasjon og oppdateringer, s\u00e5 det er bare \u00e5 henge med om en ikke skal bli teknologisk akterutseilt.<\/p>\n<p>Et fotografi er et viktig verkt\u00f8y for \u00e5 dokumentere v\u00e5r tilstedev\u00e6relse. Og i dag knipses alt av alle. Soloppganger, bikkjer og barn fotograferes i hundretalls hvert eneste sekund. Og det kan v\u00e6re bra for de enkeltindividene som \u00f8nsker \u00e5 knipse bilder til en stadig \u00f8kende dokumentarisk database. En mindre god trend er at alle p\u00e5 d\u00f8d og liv skal fotograferer\/filme alt de kommer over,\u2013 det knipses bilder fra ulykker og av andre hjelpel\u00f8se mennesker som ikke kan gj\u00f8re motstand eller engang kan fortelle at dette vil de ikke v\u00e6re med p\u00e5. Jeg oppfatter det som en trend at det er viktigere \u00e5 formidle at en var der, fremfor \u00e5 lage et godt fotografi som kan v\u00e6re til glede for en selv og andre i ettertiden.<\/p>\n<p>I begynnelsen av forrige \u00e5rhundre ble den 28. president Woodrow Wilson spurt om hvor lang tid han brukte p\u00e5 \u00e5 forberede en god tale. &laquo;Tiden jeg trenger for \u00e5 forberede talen er helt avhengig av hvor lang den skal v\u00e6re&raquo;, svarte han. &laquo;En tale som varer mindre enn ti minutt trenger jeg to uker p\u00e5 \u00e5 forberede&raquo;, fortsatte han. &laquo;Men, om jeg kan st\u00e5 \u00e5 prate s\u00e5 lenge jeg \u00f8nsker, s\u00e5 kan jeg begynne \u00e5 prate med en gang&raquo;.<\/p>\n<p>Slik er det med fotografering ogs\u00e5 dersom en bytter ut ord med bilder. For meg handler fotografering om mer enn \u00e5 fylle opp harddiskene med halvveis gode og d\u00e5rlige bilder. Jeg er p\u00e5 jakt etter de f\u00e5 gode fotografiene som er vakkert, dekorativt, eller med en fortelling som kan glede eller provosere. I denne lille fotoserien som jeg har kalt &laquo;Dynamisk harmoni&raquo;, har jeg f\u00e5tt med meg den profesjonelle danseren Jeanett Wesst\u00f8l. Vi har spilt p\u00e5 de kompositoriske motsetningene dynamikk og harmoni. Dynamikken er uttrykt gjennom Jeanetts kraft, intensitet og bevegelse. Mens den avbildede posituren, fargepalett og \u00f8vrig komposisjon er harmonisk.<\/p>\n<p><em>(For alle fotografiene: Leica S + 70mm Summarit 1\/125s @ f\/5,6 ISO100)<\/em><\/p>\n<p>[\/et_pb_text][et_pb_gallery gallery_ids=&raquo;9053,9055,9054&#8243; posts_number=&raquo;3&#8243; orientation=&raquo;portrait&raquo; show_title_and_caption=&raquo;off&raquo; _builder_version=&raquo;4.4.7&#8243;][\/et_pb_gallery][\/et_pb_column][\/et_pb_row][\/et_pb_section]<\/p>\n","protected":false},"excerpt":{"rendered":"<p>I fotoserien &laquo;Dynamisk harmoni&raquo; spiller Tom Erik Smedal og den profesjonelle danseren Jeanett Wesst\u00f8l p\u00e5 de kompositoriske motsetningene dynamikk og harmoni.<\/p>\n","protected":false},"author":83,"featured_media":9055,"comment_status":"open","ping_status":"open","sticky":false,"template":"","format":"standard","meta":{"_et_pb_use_builder":"on","_et_pb_old_content":"<blockquote class=\"\"><div class=\"\"><div class=\"\"><strong>Fotografering har i dag blitt tilgjengelig for alle. Det er mye takket v\u00e6re den revolusjonerende utvikling av mobiltelefonen, men ogs\u00e5 ved at mer avanserte digitalkamera har blitt tilgjengelig for folk flest. Moderne digitale kamera, enten det er mobiltelefonen eller et rent fotoapparat, har med sitt brukervennlige grensesnitt og n\u00e6r ubegrenset lagringskapasitet, dramatisk endret m\u00e5ten vi fotograferer p\u00e5. <\/strong><\/div><div>\u00a0<\/div><div class=\"\">V\u00e5r eksistens i sosiale medier som Facebook, Pinterest, Instagram og 500px har selvf\u00f8lgelig ogs\u00e5 en betydelig innvirkning p\u00e5 hvordan vi deler v\u00e5re bilder. Utviklingen av sosiale medier skjer raskt, med mye innovasjon og oppdateringer, s\u00e5 det er bare \u00e5 henge med om en ikke skal bli teknologisk akterutseilt.<br class=\"\" \/><br class=\"\" \/>Et fotografi er et viktig verkt\u00f8y for \u00e5 dokumentere v\u00e5r tilstedev\u00e6relse. Og i dag knipses alt av alle. Soloppganger, bikkjer og barn fotograferes i hundretalls hvert eneste sekund. Og det kan v\u00e6re bra for de enkeltindividene som \u00f8nsker \u00e5 knipse bilder til en stadig \u00f8kende dokumentarisk database. En mindre god trend er at alle p\u00e5 d\u00f8d og liv skal fotograferer\/filme alt de kommer over,\u2013 det knipses bilder fra ulykker og av andre hjelpel\u00f8se mennesker som ikke kan gj\u00f8re motstand eller engang kan fortelle at dette vil de ikke v\u00e6re med p\u00e5. Jeg oppfatter det som en trend at det er viktigere \u00e5 formidle at en var der, fremfor \u00e5 lage et godt fotografi som kan v\u00e6re til glede for en selv og andre i ettertiden.<br class=\"\" \/><br class=\"\" \/>I begynnelsen av forrige \u00e5rhundre ble den 28. president Woodrow Wilson spurt om hvor lang tid han brukte p\u00e5 \u00e5 forberede en god tale. \"T<em class=\"\">iden jeg trenger for \u00e5 forberede talen er helt avhengig av hvor lang den skal v\u00e6re<\/em>\", svarte han. \"<em class=\"\">En tale som varer mindre enn ti minutt trenger jeg to uker p\u00e5 \u00e5 forberede<\/em>\", fortsatte han. \"<em class=\"\">Men, om jeg kan st\u00e5 \u00e5 prate s\u00e5 lenge jeg \u00f8nsker, s\u00e5 kan jeg begynne \u00e5 prate med en gang<\/em>\".<br class=\"\" \/><br class=\"\" \/>Slik er det med fotografering ogs\u00e5 dersom en bytter ut ord med bilder. For meg handler fotografering om mer enn \u00e5 fylle opp harddiskene med halvveis gode og d\u00e5rlige bilder. Jeg er p\u00e5 jakt etter de f\u00e5 gode fotografiene som er vakkert, dekorativt, eller med en fortelling som kan glede eller provosere. I denne lille fotoserien som jeg har kalt \"Dynamisk harmoni\", har jeg f\u00e5tt med meg den profesjonelle danseren Jeanett Wesst\u00f8l. Vi har spilt p\u00e5 de kompositoriske motsetningene dynamikk og harmoni. Dynamikken er uttrykt gjennom Jeanetts kraft, intensitet og bevegelse. Mens den avbildede posituren, fargepalett og \u00f8vrig komposisjon er harmonisk. <br class=\"\" \/><br class=\"\" \/><em class=\"\">(For alle fotografiene: Leica S + 70mm Summarit 1\/125s @ f\/5,6 ISO100)<\/em><\/div><\/div><\/blockquote>","_et_gb_content_width":"","footnotes":""},"categories":[64,91],"tags":[788,760],"class_list":["post-9050","post","type-post","status-publish","format-standard","has-post-thumbnail","hentry","category-fotoprosjekter","category-inspirasjon","tag-788","tag-tom-erik-smedal","et-has-post-format-content","et_post_format-et-post-format-standard"],"yoast_head":"<!-- This site is optimized with the Yoast SEO plugin v27.5 - https:\/\/yoast.com\/product\/yoast-seo-wordpress\/ -->\n<title>Prosjekt: Dynamikk og Harmoni - NSFF Magasin | Norsk Selskap for Fotografi<\/title>\n<meta name=\"description\" content=\"I fotoserien &quot;Dynamisk harmoni&quot; spiller Tom Erik Smedal og den profesjonelle danseren Jeanett Wesst\u00f8l p\u00e5 de kompositoriske motsetningene dynamikk og harmoni.\" \/>\n<meta name=\"robots\" content=\"index, follow, max-snippet:-1, max-image-preview:large, max-video-preview:-1\" \/>\n<link rel=\"canonical\" href=\"https:\/\/nsff.no\/magasinet\/2020\/05\/25\/prosjekt-dynamikk-og-harmoni\/\" \/>\n<meta property=\"og:locale\" content=\"nb_NO\" \/>\n<meta property=\"og:type\" content=\"article\" \/>\n<meta property=\"og:title\" content=\"Prosjekt: Dynamikk og Harmoni - NSFF Magasin | Norsk Selskap for Fotografi\" \/>\n<meta property=\"og:description\" content=\"I fotoserien &quot;Dynamisk harmoni&quot; spiller Tom Erik Smedal og den profesjonelle danseren Jeanett Wesst\u00f8l p\u00e5 de kompositoriske motsetningene dynamikk og harmoni.\" \/>\n<meta property=\"og:url\" content=\"https:\/\/nsff.no\/magasinet\/2020\/05\/25\/prosjekt-dynamikk-og-harmoni\/\" \/>\n<meta property=\"og:site_name\" content=\"NSFF Magasin | Norsk Selskap for Fotografi\" \/>\n<meta property=\"article:published_time\" content=\"2020-05-25T08:48:56+00:00\" \/>\n<meta property=\"article:modified_time\" content=\"2020-05-25T08:50:37+00:00\" \/>\n<meta property=\"og:image\" content=\"https:\/\/nsff.no\/magasinet\/wp-content\/uploads\/sites\/2\/2020\/05\/Picture00129_Perfect-harmony.jpg\" \/>\n\t<meta property=\"og:image:width\" content=\"1920\" \/>\n\t<meta property=\"og:image:height\" content=\"1920\" \/>\n\t<meta property=\"og:image:type\" content=\"image\/jpeg\" \/>\n<meta name=\"author\" content=\"Tom Erik Smedal\" \/>\n<meta name=\"twitter:card\" content=\"summary_large_image\" \/>\n<meta name=\"twitter:label1\" content=\"Skrevet av\" \/>\n\t<meta name=\"twitter:data1\" content=\"Tom Erik Smedal\" \/>\n\t<meta name=\"twitter:label2\" content=\"Ansl. lesetid\" \/>\n\t<meta name=\"twitter:data2\" content=\"3 minutter\" \/>\n<script type=\"application\/ld+json\" class=\"yoast-schema-graph\">{\"@context\":\"https:\\\/\\\/schema.org\",\"@graph\":[{\"@type\":\"Article\",\"@id\":\"https:\\\/\\\/nsff.no\\\/magasinet\\\/2020\\\/05\\\/25\\\/prosjekt-dynamikk-og-harmoni\\\/#article\",\"isPartOf\":{\"@id\":\"https:\\\/\\\/nsff.no\\\/magasinet\\\/2020\\\/05\\\/25\\\/prosjekt-dynamikk-og-harmoni\\\/\"},\"author\":{\"name\":\"Tom Erik Smedal\",\"@id\":\"https:\\\/\\\/nsff.no\\\/magasinet\\\/#\\\/schema\\\/person\\\/e62affce50d31d7da958cfc623de413a\"},\"headline\":\"Prosjekt: Dynamikk og Harmoni\",\"datePublished\":\"2020-05-25T08:48:56+00:00\",\"dateModified\":\"2020-05-25T08:50:37+00:00\",\"mainEntityOfPage\":{\"@id\":\"https:\\\/\\\/nsff.no\\\/magasinet\\\/2020\\\/05\\\/25\\\/prosjekt-dynamikk-og-harmoni\\\/\"},\"wordCount\":513,\"commentCount\":0,\"publisher\":{\"@id\":\"https:\\\/\\\/nsff.no\\\/magasinet\\\/#organization\"},\"image\":{\"@id\":\"https:\\\/\\\/nsff.no\\\/magasinet\\\/2020\\\/05\\\/25\\\/prosjekt-dynamikk-og-harmoni\\\/#primaryimage\"},\"thumbnailUrl\":\"https:\\\/\\\/nsff.no\\\/magasinet\\\/wp-content\\\/uploads\\\/sites\\\/2\\\/2020\\\/05\\\/Picture00129_Perfect-harmony.jpg\",\"keywords\":[\"2020\",\"Tom Erik Smedal\"],\"articleSection\":[\"Fotoprosjekter\",\"Inspirasjon\"],\"inLanguage\":\"nb-NO\",\"potentialAction\":[{\"@type\":\"CommentAction\",\"name\":\"Comment\",\"target\":[\"https:\\\/\\\/nsff.no\\\/magasinet\\\/2020\\\/05\\\/25\\\/prosjekt-dynamikk-og-harmoni\\\/#respond\"]}]},{\"@type\":\"WebPage\",\"@id\":\"https:\\\/\\\/nsff.no\\\/magasinet\\\/2020\\\/05\\\/25\\\/prosjekt-dynamikk-og-harmoni\\\/\",\"url\":\"https:\\\/\\\/nsff.no\\\/magasinet\\\/2020\\\/05\\\/25\\\/prosjekt-dynamikk-og-harmoni\\\/\",\"name\":\"Prosjekt: Dynamikk og Harmoni - NSFF Magasin | Norsk Selskap for Fotografi\",\"isPartOf\":{\"@id\":\"https:\\\/\\\/nsff.no\\\/magasinet\\\/#website\"},\"primaryImageOfPage\":{\"@id\":\"https:\\\/\\\/nsff.no\\\/magasinet\\\/2020\\\/05\\\/25\\\/prosjekt-dynamikk-og-harmoni\\\/#primaryimage\"},\"image\":{\"@id\":\"https:\\\/\\\/nsff.no\\\/magasinet\\\/2020\\\/05\\\/25\\\/prosjekt-dynamikk-og-harmoni\\\/#primaryimage\"},\"thumbnailUrl\":\"https:\\\/\\\/nsff.no\\\/magasinet\\\/wp-content\\\/uploads\\\/sites\\\/2\\\/2020\\\/05\\\/Picture00129_Perfect-harmony.jpg\",\"datePublished\":\"2020-05-25T08:48:56+00:00\",\"dateModified\":\"2020-05-25T08:50:37+00:00\",\"description\":\"I fotoserien \\\"Dynamisk harmoni\\\" spiller Tom Erik Smedal og den profesjonelle danseren Jeanett Wesst\u00f8l p\u00e5 de kompositoriske motsetningene dynamikk og harmoni.\",\"breadcrumb\":{\"@id\":\"https:\\\/\\\/nsff.no\\\/magasinet\\\/2020\\\/05\\\/25\\\/prosjekt-dynamikk-og-harmoni\\\/#breadcrumb\"},\"inLanguage\":\"nb-NO\",\"potentialAction\":[{\"@type\":\"ReadAction\",\"target\":[\"https:\\\/\\\/nsff.no\\\/magasinet\\\/2020\\\/05\\\/25\\\/prosjekt-dynamikk-og-harmoni\\\/\"]}]},{\"@type\":\"ImageObject\",\"inLanguage\":\"nb-NO\",\"@id\":\"https:\\\/\\\/nsff.no\\\/magasinet\\\/2020\\\/05\\\/25\\\/prosjekt-dynamikk-og-harmoni\\\/#primaryimage\",\"url\":\"https:\\\/\\\/nsff.no\\\/magasinet\\\/wp-content\\\/uploads\\\/sites\\\/2\\\/2020\\\/05\\\/Picture00129_Perfect-harmony.jpg\",\"contentUrl\":\"https:\\\/\\\/nsff.no\\\/magasinet\\\/wp-content\\\/uploads\\\/sites\\\/2\\\/2020\\\/05\\\/Picture00129_Perfect-harmony.jpg\",\"width\":1920,\"height\":1920,\"caption\":\"Dynamisk harmoni (foto: Tom Erik Smedal)\"},{\"@type\":\"BreadcrumbList\",\"@id\":\"https:\\\/\\\/nsff.no\\\/magasinet\\\/2020\\\/05\\\/25\\\/prosjekt-dynamikk-og-harmoni\\\/#breadcrumb\",\"itemListElement\":[{\"@type\":\"ListItem\",\"position\":1,\"name\":\"Hjem\",\"item\":\"https:\\\/\\\/nsff.no\\\/magasinet\\\/\"},{\"@type\":\"ListItem\",\"position\":2,\"name\":\"Prosjekt: Dynamikk og Harmoni\"}]},{\"@type\":\"WebSite\",\"@id\":\"https:\\\/\\\/nsff.no\\\/magasinet\\\/#website\",\"url\":\"https:\\\/\\\/nsff.no\\\/magasinet\\\/\",\"name\":\"NSFF Magasin | Norsk Selskap for Fotografi\",\"description\":\"Medlemsmagasin for film- og fotoentusiaster\",\"publisher\":{\"@id\":\"https:\\\/\\\/nsff.no\\\/magasinet\\\/#organization\"},\"potentialAction\":[{\"@type\":\"SearchAction\",\"target\":{\"@type\":\"EntryPoint\",\"urlTemplate\":\"https:\\\/\\\/nsff.no\\\/magasinet\\\/?s={search_term_string}\"},\"query-input\":{\"@type\":\"PropertyValueSpecification\",\"valueRequired\":true,\"valueName\":\"search_term_string\"}}],\"inLanguage\":\"nb-NO\"},{\"@type\":\"Organization\",\"@id\":\"https:\\\/\\\/nsff.no\\\/magasinet\\\/#organization\",\"name\":\"Norsk Selskap for Fotografo\",\"url\":\"https:\\\/\\\/nsff.no\\\/magasinet\\\/\",\"logo\":{\"@type\":\"ImageObject\",\"inLanguage\":\"nb-NO\",\"@id\":\"https:\\\/\\\/nsff.no\\\/magasinet\\\/#\\\/schema\\\/logo\\\/image\\\/\",\"url\":\"https:\\\/\\\/nsff.no\\\/magasinet\\\/wp-content\\\/uploads\\\/sites\\\/2\\\/2016\\\/05\\\/NSFF-fb-lenkebilde.png\",\"contentUrl\":\"https:\\\/\\\/nsff.no\\\/magasinet\\\/wp-content\\\/uploads\\\/sites\\\/2\\\/2016\\\/05\\\/NSFF-fb-lenkebilde.png\",\"width\":1,\"height\":1,\"caption\":\"Norsk Selskap for Fotografo\"},\"image\":{\"@id\":\"https:\\\/\\\/nsff.no\\\/magasinet\\\/#\\\/schema\\\/logo\\\/image\\\/\"}},{\"@type\":\"Person\",\"@id\":\"https:\\\/\\\/nsff.no\\\/magasinet\\\/#\\\/schema\\\/person\\\/e62affce50d31d7da958cfc623de413a\",\"name\":\"Tom Erik Smedal\",\"image\":{\"@type\":\"ImageObject\",\"inLanguage\":\"nb-NO\",\"@id\":\"https:\\\/\\\/secure.gravatar.com\\\/avatar\\\/c27f597cd5ad64707f868638ec17f066d378d4b6a06368cd65b83baeb361b137?s=96&d=mm&r=g\",\"url\":\"https:\\\/\\\/secure.gravatar.com\\\/avatar\\\/c27f597cd5ad64707f868638ec17f066d378d4b6a06368cd65b83baeb361b137?s=96&d=mm&r=g\",\"contentUrl\":\"https:\\\/\\\/secure.gravatar.com\\\/avatar\\\/c27f597cd5ad64707f868638ec17f066d378d4b6a06368cd65b83baeb361b137?s=96&d=mm&r=g\",\"caption\":\"Tom Erik Smedal\"},\"description\":\"ENSFF, AFIAP, NSMiF\\\/b. Medlem i Fotosalongen.\",\"sameAs\":[\"https:\\\/\\\/tomeriksmedal.no\"],\"url\":\"https:\\\/\\\/nsff.no\\\/magasinet\\\/author\\\/tesmedal\\\/\"}]}<\/script>\n<!-- \/ Yoast SEO plugin. -->","yoast_head_json":{"title":"Prosjekt: Dynamikk og Harmoni - NSFF Magasin | Norsk Selskap for Fotografi","description":"I fotoserien \"Dynamisk harmoni\" spiller Tom Erik Smedal og den profesjonelle danseren Jeanett Wesst\u00f8l p\u00e5 de kompositoriske motsetningene dynamikk og harmoni.","robots":{"index":"index","follow":"follow","max-snippet":"max-snippet:-1","max-image-preview":"max-image-preview:large","max-video-preview":"max-video-preview:-1"},"canonical":"https:\/\/nsff.no\/magasinet\/2020\/05\/25\/prosjekt-dynamikk-og-harmoni\/","og_locale":"nb_NO","og_type":"article","og_title":"Prosjekt: Dynamikk og Harmoni - NSFF Magasin | Norsk Selskap for Fotografi","og_description":"I fotoserien \"Dynamisk harmoni\" spiller Tom Erik Smedal og den profesjonelle danseren Jeanett Wesst\u00f8l p\u00e5 de kompositoriske motsetningene dynamikk og harmoni.","og_url":"https:\/\/nsff.no\/magasinet\/2020\/05\/25\/prosjekt-dynamikk-og-harmoni\/","og_site_name":"NSFF Magasin | Norsk Selskap for Fotografi","article_published_time":"2020-05-25T08:48:56+00:00","article_modified_time":"2020-05-25T08:50:37+00:00","og_image":[{"width":1920,"height":1920,"url":"https:\/\/nsff.no\/magasinet\/wp-content\/uploads\/sites\/2\/2020\/05\/Picture00129_Perfect-harmony.jpg","type":"image\/jpeg"}],"author":"Tom Erik Smedal","twitter_card":"summary_large_image","twitter_misc":{"Skrevet av":"Tom Erik Smedal","Ansl. lesetid":"3 minutter"},"schema":{"@context":"https:\/\/schema.org","@graph":[{"@type":"Article","@id":"https:\/\/nsff.no\/magasinet\/2020\/05\/25\/prosjekt-dynamikk-og-harmoni\/#article","isPartOf":{"@id":"https:\/\/nsff.no\/magasinet\/2020\/05\/25\/prosjekt-dynamikk-og-harmoni\/"},"author":{"name":"Tom Erik Smedal","@id":"https:\/\/nsff.no\/magasinet\/#\/schema\/person\/e62affce50d31d7da958cfc623de413a"},"headline":"Prosjekt: Dynamikk og Harmoni","datePublished":"2020-05-25T08:48:56+00:00","dateModified":"2020-05-25T08:50:37+00:00","mainEntityOfPage":{"@id":"https:\/\/nsff.no\/magasinet\/2020\/05\/25\/prosjekt-dynamikk-og-harmoni\/"},"wordCount":513,"commentCount":0,"publisher":{"@id":"https:\/\/nsff.no\/magasinet\/#organization"},"image":{"@id":"https:\/\/nsff.no\/magasinet\/2020\/05\/25\/prosjekt-dynamikk-og-harmoni\/#primaryimage"},"thumbnailUrl":"https:\/\/nsff.no\/magasinet\/wp-content\/uploads\/sites\/2\/2020\/05\/Picture00129_Perfect-harmony.jpg","keywords":["2020","Tom Erik Smedal"],"articleSection":["Fotoprosjekter","Inspirasjon"],"inLanguage":"nb-NO","potentialAction":[{"@type":"CommentAction","name":"Comment","target":["https:\/\/nsff.no\/magasinet\/2020\/05\/25\/prosjekt-dynamikk-og-harmoni\/#respond"]}]},{"@type":"WebPage","@id":"https:\/\/nsff.no\/magasinet\/2020\/05\/25\/prosjekt-dynamikk-og-harmoni\/","url":"https:\/\/nsff.no\/magasinet\/2020\/05\/25\/prosjekt-dynamikk-og-harmoni\/","name":"Prosjekt: Dynamikk og Harmoni - NSFF Magasin | Norsk Selskap for Fotografi","isPartOf":{"@id":"https:\/\/nsff.no\/magasinet\/#website"},"primaryImageOfPage":{"@id":"https:\/\/nsff.no\/magasinet\/2020\/05\/25\/prosjekt-dynamikk-og-harmoni\/#primaryimage"},"image":{"@id":"https:\/\/nsff.no\/magasinet\/2020\/05\/25\/prosjekt-dynamikk-og-harmoni\/#primaryimage"},"thumbnailUrl":"https:\/\/nsff.no\/magasinet\/wp-content\/uploads\/sites\/2\/2020\/05\/Picture00129_Perfect-harmony.jpg","datePublished":"2020-05-25T08:48:56+00:00","dateModified":"2020-05-25T08:50:37+00:00","description":"I fotoserien \"Dynamisk harmoni\" spiller Tom Erik Smedal og den profesjonelle danseren Jeanett Wesst\u00f8l p\u00e5 de kompositoriske motsetningene dynamikk og harmoni.","breadcrumb":{"@id":"https:\/\/nsff.no\/magasinet\/2020\/05\/25\/prosjekt-dynamikk-og-harmoni\/#breadcrumb"},"inLanguage":"nb-NO","potentialAction":[{"@type":"ReadAction","target":["https:\/\/nsff.no\/magasinet\/2020\/05\/25\/prosjekt-dynamikk-og-harmoni\/"]}]},{"@type":"ImageObject","inLanguage":"nb-NO","@id":"https:\/\/nsff.no\/magasinet\/2020\/05\/25\/prosjekt-dynamikk-og-harmoni\/#primaryimage","url":"https:\/\/nsff.no\/magasinet\/wp-content\/uploads\/sites\/2\/2020\/05\/Picture00129_Perfect-harmony.jpg","contentUrl":"https:\/\/nsff.no\/magasinet\/wp-content\/uploads\/sites\/2\/2020\/05\/Picture00129_Perfect-harmony.jpg","width":1920,"height":1920,"caption":"Dynamisk harmoni (foto: Tom Erik Smedal)"},{"@type":"BreadcrumbList","@id":"https:\/\/nsff.no\/magasinet\/2020\/05\/25\/prosjekt-dynamikk-og-harmoni\/#breadcrumb","itemListElement":[{"@type":"ListItem","position":1,"name":"Hjem","item":"https:\/\/nsff.no\/magasinet\/"},{"@type":"ListItem","position":2,"name":"Prosjekt: Dynamikk og Harmoni"}]},{"@type":"WebSite","@id":"https:\/\/nsff.no\/magasinet\/#website","url":"https:\/\/nsff.no\/magasinet\/","name":"NSFF Magasin | Norsk Selskap for Fotografi","description":"Medlemsmagasin for film- og fotoentusiaster","publisher":{"@id":"https:\/\/nsff.no\/magasinet\/#organization"},"potentialAction":[{"@type":"SearchAction","target":{"@type":"EntryPoint","urlTemplate":"https:\/\/nsff.no\/magasinet\/?s={search_term_string}"},"query-input":{"@type":"PropertyValueSpecification","valueRequired":true,"valueName":"search_term_string"}}],"inLanguage":"nb-NO"},{"@type":"Organization","@id":"https:\/\/nsff.no\/magasinet\/#organization","name":"Norsk Selskap for Fotografo","url":"https:\/\/nsff.no\/magasinet\/","logo":{"@type":"ImageObject","inLanguage":"nb-NO","@id":"https:\/\/nsff.no\/magasinet\/#\/schema\/logo\/image\/","url":"https:\/\/nsff.no\/magasinet\/wp-content\/uploads\/sites\/2\/2016\/05\/NSFF-fb-lenkebilde.png","contentUrl":"https:\/\/nsff.no\/magasinet\/wp-content\/uploads\/sites\/2\/2016\/05\/NSFF-fb-lenkebilde.png","width":1,"height":1,"caption":"Norsk Selskap for Fotografo"},"image":{"@id":"https:\/\/nsff.no\/magasinet\/#\/schema\/logo\/image\/"}},{"@type":"Person","@id":"https:\/\/nsff.no\/magasinet\/#\/schema\/person\/e62affce50d31d7da958cfc623de413a","name":"Tom Erik Smedal","image":{"@type":"ImageObject","inLanguage":"nb-NO","@id":"https:\/\/secure.gravatar.com\/avatar\/c27f597cd5ad64707f868638ec17f066d378d4b6a06368cd65b83baeb361b137?s=96&d=mm&r=g","url":"https:\/\/secure.gravatar.com\/avatar\/c27f597cd5ad64707f868638ec17f066d378d4b6a06368cd65b83baeb361b137?s=96&d=mm&r=g","contentUrl":"https:\/\/secure.gravatar.com\/avatar\/c27f597cd5ad64707f868638ec17f066d378d4b6a06368cd65b83baeb361b137?s=96&d=mm&r=g","caption":"Tom Erik Smedal"},"description":"ENSFF, AFIAP, NSMiF\/b. Medlem i Fotosalongen.","sameAs":["https:\/\/tomeriksmedal.no"],"url":"https:\/\/nsff.no\/magasinet\/author\/tesmedal\/"}]}},"_links":{"self":[{"href":"https:\/\/nsff.no\/magasinet\/wp-json\/wp\/v2\/posts\/9050","targetHints":{"allow":["GET"]}}],"collection":[{"href":"https:\/\/nsff.no\/magasinet\/wp-json\/wp\/v2\/posts"}],"about":[{"href":"https:\/\/nsff.no\/magasinet\/wp-json\/wp\/v2\/types\/post"}],"author":[{"embeddable":true,"href":"https:\/\/nsff.no\/magasinet\/wp-json\/wp\/v2\/users\/83"}],"replies":[{"embeddable":true,"href":"https:\/\/nsff.no\/magasinet\/wp-json\/wp\/v2\/comments?post=9050"}],"version-history":[{"count":3,"href":"https:\/\/nsff.no\/magasinet\/wp-json\/wp\/v2\/posts\/9050\/revisions"}],"predecessor-version":[{"id":9058,"href":"https:\/\/nsff.no\/magasinet\/wp-json\/wp\/v2\/posts\/9050\/revisions\/9058"}],"wp:featuredmedia":[{"embeddable":true,"href":"https:\/\/nsff.no\/magasinet\/wp-json\/wp\/v2\/media\/9055"}],"wp:attachment":[{"href":"https:\/\/nsff.no\/magasinet\/wp-json\/wp\/v2\/media?parent=9050"}],"wp:term":[{"taxonomy":"category","embeddable":true,"href":"https:\/\/nsff.no\/magasinet\/wp-json\/wp\/v2\/categories?post=9050"},{"taxonomy":"post_tag","embeddable":true,"href":"https:\/\/nsff.no\/magasinet\/wp-json\/wp\/v2\/tags?post=9050"}],"curies":[{"name":"wp","href":"https:\/\/api.w.org\/{rel}","templated":true}]}}