{"id":8965,"date":"2020-04-04T13:49:47","date_gmt":"2020-04-04T11:49:47","guid":{"rendered":"http:\/\/nsff.no\/magasinet\/?p=8965"},"modified":"2020-04-13T18:05:14","modified_gmt":"2020-04-13T16:05:14","slug":"medlemsmoter-i-koronatider","status":"publish","type":"post","link":"https:\/\/nsff.no\/magasinet\/2020\/04\/04\/medlemsmoter-i-koronatider\/","title":{"rendered":"Medlemsm\u00f8ter i koronatider"},"content":{"rendered":"<p>[et_pb_section fb_built=&raquo;1&#8243; _builder_version=&raquo;3.22&#8243;][et_pb_row _builder_version=&raquo;3.25&#8243; background_size=&raquo;initial&raquo; background_position=&raquo;top_left&raquo; background_repeat=&raquo;repeat&raquo;][et_pb_column type=&raquo;4_4&#8243; _builder_version=&raquo;3.25&#8243; custom_padding=&raquo;|||&raquo; custom_padding__hover=&raquo;|||&raquo;][et_pb_text _builder_version=&raquo;4.4.2&#8243; background_size=&raquo;initial&raquo; background_position=&raquo;top_left&raquo; background_repeat=&raquo;repeat&raquo;]<\/p>\n<p><strong>I disse tider, der mye av forskjellige m\u00f8teaktiviteter ligger nede for telling p\u00e5 grunn av koronaviruset, m\u00e5 man fors\u00f8ke \u00e5 tenke litt alternativt for \u00e5 holde hum\u00f8ret og aktivitetene oppe!<\/strong><\/p>\n<p>I Sandnes fotoklubb fikk dyktige klubbmedlemmer i stand en fin m\u00e5te \u00e5 kunne avholde klubbm\u00f8ter p\u00e5, uten \u00e5 m\u00e5tte treffes fysisk. Sist torsdag, da vi skulle ha klubbm\u00f8te, m\u00e5tte vi finne p\u00e5 noe nytt og spennende. Det ble da laget en digital m\u00f8teplattform ved hjelp av programmet Microsoft Teams, der vi fikk med oss 13 av klubbens medlemmer i et nettm\u00f8te. Vi vet allerede at vi skal f\u00e5 med oss enda flere til mai-m\u00f8tet, som ogs\u00e5 mest sannsynlig m\u00e5 avholdes p\u00e5 denne m\u00e5ten?<\/p>\n<p>Bildene til kveldens klubbkonkurranser hadde vi sendt inn via e-post p\u00e5 forh\u00e5nd. Vi fikk snakket i lag, og vi fikk kommentert og diskuter alle bildene som var sendt inn.<\/p>\n<p>Dette var ikke s\u00e5 veldig vanskelig \u00e5 f\u00e5 i stand, og kan anbefales. Kan nevne at vi hadde med oss b\u00e5de unge ten\u00e5ringer og folk som er godt oppi \u00e5tti\u00e5rene p\u00e5 dette m\u00f8tet! Vi synes det er viktig \u00e5 holde moralen og hum\u00f8ret oppe, s\u00e5 derfor var dette en b\u00e5de god og viktig ting \u00e5 f\u00e5 til.<\/p>\n<p>H\u00e5per andre klubber ogs\u00e5 blir inspirert til \u00e5 pr\u00f8ve \u00e5 f\u00e5 til samme eller lignende l\u00f8sninger i sine klubber?<\/p>\n<p>Bildet som er lagt ved her, var vinnerbildet i sort\/hvittklassen, og er tatt av klubbmedlem Cato Berge.<\/p>\n<p><em>Dette tipset til gjennomf\u00f8ring av medlemsm\u00f8te ble opprinnelig delt p\u00e5 <a href=\"https:\/\/www.facebook.com\/groups\/klubbstyrer.nsff\/\">facebookgruppen for klubbstyrer<\/a> av nestleder i Sandnes fotoklubb John Bj\u00f8rklund.<\/em><\/p>\n<p>[\/et_pb_text][\/et_pb_column][\/et_pb_row][\/et_pb_section][et_pb_section fb_built=&raquo;1&#8243; _builder_version=&raquo;4.4.2&#8243; background_color=&raquo;rgba(12,113,195,0.25)&raquo;][et_pb_row _builder_version=&raquo;4.4.2&#8243;][et_pb_column type=&raquo;4_4&#8243; _builder_version=&raquo;4.4.2&#8243;][et_pb_image src=&raquo;http:\/\/nsff.no\/magasinet\/wp-content\/uploads\/sites\/2\/2020\/04\/92116862_2541598319398351_3998801924819255296_n.jpg&raquo; alt=&raquo;Medlemsm\u00f8te Arendal fotoklubb, via Zoom&raquo; title_text=&raquo;Medlemsm\u00f8te Arendal fotoklubb, via Zoom&raquo; show_in_lightbox=&raquo;on&raquo; _builder_version=&raquo;4.4.2&#8243;][\/et_pb_image][et_pb_text _builder_version=&raquo;4.4.2&#8243;]<\/p>\n<p><strong>Arendal fotoklubb f\u00f8lger opp, her med klubbleder Helge Akers ord:<\/strong><\/p>\n<p>Det skal mer til enn en et virus for \u00e5 knekke fotoaktivitetene i Arendal Fotoklubb. Vi har til n\u00e5 gjennomf\u00f8rt utvelgelse av bilder til klubb-NM, gjennomf\u00f8rt medlemsm\u00f8te med ca. 20 deltagere og n\u00e5 sist hatt gjennomgang av funksjoner i Adobe Photoshop.<\/p>\n<p>Ved alle disse gangene har vi benyttet Zoom som verkt\u00f8y for v\u00e5re videom\u00f8ter, noe som har fungert veldig bra.<\/p>\n<p>Medlemsm\u00f8tet 31. mars ble gjennomf\u00f8rt med alle v\u00e5re &laquo;vanlige&raquo; aktiviteter, bortsett fra kaffepause og utlodning. Det som var spesielt var at alle deltagerne satt hjemme foran hver v\u00e5r PC\/mobiltelefon.<\/p>\n<p>Bilde over er fra medlemsm\u00f8tet.<\/p>\n<p>[\/et_pb_text][\/et_pb_column][\/et_pb_row][\/et_pb_section][et_pb_section fb_built=&raquo;1&#8243; _builder_version=&raquo;4.4.2&#8243; background_enable_color=&raquo;off&raquo;][et_pb_row _builder_version=&raquo;4.4.2&#8243;][et_pb_column type=&raquo;4_4&#8243; _builder_version=&raquo;4.4.2&#8243;][et_pb_image src=&raquo;http:\/\/nsff.no\/magasinet\/wp-content\/uploads\/sites\/2\/2020\/04\/91867555_1105757779785471_5093593465141329920_o.jpg&raquo; alt=&raquo;Online medlemsm\u00f8te med Stavanger fotoklubb&raquo; title_text=&raquo;Online medlemsm\u00f8te med Stavanger fotoklubb&raquo; show_in_lightbox=&raquo;on&raquo; _builder_version=&raquo;4.4.2&#8243;][\/et_pb_image][et_pb_text _builder_version=&raquo;4.4.2&#8243;]<\/p>\n<p><strong>Stavanger Fotoklubb online! Innsendt av Rune Helliesen:<\/strong><\/p>\n<p>Siste tirsdag hver m\u00e5neden samles fotoentusiaster p\u00e5 J\u00e5tt\u00e5 mellom Stavanger og Sandnes for \u00e5 dele fotokompetanse og stemme frem m\u00e5nedens beste medlemsbilder.\u00a0Denne uken ble m\u00f8te ble flyttet &laquo;online&raquo;, p\u00e5 grunn av forbudet om \u00e5 samles i grupper p\u00e5 mer enn fem personer.<\/p>\n<p>Med kaffekoppen klar fra &laquo;hjemmekontoret&raquo; koblet 17 medlemmer seg p\u00e5 nett og gjennomf\u00f8rte medlemsm\u00f8te som vanlig ved hjelp av m\u00f8teverkt\u00f8yet Zoom. Formannen hadde som vanlig god informasjon og oppfordret til \u00e5 bruke denne perioden til \u00e5 ta bilder p\u00e5 turer og pr\u00f8ve ut ulike fotoprosjekter. Det ble informert om lokale fotomuligheter og konkurranser b\u00e5de i regi av NSSF og Rogaland naturvernforbund som er aktuelle n\u00e5 i april. Videre er det kjekt at klubbens medlemsgruppe blir brukt til \u00e5 dele gode tips og online treninger, samt avtale felles fototurer.<\/p>\n<p>Hovedhensikten med medlemsm\u00f8tene er kunnskapsdeling og l\u00e6ring gjennom vurdering og tilbakemelding p\u00e5 medlemmer egne bilder. Tilbakemelding ble gitt p\u00e5 teknikk, kvalitet og budskap, og innspill som kan heve kvaliteten p\u00e5 bilder blir alltid godt mottatt. Over tid har dette f\u00f8rt til en markant kvalitets\u00f8kning p\u00e5 alle medlemmers bilder, <a href=\"https:\/\/www.stavangerfotoklubb.no\/bilder\/\">noe som kan ses p\u00e5 nettsiden<\/a>.<\/p>\n<p>Skulle det fortsatt v\u00e6re restriksjoner p\u00e5 fysiske m\u00f8ter i slutten p\u00e5 april, var medlemmene samstemt om at det definitivt blir nytt online m\u00f8te.<\/p>\n<p>[\/et_pb_text][\/et_pb_column][\/et_pb_row][\/et_pb_section]<\/p>\n","protected":false},"excerpt":{"rendered":"<p>I disse tider, der m\u00f8teaktiviteter ligger nede for telling p\u00e5 grunn av koronaviruset, m\u00e5 man fors\u00f8ke \u00e5 tenke litt alternativt for \u00e5 holde hum\u00f8r og aktiviteter oppe!<\/p>\n","protected":false},"author":7,"featured_media":8973,"comment_status":"open","ping_status":"open","sticky":false,"template":"","format":"standard","meta":{"_et_pb_use_builder":"on","_et_pb_old_content":"","_et_gb_content_width":"","footnotes":""},"categories":[91,516],"tags":[788,794,514],"class_list":["post-8965","post","type-post","status-publish","format-standard","has-post-thumbnail","hentry","category-inspirasjon","category-kjappisen","tag-788","tag-korona","tag-medlemsmoter","et-has-post-format-content","et_post_format-et-post-format-standard"],"yoast_head":"<!-- This site is optimized with the Yoast SEO plugin v27.5 - https:\/\/yoast.com\/product\/yoast-seo-wordpress\/ -->\n<title>Medlemsm\u00f8ter i koronatider - NSFF Magasin | Norsk Selskap for Fotografi<\/title>\n<meta name=\"description\" content=\"I disse tider, der m\u00f8teaktiviteter ligger nede for telling p\u00e5 grunn av koronaviruset, m\u00e5 man fors\u00f8ke \u00e5 tenke litt alternativt for \u00e5 holde hum\u00f8r og aktiviteter oppe!\" \/>\n<meta name=\"robots\" content=\"index, follow, max-snippet:-1, max-image-preview:large, max-video-preview:-1\" \/>\n<link rel=\"canonical\" href=\"https:\/\/nsff.no\/magasinet\/2020\/04\/04\/medlemsmoter-i-koronatider\/\" \/>\n<meta property=\"og:locale\" content=\"nb_NO\" \/>\n<meta property=\"og:type\" content=\"article\" \/>\n<meta property=\"og:title\" content=\"Medlemsm\u00f8ter i koronatider - NSFF Magasin | Norsk Selskap for Fotografi\" \/>\n<meta property=\"og:description\" content=\"I disse tider, der m\u00f8teaktiviteter ligger nede for telling p\u00e5 grunn av koronaviruset, m\u00e5 man fors\u00f8ke \u00e5 tenke litt alternativt for \u00e5 holde hum\u00f8r og aktiviteter oppe!\" \/>\n<meta property=\"og:url\" content=\"https:\/\/nsff.no\/magasinet\/2020\/04\/04\/medlemsmoter-i-koronatider\/\" \/>\n<meta property=\"og:site_name\" content=\"NSFF Magasin | Norsk Selskap for Fotografi\" \/>\n<meta property=\"article:published_time\" content=\"2020-04-04T11:49:47+00:00\" \/>\n<meta property=\"article:modified_time\" content=\"2020-04-13T16:05:14+00:00\" \/>\n<meta property=\"og:image\" content=\"https:\/\/nsff.no\/magasinet\/wp-content\/uploads\/sites\/2\/2020\/04\/91780247_2630689337175576_7806870004200112128_o.jpg\" \/>\n\t<meta property=\"og:image:width\" content=\"960\" \/>\n\t<meta property=\"og:image:height\" content=\"640\" \/>\n\t<meta property=\"og:image:type\" content=\"image\/jpeg\" \/>\n<meta name=\"author\" content=\"Birgit Fostervold\" \/>\n<meta name=\"twitter:card\" content=\"summary_large_image\" \/>\n<meta name=\"twitter:label1\" content=\"Skrevet av\" \/>\n\t<meta name=\"twitter:data1\" content=\"Birgit Fostervold\" \/>\n\t<meta name=\"twitter:label2\" content=\"Ansl. lesetid\" \/>\n\t<meta name=\"twitter:data2\" content=\"4 minutter\" \/>\n<script type=\"application\/ld+json\" class=\"yoast-schema-graph\">{\"@context\":\"https:\\\/\\\/schema.org\",\"@graph\":[{\"@type\":\"Article\",\"@id\":\"https:\\\/\\\/nsff.no\\\/magasinet\\\/2020\\\/04\\\/04\\\/medlemsmoter-i-koronatider\\\/#article\",\"isPartOf\":{\"@id\":\"https:\\\/\\\/nsff.no\\\/magasinet\\\/2020\\\/04\\\/04\\\/medlemsmoter-i-koronatider\\\/\"},\"author\":{\"name\":\"Birgit Fostervold\",\"@id\":\"https:\\\/\\\/nsff.no\\\/magasinet\\\/#\\\/schema\\\/person\\\/da041f968afa9bee0293372491a98303\"},\"headline\":\"Medlemsm\u00f8ter i koronatider\",\"datePublished\":\"2020-04-04T11:49:47+00:00\",\"dateModified\":\"2020-04-13T16:05:14+00:00\",\"mainEntityOfPage\":{\"@id\":\"https:\\\/\\\/nsff.no\\\/magasinet\\\/2020\\\/04\\\/04\\\/medlemsmoter-i-koronatider\\\/\"},\"wordCount\":826,\"commentCount\":0,\"publisher\":{\"@id\":\"https:\\\/\\\/nsff.no\\\/magasinet\\\/#organization\"},\"image\":{\"@id\":\"https:\\\/\\\/nsff.no\\\/magasinet\\\/2020\\\/04\\\/04\\\/medlemsmoter-i-koronatider\\\/#primaryimage\"},\"thumbnailUrl\":\"https:\\\/\\\/nsff.no\\\/magasinet\\\/wp-content\\\/uploads\\\/sites\\\/2\\\/2020\\\/04\\\/91780247_2630689337175576_7806870004200112128_o.jpg\",\"keywords\":[\"2020\",\"korona\",\"medlemsm\u00f8ter\"],\"articleSection\":[\"Inspirasjon\",\"Kjappisen\"],\"inLanguage\":\"nb-NO\",\"potentialAction\":[{\"@type\":\"CommentAction\",\"name\":\"Comment\",\"target\":[\"https:\\\/\\\/nsff.no\\\/magasinet\\\/2020\\\/04\\\/04\\\/medlemsmoter-i-koronatider\\\/#respond\"]}]},{\"@type\":\"WebPage\",\"@id\":\"https:\\\/\\\/nsff.no\\\/magasinet\\\/2020\\\/04\\\/04\\\/medlemsmoter-i-koronatider\\\/\",\"url\":\"https:\\\/\\\/nsff.no\\\/magasinet\\\/2020\\\/04\\\/04\\\/medlemsmoter-i-koronatider\\\/\",\"name\":\"Medlemsm\u00f8ter i koronatider - NSFF Magasin | Norsk Selskap for Fotografi\",\"isPartOf\":{\"@id\":\"https:\\\/\\\/nsff.no\\\/magasinet\\\/#website\"},\"primaryImageOfPage\":{\"@id\":\"https:\\\/\\\/nsff.no\\\/magasinet\\\/2020\\\/04\\\/04\\\/medlemsmoter-i-koronatider\\\/#primaryimage\"},\"image\":{\"@id\":\"https:\\\/\\\/nsff.no\\\/magasinet\\\/2020\\\/04\\\/04\\\/medlemsmoter-i-koronatider\\\/#primaryimage\"},\"thumbnailUrl\":\"https:\\\/\\\/nsff.no\\\/magasinet\\\/wp-content\\\/uploads\\\/sites\\\/2\\\/2020\\\/04\\\/91780247_2630689337175576_7806870004200112128_o.jpg\",\"datePublished\":\"2020-04-04T11:49:47+00:00\",\"dateModified\":\"2020-04-13T16:05:14+00:00\",\"description\":\"I disse tider, der m\u00f8teaktiviteter ligger nede for telling p\u00e5 grunn av koronaviruset, m\u00e5 man fors\u00f8ke \u00e5 tenke litt alternativt for \u00e5 holde hum\u00f8r og aktiviteter oppe!\",\"breadcrumb\":{\"@id\":\"https:\\\/\\\/nsff.no\\\/magasinet\\\/2020\\\/04\\\/04\\\/medlemsmoter-i-koronatider\\\/#breadcrumb\"},\"inLanguage\":\"nb-NO\",\"potentialAction\":[{\"@type\":\"ReadAction\",\"target\":[\"https:\\\/\\\/nsff.no\\\/magasinet\\\/2020\\\/04\\\/04\\\/medlemsmoter-i-koronatider\\\/\"]}]},{\"@type\":\"ImageObject\",\"inLanguage\":\"nb-NO\",\"@id\":\"https:\\\/\\\/nsff.no\\\/magasinet\\\/2020\\\/04\\\/04\\\/medlemsmoter-i-koronatider\\\/#primaryimage\",\"url\":\"https:\\\/\\\/nsff.no\\\/magasinet\\\/wp-content\\\/uploads\\\/sites\\\/2\\\/2020\\\/04\\\/91780247_2630689337175576_7806870004200112128_o.jpg\",\"contentUrl\":\"https:\\\/\\\/nsff.no\\\/magasinet\\\/wp-content\\\/uploads\\\/sites\\\/2\\\/2020\\\/04\\\/91780247_2630689337175576_7806870004200112128_o.jpg\",\"width\":960,\"height\":640,\"caption\":\"Foto: Cato Berge (Sandnes fotoklubb)\"},{\"@type\":\"BreadcrumbList\",\"@id\":\"https:\\\/\\\/nsff.no\\\/magasinet\\\/2020\\\/04\\\/04\\\/medlemsmoter-i-koronatider\\\/#breadcrumb\",\"itemListElement\":[{\"@type\":\"ListItem\",\"position\":1,\"name\":\"Hjem\",\"item\":\"https:\\\/\\\/nsff.no\\\/magasinet\\\/\"},{\"@type\":\"ListItem\",\"position\":2,\"name\":\"Medlemsm\u00f8ter i koronatider\"}]},{\"@type\":\"WebSite\",\"@id\":\"https:\\\/\\\/nsff.no\\\/magasinet\\\/#website\",\"url\":\"https:\\\/\\\/nsff.no\\\/magasinet\\\/\",\"name\":\"NSFF Magasin | Norsk Selskap for Fotografi\",\"description\":\"Medlemsmagasin for film- og fotoentusiaster\",\"publisher\":{\"@id\":\"https:\\\/\\\/nsff.no\\\/magasinet\\\/#organization\"},\"potentialAction\":[{\"@type\":\"SearchAction\",\"target\":{\"@type\":\"EntryPoint\",\"urlTemplate\":\"https:\\\/\\\/nsff.no\\\/magasinet\\\/?s={search_term_string}\"},\"query-input\":{\"@type\":\"PropertyValueSpecification\",\"valueRequired\":true,\"valueName\":\"search_term_string\"}}],\"inLanguage\":\"nb-NO\"},{\"@type\":\"Organization\",\"@id\":\"https:\\\/\\\/nsff.no\\\/magasinet\\\/#organization\",\"name\":\"Norsk Selskap for Fotografo\",\"url\":\"https:\\\/\\\/nsff.no\\\/magasinet\\\/\",\"logo\":{\"@type\":\"ImageObject\",\"inLanguage\":\"nb-NO\",\"@id\":\"https:\\\/\\\/nsff.no\\\/magasinet\\\/#\\\/schema\\\/logo\\\/image\\\/\",\"url\":\"https:\\\/\\\/nsff.no\\\/magasinet\\\/wp-content\\\/uploads\\\/sites\\\/2\\\/2016\\\/05\\\/NSFF-fb-lenkebilde.png\",\"contentUrl\":\"https:\\\/\\\/nsff.no\\\/magasinet\\\/wp-content\\\/uploads\\\/sites\\\/2\\\/2016\\\/05\\\/NSFF-fb-lenkebilde.png\",\"width\":1,\"height\":1,\"caption\":\"Norsk Selskap for Fotografo\"},\"image\":{\"@id\":\"https:\\\/\\\/nsff.no\\\/magasinet\\\/#\\\/schema\\\/logo\\\/image\\\/\"}},{\"@type\":\"Person\",\"@id\":\"https:\\\/\\\/nsff.no\\\/magasinet\\\/#\\\/schema\\\/person\\\/da041f968afa9bee0293372491a98303\",\"name\":\"Birgit Fostervold\",\"image\":{\"@type\":\"ImageObject\",\"inLanguage\":\"nb-NO\",\"@id\":\"https:\\\/\\\/secure.gravatar.com\\\/avatar\\\/d8b31664a01c80eecbf53f36dc41fa676bbfe7c78cb2391937a62f88da897950?s=96&d=mm&r=g\",\"url\":\"https:\\\/\\\/secure.gravatar.com\\\/avatar\\\/d8b31664a01c80eecbf53f36dc41fa676bbfe7c78cb2391937a62f88da897950?s=96&d=mm&r=g\",\"contentUrl\":\"https:\\\/\\\/secure.gravatar.com\\\/avatar\\\/d8b31664a01c80eecbf53f36dc41fa676bbfe7c78cb2391937a62f88da897950?s=96&d=mm&r=g\",\"caption\":\"Birgit Fostervold\"},\"description\":\"EsNSFF, HonENFFF, medlem i Homborsund fotoklubb og Arendal fotoklubb. Styremedlem NSFF, Nordisk Forbund for Fotografi og Norsk Naturfotofestival. Tidl. nestleder og konst.leder NSFF (2017\u201322), tidl. redakt\u00f8r for NSFF Magasin (2016\u201322).\",\"sameAs\":[\"https:\\\/\\\/lensbirdie.no\",\"https:\\\/\\\/instagram.com\\\/knipselyst\\\/\"],\"url\":\"https:\\\/\\\/nsff.no\\\/magasinet\\\/author\\\/birgitf\\\/\"}]}<\/script>\n<!-- \/ Yoast SEO plugin. -->","yoast_head_json":{"title":"Medlemsm\u00f8ter i koronatider - NSFF Magasin | Norsk Selskap for Fotografi","description":"I disse tider, der m\u00f8teaktiviteter ligger nede for telling p\u00e5 grunn av koronaviruset, m\u00e5 man fors\u00f8ke \u00e5 tenke litt alternativt for \u00e5 holde hum\u00f8r og aktiviteter oppe!","robots":{"index":"index","follow":"follow","max-snippet":"max-snippet:-1","max-image-preview":"max-image-preview:large","max-video-preview":"max-video-preview:-1"},"canonical":"https:\/\/nsff.no\/magasinet\/2020\/04\/04\/medlemsmoter-i-koronatider\/","og_locale":"nb_NO","og_type":"article","og_title":"Medlemsm\u00f8ter i koronatider - NSFF Magasin | Norsk Selskap for Fotografi","og_description":"I disse tider, der m\u00f8teaktiviteter ligger nede for telling p\u00e5 grunn av koronaviruset, m\u00e5 man fors\u00f8ke \u00e5 tenke litt alternativt for \u00e5 holde hum\u00f8r og aktiviteter oppe!","og_url":"https:\/\/nsff.no\/magasinet\/2020\/04\/04\/medlemsmoter-i-koronatider\/","og_site_name":"NSFF Magasin | Norsk Selskap for Fotografi","article_published_time":"2020-04-04T11:49:47+00:00","article_modified_time":"2020-04-13T16:05:14+00:00","og_image":[{"width":960,"height":640,"url":"https:\/\/nsff.no\/magasinet\/wp-content\/uploads\/sites\/2\/2020\/04\/91780247_2630689337175576_7806870004200112128_o.jpg","type":"image\/jpeg"}],"author":"Birgit Fostervold","twitter_card":"summary_large_image","twitter_misc":{"Skrevet av":"Birgit Fostervold","Ansl. lesetid":"4 minutter"},"schema":{"@context":"https:\/\/schema.org","@graph":[{"@type":"Article","@id":"https:\/\/nsff.no\/magasinet\/2020\/04\/04\/medlemsmoter-i-koronatider\/#article","isPartOf":{"@id":"https:\/\/nsff.no\/magasinet\/2020\/04\/04\/medlemsmoter-i-koronatider\/"},"author":{"name":"Birgit Fostervold","@id":"https:\/\/nsff.no\/magasinet\/#\/schema\/person\/da041f968afa9bee0293372491a98303"},"headline":"Medlemsm\u00f8ter i koronatider","datePublished":"2020-04-04T11:49:47+00:00","dateModified":"2020-04-13T16:05:14+00:00","mainEntityOfPage":{"@id":"https:\/\/nsff.no\/magasinet\/2020\/04\/04\/medlemsmoter-i-koronatider\/"},"wordCount":826,"commentCount":0,"publisher":{"@id":"https:\/\/nsff.no\/magasinet\/#organization"},"image":{"@id":"https:\/\/nsff.no\/magasinet\/2020\/04\/04\/medlemsmoter-i-koronatider\/#primaryimage"},"thumbnailUrl":"https:\/\/nsff.no\/magasinet\/wp-content\/uploads\/sites\/2\/2020\/04\/91780247_2630689337175576_7806870004200112128_o.jpg","keywords":["2020","korona","medlemsm\u00f8ter"],"articleSection":["Inspirasjon","Kjappisen"],"inLanguage":"nb-NO","potentialAction":[{"@type":"CommentAction","name":"Comment","target":["https:\/\/nsff.no\/magasinet\/2020\/04\/04\/medlemsmoter-i-koronatider\/#respond"]}]},{"@type":"WebPage","@id":"https:\/\/nsff.no\/magasinet\/2020\/04\/04\/medlemsmoter-i-koronatider\/","url":"https:\/\/nsff.no\/magasinet\/2020\/04\/04\/medlemsmoter-i-koronatider\/","name":"Medlemsm\u00f8ter i koronatider - NSFF Magasin | Norsk Selskap for Fotografi","isPartOf":{"@id":"https:\/\/nsff.no\/magasinet\/#website"},"primaryImageOfPage":{"@id":"https:\/\/nsff.no\/magasinet\/2020\/04\/04\/medlemsmoter-i-koronatider\/#primaryimage"},"image":{"@id":"https:\/\/nsff.no\/magasinet\/2020\/04\/04\/medlemsmoter-i-koronatider\/#primaryimage"},"thumbnailUrl":"https:\/\/nsff.no\/magasinet\/wp-content\/uploads\/sites\/2\/2020\/04\/91780247_2630689337175576_7806870004200112128_o.jpg","datePublished":"2020-04-04T11:49:47+00:00","dateModified":"2020-04-13T16:05:14+00:00","description":"I disse tider, der m\u00f8teaktiviteter ligger nede for telling p\u00e5 grunn av koronaviruset, m\u00e5 man fors\u00f8ke \u00e5 tenke litt alternativt for \u00e5 holde hum\u00f8r og aktiviteter oppe!","breadcrumb":{"@id":"https:\/\/nsff.no\/magasinet\/2020\/04\/04\/medlemsmoter-i-koronatider\/#breadcrumb"},"inLanguage":"nb-NO","potentialAction":[{"@type":"ReadAction","target":["https:\/\/nsff.no\/magasinet\/2020\/04\/04\/medlemsmoter-i-koronatider\/"]}]},{"@type":"ImageObject","inLanguage":"nb-NO","@id":"https:\/\/nsff.no\/magasinet\/2020\/04\/04\/medlemsmoter-i-koronatider\/#primaryimage","url":"https:\/\/nsff.no\/magasinet\/wp-content\/uploads\/sites\/2\/2020\/04\/91780247_2630689337175576_7806870004200112128_o.jpg","contentUrl":"https:\/\/nsff.no\/magasinet\/wp-content\/uploads\/sites\/2\/2020\/04\/91780247_2630689337175576_7806870004200112128_o.jpg","width":960,"height":640,"caption":"Foto: Cato Berge (Sandnes fotoklubb)"},{"@type":"BreadcrumbList","@id":"https:\/\/nsff.no\/magasinet\/2020\/04\/04\/medlemsmoter-i-koronatider\/#breadcrumb","itemListElement":[{"@type":"ListItem","position":1,"name":"Hjem","item":"https:\/\/nsff.no\/magasinet\/"},{"@type":"ListItem","position":2,"name":"Medlemsm\u00f8ter i koronatider"}]},{"@type":"WebSite","@id":"https:\/\/nsff.no\/magasinet\/#website","url":"https:\/\/nsff.no\/magasinet\/","name":"NSFF Magasin | Norsk Selskap for Fotografi","description":"Medlemsmagasin for film- og fotoentusiaster","publisher":{"@id":"https:\/\/nsff.no\/magasinet\/#organization"},"potentialAction":[{"@type":"SearchAction","target":{"@type":"EntryPoint","urlTemplate":"https:\/\/nsff.no\/magasinet\/?s={search_term_string}"},"query-input":{"@type":"PropertyValueSpecification","valueRequired":true,"valueName":"search_term_string"}}],"inLanguage":"nb-NO"},{"@type":"Organization","@id":"https:\/\/nsff.no\/magasinet\/#organization","name":"Norsk Selskap for Fotografo","url":"https:\/\/nsff.no\/magasinet\/","logo":{"@type":"ImageObject","inLanguage":"nb-NO","@id":"https:\/\/nsff.no\/magasinet\/#\/schema\/logo\/image\/","url":"https:\/\/nsff.no\/magasinet\/wp-content\/uploads\/sites\/2\/2016\/05\/NSFF-fb-lenkebilde.png","contentUrl":"https:\/\/nsff.no\/magasinet\/wp-content\/uploads\/sites\/2\/2016\/05\/NSFF-fb-lenkebilde.png","width":1,"height":1,"caption":"Norsk Selskap for Fotografo"},"image":{"@id":"https:\/\/nsff.no\/magasinet\/#\/schema\/logo\/image\/"}},{"@type":"Person","@id":"https:\/\/nsff.no\/magasinet\/#\/schema\/person\/da041f968afa9bee0293372491a98303","name":"Birgit Fostervold","image":{"@type":"ImageObject","inLanguage":"nb-NO","@id":"https:\/\/secure.gravatar.com\/avatar\/d8b31664a01c80eecbf53f36dc41fa676bbfe7c78cb2391937a62f88da897950?s=96&d=mm&r=g","url":"https:\/\/secure.gravatar.com\/avatar\/d8b31664a01c80eecbf53f36dc41fa676bbfe7c78cb2391937a62f88da897950?s=96&d=mm&r=g","contentUrl":"https:\/\/secure.gravatar.com\/avatar\/d8b31664a01c80eecbf53f36dc41fa676bbfe7c78cb2391937a62f88da897950?s=96&d=mm&r=g","caption":"Birgit Fostervold"},"description":"EsNSFF, HonENFFF, medlem i Homborsund fotoklubb og Arendal fotoklubb. Styremedlem NSFF, Nordisk Forbund for Fotografi og Norsk Naturfotofestival. Tidl. nestleder og konst.leder NSFF (2017\u201322), tidl. redakt\u00f8r for NSFF Magasin (2016\u201322).","sameAs":["https:\/\/lensbirdie.no","https:\/\/instagram.com\/knipselyst\/"],"url":"https:\/\/nsff.no\/magasinet\/author\/birgitf\/"}]}},"_links":{"self":[{"href":"https:\/\/nsff.no\/magasinet\/wp-json\/wp\/v2\/posts\/8965","targetHints":{"allow":["GET"]}}],"collection":[{"href":"https:\/\/nsff.no\/magasinet\/wp-json\/wp\/v2\/posts"}],"about":[{"href":"https:\/\/nsff.no\/magasinet\/wp-json\/wp\/v2\/types\/post"}],"author":[{"embeddable":true,"href":"https:\/\/nsff.no\/magasinet\/wp-json\/wp\/v2\/users\/7"}],"replies":[{"embeddable":true,"href":"https:\/\/nsff.no\/magasinet\/wp-json\/wp\/v2\/comments?post=8965"}],"version-history":[{"count":7,"href":"https:\/\/nsff.no\/magasinet\/wp-json\/wp\/v2\/posts\/8965\/revisions"}],"predecessor-version":[{"id":8976,"href":"https:\/\/nsff.no\/magasinet\/wp-json\/wp\/v2\/posts\/8965\/revisions\/8976"}],"wp:featuredmedia":[{"embeddable":true,"href":"https:\/\/nsff.no\/magasinet\/wp-json\/wp\/v2\/media\/8973"}],"wp:attachment":[{"href":"https:\/\/nsff.no\/magasinet\/wp-json\/wp\/v2\/media?parent=8965"}],"wp:term":[{"taxonomy":"category","embeddable":true,"href":"https:\/\/nsff.no\/magasinet\/wp-json\/wp\/v2\/categories?post=8965"},{"taxonomy":"post_tag","embeddable":true,"href":"https:\/\/nsff.no\/magasinet\/wp-json\/wp\/v2\/tags?post=8965"}],"curies":[{"name":"wp","href":"https:\/\/api.w.org\/{rel}","templated":true}]}}