{"id":8766,"date":"2019-12-20T16:31:00","date_gmt":"2019-12-20T15:31:00","guid":{"rendered":"http:\/\/nsff.no\/magasinet\/?p=8766"},"modified":"2019-12-20T16:37:26","modified_gmt":"2019-12-20T15:37:26","slug":"nordisk-stormester-i-fotografi-tildelinger-2019","status":"publish","type":"post","link":"https:\/\/nsff.no\/magasinet\/2019\/12\/20\/nordisk-stormester-i-fotografi-tildelinger-2019\/","title":{"rendered":"Nordisk Stormester i Fotografi, tildelinger 2019"},"content":{"rendered":"<p>[et_pb_section fb_built=&raquo;1&#8243; _builder_version=&raquo;4.0.9&#8243;][et_pb_row _builder_version=&raquo;4.0.9&#8243;][et_pb_column type=&raquo;4_4&#8243; _builder_version=&raquo;4.0.9&#8243;][et_pb_text _builder_version=&raquo;4.0.9&#8243; hover_enabled=&raquo;0&#8243;]<\/p>\n<p><strong>Resultater i internasjonale konkurranser med patronat fra Nordisk Forbund For Fotografi \u2013 NFFF \u2013 teller til hederstegnet <em>Nordisk Stormester i Fotografi<\/em>. I tillegg m\u00e5 det ogs\u00e5 vises til resultater i <a href=\"https:\/\/nordic.photo\/n\/nordiskt-fotomasterskap-nfm\/\">Nordisk Fotomesterskap<\/a>. <\/strong><\/p>\n<p>Alle resultater i disse konkurransene blir registrert i NFFF sin database, og n\u00e5r et medlem har oppn\u00e5dd nok resultater til et hederstegn, blir det sendt en e-post om dette. Et hederstegn koster 20 euro. Det er ogs\u00e5 mulig \u00e5 oppn\u00e5 poeng til Nordisk Stormester i Fotografi ved \u00e5 v\u00e6re jurymedlem eller ved \u00e5 arrangere internasjonale konkurranser med NFFF patronat. <a href=\"http:\/\/nsff.no\/magasinet\/wp-content\/uploads\/sites\/2\/2019\/12\/NFFF_Hederstecken_kriterier2019.pdf\" rel=\"attachment wp-att-8784 noopener noreferrer\" target=\"_blank\">Kriteriene for \u00e5 s\u00f8ke om hederstegn fra NFFF ser du her<\/a> (PDF).<\/p>\n<p>I 2019 er det tildelt:<\/p>\n<table class=\"altsentrert\">\n<thead>\n<tr>\n<th>\u00a0<\/th>\n<th>Nordisk stormester i fotografi \u2013 bronse<\/th>\n<th>Nordisk stormester i fotografi \u2013 s\u00f8lv<\/th>\n<th>Nordisk stormester i fotografi \u2013 gull<\/th>\n<\/tr>\n<\/thead>\n<tbody>\n<tr>\n<th>Finland<\/th>\n<td>15<\/td>\n<td>4<\/td>\n<td>3<\/td>\n<\/tr>\n<tr>\n<th>Norge<\/th>\n<td>10<\/td>\n<td>6<\/td>\n<td>1<\/td>\n<\/tr>\n<tr>\n<th>Danmark<\/th>\n<td>8<\/td>\n<td>6<\/td>\n<td>1<\/td>\n<\/tr>\n<tr>\n<th>Sverige<\/th>\n<td>8<\/td>\n<td>\u00a0<\/td>\n<td>\u00a0<\/td>\n<\/tr>\n<\/tbody>\n<\/table>\n<h2>Nordisk stormester i fotografi \u2013 gull<\/h2>\n<ul>\n<li>Atle Sveen, Moelv Kameraklubb<\/li>\n<\/ul>\n<p>Se Atle Sveens galleri nedenfor, du kan ogs\u00e5 <a href=\"https:\/\/nordic.photo\/n\/atle-sween-norway\/\">lese presentasjonen hans p\u00e5 NFFF sitt nettsted her<\/a> og et <a href=\"http:\/\/nsff.no\/magasinet\/2015\/10\/24\/portrett-atle-sveen\/\">portrett gjort av ham i NSFF Magasin her<\/a>.<\/p>\n<p>[\/et_pb_text][et_pb_gallery gallery_ids=&raquo;8769,8776,8778,8770,8771,8772,8773,8774,8775,8777&#8243; fullwidth=&raquo;on&raquo; _builder_version=&raquo;4.0.9&#8243;][\/et_pb_gallery][\/et_pb_column][\/et_pb_row][et_pb_row column_structure=&raquo;1_2,1_2&#8243; _builder_version=&raquo;4.0.9&#8243;][et_pb_column type=&raquo;1_2&#8243; _builder_version=&raquo;4.0.9&#8243;][et_pb_text _builder_version=&raquo;4.0.9&#8243;]I tillegg har disse norske fotografene utmerket seg:<\/p>\n<h2>Nordisk stormester i fotografi \u2013 s\u00f8lv<\/h2>\n<ul>\n<li>Trond M. Skaret, Oslo Kamera Klubb<\/li>\n<li>Roald Synnev\u00e5g, Bekkalokket Fotoklubb<\/li>\n<li>Lars Martin Teigen, Kvinnherad Fotoklubb<\/li>\n<li>J\u00f8rgen Skaug, Lillehammer Kameraklubb<\/li>\n<li>Geir Ivar Horgmo, direktemedlem<\/li>\n<li>H\u00e5kon Gr\u00f8nning, Trondhjems Kameraklubb<\/li>\n<\/ul>\n<p>[\/et_pb_text][\/et_pb_column][et_pb_column type=&raquo;1_2&#8243; _builder_version=&raquo;4.0.9&#8243;][et_pb_text _builder_version=&raquo;4.0.9&#8243;]<\/p>\n<h2>Nordisk stormester i fotografi \u2013 bronse<\/h2>\n<ul>\n<li>Arne Bergo, Bekkalokket Fotoklubb<\/li>\n<li>Bente Nedreb\u00f8,\u00a0Bekkalokket Fotoklubb<\/li>\n<li>Atle Helland,\u00a0Kvinnherad Fotoklubb<\/li>\n<li>Bente R. Dybesland, Fokus Fotoklubb<\/li>\n<li>Gaute Fr\u00f8ystein, Bod\u00f8 Fotoklubb<\/li>\n<li>Jon Knutsen, Oseberg Photo Society<\/li>\n<li>Russell Jacobsen, Oseberg Photo Society<\/li>\n<li>Marion Otterlei, Surnadal Fotoklubb<\/li>\n<li>Geir Jartveit, Skodje Fotoklubb<\/li>\n<li>Rolf Sylta, Bergen Kameraklubb<\/li>\n<\/ul>\n<p>[\/et_pb_text][\/et_pb_column][\/et_pb_row][et_pb_row _builder_version=&raquo;4.0.9&#8243;][et_pb_column type=&raquo;4_4&#8243; _builder_version=&raquo;4.0.9&#8243;][et_pb_text _builder_version=&raquo;4.0.9&#8243;]<\/p>\n<h2>Konkurranser i 2019 som har patronat fra NFFF<\/h2>\n<table>\n<tbody>\n<tr>\n<td>2019\/01<\/td>\n<td>Nordic International Digital Circuit 4rt \u2013 2019 \u2013 Malm\u00f8<\/td>\n<\/tr>\n<tr>\n<td>\u00a0<\/td>\n<td>Nordic International Digital Circuit 4rt \u2013 2019 \u2013 Bergen<\/td>\n<\/tr>\n<tr>\n<td>\u00a0<\/td>\n<td>Nordic International Digital Circuit 4rt \u2013 2019 \u2013 Helsinki<\/td>\n<\/tr>\n<tr>\n<td>\u00a0<\/td>\n<td>Nordic International Digital Circuit 4rt \u2013 2019 \u2013 Copenhagen<\/td>\n<\/tr>\n<tr>\n<td>2019\/02<\/td>\n<td>Nordisk Fotomesterskap 2019<\/td>\n<\/tr>\n<tr>\n<td>2019\/03<\/td>\n<td>Swedish International Exhibition of Photography 2019<\/td>\n<\/tr>\n<tr>\n<td>2019\/04<\/td>\n<td>5th Swedish International Small Print Exhibition 2019<\/td>\n<\/tr>\n<tr>\n<td>2019\/05<\/td>\n<td>2nd Photorama Digital Sweden 2019<\/td>\n<\/tr>\n<tr>\n<td>2019\/06<\/td>\n<td>Malm\u00f6 International Exhibition of Photography 2019<\/td>\n<\/tr>\n<tr>\n<td>2019\/07<\/td>\n<td>7th Obsession of Light 2019<\/td>\n<\/tr>\n<tr>\n<td>2019\/08<\/td>\n<td>3rd International Digital Exhibition Vision 2019<\/td>\n<\/tr>\n<tr>\n<td>2019\/09<\/td>\n<td>2nd Fjord-Bergen International Exhibition of Photography 2019<\/td>\n<\/tr>\n<tr>\n<td>2019\/10<\/td>\n<td>3rd Lanterna Magica Small Print Exhibition 2019<\/td>\n<\/tr>\n<tr>\n<td>2019\/11<\/td>\n<td>This is life 2019<\/td>\n<\/tr>\n<tr>\n<td>2019\/12<\/td>\n<td>11th Finland International Digital Circuit \u2013 3rd\u00a0 Kouvola Salon<\/td>\n<\/tr>\n<tr>\n<td>2019\/13<\/td>\n<td>11th Finland International Digital Circuit \u2013 5th Kuopio Salon<\/td>\n<\/tr>\n<tr>\n<td>2019\/14<\/td>\n<td>11th Finland International Digital Circuit \u2013 2nd Turku Salon<\/td>\n<\/tr>\n<tr>\n<td>2019\/15<\/td>\n<td>11th Finland International Digital Circuit \u2013 3rd\u00a0 Oulu\u00a0 Salon<\/td>\n<\/tr>\n<tr>\n<td>2019\/16<\/td>\n<td>11th Finland International Digital Circuit \u2013 4th\u00a0 Vihti Salon<\/td>\n<\/tr>\n<tr>\n<td>2019\/17<\/td>\n<td>6th Golden Digital Salon 2019<\/td>\n<\/tr>\n<\/tbody>\n<\/table>\n<p>Alle konkurranser utenom <strong>Nordisk Fotomesterskap<\/strong> er internasjonale, mens Nordisk Fotomesterskap kun er for medlemmer av de nordiske forbund (Sverige, Danmark, Finland og Norge). <strong>Nordic Circuit<\/strong> er arrangert av NFFF, og hvert forbund har ansvar for hver sin juryering.<\/p>\n<p>De internasjonale konkurransene har i tillegg til patronat fra NFFF, samt patronat fra FIAP (Federation International De L&#8217;art Photographique) og PSA (Photographic Society of America).<\/p>\n<p>Bilder fra Nordisk Fotomesterskap og medlemmers gallerier finnes p\u00e5 <a href=\"https:\/\/nordic.photo\/\">https:\/\/nordic.photo\/<\/a><\/p>\n<p>[\/et_pb_text][\/et_pb_column][\/et_pb_row][\/et_pb_section]<\/p>\n","protected":false},"excerpt":{"rendered":"<p>Resultater i internasjonale konkurranser med patronat fra Nordisk Forbund For Fotografi \u2013 NFFF \u2013 teller til hederstegnet Nordisk Stormester i Fotografi. Her er tildelinger i 2019!<\/p>\n","protected":false},"author":55,"featured_media":8769,"comment_status":"open","ping_status":"open","sticky":false,"template":"","format":"standard","meta":{"_et_pb_use_builder":"on","_et_pb_old_content":"","_et_gb_content_width":"","footnotes":""},"categories":[7,91,14],"tags":[668,103,198,784],"class_list":["post-8766","post","type-post","status-publish","format-standard","has-post-thumbnail","hentry","category-foto","category-inspirasjon","category-nyheter","tag-668","tag-nfff","tag-nordisk-forbund-for-fotografi","tag-nordisk-stormester","et-has-post-format-content","et_post_format-et-post-format-standard"],"yoast_head":"<!-- This site is optimized with the Yoast SEO plugin v27.5 - https:\/\/yoast.com\/product\/yoast-seo-wordpress\/ -->\n<title>Nordisk Stormester i Fotografi, tildelinger 2019 - NSFF Magasin | Norsk Selskap for Fotografi<\/title>\n<meta name=\"description\" content=\"Resultater i internasjonale konkurranser med patronat fra Nordisk Forbund For Fotografi teller til hederstegnet Nordisk Stormester i Fotografi. Her er tildelinger i 2019!\" \/>\n<meta name=\"robots\" content=\"index, follow, max-snippet:-1, max-image-preview:large, max-video-preview:-1\" \/>\n<link rel=\"canonical\" href=\"https:\/\/nsff.no\/magasinet\/2019\/12\/20\/nordisk-stormester-i-fotografi-tildelinger-2019\/\" \/>\n<meta property=\"og:locale\" content=\"nb_NO\" \/>\n<meta property=\"og:type\" content=\"article\" \/>\n<meta property=\"og:title\" content=\"Nordisk Stormester i Fotografi, tildelinger 2019 - NSFF Magasin | Norsk Selskap for Fotografi\" \/>\n<meta property=\"og:description\" content=\"Resultater i internasjonale konkurranser med patronat fra Nordisk Forbund For Fotografi \u2013 NFFF \u2013 teller til hederstegnet Nordisk Stormester i Fotografi. Her er tildelinger i 2019!\" \/>\n<meta property=\"og:url\" content=\"https:\/\/nsff.no\/magasinet\/2019\/12\/20\/nordisk-stormester-i-fotografi-tildelinger-2019\/\" \/>\n<meta property=\"og:site_name\" content=\"NSFF Magasin | Norsk Selskap for Fotografi\" \/>\n<meta property=\"article:published_time\" content=\"2019-12-20T15:31:00+00:00\" \/>\n<meta property=\"article:modified_time\" content=\"2019-12-20T15:37:26+00:00\" \/>\n<meta property=\"og:image\" content=\"https:\/\/nsff.no\/magasinet\/wp-content\/uploads\/sites\/2\/2019\/12\/NO-Honoured-Atle_Sveen-01-768x768-1.png\" \/>\n\t<meta property=\"og:image:width\" content=\"768\" \/>\n\t<meta property=\"og:image:height\" content=\"768\" \/>\n\t<meta property=\"og:image:type\" content=\"image\/png\" \/>\n<meta name=\"author\" content=\"Roald Synnev\u00e5g\" \/>\n<meta name=\"twitter:card\" content=\"summary_large_image\" \/>\n<meta name=\"twitter:label1\" content=\"Skrevet av\" \/>\n\t<meta name=\"twitter:data1\" content=\"Roald Synnev\u00e5g\" \/>\n\t<meta name=\"twitter:label2\" content=\"Ansl. lesetid\" \/>\n\t<meta name=\"twitter:data2\" content=\"3 minutter\" \/>\n<script type=\"application\/ld+json\" class=\"yoast-schema-graph\">{\"@context\":\"https:\\\/\\\/schema.org\",\"@graph\":[{\"@type\":\"Article\",\"@id\":\"https:\\\/\\\/nsff.no\\\/magasinet\\\/2019\\\/12\\\/20\\\/nordisk-stormester-i-fotografi-tildelinger-2019\\\/#article\",\"isPartOf\":{\"@id\":\"https:\\\/\\\/nsff.no\\\/magasinet\\\/2019\\\/12\\\/20\\\/nordisk-stormester-i-fotografi-tildelinger-2019\\\/\"},\"author\":{\"name\":\"Roald Synnev\u00e5g\",\"@id\":\"https:\\\/\\\/nsff.no\\\/magasinet\\\/#\\\/schema\\\/person\\\/851bedff98bf7a064c4058208a5c300f\"},\"headline\":\"Nordisk Stormester i Fotografi, tildelinger 2019\",\"datePublished\":\"2019-12-20T15:31:00+00:00\",\"dateModified\":\"2019-12-20T15:37:26+00:00\",\"mainEntityOfPage\":{\"@id\":\"https:\\\/\\\/nsff.no\\\/magasinet\\\/2019\\\/12\\\/20\\\/nordisk-stormester-i-fotografi-tildelinger-2019\\\/\"},\"wordCount\":572,\"commentCount\":0,\"publisher\":{\"@id\":\"https:\\\/\\\/nsff.no\\\/magasinet\\\/#organization\"},\"image\":{\"@id\":\"https:\\\/\\\/nsff.no\\\/magasinet\\\/2019\\\/12\\\/20\\\/nordisk-stormester-i-fotografi-tildelinger-2019\\\/#primaryimage\"},\"thumbnailUrl\":\"https:\\\/\\\/nsff.no\\\/magasinet\\\/wp-content\\\/uploads\\\/sites\\\/2\\\/2019\\\/12\\\/NO-Honoured-Atle_Sveen-01-768x768-1.png\",\"keywords\":[\"2019\",\"NFFF\",\"Nordisk Forbund for Fotografi\",\"Nordisk Stormester\"],\"articleSection\":[\"Foto\",\"Inspirasjon\",\"Nyheter\"],\"inLanguage\":\"nb-NO\",\"potentialAction\":[{\"@type\":\"CommentAction\",\"name\":\"Comment\",\"target\":[\"https:\\\/\\\/nsff.no\\\/magasinet\\\/2019\\\/12\\\/20\\\/nordisk-stormester-i-fotografi-tildelinger-2019\\\/#respond\"]}]},{\"@type\":\"WebPage\",\"@id\":\"https:\\\/\\\/nsff.no\\\/magasinet\\\/2019\\\/12\\\/20\\\/nordisk-stormester-i-fotografi-tildelinger-2019\\\/\",\"url\":\"https:\\\/\\\/nsff.no\\\/magasinet\\\/2019\\\/12\\\/20\\\/nordisk-stormester-i-fotografi-tildelinger-2019\\\/\",\"name\":\"Nordisk Stormester i Fotografi, tildelinger 2019 - NSFF Magasin | Norsk Selskap for Fotografi\",\"isPartOf\":{\"@id\":\"https:\\\/\\\/nsff.no\\\/magasinet\\\/#website\"},\"primaryImageOfPage\":{\"@id\":\"https:\\\/\\\/nsff.no\\\/magasinet\\\/2019\\\/12\\\/20\\\/nordisk-stormester-i-fotografi-tildelinger-2019\\\/#primaryimage\"},\"image\":{\"@id\":\"https:\\\/\\\/nsff.no\\\/magasinet\\\/2019\\\/12\\\/20\\\/nordisk-stormester-i-fotografi-tildelinger-2019\\\/#primaryimage\"},\"thumbnailUrl\":\"https:\\\/\\\/nsff.no\\\/magasinet\\\/wp-content\\\/uploads\\\/sites\\\/2\\\/2019\\\/12\\\/NO-Honoured-Atle_Sveen-01-768x768-1.png\",\"datePublished\":\"2019-12-20T15:31:00+00:00\",\"dateModified\":\"2019-12-20T15:37:26+00:00\",\"description\":\"Resultater i internasjonale konkurranser med patronat fra Nordisk Forbund For Fotografi teller til hederstegnet Nordisk Stormester i Fotografi. Her er tildelinger i 2019!\",\"breadcrumb\":{\"@id\":\"https:\\\/\\\/nsff.no\\\/magasinet\\\/2019\\\/12\\\/20\\\/nordisk-stormester-i-fotografi-tildelinger-2019\\\/#breadcrumb\"},\"inLanguage\":\"nb-NO\",\"potentialAction\":[{\"@type\":\"ReadAction\",\"target\":[\"https:\\\/\\\/nsff.no\\\/magasinet\\\/2019\\\/12\\\/20\\\/nordisk-stormester-i-fotografi-tildelinger-2019\\\/\"]}]},{\"@type\":\"ImageObject\",\"inLanguage\":\"nb-NO\",\"@id\":\"https:\\\/\\\/nsff.no\\\/magasinet\\\/2019\\\/12\\\/20\\\/nordisk-stormester-i-fotografi-tildelinger-2019\\\/#primaryimage\",\"url\":\"https:\\\/\\\/nsff.no\\\/magasinet\\\/wp-content\\\/uploads\\\/sites\\\/2\\\/2019\\\/12\\\/NO-Honoured-Atle_Sveen-01-768x768-1.png\",\"contentUrl\":\"https:\\\/\\\/nsff.no\\\/magasinet\\\/wp-content\\\/uploads\\\/sites\\\/2\\\/2019\\\/12\\\/NO-Honoured-Atle_Sveen-01-768x768-1.png\",\"width\":768,\"height\":768,\"caption\":\"Foto: Atle Sveen\"},{\"@type\":\"BreadcrumbList\",\"@id\":\"https:\\\/\\\/nsff.no\\\/magasinet\\\/2019\\\/12\\\/20\\\/nordisk-stormester-i-fotografi-tildelinger-2019\\\/#breadcrumb\",\"itemListElement\":[{\"@type\":\"ListItem\",\"position\":1,\"name\":\"Hjem\",\"item\":\"https:\\\/\\\/nsff.no\\\/magasinet\\\/\"},{\"@type\":\"ListItem\",\"position\":2,\"name\":\"Nordisk Stormester i Fotografi, tildelinger 2019\"}]},{\"@type\":\"WebSite\",\"@id\":\"https:\\\/\\\/nsff.no\\\/magasinet\\\/#website\",\"url\":\"https:\\\/\\\/nsff.no\\\/magasinet\\\/\",\"name\":\"NSFF Magasin | Norsk Selskap for Fotografi\",\"description\":\"Medlemsmagasin for film- og fotoentusiaster\",\"publisher\":{\"@id\":\"https:\\\/\\\/nsff.no\\\/magasinet\\\/#organization\"},\"potentialAction\":[{\"@type\":\"SearchAction\",\"target\":{\"@type\":\"EntryPoint\",\"urlTemplate\":\"https:\\\/\\\/nsff.no\\\/magasinet\\\/?s={search_term_string}\"},\"query-input\":{\"@type\":\"PropertyValueSpecification\",\"valueRequired\":true,\"valueName\":\"search_term_string\"}}],\"inLanguage\":\"nb-NO\"},{\"@type\":\"Organization\",\"@id\":\"https:\\\/\\\/nsff.no\\\/magasinet\\\/#organization\",\"name\":\"Norsk Selskap for Fotografo\",\"url\":\"https:\\\/\\\/nsff.no\\\/magasinet\\\/\",\"logo\":{\"@type\":\"ImageObject\",\"inLanguage\":\"nb-NO\",\"@id\":\"https:\\\/\\\/nsff.no\\\/magasinet\\\/#\\\/schema\\\/logo\\\/image\\\/\",\"url\":\"https:\\\/\\\/nsff.no\\\/magasinet\\\/wp-content\\\/uploads\\\/sites\\\/2\\\/2016\\\/05\\\/NSFF-fb-lenkebilde.png\",\"contentUrl\":\"https:\\\/\\\/nsff.no\\\/magasinet\\\/wp-content\\\/uploads\\\/sites\\\/2\\\/2016\\\/05\\\/NSFF-fb-lenkebilde.png\",\"width\":1,\"height\":1,\"caption\":\"Norsk Selskap for Fotografo\"},\"image\":{\"@id\":\"https:\\\/\\\/nsff.no\\\/magasinet\\\/#\\\/schema\\\/logo\\\/image\\\/\"}},{\"@type\":\"Person\",\"@id\":\"https:\\\/\\\/nsff.no\\\/magasinet\\\/#\\\/schema\\\/person\\\/851bedff98bf7a064c4058208a5c300f\",\"name\":\"Roald Synnev\u00e5g\",\"image\":{\"@type\":\"ImageObject\",\"inLanguage\":\"nb-NO\",\"@id\":\"https:\\\/\\\/secure.gravatar.com\\\/avatar\\\/750a3a86a991c7a4a41ef3921a5d4fe64be0a2c5e4b8812d6a1d388b14a71452?s=96&d=mm&r=g\",\"url\":\"https:\\\/\\\/secure.gravatar.com\\\/avatar\\\/750a3a86a991c7a4a41ef3921a5d4fe64be0a2c5e4b8812d6a1d388b14a71452?s=96&d=mm&r=g\",\"contentUrl\":\"https:\\\/\\\/secure.gravatar.com\\\/avatar\\\/750a3a86a991c7a4a41ef3921a5d4fe64be0a2c5e4b8812d6a1d388b14a71452?s=96&d=mm&r=g\",\"caption\":\"Roald Synnev\u00e5g\"},\"description\":\"Tidligere leder og nestleder i NSFF, n\u00e5v\u00e6rende styremedlem. \u00c6resmedlem av NSFF og av Bekkalokket Fotoklubb. EsNSFF (1995), AFIAP(1995), ANSFF (1997), ENSFF (1997), HonENSFF (1997), EFIAP (2003), EFIAP-B (2011, EFIAP-S (2014), MFIAP (2014), PPSA (2014), EFIAP-G (2015), EPSA (2015), EFIAP-P (2016), ENSFF-B (2015), ENSFF-S (2016), ENSFF-G (2017), BPSA \u2013 Bronze (2017), MPSA (2017).\",\"url\":\"https:\\\/\\\/nsff.no\\\/magasinet\\\/author\\\/roaldsynne\\\/\"}]}<\/script>\n<!-- \/ Yoast SEO plugin. -->","yoast_head_json":{"title":"Nordisk Stormester i Fotografi, tildelinger 2019 - NSFF Magasin | Norsk Selskap for Fotografi","description":"Resultater i internasjonale konkurranser med patronat fra Nordisk Forbund For Fotografi teller til hederstegnet Nordisk Stormester i Fotografi. Her er tildelinger i 2019!","robots":{"index":"index","follow":"follow","max-snippet":"max-snippet:-1","max-image-preview":"max-image-preview:large","max-video-preview":"max-video-preview:-1"},"canonical":"https:\/\/nsff.no\/magasinet\/2019\/12\/20\/nordisk-stormester-i-fotografi-tildelinger-2019\/","og_locale":"nb_NO","og_type":"article","og_title":"Nordisk Stormester i Fotografi, tildelinger 2019 - NSFF Magasin | Norsk Selskap for Fotografi","og_description":"Resultater i internasjonale konkurranser med patronat fra Nordisk Forbund For Fotografi \u2013 NFFF \u2013 teller til hederstegnet Nordisk Stormester i Fotografi. Her er tildelinger i 2019!","og_url":"https:\/\/nsff.no\/magasinet\/2019\/12\/20\/nordisk-stormester-i-fotografi-tildelinger-2019\/","og_site_name":"NSFF Magasin | Norsk Selskap for Fotografi","article_published_time":"2019-12-20T15:31:00+00:00","article_modified_time":"2019-12-20T15:37:26+00:00","og_image":[{"width":768,"height":768,"url":"https:\/\/nsff.no\/magasinet\/wp-content\/uploads\/sites\/2\/2019\/12\/NO-Honoured-Atle_Sveen-01-768x768-1.png","type":"image\/png"}],"author":"Roald Synnev\u00e5g","twitter_card":"summary_large_image","twitter_misc":{"Skrevet av":"Roald Synnev\u00e5g","Ansl. lesetid":"3 minutter"},"schema":{"@context":"https:\/\/schema.org","@graph":[{"@type":"Article","@id":"https:\/\/nsff.no\/magasinet\/2019\/12\/20\/nordisk-stormester-i-fotografi-tildelinger-2019\/#article","isPartOf":{"@id":"https:\/\/nsff.no\/magasinet\/2019\/12\/20\/nordisk-stormester-i-fotografi-tildelinger-2019\/"},"author":{"name":"Roald Synnev\u00e5g","@id":"https:\/\/nsff.no\/magasinet\/#\/schema\/person\/851bedff98bf7a064c4058208a5c300f"},"headline":"Nordisk Stormester i Fotografi, tildelinger 2019","datePublished":"2019-12-20T15:31:00+00:00","dateModified":"2019-12-20T15:37:26+00:00","mainEntityOfPage":{"@id":"https:\/\/nsff.no\/magasinet\/2019\/12\/20\/nordisk-stormester-i-fotografi-tildelinger-2019\/"},"wordCount":572,"commentCount":0,"publisher":{"@id":"https:\/\/nsff.no\/magasinet\/#organization"},"image":{"@id":"https:\/\/nsff.no\/magasinet\/2019\/12\/20\/nordisk-stormester-i-fotografi-tildelinger-2019\/#primaryimage"},"thumbnailUrl":"https:\/\/nsff.no\/magasinet\/wp-content\/uploads\/sites\/2\/2019\/12\/NO-Honoured-Atle_Sveen-01-768x768-1.png","keywords":["2019","NFFF","Nordisk Forbund for Fotografi","Nordisk Stormester"],"articleSection":["Foto","Inspirasjon","Nyheter"],"inLanguage":"nb-NO","potentialAction":[{"@type":"CommentAction","name":"Comment","target":["https:\/\/nsff.no\/magasinet\/2019\/12\/20\/nordisk-stormester-i-fotografi-tildelinger-2019\/#respond"]}]},{"@type":"WebPage","@id":"https:\/\/nsff.no\/magasinet\/2019\/12\/20\/nordisk-stormester-i-fotografi-tildelinger-2019\/","url":"https:\/\/nsff.no\/magasinet\/2019\/12\/20\/nordisk-stormester-i-fotografi-tildelinger-2019\/","name":"Nordisk Stormester i Fotografi, tildelinger 2019 - NSFF Magasin | Norsk Selskap for Fotografi","isPartOf":{"@id":"https:\/\/nsff.no\/magasinet\/#website"},"primaryImageOfPage":{"@id":"https:\/\/nsff.no\/magasinet\/2019\/12\/20\/nordisk-stormester-i-fotografi-tildelinger-2019\/#primaryimage"},"image":{"@id":"https:\/\/nsff.no\/magasinet\/2019\/12\/20\/nordisk-stormester-i-fotografi-tildelinger-2019\/#primaryimage"},"thumbnailUrl":"https:\/\/nsff.no\/magasinet\/wp-content\/uploads\/sites\/2\/2019\/12\/NO-Honoured-Atle_Sveen-01-768x768-1.png","datePublished":"2019-12-20T15:31:00+00:00","dateModified":"2019-12-20T15:37:26+00:00","description":"Resultater i internasjonale konkurranser med patronat fra Nordisk Forbund For Fotografi teller til hederstegnet Nordisk Stormester i Fotografi. Her er tildelinger i 2019!","breadcrumb":{"@id":"https:\/\/nsff.no\/magasinet\/2019\/12\/20\/nordisk-stormester-i-fotografi-tildelinger-2019\/#breadcrumb"},"inLanguage":"nb-NO","potentialAction":[{"@type":"ReadAction","target":["https:\/\/nsff.no\/magasinet\/2019\/12\/20\/nordisk-stormester-i-fotografi-tildelinger-2019\/"]}]},{"@type":"ImageObject","inLanguage":"nb-NO","@id":"https:\/\/nsff.no\/magasinet\/2019\/12\/20\/nordisk-stormester-i-fotografi-tildelinger-2019\/#primaryimage","url":"https:\/\/nsff.no\/magasinet\/wp-content\/uploads\/sites\/2\/2019\/12\/NO-Honoured-Atle_Sveen-01-768x768-1.png","contentUrl":"https:\/\/nsff.no\/magasinet\/wp-content\/uploads\/sites\/2\/2019\/12\/NO-Honoured-Atle_Sveen-01-768x768-1.png","width":768,"height":768,"caption":"Foto: Atle Sveen"},{"@type":"BreadcrumbList","@id":"https:\/\/nsff.no\/magasinet\/2019\/12\/20\/nordisk-stormester-i-fotografi-tildelinger-2019\/#breadcrumb","itemListElement":[{"@type":"ListItem","position":1,"name":"Hjem","item":"https:\/\/nsff.no\/magasinet\/"},{"@type":"ListItem","position":2,"name":"Nordisk Stormester i Fotografi, tildelinger 2019"}]},{"@type":"WebSite","@id":"https:\/\/nsff.no\/magasinet\/#website","url":"https:\/\/nsff.no\/magasinet\/","name":"NSFF Magasin | Norsk Selskap for Fotografi","description":"Medlemsmagasin for film- og fotoentusiaster","publisher":{"@id":"https:\/\/nsff.no\/magasinet\/#organization"},"potentialAction":[{"@type":"SearchAction","target":{"@type":"EntryPoint","urlTemplate":"https:\/\/nsff.no\/magasinet\/?s={search_term_string}"},"query-input":{"@type":"PropertyValueSpecification","valueRequired":true,"valueName":"search_term_string"}}],"inLanguage":"nb-NO"},{"@type":"Organization","@id":"https:\/\/nsff.no\/magasinet\/#organization","name":"Norsk Selskap for Fotografo","url":"https:\/\/nsff.no\/magasinet\/","logo":{"@type":"ImageObject","inLanguage":"nb-NO","@id":"https:\/\/nsff.no\/magasinet\/#\/schema\/logo\/image\/","url":"https:\/\/nsff.no\/magasinet\/wp-content\/uploads\/sites\/2\/2016\/05\/NSFF-fb-lenkebilde.png","contentUrl":"https:\/\/nsff.no\/magasinet\/wp-content\/uploads\/sites\/2\/2016\/05\/NSFF-fb-lenkebilde.png","width":1,"height":1,"caption":"Norsk Selskap for Fotografo"},"image":{"@id":"https:\/\/nsff.no\/magasinet\/#\/schema\/logo\/image\/"}},{"@type":"Person","@id":"https:\/\/nsff.no\/magasinet\/#\/schema\/person\/851bedff98bf7a064c4058208a5c300f","name":"Roald Synnev\u00e5g","image":{"@type":"ImageObject","inLanguage":"nb-NO","@id":"https:\/\/secure.gravatar.com\/avatar\/750a3a86a991c7a4a41ef3921a5d4fe64be0a2c5e4b8812d6a1d388b14a71452?s=96&d=mm&r=g","url":"https:\/\/secure.gravatar.com\/avatar\/750a3a86a991c7a4a41ef3921a5d4fe64be0a2c5e4b8812d6a1d388b14a71452?s=96&d=mm&r=g","contentUrl":"https:\/\/secure.gravatar.com\/avatar\/750a3a86a991c7a4a41ef3921a5d4fe64be0a2c5e4b8812d6a1d388b14a71452?s=96&d=mm&r=g","caption":"Roald Synnev\u00e5g"},"description":"Tidligere leder og nestleder i NSFF, n\u00e5v\u00e6rende styremedlem. \u00c6resmedlem av NSFF og av Bekkalokket Fotoklubb. EsNSFF (1995), AFIAP(1995), ANSFF (1997), ENSFF (1997), HonENSFF (1997), EFIAP (2003), EFIAP-B (2011, EFIAP-S (2014), MFIAP (2014), PPSA (2014), EFIAP-G (2015), EPSA (2015), EFIAP-P (2016), ENSFF-B (2015), ENSFF-S (2016), ENSFF-G (2017), BPSA \u2013 Bronze (2017), MPSA (2017).","url":"https:\/\/nsff.no\/magasinet\/author\/roaldsynne\/"}]}},"_links":{"self":[{"href":"https:\/\/nsff.no\/magasinet\/wp-json\/wp\/v2\/posts\/8766","targetHints":{"allow":["GET"]}}],"collection":[{"href":"https:\/\/nsff.no\/magasinet\/wp-json\/wp\/v2\/posts"}],"about":[{"href":"https:\/\/nsff.no\/magasinet\/wp-json\/wp\/v2\/types\/post"}],"author":[{"embeddable":true,"href":"https:\/\/nsff.no\/magasinet\/wp-json\/wp\/v2\/users\/55"}],"replies":[{"embeddable":true,"href":"https:\/\/nsff.no\/magasinet\/wp-json\/wp\/v2\/comments?post=8766"}],"version-history":[{"count":6,"href":"https:\/\/nsff.no\/magasinet\/wp-json\/wp\/v2\/posts\/8766\/revisions"}],"predecessor-version":[{"id":8785,"href":"https:\/\/nsff.no\/magasinet\/wp-json\/wp\/v2\/posts\/8766\/revisions\/8785"}],"wp:featuredmedia":[{"embeddable":true,"href":"https:\/\/nsff.no\/magasinet\/wp-json\/wp\/v2\/media\/8769"}],"wp:attachment":[{"href":"https:\/\/nsff.no\/magasinet\/wp-json\/wp\/v2\/media?parent=8766"}],"wp:term":[{"taxonomy":"category","embeddable":true,"href":"https:\/\/nsff.no\/magasinet\/wp-json\/wp\/v2\/categories?post=8766"},{"taxonomy":"post_tag","embeddable":true,"href":"https:\/\/nsff.no\/magasinet\/wp-json\/wp\/v2\/tags?post=8766"}],"curies":[{"name":"wp","href":"https:\/\/api.w.org\/{rel}","templated":true}]}}