{"id":8597,"date":"2019-12-12T20:50:05","date_gmt":"2019-12-12T19:50:05","guid":{"rendered":"http:\/\/nsff.no\/magasinet\/?p=8597"},"modified":"2019-12-22T23:32:48","modified_gmt":"2019-12-22T22:32:48","slug":"atle-helland-pa-poengtopp-i-nasjonale-konkurranser","status":"publish","type":"post","link":"https:\/\/nsff.no\/magasinet\/2019\/12\/12\/atle-helland-pa-poengtopp-i-nasjonale-konkurranser\/","title":{"rendered":"Atle Helland p\u00e5 poengtopp i nasjonale konkurranser"},"content":{"rendered":"<p><strong>Atle Helland har p\u00e5 nytt sanket heder og \u00e6re! I desember ble han tildelt \u2018Nasjonal Gullplakett &#8211; med hvit emalje\u2019 for 700 oppn\u00e5dde poeng i Nasjonale konkurranser.<\/strong><\/p>\n<p>Det er bare andre gangen i NSFF sin historie at denne plaketten deles ut, og Helland troner n\u00e5 p\u00e5 topp i den samlede poengoversikten for nasjonal plakett. Vi gratulerer! Bildet viser Halvor Larsen fra NSFF-styret (t.v.) overrekke plakett og diplom til Atle Helland p\u00e5\u00a0Kvinnherad Fotoklubb sin juleavslutning 9. desember.<\/p>\n<p>Du kan lese om <a href=\"http:\/\/nsff.no\/magasinet\/2017\/12\/07\/bronseplakett-hvit-emalje-atle-helland\/\">da han fikk bronseplakett her<\/a>, og et <a href=\"http:\/\/nsff.no\/magasinet\/2014\/05\/23\/portrett-atle-helland\/\">portrett av ham som fotograf her<\/a>.<\/p>\n<h2>Opparbeidede poeng til nasjonal plakett<\/h2>\n<p>I alt er det 1698 fotografer som er registrert med over 3 poeng. Her vises de som ligger p\u00e5 topp 20 akkurat n\u00e5.<\/p>\n<table>\n<thead>\n<tr>\n<th>Navn<\/th>\n<th>Poeng<\/th>\n<th>Aktive \u00e5r<\/th>\n<\/tr>\n<\/thead>\n<tbody>\n<tr>\n<td>Atle Helland<\/td>\n<td>762 p<\/td>\n<td>1984-2019<\/td>\n<\/tr>\n<tr>\n<td>Signe Drevsj\u00f8<\/td>\n<td>709 p<\/td>\n<td>1973-2009<\/td>\n<\/tr>\n<tr>\n<td>Rolf Sylta<\/td>\n<td>528 p<\/td>\n<td>1983-2019<\/td>\n<\/tr>\n<tr>\n<td>Jan Baashuus Jessen<\/td>\n<td>525 p<\/td>\n<td>1956-1989<\/td>\n<\/tr>\n<tr>\n<td>Roald Synnev\u00e5g<\/td>\n<td>504 p<\/td>\n<td>1988-2019<\/td>\n<\/tr>\n<tr>\n<td>Carsten Arnholm<\/td>\n<td>455 p<\/td>\n<td>1956-2012<\/td>\n<\/tr>\n<tr>\n<td>H\u00e5kon Gr\u00f8nning<\/td>\n<td>451 p<\/td>\n<td>1991-2019<\/td>\n<\/tr>\n<tr>\n<td>Stein Larsen<\/td>\n<td>448 p<\/td>\n<td>1985-2017<\/td>\n<\/tr>\n<tr>\n<td>Audun Nygaard<\/td>\n<td>362 p<\/td>\n<td>1990-2019<\/td>\n<\/tr>\n<tr>\n<td>Jens Oddvar Hagen<\/td>\n<td>356 p<\/td>\n<td>1971-2009<\/td>\n<\/tr>\n<tr>\n<td>Atle Sveen<\/td>\n<td>341 p<\/td>\n<td>2008-2019<\/td>\n<\/tr>\n<tr>\n<td>Stein A. Roald<\/td>\n<td>335 p<\/td>\n<td>1966-2018<\/td>\n<\/tr>\n<tr>\n<td>Trond M. Skaret<\/td>\n<td>329 p<\/td>\n<td>1981-2018<\/td>\n<\/tr>\n<tr>\n<td>Geir Jartveit<\/td>\n<td>321 p<\/td>\n<td>2012-2019<\/td>\n<\/tr>\n<tr>\n<td>Trygve R\u00f8nnestad<\/td>\n<td>283 p<\/td>\n<td>1989-2003<\/td>\n<\/tr>\n<tr>\n<td>John Colbensen<\/td>\n<td>279 p<\/td>\n<td>2011-2019<\/td>\n<\/tr>\n<tr>\n<td>Per Odd Svenberg<\/td>\n<td>275 p<\/td>\n<td>1963-1997<\/td>\n<\/tr>\n<tr>\n<td>Fritz Knott<\/td>\n<td>268 p<\/td>\n<td>1979-1990<\/td>\n<\/tr>\n<tr>\n<td>Lars Martin Teigen<\/td>\n<td>268 p<\/td>\n<td>2012-2019<\/td>\n<\/tr>\n<tr>\n<td>Per B\u00f8e<\/td>\n<td>261 p<\/td>\n<td>1956-1994<\/td>\n<\/tr>\n<\/tbody>\n<\/table>\n","protected":false},"excerpt":{"rendered":"<p>Atle Helland mottok nylig Nasjonal Gullplakett med hvit emalje for fantastiske 700 oppn\u00e5dde poeng i Nasjonale konkurranser. Han er den andre i NSFF-historien som mottar denne plaketten.<\/p>\n","protected":false},"author":7,"featured_media":8598,"comment_status":"open","ping_status":"open","sticky":false,"template":"","format":"standard","meta":{"_et_pb_use_builder":"","_et_pb_old_content":"","_et_gb_content_width":"","footnotes":""},"categories":[91,10],"tags":[668,182,680,600],"class_list":["post-8597","post","type-post","status-publish","format-standard","has-post-thumbnail","hentry","category-inspirasjon","category-konkurranser","tag-668","tag-atle-helland","tag-hederstegn","tag-nasjonal-plakett","et-has-post-format-content","et_post_format-et-post-format-standard"],"yoast_head":"<!-- This site is optimized with the Yoast SEO plugin v27.5 - https:\/\/yoast.com\/product\/yoast-seo-wordpress\/ -->\n<title>Atle Helland p\u00e5 poengtopp i nasjonale konkurranser - NSFF Magasin | Norsk Selskap for Fotografi<\/title>\n<meta name=\"description\" content=\"Atle Helland mottok nylig Nasjonal Gullplakett med hvit emalje for fantastiske 700 oppn\u00e5dde poeng i Nasjonale konkurranser. Han er den andre i NSFF-historien som mottar denne plaketten.\" \/>\n<meta name=\"robots\" content=\"index, follow, max-snippet:-1, max-image-preview:large, max-video-preview:-1\" \/>\n<link rel=\"canonical\" href=\"https:\/\/nsff.no\/magasinet\/2019\/12\/12\/atle-helland-pa-poengtopp-i-nasjonale-konkurranser\/\" \/>\n<meta property=\"og:locale\" content=\"nb_NO\" \/>\n<meta property=\"og:type\" content=\"article\" \/>\n<meta property=\"og:title\" content=\"Atle Helland p\u00e5 poengtopp i nasjonale konkurranser - NSFF Magasin | Norsk Selskap for Fotografi\" \/>\n<meta property=\"og:description\" content=\"Atle Helland mottok nylig Nasjonal Gullplakett med hvit emalje for fantastiske 700 oppn\u00e5dde poeng i Nasjonale konkurranser. Han er den andre i NSFF-historien som mottar denne plaketten.\" \/>\n<meta property=\"og:url\" content=\"https:\/\/nsff.no\/magasinet\/2019\/12\/12\/atle-helland-pa-poengtopp-i-nasjonale-konkurranser\/\" \/>\n<meta property=\"og:site_name\" content=\"NSFF Magasin | Norsk Selskap for Fotografi\" \/>\n<meta property=\"article:published_time\" content=\"2019-12-12T19:50:05+00:00\" \/>\n<meta property=\"article:modified_time\" content=\"2019-12-22T22:32:48+00:00\" \/>\n<meta property=\"og:image\" content=\"https:\/\/nsff.no\/magasinet\/wp-content\/uploads\/sites\/2\/2019\/12\/Atle-Helland-overrekkelse_small.jpg\" \/>\n\t<meta property=\"og:image:width\" content=\"1500\" \/>\n\t<meta property=\"og:image:height\" content=\"1059\" \/>\n\t<meta property=\"og:image:type\" content=\"image\/jpeg\" \/>\n<meta name=\"author\" content=\"Birgit Fostervold\" \/>\n<meta name=\"twitter:card\" content=\"summary_large_image\" \/>\n<meta name=\"twitter:label1\" content=\"Skrevet av\" \/>\n\t<meta name=\"twitter:data1\" content=\"Birgit Fostervold\" \/>\n\t<meta name=\"twitter:label2\" content=\"Ansl. lesetid\" \/>\n\t<meta name=\"twitter:data2\" content=\"1 minutt\" \/>\n<script type=\"application\/ld+json\" class=\"yoast-schema-graph\">{\"@context\":\"https:\\\/\\\/schema.org\",\"@graph\":[{\"@type\":\"Article\",\"@id\":\"https:\\\/\\\/nsff.no\\\/magasinet\\\/2019\\\/12\\\/12\\\/atle-helland-pa-poengtopp-i-nasjonale-konkurranser\\\/#article\",\"isPartOf\":{\"@id\":\"https:\\\/\\\/nsff.no\\\/magasinet\\\/2019\\\/12\\\/12\\\/atle-helland-pa-poengtopp-i-nasjonale-konkurranser\\\/\"},\"author\":{\"name\":\"Birgit Fostervold\",\"@id\":\"https:\\\/\\\/nsff.no\\\/magasinet\\\/#\\\/schema\\\/person\\\/da041f968afa9bee0293372491a98303\"},\"headline\":\"Atle Helland p\u00e5 poengtopp i nasjonale konkurranser\",\"datePublished\":\"2019-12-12T19:50:05+00:00\",\"dateModified\":\"2019-12-22T22:32:48+00:00\",\"mainEntityOfPage\":{\"@id\":\"https:\\\/\\\/nsff.no\\\/magasinet\\\/2019\\\/12\\\/12\\\/atle-helland-pa-poengtopp-i-nasjonale-konkurranser\\\/\"},\"wordCount\":221,\"commentCount\":0,\"publisher\":{\"@id\":\"https:\\\/\\\/nsff.no\\\/magasinet\\\/#organization\"},\"image\":{\"@id\":\"https:\\\/\\\/nsff.no\\\/magasinet\\\/2019\\\/12\\\/12\\\/atle-helland-pa-poengtopp-i-nasjonale-konkurranser\\\/#primaryimage\"},\"thumbnailUrl\":\"https:\\\/\\\/nsff.no\\\/magasinet\\\/wp-content\\\/uploads\\\/sites\\\/2\\\/2019\\\/12\\\/Atle-Helland-overrekkelse_small.jpg\",\"keywords\":[\"2019\",\"Atle Helland\",\"hederstegn\",\"nasjonal plakett\"],\"articleSection\":[\"Inspirasjon\",\"Konkurranser\"],\"inLanguage\":\"nb-NO\",\"potentialAction\":[{\"@type\":\"CommentAction\",\"name\":\"Comment\",\"target\":[\"https:\\\/\\\/nsff.no\\\/magasinet\\\/2019\\\/12\\\/12\\\/atle-helland-pa-poengtopp-i-nasjonale-konkurranser\\\/#respond\"]}]},{\"@type\":\"WebPage\",\"@id\":\"https:\\\/\\\/nsff.no\\\/magasinet\\\/2019\\\/12\\\/12\\\/atle-helland-pa-poengtopp-i-nasjonale-konkurranser\\\/\",\"url\":\"https:\\\/\\\/nsff.no\\\/magasinet\\\/2019\\\/12\\\/12\\\/atle-helland-pa-poengtopp-i-nasjonale-konkurranser\\\/\",\"name\":\"Atle Helland p\u00e5 poengtopp i nasjonale konkurranser - NSFF Magasin | Norsk Selskap for Fotografi\",\"isPartOf\":{\"@id\":\"https:\\\/\\\/nsff.no\\\/magasinet\\\/#website\"},\"primaryImageOfPage\":{\"@id\":\"https:\\\/\\\/nsff.no\\\/magasinet\\\/2019\\\/12\\\/12\\\/atle-helland-pa-poengtopp-i-nasjonale-konkurranser\\\/#primaryimage\"},\"image\":{\"@id\":\"https:\\\/\\\/nsff.no\\\/magasinet\\\/2019\\\/12\\\/12\\\/atle-helland-pa-poengtopp-i-nasjonale-konkurranser\\\/#primaryimage\"},\"thumbnailUrl\":\"https:\\\/\\\/nsff.no\\\/magasinet\\\/wp-content\\\/uploads\\\/sites\\\/2\\\/2019\\\/12\\\/Atle-Helland-overrekkelse_small.jpg\",\"datePublished\":\"2019-12-12T19:50:05+00:00\",\"dateModified\":\"2019-12-22T22:32:48+00:00\",\"description\":\"Atle Helland mottok nylig Nasjonal Gullplakett med hvit emalje for fantastiske 700 oppn\u00e5dde poeng i Nasjonale konkurranser. Han er den andre i NSFF-historien som mottar denne plaketten.\",\"breadcrumb\":{\"@id\":\"https:\\\/\\\/nsff.no\\\/magasinet\\\/2019\\\/12\\\/12\\\/atle-helland-pa-poengtopp-i-nasjonale-konkurranser\\\/#breadcrumb\"},\"inLanguage\":\"nb-NO\",\"potentialAction\":[{\"@type\":\"ReadAction\",\"target\":[\"https:\\\/\\\/nsff.no\\\/magasinet\\\/2019\\\/12\\\/12\\\/atle-helland-pa-poengtopp-i-nasjonale-konkurranser\\\/\"]}]},{\"@type\":\"ImageObject\",\"inLanguage\":\"nb-NO\",\"@id\":\"https:\\\/\\\/nsff.no\\\/magasinet\\\/2019\\\/12\\\/12\\\/atle-helland-pa-poengtopp-i-nasjonale-konkurranser\\\/#primaryimage\",\"url\":\"https:\\\/\\\/nsff.no\\\/magasinet\\\/wp-content\\\/uploads\\\/sites\\\/2\\\/2019\\\/12\\\/Atle-Helland-overrekkelse_small.jpg\",\"contentUrl\":\"https:\\\/\\\/nsff.no\\\/magasinet\\\/wp-content\\\/uploads\\\/sites\\\/2\\\/2019\\\/12\\\/Atle-Helland-overrekkelse_small.jpg\",\"width\":1500,\"height\":1059,\"caption\":\"Atle Helland overrekkes Nasjonal gullplakett med hvit emalje av Halvor Larsen i NSFFs styre.\"},{\"@type\":\"BreadcrumbList\",\"@id\":\"https:\\\/\\\/nsff.no\\\/magasinet\\\/2019\\\/12\\\/12\\\/atle-helland-pa-poengtopp-i-nasjonale-konkurranser\\\/#breadcrumb\",\"itemListElement\":[{\"@type\":\"ListItem\",\"position\":1,\"name\":\"Hjem\",\"item\":\"https:\\\/\\\/nsff.no\\\/magasinet\\\/\"},{\"@type\":\"ListItem\",\"position\":2,\"name\":\"Atle Helland p\u00e5 poengtopp i nasjonale konkurranser\"}]},{\"@type\":\"WebSite\",\"@id\":\"https:\\\/\\\/nsff.no\\\/magasinet\\\/#website\",\"url\":\"https:\\\/\\\/nsff.no\\\/magasinet\\\/\",\"name\":\"NSFF Magasin | Norsk Selskap for Fotografi\",\"description\":\"Medlemsmagasin for film- og fotoentusiaster\",\"publisher\":{\"@id\":\"https:\\\/\\\/nsff.no\\\/magasinet\\\/#organization\"},\"potentialAction\":[{\"@type\":\"SearchAction\",\"target\":{\"@type\":\"EntryPoint\",\"urlTemplate\":\"https:\\\/\\\/nsff.no\\\/magasinet\\\/?s={search_term_string}\"},\"query-input\":{\"@type\":\"PropertyValueSpecification\",\"valueRequired\":true,\"valueName\":\"search_term_string\"}}],\"inLanguage\":\"nb-NO\"},{\"@type\":\"Organization\",\"@id\":\"https:\\\/\\\/nsff.no\\\/magasinet\\\/#organization\",\"name\":\"Norsk Selskap for Fotografo\",\"url\":\"https:\\\/\\\/nsff.no\\\/magasinet\\\/\",\"logo\":{\"@type\":\"ImageObject\",\"inLanguage\":\"nb-NO\",\"@id\":\"https:\\\/\\\/nsff.no\\\/magasinet\\\/#\\\/schema\\\/logo\\\/image\\\/\",\"url\":\"https:\\\/\\\/nsff.no\\\/magasinet\\\/wp-content\\\/uploads\\\/sites\\\/2\\\/2016\\\/05\\\/NSFF-fb-lenkebilde.png\",\"contentUrl\":\"https:\\\/\\\/nsff.no\\\/magasinet\\\/wp-content\\\/uploads\\\/sites\\\/2\\\/2016\\\/05\\\/NSFF-fb-lenkebilde.png\",\"width\":1,\"height\":1,\"caption\":\"Norsk Selskap for Fotografo\"},\"image\":{\"@id\":\"https:\\\/\\\/nsff.no\\\/magasinet\\\/#\\\/schema\\\/logo\\\/image\\\/\"}},{\"@type\":\"Person\",\"@id\":\"https:\\\/\\\/nsff.no\\\/magasinet\\\/#\\\/schema\\\/person\\\/da041f968afa9bee0293372491a98303\",\"name\":\"Birgit Fostervold\",\"image\":{\"@type\":\"ImageObject\",\"inLanguage\":\"nb-NO\",\"@id\":\"https:\\\/\\\/secure.gravatar.com\\\/avatar\\\/d8b31664a01c80eecbf53f36dc41fa676bbfe7c78cb2391937a62f88da897950?s=96&d=mm&r=g\",\"url\":\"https:\\\/\\\/secure.gravatar.com\\\/avatar\\\/d8b31664a01c80eecbf53f36dc41fa676bbfe7c78cb2391937a62f88da897950?s=96&d=mm&r=g\",\"contentUrl\":\"https:\\\/\\\/secure.gravatar.com\\\/avatar\\\/d8b31664a01c80eecbf53f36dc41fa676bbfe7c78cb2391937a62f88da897950?s=96&d=mm&r=g\",\"caption\":\"Birgit Fostervold\"},\"description\":\"EsNSFF, HonENFFF, medlem i Homborsund fotoklubb og Arendal fotoklubb. Styremedlem NSFF, Nordisk Forbund for Fotografi og Norsk Naturfotofestival. Tidl. nestleder og konst.leder NSFF (2017\u201322), tidl. redakt\u00f8r for NSFF Magasin (2016\u201322).\",\"sameAs\":[\"https:\\\/\\\/lensbirdie.no\",\"https:\\\/\\\/instagram.com\\\/knipselyst\\\/\"],\"url\":\"https:\\\/\\\/nsff.no\\\/magasinet\\\/author\\\/birgitf\\\/\"}]}<\/script>\n<!-- \/ Yoast SEO plugin. -->","yoast_head_json":{"title":"Atle Helland p\u00e5 poengtopp i nasjonale konkurranser - NSFF Magasin | Norsk Selskap for Fotografi","description":"Atle Helland mottok nylig Nasjonal Gullplakett med hvit emalje for fantastiske 700 oppn\u00e5dde poeng i Nasjonale konkurranser. Han er den andre i NSFF-historien som mottar denne plaketten.","robots":{"index":"index","follow":"follow","max-snippet":"max-snippet:-1","max-image-preview":"max-image-preview:large","max-video-preview":"max-video-preview:-1"},"canonical":"https:\/\/nsff.no\/magasinet\/2019\/12\/12\/atle-helland-pa-poengtopp-i-nasjonale-konkurranser\/","og_locale":"nb_NO","og_type":"article","og_title":"Atle Helland p\u00e5 poengtopp i nasjonale konkurranser - NSFF Magasin | Norsk Selskap for Fotografi","og_description":"Atle Helland mottok nylig Nasjonal Gullplakett med hvit emalje for fantastiske 700 oppn\u00e5dde poeng i Nasjonale konkurranser. Han er den andre i NSFF-historien som mottar denne plaketten.","og_url":"https:\/\/nsff.no\/magasinet\/2019\/12\/12\/atle-helland-pa-poengtopp-i-nasjonale-konkurranser\/","og_site_name":"NSFF Magasin | Norsk Selskap for Fotografi","article_published_time":"2019-12-12T19:50:05+00:00","article_modified_time":"2019-12-22T22:32:48+00:00","og_image":[{"width":1500,"height":1059,"url":"https:\/\/nsff.no\/magasinet\/wp-content\/uploads\/sites\/2\/2019\/12\/Atle-Helland-overrekkelse_small.jpg","type":"image\/jpeg"}],"author":"Birgit Fostervold","twitter_card":"summary_large_image","twitter_misc":{"Skrevet av":"Birgit Fostervold","Ansl. lesetid":"1 minutt"},"schema":{"@context":"https:\/\/schema.org","@graph":[{"@type":"Article","@id":"https:\/\/nsff.no\/magasinet\/2019\/12\/12\/atle-helland-pa-poengtopp-i-nasjonale-konkurranser\/#article","isPartOf":{"@id":"https:\/\/nsff.no\/magasinet\/2019\/12\/12\/atle-helland-pa-poengtopp-i-nasjonale-konkurranser\/"},"author":{"name":"Birgit Fostervold","@id":"https:\/\/nsff.no\/magasinet\/#\/schema\/person\/da041f968afa9bee0293372491a98303"},"headline":"Atle Helland p\u00e5 poengtopp i nasjonale konkurranser","datePublished":"2019-12-12T19:50:05+00:00","dateModified":"2019-12-22T22:32:48+00:00","mainEntityOfPage":{"@id":"https:\/\/nsff.no\/magasinet\/2019\/12\/12\/atle-helland-pa-poengtopp-i-nasjonale-konkurranser\/"},"wordCount":221,"commentCount":0,"publisher":{"@id":"https:\/\/nsff.no\/magasinet\/#organization"},"image":{"@id":"https:\/\/nsff.no\/magasinet\/2019\/12\/12\/atle-helland-pa-poengtopp-i-nasjonale-konkurranser\/#primaryimage"},"thumbnailUrl":"https:\/\/nsff.no\/magasinet\/wp-content\/uploads\/sites\/2\/2019\/12\/Atle-Helland-overrekkelse_small.jpg","keywords":["2019","Atle Helland","hederstegn","nasjonal plakett"],"articleSection":["Inspirasjon","Konkurranser"],"inLanguage":"nb-NO","potentialAction":[{"@type":"CommentAction","name":"Comment","target":["https:\/\/nsff.no\/magasinet\/2019\/12\/12\/atle-helland-pa-poengtopp-i-nasjonale-konkurranser\/#respond"]}]},{"@type":"WebPage","@id":"https:\/\/nsff.no\/magasinet\/2019\/12\/12\/atle-helland-pa-poengtopp-i-nasjonale-konkurranser\/","url":"https:\/\/nsff.no\/magasinet\/2019\/12\/12\/atle-helland-pa-poengtopp-i-nasjonale-konkurranser\/","name":"Atle Helland p\u00e5 poengtopp i nasjonale konkurranser - NSFF Magasin | Norsk Selskap for Fotografi","isPartOf":{"@id":"https:\/\/nsff.no\/magasinet\/#website"},"primaryImageOfPage":{"@id":"https:\/\/nsff.no\/magasinet\/2019\/12\/12\/atle-helland-pa-poengtopp-i-nasjonale-konkurranser\/#primaryimage"},"image":{"@id":"https:\/\/nsff.no\/magasinet\/2019\/12\/12\/atle-helland-pa-poengtopp-i-nasjonale-konkurranser\/#primaryimage"},"thumbnailUrl":"https:\/\/nsff.no\/magasinet\/wp-content\/uploads\/sites\/2\/2019\/12\/Atle-Helland-overrekkelse_small.jpg","datePublished":"2019-12-12T19:50:05+00:00","dateModified":"2019-12-22T22:32:48+00:00","description":"Atle Helland mottok nylig Nasjonal Gullplakett med hvit emalje for fantastiske 700 oppn\u00e5dde poeng i Nasjonale konkurranser. Han er den andre i NSFF-historien som mottar denne plaketten.","breadcrumb":{"@id":"https:\/\/nsff.no\/magasinet\/2019\/12\/12\/atle-helland-pa-poengtopp-i-nasjonale-konkurranser\/#breadcrumb"},"inLanguage":"nb-NO","potentialAction":[{"@type":"ReadAction","target":["https:\/\/nsff.no\/magasinet\/2019\/12\/12\/atle-helland-pa-poengtopp-i-nasjonale-konkurranser\/"]}]},{"@type":"ImageObject","inLanguage":"nb-NO","@id":"https:\/\/nsff.no\/magasinet\/2019\/12\/12\/atle-helland-pa-poengtopp-i-nasjonale-konkurranser\/#primaryimage","url":"https:\/\/nsff.no\/magasinet\/wp-content\/uploads\/sites\/2\/2019\/12\/Atle-Helland-overrekkelse_small.jpg","contentUrl":"https:\/\/nsff.no\/magasinet\/wp-content\/uploads\/sites\/2\/2019\/12\/Atle-Helland-overrekkelse_small.jpg","width":1500,"height":1059,"caption":"Atle Helland overrekkes Nasjonal gullplakett med hvit emalje av Halvor Larsen i NSFFs styre."},{"@type":"BreadcrumbList","@id":"https:\/\/nsff.no\/magasinet\/2019\/12\/12\/atle-helland-pa-poengtopp-i-nasjonale-konkurranser\/#breadcrumb","itemListElement":[{"@type":"ListItem","position":1,"name":"Hjem","item":"https:\/\/nsff.no\/magasinet\/"},{"@type":"ListItem","position":2,"name":"Atle Helland p\u00e5 poengtopp i nasjonale konkurranser"}]},{"@type":"WebSite","@id":"https:\/\/nsff.no\/magasinet\/#website","url":"https:\/\/nsff.no\/magasinet\/","name":"NSFF Magasin | Norsk Selskap for Fotografi","description":"Medlemsmagasin for film- og fotoentusiaster","publisher":{"@id":"https:\/\/nsff.no\/magasinet\/#organization"},"potentialAction":[{"@type":"SearchAction","target":{"@type":"EntryPoint","urlTemplate":"https:\/\/nsff.no\/magasinet\/?s={search_term_string}"},"query-input":{"@type":"PropertyValueSpecification","valueRequired":true,"valueName":"search_term_string"}}],"inLanguage":"nb-NO"},{"@type":"Organization","@id":"https:\/\/nsff.no\/magasinet\/#organization","name":"Norsk Selskap for Fotografo","url":"https:\/\/nsff.no\/magasinet\/","logo":{"@type":"ImageObject","inLanguage":"nb-NO","@id":"https:\/\/nsff.no\/magasinet\/#\/schema\/logo\/image\/","url":"https:\/\/nsff.no\/magasinet\/wp-content\/uploads\/sites\/2\/2016\/05\/NSFF-fb-lenkebilde.png","contentUrl":"https:\/\/nsff.no\/magasinet\/wp-content\/uploads\/sites\/2\/2016\/05\/NSFF-fb-lenkebilde.png","width":1,"height":1,"caption":"Norsk Selskap for Fotografo"},"image":{"@id":"https:\/\/nsff.no\/magasinet\/#\/schema\/logo\/image\/"}},{"@type":"Person","@id":"https:\/\/nsff.no\/magasinet\/#\/schema\/person\/da041f968afa9bee0293372491a98303","name":"Birgit Fostervold","image":{"@type":"ImageObject","inLanguage":"nb-NO","@id":"https:\/\/secure.gravatar.com\/avatar\/d8b31664a01c80eecbf53f36dc41fa676bbfe7c78cb2391937a62f88da897950?s=96&d=mm&r=g","url":"https:\/\/secure.gravatar.com\/avatar\/d8b31664a01c80eecbf53f36dc41fa676bbfe7c78cb2391937a62f88da897950?s=96&d=mm&r=g","contentUrl":"https:\/\/secure.gravatar.com\/avatar\/d8b31664a01c80eecbf53f36dc41fa676bbfe7c78cb2391937a62f88da897950?s=96&d=mm&r=g","caption":"Birgit Fostervold"},"description":"EsNSFF, HonENFFF, medlem i Homborsund fotoklubb og Arendal fotoklubb. Styremedlem NSFF, Nordisk Forbund for Fotografi og Norsk Naturfotofestival. Tidl. nestleder og konst.leder NSFF (2017\u201322), tidl. redakt\u00f8r for NSFF Magasin (2016\u201322).","sameAs":["https:\/\/lensbirdie.no","https:\/\/instagram.com\/knipselyst\/"],"url":"https:\/\/nsff.no\/magasinet\/author\/birgitf\/"}]}},"_links":{"self":[{"href":"https:\/\/nsff.no\/magasinet\/wp-json\/wp\/v2\/posts\/8597","targetHints":{"allow":["GET"]}}],"collection":[{"href":"https:\/\/nsff.no\/magasinet\/wp-json\/wp\/v2\/posts"}],"about":[{"href":"https:\/\/nsff.no\/magasinet\/wp-json\/wp\/v2\/types\/post"}],"author":[{"embeddable":true,"href":"https:\/\/nsff.no\/magasinet\/wp-json\/wp\/v2\/users\/7"}],"replies":[{"embeddable":true,"href":"https:\/\/nsff.no\/magasinet\/wp-json\/wp\/v2\/comments?post=8597"}],"version-history":[{"count":4,"href":"https:\/\/nsff.no\/magasinet\/wp-json\/wp\/v2\/posts\/8597\/revisions"}],"predecessor-version":[{"id":8602,"href":"https:\/\/nsff.no\/magasinet\/wp-json\/wp\/v2\/posts\/8597\/revisions\/8602"}],"wp:featuredmedia":[{"embeddable":true,"href":"https:\/\/nsff.no\/magasinet\/wp-json\/wp\/v2\/media\/8598"}],"wp:attachment":[{"href":"https:\/\/nsff.no\/magasinet\/wp-json\/wp\/v2\/media?parent=8597"}],"wp:term":[{"taxonomy":"category","embeddable":true,"href":"https:\/\/nsff.no\/magasinet\/wp-json\/wp\/v2\/categories?post=8597"},{"taxonomy":"post_tag","embeddable":true,"href":"https:\/\/nsff.no\/magasinet\/wp-json\/wp\/v2\/tags?post=8597"}],"curies":[{"name":"wp","href":"https:\/\/api.w.org\/{rel}","templated":true}]}}