{"id":8514,"date":"2019-12-05T23:41:26","date_gmt":"2019-12-05T22:41:26","guid":{"rendered":"http:\/\/nsff.no\/magasinet\/?p=8514"},"modified":"2019-12-22T23:33:06","modified_gmt":"2019-12-22T22:33:06","slug":"de-tre-beste-ungdomsfotografer-i-nsff-2019","status":"publish","type":"post","link":"https:\/\/nsff.no\/magasinet\/2019\/12\/05\/de-tre-beste-ungdomsfotografer-i-nsff-2019\/","title":{"rendered":"De tre beste ungdomsfotografer i NSFF 2019"},"content":{"rendered":"<p>[et_pb_section fb_built=&raquo;1&#8243; _builder_version=&raquo;3.22&#8243;][et_pb_row _builder_version=&raquo;3.25&#8243; background_size=&raquo;initial&raquo; background_position=&raquo;top_left&raquo; background_repeat=&raquo;repeat&raquo;][et_pb_column type=&raquo;4_4&#8243; _builder_version=&raquo;3.25&#8243; custom_padding=&raquo;|||&raquo; custom_padding__hover=&raquo;|||&raquo;][et_pb_text _builder_version=&raquo;4.0.9&#8243; background_size=&raquo;initial&raquo; background_position=&raquo;top_left&raquo; background_repeat=&raquo;repeat&raquo; hover_enabled=&raquo;0&#8243;]<strong>Ungdomsklassen i NM i foto kan vise opp noen fantastisk inspirerende og dyktige deltagere. Her kan du se de premierte bildene til tre-p\u00e5-topp da b\u00e5de v\u00e5r- og h\u00f8strunden var unnagjort. <\/strong><\/p>\n<p>Stor gratulasjon til de tre:<\/p>\n<ol>\n<li>Thomas Sirev\u00e5g fr\u00e5 Sandnes Fotoklubb (30 poeng), \u00c5rets Ungdomsfotograf 2019<\/li>\n<li>Peter Elias Hoddevik fr\u00e5 Skodje Fotoklubb (25 poeng)<\/li>\n<li>Cato Romero fr\u00e5 Trondhjems Kameraklubb (17 poeng)<\/li>\n<\/ol>\n<p>Om ungdomsklassen samlet var det ingen kommentar fra den finske juryen i v\u00e5rrunden, men danskene i h\u00f8stens jury hadde dette \u00e5 si:<\/p>\n<blockquote><p>Kategorien har budt p\u00e5 mange flotte billeder og billederne i toppen af vores vurderinger er fuldt p\u00e5 h\u00f8jde med billederne i voksenkategorierne &#8211; Vi er alts\u00e5 meget imponerede. Der var ogs\u00e5 mange billeder, hvor der var fotograferet mange smukke motiver, men hvor billederne m\u00e5ske lige savnede det sidste ? lidt erfaring.<\/p><\/blockquote>\n<p>[\/et_pb_text][\/et_pb_column][\/et_pb_row][et_pb_row _builder_version=&raquo;4.0.7&#8243;][et_pb_column type=&raquo;4_4&#8243; _builder_version=&raquo;4.0.7&#8243;][et_pb_text _builder_version=&raquo;4.0.7&#8243;]<\/p>\n<h2>Thomas Sirev\u00e5g, Sandnes Fotoklubb<\/h2>\n<p>Klikk p\u00e5 bildene for \u00e5 se dem i full visning.<\/p>\n<p>[\/et_pb_text][et_pb_gallery gallery_ids=&raquo;8520,8518,8519,8517&#8243; orientation=&raquo;portrait&raquo; _builder_version=&raquo;4.0.7&#8243;][\/et_pb_gallery][\/et_pb_column][\/et_pb_row][et_pb_row _builder_version=&raquo;4.0.7&#8243;][et_pb_column type=&raquo;4_4&#8243; _builder_version=&raquo;4.0.7&#8243;][et_pb_text _builder_version=&raquo;4.0.7&#8243;]<\/p>\n<h2>Peter Elias Hoddevik, Skodje Fotoklubb<\/h2>\n<p>Klikk p\u00e5 bildene for \u00e5 se dem i full visning.<\/p>\n<p>[\/et_pb_text][et_pb_gallery gallery_ids=&raquo;8523,8524,8522,8521&#8243; orientation=&raquo;portrait&raquo; _builder_version=&raquo;4.0.7&#8243;][\/et_pb_gallery][\/et_pb_column][\/et_pb_row][et_pb_row _builder_version=&raquo;4.0.7&#8243;][et_pb_column type=&raquo;4_4&#8243; _builder_version=&raquo;4.0.7&#8243;][et_pb_text _builder_version=&raquo;4.0.7&#8243;]<\/p>\n<h2>Cato Romero, Trondhjems Kameraklubb<\/h2>\n<p>Klikk p\u00e5 bildene for \u00e5 se dem i full visning.<\/p>\n<p>[\/et_pb_text][et_pb_gallery gallery_ids=&raquo;8525,8526,8527,8528&#8243; orientation=&raquo;portrait&raquo; _builder_version=&raquo;4.0.7&#8243;][\/et_pb_gallery][\/et_pb_column][\/et_pb_row][\/et_pb_section]<\/p>\n","protected":false},"excerpt":{"rendered":"<p>Ungdomsklassen i NM i foto kan vise opp noen fantastisk inspirerende og dyktige deltagere. Her kan du se de premierte bildene til tre-p\u00e5-topp da b\u00e5de v\u00e5r- og h\u00f8strunden var unnagjort.<\/p>\n","protected":false},"author":7,"featured_media":8520,"comment_status":"open","ping_status":"open","sticky":false,"template":"","format":"standard","meta":{"_et_pb_use_builder":"on","_et_pb_old_content":"<p><strong>Ungdomsklassen i NM i foto kan vise opp noen fantastisk inspirerende og dyktige deltagere. Her kan du se de premierte bildene til tre-p\u00e5-topp da b\u00e5de v\u00e5r- og h\u00f8strunden var unnagjort. <\/strong><\/p><p>Stor gratulasjon til de tre:<\/p><ol><li>Thomas Sirev\u00e5g fr\u00e5 Sandnes Fotoklubb (30 poeng), \u00c5rets Ungdomsfotograf 2019<\/li><li>Peter Elias Hoddevik fr\u00e5 Skodje Fotoklubb (25 poeng)<\/li><li>Cato Romero fr\u00e5 Trondhjems Kameraklubb (17 poeng)<\/li><\/ol><p>Om ungdomsklassen samlet var det ingen kommentar fra den finske juryen i v\u00e5rrundenm, men danskene i h\u00f8stens jury hadde dette \u00e5 si:<\/p><blockquote><p>Kategorien har budt p\u00e5 mange flotte billeder og billederne i toppen af vores vurderinger er fuldt p\u00e5 h\u00f8jde med billederne i voksenkategorierne - Vi er alts\u00e5 meget imponerede. Der var ogs\u00e5 mange billeder, hvor der var fotograferet mange smukke motiver, men hvor billederne m\u00e5ske lige savnede det sidste ? lidt erfaring.<\/p><\/blockquote>","_et_gb_content_width":"","footnotes":""},"categories":[7,91,10],"tags":[668,713,84],"class_list":["post-8514","post","type-post","status-publish","format-standard","has-post-thumbnail","hentry","category-foto","category-inspirasjon","category-konkurranser","tag-668","tag-arets-ungdomsfotograf","tag-nm-i-foto","et-has-post-format-content","et_post_format-et-post-format-standard"],"yoast_head":"<!-- This site is optimized with the Yoast SEO plugin v27.5 - https:\/\/yoast.com\/product\/yoast-seo-wordpress\/ -->\n<title>De tre beste ungdomsfotografer i NSFF 2019 - NSFF Magasin | Norsk Selskap for Fotografi<\/title>\n<meta name=\"description\" content=\"Ungdomsklassen i NM i foto kan vise opp noen fantastisk inspirerende og dyktige deltagere. Her kan du se de premierte bildene til tre-p\u00e5-topp da b\u00e5de v\u00e5r- og h\u00f8strunden var unnagjort.\" \/>\n<meta name=\"robots\" content=\"index, follow, max-snippet:-1, max-image-preview:large, max-video-preview:-1\" \/>\n<link rel=\"canonical\" href=\"https:\/\/nsff.no\/magasinet\/2019\/12\/05\/de-tre-beste-ungdomsfotografer-i-nsff-2019\/\" \/>\n<meta property=\"og:locale\" content=\"nb_NO\" \/>\n<meta property=\"og:type\" content=\"article\" \/>\n<meta property=\"og:title\" content=\"De tre beste ungdomsfotografer i NSFF 2019 - NSFF Magasin | Norsk Selskap for Fotografi\" \/>\n<meta property=\"og:description\" content=\"Ungdomsklassen i NM i foto kan vise opp noen fantastisk inspirerende og dyktige deltagere. Her kan du se de premierte bildene til tre-p\u00e5-topp da b\u00e5de v\u00e5r- og h\u00f8strunden var unnagjort.\" \/>\n<meta property=\"og:url\" content=\"https:\/\/nsff.no\/magasinet\/2019\/12\/05\/de-tre-beste-ungdomsfotografer-i-nsff-2019\/\" \/>\n<meta property=\"og:site_name\" content=\"NSFF Magasin | Norsk Selskap for Fotografi\" \/>\n<meta property=\"article:published_time\" content=\"2019-12-05T22:41:26+00:00\" \/>\n<meta property=\"article:modified_time\" content=\"2019-12-22T22:33:06+00:00\" \/>\n<meta property=\"og:image\" content=\"https:\/\/nsff.no\/magasinet\/wp-content\/uploads\/sites\/2\/2019\/12\/9619-PR-SDFK-8196-Thomas_Sirevag-Lappland-193656.jpg\" \/>\n\t<meta property=\"og:image:width\" content=\"2400\" \/>\n\t<meta property=\"og:image:height\" content=\"1602\" \/>\n\t<meta property=\"og:image:type\" content=\"image\/jpeg\" \/>\n<meta name=\"author\" content=\"Birgit Fostervold\" \/>\n<meta name=\"twitter:card\" content=\"summary_large_image\" \/>\n<meta name=\"twitter:label1\" content=\"Skrevet av\" \/>\n\t<meta name=\"twitter:data1\" content=\"Birgit Fostervold\" \/>\n\t<meta name=\"twitter:label2\" content=\"Ansl. lesetid\" \/>\n\t<meta name=\"twitter:data2\" content=\"2 minutter\" \/>\n<script type=\"application\/ld+json\" class=\"yoast-schema-graph\">{\"@context\":\"https:\\\/\\\/schema.org\",\"@graph\":[{\"@type\":\"Article\",\"@id\":\"https:\\\/\\\/nsff.no\\\/magasinet\\\/2019\\\/12\\\/05\\\/de-tre-beste-ungdomsfotografer-i-nsff-2019\\\/#article\",\"isPartOf\":{\"@id\":\"https:\\\/\\\/nsff.no\\\/magasinet\\\/2019\\\/12\\\/05\\\/de-tre-beste-ungdomsfotografer-i-nsff-2019\\\/\"},\"author\":{\"name\":\"Birgit Fostervold\",\"@id\":\"https:\\\/\\\/nsff.no\\\/magasinet\\\/#\\\/schema\\\/person\\\/da041f968afa9bee0293372491a98303\"},\"headline\":\"De tre beste ungdomsfotografer i NSFF 2019\",\"datePublished\":\"2019-12-05T22:41:26+00:00\",\"dateModified\":\"2019-12-22T22:33:06+00:00\",\"mainEntityOfPage\":{\"@id\":\"https:\\\/\\\/nsff.no\\\/magasinet\\\/2019\\\/12\\\/05\\\/de-tre-beste-ungdomsfotografer-i-nsff-2019\\\/\"},\"wordCount\":356,\"commentCount\":0,\"publisher\":{\"@id\":\"https:\\\/\\\/nsff.no\\\/magasinet\\\/#organization\"},\"image\":{\"@id\":\"https:\\\/\\\/nsff.no\\\/magasinet\\\/2019\\\/12\\\/05\\\/de-tre-beste-ungdomsfotografer-i-nsff-2019\\\/#primaryimage\"},\"thumbnailUrl\":\"https:\\\/\\\/nsff.no\\\/magasinet\\\/wp-content\\\/uploads\\\/sites\\\/2\\\/2019\\\/12\\\/9619-PR-SDFK-8196-Thomas_Sirevag-Lappland-193656.jpg\",\"keywords\":[\"2019\",\"\u00c5rets ungdomsfotograf\",\"nm i foto\"],\"articleSection\":[\"Foto\",\"Inspirasjon\",\"Konkurranser\"],\"inLanguage\":\"nb-NO\",\"potentialAction\":[{\"@type\":\"CommentAction\",\"name\":\"Comment\",\"target\":[\"https:\\\/\\\/nsff.no\\\/magasinet\\\/2019\\\/12\\\/05\\\/de-tre-beste-ungdomsfotografer-i-nsff-2019\\\/#respond\"]}]},{\"@type\":\"WebPage\",\"@id\":\"https:\\\/\\\/nsff.no\\\/magasinet\\\/2019\\\/12\\\/05\\\/de-tre-beste-ungdomsfotografer-i-nsff-2019\\\/\",\"url\":\"https:\\\/\\\/nsff.no\\\/magasinet\\\/2019\\\/12\\\/05\\\/de-tre-beste-ungdomsfotografer-i-nsff-2019\\\/\",\"name\":\"De tre beste ungdomsfotografer i NSFF 2019 - NSFF Magasin | Norsk Selskap for Fotografi\",\"isPartOf\":{\"@id\":\"https:\\\/\\\/nsff.no\\\/magasinet\\\/#website\"},\"primaryImageOfPage\":{\"@id\":\"https:\\\/\\\/nsff.no\\\/magasinet\\\/2019\\\/12\\\/05\\\/de-tre-beste-ungdomsfotografer-i-nsff-2019\\\/#primaryimage\"},\"image\":{\"@id\":\"https:\\\/\\\/nsff.no\\\/magasinet\\\/2019\\\/12\\\/05\\\/de-tre-beste-ungdomsfotografer-i-nsff-2019\\\/#primaryimage\"},\"thumbnailUrl\":\"https:\\\/\\\/nsff.no\\\/magasinet\\\/wp-content\\\/uploads\\\/sites\\\/2\\\/2019\\\/12\\\/9619-PR-SDFK-8196-Thomas_Sirevag-Lappland-193656.jpg\",\"datePublished\":\"2019-12-05T22:41:26+00:00\",\"dateModified\":\"2019-12-22T22:33:06+00:00\",\"description\":\"Ungdomsklassen i NM i foto kan vise opp noen fantastisk inspirerende og dyktige deltagere. Her kan du se de premierte bildene til tre-p\u00e5-topp da b\u00e5de v\u00e5r- og h\u00f8strunden var unnagjort.\",\"breadcrumb\":{\"@id\":\"https:\\\/\\\/nsff.no\\\/magasinet\\\/2019\\\/12\\\/05\\\/de-tre-beste-ungdomsfotografer-i-nsff-2019\\\/#breadcrumb\"},\"inLanguage\":\"nb-NO\",\"potentialAction\":[{\"@type\":\"ReadAction\",\"target\":[\"https:\\\/\\\/nsff.no\\\/magasinet\\\/2019\\\/12\\\/05\\\/de-tre-beste-ungdomsfotografer-i-nsff-2019\\\/\"]}]},{\"@type\":\"ImageObject\",\"inLanguage\":\"nb-NO\",\"@id\":\"https:\\\/\\\/nsff.no\\\/magasinet\\\/2019\\\/12\\\/05\\\/de-tre-beste-ungdomsfotografer-i-nsff-2019\\\/#primaryimage\",\"url\":\"https:\\\/\\\/nsff.no\\\/magasinet\\\/wp-content\\\/uploads\\\/sites\\\/2\\\/2019\\\/12\\\/9619-PR-SDFK-8196-Thomas_Sirevag-Lappland-193656.jpg\",\"contentUrl\":\"https:\\\/\\\/nsff.no\\\/magasinet\\\/wp-content\\\/uploads\\\/sites\\\/2\\\/2019\\\/12\\\/9619-PR-SDFK-8196-Thomas_Sirevag-Lappland-193656.jpg\",\"width\":2400,\"height\":1602,\"caption\":\"\\\"Teknisk veludf\u00f8rt billede. Rensdyret st\u00e5r smukt i og pruster i det stille morgenlys. Konturen p\u00e5 dyret er formet meget smukt af morgensolen og billedet indeholder n\u00e6sten kun en gylden tone. Dette skaber en god balance og et roligt udtryk. Kompositionsm\u00e6ssigt er det veludf\u00f8rt med rensdyret placeret rigtigt i forhold til solen. Billedet rummer trods det disede look flere lag med en sl\u00f8ret forgrund, rensdyret i midten og en antydning af bjerge bagved. Billedet vinder p\u00e5 den fantastiske morgenstemning og vi kan n\u00e6sten forestille os, at vi st\u00e5r der i kulden og kigger p\u00e5 dyret.\\\"\"},{\"@type\":\"BreadcrumbList\",\"@id\":\"https:\\\/\\\/nsff.no\\\/magasinet\\\/2019\\\/12\\\/05\\\/de-tre-beste-ungdomsfotografer-i-nsff-2019\\\/#breadcrumb\",\"itemListElement\":[{\"@type\":\"ListItem\",\"position\":1,\"name\":\"Hjem\",\"item\":\"https:\\\/\\\/nsff.no\\\/magasinet\\\/\"},{\"@type\":\"ListItem\",\"position\":2,\"name\":\"De tre beste ungdomsfotografer i NSFF 2019\"}]},{\"@type\":\"WebSite\",\"@id\":\"https:\\\/\\\/nsff.no\\\/magasinet\\\/#website\",\"url\":\"https:\\\/\\\/nsff.no\\\/magasinet\\\/\",\"name\":\"NSFF Magasin | Norsk Selskap for Fotografi\",\"description\":\"Medlemsmagasin for film- og fotoentusiaster\",\"publisher\":{\"@id\":\"https:\\\/\\\/nsff.no\\\/magasinet\\\/#organization\"},\"potentialAction\":[{\"@type\":\"SearchAction\",\"target\":{\"@type\":\"EntryPoint\",\"urlTemplate\":\"https:\\\/\\\/nsff.no\\\/magasinet\\\/?s={search_term_string}\"},\"query-input\":{\"@type\":\"PropertyValueSpecification\",\"valueRequired\":true,\"valueName\":\"search_term_string\"}}],\"inLanguage\":\"nb-NO\"},{\"@type\":\"Organization\",\"@id\":\"https:\\\/\\\/nsff.no\\\/magasinet\\\/#organization\",\"name\":\"Norsk Selskap for Fotografo\",\"url\":\"https:\\\/\\\/nsff.no\\\/magasinet\\\/\",\"logo\":{\"@type\":\"ImageObject\",\"inLanguage\":\"nb-NO\",\"@id\":\"https:\\\/\\\/nsff.no\\\/magasinet\\\/#\\\/schema\\\/logo\\\/image\\\/\",\"url\":\"https:\\\/\\\/nsff.no\\\/magasinet\\\/wp-content\\\/uploads\\\/sites\\\/2\\\/2016\\\/05\\\/NSFF-fb-lenkebilde.png\",\"contentUrl\":\"https:\\\/\\\/nsff.no\\\/magasinet\\\/wp-content\\\/uploads\\\/sites\\\/2\\\/2016\\\/05\\\/NSFF-fb-lenkebilde.png\",\"width\":1,\"height\":1,\"caption\":\"Norsk Selskap for Fotografo\"},\"image\":{\"@id\":\"https:\\\/\\\/nsff.no\\\/magasinet\\\/#\\\/schema\\\/logo\\\/image\\\/\"}},{\"@type\":\"Person\",\"@id\":\"https:\\\/\\\/nsff.no\\\/magasinet\\\/#\\\/schema\\\/person\\\/da041f968afa9bee0293372491a98303\",\"name\":\"Birgit Fostervold\",\"image\":{\"@type\":\"ImageObject\",\"inLanguage\":\"nb-NO\",\"@id\":\"https:\\\/\\\/secure.gravatar.com\\\/avatar\\\/d8b31664a01c80eecbf53f36dc41fa676bbfe7c78cb2391937a62f88da897950?s=96&d=mm&r=g\",\"url\":\"https:\\\/\\\/secure.gravatar.com\\\/avatar\\\/d8b31664a01c80eecbf53f36dc41fa676bbfe7c78cb2391937a62f88da897950?s=96&d=mm&r=g\",\"contentUrl\":\"https:\\\/\\\/secure.gravatar.com\\\/avatar\\\/d8b31664a01c80eecbf53f36dc41fa676bbfe7c78cb2391937a62f88da897950?s=96&d=mm&r=g\",\"caption\":\"Birgit Fostervold\"},\"description\":\"EsNSFF, HonENFFF, medlem i Homborsund fotoklubb og Arendal fotoklubb. Styremedlem NSFF, Nordisk Forbund for Fotografi og Norsk Naturfotofestival. Tidl. nestleder og konst.leder NSFF (2017\u201322), tidl. redakt\u00f8r for NSFF Magasin (2016\u201322).\",\"sameAs\":[\"https:\\\/\\\/lensbirdie.no\",\"https:\\\/\\\/instagram.com\\\/knipselyst\\\/\"],\"url\":\"https:\\\/\\\/nsff.no\\\/magasinet\\\/author\\\/birgitf\\\/\"}]}<\/script>\n<!-- \/ Yoast SEO plugin. -->","yoast_head_json":{"title":"De tre beste ungdomsfotografer i NSFF 2019 - NSFF Magasin | Norsk Selskap for Fotografi","description":"Ungdomsklassen i NM i foto kan vise opp noen fantastisk inspirerende og dyktige deltagere. Her kan du se de premierte bildene til tre-p\u00e5-topp da b\u00e5de v\u00e5r- og h\u00f8strunden var unnagjort.","robots":{"index":"index","follow":"follow","max-snippet":"max-snippet:-1","max-image-preview":"max-image-preview:large","max-video-preview":"max-video-preview:-1"},"canonical":"https:\/\/nsff.no\/magasinet\/2019\/12\/05\/de-tre-beste-ungdomsfotografer-i-nsff-2019\/","og_locale":"nb_NO","og_type":"article","og_title":"De tre beste ungdomsfotografer i NSFF 2019 - NSFF Magasin | Norsk Selskap for Fotografi","og_description":"Ungdomsklassen i NM i foto kan vise opp noen fantastisk inspirerende og dyktige deltagere. Her kan du se de premierte bildene til tre-p\u00e5-topp da b\u00e5de v\u00e5r- og h\u00f8strunden var unnagjort.","og_url":"https:\/\/nsff.no\/magasinet\/2019\/12\/05\/de-tre-beste-ungdomsfotografer-i-nsff-2019\/","og_site_name":"NSFF Magasin | Norsk Selskap for Fotografi","article_published_time":"2019-12-05T22:41:26+00:00","article_modified_time":"2019-12-22T22:33:06+00:00","og_image":[{"width":2400,"height":1602,"url":"https:\/\/nsff.no\/magasinet\/wp-content\/uploads\/sites\/2\/2019\/12\/9619-PR-SDFK-8196-Thomas_Sirevag-Lappland-193656.jpg","type":"image\/jpeg"}],"author":"Birgit Fostervold","twitter_card":"summary_large_image","twitter_misc":{"Skrevet av":"Birgit Fostervold","Ansl. lesetid":"2 minutter"},"schema":{"@context":"https:\/\/schema.org","@graph":[{"@type":"Article","@id":"https:\/\/nsff.no\/magasinet\/2019\/12\/05\/de-tre-beste-ungdomsfotografer-i-nsff-2019\/#article","isPartOf":{"@id":"https:\/\/nsff.no\/magasinet\/2019\/12\/05\/de-tre-beste-ungdomsfotografer-i-nsff-2019\/"},"author":{"name":"Birgit Fostervold","@id":"https:\/\/nsff.no\/magasinet\/#\/schema\/person\/da041f968afa9bee0293372491a98303"},"headline":"De tre beste ungdomsfotografer i NSFF 2019","datePublished":"2019-12-05T22:41:26+00:00","dateModified":"2019-12-22T22:33:06+00:00","mainEntityOfPage":{"@id":"https:\/\/nsff.no\/magasinet\/2019\/12\/05\/de-tre-beste-ungdomsfotografer-i-nsff-2019\/"},"wordCount":356,"commentCount":0,"publisher":{"@id":"https:\/\/nsff.no\/magasinet\/#organization"},"image":{"@id":"https:\/\/nsff.no\/magasinet\/2019\/12\/05\/de-tre-beste-ungdomsfotografer-i-nsff-2019\/#primaryimage"},"thumbnailUrl":"https:\/\/nsff.no\/magasinet\/wp-content\/uploads\/sites\/2\/2019\/12\/9619-PR-SDFK-8196-Thomas_Sirevag-Lappland-193656.jpg","keywords":["2019","\u00c5rets ungdomsfotograf","nm i foto"],"articleSection":["Foto","Inspirasjon","Konkurranser"],"inLanguage":"nb-NO","potentialAction":[{"@type":"CommentAction","name":"Comment","target":["https:\/\/nsff.no\/magasinet\/2019\/12\/05\/de-tre-beste-ungdomsfotografer-i-nsff-2019\/#respond"]}]},{"@type":"WebPage","@id":"https:\/\/nsff.no\/magasinet\/2019\/12\/05\/de-tre-beste-ungdomsfotografer-i-nsff-2019\/","url":"https:\/\/nsff.no\/magasinet\/2019\/12\/05\/de-tre-beste-ungdomsfotografer-i-nsff-2019\/","name":"De tre beste ungdomsfotografer i NSFF 2019 - NSFF Magasin | Norsk Selskap for Fotografi","isPartOf":{"@id":"https:\/\/nsff.no\/magasinet\/#website"},"primaryImageOfPage":{"@id":"https:\/\/nsff.no\/magasinet\/2019\/12\/05\/de-tre-beste-ungdomsfotografer-i-nsff-2019\/#primaryimage"},"image":{"@id":"https:\/\/nsff.no\/magasinet\/2019\/12\/05\/de-tre-beste-ungdomsfotografer-i-nsff-2019\/#primaryimage"},"thumbnailUrl":"https:\/\/nsff.no\/magasinet\/wp-content\/uploads\/sites\/2\/2019\/12\/9619-PR-SDFK-8196-Thomas_Sirevag-Lappland-193656.jpg","datePublished":"2019-12-05T22:41:26+00:00","dateModified":"2019-12-22T22:33:06+00:00","description":"Ungdomsklassen i NM i foto kan vise opp noen fantastisk inspirerende og dyktige deltagere. Her kan du se de premierte bildene til tre-p\u00e5-topp da b\u00e5de v\u00e5r- og h\u00f8strunden var unnagjort.","breadcrumb":{"@id":"https:\/\/nsff.no\/magasinet\/2019\/12\/05\/de-tre-beste-ungdomsfotografer-i-nsff-2019\/#breadcrumb"},"inLanguage":"nb-NO","potentialAction":[{"@type":"ReadAction","target":["https:\/\/nsff.no\/magasinet\/2019\/12\/05\/de-tre-beste-ungdomsfotografer-i-nsff-2019\/"]}]},{"@type":"ImageObject","inLanguage":"nb-NO","@id":"https:\/\/nsff.no\/magasinet\/2019\/12\/05\/de-tre-beste-ungdomsfotografer-i-nsff-2019\/#primaryimage","url":"https:\/\/nsff.no\/magasinet\/wp-content\/uploads\/sites\/2\/2019\/12\/9619-PR-SDFK-8196-Thomas_Sirevag-Lappland-193656.jpg","contentUrl":"https:\/\/nsff.no\/magasinet\/wp-content\/uploads\/sites\/2\/2019\/12\/9619-PR-SDFK-8196-Thomas_Sirevag-Lappland-193656.jpg","width":2400,"height":1602,"caption":"\"Teknisk veludf\u00f8rt billede. Rensdyret st\u00e5r smukt i og pruster i det stille morgenlys. Konturen p\u00e5 dyret er formet meget smukt af morgensolen og billedet indeholder n\u00e6sten kun en gylden tone. Dette skaber en god balance og et roligt udtryk. Kompositionsm\u00e6ssigt er det veludf\u00f8rt med rensdyret placeret rigtigt i forhold til solen. Billedet rummer trods det disede look flere lag med en sl\u00f8ret forgrund, rensdyret i midten og en antydning af bjerge bagved. Billedet vinder p\u00e5 den fantastiske morgenstemning og vi kan n\u00e6sten forestille os, at vi st\u00e5r der i kulden og kigger p\u00e5 dyret.\""},{"@type":"BreadcrumbList","@id":"https:\/\/nsff.no\/magasinet\/2019\/12\/05\/de-tre-beste-ungdomsfotografer-i-nsff-2019\/#breadcrumb","itemListElement":[{"@type":"ListItem","position":1,"name":"Hjem","item":"https:\/\/nsff.no\/magasinet\/"},{"@type":"ListItem","position":2,"name":"De tre beste ungdomsfotografer i NSFF 2019"}]},{"@type":"WebSite","@id":"https:\/\/nsff.no\/magasinet\/#website","url":"https:\/\/nsff.no\/magasinet\/","name":"NSFF Magasin | Norsk Selskap for Fotografi","description":"Medlemsmagasin for film- og fotoentusiaster","publisher":{"@id":"https:\/\/nsff.no\/magasinet\/#organization"},"potentialAction":[{"@type":"SearchAction","target":{"@type":"EntryPoint","urlTemplate":"https:\/\/nsff.no\/magasinet\/?s={search_term_string}"},"query-input":{"@type":"PropertyValueSpecification","valueRequired":true,"valueName":"search_term_string"}}],"inLanguage":"nb-NO"},{"@type":"Organization","@id":"https:\/\/nsff.no\/magasinet\/#organization","name":"Norsk Selskap for Fotografo","url":"https:\/\/nsff.no\/magasinet\/","logo":{"@type":"ImageObject","inLanguage":"nb-NO","@id":"https:\/\/nsff.no\/magasinet\/#\/schema\/logo\/image\/","url":"https:\/\/nsff.no\/magasinet\/wp-content\/uploads\/sites\/2\/2016\/05\/NSFF-fb-lenkebilde.png","contentUrl":"https:\/\/nsff.no\/magasinet\/wp-content\/uploads\/sites\/2\/2016\/05\/NSFF-fb-lenkebilde.png","width":1,"height":1,"caption":"Norsk Selskap for Fotografo"},"image":{"@id":"https:\/\/nsff.no\/magasinet\/#\/schema\/logo\/image\/"}},{"@type":"Person","@id":"https:\/\/nsff.no\/magasinet\/#\/schema\/person\/da041f968afa9bee0293372491a98303","name":"Birgit Fostervold","image":{"@type":"ImageObject","inLanguage":"nb-NO","@id":"https:\/\/secure.gravatar.com\/avatar\/d8b31664a01c80eecbf53f36dc41fa676bbfe7c78cb2391937a62f88da897950?s=96&d=mm&r=g","url":"https:\/\/secure.gravatar.com\/avatar\/d8b31664a01c80eecbf53f36dc41fa676bbfe7c78cb2391937a62f88da897950?s=96&d=mm&r=g","contentUrl":"https:\/\/secure.gravatar.com\/avatar\/d8b31664a01c80eecbf53f36dc41fa676bbfe7c78cb2391937a62f88da897950?s=96&d=mm&r=g","caption":"Birgit Fostervold"},"description":"EsNSFF, HonENFFF, medlem i Homborsund fotoklubb og Arendal fotoklubb. Styremedlem NSFF, Nordisk Forbund for Fotografi og Norsk Naturfotofestival. Tidl. nestleder og konst.leder NSFF (2017\u201322), tidl. redakt\u00f8r for NSFF Magasin (2016\u201322).","sameAs":["https:\/\/lensbirdie.no","https:\/\/instagram.com\/knipselyst\/"],"url":"https:\/\/nsff.no\/magasinet\/author\/birgitf\/"}]}},"_links":{"self":[{"href":"https:\/\/nsff.no\/magasinet\/wp-json\/wp\/v2\/posts\/8514","targetHints":{"allow":["GET"]}}],"collection":[{"href":"https:\/\/nsff.no\/magasinet\/wp-json\/wp\/v2\/posts"}],"about":[{"href":"https:\/\/nsff.no\/magasinet\/wp-json\/wp\/v2\/types\/post"}],"author":[{"embeddable":true,"href":"https:\/\/nsff.no\/magasinet\/wp-json\/wp\/v2\/users\/7"}],"replies":[{"embeddable":true,"href":"https:\/\/nsff.no\/magasinet\/wp-json\/wp\/v2\/comments?post=8514"}],"version-history":[{"count":3,"href":"https:\/\/nsff.no\/magasinet\/wp-json\/wp\/v2\/posts\/8514\/revisions"}],"predecessor-version":[{"id":8744,"href":"https:\/\/nsff.no\/magasinet\/wp-json\/wp\/v2\/posts\/8514\/revisions\/8744"}],"wp:featuredmedia":[{"embeddable":true,"href":"https:\/\/nsff.no\/magasinet\/wp-json\/wp\/v2\/media\/8520"}],"wp:attachment":[{"href":"https:\/\/nsff.no\/magasinet\/wp-json\/wp\/v2\/media?parent=8514"}],"wp:term":[{"taxonomy":"category","embeddable":true,"href":"https:\/\/nsff.no\/magasinet\/wp-json\/wp\/v2\/categories?post=8514"},{"taxonomy":"post_tag","embeddable":true,"href":"https:\/\/nsff.no\/magasinet\/wp-json\/wp\/v2\/tags?post=8514"}],"curies":[{"name":"wp","href":"https:\/\/api.w.org\/{rel}","templated":true}]}}