{"id":8291,"date":"2019-10-23T13:14:56","date_gmt":"2019-10-23T11:14:56","guid":{"rendered":"http:\/\/nsff.no\/magasinet\/?p=8291"},"modified":"2019-12-05T23:48:38","modified_gmt":"2019-12-05T22:48:38","slug":"harstad-fotoklubb-50-ar","status":"publish","type":"post","link":"https:\/\/nsff.no\/magasinet\/2019\/10\/23\/harstad-fotoklubb-50-ar\/","title":{"rendered":"Harstad fotoklubb 50 \u00e5r!"},"content":{"rendered":"<p>[et_pb_section bb_built=&raquo;1&#8243; inner_width=&raquo;auto&raquo; inner_max_width=&raquo;none&raquo;][et_pb_row][et_pb_column type=&raquo;2_3&#8243; custom_padding__hover=&raquo;|||&raquo; custom_padding=&raquo;|||&raquo;][et_pb_text _builder_version=&raquo;3.29.3&#8243; text_text_shadow_horizontal_length=&raquo;text_text_shadow_style,%91object Object%93&#8243; text_text_shadow_horizontal_length_tablet=&raquo;0px&raquo; text_text_shadow_vertical_length=&raquo;text_text_shadow_style,%91object Object%93&#8243; text_text_shadow_vertical_length_tablet=&raquo;0px&raquo; text_text_shadow_blur_strength=&raquo;text_text_shadow_style,%91object Object%93&#8243; text_text_shadow_blur_strength_tablet=&raquo;1px&raquo; link_text_shadow_horizontal_length=&raquo;link_text_shadow_style,%91object Object%93&#8243; link_text_shadow_horizontal_length_tablet=&raquo;0px&raquo; link_text_shadow_vertical_length=&raquo;link_text_shadow_style,%91object Object%93&#8243; link_text_shadow_vertical_length_tablet=&raquo;0px&raquo; link_text_shadow_blur_strength=&raquo;link_text_shadow_style,%91object Object%93&#8243; link_text_shadow_blur_strength_tablet=&raquo;1px&raquo; ul_text_shadow_horizontal_length=&raquo;ul_text_shadow_style,%91object Object%93&#8243; ul_text_shadow_horizontal_length_tablet=&raquo;0px&raquo; ul_text_shadow_vertical_length=&raquo;ul_text_shadow_style,%91object Object%93&#8243; ul_text_shadow_vertical_length_tablet=&raquo;0px&raquo; ul_text_shadow_blur_strength=&raquo;ul_text_shadow_style,%91object Object%93&#8243; ul_text_shadow_blur_strength_tablet=&raquo;1px&raquo; ol_text_shadow_horizontal_length=&raquo;ol_text_shadow_style,%91object Object%93&#8243; ol_text_shadow_horizontal_length_tablet=&raquo;0px&raquo; ol_text_shadow_vertical_length=&raquo;ol_text_shadow_style,%91object Object%93&#8243; ol_text_shadow_vertical_length_tablet=&raquo;0px&raquo; ol_text_shadow_blur_strength=&raquo;ol_text_shadow_style,%91object Object%93&#8243; ol_text_shadow_blur_strength_tablet=&raquo;1px&raquo; quote_text_shadow_horizontal_length=&raquo;quote_text_shadow_style,%91object Object%93&#8243; quote_text_shadow_horizontal_length_tablet=&raquo;0px&raquo; quote_text_shadow_vertical_length=&raquo;quote_text_shadow_style,%91object Object%93&#8243; quote_text_shadow_vertical_length_tablet=&raquo;0px&raquo; quote_text_shadow_blur_strength=&raquo;quote_text_shadow_style,%91object Object%93&#8243; quote_text_shadow_blur_strength_tablet=&raquo;1px&raquo; header_text_shadow_horizontal_length=&raquo;header_text_shadow_style,%91object Object%93&#8243; header_text_shadow_horizontal_length_tablet=&raquo;0px&raquo; header_text_shadow_vertical_length=&raquo;header_text_shadow_style,%91object Object%93&#8243; header_text_shadow_vertical_length_tablet=&raquo;0px&raquo; header_text_shadow_blur_strength=&raquo;header_text_shadow_style,%91object Object%93&#8243; header_text_shadow_blur_strength_tablet=&raquo;1px&raquo; header_2_text_shadow_horizontal_length=&raquo;header_2_text_shadow_style,%91object Object%93&#8243; header_2_text_shadow_horizontal_length_tablet=&raquo;0px&raquo; header_2_text_shadow_vertical_length=&raquo;header_2_text_shadow_style,%91object Object%93&#8243; header_2_text_shadow_vertical_length_tablet=&raquo;0px&raquo; header_2_text_shadow_blur_strength=&raquo;header_2_text_shadow_style,%91object Object%93&#8243; header_2_text_shadow_blur_strength_tablet=&raquo;1px&raquo; header_3_text_shadow_horizontal_length=&raquo;header_3_text_shadow_style,%91object Object%93&#8243; header_3_text_shadow_horizontal_length_tablet=&raquo;0px&raquo; header_3_text_shadow_vertical_length=&raquo;header_3_text_shadow_style,%91object Object%93&#8243; header_3_text_shadow_vertical_length_tablet=&raquo;0px&raquo; header_3_text_shadow_blur_strength=&raquo;header_3_text_shadow_style,%91object Object%93&#8243; header_3_text_shadow_blur_strength_tablet=&raquo;1px&raquo; header_4_text_shadow_horizontal_length=&raquo;header_4_text_shadow_style,%91object Object%93&#8243; header_4_text_shadow_horizontal_length_tablet=&raquo;0px&raquo; header_4_text_shadow_vertical_length=&raquo;header_4_text_shadow_style,%91object Object%93&#8243; header_4_text_shadow_vertical_length_tablet=&raquo;0px&raquo; header_4_text_shadow_blur_strength=&raquo;header_4_text_shadow_style,%91object Object%93&#8243; header_4_text_shadow_blur_strength_tablet=&raquo;1px&raquo; header_5_text_shadow_horizontal_length=&raquo;header_5_text_shadow_style,%91object Object%93&#8243; header_5_text_shadow_horizontal_length_tablet=&raquo;0px&raquo; header_5_text_shadow_vertical_length=&raquo;header_5_text_shadow_style,%91object Object%93&#8243; header_5_text_shadow_vertical_length_tablet=&raquo;0px&raquo; header_5_text_shadow_blur_strength=&raquo;header_5_text_shadow_style,%91object Object%93&#8243; header_5_text_shadow_blur_strength_tablet=&raquo;1px&raquo; header_6_text_shadow_horizontal_length=&raquo;header_6_text_shadow_style,%91object Object%93&#8243; header_6_text_shadow_horizontal_length_tablet=&raquo;0px&raquo; header_6_text_shadow_vertical_length=&raquo;header_6_text_shadow_style,%91object Object%93&#8243; header_6_text_shadow_vertical_length_tablet=&raquo;0px&raquo; header_6_text_shadow_blur_strength=&raquo;header_6_text_shadow_style,%91object Object%93&#8243; header_6_text_shadow_blur_strength_tablet=&raquo;1px&raquo; box_shadow_horizontal_tablet=&raquo;0px&raquo; box_shadow_vertical_tablet=&raquo;0px&raquo; box_shadow_blur_tablet=&raquo;40px&raquo; box_shadow_spread_tablet=&raquo;0px&raquo; z_index_tablet=&raquo;500&#8243;]<\/p>\n<p><strong>Harstad Fotoklubb fyller 50 \u00e5r den 21. oktober 2019. I den anledning har klubben satt seg som m\u00e5l \u00e5 vises i bybildet i Harstad gjennom forskjellige aktiviteter.<\/strong><\/p>\n<p>Klubben har 68 medlemmer; vi har m\u00f8ter en gang i m\u00e5neden med forskjellige temaer og interne konkurranser. I tillegg drar vi p\u00e5 turer og workshops sammen \u00e5ret rundt. Vi har et godt samhold og f\u00e5r gjennomf\u00f8rt mye spennende hvert \u00e5r.<\/p>\n<p>V\u00e5r dyktige jubileumskomite har satt i gang et stort prosjekt i anledning 50 \u00e5rs-jubileet. De har planlagt og jobbet aktivt i flere m\u00e5neder, og med hjelp fra mange ivrige sjeler i klubben n\u00e6rmer vi oss n\u00e5 sluttresultatet.<\/p>\n<h2>Utstillinger b\u00e5de ute og inne<\/h2>\n<p>Vi starter med \u00e5 \u00e5pne ei stor utstilling ute i sentrum av byen den 25. oktober, med 33 bilder som blir vist frem p\u00e5 selvbygde bukker. P\u00e5 kafeen &laquo;4 roser&raquo; har vi utstilling med 14 bilder der temaet er abstrakt. P\u00e5 Harstad\/Narvik flyplass vises ti store bilder som viser hverdagen p\u00e5 flyplassen; her har Avinor v\u00e6rt med p\u00e5 sponsing og st\u00e5tt for utvelgelsen av bilder. P\u00e5 kommunen viser vi portrett av tidligere ordf\u00f8rere.<\/p>\n<p>I samarbeid med Ungdommens hus Plastelina har vi invitert ungdommer til \u00e5 lage ei utstilling av mobilbilder, som de har f\u00e5tt printet ut p\u00e5 klubbens skriver. Vi har ogs\u00e5 f\u00e5tt med oss noen butikker og f\u00e5r henge opp bilder i butikkvinduene deres i sentrum.<\/p>\n<p>I samarbeid med Sparebank1 Nord Norge har vi montert en storskjerm i et av bankens vinduer, vendt ut mot g\u00e5gaten. P\u00e5 denne skal det vises bilder fra en selfiestasjon som vi setter opp ute i byen. Vi gleder oss til \u00e5 se hvilke selfier publikum sender inn! Sparebank1 Nord Norge har for \u00f8vrig g\u00e5tt inn med en betydelig sponsorsum i v\u00e5rt jubileumsprosjekt.<\/p>\n<h2>Lokalavisa stiller opp<\/h2>\n<p>Vi har f\u00e5tt til et samarbeid med lokalavisen, Harstad Tidende. Da f\u00e5r vi en helside hver dag, hvor dagens fotograf f\u00e5r sende inn et bilde og fortelle om det og seg selv. Til sammen blir det over 20 helsider, og en fantastisk mulighet for klubben til \u00e5 vise seg fram!<\/p>\n<h2>Containerutstilling<\/h2>\n<p>Vi har ogs\u00e5 leid en stor container som vi bygger om og innreder med vegger og lys til en pop-up-utstilling. Her f\u00e5r medlemmene komme og henge opp bilder de vil vise frem. Containeren skal v\u00e6re \u00e5pen hver dag i de tre ukene jubileumsperioden varer. Medlemmene stiller som vakter etter tur. <\/p>\n<h2>\u00c5pne foredrag med inspirerende fotografer<\/h2>\n<p>Men det er mer som skjer: vi har f\u00e5tt tak i seks spennende foredragsholdere som skal holde foredrag om foto tre onsdagskvelder p\u00e5 rad. Disse er: Trym Ivar Bergsmo, Bj\u00f8rg-Elise Tuppen, Rune Selnes, Grethe Einarsen, Veronica Mel\u00e5, og Stian Klo. Foredragene er gratis og \u00e5pne for publikum, og holdes p\u00e5 Universitetet i Harstad. Vi gleder oss!<\/p>\n<p>Gjett om vi er stolte av klubben v\u00e5r og hva vi f\u00e5r til! Vi gleder oss veldig til \u00e5pningen av utstillingene fredag den 25. oktober. Vi h\u00e5per at vi med dette fremst\u00f8tet kan vise hva klubben f\u00e5r til og om vi er heldige klarer vi \u00e5 f\u00e5 med oss noen nye medlemmer i klubben ogs\u00e5 etter disse ukene. <a href=\"https:\/\/www.facebook.com\/offentligside\/\">F\u00f8lg oss gjerne p\u00e5 v\u00e5r nye facebookside<\/a>.<\/p>\n<p>[\/et_pb_text][\/et_pb_column][et_pb_column type=&raquo;1_3&#8243; custom_padding__hover=&raquo;|||&raquo; custom_padding=&raquo;|||&raquo;][et_pb_gallery _builder_version=&raquo;3.29.3&#8243; gallery_ids=&raquo;8292,8293,8294&#8243; posts_number=&raquo;3&#8243; show_title_and_caption=&raquo;off&raquo; orientation=&raquo;portrait&raquo; hover_overlay_color=&raquo;rgba(255,255,255,0.9)&raquo; box_shadow_horizontal_image_tablet=&raquo;0px&raquo; box_shadow_vertical_image_tablet=&raquo;0px&raquo; box_shadow_blur_image_tablet=&raquo;40px&raquo; box_shadow_spread_image_tablet=&raquo;0px&raquo; text_shadow_horizontal_length=&raquo;text_shadow_style,%91object Object%93&#8243; text_shadow_horizontal_length_tablet=&raquo;0px&raquo; text_shadow_vertical_length=&raquo;text_shadow_style,%91object Object%93&#8243; text_shadow_vertical_length_tablet=&raquo;0px&raquo; text_shadow_blur_strength=&raquo;text_shadow_style,%91object Object%93&#8243; text_shadow_blur_strength_tablet=&raquo;1px&raquo; title_text_shadow_horizontal_length=&raquo;title_text_shadow_style,%91object Object%93&#8243; title_text_shadow_horizontal_length_tablet=&raquo;0px&raquo; title_text_shadow_vertical_length=&raquo;title_text_shadow_style,%91object Object%93&#8243; title_text_shadow_vertical_length_tablet=&raquo;0px&raquo; title_text_shadow_blur_strength=&raquo;title_text_shadow_style,%91object Object%93&#8243; title_text_shadow_blur_strength_tablet=&raquo;1px&raquo; caption_text_shadow_horizontal_length=&raquo;caption_text_shadow_style,%91object Object%93&#8243; caption_text_shadow_horizontal_length_tablet=&raquo;0px&raquo; caption_text_shadow_vertical_length=&raquo;caption_text_shadow_style,%91object Object%93&#8243; caption_text_shadow_vertical_length_tablet=&raquo;0px&raquo; caption_text_shadow_blur_strength=&raquo;caption_text_shadow_style,%91object Object%93&#8243; caption_text_shadow_blur_strength_tablet=&raquo;1px&raquo; pagination_text_shadow_horizontal_length=&raquo;pagination_text_shadow_style,%91object Object%93&#8243; pagination_text_shadow_horizontal_length_tablet=&raquo;0px&raquo; pagination_text_shadow_vertical_length=&raquo;pagination_text_shadow_style,%91object Object%93&#8243; pagination_text_shadow_vertical_length_tablet=&raquo;0px&raquo; pagination_text_shadow_blur_strength=&raquo;pagination_text_shadow_style,%91object Object%93&#8243; pagination_text_shadow_blur_strength_tablet=&raquo;1px&raquo; box_shadow_horizontal_tablet=&raquo;0px&raquo; box_shadow_vertical_tablet=&raquo;0px&raquo; box_shadow_blur_tablet=&raquo;40px&raquo; box_shadow_spread_tablet=&raquo;0px&raquo; z_index_tablet=&raquo;500&#8243; \/][\/et_pb_column][\/et_pb_row][\/et_pb_section]<\/p>\n","protected":false},"excerpt":{"rendered":"<p>Denne uka fyller Harstad fotoklubb hele 50 \u00e5r! I den anledning har klubben satt seg som m\u00e5l \u00e5 vise seg frem gjennom forskjellige aktiviteter.<\/p>\n","protected":false},"author":74,"featured_media":8298,"comment_status":"open","ping_status":"open","sticky":false,"template":"","format":"standard","meta":{"_et_pb_use_builder":"on","_et_pb_old_content":"","_et_gb_content_width":"","footnotes":""},"categories":[9,90],"tags":[668,61,102],"class_list":["post-8291","post","type-post","status-publish","format-standard","has-post-thumbnail","hentry","category-klubb","category-presentasjoner","tag-668","tag-harstad-fotoklubb","tag-jubileum","et-has-post-format-content","et_post_format-et-post-format-standard"],"yoast_head":"<!-- This site is optimized with the Yoast SEO plugin v27.5 - https:\/\/yoast.com\/product\/yoast-seo-wordpress\/ -->\n<title>Harstad fotoklubb 50 \u00e5r! - NSFF Magasin | Norsk Selskap for Fotografi<\/title>\n<meta name=\"description\" content=\"Denne uka fyller Harstad fotoklubb hele 50 \u00e5r! I den anledning har klubben satt seg som m\u00e5l \u00e5 vise seg frem gjennom forskjellige aktiviteter.\" \/>\n<meta name=\"robots\" content=\"index, follow, max-snippet:-1, max-image-preview:large, max-video-preview:-1\" \/>\n<link rel=\"canonical\" href=\"https:\/\/nsff.no\/magasinet\/2019\/10\/23\/harstad-fotoklubb-50-ar\/\" \/>\n<meta property=\"og:locale\" content=\"nb_NO\" \/>\n<meta property=\"og:type\" content=\"article\" \/>\n<meta property=\"og:title\" content=\"Harstad fotoklubb 50 \u00e5r! - NSFF Magasin | Norsk Selskap for Fotografi\" \/>\n<meta property=\"og:description\" content=\"Denne uka fyller Harstad fotoklubb hele 50 \u00e5r! I den anledning har klubben satt seg som m\u00e5l \u00e5 vise seg frem gjennom forskjellige aktiviteter.\" \/>\n<meta property=\"og:url\" content=\"https:\/\/nsff.no\/magasinet\/2019\/10\/23\/harstad-fotoklubb-50-ar\/\" \/>\n<meta property=\"og:site_name\" content=\"NSFF Magasin | Norsk Selskap for Fotografi\" \/>\n<meta property=\"article:published_time\" content=\"2019-10-23T11:14:56+00:00\" \/>\n<meta property=\"article:modified_time\" content=\"2019-12-05T22:48:38+00:00\" \/>\n<meta property=\"og:image\" content=\"https:\/\/nsff.no\/magasinet\/wp-content\/uploads\/sites\/2\/2019\/10\/73023173_107719237320750_4540438614135275520_o.jpg\" \/>\n\t<meta property=\"og:image:width\" content=\"2048\" \/>\n\t<meta property=\"og:image:height\" content=\"1282\" \/>\n\t<meta property=\"og:image:type\" content=\"image\/jpeg\" \/>\n<meta name=\"author\" content=\"Veronika Sund\" \/>\n<meta name=\"twitter:card\" content=\"summary_large_image\" \/>\n<meta name=\"twitter:label1\" content=\"Skrevet av\" \/>\n\t<meta name=\"twitter:data1\" content=\"Veronika Sund\" \/>\n\t<meta name=\"twitter:label2\" content=\"Ansl. lesetid\" \/>\n\t<meta name=\"twitter:data2\" content=\"7 minutter\" \/>\n<script type=\"application\/ld+json\" class=\"yoast-schema-graph\">{\"@context\":\"https:\\\/\\\/schema.org\",\"@graph\":[{\"@type\":\"Article\",\"@id\":\"https:\\\/\\\/nsff.no\\\/magasinet\\\/2019\\\/10\\\/23\\\/harstad-fotoklubb-50-ar\\\/#article\",\"isPartOf\":{\"@id\":\"https:\\\/\\\/nsff.no\\\/magasinet\\\/2019\\\/10\\\/23\\\/harstad-fotoklubb-50-ar\\\/\"},\"author\":{\"name\":\"Veronika Sund\",\"@id\":\"https:\\\/\\\/nsff.no\\\/magasinet\\\/#\\\/schema\\\/person\\\/688ca6ce4bc5adcf253f8a97329acbea\"},\"headline\":\"Harstad fotoklubb 50 \u00e5r!\",\"datePublished\":\"2019-10-23T11:14:56+00:00\",\"dateModified\":\"2019-12-05T22:48:38+00:00\",\"mainEntityOfPage\":{\"@id\":\"https:\\\/\\\/nsff.no\\\/magasinet\\\/2019\\\/10\\\/23\\\/harstad-fotoklubb-50-ar\\\/\"},\"wordCount\":1481,\"commentCount\":0,\"publisher\":{\"@id\":\"https:\\\/\\\/nsff.no\\\/magasinet\\\/#organization\"},\"image\":{\"@id\":\"https:\\\/\\\/nsff.no\\\/magasinet\\\/2019\\\/10\\\/23\\\/harstad-fotoklubb-50-ar\\\/#primaryimage\"},\"thumbnailUrl\":\"https:\\\/\\\/nsff.no\\\/magasinet\\\/wp-content\\\/uploads\\\/sites\\\/2\\\/2019\\\/10\\\/73023173_107719237320750_4540438614135275520_o.jpg\",\"keywords\":[\"2019\",\"Harstad fotoklubb\",\"jubileum\"],\"articleSection\":[\"Klubb\",\"Presentasjoner\"],\"inLanguage\":\"nb-NO\",\"potentialAction\":[{\"@type\":\"CommentAction\",\"name\":\"Comment\",\"target\":[\"https:\\\/\\\/nsff.no\\\/magasinet\\\/2019\\\/10\\\/23\\\/harstad-fotoklubb-50-ar\\\/#respond\"]}]},{\"@type\":\"WebPage\",\"@id\":\"https:\\\/\\\/nsff.no\\\/magasinet\\\/2019\\\/10\\\/23\\\/harstad-fotoklubb-50-ar\\\/\",\"url\":\"https:\\\/\\\/nsff.no\\\/magasinet\\\/2019\\\/10\\\/23\\\/harstad-fotoklubb-50-ar\\\/\",\"name\":\"Harstad fotoklubb 50 \u00e5r! - NSFF Magasin | Norsk Selskap for Fotografi\",\"isPartOf\":{\"@id\":\"https:\\\/\\\/nsff.no\\\/magasinet\\\/#website\"},\"primaryImageOfPage\":{\"@id\":\"https:\\\/\\\/nsff.no\\\/magasinet\\\/2019\\\/10\\\/23\\\/harstad-fotoklubb-50-ar\\\/#primaryimage\"},\"image\":{\"@id\":\"https:\\\/\\\/nsff.no\\\/magasinet\\\/2019\\\/10\\\/23\\\/harstad-fotoklubb-50-ar\\\/#primaryimage\"},\"thumbnailUrl\":\"https:\\\/\\\/nsff.no\\\/magasinet\\\/wp-content\\\/uploads\\\/sites\\\/2\\\/2019\\\/10\\\/73023173_107719237320750_4540438614135275520_o.jpg\",\"datePublished\":\"2019-10-23T11:14:56+00:00\",\"dateModified\":\"2019-12-05T22:48:38+00:00\",\"description\":\"Denne uka fyller Harstad fotoklubb hele 50 \u00e5r! I den anledning har klubben satt seg som m\u00e5l \u00e5 vise seg frem gjennom forskjellige aktiviteter.\",\"breadcrumb\":{\"@id\":\"https:\\\/\\\/nsff.no\\\/magasinet\\\/2019\\\/10\\\/23\\\/harstad-fotoklubb-50-ar\\\/#breadcrumb\"},\"inLanguage\":\"nb-NO\",\"potentialAction\":[{\"@type\":\"ReadAction\",\"target\":[\"https:\\\/\\\/nsff.no\\\/magasinet\\\/2019\\\/10\\\/23\\\/harstad-fotoklubb-50-ar\\\/\"]}]},{\"@type\":\"ImageObject\",\"inLanguage\":\"nb-NO\",\"@id\":\"https:\\\/\\\/nsff.no\\\/magasinet\\\/2019\\\/10\\\/23\\\/harstad-fotoklubb-50-ar\\\/#primaryimage\",\"url\":\"https:\\\/\\\/nsff.no\\\/magasinet\\\/wp-content\\\/uploads\\\/sites\\\/2\\\/2019\\\/10\\\/73023173_107719237320750_4540438614135275520_o.jpg\",\"contentUrl\":\"https:\\\/\\\/nsff.no\\\/magasinet\\\/wp-content\\\/uploads\\\/sites\\\/2\\\/2019\\\/10\\\/73023173_107719237320750_4540438614135275520_o.jpg\",\"width\":2048,\"height\":1282,\"caption\":\"Harstad fotoklubb\"},{\"@type\":\"BreadcrumbList\",\"@id\":\"https:\\\/\\\/nsff.no\\\/magasinet\\\/2019\\\/10\\\/23\\\/harstad-fotoklubb-50-ar\\\/#breadcrumb\",\"itemListElement\":[{\"@type\":\"ListItem\",\"position\":1,\"name\":\"Hjem\",\"item\":\"https:\\\/\\\/nsff.no\\\/magasinet\\\/\"},{\"@type\":\"ListItem\",\"position\":2,\"name\":\"Harstad fotoklubb 50 \u00e5r!\"}]},{\"@type\":\"WebSite\",\"@id\":\"https:\\\/\\\/nsff.no\\\/magasinet\\\/#website\",\"url\":\"https:\\\/\\\/nsff.no\\\/magasinet\\\/\",\"name\":\"NSFF Magasin | Norsk Selskap for Fotografi\",\"description\":\"Medlemsmagasin for film- og fotoentusiaster\",\"publisher\":{\"@id\":\"https:\\\/\\\/nsff.no\\\/magasinet\\\/#organization\"},\"potentialAction\":[{\"@type\":\"SearchAction\",\"target\":{\"@type\":\"EntryPoint\",\"urlTemplate\":\"https:\\\/\\\/nsff.no\\\/magasinet\\\/?s={search_term_string}\"},\"query-input\":{\"@type\":\"PropertyValueSpecification\",\"valueRequired\":true,\"valueName\":\"search_term_string\"}}],\"inLanguage\":\"nb-NO\"},{\"@type\":\"Organization\",\"@id\":\"https:\\\/\\\/nsff.no\\\/magasinet\\\/#organization\",\"name\":\"Norsk Selskap for Fotografo\",\"url\":\"https:\\\/\\\/nsff.no\\\/magasinet\\\/\",\"logo\":{\"@type\":\"ImageObject\",\"inLanguage\":\"nb-NO\",\"@id\":\"https:\\\/\\\/nsff.no\\\/magasinet\\\/#\\\/schema\\\/logo\\\/image\\\/\",\"url\":\"https:\\\/\\\/nsff.no\\\/magasinet\\\/wp-content\\\/uploads\\\/sites\\\/2\\\/2016\\\/05\\\/NSFF-fb-lenkebilde.png\",\"contentUrl\":\"https:\\\/\\\/nsff.no\\\/magasinet\\\/wp-content\\\/uploads\\\/sites\\\/2\\\/2016\\\/05\\\/NSFF-fb-lenkebilde.png\",\"width\":1,\"height\":1,\"caption\":\"Norsk Selskap for Fotografo\"},\"image\":{\"@id\":\"https:\\\/\\\/nsff.no\\\/magasinet\\\/#\\\/schema\\\/logo\\\/image\\\/\"}},{\"@type\":\"Person\",\"@id\":\"https:\\\/\\\/nsff.no\\\/magasinet\\\/#\\\/schema\\\/person\\\/688ca6ce4bc5adcf253f8a97329acbea\",\"name\":\"Veronika Sund\",\"image\":{\"@type\":\"ImageObject\",\"inLanguage\":\"nb-NO\",\"@id\":\"https:\\\/\\\/secure.gravatar.com\\\/avatar\\\/1e00008c1bbfdc0e12d8ba4506a9ae9969879d5a4ea9ba02035fc001ae8914fa?s=96&d=mm&r=g\",\"url\":\"https:\\\/\\\/secure.gravatar.com\\\/avatar\\\/1e00008c1bbfdc0e12d8ba4506a9ae9969879d5a4ea9ba02035fc001ae8914fa?s=96&d=mm&r=g\",\"contentUrl\":\"https:\\\/\\\/secure.gravatar.com\\\/avatar\\\/1e00008c1bbfdc0e12d8ba4506a9ae9969879d5a4ea9ba02035fc001ae8914fa?s=96&d=mm&r=g\",\"caption\":\"Veronika Sund\"},\"description\":\"Medlem i Harstad fotoklubb\",\"url\":\"https:\\\/\\\/nsff.no\\\/magasinet\\\/author\\\/veronikasund\\\/\"}]}<\/script>\n<!-- \/ Yoast SEO plugin. -->","yoast_head_json":{"title":"Harstad fotoklubb 50 \u00e5r! - NSFF Magasin | Norsk Selskap for Fotografi","description":"Denne uka fyller Harstad fotoklubb hele 50 \u00e5r! I den anledning har klubben satt seg som m\u00e5l \u00e5 vise seg frem gjennom forskjellige aktiviteter.","robots":{"index":"index","follow":"follow","max-snippet":"max-snippet:-1","max-image-preview":"max-image-preview:large","max-video-preview":"max-video-preview:-1"},"canonical":"https:\/\/nsff.no\/magasinet\/2019\/10\/23\/harstad-fotoklubb-50-ar\/","og_locale":"nb_NO","og_type":"article","og_title":"Harstad fotoklubb 50 \u00e5r! - NSFF Magasin | Norsk Selskap for Fotografi","og_description":"Denne uka fyller Harstad fotoklubb hele 50 \u00e5r! I den anledning har klubben satt seg som m\u00e5l \u00e5 vise seg frem gjennom forskjellige aktiviteter.","og_url":"https:\/\/nsff.no\/magasinet\/2019\/10\/23\/harstad-fotoklubb-50-ar\/","og_site_name":"NSFF Magasin | Norsk Selskap for Fotografi","article_published_time":"2019-10-23T11:14:56+00:00","article_modified_time":"2019-12-05T22:48:38+00:00","og_image":[{"width":2048,"height":1282,"url":"https:\/\/nsff.no\/magasinet\/wp-content\/uploads\/sites\/2\/2019\/10\/73023173_107719237320750_4540438614135275520_o.jpg","type":"image\/jpeg"}],"author":"Veronika Sund","twitter_card":"summary_large_image","twitter_misc":{"Skrevet av":"Veronika Sund","Ansl. lesetid":"7 minutter"},"schema":{"@context":"https:\/\/schema.org","@graph":[{"@type":"Article","@id":"https:\/\/nsff.no\/magasinet\/2019\/10\/23\/harstad-fotoklubb-50-ar\/#article","isPartOf":{"@id":"https:\/\/nsff.no\/magasinet\/2019\/10\/23\/harstad-fotoklubb-50-ar\/"},"author":{"name":"Veronika Sund","@id":"https:\/\/nsff.no\/magasinet\/#\/schema\/person\/688ca6ce4bc5adcf253f8a97329acbea"},"headline":"Harstad fotoklubb 50 \u00e5r!","datePublished":"2019-10-23T11:14:56+00:00","dateModified":"2019-12-05T22:48:38+00:00","mainEntityOfPage":{"@id":"https:\/\/nsff.no\/magasinet\/2019\/10\/23\/harstad-fotoklubb-50-ar\/"},"wordCount":1481,"commentCount":0,"publisher":{"@id":"https:\/\/nsff.no\/magasinet\/#organization"},"image":{"@id":"https:\/\/nsff.no\/magasinet\/2019\/10\/23\/harstad-fotoklubb-50-ar\/#primaryimage"},"thumbnailUrl":"https:\/\/nsff.no\/magasinet\/wp-content\/uploads\/sites\/2\/2019\/10\/73023173_107719237320750_4540438614135275520_o.jpg","keywords":["2019","Harstad fotoklubb","jubileum"],"articleSection":["Klubb","Presentasjoner"],"inLanguage":"nb-NO","potentialAction":[{"@type":"CommentAction","name":"Comment","target":["https:\/\/nsff.no\/magasinet\/2019\/10\/23\/harstad-fotoklubb-50-ar\/#respond"]}]},{"@type":"WebPage","@id":"https:\/\/nsff.no\/magasinet\/2019\/10\/23\/harstad-fotoklubb-50-ar\/","url":"https:\/\/nsff.no\/magasinet\/2019\/10\/23\/harstad-fotoklubb-50-ar\/","name":"Harstad fotoklubb 50 \u00e5r! - NSFF Magasin | Norsk Selskap for Fotografi","isPartOf":{"@id":"https:\/\/nsff.no\/magasinet\/#website"},"primaryImageOfPage":{"@id":"https:\/\/nsff.no\/magasinet\/2019\/10\/23\/harstad-fotoklubb-50-ar\/#primaryimage"},"image":{"@id":"https:\/\/nsff.no\/magasinet\/2019\/10\/23\/harstad-fotoklubb-50-ar\/#primaryimage"},"thumbnailUrl":"https:\/\/nsff.no\/magasinet\/wp-content\/uploads\/sites\/2\/2019\/10\/73023173_107719237320750_4540438614135275520_o.jpg","datePublished":"2019-10-23T11:14:56+00:00","dateModified":"2019-12-05T22:48:38+00:00","description":"Denne uka fyller Harstad fotoklubb hele 50 \u00e5r! I den anledning har klubben satt seg som m\u00e5l \u00e5 vise seg frem gjennom forskjellige aktiviteter.","breadcrumb":{"@id":"https:\/\/nsff.no\/magasinet\/2019\/10\/23\/harstad-fotoklubb-50-ar\/#breadcrumb"},"inLanguage":"nb-NO","potentialAction":[{"@type":"ReadAction","target":["https:\/\/nsff.no\/magasinet\/2019\/10\/23\/harstad-fotoklubb-50-ar\/"]}]},{"@type":"ImageObject","inLanguage":"nb-NO","@id":"https:\/\/nsff.no\/magasinet\/2019\/10\/23\/harstad-fotoklubb-50-ar\/#primaryimage","url":"https:\/\/nsff.no\/magasinet\/wp-content\/uploads\/sites\/2\/2019\/10\/73023173_107719237320750_4540438614135275520_o.jpg","contentUrl":"https:\/\/nsff.no\/magasinet\/wp-content\/uploads\/sites\/2\/2019\/10\/73023173_107719237320750_4540438614135275520_o.jpg","width":2048,"height":1282,"caption":"Harstad fotoklubb"},{"@type":"BreadcrumbList","@id":"https:\/\/nsff.no\/magasinet\/2019\/10\/23\/harstad-fotoklubb-50-ar\/#breadcrumb","itemListElement":[{"@type":"ListItem","position":1,"name":"Hjem","item":"https:\/\/nsff.no\/magasinet\/"},{"@type":"ListItem","position":2,"name":"Harstad fotoklubb 50 \u00e5r!"}]},{"@type":"WebSite","@id":"https:\/\/nsff.no\/magasinet\/#website","url":"https:\/\/nsff.no\/magasinet\/","name":"NSFF Magasin | Norsk Selskap for Fotografi","description":"Medlemsmagasin for film- og fotoentusiaster","publisher":{"@id":"https:\/\/nsff.no\/magasinet\/#organization"},"potentialAction":[{"@type":"SearchAction","target":{"@type":"EntryPoint","urlTemplate":"https:\/\/nsff.no\/magasinet\/?s={search_term_string}"},"query-input":{"@type":"PropertyValueSpecification","valueRequired":true,"valueName":"search_term_string"}}],"inLanguage":"nb-NO"},{"@type":"Organization","@id":"https:\/\/nsff.no\/magasinet\/#organization","name":"Norsk Selskap for Fotografo","url":"https:\/\/nsff.no\/magasinet\/","logo":{"@type":"ImageObject","inLanguage":"nb-NO","@id":"https:\/\/nsff.no\/magasinet\/#\/schema\/logo\/image\/","url":"https:\/\/nsff.no\/magasinet\/wp-content\/uploads\/sites\/2\/2016\/05\/NSFF-fb-lenkebilde.png","contentUrl":"https:\/\/nsff.no\/magasinet\/wp-content\/uploads\/sites\/2\/2016\/05\/NSFF-fb-lenkebilde.png","width":1,"height":1,"caption":"Norsk Selskap for Fotografo"},"image":{"@id":"https:\/\/nsff.no\/magasinet\/#\/schema\/logo\/image\/"}},{"@type":"Person","@id":"https:\/\/nsff.no\/magasinet\/#\/schema\/person\/688ca6ce4bc5adcf253f8a97329acbea","name":"Veronika Sund","image":{"@type":"ImageObject","inLanguage":"nb-NO","@id":"https:\/\/secure.gravatar.com\/avatar\/1e00008c1bbfdc0e12d8ba4506a9ae9969879d5a4ea9ba02035fc001ae8914fa?s=96&d=mm&r=g","url":"https:\/\/secure.gravatar.com\/avatar\/1e00008c1bbfdc0e12d8ba4506a9ae9969879d5a4ea9ba02035fc001ae8914fa?s=96&d=mm&r=g","contentUrl":"https:\/\/secure.gravatar.com\/avatar\/1e00008c1bbfdc0e12d8ba4506a9ae9969879d5a4ea9ba02035fc001ae8914fa?s=96&d=mm&r=g","caption":"Veronika Sund"},"description":"Medlem i Harstad fotoklubb","url":"https:\/\/nsff.no\/magasinet\/author\/veronikasund\/"}]}},"_links":{"self":[{"href":"https:\/\/nsff.no\/magasinet\/wp-json\/wp\/v2\/posts\/8291","targetHints":{"allow":["GET"]}}],"collection":[{"href":"https:\/\/nsff.no\/magasinet\/wp-json\/wp\/v2\/posts"}],"about":[{"href":"https:\/\/nsff.no\/magasinet\/wp-json\/wp\/v2\/types\/post"}],"author":[{"embeddable":true,"href":"https:\/\/nsff.no\/magasinet\/wp-json\/wp\/v2\/users\/74"}],"replies":[{"embeddable":true,"href":"https:\/\/nsff.no\/magasinet\/wp-json\/wp\/v2\/comments?post=8291"}],"version-history":[{"count":2,"href":"https:\/\/nsff.no\/magasinet\/wp-json\/wp\/v2\/posts\/8291\/revisions"}],"predecessor-version":[{"id":8297,"href":"https:\/\/nsff.no\/magasinet\/wp-json\/wp\/v2\/posts\/8291\/revisions\/8297"}],"wp:featuredmedia":[{"embeddable":true,"href":"https:\/\/nsff.no\/magasinet\/wp-json\/wp\/v2\/media\/8298"}],"wp:attachment":[{"href":"https:\/\/nsff.no\/magasinet\/wp-json\/wp\/v2\/media?parent=8291"}],"wp:term":[{"taxonomy":"category","embeddable":true,"href":"https:\/\/nsff.no\/magasinet\/wp-json\/wp\/v2\/categories?post=8291"},{"taxonomy":"post_tag","embeddable":true,"href":"https:\/\/nsff.no\/magasinet\/wp-json\/wp\/v2\/tags?post=8291"}],"curies":[{"name":"wp","href":"https:\/\/api.w.org\/{rel}","templated":true}]}}