{"id":824,"date":"2014-05-11T22:44:24","date_gmt":"2014-05-11T20:44:24","guid":{"rendered":"http:\/\/www.nsff.no\/wp\/magasinet\/?p=824"},"modified":"2016-06-13T16:52:19","modified_gmt":"2016-06-13T14:52:19","slug":"lukker-blender-iso","status":"publish","type":"post","link":"https:\/\/nsff.no\/magasinet\/2014\/05\/11\/lukker-blender-iso\/","title":{"rendered":"Lukker, blender, ISO"},"content":{"rendered":"<p>Det er mange innstillinger som er med p\u00e5 \u00e5 bestemme hvordan bildet blir n\u00e5r du trykker p\u00e5 utl\u00f8serknappen p\u00e5 et fotoapparat eller et videokamera, men det er nok dine valg av lukkertid, blender\u00e5pning og ISO som gir deg de viktigste kreative valgene og mulighetene. Vi skal g\u00e5 gjennom dem hver for seg, men de h\u00f8rer ogs\u00e5 n\u00f8ye sammen i og med at ett valg ogs\u00e5 p\u00e5virker minst ett av de andre.<\/p>\n<h2>Lukkertid<\/h2>\n<p>Lukkertiden er den tiden filmen eller kameraets sensor eksponeres for lys. S\u00e5 lenge lukkeren er \u00e5pen &#8211; normalt bare en br\u00f8kdel av et sekund &#8211; slippes lyset inn i kameraet og bildet avtegnes. Tallene p\u00e5 lukkertidsskalaen er stort sett greie \u00e5 forholde seg til \u2013i alle fall i det \u00f8yeblikket en har forst\u00e5tt at vi i de fleste tilfeller forholder oss til en br\u00f8k. Det vil si at tallet 1000 er det samme som 1\/1000 sekund og 2 tilsvarer \u00bd sekund. P\u00e5 de fleste kameraer er det ogs\u00e5 mulig \u00e5 stille inn lukkertider som er lenger enn 1 sekund, derfor kan tallet 30 b\u00e5de v\u00e6re 1\/30 sekund og 30 sekunder. Du finner lett ut av dette ved \u00e5 se p\u00e5 nabotallene p\u00e5 skalaen.<\/p>\n<p>Hvilken lukkertid skal jeg s\u00e5 velge? Her finnes det ikke noe fasitsvar, for det kommer hele tiden an p\u00e5 hvordan du \u00f8nsker at bildet skal framst\u00e5. Som regel \u00f8nsker du at bildet blir skarpt. Du m\u00e5 alts\u00e5 ha en s\u00e5 rask lukkertid at du greier \u00e5 holde kameraet i ro s\u00e5 lenge lukkeren er \u00e5pen. Hvor lang eller kort tid er s\u00e5 det?<\/p>\n<p>Her finnes det heller ikke noe fasitsvar, men for \u00e5 illustrere dilemmaet kan vi tenke oss at du ser i en kikkert, en som forst\u00f8rrer 7 ganger. Den er rimelig grei \u00e5 holde rolig, men s\u00e5 bytter du til en som forst\u00f8rrer 20 ganger. Du oppdager raskt at det er mye vanskeligere \u00e5 holde den rolig.<\/p>\n<p>For \u00e5 ta denne illustrasjonen med oss tilbake til kameraet v\u00e5rt, s\u00e5 kan vi tenke oss at vi har et 50 millimeter objektiv og et 800 millimeter objektiv. Vi vil da raskt oppdage at vi har samme problem som vi hadde med kikkerten, nemlig at det er vanskelig \u00e5 holde det store 800 millimeter objektivet helt i ro.<\/p>\n<div id=\"attachment_832\" style=\"width: 1010px\" class=\"wp-caption alignnone\"><a href=\"http:\/\/nsff.no\/magasinet\/wp-content\/uploads\/sites\/2\/2014\/05\/MG_5446-72ppi-rgb-freeze_R.jpg\"><img loading=\"lazy\" decoding=\"async\" aria-describedby=\"caption-attachment-832\" class=\"wp-image-832 size-full\" src=\"http:\/\/nsff.no\/magasinet\/wp-content\/uploads\/sites\/2\/2014\/05\/MG_5446-72ppi-rgb-freeze_R.jpg\" alt=\"Lukker-blender-ISO eksempelbilde\" width=\"1000\" height=\"667\" \/><\/a><p id=\"caption-attachment-832\" class=\"wp-caption-text\">Her er lukkertid 1\/250 sekund valgt for \u00e5 fryse vannets bevegelser.<\/p><\/div>\n<div id=\"attachment_833\" style=\"width: 1010px\" class=\"wp-caption alignnone\"><a href=\"http:\/\/nsff.no\/magasinet\/wp-content\/uploads\/sites\/2\/2014\/05\/MG_5448-72ppi-grb-blur_R.jpg\"><img loading=\"lazy\" decoding=\"async\" aria-describedby=\"caption-attachment-833\" class=\"wp-image-833 size-full\" src=\"http:\/\/nsff.no\/magasinet\/wp-content\/uploads\/sites\/2\/2014\/05\/MG_5448-72ppi-grb-blur_R.jpg\" alt=\"Lukker-blender-ISO eksempelbilde\" width=\"1000\" height=\"667\" \/><\/a><p id=\"caption-attachment-833\" class=\"wp-caption-text\">Allerede ved lukkertid 1\/15 sekund begynner vannets bevegelser \u00e5 flyte ut n\u00e6rmest som et teppe. Virkningen forsterkes om lukkertiden \u00f8kes til f.eks. 1 sekund, men da kreves stativ. Dette bildet er tatt p\u00e5 frih\u00e5nd, men med god st\u00f8tte mot en husvegg.<\/p><\/div>\n<h3>Et gammelt jungeltriks \u2013 hvor kort lukkertid trenger du og ditt kamera?<\/h3>\n<p>En gammel huskeregel fra den tid vi fotograferte med film, sa at: For \u00e5 holde kamera helt i ro og f\u00e5 skarpe bilder, s\u00e5 trenger du en lukkertid som er minst like rask som objektivets brennvidde. I praksis vil det si at vi trenger 1\/60 sekund for \u00e5 f\u00e5 skarpe bilder med 50 millimeter objektivet (rundet av oppover til hele lukkertrinn) og 1\/1000 sekund for 800 millimeter objektivet.<\/p>\n<p>Noen vil kanskje hevde at dette ikke stemmer helt lenger, og det er riktig at det har kommet en del nye momenter inn i bildet etter at vi begynte \u00e5 fotografere digitalt. For det f\u00f8rste har sv\u00e6rt mange digitale kameraer en mindre sensor enn det gamle filmformatet, noe som f\u00f8rer til at v\u00e5rt 50 millimeter objektiv i praksis fungerer som et objektiv p\u00e5 75 \u201380 millimeter. Til gjengjeld har mange objektiver n\u00e5 f\u00e5tt innebygd bildestabilisator (IS eller VR), som bidrar til \u00e5 stabilisere kameraet. Derfor mener jeg at vi godt kan bruke den gamle leveregelen som en rettesnor ogs\u00e5 i dag. Har du en annen erfaring, s\u00e5 \u00f8ker du lukkertiden i forhold til objektivets brennvidde.<\/p>\n<p>En skal ogs\u00e5 v\u00e6re klar over at s\u00e6rlig et speilreflekskamera produserer noen bevegelser selv p\u00e5 grunn av speilet som skal sl\u00e5s opp hver gang et bilde eksponeres. Disse bevegelsene er mest merkbare ved lukkertider fra ca 1 sekund til 1\/30 sekund, og kan unng\u00e5s ved \u00e5 sl\u00e5 opp speilet f\u00f8r en tar bildet (live view).<\/p>\n<h3>Hvor lang lukkertid krever motivet?<\/h3>\n<p>Neste sp\u00f8rsm\u00e5l blir da hvor kort eller lang lukkertid motivet krever, og om det varierer veldig mye. Det kommer f\u00f8rst og fremst p\u00e5 hvor raskt motivet beveger seg, og s\u00e5 hvilken effekt vi \u00f8nsker. Her er noen forslag til valg av lukkertid, men det kommer an p\u00e5 hvor raske bevegelsene er og hvilken retning de har, s\u00e5 dette er ingen fasit for alle tilfeller:<\/p>\n<ul>\n<li>Fryse menneskelige bevegelser: 1\/500 sekund eller raskere.<\/li>\n<li>Fugler i flukt: 1\/1000 sekund eller raskere.<\/li>\n<li>En artist p\u00e5 scenen: 1\/125 sekund \u2013- men noen artister beveger seg jo veldig raskt, og da m\u00e5 lukkertiden justeres deretter.<\/li>\n<li>Vanlige stillest\u00e5ende motiver: 1\/60 sekund<\/li>\n<li>Panorering der du \u00f8nsker uskarp bakgrunn av f.eks. en bil eller fly som passerer: 1\/30 \u20131\/125 sek (avhengig av bla. hastighet).<\/li>\n<li>Vann som renner skal gjengis uskarpt: Anbefalt ca. 1 sekund, men effekten begynner ved ca .1\/15 sekund etter mine erfaringer.<\/li>\n<li>Vann \/sj\u00f8 i bevegelse, som du \u00f8nsker \u00e5gjengi som et fl\u00f8yelsteppe: ca. 30 sekunder.<\/li>\n<\/ul>\n<h3>Om lukkertidsskalaen<\/h3>\n<p>Lukkertidsskalaen har egentlig ingen ende i noen retning, men la oss forholde oss til den mest brukte: 1\/1000, 1\/500, 1\/250, 1\/125, 1\/60, 1\/30, 1\/15, 1\/8, 1\/4, 1\/2, 1 sekund.<\/p>\n<p>Ser en p\u00e5 tallene, s\u00e5 er det rimelig greit \u00e5 se at vi opererer med en halvering eller fordobling mellom hvert lukkertrinn. Riktignok er ikke 1\/60 sekund n\u00f8yaktig lik dobbelt s\u00e5mye som 1\/125 sekund, men skalaen ble laget i den analoge tiden da dette var mer enn n\u00f8yaktig nok \u00e5 forholde seg til. Det var dessuten greit \u00e5 ha greie tall \u00e5 forholde seg til videre p\u00e5 skalaen.<\/p>\n<p>I v\u00e5r digitale tid vil vi ogs\u00e5 kunne se at lukkertrinnene ikke alltid er som angitt ovenfor, og det er fordi vi kan velge \u00e5 la kameraet bruke halve eller tredjedels trinn i tillegg til de hele trinnene. Da er det viktig \u00e5 merke seg at det er de hele trinnene som er angitt ovenfor som representerer en fordobling eller halvering av lysmengden som slipper inn i kameraet.<\/p>\n<h2>Blender\u00e5pningen<\/h2>\n<p>Skalaen for blender\u00e5pningen representerer ogs\u00e5 en fordobling eller halvering av den lysmengden som slippes inn i kameraet. Men ogs\u00e5 her er det slik at en da m\u00e5 forholde seg til hele blendertrinn, for ogs\u00e5 her har de digitale kameraene gitt oss muligheter til \u00e5 benytte halve og tredjedels trinn.<\/p>\n<p>Den mest brukte delen av blenderskalaen er:<\/p>\n<p>Stor blender\u00e5pning < 2,8 - 4 - 5,6 \u2013 8 \u2013 11 \u2013 22 > liten blender\u00e5pning<\/p>\n<p>Ogs\u00e5 denne skalaen kan forlenges i begge ender.<\/p>\n<p>Tallene virker mer kryptiske her, men ogs\u00e5\u00a0 disse representerer en br\u00f8k, slik at et lite tall gir en stor blender\u00e5pning og et stort tall en liten blender\u00e5pning.<\/p>\n<h3>Hvilken effekt har s\u00e5 blender\u00e5pningen p\u00e5 det ferdige bildet?<\/h3>\n<p>En stor blender\u00e5pning, f.eks. 2,8, gir liten dybdeskarphet. Dette gir oss mulighet til \u00e5gjengi hovedmotivet skarpt mens bakgrunn (eventuelt ogs\u00e5forgrunnen) gjengis uskarpt. Dette er med p\u00e5 \u00e5 framheve motivet fra omgivelsene.<\/p>\n<p>De fleste objektiver gjengir normalt motivet aller skarpest ved en blender\u00e5pning midt p\u00e5 blenderskalaen, f.eks. blender 5.6, 8 eller der omkring.<\/p>\n<p>Ved \u00e5 bruke minst mulig blender\u00e5pning (f.eks. blender 22), vil dybdeskarpheten bli st\u00f8rst mulig. Du kan f\u00e5 b\u00e5de forgrunn, hovedmotiv og bakgrunnen skarp.<\/p>\n<div id=\"attachment_835\" style=\"width: 577px\" class=\"wp-caption alignnone\"><a href=\"http:\/\/nsff.no\/magasinet\/wp-content\/uploads\/sites\/2\/2014\/05\/IMGL4500-72ppi-rgb_R.jpg\"><img loading=\"lazy\" decoding=\"async\" aria-describedby=\"caption-attachment-835\" class=\"wp-image-835 size-full\" src=\"http:\/\/nsff.no\/magasinet\/wp-content\/uploads\/sites\/2\/2014\/05\/IMGL4500-72ppi-rgb_R.jpg\" alt=\"IMGL4500-72ppi-rgb_R\" width=\"567\" height=\"850\" \/><\/a><p id=\"caption-attachment-835\" class=\"wp-caption-text\">Bildet er tatt med blender 22, noe som gir stor dybdeskarphet. Det visuelle inntrykket av hovedmotivet, objektivet, skjemmes av omgivelsene som kommer for tydelig fram og stjeler oppmerksomhet.<\/p><\/div>\n<div id=\"attachment_836\" style=\"width: 577px\" class=\"wp-caption alignnone\"><a href=\"http:\/\/nsff.no\/magasinet\/wp-content\/uploads\/sites\/2\/2014\/05\/IMGL4502-72ppi-cmyk_R.jpg\"><img loading=\"lazy\" decoding=\"async\" aria-describedby=\"caption-attachment-836\" class=\"wp-image-836 size-full\" src=\"http:\/\/nsff.no\/magasinet\/wp-content\/uploads\/sites\/2\/2014\/05\/IMGL4502-72ppi-cmyk_R.jpg\" alt=\"IMGL4502-72ppi-cmyk_R\" width=\"567\" height=\"850\" \/><\/a><p id=\"caption-attachment-836\" class=\"wp-caption-text\">P\u00e5 dette bildet av det samme motivet er bakgrunnen s\u00e5pass uskarp at den ikke tar oppmerksomheten fra hovedmotivet.<\/p><\/div>\n<h2>ISO<\/h2>\n<p>Det tredje og siste elementet jeg har tenkt \u00e5 ta for meg i denne artikkelen, er ISO. I gamle dager snakket en da om filmhastighet. I dag kan en heller snakke om hvor f\u00f8lsom for lys kameraets sensor er. Mens vi tidligere m\u00e5tte bytte til annen film i kameraet, kan vi n\u00e5 bare velge ISO fra en meny p\u00e5 kameraet. Dette er en kjempestor fremgang.<\/p>\n<p>Ogs\u00e5 her har vi en skala uten ende i begge retninger, men den vanligste delen av skalaen er: 100, 200,\u00a0400, 800, 1600, 3200, 6400 &#8230;<\/p>\n<p>Det fine med denne skalaen er at vi har greie tall \u00e5 forholde oss til. 200 er dobbelt s\u00e5 mye som 100, og tilsvarer p\u00e5 samme m\u00e5te som et lukkertrinn eller et blendertrinn en fordobling eller halvering av sensorens f\u00f8lsomhet.<\/p>\n<p>ISO 100 krever forholdsvis mye lys, mens ISO 200 krever bare halvparten s\u00e5 mye lys for \u00e5 gjengi bildet korrekt eksponert.<\/p>\n<h3>Hvilken effekt har bruk av h\u00f8y ISO p\u00e5 bildet?<\/h3>\n<p>Laveste ISO gir best bilde, h\u00f8y ISO gir mer st\u00f8y og grove korn i bildet. Det er meget stor forskjell fra kamera til kamera n\u00e5r det gjelder ved hvilken ISO bildest\u00f8yen blir uakseptabel. De nyeste kameraene er desidert best, for det har v\u00e6rt en enorm utvikling av kamerasensorer de siste \u00e5rene, og utviklingen har ikke stoppet opp enn\u00e5 heller.<\/p>\n<p>Det kan derfor v\u00e6re nyttig \u00e5 teste kameraet ved \u00e5 ta bilder med forskjellige ISO-innstillinger og finne ut hvor h\u00f8y ISO ditt kamera kan bruke f\u00f8r du f\u00e5r bilder av uakseptabel kvalitet. Da kan du holde deg under dette ISO-tallet, og bruke blitz eller annen belysning i stedet for \u00e5 f\u00e5 en rekke bilder som du ikke er forn\u00f8yd med.<\/p>\n<p>Med h\u00f8y ISO (stort ISO-tall) kan du alts\u00e5 ta bilder i sv\u00e6rt d\u00e5rlig lys, s\u00e5 noen ganger velger en \u00e5 ta bildene med h\u00f8y ISO til tross for at bildene blir skjemmet av st\u00f8y og grove korn.<\/p>\n<h2>Valg av lukkertid, blender\u00e5pning og ISO<\/h2>\n<p>Vi har alts\u00e5 disse valgene:<\/p>\n<p><strong>Lukkertiden:<\/strong><\/p>\n<ul>\n<li>\u00d8nsker \u00e5 fryse bevegelsene \u2013bruk rask lukkertid (f.eks. 1\/1000 sekund)<\/li>\n<li>\u00d8nsker uskarpe bevegelser \u2013bruk lang lukkertid (f.eks. 1\/30 sekund eller mer)<\/li>\n<\/ul>\n<p><strong>Blender\u00e5pningen:<\/strong><\/p>\n<ul>\n<li>\u00d8nsker st\u00f8rst mulig dybdeskarphet \u2013bruk liten blender\u00e5pning (f.eks. blender 22)<\/li>\n<li>\u00d8nsker minst mulig dybdeskarphet \u2013bruk stor blender\u00e5pning (f.eks. blender 2,8)<\/li>\n<li>\u00d8nsker beste optisk kvalitet \u2013bruk en middels stor blender\u00e5pning (f.eks. blender 8)<\/li>\n<\/ul>\n<p><strong>ISO<\/strong><\/p>\n<ul>\n<li>\u00d8nsker beste mulige bildekvalitet \u2013bruk laveste ISO-innstilling (f.eks. ISO 100)<\/li>\n<\/ul>\n<div id=\"attachment_834\" style=\"width: 577px\" class=\"wp-caption alignnone\"><a href=\"http:\/\/nsff.no\/magasinet\/wp-content\/uploads\/sites\/2\/2014\/05\/IMGL4491-72ppi-rgb_R.jpg\"><img loading=\"lazy\" decoding=\"async\" aria-describedby=\"caption-attachment-834\" class=\"wp-image-834 size-full\" src=\"http:\/\/nsff.no\/magasinet\/wp-content\/uploads\/sites\/2\/2014\/05\/IMGL4491-72ppi-rgb_R.jpg\" alt=\"Lukker-blender-ISO\" width=\"567\" height=\"390\" \/><\/a><p id=\"caption-attachment-834\" class=\"wp-caption-text\">Det er ved riktig kombinasjon av lukkertid, blender\u00e5pning og ISO at en kan f\u00e5 bildet slik en \u00f8nsker at det skal bli. Dette inneb\u00e6rer at du p\u00e5 forh\u00e5nd m\u00e5 velge hvilken effekt du \u00f8nsker i bildet og du m\u00e5 vite hvilke innstillinger du trenger for \u00e5 oppn\u00e5 denne effekten.<\/p><\/div>\n<div id=\"attachment_838\" style=\"width: 1010px\" class=\"wp-caption alignnone\"><a href=\"http:\/\/nsff.no\/magasinet\/wp-content\/uploads\/sites\/2\/2014\/05\/Valgets-kval_R.jpg\"><img loading=\"lazy\" decoding=\"async\" aria-describedby=\"caption-attachment-838\" class=\"wp-image-838 size-full\" src=\"http:\/\/nsff.no\/magasinet\/wp-content\/uploads\/sites\/2\/2014\/05\/Valgets-kval_R.jpg\" alt=\"Lukker-blender-ISO valgets kval\" width=\"1000\" height=\"606\" \/><\/a><p id=\"caption-attachment-838\" class=\"wp-caption-text\">Denne illustrasjonen viser hvilke valg vi har med hensyn til lukker, blender og ISO. De r\u00f8de trekantene markerer de effektene vi ofte \u00f8nsker oss: Vi \u00f8nsker at objektivet skal tegne bildet som skarpt som mulig (middels blender\u00e5pning), men m\u00e5 mange ganger avvike fra det fordi vi \u00f8nsker oss en stor eller liten dybdeskarpet i stedet. Vi \u00f8nsker en rask lukkertid slik at alle bevegelser fryses, men det er ikke alltid mulig p\u00e5 grunn av d\u00e5rlig lys eller at vi \u00f8nsker en effekt der motivets bevegelse gjengis uskarpt. Normalt \u00f8nsker vi laveste ISO-tall fordi dette gir oss de beste bildene, men det er ikke alltid mulig fordi vi har for lite lys i forhold til de andre \u00f8nskene v\u00e5re og har stilt lukker og blender i forhold til det. Da er det viktig \u00e5 kjenne sitt kamera og vite hvor h\u00f8y ISO-setting en kan bruke f\u00f8r bildene blir ubrukelige.<\/p><\/div>\n","protected":false},"excerpt":{"rendered":"<p>Det er mange innstillinger som er med p\u00e5 \u00e5 bestemme hvordan bildet blir n\u00e5r du trykker p\u00e5 utl\u00f8serknappen, men det er nok valg av lukker, blender og ISO som gir  de viktigste kreative valgene og mulighetene.<\/p>\n","protected":false},"author":8,"featured_media":834,"comment_status":"open","ping_status":"open","sticky":false,"template":"","format":"standard","meta":{"_et_pb_use_builder":"","_et_pb_old_content":"","_et_gb_content_width":"","footnotes":""},"categories":[78,92],"tags":[213,215,214,25,212,26],"class_list":["post-824","post","type-post","status-publish","format-standard","has-post-thumbnail","hentry","category-tutorial-foto","category-tips-og-triks","tag-blender","tag-eksponering","tag-iso","tag-laering","tag-lukker","tag-teori","et-has-post-format-content","et_post_format-et-post-format-standard"],"yoast_head":"<!-- This site is optimized with the Yoast SEO plugin v27.5 - https:\/\/yoast.com\/product\/yoast-seo-wordpress\/ -->\n<title>Lukker, blender, ISO - NSFF Magasin | Norsk Selskap for Fotografi<\/title>\n<meta name=\"description\" content=\"Mange innstillinger avgj\u00f8r hvordan bildet blir n\u00e5r du trykker p\u00e5 utl\u00f8serknappen, men lukker, blender og ISO gir nok de viktigste kreative mulighetene.\" \/>\n<meta name=\"robots\" content=\"index, follow, max-snippet:-1, max-image-preview:large, max-video-preview:-1\" \/>\n<link rel=\"canonical\" href=\"https:\/\/nsff.no\/magasinet\/2014\/05\/11\/lukker-blender-iso\/\" \/>\n<meta property=\"og:locale\" content=\"nb_NO\" \/>\n<meta property=\"og:type\" content=\"article\" \/>\n<meta property=\"og:title\" content=\"Lukker, blender, ISO - NSFF Magasin | Norsk Selskap for Fotografi\" \/>\n<meta property=\"og:description\" content=\"Mange innstillinger avgj\u00f8r hvordan bildet blir n\u00e5r du trykker p\u00e5 utl\u00f8serknappen, men lukker, blender og ISO gir nok de viktigste kreative mulighetene.\" \/>\n<meta property=\"og:url\" content=\"https:\/\/nsff.no\/magasinet\/2014\/05\/11\/lukker-blender-iso\/\" \/>\n<meta property=\"og:site_name\" content=\"NSFF Magasin | Norsk Selskap for Fotografi\" \/>\n<meta property=\"article:author\" content=\"https:\/\/www.facebook.com\/groups\/288169911254075\/\" \/>\n<meta property=\"article:published_time\" content=\"2014-05-11T20:44:24+00:00\" \/>\n<meta property=\"article:modified_time\" content=\"2016-06-13T14:52:19+00:00\" \/>\n<meta property=\"og:image\" content=\"https:\/\/nsff.no\/magasinet\/wp-content\/uploads\/sites\/2\/2014\/05\/IMGL4491-72ppi-rgb_R.jpg\" \/>\n\t<meta property=\"og:image:width\" content=\"1\" \/>\n\t<meta property=\"og:image:height\" content=\"1\" \/>\n\t<meta property=\"og:image:type\" content=\"image\/jpeg\" \/>\n<meta name=\"author\" content=\"H\u00e5kon Tr\u00f8nnes\" \/>\n<meta name=\"twitter:card\" content=\"summary_large_image\" \/>\n<meta name=\"twitter:label1\" content=\"Skrevet av\" \/>\n\t<meta name=\"twitter:data1\" content=\"H\u00e5kon Tr\u00f8nnes\" \/>\n\t<meta name=\"twitter:label2\" content=\"Ansl. lesetid\" \/>\n\t<meta name=\"twitter:data2\" content=\"9 minutter\" \/>\n<script type=\"application\/ld+json\" class=\"yoast-schema-graph\">{\"@context\":\"https:\\\/\\\/schema.org\",\"@graph\":[{\"@type\":\"Article\",\"@id\":\"https:\\\/\\\/nsff.no\\\/magasinet\\\/2014\\\/05\\\/11\\\/lukker-blender-iso\\\/#article\",\"isPartOf\":{\"@id\":\"https:\\\/\\\/nsff.no\\\/magasinet\\\/2014\\\/05\\\/11\\\/lukker-blender-iso\\\/\"},\"author\":{\"name\":\"H\u00e5kon Tr\u00f8nnes\",\"@id\":\"https:\\\/\\\/nsff.no\\\/magasinet\\\/#\\\/schema\\\/person\\\/37116b4a6f4853fcafdd83b641cd613b\"},\"headline\":\"Lukker, blender, ISO\",\"datePublished\":\"2014-05-11T20:44:24+00:00\",\"dateModified\":\"2016-06-13T14:52:19+00:00\",\"mainEntityOfPage\":{\"@id\":\"https:\\\/\\\/nsff.no\\\/magasinet\\\/2014\\\/05\\\/11\\\/lukker-blender-iso\\\/\"},\"wordCount\":1860,\"commentCount\":0,\"publisher\":{\"@id\":\"https:\\\/\\\/nsff.no\\\/magasinet\\\/#organization\"},\"image\":{\"@id\":\"https:\\\/\\\/nsff.no\\\/magasinet\\\/2014\\\/05\\\/11\\\/lukker-blender-iso\\\/#primaryimage\"},\"thumbnailUrl\":\"https:\\\/\\\/nsff.no\\\/magasinet\\\/wp-content\\\/uploads\\\/sites\\\/2\\\/2014\\\/05\\\/IMGL4491-72ppi-rgb_R.jpg\",\"keywords\":[\"blender\",\"eksponering\",\"ISO\",\"l\u00e6ring\",\"lukker\",\"teori\"],\"articleSection\":[\"L\u00e6r om foto\",\"Tips &amp; triks\"],\"inLanguage\":\"nb-NO\",\"potentialAction\":[{\"@type\":\"CommentAction\",\"name\":\"Comment\",\"target\":[\"https:\\\/\\\/nsff.no\\\/magasinet\\\/2014\\\/05\\\/11\\\/lukker-blender-iso\\\/#respond\"]}]},{\"@type\":\"WebPage\",\"@id\":\"https:\\\/\\\/nsff.no\\\/magasinet\\\/2014\\\/05\\\/11\\\/lukker-blender-iso\\\/\",\"url\":\"https:\\\/\\\/nsff.no\\\/magasinet\\\/2014\\\/05\\\/11\\\/lukker-blender-iso\\\/\",\"name\":\"Lukker, blender, ISO - NSFF Magasin | Norsk Selskap for Fotografi\",\"isPartOf\":{\"@id\":\"https:\\\/\\\/nsff.no\\\/magasinet\\\/#website\"},\"primaryImageOfPage\":{\"@id\":\"https:\\\/\\\/nsff.no\\\/magasinet\\\/2014\\\/05\\\/11\\\/lukker-blender-iso\\\/#primaryimage\"},\"image\":{\"@id\":\"https:\\\/\\\/nsff.no\\\/magasinet\\\/2014\\\/05\\\/11\\\/lukker-blender-iso\\\/#primaryimage\"},\"thumbnailUrl\":\"https:\\\/\\\/nsff.no\\\/magasinet\\\/wp-content\\\/uploads\\\/sites\\\/2\\\/2014\\\/05\\\/IMGL4491-72ppi-rgb_R.jpg\",\"datePublished\":\"2014-05-11T20:44:24+00:00\",\"dateModified\":\"2016-06-13T14:52:19+00:00\",\"description\":\"Mange innstillinger avgj\u00f8r hvordan bildet blir n\u00e5r du trykker p\u00e5 utl\u00f8serknappen, men lukker, blender og ISO gir nok de viktigste kreative mulighetene.\",\"breadcrumb\":{\"@id\":\"https:\\\/\\\/nsff.no\\\/magasinet\\\/2014\\\/05\\\/11\\\/lukker-blender-iso\\\/#breadcrumb\"},\"inLanguage\":\"nb-NO\",\"potentialAction\":[{\"@type\":\"ReadAction\",\"target\":[\"https:\\\/\\\/nsff.no\\\/magasinet\\\/2014\\\/05\\\/11\\\/lukker-blender-iso\\\/\"]}]},{\"@type\":\"ImageObject\",\"inLanguage\":\"nb-NO\",\"@id\":\"https:\\\/\\\/nsff.no\\\/magasinet\\\/2014\\\/05\\\/11\\\/lukker-blender-iso\\\/#primaryimage\",\"url\":\"https:\\\/\\\/nsff.no\\\/magasinet\\\/wp-content\\\/uploads\\\/sites\\\/2\\\/2014\\\/05\\\/IMGL4491-72ppi-rgb_R.jpg\",\"contentUrl\":\"https:\\\/\\\/nsff.no\\\/magasinet\\\/wp-content\\\/uploads\\\/sites\\\/2\\\/2014\\\/05\\\/IMGL4491-72ppi-rgb_R.jpg\",\"caption\":\"Lukker-blender-ISO\"},{\"@type\":\"BreadcrumbList\",\"@id\":\"https:\\\/\\\/nsff.no\\\/magasinet\\\/2014\\\/05\\\/11\\\/lukker-blender-iso\\\/#breadcrumb\",\"itemListElement\":[{\"@type\":\"ListItem\",\"position\":1,\"name\":\"Hjem\",\"item\":\"https:\\\/\\\/nsff.no\\\/magasinet\\\/\"},{\"@type\":\"ListItem\",\"position\":2,\"name\":\"Lukker, blender, ISO\"}]},{\"@type\":\"WebSite\",\"@id\":\"https:\\\/\\\/nsff.no\\\/magasinet\\\/#website\",\"url\":\"https:\\\/\\\/nsff.no\\\/magasinet\\\/\",\"name\":\"NSFF Magasin | Norsk Selskap for Fotografi\",\"description\":\"Medlemsmagasin for film- og fotoentusiaster\",\"publisher\":{\"@id\":\"https:\\\/\\\/nsff.no\\\/magasinet\\\/#organization\"},\"potentialAction\":[{\"@type\":\"SearchAction\",\"target\":{\"@type\":\"EntryPoint\",\"urlTemplate\":\"https:\\\/\\\/nsff.no\\\/magasinet\\\/?s={search_term_string}\"},\"query-input\":{\"@type\":\"PropertyValueSpecification\",\"valueRequired\":true,\"valueName\":\"search_term_string\"}}],\"inLanguage\":\"nb-NO\"},{\"@type\":\"Organization\",\"@id\":\"https:\\\/\\\/nsff.no\\\/magasinet\\\/#organization\",\"name\":\"Norsk Selskap for Fotografo\",\"url\":\"https:\\\/\\\/nsff.no\\\/magasinet\\\/\",\"logo\":{\"@type\":\"ImageObject\",\"inLanguage\":\"nb-NO\",\"@id\":\"https:\\\/\\\/nsff.no\\\/magasinet\\\/#\\\/schema\\\/logo\\\/image\\\/\",\"url\":\"https:\\\/\\\/nsff.no\\\/magasinet\\\/wp-content\\\/uploads\\\/sites\\\/2\\\/2016\\\/05\\\/NSFF-fb-lenkebilde.png\",\"contentUrl\":\"https:\\\/\\\/nsff.no\\\/magasinet\\\/wp-content\\\/uploads\\\/sites\\\/2\\\/2016\\\/05\\\/NSFF-fb-lenkebilde.png\",\"width\":1,\"height\":1,\"caption\":\"Norsk Selskap for Fotografo\"},\"image\":{\"@id\":\"https:\\\/\\\/nsff.no\\\/magasinet\\\/#\\\/schema\\\/logo\\\/image\\\/\"}},{\"@type\":\"Person\",\"@id\":\"https:\\\/\\\/nsff.no\\\/magasinet\\\/#\\\/schema\\\/person\\\/37116b4a6f4853fcafdd83b641cd613b\",\"name\":\"H\u00e5kon Tr\u00f8nnes\",\"image\":{\"@type\":\"ImageObject\",\"inLanguage\":\"nb-NO\",\"@id\":\"https:\\\/\\\/secure.gravatar.com\\\/avatar\\\/1af737762288f25f011dd81e988eb89286d1b0a8eb46219fef27cc0ec05cd61a?s=96&d=mm&r=g\",\"url\":\"https:\\\/\\\/secure.gravatar.com\\\/avatar\\\/1af737762288f25f011dd81e988eb89286d1b0a8eb46219fef27cc0ec05cd61a?s=96&d=mm&r=g\",\"contentUrl\":\"https:\\\/\\\/secure.gravatar.com\\\/avatar\\\/1af737762288f25f011dd81e988eb89286d1b0a8eb46219fef27cc0ec05cd61a?s=96&d=mm&r=g\",\"caption\":\"H\u00e5kon Tr\u00f8nnes\"},\"description\":\"Medlem i Vingelen Fotoklubb.\",\"sameAs\":[\"https:\\\/\\\/www.facebook.com\\\/groups\\\/288169911254075\\\/\"],\"url\":\"https:\\\/\\\/nsff.no\\\/magasinet\\\/author\\\/hakontronnes\\\/\"}]}<\/script>\n<!-- \/ Yoast SEO plugin. -->","yoast_head_json":{"title":"Lukker, blender, ISO - NSFF Magasin | Norsk Selskap for Fotografi","description":"Mange innstillinger avgj\u00f8r hvordan bildet blir n\u00e5r du trykker p\u00e5 utl\u00f8serknappen, men lukker, blender og ISO gir nok de viktigste kreative mulighetene.","robots":{"index":"index","follow":"follow","max-snippet":"max-snippet:-1","max-image-preview":"max-image-preview:large","max-video-preview":"max-video-preview:-1"},"canonical":"https:\/\/nsff.no\/magasinet\/2014\/05\/11\/lukker-blender-iso\/","og_locale":"nb_NO","og_type":"article","og_title":"Lukker, blender, ISO - NSFF Magasin | Norsk Selskap for Fotografi","og_description":"Mange innstillinger avgj\u00f8r hvordan bildet blir n\u00e5r du trykker p\u00e5 utl\u00f8serknappen, men lukker, blender og ISO gir nok de viktigste kreative mulighetene.","og_url":"https:\/\/nsff.no\/magasinet\/2014\/05\/11\/lukker-blender-iso\/","og_site_name":"NSFF Magasin | Norsk Selskap for Fotografi","article_author":"https:\/\/www.facebook.com\/groups\/288169911254075\/","article_published_time":"2014-05-11T20:44:24+00:00","article_modified_time":"2016-06-13T14:52:19+00:00","og_image":[{"url":"https:\/\/nsff.no\/magasinet\/wp-content\/uploads\/sites\/2\/2014\/05\/IMGL4491-72ppi-rgb_R.jpg","width":1,"height":1,"type":"image\/jpeg"}],"author":"H\u00e5kon Tr\u00f8nnes","twitter_card":"summary_large_image","twitter_misc":{"Skrevet av":"H\u00e5kon Tr\u00f8nnes","Ansl. lesetid":"9 minutter"},"schema":{"@context":"https:\/\/schema.org","@graph":[{"@type":"Article","@id":"https:\/\/nsff.no\/magasinet\/2014\/05\/11\/lukker-blender-iso\/#article","isPartOf":{"@id":"https:\/\/nsff.no\/magasinet\/2014\/05\/11\/lukker-blender-iso\/"},"author":{"name":"H\u00e5kon Tr\u00f8nnes","@id":"https:\/\/nsff.no\/magasinet\/#\/schema\/person\/37116b4a6f4853fcafdd83b641cd613b"},"headline":"Lukker, blender, ISO","datePublished":"2014-05-11T20:44:24+00:00","dateModified":"2016-06-13T14:52:19+00:00","mainEntityOfPage":{"@id":"https:\/\/nsff.no\/magasinet\/2014\/05\/11\/lukker-blender-iso\/"},"wordCount":1860,"commentCount":0,"publisher":{"@id":"https:\/\/nsff.no\/magasinet\/#organization"},"image":{"@id":"https:\/\/nsff.no\/magasinet\/2014\/05\/11\/lukker-blender-iso\/#primaryimage"},"thumbnailUrl":"https:\/\/nsff.no\/magasinet\/wp-content\/uploads\/sites\/2\/2014\/05\/IMGL4491-72ppi-rgb_R.jpg","keywords":["blender","eksponering","ISO","l\u00e6ring","lukker","teori"],"articleSection":["L\u00e6r om foto","Tips &amp; triks"],"inLanguage":"nb-NO","potentialAction":[{"@type":"CommentAction","name":"Comment","target":["https:\/\/nsff.no\/magasinet\/2014\/05\/11\/lukker-blender-iso\/#respond"]}]},{"@type":"WebPage","@id":"https:\/\/nsff.no\/magasinet\/2014\/05\/11\/lukker-blender-iso\/","url":"https:\/\/nsff.no\/magasinet\/2014\/05\/11\/lukker-blender-iso\/","name":"Lukker, blender, ISO - NSFF Magasin | Norsk Selskap for Fotografi","isPartOf":{"@id":"https:\/\/nsff.no\/magasinet\/#website"},"primaryImageOfPage":{"@id":"https:\/\/nsff.no\/magasinet\/2014\/05\/11\/lukker-blender-iso\/#primaryimage"},"image":{"@id":"https:\/\/nsff.no\/magasinet\/2014\/05\/11\/lukker-blender-iso\/#primaryimage"},"thumbnailUrl":"https:\/\/nsff.no\/magasinet\/wp-content\/uploads\/sites\/2\/2014\/05\/IMGL4491-72ppi-rgb_R.jpg","datePublished":"2014-05-11T20:44:24+00:00","dateModified":"2016-06-13T14:52:19+00:00","description":"Mange innstillinger avgj\u00f8r hvordan bildet blir n\u00e5r du trykker p\u00e5 utl\u00f8serknappen, men lukker, blender og ISO gir nok de viktigste kreative mulighetene.","breadcrumb":{"@id":"https:\/\/nsff.no\/magasinet\/2014\/05\/11\/lukker-blender-iso\/#breadcrumb"},"inLanguage":"nb-NO","potentialAction":[{"@type":"ReadAction","target":["https:\/\/nsff.no\/magasinet\/2014\/05\/11\/lukker-blender-iso\/"]}]},{"@type":"ImageObject","inLanguage":"nb-NO","@id":"https:\/\/nsff.no\/magasinet\/2014\/05\/11\/lukker-blender-iso\/#primaryimage","url":"https:\/\/nsff.no\/magasinet\/wp-content\/uploads\/sites\/2\/2014\/05\/IMGL4491-72ppi-rgb_R.jpg","contentUrl":"https:\/\/nsff.no\/magasinet\/wp-content\/uploads\/sites\/2\/2014\/05\/IMGL4491-72ppi-rgb_R.jpg","caption":"Lukker-blender-ISO"},{"@type":"BreadcrumbList","@id":"https:\/\/nsff.no\/magasinet\/2014\/05\/11\/lukker-blender-iso\/#breadcrumb","itemListElement":[{"@type":"ListItem","position":1,"name":"Hjem","item":"https:\/\/nsff.no\/magasinet\/"},{"@type":"ListItem","position":2,"name":"Lukker, blender, ISO"}]},{"@type":"WebSite","@id":"https:\/\/nsff.no\/magasinet\/#website","url":"https:\/\/nsff.no\/magasinet\/","name":"NSFF Magasin | Norsk Selskap for Fotografi","description":"Medlemsmagasin for film- og fotoentusiaster","publisher":{"@id":"https:\/\/nsff.no\/magasinet\/#organization"},"potentialAction":[{"@type":"SearchAction","target":{"@type":"EntryPoint","urlTemplate":"https:\/\/nsff.no\/magasinet\/?s={search_term_string}"},"query-input":{"@type":"PropertyValueSpecification","valueRequired":true,"valueName":"search_term_string"}}],"inLanguage":"nb-NO"},{"@type":"Organization","@id":"https:\/\/nsff.no\/magasinet\/#organization","name":"Norsk Selskap for Fotografo","url":"https:\/\/nsff.no\/magasinet\/","logo":{"@type":"ImageObject","inLanguage":"nb-NO","@id":"https:\/\/nsff.no\/magasinet\/#\/schema\/logo\/image\/","url":"https:\/\/nsff.no\/magasinet\/wp-content\/uploads\/sites\/2\/2016\/05\/NSFF-fb-lenkebilde.png","contentUrl":"https:\/\/nsff.no\/magasinet\/wp-content\/uploads\/sites\/2\/2016\/05\/NSFF-fb-lenkebilde.png","width":1,"height":1,"caption":"Norsk Selskap for Fotografo"},"image":{"@id":"https:\/\/nsff.no\/magasinet\/#\/schema\/logo\/image\/"}},{"@type":"Person","@id":"https:\/\/nsff.no\/magasinet\/#\/schema\/person\/37116b4a6f4853fcafdd83b641cd613b","name":"H\u00e5kon Tr\u00f8nnes","image":{"@type":"ImageObject","inLanguage":"nb-NO","@id":"https:\/\/secure.gravatar.com\/avatar\/1af737762288f25f011dd81e988eb89286d1b0a8eb46219fef27cc0ec05cd61a?s=96&d=mm&r=g","url":"https:\/\/secure.gravatar.com\/avatar\/1af737762288f25f011dd81e988eb89286d1b0a8eb46219fef27cc0ec05cd61a?s=96&d=mm&r=g","contentUrl":"https:\/\/secure.gravatar.com\/avatar\/1af737762288f25f011dd81e988eb89286d1b0a8eb46219fef27cc0ec05cd61a?s=96&d=mm&r=g","caption":"H\u00e5kon Tr\u00f8nnes"},"description":"Medlem i Vingelen Fotoklubb.","sameAs":["https:\/\/www.facebook.com\/groups\/288169911254075\/"],"url":"https:\/\/nsff.no\/magasinet\/author\/hakontronnes\/"}]}},"_links":{"self":[{"href":"https:\/\/nsff.no\/magasinet\/wp-json\/wp\/v2\/posts\/824","targetHints":{"allow":["GET"]}}],"collection":[{"href":"https:\/\/nsff.no\/magasinet\/wp-json\/wp\/v2\/posts"}],"about":[{"href":"https:\/\/nsff.no\/magasinet\/wp-json\/wp\/v2\/types\/post"}],"author":[{"embeddable":true,"href":"https:\/\/nsff.no\/magasinet\/wp-json\/wp\/v2\/users\/8"}],"replies":[{"embeddable":true,"href":"https:\/\/nsff.no\/magasinet\/wp-json\/wp\/v2\/comments?post=824"}],"version-history":[{"count":6,"href":"https:\/\/nsff.no\/magasinet\/wp-json\/wp\/v2\/posts\/824\/revisions"}],"predecessor-version":[{"id":3144,"href":"https:\/\/nsff.no\/magasinet\/wp-json\/wp\/v2\/posts\/824\/revisions\/3144"}],"wp:featuredmedia":[{"embeddable":true,"href":"https:\/\/nsff.no\/magasinet\/wp-json\/wp\/v2\/media\/834"}],"wp:attachment":[{"href":"https:\/\/nsff.no\/magasinet\/wp-json\/wp\/v2\/media?parent=824"}],"wp:term":[{"taxonomy":"category","embeddable":true,"href":"https:\/\/nsff.no\/magasinet\/wp-json\/wp\/v2\/categories?post=824"},{"taxonomy":"post_tag","embeddable":true,"href":"https:\/\/nsff.no\/magasinet\/wp-json\/wp\/v2\/tags?post=824"}],"curies":[{"name":"wp","href":"https:\/\/api.w.org\/{rel}","templated":true}]}}