{"id":8106,"date":"2019-06-28T10:19:54","date_gmt":"2019-06-28T08:19:54","guid":{"rendered":"http:\/\/nsff.no\/magasinet\/?p=8106"},"modified":"2020-05-25T10:52:01","modified_gmt":"2020-05-25T08:52:01","slug":"resultata-fra-forste-analog-nasjonal","status":"publish","type":"post","link":"https:\/\/nsff.no\/magasinet\/2019\/06\/28\/resultata-fra-forste-analog-nasjonal\/","title":{"rendered":"Resultata fr\u00e5 f\u00f8rste Analog Nasjonal"},"content":{"rendered":"<p>[et_pb_section bb_built=&raquo;1&#8243; inner_width=&raquo;auto&raquo; inner_max_width=&raquo;none&raquo;][et_pb_row][et_pb_column type=&raquo;4_4&#8243;][et_pb_gallery _builder_version=&raquo;3.24.1&#8243; gallery_ids=&raquo;8109,8107,8110&#8243; posts_number=&raquo;3&#8243; show_title_and_caption=&raquo;off&raquo; show_pagination=&raquo;off&raquo; orientation=&raquo;portrait&raquo; hover_overlay_color=&raquo;rgba(255,255,255,0.9)&raquo; box_shadow_horizontal_image_tablet=&raquo;0px&raquo; box_shadow_vertical_image_tablet=&raquo;0px&raquo; box_shadow_blur_image_tablet=&raquo;40px&raquo; box_shadow_spread_image_tablet=&raquo;0px&raquo; text_shadow_horizontal_length=&raquo;text_shadow_style,%91object Object%93&#8243; text_shadow_horizontal_length_tablet=&raquo;0px&raquo; text_shadow_vertical_length=&raquo;text_shadow_style,%91object Object%93&#8243; text_shadow_vertical_length_tablet=&raquo;0px&raquo; text_shadow_blur_strength=&raquo;text_shadow_style,%91object Object%93&#8243; text_shadow_blur_strength_tablet=&raquo;1px&raquo; title_text_shadow_horizontal_length=&raquo;title_text_shadow_style,%91object Object%93&#8243; title_text_shadow_horizontal_length_tablet=&raquo;0px&raquo; title_text_shadow_vertical_length=&raquo;title_text_shadow_style,%91object Object%93&#8243; title_text_shadow_vertical_length_tablet=&raquo;0px&raquo; title_text_shadow_blur_strength=&raquo;title_text_shadow_style,%91object Object%93&#8243; title_text_shadow_blur_strength_tablet=&raquo;1px&raquo; caption_text_shadow_horizontal_length=&raquo;caption_text_shadow_style,%91object Object%93&#8243; caption_text_shadow_horizontal_length_tablet=&raquo;0px&raquo; caption_text_shadow_vertical_length=&raquo;caption_text_shadow_style,%91object Object%93&#8243; caption_text_shadow_vertical_length_tablet=&raquo;0px&raquo; caption_text_shadow_blur_strength=&raquo;caption_text_shadow_style,%91object Object%93&#8243; caption_text_shadow_blur_strength_tablet=&raquo;1px&raquo; pagination_text_shadow_horizontal_length=&raquo;pagination_text_shadow_style,%91object Object%93&#8243; pagination_text_shadow_horizontal_length_tablet=&raquo;0px&raquo; pagination_text_shadow_vertical_length=&raquo;pagination_text_shadow_style,%91object Object%93&#8243; pagination_text_shadow_vertical_length_tablet=&raquo;0px&raquo; pagination_text_shadow_blur_strength=&raquo;pagination_text_shadow_style,%91object Object%93&#8243; pagination_text_shadow_blur_strength_tablet=&raquo;1px&raquo; box_shadow_horizontal_tablet=&raquo;0px&raquo; box_shadow_vertical_tablet=&raquo;0px&raquo; box_shadow_blur_tablet=&raquo;40px&raquo; box_shadow_spread_tablet=&raquo;0px&raquo; z_index_tablet=&raquo;500&#8243; \/][et_pb_text _builder_version=&raquo;3.24.1&#8243; text_text_shadow_horizontal_length=&raquo;text_text_shadow_style,%91object Object%93&#8243; text_text_shadow_horizontal_length_tablet=&raquo;0px&raquo; text_text_shadow_vertical_length=&raquo;text_text_shadow_style,%91object Object%93&#8243; text_text_shadow_vertical_length_tablet=&raquo;0px&raquo; text_text_shadow_blur_strength=&raquo;text_text_shadow_style,%91object Object%93&#8243; text_text_shadow_blur_strength_tablet=&raquo;1px&raquo; link_text_shadow_horizontal_length=&raquo;link_text_shadow_style,%91object Object%93&#8243; link_text_shadow_horizontal_length_tablet=&raquo;0px&raquo; link_text_shadow_vertical_length=&raquo;link_text_shadow_style,%91object Object%93&#8243; link_text_shadow_vertical_length_tablet=&raquo;0px&raquo; link_text_shadow_blur_strength=&raquo;link_text_shadow_style,%91object Object%93&#8243; link_text_shadow_blur_strength_tablet=&raquo;1px&raquo; ul_text_shadow_horizontal_length=&raquo;ul_text_shadow_style,%91object Object%93&#8243; ul_text_shadow_horizontal_length_tablet=&raquo;0px&raquo; ul_text_shadow_vertical_length=&raquo;ul_text_shadow_style,%91object Object%93&#8243; ul_text_shadow_vertical_length_tablet=&raquo;0px&raquo; ul_text_shadow_blur_strength=&raquo;ul_text_shadow_style,%91object Object%93&#8243; ul_text_shadow_blur_strength_tablet=&raquo;1px&raquo; ol_text_shadow_horizontal_length=&raquo;ol_text_shadow_style,%91object Object%93&#8243; ol_text_shadow_horizontal_length_tablet=&raquo;0px&raquo; ol_text_shadow_vertical_length=&raquo;ol_text_shadow_style,%91object Object%93&#8243; ol_text_shadow_vertical_length_tablet=&raquo;0px&raquo; ol_text_shadow_blur_strength=&raquo;ol_text_shadow_style,%91object Object%93&#8243; ol_text_shadow_blur_strength_tablet=&raquo;1px&raquo; quote_text_shadow_horizontal_length=&raquo;quote_text_shadow_style,%91object Object%93&#8243; quote_text_shadow_horizontal_length_tablet=&raquo;0px&raquo; quote_text_shadow_vertical_length=&raquo;quote_text_shadow_style,%91object Object%93&#8243; quote_text_shadow_vertical_length_tablet=&raquo;0px&raquo; quote_text_shadow_blur_strength=&raquo;quote_text_shadow_style,%91object Object%93&#8243; quote_text_shadow_blur_strength_tablet=&raquo;1px&raquo; header_text_shadow_horizontal_length=&raquo;header_text_shadow_style,%91object Object%93&#8243; header_text_shadow_horizontal_length_tablet=&raquo;0px&raquo; header_text_shadow_vertical_length=&raquo;header_text_shadow_style,%91object Object%93&#8243; header_text_shadow_vertical_length_tablet=&raquo;0px&raquo; header_text_shadow_blur_strength=&raquo;header_text_shadow_style,%91object Object%93&#8243; header_text_shadow_blur_strength_tablet=&raquo;1px&raquo; header_2_text_shadow_horizontal_length=&raquo;header_2_text_shadow_style,%91object Object%93&#8243; header_2_text_shadow_horizontal_length_tablet=&raquo;0px&raquo; header_2_text_shadow_vertical_length=&raquo;header_2_text_shadow_style,%91object Object%93&#8243; header_2_text_shadow_vertical_length_tablet=&raquo;0px&raquo; header_2_text_shadow_blur_strength=&raquo;header_2_text_shadow_style,%91object Object%93&#8243; header_2_text_shadow_blur_strength_tablet=&raquo;1px&raquo; header_3_text_shadow_horizontal_length=&raquo;header_3_text_shadow_style,%91object Object%93&#8243; header_3_text_shadow_horizontal_length_tablet=&raquo;0px&raquo; header_3_text_shadow_vertical_length=&raquo;header_3_text_shadow_style,%91object Object%93&#8243; header_3_text_shadow_vertical_length_tablet=&raquo;0px&raquo; header_3_text_shadow_blur_strength=&raquo;header_3_text_shadow_style,%91object Object%93&#8243; header_3_text_shadow_blur_strength_tablet=&raquo;1px&raquo; header_4_text_shadow_horizontal_length=&raquo;header_4_text_shadow_style,%91object Object%93&#8243; header_4_text_shadow_horizontal_length_tablet=&raquo;0px&raquo; header_4_text_shadow_vertical_length=&raquo;header_4_text_shadow_style,%91object Object%93&#8243; header_4_text_shadow_vertical_length_tablet=&raquo;0px&raquo; header_4_text_shadow_blur_strength=&raquo;header_4_text_shadow_style,%91object Object%93&#8243; header_4_text_shadow_blur_strength_tablet=&raquo;1px&raquo; header_5_text_shadow_horizontal_length=&raquo;header_5_text_shadow_style,%91object Object%93&#8243; header_5_text_shadow_horizontal_length_tablet=&raquo;0px&raquo; header_5_text_shadow_vertical_length=&raquo;header_5_text_shadow_style,%91object Object%93&#8243; header_5_text_shadow_vertical_length_tablet=&raquo;0px&raquo; header_5_text_shadow_blur_strength=&raquo;header_5_text_shadow_style,%91object Object%93&#8243; header_5_text_shadow_blur_strength_tablet=&raquo;1px&raquo; header_6_text_shadow_horizontal_length=&raquo;header_6_text_shadow_style,%91object Object%93&#8243; header_6_text_shadow_horizontal_length_tablet=&raquo;0px&raquo; header_6_text_shadow_vertical_length=&raquo;header_6_text_shadow_style,%91object Object%93&#8243; header_6_text_shadow_vertical_length_tablet=&raquo;0px&raquo; header_6_text_shadow_blur_strength=&raquo;header_6_text_shadow_style,%91object Object%93&#8243; header_6_text_shadow_blur_strength_tablet=&raquo;1px&raquo; box_shadow_horizontal_tablet=&raquo;0px&raquo; box_shadow_vertical_tablet=&raquo;0px&raquo; box_shadow_blur_tablet=&raquo;40px&raquo; box_shadow_spread_tablet=&raquo;0px&raquo; z_index_tablet=&raquo;500&#8243;]<\/p>\n<p><strong>Resultata fr\u00e5 Analog Nasjonal, med patronat fr\u00e5 NSFF, er klare. Klikk p\u00e5 bilda ovanfor for \u00e5 sj\u00e5 i full versjon.<\/strong><\/p>\n<p>Medaljebildene er:<\/p>\n<p>1. plass: Atle Helland med bildet &laquo;Storjo&raquo;<br \/>2. plass: Tryggve Karlsen med bildet &laquo;E-18 Farrisbrua&raquo;<br \/>3. plass: Robin Bjerkhaug med bildet &laquo;Silhuett&raquo;<\/p>\n<ul>\n<li><a href=\"https:\/\/drive.google.com\/file\/d\/1jDDxh_iwp5oNdKoyNwV0kBHvQSnJN1OE\/view?usp=sharing\">Klikk her for komplett resultatliste<\/a>\u00a0(PDF)<\/li>\n<li><a href=\"https:\/\/drive.google.com\/file\/d\/1Yz0NE4Nd0iWWK3D1EYHEG7pGYPZxjH70\/view?usp=sharing\">Presentasjon av alle premierte og antatte bilder kan lastast ned her<\/a>\u00a0(PDF)<\/li>\n<\/ul>\n<p>Det var levert inn til ein monokrom digitalklasse og ein monokrom papirklasse. I begge klassane skulle bildet ha utgangspunkt i analog foto og film, mens dei digitale kunne etterbehandlast digitalt. Papirbildene er analog i heile prosessen og framkalla i m\u00f8rkerom.<\/p>\n<p>P\u00e5 grunn av f\u00e5 innleverte bilder, valte juryen \u00e5 sl\u00e5 saman og vurdera alle bildene samla. Av totalt 57 innleverte bilder (42 digitale, 15 papir), er 22 premiert eller antatt, som utgjer 39 %.<\/p>\n<p>Juryen har best\u00e5tt av:<\/p>\n<ul>\n<li>Bj\u00f8rn Joachimsen<\/li>\n<li><span id=\"cch_f711632a3e71e\" class=\"_mh6 _wsc\"><span class=\"_3oh- _58nk\">Tarand Krogvold<\/span><\/span><\/li>\n<li><span id=\"cch_f711632a3e71e\" class=\"_mh6 _wsc\"><span class=\"_3oh- _58nk\">Michal Tomaszewicz<\/span><\/span><\/li>\n<\/ul>\n<p>Arrang\u00f8rklubb Narvik Kameraklubb vil sende ein takk til alle som deltok i konkurransen, med h\u00e5p om at ein nasjonal konkurranse innan analogfoto kan inspirera til \u00e5 ta opp igjen gamle kunstar \u2013 eventuelt l\u00e6ra noko (gamalt) nytt!<\/p>\n<p>[\/et_pb_text][\/et_pb_column][\/et_pb_row][\/et_pb_section]<\/p>\n","protected":false},"excerpt":{"rendered":"<p>Resultata fr\u00e5 Analog Nasjonal, med patronat fr\u00e5 NSFF, er klare.<\/p>\n","protected":false},"author":80,"featured_media":8108,"comment_status":"open","ping_status":"open","sticky":false,"template":"","format":"standard","meta":{"_et_pb_use_builder":"on","_et_pb_old_content":"<p><strong>Resultata fr\u00e5 Analog Nasjonal, med patronat fr\u00e5 NSFF, er klare.<\/strong><\/p><p>Medaljebildene er:<\/p><p>1. plass: Atle Helland med bildet \"Storjo\"<br \/>2. plass: Tryggve Karlsen med bildet \"E-18 Farrisbrua\"<br \/>3. plass: Robin Bjerkhaug med bildet \"Silhuett\"<\/p><ul><li><a href=\"https:\/\/drive.google.com\/file\/d\/1jDDxh_iwp5oNdKoyNwV0kBHvQSnJN1OE\/view?usp=sharing\">Klikk her for komplett resultatliste<\/a>\u00a0(PDF)<\/li><li><a href=\"https:\/\/drive.google.com\/file\/d\/1Yz0NE4Nd0iWWK3D1EYHEG7pGYPZxjH70\/view?usp=sharing\">Presentasjon av alle premierte og antatte bilder kan lastast ned her<\/a>\u00a0(PDF)<\/li><\/ul><p>Det var levert inn til ein monokrom digitalklasse og ein monokrom papirklasse. I begge klassane skulle bildet ha utgangspunkt i analog foto og film, mens dei digitale kunne etterbehandlast digitalt. Papirbildene er analog i heile prosessen og framkalla i m\u00f8rkerom.<\/p><p>P\u00e5 grunn av f\u00e5 innleverte bilder, valte juryen \u00e5 sl\u00e5 saman og vurdera alle bildene samla. Av totalt 57 innleverte bilder (42 digitale, 15 papir), er 22 premiert eller antatt, som utgjer 39 %.<\/p><p>Juryen har best\u00e5tt av:<\/p><ul><li>Bj\u00f8rn Joachimsen<\/li><li><span id=\"cch_f711632a3e71e\" class=\"_mh6 _wsc\"><span class=\"_3oh- _58nk\">Tarand Krogvold<\/span><\/span><\/li><li><span id=\"cch_f711632a3e71e\" class=\"_mh6 _wsc\"><span class=\"_3oh- _58nk\">Michal Tomaszewicz<\/span><\/span><\/li><\/ul><p>Arrang\u00f8rklubb Narvik Kameraklubb vil sende ein takk til alle som deltok i konkurransen, med h\u00e5p om at ein nasjonal konkurranse innan analogfoto kan inspirera til \u00e5 ta opp igjen gamle kunstar \u2013 eventuelt l\u00e6ra noko (gamalt) nytt!<\/p>","_et_gb_content_width":"","footnotes":""},"categories":[7,10,14],"tags":[668,429,765,86,351],"class_list":["post-8106","post","type-post","status-publish","format-standard","has-post-thumbnail","hentry","category-foto","category-konkurranser","category-nyheter","tag-668","tag-analog-fotografering","tag-analog-nasjonal","tag-fotokonkurranse","tag-nasjonal-konkurranse","et-has-post-format-content","et_post_format-et-post-format-standard"],"yoast_head":"<!-- This site is optimized with the Yoast SEO plugin v27.5 - https:\/\/yoast.com\/product\/yoast-seo-wordpress\/ -->\n<title>Resultata fr\u00e5 f\u00f8rste Analog Nasjonal - NSFF Magasin | Norsk Selskap for Fotografi<\/title>\n<meta name=\"description\" content=\"Resultata fr\u00e5 Analog Nasjonal, med patronat fr\u00e5 NSFF, er klare.\" \/>\n<meta name=\"robots\" content=\"index, follow, max-snippet:-1, max-image-preview:large, max-video-preview:-1\" \/>\n<link rel=\"canonical\" href=\"https:\/\/nsff.no\/magasinet\/2019\/06\/28\/resultata-fra-forste-analog-nasjonal\/\" \/>\n<meta property=\"og:locale\" content=\"nb_NO\" \/>\n<meta property=\"og:type\" content=\"article\" \/>\n<meta property=\"og:title\" content=\"Resultata fr\u00e5 f\u00f8rste Analog Nasjonal - NSFF Magasin | Norsk Selskap for Fotografi\" \/>\n<meta property=\"og:description\" content=\"Resultata fr\u00e5 Analog Nasjonal, med patronat fr\u00e5 NSFF, er klare.\" \/>\n<meta property=\"og:url\" content=\"https:\/\/nsff.no\/magasinet\/2019\/06\/28\/resultata-fra-forste-analog-nasjonal\/\" \/>\n<meta property=\"og:site_name\" content=\"NSFF Magasin | Norsk Selskap for Fotografi\" \/>\n<meta property=\"article:published_time\" content=\"2019-06-28T08:19:54+00:00\" \/>\n<meta property=\"article:modified_time\" content=\"2020-05-25T08:52:01+00:00\" \/>\n<meta property=\"og:image\" content=\"https:\/\/nsff.no\/magasinet\/wp-content\/uploads\/sites\/2\/2019\/06\/an2019_fb.jpg\" \/>\n\t<meta property=\"og:image:width\" content=\"1200\" \/>\n\t<meta property=\"og:image:height\" content=\"630\" \/>\n\t<meta property=\"og:image:type\" content=\"image\/jpeg\" \/>\n<meta name=\"author\" content=\"Bjarte Hoff\" \/>\n<meta name=\"twitter:card\" content=\"summary_large_image\" \/>\n<meta name=\"twitter:label1\" content=\"Skrevet av\" \/>\n\t<meta name=\"twitter:data1\" content=\"Bjarte Hoff\" \/>\n\t<meta name=\"twitter:label2\" content=\"Ansl. lesetid\" \/>\n\t<meta name=\"twitter:data2\" content=\"6 minutter\" \/>\n<script type=\"application\/ld+json\" class=\"yoast-schema-graph\">{\"@context\":\"https:\\\/\\\/schema.org\",\"@graph\":[{\"@type\":\"Article\",\"@id\":\"https:\\\/\\\/nsff.no\\\/magasinet\\\/2019\\\/06\\\/28\\\/resultata-fra-forste-analog-nasjonal\\\/#article\",\"isPartOf\":{\"@id\":\"https:\\\/\\\/nsff.no\\\/magasinet\\\/2019\\\/06\\\/28\\\/resultata-fra-forste-analog-nasjonal\\\/\"},\"author\":{\"name\":\"Bjarte Hoff\",\"@id\":\"https:\\\/\\\/nsff.no\\\/magasinet\\\/#\\\/schema\\\/person\\\/7fb5ffb8fdbc4281cacca77319bf03d8\"},\"headline\":\"Resultata fr\u00e5 f\u00f8rste Analog Nasjonal\",\"datePublished\":\"2019-06-28T08:19:54+00:00\",\"dateModified\":\"2020-05-25T08:52:01+00:00\",\"mainEntityOfPage\":{\"@id\":\"https:\\\/\\\/nsff.no\\\/magasinet\\\/2019\\\/06\\\/28\\\/resultata-fra-forste-analog-nasjonal\\\/\"},\"wordCount\":1112,\"commentCount\":0,\"publisher\":{\"@id\":\"https:\\\/\\\/nsff.no\\\/magasinet\\\/#organization\"},\"image\":{\"@id\":\"https:\\\/\\\/nsff.no\\\/magasinet\\\/2019\\\/06\\\/28\\\/resultata-fra-forste-analog-nasjonal\\\/#primaryimage\"},\"thumbnailUrl\":\"https:\\\/\\\/nsff.no\\\/magasinet\\\/wp-content\\\/uploads\\\/sites\\\/2\\\/2019\\\/06\\\/an2019_fb.jpg\",\"keywords\":[\"2019\",\"analog fotografering\",\"Analog Nasjonal\",\"fotokonkurranse\",\"nasjonal konkurranse\"],\"articleSection\":[\"Foto\",\"Konkurranser\",\"Nyheter\"],\"inLanguage\":\"nb-NO\",\"potentialAction\":[{\"@type\":\"CommentAction\",\"name\":\"Comment\",\"target\":[\"https:\\\/\\\/nsff.no\\\/magasinet\\\/2019\\\/06\\\/28\\\/resultata-fra-forste-analog-nasjonal\\\/#respond\"]}]},{\"@type\":\"WebPage\",\"@id\":\"https:\\\/\\\/nsff.no\\\/magasinet\\\/2019\\\/06\\\/28\\\/resultata-fra-forste-analog-nasjonal\\\/\",\"url\":\"https:\\\/\\\/nsff.no\\\/magasinet\\\/2019\\\/06\\\/28\\\/resultata-fra-forste-analog-nasjonal\\\/\",\"name\":\"Resultata fr\u00e5 f\u00f8rste Analog Nasjonal - NSFF Magasin | Norsk Selskap for Fotografi\",\"isPartOf\":{\"@id\":\"https:\\\/\\\/nsff.no\\\/magasinet\\\/#website\"},\"primaryImageOfPage\":{\"@id\":\"https:\\\/\\\/nsff.no\\\/magasinet\\\/2019\\\/06\\\/28\\\/resultata-fra-forste-analog-nasjonal\\\/#primaryimage\"},\"image\":{\"@id\":\"https:\\\/\\\/nsff.no\\\/magasinet\\\/2019\\\/06\\\/28\\\/resultata-fra-forste-analog-nasjonal\\\/#primaryimage\"},\"thumbnailUrl\":\"https:\\\/\\\/nsff.no\\\/magasinet\\\/wp-content\\\/uploads\\\/sites\\\/2\\\/2019\\\/06\\\/an2019_fb.jpg\",\"datePublished\":\"2019-06-28T08:19:54+00:00\",\"dateModified\":\"2020-05-25T08:52:01+00:00\",\"description\":\"Resultata fr\u00e5 Analog Nasjonal, med patronat fr\u00e5 NSFF, er klare.\",\"breadcrumb\":{\"@id\":\"https:\\\/\\\/nsff.no\\\/magasinet\\\/2019\\\/06\\\/28\\\/resultata-fra-forste-analog-nasjonal\\\/#breadcrumb\"},\"inLanguage\":\"nb-NO\",\"potentialAction\":[{\"@type\":\"ReadAction\",\"target\":[\"https:\\\/\\\/nsff.no\\\/magasinet\\\/2019\\\/06\\\/28\\\/resultata-fra-forste-analog-nasjonal\\\/\"]}]},{\"@type\":\"ImageObject\",\"inLanguage\":\"nb-NO\",\"@id\":\"https:\\\/\\\/nsff.no\\\/magasinet\\\/2019\\\/06\\\/28\\\/resultata-fra-forste-analog-nasjonal\\\/#primaryimage\",\"url\":\"https:\\\/\\\/nsff.no\\\/magasinet\\\/wp-content\\\/uploads\\\/sites\\\/2\\\/2019\\\/06\\\/an2019_fb.jpg\",\"contentUrl\":\"https:\\\/\\\/nsff.no\\\/magasinet\\\/wp-content\\\/uploads\\\/sites\\\/2\\\/2019\\\/06\\\/an2019_fb.jpg\",\"width\":1200,\"height\":630,\"caption\":\"Analog Nasjonal 2019\"},{\"@type\":\"BreadcrumbList\",\"@id\":\"https:\\\/\\\/nsff.no\\\/magasinet\\\/2019\\\/06\\\/28\\\/resultata-fra-forste-analog-nasjonal\\\/#breadcrumb\",\"itemListElement\":[{\"@type\":\"ListItem\",\"position\":1,\"name\":\"Hjem\",\"item\":\"https:\\\/\\\/nsff.no\\\/magasinet\\\/\"},{\"@type\":\"ListItem\",\"position\":2,\"name\":\"Resultata fr\u00e5 f\u00f8rste Analog Nasjonal\"}]},{\"@type\":\"WebSite\",\"@id\":\"https:\\\/\\\/nsff.no\\\/magasinet\\\/#website\",\"url\":\"https:\\\/\\\/nsff.no\\\/magasinet\\\/\",\"name\":\"NSFF Magasin | Norsk Selskap for Fotografi\",\"description\":\"Medlemsmagasin for film- og fotoentusiaster\",\"publisher\":{\"@id\":\"https:\\\/\\\/nsff.no\\\/magasinet\\\/#organization\"},\"potentialAction\":[{\"@type\":\"SearchAction\",\"target\":{\"@type\":\"EntryPoint\",\"urlTemplate\":\"https:\\\/\\\/nsff.no\\\/magasinet\\\/?s={search_term_string}\"},\"query-input\":{\"@type\":\"PropertyValueSpecification\",\"valueRequired\":true,\"valueName\":\"search_term_string\"}}],\"inLanguage\":\"nb-NO\"},{\"@type\":\"Organization\",\"@id\":\"https:\\\/\\\/nsff.no\\\/magasinet\\\/#organization\",\"name\":\"Norsk Selskap for Fotografo\",\"url\":\"https:\\\/\\\/nsff.no\\\/magasinet\\\/\",\"logo\":{\"@type\":\"ImageObject\",\"inLanguage\":\"nb-NO\",\"@id\":\"https:\\\/\\\/nsff.no\\\/magasinet\\\/#\\\/schema\\\/logo\\\/image\\\/\",\"url\":\"https:\\\/\\\/nsff.no\\\/magasinet\\\/wp-content\\\/uploads\\\/sites\\\/2\\\/2016\\\/05\\\/NSFF-fb-lenkebilde.png\",\"contentUrl\":\"https:\\\/\\\/nsff.no\\\/magasinet\\\/wp-content\\\/uploads\\\/sites\\\/2\\\/2016\\\/05\\\/NSFF-fb-lenkebilde.png\",\"width\":1,\"height\":1,\"caption\":\"Norsk Selskap for Fotografo\"},\"image\":{\"@id\":\"https:\\\/\\\/nsff.no\\\/magasinet\\\/#\\\/schema\\\/logo\\\/image\\\/\"}},{\"@type\":\"Person\",\"@id\":\"https:\\\/\\\/nsff.no\\\/magasinet\\\/#\\\/schema\\\/person\\\/7fb5ffb8fdbc4281cacca77319bf03d8\",\"name\":\"Bjarte Hoff\",\"image\":{\"@type\":\"ImageObject\",\"inLanguage\":\"nb-NO\",\"@id\":\"https:\\\/\\\/secure.gravatar.com\\\/avatar\\\/8165b9b81b9c95a5ac598ab7a61075a53bc7828dbf4ec007b17cfeb3c88383cd?s=96&d=mm&r=g\",\"url\":\"https:\\\/\\\/secure.gravatar.com\\\/avatar\\\/8165b9b81b9c95a5ac598ab7a61075a53bc7828dbf4ec007b17cfeb3c88383cd?s=96&d=mm&r=g\",\"contentUrl\":\"https:\\\/\\\/secure.gravatar.com\\\/avatar\\\/8165b9b81b9c95a5ac598ab7a61075a53bc7828dbf4ec007b17cfeb3c88383cd?s=96&d=mm&r=g\",\"caption\":\"Bjarte Hoff\"},\"description\":\"Leder av Narvik Kameraklubb. Styremedlem i NSFF, konkurranseansvarlig og \u00e5rbokredakt\u00f8r.\",\"url\":\"https:\\\/\\\/nsff.no\\\/magasinet\\\/author\\\/bjarte\\\/\"}]}<\/script>\n<!-- \/ Yoast SEO plugin. -->","yoast_head_json":{"title":"Resultata fr\u00e5 f\u00f8rste Analog Nasjonal - NSFF Magasin | Norsk Selskap for Fotografi","description":"Resultata fr\u00e5 Analog Nasjonal, med patronat fr\u00e5 NSFF, er klare.","robots":{"index":"index","follow":"follow","max-snippet":"max-snippet:-1","max-image-preview":"max-image-preview:large","max-video-preview":"max-video-preview:-1"},"canonical":"https:\/\/nsff.no\/magasinet\/2019\/06\/28\/resultata-fra-forste-analog-nasjonal\/","og_locale":"nb_NO","og_type":"article","og_title":"Resultata fr\u00e5 f\u00f8rste Analog Nasjonal - NSFF Magasin | Norsk Selskap for Fotografi","og_description":"Resultata fr\u00e5 Analog Nasjonal, med patronat fr\u00e5 NSFF, er klare.","og_url":"https:\/\/nsff.no\/magasinet\/2019\/06\/28\/resultata-fra-forste-analog-nasjonal\/","og_site_name":"NSFF Magasin | Norsk Selskap for Fotografi","article_published_time":"2019-06-28T08:19:54+00:00","article_modified_time":"2020-05-25T08:52:01+00:00","og_image":[{"width":1200,"height":630,"url":"https:\/\/nsff.no\/magasinet\/wp-content\/uploads\/sites\/2\/2019\/06\/an2019_fb.jpg","type":"image\/jpeg"}],"author":"Bjarte Hoff","twitter_card":"summary_large_image","twitter_misc":{"Skrevet av":"Bjarte Hoff","Ansl. lesetid":"6 minutter"},"schema":{"@context":"https:\/\/schema.org","@graph":[{"@type":"Article","@id":"https:\/\/nsff.no\/magasinet\/2019\/06\/28\/resultata-fra-forste-analog-nasjonal\/#article","isPartOf":{"@id":"https:\/\/nsff.no\/magasinet\/2019\/06\/28\/resultata-fra-forste-analog-nasjonal\/"},"author":{"name":"Bjarte Hoff","@id":"https:\/\/nsff.no\/magasinet\/#\/schema\/person\/7fb5ffb8fdbc4281cacca77319bf03d8"},"headline":"Resultata fr\u00e5 f\u00f8rste Analog Nasjonal","datePublished":"2019-06-28T08:19:54+00:00","dateModified":"2020-05-25T08:52:01+00:00","mainEntityOfPage":{"@id":"https:\/\/nsff.no\/magasinet\/2019\/06\/28\/resultata-fra-forste-analog-nasjonal\/"},"wordCount":1112,"commentCount":0,"publisher":{"@id":"https:\/\/nsff.no\/magasinet\/#organization"},"image":{"@id":"https:\/\/nsff.no\/magasinet\/2019\/06\/28\/resultata-fra-forste-analog-nasjonal\/#primaryimage"},"thumbnailUrl":"https:\/\/nsff.no\/magasinet\/wp-content\/uploads\/sites\/2\/2019\/06\/an2019_fb.jpg","keywords":["2019","analog fotografering","Analog Nasjonal","fotokonkurranse","nasjonal konkurranse"],"articleSection":["Foto","Konkurranser","Nyheter"],"inLanguage":"nb-NO","potentialAction":[{"@type":"CommentAction","name":"Comment","target":["https:\/\/nsff.no\/magasinet\/2019\/06\/28\/resultata-fra-forste-analog-nasjonal\/#respond"]}]},{"@type":"WebPage","@id":"https:\/\/nsff.no\/magasinet\/2019\/06\/28\/resultata-fra-forste-analog-nasjonal\/","url":"https:\/\/nsff.no\/magasinet\/2019\/06\/28\/resultata-fra-forste-analog-nasjonal\/","name":"Resultata fr\u00e5 f\u00f8rste Analog Nasjonal - NSFF Magasin | Norsk Selskap for Fotografi","isPartOf":{"@id":"https:\/\/nsff.no\/magasinet\/#website"},"primaryImageOfPage":{"@id":"https:\/\/nsff.no\/magasinet\/2019\/06\/28\/resultata-fra-forste-analog-nasjonal\/#primaryimage"},"image":{"@id":"https:\/\/nsff.no\/magasinet\/2019\/06\/28\/resultata-fra-forste-analog-nasjonal\/#primaryimage"},"thumbnailUrl":"https:\/\/nsff.no\/magasinet\/wp-content\/uploads\/sites\/2\/2019\/06\/an2019_fb.jpg","datePublished":"2019-06-28T08:19:54+00:00","dateModified":"2020-05-25T08:52:01+00:00","description":"Resultata fr\u00e5 Analog Nasjonal, med patronat fr\u00e5 NSFF, er klare.","breadcrumb":{"@id":"https:\/\/nsff.no\/magasinet\/2019\/06\/28\/resultata-fra-forste-analog-nasjonal\/#breadcrumb"},"inLanguage":"nb-NO","potentialAction":[{"@type":"ReadAction","target":["https:\/\/nsff.no\/magasinet\/2019\/06\/28\/resultata-fra-forste-analog-nasjonal\/"]}]},{"@type":"ImageObject","inLanguage":"nb-NO","@id":"https:\/\/nsff.no\/magasinet\/2019\/06\/28\/resultata-fra-forste-analog-nasjonal\/#primaryimage","url":"https:\/\/nsff.no\/magasinet\/wp-content\/uploads\/sites\/2\/2019\/06\/an2019_fb.jpg","contentUrl":"https:\/\/nsff.no\/magasinet\/wp-content\/uploads\/sites\/2\/2019\/06\/an2019_fb.jpg","width":1200,"height":630,"caption":"Analog Nasjonal 2019"},{"@type":"BreadcrumbList","@id":"https:\/\/nsff.no\/magasinet\/2019\/06\/28\/resultata-fra-forste-analog-nasjonal\/#breadcrumb","itemListElement":[{"@type":"ListItem","position":1,"name":"Hjem","item":"https:\/\/nsff.no\/magasinet\/"},{"@type":"ListItem","position":2,"name":"Resultata fr\u00e5 f\u00f8rste Analog Nasjonal"}]},{"@type":"WebSite","@id":"https:\/\/nsff.no\/magasinet\/#website","url":"https:\/\/nsff.no\/magasinet\/","name":"NSFF Magasin | Norsk Selskap for Fotografi","description":"Medlemsmagasin for film- og fotoentusiaster","publisher":{"@id":"https:\/\/nsff.no\/magasinet\/#organization"},"potentialAction":[{"@type":"SearchAction","target":{"@type":"EntryPoint","urlTemplate":"https:\/\/nsff.no\/magasinet\/?s={search_term_string}"},"query-input":{"@type":"PropertyValueSpecification","valueRequired":true,"valueName":"search_term_string"}}],"inLanguage":"nb-NO"},{"@type":"Organization","@id":"https:\/\/nsff.no\/magasinet\/#organization","name":"Norsk Selskap for Fotografo","url":"https:\/\/nsff.no\/magasinet\/","logo":{"@type":"ImageObject","inLanguage":"nb-NO","@id":"https:\/\/nsff.no\/magasinet\/#\/schema\/logo\/image\/","url":"https:\/\/nsff.no\/magasinet\/wp-content\/uploads\/sites\/2\/2016\/05\/NSFF-fb-lenkebilde.png","contentUrl":"https:\/\/nsff.no\/magasinet\/wp-content\/uploads\/sites\/2\/2016\/05\/NSFF-fb-lenkebilde.png","width":1,"height":1,"caption":"Norsk Selskap for Fotografo"},"image":{"@id":"https:\/\/nsff.no\/magasinet\/#\/schema\/logo\/image\/"}},{"@type":"Person","@id":"https:\/\/nsff.no\/magasinet\/#\/schema\/person\/7fb5ffb8fdbc4281cacca77319bf03d8","name":"Bjarte Hoff","image":{"@type":"ImageObject","inLanguage":"nb-NO","@id":"https:\/\/secure.gravatar.com\/avatar\/8165b9b81b9c95a5ac598ab7a61075a53bc7828dbf4ec007b17cfeb3c88383cd?s=96&d=mm&r=g","url":"https:\/\/secure.gravatar.com\/avatar\/8165b9b81b9c95a5ac598ab7a61075a53bc7828dbf4ec007b17cfeb3c88383cd?s=96&d=mm&r=g","contentUrl":"https:\/\/secure.gravatar.com\/avatar\/8165b9b81b9c95a5ac598ab7a61075a53bc7828dbf4ec007b17cfeb3c88383cd?s=96&d=mm&r=g","caption":"Bjarte Hoff"},"description":"Leder av Narvik Kameraklubb. Styremedlem i NSFF, konkurranseansvarlig og \u00e5rbokredakt\u00f8r.","url":"https:\/\/nsff.no\/magasinet\/author\/bjarte\/"}]}},"_links":{"self":[{"href":"https:\/\/nsff.no\/magasinet\/wp-json\/wp\/v2\/posts\/8106","targetHints":{"allow":["GET"]}}],"collection":[{"href":"https:\/\/nsff.no\/magasinet\/wp-json\/wp\/v2\/posts"}],"about":[{"href":"https:\/\/nsff.no\/magasinet\/wp-json\/wp\/v2\/types\/post"}],"author":[{"embeddable":true,"href":"https:\/\/nsff.no\/magasinet\/wp-json\/wp\/v2\/users\/80"}],"replies":[{"embeddable":true,"href":"https:\/\/nsff.no\/magasinet\/wp-json\/wp\/v2\/comments?post=8106"}],"version-history":[{"count":3,"href":"https:\/\/nsff.no\/magasinet\/wp-json\/wp\/v2\/posts\/8106\/revisions"}],"predecessor-version":[{"id":8113,"href":"https:\/\/nsff.no\/magasinet\/wp-json\/wp\/v2\/posts\/8106\/revisions\/8113"}],"wp:featuredmedia":[{"embeddable":true,"href":"https:\/\/nsff.no\/magasinet\/wp-json\/wp\/v2\/media\/8108"}],"wp:attachment":[{"href":"https:\/\/nsff.no\/magasinet\/wp-json\/wp\/v2\/media?parent=8106"}],"wp:term":[{"taxonomy":"category","embeddable":true,"href":"https:\/\/nsff.no\/magasinet\/wp-json\/wp\/v2\/categories?post=8106"},{"taxonomy":"post_tag","embeddable":true,"href":"https:\/\/nsff.no\/magasinet\/wp-json\/wp\/v2\/tags?post=8106"}],"curies":[{"name":"wp","href":"https:\/\/api.w.org\/{rel}","templated":true}]}}