{"id":8055,"date":"2019-04-04T19:02:02","date_gmt":"2019-04-04T17:02:02","guid":{"rendered":"http:\/\/nsff.no\/magasinet\/?p=8055"},"modified":"2019-04-04T19:03:20","modified_gmt":"2019-04-04T17:03:20","slug":"inner-outfits-inntrykk-fra-en-utstillingsapning","status":"publish","type":"post","link":"https:\/\/nsff.no\/magasinet\/2019\/04\/04\/inner-outfits-inntrykk-fra-en-utstillingsapning\/","title":{"rendered":"Inner Outfits \u2013 inntrykk fra en utstillings\u00e5pning"},"content":{"rendered":"<p><strong>Krager\u00f8 Fotoklubb var invitert til \u00e5pningen av utstillingen <em>Inner Outfits<\/em> i Agder Kunstsenter s\u00f8ndag 10. mars.<\/strong><\/p>\n<p>Utstillingen var kuratert av Elisabeth Romberg, som er tilsluttet S\u00f8rlandet Kunstmuseum, og i tillegg jobber som kunstner og selvstendig kurator. Inner Outfits (<em>Indre Antrekk<\/em>) er et konsept hun har jobbet med siden 2016. I denne utstillingen har hun invitert med seg to greske kuratorer, fra Kunstakademiet i Athen. Disse har igjen plukket ut greske kunstnere som var representert p\u00e5 utstillingen.<\/p>\n<p>Tittelen Inner Outfits g\u00e5r slik jeg oppfattet det p\u00e5 en slags tolkning av &laquo;kl\u00e6r skaper folk&raquo;. Kan vi kle p\u00e5 oss en sinnsstemning? Forandres v\u00e5rt indre automatisk sammen med det ytre? Det handler om ytre manifestasjoner av indre psykologiske tilstander. Et ytre uttrykk for en indre tilstand&#8230; sier Romberg. <\/p>\n<p>Grunnen til at vi var invitert var at Romberg ogs\u00e5 hadde invitert den franske fotografen Charles Freger som deltager p\u00e5 utstillingen. Jeg siterer fra utstillinginfo&#8217;en, skrevet av Mai Linn Tronstad:<\/p>\n<blockquote><p>Charles Freger har reist Europa rundt for \u00e5 fotografere lokale, rituelle kostymer. Hans billedserie <strong>Wilder Mann<\/strong> viser hvor potent et kostyme kan v\u00e6re og hvordan det kan forandre personen som b\u00e6rer det til en annen versjon av seg selv.<\/p><\/blockquote>\n<p>Bildene hans har v\u00e6rt vist i flere internasjonale sammenhenger, blant annet i National Geographic. Han holdt selv et lite foredrag hvor han fortalte om bildene og bakgrunnen for dem. Her i Norge ville han ogs\u00e5 gjerne ta et nytt bilde til serien, og i den anledning har Elisabeth Romberg klart \u00e5 spore opp en flere hundre \u00e5r gammel &laquo;julegeit&raquo; som hun har f\u00e5tt l\u00e5ne av et museum.<br \/>\n&ndash; Dette, sier hun, er et hode av tre, skinn, h\u00e5r, bein og horn, som ble brukt n\u00e5r man gikk julebukk i gamle dager.<\/p>\n<p>If\u00f8lge Charles Freger hadde flere av disse kostymene &ndash; eller helst tradisjonen bak dem &ndash; en oppdragende effekt. Disse utkledde figurene kom p\u00e5 bes\u00f8k i hjemmet hos folk, hvor de blant annet spurte barna om hvordan de hadde oppf\u00f8rt seg i l\u00f8pet av \u00e5ret som var g\u00e5tt, om de respekterer sine foreldre og andre viktige ting. Jeg regner med at svaret fra barna stort sett var bekreftende, for mange av kostymene er ganske fryktinngytende. For sikkerhets skyld  forsikrer figurene at de kommer tilbake neste \u00e5r for \u00e5 sjekke at alt er p\u00e5 stell. Jeg tenker det ble mye snille barn rundt omkring!<\/p>\n<p>Charles Freger har over tid tatt bilder til sin samling i flere verdensdeler og etterhvert som samlingen vokser f\u00e5r han stadig invitasjoner, fordi folk blir oppmerksomme p\u00e5 prosjektet hans. Spennende! Hvis du sl\u00e5r opp <em>Charles Freger<\/em> og\/eller <em>Wilder Mann<\/em> vil du kunne se en del av bildene hans.<\/p>\n","protected":false},"excerpt":{"rendered":"<p>Krager\u00f8 Fotoklubb var invitert til \u00e5pningen av utstillingen &laquo;Inner Outfits&raquo;, med den franske fotografen Charles Freger og hans serie &laquo;Wilder Mann&raquo;.<\/p>\n","protected":false},"author":72,"featured_media":8056,"comment_status":"open","ping_status":"open","sticky":false,"template":"","format":"standard","meta":{"_et_pb_use_builder":"","_et_pb_old_content":"","_et_gb_content_width":"","footnotes":""},"categories":[91,51],"tags":[668,757,756,116,118],"class_list":["post-8055","post","type-post","status-publish","format-standard","has-post-thumbnail","hentry","category-inspirasjon","category-reisebrev","tag-668","tag-agder-kunstsenter","tag-charles-freger","tag-kragero-fotoklubb","tag-utstilling","et-has-post-format-content","et_post_format-et-post-format-standard"],"yoast_head":"<!-- This site is optimized with the Yoast SEO plugin v27.5 - https:\/\/yoast.com\/product\/yoast-seo-wordpress\/ -->\n<title>Inner Outfits \u2013 inntrykk fra en utstillings\u00e5pning - NSFF Magasin | Norsk Selskap for Fotografi<\/title>\n<meta name=\"description\" content=\"Krager\u00f8 Fotoklubb var invitert til \u00e5pningen av utstillingen &quot;Inner Outfits&quot;, med den franske fotografen Charles Freger og hans serie &quot;Wilder Mann&quot;.\" \/>\n<meta name=\"robots\" content=\"index, follow, max-snippet:-1, max-image-preview:large, max-video-preview:-1\" \/>\n<link rel=\"canonical\" href=\"https:\/\/nsff.no\/magasinet\/2019\/04\/04\/inner-outfits-inntrykk-fra-en-utstillingsapning\/\" \/>\n<meta property=\"og:locale\" content=\"nb_NO\" \/>\n<meta property=\"og:type\" content=\"article\" \/>\n<meta property=\"og:title\" content=\"Inner Outfits \u2013 inntrykk fra en utstillings\u00e5pning - NSFF Magasin | Norsk Selskap for Fotografi\" \/>\n<meta property=\"og:description\" content=\"Krager\u00f8 Fotoklubb var invitert til \u00e5pningen av utstillingen &quot;Inner Outfits&quot;, med den franske fotografen Charles Freger og hans serie &quot;Wilder Mann&quot;.\" \/>\n<meta property=\"og:url\" content=\"https:\/\/nsff.no\/magasinet\/2019\/04\/04\/inner-outfits-inntrykk-fra-en-utstillingsapning\/\" \/>\n<meta property=\"og:site_name\" content=\"NSFF Magasin | Norsk Selskap for Fotografi\" \/>\n<meta property=\"article:published_time\" content=\"2019-04-04T17:02:02+00:00\" \/>\n<meta property=\"article:modified_time\" content=\"2019-04-04T17:03:20+00:00\" \/>\n<meta property=\"og:image\" content=\"https:\/\/nsff.no\/magasinet\/wp-content\/uploads\/sites\/2\/2019\/04\/Wilder-Mann.jpg\" \/>\n\t<meta property=\"og:image:width\" content=\"1920\" \/>\n\t<meta property=\"og:image:height\" content=\"1390\" \/>\n\t<meta property=\"og:image:type\" content=\"image\/jpeg\" \/>\n<meta name=\"author\" content=\"Svein Ivar Ask\" \/>\n<meta name=\"twitter:card\" content=\"summary_large_image\" \/>\n<meta name=\"twitter:label1\" content=\"Skrevet av\" \/>\n\t<meta name=\"twitter:data1\" content=\"Svein Ivar Ask\" \/>\n\t<meta name=\"twitter:label2\" content=\"Ansl. lesetid\" \/>\n\t<meta name=\"twitter:data2\" content=\"2 minutter\" \/>\n<script type=\"application\/ld+json\" class=\"yoast-schema-graph\">{\"@context\":\"https:\\\/\\\/schema.org\",\"@graph\":[{\"@type\":\"Article\",\"@id\":\"https:\\\/\\\/nsff.no\\\/magasinet\\\/2019\\\/04\\\/04\\\/inner-outfits-inntrykk-fra-en-utstillingsapning\\\/#article\",\"isPartOf\":{\"@id\":\"https:\\\/\\\/nsff.no\\\/magasinet\\\/2019\\\/04\\\/04\\\/inner-outfits-inntrykk-fra-en-utstillingsapning\\\/\"},\"author\":{\"name\":\"Svein Ivar Ask\",\"@id\":\"https:\\\/\\\/nsff.no\\\/magasinet\\\/#\\\/schema\\\/person\\\/6083e87e403ddb6498755aed6476871a\"},\"headline\":\"Inner Outfits \u2013 inntrykk fra en utstillings\u00e5pning\",\"datePublished\":\"2019-04-04T17:02:02+00:00\",\"dateModified\":\"2019-04-04T17:03:20+00:00\",\"mainEntityOfPage\":{\"@id\":\"https:\\\/\\\/nsff.no\\\/magasinet\\\/2019\\\/04\\\/04\\\/inner-outfits-inntrykk-fra-en-utstillingsapning\\\/\"},\"wordCount\":457,\"commentCount\":0,\"publisher\":{\"@id\":\"https:\\\/\\\/nsff.no\\\/magasinet\\\/#organization\"},\"image\":{\"@id\":\"https:\\\/\\\/nsff.no\\\/magasinet\\\/2019\\\/04\\\/04\\\/inner-outfits-inntrykk-fra-en-utstillingsapning\\\/#primaryimage\"},\"thumbnailUrl\":\"https:\\\/\\\/nsff.no\\\/magasinet\\\/wp-content\\\/uploads\\\/sites\\\/2\\\/2019\\\/04\\\/Wilder-Mann.jpg\",\"keywords\":[\"2019\",\"Agder Kunstsenter\",\"Charles Freger\",\"Krager\u00f8 fotoklubb\",\"utstilling\"],\"articleSection\":[\"Inspirasjon\",\"Reisebrev\"],\"inLanguage\":\"nb-NO\",\"potentialAction\":[{\"@type\":\"CommentAction\",\"name\":\"Comment\",\"target\":[\"https:\\\/\\\/nsff.no\\\/magasinet\\\/2019\\\/04\\\/04\\\/inner-outfits-inntrykk-fra-en-utstillingsapning\\\/#respond\"]}]},{\"@type\":\"WebPage\",\"@id\":\"https:\\\/\\\/nsff.no\\\/magasinet\\\/2019\\\/04\\\/04\\\/inner-outfits-inntrykk-fra-en-utstillingsapning\\\/\",\"url\":\"https:\\\/\\\/nsff.no\\\/magasinet\\\/2019\\\/04\\\/04\\\/inner-outfits-inntrykk-fra-en-utstillingsapning\\\/\",\"name\":\"Inner Outfits \u2013 inntrykk fra en utstillings\u00e5pning - NSFF Magasin | Norsk Selskap for Fotografi\",\"isPartOf\":{\"@id\":\"https:\\\/\\\/nsff.no\\\/magasinet\\\/#website\"},\"primaryImageOfPage\":{\"@id\":\"https:\\\/\\\/nsff.no\\\/magasinet\\\/2019\\\/04\\\/04\\\/inner-outfits-inntrykk-fra-en-utstillingsapning\\\/#primaryimage\"},\"image\":{\"@id\":\"https:\\\/\\\/nsff.no\\\/magasinet\\\/2019\\\/04\\\/04\\\/inner-outfits-inntrykk-fra-en-utstillingsapning\\\/#primaryimage\"},\"thumbnailUrl\":\"https:\\\/\\\/nsff.no\\\/magasinet\\\/wp-content\\\/uploads\\\/sites\\\/2\\\/2019\\\/04\\\/Wilder-Mann.jpg\",\"datePublished\":\"2019-04-04T17:02:02+00:00\",\"dateModified\":\"2019-04-04T17:03:20+00:00\",\"description\":\"Krager\u00f8 Fotoklubb var invitert til \u00e5pningen av utstillingen \\\"Inner Outfits\\\", med den franske fotografen Charles Freger og hans serie \\\"Wilder Mann\\\".\",\"breadcrumb\":{\"@id\":\"https:\\\/\\\/nsff.no\\\/magasinet\\\/2019\\\/04\\\/04\\\/inner-outfits-inntrykk-fra-en-utstillingsapning\\\/#breadcrumb\"},\"inLanguage\":\"nb-NO\",\"potentialAction\":[{\"@type\":\"ReadAction\",\"target\":[\"https:\\\/\\\/nsff.no\\\/magasinet\\\/2019\\\/04\\\/04\\\/inner-outfits-inntrykk-fra-en-utstillingsapning\\\/\"]}]},{\"@type\":\"ImageObject\",\"inLanguage\":\"nb-NO\",\"@id\":\"https:\\\/\\\/nsff.no\\\/magasinet\\\/2019\\\/04\\\/04\\\/inner-outfits-inntrykk-fra-en-utstillingsapning\\\/#primaryimage\",\"url\":\"https:\\\/\\\/nsff.no\\\/magasinet\\\/wp-content\\\/uploads\\\/sites\\\/2\\\/2019\\\/04\\\/Wilder-Mann.jpg\",\"contentUrl\":\"https:\\\/\\\/nsff.no\\\/magasinet\\\/wp-content\\\/uploads\\\/sites\\\/2\\\/2019\\\/04\\\/Wilder-Mann.jpg\",\"width\":1920,\"height\":1390,\"caption\":\"Charles Freger og hans serie \\\"Wilder Mann\\\" (foto: Svein Ivar Ask)\"},{\"@type\":\"BreadcrumbList\",\"@id\":\"https:\\\/\\\/nsff.no\\\/magasinet\\\/2019\\\/04\\\/04\\\/inner-outfits-inntrykk-fra-en-utstillingsapning\\\/#breadcrumb\",\"itemListElement\":[{\"@type\":\"ListItem\",\"position\":1,\"name\":\"Hjem\",\"item\":\"https:\\\/\\\/nsff.no\\\/magasinet\\\/\"},{\"@type\":\"ListItem\",\"position\":2,\"name\":\"Inner Outfits \u2013 inntrykk fra en utstillings\u00e5pning\"}]},{\"@type\":\"WebSite\",\"@id\":\"https:\\\/\\\/nsff.no\\\/magasinet\\\/#website\",\"url\":\"https:\\\/\\\/nsff.no\\\/magasinet\\\/\",\"name\":\"NSFF Magasin | Norsk Selskap for Fotografi\",\"description\":\"Medlemsmagasin for film- og fotoentusiaster\",\"publisher\":{\"@id\":\"https:\\\/\\\/nsff.no\\\/magasinet\\\/#organization\"},\"potentialAction\":[{\"@type\":\"SearchAction\",\"target\":{\"@type\":\"EntryPoint\",\"urlTemplate\":\"https:\\\/\\\/nsff.no\\\/magasinet\\\/?s={search_term_string}\"},\"query-input\":{\"@type\":\"PropertyValueSpecification\",\"valueRequired\":true,\"valueName\":\"search_term_string\"}}],\"inLanguage\":\"nb-NO\"},{\"@type\":\"Organization\",\"@id\":\"https:\\\/\\\/nsff.no\\\/magasinet\\\/#organization\",\"name\":\"Norsk Selskap for Fotografo\",\"url\":\"https:\\\/\\\/nsff.no\\\/magasinet\\\/\",\"logo\":{\"@type\":\"ImageObject\",\"inLanguage\":\"nb-NO\",\"@id\":\"https:\\\/\\\/nsff.no\\\/magasinet\\\/#\\\/schema\\\/logo\\\/image\\\/\",\"url\":\"https:\\\/\\\/nsff.no\\\/magasinet\\\/wp-content\\\/uploads\\\/sites\\\/2\\\/2016\\\/05\\\/NSFF-fb-lenkebilde.png\",\"contentUrl\":\"https:\\\/\\\/nsff.no\\\/magasinet\\\/wp-content\\\/uploads\\\/sites\\\/2\\\/2016\\\/05\\\/NSFF-fb-lenkebilde.png\",\"width\":1,\"height\":1,\"caption\":\"Norsk Selskap for Fotografo\"},\"image\":{\"@id\":\"https:\\\/\\\/nsff.no\\\/magasinet\\\/#\\\/schema\\\/logo\\\/image\\\/\"}},{\"@type\":\"Person\",\"@id\":\"https:\\\/\\\/nsff.no\\\/magasinet\\\/#\\\/schema\\\/person\\\/6083e87e403ddb6498755aed6476871a\",\"name\":\"Svein Ivar Ask\",\"image\":{\"@type\":\"ImageObject\",\"inLanguage\":\"nb-NO\",\"@id\":\"https:\\\/\\\/secure.gravatar.com\\\/avatar\\\/a022ddf9c7e0eee3086c9206641702d7582591e3fbb3391e220f015cb71acf77?s=96&d=mm&r=g\",\"url\":\"https:\\\/\\\/secure.gravatar.com\\\/avatar\\\/a022ddf9c7e0eee3086c9206641702d7582591e3fbb3391e220f015cb71acf77?s=96&d=mm&r=g\",\"contentUrl\":\"https:\\\/\\\/secure.gravatar.com\\\/avatar\\\/a022ddf9c7e0eee3086c9206641702d7582591e3fbb3391e220f015cb71acf77?s=96&d=mm&r=g\",\"caption\":\"Svein Ivar Ask\"},\"description\":\"Styremedlem i Krager\u00f8 fotoklubb.\",\"sameAs\":[\"http:\\\/\\\/www.kragero.fotoklubb.weebly.com\\\/\"],\"url\":\"https:\\\/\\\/nsff.no\\\/magasinet\\\/author\\\/ask1photo\\\/\"}]}<\/script>\n<!-- \/ Yoast SEO plugin. -->","yoast_head_json":{"title":"Inner Outfits \u2013 inntrykk fra en utstillings\u00e5pning - NSFF Magasin | Norsk Selskap for Fotografi","description":"Krager\u00f8 Fotoklubb var invitert til \u00e5pningen av utstillingen \"Inner Outfits\", med den franske fotografen Charles Freger og hans serie \"Wilder Mann\".","robots":{"index":"index","follow":"follow","max-snippet":"max-snippet:-1","max-image-preview":"max-image-preview:large","max-video-preview":"max-video-preview:-1"},"canonical":"https:\/\/nsff.no\/magasinet\/2019\/04\/04\/inner-outfits-inntrykk-fra-en-utstillingsapning\/","og_locale":"nb_NO","og_type":"article","og_title":"Inner Outfits \u2013 inntrykk fra en utstillings\u00e5pning - NSFF Magasin | Norsk Selskap for Fotografi","og_description":"Krager\u00f8 Fotoklubb var invitert til \u00e5pningen av utstillingen \"Inner Outfits\", med den franske fotografen Charles Freger og hans serie \"Wilder Mann\".","og_url":"https:\/\/nsff.no\/magasinet\/2019\/04\/04\/inner-outfits-inntrykk-fra-en-utstillingsapning\/","og_site_name":"NSFF Magasin | Norsk Selskap for Fotografi","article_published_time":"2019-04-04T17:02:02+00:00","article_modified_time":"2019-04-04T17:03:20+00:00","og_image":[{"width":1920,"height":1390,"url":"https:\/\/nsff.no\/magasinet\/wp-content\/uploads\/sites\/2\/2019\/04\/Wilder-Mann.jpg","type":"image\/jpeg"}],"author":"Svein Ivar Ask","twitter_card":"summary_large_image","twitter_misc":{"Skrevet av":"Svein Ivar Ask","Ansl. lesetid":"2 minutter"},"schema":{"@context":"https:\/\/schema.org","@graph":[{"@type":"Article","@id":"https:\/\/nsff.no\/magasinet\/2019\/04\/04\/inner-outfits-inntrykk-fra-en-utstillingsapning\/#article","isPartOf":{"@id":"https:\/\/nsff.no\/magasinet\/2019\/04\/04\/inner-outfits-inntrykk-fra-en-utstillingsapning\/"},"author":{"name":"Svein Ivar Ask","@id":"https:\/\/nsff.no\/magasinet\/#\/schema\/person\/6083e87e403ddb6498755aed6476871a"},"headline":"Inner Outfits \u2013 inntrykk fra en utstillings\u00e5pning","datePublished":"2019-04-04T17:02:02+00:00","dateModified":"2019-04-04T17:03:20+00:00","mainEntityOfPage":{"@id":"https:\/\/nsff.no\/magasinet\/2019\/04\/04\/inner-outfits-inntrykk-fra-en-utstillingsapning\/"},"wordCount":457,"commentCount":0,"publisher":{"@id":"https:\/\/nsff.no\/magasinet\/#organization"},"image":{"@id":"https:\/\/nsff.no\/magasinet\/2019\/04\/04\/inner-outfits-inntrykk-fra-en-utstillingsapning\/#primaryimage"},"thumbnailUrl":"https:\/\/nsff.no\/magasinet\/wp-content\/uploads\/sites\/2\/2019\/04\/Wilder-Mann.jpg","keywords":["2019","Agder Kunstsenter","Charles Freger","Krager\u00f8 fotoklubb","utstilling"],"articleSection":["Inspirasjon","Reisebrev"],"inLanguage":"nb-NO","potentialAction":[{"@type":"CommentAction","name":"Comment","target":["https:\/\/nsff.no\/magasinet\/2019\/04\/04\/inner-outfits-inntrykk-fra-en-utstillingsapning\/#respond"]}]},{"@type":"WebPage","@id":"https:\/\/nsff.no\/magasinet\/2019\/04\/04\/inner-outfits-inntrykk-fra-en-utstillingsapning\/","url":"https:\/\/nsff.no\/magasinet\/2019\/04\/04\/inner-outfits-inntrykk-fra-en-utstillingsapning\/","name":"Inner Outfits \u2013 inntrykk fra en utstillings\u00e5pning - NSFF Magasin | Norsk Selskap for Fotografi","isPartOf":{"@id":"https:\/\/nsff.no\/magasinet\/#website"},"primaryImageOfPage":{"@id":"https:\/\/nsff.no\/magasinet\/2019\/04\/04\/inner-outfits-inntrykk-fra-en-utstillingsapning\/#primaryimage"},"image":{"@id":"https:\/\/nsff.no\/magasinet\/2019\/04\/04\/inner-outfits-inntrykk-fra-en-utstillingsapning\/#primaryimage"},"thumbnailUrl":"https:\/\/nsff.no\/magasinet\/wp-content\/uploads\/sites\/2\/2019\/04\/Wilder-Mann.jpg","datePublished":"2019-04-04T17:02:02+00:00","dateModified":"2019-04-04T17:03:20+00:00","description":"Krager\u00f8 Fotoklubb var invitert til \u00e5pningen av utstillingen \"Inner Outfits\", med den franske fotografen Charles Freger og hans serie \"Wilder Mann\".","breadcrumb":{"@id":"https:\/\/nsff.no\/magasinet\/2019\/04\/04\/inner-outfits-inntrykk-fra-en-utstillingsapning\/#breadcrumb"},"inLanguage":"nb-NO","potentialAction":[{"@type":"ReadAction","target":["https:\/\/nsff.no\/magasinet\/2019\/04\/04\/inner-outfits-inntrykk-fra-en-utstillingsapning\/"]}]},{"@type":"ImageObject","inLanguage":"nb-NO","@id":"https:\/\/nsff.no\/magasinet\/2019\/04\/04\/inner-outfits-inntrykk-fra-en-utstillingsapning\/#primaryimage","url":"https:\/\/nsff.no\/magasinet\/wp-content\/uploads\/sites\/2\/2019\/04\/Wilder-Mann.jpg","contentUrl":"https:\/\/nsff.no\/magasinet\/wp-content\/uploads\/sites\/2\/2019\/04\/Wilder-Mann.jpg","width":1920,"height":1390,"caption":"Charles Freger og hans serie \"Wilder Mann\" (foto: Svein Ivar Ask)"},{"@type":"BreadcrumbList","@id":"https:\/\/nsff.no\/magasinet\/2019\/04\/04\/inner-outfits-inntrykk-fra-en-utstillingsapning\/#breadcrumb","itemListElement":[{"@type":"ListItem","position":1,"name":"Hjem","item":"https:\/\/nsff.no\/magasinet\/"},{"@type":"ListItem","position":2,"name":"Inner Outfits \u2013 inntrykk fra en utstillings\u00e5pning"}]},{"@type":"WebSite","@id":"https:\/\/nsff.no\/magasinet\/#website","url":"https:\/\/nsff.no\/magasinet\/","name":"NSFF Magasin | Norsk Selskap for Fotografi","description":"Medlemsmagasin for film- og fotoentusiaster","publisher":{"@id":"https:\/\/nsff.no\/magasinet\/#organization"},"potentialAction":[{"@type":"SearchAction","target":{"@type":"EntryPoint","urlTemplate":"https:\/\/nsff.no\/magasinet\/?s={search_term_string}"},"query-input":{"@type":"PropertyValueSpecification","valueRequired":true,"valueName":"search_term_string"}}],"inLanguage":"nb-NO"},{"@type":"Organization","@id":"https:\/\/nsff.no\/magasinet\/#organization","name":"Norsk Selskap for Fotografo","url":"https:\/\/nsff.no\/magasinet\/","logo":{"@type":"ImageObject","inLanguage":"nb-NO","@id":"https:\/\/nsff.no\/magasinet\/#\/schema\/logo\/image\/","url":"https:\/\/nsff.no\/magasinet\/wp-content\/uploads\/sites\/2\/2016\/05\/NSFF-fb-lenkebilde.png","contentUrl":"https:\/\/nsff.no\/magasinet\/wp-content\/uploads\/sites\/2\/2016\/05\/NSFF-fb-lenkebilde.png","width":1,"height":1,"caption":"Norsk Selskap for Fotografo"},"image":{"@id":"https:\/\/nsff.no\/magasinet\/#\/schema\/logo\/image\/"}},{"@type":"Person","@id":"https:\/\/nsff.no\/magasinet\/#\/schema\/person\/6083e87e403ddb6498755aed6476871a","name":"Svein Ivar Ask","image":{"@type":"ImageObject","inLanguage":"nb-NO","@id":"https:\/\/secure.gravatar.com\/avatar\/a022ddf9c7e0eee3086c9206641702d7582591e3fbb3391e220f015cb71acf77?s=96&d=mm&r=g","url":"https:\/\/secure.gravatar.com\/avatar\/a022ddf9c7e0eee3086c9206641702d7582591e3fbb3391e220f015cb71acf77?s=96&d=mm&r=g","contentUrl":"https:\/\/secure.gravatar.com\/avatar\/a022ddf9c7e0eee3086c9206641702d7582591e3fbb3391e220f015cb71acf77?s=96&d=mm&r=g","caption":"Svein Ivar Ask"},"description":"Styremedlem i Krager\u00f8 fotoklubb.","sameAs":["http:\/\/www.kragero.fotoklubb.weebly.com\/"],"url":"https:\/\/nsff.no\/magasinet\/author\/ask1photo\/"}]}},"_links":{"self":[{"href":"https:\/\/nsff.no\/magasinet\/wp-json\/wp\/v2\/posts\/8055","targetHints":{"allow":["GET"]}}],"collection":[{"href":"https:\/\/nsff.no\/magasinet\/wp-json\/wp\/v2\/posts"}],"about":[{"href":"https:\/\/nsff.no\/magasinet\/wp-json\/wp\/v2\/types\/post"}],"author":[{"embeddable":true,"href":"https:\/\/nsff.no\/magasinet\/wp-json\/wp\/v2\/users\/72"}],"replies":[{"embeddable":true,"href":"https:\/\/nsff.no\/magasinet\/wp-json\/wp\/v2\/comments?post=8055"}],"version-history":[{"count":2,"href":"https:\/\/nsff.no\/magasinet\/wp-json\/wp\/v2\/posts\/8055\/revisions"}],"predecessor-version":[{"id":8058,"href":"https:\/\/nsff.no\/magasinet\/wp-json\/wp\/v2\/posts\/8055\/revisions\/8058"}],"wp:featuredmedia":[{"embeddable":true,"href":"https:\/\/nsff.no\/magasinet\/wp-json\/wp\/v2\/media\/8056"}],"wp:attachment":[{"href":"https:\/\/nsff.no\/magasinet\/wp-json\/wp\/v2\/media?parent=8055"}],"wp:term":[{"taxonomy":"category","embeddable":true,"href":"https:\/\/nsff.no\/magasinet\/wp-json\/wp\/v2\/categories?post=8055"},{"taxonomy":"post_tag","embeddable":true,"href":"https:\/\/nsff.no\/magasinet\/wp-json\/wp\/v2\/tags?post=8055"}],"curies":[{"name":"wp","href":"https:\/\/api.w.org\/{rel}","templated":true}]}}