{"id":7982,"date":"2019-02-22T01:59:40","date_gmt":"2019-02-22T00:59:40","guid":{"rendered":"http:\/\/nsff.no\/magasinet\/?p=7982"},"modified":"2021-07-01T22:54:34","modified_gmt":"2021-07-01T20:54:34","slug":"ungdomsprosjekt-travelling-instax","status":"publish","type":"post","link":"https:\/\/nsff.no\/magasinet\/2019\/02\/22\/ungdomsprosjekt-travelling-instax\/","title":{"rendered":"Ungdomsprosjekt: Travelling Instax"},"content":{"rendered":"<p><strong>NSFF Ungdomsutvalg har via v\u00e5r sponsor CEWE Japan Photo f\u00e5tt tre Instax-kameraer fra Fujifilm Norge. N\u00e5 kan ungdommer i din klubb f\u00e5 l\u00e5ne disse!<\/strong><\/p>\n<p>NSFF Ungdomsutvalg n\u00e5 tilby tre Fujifilm Instax-kameraer p\u00e5 utl\u00e5n. Tanken er at ungdomsmedlemmer f\u00e5r l\u00e5ne et kamera i inntil to uker, for s\u00e5 \u00e5 gi det videre til en ny deltager. N\u00e5r alle interesserte i en klubb er ferdige samler klubben kameraene inn og sender dem videre til neste klubb p\u00e5 listen.<\/p>\n<p>Dette er en gylden anledning til \u00e5 lage litt ekstra moro \u2013 hva med \u00e5 arrangere en aktivitet en l\u00f8rdag, der klubben inviterer alle lokale fotointeresserte ungdommer? Sett opp et par-tre fotostasjoner: eksempler p\u00e5 lavterskelaktivitet kan v\u00e6re portrett i naturlig lys, fotograf\u00e9r en cosplayer, fotografer ballettdansere fra det lokale dansestudioet ute p\u00e5 gata kledt i tutu, fors\u00f8k \u00e5 fotografere parkourut\u00f8vere i spranget, eller kanskje vil dere leke litt med makrofotografering av miniatyrfigurer?<\/p>\n<h2>Regler for Travelling Instax:<\/h2>\n<p>Dersom du er et ungdomsmedlem i NSFF og \u00f8nsker \u00e5 delta p\u00e5 dette, ta kontakt med klubben din og vis dem f\u00f8lgende regler. Vi sender kun ut til klubber, ikke til enkeltmedlemmer.<\/p>\n<ul>\n<li>Meld din klubb p\u00e5 til <a href=\"mailto:ungdom@nsff.no\">ungdom@nsff.no<\/a><\/li>\n<li>Angi hvor mange deltagere som er med \u2013 dette er viktig for at vi skal sende nok papir<\/li>\n<li>To ukers l\u00e5n og to pakker papir pr deltager (klubben st\u00e5r fritt til \u00e5 spandere mer papir p\u00e5 sine deltagere)<\/li>\n<li>Forsendelsen inneholder 3 kameraer, dvs. inntil tre deltagere samtidig pr to uker<\/li>\n<li>Deltagende klubber m\u00e5 bekoste forsendelse av pakken til neste klubb (Norgespakke med sporing)<\/li>\n<li>\u00d8nsker om dato for mottak av kamera oppfylles dersom mulig logistikkmessig<\/li>\n<li>Deltagerne oppfordres til \u00e5 poste bilder p\u00e5 Instagram tagget @nsffung og #nsffinstax<\/li>\n<li>Bilder som f\u00f8lger temaet &laquo;Min hverdag&raquo; kan sendes inn til NSFF (adresse nederst p\u00e5 siden) for utstilling p\u00e5 Fotografiets dag i Horten i august<\/li>\n<\/ul>\n<p><strong>Generelle sp\u00f8rsm\u00e5l omkring prosjektet, som andre ogs\u00e5 kan ha nytte av \u00e5 lese, besvares gjerne i kommentarfeltet nedenfor. Om det er sp\u00f8rsm\u00e5l som ikke \u00f8nskes publisert kan dere sende e-post til <a href=\"mailto:ungdom@nsff.no\">ungdom@nsff.no<\/a>.<\/strong><\/p>\n","protected":false},"excerpt":{"rendered":"<p>NSFF Ungdomsutvalg har f\u00e5tt tre Instax-kameraer fra Fujifilm Norge. N\u00e5 kan klubbene f\u00e5 l\u00e5ne disse! Hva med \u00e5 arrangere en l\u00f8rdagsaktivitet for fotointeresserte ungdommer?<\/p>\n","protected":false},"author":7,"featured_media":7984,"comment_status":"open","ping_status":"open","sticky":false,"template":"","format":"standard","meta":{"_et_pb_use_builder":"","_et_pb_old_content":"","_et_gb_content_width":"","footnotes":""},"categories":[64,91],"tags":[668,752,751,343,753],"class_list":["post-7982","post","type-post","status-publish","format-standard","has-post-thumbnail","hentry","category-fotoprosjekter","category-inspirasjon","tag-668","tag-kamera-pa-utlan","tag-travelling-instax","tag-ungdomsmedlem","tag-ungdomsutvalget","et-has-post-format-content","et_post_format-et-post-format-standard"],"yoast_head":"<!-- This site is optimized with the Yoast SEO plugin v27.5 - https:\/\/yoast.com\/product\/yoast-seo-wordpress\/ -->\n<title>Ungdomsprosjekt: Travelling Instax - NSFF Magasin | Norsk Selskap for Fotografi<\/title>\n<meta name=\"description\" content=\"NSFF Ungdomsutvalg har f\u00e5tt tre Instax-kameraer fra Fujifilm Norge, til utl\u00e5n hos klubbene. Hva med \u00e5 arrangere en l\u00f8rdagsaktivitet for fotointeresserte ungdommer?\" \/>\n<meta name=\"robots\" content=\"index, follow, max-snippet:-1, max-image-preview:large, max-video-preview:-1\" \/>\n<link rel=\"canonical\" href=\"https:\/\/nsff.no\/magasinet\/2019\/02\/22\/ungdomsprosjekt-travelling-instax\/\" \/>\n<meta property=\"og:locale\" content=\"nb_NO\" \/>\n<meta property=\"og:type\" content=\"article\" \/>\n<meta property=\"og:title\" content=\"Ungdomsprosjekt: Travelling Instax - NSFF Magasin | Norsk Selskap for Fotografi\" \/>\n<meta property=\"og:description\" content=\"NSFF Ungdomsutvalg har f\u00e5tt tre Instax-kameraer fra Fujifilm Norge, til utl\u00e5n hos klubbene. Hva med \u00e5 arrangere en l\u00f8rdagsaktivitet for fotointeresserte ungdommer?\" \/>\n<meta property=\"og:url\" content=\"https:\/\/nsff.no\/magasinet\/2019\/02\/22\/ungdomsprosjekt-travelling-instax\/\" \/>\n<meta property=\"og:site_name\" content=\"NSFF Magasin | Norsk Selskap for Fotografi\" \/>\n<meta property=\"article:published_time\" content=\"2019-02-22T00:59:40+00:00\" \/>\n<meta property=\"article:modified_time\" content=\"2021-07-01T20:54:34+00:00\" \/>\n<meta property=\"og:image\" content=\"https:\/\/nsff.no\/magasinet\/wp-content\/uploads\/sites\/2\/2019\/02\/instax_fb.jpg\" \/>\n\t<meta property=\"og:image:width\" content=\"1200\" \/>\n\t<meta property=\"og:image:height\" content=\"630\" \/>\n\t<meta property=\"og:image:type\" content=\"image\/jpeg\" \/>\n<meta name=\"author\" content=\"Birgit Fostervold\" \/>\n<meta name=\"twitter:card\" content=\"summary_large_image\" \/>\n<meta name=\"twitter:label1\" content=\"Skrevet av\" \/>\n\t<meta name=\"twitter:data1\" content=\"Birgit Fostervold\" \/>\n\t<meta name=\"twitter:label2\" content=\"Ansl. lesetid\" \/>\n\t<meta name=\"twitter:data2\" content=\"2 minutter\" \/>\n<script type=\"application\/ld+json\" class=\"yoast-schema-graph\">{\"@context\":\"https:\\\/\\\/schema.org\",\"@graph\":[{\"@type\":\"Article\",\"@id\":\"https:\\\/\\\/nsff.no\\\/magasinet\\\/2019\\\/02\\\/22\\\/ungdomsprosjekt-travelling-instax\\\/#article\",\"isPartOf\":{\"@id\":\"https:\\\/\\\/nsff.no\\\/magasinet\\\/2019\\\/02\\\/22\\\/ungdomsprosjekt-travelling-instax\\\/\"},\"author\":{\"name\":\"Birgit Fostervold\",\"@id\":\"https:\\\/\\\/nsff.no\\\/magasinet\\\/#\\\/schema\\\/person\\\/da041f968afa9bee0293372491a98303\"},\"headline\":\"Ungdomsprosjekt: Travelling Instax\",\"datePublished\":\"2019-02-22T00:59:40+00:00\",\"dateModified\":\"2021-07-01T20:54:34+00:00\",\"mainEntityOfPage\":{\"@id\":\"https:\\\/\\\/nsff.no\\\/magasinet\\\/2019\\\/02\\\/22\\\/ungdomsprosjekt-travelling-instax\\\/\"},\"wordCount\":348,\"commentCount\":0,\"publisher\":{\"@id\":\"https:\\\/\\\/nsff.no\\\/magasinet\\\/#organization\"},\"image\":{\"@id\":\"https:\\\/\\\/nsff.no\\\/magasinet\\\/2019\\\/02\\\/22\\\/ungdomsprosjekt-travelling-instax\\\/#primaryimage\"},\"thumbnailUrl\":\"https:\\\/\\\/nsff.no\\\/magasinet\\\/wp-content\\\/uploads\\\/sites\\\/2\\\/2019\\\/02\\\/instax.jpg\",\"keywords\":[\"2019\",\"kamera p\u00e5 utl\u00e5n\",\"Travelling Instax\",\"ungdomsmedlem\",\"ungdomsutvalget\"],\"articleSection\":[\"Fotoprosjekter\",\"Inspirasjon\"],\"inLanguage\":\"nb-NO\",\"potentialAction\":[{\"@type\":\"CommentAction\",\"name\":\"Comment\",\"target\":[\"https:\\\/\\\/nsff.no\\\/magasinet\\\/2019\\\/02\\\/22\\\/ungdomsprosjekt-travelling-instax\\\/#respond\"]}]},{\"@type\":\"WebPage\",\"@id\":\"https:\\\/\\\/nsff.no\\\/magasinet\\\/2019\\\/02\\\/22\\\/ungdomsprosjekt-travelling-instax\\\/\",\"url\":\"https:\\\/\\\/nsff.no\\\/magasinet\\\/2019\\\/02\\\/22\\\/ungdomsprosjekt-travelling-instax\\\/\",\"name\":\"Ungdomsprosjekt: Travelling Instax - NSFF Magasin | Norsk Selskap for Fotografi\",\"isPartOf\":{\"@id\":\"https:\\\/\\\/nsff.no\\\/magasinet\\\/#website\"},\"primaryImageOfPage\":{\"@id\":\"https:\\\/\\\/nsff.no\\\/magasinet\\\/2019\\\/02\\\/22\\\/ungdomsprosjekt-travelling-instax\\\/#primaryimage\"},\"image\":{\"@id\":\"https:\\\/\\\/nsff.no\\\/magasinet\\\/2019\\\/02\\\/22\\\/ungdomsprosjekt-travelling-instax\\\/#primaryimage\"},\"thumbnailUrl\":\"https:\\\/\\\/nsff.no\\\/magasinet\\\/wp-content\\\/uploads\\\/sites\\\/2\\\/2019\\\/02\\\/instax.jpg\",\"datePublished\":\"2019-02-22T00:59:40+00:00\",\"dateModified\":\"2021-07-01T20:54:34+00:00\",\"description\":\"NSFF Ungdomsutvalg har f\u00e5tt tre Instax-kameraer fra Fujifilm Norge, til utl\u00e5n hos klubbene. Hva med \u00e5 arrangere en l\u00f8rdagsaktivitet for fotointeresserte ungdommer?\",\"breadcrumb\":{\"@id\":\"https:\\\/\\\/nsff.no\\\/magasinet\\\/2019\\\/02\\\/22\\\/ungdomsprosjekt-travelling-instax\\\/#breadcrumb\"},\"inLanguage\":\"nb-NO\",\"potentialAction\":[{\"@type\":\"ReadAction\",\"target\":[\"https:\\\/\\\/nsff.no\\\/magasinet\\\/2019\\\/02\\\/22\\\/ungdomsprosjekt-travelling-instax\\\/\"]}]},{\"@type\":\"ImageObject\",\"inLanguage\":\"nb-NO\",\"@id\":\"https:\\\/\\\/nsff.no\\\/magasinet\\\/2019\\\/02\\\/22\\\/ungdomsprosjekt-travelling-instax\\\/#primaryimage\",\"url\":\"https:\\\/\\\/nsff.no\\\/magasinet\\\/wp-content\\\/uploads\\\/sites\\\/2\\\/2019\\\/02\\\/instax.jpg\",\"contentUrl\":\"https:\\\/\\\/nsff.no\\\/magasinet\\\/wp-content\\\/uploads\\\/sites\\\/2\\\/2019\\\/02\\\/instax.jpg\",\"width\":926,\"height\":556,\"caption\":\"Travelling Instax\"},{\"@type\":\"BreadcrumbList\",\"@id\":\"https:\\\/\\\/nsff.no\\\/magasinet\\\/2019\\\/02\\\/22\\\/ungdomsprosjekt-travelling-instax\\\/#breadcrumb\",\"itemListElement\":[{\"@type\":\"ListItem\",\"position\":1,\"name\":\"Hjem\",\"item\":\"https:\\\/\\\/nsff.no\\\/magasinet\\\/\"},{\"@type\":\"ListItem\",\"position\":2,\"name\":\"Ungdomsprosjekt: Travelling Instax\"}]},{\"@type\":\"WebSite\",\"@id\":\"https:\\\/\\\/nsff.no\\\/magasinet\\\/#website\",\"url\":\"https:\\\/\\\/nsff.no\\\/magasinet\\\/\",\"name\":\"NSFF Magasin | Norsk Selskap for Fotografi\",\"description\":\"Medlemsmagasin for film- og fotoentusiaster\",\"publisher\":{\"@id\":\"https:\\\/\\\/nsff.no\\\/magasinet\\\/#organization\"},\"potentialAction\":[{\"@type\":\"SearchAction\",\"target\":{\"@type\":\"EntryPoint\",\"urlTemplate\":\"https:\\\/\\\/nsff.no\\\/magasinet\\\/?s={search_term_string}\"},\"query-input\":{\"@type\":\"PropertyValueSpecification\",\"valueRequired\":true,\"valueName\":\"search_term_string\"}}],\"inLanguage\":\"nb-NO\"},{\"@type\":\"Organization\",\"@id\":\"https:\\\/\\\/nsff.no\\\/magasinet\\\/#organization\",\"name\":\"Norsk Selskap for Fotografo\",\"url\":\"https:\\\/\\\/nsff.no\\\/magasinet\\\/\",\"logo\":{\"@type\":\"ImageObject\",\"inLanguage\":\"nb-NO\",\"@id\":\"https:\\\/\\\/nsff.no\\\/magasinet\\\/#\\\/schema\\\/logo\\\/image\\\/\",\"url\":\"https:\\\/\\\/nsff.no\\\/magasinet\\\/wp-content\\\/uploads\\\/sites\\\/2\\\/2016\\\/05\\\/NSFF-fb-lenkebilde.png\",\"contentUrl\":\"https:\\\/\\\/nsff.no\\\/magasinet\\\/wp-content\\\/uploads\\\/sites\\\/2\\\/2016\\\/05\\\/NSFF-fb-lenkebilde.png\",\"width\":1,\"height\":1,\"caption\":\"Norsk Selskap for Fotografo\"},\"image\":{\"@id\":\"https:\\\/\\\/nsff.no\\\/magasinet\\\/#\\\/schema\\\/logo\\\/image\\\/\"}},{\"@type\":\"Person\",\"@id\":\"https:\\\/\\\/nsff.no\\\/magasinet\\\/#\\\/schema\\\/person\\\/da041f968afa9bee0293372491a98303\",\"name\":\"Birgit Fostervold\",\"image\":{\"@type\":\"ImageObject\",\"inLanguage\":\"nb-NO\",\"@id\":\"https:\\\/\\\/secure.gravatar.com\\\/avatar\\\/d8b31664a01c80eecbf53f36dc41fa676bbfe7c78cb2391937a62f88da897950?s=96&d=mm&r=g\",\"url\":\"https:\\\/\\\/secure.gravatar.com\\\/avatar\\\/d8b31664a01c80eecbf53f36dc41fa676bbfe7c78cb2391937a62f88da897950?s=96&d=mm&r=g\",\"contentUrl\":\"https:\\\/\\\/secure.gravatar.com\\\/avatar\\\/d8b31664a01c80eecbf53f36dc41fa676bbfe7c78cb2391937a62f88da897950?s=96&d=mm&r=g\",\"caption\":\"Birgit Fostervold\"},\"description\":\"EsNSFF, HonENFFF, medlem i Homborsund fotoklubb og Arendal fotoklubb. Styremedlem NSFF, Nordisk Forbund for Fotografi og Norsk Naturfotofestival. Tidl. nestleder og konst.leder NSFF (2017\u201322), tidl. redakt\u00f8r for NSFF Magasin (2016\u201322).\",\"sameAs\":[\"https:\\\/\\\/lensbirdie.no\",\"https:\\\/\\\/instagram.com\\\/knipselyst\\\/\"],\"url\":\"https:\\\/\\\/nsff.no\\\/magasinet\\\/author\\\/birgitf\\\/\"}]}<\/script>\n<!-- \/ Yoast SEO plugin. -->","yoast_head_json":{"title":"Ungdomsprosjekt: Travelling Instax - NSFF Magasin | Norsk Selskap for Fotografi","description":"NSFF Ungdomsutvalg har f\u00e5tt tre Instax-kameraer fra Fujifilm Norge, til utl\u00e5n hos klubbene. Hva med \u00e5 arrangere en l\u00f8rdagsaktivitet for fotointeresserte ungdommer?","robots":{"index":"index","follow":"follow","max-snippet":"max-snippet:-1","max-image-preview":"max-image-preview:large","max-video-preview":"max-video-preview:-1"},"canonical":"https:\/\/nsff.no\/magasinet\/2019\/02\/22\/ungdomsprosjekt-travelling-instax\/","og_locale":"nb_NO","og_type":"article","og_title":"Ungdomsprosjekt: Travelling Instax - NSFF Magasin | Norsk Selskap for Fotografi","og_description":"NSFF Ungdomsutvalg har f\u00e5tt tre Instax-kameraer fra Fujifilm Norge, til utl\u00e5n hos klubbene. Hva med \u00e5 arrangere en l\u00f8rdagsaktivitet for fotointeresserte ungdommer?","og_url":"https:\/\/nsff.no\/magasinet\/2019\/02\/22\/ungdomsprosjekt-travelling-instax\/","og_site_name":"NSFF Magasin | Norsk Selskap for Fotografi","article_published_time":"2019-02-22T00:59:40+00:00","article_modified_time":"2021-07-01T20:54:34+00:00","og_image":[{"width":1200,"height":630,"url":"https:\/\/nsff.no\/magasinet\/wp-content\/uploads\/sites\/2\/2019\/02\/instax_fb.jpg","type":"image\/jpeg"}],"author":"Birgit Fostervold","twitter_card":"summary_large_image","twitter_misc":{"Skrevet av":"Birgit Fostervold","Ansl. lesetid":"2 minutter"},"schema":{"@context":"https:\/\/schema.org","@graph":[{"@type":"Article","@id":"https:\/\/nsff.no\/magasinet\/2019\/02\/22\/ungdomsprosjekt-travelling-instax\/#article","isPartOf":{"@id":"https:\/\/nsff.no\/magasinet\/2019\/02\/22\/ungdomsprosjekt-travelling-instax\/"},"author":{"name":"Birgit Fostervold","@id":"https:\/\/nsff.no\/magasinet\/#\/schema\/person\/da041f968afa9bee0293372491a98303"},"headline":"Ungdomsprosjekt: Travelling Instax","datePublished":"2019-02-22T00:59:40+00:00","dateModified":"2021-07-01T20:54:34+00:00","mainEntityOfPage":{"@id":"https:\/\/nsff.no\/magasinet\/2019\/02\/22\/ungdomsprosjekt-travelling-instax\/"},"wordCount":348,"commentCount":0,"publisher":{"@id":"https:\/\/nsff.no\/magasinet\/#organization"},"image":{"@id":"https:\/\/nsff.no\/magasinet\/2019\/02\/22\/ungdomsprosjekt-travelling-instax\/#primaryimage"},"thumbnailUrl":"https:\/\/nsff.no\/magasinet\/wp-content\/uploads\/sites\/2\/2019\/02\/instax.jpg","keywords":["2019","kamera p\u00e5 utl\u00e5n","Travelling Instax","ungdomsmedlem","ungdomsutvalget"],"articleSection":["Fotoprosjekter","Inspirasjon"],"inLanguage":"nb-NO","potentialAction":[{"@type":"CommentAction","name":"Comment","target":["https:\/\/nsff.no\/magasinet\/2019\/02\/22\/ungdomsprosjekt-travelling-instax\/#respond"]}]},{"@type":"WebPage","@id":"https:\/\/nsff.no\/magasinet\/2019\/02\/22\/ungdomsprosjekt-travelling-instax\/","url":"https:\/\/nsff.no\/magasinet\/2019\/02\/22\/ungdomsprosjekt-travelling-instax\/","name":"Ungdomsprosjekt: Travelling Instax - NSFF Magasin | Norsk Selskap for Fotografi","isPartOf":{"@id":"https:\/\/nsff.no\/magasinet\/#website"},"primaryImageOfPage":{"@id":"https:\/\/nsff.no\/magasinet\/2019\/02\/22\/ungdomsprosjekt-travelling-instax\/#primaryimage"},"image":{"@id":"https:\/\/nsff.no\/magasinet\/2019\/02\/22\/ungdomsprosjekt-travelling-instax\/#primaryimage"},"thumbnailUrl":"https:\/\/nsff.no\/magasinet\/wp-content\/uploads\/sites\/2\/2019\/02\/instax.jpg","datePublished":"2019-02-22T00:59:40+00:00","dateModified":"2021-07-01T20:54:34+00:00","description":"NSFF Ungdomsutvalg har f\u00e5tt tre Instax-kameraer fra Fujifilm Norge, til utl\u00e5n hos klubbene. Hva med \u00e5 arrangere en l\u00f8rdagsaktivitet for fotointeresserte ungdommer?","breadcrumb":{"@id":"https:\/\/nsff.no\/magasinet\/2019\/02\/22\/ungdomsprosjekt-travelling-instax\/#breadcrumb"},"inLanguage":"nb-NO","potentialAction":[{"@type":"ReadAction","target":["https:\/\/nsff.no\/magasinet\/2019\/02\/22\/ungdomsprosjekt-travelling-instax\/"]}]},{"@type":"ImageObject","inLanguage":"nb-NO","@id":"https:\/\/nsff.no\/magasinet\/2019\/02\/22\/ungdomsprosjekt-travelling-instax\/#primaryimage","url":"https:\/\/nsff.no\/magasinet\/wp-content\/uploads\/sites\/2\/2019\/02\/instax.jpg","contentUrl":"https:\/\/nsff.no\/magasinet\/wp-content\/uploads\/sites\/2\/2019\/02\/instax.jpg","width":926,"height":556,"caption":"Travelling Instax"},{"@type":"BreadcrumbList","@id":"https:\/\/nsff.no\/magasinet\/2019\/02\/22\/ungdomsprosjekt-travelling-instax\/#breadcrumb","itemListElement":[{"@type":"ListItem","position":1,"name":"Hjem","item":"https:\/\/nsff.no\/magasinet\/"},{"@type":"ListItem","position":2,"name":"Ungdomsprosjekt: Travelling Instax"}]},{"@type":"WebSite","@id":"https:\/\/nsff.no\/magasinet\/#website","url":"https:\/\/nsff.no\/magasinet\/","name":"NSFF Magasin | Norsk Selskap for Fotografi","description":"Medlemsmagasin for film- og fotoentusiaster","publisher":{"@id":"https:\/\/nsff.no\/magasinet\/#organization"},"potentialAction":[{"@type":"SearchAction","target":{"@type":"EntryPoint","urlTemplate":"https:\/\/nsff.no\/magasinet\/?s={search_term_string}"},"query-input":{"@type":"PropertyValueSpecification","valueRequired":true,"valueName":"search_term_string"}}],"inLanguage":"nb-NO"},{"@type":"Organization","@id":"https:\/\/nsff.no\/magasinet\/#organization","name":"Norsk Selskap for Fotografo","url":"https:\/\/nsff.no\/magasinet\/","logo":{"@type":"ImageObject","inLanguage":"nb-NO","@id":"https:\/\/nsff.no\/magasinet\/#\/schema\/logo\/image\/","url":"https:\/\/nsff.no\/magasinet\/wp-content\/uploads\/sites\/2\/2016\/05\/NSFF-fb-lenkebilde.png","contentUrl":"https:\/\/nsff.no\/magasinet\/wp-content\/uploads\/sites\/2\/2016\/05\/NSFF-fb-lenkebilde.png","width":1,"height":1,"caption":"Norsk Selskap for Fotografo"},"image":{"@id":"https:\/\/nsff.no\/magasinet\/#\/schema\/logo\/image\/"}},{"@type":"Person","@id":"https:\/\/nsff.no\/magasinet\/#\/schema\/person\/da041f968afa9bee0293372491a98303","name":"Birgit Fostervold","image":{"@type":"ImageObject","inLanguage":"nb-NO","@id":"https:\/\/secure.gravatar.com\/avatar\/d8b31664a01c80eecbf53f36dc41fa676bbfe7c78cb2391937a62f88da897950?s=96&d=mm&r=g","url":"https:\/\/secure.gravatar.com\/avatar\/d8b31664a01c80eecbf53f36dc41fa676bbfe7c78cb2391937a62f88da897950?s=96&d=mm&r=g","contentUrl":"https:\/\/secure.gravatar.com\/avatar\/d8b31664a01c80eecbf53f36dc41fa676bbfe7c78cb2391937a62f88da897950?s=96&d=mm&r=g","caption":"Birgit Fostervold"},"description":"EsNSFF, HonENFFF, medlem i Homborsund fotoklubb og Arendal fotoklubb. Styremedlem NSFF, Nordisk Forbund for Fotografi og Norsk Naturfotofestival. Tidl. nestleder og konst.leder NSFF (2017\u201322), tidl. redakt\u00f8r for NSFF Magasin (2016\u201322).","sameAs":["https:\/\/lensbirdie.no","https:\/\/instagram.com\/knipselyst\/"],"url":"https:\/\/nsff.no\/magasinet\/author\/birgitf\/"}]}},"_links":{"self":[{"href":"https:\/\/nsff.no\/magasinet\/wp-json\/wp\/v2\/posts\/7982","targetHints":{"allow":["GET"]}}],"collection":[{"href":"https:\/\/nsff.no\/magasinet\/wp-json\/wp\/v2\/posts"}],"about":[{"href":"https:\/\/nsff.no\/magasinet\/wp-json\/wp\/v2\/types\/post"}],"author":[{"embeddable":true,"href":"https:\/\/nsff.no\/magasinet\/wp-json\/wp\/v2\/users\/7"}],"replies":[{"embeddable":true,"href":"https:\/\/nsff.no\/magasinet\/wp-json\/wp\/v2\/comments?post=7982"}],"version-history":[{"count":13,"href":"https:\/\/nsff.no\/magasinet\/wp-json\/wp\/v2\/posts\/7982\/revisions"}],"predecessor-version":[{"id":8901,"href":"https:\/\/nsff.no\/magasinet\/wp-json\/wp\/v2\/posts\/7982\/revisions\/8901"}],"wp:featuredmedia":[{"embeddable":true,"href":"https:\/\/nsff.no\/magasinet\/wp-json\/wp\/v2\/media\/7984"}],"wp:attachment":[{"href":"https:\/\/nsff.no\/magasinet\/wp-json\/wp\/v2\/media?parent=7982"}],"wp:term":[{"taxonomy":"category","embeddable":true,"href":"https:\/\/nsff.no\/magasinet\/wp-json\/wp\/v2\/categories?post=7982"},{"taxonomy":"post_tag","embeddable":true,"href":"https:\/\/nsff.no\/magasinet\/wp-json\/wp\/v2\/tags?post=7982"}],"curies":[{"name":"wp","href":"https:\/\/api.w.org\/{rel}","templated":true}]}}