{"id":7937,"date":"2019-02-19T12:05:55","date_gmt":"2019-02-19T11:05:55","guid":{"rendered":"http:\/\/nsff.no\/magasinet\/?p=7937"},"modified":"2019-12-02T00:24:16","modified_gmt":"2019-12-01T23:24:16","slug":"lillesand-fotoklubb-soker-unge-fotointeresserte","status":"publish","type":"post","link":"https:\/\/nsff.no\/magasinet\/2019\/02\/19\/lillesand-fotoklubb-soker-unge-fotointeresserte\/","title":{"rendered":"Lillesand Fotoklubb s\u00f8ker unge fotointeresserte!"},"content":{"rendered":"<p>[et_pb_section bb_built=&raquo;1&#8243;][et_pb_row][et_pb_column type=&raquo;4_4&#8243;][et_pb_text _builder_version=&raquo;3.19.16&#8243;]<\/p>\n<p><strong>Les hvordan et &laquo;spark bak&raquo; i forbindelse med en skoleoppgave fikk Lillesand fotoklubb til \u00e5 hive seg rundt og gj\u00f8re alvor av ungdomssatsing.<\/strong> <\/p>\n<p>I midten av januar fikk Lillesand fotoklubb en henvendelse fra journaliststudent Stine Nilsen fra NLA Medieh\u00f8yskolen i Kristiansand. Hun \u00f8nsket \u00e5 komme i kontakt med unge med interesse for foto, som var villige til \u00e5 svare p\u00e5 noen sp\u00f8rsm\u00e5l. Stine skulle lage en reportasje om \u00abdet perfekte bildet\u00bb med tanke p\u00e5 at det florere mange gode bilder p\u00e5 instagram sammenlignet med bare for noen f\u00e5 \u00e5r siden. F\u00f8ler unge i dag seg presset til \u00e5 levere det perfekte bildet p\u00e5 sosiale medier? Reportasjen skulle publiseres p\u00e5 sornett.no og i ungdomsmagasinet UM.A. som blir distribuert til flere ungdomskoler i Kristiansand. <\/p>\n<p>Lillesand Fotoklubb har rundt 30 medlemmer og gjennomsnittsalderen er relativt h\u00f8y. Rekruttering, og da s\u00e6rlig blant de unge, har v\u00e6rt et tema p\u00e5 styrem\u00f8ter og medlemsm\u00f8ter i den siste tiden, s\u00e5 da henvendelsen kom grep vi muligheten. Etter iherdig telefon- og mailkorrespondanse ble det utarbeidet et arrangement som ble publisert p\u00e5 sosiale medier. Vi \u00f8nsket velkommen til ungdom fra Lillesand og omegn med fotointeresse til et ungdomstreff i regi Lillesand Fotoklubb. Hensikten med m\u00f8tet var og sonderer interessen f\u00e5r \u00e5 opprette en ungdomsgruppe, samt samle mulige intervjuobjekter til Stine Nilsen. Vi oppfordret henne til \u00e5 fortelle litt om utdannelsen hun tar og presentere innfallsvinkelen til reportasjen sin. <\/p>\n<p>I dagene som fulgte delte vi arrangementet i diverse kanaler og det tok ikke lang tid f\u00f8r vi fikk henvendelse fra Radio L, den lokale radiostasjonen, som \u00f8nsket et intervju om saken. Undertegnede stilte opp og forklarte konseptet, fortalte om klubben og \u00f8nsket velkommen til alle unge som hadde lyst. Vi tok direkte kontakt med M\u00f8glestu videreg\u00e5ende skole og fikk hjelp av l\u00e6reren p\u00e5 &laquo;Media og kommunikasjon&raquo; til \u00e5 pitsje ideen for elevene.<\/p>\n<p>[\/et_pb_text][\/et_pb_column][\/et_pb_row][et_pb_row][et_pb_column type=&raquo;1_2&#8243;][et_pb_text _builder_version=&raquo;3.19.16&#8243;]<\/p>\n<p>Responsen vi fikk ble h\u00f8yere enn forventet og vi duket til m\u00f8te i p\u00e5f\u00f8lgende uke. Erfaringene viser at antall interesserte ofte er h\u00f8yere enn faktisk oppm\u00f8te, s\u00e5 vi var ikke overrasket da det kom to unge fra klubben og fire nye ansikt. Skal vi lese interessen for fotoklubb for unge i Lillesand ut ifra responsen p\u00e5 arrangementet, s\u00e5 har vi et godt grunnlag for \u00e5 sette i gang.<\/p>\n<p>M\u00f8tet ble gjennomf\u00f8rt som planlagt, med Stines intervju og en lengre samtale rundt ideen om \u00e5 starte ungdomsgruppe innad i klubben. Vi satte pris p\u00e5 input fra v\u00e5re fremm\u00f8tte medlemmer som fortalte om milj\u00f8et i klubben og alt det g\u00f8ye vi holder p\u00e5 med. Lederen i klubben, Roar Engen, presenterte klubben slik den er i dag, og fortalte om muligheten for videreutvikling av klubben innenfor b\u00e5de foto og film. De fremm\u00f8tte var positive til ideen og vi konkluderte med at dette var liv laga.<\/p>\n<p>Vi er veldig positive til fortsettelsen, til mulig samarbeid med Stine, videre oppf\u00f8lging via Radio L, og til et endelig resultat hvor ungdommen kan v\u00e6re med p\u00e5 og p\u00e5virke produktet.<\/p>\n<p><em>Bildet i toppen: Fra treff i biblioteket til Hotel Norge i Lillesand, med hensikt \u00e5 m\u00e5le responsen p\u00e5 \u00e5 opprette en ungdomsgruppe i Lillesand Fotoklubb. Ytterst til h\u00f8yre klubbleder Roar Engen.<\/em><\/p>\n<p>[\/et_pb_text][\/et_pb_column][et_pb_column type=&raquo;1_2&#8243;][et_pb_image _builder_version=&raquo;3.19.15&#8243; src=&raquo;http:\/\/nsff.no\/magasinet\/wp-content\/uploads\/sites\/2\/2019\/02\/lillesand_ungdom2.jpg&raquo; show_in_lightbox=&raquo;on&raquo; alt=&raquo;Hege \u00d8deg\u00e5rd (t.v.) var p\u00e5 bes\u00f8k hos Solveig Heldal i Radio L for \u00e5 fortelle om ungdomstreffet.&raquo; title_text=&raquo;Hege \u00d8deg\u00e5rd (t.v.) var p\u00e5 bes\u00f8k hos Solveig Heldal i Radio L for \u00e5 fortelle om ungdomstreffet.&raquo; \/][\/et_pb_column][\/et_pb_row][\/et_pb_section]<\/p>\n","protected":false},"excerpt":{"rendered":"<p>Les hvordan et &laquo;spark bak&raquo; i forbindelse med en skoleoppgave fikk Lillesand fotoklubb til \u00e5 hive seg rundt og gj\u00f8re alvor av ungdomssatsing.<\/p>\n","protected":false},"author":81,"featured_media":7939,"comment_status":"open","ping_status":"open","sticky":false,"template":"","format":"standard","meta":{"_et_pb_use_builder":"on","_et_pb_old_content":"<p><strong>Les hvordan et \"spark bak\" i forbindelse med en skoleoppgave fikk Lillesand fotoklubb til \u00e5 hive seg rundt og gj\u00f8re alvor av ungdomssatsing.<\/strong><\/p><p>I midten av januar fikk Lillesand fotoklubb en henvendelse fra journaliststudent Stine Nilsen fra NLA Medieh\u00f8yskolen i Kristiansand. Hun \u00f8nsket \u00e5 komme i kontakt med unge med interesse for foto, som var villige til \u00e5 svare p\u00e5 noen sp\u00f8rsm\u00e5l. Stine skulle lage en reportasje om \u00abdet perfekte bildet\u00bb med tanke p\u00e5 at det florere mange gode bilder p\u00e5 instagram sammenlignet med bare for noen f\u00e5 \u00e5r siden. F\u00f8ler unge i dag seg presset til \u00e5 levere det perfekte bildet p\u00e5 sosiale medier? Reportasjen skulle publiseres p\u00e5 sornett.no og i ungdomsmagasinet UM.A. som blir distribuert til flere ungdomskoler i Kristiansand.<\/p><p>Lillesand Fotoklubb har rundt 30 medlemmer og gjennomsnittsalderen er relativt h\u00f8y. Rekruttering, og da s\u00e6rlig blant de unge, har v\u00e6rt et tema p\u00e5 styrem\u00f8ter og medlemsm\u00f8ter i den siste tiden, s\u00e5 da henvendelsen kom grep vi muligheten. Etter iherdig telefon- og mailkorrespondanse ble det utarbeidet et arrangement som ble publisert p\u00e5 sosiale medier. Vi \u00f8nsket velkommen til ungdom fra Lillesand og omegn med fotointeresse til et ungdomstreff i regi Lillesand Fotoklubb. Hensikten med m\u00f8tet var og sonderer interessen f\u00e5r \u00e5 opprette en ungdomsgruppe, samt samle mulige intervjuobjekter til Stine Nilsen. Vi oppfordret henne til \u00e5 fortelle litt om utdannelsen hun tar og presentere innfallsvinkelen til reportasjen sin.<\/p><p>I dagene som fulgte delte vi arrangementet i diverse kanaler og det tok ikke lang tid f\u00f8r vi fikk henvendelse fra Radio L, den lokale radiostasjonen, som \u00f8nsket et intervju om saken. Undertegnede stilte opp og forklarte konseptet, fortalte om klubben og \u00f8nsket velkommen til alle unge som hadde lyst. Vi tok direkte kontakt med M\u00f8glestu videreg\u00e5ende skole og fikk hjelp av l\u00e6reren p\u00e5 \u00abMedia og kommunikasjon\u00bb til \u00e5 pitsje ideen for elevene.Hege \u00d8deg\u00e5rd (t.v.) var p\u00e5 bes\u00f8k hos Solveig Heldal i Radio L for \u00e5 fortelle om ungdomstreffet.<\/p>","_et_gb_content_width":"","footnotes":""},"categories":[9,90],"tags":[668,695,622],"class_list":["post-7937","post","type-post","status-publish","format-standard","has-post-thumbnail","hentry","category-klubb","category-presentasjoner","tag-668","tag-lillesand-fotoklubb","tag-ungdom","et-has-post-format-content","et_post_format-et-post-format-standard"],"yoast_head":"<!-- This site is optimized with the Yoast SEO plugin v27.5 - https:\/\/yoast.com\/product\/yoast-seo-wordpress\/ -->\n<title>Lillesand Fotoklubb s\u00f8ker unge fotointeresserte! - NSFF Magasin | Norsk Selskap for Fotografi<\/title>\n<meta name=\"description\" content=\"Les hvordan et &quot;spark bak&quot; i forbindelse med en skoleoppgave fikk Lillesand fotoklubb til \u00e5 hive seg rundt og gj\u00f8re alvor av ungdomssatsing.\" \/>\n<meta name=\"robots\" content=\"index, follow, max-snippet:-1, max-image-preview:large, max-video-preview:-1\" \/>\n<link rel=\"canonical\" href=\"https:\/\/nsff.no\/magasinet\/2019\/02\/19\/lillesand-fotoklubb-soker-unge-fotointeresserte\/\" \/>\n<meta property=\"og:locale\" content=\"nb_NO\" \/>\n<meta property=\"og:type\" content=\"article\" \/>\n<meta property=\"og:title\" content=\"Lillesand Fotoklubb s\u00f8ker unge fotointeresserte! - NSFF Magasin | Norsk Selskap for Fotografi\" \/>\n<meta property=\"og:description\" content=\"Les hvordan et &quot;spark bak&quot; i forbindelse med en skoleoppgave fikk Lillesand fotoklubb til \u00e5 hive seg rundt og gj\u00f8re alvor av ungdomssatsing.\" \/>\n<meta property=\"og:url\" content=\"https:\/\/nsff.no\/magasinet\/2019\/02\/19\/lillesand-fotoklubb-soker-unge-fotointeresserte\/\" \/>\n<meta property=\"og:site_name\" content=\"NSFF Magasin | Norsk Selskap for Fotografi\" \/>\n<meta property=\"article:published_time\" content=\"2019-02-19T11:05:55+00:00\" \/>\n<meta property=\"article:modified_time\" content=\"2019-12-01T23:24:16+00:00\" \/>\n<meta property=\"og:image\" content=\"https:\/\/nsff.no\/magasinet\/wp-content\/uploads\/sites\/2\/2019\/02\/lillesand_ungdom1.jpg\" \/>\n\t<meta property=\"og:image:width\" content=\"1920\" \/>\n\t<meta property=\"og:image:height\" content=\"1080\" \/>\n\t<meta property=\"og:image:type\" content=\"image\/jpeg\" \/>\n<meta name=\"author\" content=\"Hege \u00d8deg\u00e5rd\" \/>\n<meta name=\"twitter:card\" content=\"summary_large_image\" \/>\n<meta name=\"twitter:label1\" content=\"Skrevet av\" \/>\n\t<meta name=\"twitter:data1\" content=\"Hege \u00d8deg\u00e5rd\" \/>\n\t<meta name=\"twitter:label2\" content=\"Ansl. lesetid\" \/>\n\t<meta name=\"twitter:data2\" content=\"3 minutter\" \/>\n<script type=\"application\/ld+json\" class=\"yoast-schema-graph\">{\"@context\":\"https:\\\/\\\/schema.org\",\"@graph\":[{\"@type\":\"Article\",\"@id\":\"https:\\\/\\\/nsff.no\\\/magasinet\\\/2019\\\/02\\\/19\\\/lillesand-fotoklubb-soker-unge-fotointeresserte\\\/#article\",\"isPartOf\":{\"@id\":\"https:\\\/\\\/nsff.no\\\/magasinet\\\/2019\\\/02\\\/19\\\/lillesand-fotoklubb-soker-unge-fotointeresserte\\\/\"},\"author\":{\"name\":\"Hege \u00d8deg\u00e5rd\",\"@id\":\"https:\\\/\\\/nsff.no\\\/magasinet\\\/#\\\/schema\\\/person\\\/997fdb726e093a9d96aa3b4eaac414c2\"},\"headline\":\"Lillesand Fotoklubb s\u00f8ker unge fotointeresserte!\",\"datePublished\":\"2019-02-19T11:05:55+00:00\",\"dateModified\":\"2019-12-01T23:24:16+00:00\",\"mainEntityOfPage\":{\"@id\":\"https:\\\/\\\/nsff.no\\\/magasinet\\\/2019\\\/02\\\/19\\\/lillesand-fotoklubb-soker-unge-fotointeresserte\\\/\"},\"wordCount\":664,\"commentCount\":0,\"publisher\":{\"@id\":\"https:\\\/\\\/nsff.no\\\/magasinet\\\/#organization\"},\"image\":{\"@id\":\"https:\\\/\\\/nsff.no\\\/magasinet\\\/2019\\\/02\\\/19\\\/lillesand-fotoklubb-soker-unge-fotointeresserte\\\/#primaryimage\"},\"thumbnailUrl\":\"https:\\\/\\\/nsff.no\\\/magasinet\\\/wp-content\\\/uploads\\\/sites\\\/2\\\/2019\\\/02\\\/lillesand_ungdom1.jpg\",\"keywords\":[\"2019\",\"Lillesand fotoklubb\",\"ungdom\"],\"articleSection\":[\"Klubb\",\"Presentasjoner\"],\"inLanguage\":\"nb-NO\",\"potentialAction\":[{\"@type\":\"CommentAction\",\"name\":\"Comment\",\"target\":[\"https:\\\/\\\/nsff.no\\\/magasinet\\\/2019\\\/02\\\/19\\\/lillesand-fotoklubb-soker-unge-fotointeresserte\\\/#respond\"]}]},{\"@type\":\"WebPage\",\"@id\":\"https:\\\/\\\/nsff.no\\\/magasinet\\\/2019\\\/02\\\/19\\\/lillesand-fotoklubb-soker-unge-fotointeresserte\\\/\",\"url\":\"https:\\\/\\\/nsff.no\\\/magasinet\\\/2019\\\/02\\\/19\\\/lillesand-fotoklubb-soker-unge-fotointeresserte\\\/\",\"name\":\"Lillesand Fotoklubb s\u00f8ker unge fotointeresserte! - NSFF Magasin | Norsk Selskap for Fotografi\",\"isPartOf\":{\"@id\":\"https:\\\/\\\/nsff.no\\\/magasinet\\\/#website\"},\"primaryImageOfPage\":{\"@id\":\"https:\\\/\\\/nsff.no\\\/magasinet\\\/2019\\\/02\\\/19\\\/lillesand-fotoklubb-soker-unge-fotointeresserte\\\/#primaryimage\"},\"image\":{\"@id\":\"https:\\\/\\\/nsff.no\\\/magasinet\\\/2019\\\/02\\\/19\\\/lillesand-fotoklubb-soker-unge-fotointeresserte\\\/#primaryimage\"},\"thumbnailUrl\":\"https:\\\/\\\/nsff.no\\\/magasinet\\\/wp-content\\\/uploads\\\/sites\\\/2\\\/2019\\\/02\\\/lillesand_ungdom1.jpg\",\"datePublished\":\"2019-02-19T11:05:55+00:00\",\"dateModified\":\"2019-12-01T23:24:16+00:00\",\"description\":\"Les hvordan et \\\"spark bak\\\" i forbindelse med en skoleoppgave fikk Lillesand fotoklubb til \u00e5 hive seg rundt og gj\u00f8re alvor av ungdomssatsing.\",\"breadcrumb\":{\"@id\":\"https:\\\/\\\/nsff.no\\\/magasinet\\\/2019\\\/02\\\/19\\\/lillesand-fotoklubb-soker-unge-fotointeresserte\\\/#breadcrumb\"},\"inLanguage\":\"nb-NO\",\"potentialAction\":[{\"@type\":\"ReadAction\",\"target\":[\"https:\\\/\\\/nsff.no\\\/magasinet\\\/2019\\\/02\\\/19\\\/lillesand-fotoklubb-soker-unge-fotointeresserte\\\/\"]}]},{\"@type\":\"ImageObject\",\"inLanguage\":\"nb-NO\",\"@id\":\"https:\\\/\\\/nsff.no\\\/magasinet\\\/2019\\\/02\\\/19\\\/lillesand-fotoklubb-soker-unge-fotointeresserte\\\/#primaryimage\",\"url\":\"https:\\\/\\\/nsff.no\\\/magasinet\\\/wp-content\\\/uploads\\\/sites\\\/2\\\/2019\\\/02\\\/lillesand_ungdom1.jpg\",\"contentUrl\":\"https:\\\/\\\/nsff.no\\\/magasinet\\\/wp-content\\\/uploads\\\/sites\\\/2\\\/2019\\\/02\\\/lillesand_ungdom1.jpg\",\"width\":1920,\"height\":1080,\"caption\":\"Fra ungdomstreff i Lillesand fotoklubb\"},{\"@type\":\"BreadcrumbList\",\"@id\":\"https:\\\/\\\/nsff.no\\\/magasinet\\\/2019\\\/02\\\/19\\\/lillesand-fotoklubb-soker-unge-fotointeresserte\\\/#breadcrumb\",\"itemListElement\":[{\"@type\":\"ListItem\",\"position\":1,\"name\":\"Hjem\",\"item\":\"https:\\\/\\\/nsff.no\\\/magasinet\\\/\"},{\"@type\":\"ListItem\",\"position\":2,\"name\":\"Lillesand Fotoklubb s\u00f8ker unge fotointeresserte!\"}]},{\"@type\":\"WebSite\",\"@id\":\"https:\\\/\\\/nsff.no\\\/magasinet\\\/#website\",\"url\":\"https:\\\/\\\/nsff.no\\\/magasinet\\\/\",\"name\":\"NSFF Magasin | Norsk Selskap for Fotografi\",\"description\":\"Medlemsmagasin for film- og fotoentusiaster\",\"publisher\":{\"@id\":\"https:\\\/\\\/nsff.no\\\/magasinet\\\/#organization\"},\"potentialAction\":[{\"@type\":\"SearchAction\",\"target\":{\"@type\":\"EntryPoint\",\"urlTemplate\":\"https:\\\/\\\/nsff.no\\\/magasinet\\\/?s={search_term_string}\"},\"query-input\":{\"@type\":\"PropertyValueSpecification\",\"valueRequired\":true,\"valueName\":\"search_term_string\"}}],\"inLanguage\":\"nb-NO\"},{\"@type\":\"Organization\",\"@id\":\"https:\\\/\\\/nsff.no\\\/magasinet\\\/#organization\",\"name\":\"Norsk Selskap for Fotografo\",\"url\":\"https:\\\/\\\/nsff.no\\\/magasinet\\\/\",\"logo\":{\"@type\":\"ImageObject\",\"inLanguage\":\"nb-NO\",\"@id\":\"https:\\\/\\\/nsff.no\\\/magasinet\\\/#\\\/schema\\\/logo\\\/image\\\/\",\"url\":\"https:\\\/\\\/nsff.no\\\/magasinet\\\/wp-content\\\/uploads\\\/sites\\\/2\\\/2016\\\/05\\\/NSFF-fb-lenkebilde.png\",\"contentUrl\":\"https:\\\/\\\/nsff.no\\\/magasinet\\\/wp-content\\\/uploads\\\/sites\\\/2\\\/2016\\\/05\\\/NSFF-fb-lenkebilde.png\",\"width\":1,\"height\":1,\"caption\":\"Norsk Selskap for Fotografo\"},\"image\":{\"@id\":\"https:\\\/\\\/nsff.no\\\/magasinet\\\/#\\\/schema\\\/logo\\\/image\\\/\"}},{\"@type\":\"Person\",\"@id\":\"https:\\\/\\\/nsff.no\\\/magasinet\\\/#\\\/schema\\\/person\\\/997fdb726e093a9d96aa3b4eaac414c2\",\"name\":\"Hege \u00d8deg\u00e5rd\",\"image\":{\"@type\":\"ImageObject\",\"inLanguage\":\"nb-NO\",\"@id\":\"https:\\\/\\\/secure.gravatar.com\\\/avatar\\\/2b229210610229fea00a39f77a2fe1e607947201dc79de0cc322996e8d3c49e3?s=96&d=mm&r=g\",\"url\":\"https:\\\/\\\/secure.gravatar.com\\\/avatar\\\/2b229210610229fea00a39f77a2fe1e607947201dc79de0cc322996e8d3c49e3?s=96&d=mm&r=g\",\"contentUrl\":\"https:\\\/\\\/secure.gravatar.com\\\/avatar\\\/2b229210610229fea00a39f77a2fe1e607947201dc79de0cc322996e8d3c49e3?s=96&d=mm&r=g\",\"caption\":\"Hege \u00d8deg\u00e5rd\"},\"description\":\"Medlem i Lillesand fotoklubb.\",\"url\":\"https:\\\/\\\/nsff.no\\\/magasinet\\\/author\\\/hegeode\\\/\"}]}<\/script>\n<!-- \/ Yoast SEO plugin. -->","yoast_head_json":{"title":"Lillesand Fotoklubb s\u00f8ker unge fotointeresserte! - NSFF Magasin | Norsk Selskap for Fotografi","description":"Les hvordan et \"spark bak\" i forbindelse med en skoleoppgave fikk Lillesand fotoklubb til \u00e5 hive seg rundt og gj\u00f8re alvor av ungdomssatsing.","robots":{"index":"index","follow":"follow","max-snippet":"max-snippet:-1","max-image-preview":"max-image-preview:large","max-video-preview":"max-video-preview:-1"},"canonical":"https:\/\/nsff.no\/magasinet\/2019\/02\/19\/lillesand-fotoklubb-soker-unge-fotointeresserte\/","og_locale":"nb_NO","og_type":"article","og_title":"Lillesand Fotoklubb s\u00f8ker unge fotointeresserte! - NSFF Magasin | Norsk Selskap for Fotografi","og_description":"Les hvordan et \"spark bak\" i forbindelse med en skoleoppgave fikk Lillesand fotoklubb til \u00e5 hive seg rundt og gj\u00f8re alvor av ungdomssatsing.","og_url":"https:\/\/nsff.no\/magasinet\/2019\/02\/19\/lillesand-fotoklubb-soker-unge-fotointeresserte\/","og_site_name":"NSFF Magasin | Norsk Selskap for Fotografi","article_published_time":"2019-02-19T11:05:55+00:00","article_modified_time":"2019-12-01T23:24:16+00:00","og_image":[{"width":1920,"height":1080,"url":"https:\/\/nsff.no\/magasinet\/wp-content\/uploads\/sites\/2\/2019\/02\/lillesand_ungdom1.jpg","type":"image\/jpeg"}],"author":"Hege \u00d8deg\u00e5rd","twitter_card":"summary_large_image","twitter_misc":{"Skrevet av":"Hege \u00d8deg\u00e5rd","Ansl. lesetid":"3 minutter"},"schema":{"@context":"https:\/\/schema.org","@graph":[{"@type":"Article","@id":"https:\/\/nsff.no\/magasinet\/2019\/02\/19\/lillesand-fotoklubb-soker-unge-fotointeresserte\/#article","isPartOf":{"@id":"https:\/\/nsff.no\/magasinet\/2019\/02\/19\/lillesand-fotoklubb-soker-unge-fotointeresserte\/"},"author":{"name":"Hege \u00d8deg\u00e5rd","@id":"https:\/\/nsff.no\/magasinet\/#\/schema\/person\/997fdb726e093a9d96aa3b4eaac414c2"},"headline":"Lillesand Fotoklubb s\u00f8ker unge fotointeresserte!","datePublished":"2019-02-19T11:05:55+00:00","dateModified":"2019-12-01T23:24:16+00:00","mainEntityOfPage":{"@id":"https:\/\/nsff.no\/magasinet\/2019\/02\/19\/lillesand-fotoklubb-soker-unge-fotointeresserte\/"},"wordCount":664,"commentCount":0,"publisher":{"@id":"https:\/\/nsff.no\/magasinet\/#organization"},"image":{"@id":"https:\/\/nsff.no\/magasinet\/2019\/02\/19\/lillesand-fotoklubb-soker-unge-fotointeresserte\/#primaryimage"},"thumbnailUrl":"https:\/\/nsff.no\/magasinet\/wp-content\/uploads\/sites\/2\/2019\/02\/lillesand_ungdom1.jpg","keywords":["2019","Lillesand fotoklubb","ungdom"],"articleSection":["Klubb","Presentasjoner"],"inLanguage":"nb-NO","potentialAction":[{"@type":"CommentAction","name":"Comment","target":["https:\/\/nsff.no\/magasinet\/2019\/02\/19\/lillesand-fotoklubb-soker-unge-fotointeresserte\/#respond"]}]},{"@type":"WebPage","@id":"https:\/\/nsff.no\/magasinet\/2019\/02\/19\/lillesand-fotoklubb-soker-unge-fotointeresserte\/","url":"https:\/\/nsff.no\/magasinet\/2019\/02\/19\/lillesand-fotoklubb-soker-unge-fotointeresserte\/","name":"Lillesand Fotoklubb s\u00f8ker unge fotointeresserte! - NSFF Magasin | Norsk Selskap for Fotografi","isPartOf":{"@id":"https:\/\/nsff.no\/magasinet\/#website"},"primaryImageOfPage":{"@id":"https:\/\/nsff.no\/magasinet\/2019\/02\/19\/lillesand-fotoklubb-soker-unge-fotointeresserte\/#primaryimage"},"image":{"@id":"https:\/\/nsff.no\/magasinet\/2019\/02\/19\/lillesand-fotoklubb-soker-unge-fotointeresserte\/#primaryimage"},"thumbnailUrl":"https:\/\/nsff.no\/magasinet\/wp-content\/uploads\/sites\/2\/2019\/02\/lillesand_ungdom1.jpg","datePublished":"2019-02-19T11:05:55+00:00","dateModified":"2019-12-01T23:24:16+00:00","description":"Les hvordan et \"spark bak\" i forbindelse med en skoleoppgave fikk Lillesand fotoklubb til \u00e5 hive seg rundt og gj\u00f8re alvor av ungdomssatsing.","breadcrumb":{"@id":"https:\/\/nsff.no\/magasinet\/2019\/02\/19\/lillesand-fotoklubb-soker-unge-fotointeresserte\/#breadcrumb"},"inLanguage":"nb-NO","potentialAction":[{"@type":"ReadAction","target":["https:\/\/nsff.no\/magasinet\/2019\/02\/19\/lillesand-fotoklubb-soker-unge-fotointeresserte\/"]}]},{"@type":"ImageObject","inLanguage":"nb-NO","@id":"https:\/\/nsff.no\/magasinet\/2019\/02\/19\/lillesand-fotoklubb-soker-unge-fotointeresserte\/#primaryimage","url":"https:\/\/nsff.no\/magasinet\/wp-content\/uploads\/sites\/2\/2019\/02\/lillesand_ungdom1.jpg","contentUrl":"https:\/\/nsff.no\/magasinet\/wp-content\/uploads\/sites\/2\/2019\/02\/lillesand_ungdom1.jpg","width":1920,"height":1080,"caption":"Fra ungdomstreff i Lillesand fotoklubb"},{"@type":"BreadcrumbList","@id":"https:\/\/nsff.no\/magasinet\/2019\/02\/19\/lillesand-fotoklubb-soker-unge-fotointeresserte\/#breadcrumb","itemListElement":[{"@type":"ListItem","position":1,"name":"Hjem","item":"https:\/\/nsff.no\/magasinet\/"},{"@type":"ListItem","position":2,"name":"Lillesand Fotoklubb s\u00f8ker unge fotointeresserte!"}]},{"@type":"WebSite","@id":"https:\/\/nsff.no\/magasinet\/#website","url":"https:\/\/nsff.no\/magasinet\/","name":"NSFF Magasin | Norsk Selskap for Fotografi","description":"Medlemsmagasin for film- og fotoentusiaster","publisher":{"@id":"https:\/\/nsff.no\/magasinet\/#organization"},"potentialAction":[{"@type":"SearchAction","target":{"@type":"EntryPoint","urlTemplate":"https:\/\/nsff.no\/magasinet\/?s={search_term_string}"},"query-input":{"@type":"PropertyValueSpecification","valueRequired":true,"valueName":"search_term_string"}}],"inLanguage":"nb-NO"},{"@type":"Organization","@id":"https:\/\/nsff.no\/magasinet\/#organization","name":"Norsk Selskap for Fotografo","url":"https:\/\/nsff.no\/magasinet\/","logo":{"@type":"ImageObject","inLanguage":"nb-NO","@id":"https:\/\/nsff.no\/magasinet\/#\/schema\/logo\/image\/","url":"https:\/\/nsff.no\/magasinet\/wp-content\/uploads\/sites\/2\/2016\/05\/NSFF-fb-lenkebilde.png","contentUrl":"https:\/\/nsff.no\/magasinet\/wp-content\/uploads\/sites\/2\/2016\/05\/NSFF-fb-lenkebilde.png","width":1,"height":1,"caption":"Norsk Selskap for Fotografo"},"image":{"@id":"https:\/\/nsff.no\/magasinet\/#\/schema\/logo\/image\/"}},{"@type":"Person","@id":"https:\/\/nsff.no\/magasinet\/#\/schema\/person\/997fdb726e093a9d96aa3b4eaac414c2","name":"Hege \u00d8deg\u00e5rd","image":{"@type":"ImageObject","inLanguage":"nb-NO","@id":"https:\/\/secure.gravatar.com\/avatar\/2b229210610229fea00a39f77a2fe1e607947201dc79de0cc322996e8d3c49e3?s=96&d=mm&r=g","url":"https:\/\/secure.gravatar.com\/avatar\/2b229210610229fea00a39f77a2fe1e607947201dc79de0cc322996e8d3c49e3?s=96&d=mm&r=g","contentUrl":"https:\/\/secure.gravatar.com\/avatar\/2b229210610229fea00a39f77a2fe1e607947201dc79de0cc322996e8d3c49e3?s=96&d=mm&r=g","caption":"Hege \u00d8deg\u00e5rd"},"description":"Medlem i Lillesand fotoklubb.","url":"https:\/\/nsff.no\/magasinet\/author\/hegeode\/"}]}},"_links":{"self":[{"href":"https:\/\/nsff.no\/magasinet\/wp-json\/wp\/v2\/posts\/7937","targetHints":{"allow":["GET"]}}],"collection":[{"href":"https:\/\/nsff.no\/magasinet\/wp-json\/wp\/v2\/posts"}],"about":[{"href":"https:\/\/nsff.no\/magasinet\/wp-json\/wp\/v2\/types\/post"}],"author":[{"embeddable":true,"href":"https:\/\/nsff.no\/magasinet\/wp-json\/wp\/v2\/users\/81"}],"replies":[{"embeddable":true,"href":"https:\/\/nsff.no\/magasinet\/wp-json\/wp\/v2\/comments?post=7937"}],"version-history":[{"count":3,"href":"https:\/\/nsff.no\/magasinet\/wp-json\/wp\/v2\/posts\/7937\/revisions"}],"predecessor-version":[{"id":7998,"href":"https:\/\/nsff.no\/magasinet\/wp-json\/wp\/v2\/posts\/7937\/revisions\/7998"}],"wp:featuredmedia":[{"embeddable":true,"href":"https:\/\/nsff.no\/magasinet\/wp-json\/wp\/v2\/media\/7939"}],"wp:attachment":[{"href":"https:\/\/nsff.no\/magasinet\/wp-json\/wp\/v2\/media?parent=7937"}],"wp:term":[{"taxonomy":"category","embeddable":true,"href":"https:\/\/nsff.no\/magasinet\/wp-json\/wp\/v2\/categories?post=7937"},{"taxonomy":"post_tag","embeddable":true,"href":"https:\/\/nsff.no\/magasinet\/wp-json\/wp\/v2\/tags?post=7937"}],"curies":[{"name":"wp","href":"https:\/\/api.w.org\/{rel}","templated":true}]}}