{"id":7532,"date":"2018-12-09T11:54:48","date_gmt":"2018-12-09T10:54:48","guid":{"rendered":"http:\/\/nsff.no\/magasinet\/?p=7532"},"modified":"2018-12-09T20:25:26","modified_gmt":"2018-12-09T19:25:26","slug":"elverum-fotoklubb-tolker-vidar-sandbeck","status":"publish","type":"post","link":"https:\/\/nsff.no\/magasinet\/2018\/12\/09\/elverum-fotoklubb-tolker-vidar-sandbeck\/","title":{"rendered":"Elverum fotoklubb tolker Vidar Sandbeck"},"content":{"rendered":"<p>[et_pb_section bb_built=&raquo;1&#8243;][et_pb_row][et_pb_column type=&raquo;4_4&#8243;][et_pb_text _builder_version=&raquo;3.18.2&#8243;]<\/p>\n<p><strong>Elverum fotoklubb feiret 10-\u00e5rsjubileum samme \u00e5r som 100-\u00e5rsdagen for Vidar Sandbecks f\u00f8dsel ble markert. Slikt blir det fotoutstilling av!<\/strong><\/p>\n<h2>Fotoglimt fra sangene<\/h2>\n<p>Elverum Fotoklubb og <a href=\"https:\/\/glomdalsmuseet.no\" rel=\"noopener\" target=\"_blank\">Anno Glomdalsmuseet<\/a> kunne i mai i \u00e5r \u00f8nske velkommen til fotoutstillingen: <em>Je sitt her og ser p\u00e5 et fotografi je fann i kommoden i g\u00e5r. Et gulaktig minne p\u00e5 seks gonger ni fr\u00e5 en fjern og forunderlig v\u00e5r.<\/em> Utstillingen var tilegnet Vidar Sandbeck i anledning 100 \u00e5rs-dagen siden visesangeren, visedikteren og forfatteren ble f\u00f8dt. At Elverum Fotoklubb samme \u00e5r markerte sitt 10-\u00e5rsjubileum var utgangspunktet for samarbeidsprosjektet, der klubben dekket utgiftene med print, mens museet kunne tilby en utstillingsplass. <\/p>\n<p>Elverum Fotoklubb ble utfordret p\u00e5 \u00e5 lage bilder med utgangspunkt i Vidar Sandbeck sine sangtekster. Innleveringen av bilder ble sl\u00e5tt sammen med klubbkonkurransen &laquo;M\u00e5nedens bilde&raquo;. 14 fotografer leverte til sammen 38 bilder, med inspirasjon hentet fra Sandbecks nesten 400 sanger. Utstillingen hang p\u00e5 museet fra mai til november i \u00e5r. Flere av bildene ble i tillegg plukket ut av Sandbeckstiftelsen til en vandreutstilling.<\/p>\n<p>[\/et_pb_text][et_pb_gallery _builder_version=&raquo;3.18.2&#8243; hover_overlay_color=&raquo;rgba(255,255,255,0.9)&raquo; gallery_ids=&raquo;7536,7537,7538,7533,7540,7543,7544,7541&#8243; posts_number=&raquo;8&#8243; show_title_and_caption=&raquo;off&raquo; show_pagination=&raquo;off&raquo; orientation=&raquo;portrait&raquo; \/][et_pb_code _builder_version=&raquo;3.18.2&#8243;]<iframe loading=\"lazy\" src=\"https:\/\/www.facebook.com\/plugins\/video.php?href=https%3A%2F%2Fwww.facebook.com%2Fharald.lundstein%2Fvideos%2F1764224450303786%2F&#038;show_text=0&#038;width=560\" width=\"560\" height=\"315\" style=\"border:none;overflow:hidden\" scrolling=\"no\" frameborder=\"0\" allowTransparency=\"true\" allowFullScreen=\"true\"><\/iframe><!-- [et_pb_line_break_holder] --><!-- [et_pb_line_break_holder] --><!\u2013- [et_pb_br_holder] -\u2013><em>(filmet av Harald Lundstein)<\/em>[\/et_pb_code][et_pb_text _builder_version=&raquo;3.18.2&#8243;]<\/p>\n<p>Elverum fotoklubb har ogs\u00e5 resten av \u00e5ret et godt samarbeid med Glomdalsmuseet. I en egen krok stiller de ut vinnerne av &laquo;M\u00e5nedens bilde&raquo;, og m\u00f8tes til fotokaf\u00e9 hver l\u00f8rdag.<\/p>\n<p>[\/et_pb_text][et_pb_image _builder_version=&raquo;3.18.2&#8243; src=&raquo;http:\/\/nsff.no\/magasinet\/wp-content\/uploads\/sites\/2\/2018\/12\/32083152_10157491541256562_4049542810188120064_o.jpg&raquo; show_in_lightbox=&raquo;on&raquo; alt=&raquo;Elverum fotoklubb p\u00e5 Glomdalsmuseet&raquo; title_text=&raquo;Elverum fotoklubb p\u00e5 Glomdalsmuseet&raquo; \/][\/et_pb_column][\/et_pb_row][\/et_pb_section]<\/p>\n","protected":false},"excerpt":{"rendered":"<p>Elverum fotoklubb feiret 10-\u00e5rsjubileum samme \u00e5r som 100-\u00e5rsdagen for Vidar Sandbecks f\u00f8dsel ble markert. Slikt blir det fotoutstilling av!<\/p>\n","protected":false},"author":79,"featured_media":7542,"comment_status":"open","ping_status":"open","sticky":false,"template":"","format":"standard","meta":{"_et_pb_use_builder":"on","_et_pb_old_content":"<strong>Elverum fotoklubb feiret 10-\u00e5rsjubileum samme \u00e5r som 100-\u00e5rsdagen for Vidar Sandbecks f\u00f8dsel ble markert. Slikt blir det fotoutstilling av!<\/strong>\r\n\r\n<h2>Fotoglimt fra sangene<\/h2> \r\nElverum Fotoklubb og <a href=\"https:\/\/glomdalsmuseet.no\" rel=\"noopener\" target=\"_blank\">Anno Glomdalsmuseet<\/a> kunne i mai i \u00e5r \u00f8nske velkommen til fotoutstillingen: <em>Je sitt her og ser p\u00e5 et fotografi je fann i kommoden i g\u00e5r. Et gulaktig minne p\u00e5 seks gonger ni fr\u00e5 en fjern og forunderlig v\u00e5r.<\/em> Utstillingen var tilegnet Vidar Sandbeck i anledning 100 \u00e5rs-dagen siden visesangeren, visedikteren og forfatteren ble f\u00f8dt. At Elverum Fotoklubb samme \u00e5r markerte sitt 10-\u00e5rsjubileum var utgangspunktet for samarbeidsprosjektet. \r\n\r\nElverum Fotoklubb ble utfordret p\u00e5 \u00e5 lage bilder med utgangspunkt i Vidar Sandbeck sine sangtekster. 14 fotografer leverte til sammen 38 bilder, med inspirasjon hentet fra Sandbecks nesten 400 sanger.","_et_gb_content_width":"","footnotes":""},"categories":[64,91],"tags":[576,160,721,137,722],"class_list":["post-7532","post","type-post","status-publish","format-standard","has-post-thumbnail","hentry","category-fotoprosjekter","category-inspirasjon","tag-576","tag-elverum","tag-elverum-fotoklubb","tag-fotoutstilling","tag-vidar-sandbeck","et-has-post-format-content","et_post_format-et-post-format-standard"],"yoast_head":"<!-- This site is optimized with the Yoast SEO plugin v27.5 - https:\/\/yoast.com\/product\/yoast-seo-wordpress\/ -->\n<title>Elverum fotoklubb tolker Vidar Sandbeck - NSFF Magasin | Norsk Selskap for Fotografi<\/title>\n<meta name=\"description\" content=\"Elverum fotoklubb feiret 10-\u00e5rsjubileum samme \u00e5r som 100-\u00e5rsdagen for Vidar Sandbecks f\u00f8dsel ble markert. Slikt blir det fotoutstilling av!\" \/>\n<meta name=\"robots\" content=\"index, follow, max-snippet:-1, max-image-preview:large, max-video-preview:-1\" \/>\n<link rel=\"canonical\" href=\"https:\/\/nsff.no\/magasinet\/2018\/12\/09\/elverum-fotoklubb-tolker-vidar-sandbeck\/\" \/>\n<meta property=\"og:locale\" content=\"nb_NO\" \/>\n<meta property=\"og:type\" content=\"article\" \/>\n<meta property=\"og:title\" content=\"Elverum fotoklubb tolker Vidar Sandbeck - NSFF Magasin | Norsk Selskap for Fotografi\" \/>\n<meta property=\"og:description\" content=\"Elverum fotoklubb feiret 10-\u00e5rsjubileum samme \u00e5r som 100-\u00e5rsdagen for Vidar Sandbecks f\u00f8dsel ble markert. Slikt blir det fotoutstilling av!\" \/>\n<meta property=\"og:url\" content=\"https:\/\/nsff.no\/magasinet\/2018\/12\/09\/elverum-fotoklubb-tolker-vidar-sandbeck\/\" \/>\n<meta property=\"og:site_name\" content=\"NSFF Magasin | Norsk Selskap for Fotografi\" \/>\n<meta property=\"article:published_time\" content=\"2018-12-09T10:54:48+00:00\" \/>\n<meta property=\"article:modified_time\" content=\"2018-12-09T19:25:26+00:00\" \/>\n<meta property=\"og:image\" content=\"https:\/\/nsff.no\/magasinet\/wp-content\/uploads\/sites\/2\/2018\/12\/34882895_1978113018889708_5523300768397918208_o.jpg\" \/>\n\t<meta property=\"og:image:width\" content=\"2048\" \/>\n\t<meta property=\"og:image:height\" content=\"1348\" \/>\n\t<meta property=\"og:image:type\" content=\"image\/jpeg\" \/>\n<meta name=\"author\" content=\"Tom Spjeldn\u00e6s\" \/>\n<meta name=\"twitter:card\" content=\"summary_large_image\" \/>\n<meta name=\"twitter:label1\" content=\"Skrevet av\" \/>\n\t<meta name=\"twitter:data1\" content=\"Tom Spjeldn\u00e6s\" \/>\n\t<meta name=\"twitter:label2\" content=\"Ansl. lesetid\" \/>\n\t<meta name=\"twitter:data2\" content=\"2 minutter\" \/>\n<script type=\"application\/ld+json\" class=\"yoast-schema-graph\">{\"@context\":\"https:\\\/\\\/schema.org\",\"@graph\":[{\"@type\":\"Article\",\"@id\":\"https:\\\/\\\/nsff.no\\\/magasinet\\\/2018\\\/12\\\/09\\\/elverum-fotoklubb-tolker-vidar-sandbeck\\\/#article\",\"isPartOf\":{\"@id\":\"https:\\\/\\\/nsff.no\\\/magasinet\\\/2018\\\/12\\\/09\\\/elverum-fotoklubb-tolker-vidar-sandbeck\\\/\"},\"author\":{\"name\":\"Tom Spjeldn\u00e6s\",\"@id\":\"https:\\\/\\\/nsff.no\\\/magasinet\\\/#\\\/schema\\\/person\\\/d5bf12441629568f76c9aa22beb7525b\"},\"headline\":\"Elverum fotoklubb tolker Vidar Sandbeck\",\"datePublished\":\"2018-12-09T10:54:48+00:00\",\"dateModified\":\"2018-12-09T19:25:26+00:00\",\"mainEntityOfPage\":{\"@id\":\"https:\\\/\\\/nsff.no\\\/magasinet\\\/2018\\\/12\\\/09\\\/elverum-fotoklubb-tolker-vidar-sandbeck\\\/\"},\"wordCount\":309,\"commentCount\":0,\"publisher\":{\"@id\":\"https:\\\/\\\/nsff.no\\\/magasinet\\\/#organization\"},\"image\":{\"@id\":\"https:\\\/\\\/nsff.no\\\/magasinet\\\/2018\\\/12\\\/09\\\/elverum-fotoklubb-tolker-vidar-sandbeck\\\/#primaryimage\"},\"thumbnailUrl\":\"https:\\\/\\\/nsff.no\\\/magasinet\\\/wp-content\\\/uploads\\\/sites\\\/2\\\/2018\\\/12\\\/34882895_1978113018889708_5523300768397918208_o.jpg\",\"keywords\":[\"2018\",\"Elverum\",\"Elverum fotoklubb\",\"fotoutstilling\",\"Vidar Sandbeck\"],\"articleSection\":[\"Fotoprosjekter\",\"Inspirasjon\"],\"inLanguage\":\"nb-NO\",\"potentialAction\":[{\"@type\":\"CommentAction\",\"name\":\"Comment\",\"target\":[\"https:\\\/\\\/nsff.no\\\/magasinet\\\/2018\\\/12\\\/09\\\/elverum-fotoklubb-tolker-vidar-sandbeck\\\/#respond\"]}]},{\"@type\":\"WebPage\",\"@id\":\"https:\\\/\\\/nsff.no\\\/magasinet\\\/2018\\\/12\\\/09\\\/elverum-fotoklubb-tolker-vidar-sandbeck\\\/\",\"url\":\"https:\\\/\\\/nsff.no\\\/magasinet\\\/2018\\\/12\\\/09\\\/elverum-fotoklubb-tolker-vidar-sandbeck\\\/\",\"name\":\"Elverum fotoklubb tolker Vidar Sandbeck - NSFF Magasin | Norsk Selskap for Fotografi\",\"isPartOf\":{\"@id\":\"https:\\\/\\\/nsff.no\\\/magasinet\\\/#website\"},\"primaryImageOfPage\":{\"@id\":\"https:\\\/\\\/nsff.no\\\/magasinet\\\/2018\\\/12\\\/09\\\/elverum-fotoklubb-tolker-vidar-sandbeck\\\/#primaryimage\"},\"image\":{\"@id\":\"https:\\\/\\\/nsff.no\\\/magasinet\\\/2018\\\/12\\\/09\\\/elverum-fotoklubb-tolker-vidar-sandbeck\\\/#primaryimage\"},\"thumbnailUrl\":\"https:\\\/\\\/nsff.no\\\/magasinet\\\/wp-content\\\/uploads\\\/sites\\\/2\\\/2018\\\/12\\\/34882895_1978113018889708_5523300768397918208_o.jpg\",\"datePublished\":\"2018-12-09T10:54:48+00:00\",\"dateModified\":\"2018-12-09T19:25:26+00:00\",\"description\":\"Elverum fotoklubb feiret 10-\u00e5rsjubileum samme \u00e5r som 100-\u00e5rsdagen for Vidar Sandbecks f\u00f8dsel ble markert. Slikt blir det fotoutstilling av!\",\"breadcrumb\":{\"@id\":\"https:\\\/\\\/nsff.no\\\/magasinet\\\/2018\\\/12\\\/09\\\/elverum-fotoklubb-tolker-vidar-sandbeck\\\/#breadcrumb\"},\"inLanguage\":\"nb-NO\",\"potentialAction\":[{\"@type\":\"ReadAction\",\"target\":[\"https:\\\/\\\/nsff.no\\\/magasinet\\\/2018\\\/12\\\/09\\\/elverum-fotoklubb-tolker-vidar-sandbeck\\\/\"]}]},{\"@type\":\"ImageObject\",\"inLanguage\":\"nb-NO\",\"@id\":\"https:\\\/\\\/nsff.no\\\/magasinet\\\/2018\\\/12\\\/09\\\/elverum-fotoklubb-tolker-vidar-sandbeck\\\/#primaryimage\",\"url\":\"https:\\\/\\\/nsff.no\\\/magasinet\\\/wp-content\\\/uploads\\\/sites\\\/2\\\/2018\\\/12\\\/34882895_1978113018889708_5523300768397918208_o.jpg\",\"contentUrl\":\"https:\\\/\\\/nsff.no\\\/magasinet\\\/wp-content\\\/uploads\\\/sites\\\/2\\\/2018\\\/12\\\/34882895_1978113018889708_5523300768397918208_o.jpg\",\"width\":2048,\"height\":1348,\"caption\":\"Elverum fotoklubb tolker Vidar Sandbeck\"},{\"@type\":\"BreadcrumbList\",\"@id\":\"https:\\\/\\\/nsff.no\\\/magasinet\\\/2018\\\/12\\\/09\\\/elverum-fotoklubb-tolker-vidar-sandbeck\\\/#breadcrumb\",\"itemListElement\":[{\"@type\":\"ListItem\",\"position\":1,\"name\":\"Hjem\",\"item\":\"https:\\\/\\\/nsff.no\\\/magasinet\\\/\"},{\"@type\":\"ListItem\",\"position\":2,\"name\":\"Elverum fotoklubb tolker Vidar Sandbeck\"}]},{\"@type\":\"WebSite\",\"@id\":\"https:\\\/\\\/nsff.no\\\/magasinet\\\/#website\",\"url\":\"https:\\\/\\\/nsff.no\\\/magasinet\\\/\",\"name\":\"NSFF Magasin | Norsk Selskap for Fotografi\",\"description\":\"Medlemsmagasin for film- og fotoentusiaster\",\"publisher\":{\"@id\":\"https:\\\/\\\/nsff.no\\\/magasinet\\\/#organization\"},\"potentialAction\":[{\"@type\":\"SearchAction\",\"target\":{\"@type\":\"EntryPoint\",\"urlTemplate\":\"https:\\\/\\\/nsff.no\\\/magasinet\\\/?s={search_term_string}\"},\"query-input\":{\"@type\":\"PropertyValueSpecification\",\"valueRequired\":true,\"valueName\":\"search_term_string\"}}],\"inLanguage\":\"nb-NO\"},{\"@type\":\"Organization\",\"@id\":\"https:\\\/\\\/nsff.no\\\/magasinet\\\/#organization\",\"name\":\"Norsk Selskap for Fotografo\",\"url\":\"https:\\\/\\\/nsff.no\\\/magasinet\\\/\",\"logo\":{\"@type\":\"ImageObject\",\"inLanguage\":\"nb-NO\",\"@id\":\"https:\\\/\\\/nsff.no\\\/magasinet\\\/#\\\/schema\\\/logo\\\/image\\\/\",\"url\":\"https:\\\/\\\/nsff.no\\\/magasinet\\\/wp-content\\\/uploads\\\/sites\\\/2\\\/2016\\\/05\\\/NSFF-fb-lenkebilde.png\",\"contentUrl\":\"https:\\\/\\\/nsff.no\\\/magasinet\\\/wp-content\\\/uploads\\\/sites\\\/2\\\/2016\\\/05\\\/NSFF-fb-lenkebilde.png\",\"width\":1,\"height\":1,\"caption\":\"Norsk Selskap for Fotografo\"},\"image\":{\"@id\":\"https:\\\/\\\/nsff.no\\\/magasinet\\\/#\\\/schema\\\/logo\\\/image\\\/\"}},{\"@type\":\"Person\",\"@id\":\"https:\\\/\\\/nsff.no\\\/magasinet\\\/#\\\/schema\\\/person\\\/d5bf12441629568f76c9aa22beb7525b\",\"name\":\"Tom Spjeldn\u00e6s\",\"image\":{\"@type\":\"ImageObject\",\"inLanguage\":\"nb-NO\",\"@id\":\"https:\\\/\\\/secure.gravatar.com\\\/avatar\\\/59d5ac2e717dbe168320b597b038a8c2fb717908dc56b2cb95292e12666f5e0d?s=96&d=mm&r=g\",\"url\":\"https:\\\/\\\/secure.gravatar.com\\\/avatar\\\/59d5ac2e717dbe168320b597b038a8c2fb717908dc56b2cb95292e12666f5e0d?s=96&d=mm&r=g\",\"contentUrl\":\"https:\\\/\\\/secure.gravatar.com\\\/avatar\\\/59d5ac2e717dbe168320b597b038a8c2fb717908dc56b2cb95292e12666f5e0d?s=96&d=mm&r=g\",\"caption\":\"Tom Spjeldn\u00e6s\"},\"description\":\"Leder for Elverum fotoklubb.\",\"url\":\"https:\\\/\\\/nsff.no\\\/magasinet\\\/author\\\/tomspjeldnes\\\/\"}]}<\/script>\n<!-- \/ Yoast SEO plugin. -->","yoast_head_json":{"title":"Elverum fotoklubb tolker Vidar Sandbeck - NSFF Magasin | Norsk Selskap for Fotografi","description":"Elverum fotoklubb feiret 10-\u00e5rsjubileum samme \u00e5r som 100-\u00e5rsdagen for Vidar Sandbecks f\u00f8dsel ble markert. Slikt blir det fotoutstilling av!","robots":{"index":"index","follow":"follow","max-snippet":"max-snippet:-1","max-image-preview":"max-image-preview:large","max-video-preview":"max-video-preview:-1"},"canonical":"https:\/\/nsff.no\/magasinet\/2018\/12\/09\/elverum-fotoklubb-tolker-vidar-sandbeck\/","og_locale":"nb_NO","og_type":"article","og_title":"Elverum fotoklubb tolker Vidar Sandbeck - NSFF Magasin | Norsk Selskap for Fotografi","og_description":"Elverum fotoklubb feiret 10-\u00e5rsjubileum samme \u00e5r som 100-\u00e5rsdagen for Vidar Sandbecks f\u00f8dsel ble markert. Slikt blir det fotoutstilling av!","og_url":"https:\/\/nsff.no\/magasinet\/2018\/12\/09\/elverum-fotoklubb-tolker-vidar-sandbeck\/","og_site_name":"NSFF Magasin | Norsk Selskap for Fotografi","article_published_time":"2018-12-09T10:54:48+00:00","article_modified_time":"2018-12-09T19:25:26+00:00","og_image":[{"width":2048,"height":1348,"url":"https:\/\/nsff.no\/magasinet\/wp-content\/uploads\/sites\/2\/2018\/12\/34882895_1978113018889708_5523300768397918208_o.jpg","type":"image\/jpeg"}],"author":"Tom Spjeldn\u00e6s","twitter_card":"summary_large_image","twitter_misc":{"Skrevet av":"Tom Spjeldn\u00e6s","Ansl. lesetid":"2 minutter"},"schema":{"@context":"https:\/\/schema.org","@graph":[{"@type":"Article","@id":"https:\/\/nsff.no\/magasinet\/2018\/12\/09\/elverum-fotoklubb-tolker-vidar-sandbeck\/#article","isPartOf":{"@id":"https:\/\/nsff.no\/magasinet\/2018\/12\/09\/elverum-fotoklubb-tolker-vidar-sandbeck\/"},"author":{"name":"Tom Spjeldn\u00e6s","@id":"https:\/\/nsff.no\/magasinet\/#\/schema\/person\/d5bf12441629568f76c9aa22beb7525b"},"headline":"Elverum fotoklubb tolker Vidar Sandbeck","datePublished":"2018-12-09T10:54:48+00:00","dateModified":"2018-12-09T19:25:26+00:00","mainEntityOfPage":{"@id":"https:\/\/nsff.no\/magasinet\/2018\/12\/09\/elverum-fotoklubb-tolker-vidar-sandbeck\/"},"wordCount":309,"commentCount":0,"publisher":{"@id":"https:\/\/nsff.no\/magasinet\/#organization"},"image":{"@id":"https:\/\/nsff.no\/magasinet\/2018\/12\/09\/elverum-fotoklubb-tolker-vidar-sandbeck\/#primaryimage"},"thumbnailUrl":"https:\/\/nsff.no\/magasinet\/wp-content\/uploads\/sites\/2\/2018\/12\/34882895_1978113018889708_5523300768397918208_o.jpg","keywords":["2018","Elverum","Elverum fotoklubb","fotoutstilling","Vidar Sandbeck"],"articleSection":["Fotoprosjekter","Inspirasjon"],"inLanguage":"nb-NO","potentialAction":[{"@type":"CommentAction","name":"Comment","target":["https:\/\/nsff.no\/magasinet\/2018\/12\/09\/elverum-fotoklubb-tolker-vidar-sandbeck\/#respond"]}]},{"@type":"WebPage","@id":"https:\/\/nsff.no\/magasinet\/2018\/12\/09\/elverum-fotoklubb-tolker-vidar-sandbeck\/","url":"https:\/\/nsff.no\/magasinet\/2018\/12\/09\/elverum-fotoklubb-tolker-vidar-sandbeck\/","name":"Elverum fotoklubb tolker Vidar Sandbeck - NSFF Magasin | Norsk Selskap for Fotografi","isPartOf":{"@id":"https:\/\/nsff.no\/magasinet\/#website"},"primaryImageOfPage":{"@id":"https:\/\/nsff.no\/magasinet\/2018\/12\/09\/elverum-fotoklubb-tolker-vidar-sandbeck\/#primaryimage"},"image":{"@id":"https:\/\/nsff.no\/magasinet\/2018\/12\/09\/elverum-fotoklubb-tolker-vidar-sandbeck\/#primaryimage"},"thumbnailUrl":"https:\/\/nsff.no\/magasinet\/wp-content\/uploads\/sites\/2\/2018\/12\/34882895_1978113018889708_5523300768397918208_o.jpg","datePublished":"2018-12-09T10:54:48+00:00","dateModified":"2018-12-09T19:25:26+00:00","description":"Elverum fotoklubb feiret 10-\u00e5rsjubileum samme \u00e5r som 100-\u00e5rsdagen for Vidar Sandbecks f\u00f8dsel ble markert. Slikt blir det fotoutstilling av!","breadcrumb":{"@id":"https:\/\/nsff.no\/magasinet\/2018\/12\/09\/elverum-fotoklubb-tolker-vidar-sandbeck\/#breadcrumb"},"inLanguage":"nb-NO","potentialAction":[{"@type":"ReadAction","target":["https:\/\/nsff.no\/magasinet\/2018\/12\/09\/elverum-fotoklubb-tolker-vidar-sandbeck\/"]}]},{"@type":"ImageObject","inLanguage":"nb-NO","@id":"https:\/\/nsff.no\/magasinet\/2018\/12\/09\/elverum-fotoklubb-tolker-vidar-sandbeck\/#primaryimage","url":"https:\/\/nsff.no\/magasinet\/wp-content\/uploads\/sites\/2\/2018\/12\/34882895_1978113018889708_5523300768397918208_o.jpg","contentUrl":"https:\/\/nsff.no\/magasinet\/wp-content\/uploads\/sites\/2\/2018\/12\/34882895_1978113018889708_5523300768397918208_o.jpg","width":2048,"height":1348,"caption":"Elverum fotoklubb tolker Vidar Sandbeck"},{"@type":"BreadcrumbList","@id":"https:\/\/nsff.no\/magasinet\/2018\/12\/09\/elverum-fotoklubb-tolker-vidar-sandbeck\/#breadcrumb","itemListElement":[{"@type":"ListItem","position":1,"name":"Hjem","item":"https:\/\/nsff.no\/magasinet\/"},{"@type":"ListItem","position":2,"name":"Elverum fotoklubb tolker Vidar Sandbeck"}]},{"@type":"WebSite","@id":"https:\/\/nsff.no\/magasinet\/#website","url":"https:\/\/nsff.no\/magasinet\/","name":"NSFF Magasin | Norsk Selskap for Fotografi","description":"Medlemsmagasin for film- og fotoentusiaster","publisher":{"@id":"https:\/\/nsff.no\/magasinet\/#organization"},"potentialAction":[{"@type":"SearchAction","target":{"@type":"EntryPoint","urlTemplate":"https:\/\/nsff.no\/magasinet\/?s={search_term_string}"},"query-input":{"@type":"PropertyValueSpecification","valueRequired":true,"valueName":"search_term_string"}}],"inLanguage":"nb-NO"},{"@type":"Organization","@id":"https:\/\/nsff.no\/magasinet\/#organization","name":"Norsk Selskap for Fotografo","url":"https:\/\/nsff.no\/magasinet\/","logo":{"@type":"ImageObject","inLanguage":"nb-NO","@id":"https:\/\/nsff.no\/magasinet\/#\/schema\/logo\/image\/","url":"https:\/\/nsff.no\/magasinet\/wp-content\/uploads\/sites\/2\/2016\/05\/NSFF-fb-lenkebilde.png","contentUrl":"https:\/\/nsff.no\/magasinet\/wp-content\/uploads\/sites\/2\/2016\/05\/NSFF-fb-lenkebilde.png","width":1,"height":1,"caption":"Norsk Selskap for Fotografo"},"image":{"@id":"https:\/\/nsff.no\/magasinet\/#\/schema\/logo\/image\/"}},{"@type":"Person","@id":"https:\/\/nsff.no\/magasinet\/#\/schema\/person\/d5bf12441629568f76c9aa22beb7525b","name":"Tom Spjeldn\u00e6s","image":{"@type":"ImageObject","inLanguage":"nb-NO","@id":"https:\/\/secure.gravatar.com\/avatar\/59d5ac2e717dbe168320b597b038a8c2fb717908dc56b2cb95292e12666f5e0d?s=96&d=mm&r=g","url":"https:\/\/secure.gravatar.com\/avatar\/59d5ac2e717dbe168320b597b038a8c2fb717908dc56b2cb95292e12666f5e0d?s=96&d=mm&r=g","contentUrl":"https:\/\/secure.gravatar.com\/avatar\/59d5ac2e717dbe168320b597b038a8c2fb717908dc56b2cb95292e12666f5e0d?s=96&d=mm&r=g","caption":"Tom Spjeldn\u00e6s"},"description":"Leder for Elverum fotoklubb.","url":"https:\/\/nsff.no\/magasinet\/author\/tomspjeldnes\/"}]}},"_links":{"self":[{"href":"https:\/\/nsff.no\/magasinet\/wp-json\/wp\/v2\/posts\/7532","targetHints":{"allow":["GET"]}}],"collection":[{"href":"https:\/\/nsff.no\/magasinet\/wp-json\/wp\/v2\/posts"}],"about":[{"href":"https:\/\/nsff.no\/magasinet\/wp-json\/wp\/v2\/types\/post"}],"author":[{"embeddable":true,"href":"https:\/\/nsff.no\/magasinet\/wp-json\/wp\/v2\/users\/79"}],"replies":[{"embeddable":true,"href":"https:\/\/nsff.no\/magasinet\/wp-json\/wp\/v2\/comments?post=7532"}],"version-history":[{"count":9,"href":"https:\/\/nsff.no\/magasinet\/wp-json\/wp\/v2\/posts\/7532\/revisions"}],"predecessor-version":[{"id":7599,"href":"https:\/\/nsff.no\/magasinet\/wp-json\/wp\/v2\/posts\/7532\/revisions\/7599"}],"wp:featuredmedia":[{"embeddable":true,"href":"https:\/\/nsff.no\/magasinet\/wp-json\/wp\/v2\/media\/7542"}],"wp:attachment":[{"href":"https:\/\/nsff.no\/magasinet\/wp-json\/wp\/v2\/media?parent=7532"}],"wp:term":[{"taxonomy":"category","embeddable":true,"href":"https:\/\/nsff.no\/magasinet\/wp-json\/wp\/v2\/categories?post=7532"},{"taxonomy":"post_tag","embeddable":true,"href":"https:\/\/nsff.no\/magasinet\/wp-json\/wp\/v2\/tags?post=7532"}],"curies":[{"name":"wp","href":"https:\/\/api.w.org\/{rel}","templated":true}]}}