{"id":736,"date":"2014-04-27T18:02:47","date_gmt":"2014-04-27T16:02:47","guid":{"rendered":"http:\/\/www.nsff.no\/wp\/magasinet\/?p=736"},"modified":"2016-06-15T21:09:53","modified_gmt":"2016-06-15T19:09:53","slug":"harastolen-fotogent","status":"publish","type":"post","link":"https:\/\/nsff.no\/magasinet\/2014\/04\/27\/harastolen-fotogent\/","title":{"rendered":"Harast\u00f8len; fotogent."},"content":{"rendered":"<p>[et_pb_section admin_label=&raquo;section&raquo;][et_pb_row admin_label=&raquo;row&raquo;][et_pb_column type=&raquo;4_4&#8243;][et_pb_text admin_label=&raquo;Tekst&raquo; background_layout=&raquo;light&raquo; text_orientation=&raquo;left&raquo; use_border_color=&raquo;off&raquo; border_color=&raquo;#ffffff&raquo; border_style=&raquo;solid&raquo;]<\/p>\n<p><em>Foto over: Nina Hodneland, &laquo;Endless Waiting&raquo;, modell Silje Leps\u00f8y.<\/em><\/p>\n<p>Jeg hadde lenge hatt lyst \u00e5 reise til Luster for \u00e5 oppleve Harast\u00f8len sanatorium f\u00f8r det blir revet. Da jeg nevnte dette stedet for gjengen i Os Fotoklubb h\u00f8sten 2013 var interessen stor, og det var mange som hadde lyst \u00e5 v\u00e6re med p\u00e5 tur. Dermed satte vi i arrangementskomiteen igang planleggingen! Vi bestilte to store hytter hos <a href=\"http:\/\/www.sogn-fjordhytter.no\/\" target=\"_blank\">Sogn Fjordhytter<\/a>, og vi fikk avtalt guidet tur p\u00e5 Harast\u00f8len med Kristian Nilssen som driver og jobber der oppe. Og da vi halvveis i planleggingen fikk sp\u00f8rsm\u00e5l om noen av medlemmer fra Bekkalokket Fotoklubb kunne f\u00e5 v\u00e6re med oss p\u00e5 tur, sa vi selvf\u00f8lgelig ja!<\/p>\n<p>4.-6. april 2014 reiste 9 medlemmer fra Os Fotoklubb og 7 medlemmer fra Bekkalokket Fotoklubb p\u00e5 tur sammen, og for en fantastisk tur vi hadde!!<\/p>\n<h2>Historien<\/h2>\n<p>Harast\u00f8len, Lyster Sanatorium ble \u00e5pnet 2. november 1902 som et tuberkulosesykehus med 96 sengeplasser. Bygningen er plassert oppe i fjellsiden, 500 m. over havet. Grunnen til plasseringen var det gunstige klimaet for pasientene, med den friske fjelluften. Da det etter andre verdenskrig kom kur for tuberkulose m\u00e5tte driften legges om, og det ble da omgjort til psykiatrisk sykehus. Harast\u00f8len hadde n\u00e5 utvidet til 150 sengeplasser, og fungerte som psykiatrisk sykehus frem til 1991 da det igjen ble st\u00e5ende tomt. Men det varte ikke lenge f\u00f8r de nok en gang fant et nytt bruksomr\u00e5de for bygningen, og denne gangen ble Harast\u00f8len brukt som asylmottak for flyktninger fra det tidligere Jugoslavia og Bosnia i et par \u00e5r frem mot midten av 90-tallet.<\/p>\n<p>De siste 20 \u00e5rene har Harast\u00f8len st\u00e5tt tomt, og bygget har forfalt enormt. Det har v\u00e6rt, og er, fremdeles store diskusjoner om hva som skal gj\u00f8res med bygget, men det ser n\u00e5 dessverre ut som det g\u00e5r mot riving i 2015.<\/p>\n<p>Etter en lang og flott tur fra Os og Bergen med mange fotostopp underveis kom vi frem til Luster fredag ettermiddag! De ivrigste kunne ikke vente til l\u00f8rdagen og kj\u00f8rte straks avsted den 6,1 km lange svingete veien opp til Harast\u00f8len, for \u00e5 sikre seg flotte fotominner i aftensol!<\/p>\n<p>De ivrigste stod ogs\u00e5 opp grytidlig l\u00f8rdagsmorgen for nok en gang \u00e5 kj\u00f8re den svingete veien opp for \u00e5 f\u00e5 bilder av Harast\u00f8len i soloppgang. Ved ti-tiden, etter en god frokost og sm\u00f8ring av niste, reiste vi alle opp og m\u00f8tte Kristian Nilssen, selvutnevnt sanatoriedirekt\u00f8r som st\u00e5r for litt vedlikehold av bygget der oppe i fjellsiden.<\/p>\n<p>Han viste oss villig rundt i den store bygningen p\u00e5 5 etasjer. Etter omvisningen fikk vi lov \u00e5 g\u00e5 rundt p\u00e5 egenh\u00e5nd, og det var n\u00e5 det virkelig begynte \u00e5 bli g\u00f8y! Folk delte seg inn i mindre grupper, og spredte seg rundt i den store bygningen. Noen hadde med seg rekvisitter som bamser og dukker, andre hadde med seg teatersminke, englevinger og sommerkjoler. Vi hadde ogs\u00e5 f\u00e5tt l\u00e5ne med oss to gamle originale sykepleieruniformer fra tidlig p\u00e5 1900-tallet som ble brukt for \u00e5 skape litt stemning. Fotogleden var til \u00e5 ta og f\u00f8le p\u00e5!<\/p>\n<p>[\/et_pb_text][et_pb_gallery admin_label=&raquo;Galleri&raquo; gallery_ids=&raquo;745,747,738,739,748,3336,3335,741,742,743&#8243; fullwidth=&raquo;off&raquo; posts_number=&raquo;20&#8243; show_title_and_caption=&raquo;off&raquo; show_pagination=&raquo;on&raquo; background_layout=&raquo;light&raquo; auto=&raquo;off&raquo; hover_overlay_color=&raquo;rgba(255,255,255,0.9)&raquo; caption_all_caps=&raquo;off&raquo; use_border_color=&raquo;off&raquo; border_color=&raquo;#ffffff&raquo; border_style=&raquo;solid&raquo;]<\/p>\n<p>[\/et_pb_gallery][et_pb_text admin_label=&raquo;Tekst&raquo; background_layout=&raquo;light&raquo; text_orientation=&raquo;left&raquo; use_border_color=&raquo;off&raquo; border_color=&raquo;#ffffff&raquo; border_style=&raquo;solid&raquo;]<\/p>\n<p>I disse dager brukes Harast\u00f8len som kulisser for innspillingen av Villmark 2, i tillegg til at det blir laget en dokumentar som heter Sanatoriet. Santatoriet er regissert av Therese Jacobsen i <a href=\"http:\/\/www.merfilm.no\/\" target=\"_blank\">Mer Film<\/a>, og den skal vises p\u00e5 <a href=\"http:\/\/kortfilmfestivalen.no\/\" target=\"_blank\">Kortfilmfestivalen i Grimstad<\/a> 12.-17. juni 2014. Vi ble spurt av Therese om hun kunne f\u00e5 filme oss p\u00e5 v\u00e5r jakt etter gode motiver, og selv om vi trives best bak kamera s\u00e5 svarte vi selvf\u00f8lgelig ja!<\/p>\n<p>Vi tilbragte mange timer p\u00e5 Harast\u00f8len denne l\u00f8rdagen, men likevel klarte vi ikke \u00e5 n\u00e5 over halvparten av bygningen engang. Vi skulle s\u00e5 gjerne hatt flere dager der oppe, s\u00e5 enkelte er faktisk i gang med \u00e5 planlegge ny tur p\u00e5 sensommeren!<\/p>\n<p>Det \u00e5 reise p\u00e5 tur med s\u00e5 hyggelige mennesker med samme interesse er helt fantastisk! Vi fikk god tid til \u00e5 bli kjent med hverandre, b\u00e5de gjennom lek og moro, og helgen bestod av enorm fotoglede og god mat og drikke, ispedd mye latter! Vi anbefaler alle p\u00e5 det sterkeste \u00e5 ta seg en tur til Harast\u00f8len mens bygningen fremdeles er der! Den glade gjengen som var p\u00e5 Harast\u00f8len:<\/p>\n<div id=\"attachment_746\" style=\"width: 1010px\" class=\"wp-caption alignnone\"><a href=\"http:\/\/nsff.no\/magasinet\/wp-content\/uploads\/sites\/2\/2014\/04\/11-Oddbj\u00f8rn-Steffensen-01_R.jpg\"><img loading=\"lazy\" decoding=\"async\" aria-describedby=\"caption-attachment-746\" class=\"size-full wp-image-746\" src=\"http:\/\/nsff.no\/magasinet\/wp-content\/uploads\/sites\/2\/2014\/04\/11-Oddbj\u00f8rn-Steffensen-01_R.jpg\" alt=\"11---Oddbj\u00f8rn-Steffensen-01_R\" height=\"712\" width=\"1000\"><\/a><p id=\"caption-attachment-746\" class=\"wp-caption-text\">Fra venstre: Jannice B\u00e5rtvedt (BFK\/OFK), Halvor Larsen (BFK), Gry Andersson Offernes (OFK), Jim Hansen (BFK), Anne Aarhus R\u00f8berg (OFK), Janne Monsen (BFK), Chalee Hansen (BFK), Fr\u00e9d\u00e9ric Verhelst (BFK), Unni Brekke (BFK), Tore Solvang (OFK), Nina Hodneland (OFK), Bjarte L\u00f8vaas Haugland (OFK\/ BFK), Eva Marie Hauge (OFK), Silje Leps\u00f8y (OFK), Audhill Paus (OFK), Oddbj\u00f8rn Steffensen (BFK).<br \/><strong>Foto: Oddbj\u00f8rn Steffensen<\/strong><\/p><\/div>\n<p>[\/et_pb_text][\/et_pb_column][\/et_pb_row][\/et_pb_section][et_pb_section admin_label=&raquo;Seksjon&raquo; global_module=&raquo;3290&#8243; fullwidth=&raquo;off&raquo; specialty=&raquo;off&raquo; transparent_background=&raquo;off&raquo; background_color=&raquo;#ffffff&raquo; allow_player_pause=&raquo;off&raquo; inner_shadow=&raquo;off&raquo; parallax=&raquo;off&raquo; parallax_method=&raquo;off&raquo; padding_mobile=&raquo;off&raquo; make_fullwidth=&raquo;off&raquo; use_custom_width=&raquo;off&raquo; width_unit=&raquo;on&raquo; make_equal=&raquo;off&raquo; use_custom_gutter=&raquo;off&raquo;][et_pb_row global_parent=&raquo;3290&#8243; admin_label=&raquo;Rad&raquo;][et_pb_column type=&raquo;4_4&#8243;][et_pb_divider global_parent=&raquo;3290&#8243; admin_label=&raquo;Skillelinje&raquo; color=&raquo;#0c71c3&#8243; show_divider=&raquo;on&raquo; divider_style=&raquo;solid&raquo; divider_position=&raquo;top&raquo; hide_on_mobile=&raquo;on&raquo;]<\/p>\n<p>[\/et_pb_divider][\/et_pb_column][\/et_pb_row][et_pb_row global_parent=&raquo;3290&#8243; admin_label=&raquo;Rad&raquo;][et_pb_column type=&raquo;1_3&#8243;][et_pb_image global_parent=&raquo;3290&#8243; admin_label=&raquo;Bilde&raquo; src=&raquo;http:\/\/nsff.no\/magasinet\/wp-content\/uploads\/sites\/2\/2014\/04\/osfotoklubb.png&raquo; alt=&raquo;Os fotoklubb&raquo; show_in_lightbox=&raquo;off&raquo; url=&raquo;http:\/\/www.osfotoklubb.com\/&raquo; url_new_window=&raquo;on&raquo; use_overlay=&raquo;off&raquo; animation=&raquo;off&raquo; sticky=&raquo;off&raquo; align=&raquo;left&raquo; force_fullwidth=&raquo;off&raquo; always_center_on_mobile=&raquo;on&raquo; use_border_color=&raquo;off&raquo; border_color=&raquo;#ffffff&raquo; border_style=&raquo;solid&raquo;]<\/p>\n<p>[\/et_pb_image][\/et_pb_column][et_pb_column type=&raquo;2_3&#8243;][et_pb_text global_parent=&raquo;3290&#8243; admin_label=&raquo;Tekst&raquo; background_layout=&raquo;light&raquo; text_orientation=&raquo;left&raquo; use_border_color=&raquo;off&raquo; border_color=&raquo;#ffffff&raquo; border_style=&raquo;solid&raquo;]<\/p>\n<h2><a href=\"http:\/\/www.osfotoklubb.com\/\" target=\"_blank\">Os fotoklubb<\/a><\/h2>\n<p>En klubb med klart fokus! <\/p>\n<p>Os fotoklubb ble stiftet 22. januar 2011. Klubben har ingen aldersgrense, felles har vi foto som interesse. Om du er helt fersk eller har drevet med dette lenge, om du kan mye eller \u00f8nsker \u00e5 l\u00e6re mer s\u00e5 har vi god plass til deg! Enda ikke meldt deg inn i klubben? Du er hjertelig velkommen til \u00e5 stikke innom en av dagene vi er samlet for \u00e5 se hva vi driver med f\u00f8r du velger \u00e5 melde deg inn.<\/p>\n<p>[\/et_pb_text][\/et_pb_column][\/et_pb_row][\/et_pb_section]<\/p>\n","protected":false},"excerpt":{"rendered":"<p>Reisebrev fra Os og Bekkalokket fotoklubbers tur til Harast\u00f8len sanatorium i Luster, krydret med bilder tatt under oppholdet.<\/p>\n","protected":false},"author":12,"featured_media":744,"comment_status":"open","ping_status":"open","sticky":false,"template":"","format":"standard","meta":{"_et_pb_use_builder":"on","_et_pb_old_content":"<em>Foto over: Nina Hodneland, \"Endless Waiting\", modell Silje Leps\u00f8y.<\/em>\r\n\r\nJeg hadde lenge hatt lyst \u00e5 reise til Luster for \u00e5 oppleve Harast\u00f8len sanatorium f\u00f8r det blir revet. Da jeg nevnte dette stedet for gjengen i Os Fotoklubb h\u00f8sten 2013 var interessen stor, og det var mange som hadde lyst \u00e5 v\u00e6re med p\u00e5 tur. Dermed satte vi i arrangementskomiteen igang planleggingen! Vi bestilte to store hytter hos <a href=\"http:\/\/www.sogn-fjordhytter.no\/\" target=\"_blank\">Sogn Fjordhytter<\/a>, og vi fikk avtalt guidet tur p\u00e5 Harast\u00f8len med Kristian Nilssen som driver og jobber der oppe. Og da vi halvveis i planleggingen fikk sp\u00f8rsm\u00e5l om noen av medlemmer fra Bekkalokket Fotoklubb kunne f\u00e5 v\u00e6re med oss p\u00e5 tur, sa vi selvf\u00f8lgelig ja!\r\n\r\n4.-6. april 2014 reiste 9 medlemmer fra Os Fotoklubb og 7 medlemmer fra Bekkalokket Fotoklubb p\u00e5 tur sammen, og for en fantastisk tur vi hadde!!\r\n\r\n<h2>Historien<\/h2>\r\n[caption id=\"attachment_745\" align=\"alignright\" width=\"352\"]<a href=\"http:\/\/nsff.no\/magasinet\/wp-content\/uploads\/sites\/2\/2014\/04\/10-Nina-Hodneland-03_R.jpg\"><img class=\" wp-image-745 \" style=\"border: 1px solid black;margin: 10px 15px\" src=\"http:\/\/nsff.no\/magasinet\/wp-content\/uploads\/sites\/2\/2014\/04\/10-Nina-Hodneland-03_R.jpg\" alt=\"Harast\u00f8len sanatorium\" width=\"352\" height=\"235\" \/><\/a> Harast\u00f8len Sanatorium<br \/>Foto: Nina Hodneland[\/caption]\r\n\r\nHarast\u00f8len, Lyster Sanatorium ble \u00e5pnet 2. november 1902 som et tuberkulosesykehus med 96 sengeplasser. Bygningen er plassert oppe i fjellsiden, 500 m. over havet. Grunnen til plasseringen var det gunstige klimaet for pasientene, med den friske fjelluften. Da det etter andre verdenskrig kom kur for tuberkulose m\u00e5tte driften legges om, og det ble da omgjort til psykiatrisk sykehus. Harast\u00f8len hadde n\u00e5 utvidet til 150 sengeplasser, og fungerte som psykiatrisk sykehus frem til 1991 da det igjen ble st\u00e5ende tomt. Men det varte ikke lenge f\u00f8r de nok en gang fant et nytt bruksomr\u00e5de for bygningen, og denne gangen ble Harast\u00f8len brukt som asylmottak for flyktninger fra det tidligere Jugoslavia og Bosnia i et par \u00e5r frem mot midten av 90-tallet.\r\n\r\nDe siste 20 \u00e5rene har Harast\u00f8len st\u00e5tt tomt, og bygget har forfalt enormt. Det har v\u00e6rt, og er, fremdeles store diskusjoner om hva som skal gj\u00f8res med bygget, men det ser n\u00e5 dessverre ut som det g\u00e5r mot riving i 2015.\r\n\r\nEtter en lang og flott tur fra Os og Bergen med mange fotostopp underveis kom vi frem til Luster fredag ettermiddag! De ivrigste kunne ikke vente til l\u00f8rdagen og kj\u00f8rte straks avsted den 6,1 km lange svingete veien opp til Harast\u00f8len, for \u00e5 sikre seg flotte fotominner i aftensol!\r\n\r\nDe ivrigste stod ogs\u00e5 opp grytidlig l\u00f8rdagsmorgen for nok en gang \u00e5 kj\u00f8re den svingete veien opp for \u00e5 f\u00e5 bilder av Harast\u00f8len i soloppgang. Ved ti-tiden, etter en god frokost og sm\u00f8ring av niste, reiste vi alle opp og m\u00f8tte Kristian Nilssen, selvutnevnt sanatoriedirekt\u00f8r som st\u00e5r for litt vedlikehold av bygget der oppe i fjellsiden.\r\n\r\nHan viste oss villig rundt i den store bygningen p\u00e5 5 etasjer. Etter omvisningen fikk vi lov \u00e5 g\u00e5 rundt p\u00e5 egenh\u00e5nd, og det var n\u00e5 det virkelig begynte \u00e5 bli g\u00f8y! Folk delte seg inn i mindre grupper, og spredte seg rundt i den store bygningen. Noen hadde med seg rekvisitter som bamser og dukker, andre hadde med seg teatersminke, englevinger og sommerkjoler. Vi hadde ogs\u00e5 f\u00e5tt l\u00e5ne med oss to gamle originale sykepleieruniformer fra tidlig p\u00e5 1900-tallet som ble brukt for \u00e5 skape litt stemning. Fotogleden var til \u00e5 ta og f\u00f8le p\u00e5!","_et_gb_content_width":"","footnotes":""},"categories":[91,51],"tags":[55,57,52,56,53,54],"class_list":["post-736","post","type-post","status-publish","format-standard","has-post-thumbnail","hentry","category-inspirasjon","category-reisebrev","tag-bekkalokket-fotoklubb","tag-fototur","tag-harastolen","tag-klubbtur","tag-luster","tag-os-fotoklubb","et-has-post-format-content","et_post_format-et-post-format-standard"],"yoast_head":"<!-- This site is optimized with the Yoast SEO plugin v27.5 - https:\/\/yoast.com\/product\/yoast-seo-wordpress\/ -->\n<title>Harast\u00f8len; fotogent. - NSFF Magasin | Norsk Selskap for Fotografi<\/title>\n<meta name=\"description\" content=\"Reisebrev fra Os og Bekkalokket fotoklubbers tur til Harast\u00f8len sanatorium i Luster, krydret med bilder tatt under oppholdet.\" \/>\n<meta name=\"robots\" content=\"index, follow, max-snippet:-1, max-image-preview:large, max-video-preview:-1\" \/>\n<link rel=\"canonical\" href=\"https:\/\/nsff.no\/magasinet\/2014\/04\/27\/harastolen-fotogent\/\" \/>\n<meta property=\"og:locale\" content=\"nb_NO\" \/>\n<meta property=\"og:type\" content=\"article\" \/>\n<meta property=\"og:title\" content=\"Harast\u00f8len; fotogent. - NSFF Magasin | Norsk Selskap for Fotografi\" \/>\n<meta property=\"og:description\" content=\"Reisebrev fra Os og Bekkalokket fotoklubbers tur til Harast\u00f8len sanatorium i Luster, krydret med bilder tatt under oppholdet.\" \/>\n<meta property=\"og:url\" content=\"https:\/\/nsff.no\/magasinet\/2014\/04\/27\/harastolen-fotogent\/\" \/>\n<meta property=\"og:site_name\" content=\"NSFF Magasin | Norsk Selskap for Fotografi\" \/>\n<meta property=\"article:published_time\" content=\"2014-04-27T16:02:47+00:00\" \/>\n<meta property=\"article:modified_time\" content=\"2016-06-15T19:09:53+00:00\" \/>\n<meta property=\"og:image\" content=\"https:\/\/nsff.no\/magasinet\/wp-content\/uploads\/sites\/2\/2014\/04\/11-Oddbj\u00f8rn-Steffensen-01_R.jpg\" \/>\n\t<meta property=\"og:image:width\" content=\"1\" \/>\n\t<meta property=\"og:image:height\" content=\"1\" \/>\n\t<meta property=\"og:image:type\" content=\"image\/jpeg\" \/>\n<meta name=\"author\" content=\"Nina Hodneland\" \/>\n<meta name=\"twitter:card\" content=\"summary_large_image\" \/>\n<meta name=\"twitter:label1\" content=\"Skrevet av\" \/>\n\t<meta name=\"twitter:data1\" content=\"Nina Hodneland\" \/>\n\t<meta name=\"twitter:label2\" content=\"Ansl. lesetid\" \/>\n\t<meta name=\"twitter:data2\" content=\"6 minutter\" \/>\n<script type=\"application\/ld+json\" class=\"yoast-schema-graph\">{\"@context\":\"https:\\\/\\\/schema.org\",\"@graph\":[{\"@type\":\"Article\",\"@id\":\"https:\\\/\\\/nsff.no\\\/magasinet\\\/2014\\\/04\\\/27\\\/harastolen-fotogent\\\/#article\",\"isPartOf\":{\"@id\":\"https:\\\/\\\/nsff.no\\\/magasinet\\\/2014\\\/04\\\/27\\\/harastolen-fotogent\\\/\"},\"author\":{\"name\":\"Nina Hodneland\",\"@id\":\"https:\\\/\\\/nsff.no\\\/magasinet\\\/#\\\/schema\\\/person\\\/b36ff1ce04e1f3314c8ae9cd719619d2\"},\"headline\":\"Harast\u00f8len; fotogent.\",\"datePublished\":\"2014-04-27T16:02:47+00:00\",\"dateModified\":\"2016-06-15T19:09:53+00:00\",\"mainEntityOfPage\":{\"@id\":\"https:\\\/\\\/nsff.no\\\/magasinet\\\/2014\\\/04\\\/27\\\/harastolen-fotogent\\\/\"},\"wordCount\":1192,\"commentCount\":0,\"publisher\":{\"@id\":\"https:\\\/\\\/nsff.no\\\/magasinet\\\/#organization\"},\"image\":{\"@id\":\"https:\\\/\\\/nsff.no\\\/magasinet\\\/2014\\\/04\\\/27\\\/harastolen-fotogent\\\/#primaryimage\"},\"thumbnailUrl\":\"https:\\\/\\\/nsff.no\\\/magasinet\\\/wp-content\\\/uploads\\\/sites\\\/2\\\/2014\\\/04\\\/09-Nina-Hodneland-02_R.jpg\",\"keywords\":[\"Bekkalokket Fotoklubb\",\"fototur\",\"Harast\u00f8len\",\"klubbtur\",\"Luster\",\"Os Fotoklubb\"],\"articleSection\":[\"Inspirasjon\",\"Reisebrev\"],\"inLanguage\":\"nb-NO\",\"potentialAction\":[{\"@type\":\"CommentAction\",\"name\":\"Comment\",\"target\":[\"https:\\\/\\\/nsff.no\\\/magasinet\\\/2014\\\/04\\\/27\\\/harastolen-fotogent\\\/#respond\"]}]},{\"@type\":\"WebPage\",\"@id\":\"https:\\\/\\\/nsff.no\\\/magasinet\\\/2014\\\/04\\\/27\\\/harastolen-fotogent\\\/\",\"url\":\"https:\\\/\\\/nsff.no\\\/magasinet\\\/2014\\\/04\\\/27\\\/harastolen-fotogent\\\/\",\"name\":\"Harast\u00f8len; fotogent. - NSFF Magasin | Norsk Selskap for Fotografi\",\"isPartOf\":{\"@id\":\"https:\\\/\\\/nsff.no\\\/magasinet\\\/#website\"},\"primaryImageOfPage\":{\"@id\":\"https:\\\/\\\/nsff.no\\\/magasinet\\\/2014\\\/04\\\/27\\\/harastolen-fotogent\\\/#primaryimage\"},\"image\":{\"@id\":\"https:\\\/\\\/nsff.no\\\/magasinet\\\/2014\\\/04\\\/27\\\/harastolen-fotogent\\\/#primaryimage\"},\"thumbnailUrl\":\"https:\\\/\\\/nsff.no\\\/magasinet\\\/wp-content\\\/uploads\\\/sites\\\/2\\\/2014\\\/04\\\/09-Nina-Hodneland-02_R.jpg\",\"datePublished\":\"2014-04-27T16:02:47+00:00\",\"dateModified\":\"2016-06-15T19:09:53+00:00\",\"description\":\"Reisebrev fra Os og Bekkalokket fotoklubbers tur til Harast\u00f8len sanatorium i Luster, krydret med bilder tatt under oppholdet.\",\"breadcrumb\":{\"@id\":\"https:\\\/\\\/nsff.no\\\/magasinet\\\/2014\\\/04\\\/27\\\/harastolen-fotogent\\\/#breadcrumb\"},\"inLanguage\":\"nb-NO\",\"potentialAction\":[{\"@type\":\"ReadAction\",\"target\":[\"https:\\\/\\\/nsff.no\\\/magasinet\\\/2014\\\/04\\\/27\\\/harastolen-fotogent\\\/\"]}]},{\"@type\":\"ImageObject\",\"inLanguage\":\"nb-NO\",\"@id\":\"https:\\\/\\\/nsff.no\\\/magasinet\\\/2014\\\/04\\\/27\\\/harastolen-fotogent\\\/#primaryimage\",\"url\":\"https:\\\/\\\/nsff.no\\\/magasinet\\\/wp-content\\\/uploads\\\/sites\\\/2\\\/2014\\\/04\\\/09-Nina-Hodneland-02_R.jpg\",\"contentUrl\":\"https:\\\/\\\/nsff.no\\\/magasinet\\\/wp-content\\\/uploads\\\/sites\\\/2\\\/2014\\\/04\\\/09-Nina-Hodneland-02_R.jpg\",\"caption\":\"\\\"Endless Waiting\\\"---Nina Hodneland (Modell: Silje Leps\u00f8y)\"},{\"@type\":\"BreadcrumbList\",\"@id\":\"https:\\\/\\\/nsff.no\\\/magasinet\\\/2014\\\/04\\\/27\\\/harastolen-fotogent\\\/#breadcrumb\",\"itemListElement\":[{\"@type\":\"ListItem\",\"position\":1,\"name\":\"Hjem\",\"item\":\"https:\\\/\\\/nsff.no\\\/magasinet\\\/\"},{\"@type\":\"ListItem\",\"position\":2,\"name\":\"Harast\u00f8len; fotogent.\"}]},{\"@type\":\"WebSite\",\"@id\":\"https:\\\/\\\/nsff.no\\\/magasinet\\\/#website\",\"url\":\"https:\\\/\\\/nsff.no\\\/magasinet\\\/\",\"name\":\"NSFF Magasin | Norsk Selskap for Fotografi\",\"description\":\"Medlemsmagasin for film- og fotoentusiaster\",\"publisher\":{\"@id\":\"https:\\\/\\\/nsff.no\\\/magasinet\\\/#organization\"},\"potentialAction\":[{\"@type\":\"SearchAction\",\"target\":{\"@type\":\"EntryPoint\",\"urlTemplate\":\"https:\\\/\\\/nsff.no\\\/magasinet\\\/?s={search_term_string}\"},\"query-input\":{\"@type\":\"PropertyValueSpecification\",\"valueRequired\":true,\"valueName\":\"search_term_string\"}}],\"inLanguage\":\"nb-NO\"},{\"@type\":\"Organization\",\"@id\":\"https:\\\/\\\/nsff.no\\\/magasinet\\\/#organization\",\"name\":\"Norsk Selskap for Fotografo\",\"url\":\"https:\\\/\\\/nsff.no\\\/magasinet\\\/\",\"logo\":{\"@type\":\"ImageObject\",\"inLanguage\":\"nb-NO\",\"@id\":\"https:\\\/\\\/nsff.no\\\/magasinet\\\/#\\\/schema\\\/logo\\\/image\\\/\",\"url\":\"https:\\\/\\\/nsff.no\\\/magasinet\\\/wp-content\\\/uploads\\\/sites\\\/2\\\/2016\\\/05\\\/NSFF-fb-lenkebilde.png\",\"contentUrl\":\"https:\\\/\\\/nsff.no\\\/magasinet\\\/wp-content\\\/uploads\\\/sites\\\/2\\\/2016\\\/05\\\/NSFF-fb-lenkebilde.png\",\"width\":1,\"height\":1,\"caption\":\"Norsk Selskap for Fotografo\"},\"image\":{\"@id\":\"https:\\\/\\\/nsff.no\\\/magasinet\\\/#\\\/schema\\\/logo\\\/image\\\/\"}},{\"@type\":\"Person\",\"@id\":\"https:\\\/\\\/nsff.no\\\/magasinet\\\/#\\\/schema\\\/person\\\/b36ff1ce04e1f3314c8ae9cd719619d2\",\"name\":\"Nina Hodneland\",\"image\":{\"@type\":\"ImageObject\",\"inLanguage\":\"nb-NO\",\"@id\":\"https:\\\/\\\/secure.gravatar.com\\\/avatar\\\/18995e0409c9d5d17aa9b20abbd6073d4cf3194fc6a42a247b2b8ac9148ac9b7?s=96&d=mm&r=g\",\"url\":\"https:\\\/\\\/secure.gravatar.com\\\/avatar\\\/18995e0409c9d5d17aa9b20abbd6073d4cf3194fc6a42a247b2b8ac9148ac9b7?s=96&d=mm&r=g\",\"contentUrl\":\"https:\\\/\\\/secure.gravatar.com\\\/avatar\\\/18995e0409c9d5d17aa9b20abbd6073d4cf3194fc6a42a247b2b8ac9148ac9b7?s=96&d=mm&r=g\",\"caption\":\"Nina Hodneland\"},\"description\":\"Medlem av Os Fotoklubb.\",\"url\":\"https:\\\/\\\/nsff.no\\\/magasinet\\\/author\\\/ninahodneland\\\/\"}]}<\/script>\n<!-- \/ Yoast SEO plugin. -->","yoast_head_json":{"title":"Harast\u00f8len; fotogent. - NSFF Magasin | Norsk Selskap for Fotografi","description":"Reisebrev fra Os og Bekkalokket fotoklubbers tur til Harast\u00f8len sanatorium i Luster, krydret med bilder tatt under oppholdet.","robots":{"index":"index","follow":"follow","max-snippet":"max-snippet:-1","max-image-preview":"max-image-preview:large","max-video-preview":"max-video-preview:-1"},"canonical":"https:\/\/nsff.no\/magasinet\/2014\/04\/27\/harastolen-fotogent\/","og_locale":"nb_NO","og_type":"article","og_title":"Harast\u00f8len; fotogent. - NSFF Magasin | Norsk Selskap for Fotografi","og_description":"Reisebrev fra Os og Bekkalokket fotoklubbers tur til Harast\u00f8len sanatorium i Luster, krydret med bilder tatt under oppholdet.","og_url":"https:\/\/nsff.no\/magasinet\/2014\/04\/27\/harastolen-fotogent\/","og_site_name":"NSFF Magasin | Norsk Selskap for Fotografi","article_published_time":"2014-04-27T16:02:47+00:00","article_modified_time":"2016-06-15T19:09:53+00:00","og_image":[{"url":"https:\/\/nsff.no\/magasinet\/wp-content\/uploads\/sites\/2\/2014\/04\/11-Oddbj\u00f8rn-Steffensen-01_R.jpg","width":1,"height":1,"type":"image\/jpeg"}],"author":"Nina Hodneland","twitter_card":"summary_large_image","twitter_misc":{"Skrevet av":"Nina Hodneland","Ansl. lesetid":"6 minutter"},"schema":{"@context":"https:\/\/schema.org","@graph":[{"@type":"Article","@id":"https:\/\/nsff.no\/magasinet\/2014\/04\/27\/harastolen-fotogent\/#article","isPartOf":{"@id":"https:\/\/nsff.no\/magasinet\/2014\/04\/27\/harastolen-fotogent\/"},"author":{"name":"Nina Hodneland","@id":"https:\/\/nsff.no\/magasinet\/#\/schema\/person\/b36ff1ce04e1f3314c8ae9cd719619d2"},"headline":"Harast\u00f8len; fotogent.","datePublished":"2014-04-27T16:02:47+00:00","dateModified":"2016-06-15T19:09:53+00:00","mainEntityOfPage":{"@id":"https:\/\/nsff.no\/magasinet\/2014\/04\/27\/harastolen-fotogent\/"},"wordCount":1192,"commentCount":0,"publisher":{"@id":"https:\/\/nsff.no\/magasinet\/#organization"},"image":{"@id":"https:\/\/nsff.no\/magasinet\/2014\/04\/27\/harastolen-fotogent\/#primaryimage"},"thumbnailUrl":"https:\/\/nsff.no\/magasinet\/wp-content\/uploads\/sites\/2\/2014\/04\/09-Nina-Hodneland-02_R.jpg","keywords":["Bekkalokket Fotoklubb","fototur","Harast\u00f8len","klubbtur","Luster","Os Fotoklubb"],"articleSection":["Inspirasjon","Reisebrev"],"inLanguage":"nb-NO","potentialAction":[{"@type":"CommentAction","name":"Comment","target":["https:\/\/nsff.no\/magasinet\/2014\/04\/27\/harastolen-fotogent\/#respond"]}]},{"@type":"WebPage","@id":"https:\/\/nsff.no\/magasinet\/2014\/04\/27\/harastolen-fotogent\/","url":"https:\/\/nsff.no\/magasinet\/2014\/04\/27\/harastolen-fotogent\/","name":"Harast\u00f8len; fotogent. - NSFF Magasin | Norsk Selskap for Fotografi","isPartOf":{"@id":"https:\/\/nsff.no\/magasinet\/#website"},"primaryImageOfPage":{"@id":"https:\/\/nsff.no\/magasinet\/2014\/04\/27\/harastolen-fotogent\/#primaryimage"},"image":{"@id":"https:\/\/nsff.no\/magasinet\/2014\/04\/27\/harastolen-fotogent\/#primaryimage"},"thumbnailUrl":"https:\/\/nsff.no\/magasinet\/wp-content\/uploads\/sites\/2\/2014\/04\/09-Nina-Hodneland-02_R.jpg","datePublished":"2014-04-27T16:02:47+00:00","dateModified":"2016-06-15T19:09:53+00:00","description":"Reisebrev fra Os og Bekkalokket fotoklubbers tur til Harast\u00f8len sanatorium i Luster, krydret med bilder tatt under oppholdet.","breadcrumb":{"@id":"https:\/\/nsff.no\/magasinet\/2014\/04\/27\/harastolen-fotogent\/#breadcrumb"},"inLanguage":"nb-NO","potentialAction":[{"@type":"ReadAction","target":["https:\/\/nsff.no\/magasinet\/2014\/04\/27\/harastolen-fotogent\/"]}]},{"@type":"ImageObject","inLanguage":"nb-NO","@id":"https:\/\/nsff.no\/magasinet\/2014\/04\/27\/harastolen-fotogent\/#primaryimage","url":"https:\/\/nsff.no\/magasinet\/wp-content\/uploads\/sites\/2\/2014\/04\/09-Nina-Hodneland-02_R.jpg","contentUrl":"https:\/\/nsff.no\/magasinet\/wp-content\/uploads\/sites\/2\/2014\/04\/09-Nina-Hodneland-02_R.jpg","caption":"\"Endless Waiting\"---Nina Hodneland (Modell: Silje Leps\u00f8y)"},{"@type":"BreadcrumbList","@id":"https:\/\/nsff.no\/magasinet\/2014\/04\/27\/harastolen-fotogent\/#breadcrumb","itemListElement":[{"@type":"ListItem","position":1,"name":"Hjem","item":"https:\/\/nsff.no\/magasinet\/"},{"@type":"ListItem","position":2,"name":"Harast\u00f8len; fotogent."}]},{"@type":"WebSite","@id":"https:\/\/nsff.no\/magasinet\/#website","url":"https:\/\/nsff.no\/magasinet\/","name":"NSFF Magasin | Norsk Selskap for Fotografi","description":"Medlemsmagasin for film- og fotoentusiaster","publisher":{"@id":"https:\/\/nsff.no\/magasinet\/#organization"},"potentialAction":[{"@type":"SearchAction","target":{"@type":"EntryPoint","urlTemplate":"https:\/\/nsff.no\/magasinet\/?s={search_term_string}"},"query-input":{"@type":"PropertyValueSpecification","valueRequired":true,"valueName":"search_term_string"}}],"inLanguage":"nb-NO"},{"@type":"Organization","@id":"https:\/\/nsff.no\/magasinet\/#organization","name":"Norsk Selskap for Fotografo","url":"https:\/\/nsff.no\/magasinet\/","logo":{"@type":"ImageObject","inLanguage":"nb-NO","@id":"https:\/\/nsff.no\/magasinet\/#\/schema\/logo\/image\/","url":"https:\/\/nsff.no\/magasinet\/wp-content\/uploads\/sites\/2\/2016\/05\/NSFF-fb-lenkebilde.png","contentUrl":"https:\/\/nsff.no\/magasinet\/wp-content\/uploads\/sites\/2\/2016\/05\/NSFF-fb-lenkebilde.png","width":1,"height":1,"caption":"Norsk Selskap for Fotografo"},"image":{"@id":"https:\/\/nsff.no\/magasinet\/#\/schema\/logo\/image\/"}},{"@type":"Person","@id":"https:\/\/nsff.no\/magasinet\/#\/schema\/person\/b36ff1ce04e1f3314c8ae9cd719619d2","name":"Nina Hodneland","image":{"@type":"ImageObject","inLanguage":"nb-NO","@id":"https:\/\/secure.gravatar.com\/avatar\/18995e0409c9d5d17aa9b20abbd6073d4cf3194fc6a42a247b2b8ac9148ac9b7?s=96&d=mm&r=g","url":"https:\/\/secure.gravatar.com\/avatar\/18995e0409c9d5d17aa9b20abbd6073d4cf3194fc6a42a247b2b8ac9148ac9b7?s=96&d=mm&r=g","contentUrl":"https:\/\/secure.gravatar.com\/avatar\/18995e0409c9d5d17aa9b20abbd6073d4cf3194fc6a42a247b2b8ac9148ac9b7?s=96&d=mm&r=g","caption":"Nina Hodneland"},"description":"Medlem av Os Fotoklubb.","url":"https:\/\/nsff.no\/magasinet\/author\/ninahodneland\/"}]}},"_links":{"self":[{"href":"https:\/\/nsff.no\/magasinet\/wp-json\/wp\/v2\/posts\/736","targetHints":{"allow":["GET"]}}],"collection":[{"href":"https:\/\/nsff.no\/magasinet\/wp-json\/wp\/v2\/posts"}],"about":[{"href":"https:\/\/nsff.no\/magasinet\/wp-json\/wp\/v2\/types\/post"}],"author":[{"embeddable":true,"href":"https:\/\/nsff.no\/magasinet\/wp-json\/wp\/v2\/users\/12"}],"replies":[{"embeddable":true,"href":"https:\/\/nsff.no\/magasinet\/wp-json\/wp\/v2\/comments?post=736"}],"version-history":[{"count":7,"href":"https:\/\/nsff.no\/magasinet\/wp-json\/wp\/v2\/posts\/736\/revisions"}],"predecessor-version":[{"id":3337,"href":"https:\/\/nsff.no\/magasinet\/wp-json\/wp\/v2\/posts\/736\/revisions\/3337"}],"wp:featuredmedia":[{"embeddable":true,"href":"https:\/\/nsff.no\/magasinet\/wp-json\/wp\/v2\/media\/744"}],"wp:attachment":[{"href":"https:\/\/nsff.no\/magasinet\/wp-json\/wp\/v2\/media?parent=736"}],"wp:term":[{"taxonomy":"category","embeddable":true,"href":"https:\/\/nsff.no\/magasinet\/wp-json\/wp\/v2\/categories?post=736"},{"taxonomy":"post_tag","embeddable":true,"href":"https:\/\/nsff.no\/magasinet\/wp-json\/wp\/v2\/tags?post=736"}],"curies":[{"name":"wp","href":"https:\/\/api.w.org\/{rel}","templated":true}]}}