{"id":7096,"date":"2018-07-01T20:14:28","date_gmt":"2018-07-01T18:14:28","guid":{"rendered":"http:\/\/nsff.no\/magasinet\/?p=7096"},"modified":"2018-07-01T20:14:28","modified_gmt":"2018-07-01T18:14:28","slug":"fiap-kongress-durban-sor-afrika-fotosafari","status":"publish","type":"post","link":"https:\/\/nsff.no\/magasinet\/2018\/07\/01\/fiap-kongress-durban-sor-afrika-fotosafari\/","title":{"rendered":"Skal du p\u00e5 \u00e5rets FIAP-kongress i Durban, S\u00f8r-Afrika? Delta p\u00e5 fotosafari!"},"content":{"rendered":"<p><strong>Skal du p\u00e5 \u00e5rets <a href=\"https:\/\/www.facebook.com\/FIAPCongress2018\/\" rel=\"noopener\" target=\"_blank\">FIAP-kongress i Durban, S\u00f8r-Afrika<\/a>? Da har du ogs\u00e5 muligheten til \u00e5 v\u00e6re med p\u00e5 fotosafari:<\/strong><\/p>\n<p><a href=\"https:\/\/www.facebook.com\/FIAPCongress2018\/\" rel=\"noopener\" target=\"_blank\"><img loading=\"lazy\" decoding=\"async\" src=\"http:\/\/nsff.no\/magasinet\/wp-content\/uploads\/sites\/2\/2018\/07\/unnamed.jpg\" alt=\"FIAP-kongress i Durban, S\u00f8r-Afrika\" width=\"820\" height=\"312\" class=\"alignnone size-full wp-image-7097\" srcset=\"https:\/\/nsff.no\/magasinet\/wp-content\/uploads\/sites\/2\/2018\/07\/unnamed.jpg 820w, https:\/\/nsff.no\/magasinet\/wp-content\/uploads\/sites\/2\/2018\/07\/unnamed-300x114.jpg 300w, https:\/\/nsff.no\/magasinet\/wp-content\/uploads\/sites\/2\/2018\/07\/unnamed-768x292.jpg 768w\" sizes=\"(max-width: 820px) 100vw, 820px\" \/><\/a><\/p>\n<p>There are only two months to go until the 34th FIAP Congress in Durban, South Africa! We have seats available for only 2 photo safaris:<\/p>\n<p><strong>AFRICAN BIG TUSKERS &#038; ISIMANGALISO WETLANDS PHOTO SAFARI<\/strong><br \/>\n6 &#8211; 11 August 2018 (Pre-Congress)<br \/>\n\u20ac 3,400 pp sharing all inclusive<br \/>\n<a href=\"mailto:safari@myphotosafari.co.za\">INQUIRY \/ REQUEST A BOOKING FORM<\/a><br \/>\n<a href=\"http:\/\/www.myphotosafari.co.za\/packages.asp?safariCategory=1&#038;safariID=29\" rel=\"noopener\" target=\"_blank\">BOOK ONLINE<\/a><\/p>\n<p><strong>BIG 5 &#038; ISIMANGALISO WETLANDS PHOTO SAFARI<\/strong><br \/>\n17 &#8211; 22 August 2018 (Post-Congress)<br \/>\n\u20ac 3,600 pp sharing all inclusive<br \/>\n<a href=\"mailto:safari@myphotosafari.co.za\">INQUIRY \/ REQUEST A BOOKING FORM<\/a><br \/>\n<a href=\"http:\/\/www.myphotosafari.co.za\/packages.asp?safariCategory=1&#038;safariID=30\" rel=\"noopener\" target=\"_blank\">BOOK ONLINE<\/a><\/p>\n<p>MY PHOTO SAFARI is a wildlife and nature photo safari company offering you overwhelming photographic opportunities on our photo safaris in the undiscovered jewel of Africa; KwaZulu-Natal, a province in South Africa. Our photo safaris start and end in Durban and the price you pay is all inclusive (except personal things), so join us on one of these amazing photo safaris and leave Africa with some great memories!<\/p>\n<p><em>We look forward to hearing from you,<br \/>\nRory &#038; Alan | My Photo Safari<br \/>\nEmail: <a href=\"mailto:safari@myphotosafari.co.za\">safari@myphotosafari.co.za<\/a><br \/>\nPhone: +27 (72) 972 9478<\/em><\/p>\n","protected":false},"excerpt":{"rendered":"<p>Skal du p\u00e5 \u00e5rets FIAP-kongress i Durban, S\u00f8r-Afrika? Da har du ogs\u00e5 muligheten til \u00e5 v\u00e6re med p\u00e5 fotosafari &#8211; les mer om disse her.<\/p>\n","protected":false},"author":7,"featured_media":7098,"comment_status":"open","ping_status":"open","sticky":false,"template":"","format":"standard","meta":{"_et_pb_use_builder":"","_et_pb_old_content":"","_et_gb_content_width":"","footnotes":""},"categories":[91,261],"tags":[576,676,34,677,674,675],"class_list":["post-7096","post","type-post","status-publish","format-standard","has-post-thumbnail","hentry","category-inspirasjon","category-workshops-kurs","tag-576","tag-durban","tag-fiap","tag-fiap-kongress","tag-fotosafari","tag-sor-afrika","et-has-post-format-content","et_post_format-et-post-format-standard"],"yoast_head":"<!-- This site is optimized with the Yoast SEO plugin v27.5 - https:\/\/yoast.com\/product\/yoast-seo-wordpress\/ -->\n<title>Skal du p\u00e5 \u00e5rets FIAP-kongress i Durban, S\u00f8r-Afrika? Delta p\u00e5 fotosafari! - NSFF Magasin | Norsk Selskap for Fotografi<\/title>\n<meta name=\"description\" content=\"Skal du p\u00e5 \u00e5rets FIAP-kongress i Durban, S\u00f8r-Afrika? Da har du ogs\u00e5 muligheten til \u00e5 v\u00e6re med p\u00e5 fotosafari - les mer om disse her.\" \/>\n<meta name=\"robots\" content=\"index, follow, max-snippet:-1, max-image-preview:large, max-video-preview:-1\" \/>\n<link rel=\"canonical\" href=\"https:\/\/nsff.no\/magasinet\/2018\/07\/01\/fiap-kongress-durban-sor-afrika-fotosafari\/\" \/>\n<meta property=\"og:locale\" content=\"nb_NO\" \/>\n<meta property=\"og:type\" content=\"article\" \/>\n<meta property=\"og:title\" content=\"Skal du p\u00e5 \u00e5rets FIAP-kongress i Durban, S\u00f8r-Afrika? Delta p\u00e5 fotosafari! - NSFF Magasin | Norsk Selskap for Fotografi\" \/>\n<meta property=\"og:description\" content=\"Skal du p\u00e5 \u00e5rets FIAP-kongress i Durban, S\u00f8r-Afrika? Da har du ogs\u00e5 muligheten til \u00e5 v\u00e6re med p\u00e5 fotosafari - les mer om disse her.\" \/>\n<meta property=\"og:url\" content=\"https:\/\/nsff.no\/magasinet\/2018\/07\/01\/fiap-kongress-durban-sor-afrika-fotosafari\/\" \/>\n<meta property=\"og:site_name\" content=\"NSFF Magasin | Norsk Selskap for Fotografi\" \/>\n<meta property=\"article:published_time\" content=\"2018-07-01T18:14:28+00:00\" \/>\n<meta property=\"og:image\" content=\"https:\/\/nsff.no\/magasinet\/wp-content\/uploads\/sites\/2\/2018\/07\/Content105_2.jpg\" \/>\n\t<meta property=\"og:image:width\" content=\"1200\" \/>\n\t<meta property=\"og:image:height\" content=\"800\" \/>\n\t<meta property=\"og:image:type\" content=\"image\/jpeg\" \/>\n<meta name=\"author\" content=\"Birgit Fostervold\" \/>\n<meta name=\"twitter:card\" content=\"summary_large_image\" \/>\n<meta name=\"twitter:label1\" content=\"Skrevet av\" \/>\n\t<meta name=\"twitter:data1\" content=\"Birgit Fostervold\" \/>\n\t<meta name=\"twitter:label2\" content=\"Ansl. lesetid\" \/>\n\t<meta name=\"twitter:data2\" content=\"1 minutt\" \/>\n<script type=\"application\/ld+json\" class=\"yoast-schema-graph\">{\"@context\":\"https:\\\/\\\/schema.org\",\"@graph\":[{\"@type\":\"Article\",\"@id\":\"https:\\\/\\\/nsff.no\\\/magasinet\\\/2018\\\/07\\\/01\\\/fiap-kongress-durban-sor-afrika-fotosafari\\\/#article\",\"isPartOf\":{\"@id\":\"https:\\\/\\\/nsff.no\\\/magasinet\\\/2018\\\/07\\\/01\\\/fiap-kongress-durban-sor-afrika-fotosafari\\\/\"},\"author\":{\"name\":\"Birgit Fostervold\",\"@id\":\"https:\\\/\\\/nsff.no\\\/magasinet\\\/#\\\/schema\\\/person\\\/da041f968afa9bee0293372491a98303\"},\"headline\":\"Skal du p\u00e5 \u00e5rets FIAP-kongress i Durban, S\u00f8r-Afrika? Delta p\u00e5 fotosafari!\",\"datePublished\":\"2018-07-01T18:14:28+00:00\",\"mainEntityOfPage\":{\"@id\":\"https:\\\/\\\/nsff.no\\\/magasinet\\\/2018\\\/07\\\/01\\\/fiap-kongress-durban-sor-afrika-fotosafari\\\/\"},\"wordCount\":182,\"commentCount\":0,\"publisher\":{\"@id\":\"https:\\\/\\\/nsff.no\\\/magasinet\\\/#organization\"},\"image\":{\"@id\":\"https:\\\/\\\/nsff.no\\\/magasinet\\\/2018\\\/07\\\/01\\\/fiap-kongress-durban-sor-afrika-fotosafari\\\/#primaryimage\"},\"thumbnailUrl\":\"https:\\\/\\\/nsff.no\\\/magasinet\\\/wp-content\\\/uploads\\\/sites\\\/2\\\/2018\\\/07\\\/Content105_2.jpg\",\"keywords\":[\"2018\",\"Durban\",\"FIAP\",\"FIAP-kongress\",\"fotosafari\",\"S\u00f8r-Afrika\"],\"articleSection\":[\"Inspirasjon\",\"Workshops\\\/kurs\"],\"inLanguage\":\"nb-NO\",\"potentialAction\":[{\"@type\":\"CommentAction\",\"name\":\"Comment\",\"target\":[\"https:\\\/\\\/nsff.no\\\/magasinet\\\/2018\\\/07\\\/01\\\/fiap-kongress-durban-sor-afrika-fotosafari\\\/#respond\"]}]},{\"@type\":\"WebPage\",\"@id\":\"https:\\\/\\\/nsff.no\\\/magasinet\\\/2018\\\/07\\\/01\\\/fiap-kongress-durban-sor-afrika-fotosafari\\\/\",\"url\":\"https:\\\/\\\/nsff.no\\\/magasinet\\\/2018\\\/07\\\/01\\\/fiap-kongress-durban-sor-afrika-fotosafari\\\/\",\"name\":\"Skal du p\u00e5 \u00e5rets FIAP-kongress i Durban, S\u00f8r-Afrika? Delta p\u00e5 fotosafari! - NSFF Magasin | Norsk Selskap for Fotografi\",\"isPartOf\":{\"@id\":\"https:\\\/\\\/nsff.no\\\/magasinet\\\/#website\"},\"primaryImageOfPage\":{\"@id\":\"https:\\\/\\\/nsff.no\\\/magasinet\\\/2018\\\/07\\\/01\\\/fiap-kongress-durban-sor-afrika-fotosafari\\\/#primaryimage\"},\"image\":{\"@id\":\"https:\\\/\\\/nsff.no\\\/magasinet\\\/2018\\\/07\\\/01\\\/fiap-kongress-durban-sor-afrika-fotosafari\\\/#primaryimage\"},\"thumbnailUrl\":\"https:\\\/\\\/nsff.no\\\/magasinet\\\/wp-content\\\/uploads\\\/sites\\\/2\\\/2018\\\/07\\\/Content105_2.jpg\",\"datePublished\":\"2018-07-01T18:14:28+00:00\",\"description\":\"Skal du p\u00e5 \u00e5rets FIAP-kongress i Durban, S\u00f8r-Afrika? Da har du ogs\u00e5 muligheten til \u00e5 v\u00e6re med p\u00e5 fotosafari - les mer om disse her.\",\"breadcrumb\":{\"@id\":\"https:\\\/\\\/nsff.no\\\/magasinet\\\/2018\\\/07\\\/01\\\/fiap-kongress-durban-sor-afrika-fotosafari\\\/#breadcrumb\"},\"inLanguage\":\"nb-NO\",\"potentialAction\":[{\"@type\":\"ReadAction\",\"target\":[\"https:\\\/\\\/nsff.no\\\/magasinet\\\/2018\\\/07\\\/01\\\/fiap-kongress-durban-sor-afrika-fotosafari\\\/\"]}]},{\"@type\":\"ImageObject\",\"inLanguage\":\"nb-NO\",\"@id\":\"https:\\\/\\\/nsff.no\\\/magasinet\\\/2018\\\/07\\\/01\\\/fiap-kongress-durban-sor-afrika-fotosafari\\\/#primaryimage\",\"url\":\"https:\\\/\\\/nsff.no\\\/magasinet\\\/wp-content\\\/uploads\\\/sites\\\/2\\\/2018\\\/07\\\/Content105_2.jpg\",\"contentUrl\":\"https:\\\/\\\/nsff.no\\\/magasinet\\\/wp-content\\\/uploads\\\/sites\\\/2\\\/2018\\\/07\\\/Content105_2.jpg\",\"width\":1200,\"height\":800,\"caption\":\"Fotosafari FIAP-kongress i Durban, S\u00f8r-Afrika\"},{\"@type\":\"BreadcrumbList\",\"@id\":\"https:\\\/\\\/nsff.no\\\/magasinet\\\/2018\\\/07\\\/01\\\/fiap-kongress-durban-sor-afrika-fotosafari\\\/#breadcrumb\",\"itemListElement\":[{\"@type\":\"ListItem\",\"position\":1,\"name\":\"Hjem\",\"item\":\"https:\\\/\\\/nsff.no\\\/magasinet\\\/\"},{\"@type\":\"ListItem\",\"position\":2,\"name\":\"Skal du p\u00e5 \u00e5rets FIAP-kongress i Durban, S\u00f8r-Afrika? Delta p\u00e5 fotosafari!\"}]},{\"@type\":\"WebSite\",\"@id\":\"https:\\\/\\\/nsff.no\\\/magasinet\\\/#website\",\"url\":\"https:\\\/\\\/nsff.no\\\/magasinet\\\/\",\"name\":\"NSFF Magasin | Norsk Selskap for Fotografi\",\"description\":\"Medlemsmagasin for film- og fotoentusiaster\",\"publisher\":{\"@id\":\"https:\\\/\\\/nsff.no\\\/magasinet\\\/#organization\"},\"potentialAction\":[{\"@type\":\"SearchAction\",\"target\":{\"@type\":\"EntryPoint\",\"urlTemplate\":\"https:\\\/\\\/nsff.no\\\/magasinet\\\/?s={search_term_string}\"},\"query-input\":{\"@type\":\"PropertyValueSpecification\",\"valueRequired\":true,\"valueName\":\"search_term_string\"}}],\"inLanguage\":\"nb-NO\"},{\"@type\":\"Organization\",\"@id\":\"https:\\\/\\\/nsff.no\\\/magasinet\\\/#organization\",\"name\":\"Norsk Selskap for Fotografo\",\"url\":\"https:\\\/\\\/nsff.no\\\/magasinet\\\/\",\"logo\":{\"@type\":\"ImageObject\",\"inLanguage\":\"nb-NO\",\"@id\":\"https:\\\/\\\/nsff.no\\\/magasinet\\\/#\\\/schema\\\/logo\\\/image\\\/\",\"url\":\"https:\\\/\\\/nsff.no\\\/magasinet\\\/wp-content\\\/uploads\\\/sites\\\/2\\\/2016\\\/05\\\/NSFF-fb-lenkebilde.png\",\"contentUrl\":\"https:\\\/\\\/nsff.no\\\/magasinet\\\/wp-content\\\/uploads\\\/sites\\\/2\\\/2016\\\/05\\\/NSFF-fb-lenkebilde.png\",\"width\":1,\"height\":1,\"caption\":\"Norsk Selskap for Fotografo\"},\"image\":{\"@id\":\"https:\\\/\\\/nsff.no\\\/magasinet\\\/#\\\/schema\\\/logo\\\/image\\\/\"}},{\"@type\":\"Person\",\"@id\":\"https:\\\/\\\/nsff.no\\\/magasinet\\\/#\\\/schema\\\/person\\\/da041f968afa9bee0293372491a98303\",\"name\":\"Birgit Fostervold\",\"image\":{\"@type\":\"ImageObject\",\"inLanguage\":\"nb-NO\",\"@id\":\"https:\\\/\\\/secure.gravatar.com\\\/avatar\\\/d8b31664a01c80eecbf53f36dc41fa676bbfe7c78cb2391937a62f88da897950?s=96&d=mm&r=g\",\"url\":\"https:\\\/\\\/secure.gravatar.com\\\/avatar\\\/d8b31664a01c80eecbf53f36dc41fa676bbfe7c78cb2391937a62f88da897950?s=96&d=mm&r=g\",\"contentUrl\":\"https:\\\/\\\/secure.gravatar.com\\\/avatar\\\/d8b31664a01c80eecbf53f36dc41fa676bbfe7c78cb2391937a62f88da897950?s=96&d=mm&r=g\",\"caption\":\"Birgit Fostervold\"},\"description\":\"EsNSFF, HonENFFF, medlem i Homborsund fotoklubb og Arendal fotoklubb. Styremedlem NSFF, Nordisk Forbund for Fotografi og Norsk Naturfotofestival. Tidl. nestleder og konst.leder NSFF (2017\u201322), tidl. redakt\u00f8r for NSFF Magasin (2016\u201322).\",\"sameAs\":[\"https:\\\/\\\/lensbirdie.no\",\"https:\\\/\\\/instagram.com\\\/knipselyst\\\/\"],\"url\":\"https:\\\/\\\/nsff.no\\\/magasinet\\\/author\\\/birgitf\\\/\"}]}<\/script>\n<!-- \/ Yoast SEO plugin. -->","yoast_head_json":{"title":"Skal du p\u00e5 \u00e5rets FIAP-kongress i Durban, S\u00f8r-Afrika? Delta p\u00e5 fotosafari! - NSFF Magasin | Norsk Selskap for Fotografi","description":"Skal du p\u00e5 \u00e5rets FIAP-kongress i Durban, S\u00f8r-Afrika? Da har du ogs\u00e5 muligheten til \u00e5 v\u00e6re med p\u00e5 fotosafari - les mer om disse her.","robots":{"index":"index","follow":"follow","max-snippet":"max-snippet:-1","max-image-preview":"max-image-preview:large","max-video-preview":"max-video-preview:-1"},"canonical":"https:\/\/nsff.no\/magasinet\/2018\/07\/01\/fiap-kongress-durban-sor-afrika-fotosafari\/","og_locale":"nb_NO","og_type":"article","og_title":"Skal du p\u00e5 \u00e5rets FIAP-kongress i Durban, S\u00f8r-Afrika? Delta p\u00e5 fotosafari! - NSFF Magasin | Norsk Selskap for Fotografi","og_description":"Skal du p\u00e5 \u00e5rets FIAP-kongress i Durban, S\u00f8r-Afrika? Da har du ogs\u00e5 muligheten til \u00e5 v\u00e6re med p\u00e5 fotosafari - les mer om disse her.","og_url":"https:\/\/nsff.no\/magasinet\/2018\/07\/01\/fiap-kongress-durban-sor-afrika-fotosafari\/","og_site_name":"NSFF Magasin | Norsk Selskap for Fotografi","article_published_time":"2018-07-01T18:14:28+00:00","og_image":[{"width":1200,"height":800,"url":"https:\/\/nsff.no\/magasinet\/wp-content\/uploads\/sites\/2\/2018\/07\/Content105_2.jpg","type":"image\/jpeg"}],"author":"Birgit Fostervold","twitter_card":"summary_large_image","twitter_misc":{"Skrevet av":"Birgit Fostervold","Ansl. lesetid":"1 minutt"},"schema":{"@context":"https:\/\/schema.org","@graph":[{"@type":"Article","@id":"https:\/\/nsff.no\/magasinet\/2018\/07\/01\/fiap-kongress-durban-sor-afrika-fotosafari\/#article","isPartOf":{"@id":"https:\/\/nsff.no\/magasinet\/2018\/07\/01\/fiap-kongress-durban-sor-afrika-fotosafari\/"},"author":{"name":"Birgit Fostervold","@id":"https:\/\/nsff.no\/magasinet\/#\/schema\/person\/da041f968afa9bee0293372491a98303"},"headline":"Skal du p\u00e5 \u00e5rets FIAP-kongress i Durban, S\u00f8r-Afrika? Delta p\u00e5 fotosafari!","datePublished":"2018-07-01T18:14:28+00:00","mainEntityOfPage":{"@id":"https:\/\/nsff.no\/magasinet\/2018\/07\/01\/fiap-kongress-durban-sor-afrika-fotosafari\/"},"wordCount":182,"commentCount":0,"publisher":{"@id":"https:\/\/nsff.no\/magasinet\/#organization"},"image":{"@id":"https:\/\/nsff.no\/magasinet\/2018\/07\/01\/fiap-kongress-durban-sor-afrika-fotosafari\/#primaryimage"},"thumbnailUrl":"https:\/\/nsff.no\/magasinet\/wp-content\/uploads\/sites\/2\/2018\/07\/Content105_2.jpg","keywords":["2018","Durban","FIAP","FIAP-kongress","fotosafari","S\u00f8r-Afrika"],"articleSection":["Inspirasjon","Workshops\/kurs"],"inLanguage":"nb-NO","potentialAction":[{"@type":"CommentAction","name":"Comment","target":["https:\/\/nsff.no\/magasinet\/2018\/07\/01\/fiap-kongress-durban-sor-afrika-fotosafari\/#respond"]}]},{"@type":"WebPage","@id":"https:\/\/nsff.no\/magasinet\/2018\/07\/01\/fiap-kongress-durban-sor-afrika-fotosafari\/","url":"https:\/\/nsff.no\/magasinet\/2018\/07\/01\/fiap-kongress-durban-sor-afrika-fotosafari\/","name":"Skal du p\u00e5 \u00e5rets FIAP-kongress i Durban, S\u00f8r-Afrika? Delta p\u00e5 fotosafari! - NSFF Magasin | Norsk Selskap for Fotografi","isPartOf":{"@id":"https:\/\/nsff.no\/magasinet\/#website"},"primaryImageOfPage":{"@id":"https:\/\/nsff.no\/magasinet\/2018\/07\/01\/fiap-kongress-durban-sor-afrika-fotosafari\/#primaryimage"},"image":{"@id":"https:\/\/nsff.no\/magasinet\/2018\/07\/01\/fiap-kongress-durban-sor-afrika-fotosafari\/#primaryimage"},"thumbnailUrl":"https:\/\/nsff.no\/magasinet\/wp-content\/uploads\/sites\/2\/2018\/07\/Content105_2.jpg","datePublished":"2018-07-01T18:14:28+00:00","description":"Skal du p\u00e5 \u00e5rets FIAP-kongress i Durban, S\u00f8r-Afrika? Da har du ogs\u00e5 muligheten til \u00e5 v\u00e6re med p\u00e5 fotosafari - les mer om disse her.","breadcrumb":{"@id":"https:\/\/nsff.no\/magasinet\/2018\/07\/01\/fiap-kongress-durban-sor-afrika-fotosafari\/#breadcrumb"},"inLanguage":"nb-NO","potentialAction":[{"@type":"ReadAction","target":["https:\/\/nsff.no\/magasinet\/2018\/07\/01\/fiap-kongress-durban-sor-afrika-fotosafari\/"]}]},{"@type":"ImageObject","inLanguage":"nb-NO","@id":"https:\/\/nsff.no\/magasinet\/2018\/07\/01\/fiap-kongress-durban-sor-afrika-fotosafari\/#primaryimage","url":"https:\/\/nsff.no\/magasinet\/wp-content\/uploads\/sites\/2\/2018\/07\/Content105_2.jpg","contentUrl":"https:\/\/nsff.no\/magasinet\/wp-content\/uploads\/sites\/2\/2018\/07\/Content105_2.jpg","width":1200,"height":800,"caption":"Fotosafari FIAP-kongress i Durban, S\u00f8r-Afrika"},{"@type":"BreadcrumbList","@id":"https:\/\/nsff.no\/magasinet\/2018\/07\/01\/fiap-kongress-durban-sor-afrika-fotosafari\/#breadcrumb","itemListElement":[{"@type":"ListItem","position":1,"name":"Hjem","item":"https:\/\/nsff.no\/magasinet\/"},{"@type":"ListItem","position":2,"name":"Skal du p\u00e5 \u00e5rets FIAP-kongress i Durban, S\u00f8r-Afrika? Delta p\u00e5 fotosafari!"}]},{"@type":"WebSite","@id":"https:\/\/nsff.no\/magasinet\/#website","url":"https:\/\/nsff.no\/magasinet\/","name":"NSFF Magasin | Norsk Selskap for Fotografi","description":"Medlemsmagasin for film- og fotoentusiaster","publisher":{"@id":"https:\/\/nsff.no\/magasinet\/#organization"},"potentialAction":[{"@type":"SearchAction","target":{"@type":"EntryPoint","urlTemplate":"https:\/\/nsff.no\/magasinet\/?s={search_term_string}"},"query-input":{"@type":"PropertyValueSpecification","valueRequired":true,"valueName":"search_term_string"}}],"inLanguage":"nb-NO"},{"@type":"Organization","@id":"https:\/\/nsff.no\/magasinet\/#organization","name":"Norsk Selskap for Fotografo","url":"https:\/\/nsff.no\/magasinet\/","logo":{"@type":"ImageObject","inLanguage":"nb-NO","@id":"https:\/\/nsff.no\/magasinet\/#\/schema\/logo\/image\/","url":"https:\/\/nsff.no\/magasinet\/wp-content\/uploads\/sites\/2\/2016\/05\/NSFF-fb-lenkebilde.png","contentUrl":"https:\/\/nsff.no\/magasinet\/wp-content\/uploads\/sites\/2\/2016\/05\/NSFF-fb-lenkebilde.png","width":1,"height":1,"caption":"Norsk Selskap for Fotografo"},"image":{"@id":"https:\/\/nsff.no\/magasinet\/#\/schema\/logo\/image\/"}},{"@type":"Person","@id":"https:\/\/nsff.no\/magasinet\/#\/schema\/person\/da041f968afa9bee0293372491a98303","name":"Birgit Fostervold","image":{"@type":"ImageObject","inLanguage":"nb-NO","@id":"https:\/\/secure.gravatar.com\/avatar\/d8b31664a01c80eecbf53f36dc41fa676bbfe7c78cb2391937a62f88da897950?s=96&d=mm&r=g","url":"https:\/\/secure.gravatar.com\/avatar\/d8b31664a01c80eecbf53f36dc41fa676bbfe7c78cb2391937a62f88da897950?s=96&d=mm&r=g","contentUrl":"https:\/\/secure.gravatar.com\/avatar\/d8b31664a01c80eecbf53f36dc41fa676bbfe7c78cb2391937a62f88da897950?s=96&d=mm&r=g","caption":"Birgit Fostervold"},"description":"EsNSFF, HonENFFF, medlem i Homborsund fotoklubb og Arendal fotoklubb. Styremedlem NSFF, Nordisk Forbund for Fotografi og Norsk Naturfotofestival. Tidl. nestleder og konst.leder NSFF (2017\u201322), tidl. redakt\u00f8r for NSFF Magasin (2016\u201322).","sameAs":["https:\/\/lensbirdie.no","https:\/\/instagram.com\/knipselyst\/"],"url":"https:\/\/nsff.no\/magasinet\/author\/birgitf\/"}]}},"_links":{"self":[{"href":"https:\/\/nsff.no\/magasinet\/wp-json\/wp\/v2\/posts\/7096","targetHints":{"allow":["GET"]}}],"collection":[{"href":"https:\/\/nsff.no\/magasinet\/wp-json\/wp\/v2\/posts"}],"about":[{"href":"https:\/\/nsff.no\/magasinet\/wp-json\/wp\/v2\/types\/post"}],"author":[{"embeddable":true,"href":"https:\/\/nsff.no\/magasinet\/wp-json\/wp\/v2\/users\/7"}],"replies":[{"embeddable":true,"href":"https:\/\/nsff.no\/magasinet\/wp-json\/wp\/v2\/comments?post=7096"}],"version-history":[{"count":1,"href":"https:\/\/nsff.no\/magasinet\/wp-json\/wp\/v2\/posts\/7096\/revisions"}],"predecessor-version":[{"id":7099,"href":"https:\/\/nsff.no\/magasinet\/wp-json\/wp\/v2\/posts\/7096\/revisions\/7099"}],"wp:featuredmedia":[{"embeddable":true,"href":"https:\/\/nsff.no\/magasinet\/wp-json\/wp\/v2\/media\/7098"}],"wp:attachment":[{"href":"https:\/\/nsff.no\/magasinet\/wp-json\/wp\/v2\/media?parent=7096"}],"wp:term":[{"taxonomy":"category","embeddable":true,"href":"https:\/\/nsff.no\/magasinet\/wp-json\/wp\/v2\/categories?post=7096"},{"taxonomy":"post_tag","embeddable":true,"href":"https:\/\/nsff.no\/magasinet\/wp-json\/wp\/v2\/tags?post=7096"}],"curies":[{"name":"wp","href":"https:\/\/api.w.org\/{rel}","templated":true}]}}