{"id":6939,"date":"2018-05-09T22:38:31","date_gmt":"2018-05-09T20:38:31","guid":{"rendered":"http:\/\/nsff.no\/magasinet\/?p=6939"},"modified":"2018-05-10T13:57:38","modified_gmt":"2018-05-10T11:57:38","slug":"fotospiren-slik-gar-det","status":"publish","type":"post","link":"https:\/\/nsff.no\/magasinet\/2018\/05\/09\/fotospiren-slik-gar-det\/","title":{"rendered":"Fotospiren \u2013 slik g\u00e5r det"},"content":{"rendered":"<p>[et_pb_section bb_built=&raquo;1&#8243;][et_pb_row][et_pb_column type=&raquo;3_4&#8243;][et_pb_text _builder_version=&raquo;3.2.1&#8243;]<\/p>\n<p><strong>Bryne fotoklubb satser p\u00e5 \u00e5 fange interessen tidlig og har satt i gang <a href=\"http:\/\/nsff.no\/magasinet\/2017\/12\/19\/fotospiren-bryne-fotoklubbs-tilbud-for-barn-og-ungdom\/\">Fotospiren, ei fotogruppe for barn i barneskolealder<\/a>! Her kommer en oppdatering fra gjengen.<\/strong><\/p>\n<p>Etter en planleggings- og markedsf\u00f8ringsfase startet vi opp fotogruppa rett over nytt\u00e5r, da m\u00f8tte 14 barn og ti foreldre og besteforeldre. P\u00e5 det meste har vi v\u00e6rt oppe i 16 barn; n\u00e5 best\u00e5r gruppa av 15 betalende medlemmer og vi har m\u00e5ttet hente inn to ekstra hjelpeledere fra Bryne fotoklubb. De voksne har og lov til \u00e5 ha med seg kamera!<\/p>\n<p>Vi la i ut denne meldingen p\u00e5 fotogrupper og kj\u00f8p salg og byttegruppper p\u00e5 Facebook:<\/p>\n<blockquote><p>Bryne fotoklubb har startet fotospiren for barn\/ungdom 9-15 \u00e5r<br \/>\nVi er derfor p\u00e5 jakt etter brukte kameraer og fotoutstyr som ligger og samler st\u00f8v i de tusen hjem! Alt av interesse!<br \/>\nHar du noe du ikke bruker lengre som du kan gi bort? Ditt utstyr kan bidra til \u00e5 gi barn og ungdommer fantastiske fotoopplevelser, gi mening og mestring i en hobby de kan ha med seg livet ut!<br \/>\nVi trenger kameraer, objektiver, fotostativ, fotobagger, osv&#8230; Har du noe av dette?<br \/>\nSend en PM eller kontakt Kjetil Barane p\u00e5 mail: kbarane@live.no<\/p><\/blockquote>\n<p>Dette har resultert i at vi har f\u00e5tt inn tre speilreflekskameraer, flere objektiver, ett stativ og et knippe fotobagger. (Men vi har fortsatt behov for ting, s\u00e5 vi tar gjerne imot om noen har noe av dette liggende..!)<\/p>\n<p>Vi har gjennom vinteren hatt mange fotoprosjekter i fotokjelleren v\u00e5r og ute: fotografering av stjerneskudd, maling med lys, dr\u00e5pefotografering, makrofotografering ute og inne. Vi har hatt modellfotografering med tre modeller og mange kjekke fototurer til sj\u00f8en og i skog og mark.<\/p>\n<p>En helg i midten av mars hadde vi stor fotoutstilling sammen med resten av Bryne fotoklubb p\u00e5 Tu skule. Vi inviterte krinsen v\u00e5r for \u00e5 presentere oss og vise hva vi gj\u00f8r. Tretten fotospirer var med p\u00e5 utstillingen, og ble sponset av CEWE Japan Photo med ett 40&#215;60 cm bilde p\u00e5 capaplate hver. Det ble en topp helg med masse bes\u00f8k!<\/p>\n<p>Det har v\u00e6rt en eventyrlig start for oss, med en herlig og nysgjerrig gjeng som nesten ikke kan f\u00e5 l\u00e6rt fort nok alt som er \u00e5 vite om foto! \u00c5 f\u00e5 st\u00e5 og undervise og dele kunnskap til en gjeng som sitter helt fremme p\u00e5 stolen har v\u00e6rt et stort privilegium. Det gir en selv inspirasjon og lyst til \u00e5 utforske nye ting og nye m\u00e5ter \u00e5 ta bilder p\u00e5.<\/p>\n<p>Vi gleder oss til fortsettelsen! Det neste store for oss n\u00e5 blir \u00e5 delta i <a href=\"http:\/\/nsff.no\/magasinet\/2018\/04\/20\/silk-road-youth-international-fotokonkurranse-for-ungdom\/\">Silk Road Youth International fotokonkurranse<\/a> for barn og unge. \u00d8nsk oss lykke til!<\/p>\n<p>[\/et_pb_text][\/et_pb_column][et_pb_column type=&raquo;1_4&#8243;][et_pb_image _builder_version=&raquo;3.2.1&#8243; src=&raquo;http:\/\/nsff.no\/magasinet\/wp-content\/uploads\/sites\/2\/2018\/05\/29342723_439614353136885_6178534188732383232_o.jpg&raquo; \/][et_pb_text _builder_version=&raquo;3.2.1&#8243;]<\/p>\n<p>Sparebanken S\u00f8r har sponset oss med 18.000 kroner. Dette gjorde det mulig for oss \u00e5 skaffe oss en del n\u00f8dvendig utstyr slik at alle som vil kan l\u00e5ne de de trenger til de mange fotoprosjekter vi har gitt oss ut p\u00e5!<\/p>\n<p>[\/et_pb_text][\/et_pb_column][\/et_pb_row][et_pb_row][et_pb_column type=&raquo;4_4&#8243;][et_pb_gallery _builder_version=&raquo;3.2.1&#8243; gallery_ids=&raquo;7023,7024,7026,7027,7028,7029&#8243; posts_number=&raquo;6&#8243; show_title_and_caption=&raquo;off&raquo; show_pagination=&raquo;off&raquo; zoom_icon_color=&raquo;#2a317d&raquo; hover_overlay_color=&raquo;rgba(255,255,255,0.9)&raquo; \/][\/et_pb_column][\/et_pb_row][\/et_pb_section]<\/p>\n","protected":false},"excerpt":{"rendered":"<p>Bryne fotoklubb satser p\u00e5 \u00e5 fange interessen tidlig og har satt i gang Fotospiren, ei fotogruppe for barn i barneskolealder! Her kommer en oppdatering fra gjengen.<\/p>\n","protected":false},"author":67,"featured_media":7023,"comment_status":"open","ping_status":"open","sticky":false,"template":"","format":"standard","meta":{"_et_pb_use_builder":"on","_et_pb_old_content":"<strong>Bryne fotoklubb satser p\u00e5 \u00e5 fange interessen tidlig og har satt i gang <a href=\"http:\/\/nsff.no\/magasinet\/2017\/12\/19\/fotospiren-bryne-fotoklubbs-tilbud-for-barn-og-ungdom\/\">Fotospiren, ei fotogruppe for barn i barneskolealder<\/a>! Her kommer en oppdatering fra gjengen.<\/strong>\r\n\r\nEtter en planleggings- og markedsf\u00f8ringsfase startet vi opp fotogruppa rett over nytt\u00e5r, da m\u00f8tte 14 barn og ti foreldre og besteforeldre. P\u00e5 det meste har vi v\u00e6rt oppe i 16 barn, n\u00e5 best\u00e5r gruppa av 15 betalende medlemmer og vi har m\u00e5ttet hente inn to ekstra hjelpeledere fra Bryne fotoklubb. De voksne har og lov til \u00e5 ha med seg kamera!\r\n\r\nEn l\u00f8rdag i februar reiste vi ut p\u00e5 fototur til sj\u00f8en med en samlet gjeng p\u00e5 22stk \r\n\r\nVi la i tillegg ut denne meldingen p\u00e5 fotogrupper og kj\u00f8p salg og byttegruppper p\u00e5 facebook:\r\nBryne fotoklubb har startet fotospiren for barn\/ungdom 9-15 \u00e5r\r\nVi er derfor p\u00e5 jakt etter brukte kameraer og fotoutstyr som ligger \u00e5 samler st\u00f8v i de tusen hjem! Alt av interesse!\r\nHar du noe du ikke bruker lengre som du kan gi bort? Ditt utstyr kan bidra til \u00e5 gi barn\/ungdomer, fantastiske foto opplevelser, gi mening, mesringen i en hobby de kan ha med seg livet ut!\r\nVi trenger kameraer, objektiver, fotostativ, fotobagger, osv... Har du noe av dette?\r\nSend en PM eller kontakt Kjetil Barane p\u00e5 mail: kbarane@live.no\r\n\r\nDette har resultert i at vi har f\u00e5tt inn 3 speilrefleks kamera flere objektiver, et stativ og flere fotobagger. \r\nVi har fortsatt behov for ting!  S\u00e5 vi tar gjerne imot, om noen har noe av dette liggende!\r\n\r\nVi har gjennom vinteren hatt mang fotoprosjekter i fotokjelleren v\u00e5r og ute: Fotografering av stjerneskudd, Maling med lys, dr\u00e5pefotografering, Makro fotografering ute og inne. Vi har hatt modell fotografering  med 3 modeller i fotohuset v\u00e5rt, Mange kjekke fototurer til sj\u00f8en og i skog og mark.\r\n\r\n17-18 mars hadde vi stor fotoutstilling sammen med resten av fotoklubben p\u00e5 Tu skule. Vi inviterte krinsen v\u00e5r for \u00e5 presentere oss og vise hva vi gj\u00f8r!\r\nDet var 13 utstillere fra fotospirene.\r\nJapan foto sponset 1stk bilde 40*60cm p\u00e5 capaplate til hver av fotospirene.\r\nDet ble en topp helg med masse bes\u00f8k.\r\n\r\nDet har vert en eventyrlig start for oss og en herlig, nyskjerrig gjeng som nesten ikke kan f\u00e5 l\u00e6rt fort nok alt som er \u00e5 vite om foto!\r\n\u00c5 f\u00e5 st\u00e5 og undervise og dele kunnskap til en gjeng som sitter helt fremme p\u00e5 stolen er og har vert et stort privilegium! Og det gir og stor inspirasjon og lyst til \u00e5 utforske nye ting, og nye m\u00e5ter \u00e5 ta bilder p\u00e5!\r\n\r\nVi gleder oss til fortsettelsen! Det neste store for oss n\u00e5 blir \u00e5 delta i\r\nSILK ROAD YOUTH INTERNATIONAL FOTOKONKURRANSE FOR UNGDOM","_et_gb_content_width":"","footnotes":""},"categories":[9,90],"tags":[576,621,619,620],"class_list":["post-6939","post","type-post","status-publish","format-standard","has-post-thumbnail","hentry","category-klubb","category-presentasjoner","tag-576","tag-barn","tag-bryne-fotoklubb","tag-fotospiren","et-has-post-format-content","et_post_format-et-post-format-standard"],"yoast_head":"<!-- This site is optimized with the Yoast SEO plugin v27.5 - https:\/\/yoast.com\/product\/yoast-seo-wordpress\/ -->\n<title>Fotospiren \u2013 slik g\u00e5r det - NSFF Magasin | Norsk Selskap for Fotografi<\/title>\n<meta name=\"description\" content=\"Bryne fotoklubb satser p\u00e5 \u00e5 fange interessen tidlig og har satt i gang Fotospiren, ei fotogruppe for barn i barneskolealder! Her kommer en oppdatering fra gjengen.\" \/>\n<meta name=\"robots\" content=\"index, follow, max-snippet:-1, max-image-preview:large, max-video-preview:-1\" \/>\n<link rel=\"canonical\" href=\"https:\/\/nsff.no\/magasinet\/2018\/05\/09\/fotospiren-slik-gar-det\/\" \/>\n<meta property=\"og:locale\" content=\"nb_NO\" \/>\n<meta property=\"og:type\" content=\"article\" \/>\n<meta property=\"og:title\" content=\"Fotospiren \u2013 slik g\u00e5r det - NSFF Magasin | Norsk Selskap for Fotografi\" \/>\n<meta property=\"og:description\" content=\"Bryne fotoklubb satser p\u00e5 \u00e5 fange interessen tidlig og har satt i gang Fotospiren, ei fotogruppe for barn i barneskolealder! Her kommer en oppdatering fra gjengen.\" \/>\n<meta property=\"og:url\" content=\"https:\/\/nsff.no\/magasinet\/2018\/05\/09\/fotospiren-slik-gar-det\/\" \/>\n<meta property=\"og:site_name\" content=\"NSFF Magasin | Norsk Selskap for Fotografi\" \/>\n<meta property=\"article:published_time\" content=\"2018-05-09T20:38:31+00:00\" \/>\n<meta property=\"article:modified_time\" content=\"2018-05-10T11:57:38+00:00\" \/>\n<meta property=\"og:image\" content=\"https:\/\/nsff.no\/magasinet\/wp-content\/uploads\/sites\/2\/2018\/05\/26850347_415314845566836_1179209139185316394_o.jpg\" \/>\n\t<meta property=\"og:image:width\" content=\"2048\" \/>\n\t<meta property=\"og:image:height\" content=\"1365\" \/>\n\t<meta property=\"og:image:type\" content=\"image\/jpeg\" \/>\n<meta name=\"author\" content=\"Kjetil Barane\" \/>\n<meta name=\"twitter:card\" content=\"summary_large_image\" \/>\n<meta name=\"twitter:label1\" content=\"Skrevet av\" \/>\n\t<meta name=\"twitter:data1\" content=\"Kjetil Barane\" \/>\n\t<meta name=\"twitter:label2\" content=\"Ansl. lesetid\" \/>\n\t<meta name=\"twitter:data2\" content=\"3 minutter\" \/>\n<script type=\"application\/ld+json\" class=\"yoast-schema-graph\">{\"@context\":\"https:\\\/\\\/schema.org\",\"@graph\":[{\"@type\":\"Article\",\"@id\":\"https:\\\/\\\/nsff.no\\\/magasinet\\\/2018\\\/05\\\/09\\\/fotospiren-slik-gar-det\\\/#article\",\"isPartOf\":{\"@id\":\"https:\\\/\\\/nsff.no\\\/magasinet\\\/2018\\\/05\\\/09\\\/fotospiren-slik-gar-det\\\/\"},\"author\":{\"name\":\"Kjetil Barane\",\"@id\":\"https:\\\/\\\/nsff.no\\\/magasinet\\\/#\\\/schema\\\/person\\\/45b70e8b0ff2fe758512c6bd1ca14f21\"},\"headline\":\"Fotospiren \u2013 slik g\u00e5r det\",\"datePublished\":\"2018-05-09T20:38:31+00:00\",\"dateModified\":\"2018-05-10T11:57:38+00:00\",\"mainEntityOfPage\":{\"@id\":\"https:\\\/\\\/nsff.no\\\/magasinet\\\/2018\\\/05\\\/09\\\/fotospiren-slik-gar-det\\\/\"},\"wordCount\":586,\"commentCount\":0,\"publisher\":{\"@id\":\"https:\\\/\\\/nsff.no\\\/magasinet\\\/#organization\"},\"image\":{\"@id\":\"https:\\\/\\\/nsff.no\\\/magasinet\\\/2018\\\/05\\\/09\\\/fotospiren-slik-gar-det\\\/#primaryimage\"},\"thumbnailUrl\":\"https:\\\/\\\/nsff.no\\\/magasinet\\\/wp-content\\\/uploads\\\/sites\\\/2\\\/2018\\\/05\\\/26850347_415314845566836_1179209139185316394_o.jpg\",\"keywords\":[\"2018\",\"barn\",\"Bryne fotoklubb\",\"Fotospiren\"],\"articleSection\":[\"Klubb\",\"Presentasjoner\"],\"inLanguage\":\"nb-NO\",\"potentialAction\":[{\"@type\":\"CommentAction\",\"name\":\"Comment\",\"target\":[\"https:\\\/\\\/nsff.no\\\/magasinet\\\/2018\\\/05\\\/09\\\/fotospiren-slik-gar-det\\\/#respond\"]}]},{\"@type\":\"WebPage\",\"@id\":\"https:\\\/\\\/nsff.no\\\/magasinet\\\/2018\\\/05\\\/09\\\/fotospiren-slik-gar-det\\\/\",\"url\":\"https:\\\/\\\/nsff.no\\\/magasinet\\\/2018\\\/05\\\/09\\\/fotospiren-slik-gar-det\\\/\",\"name\":\"Fotospiren \u2013 slik g\u00e5r det - NSFF Magasin | Norsk Selskap for Fotografi\",\"isPartOf\":{\"@id\":\"https:\\\/\\\/nsff.no\\\/magasinet\\\/#website\"},\"primaryImageOfPage\":{\"@id\":\"https:\\\/\\\/nsff.no\\\/magasinet\\\/2018\\\/05\\\/09\\\/fotospiren-slik-gar-det\\\/#primaryimage\"},\"image\":{\"@id\":\"https:\\\/\\\/nsff.no\\\/magasinet\\\/2018\\\/05\\\/09\\\/fotospiren-slik-gar-det\\\/#primaryimage\"},\"thumbnailUrl\":\"https:\\\/\\\/nsff.no\\\/magasinet\\\/wp-content\\\/uploads\\\/sites\\\/2\\\/2018\\\/05\\\/26850347_415314845566836_1179209139185316394_o.jpg\",\"datePublished\":\"2018-05-09T20:38:31+00:00\",\"dateModified\":\"2018-05-10T11:57:38+00:00\",\"description\":\"Bryne fotoklubb satser p\u00e5 \u00e5 fange interessen tidlig og har satt i gang Fotospiren, ei fotogruppe for barn i barneskolealder! Her kommer en oppdatering fra gjengen.\",\"breadcrumb\":{\"@id\":\"https:\\\/\\\/nsff.no\\\/magasinet\\\/2018\\\/05\\\/09\\\/fotospiren-slik-gar-det\\\/#breadcrumb\"},\"inLanguage\":\"nb-NO\",\"potentialAction\":[{\"@type\":\"ReadAction\",\"target\":[\"https:\\\/\\\/nsff.no\\\/magasinet\\\/2018\\\/05\\\/09\\\/fotospiren-slik-gar-det\\\/\"]}]},{\"@type\":\"ImageObject\",\"inLanguage\":\"nb-NO\",\"@id\":\"https:\\\/\\\/nsff.no\\\/magasinet\\\/2018\\\/05\\\/09\\\/fotospiren-slik-gar-det\\\/#primaryimage\",\"url\":\"https:\\\/\\\/nsff.no\\\/magasinet\\\/wp-content\\\/uploads\\\/sites\\\/2\\\/2018\\\/05\\\/26850347_415314845566836_1179209139185316394_o.jpg\",\"contentUrl\":\"https:\\\/\\\/nsff.no\\\/magasinet\\\/wp-content\\\/uploads\\\/sites\\\/2\\\/2018\\\/05\\\/26850347_415314845566836_1179209139185316394_o.jpg\",\"width\":2048,\"height\":1365,\"caption\":\"En l\u00f8rdag i februar reiste en gjeng p\u00e5 22 stykker ut p\u00e5 fototur til sj\u00f8en\"},{\"@type\":\"BreadcrumbList\",\"@id\":\"https:\\\/\\\/nsff.no\\\/magasinet\\\/2018\\\/05\\\/09\\\/fotospiren-slik-gar-det\\\/#breadcrumb\",\"itemListElement\":[{\"@type\":\"ListItem\",\"position\":1,\"name\":\"Hjem\",\"item\":\"https:\\\/\\\/nsff.no\\\/magasinet\\\/\"},{\"@type\":\"ListItem\",\"position\":2,\"name\":\"Fotospiren \u2013 slik g\u00e5r det\"}]},{\"@type\":\"WebSite\",\"@id\":\"https:\\\/\\\/nsff.no\\\/magasinet\\\/#website\",\"url\":\"https:\\\/\\\/nsff.no\\\/magasinet\\\/\",\"name\":\"NSFF Magasin | Norsk Selskap for Fotografi\",\"description\":\"Medlemsmagasin for film- og fotoentusiaster\",\"publisher\":{\"@id\":\"https:\\\/\\\/nsff.no\\\/magasinet\\\/#organization\"},\"potentialAction\":[{\"@type\":\"SearchAction\",\"target\":{\"@type\":\"EntryPoint\",\"urlTemplate\":\"https:\\\/\\\/nsff.no\\\/magasinet\\\/?s={search_term_string}\"},\"query-input\":{\"@type\":\"PropertyValueSpecification\",\"valueRequired\":true,\"valueName\":\"search_term_string\"}}],\"inLanguage\":\"nb-NO\"},{\"@type\":\"Organization\",\"@id\":\"https:\\\/\\\/nsff.no\\\/magasinet\\\/#organization\",\"name\":\"Norsk Selskap for Fotografo\",\"url\":\"https:\\\/\\\/nsff.no\\\/magasinet\\\/\",\"logo\":{\"@type\":\"ImageObject\",\"inLanguage\":\"nb-NO\",\"@id\":\"https:\\\/\\\/nsff.no\\\/magasinet\\\/#\\\/schema\\\/logo\\\/image\\\/\",\"url\":\"https:\\\/\\\/nsff.no\\\/magasinet\\\/wp-content\\\/uploads\\\/sites\\\/2\\\/2016\\\/05\\\/NSFF-fb-lenkebilde.png\",\"contentUrl\":\"https:\\\/\\\/nsff.no\\\/magasinet\\\/wp-content\\\/uploads\\\/sites\\\/2\\\/2016\\\/05\\\/NSFF-fb-lenkebilde.png\",\"width\":1,\"height\":1,\"caption\":\"Norsk Selskap for Fotografo\"},\"image\":{\"@id\":\"https:\\\/\\\/nsff.no\\\/magasinet\\\/#\\\/schema\\\/logo\\\/image\\\/\"}},{\"@type\":\"Person\",\"@id\":\"https:\\\/\\\/nsff.no\\\/magasinet\\\/#\\\/schema\\\/person\\\/45b70e8b0ff2fe758512c6bd1ca14f21\",\"name\":\"Kjetil Barane\",\"image\":{\"@type\":\"ImageObject\",\"inLanguage\":\"nb-NO\",\"@id\":\"https:\\\/\\\/secure.gravatar.com\\\/avatar\\\/6063e0093557018c6931b6792fe2b7e88a377cd39ab264cc788b8153a0d9f562?s=96&d=mm&r=g\",\"url\":\"https:\\\/\\\/secure.gravatar.com\\\/avatar\\\/6063e0093557018c6931b6792fe2b7e88a377cd39ab264cc788b8153a0d9f562?s=96&d=mm&r=g\",\"contentUrl\":\"https:\\\/\\\/secure.gravatar.com\\\/avatar\\\/6063e0093557018c6931b6792fe2b7e88a377cd39ab264cc788b8153a0d9f562?s=96&d=mm&r=g\",\"caption\":\"Kjetil Barane\"},\"description\":\"Nestleder og ungdomskontakt i Bryne Fotoklubb.\",\"url\":\"https:\\\/\\\/nsff.no\\\/magasinet\\\/author\\\/kbarane\\\/\"}]}<\/script>\n<!-- \/ Yoast SEO plugin. -->","yoast_head_json":{"title":"Fotospiren \u2013 slik g\u00e5r det - NSFF Magasin | Norsk Selskap for Fotografi","description":"Bryne fotoklubb satser p\u00e5 \u00e5 fange interessen tidlig og har satt i gang Fotospiren, ei fotogruppe for barn i barneskolealder! Her kommer en oppdatering fra gjengen.","robots":{"index":"index","follow":"follow","max-snippet":"max-snippet:-1","max-image-preview":"max-image-preview:large","max-video-preview":"max-video-preview:-1"},"canonical":"https:\/\/nsff.no\/magasinet\/2018\/05\/09\/fotospiren-slik-gar-det\/","og_locale":"nb_NO","og_type":"article","og_title":"Fotospiren \u2013 slik g\u00e5r det - NSFF Magasin | Norsk Selskap for Fotografi","og_description":"Bryne fotoklubb satser p\u00e5 \u00e5 fange interessen tidlig og har satt i gang Fotospiren, ei fotogruppe for barn i barneskolealder! Her kommer en oppdatering fra gjengen.","og_url":"https:\/\/nsff.no\/magasinet\/2018\/05\/09\/fotospiren-slik-gar-det\/","og_site_name":"NSFF Magasin | Norsk Selskap for Fotografi","article_published_time":"2018-05-09T20:38:31+00:00","article_modified_time":"2018-05-10T11:57:38+00:00","og_image":[{"width":2048,"height":1365,"url":"https:\/\/nsff.no\/magasinet\/wp-content\/uploads\/sites\/2\/2018\/05\/26850347_415314845566836_1179209139185316394_o.jpg","type":"image\/jpeg"}],"author":"Kjetil Barane","twitter_card":"summary_large_image","twitter_misc":{"Skrevet av":"Kjetil Barane","Ansl. lesetid":"3 minutter"},"schema":{"@context":"https:\/\/schema.org","@graph":[{"@type":"Article","@id":"https:\/\/nsff.no\/magasinet\/2018\/05\/09\/fotospiren-slik-gar-det\/#article","isPartOf":{"@id":"https:\/\/nsff.no\/magasinet\/2018\/05\/09\/fotospiren-slik-gar-det\/"},"author":{"name":"Kjetil Barane","@id":"https:\/\/nsff.no\/magasinet\/#\/schema\/person\/45b70e8b0ff2fe758512c6bd1ca14f21"},"headline":"Fotospiren \u2013 slik g\u00e5r det","datePublished":"2018-05-09T20:38:31+00:00","dateModified":"2018-05-10T11:57:38+00:00","mainEntityOfPage":{"@id":"https:\/\/nsff.no\/magasinet\/2018\/05\/09\/fotospiren-slik-gar-det\/"},"wordCount":586,"commentCount":0,"publisher":{"@id":"https:\/\/nsff.no\/magasinet\/#organization"},"image":{"@id":"https:\/\/nsff.no\/magasinet\/2018\/05\/09\/fotospiren-slik-gar-det\/#primaryimage"},"thumbnailUrl":"https:\/\/nsff.no\/magasinet\/wp-content\/uploads\/sites\/2\/2018\/05\/26850347_415314845566836_1179209139185316394_o.jpg","keywords":["2018","barn","Bryne fotoklubb","Fotospiren"],"articleSection":["Klubb","Presentasjoner"],"inLanguage":"nb-NO","potentialAction":[{"@type":"CommentAction","name":"Comment","target":["https:\/\/nsff.no\/magasinet\/2018\/05\/09\/fotospiren-slik-gar-det\/#respond"]}]},{"@type":"WebPage","@id":"https:\/\/nsff.no\/magasinet\/2018\/05\/09\/fotospiren-slik-gar-det\/","url":"https:\/\/nsff.no\/magasinet\/2018\/05\/09\/fotospiren-slik-gar-det\/","name":"Fotospiren \u2013 slik g\u00e5r det - NSFF Magasin | Norsk Selskap for Fotografi","isPartOf":{"@id":"https:\/\/nsff.no\/magasinet\/#website"},"primaryImageOfPage":{"@id":"https:\/\/nsff.no\/magasinet\/2018\/05\/09\/fotospiren-slik-gar-det\/#primaryimage"},"image":{"@id":"https:\/\/nsff.no\/magasinet\/2018\/05\/09\/fotospiren-slik-gar-det\/#primaryimage"},"thumbnailUrl":"https:\/\/nsff.no\/magasinet\/wp-content\/uploads\/sites\/2\/2018\/05\/26850347_415314845566836_1179209139185316394_o.jpg","datePublished":"2018-05-09T20:38:31+00:00","dateModified":"2018-05-10T11:57:38+00:00","description":"Bryne fotoklubb satser p\u00e5 \u00e5 fange interessen tidlig og har satt i gang Fotospiren, ei fotogruppe for barn i barneskolealder! Her kommer en oppdatering fra gjengen.","breadcrumb":{"@id":"https:\/\/nsff.no\/magasinet\/2018\/05\/09\/fotospiren-slik-gar-det\/#breadcrumb"},"inLanguage":"nb-NO","potentialAction":[{"@type":"ReadAction","target":["https:\/\/nsff.no\/magasinet\/2018\/05\/09\/fotospiren-slik-gar-det\/"]}]},{"@type":"ImageObject","inLanguage":"nb-NO","@id":"https:\/\/nsff.no\/magasinet\/2018\/05\/09\/fotospiren-slik-gar-det\/#primaryimage","url":"https:\/\/nsff.no\/magasinet\/wp-content\/uploads\/sites\/2\/2018\/05\/26850347_415314845566836_1179209139185316394_o.jpg","contentUrl":"https:\/\/nsff.no\/magasinet\/wp-content\/uploads\/sites\/2\/2018\/05\/26850347_415314845566836_1179209139185316394_o.jpg","width":2048,"height":1365,"caption":"En l\u00f8rdag i februar reiste en gjeng p\u00e5 22 stykker ut p\u00e5 fototur til sj\u00f8en"},{"@type":"BreadcrumbList","@id":"https:\/\/nsff.no\/magasinet\/2018\/05\/09\/fotospiren-slik-gar-det\/#breadcrumb","itemListElement":[{"@type":"ListItem","position":1,"name":"Hjem","item":"https:\/\/nsff.no\/magasinet\/"},{"@type":"ListItem","position":2,"name":"Fotospiren \u2013 slik g\u00e5r det"}]},{"@type":"WebSite","@id":"https:\/\/nsff.no\/magasinet\/#website","url":"https:\/\/nsff.no\/magasinet\/","name":"NSFF Magasin | Norsk Selskap for Fotografi","description":"Medlemsmagasin for film- og fotoentusiaster","publisher":{"@id":"https:\/\/nsff.no\/magasinet\/#organization"},"potentialAction":[{"@type":"SearchAction","target":{"@type":"EntryPoint","urlTemplate":"https:\/\/nsff.no\/magasinet\/?s={search_term_string}"},"query-input":{"@type":"PropertyValueSpecification","valueRequired":true,"valueName":"search_term_string"}}],"inLanguage":"nb-NO"},{"@type":"Organization","@id":"https:\/\/nsff.no\/magasinet\/#organization","name":"Norsk Selskap for Fotografo","url":"https:\/\/nsff.no\/magasinet\/","logo":{"@type":"ImageObject","inLanguage":"nb-NO","@id":"https:\/\/nsff.no\/magasinet\/#\/schema\/logo\/image\/","url":"https:\/\/nsff.no\/magasinet\/wp-content\/uploads\/sites\/2\/2016\/05\/NSFF-fb-lenkebilde.png","contentUrl":"https:\/\/nsff.no\/magasinet\/wp-content\/uploads\/sites\/2\/2016\/05\/NSFF-fb-lenkebilde.png","width":1,"height":1,"caption":"Norsk Selskap for Fotografo"},"image":{"@id":"https:\/\/nsff.no\/magasinet\/#\/schema\/logo\/image\/"}},{"@type":"Person","@id":"https:\/\/nsff.no\/magasinet\/#\/schema\/person\/45b70e8b0ff2fe758512c6bd1ca14f21","name":"Kjetil Barane","image":{"@type":"ImageObject","inLanguage":"nb-NO","@id":"https:\/\/secure.gravatar.com\/avatar\/6063e0093557018c6931b6792fe2b7e88a377cd39ab264cc788b8153a0d9f562?s=96&d=mm&r=g","url":"https:\/\/secure.gravatar.com\/avatar\/6063e0093557018c6931b6792fe2b7e88a377cd39ab264cc788b8153a0d9f562?s=96&d=mm&r=g","contentUrl":"https:\/\/secure.gravatar.com\/avatar\/6063e0093557018c6931b6792fe2b7e88a377cd39ab264cc788b8153a0d9f562?s=96&d=mm&r=g","caption":"Kjetil Barane"},"description":"Nestleder og ungdomskontakt i Bryne Fotoklubb.","url":"https:\/\/nsff.no\/magasinet\/author\/kbarane\/"}]}},"_links":{"self":[{"href":"https:\/\/nsff.no\/magasinet\/wp-json\/wp\/v2\/posts\/6939","targetHints":{"allow":["GET"]}}],"collection":[{"href":"https:\/\/nsff.no\/magasinet\/wp-json\/wp\/v2\/posts"}],"about":[{"href":"https:\/\/nsff.no\/magasinet\/wp-json\/wp\/v2\/types\/post"}],"author":[{"embeddable":true,"href":"https:\/\/nsff.no\/magasinet\/wp-json\/wp\/v2\/users\/67"}],"replies":[{"embeddable":true,"href":"https:\/\/nsff.no\/magasinet\/wp-json\/wp\/v2\/comments?post=6939"}],"version-history":[{"count":4,"href":"https:\/\/nsff.no\/magasinet\/wp-json\/wp\/v2\/posts\/6939\/revisions"}],"predecessor-version":[{"id":7035,"href":"https:\/\/nsff.no\/magasinet\/wp-json\/wp\/v2\/posts\/6939\/revisions\/7035"}],"wp:featuredmedia":[{"embeddable":true,"href":"https:\/\/nsff.no\/magasinet\/wp-json\/wp\/v2\/media\/7023"}],"wp:attachment":[{"href":"https:\/\/nsff.no\/magasinet\/wp-json\/wp\/v2\/media?parent=6939"}],"wp:term":[{"taxonomy":"category","embeddable":true,"href":"https:\/\/nsff.no\/magasinet\/wp-json\/wp\/v2\/categories?post=6939"},{"taxonomy":"post_tag","embeddable":true,"href":"https:\/\/nsff.no\/magasinet\/wp-json\/wp\/v2\/tags?post=6939"}],"curies":[{"name":"wp","href":"https:\/\/api.w.org\/{rel}","templated":true}]}}