{"id":6753,"date":"2018-03-22T19:29:14","date_gmt":"2018-03-22T18:29:14","guid":{"rendered":"http:\/\/nsff.no\/magasinet\/?p=6753"},"modified":"2018-07-01T19:45:07","modified_gmt":"2018-07-01T17:45:07","slug":"harstadgjeng-fototur-til-senja","status":"publish","type":"post","link":"https:\/\/nsff.no\/magasinet\/2018\/03\/22\/harstadgjeng-fototur-til-senja\/","title":{"rendered":"Harstadgjeng p\u00e5 fototur til Senja"},"content":{"rendered":"<p>[et_pb_section bb_built=&raquo;1&#8243;][et_pb_row][et_pb_column type=&raquo;4_4&#8243;][et_pb_text _builder_version=&raquo;3.0.106&#8243; background_layout=&raquo;light&raquo;]<\/p>\n<p><strong>8.\u201311. mars 2018 arrangerte Harstad Fotoklubb en fototur til Norges nest st\u00f8rste \u00f8y, Senja, som ligger i Troms fylke. Vi var 15 deltakere ifra Harstad Fotoklubb og 4 deltakere ifra Salangen Fotoklubb.<\/strong><\/p>\n<p>De fleste hadde ordnet seg med fri ifra torsdag ettermiddag. Kj\u00f8returen fra Harstad og opp til Senja tar ca 3,5\u20134 timer. I nitiden utp\u00e5 torsdags kveld hadde de fleste funnet frem til oppholdsstedet for langhelgen, Kr\u00e5keslottet p\u00e5 B\u00f8v\u00e6r. <a href=\"http:\/\/www.krakeslott.no\/\" rel=\"noopener\" target=\"_blank\">Det gamle fiskebruket Kr\u00e5keslottet<\/a> er i seg selv en spesiell plass med mange muligheter for \u00e5 ta bilder. Kriker og kroker av tilbygg og mye sjarm og krimskrams i hele bygget. Vi oppdaget stadig noe nytt n\u00e5r man gikk gjennom bygget p\u00e5 vei til sitt rom. <\/p>\n<p>Senja er ei stor \u00f8y s\u00e5 det var greit \u00e5 f\u00e5 vite hvilke steder man burde prioriterer for \u00e5 f\u00e5 med seg mest mulig p\u00e5 denne turen. Torsdagskvelden gikk vi gjennom kartet over Senja og leder i Harstad Fotoklubb, Stig Gudbrandsen, informerte hvor det kunne v\u00e6re verdt \u00e5 kj\u00f8re for \u00e5 finne gode fotolocations. I tillegg var eieren av Kr\u00e5keslottet tilstedte og var behjelpelig med lokalkunnskap og tips til steder som var verdt \u00e5 bes\u00f8ke.<\/p>\n<h2>Privat adgang til flott utsiktspunkt ga unike bilder<\/h2>\n<p>Fredagsmorgen var de f\u00f8rste oppe f\u00f8r hanen fikk tid til \u00e5 tenke p\u00e5 \u00e5 gale (dersom den hadde v\u00e6rt der), og etter en felles frokost forlot morgenfuglene Kr\u00e5keslottet i 7-tiden. Vi hadde som m\u00e5l for denne dagen \u00e5 fotografere utover mot Storneset hvor det ligger en havarert tr\u00e5ler i fj\u00e6ra, fjell og fugler. Fra denne siden av Steinfjorden fikk vi tilgang til \u00e5 fotografere over mot den kjente fjellrekken Okshornan, som p\u00e5 folkemunne kalles for Djevelens tanngard, fra en vinkel som ikke s\u00e5 mange f\u00e5r tilgang til, da veien utover fjorden her er en anleggsvei som er stengt for vanlig trafikk. Primus motor for denne turen, Stig, hadde ordnet oss tillatelse for \u00e5 f\u00e5 kj\u00f8re inn p\u00e5 denne veien i et begrenset tidsrom p\u00e5 fredag. Vi fikk klar beskjed om \u00e5 v\u00e6re ute av omr\u00e5det f\u00f8r porten ble l\u00e5st og at vi ikke m\u00e5tte kj\u00f8re helt frem til anleggsomr\u00e5det hvor det var anleggstrafikk og tunell-inngang til gruvedriften.<\/p>\n<p>Vi hadde en glimrende dag her, og etter hvert som tidsfristen for \u00e5 komme seg ut av omr\u00e5det n\u00e6rmet seg kj\u00f8rte vi videre til Tungeneset. Dette er den vanligste plassen \u00e5 st\u00e5 p\u00e5 for \u00e5 fotografere utover mot Djevelens tanngard. Etter \u00e5 ha listet seg p\u00e5 glattisen i fj\u00e6ra her ei god stund, gikk turen videre til Ersfjorden som hadde en fantastisk flott stor hvit strand. P\u00e5 turen kom vi over et par store kampesteiner som l\u00e5 i havet der toppskarven satt og t\u00f8rket sine vinger. Da var det bare \u00e5 hive bilene inn p\u00e5 n\u00e6rmeste mulige utkj\u00f8rsler og snike seg litt tilbake for \u00e5 f\u00e5 med seg litt fuglefotografering ogs\u00e5.<\/p>\n<p>[\/et_pb_text][et_pb_gallery _builder_version=&raquo;3.0.106&#8243; posts_number=&raquo;12&#8243; show_title_and_caption=&raquo;off&raquo; show_pagination=&raquo;off&raquo; gallery_ids=&raquo;6770,6759,6769,6761,6760,6762,6764,6765,6768,6771,6767,6779&#8243; fullwidth=&raquo;off&raquo; orientation=&raquo;landscape&raquo; zoom_icon_color=&raquo;#2a317d&raquo; hover_overlay_color=&raquo;rgba(255,255,255,0.9)&raquo; background_layout=&raquo;light&raquo; pagination_font_size_tablet=&raquo;51&#8243; pagination_line_height_tablet=&raquo;2&#8243; \/][et_pb_text _builder_version=&raquo;3.0.106&#8243; background_layout=&raquo;light&raquo;]<\/p>\n<p>Herfra kj\u00f8rte vi videre gjennom fjellet og ned til neste fjordarm, til Senjahopen og videre utover til Medfjordv\u00e6r. Det var en begivenhet \u00e5 komme utover til disse sm\u00e5 stedene og se den storslagne naturen der ute. Etter en dag p\u00e5 Senja tror jeg de fleste var imponert over naturen og fotomulighetene. Enda bedre skulle det bli p\u00e5 tilbaketuren denne fredagen. Da vi var p\u00e5 returen til Kr\u00e5keslottet n\u00e6rmet oss Skaland var det et fantastisk flott lysskue da solen var p\u00e5 vei ned. Ord kan ikke forklare alle de fargenyansene vi opplevde i det solen raskt g\u00e5r ned og vi ligger og kryper utp\u00e5 havisen i fj\u00e6ra for \u00e5 pr\u00f8ve \u00e5 forevige det flotte \u00f8yeblikket. Arktisk lys kan ikke forklares, det m\u00e5 oppleves.<\/p>\n<h2>Lytt n\u00f8ye til beskjeder som gis<\/h2>\n<p>Fredagskveld etter at alle var kommet seg tilbake til \u00abbasecampen\u00bb v\u00e5r var det en sosial kveld med felles middag levert fra et lokalt cateringfirma. Praten gikk lett og stemningen var god utover kvelden. Latteren steg betraktelig da vi fikk fortalt at ikke alle hadde f\u00e5tt med seg at den anleggsveien som vi hadde f\u00e5tt spesialtillatelse til \u00e5 kj\u00f8re inn p\u00e5, ikke var en vanlig vei. De som hadde g\u00e5tt glipp av denne viktige informasjonen skj\u00f8nte etter hvert at det heller ikke var en helt vanlig tunnel de var kommet inn i, og de stusset litt p\u00e5 den d\u00e5rlige standarden og at det ikke var belysning inne i tunnelen. Var det virkelig s\u00e5 d\u00e5rlig fatt p\u00e5 Senja? De m\u00f8tte en illsint lastebilsj\u00e5f\u00f8r som hyttet med neven og sikkert sa noen saftige nord norske ord som ikke skal gjentas her. De var ikke seine om \u00e5 snu bilen og komme seg ut av gruve-tunellen i ei faderlig fart. <\/p>\n<h2>Full nordlysklaff<\/h2>\n<p>Etter fellesmiddagen og uti fotopraten som p\u00e5gikk, gikk nordlysvarslet p\u00e5 for fullt. Det var meldt Kp indeks 3, s\u00e5 vi var egentlig litt avventende. Vi gikk utenfor Kr\u00e5keslottet og kikket opp mot himmelen. Joda det var da litt nordlysaktivitet der oppe, men s\u00e5, eksploderte himmelen. Her var det bare \u00e5 f\u00e5 p\u00e5 seg kl\u00e6rne og komme seg ut p\u00e5 moloen og stranden. Og for et lysshow vi fikk. N\u00e5 er vi nordlendinger ganske s\u00e5 godt bortskjemte med nordlys titt og ofte, men denne kvelden ble det s\u00e5 utrolig flott nordlys at selv vi ble stille. Vi ble st\u00e5ende \u00e5 nyte synet og knipse i vei. For en avslutning p\u00e5 en flott dag!<\/p>\n<h2>Bunnfrosne bobiler og friskt havbad<\/h2>\n<p>L\u00f8rdagen delte gruppen seg litt opp. Etter felles frokost dro de f\u00f8rste ut og kj\u00f8rte mot Hamn i Senja og videre utover mot Gryllefjord og Torsken, mens noen dro opp til et nedlagt grafittverk p\u00e5 Skaland.<\/p>\n<p>Gryllefjorden var en spesiell plass. Et lite fiskev\u00e6r hvor solen enda ikke hadde tatt seg bryet med \u00e5 titte frem. Den skulle visstnok dukke opp ei uke senere. Ikke rart bobilene stod bokstavelig talt halvveis nedfryst i bl\u00e5is her inne i fjorden. Her stod rekvedskilt som pekte ned mot fj\u00e6ra og med teksten: \u00abHer pesse \u00e6kte mannfolk\u00bb.<\/p>\n<p>Denne ettermiddagen skulle ogs\u00e5 bli magisk og med en fantastisk solnedgang ute p\u00e5 Skaland. Innerst i flere av fjordene og langs fj\u00e6ra var det islagte omr\u00e5der med vakre isformasjoner. Vi hadde et par stykker som var litt utp\u00e5 glattisen og ville pr\u00f8ve seg. Det de da ikke hadde tatt i betraktning var at havisen ikke var s\u00e5 solid. Det ble nesten et par sv\u00f8mmeknapper p\u00e5 et par av deltagerne. I alle fall stod de godt til knes i havet og det var litt rop og hyl f\u00f8r panikken roet seg og det br\u00f8t ut latter. Vi var sikret enda en god historie til utp\u00e5 kvelden om isbaderene v\u00e5re. Dessverre ble ikke begivenheten foreviget da de fleste andre fotografene hadde linsene rettet i andre retninger da isbadingen p\u00e5gikk.<\/p>\n<p>[\/et_pb_text][et_pb_gallery _builder_version=&raquo;3.0.106&#8243; posts_number=&raquo;8&#8243; show_title_and_caption=&raquo;off&raquo; show_pagination=&raquo;off&raquo; gallery_ids=&raquo;6774,6775,6776,6777,6778,6780,6781,6782&#8243; fullwidth=&raquo;off&raquo; orientation=&raquo;landscape&raquo; zoom_icon_color=&raquo;#2a317d&raquo; hover_overlay_color=&raquo;rgba(255,255,255,0.9)&raquo; background_layout=&raquo;light&raquo; pagination_font_size_tablet=&raquo;51&#8243; pagination_line_height_tablet=&raquo;2&#8243; \/][et_pb_text _builder_version=&raquo;3.0.106&#8243; background_layout=&raquo;light&raquo;]<\/p>\n<p>Det ble mange inntrykk \u00e5 ta med seg fra denne dagen ogs\u00e5, og trivelig fellesmiddag med god dessert. Utp\u00e5 kvelden hadde vi alle levert inn to bilder hver som vi siste frem p\u00e5 lerret. <\/p>\n<h2>Hjemreise med innlagte fotopauser<\/h2>\n<p>S\u00f8ndagsmorgen var nok en flott dag og noen tok tidlig p\u00e5 vei hjemover, med en avstikker til bl.a. Grunnfarnes og Flakstadv\u00e5g. Noen av oss andre tok livet litt mere med ro og fikk med seg formiddagen ute ved Kr\u00e5keslottet f\u00f8r vi tok fatt p\u00e5 hjemturen. Jeg tror jeg snakker for alle n\u00e5r jeg sier at dette var en super helg i godt selskap, hvor vi kunne f\u00e5 dyrke v\u00e5r fotointeresse i ro og mak p\u00e5 en fabelaktig plass. Jeg h\u00f8rte mange sa at hit ville de tilbake og utforske mere av Senja. S\u00e5 hvis noen av dere som leser dette innlegget tenker tanken p\u00e5 \u00e5 reise til Senja med kamera i bagen, s\u00e5 sier jeg bare: \u00abGj\u00f8r det! Du blir ikke \u00e5 angre\u00bb.<\/p>\n<p>Takk for laget til alle dere som var med og en ekstra stor takk til Stig som har st\u00e5tt for mye av arbeidet rundt denne turen. Tusen takk!<\/p>\n<p>[\/et_pb_text][et_pb_image _builder_version=&raquo;3.0.106&#8243; src=&raquo;http:\/\/nsff.no\/magasinet\/wp-content\/uploads\/sites\/2\/2018\/03\/Veronika-Sund.jpg&raquo; show_in_lightbox=&raquo;on&raquo; url_new_window=&raquo;off&raquo; use_overlay=&raquo;off&raquo; always_center_on_mobile=&raquo;on&raquo; force_fullwidth=&raquo;off&raquo; show_bottom_space=&raquo;on&raquo; alt=&raquo;Harstad fotoklubb p\u00e5 Senjatur (foto: Veronika Sund)&raquo; title_text=&raquo;Harstad fotoklubb p\u00e5 Senjatur (foto: Veronika Sund)&raquo; \/][\/et_pb_column][\/et_pb_row][\/et_pb_section]<\/p>\n","protected":false},"excerpt":{"rendered":"<p>P\u00e5 tampen av vinteren arrangerte Harstad Fotoklubb en fototur til Senja. Motivene de fikk med seg p\u00e5 minnebrikka inkluderte Djevelens tanngard, nordlys, skarv og rustne motiver.<\/p>\n","protected":false},"author":74,"featured_media":6763,"comment_status":"open","ping_status":"open","sticky":false,"template":"","format":"standard","meta":{"_et_pb_use_builder":"on","_et_pb_old_content":"8.\u201311. mars 2018 arrangerte Harstad Fotoklubb en fototur til Norges nest st\u00f8rste \u00f8y, Senja, som ligger i Troms fylke. Vi var 15 deltakere ifra Harstad Fotoklubb og 4 deltakere ifra Salangen Fotoklubb. \r\n\r\nDe fleste hadde ordnet seg med fri ifra torsdag ettermiddag. Kj\u00f8returen fra Harstad og opp til Senja tar ca 3,5\u20134 timer. I nitiden utp\u00e5 torsdags kveld hadde de fleste funnet frem til oppholdsstedet for langhelgen, Kr\u00e5keslottet p\u00e5 B\u00f8v\u00e6r. <a href=\"http:\/\/www.krakeslott.no\/\" rel=\"noopener\" target=\"_blank\">Det gamle fiskebruket Kr\u00e5keslottet<\/a> er i seg selv en spesiell plass med mange muligheter for \u00e5 ta bilder. Kriker og kroker av tilbygg og mye sjarm og krimskrams i hele bygget. Vi oppdaget stadig noe nytt n\u00e5r man gikk gjennom bygget p\u00e5 vei til sitt rom. \r\n\r\nSenja er ei stor \u00f8y s\u00e5 det var greit \u00e5 f\u00e5 vite hvilke steder man burde prioriterer for \u00e5 f\u00e5 med seg mest mulig p\u00e5 denne turen. Torsdagskvelden gikk vi gjennom kartet over Senja og leder i Harstad Fotoklubb, Stig Gudbrandsen, informerte hvor det kunne v\u00e6re verdt \u00e5 kj\u00f8re for \u00e5 finne gode fotolocations. I tillegg var eieren av Kr\u00e5keslottet tilstedte og var behjelpelig med lokalkunnskap og tips til steder som var verdt \u00e5 bes\u00f8ke.\r\n\r\nFredagsmorgen var de f\u00f8rste oppe f\u00f8r hanen fikk tid til \u00e5 tenke p\u00e5 \u00e5 gale (dersom den hadde v\u00e6rt der), og etter en felles frokost forlot morgenfuglene Kr\u00e5keslottet i 7-tiden. Vi hadde som m\u00e5l for denne dagen \u00e5 fotografere utover mot Storneset hvor det ligger en havarert tr\u00e5ler i fj\u00e6ra, fjell og fugler. Fra denne siden av Steinfjorden fikk vi tilgang til \u00e5 fotografere over mot den kjente fjellrekken Okshornan, som p\u00e5 folkemunne kalles for Djevelens tanngard, fra en vinkel som ikke s\u00e5 mange f\u00e5r tilgang til, da veien utover fjorden her er en anleggsvei som er stengt for vanlig trafikk. Primus motor for denne turen, Stig, hadde ordnet oss tillatelse for \u00e5 f\u00e5 kj\u00f8re inn p\u00e5 denne veien i et begrenset tidsrom p\u00e5 fredag. Vi fikk klar beskjed om \u00e5 v\u00e6re ute av omr\u00e5det f\u00f8r porten ble l\u00e5st og at vi ikke m\u00e5tte kj\u00f8re helt frem til anleggsomr\u00e5det hvor det var anleggstrafikk og tunell-inngang til gruvedriften.\r\n\r\nVi hadde en glimrende dag her, og etter hvert som tidsfristen for \u00e5 komme seg ut av omr\u00e5det n\u00e6rmet seg kj\u00f8rte vi videre til Tungeneset. Dette er den vanligste plassen \u00e5 st\u00e5 p\u00e5 for \u00e5 fotografere utover mot Djevelens tanngard. Etter \u00e5 ha listet seg p\u00e5 glattisen i fj\u00e6ra her ei god stund, gikk turen videre til Ersfjorden som hadde en fantastisk flott stor hvit strand. P\u00e5 turen kom vi over et par store kampesteiner som l\u00e5 i havet der toppskarven satt og t\u00f8rket sine vinger. Da var det bare \u00e5 hive bilene inn p\u00e5 n\u00e6rmeste mulige utkj\u00f8rsler og snike seg litt tilbake for \u00e5 f\u00e5 med seg litt fuglefotografering ogs\u00e5. Herfra kj\u00f8rte vi videre gjennom fjellet og ned til neste fjordarm, til Senjahopen og videre utover til Medfjordv\u00e6r. Det var en begivenhet \u00e5 komme utover til disse sm\u00e5 stedene og se den storslagne naturen der ute. Etter en dag p\u00e5 Senja tror jeg de fleste var imponert over naturen og fotomulighetene. Enda bedre skulle det bli p\u00e5 tilbaketuren denne fredagen. Da vi var p\u00e5 returen til Kr\u00e5keslottet n\u00e6rmet oss Skaland var det et fantastisk flott lysskue da solen var p\u00e5 vei ned. Ord kan\r\nikke forklare alle de fargenyansene vi opplevde i det solen raskt g\u00e5r ned og vi ligger og kryper utp\u00e5 havisen i fj\u00e6ra for \u00e5 pr\u00f8ve \u00e5 forevige det flotte \u00f8yeblikket. Arktisk lys kan ikke forklares, det m\u00e5 oppleves.","_et_gb_content_width":"","footnotes":""},"categories":[91,51],"tags":[576,57,61,647],"class_list":["post-6753","post","type-post","status-publish","format-standard","has-post-thumbnail","hentry","category-inspirasjon","category-reisebrev","tag-576","tag-fototur","tag-harstad-fotoklubb","tag-senja","et-has-post-format-content","et_post_format-et-post-format-standard"],"yoast_head":"<!-- This site is optimized with the Yoast SEO plugin v27.5 - https:\/\/yoast.com\/product\/yoast-seo-wordpress\/ -->\n<title>Harstadgjeng p\u00e5 fototur til Senja - NSFF Magasin | Norsk Selskap for Fotografi<\/title>\n<meta name=\"description\" content=\"P\u00e5 tampen av vinteren arrangerte Harstad Fotoklubb en fototur til Senja. Motivene de fikk med seg p\u00e5 minnebrikka inkluderte Djevelens tanngard, nordlys, skarv og rustne motiver.\" \/>\n<meta name=\"robots\" content=\"index, follow, max-snippet:-1, max-image-preview:large, max-video-preview:-1\" \/>\n<link rel=\"canonical\" href=\"https:\/\/nsff.no\/magasinet\/2018\/03\/22\/harstadgjeng-fototur-til-senja\/\" \/>\n<meta property=\"og:locale\" content=\"nb_NO\" \/>\n<meta property=\"og:type\" content=\"article\" \/>\n<meta property=\"og:title\" content=\"Harstadgjeng p\u00e5 fototur til Senja - NSFF Magasin | Norsk Selskap for Fotografi\" \/>\n<meta property=\"og:description\" content=\"P\u00e5 tampen av vinteren arrangerte Harstad Fotoklubb en fototur til Senja. Motivene de fikk med seg p\u00e5 minnebrikka inkluderte Djevelens tanngard, nordlys, skarv og rustne motiver.\" \/>\n<meta property=\"og:url\" content=\"https:\/\/nsff.no\/magasinet\/2018\/03\/22\/harstadgjeng-fototur-til-senja\/\" \/>\n<meta property=\"og:site_name\" content=\"NSFF Magasin | Norsk Selskap for Fotografi\" \/>\n<meta property=\"article:published_time\" content=\"2018-03-22T18:29:14+00:00\" \/>\n<meta property=\"article:modified_time\" content=\"2018-07-01T17:45:07+00:00\" \/>\n<meta property=\"og:image\" content=\"https:\/\/nsff.no\/magasinet\/wp-content\/uploads\/sites\/2\/2018\/03\/Renate-Jensen-2.jpg\" \/>\n\t<meta property=\"og:image:width\" content=\"1920\" \/>\n\t<meta property=\"og:image:height\" content=\"1280\" \/>\n\t<meta property=\"og:image:type\" content=\"image\/jpeg\" \/>\n<meta name=\"author\" content=\"Veronika Sund\" \/>\n<meta name=\"twitter:card\" content=\"summary_large_image\" \/>\n<meta name=\"twitter:label1\" content=\"Skrevet av\" \/>\n\t<meta name=\"twitter:data1\" content=\"Veronika Sund\" \/>\n\t<meta name=\"twitter:label2\" content=\"Ansl. lesetid\" \/>\n\t<meta name=\"twitter:data2\" content=\"8 minutter\" \/>\n<script type=\"application\/ld+json\" class=\"yoast-schema-graph\">{\"@context\":\"https:\\\/\\\/schema.org\",\"@graph\":[{\"@type\":\"Article\",\"@id\":\"https:\\\/\\\/nsff.no\\\/magasinet\\\/2018\\\/03\\\/22\\\/harstadgjeng-fototur-til-senja\\\/#article\",\"isPartOf\":{\"@id\":\"https:\\\/\\\/nsff.no\\\/magasinet\\\/2018\\\/03\\\/22\\\/harstadgjeng-fototur-til-senja\\\/\"},\"author\":{\"name\":\"Veronika Sund\",\"@id\":\"https:\\\/\\\/nsff.no\\\/magasinet\\\/#\\\/schema\\\/person\\\/688ca6ce4bc5adcf253f8a97329acbea\"},\"headline\":\"Harstadgjeng p\u00e5 fototur til Senja\",\"datePublished\":\"2018-03-22T18:29:14+00:00\",\"dateModified\":\"2018-07-01T17:45:07+00:00\",\"mainEntityOfPage\":{\"@id\":\"https:\\\/\\\/nsff.no\\\/magasinet\\\/2018\\\/03\\\/22\\\/harstadgjeng-fototur-til-senja\\\/\"},\"wordCount\":1521,\"commentCount\":0,\"publisher\":{\"@id\":\"https:\\\/\\\/nsff.no\\\/magasinet\\\/#organization\"},\"image\":{\"@id\":\"https:\\\/\\\/nsff.no\\\/magasinet\\\/2018\\\/03\\\/22\\\/harstadgjeng-fototur-til-senja\\\/#primaryimage\"},\"thumbnailUrl\":\"https:\\\/\\\/nsff.no\\\/magasinet\\\/wp-content\\\/uploads\\\/sites\\\/2\\\/2018\\\/03\\\/Mette-Eide-2.jpg\",\"keywords\":[\"2018\",\"fototur\",\"Harstad fotoklubb\",\"Senja\"],\"articleSection\":[\"Inspirasjon\",\"Reisebrev\"],\"inLanguage\":\"nb-NO\",\"potentialAction\":[{\"@type\":\"CommentAction\",\"name\":\"Comment\",\"target\":[\"https:\\\/\\\/nsff.no\\\/magasinet\\\/2018\\\/03\\\/22\\\/harstadgjeng-fototur-til-senja\\\/#respond\"]}]},{\"@type\":\"WebPage\",\"@id\":\"https:\\\/\\\/nsff.no\\\/magasinet\\\/2018\\\/03\\\/22\\\/harstadgjeng-fototur-til-senja\\\/\",\"url\":\"https:\\\/\\\/nsff.no\\\/magasinet\\\/2018\\\/03\\\/22\\\/harstadgjeng-fototur-til-senja\\\/\",\"name\":\"Harstadgjeng p\u00e5 fototur til Senja - NSFF Magasin | Norsk Selskap for Fotografi\",\"isPartOf\":{\"@id\":\"https:\\\/\\\/nsff.no\\\/magasinet\\\/#website\"},\"primaryImageOfPage\":{\"@id\":\"https:\\\/\\\/nsff.no\\\/magasinet\\\/2018\\\/03\\\/22\\\/harstadgjeng-fototur-til-senja\\\/#primaryimage\"},\"image\":{\"@id\":\"https:\\\/\\\/nsff.no\\\/magasinet\\\/2018\\\/03\\\/22\\\/harstadgjeng-fototur-til-senja\\\/#primaryimage\"},\"thumbnailUrl\":\"https:\\\/\\\/nsff.no\\\/magasinet\\\/wp-content\\\/uploads\\\/sites\\\/2\\\/2018\\\/03\\\/Mette-Eide-2.jpg\",\"datePublished\":\"2018-03-22T18:29:14+00:00\",\"dateModified\":\"2018-07-01T17:45:07+00:00\",\"description\":\"P\u00e5 tampen av vinteren arrangerte Harstad Fotoklubb en fototur til Senja. Motivene de fikk med seg p\u00e5 minnebrikka inkluderte Djevelens tanngard, nordlys, skarv og rustne motiver.\",\"breadcrumb\":{\"@id\":\"https:\\\/\\\/nsff.no\\\/magasinet\\\/2018\\\/03\\\/22\\\/harstadgjeng-fototur-til-senja\\\/#breadcrumb\"},\"inLanguage\":\"nb-NO\",\"potentialAction\":[{\"@type\":\"ReadAction\",\"target\":[\"https:\\\/\\\/nsff.no\\\/magasinet\\\/2018\\\/03\\\/22\\\/harstadgjeng-fototur-til-senja\\\/\"]}]},{\"@type\":\"ImageObject\",\"inLanguage\":\"nb-NO\",\"@id\":\"https:\\\/\\\/nsff.no\\\/magasinet\\\/2018\\\/03\\\/22\\\/harstadgjeng-fototur-til-senja\\\/#primaryimage\",\"url\":\"https:\\\/\\\/nsff.no\\\/magasinet\\\/wp-content\\\/uploads\\\/sites\\\/2\\\/2018\\\/03\\\/Mette-Eide-2.jpg\",\"contentUrl\":\"https:\\\/\\\/nsff.no\\\/magasinet\\\/wp-content\\\/uploads\\\/sites\\\/2\\\/2018\\\/03\\\/Mette-Eide-2.jpg\",\"width\":960,\"height\":720,\"caption\":\"Harstad fotoklubb p\u00e5 Senjatur (foto: Mette Eide)\"},{\"@type\":\"BreadcrumbList\",\"@id\":\"https:\\\/\\\/nsff.no\\\/magasinet\\\/2018\\\/03\\\/22\\\/harstadgjeng-fototur-til-senja\\\/#breadcrumb\",\"itemListElement\":[{\"@type\":\"ListItem\",\"position\":1,\"name\":\"Hjem\",\"item\":\"https:\\\/\\\/nsff.no\\\/magasinet\\\/\"},{\"@type\":\"ListItem\",\"position\":2,\"name\":\"Harstadgjeng p\u00e5 fototur til Senja\"}]},{\"@type\":\"WebSite\",\"@id\":\"https:\\\/\\\/nsff.no\\\/magasinet\\\/#website\",\"url\":\"https:\\\/\\\/nsff.no\\\/magasinet\\\/\",\"name\":\"NSFF Magasin | Norsk Selskap for Fotografi\",\"description\":\"Medlemsmagasin for film- og fotoentusiaster\",\"publisher\":{\"@id\":\"https:\\\/\\\/nsff.no\\\/magasinet\\\/#organization\"},\"potentialAction\":[{\"@type\":\"SearchAction\",\"target\":{\"@type\":\"EntryPoint\",\"urlTemplate\":\"https:\\\/\\\/nsff.no\\\/magasinet\\\/?s={search_term_string}\"},\"query-input\":{\"@type\":\"PropertyValueSpecification\",\"valueRequired\":true,\"valueName\":\"search_term_string\"}}],\"inLanguage\":\"nb-NO\"},{\"@type\":\"Organization\",\"@id\":\"https:\\\/\\\/nsff.no\\\/magasinet\\\/#organization\",\"name\":\"Norsk Selskap for Fotografo\",\"url\":\"https:\\\/\\\/nsff.no\\\/magasinet\\\/\",\"logo\":{\"@type\":\"ImageObject\",\"inLanguage\":\"nb-NO\",\"@id\":\"https:\\\/\\\/nsff.no\\\/magasinet\\\/#\\\/schema\\\/logo\\\/image\\\/\",\"url\":\"https:\\\/\\\/nsff.no\\\/magasinet\\\/wp-content\\\/uploads\\\/sites\\\/2\\\/2016\\\/05\\\/NSFF-fb-lenkebilde.png\",\"contentUrl\":\"https:\\\/\\\/nsff.no\\\/magasinet\\\/wp-content\\\/uploads\\\/sites\\\/2\\\/2016\\\/05\\\/NSFF-fb-lenkebilde.png\",\"width\":1,\"height\":1,\"caption\":\"Norsk Selskap for Fotografo\"},\"image\":{\"@id\":\"https:\\\/\\\/nsff.no\\\/magasinet\\\/#\\\/schema\\\/logo\\\/image\\\/\"}},{\"@type\":\"Person\",\"@id\":\"https:\\\/\\\/nsff.no\\\/magasinet\\\/#\\\/schema\\\/person\\\/688ca6ce4bc5adcf253f8a97329acbea\",\"name\":\"Veronika Sund\",\"image\":{\"@type\":\"ImageObject\",\"inLanguage\":\"nb-NO\",\"@id\":\"https:\\\/\\\/secure.gravatar.com\\\/avatar\\\/1e00008c1bbfdc0e12d8ba4506a9ae9969879d5a4ea9ba02035fc001ae8914fa?s=96&d=mm&r=g\",\"url\":\"https:\\\/\\\/secure.gravatar.com\\\/avatar\\\/1e00008c1bbfdc0e12d8ba4506a9ae9969879d5a4ea9ba02035fc001ae8914fa?s=96&d=mm&r=g\",\"contentUrl\":\"https:\\\/\\\/secure.gravatar.com\\\/avatar\\\/1e00008c1bbfdc0e12d8ba4506a9ae9969879d5a4ea9ba02035fc001ae8914fa?s=96&d=mm&r=g\",\"caption\":\"Veronika Sund\"},\"description\":\"Medlem i Harstad fotoklubb\",\"url\":\"https:\\\/\\\/nsff.no\\\/magasinet\\\/author\\\/veronikasund\\\/\"}]}<\/script>\n<!-- \/ Yoast SEO plugin. -->","yoast_head_json":{"title":"Harstadgjeng p\u00e5 fototur til Senja - NSFF Magasin | Norsk Selskap for Fotografi","description":"P\u00e5 tampen av vinteren arrangerte Harstad Fotoklubb en fototur til Senja. Motivene de fikk med seg p\u00e5 minnebrikka inkluderte Djevelens tanngard, nordlys, skarv og rustne motiver.","robots":{"index":"index","follow":"follow","max-snippet":"max-snippet:-1","max-image-preview":"max-image-preview:large","max-video-preview":"max-video-preview:-1"},"canonical":"https:\/\/nsff.no\/magasinet\/2018\/03\/22\/harstadgjeng-fototur-til-senja\/","og_locale":"nb_NO","og_type":"article","og_title":"Harstadgjeng p\u00e5 fototur til Senja - NSFF Magasin | Norsk Selskap for Fotografi","og_description":"P\u00e5 tampen av vinteren arrangerte Harstad Fotoklubb en fototur til Senja. Motivene de fikk med seg p\u00e5 minnebrikka inkluderte Djevelens tanngard, nordlys, skarv og rustne motiver.","og_url":"https:\/\/nsff.no\/magasinet\/2018\/03\/22\/harstadgjeng-fototur-til-senja\/","og_site_name":"NSFF Magasin | Norsk Selskap for Fotografi","article_published_time":"2018-03-22T18:29:14+00:00","article_modified_time":"2018-07-01T17:45:07+00:00","og_image":[{"width":1920,"height":1280,"url":"https:\/\/nsff.no\/magasinet\/wp-content\/uploads\/sites\/2\/2018\/03\/Renate-Jensen-2.jpg","type":"image\/jpeg"}],"author":"Veronika Sund","twitter_card":"summary_large_image","twitter_misc":{"Skrevet av":"Veronika Sund","Ansl. lesetid":"8 minutter"},"schema":{"@context":"https:\/\/schema.org","@graph":[{"@type":"Article","@id":"https:\/\/nsff.no\/magasinet\/2018\/03\/22\/harstadgjeng-fototur-til-senja\/#article","isPartOf":{"@id":"https:\/\/nsff.no\/magasinet\/2018\/03\/22\/harstadgjeng-fototur-til-senja\/"},"author":{"name":"Veronika Sund","@id":"https:\/\/nsff.no\/magasinet\/#\/schema\/person\/688ca6ce4bc5adcf253f8a97329acbea"},"headline":"Harstadgjeng p\u00e5 fototur til Senja","datePublished":"2018-03-22T18:29:14+00:00","dateModified":"2018-07-01T17:45:07+00:00","mainEntityOfPage":{"@id":"https:\/\/nsff.no\/magasinet\/2018\/03\/22\/harstadgjeng-fototur-til-senja\/"},"wordCount":1521,"commentCount":0,"publisher":{"@id":"https:\/\/nsff.no\/magasinet\/#organization"},"image":{"@id":"https:\/\/nsff.no\/magasinet\/2018\/03\/22\/harstadgjeng-fototur-til-senja\/#primaryimage"},"thumbnailUrl":"https:\/\/nsff.no\/magasinet\/wp-content\/uploads\/sites\/2\/2018\/03\/Mette-Eide-2.jpg","keywords":["2018","fototur","Harstad fotoklubb","Senja"],"articleSection":["Inspirasjon","Reisebrev"],"inLanguage":"nb-NO","potentialAction":[{"@type":"CommentAction","name":"Comment","target":["https:\/\/nsff.no\/magasinet\/2018\/03\/22\/harstadgjeng-fototur-til-senja\/#respond"]}]},{"@type":"WebPage","@id":"https:\/\/nsff.no\/magasinet\/2018\/03\/22\/harstadgjeng-fototur-til-senja\/","url":"https:\/\/nsff.no\/magasinet\/2018\/03\/22\/harstadgjeng-fototur-til-senja\/","name":"Harstadgjeng p\u00e5 fototur til Senja - NSFF Magasin | Norsk Selskap for Fotografi","isPartOf":{"@id":"https:\/\/nsff.no\/magasinet\/#website"},"primaryImageOfPage":{"@id":"https:\/\/nsff.no\/magasinet\/2018\/03\/22\/harstadgjeng-fototur-til-senja\/#primaryimage"},"image":{"@id":"https:\/\/nsff.no\/magasinet\/2018\/03\/22\/harstadgjeng-fototur-til-senja\/#primaryimage"},"thumbnailUrl":"https:\/\/nsff.no\/magasinet\/wp-content\/uploads\/sites\/2\/2018\/03\/Mette-Eide-2.jpg","datePublished":"2018-03-22T18:29:14+00:00","dateModified":"2018-07-01T17:45:07+00:00","description":"P\u00e5 tampen av vinteren arrangerte Harstad Fotoklubb en fototur til Senja. Motivene de fikk med seg p\u00e5 minnebrikka inkluderte Djevelens tanngard, nordlys, skarv og rustne motiver.","breadcrumb":{"@id":"https:\/\/nsff.no\/magasinet\/2018\/03\/22\/harstadgjeng-fototur-til-senja\/#breadcrumb"},"inLanguage":"nb-NO","potentialAction":[{"@type":"ReadAction","target":["https:\/\/nsff.no\/magasinet\/2018\/03\/22\/harstadgjeng-fototur-til-senja\/"]}]},{"@type":"ImageObject","inLanguage":"nb-NO","@id":"https:\/\/nsff.no\/magasinet\/2018\/03\/22\/harstadgjeng-fototur-til-senja\/#primaryimage","url":"https:\/\/nsff.no\/magasinet\/wp-content\/uploads\/sites\/2\/2018\/03\/Mette-Eide-2.jpg","contentUrl":"https:\/\/nsff.no\/magasinet\/wp-content\/uploads\/sites\/2\/2018\/03\/Mette-Eide-2.jpg","width":960,"height":720,"caption":"Harstad fotoklubb p\u00e5 Senjatur (foto: Mette Eide)"},{"@type":"BreadcrumbList","@id":"https:\/\/nsff.no\/magasinet\/2018\/03\/22\/harstadgjeng-fototur-til-senja\/#breadcrumb","itemListElement":[{"@type":"ListItem","position":1,"name":"Hjem","item":"https:\/\/nsff.no\/magasinet\/"},{"@type":"ListItem","position":2,"name":"Harstadgjeng p\u00e5 fototur til Senja"}]},{"@type":"WebSite","@id":"https:\/\/nsff.no\/magasinet\/#website","url":"https:\/\/nsff.no\/magasinet\/","name":"NSFF Magasin | Norsk Selskap for Fotografi","description":"Medlemsmagasin for film- og fotoentusiaster","publisher":{"@id":"https:\/\/nsff.no\/magasinet\/#organization"},"potentialAction":[{"@type":"SearchAction","target":{"@type":"EntryPoint","urlTemplate":"https:\/\/nsff.no\/magasinet\/?s={search_term_string}"},"query-input":{"@type":"PropertyValueSpecification","valueRequired":true,"valueName":"search_term_string"}}],"inLanguage":"nb-NO"},{"@type":"Organization","@id":"https:\/\/nsff.no\/magasinet\/#organization","name":"Norsk Selskap for Fotografo","url":"https:\/\/nsff.no\/magasinet\/","logo":{"@type":"ImageObject","inLanguage":"nb-NO","@id":"https:\/\/nsff.no\/magasinet\/#\/schema\/logo\/image\/","url":"https:\/\/nsff.no\/magasinet\/wp-content\/uploads\/sites\/2\/2016\/05\/NSFF-fb-lenkebilde.png","contentUrl":"https:\/\/nsff.no\/magasinet\/wp-content\/uploads\/sites\/2\/2016\/05\/NSFF-fb-lenkebilde.png","width":1,"height":1,"caption":"Norsk Selskap for Fotografo"},"image":{"@id":"https:\/\/nsff.no\/magasinet\/#\/schema\/logo\/image\/"}},{"@type":"Person","@id":"https:\/\/nsff.no\/magasinet\/#\/schema\/person\/688ca6ce4bc5adcf253f8a97329acbea","name":"Veronika Sund","image":{"@type":"ImageObject","inLanguage":"nb-NO","@id":"https:\/\/secure.gravatar.com\/avatar\/1e00008c1bbfdc0e12d8ba4506a9ae9969879d5a4ea9ba02035fc001ae8914fa?s=96&d=mm&r=g","url":"https:\/\/secure.gravatar.com\/avatar\/1e00008c1bbfdc0e12d8ba4506a9ae9969879d5a4ea9ba02035fc001ae8914fa?s=96&d=mm&r=g","contentUrl":"https:\/\/secure.gravatar.com\/avatar\/1e00008c1bbfdc0e12d8ba4506a9ae9969879d5a4ea9ba02035fc001ae8914fa?s=96&d=mm&r=g","caption":"Veronika Sund"},"description":"Medlem i Harstad fotoklubb","url":"https:\/\/nsff.no\/magasinet\/author\/veronikasund\/"}]}},"_links":{"self":[{"href":"https:\/\/nsff.no\/magasinet\/wp-json\/wp\/v2\/posts\/6753","targetHints":{"allow":["GET"]}}],"collection":[{"href":"https:\/\/nsff.no\/magasinet\/wp-json\/wp\/v2\/posts"}],"about":[{"href":"https:\/\/nsff.no\/magasinet\/wp-json\/wp\/v2\/types\/post"}],"author":[{"embeddable":true,"href":"https:\/\/nsff.no\/magasinet\/wp-json\/wp\/v2\/users\/74"}],"replies":[{"embeddable":true,"href":"https:\/\/nsff.no\/magasinet\/wp-json\/wp\/v2\/comments?post=6753"}],"version-history":[{"count":6,"href":"https:\/\/nsff.no\/magasinet\/wp-json\/wp\/v2\/posts\/6753\/revisions"}],"predecessor-version":[{"id":6786,"href":"https:\/\/nsff.no\/magasinet\/wp-json\/wp\/v2\/posts\/6753\/revisions\/6786"}],"wp:featuredmedia":[{"embeddable":true,"href":"https:\/\/nsff.no\/magasinet\/wp-json\/wp\/v2\/media\/6763"}],"wp:attachment":[{"href":"https:\/\/nsff.no\/magasinet\/wp-json\/wp\/v2\/media?parent=6753"}],"wp:term":[{"taxonomy":"category","embeddable":true,"href":"https:\/\/nsff.no\/magasinet\/wp-json\/wp\/v2\/categories?post=6753"},{"taxonomy":"post_tag","embeddable":true,"href":"https:\/\/nsff.no\/magasinet\/wp-json\/wp\/v2\/tags?post=6753"}],"curies":[{"name":"wp","href":"https:\/\/api.w.org\/{rel}","templated":true}]}}