{"id":6744,"date":"2018-03-18T19:00:05","date_gmt":"2018-03-18T18:00:05","guid":{"rendered":"http:\/\/nsff.no\/magasinet\/?p=6744"},"modified":"2018-03-18T19:00:05","modified_gmt":"2018-03-18T18:00:05","slug":"trondhjems-kameraklubbs-jubileumskonkurranse-2018","status":"publish","type":"post","link":"https:\/\/nsff.no\/magasinet\/2018\/03\/18\/trondhjems-kameraklubbs-jubileumskonkurranse-2018\/","title":{"rendered":"Trondhjems Kameraklubbs jubileumskonkurranse 2018"},"content":{"rendered":"<p><strong>Trondhjems Kameraklubb er 90 \u00e5r i 2018, og inviterer i den sammenheng til nasjonal jubileumskonkurranse. Konkurransen er \u00e5pen for alle norske fotografer, amat\u00f8rer som profesjonelle. <a href=\"http:\/\/nsff.no\/om-nsff\/regionale-film-fototreff-2018\/foto-filmtreff-midt-2018\/\" rel=\"noopener\" target=\"_blank\">Vinneren blir annonsert under regiontreffet p\u00e5 Inder\u00f8y<\/a> senere i \u00e5r. (Har du meldt deg p\u00e5?)<\/strong><\/p>\n<p>Informasjonen nedenfor er ikke utfyllende. For fullstendig innbydelse, regler, samt lenke til innlevering, <a href=\"https:\/\/trondhjemskameraklubb.no\/tkks-jubileumskonkurranse-2018\/\" rel=\"noopener\" target=\"_blank\">se TKKs nettsted<\/a>. For sp\u00f8rsm\u00e5l kontakt <a href=\"mailto:fotokonkurranse.tkk@gmail.com\">fotokonkurranse.tkk@gmail.com<\/a>.<\/p>\n<h2>Klasser og regler<\/h2>\n<p>Konkurransen har to tema \u2013 monokrom og farge &ndash; begge med fritt motiv. Innlevering skjer digitalt.<\/p>\n<h2>Deltakeravgift<\/h2>\n<p>Deltakeravgift er kr. 150,- for begge klassene. <\/p>\n<h2>Premiering<\/h2>\n<p>Det deles ut TKK gull-, s\u00f8lv- og bronsemedaljer til de beste bildene i hvert tema. I tillegg vil det bli utdelt \u00abThor Melhuus minneplakett\u00bb* til beste portrett uansett og NSFF pokal til beste fotograf totalt. Konkurransen er godkjent av NSFF og oppn\u00e5dde resultater vil derfor telle til NSFF-plaketter og hederstegn. <\/p>\n<h2>Kalender<\/h2>\n<p>Innlevering start: 15. mars<br \/>\nInnlevering stenger: 15. mai (kl. 23:59)<br \/>\nJuryering: 26. og 27. mai<br \/>\nResultat offentliggj\u00f8res: 9. juni p\u00e5 regionalt fototreff, Inder\u00f8y<\/p>\n<h2>Jury<\/h2>\n<p>De innleverte bildene vil bli juryert av en kvalifisert jury valgt ut av Trondhjems kameraklubb.<\/p>\n","protected":false},"excerpt":{"rendered":"<p>Trondhjems Kameraklubb er 90 \u00e5r i 2018, og inviterer i den sammenheng til nasjonal jubileumskonkurranse. Konkurransen er \u00e5pen for alle norske fotografer, og vinneren blir annonsert under regiontreffet p\u00e5 Inder\u00f8y senere i \u00e5r. (Har du meldt deg p\u00e5?)<\/p>\n","protected":false},"author":7,"featured_media":6749,"comment_status":"open","ping_status":"open","sticky":false,"template":"","format":"standard","meta":{"_et_pb_use_builder":"","_et_pb_old_content":"","_et_gb_content_width":"","footnotes":""},"categories":[10,14],"tags":[576,86,390,351,302,108],"class_list":["post-6744","post","type-post","status-publish","format-standard","has-post-thumbnail","hentry","category-konkurranser","category-nyheter","tag-576","tag-fotokonkurranse","tag-jubileumskonkurranse","tag-nasjonal-konkurranse","tag-tkk","tag-trondhjems-kameraklubb","et-has-post-format-content","et_post_format-et-post-format-standard"],"yoast_head":"<!-- This site is optimized with the Yoast SEO plugin v27.5 - https:\/\/yoast.com\/product\/yoast-seo-wordpress\/ -->\n<title>Trondhjems Kameraklubbs jubileumskonkurranse 2018 - NSFF Magasin | Norsk Selskap for Fotografi<\/title>\n<meta name=\"description\" content=\"Trondhjems Kameraklubb er 90 \u00e5r i 2018, og inviterer i den sammenheng til nasjonal jubileumskonkurranse. Konkurransen er \u00e5pen for alle norske fotografer, og vinneren blir annonsert under regiontreffet p\u00e5 Inder\u00f8y senere i \u00e5r. (Har du meldt deg p\u00e5?)\" \/>\n<meta name=\"robots\" content=\"index, follow, max-snippet:-1, max-image-preview:large, max-video-preview:-1\" \/>\n<link rel=\"canonical\" href=\"https:\/\/nsff.no\/magasinet\/2018\/03\/18\/trondhjems-kameraklubbs-jubileumskonkurranse-2018\/\" \/>\n<meta property=\"og:locale\" content=\"nb_NO\" \/>\n<meta property=\"og:type\" content=\"article\" \/>\n<meta property=\"og:title\" content=\"Trondhjems Kameraklubbs jubileumskonkurranse 2018 - NSFF Magasin | Norsk Selskap for Fotografi\" \/>\n<meta property=\"og:description\" content=\"Trondhjems Kameraklubb er 90 \u00e5r i 2018, og inviterer i den sammenheng til nasjonal jubileumskonkurranse. Konkurransen er \u00e5pen for alle norske fotografer, og vinneren blir annonsert under regiontreffet p\u00e5 Inder\u00f8y senere i \u00e5r. (Har du meldt deg p\u00e5?)\" \/>\n<meta property=\"og:url\" content=\"https:\/\/nsff.no\/magasinet\/2018\/03\/18\/trondhjems-kameraklubbs-jubileumskonkurranse-2018\/\" \/>\n<meta property=\"og:site_name\" content=\"NSFF Magasin | Norsk Selskap for Fotografi\" \/>\n<meta property=\"article:published_time\" content=\"2018-03-18T18:00:05+00:00\" \/>\n<meta property=\"og:image\" content=\"https:\/\/nsff.no\/magasinet\/wp-content\/uploads\/sites\/2\/2018\/03\/tkk.jpg\" \/>\n\t<meta property=\"og:image:width\" content=\"1200\" \/>\n\t<meta property=\"og:image:height\" content=\"630\" \/>\n\t<meta property=\"og:image:type\" content=\"image\/jpeg\" \/>\n<meta name=\"author\" content=\"Birgit Fostervold\" \/>\n<meta name=\"twitter:card\" content=\"summary_large_image\" \/>\n<meta name=\"twitter:label1\" content=\"Skrevet av\" \/>\n\t<meta name=\"twitter:data1\" content=\"Birgit Fostervold\" \/>\n\t<meta name=\"twitter:label2\" content=\"Ansl. lesetid\" \/>\n\t<meta name=\"twitter:data2\" content=\"1 minutt\" \/>\n<script type=\"application\/ld+json\" class=\"yoast-schema-graph\">{\"@context\":\"https:\\\/\\\/schema.org\",\"@graph\":[{\"@type\":\"Article\",\"@id\":\"https:\\\/\\\/nsff.no\\\/magasinet\\\/2018\\\/03\\\/18\\\/trondhjems-kameraklubbs-jubileumskonkurranse-2018\\\/#article\",\"isPartOf\":{\"@id\":\"https:\\\/\\\/nsff.no\\\/magasinet\\\/2018\\\/03\\\/18\\\/trondhjems-kameraklubbs-jubileumskonkurranse-2018\\\/\"},\"author\":{\"name\":\"Birgit Fostervold\",\"@id\":\"https:\\\/\\\/nsff.no\\\/magasinet\\\/#\\\/schema\\\/person\\\/da041f968afa9bee0293372491a98303\"},\"headline\":\"Trondhjems Kameraklubbs jubileumskonkurranse 2018\",\"datePublished\":\"2018-03-18T18:00:05+00:00\",\"mainEntityOfPage\":{\"@id\":\"https:\\\/\\\/nsff.no\\\/magasinet\\\/2018\\\/03\\\/18\\\/trondhjems-kameraklubbs-jubileumskonkurranse-2018\\\/\"},\"wordCount\":183,\"commentCount\":0,\"publisher\":{\"@id\":\"https:\\\/\\\/nsff.no\\\/magasinet\\\/#organization\"},\"image\":{\"@id\":\"https:\\\/\\\/nsff.no\\\/magasinet\\\/2018\\\/03\\\/18\\\/trondhjems-kameraklubbs-jubileumskonkurranse-2018\\\/#primaryimage\"},\"thumbnailUrl\":\"https:\\\/\\\/nsff.no\\\/magasinet\\\/wp-content\\\/uploads\\\/sites\\\/2\\\/2018\\\/03\\\/tkk.jpg\",\"keywords\":[\"2018\",\"fotokonkurranse\",\"jubileumskonkurranse\",\"nasjonal konkurranse\",\"TKK\",\"Trondhjems Kameraklubb\"],\"articleSection\":[\"Konkurranser\",\"Nyheter\"],\"inLanguage\":\"nb-NO\",\"potentialAction\":[{\"@type\":\"CommentAction\",\"name\":\"Comment\",\"target\":[\"https:\\\/\\\/nsff.no\\\/magasinet\\\/2018\\\/03\\\/18\\\/trondhjems-kameraklubbs-jubileumskonkurranse-2018\\\/#respond\"]}]},{\"@type\":\"WebPage\",\"@id\":\"https:\\\/\\\/nsff.no\\\/magasinet\\\/2018\\\/03\\\/18\\\/trondhjems-kameraklubbs-jubileumskonkurranse-2018\\\/\",\"url\":\"https:\\\/\\\/nsff.no\\\/magasinet\\\/2018\\\/03\\\/18\\\/trondhjems-kameraklubbs-jubileumskonkurranse-2018\\\/\",\"name\":\"Trondhjems Kameraklubbs jubileumskonkurranse 2018 - NSFF Magasin | Norsk Selskap for Fotografi\",\"isPartOf\":{\"@id\":\"https:\\\/\\\/nsff.no\\\/magasinet\\\/#website\"},\"primaryImageOfPage\":{\"@id\":\"https:\\\/\\\/nsff.no\\\/magasinet\\\/2018\\\/03\\\/18\\\/trondhjems-kameraklubbs-jubileumskonkurranse-2018\\\/#primaryimage\"},\"image\":{\"@id\":\"https:\\\/\\\/nsff.no\\\/magasinet\\\/2018\\\/03\\\/18\\\/trondhjems-kameraklubbs-jubileumskonkurranse-2018\\\/#primaryimage\"},\"thumbnailUrl\":\"https:\\\/\\\/nsff.no\\\/magasinet\\\/wp-content\\\/uploads\\\/sites\\\/2\\\/2018\\\/03\\\/tkk.jpg\",\"datePublished\":\"2018-03-18T18:00:05+00:00\",\"description\":\"Trondhjems Kameraklubb er 90 \u00e5r i 2018, og inviterer i den sammenheng til nasjonal jubileumskonkurranse. Konkurransen er \u00e5pen for alle norske fotografer, og vinneren blir annonsert under regiontreffet p\u00e5 Inder\u00f8y senere i \u00e5r. (Har du meldt deg p\u00e5?)\",\"breadcrumb\":{\"@id\":\"https:\\\/\\\/nsff.no\\\/magasinet\\\/2018\\\/03\\\/18\\\/trondhjems-kameraklubbs-jubileumskonkurranse-2018\\\/#breadcrumb\"},\"inLanguage\":\"nb-NO\",\"potentialAction\":[{\"@type\":\"ReadAction\",\"target\":[\"https:\\\/\\\/nsff.no\\\/magasinet\\\/2018\\\/03\\\/18\\\/trondhjems-kameraklubbs-jubileumskonkurranse-2018\\\/\"]}]},{\"@type\":\"ImageObject\",\"inLanguage\":\"nb-NO\",\"@id\":\"https:\\\/\\\/nsff.no\\\/magasinet\\\/2018\\\/03\\\/18\\\/trondhjems-kameraklubbs-jubileumskonkurranse-2018\\\/#primaryimage\",\"url\":\"https:\\\/\\\/nsff.no\\\/magasinet\\\/wp-content\\\/uploads\\\/sites\\\/2\\\/2018\\\/03\\\/tkk.jpg\",\"contentUrl\":\"https:\\\/\\\/nsff.no\\\/magasinet\\\/wp-content\\\/uploads\\\/sites\\\/2\\\/2018\\\/03\\\/tkk.jpg\",\"width\":1200,\"height\":630,\"caption\":\"Trondhjems Kameraklubbs jubileumskonkurranse\"},{\"@type\":\"BreadcrumbList\",\"@id\":\"https:\\\/\\\/nsff.no\\\/magasinet\\\/2018\\\/03\\\/18\\\/trondhjems-kameraklubbs-jubileumskonkurranse-2018\\\/#breadcrumb\",\"itemListElement\":[{\"@type\":\"ListItem\",\"position\":1,\"name\":\"Hjem\",\"item\":\"https:\\\/\\\/nsff.no\\\/magasinet\\\/\"},{\"@type\":\"ListItem\",\"position\":2,\"name\":\"Trondhjems Kameraklubbs jubileumskonkurranse 2018\"}]},{\"@type\":\"WebSite\",\"@id\":\"https:\\\/\\\/nsff.no\\\/magasinet\\\/#website\",\"url\":\"https:\\\/\\\/nsff.no\\\/magasinet\\\/\",\"name\":\"NSFF Magasin | Norsk Selskap for Fotografi\",\"description\":\"Medlemsmagasin for film- og fotoentusiaster\",\"publisher\":{\"@id\":\"https:\\\/\\\/nsff.no\\\/magasinet\\\/#organization\"},\"potentialAction\":[{\"@type\":\"SearchAction\",\"target\":{\"@type\":\"EntryPoint\",\"urlTemplate\":\"https:\\\/\\\/nsff.no\\\/magasinet\\\/?s={search_term_string}\"},\"query-input\":{\"@type\":\"PropertyValueSpecification\",\"valueRequired\":true,\"valueName\":\"search_term_string\"}}],\"inLanguage\":\"nb-NO\"},{\"@type\":\"Organization\",\"@id\":\"https:\\\/\\\/nsff.no\\\/magasinet\\\/#organization\",\"name\":\"Norsk Selskap for Fotografo\",\"url\":\"https:\\\/\\\/nsff.no\\\/magasinet\\\/\",\"logo\":{\"@type\":\"ImageObject\",\"inLanguage\":\"nb-NO\",\"@id\":\"https:\\\/\\\/nsff.no\\\/magasinet\\\/#\\\/schema\\\/logo\\\/image\\\/\",\"url\":\"https:\\\/\\\/nsff.no\\\/magasinet\\\/wp-content\\\/uploads\\\/sites\\\/2\\\/2016\\\/05\\\/NSFF-fb-lenkebilde.png\",\"contentUrl\":\"https:\\\/\\\/nsff.no\\\/magasinet\\\/wp-content\\\/uploads\\\/sites\\\/2\\\/2016\\\/05\\\/NSFF-fb-lenkebilde.png\",\"width\":1,\"height\":1,\"caption\":\"Norsk Selskap for Fotografo\"},\"image\":{\"@id\":\"https:\\\/\\\/nsff.no\\\/magasinet\\\/#\\\/schema\\\/logo\\\/image\\\/\"}},{\"@type\":\"Person\",\"@id\":\"https:\\\/\\\/nsff.no\\\/magasinet\\\/#\\\/schema\\\/person\\\/da041f968afa9bee0293372491a98303\",\"name\":\"Birgit Fostervold\",\"image\":{\"@type\":\"ImageObject\",\"inLanguage\":\"nb-NO\",\"@id\":\"https:\\\/\\\/secure.gravatar.com\\\/avatar\\\/d8b31664a01c80eecbf53f36dc41fa676bbfe7c78cb2391937a62f88da897950?s=96&d=mm&r=g\",\"url\":\"https:\\\/\\\/secure.gravatar.com\\\/avatar\\\/d8b31664a01c80eecbf53f36dc41fa676bbfe7c78cb2391937a62f88da897950?s=96&d=mm&r=g\",\"contentUrl\":\"https:\\\/\\\/secure.gravatar.com\\\/avatar\\\/d8b31664a01c80eecbf53f36dc41fa676bbfe7c78cb2391937a62f88da897950?s=96&d=mm&r=g\",\"caption\":\"Birgit Fostervold\"},\"description\":\"EsNSFF, HonENFFF, medlem i Homborsund fotoklubb og Arendal fotoklubb. Styremedlem NSFF, Nordisk Forbund for Fotografi og Norsk Naturfotofestival. Tidl. nestleder og konst.leder NSFF (2017\u201322), tidl. redakt\u00f8r for NSFF Magasin (2016\u201322).\",\"sameAs\":[\"https:\\\/\\\/lensbirdie.no\",\"https:\\\/\\\/instagram.com\\\/knipselyst\\\/\"],\"url\":\"https:\\\/\\\/nsff.no\\\/magasinet\\\/author\\\/birgitf\\\/\"}]}<\/script>\n<!-- \/ Yoast SEO plugin. -->","yoast_head_json":{"title":"Trondhjems Kameraklubbs jubileumskonkurranse 2018 - NSFF Magasin | Norsk Selskap for Fotografi","description":"Trondhjems Kameraklubb er 90 \u00e5r i 2018, og inviterer i den sammenheng til nasjonal jubileumskonkurranse. Konkurransen er \u00e5pen for alle norske fotografer, og vinneren blir annonsert under regiontreffet p\u00e5 Inder\u00f8y senere i \u00e5r. (Har du meldt deg p\u00e5?)","robots":{"index":"index","follow":"follow","max-snippet":"max-snippet:-1","max-image-preview":"max-image-preview:large","max-video-preview":"max-video-preview:-1"},"canonical":"https:\/\/nsff.no\/magasinet\/2018\/03\/18\/trondhjems-kameraklubbs-jubileumskonkurranse-2018\/","og_locale":"nb_NO","og_type":"article","og_title":"Trondhjems Kameraklubbs jubileumskonkurranse 2018 - NSFF Magasin | Norsk Selskap for Fotografi","og_description":"Trondhjems Kameraklubb er 90 \u00e5r i 2018, og inviterer i den sammenheng til nasjonal jubileumskonkurranse. Konkurransen er \u00e5pen for alle norske fotografer, og vinneren blir annonsert under regiontreffet p\u00e5 Inder\u00f8y senere i \u00e5r. (Har du meldt deg p\u00e5?)","og_url":"https:\/\/nsff.no\/magasinet\/2018\/03\/18\/trondhjems-kameraklubbs-jubileumskonkurranse-2018\/","og_site_name":"NSFF Magasin | Norsk Selskap for Fotografi","article_published_time":"2018-03-18T18:00:05+00:00","og_image":[{"width":1200,"height":630,"url":"https:\/\/nsff.no\/magasinet\/wp-content\/uploads\/sites\/2\/2018\/03\/tkk.jpg","type":"image\/jpeg"}],"author":"Birgit Fostervold","twitter_card":"summary_large_image","twitter_misc":{"Skrevet av":"Birgit Fostervold","Ansl. lesetid":"1 minutt"},"schema":{"@context":"https:\/\/schema.org","@graph":[{"@type":"Article","@id":"https:\/\/nsff.no\/magasinet\/2018\/03\/18\/trondhjems-kameraklubbs-jubileumskonkurranse-2018\/#article","isPartOf":{"@id":"https:\/\/nsff.no\/magasinet\/2018\/03\/18\/trondhjems-kameraklubbs-jubileumskonkurranse-2018\/"},"author":{"name":"Birgit Fostervold","@id":"https:\/\/nsff.no\/magasinet\/#\/schema\/person\/da041f968afa9bee0293372491a98303"},"headline":"Trondhjems Kameraklubbs jubileumskonkurranse 2018","datePublished":"2018-03-18T18:00:05+00:00","mainEntityOfPage":{"@id":"https:\/\/nsff.no\/magasinet\/2018\/03\/18\/trondhjems-kameraklubbs-jubileumskonkurranse-2018\/"},"wordCount":183,"commentCount":0,"publisher":{"@id":"https:\/\/nsff.no\/magasinet\/#organization"},"image":{"@id":"https:\/\/nsff.no\/magasinet\/2018\/03\/18\/trondhjems-kameraklubbs-jubileumskonkurranse-2018\/#primaryimage"},"thumbnailUrl":"https:\/\/nsff.no\/magasinet\/wp-content\/uploads\/sites\/2\/2018\/03\/tkk.jpg","keywords":["2018","fotokonkurranse","jubileumskonkurranse","nasjonal konkurranse","TKK","Trondhjems Kameraklubb"],"articleSection":["Konkurranser","Nyheter"],"inLanguage":"nb-NO","potentialAction":[{"@type":"CommentAction","name":"Comment","target":["https:\/\/nsff.no\/magasinet\/2018\/03\/18\/trondhjems-kameraklubbs-jubileumskonkurranse-2018\/#respond"]}]},{"@type":"WebPage","@id":"https:\/\/nsff.no\/magasinet\/2018\/03\/18\/trondhjems-kameraklubbs-jubileumskonkurranse-2018\/","url":"https:\/\/nsff.no\/magasinet\/2018\/03\/18\/trondhjems-kameraklubbs-jubileumskonkurranse-2018\/","name":"Trondhjems Kameraklubbs jubileumskonkurranse 2018 - NSFF Magasin | Norsk Selskap for Fotografi","isPartOf":{"@id":"https:\/\/nsff.no\/magasinet\/#website"},"primaryImageOfPage":{"@id":"https:\/\/nsff.no\/magasinet\/2018\/03\/18\/trondhjems-kameraklubbs-jubileumskonkurranse-2018\/#primaryimage"},"image":{"@id":"https:\/\/nsff.no\/magasinet\/2018\/03\/18\/trondhjems-kameraklubbs-jubileumskonkurranse-2018\/#primaryimage"},"thumbnailUrl":"https:\/\/nsff.no\/magasinet\/wp-content\/uploads\/sites\/2\/2018\/03\/tkk.jpg","datePublished":"2018-03-18T18:00:05+00:00","description":"Trondhjems Kameraklubb er 90 \u00e5r i 2018, og inviterer i den sammenheng til nasjonal jubileumskonkurranse. Konkurransen er \u00e5pen for alle norske fotografer, og vinneren blir annonsert under regiontreffet p\u00e5 Inder\u00f8y senere i \u00e5r. (Har du meldt deg p\u00e5?)","breadcrumb":{"@id":"https:\/\/nsff.no\/magasinet\/2018\/03\/18\/trondhjems-kameraklubbs-jubileumskonkurranse-2018\/#breadcrumb"},"inLanguage":"nb-NO","potentialAction":[{"@type":"ReadAction","target":["https:\/\/nsff.no\/magasinet\/2018\/03\/18\/trondhjems-kameraklubbs-jubileumskonkurranse-2018\/"]}]},{"@type":"ImageObject","inLanguage":"nb-NO","@id":"https:\/\/nsff.no\/magasinet\/2018\/03\/18\/trondhjems-kameraklubbs-jubileumskonkurranse-2018\/#primaryimage","url":"https:\/\/nsff.no\/magasinet\/wp-content\/uploads\/sites\/2\/2018\/03\/tkk.jpg","contentUrl":"https:\/\/nsff.no\/magasinet\/wp-content\/uploads\/sites\/2\/2018\/03\/tkk.jpg","width":1200,"height":630,"caption":"Trondhjems Kameraklubbs jubileumskonkurranse"},{"@type":"BreadcrumbList","@id":"https:\/\/nsff.no\/magasinet\/2018\/03\/18\/trondhjems-kameraklubbs-jubileumskonkurranse-2018\/#breadcrumb","itemListElement":[{"@type":"ListItem","position":1,"name":"Hjem","item":"https:\/\/nsff.no\/magasinet\/"},{"@type":"ListItem","position":2,"name":"Trondhjems Kameraklubbs jubileumskonkurranse 2018"}]},{"@type":"WebSite","@id":"https:\/\/nsff.no\/magasinet\/#website","url":"https:\/\/nsff.no\/magasinet\/","name":"NSFF Magasin | Norsk Selskap for Fotografi","description":"Medlemsmagasin for film- og fotoentusiaster","publisher":{"@id":"https:\/\/nsff.no\/magasinet\/#organization"},"potentialAction":[{"@type":"SearchAction","target":{"@type":"EntryPoint","urlTemplate":"https:\/\/nsff.no\/magasinet\/?s={search_term_string}"},"query-input":{"@type":"PropertyValueSpecification","valueRequired":true,"valueName":"search_term_string"}}],"inLanguage":"nb-NO"},{"@type":"Organization","@id":"https:\/\/nsff.no\/magasinet\/#organization","name":"Norsk Selskap for Fotografo","url":"https:\/\/nsff.no\/magasinet\/","logo":{"@type":"ImageObject","inLanguage":"nb-NO","@id":"https:\/\/nsff.no\/magasinet\/#\/schema\/logo\/image\/","url":"https:\/\/nsff.no\/magasinet\/wp-content\/uploads\/sites\/2\/2016\/05\/NSFF-fb-lenkebilde.png","contentUrl":"https:\/\/nsff.no\/magasinet\/wp-content\/uploads\/sites\/2\/2016\/05\/NSFF-fb-lenkebilde.png","width":1,"height":1,"caption":"Norsk Selskap for Fotografo"},"image":{"@id":"https:\/\/nsff.no\/magasinet\/#\/schema\/logo\/image\/"}},{"@type":"Person","@id":"https:\/\/nsff.no\/magasinet\/#\/schema\/person\/da041f968afa9bee0293372491a98303","name":"Birgit Fostervold","image":{"@type":"ImageObject","inLanguage":"nb-NO","@id":"https:\/\/secure.gravatar.com\/avatar\/d8b31664a01c80eecbf53f36dc41fa676bbfe7c78cb2391937a62f88da897950?s=96&d=mm&r=g","url":"https:\/\/secure.gravatar.com\/avatar\/d8b31664a01c80eecbf53f36dc41fa676bbfe7c78cb2391937a62f88da897950?s=96&d=mm&r=g","contentUrl":"https:\/\/secure.gravatar.com\/avatar\/d8b31664a01c80eecbf53f36dc41fa676bbfe7c78cb2391937a62f88da897950?s=96&d=mm&r=g","caption":"Birgit Fostervold"},"description":"EsNSFF, HonENFFF, medlem i Homborsund fotoklubb og Arendal fotoklubb. Styremedlem NSFF, Nordisk Forbund for Fotografi og Norsk Naturfotofestival. Tidl. nestleder og konst.leder NSFF (2017\u201322), tidl. redakt\u00f8r for NSFF Magasin (2016\u201322).","sameAs":["https:\/\/lensbirdie.no","https:\/\/instagram.com\/knipselyst\/"],"url":"https:\/\/nsff.no\/magasinet\/author\/birgitf\/"}]}},"_links":{"self":[{"href":"https:\/\/nsff.no\/magasinet\/wp-json\/wp\/v2\/posts\/6744","targetHints":{"allow":["GET"]}}],"collection":[{"href":"https:\/\/nsff.no\/magasinet\/wp-json\/wp\/v2\/posts"}],"about":[{"href":"https:\/\/nsff.no\/magasinet\/wp-json\/wp\/v2\/types\/post"}],"author":[{"embeddable":true,"href":"https:\/\/nsff.no\/magasinet\/wp-json\/wp\/v2\/users\/7"}],"replies":[{"embeddable":true,"href":"https:\/\/nsff.no\/magasinet\/wp-json\/wp\/v2\/comments?post=6744"}],"version-history":[{"count":4,"href":"https:\/\/nsff.no\/magasinet\/wp-json\/wp\/v2\/posts\/6744\/revisions"}],"predecessor-version":[{"id":6750,"href":"https:\/\/nsff.no\/magasinet\/wp-json\/wp\/v2\/posts\/6744\/revisions\/6750"}],"wp:featuredmedia":[{"embeddable":true,"href":"https:\/\/nsff.no\/magasinet\/wp-json\/wp\/v2\/media\/6749"}],"wp:attachment":[{"href":"https:\/\/nsff.no\/magasinet\/wp-json\/wp\/v2\/media?parent=6744"}],"wp:term":[{"taxonomy":"category","embeddable":true,"href":"https:\/\/nsff.no\/magasinet\/wp-json\/wp\/v2\/categories?post=6744"},{"taxonomy":"post_tag","embeddable":true,"href":"https:\/\/nsff.no\/magasinet\/wp-json\/wp\/v2\/tags?post=6744"}],"curies":[{"name":"wp","href":"https:\/\/api.w.org\/{rel}","templated":true}]}}