{"id":6648,"date":"2018-01-12T12:05:07","date_gmt":"2018-01-12T11:05:07","guid":{"rendered":"http:\/\/nsff.no\/magasinet\/?p=6648"},"modified":"2018-01-12T12:05:07","modified_gmt":"2018-01-12T11:05:07","slug":"liz-palm-stiller-pa-ly","status":"publish","type":"post","link":"https:\/\/nsff.no\/magasinet\/2018\/01\/12\/liz-palm-stiller-pa-ly\/","title":{"rendered":"Liz Palm stiller ut p\u00e5 Ly"},"content":{"rendered":"<p>Liz Palm fra Oslo Kamera Klubb stiller ut p\u00e5 Ly (<a href=\"https:\/\/goo.gl\/maps\/z1TJMPvnM412\" rel=\"noopener\" target=\"_blank\">kart<\/a>). Det blir vernissage l\u00f8rdag 13. januar klokka 17&ndash;20. Utstillingen henger til f\u00f8rste helgen i februar.<\/p>\n<h2>Om fotografen<\/h2>\n<p>Liz Palm er en prisbel\u00f8nt fotograf oppvokst og bosatt i Oslo. Hun er fotojournalist og dokumentarfotograf, men jobber ogs\u00e5 med prosjekter som strekker seg inn i kunstfotografiet. Mange av bildene hennes er som poesi. Hennes n\u00e6re og stemningsfulle motiver skaper ofte gjenklang hos betrakteren. Hun gir av seg selv inn i bildene, som dermed fremst\u00e5r som b\u00e5de universelle og personlige.<\/p>\n<p>Liz Palm har deltatt p\u00e5 utstillinger i inn- og utland, v\u00e6rt \u00e5rets fotograf i Oslo Kameraklubb og Norsk Selskap for Fotografi og hatt bilder p\u00e5 trykk i internasjonale fotomagasiner som COLOR og B&#038;W Magazine. I 2016 var hun blant vinnerne i Magnum Photography Awards, en internasjonal konkurranse med deltakere fra 127 land.<\/p>\n<p>F\u00f8lg <a href=\"https:\/\/instagram.com\/lizpalm\" rel=\"noopener\" target=\"_blank\">@lizpalm<\/a> p\u00e5 Instagram, der hun i flere \u00e5r har fanget \u00f8yeblikk i hverdagen med daglige fotoglimt, og websiden <a href=\"http:\/\/www.palm.no\" rel=\"noopener\" target=\"_blank\">www.palm.no<\/a>.<\/p>\n","protected":false},"excerpt":{"rendered":"<p>Liz Palm fra Oslo Kamera Klubb stiller ut p\u00e5 Ly p\u00e5 Gr\u00fcnerl\u00f8kka i januar. Det blir vernissage l\u00f8rdag 13. januar fra klokka 17. Utstillingen henger til f\u00f8rste helgen i februar.<\/p>\n","protected":false},"author":7,"featured_media":6650,"comment_status":"open","ping_status":"open","sticky":false,"template":"","format":"standard","meta":{"_et_pb_use_builder":"","_et_pb_old_content":"","_et_gb_content_width":"","footnotes":""},"categories":[7,14],"tags":[576,137,632,309,498,118],"class_list":["post-6648","post","type-post","status-publish","format-standard","has-post-thumbnail","hentry","category-foto","category-nyheter","tag-576","tag-fotoutstilling","tag-liz-palm","tag-oslo","tag-oslo-kamera-klubb","tag-utstilling","et-has-post-format-content","et_post_format-et-post-format-standard"],"yoast_head":"<!-- This site is optimized with the Yoast SEO plugin v27.5 - https:\/\/yoast.com\/product\/yoast-seo-wordpress\/ -->\n<title>Liz Palm stiller ut p\u00e5 Ly - NSFF Magasin | Norsk Selskap for Fotografi<\/title>\n<meta name=\"robots\" content=\"index, follow, max-snippet:-1, max-image-preview:large, max-video-preview:-1\" \/>\n<link rel=\"canonical\" href=\"https:\/\/nsff.no\/magasinet\/2018\/01\/12\/liz-palm-stiller-pa-ly\/\" \/>\n<meta property=\"og:locale\" content=\"nb_NO\" \/>\n<meta property=\"og:type\" content=\"article\" \/>\n<meta property=\"og:title\" content=\"Liz Palm stiller ut p\u00e5 Ly - NSFF Magasin | Norsk Selskap for Fotografi\" \/>\n<meta property=\"og:description\" content=\"Liz Palm fra Oslo Kamera Klubb stiller ut p\u00e5 Ly p\u00e5 Gr\u00fcnerl\u00f8kka i januar. Det blir vernissage l\u00f8rdag 13. januar fra klokka 17. Utstillingen henger til f\u00f8rste helgen i februar.\" \/>\n<meta property=\"og:url\" content=\"https:\/\/nsff.no\/magasinet\/2018\/01\/12\/liz-palm-stiller-pa-ly\/\" \/>\n<meta property=\"og:site_name\" content=\"NSFF Magasin | Norsk Selskap for Fotografi\" \/>\n<meta property=\"article:published_time\" content=\"2018-01-12T11:05:07+00:00\" \/>\n<meta property=\"og:image\" content=\"https:\/\/nsff.no\/magasinet\/wp-content\/uploads\/sites\/2\/2018\/01\/26756593_566624967005681_2863927978763117784_o.jpg\" \/>\n\t<meta property=\"og:image:width\" content=\"1412\" \/>\n\t<meta property=\"og:image:height\" content=\"805\" \/>\n\t<meta property=\"og:image:type\" content=\"image\/jpeg\" \/>\n<meta name=\"author\" content=\"Birgit Fostervold\" \/>\n<meta name=\"twitter:card\" content=\"summary_large_image\" \/>\n<meta name=\"twitter:label1\" content=\"Skrevet av\" \/>\n\t<meta name=\"twitter:data1\" content=\"Birgit Fostervold\" \/>\n\t<meta name=\"twitter:label2\" content=\"Ansl. lesetid\" \/>\n\t<meta name=\"twitter:data2\" content=\"1 minutt\" \/>\n<script type=\"application\/ld+json\" class=\"yoast-schema-graph\">{\"@context\":\"https:\\\/\\\/schema.org\",\"@graph\":[{\"@type\":\"Article\",\"@id\":\"https:\\\/\\\/nsff.no\\\/magasinet\\\/2018\\\/01\\\/12\\\/liz-palm-stiller-pa-ly\\\/#article\",\"isPartOf\":{\"@id\":\"https:\\\/\\\/nsff.no\\\/magasinet\\\/2018\\\/01\\\/12\\\/liz-palm-stiller-pa-ly\\\/\"},\"author\":{\"name\":\"Birgit Fostervold\",\"@id\":\"https:\\\/\\\/nsff.no\\\/magasinet\\\/#\\\/schema\\\/person\\\/da041f968afa9bee0293372491a98303\"},\"headline\":\"Liz Palm stiller ut p\u00e5 Ly\",\"datePublished\":\"2018-01-12T11:05:07+00:00\",\"mainEntityOfPage\":{\"@id\":\"https:\\\/\\\/nsff.no\\\/magasinet\\\/2018\\\/01\\\/12\\\/liz-palm-stiller-pa-ly\\\/\"},\"wordCount\":174,\"commentCount\":0,\"publisher\":{\"@id\":\"https:\\\/\\\/nsff.no\\\/magasinet\\\/#organization\"},\"image\":{\"@id\":\"https:\\\/\\\/nsff.no\\\/magasinet\\\/2018\\\/01\\\/12\\\/liz-palm-stiller-pa-ly\\\/#primaryimage\"},\"thumbnailUrl\":\"https:\\\/\\\/nsff.no\\\/magasinet\\\/wp-content\\\/uploads\\\/sites\\\/2\\\/2018\\\/01\\\/26756593_566624967005681_2863927978763117784_o.jpg\",\"keywords\":[\"2018\",\"fotoutstilling\",\"Liz Palm\",\"Oslo\",\"Oslo Kamera Klubb\",\"utstilling\"],\"articleSection\":[\"Foto\",\"Nyheter\"],\"inLanguage\":\"nb-NO\",\"potentialAction\":[{\"@type\":\"CommentAction\",\"name\":\"Comment\",\"target\":[\"https:\\\/\\\/nsff.no\\\/magasinet\\\/2018\\\/01\\\/12\\\/liz-palm-stiller-pa-ly\\\/#respond\"]}]},{\"@type\":\"WebPage\",\"@id\":\"https:\\\/\\\/nsff.no\\\/magasinet\\\/2018\\\/01\\\/12\\\/liz-palm-stiller-pa-ly\\\/\",\"url\":\"https:\\\/\\\/nsff.no\\\/magasinet\\\/2018\\\/01\\\/12\\\/liz-palm-stiller-pa-ly\\\/\",\"name\":\"Liz Palm stiller ut p\u00e5 Ly - NSFF Magasin | Norsk Selskap for Fotografi\",\"isPartOf\":{\"@id\":\"https:\\\/\\\/nsff.no\\\/magasinet\\\/#website\"},\"primaryImageOfPage\":{\"@id\":\"https:\\\/\\\/nsff.no\\\/magasinet\\\/2018\\\/01\\\/12\\\/liz-palm-stiller-pa-ly\\\/#primaryimage\"},\"image\":{\"@id\":\"https:\\\/\\\/nsff.no\\\/magasinet\\\/2018\\\/01\\\/12\\\/liz-palm-stiller-pa-ly\\\/#primaryimage\"},\"thumbnailUrl\":\"https:\\\/\\\/nsff.no\\\/magasinet\\\/wp-content\\\/uploads\\\/sites\\\/2\\\/2018\\\/01\\\/26756593_566624967005681_2863927978763117784_o.jpg\",\"datePublished\":\"2018-01-12T11:05:07+00:00\",\"breadcrumb\":{\"@id\":\"https:\\\/\\\/nsff.no\\\/magasinet\\\/2018\\\/01\\\/12\\\/liz-palm-stiller-pa-ly\\\/#breadcrumb\"},\"inLanguage\":\"nb-NO\",\"potentialAction\":[{\"@type\":\"ReadAction\",\"target\":[\"https:\\\/\\\/nsff.no\\\/magasinet\\\/2018\\\/01\\\/12\\\/liz-palm-stiller-pa-ly\\\/\"]}]},{\"@type\":\"ImageObject\",\"inLanguage\":\"nb-NO\",\"@id\":\"https:\\\/\\\/nsff.no\\\/magasinet\\\/2018\\\/01\\\/12\\\/liz-palm-stiller-pa-ly\\\/#primaryimage\",\"url\":\"https:\\\/\\\/nsff.no\\\/magasinet\\\/wp-content\\\/uploads\\\/sites\\\/2\\\/2018\\\/01\\\/26756593_566624967005681_2863927978763117784_o.jpg\",\"contentUrl\":\"https:\\\/\\\/nsff.no\\\/magasinet\\\/wp-content\\\/uploads\\\/sites\\\/2\\\/2018\\\/01\\\/26756593_566624967005681_2863927978763117784_o.jpg\",\"width\":1412,\"height\":805,\"caption\":\"Liz Palm\"},{\"@type\":\"BreadcrumbList\",\"@id\":\"https:\\\/\\\/nsff.no\\\/magasinet\\\/2018\\\/01\\\/12\\\/liz-palm-stiller-pa-ly\\\/#breadcrumb\",\"itemListElement\":[{\"@type\":\"ListItem\",\"position\":1,\"name\":\"Hjem\",\"item\":\"https:\\\/\\\/nsff.no\\\/magasinet\\\/\"},{\"@type\":\"ListItem\",\"position\":2,\"name\":\"Liz Palm stiller ut p\u00e5 Ly\"}]},{\"@type\":\"WebSite\",\"@id\":\"https:\\\/\\\/nsff.no\\\/magasinet\\\/#website\",\"url\":\"https:\\\/\\\/nsff.no\\\/magasinet\\\/\",\"name\":\"NSFF Magasin | Norsk Selskap for Fotografi\",\"description\":\"Medlemsmagasin for film- og fotoentusiaster\",\"publisher\":{\"@id\":\"https:\\\/\\\/nsff.no\\\/magasinet\\\/#organization\"},\"potentialAction\":[{\"@type\":\"SearchAction\",\"target\":{\"@type\":\"EntryPoint\",\"urlTemplate\":\"https:\\\/\\\/nsff.no\\\/magasinet\\\/?s={search_term_string}\"},\"query-input\":{\"@type\":\"PropertyValueSpecification\",\"valueRequired\":true,\"valueName\":\"search_term_string\"}}],\"inLanguage\":\"nb-NO\"},{\"@type\":\"Organization\",\"@id\":\"https:\\\/\\\/nsff.no\\\/magasinet\\\/#organization\",\"name\":\"Norsk Selskap for Fotografo\",\"url\":\"https:\\\/\\\/nsff.no\\\/magasinet\\\/\",\"logo\":{\"@type\":\"ImageObject\",\"inLanguage\":\"nb-NO\",\"@id\":\"https:\\\/\\\/nsff.no\\\/magasinet\\\/#\\\/schema\\\/logo\\\/image\\\/\",\"url\":\"https:\\\/\\\/nsff.no\\\/magasinet\\\/wp-content\\\/uploads\\\/sites\\\/2\\\/2016\\\/05\\\/NSFF-fb-lenkebilde.png\",\"contentUrl\":\"https:\\\/\\\/nsff.no\\\/magasinet\\\/wp-content\\\/uploads\\\/sites\\\/2\\\/2016\\\/05\\\/NSFF-fb-lenkebilde.png\",\"width\":1,\"height\":1,\"caption\":\"Norsk Selskap for Fotografo\"},\"image\":{\"@id\":\"https:\\\/\\\/nsff.no\\\/magasinet\\\/#\\\/schema\\\/logo\\\/image\\\/\"}},{\"@type\":\"Person\",\"@id\":\"https:\\\/\\\/nsff.no\\\/magasinet\\\/#\\\/schema\\\/person\\\/da041f968afa9bee0293372491a98303\",\"name\":\"Birgit Fostervold\",\"image\":{\"@type\":\"ImageObject\",\"inLanguage\":\"nb-NO\",\"@id\":\"https:\\\/\\\/secure.gravatar.com\\\/avatar\\\/d8b31664a01c80eecbf53f36dc41fa676bbfe7c78cb2391937a62f88da897950?s=96&d=mm&r=g\",\"url\":\"https:\\\/\\\/secure.gravatar.com\\\/avatar\\\/d8b31664a01c80eecbf53f36dc41fa676bbfe7c78cb2391937a62f88da897950?s=96&d=mm&r=g\",\"contentUrl\":\"https:\\\/\\\/secure.gravatar.com\\\/avatar\\\/d8b31664a01c80eecbf53f36dc41fa676bbfe7c78cb2391937a62f88da897950?s=96&d=mm&r=g\",\"caption\":\"Birgit Fostervold\"},\"description\":\"EsNSFF, HonENFFF, medlem i Homborsund fotoklubb og Arendal fotoklubb. Styremedlem NSFF, Nordisk Forbund for Fotografi og Norsk Naturfotofestival. Tidl. nestleder og konst.leder NSFF (2017\u201322), tidl. redakt\u00f8r for NSFF Magasin (2016\u201322).\",\"sameAs\":[\"https:\\\/\\\/lensbirdie.no\",\"https:\\\/\\\/instagram.com\\\/knipselyst\\\/\"],\"url\":\"https:\\\/\\\/nsff.no\\\/magasinet\\\/author\\\/birgitf\\\/\"}]}<\/script>\n<!-- \/ Yoast SEO plugin. -->","yoast_head_json":{"title":"Liz Palm stiller ut p\u00e5 Ly - NSFF Magasin | Norsk Selskap for Fotografi","robots":{"index":"index","follow":"follow","max-snippet":"max-snippet:-1","max-image-preview":"max-image-preview:large","max-video-preview":"max-video-preview:-1"},"canonical":"https:\/\/nsff.no\/magasinet\/2018\/01\/12\/liz-palm-stiller-pa-ly\/","og_locale":"nb_NO","og_type":"article","og_title":"Liz Palm stiller ut p\u00e5 Ly - NSFF Magasin | Norsk Selskap for Fotografi","og_description":"Liz Palm fra Oslo Kamera Klubb stiller ut p\u00e5 Ly p\u00e5 Gr\u00fcnerl\u00f8kka i januar. Det blir vernissage l\u00f8rdag 13. januar fra klokka 17. Utstillingen henger til f\u00f8rste helgen i februar.","og_url":"https:\/\/nsff.no\/magasinet\/2018\/01\/12\/liz-palm-stiller-pa-ly\/","og_site_name":"NSFF Magasin | Norsk Selskap for Fotografi","article_published_time":"2018-01-12T11:05:07+00:00","og_image":[{"width":1412,"height":805,"url":"https:\/\/nsff.no\/magasinet\/wp-content\/uploads\/sites\/2\/2018\/01\/26756593_566624967005681_2863927978763117784_o.jpg","type":"image\/jpeg"}],"author":"Birgit Fostervold","twitter_card":"summary_large_image","twitter_misc":{"Skrevet av":"Birgit Fostervold","Ansl. lesetid":"1 minutt"},"schema":{"@context":"https:\/\/schema.org","@graph":[{"@type":"Article","@id":"https:\/\/nsff.no\/magasinet\/2018\/01\/12\/liz-palm-stiller-pa-ly\/#article","isPartOf":{"@id":"https:\/\/nsff.no\/magasinet\/2018\/01\/12\/liz-palm-stiller-pa-ly\/"},"author":{"name":"Birgit Fostervold","@id":"https:\/\/nsff.no\/magasinet\/#\/schema\/person\/da041f968afa9bee0293372491a98303"},"headline":"Liz Palm stiller ut p\u00e5 Ly","datePublished":"2018-01-12T11:05:07+00:00","mainEntityOfPage":{"@id":"https:\/\/nsff.no\/magasinet\/2018\/01\/12\/liz-palm-stiller-pa-ly\/"},"wordCount":174,"commentCount":0,"publisher":{"@id":"https:\/\/nsff.no\/magasinet\/#organization"},"image":{"@id":"https:\/\/nsff.no\/magasinet\/2018\/01\/12\/liz-palm-stiller-pa-ly\/#primaryimage"},"thumbnailUrl":"https:\/\/nsff.no\/magasinet\/wp-content\/uploads\/sites\/2\/2018\/01\/26756593_566624967005681_2863927978763117784_o.jpg","keywords":["2018","fotoutstilling","Liz Palm","Oslo","Oslo Kamera Klubb","utstilling"],"articleSection":["Foto","Nyheter"],"inLanguage":"nb-NO","potentialAction":[{"@type":"CommentAction","name":"Comment","target":["https:\/\/nsff.no\/magasinet\/2018\/01\/12\/liz-palm-stiller-pa-ly\/#respond"]}]},{"@type":"WebPage","@id":"https:\/\/nsff.no\/magasinet\/2018\/01\/12\/liz-palm-stiller-pa-ly\/","url":"https:\/\/nsff.no\/magasinet\/2018\/01\/12\/liz-palm-stiller-pa-ly\/","name":"Liz Palm stiller ut p\u00e5 Ly - NSFF Magasin | Norsk Selskap for Fotografi","isPartOf":{"@id":"https:\/\/nsff.no\/magasinet\/#website"},"primaryImageOfPage":{"@id":"https:\/\/nsff.no\/magasinet\/2018\/01\/12\/liz-palm-stiller-pa-ly\/#primaryimage"},"image":{"@id":"https:\/\/nsff.no\/magasinet\/2018\/01\/12\/liz-palm-stiller-pa-ly\/#primaryimage"},"thumbnailUrl":"https:\/\/nsff.no\/magasinet\/wp-content\/uploads\/sites\/2\/2018\/01\/26756593_566624967005681_2863927978763117784_o.jpg","datePublished":"2018-01-12T11:05:07+00:00","breadcrumb":{"@id":"https:\/\/nsff.no\/magasinet\/2018\/01\/12\/liz-palm-stiller-pa-ly\/#breadcrumb"},"inLanguage":"nb-NO","potentialAction":[{"@type":"ReadAction","target":["https:\/\/nsff.no\/magasinet\/2018\/01\/12\/liz-palm-stiller-pa-ly\/"]}]},{"@type":"ImageObject","inLanguage":"nb-NO","@id":"https:\/\/nsff.no\/magasinet\/2018\/01\/12\/liz-palm-stiller-pa-ly\/#primaryimage","url":"https:\/\/nsff.no\/magasinet\/wp-content\/uploads\/sites\/2\/2018\/01\/26756593_566624967005681_2863927978763117784_o.jpg","contentUrl":"https:\/\/nsff.no\/magasinet\/wp-content\/uploads\/sites\/2\/2018\/01\/26756593_566624967005681_2863927978763117784_o.jpg","width":1412,"height":805,"caption":"Liz Palm"},{"@type":"BreadcrumbList","@id":"https:\/\/nsff.no\/magasinet\/2018\/01\/12\/liz-palm-stiller-pa-ly\/#breadcrumb","itemListElement":[{"@type":"ListItem","position":1,"name":"Hjem","item":"https:\/\/nsff.no\/magasinet\/"},{"@type":"ListItem","position":2,"name":"Liz Palm stiller ut p\u00e5 Ly"}]},{"@type":"WebSite","@id":"https:\/\/nsff.no\/magasinet\/#website","url":"https:\/\/nsff.no\/magasinet\/","name":"NSFF Magasin | Norsk Selskap for Fotografi","description":"Medlemsmagasin for film- og fotoentusiaster","publisher":{"@id":"https:\/\/nsff.no\/magasinet\/#organization"},"potentialAction":[{"@type":"SearchAction","target":{"@type":"EntryPoint","urlTemplate":"https:\/\/nsff.no\/magasinet\/?s={search_term_string}"},"query-input":{"@type":"PropertyValueSpecification","valueRequired":true,"valueName":"search_term_string"}}],"inLanguage":"nb-NO"},{"@type":"Organization","@id":"https:\/\/nsff.no\/magasinet\/#organization","name":"Norsk Selskap for Fotografo","url":"https:\/\/nsff.no\/magasinet\/","logo":{"@type":"ImageObject","inLanguage":"nb-NO","@id":"https:\/\/nsff.no\/magasinet\/#\/schema\/logo\/image\/","url":"https:\/\/nsff.no\/magasinet\/wp-content\/uploads\/sites\/2\/2016\/05\/NSFF-fb-lenkebilde.png","contentUrl":"https:\/\/nsff.no\/magasinet\/wp-content\/uploads\/sites\/2\/2016\/05\/NSFF-fb-lenkebilde.png","width":1,"height":1,"caption":"Norsk Selskap for Fotografo"},"image":{"@id":"https:\/\/nsff.no\/magasinet\/#\/schema\/logo\/image\/"}},{"@type":"Person","@id":"https:\/\/nsff.no\/magasinet\/#\/schema\/person\/da041f968afa9bee0293372491a98303","name":"Birgit Fostervold","image":{"@type":"ImageObject","inLanguage":"nb-NO","@id":"https:\/\/secure.gravatar.com\/avatar\/d8b31664a01c80eecbf53f36dc41fa676bbfe7c78cb2391937a62f88da897950?s=96&d=mm&r=g","url":"https:\/\/secure.gravatar.com\/avatar\/d8b31664a01c80eecbf53f36dc41fa676bbfe7c78cb2391937a62f88da897950?s=96&d=mm&r=g","contentUrl":"https:\/\/secure.gravatar.com\/avatar\/d8b31664a01c80eecbf53f36dc41fa676bbfe7c78cb2391937a62f88da897950?s=96&d=mm&r=g","caption":"Birgit Fostervold"},"description":"EsNSFF, HonENFFF, medlem i Homborsund fotoklubb og Arendal fotoklubb. Styremedlem NSFF, Nordisk Forbund for Fotografi og Norsk Naturfotofestival. Tidl. nestleder og konst.leder NSFF (2017\u201322), tidl. redakt\u00f8r for NSFF Magasin (2016\u201322).","sameAs":["https:\/\/lensbirdie.no","https:\/\/instagram.com\/knipselyst\/"],"url":"https:\/\/nsff.no\/magasinet\/author\/birgitf\/"}]}},"_links":{"self":[{"href":"https:\/\/nsff.no\/magasinet\/wp-json\/wp\/v2\/posts\/6648","targetHints":{"allow":["GET"]}}],"collection":[{"href":"https:\/\/nsff.no\/magasinet\/wp-json\/wp\/v2\/posts"}],"about":[{"href":"https:\/\/nsff.no\/magasinet\/wp-json\/wp\/v2\/types\/post"}],"author":[{"embeddable":true,"href":"https:\/\/nsff.no\/magasinet\/wp-json\/wp\/v2\/users\/7"}],"replies":[{"embeddable":true,"href":"https:\/\/nsff.no\/magasinet\/wp-json\/wp\/v2\/comments?post=6648"}],"version-history":[{"count":2,"href":"https:\/\/nsff.no\/magasinet\/wp-json\/wp\/v2\/posts\/6648\/revisions"}],"predecessor-version":[{"id":6651,"href":"https:\/\/nsff.no\/magasinet\/wp-json\/wp\/v2\/posts\/6648\/revisions\/6651"}],"wp:featuredmedia":[{"embeddable":true,"href":"https:\/\/nsff.no\/magasinet\/wp-json\/wp\/v2\/media\/6650"}],"wp:attachment":[{"href":"https:\/\/nsff.no\/magasinet\/wp-json\/wp\/v2\/media?parent=6648"}],"wp:term":[{"taxonomy":"category","embeddable":true,"href":"https:\/\/nsff.no\/magasinet\/wp-json\/wp\/v2\/categories?post=6648"},{"taxonomy":"post_tag","embeddable":true,"href":"https:\/\/nsff.no\/magasinet\/wp-json\/wp\/v2\/tags?post=6648"}],"curies":[{"name":"wp","href":"https:\/\/api.w.org\/{rel}","templated":true}]}}