{"id":6644,"date":"2018-01-11T16:58:41","date_gmt":"2018-01-11T15:58:41","guid":{"rendered":"http:\/\/nsff.no\/magasinet\/?p=6644"},"modified":"2018-01-11T16:58:41","modified_gmt":"2018-01-11T15:58:41","slug":"morten-leine-fotokunstutstilling","status":"publish","type":"post","link":"https:\/\/nsff.no\/magasinet\/2018\/01\/11\/morten-leine-fotokunstutstilling\/","title":{"rendered":"Morten Leine med fotokunstutstilling"},"content":{"rendered":"<p>Direktemedlem Morten Leine inviterer til utstilling &laquo;Mystikk i Sand&raquo; p\u00e5 <a href=\"https:\/\/goo.gl\/maps\/A6W9Zx4X17x\" rel=\"noopener\" target=\"_blank\">H12 Galleriverkstedet, Oslo<\/a>. Det blir vernissasje onsdag 17. januar kl 17:00&ndash;19:00, og utstillingen henger til og med 4. februar.<\/p>\n<p>Fotografen uttaler:<\/p>\n<blockquote><p>&ndash; Jeg s\u00f8ker \u00e5 fange det skj\u00f8re lyset og for \u00e5 f\u00e5 skyggeeffektene. Strukturer, grovhet og farge variere etter hvor p\u00e5 strendene jeg befinner meg. I tillegg hvordan flo og fj\u00e6re er. Summen av dette er med p\u00e5 \u00e5 skape en mystikk. Noen bilder er mere sarte i sitt utrykk enn andre. <\/p>\n<p>Er alltid p\u00e5 leiting etter ulike utrykk og \u00absinnsstemninger\u00bb. Sandbildene er abstrakte i sin form. Bildene blir tatt i det b\u00f8lgen trekker seg tilbake. B\u00f8lgen er som pusten, det gir oss liv, akkurat som b\u00f8lgen gir meg ett nytt motiv. <\/p>\n<p>Det gjelder \u00e5 jobbe hurtig f\u00f8r neste b\u00f8lge.<\/p><\/blockquote>\n<p>\u00c5pningstider i perioden:<br \/>\nons&ndash;fredag 16&ndash;19<br \/>\nl\u00f8r&ndash;s\u00f8ndag 12&ndash;16<\/p>\n","protected":false},"excerpt":{"rendered":"<p>Direktemedlem Morten Leine inviterer til utstilling &laquo;Mystikk i Sand&raquo; p\u00e5 H12 Galleriverkstedet, Oslo. Vernissasje onsdag 17. januar kl 17-19, deretter tilgjengelig til 4. februar.<\/p>\n","protected":false},"author":7,"featured_media":6645,"comment_status":"open","ping_status":"open","sticky":false,"template":"","format":"standard","meta":{"_et_pb_use_builder":"","_et_pb_old_content":"","_et_gb_content_width":"","footnotes":""},"categories":[7,14],"tags":[576,631,137,630,309,118],"class_list":["post-6644","post","type-post","status-publish","format-standard","has-post-thumbnail","hentry","category-foto","category-nyheter","tag-576","tag-fotokunst","tag-fotoutstilling","tag-morten-leine","tag-oslo","tag-utstilling","et-has-post-format-content","et_post_format-et-post-format-standard"],"yoast_head":"<!-- This site is optimized with the Yoast SEO plugin v27.5 - https:\/\/yoast.com\/product\/yoast-seo-wordpress\/ -->\n<title>Morten Leine med fotokunstutstilling - NSFF Magasin | Norsk Selskap for Fotografi<\/title>\n<meta name=\"description\" content=\"Direktemedlem Morten Leine inviterer til utstilling &quot;Mystikk i Sand&quot; p\u00e5 H12 Galleriverkstedet, Oslo. Vernissasje onsdag 17. januar kl 17-19, utstillingen er tilgjengelig til 4. februar.\" \/>\n<meta name=\"robots\" content=\"index, follow, max-snippet:-1, max-image-preview:large, max-video-preview:-1\" \/>\n<link rel=\"canonical\" href=\"https:\/\/nsff.no\/magasinet\/2018\/01\/11\/morten-leine-fotokunstutstilling\/\" \/>\n<meta property=\"og:locale\" content=\"nb_NO\" \/>\n<meta property=\"og:type\" content=\"article\" \/>\n<meta property=\"og:title\" content=\"Morten Leine med fotokunstutstilling - NSFF Magasin | Norsk Selskap for Fotografi\" \/>\n<meta property=\"og:description\" content=\"Direktemedlem Morten Leine inviterer til utstilling &quot;Mystikk i Sand&quot; p\u00e5 H12 Galleriverkstedet, Oslo. Vernissasje onsdag 17. januar kl 17-19, deretter tilgjengelig til 4. februar.\" \/>\n<meta property=\"og:url\" content=\"https:\/\/nsff.no\/magasinet\/2018\/01\/11\/morten-leine-fotokunstutstilling\/\" \/>\n<meta property=\"og:site_name\" content=\"NSFF Magasin | Norsk Selskap for Fotografi\" \/>\n<meta property=\"article:published_time\" content=\"2018-01-11T15:58:41+00:00\" \/>\n<meta property=\"og:image\" content=\"https:\/\/nsff.no\/magasinet\/wp-content\/uploads\/sites\/2\/2018\/01\/26198209_778349675686230_6586676102376153068_o.jpg\" \/>\n\t<meta property=\"og:image:width\" content=\"1920\" \/>\n\t<meta property=\"og:image:height\" content=\"1080\" \/>\n\t<meta property=\"og:image:type\" content=\"image\/jpeg\" \/>\n<meta name=\"author\" content=\"Birgit Fostervold\" \/>\n<meta name=\"twitter:card\" content=\"summary_large_image\" \/>\n<meta name=\"twitter:label1\" content=\"Skrevet av\" \/>\n\t<meta name=\"twitter:data1\" content=\"Birgit Fostervold\" \/>\n\t<meta name=\"twitter:label2\" content=\"Ansl. lesetid\" \/>\n\t<meta name=\"twitter:data2\" content=\"1 minutt\" \/>\n<script type=\"application\/ld+json\" class=\"yoast-schema-graph\">{\"@context\":\"https:\\\/\\\/schema.org\",\"@graph\":[{\"@type\":\"Article\",\"@id\":\"https:\\\/\\\/nsff.no\\\/magasinet\\\/2018\\\/01\\\/11\\\/morten-leine-fotokunstutstilling\\\/#article\",\"isPartOf\":{\"@id\":\"https:\\\/\\\/nsff.no\\\/magasinet\\\/2018\\\/01\\\/11\\\/morten-leine-fotokunstutstilling\\\/\"},\"author\":{\"name\":\"Birgit Fostervold\",\"@id\":\"https:\\\/\\\/nsff.no\\\/magasinet\\\/#\\\/schema\\\/person\\\/da041f968afa9bee0293372491a98303\"},\"headline\":\"Morten Leine med fotokunstutstilling\",\"datePublished\":\"2018-01-11T15:58:41+00:00\",\"mainEntityOfPage\":{\"@id\":\"https:\\\/\\\/nsff.no\\\/magasinet\\\/2018\\\/01\\\/11\\\/morten-leine-fotokunstutstilling\\\/\"},\"wordCount\":150,\"commentCount\":0,\"publisher\":{\"@id\":\"https:\\\/\\\/nsff.no\\\/magasinet\\\/#organization\"},\"image\":{\"@id\":\"https:\\\/\\\/nsff.no\\\/magasinet\\\/2018\\\/01\\\/11\\\/morten-leine-fotokunstutstilling\\\/#primaryimage\"},\"thumbnailUrl\":\"https:\\\/\\\/nsff.no\\\/magasinet\\\/wp-content\\\/uploads\\\/sites\\\/2\\\/2018\\\/01\\\/26198209_778349675686230_6586676102376153068_o.jpg\",\"keywords\":[\"2018\",\"fotokunst\",\"fotoutstilling\",\"Morten Leine\",\"Oslo\",\"utstilling\"],\"articleSection\":[\"Foto\",\"Nyheter\"],\"inLanguage\":\"nb-NO\",\"potentialAction\":[{\"@type\":\"CommentAction\",\"name\":\"Comment\",\"target\":[\"https:\\\/\\\/nsff.no\\\/magasinet\\\/2018\\\/01\\\/11\\\/morten-leine-fotokunstutstilling\\\/#respond\"]}]},{\"@type\":\"WebPage\",\"@id\":\"https:\\\/\\\/nsff.no\\\/magasinet\\\/2018\\\/01\\\/11\\\/morten-leine-fotokunstutstilling\\\/\",\"url\":\"https:\\\/\\\/nsff.no\\\/magasinet\\\/2018\\\/01\\\/11\\\/morten-leine-fotokunstutstilling\\\/\",\"name\":\"Morten Leine med fotokunstutstilling - NSFF Magasin | Norsk Selskap for Fotografi\",\"isPartOf\":{\"@id\":\"https:\\\/\\\/nsff.no\\\/magasinet\\\/#website\"},\"primaryImageOfPage\":{\"@id\":\"https:\\\/\\\/nsff.no\\\/magasinet\\\/2018\\\/01\\\/11\\\/morten-leine-fotokunstutstilling\\\/#primaryimage\"},\"image\":{\"@id\":\"https:\\\/\\\/nsff.no\\\/magasinet\\\/2018\\\/01\\\/11\\\/morten-leine-fotokunstutstilling\\\/#primaryimage\"},\"thumbnailUrl\":\"https:\\\/\\\/nsff.no\\\/magasinet\\\/wp-content\\\/uploads\\\/sites\\\/2\\\/2018\\\/01\\\/26198209_778349675686230_6586676102376153068_o.jpg\",\"datePublished\":\"2018-01-11T15:58:41+00:00\",\"description\":\"Direktemedlem Morten Leine inviterer til utstilling \\\"Mystikk i Sand\\\" p\u00e5 H12 Galleriverkstedet, Oslo. Vernissasje onsdag 17. januar kl 17-19, utstillingen er tilgjengelig til 4. februar.\",\"breadcrumb\":{\"@id\":\"https:\\\/\\\/nsff.no\\\/magasinet\\\/2018\\\/01\\\/11\\\/morten-leine-fotokunstutstilling\\\/#breadcrumb\"},\"inLanguage\":\"nb-NO\",\"potentialAction\":[{\"@type\":\"ReadAction\",\"target\":[\"https:\\\/\\\/nsff.no\\\/magasinet\\\/2018\\\/01\\\/11\\\/morten-leine-fotokunstutstilling\\\/\"]}]},{\"@type\":\"ImageObject\",\"inLanguage\":\"nb-NO\",\"@id\":\"https:\\\/\\\/nsff.no\\\/magasinet\\\/2018\\\/01\\\/11\\\/morten-leine-fotokunstutstilling\\\/#primaryimage\",\"url\":\"https:\\\/\\\/nsff.no\\\/magasinet\\\/wp-content\\\/uploads\\\/sites\\\/2\\\/2018\\\/01\\\/26198209_778349675686230_6586676102376153068_o.jpg\",\"contentUrl\":\"https:\\\/\\\/nsff.no\\\/magasinet\\\/wp-content\\\/uploads\\\/sites\\\/2\\\/2018\\\/01\\\/26198209_778349675686230_6586676102376153068_o.jpg\",\"width\":1920,\"height\":1080,\"caption\":\"Morten Leine utstilling\"},{\"@type\":\"BreadcrumbList\",\"@id\":\"https:\\\/\\\/nsff.no\\\/magasinet\\\/2018\\\/01\\\/11\\\/morten-leine-fotokunstutstilling\\\/#breadcrumb\",\"itemListElement\":[{\"@type\":\"ListItem\",\"position\":1,\"name\":\"Hjem\",\"item\":\"https:\\\/\\\/nsff.no\\\/magasinet\\\/\"},{\"@type\":\"ListItem\",\"position\":2,\"name\":\"Morten Leine med fotokunstutstilling\"}]},{\"@type\":\"WebSite\",\"@id\":\"https:\\\/\\\/nsff.no\\\/magasinet\\\/#website\",\"url\":\"https:\\\/\\\/nsff.no\\\/magasinet\\\/\",\"name\":\"NSFF Magasin | Norsk Selskap for Fotografi\",\"description\":\"Medlemsmagasin for film- og fotoentusiaster\",\"publisher\":{\"@id\":\"https:\\\/\\\/nsff.no\\\/magasinet\\\/#organization\"},\"potentialAction\":[{\"@type\":\"SearchAction\",\"target\":{\"@type\":\"EntryPoint\",\"urlTemplate\":\"https:\\\/\\\/nsff.no\\\/magasinet\\\/?s={search_term_string}\"},\"query-input\":{\"@type\":\"PropertyValueSpecification\",\"valueRequired\":true,\"valueName\":\"search_term_string\"}}],\"inLanguage\":\"nb-NO\"},{\"@type\":\"Organization\",\"@id\":\"https:\\\/\\\/nsff.no\\\/magasinet\\\/#organization\",\"name\":\"Norsk Selskap for Fotografo\",\"url\":\"https:\\\/\\\/nsff.no\\\/magasinet\\\/\",\"logo\":{\"@type\":\"ImageObject\",\"inLanguage\":\"nb-NO\",\"@id\":\"https:\\\/\\\/nsff.no\\\/magasinet\\\/#\\\/schema\\\/logo\\\/image\\\/\",\"url\":\"https:\\\/\\\/nsff.no\\\/magasinet\\\/wp-content\\\/uploads\\\/sites\\\/2\\\/2016\\\/05\\\/NSFF-fb-lenkebilde.png\",\"contentUrl\":\"https:\\\/\\\/nsff.no\\\/magasinet\\\/wp-content\\\/uploads\\\/sites\\\/2\\\/2016\\\/05\\\/NSFF-fb-lenkebilde.png\",\"width\":1,\"height\":1,\"caption\":\"Norsk Selskap for Fotografo\"},\"image\":{\"@id\":\"https:\\\/\\\/nsff.no\\\/magasinet\\\/#\\\/schema\\\/logo\\\/image\\\/\"}},{\"@type\":\"Person\",\"@id\":\"https:\\\/\\\/nsff.no\\\/magasinet\\\/#\\\/schema\\\/person\\\/da041f968afa9bee0293372491a98303\",\"name\":\"Birgit Fostervold\",\"image\":{\"@type\":\"ImageObject\",\"inLanguage\":\"nb-NO\",\"@id\":\"https:\\\/\\\/secure.gravatar.com\\\/avatar\\\/d8b31664a01c80eecbf53f36dc41fa676bbfe7c78cb2391937a62f88da897950?s=96&d=mm&r=g\",\"url\":\"https:\\\/\\\/secure.gravatar.com\\\/avatar\\\/d8b31664a01c80eecbf53f36dc41fa676bbfe7c78cb2391937a62f88da897950?s=96&d=mm&r=g\",\"contentUrl\":\"https:\\\/\\\/secure.gravatar.com\\\/avatar\\\/d8b31664a01c80eecbf53f36dc41fa676bbfe7c78cb2391937a62f88da897950?s=96&d=mm&r=g\",\"caption\":\"Birgit Fostervold\"},\"description\":\"EsNSFF, HonENFFF, medlem i Homborsund fotoklubb og Arendal fotoklubb. Styremedlem NSFF, Nordisk Forbund for Fotografi og Norsk Naturfotofestival. Tidl. nestleder og konst.leder NSFF (2017\u201322), tidl. redakt\u00f8r for NSFF Magasin (2016\u201322).\",\"sameAs\":[\"https:\\\/\\\/lensbirdie.no\",\"https:\\\/\\\/instagram.com\\\/knipselyst\\\/\"],\"url\":\"https:\\\/\\\/nsff.no\\\/magasinet\\\/author\\\/birgitf\\\/\"}]}<\/script>\n<!-- \/ Yoast SEO plugin. -->","yoast_head_json":{"title":"Morten Leine med fotokunstutstilling - NSFF Magasin | Norsk Selskap for Fotografi","description":"Direktemedlem Morten Leine inviterer til utstilling \"Mystikk i Sand\" p\u00e5 H12 Galleriverkstedet, Oslo. Vernissasje onsdag 17. januar kl 17-19, utstillingen er tilgjengelig til 4. februar.","robots":{"index":"index","follow":"follow","max-snippet":"max-snippet:-1","max-image-preview":"max-image-preview:large","max-video-preview":"max-video-preview:-1"},"canonical":"https:\/\/nsff.no\/magasinet\/2018\/01\/11\/morten-leine-fotokunstutstilling\/","og_locale":"nb_NO","og_type":"article","og_title":"Morten Leine med fotokunstutstilling - NSFF Magasin | Norsk Selskap for Fotografi","og_description":"Direktemedlem Morten Leine inviterer til utstilling \"Mystikk i Sand\" p\u00e5 H12 Galleriverkstedet, Oslo. Vernissasje onsdag 17. januar kl 17-19, deretter tilgjengelig til 4. februar.","og_url":"https:\/\/nsff.no\/magasinet\/2018\/01\/11\/morten-leine-fotokunstutstilling\/","og_site_name":"NSFF Magasin | Norsk Selskap for Fotografi","article_published_time":"2018-01-11T15:58:41+00:00","og_image":[{"width":1920,"height":1080,"url":"https:\/\/nsff.no\/magasinet\/wp-content\/uploads\/sites\/2\/2018\/01\/26198209_778349675686230_6586676102376153068_o.jpg","type":"image\/jpeg"}],"author":"Birgit Fostervold","twitter_card":"summary_large_image","twitter_misc":{"Skrevet av":"Birgit Fostervold","Ansl. lesetid":"1 minutt"},"schema":{"@context":"https:\/\/schema.org","@graph":[{"@type":"Article","@id":"https:\/\/nsff.no\/magasinet\/2018\/01\/11\/morten-leine-fotokunstutstilling\/#article","isPartOf":{"@id":"https:\/\/nsff.no\/magasinet\/2018\/01\/11\/morten-leine-fotokunstutstilling\/"},"author":{"name":"Birgit Fostervold","@id":"https:\/\/nsff.no\/magasinet\/#\/schema\/person\/da041f968afa9bee0293372491a98303"},"headline":"Morten Leine med fotokunstutstilling","datePublished":"2018-01-11T15:58:41+00:00","mainEntityOfPage":{"@id":"https:\/\/nsff.no\/magasinet\/2018\/01\/11\/morten-leine-fotokunstutstilling\/"},"wordCount":150,"commentCount":0,"publisher":{"@id":"https:\/\/nsff.no\/magasinet\/#organization"},"image":{"@id":"https:\/\/nsff.no\/magasinet\/2018\/01\/11\/morten-leine-fotokunstutstilling\/#primaryimage"},"thumbnailUrl":"https:\/\/nsff.no\/magasinet\/wp-content\/uploads\/sites\/2\/2018\/01\/26198209_778349675686230_6586676102376153068_o.jpg","keywords":["2018","fotokunst","fotoutstilling","Morten Leine","Oslo","utstilling"],"articleSection":["Foto","Nyheter"],"inLanguage":"nb-NO","potentialAction":[{"@type":"CommentAction","name":"Comment","target":["https:\/\/nsff.no\/magasinet\/2018\/01\/11\/morten-leine-fotokunstutstilling\/#respond"]}]},{"@type":"WebPage","@id":"https:\/\/nsff.no\/magasinet\/2018\/01\/11\/morten-leine-fotokunstutstilling\/","url":"https:\/\/nsff.no\/magasinet\/2018\/01\/11\/morten-leine-fotokunstutstilling\/","name":"Morten Leine med fotokunstutstilling - NSFF Magasin | Norsk Selskap for Fotografi","isPartOf":{"@id":"https:\/\/nsff.no\/magasinet\/#website"},"primaryImageOfPage":{"@id":"https:\/\/nsff.no\/magasinet\/2018\/01\/11\/morten-leine-fotokunstutstilling\/#primaryimage"},"image":{"@id":"https:\/\/nsff.no\/magasinet\/2018\/01\/11\/morten-leine-fotokunstutstilling\/#primaryimage"},"thumbnailUrl":"https:\/\/nsff.no\/magasinet\/wp-content\/uploads\/sites\/2\/2018\/01\/26198209_778349675686230_6586676102376153068_o.jpg","datePublished":"2018-01-11T15:58:41+00:00","description":"Direktemedlem Morten Leine inviterer til utstilling \"Mystikk i Sand\" p\u00e5 H12 Galleriverkstedet, Oslo. Vernissasje onsdag 17. januar kl 17-19, utstillingen er tilgjengelig til 4. februar.","breadcrumb":{"@id":"https:\/\/nsff.no\/magasinet\/2018\/01\/11\/morten-leine-fotokunstutstilling\/#breadcrumb"},"inLanguage":"nb-NO","potentialAction":[{"@type":"ReadAction","target":["https:\/\/nsff.no\/magasinet\/2018\/01\/11\/morten-leine-fotokunstutstilling\/"]}]},{"@type":"ImageObject","inLanguage":"nb-NO","@id":"https:\/\/nsff.no\/magasinet\/2018\/01\/11\/morten-leine-fotokunstutstilling\/#primaryimage","url":"https:\/\/nsff.no\/magasinet\/wp-content\/uploads\/sites\/2\/2018\/01\/26198209_778349675686230_6586676102376153068_o.jpg","contentUrl":"https:\/\/nsff.no\/magasinet\/wp-content\/uploads\/sites\/2\/2018\/01\/26198209_778349675686230_6586676102376153068_o.jpg","width":1920,"height":1080,"caption":"Morten Leine utstilling"},{"@type":"BreadcrumbList","@id":"https:\/\/nsff.no\/magasinet\/2018\/01\/11\/morten-leine-fotokunstutstilling\/#breadcrumb","itemListElement":[{"@type":"ListItem","position":1,"name":"Hjem","item":"https:\/\/nsff.no\/magasinet\/"},{"@type":"ListItem","position":2,"name":"Morten Leine med fotokunstutstilling"}]},{"@type":"WebSite","@id":"https:\/\/nsff.no\/magasinet\/#website","url":"https:\/\/nsff.no\/magasinet\/","name":"NSFF Magasin | Norsk Selskap for Fotografi","description":"Medlemsmagasin for film- og fotoentusiaster","publisher":{"@id":"https:\/\/nsff.no\/magasinet\/#organization"},"potentialAction":[{"@type":"SearchAction","target":{"@type":"EntryPoint","urlTemplate":"https:\/\/nsff.no\/magasinet\/?s={search_term_string}"},"query-input":{"@type":"PropertyValueSpecification","valueRequired":true,"valueName":"search_term_string"}}],"inLanguage":"nb-NO"},{"@type":"Organization","@id":"https:\/\/nsff.no\/magasinet\/#organization","name":"Norsk Selskap for Fotografo","url":"https:\/\/nsff.no\/magasinet\/","logo":{"@type":"ImageObject","inLanguage":"nb-NO","@id":"https:\/\/nsff.no\/magasinet\/#\/schema\/logo\/image\/","url":"https:\/\/nsff.no\/magasinet\/wp-content\/uploads\/sites\/2\/2016\/05\/NSFF-fb-lenkebilde.png","contentUrl":"https:\/\/nsff.no\/magasinet\/wp-content\/uploads\/sites\/2\/2016\/05\/NSFF-fb-lenkebilde.png","width":1,"height":1,"caption":"Norsk Selskap for Fotografo"},"image":{"@id":"https:\/\/nsff.no\/magasinet\/#\/schema\/logo\/image\/"}},{"@type":"Person","@id":"https:\/\/nsff.no\/magasinet\/#\/schema\/person\/da041f968afa9bee0293372491a98303","name":"Birgit Fostervold","image":{"@type":"ImageObject","inLanguage":"nb-NO","@id":"https:\/\/secure.gravatar.com\/avatar\/d8b31664a01c80eecbf53f36dc41fa676bbfe7c78cb2391937a62f88da897950?s=96&d=mm&r=g","url":"https:\/\/secure.gravatar.com\/avatar\/d8b31664a01c80eecbf53f36dc41fa676bbfe7c78cb2391937a62f88da897950?s=96&d=mm&r=g","contentUrl":"https:\/\/secure.gravatar.com\/avatar\/d8b31664a01c80eecbf53f36dc41fa676bbfe7c78cb2391937a62f88da897950?s=96&d=mm&r=g","caption":"Birgit Fostervold"},"description":"EsNSFF, HonENFFF, medlem i Homborsund fotoklubb og Arendal fotoklubb. Styremedlem NSFF, Nordisk Forbund for Fotografi og Norsk Naturfotofestival. Tidl. nestleder og konst.leder NSFF (2017\u201322), tidl. redakt\u00f8r for NSFF Magasin (2016\u201322).","sameAs":["https:\/\/lensbirdie.no","https:\/\/instagram.com\/knipselyst\/"],"url":"https:\/\/nsff.no\/magasinet\/author\/birgitf\/"}]}},"_links":{"self":[{"href":"https:\/\/nsff.no\/magasinet\/wp-json\/wp\/v2\/posts\/6644","targetHints":{"allow":["GET"]}}],"collection":[{"href":"https:\/\/nsff.no\/magasinet\/wp-json\/wp\/v2\/posts"}],"about":[{"href":"https:\/\/nsff.no\/magasinet\/wp-json\/wp\/v2\/types\/post"}],"author":[{"embeddable":true,"href":"https:\/\/nsff.no\/magasinet\/wp-json\/wp\/v2\/users\/7"}],"replies":[{"embeddable":true,"href":"https:\/\/nsff.no\/magasinet\/wp-json\/wp\/v2\/comments?post=6644"}],"version-history":[{"count":1,"href":"https:\/\/nsff.no\/magasinet\/wp-json\/wp\/v2\/posts\/6644\/revisions"}],"predecessor-version":[{"id":6646,"href":"https:\/\/nsff.no\/magasinet\/wp-json\/wp\/v2\/posts\/6644\/revisions\/6646"}],"wp:featuredmedia":[{"embeddable":true,"href":"https:\/\/nsff.no\/magasinet\/wp-json\/wp\/v2\/media\/6645"}],"wp:attachment":[{"href":"https:\/\/nsff.no\/magasinet\/wp-json\/wp\/v2\/media?parent=6644"}],"wp:term":[{"taxonomy":"category","embeddable":true,"href":"https:\/\/nsff.no\/magasinet\/wp-json\/wp\/v2\/categories?post=6644"},{"taxonomy":"post_tag","embeddable":true,"href":"https:\/\/nsff.no\/magasinet\/wp-json\/wp\/v2\/tags?post=6644"}],"curies":[{"name":"wp","href":"https:\/\/api.w.org\/{rel}","templated":true}]}}