{"id":6286,"date":"2017-12-04T14:32:43","date_gmt":"2017-12-04T13:32:43","guid":{"rendered":"http:\/\/nsff.no\/magasinet\/?p=6286"},"modified":"2017-12-04T16:45:22","modified_gmt":"2017-12-04T15:45:22","slug":"fototreff-pa-lista-8-10-desember","status":"publish","type":"post","link":"https:\/\/nsff.no\/magasinet\/2017\/12\/04\/fototreff-pa-lista-8-10-desember\/","title":{"rendered":"Fototreff p\u00e5 Lista 8.\u201310. desember"},"content":{"rendered":"<p>[et_pb_section bb_built=&raquo;1&#8243;][et_pb_row][et_pb_column type=&raquo;4_4&#8243;][et_pb_text _builder_version=&raquo;3.0.90&#8243; background_layout=&raquo;light&raquo;]<\/p>\n<p><a href=\"http:\/\/mandalfotoklubb.no\/\" rel=\"noopener\" target=\"_blank\">Mandal fotoklubb<\/a>, <a href=\"http:\/\/kristiansand-kameraklubb.com\" rel=\"noopener\" target=\"_blank\">Fotomax Kameraklubb<\/a> og <a href=\"http:\/\/www.fokusfotoklubb.org\/\" rel=\"noopener\" target=\"_blank\">Fokus Fotoklubb<\/a> arrangerer fototreff p\u00e5 Lista 8.\u201310. desember. Man kan delta p\u00e5 dagstur, eller med \u00e9n eller to overnattinger. For dagsbes\u00f8k beh\u00f8ver man ikke melde seg p\u00e5.<\/p>\n<h2>Praktisk informasjon<\/h2>\n<p>P\u00e5meldingsfrist: fredag 8. desember <a href=\"http:\/\/www.fokusfotoklubb.org\/so\/0L_8W5Hi#\/main\" rel=\"noopener\" target=\"_blank\">via knapp nederst i dette nyhetsbrevet<\/a><br \/>\nOvernatting: p\u00e5 <a href=\"http:\/\/www.stavegard.com\/\" rel=\"noopener\" target=\"_blank\">Stave G\u00e5rd<\/a> (<a href=\"https:\/\/goo.gl\/maps\/omW8eH2Beip\" rel=\"noopener\" target=\"_blank\">kart<\/a>)<br \/>\nPris: leilighet med 3 dobbeltrom fredag\u2013s\u00f8ndag kr 2000,- (inkl. utvask), dvs. under kr 700,-\/dobbeltrom<\/p>\n<h2>Program<\/h2>\n<p><strong>Fredag:<\/strong><br \/>\nAnkomst fra klokka 16. Sosialt samv\u00e6r og fotografering \u2013 gjelder for hele helgen utenom de oppsatte programpostene!<\/p>\n<p><strong>L\u00f8rdag:<\/strong><br \/>\nOppm\u00f8te p\u00e5 Bispen Mat ved havna (<a href=\"https:\/\/goo.gl\/maps\/bTDSNzVLBvv\" rel=\"noopener\" target=\"_blank\">kart<\/a>) for lunsj klokka 13. <a href=\"https:\/\/www.instagram.com\/Spindanger\/\" rel=\"noopener\" target=\"_blank\">Magne Stor\u00f8y<\/a> fra Farsund Fotoklubb gir gode tips og er muligens guide p\u00e5 en fotorunde etterp\u00e5. Mange spennende motiver \u2013 husk varme og vindtette kl\u00e6r!<\/p>\n<p><strong>S\u00f8ndag:<\/strong><br \/>\nInspirasjonstreff med Svein Bringsdal \/ <a href=\"http:\/\/www.svaart.com\/\" rel=\"noopener\" target=\"_blank\">Manneraak<\/a> p\u00e5 hans <a href=\"https:\/\/www.visitnorway.no\/event\/kunstutstilling-av-manneraak-kunstpunkt-lista\/106144\/\" rel=\"noopener\" target=\"_blank\">utstilling &laquo;Norwegian Hallucinations&raquo; p\u00e5 Lista fyr<\/a>. Bringsdal har satt av tid til gruppen p\u00e5 utstillingen klokka 12, hvor han forteller og viser bilder. Etterp\u00e5 blir han med ut og fotograferer.<\/p>\n<p>De to f\u00f8rste bildene nedenfor er fra <a href=\"https:\/\/www.instagram.com\/svaart\/\" rel=\"noopener\" target=\"_blank\">Manneraaks instagramkonto<\/a> og viser arbeidet med ett av hans verk:<\/p>\n<p>[\/et_pb_text][et_pb_gallery _builder_version=&raquo;3.0.90&#8243; show_title_and_caption=&raquo;off&raquo; show_pagination=&raquo;off&raquo; gallery_ids=&raquo;6287,6288,6289,6290&#8243; fullwidth=&raquo;off&raquo; orientation=&raquo;landscape&raquo; zoom_icon_color=&raquo;#2a317d&raquo; hover_overlay_color=&raquo;rgba(255,255,255,0.9)&raquo; background_layout=&raquo;light&raquo; pagination_font_size_tablet=&raquo;51&#8243; pagination_line_height_tablet=&raquo;2&#8243; \/][\/et_pb_column][\/et_pb_row][\/et_pb_section]<\/p>\n","protected":false},"excerpt":{"rendered":"<p>Mandal fotoklubb, Fotomax Kameraklubb og Fokus Fotoklubb g\u00e5r sammen om inspirasjonshelg p\u00e5 Lista 8.\u201310. desember. Et treff med fotokunstneren Manneraak er blant programpostene!<\/p>\n","protected":false},"author":7,"featured_media":6291,"comment_status":"open","ping_status":"open","sticky":false,"template":"","format":"standard","meta":{"_et_pb_use_builder":"on","_et_pb_old_content":"<a href=\"http:\/\/mandalfotoklubb.no\/\" rel=\"noopener\" target=\"_blank\">Mandal fotoklubb<\/a>, <a href=\"http:\/\/kristiansand-kameraklubb.com\" rel=\"noopener\" target=\"_blank\">Fotomax Kameraklubb<\/a> og <a href=\"http:\/\/www.fokusfotoklubb.org\/\" rel=\"noopener\" target=\"_blank\">Fokus Fotoklubb<\/a> arrangerer fototreff p\u00e5 Lista 8.\u201310. desember. Bli med \u2013 p\u00e5 dagstur, \u00e9n eller to overnattinger! For dagsbes\u00f8k beh\u00f8ver man ikke melde seg p\u00e5.\r\n\r\n<h2>Praktisk informasjon<\/h2>\r\nP\u00e5meldingsfrist: fredag 8. desember <a href=\"http:\/\/www.fokusfotoklubb.org\/so\/0L_8W5Hi#\/main\" rel=\"noopener\" target=\"_blank\">via knapp nederst i dette nyhetsbrevet<\/a>\r\nOvernatting: p\u00e5 <a href=\"http:\/\/www.stavegard.com\/\" rel=\"noopener\" target=\"_blank\">Stave G\u00e5rd<\/a> (<a href=\"https:\/\/goo.gl\/maps\/omW8eH2Beip\" rel=\"noopener\" target=\"_blank\">kart<\/a>)\r\nPris: leilighet med 3 dobbeltrom fredag\u2013s\u00f8ndag kr 2000,- (inkl. utvask), dvs. under kr 700,-\/dobbeltrom\r\n\r\n<h2>>Program<\/h2>\r\n<strong>Fredag:<\/strong>\r\nAnkomst fra klokka 16.\r\n\r\n<strong>L\u00f8rdag:<\/strong>\r\nMagne Stor\u00f8y fra Farsund Fotoklubb m\u00f8ter oss p\u00e5 Bispen cafe ved havna til lunch klokka 13. Han vil gi oss gode tips og muligens ta oss med rundt litt. Mange spennende motiver \u2013 husk varme og vindtette kl\u00e6r!\r\n\r\n<strong>S\u00f8ndag:<\/strong>\r\nInspirasjonstreff med Svein Bringsdal \/ <a href=\"http:\/\/www.svaart.com\/\" rel=\"noopener\" target=\"_blank\">Manneraak<\/a> p\u00e5 hans <a href=\"https:\/\/www.visitnorway.no\/event\/kunstutstilling-av-manneraak-kunstpunkt-lista\/106144\/\" rel=\"noopener\" target=\"_blank\">utstilling \"Norwegian Hallucinations\" p\u00e5 Lista fyr<\/a>. Bringsdal har satt av tid til gruppen p\u00e5 utstillingen klokka 12, hvor han forteller og viser bilder. Etterp\u00e5 blir han med ut og fotograferer. Bildene nedenfor er fra kunstnerens instagramkonto og viser arbeidet med ett av hans bilder:","_et_gb_content_width":"","footnotes":""},"categories":[91,261],"tags":[391,442,588,591,590,587,589,592],"class_list":["post-6286","post","type-post","status-publish","format-standard","has-post-thumbnail","hentry","category-inspirasjon","category-workshops-kurs","tag-391","tag-fokus-fotoklubb","tag-fotomax-kameraklubb","tag-fototreff","tag-inspirasjonshelg","tag-lista","tag-mandal-fotoklubb","tag-manneraak","et-has-post-format-content","et_post_format-et-post-format-standard"],"yoast_head":"<!-- This site is optimized with the Yoast SEO plugin v27.5 - https:\/\/yoast.com\/product\/yoast-seo-wordpress\/ -->\n<title>Fototreff p\u00e5 Lista 8.\u201310. desember - NSFF Magasin | Norsk Selskap for Fotografi<\/title>\n<meta name=\"description\" content=\"Tre fotoklubber i s\u00f8r g\u00e5r sammen om inspirasjonshelg p\u00e5 Lista 8.\u201310. desember. Et treff med fotokunstneren Manneraak er blant programpostene!\" \/>\n<meta name=\"robots\" content=\"index, follow, max-snippet:-1, max-image-preview:large, max-video-preview:-1\" \/>\n<link rel=\"canonical\" href=\"https:\/\/nsff.no\/magasinet\/2017\/12\/04\/fototreff-pa-lista-8-10-desember\/\" \/>\n<meta property=\"og:locale\" content=\"nb_NO\" \/>\n<meta property=\"og:type\" content=\"article\" \/>\n<meta property=\"og:title\" content=\"Fototreff p\u00e5 Lista 8.\u201310. desember - NSFF Magasin | Norsk Selskap for Fotografi\" \/>\n<meta property=\"og:description\" content=\"Tre fotoklubber i s\u00f8r g\u00e5r sammen om inspirasjonshelg p\u00e5 Lista 8.\u201310. desember. Et treff med fotokunstneren Manneraak er blant programpostene!\" \/>\n<meta property=\"og:url\" content=\"https:\/\/nsff.no\/magasinet\/2017\/12\/04\/fototreff-pa-lista-8-10-desember\/\" \/>\n<meta property=\"og:site_name\" content=\"NSFF Magasin | Norsk Selskap for Fotografi\" \/>\n<meta property=\"article:published_time\" content=\"2017-12-04T13:32:43+00:00\" \/>\n<meta property=\"article:modified_time\" content=\"2017-12-04T15:45:22+00:00\" \/>\n<meta property=\"og:image\" content=\"https:\/\/nsff.no\/magasinet\/wp-content\/uploads\/sites\/2\/2017\/12\/listafyr_fb.jpg\" \/>\n\t<meta property=\"og:image:width\" content=\"1200\" \/>\n\t<meta property=\"og:image:height\" content=\"630\" \/>\n\t<meta property=\"og:image:type\" content=\"image\/jpeg\" \/>\n<meta name=\"author\" content=\"Birgit Fostervold\" \/>\n<meta name=\"twitter:card\" content=\"summary_large_image\" \/>\n<meta name=\"twitter:label1\" content=\"Skrevet av\" \/>\n\t<meta name=\"twitter:data1\" content=\"Birgit Fostervold\" \/>\n\t<meta name=\"twitter:label2\" content=\"Ansl. lesetid\" \/>\n\t<meta name=\"twitter:data2\" content=\"1 minutt\" \/>\n<script type=\"application\/ld+json\" class=\"yoast-schema-graph\">{\"@context\":\"https:\\\/\\\/schema.org\",\"@graph\":[{\"@type\":\"Article\",\"@id\":\"https:\\\/\\\/nsff.no\\\/magasinet\\\/2017\\\/12\\\/04\\\/fototreff-pa-lista-8-10-desember\\\/#article\",\"isPartOf\":{\"@id\":\"https:\\\/\\\/nsff.no\\\/magasinet\\\/2017\\\/12\\\/04\\\/fototreff-pa-lista-8-10-desember\\\/\"},\"author\":{\"name\":\"Birgit Fostervold\",\"@id\":\"https:\\\/\\\/nsff.no\\\/magasinet\\\/#\\\/schema\\\/person\\\/da041f968afa9bee0293372491a98303\"},\"headline\":\"Fototreff p\u00e5 Lista 8.\u201310. desember\",\"datePublished\":\"2017-12-04T13:32:43+00:00\",\"dateModified\":\"2017-12-04T15:45:22+00:00\",\"mainEntityOfPage\":{\"@id\":\"https:\\\/\\\/nsff.no\\\/magasinet\\\/2017\\\/12\\\/04\\\/fototreff-pa-lista-8-10-desember\\\/\"},\"wordCount\":255,\"commentCount\":0,\"publisher\":{\"@id\":\"https:\\\/\\\/nsff.no\\\/magasinet\\\/#organization\"},\"image\":{\"@id\":\"https:\\\/\\\/nsff.no\\\/magasinet\\\/2017\\\/12\\\/04\\\/fototreff-pa-lista-8-10-desember\\\/#primaryimage\"},\"thumbnailUrl\":\"https:\\\/\\\/nsff.no\\\/magasinet\\\/wp-content\\\/uploads\\\/sites\\\/2\\\/2017\\\/12\\\/listafyr_fb.jpg\",\"keywords\":[\"2017\",\"Fokus fotoklubb\",\"Fotomax Kameraklubb\",\"fototreff\",\"inspirasjonshelg\",\"Lista\",\"Mandal fotoklubb\",\"Manneraak\"],\"articleSection\":[\"Inspirasjon\",\"Workshops\\\/kurs\"],\"inLanguage\":\"nb-NO\",\"potentialAction\":[{\"@type\":\"CommentAction\",\"name\":\"Comment\",\"target\":[\"https:\\\/\\\/nsff.no\\\/magasinet\\\/2017\\\/12\\\/04\\\/fototreff-pa-lista-8-10-desember\\\/#respond\"]}]},{\"@type\":\"WebPage\",\"@id\":\"https:\\\/\\\/nsff.no\\\/magasinet\\\/2017\\\/12\\\/04\\\/fototreff-pa-lista-8-10-desember\\\/\",\"url\":\"https:\\\/\\\/nsff.no\\\/magasinet\\\/2017\\\/12\\\/04\\\/fototreff-pa-lista-8-10-desember\\\/\",\"name\":\"Fototreff p\u00e5 Lista 8.\u201310. desember - NSFF Magasin | Norsk Selskap for Fotografi\",\"isPartOf\":{\"@id\":\"https:\\\/\\\/nsff.no\\\/magasinet\\\/#website\"},\"primaryImageOfPage\":{\"@id\":\"https:\\\/\\\/nsff.no\\\/magasinet\\\/2017\\\/12\\\/04\\\/fototreff-pa-lista-8-10-desember\\\/#primaryimage\"},\"image\":{\"@id\":\"https:\\\/\\\/nsff.no\\\/magasinet\\\/2017\\\/12\\\/04\\\/fototreff-pa-lista-8-10-desember\\\/#primaryimage\"},\"thumbnailUrl\":\"https:\\\/\\\/nsff.no\\\/magasinet\\\/wp-content\\\/uploads\\\/sites\\\/2\\\/2017\\\/12\\\/listafyr_fb.jpg\",\"datePublished\":\"2017-12-04T13:32:43+00:00\",\"dateModified\":\"2017-12-04T15:45:22+00:00\",\"description\":\"Tre fotoklubber i s\u00f8r g\u00e5r sammen om inspirasjonshelg p\u00e5 Lista 8.\u201310. desember. Et treff med fotokunstneren Manneraak er blant programpostene!\",\"breadcrumb\":{\"@id\":\"https:\\\/\\\/nsff.no\\\/magasinet\\\/2017\\\/12\\\/04\\\/fototreff-pa-lista-8-10-desember\\\/#breadcrumb\"},\"inLanguage\":\"nb-NO\",\"potentialAction\":[{\"@type\":\"ReadAction\",\"target\":[\"https:\\\/\\\/nsff.no\\\/magasinet\\\/2017\\\/12\\\/04\\\/fototreff-pa-lista-8-10-desember\\\/\"]}]},{\"@type\":\"ImageObject\",\"inLanguage\":\"nb-NO\",\"@id\":\"https:\\\/\\\/nsff.no\\\/magasinet\\\/2017\\\/12\\\/04\\\/fototreff-pa-lista-8-10-desember\\\/#primaryimage\",\"url\":\"https:\\\/\\\/nsff.no\\\/magasinet\\\/wp-content\\\/uploads\\\/sites\\\/2\\\/2017\\\/12\\\/listafyr_fb.jpg\",\"contentUrl\":\"https:\\\/\\\/nsff.no\\\/magasinet\\\/wp-content\\\/uploads\\\/sites\\\/2\\\/2017\\\/12\\\/listafyr_fb.jpg\",\"width\":1200,\"height\":630,\"caption\":\"Lista fyr\"},{\"@type\":\"BreadcrumbList\",\"@id\":\"https:\\\/\\\/nsff.no\\\/magasinet\\\/2017\\\/12\\\/04\\\/fototreff-pa-lista-8-10-desember\\\/#breadcrumb\",\"itemListElement\":[{\"@type\":\"ListItem\",\"position\":1,\"name\":\"Hjem\",\"item\":\"https:\\\/\\\/nsff.no\\\/magasinet\\\/\"},{\"@type\":\"ListItem\",\"position\":2,\"name\":\"Fototreff p\u00e5 Lista 8.\u201310. desember\"}]},{\"@type\":\"WebSite\",\"@id\":\"https:\\\/\\\/nsff.no\\\/magasinet\\\/#website\",\"url\":\"https:\\\/\\\/nsff.no\\\/magasinet\\\/\",\"name\":\"NSFF Magasin | Norsk Selskap for Fotografi\",\"description\":\"Medlemsmagasin for film- og fotoentusiaster\",\"publisher\":{\"@id\":\"https:\\\/\\\/nsff.no\\\/magasinet\\\/#organization\"},\"potentialAction\":[{\"@type\":\"SearchAction\",\"target\":{\"@type\":\"EntryPoint\",\"urlTemplate\":\"https:\\\/\\\/nsff.no\\\/magasinet\\\/?s={search_term_string}\"},\"query-input\":{\"@type\":\"PropertyValueSpecification\",\"valueRequired\":true,\"valueName\":\"search_term_string\"}}],\"inLanguage\":\"nb-NO\"},{\"@type\":\"Organization\",\"@id\":\"https:\\\/\\\/nsff.no\\\/magasinet\\\/#organization\",\"name\":\"Norsk Selskap for Fotografo\",\"url\":\"https:\\\/\\\/nsff.no\\\/magasinet\\\/\",\"logo\":{\"@type\":\"ImageObject\",\"inLanguage\":\"nb-NO\",\"@id\":\"https:\\\/\\\/nsff.no\\\/magasinet\\\/#\\\/schema\\\/logo\\\/image\\\/\",\"url\":\"https:\\\/\\\/nsff.no\\\/magasinet\\\/wp-content\\\/uploads\\\/sites\\\/2\\\/2016\\\/05\\\/NSFF-fb-lenkebilde.png\",\"contentUrl\":\"https:\\\/\\\/nsff.no\\\/magasinet\\\/wp-content\\\/uploads\\\/sites\\\/2\\\/2016\\\/05\\\/NSFF-fb-lenkebilde.png\",\"width\":1,\"height\":1,\"caption\":\"Norsk Selskap for Fotografo\"},\"image\":{\"@id\":\"https:\\\/\\\/nsff.no\\\/magasinet\\\/#\\\/schema\\\/logo\\\/image\\\/\"}},{\"@type\":\"Person\",\"@id\":\"https:\\\/\\\/nsff.no\\\/magasinet\\\/#\\\/schema\\\/person\\\/da041f968afa9bee0293372491a98303\",\"name\":\"Birgit Fostervold\",\"image\":{\"@type\":\"ImageObject\",\"inLanguage\":\"nb-NO\",\"@id\":\"https:\\\/\\\/secure.gravatar.com\\\/avatar\\\/d8b31664a01c80eecbf53f36dc41fa676bbfe7c78cb2391937a62f88da897950?s=96&d=mm&r=g\",\"url\":\"https:\\\/\\\/secure.gravatar.com\\\/avatar\\\/d8b31664a01c80eecbf53f36dc41fa676bbfe7c78cb2391937a62f88da897950?s=96&d=mm&r=g\",\"contentUrl\":\"https:\\\/\\\/secure.gravatar.com\\\/avatar\\\/d8b31664a01c80eecbf53f36dc41fa676bbfe7c78cb2391937a62f88da897950?s=96&d=mm&r=g\",\"caption\":\"Birgit Fostervold\"},\"description\":\"EsNSFF, HonENFFF, medlem i Homborsund fotoklubb og Arendal fotoklubb. Styremedlem NSFF, Nordisk Forbund for Fotografi og Norsk Naturfotofestival. Tidl. nestleder og konst.leder NSFF (2017\u201322), tidl. redakt\u00f8r for NSFF Magasin (2016\u201322).\",\"sameAs\":[\"https:\\\/\\\/lensbirdie.no\",\"https:\\\/\\\/instagram.com\\\/knipselyst\\\/\"],\"url\":\"https:\\\/\\\/nsff.no\\\/magasinet\\\/author\\\/birgitf\\\/\"}]}<\/script>\n<!-- \/ Yoast SEO plugin. -->","yoast_head_json":{"title":"Fototreff p\u00e5 Lista 8.\u201310. desember - NSFF Magasin | Norsk Selskap for Fotografi","description":"Tre fotoklubber i s\u00f8r g\u00e5r sammen om inspirasjonshelg p\u00e5 Lista 8.\u201310. desember. Et treff med fotokunstneren Manneraak er blant programpostene!","robots":{"index":"index","follow":"follow","max-snippet":"max-snippet:-1","max-image-preview":"max-image-preview:large","max-video-preview":"max-video-preview:-1"},"canonical":"https:\/\/nsff.no\/magasinet\/2017\/12\/04\/fototreff-pa-lista-8-10-desember\/","og_locale":"nb_NO","og_type":"article","og_title":"Fototreff p\u00e5 Lista 8.\u201310. desember - NSFF Magasin | Norsk Selskap for Fotografi","og_description":"Tre fotoklubber i s\u00f8r g\u00e5r sammen om inspirasjonshelg p\u00e5 Lista 8.\u201310. desember. Et treff med fotokunstneren Manneraak er blant programpostene!","og_url":"https:\/\/nsff.no\/magasinet\/2017\/12\/04\/fototreff-pa-lista-8-10-desember\/","og_site_name":"NSFF Magasin | Norsk Selskap for Fotografi","article_published_time":"2017-12-04T13:32:43+00:00","article_modified_time":"2017-12-04T15:45:22+00:00","og_image":[{"width":1200,"height":630,"url":"https:\/\/nsff.no\/magasinet\/wp-content\/uploads\/sites\/2\/2017\/12\/listafyr_fb.jpg","type":"image\/jpeg"}],"author":"Birgit Fostervold","twitter_card":"summary_large_image","twitter_misc":{"Skrevet av":"Birgit Fostervold","Ansl. lesetid":"1 minutt"},"schema":{"@context":"https:\/\/schema.org","@graph":[{"@type":"Article","@id":"https:\/\/nsff.no\/magasinet\/2017\/12\/04\/fototreff-pa-lista-8-10-desember\/#article","isPartOf":{"@id":"https:\/\/nsff.no\/magasinet\/2017\/12\/04\/fototreff-pa-lista-8-10-desember\/"},"author":{"name":"Birgit Fostervold","@id":"https:\/\/nsff.no\/magasinet\/#\/schema\/person\/da041f968afa9bee0293372491a98303"},"headline":"Fototreff p\u00e5 Lista 8.\u201310. desember","datePublished":"2017-12-04T13:32:43+00:00","dateModified":"2017-12-04T15:45:22+00:00","mainEntityOfPage":{"@id":"https:\/\/nsff.no\/magasinet\/2017\/12\/04\/fototreff-pa-lista-8-10-desember\/"},"wordCount":255,"commentCount":0,"publisher":{"@id":"https:\/\/nsff.no\/magasinet\/#organization"},"image":{"@id":"https:\/\/nsff.no\/magasinet\/2017\/12\/04\/fototreff-pa-lista-8-10-desember\/#primaryimage"},"thumbnailUrl":"https:\/\/nsff.no\/magasinet\/wp-content\/uploads\/sites\/2\/2017\/12\/listafyr_fb.jpg","keywords":["2017","Fokus fotoklubb","Fotomax Kameraklubb","fototreff","inspirasjonshelg","Lista","Mandal fotoklubb","Manneraak"],"articleSection":["Inspirasjon","Workshops\/kurs"],"inLanguage":"nb-NO","potentialAction":[{"@type":"CommentAction","name":"Comment","target":["https:\/\/nsff.no\/magasinet\/2017\/12\/04\/fototreff-pa-lista-8-10-desember\/#respond"]}]},{"@type":"WebPage","@id":"https:\/\/nsff.no\/magasinet\/2017\/12\/04\/fototreff-pa-lista-8-10-desember\/","url":"https:\/\/nsff.no\/magasinet\/2017\/12\/04\/fototreff-pa-lista-8-10-desember\/","name":"Fototreff p\u00e5 Lista 8.\u201310. desember - NSFF Magasin | Norsk Selskap for Fotografi","isPartOf":{"@id":"https:\/\/nsff.no\/magasinet\/#website"},"primaryImageOfPage":{"@id":"https:\/\/nsff.no\/magasinet\/2017\/12\/04\/fototreff-pa-lista-8-10-desember\/#primaryimage"},"image":{"@id":"https:\/\/nsff.no\/magasinet\/2017\/12\/04\/fototreff-pa-lista-8-10-desember\/#primaryimage"},"thumbnailUrl":"https:\/\/nsff.no\/magasinet\/wp-content\/uploads\/sites\/2\/2017\/12\/listafyr_fb.jpg","datePublished":"2017-12-04T13:32:43+00:00","dateModified":"2017-12-04T15:45:22+00:00","description":"Tre fotoklubber i s\u00f8r g\u00e5r sammen om inspirasjonshelg p\u00e5 Lista 8.\u201310. desember. Et treff med fotokunstneren Manneraak er blant programpostene!","breadcrumb":{"@id":"https:\/\/nsff.no\/magasinet\/2017\/12\/04\/fototreff-pa-lista-8-10-desember\/#breadcrumb"},"inLanguage":"nb-NO","potentialAction":[{"@type":"ReadAction","target":["https:\/\/nsff.no\/magasinet\/2017\/12\/04\/fototreff-pa-lista-8-10-desember\/"]}]},{"@type":"ImageObject","inLanguage":"nb-NO","@id":"https:\/\/nsff.no\/magasinet\/2017\/12\/04\/fototreff-pa-lista-8-10-desember\/#primaryimage","url":"https:\/\/nsff.no\/magasinet\/wp-content\/uploads\/sites\/2\/2017\/12\/listafyr_fb.jpg","contentUrl":"https:\/\/nsff.no\/magasinet\/wp-content\/uploads\/sites\/2\/2017\/12\/listafyr_fb.jpg","width":1200,"height":630,"caption":"Lista fyr"},{"@type":"BreadcrumbList","@id":"https:\/\/nsff.no\/magasinet\/2017\/12\/04\/fototreff-pa-lista-8-10-desember\/#breadcrumb","itemListElement":[{"@type":"ListItem","position":1,"name":"Hjem","item":"https:\/\/nsff.no\/magasinet\/"},{"@type":"ListItem","position":2,"name":"Fototreff p\u00e5 Lista 8.\u201310. desember"}]},{"@type":"WebSite","@id":"https:\/\/nsff.no\/magasinet\/#website","url":"https:\/\/nsff.no\/magasinet\/","name":"NSFF Magasin | Norsk Selskap for Fotografi","description":"Medlemsmagasin for film- og fotoentusiaster","publisher":{"@id":"https:\/\/nsff.no\/magasinet\/#organization"},"potentialAction":[{"@type":"SearchAction","target":{"@type":"EntryPoint","urlTemplate":"https:\/\/nsff.no\/magasinet\/?s={search_term_string}"},"query-input":{"@type":"PropertyValueSpecification","valueRequired":true,"valueName":"search_term_string"}}],"inLanguage":"nb-NO"},{"@type":"Organization","@id":"https:\/\/nsff.no\/magasinet\/#organization","name":"Norsk Selskap for Fotografo","url":"https:\/\/nsff.no\/magasinet\/","logo":{"@type":"ImageObject","inLanguage":"nb-NO","@id":"https:\/\/nsff.no\/magasinet\/#\/schema\/logo\/image\/","url":"https:\/\/nsff.no\/magasinet\/wp-content\/uploads\/sites\/2\/2016\/05\/NSFF-fb-lenkebilde.png","contentUrl":"https:\/\/nsff.no\/magasinet\/wp-content\/uploads\/sites\/2\/2016\/05\/NSFF-fb-lenkebilde.png","width":1,"height":1,"caption":"Norsk Selskap for Fotografo"},"image":{"@id":"https:\/\/nsff.no\/magasinet\/#\/schema\/logo\/image\/"}},{"@type":"Person","@id":"https:\/\/nsff.no\/magasinet\/#\/schema\/person\/da041f968afa9bee0293372491a98303","name":"Birgit Fostervold","image":{"@type":"ImageObject","inLanguage":"nb-NO","@id":"https:\/\/secure.gravatar.com\/avatar\/d8b31664a01c80eecbf53f36dc41fa676bbfe7c78cb2391937a62f88da897950?s=96&d=mm&r=g","url":"https:\/\/secure.gravatar.com\/avatar\/d8b31664a01c80eecbf53f36dc41fa676bbfe7c78cb2391937a62f88da897950?s=96&d=mm&r=g","contentUrl":"https:\/\/secure.gravatar.com\/avatar\/d8b31664a01c80eecbf53f36dc41fa676bbfe7c78cb2391937a62f88da897950?s=96&d=mm&r=g","caption":"Birgit Fostervold"},"description":"EsNSFF, HonENFFF, medlem i Homborsund fotoklubb og Arendal fotoklubb. Styremedlem NSFF, Nordisk Forbund for Fotografi og Norsk Naturfotofestival. Tidl. nestleder og konst.leder NSFF (2017\u201322), tidl. redakt\u00f8r for NSFF Magasin (2016\u201322).","sameAs":["https:\/\/lensbirdie.no","https:\/\/instagram.com\/knipselyst\/"],"url":"https:\/\/nsff.no\/magasinet\/author\/birgitf\/"}]}},"_links":{"self":[{"href":"https:\/\/nsff.no\/magasinet\/wp-json\/wp\/v2\/posts\/6286","targetHints":{"allow":["GET"]}}],"collection":[{"href":"https:\/\/nsff.no\/magasinet\/wp-json\/wp\/v2\/posts"}],"about":[{"href":"https:\/\/nsff.no\/magasinet\/wp-json\/wp\/v2\/types\/post"}],"author":[{"embeddable":true,"href":"https:\/\/nsff.no\/magasinet\/wp-json\/wp\/v2\/users\/7"}],"replies":[{"embeddable":true,"href":"https:\/\/nsff.no\/magasinet\/wp-json\/wp\/v2\/comments?post=6286"}],"version-history":[{"count":7,"href":"https:\/\/nsff.no\/magasinet\/wp-json\/wp\/v2\/posts\/6286\/revisions"}],"predecessor-version":[{"id":6300,"href":"https:\/\/nsff.no\/magasinet\/wp-json\/wp\/v2\/posts\/6286\/revisions\/6300"}],"wp:featuredmedia":[{"embeddable":true,"href":"https:\/\/nsff.no\/magasinet\/wp-json\/wp\/v2\/media\/6291"}],"wp:attachment":[{"href":"https:\/\/nsff.no\/magasinet\/wp-json\/wp\/v2\/media?parent=6286"}],"wp:term":[{"taxonomy":"category","embeddable":true,"href":"https:\/\/nsff.no\/magasinet\/wp-json\/wp\/v2\/categories?post=6286"},{"taxonomy":"post_tag","embeddable":true,"href":"https:\/\/nsff.no\/magasinet\/wp-json\/wp\/v2\/tags?post=6286"}],"curies":[{"name":"wp","href":"https:\/\/api.w.org\/{rel}","templated":true}]}}