{"id":6224,"date":"2017-12-03T23:06:02","date_gmt":"2017-12-03T22:06:02","guid":{"rendered":"http:\/\/nsff.no\/magasinet\/?p=6224"},"modified":"2018-12-04T00:21:21","modified_gmt":"2018-12-03T23:21:21","slug":"vare-kursholdere-john-colbensen","status":"publish","type":"post","link":"https:\/\/nsff.no\/magasinet\/2017\/12\/03\/vare-kursholdere-john-colbensen\/","title":{"rendered":"V\u00e5re kursholdere: John Colbensen"},"content":{"rendered":"<p>[et_pb_section bb_built=&raquo;1&#8243; next_background_color=&raquo;#000000&#8243;][et_pb_row][et_pb_column type=&raquo;4_4&#8243;][et_pb_text _builder_version=&raquo;3.17.6&#8243;]<\/p>\n<p><strong>NSFF har knyttet til seg en rekke <a href=\"http:\/\/nsff.no\/bli-medlem\/foredragogkursholdere\/\" rel=\"noopener\" target=\"_blank\">dyktige foredrags- og kursholdere, se hele listen her<\/a>. I en egen artikkelserie her p\u00e5 NSFF Magasin \u00f8nsker vi \u00e5 presentere disse litt grundigere enn det vi har satt av plass til p\u00e5 hoved-weben; f\u00f8rst ut i rekka er John Colbensen fra Skodje fotoklubb!<\/strong><\/p>\n<p><em>(Illustrasjonsbildet i toppen er tatt av Monica Elise Vestre)<\/em><\/p>\n<p>[\/et_pb_text][\/et_pb_column][\/et_pb_row][et_pb_row][et_pb_column type=&raquo;1_3&#8243;][et_pb_image _builder_version=&raquo;3.0.78&#8243; src=&raquo;http:\/\/nsff.no\/magasinet\/wp-content\/uploads\/sites\/2\/2017\/12\/john.jpg&raquo; show_in_lightbox=&raquo;on&raquo; url_new_window=&raquo;off&raquo; use_overlay=&raquo;off&raquo; always_center_on_mobile=&raquo;on&raquo; border_style=&raquo;solid&raquo; force_fullwidth=&raquo;off&raquo; show_bottom_space=&raquo;on&raquo; alt=&raquo;John Colbensen&raquo; title_text=&raquo;John Colbensen&raquo; \/][\/et_pb_column][et_pb_column type=&raquo;2_3&#8243;][et_pb_text _builder_version=&raquo;3.17.6&#8243;]<\/p>\n<p>49 \u00e5rige John Colbensen er fra \u00c5lesund, men for tiden bosatt i Skodje kommune der han jobber som eiendomsfotograf for i overkant av 20 meglere. Han har drevet med foto i mer eller mindre 30 \u00e5r.<br \/>\n\u2013 Foto for meg er livsstil, hobby og levebr\u00f8d, sier John. Jeg har blitt fortalt at jeg er en kunstner innen foto, men jeg vet ikke helt om jeg tror p\u00e5 det. Men det skal sies at jeg liker \u00e5 uttrykke meg visuelt. Jeg kan overhodet ikke male eller tegne, men f\u00f8ler meg trygg p\u00e5 fotografiet som min visuelle uttrykksform.<\/p>\n<p>\u2013 Jeg vet ikke hvorfor jeg begynte med foto, men vil tro at det hadde noe med at en av mine foreldres venner hadde foto som yrke, og han var god. Jeg husker jeg ble fascinert av hva han fikk til med kameraet sitt.<\/p>\n<p>[\/et_pb_text][\/et_pb_column][\/et_pb_row][et_pb_row][et_pb_column type=&raquo;4_4&#8243;][et_pb_text _builder_version=&raquo;3.17.6&#8243;]<\/p>\n<h2>Naturmann med en sving innom bygatene i blant \u2013 og stor glede av Photoshop<\/h2>\n<p>Colbensen erkl\u00e6rer en genuin interesse for \u00e5 v\u00e6re ute i naturen, og fotograferer helst landskap og makromotiv. De siste \u00e5rene har han ogs\u00e5 fors\u00f8kt seg p\u00e5 gatefoto, men hovedsakelig fotograferer han motiv som han kan bruke i kreative kompositter i Photoshop. <\/p>\n<p>\u2013 Jeg vet ikke om jeg unng\u00e5r \u00e5 fotografere noe, men jeg er ikke noen aktfotograf. Med tanke p\u00e5 deltakelse i fotokonkurranser burde jeg kanskje fors\u00f8kt meg p\u00e5 det, resonnerer han med et glimt i \u00f8yet.<br \/>\n\u2013 Bryllup har jeg fotografert nok av til at jeg har g\u00e5tt lei den genren \u2013 ellers er jeg ganske altspisende!<\/p>\n<p>P\u00e5 sp\u00f8rsm\u00e5l om han har et s\u00e6reget uttrykk n\u00f8ler Colbensen.<br \/>\n\u2013 Tja, jeg liker \u00e5 ha en historie bak bildet&#8230; at bildet kan tolkes \u2013 vidt eller snevert. \u00c5 ha f\u00e6rrest mulig elementer i bildet er viktig for meg. Element som ikke underbygger historiefortellingen, har ikke noe i bildet \u00e5 gj\u00f8re. <\/p>\n<h2>Motiveres av \u00e5 bevege publikum<\/h2>\n<p>\u2013 Jeg hadde en utstilling i Haugesund for et par \u00e5r siden. Der stilte jeg ut rene kompositter, alts\u00e5 sammensatte bilder. Det spesielle med de bildene var at de alle handlet om mine innerste tanker, som kanskje kunne treffe en og annen sjel som s\u00e5 de bildene. Og det gjorde de! Jeg fikk mange og f\u00f8lelsesladde reaksjoner. Det gjorde godt \u00e5 m\u00f8te folk som tolket bildene p\u00e5 en personlig m\u00e5te, akkurat som jeg h\u00e5pet.<\/p>\n<p>N\u00e5r Colbensen setter seg ned med Photoshop er alts\u00e5 ambisjonen \u00e5 lage bilder som forteller en historie. Selv er han ikke s\u00e5 enormt begeistret for kompositter som bare er satt sammen for effektenes skyld, og har null fortelling i seg.<br \/>\n\u2013 For all del, sier han, det kan jo v\u00e6re pent \u00e5 se p\u00e5, men det gir meg lite. Bildet m\u00e5 fortelle noe, noe som alle og enhver kan forst\u00e5 \u2013 eller ikke forst\u00e5. <\/p>\n<h2>Jobber med grunnlag i skisser og arbeidstittel<\/h2>\n<p>\u2013 Jeg f\u00e5r veldig ofte kreative ideer, jeg f\u00f8ler meg ganske heldigstilt der, forteller han. N\u00e5r ideene ramler ned i hodet skisserer han dem ned i en skissebok \u2013 eller serviett, for den saks skyld. I en ramme skisseres bildet og hovedelementet tegnes inn p\u00e5 en best mulig komposisjonsmessig m\u00e5te. <\/p>\n<p>\u2013 Jeg bruker ofte \u00e5 ha en arbeidstittel til bildet, men den kan lett bli endret n\u00e5r bildet er ferdig redigert. Men jeg viker aldri fra hovedbudskapet i bildet, sier han bestemt. <\/p>\n<p>N\u00e5r bildet s\u00e5 skal utformes har han et ganske stort bildearkiv der han som oftest finner en passende bakgrunn til ideen. Deretter fotograferer han hovedelementene.<br \/>\n\u2013 Ofte tar jeg disse bildene i stuen min! Deretter blir det \u00e5 sette inn elementene slik jeg har skissert dem i skisseboken. Og s\u00e5 blir det mange timer foran pc-skjermen&#8230;<\/p>\n<h2>Livet, f\u00f8lelser og opplevelser gir inspirasjon<\/h2>\n<p>\u2013 Jeg blir i all hovedsak inspirert av livet \u2013 oftest av egne f\u00f8lelser og opplevelser, forteller Colbensen, som ogs\u00e5 blir inspirert av film, musikk eller rett og slett et ord.<\/p>\n<p>Kanskje er det for \u00e5 oppn\u00e5 kontakt med disse f\u00f8lelsene at han helst liker \u00e5 v\u00e6re helt alene n\u00e5r han er ute og fotograferer. Allikevel trives han ogs\u00e5 godt p\u00e5 fototur med andre.<br \/>\n\u2013 Jeg blir gjerne med totale nybegynnere p\u00e5 tur. Det er herlig n\u00e5r &laquo;aha-opplevelser&raquo; oppst\u00e5r p\u00e5 grunn av noe jeg har kunnet l\u00e6re bort. Andre ganger er det jeg selv som blir inspirert, i selskap med andre som har litt mer enn de grunnleggende fotokunnskapene inne.<\/p>\n<p>\u2013 Om jeg har noen forbilder? grunner Colbensen. \u2014 Jeg virker kanskje hovmodig, men jeg kan ikke si at jeg har noen forbilder inne foto. Jeg er riktignok stor fan av <a href=\"http:\/\/www.adriansommeling.com\" rel=\"noopener\" target=\"_blank\">Adrian Sommeling<\/a> sine kreasjoner. Selv om historiene ikke er s\u00e5 dype synes jeg han har en str\u00f8ken teknikk. <a href=\"http:\/\/www.marcadamus.com\/\" rel=\"noopener\" target=\"_blank\">Marc Adamus<\/a> er en enormt god landskapsfotograf som jeg respekterer h\u00f8yt. Jeg m\u00e5 ogs\u00e5 f\u00e5 nevne Henri Cartier-Bresson. Han er i mine \u00f8yne historiens beste gatefotograf, med utrolig timing og komposisjon i bildene.<\/p>\n<p>\u2013 S\u00e5 hadde det jo v\u00e6rt ekstremt moro \u00e5 hatt med Audun Rikardsen p\u00e5 tur. Han er en utrolig dyktig fotograf som jobber intenst med \u00e5 f\u00e5 bildet akkurat slik han vil ha det. Reisen skulle g\u00e5tt til Svalbard eller Lofoten!<\/p>\n<h2>Ambisjoner, dr\u00f8mmer og planer videre<\/h2>\n<p>\u2013 Jeg hadde en gang en ambisjon om \u00e5 f\u00e5 bilde p\u00e5 trykk i National Geographic \u2013 det har jeg faktisk oppn\u00e5dd, smiler John. N\u00e5 er ambisjonen \u00e5 bli anerkjent i Norge innen landskapsfoto, makrofoto eller kreative kompositter \u2013 helst i alle tre genrene!<\/p>\n<p>\u2013 Jeg har lyst \u00e5 holde flere fotoutstillinger, enten med store plakater av makromotiv eller store plakater av mine kreative kompositter. <a href=\"http:\/\/www.johncolbensen.com\" rel=\"noopener\" target=\"_blank\">Bildene mine vises ellers frem p\u00e5 egen webside<\/a>, i klubbsammenheng og p\u00e5 sosiale medier. Bilder b\u00f8r vises!<\/p>\n<p>Colbensen har mange steder der han gjerne skulle ha v\u00e6rt og fotografert.<br \/>\n\u2013 Antarktis, Pripyat, Svalbard, New Zealand, Tokyo og Galapagos&#8230; denne listen kan bli enormt lang, erkjenner han. \u2014 Jeg skulle ogs\u00e5 meget gjerne ha v\u00e6rt med p\u00e5 en workshop med Adrian Sommeling, for \u00e5 studere hvordan han jobber.<\/p>\n<p>\u2013 Et motiv jeg gjerne skulle ha fanget? Jo, jeg har pr\u00f8vd \u2013 en god del ganger \u2013 \u00e5 fange en flygende sommerfugl i perfekt lys, med 105 mm makro f\/2.8. Det er jaggu ikke lett. \u00c5 f\u00e5 fokus til \u00e5 sitte akkurat p\u00e5 \u00f8ynene, mens den er i flukt p\u00e5 sin irrasjonelle m\u00e5te, er s\u00e6rs vanskelig. Men jeg gir aldri opp&#8230; aldri!<\/p>\n<h2>Et utvalg av Colbensens bilder og kompositter<\/h2>\n<p>Klikk p\u00e5 bildene nedenfor for \u00e5 se i stort format og med bildetittel:<\/p>\n<p>[\/et_pb_text][et_pb_gallery _builder_version=&raquo;3.0.78&#8243; posts_number=&raquo;8&#8243; show_title_and_caption=&raquo;off&raquo; show_pagination=&raquo;off&raquo; gallery_ids=&raquo;6225,6226,6227,6228,6231,6232,6233&#8243; fullwidth=&raquo;off&raquo; orientation=&raquo;portrait&raquo; zoom_icon_color=&raquo;#2a317d&raquo; hover_overlay_color=&raquo;rgba(255,255,255,0.9)&raquo; background_layout=&raquo;light&raquo; pagination_font_size_tablet=&raquo;51&#8243; pagination_line_height_tablet=&raquo;2&#8243; border_style=&raquo;solid&raquo; \/][\/et_pb_column][\/et_pb_row][\/et_pb_section][et_pb_section bb_built=&raquo;1&#8243; fullwidth=&raquo;off&raquo; specialty=&raquo;off&raquo; prev_background_color=&raquo;#000000&#8243;][et_pb_row][et_pb_column type=&raquo;4_4&#8243;][et_pb_divider _builder_version=&raquo;3.0.78&#8243; show_divider=&raquo;on&raquo; color=&raquo;#0c71c3&#8243; divider_style=&raquo;solid&raquo; divider_position=&raquo;top&raquo; \/][\/et_pb_column][\/et_pb_row][et_pb_row][et_pb_column type=&raquo;1_3&#8243;][et_pb_text admin_label=&raquo;Om kurs&raquo; _builder_version=&raquo;3.0.78&#8243; background_layout=&raquo;light&raquo; border_style=&raquo;solid&raquo;]<\/p>\n<h2>Kurskatalogen til Colbensen<\/h2>\n<p>10-12 timers kurs:<\/p>\n<ul>\n<li>Grunnkurs i foto<\/li>\n<li>Videreg\u00e5ende kurs i foto<\/li>\n<li>Grunnleggende kurs i Photoshop<\/li>\n<li>Kreative workshops, manipulasjon og kompositter<\/li>\n<\/ul>\n<p>Ulike temakurs av kortere varighet (ca. 3 timer):<\/p>\n<ul>\n<li>Makrofoto<\/li>\n<li>Landskapsfoto<\/li>\n<li>Bildekomposisjon<\/li>\n<li>HDR<\/li>\n<li>Nattfotografering<\/li>\n<li>Blitzbruk<\/li>\n<\/ul>\n<p>[\/et_pb_text][\/et_pb_column][et_pb_column type=&raquo;2_3&#8243;][et_pb_text _builder_version=&raquo;3.0.78&#8243; background_layout=&raquo;light&raquo; border_style=&raquo;solid&raquo;]<\/p>\n<h2>Egen fotobakgrunn<\/h2>\n<p>\u2014 Jeg har en lang og ganske omfattende bakgrunn som VG-fotograf, undervannsfotograf, portrettfotograf, eventfotograf, modellfotograf samt 6 \u00e5r i profesjonell fotolab. I tillegg liker jeg s\u00e6rs godt \u00e5 lese og studere temaet og heldigvis sitter det ganske lett hos meg, sier Colbensen og forteller om enormt mange timer tilbragt med b\u00f8ker, videoer og ikke minst ute i felten.<\/p>\n<h2>Ambisjoner for kursene<\/h2>\n<p>\u2014 Jeg h\u00e5per jo at kursdeltakerne skal sitte igjen med masse ny informasjon som de kan bruke til \u00e5 utvikle seg videre som fotografer. Jeg pr\u00f8ver \u00e5 bruke en del humor, og ikke minst l\u00e6re fra meg p\u00e5 en enklest mulig m\u00e5te \u2013 jeg har visst en tendens til \u00e5 bli veldig engasjert n\u00e5r jeg holder kurs, ler han.<\/p>\n<p>Etter et kurs oppretter Colbensen gjerne kontakt med kursdeltakerne p\u00e5 Facebook og andre sosiale medier, der han f\u00f8lger med p\u00e5 bilder de legger ut s\u00e5 godt det lar seg gj\u00f8re. Han pr\u00f8ver ogs\u00e5 \u00e5 f\u00f8lge opp med tips og triks, og besvarer sp\u00f8rsm\u00e5l som oppst\u00e5r i etterkant.<\/p>\n<p>\u2014 Dette er nok ikke hovedvervet mitt, men jeg elsker \u00e5 treffe nye folk som er sulten p\u00e5 mer kunnskaper rundt fotografering. Jeg f\u00f8ler ogs\u00e5 at jeg har noe \u00e5 bidra med n\u00e5r det gjelder foto, og responsen har v\u00e6rt meget god. Og god respons trigger meg til \u00e5 fortsette. Dessuten elsker jeg alt som har med foto \u00e5 gj\u00f8re \u2013 vel, nesten alt..!<\/p>\n<p>[\/et_pb_text][\/et_pb_column][\/et_pb_row][\/et_pb_section]<\/p>\n","protected":false},"excerpt":{"rendered":"<p>John Colbensen er en av NSFFs dyktige kursholdere, han tilbyr et bredt utvalg tema for sine kurs. Her presenteres fotografen og fotokunstneren n\u00e6rmere!<\/p>\n","protected":false},"author":7,"featured_media":6229,"comment_status":"open","ping_status":"open","sticky":false,"template":"","format":"standard","meta":{"_et_pb_use_builder":"on","_et_pb_old_content":"Jeg er en mann p\u00e5 49 \u00e5r, fra \u00c5lesund. For tiden bosatt i Skodje kommune, ikke langt fra \u00c5lesund. Jeg er eiendomsfotograf av yrke og har 22-23 meglere jeg fotograferer for.\r\nHar drevet med foto i mer eller mindre 30 \u00e5r. Foto for meg er livsstil, hobby og levebr\u00f8d. Jeg har blitt fortalt at jeg er en kunstner innen foto, men jeg vet ikke helt om jeg tror p\u00e5 det. Men det skal sies at jeg liker \u00e5 uttrykke meg visuelt. Jeg kan overhodet ikke \u00e5 male eller \u00e5 tegne, men f\u00f8ler meg trygg p\u00e5 kamera som min visuelle uttrykksform.\r\nJeg vet ikke hvorfor jeg begynte med foto, men vil tro at det hadde noe med at en av mine foreldres venner hadde foto som yrke og han var god. Jeg husker jeg ble fascinert av hva han fikk til med kameraet sitt.\r\nJeg elsker \u00e5 v\u00e6re ute i naturen og fotograferer helst landskap og makromotiv. Men jeg har blitt mer og mer fascinert av gatefoto de siste \u00e5rene. Men jeg bruker nok mye tid p\u00e5 \u00e5 fotografere motiv jeg kan bruke i kreative kompositter i Photoshop. Vet ikke om jeg unng\u00e5r \u00e5 fotografere noe, men jeg er ikke noen aktfotograf (ser at det er en ulempe i mange fotokonkurranser). Bryllup har jeg fotografert nok av til at jeg har g\u00e5tt lei den genren. Ellers er jeg ganske altspisende.\r\nHva er s\u00e5 mitt uttrykk? Tja, jeg liker \u00e5 ha en historie bak bildet... at bildet kan tolkes vidt eller snevert. F\u00e6rrest mulig element i bildet, er viktig. Element som ikke underbygger historiefortellingen, har ikke noe i bildet \u00e5 gj\u00f8re. Hadde en utstilling i Haugesund for et par \u00e5r siden. Der stilte jeg ut rene kompositter, alts\u00e5 sammensatte bilder. Det spesielle med de bildene var at de alle handlet om mine innerste tanker, som kanskje kunne \u201ctreffe\u201d en og annen sjel som s\u00e5 de bildene. Og det gjorde de. Jeg fikk mange reaksjoner, f\u00f8lelsesladde reaksjoner. Det gjorde godt \u00e5 m\u00f8te folk som \u201ctolket\u201d bildene p\u00e5 en personlig m\u00e5te, akkurat som jeg h\u00e5pet.\r\nMine kompositter er for det meste bilder med en \u201cstory\u201d. Jeg vil fortelle noe. Jeg er ikke s\u00e5 enorm begeistret for kompositter som bare er satt sammen for effektenes skyld og har null fortelling i seg. For all del, pent \u00e5 se p\u00e5, men gir meg lite. Bildet m\u00e5 fortelle noe, noe som alle og enhver kan forst\u00e5, eller ikke forst\u00e5. Jeg f\u00e5r veldig ofte kreative ideer. Jeg f\u00f8ler meg ganske heldigstilt der. Ideene skisseres ned i en skissebok (eller serviett for den saks skyld) Jeg skisserer en ramme og tegner inn hovedelement i en best mulig komposisjonsmessig m\u00e5te. Jeg bruker ofte \u00e5 ha en arbeidstittel til bildet, men den kan lett bli endret n\u00e5r bildet er ferdig redigert. Men jeg viker aldri fra hovedbudskapet i bildet. Jeg har et ganske stort bildebibliotek, s\u00e5 jeg finner ofte en passende bakgrunn til ideen. Deretter fotograferer jeg hovedelementene. Ofte tar jeg disse bildene i stuen min. Deretter blir det \u00e5 sette inn elementene slik jeg har skissert dem i skisseboken. Og s\u00e5 blir det mange timer foran pc-skjermen...\r\nJeg blir i all hovedsak inspirert av livet. Veldig mange ganger av egne f\u00f8lelser og opplevelser. Men jeg kan fort bli inspirert av film, musikk eller rett og slett et ord. Men ideer kan ogs\u00e5 bare ramle inn i hodet uten noe forvarsel.\r\nN\u00e5r jeg fotograferer, liker jeg nok best \u00e5 v\u00e6re helt alene. Da tar jeg de \u201cbeste\u201d bildene. Men jeg liker ogs\u00e5 \u00e5 fotografere sammen med andre som deler fotointeressen p\u00e5 et litt h\u00f8yere niv\u00e5 enn den vanlige hobbyfotograf. Det trigger meg p\u00e5 en positiv m\u00e5te. N\u00e5 m\u00e5 jeg skyte inn at jeg ogs\u00e5 er glad i \u00e5 v\u00e6re med nybegynnere p\u00e5 fototur. Jeg f\u00f8ler jeg har noe \u00e5 bidra med da og det er s\u00e5 herlig \u00e5 se n\u00e5r de f\u00e5r \u201caha-opplevelser\u201d.\r\nJeg viser frem bildene mine p\u00e5 egen webside, i klubbsammenheng (Skodje Fotoklubb), p\u00e5 Facebook, Instagram osv. Bilder b\u00f8r vises!\r\nForbilder? Jeg virker kanskje hovmodig, men jeg kan ikke si at jeg har noen forbilder inne foto. Men jeg er stor fan av Adrian Sommeling sine kreasjoner. Selv om han ikke er s\u00e5 dyp i komposittene sine, synes jeg han har en str\u00f8ken teknikk. Marc Adamus er en enormt god landskapsfotograf som jeg respekterer h\u00f8yt. Og jeg m\u00e5 ogs\u00e5 f\u00e5 nevne Henri Cartier-Bresson. Han er i mine \u00f8yner historiens beste gatefotograf med utrolig timing og komposisjon i bildene.\r\nHvilken fotograf ville jeg hatt med p\u00e5 fototur? Tja, Audun Rikardsen hadde v\u00e6rt ekstremt moro \u00e5 hatt med p\u00e5 tur. Han er jo en utrolig dyktig fotograf som jobber intenst med \u00e5 f\u00e5 bildet akkurat slik han vil ha det. Og da skulle vi gjerne ha reist til Svalbard eller Lofoten.\r\nJeg hadde en gang en ambisjon om \u00e5 f\u00e5 bilde p\u00e5 trykk i National Geographic. Det har jeg faktisk oppn\u00e5dd. Ambisjoner jeg sitter igjen med n\u00e5, er \u00e5 bli s\u00e5 anerkjent som mulig i Norge innen landskapsfoto, makrofoto eller kreative kompositter. Helst i alle tre genrene.\r\nJeg har lyst \u00e5 holde flere fotoutstillinger, enten med store plakater av makromotiv eller store plakater av mine kreative kompositter. Jeg skulle meget gjerne ha v\u00e6rt med p\u00e5 en workshop med Adrian Sommeling for \u00e5 studere hvordan han jobber.\r\nJeg har mange steder jeg gjerne skulle ha v\u00e6rt og fotografert. Alt fra Antarktis til Pripyat, Svalbard, New Zealand, Tokyo og Galapagos. Denne listen kan bli enormt lang.\r\nEt motiv jeg gjerne skulle ha fanget? Jo, jeg har pr\u00f8vd, en god del ganger, \u00e5 fange en flygende sommerfugl i perfekt lys, med 105 mm makro f\/2.8. Det er jaggu ikke lett. \u00c5 f\u00e5 fokus til \u00e5 sitte akkurat p\u00e5 \u00f8ynene, mens den er i flukt p\u00e5 sin irrasjonelle m\u00e5te, er s\u00e6rs vanskelig. Men jeg gir aldri opp\u2026 aldri \uf04a","_et_gb_content_width":"","footnotes":""},"categories":[582,90],"tags":[469,581,200],"class_list":["post-6224","post","type-post","status-publish","format-standard","has-post-thumbnail","hentry","category-kursholdere","category-presentasjoner","tag-john-colbensen","tag-kursholder","tag-workshop","et-has-post-format-content","et_post_format-et-post-format-standard"],"yoast_head":"<!-- This site is optimized with the Yoast SEO plugin v27.5 - https:\/\/yoast.com\/product\/yoast-seo-wordpress\/ -->\n<title>V\u00e5re kursholdere: John Colbensen - NSFF Magasin | Norsk Selskap for Fotografi<\/title>\n<meta name=\"description\" content=\"John Colbensen er en av NSFFs dyktige kursholdere, han tilbyr et bredt utvalg tema for sine kurs. Her presenteres fotografen og fotokunstneren n\u00e6rmere!\" \/>\n<meta name=\"robots\" content=\"index, follow, max-snippet:-1, max-image-preview:large, max-video-preview:-1\" \/>\n<link rel=\"canonical\" href=\"https:\/\/nsff.no\/magasinet\/2017\/12\/03\/vare-kursholdere-john-colbensen\/\" \/>\n<meta property=\"og:locale\" content=\"nb_NO\" \/>\n<meta property=\"og:type\" content=\"article\" \/>\n<meta property=\"og:title\" content=\"V\u00e5re kursholdere: John Colbensen - NSFF Magasin | Norsk Selskap for Fotografi\" \/>\n<meta property=\"og:description\" content=\"John Colbensen er en av NSFFs dyktige kursholdere, han tilbyr et bredt utvalg tema for sine kurs. Her presenteres fotografen og fotokunstneren n\u00e6rmere!\" \/>\n<meta property=\"og:url\" content=\"https:\/\/nsff.no\/magasinet\/2017\/12\/03\/vare-kursholdere-john-colbensen\/\" \/>\n<meta property=\"og:site_name\" content=\"NSFF Magasin | Norsk Selskap for Fotografi\" \/>\n<meta property=\"article:published_time\" content=\"2017-12-03T22:06:02+00:00\" \/>\n<meta property=\"article:modified_time\" content=\"2018-12-03T23:21:21+00:00\" \/>\n<meta property=\"og:image\" content=\"https:\/\/nsff.no\/magasinet\/wp-content\/uploads\/sites\/2\/2017\/12\/John_Fotograf-Monica-Elise-Vestre.jpg\" \/>\n\t<meta property=\"og:image:width\" content=\"1000\" \/>\n\t<meta property=\"og:image:height\" content=\"652\" \/>\n\t<meta property=\"og:image:type\" content=\"image\/jpeg\" \/>\n<meta name=\"author\" content=\"Birgit Fostervold\" \/>\n<meta name=\"twitter:card\" content=\"summary_large_image\" \/>\n<meta name=\"twitter:label1\" content=\"Skrevet av\" \/>\n\t<meta name=\"twitter:data1\" content=\"Birgit Fostervold\" \/>\n\t<meta name=\"twitter:label2\" content=\"Ansl. lesetid\" \/>\n\t<meta name=\"twitter:data2\" content=\"8 minutter\" \/>\n<script type=\"application\/ld+json\" class=\"yoast-schema-graph\">{\"@context\":\"https:\\\/\\\/schema.org\",\"@graph\":[{\"@type\":\"Article\",\"@id\":\"https:\\\/\\\/nsff.no\\\/magasinet\\\/2017\\\/12\\\/03\\\/vare-kursholdere-john-colbensen\\\/#article\",\"isPartOf\":{\"@id\":\"https:\\\/\\\/nsff.no\\\/magasinet\\\/2017\\\/12\\\/03\\\/vare-kursholdere-john-colbensen\\\/\"},\"author\":{\"name\":\"Birgit Fostervold\",\"@id\":\"https:\\\/\\\/nsff.no\\\/magasinet\\\/#\\\/schema\\\/person\\\/da041f968afa9bee0293372491a98303\"},\"headline\":\"V\u00e5re kursholdere: John Colbensen\",\"datePublished\":\"2017-12-03T22:06:02+00:00\",\"dateModified\":\"2018-12-03T23:21:21+00:00\",\"mainEntityOfPage\":{\"@id\":\"https:\\\/\\\/nsff.no\\\/magasinet\\\/2017\\\/12\\\/03\\\/vare-kursholdere-john-colbensen\\\/\"},\"wordCount\":1654,\"commentCount\":0,\"publisher\":{\"@id\":\"https:\\\/\\\/nsff.no\\\/magasinet\\\/#organization\"},\"image\":{\"@id\":\"https:\\\/\\\/nsff.no\\\/magasinet\\\/2017\\\/12\\\/03\\\/vare-kursholdere-john-colbensen\\\/#primaryimage\"},\"thumbnailUrl\":\"https:\\\/\\\/nsff.no\\\/magasinet\\\/wp-content\\\/uploads\\\/sites\\\/2\\\/2017\\\/12\\\/John_Fotograf-Monica-Elise-Vestre.jpg\",\"keywords\":[\"John Colbensen\",\"kursholder\",\"workshop\"],\"articleSection\":[\"Kursholdere\",\"Presentasjoner\"],\"inLanguage\":\"nb-NO\",\"potentialAction\":[{\"@type\":\"CommentAction\",\"name\":\"Comment\",\"target\":[\"https:\\\/\\\/nsff.no\\\/magasinet\\\/2017\\\/12\\\/03\\\/vare-kursholdere-john-colbensen\\\/#respond\"]}]},{\"@type\":\"WebPage\",\"@id\":\"https:\\\/\\\/nsff.no\\\/magasinet\\\/2017\\\/12\\\/03\\\/vare-kursholdere-john-colbensen\\\/\",\"url\":\"https:\\\/\\\/nsff.no\\\/magasinet\\\/2017\\\/12\\\/03\\\/vare-kursholdere-john-colbensen\\\/\",\"name\":\"V\u00e5re kursholdere: John Colbensen - NSFF Magasin | Norsk Selskap for Fotografi\",\"isPartOf\":{\"@id\":\"https:\\\/\\\/nsff.no\\\/magasinet\\\/#website\"},\"primaryImageOfPage\":{\"@id\":\"https:\\\/\\\/nsff.no\\\/magasinet\\\/2017\\\/12\\\/03\\\/vare-kursholdere-john-colbensen\\\/#primaryimage\"},\"image\":{\"@id\":\"https:\\\/\\\/nsff.no\\\/magasinet\\\/2017\\\/12\\\/03\\\/vare-kursholdere-john-colbensen\\\/#primaryimage\"},\"thumbnailUrl\":\"https:\\\/\\\/nsff.no\\\/magasinet\\\/wp-content\\\/uploads\\\/sites\\\/2\\\/2017\\\/12\\\/John_Fotograf-Monica-Elise-Vestre.jpg\",\"datePublished\":\"2017-12-03T22:06:02+00:00\",\"dateModified\":\"2018-12-03T23:21:21+00:00\",\"description\":\"John Colbensen er en av NSFFs dyktige kursholdere, han tilbyr et bredt utvalg tema for sine kurs. Her presenteres fotografen og fotokunstneren n\u00e6rmere!\",\"breadcrumb\":{\"@id\":\"https:\\\/\\\/nsff.no\\\/magasinet\\\/2017\\\/12\\\/03\\\/vare-kursholdere-john-colbensen\\\/#breadcrumb\"},\"inLanguage\":\"nb-NO\",\"potentialAction\":[{\"@type\":\"ReadAction\",\"target\":[\"https:\\\/\\\/nsff.no\\\/magasinet\\\/2017\\\/12\\\/03\\\/vare-kursholdere-john-colbensen\\\/\"]}]},{\"@type\":\"ImageObject\",\"inLanguage\":\"nb-NO\",\"@id\":\"https:\\\/\\\/nsff.no\\\/magasinet\\\/2017\\\/12\\\/03\\\/vare-kursholdere-john-colbensen\\\/#primaryimage\",\"url\":\"https:\\\/\\\/nsff.no\\\/magasinet\\\/wp-content\\\/uploads\\\/sites\\\/2\\\/2017\\\/12\\\/John_Fotograf-Monica-Elise-Vestre.jpg\",\"contentUrl\":\"https:\\\/\\\/nsff.no\\\/magasinet\\\/wp-content\\\/uploads\\\/sites\\\/2\\\/2017\\\/12\\\/John_Fotograf-Monica-Elise-Vestre.jpg\",\"width\":1000,\"height\":652,\"caption\":\"John Colbensen som kursholder (foto: Monica Elise Vestre)\"},{\"@type\":\"BreadcrumbList\",\"@id\":\"https:\\\/\\\/nsff.no\\\/magasinet\\\/2017\\\/12\\\/03\\\/vare-kursholdere-john-colbensen\\\/#breadcrumb\",\"itemListElement\":[{\"@type\":\"ListItem\",\"position\":1,\"name\":\"Hjem\",\"item\":\"https:\\\/\\\/nsff.no\\\/magasinet\\\/\"},{\"@type\":\"ListItem\",\"position\":2,\"name\":\"V\u00e5re kursholdere: John Colbensen\"}]},{\"@type\":\"WebSite\",\"@id\":\"https:\\\/\\\/nsff.no\\\/magasinet\\\/#website\",\"url\":\"https:\\\/\\\/nsff.no\\\/magasinet\\\/\",\"name\":\"NSFF Magasin | Norsk Selskap for Fotografi\",\"description\":\"Medlemsmagasin for film- og fotoentusiaster\",\"publisher\":{\"@id\":\"https:\\\/\\\/nsff.no\\\/magasinet\\\/#organization\"},\"potentialAction\":[{\"@type\":\"SearchAction\",\"target\":{\"@type\":\"EntryPoint\",\"urlTemplate\":\"https:\\\/\\\/nsff.no\\\/magasinet\\\/?s={search_term_string}\"},\"query-input\":{\"@type\":\"PropertyValueSpecification\",\"valueRequired\":true,\"valueName\":\"search_term_string\"}}],\"inLanguage\":\"nb-NO\"},{\"@type\":\"Organization\",\"@id\":\"https:\\\/\\\/nsff.no\\\/magasinet\\\/#organization\",\"name\":\"Norsk Selskap for Fotografo\",\"url\":\"https:\\\/\\\/nsff.no\\\/magasinet\\\/\",\"logo\":{\"@type\":\"ImageObject\",\"inLanguage\":\"nb-NO\",\"@id\":\"https:\\\/\\\/nsff.no\\\/magasinet\\\/#\\\/schema\\\/logo\\\/image\\\/\",\"url\":\"https:\\\/\\\/nsff.no\\\/magasinet\\\/wp-content\\\/uploads\\\/sites\\\/2\\\/2016\\\/05\\\/NSFF-fb-lenkebilde.png\",\"contentUrl\":\"https:\\\/\\\/nsff.no\\\/magasinet\\\/wp-content\\\/uploads\\\/sites\\\/2\\\/2016\\\/05\\\/NSFF-fb-lenkebilde.png\",\"width\":1,\"height\":1,\"caption\":\"Norsk Selskap for Fotografo\"},\"image\":{\"@id\":\"https:\\\/\\\/nsff.no\\\/magasinet\\\/#\\\/schema\\\/logo\\\/image\\\/\"}},{\"@type\":\"Person\",\"@id\":\"https:\\\/\\\/nsff.no\\\/magasinet\\\/#\\\/schema\\\/person\\\/da041f968afa9bee0293372491a98303\",\"name\":\"Birgit Fostervold\",\"image\":{\"@type\":\"ImageObject\",\"inLanguage\":\"nb-NO\",\"@id\":\"https:\\\/\\\/secure.gravatar.com\\\/avatar\\\/d8b31664a01c80eecbf53f36dc41fa676bbfe7c78cb2391937a62f88da897950?s=96&d=mm&r=g\",\"url\":\"https:\\\/\\\/secure.gravatar.com\\\/avatar\\\/d8b31664a01c80eecbf53f36dc41fa676bbfe7c78cb2391937a62f88da897950?s=96&d=mm&r=g\",\"contentUrl\":\"https:\\\/\\\/secure.gravatar.com\\\/avatar\\\/d8b31664a01c80eecbf53f36dc41fa676bbfe7c78cb2391937a62f88da897950?s=96&d=mm&r=g\",\"caption\":\"Birgit Fostervold\"},\"description\":\"EsNSFF, HonENFFF, medlem i Homborsund fotoklubb og Arendal fotoklubb. Styremedlem NSFF, Nordisk Forbund for Fotografi og Norsk Naturfotofestival. Tidl. nestleder og konst.leder NSFF (2017\u201322), tidl. redakt\u00f8r for NSFF Magasin (2016\u201322).\",\"sameAs\":[\"https:\\\/\\\/lensbirdie.no\",\"https:\\\/\\\/instagram.com\\\/knipselyst\\\/\"],\"url\":\"https:\\\/\\\/nsff.no\\\/magasinet\\\/author\\\/birgitf\\\/\"}]}<\/script>\n<!-- \/ Yoast SEO plugin. -->","yoast_head_json":{"title":"V\u00e5re kursholdere: John Colbensen - NSFF Magasin | Norsk Selskap for Fotografi","description":"John Colbensen er en av NSFFs dyktige kursholdere, han tilbyr et bredt utvalg tema for sine kurs. Her presenteres fotografen og fotokunstneren n\u00e6rmere!","robots":{"index":"index","follow":"follow","max-snippet":"max-snippet:-1","max-image-preview":"max-image-preview:large","max-video-preview":"max-video-preview:-1"},"canonical":"https:\/\/nsff.no\/magasinet\/2017\/12\/03\/vare-kursholdere-john-colbensen\/","og_locale":"nb_NO","og_type":"article","og_title":"V\u00e5re kursholdere: John Colbensen - NSFF Magasin | Norsk Selskap for Fotografi","og_description":"John Colbensen er en av NSFFs dyktige kursholdere, han tilbyr et bredt utvalg tema for sine kurs. Her presenteres fotografen og fotokunstneren n\u00e6rmere!","og_url":"https:\/\/nsff.no\/magasinet\/2017\/12\/03\/vare-kursholdere-john-colbensen\/","og_site_name":"NSFF Magasin | Norsk Selskap for Fotografi","article_published_time":"2017-12-03T22:06:02+00:00","article_modified_time":"2018-12-03T23:21:21+00:00","og_image":[{"width":1000,"height":652,"url":"https:\/\/nsff.no\/magasinet\/wp-content\/uploads\/sites\/2\/2017\/12\/John_Fotograf-Monica-Elise-Vestre.jpg","type":"image\/jpeg"}],"author":"Birgit Fostervold","twitter_card":"summary_large_image","twitter_misc":{"Skrevet av":"Birgit Fostervold","Ansl. lesetid":"8 minutter"},"schema":{"@context":"https:\/\/schema.org","@graph":[{"@type":"Article","@id":"https:\/\/nsff.no\/magasinet\/2017\/12\/03\/vare-kursholdere-john-colbensen\/#article","isPartOf":{"@id":"https:\/\/nsff.no\/magasinet\/2017\/12\/03\/vare-kursholdere-john-colbensen\/"},"author":{"name":"Birgit Fostervold","@id":"https:\/\/nsff.no\/magasinet\/#\/schema\/person\/da041f968afa9bee0293372491a98303"},"headline":"V\u00e5re kursholdere: John Colbensen","datePublished":"2017-12-03T22:06:02+00:00","dateModified":"2018-12-03T23:21:21+00:00","mainEntityOfPage":{"@id":"https:\/\/nsff.no\/magasinet\/2017\/12\/03\/vare-kursholdere-john-colbensen\/"},"wordCount":1654,"commentCount":0,"publisher":{"@id":"https:\/\/nsff.no\/magasinet\/#organization"},"image":{"@id":"https:\/\/nsff.no\/magasinet\/2017\/12\/03\/vare-kursholdere-john-colbensen\/#primaryimage"},"thumbnailUrl":"https:\/\/nsff.no\/magasinet\/wp-content\/uploads\/sites\/2\/2017\/12\/John_Fotograf-Monica-Elise-Vestre.jpg","keywords":["John Colbensen","kursholder","workshop"],"articleSection":["Kursholdere","Presentasjoner"],"inLanguage":"nb-NO","potentialAction":[{"@type":"CommentAction","name":"Comment","target":["https:\/\/nsff.no\/magasinet\/2017\/12\/03\/vare-kursholdere-john-colbensen\/#respond"]}]},{"@type":"WebPage","@id":"https:\/\/nsff.no\/magasinet\/2017\/12\/03\/vare-kursholdere-john-colbensen\/","url":"https:\/\/nsff.no\/magasinet\/2017\/12\/03\/vare-kursholdere-john-colbensen\/","name":"V\u00e5re kursholdere: John Colbensen - NSFF Magasin | Norsk Selskap for Fotografi","isPartOf":{"@id":"https:\/\/nsff.no\/magasinet\/#website"},"primaryImageOfPage":{"@id":"https:\/\/nsff.no\/magasinet\/2017\/12\/03\/vare-kursholdere-john-colbensen\/#primaryimage"},"image":{"@id":"https:\/\/nsff.no\/magasinet\/2017\/12\/03\/vare-kursholdere-john-colbensen\/#primaryimage"},"thumbnailUrl":"https:\/\/nsff.no\/magasinet\/wp-content\/uploads\/sites\/2\/2017\/12\/John_Fotograf-Monica-Elise-Vestre.jpg","datePublished":"2017-12-03T22:06:02+00:00","dateModified":"2018-12-03T23:21:21+00:00","description":"John Colbensen er en av NSFFs dyktige kursholdere, han tilbyr et bredt utvalg tema for sine kurs. Her presenteres fotografen og fotokunstneren n\u00e6rmere!","breadcrumb":{"@id":"https:\/\/nsff.no\/magasinet\/2017\/12\/03\/vare-kursholdere-john-colbensen\/#breadcrumb"},"inLanguage":"nb-NO","potentialAction":[{"@type":"ReadAction","target":["https:\/\/nsff.no\/magasinet\/2017\/12\/03\/vare-kursholdere-john-colbensen\/"]}]},{"@type":"ImageObject","inLanguage":"nb-NO","@id":"https:\/\/nsff.no\/magasinet\/2017\/12\/03\/vare-kursholdere-john-colbensen\/#primaryimage","url":"https:\/\/nsff.no\/magasinet\/wp-content\/uploads\/sites\/2\/2017\/12\/John_Fotograf-Monica-Elise-Vestre.jpg","contentUrl":"https:\/\/nsff.no\/magasinet\/wp-content\/uploads\/sites\/2\/2017\/12\/John_Fotograf-Monica-Elise-Vestre.jpg","width":1000,"height":652,"caption":"John Colbensen som kursholder (foto: Monica Elise Vestre)"},{"@type":"BreadcrumbList","@id":"https:\/\/nsff.no\/magasinet\/2017\/12\/03\/vare-kursholdere-john-colbensen\/#breadcrumb","itemListElement":[{"@type":"ListItem","position":1,"name":"Hjem","item":"https:\/\/nsff.no\/magasinet\/"},{"@type":"ListItem","position":2,"name":"V\u00e5re kursholdere: John Colbensen"}]},{"@type":"WebSite","@id":"https:\/\/nsff.no\/magasinet\/#website","url":"https:\/\/nsff.no\/magasinet\/","name":"NSFF Magasin | Norsk Selskap for Fotografi","description":"Medlemsmagasin for film- og fotoentusiaster","publisher":{"@id":"https:\/\/nsff.no\/magasinet\/#organization"},"potentialAction":[{"@type":"SearchAction","target":{"@type":"EntryPoint","urlTemplate":"https:\/\/nsff.no\/magasinet\/?s={search_term_string}"},"query-input":{"@type":"PropertyValueSpecification","valueRequired":true,"valueName":"search_term_string"}}],"inLanguage":"nb-NO"},{"@type":"Organization","@id":"https:\/\/nsff.no\/magasinet\/#organization","name":"Norsk Selskap for Fotografo","url":"https:\/\/nsff.no\/magasinet\/","logo":{"@type":"ImageObject","inLanguage":"nb-NO","@id":"https:\/\/nsff.no\/magasinet\/#\/schema\/logo\/image\/","url":"https:\/\/nsff.no\/magasinet\/wp-content\/uploads\/sites\/2\/2016\/05\/NSFF-fb-lenkebilde.png","contentUrl":"https:\/\/nsff.no\/magasinet\/wp-content\/uploads\/sites\/2\/2016\/05\/NSFF-fb-lenkebilde.png","width":1,"height":1,"caption":"Norsk Selskap for Fotografo"},"image":{"@id":"https:\/\/nsff.no\/magasinet\/#\/schema\/logo\/image\/"}},{"@type":"Person","@id":"https:\/\/nsff.no\/magasinet\/#\/schema\/person\/da041f968afa9bee0293372491a98303","name":"Birgit Fostervold","image":{"@type":"ImageObject","inLanguage":"nb-NO","@id":"https:\/\/secure.gravatar.com\/avatar\/d8b31664a01c80eecbf53f36dc41fa676bbfe7c78cb2391937a62f88da897950?s=96&d=mm&r=g","url":"https:\/\/secure.gravatar.com\/avatar\/d8b31664a01c80eecbf53f36dc41fa676bbfe7c78cb2391937a62f88da897950?s=96&d=mm&r=g","contentUrl":"https:\/\/secure.gravatar.com\/avatar\/d8b31664a01c80eecbf53f36dc41fa676bbfe7c78cb2391937a62f88da897950?s=96&d=mm&r=g","caption":"Birgit Fostervold"},"description":"EsNSFF, HonENFFF, medlem i Homborsund fotoklubb og Arendal fotoklubb. Styremedlem NSFF, Nordisk Forbund for Fotografi og Norsk Naturfotofestival. Tidl. nestleder og konst.leder NSFF (2017\u201322), tidl. redakt\u00f8r for NSFF Magasin (2016\u201322).","sameAs":["https:\/\/lensbirdie.no","https:\/\/instagram.com\/knipselyst\/"],"url":"https:\/\/nsff.no\/magasinet\/author\/birgitf\/"}]}},"_links":{"self":[{"href":"https:\/\/nsff.no\/magasinet\/wp-json\/wp\/v2\/posts\/6224","targetHints":{"allow":["GET"]}}],"collection":[{"href":"https:\/\/nsff.no\/magasinet\/wp-json\/wp\/v2\/posts"}],"about":[{"href":"https:\/\/nsff.no\/magasinet\/wp-json\/wp\/v2\/types\/post"}],"author":[{"embeddable":true,"href":"https:\/\/nsff.no\/magasinet\/wp-json\/wp\/v2\/users\/7"}],"replies":[{"embeddable":true,"href":"https:\/\/nsff.no\/magasinet\/wp-json\/wp\/v2\/comments?post=6224"}],"version-history":[{"count":13,"href":"https:\/\/nsff.no\/magasinet\/wp-json\/wp\/v2\/posts\/6224\/revisions"}],"predecessor-version":[{"id":7460,"href":"https:\/\/nsff.no\/magasinet\/wp-json\/wp\/v2\/posts\/6224\/revisions\/7460"}],"wp:featuredmedia":[{"embeddable":true,"href":"https:\/\/nsff.no\/magasinet\/wp-json\/wp\/v2\/media\/6229"}],"wp:attachment":[{"href":"https:\/\/nsff.no\/magasinet\/wp-json\/wp\/v2\/media?parent=6224"}],"wp:term":[{"taxonomy":"category","embeddable":true,"href":"https:\/\/nsff.no\/magasinet\/wp-json\/wp\/v2\/categories?post=6224"},{"taxonomy":"post_tag","embeddable":true,"href":"https:\/\/nsff.no\/magasinet\/wp-json\/wp\/v2\/tags?post=6224"}],"curies":[{"name":"wp","href":"https:\/\/api.w.org\/{rel}","templated":true}]}}