{"id":5905,"date":"2017-08-02T11:30:18","date_gmt":"2017-08-02T09:30:18","guid":{"rendered":"http:\/\/nsff.no\/magasinet\/?p=5905"},"modified":"2017-11-05T16:25:40","modified_gmt":"2017-11-05T15:25:40","slug":"kragero-fotoklubb-sensommerutstilling","status":"publish","type":"post","link":"https:\/\/nsff.no\/magasinet\/2017\/08\/02\/kragero-fotoklubb-sensommerutstilling\/","title":{"rendered":"Krager\u00f8 Fotoklubb med sensommerutstilling"},"content":{"rendered":"<p>[et_pb_section bb_built=&raquo;1&#8243;][et_pb_row][et_pb_column type=&raquo;4_4&#8243;][et_pb_image _builder_version=&raquo;3.0.65&#8243; src=&raquo;http:\/\/nsff.no\/magasinet\/wp-content\/uploads\/sites\/2\/2017\/08\/kragero2.jpg&raquo; show_in_lightbox=&raquo;on&raquo; url_new_window=&raquo;off&raquo; use_overlay=&raquo;off&raquo; sticky=&raquo;off&raquo; align=&raquo;left&raquo; always_center_on_mobile=&raquo;on&raquo; border_style=&raquo;solid&raquo; force_fullwidth=&raquo;off&raquo; animation=&raquo;off&raquo; alt=&raquo;Sensommerutstilling med Krager\u00f8 Fotoklubb&raquo; title_text=&raquo;Sensommerutstilling med Krager\u00f8 Fotoklubb&raquo; background_position=&raquo;top_left&raquo; background_repeat=&raquo;repeat&raquo; background_size=&raquo;initial&raquo; \/][et_pb_text _builder_version=&raquo;3.0.65&#8243; background_layout=&raquo;light&raquo; text_orientation=&raquo;left&raquo; border_style=&raquo;solid&raquo; module_alignment=&raquo;left&raquo;]<\/p>\n<p>Krager\u00f8 Fotoklubb har hatt en aktiv sesong, og \u00e5pner sin andre utstilling for \u00e5ret &#8211; i <a href=\"https:\/\/goo.gl\/maps\/Z3tUNPN8gnt\" target=\"_blank\">Galleri Krager\u00f8<\/a> (Fredrik Brubakkens lokaler p\u00e5 brygga, ved Jensemann).<\/p>\n<p>Denne gangen er 14 fotografer representert p\u00e5 utstillingen. Disse er (i alfabetisk rekkef\u00f8lge) Inger Arnesen, Svein Ivar Ask, Siri Dippner Bakke, Bj\u00f8rn Bjerkhaug, Odd Halsen, Marit Hestangen, Terje Isaksen, Fr\u00f8ydis Nicolaysen, Andre Ekeberg Nilsen, Rune Torp Olsen, Arvid Randahl, Asle Sollid, Anita Tovsen og Mick Travis.<\/p>\n<p>Dette er fotografer med ganske forskjellige uttrykk, slik at utstillingen temamessig vil favne vidt \u2013 fra natur til PhotoArt, fra farver til sort-hvitt. Formatet og hvilket materiale bildet er produsert p\u00e5 vil ogs\u00e5 variere fra fotograf til fotograf. Hver fotograf kan stille med 12 bilder, slik at det totalt vil v\u00e6re over 100 bilder presentert p\u00e5 utstillingen. Bare 28 av disse f\u00e5r plass p\u00e5 veggene. De andre vil v\u00e6re tilgjengelige i krybber og p\u00e5 bord \u2013 til \u00e5 bla igjennom.<\/p>\n<p>For at flest mulig av fotografene skal f\u00e5 anledning til \u00e5 presentere flest mulig av sine motiver, vil det ogs\u00e5 v\u00e6re en utskifting av bilder underveis \u2013 s\u00e5 bes\u00f8k oss gjerne flere ganger.<\/p>\n<p>Utstillingen blir \u00e5pnet av ordf\u00f8rer Jone Blikra l\u00f8rdag 12. august kl. 12:00, og vil v\u00e6re \u00e5pen frem til og med fredag 25. august. Galleriet er \u00e5pent fra klokka 12 til 18 tirsdag\u2013s\u00f8ndag, mandager stengt.<\/p>\n<p><em>Bildet viser et utvalg av de utstillende fotografer, fra venstre: Svein Ivar Ask, Marit Hestangen, Mick Travis, Bj\u00f8rn Bjerkhaug, Odd Halsen og Arvid Randahl.<\/em><\/p>\n<p>[\/et_pb_text][et_pb_image admin_label=&raquo;Bilde av fotografer&raquo; _builder_version=&raquo;3.0.65&#8243; src=&raquo;http:\/\/nsff.no\/magasinet\/wp-content\/uploads\/sites\/2\/2017\/08\/KV-bilde.jpg&raquo; show_in_lightbox=&raquo;off&raquo; url_new_window=&raquo;off&raquo; use_overlay=&raquo;off&raquo; sticky=&raquo;off&raquo; align=&raquo;left&raquo; always_center_on_mobile=&raquo;on&raquo; border_style=&raquo;solid&raquo; force_fullwidth=&raquo;off&raquo; animation=&raquo;off&raquo; alt=&raquo;Et utvalg av fotografene som deltar i Krager\u00f8 Fotoklubbs sensommerutstilling&raquo; title_text=&raquo;Et utvalg av fotografene som deltar i Krager\u00f8 Fotoklubbs sensommerutstilling&raquo; \/][\/et_pb_column][\/et_pb_row][\/et_pb_section][et_pb_section bb_built=&raquo;1&#8243; fullwidth=&raquo;off&raquo; specialty=&raquo;off&raquo; _builder_version=&raquo;3.0.78&#8243; global_module=&raquo;6118&#8243;][et_pb_row global_parent=&raquo;6118&#8243;][et_pb_column type=&raquo;4_4&#8243;][et_pb_divider global_parent=&raquo;6118&#8243; _builder_version=&raquo;3.0.78&#8243; show_divider=&raquo;on&raquo; color=&raquo;#0c71c3&#8243; divider_style=&raquo;solid&raquo; divider_position=&raquo;top&raquo; \/][\/et_pb_column][\/et_pb_row][et_pb_row global_parent=&raquo;6118&#8243; _builder_version=&raquo;3.0.78&#8243;][et_pb_column type=&raquo;1_3&#8243;][et_pb_image global_parent=&raquo;6118&#8243; _builder_version=&raquo;3.0.78&#8243; src=&raquo;http:\/\/nsff.no\/magasinet\/wp-content\/uploads\/sites\/2\/2017\/11\/kragerofotoklubb_logo.png&raquo; show_in_lightbox=&raquo;off&raquo; url=&raquo;https:\/\/kragerofotoklubb.weebly.com&raquo; url_new_window=&raquo;on&raquo; use_overlay=&raquo;off&raquo; always_center_on_mobile=&raquo;on&raquo; border_style=&raquo;solid&raquo; force_fullwidth=&raquo;off&raquo; show_bottom_space=&raquo;on&raquo; \/][\/et_pb_column][et_pb_column type=&raquo;2_3&#8243;][et_pb_text global_parent=&raquo;6118&#8243; _builder_version=&raquo;3.0.78&#8243; background_layout=&raquo;light&raquo; border_style=&raquo;solid&raquo;]<\/p>\n<h2><a href=\"https:\/\/kragerofotoklubb.weebly.com\/\" target=\"_blank\">Krager\u00f8 Fotoklubb &ndash; med foto i fokus gjennom fire ti\u00e5r<\/a><\/h2>\n<p>Krager\u00f8 fotoklubb ble dannet i 1971. Vi har hverken krav til fotoutstyr, kompetanse eller alder. Det eneste du beh\u00f8ver er en interesse for fotografi! Klubbens form\u00e5l er \u00e5 fremme interessen for foto som uttrykksm\u00e5te og kunstform. Komme sammen med mennesker som har samme interesse, diskutere foto og ha det trivelig sammen i et sosialt godt milj\u00f8.<\/p>\n<p>Du er hjertelig velkommen til \u00e5 m\u00f8te opp p\u00e5 neste fotom\u00f8te!<\/p>\n<p>[\/et_pb_text][\/et_pb_column][\/et_pb_row][\/et_pb_section]<\/p>\n","protected":false},"excerpt":{"rendered":"<p>Krager\u00f8 Fotoklubb har hatt en aktiv sesong. N\u00e5 avholder de sensommerutstilling \u2013 sin andre utstilling for \u00e5ret \u2013 i Galleri Krager\u00f8, med over hundre bilder til beskuelse.<\/p>\n","protected":false},"author":23,"featured_media":5927,"comment_status":"open","ping_status":"open","sticky":false,"template":"","format":"standard","meta":{"_et_pb_use_builder":"on","_et_pb_old_content":"Krager\u00f8 Fotoklubb har hatt en aktivt sesong, og \u00e5pner sin andre utstilling for \u00e5ret - i <a href=\"https:\/\/goo.gl\/maps\/Z3tUNPN8gnt\" target=\"_blank\">Galleri Krager\u00f8<\/a> (Fredrik Brubakkens lokaler p\u00e5 brygga, ved Jensemann).\r\n\r\nDenne gangen er 14 fotografer representert p\u00e5 utstillingen. Disse er (i alfabetisk rekkef\u00f8lge)  Inger Arnesen, Svein Ivar Ask, Siri Dippner Bakke, Bj\u00f8rn Bjerkhaug, Odd Halsen, Marit Hestangen,  Terje Isaksen, Fr\u00f8ydis Nicolaysen, Andre Ekeberg Nilsen, Rune Torp Olsen, Arvid Randahl, Asle Sollid, Anita Tovsen og Mick Travis.\r\n\r\nDette er fotografer med ganske forskjellige uttrykk, slik at utstillingen temamessig vil favne vidt \u2013 fra natur til PhotoArt, fra farver til sort-hvitt. Formatet og hvilket materiale bildet er produsert p\u00e5 vil ogs\u00e5 variere fra fotograf til fotograf. Hver fotograf kan stille med 12 bilder, slik at det totalt vil v\u00e6re over 100 bilder presentert p\u00e5 utstillingen. Bare 28 av disse f\u00e5r plass p\u00e5 veggene. De andre vil v\u00e6re tilgjengelige i krybber og p\u00e5 bord \u2013 til \u00e5 bla igjennom.\r\n \r\nFor at flest mulig av fotografene skal f\u00e5 anledning til \u00e5 presentere flest mulig av sine motiver, vil det ogs\u00e5 v\u00e6re en utskifting av bilder underveis \u2013 s\u00e5 bes\u00f8k oss gjerne flere ganger.\r\n\r\nUtstillingen blir \u00e5pnet av ordf\u00f8rer Jone Blikra l\u00f8rdag 12. august kl. 12:00, og vil v\u00e6re \u00e5pen hver tirsdag til s\u00f8ndag frem til og med fredag 25. august. Galleriet er \u00e5pent fra klokka 12 til 18 tirsdag\u2013s\u00f8ndag, mandager stengt.\r\n\r\n<em>Bildet i toppen viser et utvalg av de utstillende fotografer, fra venstre: Svein Ivar Ask, Marit Hestangen, Mick Travis, Bj\u00f8rn Bjerkhaug, Odd Halsen og Arvid Randahl.<\/em>","_et_gb_content_width":"","footnotes":""},"categories":[7,14],"tags":[391,137,116],"class_list":["post-5905","post","type-post","status-publish","format-standard","has-post-thumbnail","hentry","category-foto","category-nyheter","tag-391","tag-fotoutstilling","tag-kragero-fotoklubb","et-has-post-format-content","et_post_format-et-post-format-standard"],"yoast_head":"<!-- This site is optimized with the Yoast SEO plugin v27.5 - https:\/\/yoast.com\/product\/yoast-seo-wordpress\/ -->\n<title>Krager\u00f8 Fotoklubb med sensommerutstilling - NSFF Magasin | Norsk Selskap for Fotografi<\/title>\n<meta name=\"description\" content=\"Krager\u00f8 Fotoklubb har hatt en aktiv sesong. N\u00e5 avholder de sensommerutstilling \u2013 sin andre utstilling for \u00e5ret \u2013 med over hundre bilder til beskuelse.\" \/>\n<meta name=\"robots\" content=\"index, follow, max-snippet:-1, max-image-preview:large, max-video-preview:-1\" \/>\n<link rel=\"canonical\" href=\"https:\/\/nsff.no\/magasinet\/2017\/08\/02\/kragero-fotoklubb-sensommerutstilling\/\" \/>\n<meta property=\"og:locale\" content=\"nb_NO\" \/>\n<meta property=\"og:type\" content=\"article\" \/>\n<meta property=\"og:title\" content=\"Krager\u00f8 Fotoklubb med sensommerutstilling - NSFF Magasin | Norsk Selskap for Fotografi\" \/>\n<meta property=\"og:description\" content=\"Krager\u00f8 Fotoklubb har hatt en aktiv sesong. N\u00e5 avholder de sensommerutstilling \u2013 sin andre utstilling for \u00e5ret \u2013 med over hundre bilder til beskuelse.\" \/>\n<meta property=\"og:url\" content=\"https:\/\/nsff.no\/magasinet\/2017\/08\/02\/kragero-fotoklubb-sensommerutstilling\/\" \/>\n<meta property=\"og:site_name\" content=\"NSFF Magasin | Norsk Selskap for Fotografi\" \/>\n<meta property=\"article:published_time\" content=\"2017-08-02T09:30:18+00:00\" \/>\n<meta property=\"article:modified_time\" content=\"2017-11-05T15:25:40+00:00\" \/>\n<meta property=\"og:image\" content=\"https:\/\/nsff.no\/magasinet\/wp-content\/uploads\/sites\/2\/2017\/08\/KV-bilde.jpg\" \/>\n\t<meta property=\"og:image:width\" content=\"1200\" \/>\n\t<meta property=\"og:image:height\" content=\"630\" \/>\n\t<meta property=\"og:image:type\" content=\"image\/jpeg\" \/>\n<meta name=\"author\" content=\"Arvid Randahl\" \/>\n<meta name=\"twitter:card\" content=\"summary_large_image\" \/>\n<meta name=\"twitter:label1\" content=\"Skrevet av\" \/>\n\t<meta name=\"twitter:data1\" content=\"Arvid Randahl\" \/>\n\t<meta name=\"twitter:label2\" content=\"Ansl. lesetid\" \/>\n\t<meta name=\"twitter:data2\" content=\"3 minutter\" \/>\n<script type=\"application\/ld+json\" class=\"yoast-schema-graph\">{\"@context\":\"https:\\\/\\\/schema.org\",\"@graph\":[{\"@type\":\"Article\",\"@id\":\"https:\\\/\\\/nsff.no\\\/magasinet\\\/2017\\\/08\\\/02\\\/kragero-fotoklubb-sensommerutstilling\\\/#article\",\"isPartOf\":{\"@id\":\"https:\\\/\\\/nsff.no\\\/magasinet\\\/2017\\\/08\\\/02\\\/kragero-fotoklubb-sensommerutstilling\\\/\"},\"author\":{\"name\":\"Arvid Randahl\",\"@id\":\"https:\\\/\\\/nsff.no\\\/magasinet\\\/#\\\/schema\\\/person\\\/2a5e9e0a93be0def1872a700e18109bd\"},\"headline\":\"Krager\u00f8 Fotoklubb med sensommerutstilling\",\"datePublished\":\"2017-08-02T09:30:18+00:00\",\"dateModified\":\"2017-11-05T15:25:40+00:00\",\"mainEntityOfPage\":{\"@id\":\"https:\\\/\\\/nsff.no\\\/magasinet\\\/2017\\\/08\\\/02\\\/kragero-fotoklubb-sensommerutstilling\\\/\"},\"wordCount\":641,\"commentCount\":0,\"publisher\":{\"@id\":\"https:\\\/\\\/nsff.no\\\/magasinet\\\/#organization\"},\"image\":{\"@id\":\"https:\\\/\\\/nsff.no\\\/magasinet\\\/2017\\\/08\\\/02\\\/kragero-fotoklubb-sensommerutstilling\\\/#primaryimage\"},\"thumbnailUrl\":\"https:\\\/\\\/nsff.no\\\/magasinet\\\/wp-content\\\/uploads\\\/sites\\\/2\\\/2017\\\/08\\\/KV-bilde.jpg\",\"keywords\":[\"2017\",\"fotoutstilling\",\"Krager\u00f8 fotoklubb\"],\"articleSection\":[\"Foto\",\"Nyheter\"],\"inLanguage\":\"nb-NO\",\"potentialAction\":[{\"@type\":\"CommentAction\",\"name\":\"Comment\",\"target\":[\"https:\\\/\\\/nsff.no\\\/magasinet\\\/2017\\\/08\\\/02\\\/kragero-fotoklubb-sensommerutstilling\\\/#respond\"]}]},{\"@type\":\"WebPage\",\"@id\":\"https:\\\/\\\/nsff.no\\\/magasinet\\\/2017\\\/08\\\/02\\\/kragero-fotoklubb-sensommerutstilling\\\/\",\"url\":\"https:\\\/\\\/nsff.no\\\/magasinet\\\/2017\\\/08\\\/02\\\/kragero-fotoklubb-sensommerutstilling\\\/\",\"name\":\"Krager\u00f8 Fotoklubb med sensommerutstilling - NSFF Magasin | Norsk Selskap for Fotografi\",\"isPartOf\":{\"@id\":\"https:\\\/\\\/nsff.no\\\/magasinet\\\/#website\"},\"primaryImageOfPage\":{\"@id\":\"https:\\\/\\\/nsff.no\\\/magasinet\\\/2017\\\/08\\\/02\\\/kragero-fotoklubb-sensommerutstilling\\\/#primaryimage\"},\"image\":{\"@id\":\"https:\\\/\\\/nsff.no\\\/magasinet\\\/2017\\\/08\\\/02\\\/kragero-fotoklubb-sensommerutstilling\\\/#primaryimage\"},\"thumbnailUrl\":\"https:\\\/\\\/nsff.no\\\/magasinet\\\/wp-content\\\/uploads\\\/sites\\\/2\\\/2017\\\/08\\\/KV-bilde.jpg\",\"datePublished\":\"2017-08-02T09:30:18+00:00\",\"dateModified\":\"2017-11-05T15:25:40+00:00\",\"description\":\"Krager\u00f8 Fotoklubb har hatt en aktiv sesong. N\u00e5 avholder de sensommerutstilling \u2013 sin andre utstilling for \u00e5ret \u2013 med over hundre bilder til beskuelse.\",\"breadcrumb\":{\"@id\":\"https:\\\/\\\/nsff.no\\\/magasinet\\\/2017\\\/08\\\/02\\\/kragero-fotoklubb-sensommerutstilling\\\/#breadcrumb\"},\"inLanguage\":\"nb-NO\",\"potentialAction\":[{\"@type\":\"ReadAction\",\"target\":[\"https:\\\/\\\/nsff.no\\\/magasinet\\\/2017\\\/08\\\/02\\\/kragero-fotoklubb-sensommerutstilling\\\/\"]}]},{\"@type\":\"ImageObject\",\"inLanguage\":\"nb-NO\",\"@id\":\"https:\\\/\\\/nsff.no\\\/magasinet\\\/2017\\\/08\\\/02\\\/kragero-fotoklubb-sensommerutstilling\\\/#primaryimage\",\"url\":\"https:\\\/\\\/nsff.no\\\/magasinet\\\/wp-content\\\/uploads\\\/sites\\\/2\\\/2017\\\/08\\\/KV-bilde.jpg\",\"contentUrl\":\"https:\\\/\\\/nsff.no\\\/magasinet\\\/wp-content\\\/uploads\\\/sites\\\/2\\\/2017\\\/08\\\/KV-bilde.jpg\",\"width\":1200,\"height\":630,\"caption\":\"P\u00e5 bildet (fra venstre): Svein Ivar Ask, Marit Hestangen, Mick Travis, Bj\u00f8rn Bjerkhaug , Odd Halsen og Arvid Randahl.\"},{\"@type\":\"BreadcrumbList\",\"@id\":\"https:\\\/\\\/nsff.no\\\/magasinet\\\/2017\\\/08\\\/02\\\/kragero-fotoklubb-sensommerutstilling\\\/#breadcrumb\",\"itemListElement\":[{\"@type\":\"ListItem\",\"position\":1,\"name\":\"Hjem\",\"item\":\"https:\\\/\\\/nsff.no\\\/magasinet\\\/\"},{\"@type\":\"ListItem\",\"position\":2,\"name\":\"Krager\u00f8 Fotoklubb med sensommerutstilling\"}]},{\"@type\":\"WebSite\",\"@id\":\"https:\\\/\\\/nsff.no\\\/magasinet\\\/#website\",\"url\":\"https:\\\/\\\/nsff.no\\\/magasinet\\\/\",\"name\":\"NSFF Magasin | Norsk Selskap for Fotografi\",\"description\":\"Medlemsmagasin for film- og fotoentusiaster\",\"publisher\":{\"@id\":\"https:\\\/\\\/nsff.no\\\/magasinet\\\/#organization\"},\"potentialAction\":[{\"@type\":\"SearchAction\",\"target\":{\"@type\":\"EntryPoint\",\"urlTemplate\":\"https:\\\/\\\/nsff.no\\\/magasinet\\\/?s={search_term_string}\"},\"query-input\":{\"@type\":\"PropertyValueSpecification\",\"valueRequired\":true,\"valueName\":\"search_term_string\"}}],\"inLanguage\":\"nb-NO\"},{\"@type\":\"Organization\",\"@id\":\"https:\\\/\\\/nsff.no\\\/magasinet\\\/#organization\",\"name\":\"Norsk Selskap for Fotografo\",\"url\":\"https:\\\/\\\/nsff.no\\\/magasinet\\\/\",\"logo\":{\"@type\":\"ImageObject\",\"inLanguage\":\"nb-NO\",\"@id\":\"https:\\\/\\\/nsff.no\\\/magasinet\\\/#\\\/schema\\\/logo\\\/image\\\/\",\"url\":\"https:\\\/\\\/nsff.no\\\/magasinet\\\/wp-content\\\/uploads\\\/sites\\\/2\\\/2016\\\/05\\\/NSFF-fb-lenkebilde.png\",\"contentUrl\":\"https:\\\/\\\/nsff.no\\\/magasinet\\\/wp-content\\\/uploads\\\/sites\\\/2\\\/2016\\\/05\\\/NSFF-fb-lenkebilde.png\",\"width\":1,\"height\":1,\"caption\":\"Norsk Selskap for Fotografo\"},\"image\":{\"@id\":\"https:\\\/\\\/nsff.no\\\/magasinet\\\/#\\\/schema\\\/logo\\\/image\\\/\"}},{\"@type\":\"Person\",\"@id\":\"https:\\\/\\\/nsff.no\\\/magasinet\\\/#\\\/schema\\\/person\\\/2a5e9e0a93be0def1872a700e18109bd\",\"name\":\"Arvid Randahl\",\"image\":{\"@type\":\"ImageObject\",\"inLanguage\":\"nb-NO\",\"@id\":\"https:\\\/\\\/secure.gravatar.com\\\/avatar\\\/61d1e75b56caa6ed7c33f7f1670f96844c9e863dbf2c319fb035d3b7c418d5eb?s=96&d=mm&r=g\",\"url\":\"https:\\\/\\\/secure.gravatar.com\\\/avatar\\\/61d1e75b56caa6ed7c33f7f1670f96844c9e863dbf2c319fb035d3b7c418d5eb?s=96&d=mm&r=g\",\"contentUrl\":\"https:\\\/\\\/secure.gravatar.com\\\/avatar\\\/61d1e75b56caa6ed7c33f7f1670f96844c9e863dbf2c319fb035d3b7c418d5eb?s=96&d=mm&r=g\",\"caption\":\"Arvid Randahl\"},\"description\":\"Medlem og kasserer i Krager\u00f8 fotoklubb.\",\"url\":\"https:\\\/\\\/nsff.no\\\/magasinet\\\/author\\\/arvidrandahl\\\/\"}]}<\/script>\n<!-- \/ Yoast SEO plugin. -->","yoast_head_json":{"title":"Krager\u00f8 Fotoklubb med sensommerutstilling - NSFF Magasin | Norsk Selskap for Fotografi","description":"Krager\u00f8 Fotoklubb har hatt en aktiv sesong. N\u00e5 avholder de sensommerutstilling \u2013 sin andre utstilling for \u00e5ret \u2013 med over hundre bilder til beskuelse.","robots":{"index":"index","follow":"follow","max-snippet":"max-snippet:-1","max-image-preview":"max-image-preview:large","max-video-preview":"max-video-preview:-1"},"canonical":"https:\/\/nsff.no\/magasinet\/2017\/08\/02\/kragero-fotoklubb-sensommerutstilling\/","og_locale":"nb_NO","og_type":"article","og_title":"Krager\u00f8 Fotoklubb med sensommerutstilling - NSFF Magasin | Norsk Selskap for Fotografi","og_description":"Krager\u00f8 Fotoklubb har hatt en aktiv sesong. N\u00e5 avholder de sensommerutstilling \u2013 sin andre utstilling for \u00e5ret \u2013 med over hundre bilder til beskuelse.","og_url":"https:\/\/nsff.no\/magasinet\/2017\/08\/02\/kragero-fotoklubb-sensommerutstilling\/","og_site_name":"NSFF Magasin | Norsk Selskap for Fotografi","article_published_time":"2017-08-02T09:30:18+00:00","article_modified_time":"2017-11-05T15:25:40+00:00","og_image":[{"width":1200,"height":630,"url":"https:\/\/nsff.no\/magasinet\/wp-content\/uploads\/sites\/2\/2017\/08\/KV-bilde.jpg","type":"image\/jpeg"}],"author":"Arvid Randahl","twitter_card":"summary_large_image","twitter_misc":{"Skrevet av":"Arvid Randahl","Ansl. lesetid":"3 minutter"},"schema":{"@context":"https:\/\/schema.org","@graph":[{"@type":"Article","@id":"https:\/\/nsff.no\/magasinet\/2017\/08\/02\/kragero-fotoklubb-sensommerutstilling\/#article","isPartOf":{"@id":"https:\/\/nsff.no\/magasinet\/2017\/08\/02\/kragero-fotoklubb-sensommerutstilling\/"},"author":{"name":"Arvid Randahl","@id":"https:\/\/nsff.no\/magasinet\/#\/schema\/person\/2a5e9e0a93be0def1872a700e18109bd"},"headline":"Krager\u00f8 Fotoklubb med sensommerutstilling","datePublished":"2017-08-02T09:30:18+00:00","dateModified":"2017-11-05T15:25:40+00:00","mainEntityOfPage":{"@id":"https:\/\/nsff.no\/magasinet\/2017\/08\/02\/kragero-fotoklubb-sensommerutstilling\/"},"wordCount":641,"commentCount":0,"publisher":{"@id":"https:\/\/nsff.no\/magasinet\/#organization"},"image":{"@id":"https:\/\/nsff.no\/magasinet\/2017\/08\/02\/kragero-fotoklubb-sensommerutstilling\/#primaryimage"},"thumbnailUrl":"https:\/\/nsff.no\/magasinet\/wp-content\/uploads\/sites\/2\/2017\/08\/KV-bilde.jpg","keywords":["2017","fotoutstilling","Krager\u00f8 fotoklubb"],"articleSection":["Foto","Nyheter"],"inLanguage":"nb-NO","potentialAction":[{"@type":"CommentAction","name":"Comment","target":["https:\/\/nsff.no\/magasinet\/2017\/08\/02\/kragero-fotoklubb-sensommerutstilling\/#respond"]}]},{"@type":"WebPage","@id":"https:\/\/nsff.no\/magasinet\/2017\/08\/02\/kragero-fotoklubb-sensommerutstilling\/","url":"https:\/\/nsff.no\/magasinet\/2017\/08\/02\/kragero-fotoklubb-sensommerutstilling\/","name":"Krager\u00f8 Fotoklubb med sensommerutstilling - NSFF Magasin | Norsk Selskap for Fotografi","isPartOf":{"@id":"https:\/\/nsff.no\/magasinet\/#website"},"primaryImageOfPage":{"@id":"https:\/\/nsff.no\/magasinet\/2017\/08\/02\/kragero-fotoklubb-sensommerutstilling\/#primaryimage"},"image":{"@id":"https:\/\/nsff.no\/magasinet\/2017\/08\/02\/kragero-fotoklubb-sensommerutstilling\/#primaryimage"},"thumbnailUrl":"https:\/\/nsff.no\/magasinet\/wp-content\/uploads\/sites\/2\/2017\/08\/KV-bilde.jpg","datePublished":"2017-08-02T09:30:18+00:00","dateModified":"2017-11-05T15:25:40+00:00","description":"Krager\u00f8 Fotoklubb har hatt en aktiv sesong. N\u00e5 avholder de sensommerutstilling \u2013 sin andre utstilling for \u00e5ret \u2013 med over hundre bilder til beskuelse.","breadcrumb":{"@id":"https:\/\/nsff.no\/magasinet\/2017\/08\/02\/kragero-fotoklubb-sensommerutstilling\/#breadcrumb"},"inLanguage":"nb-NO","potentialAction":[{"@type":"ReadAction","target":["https:\/\/nsff.no\/magasinet\/2017\/08\/02\/kragero-fotoklubb-sensommerutstilling\/"]}]},{"@type":"ImageObject","inLanguage":"nb-NO","@id":"https:\/\/nsff.no\/magasinet\/2017\/08\/02\/kragero-fotoklubb-sensommerutstilling\/#primaryimage","url":"https:\/\/nsff.no\/magasinet\/wp-content\/uploads\/sites\/2\/2017\/08\/KV-bilde.jpg","contentUrl":"https:\/\/nsff.no\/magasinet\/wp-content\/uploads\/sites\/2\/2017\/08\/KV-bilde.jpg","width":1200,"height":630,"caption":"P\u00e5 bildet (fra venstre): Svein Ivar Ask, Marit Hestangen, Mick Travis, Bj\u00f8rn Bjerkhaug , Odd Halsen og Arvid Randahl."},{"@type":"BreadcrumbList","@id":"https:\/\/nsff.no\/magasinet\/2017\/08\/02\/kragero-fotoklubb-sensommerutstilling\/#breadcrumb","itemListElement":[{"@type":"ListItem","position":1,"name":"Hjem","item":"https:\/\/nsff.no\/magasinet\/"},{"@type":"ListItem","position":2,"name":"Krager\u00f8 Fotoklubb med sensommerutstilling"}]},{"@type":"WebSite","@id":"https:\/\/nsff.no\/magasinet\/#website","url":"https:\/\/nsff.no\/magasinet\/","name":"NSFF Magasin | Norsk Selskap for Fotografi","description":"Medlemsmagasin for film- og fotoentusiaster","publisher":{"@id":"https:\/\/nsff.no\/magasinet\/#organization"},"potentialAction":[{"@type":"SearchAction","target":{"@type":"EntryPoint","urlTemplate":"https:\/\/nsff.no\/magasinet\/?s={search_term_string}"},"query-input":{"@type":"PropertyValueSpecification","valueRequired":true,"valueName":"search_term_string"}}],"inLanguage":"nb-NO"},{"@type":"Organization","@id":"https:\/\/nsff.no\/magasinet\/#organization","name":"Norsk Selskap for Fotografo","url":"https:\/\/nsff.no\/magasinet\/","logo":{"@type":"ImageObject","inLanguage":"nb-NO","@id":"https:\/\/nsff.no\/magasinet\/#\/schema\/logo\/image\/","url":"https:\/\/nsff.no\/magasinet\/wp-content\/uploads\/sites\/2\/2016\/05\/NSFF-fb-lenkebilde.png","contentUrl":"https:\/\/nsff.no\/magasinet\/wp-content\/uploads\/sites\/2\/2016\/05\/NSFF-fb-lenkebilde.png","width":1,"height":1,"caption":"Norsk Selskap for Fotografo"},"image":{"@id":"https:\/\/nsff.no\/magasinet\/#\/schema\/logo\/image\/"}},{"@type":"Person","@id":"https:\/\/nsff.no\/magasinet\/#\/schema\/person\/2a5e9e0a93be0def1872a700e18109bd","name":"Arvid Randahl","image":{"@type":"ImageObject","inLanguage":"nb-NO","@id":"https:\/\/secure.gravatar.com\/avatar\/61d1e75b56caa6ed7c33f7f1670f96844c9e863dbf2c319fb035d3b7c418d5eb?s=96&d=mm&r=g","url":"https:\/\/secure.gravatar.com\/avatar\/61d1e75b56caa6ed7c33f7f1670f96844c9e863dbf2c319fb035d3b7c418d5eb?s=96&d=mm&r=g","contentUrl":"https:\/\/secure.gravatar.com\/avatar\/61d1e75b56caa6ed7c33f7f1670f96844c9e863dbf2c319fb035d3b7c418d5eb?s=96&d=mm&r=g","caption":"Arvid Randahl"},"description":"Medlem og kasserer i Krager\u00f8 fotoklubb.","url":"https:\/\/nsff.no\/magasinet\/author\/arvidrandahl\/"}]}},"_links":{"self":[{"href":"https:\/\/nsff.no\/magasinet\/wp-json\/wp\/v2\/posts\/5905","targetHints":{"allow":["GET"]}}],"collection":[{"href":"https:\/\/nsff.no\/magasinet\/wp-json\/wp\/v2\/posts"}],"about":[{"href":"https:\/\/nsff.no\/magasinet\/wp-json\/wp\/v2\/types\/post"}],"author":[{"embeddable":true,"href":"https:\/\/nsff.no\/magasinet\/wp-json\/wp\/v2\/users\/23"}],"replies":[{"embeddable":true,"href":"https:\/\/nsff.no\/magasinet\/wp-json\/wp\/v2\/comments?post=5905"}],"version-history":[{"count":7,"href":"https:\/\/nsff.no\/magasinet\/wp-json\/wp\/v2\/posts\/5905\/revisions"}],"predecessor-version":[{"id":6121,"href":"https:\/\/nsff.no\/magasinet\/wp-json\/wp\/v2\/posts\/5905\/revisions\/6121"}],"wp:featuredmedia":[{"embeddable":true,"href":"https:\/\/nsff.no\/magasinet\/wp-json\/wp\/v2\/media\/5927"}],"wp:attachment":[{"href":"https:\/\/nsff.no\/magasinet\/wp-json\/wp\/v2\/media?parent=5905"}],"wp:term":[{"taxonomy":"category","embeddable":true,"href":"https:\/\/nsff.no\/magasinet\/wp-json\/wp\/v2\/categories?post=5905"},{"taxonomy":"post_tag","embeddable":true,"href":"https:\/\/nsff.no\/magasinet\/wp-json\/wp\/v2\/tags?post=5905"}],"curies":[{"name":"wp","href":"https:\/\/api.w.org\/{rel}","templated":true}]}}