{"id":5835,"date":"2017-07-09T14:20:36","date_gmt":"2017-07-09T12:20:36","guid":{"rendered":"http:\/\/nsff.no\/magasinet\/?p=5835"},"modified":"2017-07-09T16:35:04","modified_gmt":"2017-07-09T14:35:04","slug":"baller-biler-bobler-sommerutstilling-grimstad","status":"publish","type":"post","link":"https:\/\/nsff.no\/magasinet\/2017\/07\/09\/baller-biler-bobler-sommerutstilling-grimstad\/","title":{"rendered":"Baller, biler &#038; bobler \u2013 sommerutstilling i Grimstad"},"content":{"rendered":"<p>[et_pb_section bb_built=&raquo;1&#8243;][et_pb_row][et_pb_column type=&raquo;2_3&#8243;][et_pb_text _builder_version=&raquo;3.0.60&#8243; background_layout=&raquo;light&raquo; text_orientation=&raquo;left&raquo; border_style=&raquo;solid&raquo;]<\/p>\n<p>Med tittelen &laquo;Baller, biler &amp; bobler&raquo; og minimalt med teaserbilder i forkant bygget Fotofellesskapet Visuelt Bedrag opp en viss forventning foran \u00e5rets sommerutstilling.<\/p>\n<p>Klubben har ikke mange medlemmer, men aktivitetsniv\u00e5et st\u00e5r ikke tilbake for noen. Vi har nylig omtalt <a href=\"http:\/\/nsff.no\/magasinet\/2017\/06\/21\/visuelt-bedrag-lillesand-hele-sommeren\/\">deres utsmykningsinnsats i Lillesand<\/a>, og denne uken var det vernissasje for sommerutstilling i Grimstad. To av medlemmene \u2013 Frode Eldegard Mindreb\u00f8 og Svenn Ivar Bj\u00f8rkav\u00e5g \u2013 stiller ut hhv. fotografier og cyanotypier, der temaene biler og bobler er dekket. Alle bildene er fra et heldagsbes\u00f8k i de svenske skoger, n\u00e6rmere bestemt br\u00f8drene Ivanssons bilskrot i B\u00e5stn\u00e4s like ved T\u00f6cksfors. Motivene er nok kjente, men teknikk b\u00e5de i opptaks\u00f8yeblikk og ved fremstilling av de ferdige bildene skiller seg fra mengden. Magasinets utskremte reporter lot seg fascinere av kreativ lyssetting av motiver fotografert etter m\u00f8rkets frembrudd, og dybeeffekten i enkelte av de utstilte cyanotypier.<\/p>\n<p><strong>Utstillingen er \u00e5pen hver dag i perioden 8.\u201316. juli, fra kl 12\u201315. Galleri Fr\u00f8 ligger i Fuhrs tidligere fr\u00f8lager, i Storgaten 62 (avkj\u00f8ring 80 fra E18).<\/strong><\/p>\n<p>&#8230; ballene, sier du? Vel, de var der de ogs\u00e5. Et tredje medlem av klubben, Astrid Marie Eldegard Mindreb\u00f8, deltar i utstillingen med malerier \u2013 ta en tur, s\u00e5 f\u00e5r du se.<\/p>\n<p>[\/et_pb_text][\/et_pb_column][et_pb_column type=&raquo;1_3&#8243;][et_pb_gallery _builder_version=&raquo;3.0.60&#8243; posts_number=&raquo;2&#8243; show_title_and_caption=&raquo;off&raquo; show_pagination=&raquo;on&raquo; gallery_ids=&raquo;5844,5839&#8243; fullwidth=&raquo;off&raquo; orientation=&raquo;landscape&raquo; zoom_icon_color=&raquo;#054e9e&raquo; hover_overlay_color=&raquo;rgba(255,255,255,0.9)&raquo; background_layout=&raquo;light&raquo; border_style=&raquo;solid&raquo; auto=&raquo;off&raquo; \/][\/et_pb_column][\/et_pb_row][\/et_pb_section]<\/p>\n","protected":false},"excerpt":{"rendered":"<p>Med tittelen &laquo;Baller, biler &#038; bobler&raquo; og minimalt med teaserbilder i forkant bygget Fotofellesskapet Visuelt Bedrag opp en viss forventning foran \u00e5rets sommerutstilling.<\/p>\n","protected":false},"author":7,"featured_media":5838,"comment_status":"open","ping_status":"open","sticky":false,"template":"","format":"standard","meta":{"_et_pb_use_builder":"on","_et_pb_old_content":"Med tittelen \"Baller, biler & bobler\" og minimalt med teaserbilder i forkant bygget Fotofellesskapet Visuelt Bedrag opp en viss forventning foran \u00e5rets sommerutstilling. \r\n\r\nKlubben har ikke mange medlemmer, men aktivitetsniv\u00e5et st\u00e5r ikke tilbake for noen. Vi har nylig omtalt <a href=\"http:\/\/nsff.no\/magasinet\/2017\/06\/21\/visuelt-bedrag-lillesand-hele-sommeren\/\">deres utsmykningsinnsats i Lillesand<\/a>, og denne uken var det vernissasje for sommerutstilling i Grimstad. To av medlemmene \u2013 Frode Eldegard Mindreb\u00f8 og Svenn Ivar Bj\u00f8rkav\u00e5g \u2013 stilte ut hhv. fotografier og cyanotypier, der temaene biler og bobler var dekket. Alle bildene er fra et heldagsbes\u00f8k i de svenske skoger, n\u00e6rmere bestemt br\u00f8drene Ivanssons bilskrot i B\u00e5stn\u00e4s like ved T\u00f6cksfors. Motivene er nok kjente, men teknikk b\u00e5de i opptaks\u00f8yeblikk og ved fremstilling av de ferdige bildene skiller seg fra mengden. Magasinets utskremte reporter lot seg fascinere av kreativ lyssetting av motiver fotografert etter m\u00f8rkets frembrudd, og dybeeffekten i enkelte av de utstilte cyanotypier.\r\n\r\nUtstillingen er \u00e5pen hver dag i perioden 8.\u201312. juli, fra kl 12\u201315. Galleri Fr\u00f8 ligger i Fuhrs tidligere fr\u00f8lager, i Storgaten 62 (avkj\u00f8ring 80 fra E18).\r\n\r\n... ballene, sier du? Vel, de var der de ogs\u00e5. Et tredje medlem av klubben, Astrid Mindreb\u00f8 Eldegard, deltar i utstillingen med malerier \u2013 ta en tur, s\u00e5 f\u00e5r du se.","_et_gb_content_width":"","footnotes":""},"categories":[7,64,91,14],"tags":[391,565,562,137,564,292,563],"class_list":["post-5835","post","type-post","status-publish","format-standard","has-post-thumbnail","hentry","category-foto","category-fotoprosjekter","category-inspirasjon","category-nyheter","tag-391","tag-cyanotypi","tag-fotofellesskapet-visuelt-bedrag","tag-fotoutstilling","tag-frode-eldegard-mindrebo","tag-grimstad","tag-svenn-ivar-bjorkavag","et-has-post-format-content","et_post_format-et-post-format-standard"],"yoast_head":"<!-- This site is optimized with the Yoast SEO plugin v27.5 - https:\/\/yoast.com\/product\/yoast-seo-wordpress\/ -->\n<title>Baller, biler &amp; bobler \u2013 sommerutstilling i Grimstad - NSFF Magasin | Norsk Selskap for Fotografi<\/title>\n<meta name=\"description\" content=\"Med tittelen &quot;Baller, biler &amp; bobler&quot; og minimalt med teaserbilder bygget Fotofellesskapet Visuelt Bedrag opp en viss forventning foran sommerutstillingen.\" \/>\n<meta name=\"robots\" content=\"index, follow, max-snippet:-1, max-image-preview:large, max-video-preview:-1\" \/>\n<link rel=\"canonical\" href=\"https:\/\/nsff.no\/magasinet\/2017\/07\/09\/baller-biler-bobler-sommerutstilling-grimstad\/\" \/>\n<meta property=\"og:locale\" content=\"nb_NO\" \/>\n<meta property=\"og:type\" content=\"article\" \/>\n<meta property=\"og:title\" content=\"Baller, biler &amp; bobler \u2013 sommerutstilling i Grimstad - NSFF Magasin | Norsk Selskap for Fotografi\" \/>\n<meta property=\"og:description\" content=\"Med tittelen &quot;Baller, biler &amp; bobler&quot; og minimalt med teaserbilder bygget Fotofellesskapet Visuelt Bedrag opp en viss forventning foran sommerutstillingen.\" \/>\n<meta property=\"og:url\" content=\"https:\/\/nsff.no\/magasinet\/2017\/07\/09\/baller-biler-bobler-sommerutstilling-grimstad\/\" \/>\n<meta property=\"og:site_name\" content=\"NSFF Magasin | Norsk Selskap for Fotografi\" \/>\n<meta property=\"article:published_time\" content=\"2017-07-09T12:20:36+00:00\" \/>\n<meta property=\"article:modified_time\" content=\"2017-07-09T14:35:04+00:00\" \/>\n<meta property=\"og:image\" content=\"https:\/\/nsff.no\/magasinet\/wp-content\/uploads\/sites\/2\/2017\/07\/ballerbilerbobler-9.jpg\" \/>\n\t<meta property=\"og:image:width\" content=\"1\" \/>\n\t<meta property=\"og:image:height\" content=\"1\" \/>\n\t<meta property=\"og:image:type\" content=\"image\/jpeg\" \/>\n<meta name=\"author\" content=\"Birgit Fostervold\" \/>\n<meta name=\"twitter:card\" content=\"summary_large_image\" \/>\n<meta name=\"twitter:label1\" content=\"Skrevet av\" \/>\n\t<meta name=\"twitter:data1\" content=\"Birgit Fostervold\" \/>\n\t<meta name=\"twitter:label2\" content=\"Ansl. lesetid\" \/>\n\t<meta name=\"twitter:data2\" content=\"1 minutt\" \/>\n<script type=\"application\/ld+json\" class=\"yoast-schema-graph\">{\"@context\":\"https:\\\/\\\/schema.org\",\"@graph\":[{\"@type\":\"Article\",\"@id\":\"https:\\\/\\\/nsff.no\\\/magasinet\\\/2017\\\/07\\\/09\\\/baller-biler-bobler-sommerutstilling-grimstad\\\/#article\",\"isPartOf\":{\"@id\":\"https:\\\/\\\/nsff.no\\\/magasinet\\\/2017\\\/07\\\/09\\\/baller-biler-bobler-sommerutstilling-grimstad\\\/\"},\"author\":{\"name\":\"Birgit Fostervold\",\"@id\":\"https:\\\/\\\/nsff.no\\\/magasinet\\\/#\\\/schema\\\/person\\\/da041f968afa9bee0293372491a98303\"},\"headline\":\"Baller, biler &#038; bobler \u2013 sommerutstilling i Grimstad\",\"datePublished\":\"2017-07-09T12:20:36+00:00\",\"dateModified\":\"2017-07-09T14:35:04+00:00\",\"mainEntityOfPage\":{\"@id\":\"https:\\\/\\\/nsff.no\\\/magasinet\\\/2017\\\/07\\\/09\\\/baller-biler-bobler-sommerutstilling-grimstad\\\/\"},\"wordCount\":296,\"commentCount\":0,\"publisher\":{\"@id\":\"https:\\\/\\\/nsff.no\\\/magasinet\\\/#organization\"},\"image\":{\"@id\":\"https:\\\/\\\/nsff.no\\\/magasinet\\\/2017\\\/07\\\/09\\\/baller-biler-bobler-sommerutstilling-grimstad\\\/#primaryimage\"},\"thumbnailUrl\":\"https:\\\/\\\/nsff.no\\\/magasinet\\\/wp-content\\\/uploads\\\/sites\\\/2\\\/2017\\\/07\\\/ballerbilerbobler-9.jpg\",\"keywords\":[\"2017\",\"cyanotypi\",\"Fotofellesskapet Visuelt Bedrag\",\"fotoutstilling\",\"Frode Eldegard Mindreb\u00f8\",\"Grimstad\",\"Svenn Ivar Bj\u00f8rkav\u00e5g\"],\"articleSection\":[\"Foto\",\"Fotoprosjekter\",\"Inspirasjon\",\"Nyheter\"],\"inLanguage\":\"nb-NO\",\"potentialAction\":[{\"@type\":\"CommentAction\",\"name\":\"Comment\",\"target\":[\"https:\\\/\\\/nsff.no\\\/magasinet\\\/2017\\\/07\\\/09\\\/baller-biler-bobler-sommerutstilling-grimstad\\\/#respond\"]}]},{\"@type\":\"WebPage\",\"@id\":\"https:\\\/\\\/nsff.no\\\/magasinet\\\/2017\\\/07\\\/09\\\/baller-biler-bobler-sommerutstilling-grimstad\\\/\",\"url\":\"https:\\\/\\\/nsff.no\\\/magasinet\\\/2017\\\/07\\\/09\\\/baller-biler-bobler-sommerutstilling-grimstad\\\/\",\"name\":\"Baller, biler & bobler \u2013 sommerutstilling i Grimstad - NSFF Magasin | Norsk Selskap for Fotografi\",\"isPartOf\":{\"@id\":\"https:\\\/\\\/nsff.no\\\/magasinet\\\/#website\"},\"primaryImageOfPage\":{\"@id\":\"https:\\\/\\\/nsff.no\\\/magasinet\\\/2017\\\/07\\\/09\\\/baller-biler-bobler-sommerutstilling-grimstad\\\/#primaryimage\"},\"image\":{\"@id\":\"https:\\\/\\\/nsff.no\\\/magasinet\\\/2017\\\/07\\\/09\\\/baller-biler-bobler-sommerutstilling-grimstad\\\/#primaryimage\"},\"thumbnailUrl\":\"https:\\\/\\\/nsff.no\\\/magasinet\\\/wp-content\\\/uploads\\\/sites\\\/2\\\/2017\\\/07\\\/ballerbilerbobler-9.jpg\",\"datePublished\":\"2017-07-09T12:20:36+00:00\",\"dateModified\":\"2017-07-09T14:35:04+00:00\",\"description\":\"Med tittelen \\\"Baller, biler & bobler\\\" og minimalt med teaserbilder bygget Fotofellesskapet Visuelt Bedrag opp en viss forventning foran sommerutstillingen.\",\"breadcrumb\":{\"@id\":\"https:\\\/\\\/nsff.no\\\/magasinet\\\/2017\\\/07\\\/09\\\/baller-biler-bobler-sommerutstilling-grimstad\\\/#breadcrumb\"},\"inLanguage\":\"nb-NO\",\"potentialAction\":[{\"@type\":\"ReadAction\",\"target\":[\"https:\\\/\\\/nsff.no\\\/magasinet\\\/2017\\\/07\\\/09\\\/baller-biler-bobler-sommerutstilling-grimstad\\\/\"]}]},{\"@type\":\"ImageObject\",\"inLanguage\":\"nb-NO\",\"@id\":\"https:\\\/\\\/nsff.no\\\/magasinet\\\/2017\\\/07\\\/09\\\/baller-biler-bobler-sommerutstilling-grimstad\\\/#primaryimage\",\"url\":\"https:\\\/\\\/nsff.no\\\/magasinet\\\/wp-content\\\/uploads\\\/sites\\\/2\\\/2017\\\/07\\\/ballerbilerbobler-9.jpg\",\"contentUrl\":\"https:\\\/\\\/nsff.no\\\/magasinet\\\/wp-content\\\/uploads\\\/sites\\\/2\\\/2017\\\/07\\\/ballerbilerbobler-9.jpg\",\"caption\":\"Svenn Ivar Bj\u00f8rkav\u00e5g med sommerutstilling i Grimstad (foto: Birgit Fostervold)\"},{\"@type\":\"BreadcrumbList\",\"@id\":\"https:\\\/\\\/nsff.no\\\/magasinet\\\/2017\\\/07\\\/09\\\/baller-biler-bobler-sommerutstilling-grimstad\\\/#breadcrumb\",\"itemListElement\":[{\"@type\":\"ListItem\",\"position\":1,\"name\":\"Hjem\",\"item\":\"https:\\\/\\\/nsff.no\\\/magasinet\\\/\"},{\"@type\":\"ListItem\",\"position\":2,\"name\":\"Baller, biler &#038; bobler \u2013 sommerutstilling i Grimstad\"}]},{\"@type\":\"WebSite\",\"@id\":\"https:\\\/\\\/nsff.no\\\/magasinet\\\/#website\",\"url\":\"https:\\\/\\\/nsff.no\\\/magasinet\\\/\",\"name\":\"NSFF Magasin | Norsk Selskap for Fotografi\",\"description\":\"Medlemsmagasin for film- og fotoentusiaster\",\"publisher\":{\"@id\":\"https:\\\/\\\/nsff.no\\\/magasinet\\\/#organization\"},\"potentialAction\":[{\"@type\":\"SearchAction\",\"target\":{\"@type\":\"EntryPoint\",\"urlTemplate\":\"https:\\\/\\\/nsff.no\\\/magasinet\\\/?s={search_term_string}\"},\"query-input\":{\"@type\":\"PropertyValueSpecification\",\"valueRequired\":true,\"valueName\":\"search_term_string\"}}],\"inLanguage\":\"nb-NO\"},{\"@type\":\"Organization\",\"@id\":\"https:\\\/\\\/nsff.no\\\/magasinet\\\/#organization\",\"name\":\"Norsk Selskap for Fotografo\",\"url\":\"https:\\\/\\\/nsff.no\\\/magasinet\\\/\",\"logo\":{\"@type\":\"ImageObject\",\"inLanguage\":\"nb-NO\",\"@id\":\"https:\\\/\\\/nsff.no\\\/magasinet\\\/#\\\/schema\\\/logo\\\/image\\\/\",\"url\":\"https:\\\/\\\/nsff.no\\\/magasinet\\\/wp-content\\\/uploads\\\/sites\\\/2\\\/2016\\\/05\\\/NSFF-fb-lenkebilde.png\",\"contentUrl\":\"https:\\\/\\\/nsff.no\\\/magasinet\\\/wp-content\\\/uploads\\\/sites\\\/2\\\/2016\\\/05\\\/NSFF-fb-lenkebilde.png\",\"width\":1,\"height\":1,\"caption\":\"Norsk Selskap for Fotografo\"},\"image\":{\"@id\":\"https:\\\/\\\/nsff.no\\\/magasinet\\\/#\\\/schema\\\/logo\\\/image\\\/\"}},{\"@type\":\"Person\",\"@id\":\"https:\\\/\\\/nsff.no\\\/magasinet\\\/#\\\/schema\\\/person\\\/da041f968afa9bee0293372491a98303\",\"name\":\"Birgit Fostervold\",\"image\":{\"@type\":\"ImageObject\",\"inLanguage\":\"nb-NO\",\"@id\":\"https:\\\/\\\/secure.gravatar.com\\\/avatar\\\/d8b31664a01c80eecbf53f36dc41fa676bbfe7c78cb2391937a62f88da897950?s=96&d=mm&r=g\",\"url\":\"https:\\\/\\\/secure.gravatar.com\\\/avatar\\\/d8b31664a01c80eecbf53f36dc41fa676bbfe7c78cb2391937a62f88da897950?s=96&d=mm&r=g\",\"contentUrl\":\"https:\\\/\\\/secure.gravatar.com\\\/avatar\\\/d8b31664a01c80eecbf53f36dc41fa676bbfe7c78cb2391937a62f88da897950?s=96&d=mm&r=g\",\"caption\":\"Birgit Fostervold\"},\"description\":\"EsNSFF, HonENFFF, medlem i Homborsund fotoklubb og Arendal fotoklubb. Styremedlem NSFF, Nordisk Forbund for Fotografi og Norsk Naturfotofestival. Tidl. nestleder og konst.leder NSFF (2017\u201322), tidl. redakt\u00f8r for NSFF Magasin (2016\u201322).\",\"sameAs\":[\"https:\\\/\\\/lensbirdie.no\",\"https:\\\/\\\/instagram.com\\\/knipselyst\\\/\"],\"url\":\"https:\\\/\\\/nsff.no\\\/magasinet\\\/author\\\/birgitf\\\/\"}]}<\/script>\n<!-- \/ Yoast SEO plugin. -->","yoast_head_json":{"title":"Baller, biler & bobler \u2013 sommerutstilling i Grimstad - NSFF Magasin | Norsk Selskap for Fotografi","description":"Med tittelen \"Baller, biler & bobler\" og minimalt med teaserbilder bygget Fotofellesskapet Visuelt Bedrag opp en viss forventning foran sommerutstillingen.","robots":{"index":"index","follow":"follow","max-snippet":"max-snippet:-1","max-image-preview":"max-image-preview:large","max-video-preview":"max-video-preview:-1"},"canonical":"https:\/\/nsff.no\/magasinet\/2017\/07\/09\/baller-biler-bobler-sommerutstilling-grimstad\/","og_locale":"nb_NO","og_type":"article","og_title":"Baller, biler & bobler \u2013 sommerutstilling i Grimstad - NSFF Magasin | Norsk Selskap for Fotografi","og_description":"Med tittelen \"Baller, biler & bobler\" og minimalt med teaserbilder bygget Fotofellesskapet Visuelt Bedrag opp en viss forventning foran sommerutstillingen.","og_url":"https:\/\/nsff.no\/magasinet\/2017\/07\/09\/baller-biler-bobler-sommerutstilling-grimstad\/","og_site_name":"NSFF Magasin | Norsk Selskap for Fotografi","article_published_time":"2017-07-09T12:20:36+00:00","article_modified_time":"2017-07-09T14:35:04+00:00","og_image":[{"url":"https:\/\/nsff.no\/magasinet\/wp-content\/uploads\/sites\/2\/2017\/07\/ballerbilerbobler-9.jpg","width":1,"height":1,"type":"image\/jpeg"}],"author":"Birgit Fostervold","twitter_card":"summary_large_image","twitter_misc":{"Skrevet av":"Birgit Fostervold","Ansl. lesetid":"1 minutt"},"schema":{"@context":"https:\/\/schema.org","@graph":[{"@type":"Article","@id":"https:\/\/nsff.no\/magasinet\/2017\/07\/09\/baller-biler-bobler-sommerutstilling-grimstad\/#article","isPartOf":{"@id":"https:\/\/nsff.no\/magasinet\/2017\/07\/09\/baller-biler-bobler-sommerutstilling-grimstad\/"},"author":{"name":"Birgit Fostervold","@id":"https:\/\/nsff.no\/magasinet\/#\/schema\/person\/da041f968afa9bee0293372491a98303"},"headline":"Baller, biler &#038; bobler \u2013 sommerutstilling i Grimstad","datePublished":"2017-07-09T12:20:36+00:00","dateModified":"2017-07-09T14:35:04+00:00","mainEntityOfPage":{"@id":"https:\/\/nsff.no\/magasinet\/2017\/07\/09\/baller-biler-bobler-sommerutstilling-grimstad\/"},"wordCount":296,"commentCount":0,"publisher":{"@id":"https:\/\/nsff.no\/magasinet\/#organization"},"image":{"@id":"https:\/\/nsff.no\/magasinet\/2017\/07\/09\/baller-biler-bobler-sommerutstilling-grimstad\/#primaryimage"},"thumbnailUrl":"https:\/\/nsff.no\/magasinet\/wp-content\/uploads\/sites\/2\/2017\/07\/ballerbilerbobler-9.jpg","keywords":["2017","cyanotypi","Fotofellesskapet Visuelt Bedrag","fotoutstilling","Frode Eldegard Mindreb\u00f8","Grimstad","Svenn Ivar Bj\u00f8rkav\u00e5g"],"articleSection":["Foto","Fotoprosjekter","Inspirasjon","Nyheter"],"inLanguage":"nb-NO","potentialAction":[{"@type":"CommentAction","name":"Comment","target":["https:\/\/nsff.no\/magasinet\/2017\/07\/09\/baller-biler-bobler-sommerutstilling-grimstad\/#respond"]}]},{"@type":"WebPage","@id":"https:\/\/nsff.no\/magasinet\/2017\/07\/09\/baller-biler-bobler-sommerutstilling-grimstad\/","url":"https:\/\/nsff.no\/magasinet\/2017\/07\/09\/baller-biler-bobler-sommerutstilling-grimstad\/","name":"Baller, biler & bobler \u2013 sommerutstilling i Grimstad - NSFF Magasin | Norsk Selskap for Fotografi","isPartOf":{"@id":"https:\/\/nsff.no\/magasinet\/#website"},"primaryImageOfPage":{"@id":"https:\/\/nsff.no\/magasinet\/2017\/07\/09\/baller-biler-bobler-sommerutstilling-grimstad\/#primaryimage"},"image":{"@id":"https:\/\/nsff.no\/magasinet\/2017\/07\/09\/baller-biler-bobler-sommerutstilling-grimstad\/#primaryimage"},"thumbnailUrl":"https:\/\/nsff.no\/magasinet\/wp-content\/uploads\/sites\/2\/2017\/07\/ballerbilerbobler-9.jpg","datePublished":"2017-07-09T12:20:36+00:00","dateModified":"2017-07-09T14:35:04+00:00","description":"Med tittelen \"Baller, biler & bobler\" og minimalt med teaserbilder bygget Fotofellesskapet Visuelt Bedrag opp en viss forventning foran sommerutstillingen.","breadcrumb":{"@id":"https:\/\/nsff.no\/magasinet\/2017\/07\/09\/baller-biler-bobler-sommerutstilling-grimstad\/#breadcrumb"},"inLanguage":"nb-NO","potentialAction":[{"@type":"ReadAction","target":["https:\/\/nsff.no\/magasinet\/2017\/07\/09\/baller-biler-bobler-sommerutstilling-grimstad\/"]}]},{"@type":"ImageObject","inLanguage":"nb-NO","@id":"https:\/\/nsff.no\/magasinet\/2017\/07\/09\/baller-biler-bobler-sommerutstilling-grimstad\/#primaryimage","url":"https:\/\/nsff.no\/magasinet\/wp-content\/uploads\/sites\/2\/2017\/07\/ballerbilerbobler-9.jpg","contentUrl":"https:\/\/nsff.no\/magasinet\/wp-content\/uploads\/sites\/2\/2017\/07\/ballerbilerbobler-9.jpg","caption":"Svenn Ivar Bj\u00f8rkav\u00e5g med sommerutstilling i Grimstad (foto: Birgit Fostervold)"},{"@type":"BreadcrumbList","@id":"https:\/\/nsff.no\/magasinet\/2017\/07\/09\/baller-biler-bobler-sommerutstilling-grimstad\/#breadcrumb","itemListElement":[{"@type":"ListItem","position":1,"name":"Hjem","item":"https:\/\/nsff.no\/magasinet\/"},{"@type":"ListItem","position":2,"name":"Baller, biler &#038; bobler \u2013 sommerutstilling i Grimstad"}]},{"@type":"WebSite","@id":"https:\/\/nsff.no\/magasinet\/#website","url":"https:\/\/nsff.no\/magasinet\/","name":"NSFF Magasin | Norsk Selskap for Fotografi","description":"Medlemsmagasin for film- og fotoentusiaster","publisher":{"@id":"https:\/\/nsff.no\/magasinet\/#organization"},"potentialAction":[{"@type":"SearchAction","target":{"@type":"EntryPoint","urlTemplate":"https:\/\/nsff.no\/magasinet\/?s={search_term_string}"},"query-input":{"@type":"PropertyValueSpecification","valueRequired":true,"valueName":"search_term_string"}}],"inLanguage":"nb-NO"},{"@type":"Organization","@id":"https:\/\/nsff.no\/magasinet\/#organization","name":"Norsk Selskap for Fotografo","url":"https:\/\/nsff.no\/magasinet\/","logo":{"@type":"ImageObject","inLanguage":"nb-NO","@id":"https:\/\/nsff.no\/magasinet\/#\/schema\/logo\/image\/","url":"https:\/\/nsff.no\/magasinet\/wp-content\/uploads\/sites\/2\/2016\/05\/NSFF-fb-lenkebilde.png","contentUrl":"https:\/\/nsff.no\/magasinet\/wp-content\/uploads\/sites\/2\/2016\/05\/NSFF-fb-lenkebilde.png","width":1,"height":1,"caption":"Norsk Selskap for Fotografo"},"image":{"@id":"https:\/\/nsff.no\/magasinet\/#\/schema\/logo\/image\/"}},{"@type":"Person","@id":"https:\/\/nsff.no\/magasinet\/#\/schema\/person\/da041f968afa9bee0293372491a98303","name":"Birgit Fostervold","image":{"@type":"ImageObject","inLanguage":"nb-NO","@id":"https:\/\/secure.gravatar.com\/avatar\/d8b31664a01c80eecbf53f36dc41fa676bbfe7c78cb2391937a62f88da897950?s=96&d=mm&r=g","url":"https:\/\/secure.gravatar.com\/avatar\/d8b31664a01c80eecbf53f36dc41fa676bbfe7c78cb2391937a62f88da897950?s=96&d=mm&r=g","contentUrl":"https:\/\/secure.gravatar.com\/avatar\/d8b31664a01c80eecbf53f36dc41fa676bbfe7c78cb2391937a62f88da897950?s=96&d=mm&r=g","caption":"Birgit Fostervold"},"description":"EsNSFF, HonENFFF, medlem i Homborsund fotoklubb og Arendal fotoklubb. Styremedlem NSFF, Nordisk Forbund for Fotografi og Norsk Naturfotofestival. Tidl. nestleder og konst.leder NSFF (2017\u201322), tidl. redakt\u00f8r for NSFF Magasin (2016\u201322).","sameAs":["https:\/\/lensbirdie.no","https:\/\/instagram.com\/knipselyst\/"],"url":"https:\/\/nsff.no\/magasinet\/author\/birgitf\/"}]}},"_links":{"self":[{"href":"https:\/\/nsff.no\/magasinet\/wp-json\/wp\/v2\/posts\/5835","targetHints":{"allow":["GET"]}}],"collection":[{"href":"https:\/\/nsff.no\/magasinet\/wp-json\/wp\/v2\/posts"}],"about":[{"href":"https:\/\/nsff.no\/magasinet\/wp-json\/wp\/v2\/types\/post"}],"author":[{"embeddable":true,"href":"https:\/\/nsff.no\/magasinet\/wp-json\/wp\/v2\/users\/7"}],"replies":[{"embeddable":true,"href":"https:\/\/nsff.no\/magasinet\/wp-json\/wp\/v2\/comments?post=5835"}],"version-history":[{"count":6,"href":"https:\/\/nsff.no\/magasinet\/wp-json\/wp\/v2\/posts\/5835\/revisions"}],"predecessor-version":[{"id":5865,"href":"https:\/\/nsff.no\/magasinet\/wp-json\/wp\/v2\/posts\/5835\/revisions\/5865"}],"wp:featuredmedia":[{"embeddable":true,"href":"https:\/\/nsff.no\/magasinet\/wp-json\/wp\/v2\/media\/5838"}],"wp:attachment":[{"href":"https:\/\/nsff.no\/magasinet\/wp-json\/wp\/v2\/media?parent=5835"}],"wp:term":[{"taxonomy":"category","embeddable":true,"href":"https:\/\/nsff.no\/magasinet\/wp-json\/wp\/v2\/categories?post=5835"},{"taxonomy":"post_tag","embeddable":true,"href":"https:\/\/nsff.no\/magasinet\/wp-json\/wp\/v2\/tags?post=5835"}],"curies":[{"name":"wp","href":"https:\/\/api.w.org\/{rel}","templated":true}]}}