{"id":5774,"date":"2017-06-21T21:55:32","date_gmt":"2017-06-21T19:55:32","guid":{"rendered":"http:\/\/nsff.no\/magasinet\/?p=5774"},"modified":"2017-12-20T18:45:47","modified_gmt":"2017-12-20T17:45:47","slug":"filmamatorer-pa-utflukt","status":"publish","type":"post","link":"https:\/\/nsff.no\/magasinet\/2017\/06\/21\/filmamatorer-pa-utflukt\/","title":{"rendered":"Filmamat\u00f8rer p\u00e5 utflukt"},"content":{"rendered":"<p>[et_pb_section bb_built=&raquo;1&#8243; admin_label=&raquo;section&raquo;][et_pb_row admin_label=&raquo;row&raquo;][et_pb_column type=&raquo;4_4&#8243;][et_pb_text admin_label=&raquo;Tekst&raquo; _builder_version=&raquo;3.0.51&#8243; background_layout=&raquo;light&raquo; text_orientation=&raquo;left&raquo; border_style=&raquo;solid&raquo;]<\/p>\n<p><strong>Noen av medlemmene i Bergen Fritidsfilmere \u00f8nsket \u00e5 gj\u00f8re noe nytt p\u00e5 forsommeren 2017. Dra p\u00e5 en utflukt til et sted i vestlandsnorge for \u00e5 styrke de sosiale relasjoner og for \u00e5 styrke filmfaglig kompetanse p\u00e5 amat\u00f8rniv\u00e5.<\/strong><\/p>\n<p>Ferden gikk til Fedje; en \u00f8ykommune p\u00e5 Vestlandet. Dit kommer man med bil + en ferge med til sammen ca. 2 timers reisetid fra Bergen.<\/p>\n<p>KNA-huset p\u00e5 Fedje ble fylt av 7 filmamat\u00f8rer fredag formiddag\/ ettermiddag hvor f\u00f8rste planleggingsm\u00f8te hadde fokus \u00e5 legge en strategi for hvordan m\u00f8te m\u00e5lsetningen om \u00e5 f\u00e5 filmet og redigert ferdig en film innen avreise til Bergen s\u00f8ndag ettermiddag!<\/p>\n<p>Vi fikk samlet oss om noen knagger (tema) og fordelte noen prim\u00e6roppgaver mht dokumentere forhold i lokalsamfunnet Fedje. Mange motiver \u00e5 velge i og begrensningens kunst ble satt p\u00e5 en knallhard pr\u00f8ve. Fedje lokalsamfunn har s\u00e5 ufattelig mye \u00e5 by p\u00e5, men vi skule jo rekke en deadline&#8230;<\/p>\n<ul>\n<li>Vinappen; krigsruiner etter 2 verdenskrig.<\/li>\n<li>Torvmyrene.<\/li>\n<li>Hellis\u00f8y fyr.<\/li>\n<li>Northern &#038; Co; fra et mikrobryggeri i Fedje sentrum.<\/li>\n<\/ul>\n<p>[\/et_pb_text][et_pb_gallery admin_label=&raquo;Galleri&raquo; _builder_version=&raquo;3.0.51&#8243; posts_number=&raquo;8&#8243; show_title_and_caption=&raquo;off&raquo; show_pagination=&raquo;off&raquo; gallery_ids=&raquo;5781,5782,5778,5777,5776,5775,5784,5783&#8243; fullwidth=&raquo;off&raquo; orientation=&raquo;landscape&raquo; zoom_icon_color=&raquo;#054e9e&raquo; hover_overlay_color=&raquo;rgba(255,255,255,0.9)&raquo; background_layout=&raquo;light&raquo; border_style=&raquo;solid&raquo; auto=&raquo;off&raquo; \/][et_pb_text admin_label=&raquo;Tekst&raquo; _builder_version=&raquo;3.0.51&#8243; background_layout=&raquo;light&raquo; text_orientation=&raquo;left&raquo; border_style=&raquo;solid&raquo;]<\/p>\n<p>V\u00e6rgudene var forst\u00e5elsesfulle og gav oss godv\u00e6r mange timer. Det gjorde at filmopptak ble mulig fra luften, fra bakkeniv\u00e5 og til og med fra under havflaten.<\/p>\n<p>En film ble ferdig basert p\u00e5 avtalte tema. Spilletid ca. 11 minutter. V\u00e5r klipper jobbet knallhardt gjennom helgen basert p\u00e5 v\u00e5re mange GB HD 1920&#215;1080 r\u00e5filmopptak fra filmdrone, stasjon\u00e6re videokameraer, actionkamera og speilrefleks med videofunksjoner.<\/p>\n<p>Form\u00e5let med denne aktivitetshelgen ble oppfylt med sv\u00e6rt solide marginer. Gruppen var komplett samstemmig i synet p\u00e5 at tiltaket var l\u00e6rerikt og utviklende. Vi vikk utvekslet meninger, erfaringer og kompetanse som vi ellers har liten mulighet til p\u00e5 de ordin\u00e6re medlemsm\u00f8ter i Bergen Fritidsfilmere, hvor programmet gjerne er programmert og noe l\u00e5st i forkant.<\/p>\n<p>Vi anbefaler et slikt utfluktskonsept til andre klubber som savner aktiviteter og engasjement utenfor de ordin\u00e6re klubbprogrammene.<\/p>\n<p><em>De fleste bildene i artikkelen er tatt av Knut Georg Flo.<\/em><\/p>\n<p>[\/et_pb_text][\/et_pb_column][\/et_pb_row][\/et_pb_section]<\/p>\n","protected":false},"excerpt":{"rendered":"<p>7 filmamat\u00f8rer fra Bergen reiste nylig til \u00f8ykommunen Fedje p\u00e5 Vestlandet. Form\u00e5let var \u00e5 styrke de sosiale relasjoner s\u00e5vel som den filmfaglige kompetansen.<\/p>\n","protected":false},"author":3,"featured_media":5779,"comment_status":"open","ping_status":"open","sticky":false,"template":"","format":"standard","meta":{"_et_pb_use_builder":"on","_et_pb_old_content":"<strong>Noen av medlemmene i Bergen Fritidsfilmere \u00f8nsket \u00e5 gj\u00f8re noe nytt p\u00e5 forsommeren 2017. Dra p\u00e5 en utflukt til et sted i vestlandsnorge for \u00e5 styrke de sosiale relasjoner og for \u00e5 styrke filmfaglig kompetanse p\u00e5 amat\u00f8rniv\u00e5.<\/strong>\r\n\r\nFerden gikk til Fedje; en \u00f8ykommune p\u00e5 Vestlandet. Dit kommer man med bil + en ferge med til sammen ca. 2 timers reisetid fra Bergen.\r\n\r\nKNA-huset p\u00e5 Fedje ble fylt av 7 filmamat\u00f8rer fredag formiddag\/ ettermiddag hvor f\u00f8rste planleggingsm\u00f8te hadde fokus \u00e5 legge en strategi for hvordan m\u00f8te m\u00e5lsetningen om \u00e5 f\u00e5 filmet og redigert ferdig en film innen avreise til Bergen s\u00f8ndag ettermiddag!\r\n\r\nVi fikk samlet oss om noen knagger (tema) og fordelte noen prim\u00e6roppgaver mht dokumentere forhold i lokalsamfunnet Fedje. Mange motiver \u00e5 velge i og begrensningens kunst ble satt p\u00e5 en knallhard pr\u00f8ve. Fedje lokalsamfunn har s\u00e5 ufattelig mye \u00e5 by p\u00e5, men vi skule jo rekke en deadline...","_et_gb_content_width":"","footnotes":""},"categories":[6,91,51],"tags":[391,40,555],"class_list":["post-5774","post","type-post","status-publish","format-standard","has-post-thumbnail","hentry","category-filmprosjekter","category-inspirasjon","category-reisebrev","tag-391","tag-bergen-fritidsfilmere","tag-filmutflukt","et-has-post-format-content","et_post_format-et-post-format-standard"],"yoast_head":"<!-- This site is optimized with the Yoast SEO plugin v27.5 - https:\/\/yoast.com\/product\/yoast-seo-wordpress\/ -->\n<title>Filmamat\u00f8rer p\u00e5 utflukt - NSFF Magasin | Norsk Selskap for Fotografi<\/title>\n<meta name=\"description\" content=\"7 filmamat\u00f8rer fra Bergen reiste nylig til \u00f8ykommunen Fedje p\u00e5 Vestlandet. Form\u00e5let var \u00e5 styrke de sosiale relasjoner s\u00e5vel som den filmfaglige kompetanse.\" \/>\n<meta name=\"robots\" content=\"index, follow, max-snippet:-1, max-image-preview:large, max-video-preview:-1\" \/>\n<link rel=\"canonical\" href=\"https:\/\/nsff.no\/magasinet\/2017\/06\/21\/filmamatorer-pa-utflukt\/\" \/>\n<meta property=\"og:locale\" content=\"nb_NO\" \/>\n<meta property=\"og:type\" content=\"article\" \/>\n<meta property=\"og:title\" content=\"Filmamat\u00f8rer p\u00e5 utflukt - NSFF Magasin | Norsk Selskap for Fotografi\" \/>\n<meta property=\"og:description\" content=\"7 filmamat\u00f8rer fra Bergen reiste nylig til \u00f8ykommunen Fedje p\u00e5 Vestlandet. Form\u00e5let var \u00e5 styrke de sosiale relasjoner s\u00e5vel som den filmfaglige kompetanse.\" \/>\n<meta property=\"og:url\" content=\"https:\/\/nsff.no\/magasinet\/2017\/06\/21\/filmamatorer-pa-utflukt\/\" \/>\n<meta property=\"og:site_name\" content=\"NSFF Magasin | Norsk Selskap for Fotografi\" \/>\n<meta property=\"article:published_time\" content=\"2017-06-21T19:55:32+00:00\" \/>\n<meta property=\"article:modified_time\" content=\"2017-12-20T17:45:47+00:00\" \/>\n<meta property=\"og:image\" content=\"https:\/\/nsff.no\/magasinet\/wp-content\/uploads\/sites\/2\/2017\/06\/PIC_1536_edit_R.jpg\" \/>\n\t<meta property=\"og:image:width\" content=\"1\" \/>\n\t<meta property=\"og:image:height\" content=\"1\" \/>\n\t<meta property=\"og:image:type\" content=\"image\/jpeg\" \/>\n<meta name=\"author\" content=\"Roy Morten Gleditsch\" \/>\n<meta name=\"twitter:card\" content=\"summary_large_image\" \/>\n<meta name=\"twitter:label1\" content=\"Skrevet av\" \/>\n\t<meta name=\"twitter:data1\" content=\"Roy Morten Gleditsch\" \/>\n\t<meta name=\"twitter:label2\" content=\"Ansl. lesetid\" \/>\n\t<meta name=\"twitter:data2\" content=\"2 minutter\" \/>\n<script type=\"application\/ld+json\" class=\"yoast-schema-graph\">{\"@context\":\"https:\\\/\\\/schema.org\",\"@graph\":[{\"@type\":\"Article\",\"@id\":\"https:\\\/\\\/nsff.no\\\/magasinet\\\/2017\\\/06\\\/21\\\/filmamatorer-pa-utflukt\\\/#article\",\"isPartOf\":{\"@id\":\"https:\\\/\\\/nsff.no\\\/magasinet\\\/2017\\\/06\\\/21\\\/filmamatorer-pa-utflukt\\\/\"},\"author\":{\"name\":\"Roy Morten Gleditsch\",\"@id\":\"https:\\\/\\\/nsff.no\\\/magasinet\\\/#\\\/schema\\\/person\\\/00e43e4e855e12444beb4e6e3fe9edc0\"},\"headline\":\"Filmamat\u00f8rer p\u00e5 utflukt\",\"datePublished\":\"2017-06-21T19:55:32+00:00\",\"dateModified\":\"2017-12-20T17:45:47+00:00\",\"mainEntityOfPage\":{\"@id\":\"https:\\\/\\\/nsff.no\\\/magasinet\\\/2017\\\/06\\\/21\\\/filmamatorer-pa-utflukt\\\/\"},\"wordCount\":432,\"commentCount\":2,\"publisher\":{\"@id\":\"https:\\\/\\\/nsff.no\\\/magasinet\\\/#organization\"},\"image\":{\"@id\":\"https:\\\/\\\/nsff.no\\\/magasinet\\\/2017\\\/06\\\/21\\\/filmamatorer-pa-utflukt\\\/#primaryimage\"},\"thumbnailUrl\":\"https:\\\/\\\/nsff.no\\\/magasinet\\\/wp-content\\\/uploads\\\/sites\\\/2\\\/2017\\\/06\\\/PIC_1536_edit_R.jpg\",\"keywords\":[\"2017\",\"Bergen Fritidsfilmere\",\"filmutflukt\"],\"articleSection\":[\"Filmprosjekter\",\"Inspirasjon\",\"Reisebrev\"],\"inLanguage\":\"nb-NO\",\"potentialAction\":[{\"@type\":\"CommentAction\",\"name\":\"Comment\",\"target\":[\"https:\\\/\\\/nsff.no\\\/magasinet\\\/2017\\\/06\\\/21\\\/filmamatorer-pa-utflukt\\\/#respond\"]}]},{\"@type\":\"WebPage\",\"@id\":\"https:\\\/\\\/nsff.no\\\/magasinet\\\/2017\\\/06\\\/21\\\/filmamatorer-pa-utflukt\\\/\",\"url\":\"https:\\\/\\\/nsff.no\\\/magasinet\\\/2017\\\/06\\\/21\\\/filmamatorer-pa-utflukt\\\/\",\"name\":\"Filmamat\u00f8rer p\u00e5 utflukt - NSFF Magasin | Norsk Selskap for Fotografi\",\"isPartOf\":{\"@id\":\"https:\\\/\\\/nsff.no\\\/magasinet\\\/#website\"},\"primaryImageOfPage\":{\"@id\":\"https:\\\/\\\/nsff.no\\\/magasinet\\\/2017\\\/06\\\/21\\\/filmamatorer-pa-utflukt\\\/#primaryimage\"},\"image\":{\"@id\":\"https:\\\/\\\/nsff.no\\\/magasinet\\\/2017\\\/06\\\/21\\\/filmamatorer-pa-utflukt\\\/#primaryimage\"},\"thumbnailUrl\":\"https:\\\/\\\/nsff.no\\\/magasinet\\\/wp-content\\\/uploads\\\/sites\\\/2\\\/2017\\\/06\\\/PIC_1536_edit_R.jpg\",\"datePublished\":\"2017-06-21T19:55:32+00:00\",\"dateModified\":\"2017-12-20T17:45:47+00:00\",\"description\":\"7 filmamat\u00f8rer fra Bergen reiste nylig til \u00f8ykommunen Fedje p\u00e5 Vestlandet. Form\u00e5let var \u00e5 styrke de sosiale relasjoner s\u00e5vel som den filmfaglige kompetanse.\",\"breadcrumb\":{\"@id\":\"https:\\\/\\\/nsff.no\\\/magasinet\\\/2017\\\/06\\\/21\\\/filmamatorer-pa-utflukt\\\/#breadcrumb\"},\"inLanguage\":\"nb-NO\",\"potentialAction\":[{\"@type\":\"ReadAction\",\"target\":[\"https:\\\/\\\/nsff.no\\\/magasinet\\\/2017\\\/06\\\/21\\\/filmamatorer-pa-utflukt\\\/\"]}]},{\"@type\":\"ImageObject\",\"inLanguage\":\"nb-NO\",\"@id\":\"https:\\\/\\\/nsff.no\\\/magasinet\\\/2017\\\/06\\\/21\\\/filmamatorer-pa-utflukt\\\/#primaryimage\",\"url\":\"https:\\\/\\\/nsff.no\\\/magasinet\\\/wp-content\\\/uploads\\\/sites\\\/2\\\/2017\\\/06\\\/PIC_1536_edit_R.jpg\",\"contentUrl\":\"https:\\\/\\\/nsff.no\\\/magasinet\\\/wp-content\\\/uploads\\\/sites\\\/2\\\/2017\\\/06\\\/PIC_1536_edit_R.jpg\",\"caption\":\"En glad gjeng fra Bergen fritidsfilmere p\u00e5 tur\"},{\"@type\":\"BreadcrumbList\",\"@id\":\"https:\\\/\\\/nsff.no\\\/magasinet\\\/2017\\\/06\\\/21\\\/filmamatorer-pa-utflukt\\\/#breadcrumb\",\"itemListElement\":[{\"@type\":\"ListItem\",\"position\":1,\"name\":\"Hjem\",\"item\":\"https:\\\/\\\/nsff.no\\\/magasinet\\\/\"},{\"@type\":\"ListItem\",\"position\":2,\"name\":\"Filmamat\u00f8rer p\u00e5 utflukt\"}]},{\"@type\":\"WebSite\",\"@id\":\"https:\\\/\\\/nsff.no\\\/magasinet\\\/#website\",\"url\":\"https:\\\/\\\/nsff.no\\\/magasinet\\\/\",\"name\":\"NSFF Magasin | Norsk Selskap for Fotografi\",\"description\":\"Medlemsmagasin for film- og fotoentusiaster\",\"publisher\":{\"@id\":\"https:\\\/\\\/nsff.no\\\/magasinet\\\/#organization\"},\"potentialAction\":[{\"@type\":\"SearchAction\",\"target\":{\"@type\":\"EntryPoint\",\"urlTemplate\":\"https:\\\/\\\/nsff.no\\\/magasinet\\\/?s={search_term_string}\"},\"query-input\":{\"@type\":\"PropertyValueSpecification\",\"valueRequired\":true,\"valueName\":\"search_term_string\"}}],\"inLanguage\":\"nb-NO\"},{\"@type\":\"Organization\",\"@id\":\"https:\\\/\\\/nsff.no\\\/magasinet\\\/#organization\",\"name\":\"Norsk Selskap for Fotografo\",\"url\":\"https:\\\/\\\/nsff.no\\\/magasinet\\\/\",\"logo\":{\"@type\":\"ImageObject\",\"inLanguage\":\"nb-NO\",\"@id\":\"https:\\\/\\\/nsff.no\\\/magasinet\\\/#\\\/schema\\\/logo\\\/image\\\/\",\"url\":\"https:\\\/\\\/nsff.no\\\/magasinet\\\/wp-content\\\/uploads\\\/sites\\\/2\\\/2016\\\/05\\\/NSFF-fb-lenkebilde.png\",\"contentUrl\":\"https:\\\/\\\/nsff.no\\\/magasinet\\\/wp-content\\\/uploads\\\/sites\\\/2\\\/2016\\\/05\\\/NSFF-fb-lenkebilde.png\",\"width\":1,\"height\":1,\"caption\":\"Norsk Selskap for Fotografo\"},\"image\":{\"@id\":\"https:\\\/\\\/nsff.no\\\/magasinet\\\/#\\\/schema\\\/logo\\\/image\\\/\"}},{\"@type\":\"Person\",\"@id\":\"https:\\\/\\\/nsff.no\\\/magasinet\\\/#\\\/schema\\\/person\\\/00e43e4e855e12444beb4e6e3fe9edc0\",\"name\":\"Roy Morten Gleditsch\",\"image\":{\"@type\":\"ImageObject\",\"inLanguage\":\"nb-NO\",\"@id\":\"https:\\\/\\\/secure.gravatar.com\\\/avatar\\\/885548ffa38b81c256c0f774865a7d996476149a5e9f193bf32459b364a2cf39?s=96&d=mm&r=g\",\"url\":\"https:\\\/\\\/secure.gravatar.com\\\/avatar\\\/885548ffa38b81c256c0f774865a7d996476149a5e9f193bf32459b364a2cf39?s=96&d=mm&r=g\",\"contentUrl\":\"https:\\\/\\\/secure.gravatar.com\\\/avatar\\\/885548ffa38b81c256c0f774865a7d996476149a5e9f193bf32459b364a2cf39?s=96&d=mm&r=g\",\"caption\":\"Roy Morten Gleditsch\"},\"description\":\"Filmskaper siden 1970. Medlem av Bergen Fritidsfilmere siden 1980. Redakt\u00f8r av NSFF Magasin fra oppstarten til juni 2016, tidligere medlem av Filmutvalget. \u00c6resmedlem NSFF.\",\"sameAs\":[\"http:\\\/\\\/www.bergenfritidsfilmere.no\\\/\"],\"url\":\"https:\\\/\\\/nsff.no\\\/magasinet\\\/author\\\/magasinet\\\/\"}]}<\/script>\n<!-- \/ Yoast SEO plugin. -->","yoast_head_json":{"title":"Filmamat\u00f8rer p\u00e5 utflukt - NSFF Magasin | Norsk Selskap for Fotografi","description":"7 filmamat\u00f8rer fra Bergen reiste nylig til \u00f8ykommunen Fedje p\u00e5 Vestlandet. Form\u00e5let var \u00e5 styrke de sosiale relasjoner s\u00e5vel som den filmfaglige kompetanse.","robots":{"index":"index","follow":"follow","max-snippet":"max-snippet:-1","max-image-preview":"max-image-preview:large","max-video-preview":"max-video-preview:-1"},"canonical":"https:\/\/nsff.no\/magasinet\/2017\/06\/21\/filmamatorer-pa-utflukt\/","og_locale":"nb_NO","og_type":"article","og_title":"Filmamat\u00f8rer p\u00e5 utflukt - NSFF Magasin | Norsk Selskap for Fotografi","og_description":"7 filmamat\u00f8rer fra Bergen reiste nylig til \u00f8ykommunen Fedje p\u00e5 Vestlandet. Form\u00e5let var \u00e5 styrke de sosiale relasjoner s\u00e5vel som den filmfaglige kompetanse.","og_url":"https:\/\/nsff.no\/magasinet\/2017\/06\/21\/filmamatorer-pa-utflukt\/","og_site_name":"NSFF Magasin | Norsk Selskap for Fotografi","article_published_time":"2017-06-21T19:55:32+00:00","article_modified_time":"2017-12-20T17:45:47+00:00","og_image":[{"url":"https:\/\/nsff.no\/magasinet\/wp-content\/uploads\/sites\/2\/2017\/06\/PIC_1536_edit_R.jpg","width":1,"height":1,"type":"image\/jpeg"}],"author":"Roy Morten Gleditsch","twitter_card":"summary_large_image","twitter_misc":{"Skrevet av":"Roy Morten Gleditsch","Ansl. lesetid":"2 minutter"},"schema":{"@context":"https:\/\/schema.org","@graph":[{"@type":"Article","@id":"https:\/\/nsff.no\/magasinet\/2017\/06\/21\/filmamatorer-pa-utflukt\/#article","isPartOf":{"@id":"https:\/\/nsff.no\/magasinet\/2017\/06\/21\/filmamatorer-pa-utflukt\/"},"author":{"name":"Roy Morten Gleditsch","@id":"https:\/\/nsff.no\/magasinet\/#\/schema\/person\/00e43e4e855e12444beb4e6e3fe9edc0"},"headline":"Filmamat\u00f8rer p\u00e5 utflukt","datePublished":"2017-06-21T19:55:32+00:00","dateModified":"2017-12-20T17:45:47+00:00","mainEntityOfPage":{"@id":"https:\/\/nsff.no\/magasinet\/2017\/06\/21\/filmamatorer-pa-utflukt\/"},"wordCount":432,"commentCount":2,"publisher":{"@id":"https:\/\/nsff.no\/magasinet\/#organization"},"image":{"@id":"https:\/\/nsff.no\/magasinet\/2017\/06\/21\/filmamatorer-pa-utflukt\/#primaryimage"},"thumbnailUrl":"https:\/\/nsff.no\/magasinet\/wp-content\/uploads\/sites\/2\/2017\/06\/PIC_1536_edit_R.jpg","keywords":["2017","Bergen Fritidsfilmere","filmutflukt"],"articleSection":["Filmprosjekter","Inspirasjon","Reisebrev"],"inLanguage":"nb-NO","potentialAction":[{"@type":"CommentAction","name":"Comment","target":["https:\/\/nsff.no\/magasinet\/2017\/06\/21\/filmamatorer-pa-utflukt\/#respond"]}]},{"@type":"WebPage","@id":"https:\/\/nsff.no\/magasinet\/2017\/06\/21\/filmamatorer-pa-utflukt\/","url":"https:\/\/nsff.no\/magasinet\/2017\/06\/21\/filmamatorer-pa-utflukt\/","name":"Filmamat\u00f8rer p\u00e5 utflukt - NSFF Magasin | Norsk Selskap for Fotografi","isPartOf":{"@id":"https:\/\/nsff.no\/magasinet\/#website"},"primaryImageOfPage":{"@id":"https:\/\/nsff.no\/magasinet\/2017\/06\/21\/filmamatorer-pa-utflukt\/#primaryimage"},"image":{"@id":"https:\/\/nsff.no\/magasinet\/2017\/06\/21\/filmamatorer-pa-utflukt\/#primaryimage"},"thumbnailUrl":"https:\/\/nsff.no\/magasinet\/wp-content\/uploads\/sites\/2\/2017\/06\/PIC_1536_edit_R.jpg","datePublished":"2017-06-21T19:55:32+00:00","dateModified":"2017-12-20T17:45:47+00:00","description":"7 filmamat\u00f8rer fra Bergen reiste nylig til \u00f8ykommunen Fedje p\u00e5 Vestlandet. Form\u00e5let var \u00e5 styrke de sosiale relasjoner s\u00e5vel som den filmfaglige kompetanse.","breadcrumb":{"@id":"https:\/\/nsff.no\/magasinet\/2017\/06\/21\/filmamatorer-pa-utflukt\/#breadcrumb"},"inLanguage":"nb-NO","potentialAction":[{"@type":"ReadAction","target":["https:\/\/nsff.no\/magasinet\/2017\/06\/21\/filmamatorer-pa-utflukt\/"]}]},{"@type":"ImageObject","inLanguage":"nb-NO","@id":"https:\/\/nsff.no\/magasinet\/2017\/06\/21\/filmamatorer-pa-utflukt\/#primaryimage","url":"https:\/\/nsff.no\/magasinet\/wp-content\/uploads\/sites\/2\/2017\/06\/PIC_1536_edit_R.jpg","contentUrl":"https:\/\/nsff.no\/magasinet\/wp-content\/uploads\/sites\/2\/2017\/06\/PIC_1536_edit_R.jpg","caption":"En glad gjeng fra Bergen fritidsfilmere p\u00e5 tur"},{"@type":"BreadcrumbList","@id":"https:\/\/nsff.no\/magasinet\/2017\/06\/21\/filmamatorer-pa-utflukt\/#breadcrumb","itemListElement":[{"@type":"ListItem","position":1,"name":"Hjem","item":"https:\/\/nsff.no\/magasinet\/"},{"@type":"ListItem","position":2,"name":"Filmamat\u00f8rer p\u00e5 utflukt"}]},{"@type":"WebSite","@id":"https:\/\/nsff.no\/magasinet\/#website","url":"https:\/\/nsff.no\/magasinet\/","name":"NSFF Magasin | Norsk Selskap for Fotografi","description":"Medlemsmagasin for film- og fotoentusiaster","publisher":{"@id":"https:\/\/nsff.no\/magasinet\/#organization"},"potentialAction":[{"@type":"SearchAction","target":{"@type":"EntryPoint","urlTemplate":"https:\/\/nsff.no\/magasinet\/?s={search_term_string}"},"query-input":{"@type":"PropertyValueSpecification","valueRequired":true,"valueName":"search_term_string"}}],"inLanguage":"nb-NO"},{"@type":"Organization","@id":"https:\/\/nsff.no\/magasinet\/#organization","name":"Norsk Selskap for Fotografo","url":"https:\/\/nsff.no\/magasinet\/","logo":{"@type":"ImageObject","inLanguage":"nb-NO","@id":"https:\/\/nsff.no\/magasinet\/#\/schema\/logo\/image\/","url":"https:\/\/nsff.no\/magasinet\/wp-content\/uploads\/sites\/2\/2016\/05\/NSFF-fb-lenkebilde.png","contentUrl":"https:\/\/nsff.no\/magasinet\/wp-content\/uploads\/sites\/2\/2016\/05\/NSFF-fb-lenkebilde.png","width":1,"height":1,"caption":"Norsk Selskap for Fotografo"},"image":{"@id":"https:\/\/nsff.no\/magasinet\/#\/schema\/logo\/image\/"}},{"@type":"Person","@id":"https:\/\/nsff.no\/magasinet\/#\/schema\/person\/00e43e4e855e12444beb4e6e3fe9edc0","name":"Roy Morten Gleditsch","image":{"@type":"ImageObject","inLanguage":"nb-NO","@id":"https:\/\/secure.gravatar.com\/avatar\/885548ffa38b81c256c0f774865a7d996476149a5e9f193bf32459b364a2cf39?s=96&d=mm&r=g","url":"https:\/\/secure.gravatar.com\/avatar\/885548ffa38b81c256c0f774865a7d996476149a5e9f193bf32459b364a2cf39?s=96&d=mm&r=g","contentUrl":"https:\/\/secure.gravatar.com\/avatar\/885548ffa38b81c256c0f774865a7d996476149a5e9f193bf32459b364a2cf39?s=96&d=mm&r=g","caption":"Roy Morten Gleditsch"},"description":"Filmskaper siden 1970. Medlem av Bergen Fritidsfilmere siden 1980. Redakt\u00f8r av NSFF Magasin fra oppstarten til juni 2016, tidligere medlem av Filmutvalget. \u00c6resmedlem NSFF.","sameAs":["http:\/\/www.bergenfritidsfilmere.no\/"],"url":"https:\/\/nsff.no\/magasinet\/author\/magasinet\/"}]}},"_links":{"self":[{"href":"https:\/\/nsff.no\/magasinet\/wp-json\/wp\/v2\/posts\/5774","targetHints":{"allow":["GET"]}}],"collection":[{"href":"https:\/\/nsff.no\/magasinet\/wp-json\/wp\/v2\/posts"}],"about":[{"href":"https:\/\/nsff.no\/magasinet\/wp-json\/wp\/v2\/types\/post"}],"author":[{"embeddable":true,"href":"https:\/\/nsff.no\/magasinet\/wp-json\/wp\/v2\/users\/3"}],"replies":[{"embeddable":true,"href":"https:\/\/nsff.no\/magasinet\/wp-json\/wp\/v2\/comments?post=5774"}],"version-history":[{"count":3,"href":"https:\/\/nsff.no\/magasinet\/wp-json\/wp\/v2\/posts\/5774\/revisions"}],"predecessor-version":[{"id":5788,"href":"https:\/\/nsff.no\/magasinet\/wp-json\/wp\/v2\/posts\/5774\/revisions\/5788"}],"wp:featuredmedia":[{"embeddable":true,"href":"https:\/\/nsff.no\/magasinet\/wp-json\/wp\/v2\/media\/5779"}],"wp:attachment":[{"href":"https:\/\/nsff.no\/magasinet\/wp-json\/wp\/v2\/media?parent=5774"}],"wp:term":[{"taxonomy":"category","embeddable":true,"href":"https:\/\/nsff.no\/magasinet\/wp-json\/wp\/v2\/categories?post=5774"},{"taxonomy":"post_tag","embeddable":true,"href":"https:\/\/nsff.no\/magasinet\/wp-json\/wp\/v2\/tags?post=5774"}],"curies":[{"name":"wp","href":"https:\/\/api.w.org\/{rel}","templated":true}]}}