{"id":5660,"date":"2017-05-05T17:42:23","date_gmt":"2017-05-05T15:42:23","guid":{"rendered":"http:\/\/nsff.no\/magasinet\/?p=5660"},"modified":"2017-08-04T14:30:56","modified_gmt":"2017-08-04T12:30:56","slug":"nsff-aarbokutstilling-nordic-light-2017","status":"publish","type":"post","link":"https:\/\/nsff.no\/magasinet\/2017\/05\/05\/nsff-aarbokutstilling-nordic-light-2017\/","title":{"rendered":"NSFF med \u00e5rbokutstilling p\u00e5 Nordic Light 2017"},"content":{"rendered":"<p>[et_pb_section bb_built=&raquo;1&#8243; admin_label=&raquo;section&raquo;][et_pb_row admin_label=&raquo;row&raquo;][et_pb_column type=&raquo;4_4&#8243;][et_pb_text admin_label=&raquo;Tekst&raquo; background_layout=&raquo;light&raquo; text_orientation=&raquo;left&raquo; use_border_color=&raquo;off&raquo; border_color=&raquo;#ffffff&raquo; border_style=&raquo;solid&raquo;]<\/p>\n<p>Som vanlig er det debut for \u00e5rbokutstillingen under Nordic Light i Kristiansund, s\u00e5 ogs\u00e5 i 2017. En delegasjon fra selskapet ankom baillbyen dager f\u00f8r arrangementsstart, for \u00e5 ramme inn bildene som utstillingsansvarlig Tor-Henrik &laquo;Totto&raquo; Furmyr hadde s\u00f8rget for \u00e5 printe p\u00e5 forh\u00e5nd. Her er noen bildeglimt fra Totto og Roald Synnev\u00e5g (sistnevnte sett her i full sving med bildeinnramming \u2013 dette har han gjort f\u00f8r!) :<\/p>\n<p><iframe loading=\"lazy\" src=\"https:\/\/www.facebook.com\/plugins\/video.php?href=https%3A%2F%2Fwww.facebook.com%2Ftotto222%2Fvideos%2F10154306452446415&amp;show_text=0&amp;width=560\" style=\"border:none;overflow:hidden\" scrolling=\"no\" allowtransparency=\"true\" allowfullscreen=\"true\" width=\"560\" height=\"315\" frameborder=\"0\"><\/iframe><\/p>\n<p>[\/et_pb_text][et_pb_gallery admin_label=&raquo;Galleri&raquo; gallery_ids=&raquo;5672,5671,5666,5665,5661,5664,5662&#8243; fullwidth=&raquo;off&raquo; posts_number=&raquo;8&#8243; orientation=&raquo;landscape&raquo; show_title_and_caption=&raquo;off&raquo; show_pagination=&raquo;off&raquo; background_layout=&raquo;light&raquo; auto=&raquo;off&raquo; hover_overlay_color=&raquo;rgba(255,255,255,0.9)&raquo; use_border_color=&raquo;off&raquo; border_color=&raquo;#ffffff&raquo; border_style=&raquo;solid&raquo; \/][\/et_pb_column][\/et_pb_row][\/et_pb_section]<\/p>\n","protected":false},"excerpt":{"rendered":"<p>Som vanlig er det debut for \u00e5rbokutstillingen under Nordic Light, s\u00e5 ogs\u00e5 i 2017. 450 bilder er rammet inn og hengt opp &ndash; totalt har NSFF 900 bilder p\u00e5 utstilling i baillbyen denne uken.<\/p>\n","protected":false},"author":7,"featured_media":5663,"comment_status":"open","ping_status":"open","sticky":false,"template":"","format":"standard","meta":{"_et_pb_use_builder":"on","_et_pb_old_content":"Som vanlig er det debut for \u00e5rbokutstillingen under Nordic Light i Kristiansund, s\u00e5 ogs\u00e5 i 2017. En delegasjon fra selskapet ankom baillbyen dager f\u00f8r arrangementsstart, for \u00e5 ramme inn bildene som utstillingsansvarlig Tor-Henrik \"Totto\" Furmyr hadde s\u00f8rget for \u00e5 printe p\u00e5 forh\u00e5nd. Her er noen bildeglimt fra Roald Synnev\u00e5g:","_et_gb_content_width":"","footnotes":""},"categories":[91,51],"tags":[391,544,504,542,543],"class_list":["post-5660","post","type-post","status-publish","format-standard","has-post-thumbnail","hentry","category-inspirasjon","category-reisebrev","tag-391","tag-arbokutstilling","tag-kristiansund","tag-nl","tag-nordic-light","et-has-post-format-content","et_post_format-et-post-format-standard"],"yoast_head":"<!-- This site is optimized with the Yoast SEO plugin v27.5 - https:\/\/yoast.com\/product\/yoast-seo-wordpress\/ -->\n<title>NSFF med \u00e5rbokutstilling p\u00e5 Nordic Light 2017 - NSFF Magasin | Norsk Selskap for Fotografi<\/title>\n<meta name=\"description\" content=\"Som vanlig debuterer \u00e5rbokutstillingen under Nordic Light, s\u00e5 ogs\u00e5 i 2017. De 450 bildene utgj\u00f8r halvparten av alle NSFF-bilder som kan sees i baillbyen.\" \/>\n<meta name=\"robots\" content=\"index, follow, max-snippet:-1, max-image-preview:large, max-video-preview:-1\" \/>\n<link rel=\"canonical\" href=\"https:\/\/nsff.no\/magasinet\/2017\/05\/05\/nsff-aarbokutstilling-nordic-light-2017\/\" \/>\n<meta property=\"og:locale\" content=\"nb_NO\" \/>\n<meta property=\"og:type\" content=\"article\" \/>\n<meta property=\"og:title\" content=\"NSFF med \u00e5rbokutstilling p\u00e5 Nordic Light 2017 - NSFF Magasin | Norsk Selskap for Fotografi\" \/>\n<meta property=\"og:description\" content=\"Som vanlig debuterer \u00e5rbokutstillingen under Nordic Light, s\u00e5 ogs\u00e5 i 2017. De 450 bildene utgj\u00f8r halvparten av alle NSFF-bilder som kan sees i baillbyen.\" \/>\n<meta property=\"og:url\" content=\"https:\/\/nsff.no\/magasinet\/2017\/05\/05\/nsff-aarbokutstilling-nordic-light-2017\/\" \/>\n<meta property=\"og:site_name\" content=\"NSFF Magasin | Norsk Selskap for Fotografi\" \/>\n<meta property=\"article:published_time\" content=\"2017-05-05T15:42:23+00:00\" \/>\n<meta property=\"article:modified_time\" content=\"2017-08-04T12:30:56+00:00\" \/>\n<meta property=\"og:image\" content=\"https:\/\/nsff.no\/magasinet\/wp-content\/uploads\/sites\/2\/2017\/05\/NL2017_roald_synnevaag-3.jpg\" \/>\n\t<meta property=\"og:image:width\" content=\"1\" \/>\n\t<meta property=\"og:image:height\" content=\"1\" \/>\n\t<meta property=\"og:image:type\" content=\"image\/jpeg\" \/>\n<meta name=\"author\" content=\"Birgit Fostervold\" \/>\n<meta name=\"twitter:card\" content=\"summary_large_image\" \/>\n<meta name=\"twitter:label1\" content=\"Skrevet av\" \/>\n\t<meta name=\"twitter:data1\" content=\"Birgit Fostervold\" \/>\n\t<meta name=\"twitter:label2\" content=\"Ansl. lesetid\" \/>\n\t<meta name=\"twitter:data2\" content=\"1 minutt\" \/>\n<script type=\"application\/ld+json\" class=\"yoast-schema-graph\">{\"@context\":\"https:\\\/\\\/schema.org\",\"@graph\":[{\"@type\":\"Article\",\"@id\":\"https:\\\/\\\/nsff.no\\\/magasinet\\\/2017\\\/05\\\/05\\\/nsff-aarbokutstilling-nordic-light-2017\\\/#article\",\"isPartOf\":{\"@id\":\"https:\\\/\\\/nsff.no\\\/magasinet\\\/2017\\\/05\\\/05\\\/nsff-aarbokutstilling-nordic-light-2017\\\/\"},\"author\":{\"name\":\"Birgit Fostervold\",\"@id\":\"https:\\\/\\\/nsff.no\\\/magasinet\\\/#\\\/schema\\\/person\\\/da041f968afa9bee0293372491a98303\"},\"headline\":\"NSFF med \u00e5rbokutstilling p\u00e5 Nordic Light 2017\",\"datePublished\":\"2017-05-05T15:42:23+00:00\",\"dateModified\":\"2017-08-04T12:30:56+00:00\",\"mainEntityOfPage\":{\"@id\":\"https:\\\/\\\/nsff.no\\\/magasinet\\\/2017\\\/05\\\/05\\\/nsff-aarbokutstilling-nordic-light-2017\\\/\"},\"wordCount\":165,\"commentCount\":1,\"publisher\":{\"@id\":\"https:\\\/\\\/nsff.no\\\/magasinet\\\/#organization\"},\"image\":{\"@id\":\"https:\\\/\\\/nsff.no\\\/magasinet\\\/2017\\\/05\\\/05\\\/nsff-aarbokutstilling-nordic-light-2017\\\/#primaryimage\"},\"thumbnailUrl\":\"https:\\\/\\\/nsff.no\\\/magasinet\\\/wp-content\\\/uploads\\\/sites\\\/2\\\/2017\\\/05\\\/NL2017_roald_synnevaag-3.jpg\",\"keywords\":[\"2017\",\"\u00e5rbokutstilling\",\"Kristiansund\",\"nl\",\"Nordic Light\"],\"articleSection\":[\"Inspirasjon\",\"Reisebrev\"],\"inLanguage\":\"nb-NO\",\"potentialAction\":[{\"@type\":\"CommentAction\",\"name\":\"Comment\",\"target\":[\"https:\\\/\\\/nsff.no\\\/magasinet\\\/2017\\\/05\\\/05\\\/nsff-aarbokutstilling-nordic-light-2017\\\/#respond\"]}]},{\"@type\":\"WebPage\",\"@id\":\"https:\\\/\\\/nsff.no\\\/magasinet\\\/2017\\\/05\\\/05\\\/nsff-aarbokutstilling-nordic-light-2017\\\/\",\"url\":\"https:\\\/\\\/nsff.no\\\/magasinet\\\/2017\\\/05\\\/05\\\/nsff-aarbokutstilling-nordic-light-2017\\\/\",\"name\":\"NSFF med \u00e5rbokutstilling p\u00e5 Nordic Light 2017 - NSFF Magasin | Norsk Selskap for Fotografi\",\"isPartOf\":{\"@id\":\"https:\\\/\\\/nsff.no\\\/magasinet\\\/#website\"},\"primaryImageOfPage\":{\"@id\":\"https:\\\/\\\/nsff.no\\\/magasinet\\\/2017\\\/05\\\/05\\\/nsff-aarbokutstilling-nordic-light-2017\\\/#primaryimage\"},\"image\":{\"@id\":\"https:\\\/\\\/nsff.no\\\/magasinet\\\/2017\\\/05\\\/05\\\/nsff-aarbokutstilling-nordic-light-2017\\\/#primaryimage\"},\"thumbnailUrl\":\"https:\\\/\\\/nsff.no\\\/magasinet\\\/wp-content\\\/uploads\\\/sites\\\/2\\\/2017\\\/05\\\/NL2017_roald_synnevaag-3.jpg\",\"datePublished\":\"2017-05-05T15:42:23+00:00\",\"dateModified\":\"2017-08-04T12:30:56+00:00\",\"description\":\"Som vanlig debuterer \u00e5rbokutstillingen under Nordic Light, s\u00e5 ogs\u00e5 i 2017. De 450 bildene utgj\u00f8r halvparten av alle NSFF-bilder som kan sees i baillbyen.\",\"breadcrumb\":{\"@id\":\"https:\\\/\\\/nsff.no\\\/magasinet\\\/2017\\\/05\\\/05\\\/nsff-aarbokutstilling-nordic-light-2017\\\/#breadcrumb\"},\"inLanguage\":\"nb-NO\",\"potentialAction\":[{\"@type\":\"ReadAction\",\"target\":[\"https:\\\/\\\/nsff.no\\\/magasinet\\\/2017\\\/05\\\/05\\\/nsff-aarbokutstilling-nordic-light-2017\\\/\"]}]},{\"@type\":\"ImageObject\",\"inLanguage\":\"nb-NO\",\"@id\":\"https:\\\/\\\/nsff.no\\\/magasinet\\\/2017\\\/05\\\/05\\\/nsff-aarbokutstilling-nordic-light-2017\\\/#primaryimage\",\"url\":\"https:\\\/\\\/nsff.no\\\/magasinet\\\/wp-content\\\/uploads\\\/sites\\\/2\\\/2017\\\/05\\\/NL2017_roald_synnevaag-3.jpg\",\"contentUrl\":\"https:\\\/\\\/nsff.no\\\/magasinet\\\/wp-content\\\/uploads\\\/sites\\\/2\\\/2017\\\/05\\\/NL2017_roald_synnevaag-3.jpg\",\"caption\":\"Fra Nordic Light 2017 (foto: Roald Synnev\u00e5g)\"},{\"@type\":\"BreadcrumbList\",\"@id\":\"https:\\\/\\\/nsff.no\\\/magasinet\\\/2017\\\/05\\\/05\\\/nsff-aarbokutstilling-nordic-light-2017\\\/#breadcrumb\",\"itemListElement\":[{\"@type\":\"ListItem\",\"position\":1,\"name\":\"Hjem\",\"item\":\"https:\\\/\\\/nsff.no\\\/magasinet\\\/\"},{\"@type\":\"ListItem\",\"position\":2,\"name\":\"NSFF med \u00e5rbokutstilling p\u00e5 Nordic Light 2017\"}]},{\"@type\":\"WebSite\",\"@id\":\"https:\\\/\\\/nsff.no\\\/magasinet\\\/#website\",\"url\":\"https:\\\/\\\/nsff.no\\\/magasinet\\\/\",\"name\":\"NSFF Magasin | Norsk Selskap for Fotografi\",\"description\":\"Medlemsmagasin for film- og fotoentusiaster\",\"publisher\":{\"@id\":\"https:\\\/\\\/nsff.no\\\/magasinet\\\/#organization\"},\"potentialAction\":[{\"@type\":\"SearchAction\",\"target\":{\"@type\":\"EntryPoint\",\"urlTemplate\":\"https:\\\/\\\/nsff.no\\\/magasinet\\\/?s={search_term_string}\"},\"query-input\":{\"@type\":\"PropertyValueSpecification\",\"valueRequired\":true,\"valueName\":\"search_term_string\"}}],\"inLanguage\":\"nb-NO\"},{\"@type\":\"Organization\",\"@id\":\"https:\\\/\\\/nsff.no\\\/magasinet\\\/#organization\",\"name\":\"Norsk Selskap for Fotografo\",\"url\":\"https:\\\/\\\/nsff.no\\\/magasinet\\\/\",\"logo\":{\"@type\":\"ImageObject\",\"inLanguage\":\"nb-NO\",\"@id\":\"https:\\\/\\\/nsff.no\\\/magasinet\\\/#\\\/schema\\\/logo\\\/image\\\/\",\"url\":\"https:\\\/\\\/nsff.no\\\/magasinet\\\/wp-content\\\/uploads\\\/sites\\\/2\\\/2016\\\/05\\\/NSFF-fb-lenkebilde.png\",\"contentUrl\":\"https:\\\/\\\/nsff.no\\\/magasinet\\\/wp-content\\\/uploads\\\/sites\\\/2\\\/2016\\\/05\\\/NSFF-fb-lenkebilde.png\",\"width\":1,\"height\":1,\"caption\":\"Norsk Selskap for Fotografo\"},\"image\":{\"@id\":\"https:\\\/\\\/nsff.no\\\/magasinet\\\/#\\\/schema\\\/logo\\\/image\\\/\"}},{\"@type\":\"Person\",\"@id\":\"https:\\\/\\\/nsff.no\\\/magasinet\\\/#\\\/schema\\\/person\\\/da041f968afa9bee0293372491a98303\",\"name\":\"Birgit Fostervold\",\"image\":{\"@type\":\"ImageObject\",\"inLanguage\":\"nb-NO\",\"@id\":\"https:\\\/\\\/secure.gravatar.com\\\/avatar\\\/d8b31664a01c80eecbf53f36dc41fa676bbfe7c78cb2391937a62f88da897950?s=96&d=mm&r=g\",\"url\":\"https:\\\/\\\/secure.gravatar.com\\\/avatar\\\/d8b31664a01c80eecbf53f36dc41fa676bbfe7c78cb2391937a62f88da897950?s=96&d=mm&r=g\",\"contentUrl\":\"https:\\\/\\\/secure.gravatar.com\\\/avatar\\\/d8b31664a01c80eecbf53f36dc41fa676bbfe7c78cb2391937a62f88da897950?s=96&d=mm&r=g\",\"caption\":\"Birgit Fostervold\"},\"description\":\"EsNSFF, HonENFFF, medlem i Homborsund fotoklubb og Arendal fotoklubb. Styremedlem NSFF, Nordisk Forbund for Fotografi og Norsk Naturfotofestival. Tidl. nestleder og konst.leder NSFF (2017\u201322), tidl. redakt\u00f8r for NSFF Magasin (2016\u201322).\",\"sameAs\":[\"https:\\\/\\\/lensbirdie.no\",\"https:\\\/\\\/instagram.com\\\/knipselyst\\\/\"],\"url\":\"https:\\\/\\\/nsff.no\\\/magasinet\\\/author\\\/birgitf\\\/\"}]}<\/script>\n<!-- \/ Yoast SEO plugin. -->","yoast_head_json":{"title":"NSFF med \u00e5rbokutstilling p\u00e5 Nordic Light 2017 - NSFF Magasin | Norsk Selskap for Fotografi","description":"Som vanlig debuterer \u00e5rbokutstillingen under Nordic Light, s\u00e5 ogs\u00e5 i 2017. De 450 bildene utgj\u00f8r halvparten av alle NSFF-bilder som kan sees i baillbyen.","robots":{"index":"index","follow":"follow","max-snippet":"max-snippet:-1","max-image-preview":"max-image-preview:large","max-video-preview":"max-video-preview:-1"},"canonical":"https:\/\/nsff.no\/magasinet\/2017\/05\/05\/nsff-aarbokutstilling-nordic-light-2017\/","og_locale":"nb_NO","og_type":"article","og_title":"NSFF med \u00e5rbokutstilling p\u00e5 Nordic Light 2017 - NSFF Magasin | Norsk Selskap for Fotografi","og_description":"Som vanlig debuterer \u00e5rbokutstillingen under Nordic Light, s\u00e5 ogs\u00e5 i 2017. De 450 bildene utgj\u00f8r halvparten av alle NSFF-bilder som kan sees i baillbyen.","og_url":"https:\/\/nsff.no\/magasinet\/2017\/05\/05\/nsff-aarbokutstilling-nordic-light-2017\/","og_site_name":"NSFF Magasin | Norsk Selskap for Fotografi","article_published_time":"2017-05-05T15:42:23+00:00","article_modified_time":"2017-08-04T12:30:56+00:00","og_image":[{"url":"https:\/\/nsff.no\/magasinet\/wp-content\/uploads\/sites\/2\/2017\/05\/NL2017_roald_synnevaag-3.jpg","width":1,"height":1,"type":"image\/jpeg"}],"author":"Birgit Fostervold","twitter_card":"summary_large_image","twitter_misc":{"Skrevet av":"Birgit Fostervold","Ansl. lesetid":"1 minutt"},"schema":{"@context":"https:\/\/schema.org","@graph":[{"@type":"Article","@id":"https:\/\/nsff.no\/magasinet\/2017\/05\/05\/nsff-aarbokutstilling-nordic-light-2017\/#article","isPartOf":{"@id":"https:\/\/nsff.no\/magasinet\/2017\/05\/05\/nsff-aarbokutstilling-nordic-light-2017\/"},"author":{"name":"Birgit Fostervold","@id":"https:\/\/nsff.no\/magasinet\/#\/schema\/person\/da041f968afa9bee0293372491a98303"},"headline":"NSFF med \u00e5rbokutstilling p\u00e5 Nordic Light 2017","datePublished":"2017-05-05T15:42:23+00:00","dateModified":"2017-08-04T12:30:56+00:00","mainEntityOfPage":{"@id":"https:\/\/nsff.no\/magasinet\/2017\/05\/05\/nsff-aarbokutstilling-nordic-light-2017\/"},"wordCount":165,"commentCount":1,"publisher":{"@id":"https:\/\/nsff.no\/magasinet\/#organization"},"image":{"@id":"https:\/\/nsff.no\/magasinet\/2017\/05\/05\/nsff-aarbokutstilling-nordic-light-2017\/#primaryimage"},"thumbnailUrl":"https:\/\/nsff.no\/magasinet\/wp-content\/uploads\/sites\/2\/2017\/05\/NL2017_roald_synnevaag-3.jpg","keywords":["2017","\u00e5rbokutstilling","Kristiansund","nl","Nordic Light"],"articleSection":["Inspirasjon","Reisebrev"],"inLanguage":"nb-NO","potentialAction":[{"@type":"CommentAction","name":"Comment","target":["https:\/\/nsff.no\/magasinet\/2017\/05\/05\/nsff-aarbokutstilling-nordic-light-2017\/#respond"]}]},{"@type":"WebPage","@id":"https:\/\/nsff.no\/magasinet\/2017\/05\/05\/nsff-aarbokutstilling-nordic-light-2017\/","url":"https:\/\/nsff.no\/magasinet\/2017\/05\/05\/nsff-aarbokutstilling-nordic-light-2017\/","name":"NSFF med \u00e5rbokutstilling p\u00e5 Nordic Light 2017 - NSFF Magasin | Norsk Selskap for Fotografi","isPartOf":{"@id":"https:\/\/nsff.no\/magasinet\/#website"},"primaryImageOfPage":{"@id":"https:\/\/nsff.no\/magasinet\/2017\/05\/05\/nsff-aarbokutstilling-nordic-light-2017\/#primaryimage"},"image":{"@id":"https:\/\/nsff.no\/magasinet\/2017\/05\/05\/nsff-aarbokutstilling-nordic-light-2017\/#primaryimage"},"thumbnailUrl":"https:\/\/nsff.no\/magasinet\/wp-content\/uploads\/sites\/2\/2017\/05\/NL2017_roald_synnevaag-3.jpg","datePublished":"2017-05-05T15:42:23+00:00","dateModified":"2017-08-04T12:30:56+00:00","description":"Som vanlig debuterer \u00e5rbokutstillingen under Nordic Light, s\u00e5 ogs\u00e5 i 2017. De 450 bildene utgj\u00f8r halvparten av alle NSFF-bilder som kan sees i baillbyen.","breadcrumb":{"@id":"https:\/\/nsff.no\/magasinet\/2017\/05\/05\/nsff-aarbokutstilling-nordic-light-2017\/#breadcrumb"},"inLanguage":"nb-NO","potentialAction":[{"@type":"ReadAction","target":["https:\/\/nsff.no\/magasinet\/2017\/05\/05\/nsff-aarbokutstilling-nordic-light-2017\/"]}]},{"@type":"ImageObject","inLanguage":"nb-NO","@id":"https:\/\/nsff.no\/magasinet\/2017\/05\/05\/nsff-aarbokutstilling-nordic-light-2017\/#primaryimage","url":"https:\/\/nsff.no\/magasinet\/wp-content\/uploads\/sites\/2\/2017\/05\/NL2017_roald_synnevaag-3.jpg","contentUrl":"https:\/\/nsff.no\/magasinet\/wp-content\/uploads\/sites\/2\/2017\/05\/NL2017_roald_synnevaag-3.jpg","caption":"Fra Nordic Light 2017 (foto: Roald Synnev\u00e5g)"},{"@type":"BreadcrumbList","@id":"https:\/\/nsff.no\/magasinet\/2017\/05\/05\/nsff-aarbokutstilling-nordic-light-2017\/#breadcrumb","itemListElement":[{"@type":"ListItem","position":1,"name":"Hjem","item":"https:\/\/nsff.no\/magasinet\/"},{"@type":"ListItem","position":2,"name":"NSFF med \u00e5rbokutstilling p\u00e5 Nordic Light 2017"}]},{"@type":"WebSite","@id":"https:\/\/nsff.no\/magasinet\/#website","url":"https:\/\/nsff.no\/magasinet\/","name":"NSFF Magasin | Norsk Selskap for Fotografi","description":"Medlemsmagasin for film- og fotoentusiaster","publisher":{"@id":"https:\/\/nsff.no\/magasinet\/#organization"},"potentialAction":[{"@type":"SearchAction","target":{"@type":"EntryPoint","urlTemplate":"https:\/\/nsff.no\/magasinet\/?s={search_term_string}"},"query-input":{"@type":"PropertyValueSpecification","valueRequired":true,"valueName":"search_term_string"}}],"inLanguage":"nb-NO"},{"@type":"Organization","@id":"https:\/\/nsff.no\/magasinet\/#organization","name":"Norsk Selskap for Fotografo","url":"https:\/\/nsff.no\/magasinet\/","logo":{"@type":"ImageObject","inLanguage":"nb-NO","@id":"https:\/\/nsff.no\/magasinet\/#\/schema\/logo\/image\/","url":"https:\/\/nsff.no\/magasinet\/wp-content\/uploads\/sites\/2\/2016\/05\/NSFF-fb-lenkebilde.png","contentUrl":"https:\/\/nsff.no\/magasinet\/wp-content\/uploads\/sites\/2\/2016\/05\/NSFF-fb-lenkebilde.png","width":1,"height":1,"caption":"Norsk Selskap for Fotografo"},"image":{"@id":"https:\/\/nsff.no\/magasinet\/#\/schema\/logo\/image\/"}},{"@type":"Person","@id":"https:\/\/nsff.no\/magasinet\/#\/schema\/person\/da041f968afa9bee0293372491a98303","name":"Birgit Fostervold","image":{"@type":"ImageObject","inLanguage":"nb-NO","@id":"https:\/\/secure.gravatar.com\/avatar\/d8b31664a01c80eecbf53f36dc41fa676bbfe7c78cb2391937a62f88da897950?s=96&d=mm&r=g","url":"https:\/\/secure.gravatar.com\/avatar\/d8b31664a01c80eecbf53f36dc41fa676bbfe7c78cb2391937a62f88da897950?s=96&d=mm&r=g","contentUrl":"https:\/\/secure.gravatar.com\/avatar\/d8b31664a01c80eecbf53f36dc41fa676bbfe7c78cb2391937a62f88da897950?s=96&d=mm&r=g","caption":"Birgit Fostervold"},"description":"EsNSFF, HonENFFF, medlem i Homborsund fotoklubb og Arendal fotoklubb. Styremedlem NSFF, Nordisk Forbund for Fotografi og Norsk Naturfotofestival. Tidl. nestleder og konst.leder NSFF (2017\u201322), tidl. redakt\u00f8r for NSFF Magasin (2016\u201322).","sameAs":["https:\/\/lensbirdie.no","https:\/\/instagram.com\/knipselyst\/"],"url":"https:\/\/nsff.no\/magasinet\/author\/birgitf\/"}]}},"_links":{"self":[{"href":"https:\/\/nsff.no\/magasinet\/wp-json\/wp\/v2\/posts\/5660","targetHints":{"allow":["GET"]}}],"collection":[{"href":"https:\/\/nsff.no\/magasinet\/wp-json\/wp\/v2\/posts"}],"about":[{"href":"https:\/\/nsff.no\/magasinet\/wp-json\/wp\/v2\/types\/post"}],"author":[{"embeddable":true,"href":"https:\/\/nsff.no\/magasinet\/wp-json\/wp\/v2\/users\/7"}],"replies":[{"embeddable":true,"href":"https:\/\/nsff.no\/magasinet\/wp-json\/wp\/v2\/comments?post=5660"}],"version-history":[{"count":5,"href":"https:\/\/nsff.no\/magasinet\/wp-json\/wp\/v2\/posts\/5660\/revisions"}],"predecessor-version":[{"id":5673,"href":"https:\/\/nsff.no\/magasinet\/wp-json\/wp\/v2\/posts\/5660\/revisions\/5673"}],"wp:featuredmedia":[{"embeddable":true,"href":"https:\/\/nsff.no\/magasinet\/wp-json\/wp\/v2\/media\/5663"}],"wp:attachment":[{"href":"https:\/\/nsff.no\/magasinet\/wp-json\/wp\/v2\/media?parent=5660"}],"wp:term":[{"taxonomy":"category","embeddable":true,"href":"https:\/\/nsff.no\/magasinet\/wp-json\/wp\/v2\/categories?post=5660"},{"taxonomy":"post_tag","embeddable":true,"href":"https:\/\/nsff.no\/magasinet\/wp-json\/wp\/v2\/tags?post=5660"}],"curies":[{"name":"wp","href":"https:\/\/api.w.org\/{rel}","templated":true}]}}