{"id":5409,"date":"2017-03-30T22:17:41","date_gmt":"2017-03-30T20:17:41","guid":{"rendered":"http:\/\/nsff.no\/magasinet\/?p=5409"},"modified":"2017-03-30T22:25:03","modified_gmt":"2017-03-30T20:25:03","slug":"skodje-inviterer-fotokveld-roger-brendhagen","status":"publish","type":"post","link":"https:\/\/nsff.no\/magasinet\/2017\/03\/30\/skodje-inviterer-fotokveld-roger-brendhagen\/","title":{"rendered":"Skodje inviterer til fotokveld med Roger Brendhagen"},"content":{"rendered":"<p>[et_pb_section bb_built=&raquo;1&#8243; admin_label=&raquo;section&raquo;][et_pb_row admin_label=&raquo;row&raquo;][et_pb_column type=&raquo;2_3&#8243;][et_pb_text admin_label=&raquo;Tekst&raquo;]<\/p>\n<p>Skodje Fotoklubb f\u00e5r bes\u00f8k av Roger Brendhagen torsdag 27. april. Naturfotograf og Nikonambassad\u00f8r Brendhagen er en fantastisk dyktig fotograf som har reist over store deler av verden. Han forteller utrolige historier, og bildene hans er unike! I tillegg til bildevisning og gode historier vil det bli gitt generelle tips og praktiske r\u00e5d om makro- og naturfotografering.<\/p>\n<p>Ta turen til Skodje for en interessant og inspirerende kveld! <\/p>\n<p>Sted: Kultursalen i Gomerhuset<br \/>\nTid: torsdag 27. april 2017 fra klokken 19 (antatt \u00e5 vare 2,5 \u2013 3 timer)<br \/>\nBillettpris: 200 kroner, medlemmer i Skodje fotoklubb f\u00e5r 50 % rabatt<\/p>\n<p>Kj\u00f8p billetter p\u00e5 <a href=\"http:\/\/www.skodjefotoklubb.no\" target=\"_blank\">www.skodjefotoklubb.no<\/a>, i den gratis mobil-\/nettbrettappen Sping, eller ved framm\u00f8te.<\/p>\n<p>[\/et_pb_text][\/et_pb_column][et_pb_column type=&raquo;1_3&#8243;][et_pb_image admin_label=&raquo;Bilde Roger Brendhagen&raquo; src=&raquo;http:\/\/nsff.no\/magasinet\/wp-content\/uploads\/sites\/2\/2017\/03\/RogerII.jpg&raquo; alt=&raquo;Roger Brendhagen til Skodje fotoklubb&raquo; title_text=&raquo;Roger Brendhagen til Skodje fotoklubb&raquo; show_in_lightbox=&raquo;on&raquo; url_new_window=&raquo;off&raquo; use_overlay=&raquo;off&raquo; animation=&raquo;off&raquo; sticky=&raquo;off&raquo; align=&raquo;left&raquo; force_fullwidth=&raquo;off&raquo; always_center_on_mobile=&raquo;on&raquo; use_border_color=&raquo;off&raquo; border_color=&raquo;#ffffff&raquo; border_style=&raquo;solid&raquo; \/][\/et_pb_column][\/et_pb_row][et_pb_row admin_label=&raquo;Rad&raquo;][et_pb_column type=&raquo;1_3&#8243;][et_pb_gallery admin_label=&raquo;Galleri&raquo; gallery_ids=&raquo;5411,5410,5413,5414&#8243; fullwidth=&raquo;off&raquo; orientation=&raquo;landscape&raquo; show_title_and_caption=&raquo;off&raquo; show_pagination=&raquo;off&raquo; background_layout=&raquo;light&raquo; auto=&raquo;off&raquo; hover_overlay_color=&raquo;rgba(255,255,255,0.9)&raquo; use_border_color=&raquo;off&raquo; border_color=&raquo;#ffffff&raquo; border_style=&raquo;solid&raquo; \/][\/et_pb_column][et_pb_column type=&raquo;2_3&#8243;][et_pb_text admin_label=&raquo;Tekst&raquo; background_layout=&raquo;light&raquo; text_orientation=&raquo;left&raquo; use_border_color=&raquo;off&raquo; border_color=&raquo;#ffffff&raquo; border_style=&raquo;solid&raquo;]<\/p>\n<h2>Om Roger Brendhagen<\/h2>\n<p>Kom og se de mest fantastiske bilder av varierte motiver med alt fra norsk og nordisk villmark og dyreliv til eksotiske dyr i andre land og fryktinngytende slanger. F\u00e5 den utrolige historien bak bildene av mesteren selv, Roger Brendhagen.<\/p>\n<p>Naturfotograf og Nikonambassad\u00f8r Roger Brendhagen vil gi deg en interessant innf\u00f8ring i en spennende verden ved hjelp av objektiver. <\/p>\n<p>Roger Brendhagen har lang erfaring som naturfotograf med artikler og bilder i Vi Menn, Aftenposten, Dagbladet og A-Magasinet, i tillegg til en rekke europeiske aviser og magasiner. Han har hatt flere fotoutstillinger de siste \u00e5rene &ndash; med motiver fra Antarktis i s\u00f8r til Svalbard i nord. Roger holder en rekke kurs og workshops innen makro- og naturfotografering, og har faste foto-workshop i Mongolia, Sri Lanka, Kenya og rundt om i Norden. Han hadde n\u00e6rmere 6000 deltagere p\u00e5 sine fotokurs i 2015. <\/p>\n<p>N\u00e5r Roger ikke er ute og reiser er han ofte \u00e5 finne p\u00e5 Dovrefjell. Her holder han p\u00e5 med et bokprosjekt om moskusfe og fjellrev. Der de fleste rygger unna g\u00e5r han tett p\u00e5, og tar makrobilder av b\u00e5de giftslanger og kvelerslanger. Selv sier han at han f\u00e5r den samme gleden av \u00e5 fotografere en dompap p\u00e5 Sn\u00e5sa som \u00e5 m\u00f8te en emu i Australia. <\/p>\n<p>Roger Brendhagen er f\u00f8dt i 1968 i Oslo, men oppvokst i landlige omgivelser p\u00e5 Hedmarken. Bor n\u00e5 i Filipstad i Sverige, men med side 250 reised\u00f8gn i \u00e5ret har han hele verden som sin arbeidsplass. Han er tilknyttet Nikon som fotograf, og er Nikon Ambassad\u00f8r.<\/p>\n<p>Roger sitter i juryen til flere store fotokonkurranser, men deltar ogs\u00e5 i noen selv.<br \/>\nF\u00f8lg arbeidet hans p\u00e5: <\/p>\n<ul>\n<li><a href=\"http:\/\/www.brendhagen.com\" target=\"_blank\">www.brendhagen.com<\/a><\/li>\n<li><a href=\"http:\/\/www.facebook.com\/roger.brendhagen\" target=\"_blank\">www.facebook.com\/roger.brendhagen<\/a><\/li>\n<li><a href=\"http:\/\/www.facebook.com\/photographerbrendhagen\" target=\"_blank\">www.facebook.com\/photographerbrendhagen<\/a><\/li>\n<\/ul>\n<p>[\/et_pb_text][\/et_pb_column][\/et_pb_row][\/et_pb_section][et_pb_section bb_built=&raquo;1&#8243; admin_label=&raquo;Seksjon&raquo; fullwidth=&raquo;off&raquo; specialty=&raquo;off&raquo; transparent_background=&raquo;off&raquo; allow_player_pause=&raquo;off&raquo; inner_shadow=&raquo;off&raquo; parallax=&raquo;off&raquo; parallax_method=&raquo;on&raquo; make_fullwidth=&raquo;off&raquo; use_custom_width=&raquo;off&raquo; width_unit=&raquo;on&raquo; make_equal=&raquo;off&raquo; use_custom_gutter=&raquo;off&raquo; global_module=&raquo;5421&#8243;][et_pb_row admin_label=&raquo;Rad&raquo; global_parent=&raquo;5421&#8243;][et_pb_column type=&raquo;4_4&#8243;][et_pb_divider admin_label=&raquo;Skillelinje&raquo; global_parent=&raquo;5421&#8243; color=&raquo;#0c71c3&#8243; show_divider=&raquo;on&raquo; divider_style=&raquo;solid&raquo; divider_position=&raquo;top&raquo; hide_on_mobile=&raquo;on&raquo; \/][\/et_pb_column][\/et_pb_row][et_pb_row admin_label=&raquo;Rad&raquo; global_parent=&raquo;5421&#8243;][et_pb_column type=&raquo;1_3&#8243;][et_pb_image admin_label=&raquo;Skodje fotoklubb logo&raquo; global_parent=&raquo;5421&#8243; src=&raquo;http:\/\/nsff.no\/magasinet\/wp-content\/uploads\/sites\/2\/2017\/03\/skodjefotoklubb-logo.jpg&raquo; alt=&raquo;Skodje fotoklubb logo&raquo; show_in_lightbox=&raquo;off&raquo; url=&raquo;http:\/\/www.skodjefotoklubb.no\/&raquo; url_new_window=&raquo;off&raquo; use_overlay=&raquo;off&raquo; animation=&raquo;off&raquo; sticky=&raquo;off&raquo; align=&raquo;left&raquo; force_fullwidth=&raquo;off&raquo; always_center_on_mobile=&raquo;on&raquo; use_border_color=&raquo;off&raquo; border_color=&raquo;#ffffff&raquo; border_style=&raquo;solid&raquo; \/][\/et_pb_column][et_pb_column type=&raquo;2_3&#8243;][et_pb_text admin_label=&raquo;Tekst&raquo; global_parent=&raquo;5421&#8243; background_layout=&raquo;light&raquo; text_orientation=&raquo;left&raquo; use_border_color=&raquo;off&raquo; border_color=&raquo;#ffffff&raquo; border_style=&raquo;solid&raquo;]<\/p>\n<h2>Skodje fotoklubb<\/h2>\n<p>Form\u00e5let med Skodje fotoklubb er:<\/p>\n<ul>\n<li>\u00c5 gi medlemmene auka kunnskap om fotografi.<\/li>\n<li>\u00c5 auke interessa for godt fotografi i lokalsamfunnet.<\/li>\n<li>\u00c5 skape eit bredt fotomilj\u00f8.<\/li>\n<\/ul>\n<p>[\/et_pb_text][\/et_pb_column][\/et_pb_row][\/et_pb_section]<\/p>\n","protected":false},"excerpt":{"rendered":"<p>Ta turen til Skodje for en interessant og inspirerende kveld med naturfotograf og Nikonambassad\u00f8r Roger Brendhagen torsdag 27. april!<\/p>\n","protected":false},"author":49,"featured_media":5412,"comment_status":"open","ping_status":"open","sticky":false,"template":"","format":"standard","meta":{"_et_pb_use_builder":"on","_et_pb_old_content":"Skodje Fotoklubb f\u00e5r bes\u00f8k av Roger Brendhagen torsdag 27. april. Naturfotograf og Nikonambassad\u00f8r Brendhagen er en fantastisk dyktig fotograf som har reist over store deler av verden. Han forteller utrolige historier, og bildene hans er unike! I tillegg til bildevisning og gode historier vil det bli gitt generelle tips og praktiske r\u00e5d om makro- og naturfotografering.\r\n \r\nTa turen til Skodje for en interessant og inspirerende kveld! \r\n\r\nSted: Kultursalen i Gomerhuset\r\nTid: torsdag 27. april 2017 fra klokken 19 (antatt \u00e5 vare 2,5 \u2013 3 timer)\r\nBillettpris: 200 kroner, medlemmer i Skodje fotoklubb f\u00e5r 50 % rabatt\r\n\r\nKj\u00f8p billetter p\u00e5 <a href=\"http:\/\/www.skodjefotoklubb.no\" target=\"_blank\">www.skodjefotoklubb.no<\/a>, i den gratis mobil-\/nettbrettappen Sping, eller ved framm\u00f8te.","_et_gb_content_width":"","footnotes":""},"categories":[260,91],"tags":[391,457,512,48],"class_list":["post-5409","post","type-post","status-publish","format-standard","has-post-thumbnail","hentry","category-foredrag","category-inspirasjon","tag-391","tag-fotoforedrag","tag-roger-brendhagen","tag-skodje-fotoklubb","et-has-post-format-content","et_post_format-et-post-format-standard"],"yoast_head":"<!-- This site is optimized with the Yoast SEO plugin v27.5 - https:\/\/yoast.com\/product\/yoast-seo-wordpress\/ -->\n<title>Skodje inviterer til fotokveld med Roger Brendhagen - NSFF Magasin | Norsk Selskap for Fotografi<\/title>\n<meta name=\"description\" content=\"Ta turen til Skodje for en interessant og inspirerende kveld med naturfotograf og Nikonambassad\u00f8r Roger Brendhagen torsdag 27. april!\" \/>\n<meta name=\"robots\" content=\"index, follow, max-snippet:-1, max-image-preview:large, max-video-preview:-1\" \/>\n<link rel=\"canonical\" href=\"https:\/\/nsff.no\/magasinet\/2017\/03\/30\/skodje-inviterer-fotokveld-roger-brendhagen\/\" \/>\n<meta property=\"og:locale\" content=\"nb_NO\" \/>\n<meta property=\"og:type\" content=\"article\" \/>\n<meta property=\"og:title\" content=\"Skodje inviterer til fotokveld med Roger Brendhagen - NSFF Magasin | Norsk Selskap for Fotografi\" \/>\n<meta property=\"og:description\" content=\"Ta turen til Skodje for en interessant og inspirerende kveld med naturfotograf og Nikonambassad\u00f8r Roger Brendhagen torsdag 27. april!\" \/>\n<meta property=\"og:url\" content=\"https:\/\/nsff.no\/magasinet\/2017\/03\/30\/skodje-inviterer-fotokveld-roger-brendhagen\/\" \/>\n<meta property=\"og:site_name\" content=\"NSFF Magasin | Norsk Selskap for Fotografi\" \/>\n<meta property=\"article:published_time\" content=\"2017-03-30T20:17:41+00:00\" \/>\n<meta property=\"article:modified_time\" content=\"2017-03-30T20:25:03+00:00\" \/>\n<meta property=\"og:image\" content=\"https:\/\/nsff.no\/magasinet\/wp-content\/uploads\/sites\/2\/2017\/03\/Photo-Roger-Brendhagen-1-20.jpg\" \/>\n\t<meta property=\"og:image:width\" content=\"1\" \/>\n\t<meta property=\"og:image:height\" content=\"1\" \/>\n\t<meta property=\"og:image:type\" content=\"image\/jpeg\" \/>\n<meta name=\"author\" content=\"Arnold Hoddevik\" \/>\n<meta name=\"twitter:card\" content=\"summary_large_image\" \/>\n<meta name=\"twitter:label1\" content=\"Skrevet av\" \/>\n\t<meta name=\"twitter:data1\" content=\"Arnold Hoddevik\" \/>\n\t<meta name=\"twitter:label2\" content=\"Ansl. lesetid\" \/>\n\t<meta name=\"twitter:data2\" content=\"4 minutter\" \/>\n<script type=\"application\/ld+json\" class=\"yoast-schema-graph\">{\"@context\":\"https:\\\/\\\/schema.org\",\"@graph\":[{\"@type\":\"Article\",\"@id\":\"https:\\\/\\\/nsff.no\\\/magasinet\\\/2017\\\/03\\\/30\\\/skodje-inviterer-fotokveld-roger-brendhagen\\\/#article\",\"isPartOf\":{\"@id\":\"https:\\\/\\\/nsff.no\\\/magasinet\\\/2017\\\/03\\\/30\\\/skodje-inviterer-fotokveld-roger-brendhagen\\\/\"},\"author\":{\"name\":\"Arnold Hoddevik\",\"@id\":\"https:\\\/\\\/nsff.no\\\/magasinet\\\/#\\\/schema\\\/person\\\/1092361c6e99167232cb924b1b4e9e77\"},\"headline\":\"Skodje inviterer til fotokveld med Roger Brendhagen\",\"datePublished\":\"2017-03-30T20:17:41+00:00\",\"dateModified\":\"2017-03-30T20:25:03+00:00\",\"mainEntityOfPage\":{\"@id\":\"https:\\\/\\\/nsff.no\\\/magasinet\\\/2017\\\/03\\\/30\\\/skodje-inviterer-fotokveld-roger-brendhagen\\\/\"},\"wordCount\":831,\"commentCount\":0,\"publisher\":{\"@id\":\"https:\\\/\\\/nsff.no\\\/magasinet\\\/#organization\"},\"image\":{\"@id\":\"https:\\\/\\\/nsff.no\\\/magasinet\\\/2017\\\/03\\\/30\\\/skodje-inviterer-fotokveld-roger-brendhagen\\\/#primaryimage\"},\"thumbnailUrl\":\"https:\\\/\\\/nsff.no\\\/magasinet\\\/wp-content\\\/uploads\\\/sites\\\/2\\\/2017\\\/03\\\/Photo-Roger-Brendhagen-1-20.jpg\",\"keywords\":[\"2017\",\"fotoforedrag\",\"Roger Brendhagen\",\"Skodje fotoklubb\"],\"articleSection\":[\"Foredrag\",\"Inspirasjon\"],\"inLanguage\":\"nb-NO\",\"potentialAction\":[{\"@type\":\"CommentAction\",\"name\":\"Comment\",\"target\":[\"https:\\\/\\\/nsff.no\\\/magasinet\\\/2017\\\/03\\\/30\\\/skodje-inviterer-fotokveld-roger-brendhagen\\\/#respond\"]}]},{\"@type\":\"WebPage\",\"@id\":\"https:\\\/\\\/nsff.no\\\/magasinet\\\/2017\\\/03\\\/30\\\/skodje-inviterer-fotokveld-roger-brendhagen\\\/\",\"url\":\"https:\\\/\\\/nsff.no\\\/magasinet\\\/2017\\\/03\\\/30\\\/skodje-inviterer-fotokveld-roger-brendhagen\\\/\",\"name\":\"Skodje inviterer til fotokveld med Roger Brendhagen - NSFF Magasin | Norsk Selskap for Fotografi\",\"isPartOf\":{\"@id\":\"https:\\\/\\\/nsff.no\\\/magasinet\\\/#website\"},\"primaryImageOfPage\":{\"@id\":\"https:\\\/\\\/nsff.no\\\/magasinet\\\/2017\\\/03\\\/30\\\/skodje-inviterer-fotokveld-roger-brendhagen\\\/#primaryimage\"},\"image\":{\"@id\":\"https:\\\/\\\/nsff.no\\\/magasinet\\\/2017\\\/03\\\/30\\\/skodje-inviterer-fotokveld-roger-brendhagen\\\/#primaryimage\"},\"thumbnailUrl\":\"https:\\\/\\\/nsff.no\\\/magasinet\\\/wp-content\\\/uploads\\\/sites\\\/2\\\/2017\\\/03\\\/Photo-Roger-Brendhagen-1-20.jpg\",\"datePublished\":\"2017-03-30T20:17:41+00:00\",\"dateModified\":\"2017-03-30T20:25:03+00:00\",\"description\":\"Ta turen til Skodje for en interessant og inspirerende kveld med naturfotograf og Nikonambassad\u00f8r Roger Brendhagen torsdag 27. april!\",\"breadcrumb\":{\"@id\":\"https:\\\/\\\/nsff.no\\\/magasinet\\\/2017\\\/03\\\/30\\\/skodje-inviterer-fotokveld-roger-brendhagen\\\/#breadcrumb\"},\"inLanguage\":\"nb-NO\",\"potentialAction\":[{\"@type\":\"ReadAction\",\"target\":[\"https:\\\/\\\/nsff.no\\\/magasinet\\\/2017\\\/03\\\/30\\\/skodje-inviterer-fotokveld-roger-brendhagen\\\/\"]}]},{\"@type\":\"ImageObject\",\"inLanguage\":\"nb-NO\",\"@id\":\"https:\\\/\\\/nsff.no\\\/magasinet\\\/2017\\\/03\\\/30\\\/skodje-inviterer-fotokveld-roger-brendhagen\\\/#primaryimage\",\"url\":\"https:\\\/\\\/nsff.no\\\/magasinet\\\/wp-content\\\/uploads\\\/sites\\\/2\\\/2017\\\/03\\\/Photo-Roger-Brendhagen-1-20.jpg\",\"contentUrl\":\"https:\\\/\\\/nsff.no\\\/magasinet\\\/wp-content\\\/uploads\\\/sites\\\/2\\\/2017\\\/03\\\/Photo-Roger-Brendhagen-1-20.jpg\",\"caption\":\"Roger Brendhagen til Skodje fotoklubb\"},{\"@type\":\"BreadcrumbList\",\"@id\":\"https:\\\/\\\/nsff.no\\\/magasinet\\\/2017\\\/03\\\/30\\\/skodje-inviterer-fotokveld-roger-brendhagen\\\/#breadcrumb\",\"itemListElement\":[{\"@type\":\"ListItem\",\"position\":1,\"name\":\"Hjem\",\"item\":\"https:\\\/\\\/nsff.no\\\/magasinet\\\/\"},{\"@type\":\"ListItem\",\"position\":2,\"name\":\"Skodje inviterer til fotokveld med Roger Brendhagen\"}]},{\"@type\":\"WebSite\",\"@id\":\"https:\\\/\\\/nsff.no\\\/magasinet\\\/#website\",\"url\":\"https:\\\/\\\/nsff.no\\\/magasinet\\\/\",\"name\":\"NSFF Magasin | Norsk Selskap for Fotografi\",\"description\":\"Medlemsmagasin for film- og fotoentusiaster\",\"publisher\":{\"@id\":\"https:\\\/\\\/nsff.no\\\/magasinet\\\/#organization\"},\"potentialAction\":[{\"@type\":\"SearchAction\",\"target\":{\"@type\":\"EntryPoint\",\"urlTemplate\":\"https:\\\/\\\/nsff.no\\\/magasinet\\\/?s={search_term_string}\"},\"query-input\":{\"@type\":\"PropertyValueSpecification\",\"valueRequired\":true,\"valueName\":\"search_term_string\"}}],\"inLanguage\":\"nb-NO\"},{\"@type\":\"Organization\",\"@id\":\"https:\\\/\\\/nsff.no\\\/magasinet\\\/#organization\",\"name\":\"Norsk Selskap for Fotografo\",\"url\":\"https:\\\/\\\/nsff.no\\\/magasinet\\\/\",\"logo\":{\"@type\":\"ImageObject\",\"inLanguage\":\"nb-NO\",\"@id\":\"https:\\\/\\\/nsff.no\\\/magasinet\\\/#\\\/schema\\\/logo\\\/image\\\/\",\"url\":\"https:\\\/\\\/nsff.no\\\/magasinet\\\/wp-content\\\/uploads\\\/sites\\\/2\\\/2016\\\/05\\\/NSFF-fb-lenkebilde.png\",\"contentUrl\":\"https:\\\/\\\/nsff.no\\\/magasinet\\\/wp-content\\\/uploads\\\/sites\\\/2\\\/2016\\\/05\\\/NSFF-fb-lenkebilde.png\",\"width\":1,\"height\":1,\"caption\":\"Norsk Selskap for Fotografo\"},\"image\":{\"@id\":\"https:\\\/\\\/nsff.no\\\/magasinet\\\/#\\\/schema\\\/logo\\\/image\\\/\"}},{\"@type\":\"Person\",\"@id\":\"https:\\\/\\\/nsff.no\\\/magasinet\\\/#\\\/schema\\\/person\\\/1092361c6e99167232cb924b1b4e9e77\",\"name\":\"Arnold Hoddevik\",\"image\":{\"@type\":\"ImageObject\",\"inLanguage\":\"nb-NO\",\"@id\":\"https:\\\/\\\/secure.gravatar.com\\\/avatar\\\/b74ac7c9a99c5f450c38d18de0aabede9d50a18e641fe0733d9b9673b1f61114?s=96&d=mm&r=g\",\"url\":\"https:\\\/\\\/secure.gravatar.com\\\/avatar\\\/b74ac7c9a99c5f450c38d18de0aabede9d50a18e641fe0733d9b9673b1f61114?s=96&d=mm&r=g\",\"contentUrl\":\"https:\\\/\\\/secure.gravatar.com\\\/avatar\\\/b74ac7c9a99c5f450c38d18de0aabede9d50a18e641fe0733d9b9673b1f61114?s=96&d=mm&r=g\",\"caption\":\"Arnold Hoddevik\"},\"description\":\"Medlem Skodje Fotoklubb.\",\"url\":\"https:\\\/\\\/nsff.no\\\/magasinet\\\/author\\\/arnoldhoddevik\\\/\"}]}<\/script>\n<!-- \/ Yoast SEO plugin. -->","yoast_head_json":{"title":"Skodje inviterer til fotokveld med Roger Brendhagen - NSFF Magasin | Norsk Selskap for Fotografi","description":"Ta turen til Skodje for en interessant og inspirerende kveld med naturfotograf og Nikonambassad\u00f8r Roger Brendhagen torsdag 27. april!","robots":{"index":"index","follow":"follow","max-snippet":"max-snippet:-1","max-image-preview":"max-image-preview:large","max-video-preview":"max-video-preview:-1"},"canonical":"https:\/\/nsff.no\/magasinet\/2017\/03\/30\/skodje-inviterer-fotokveld-roger-brendhagen\/","og_locale":"nb_NO","og_type":"article","og_title":"Skodje inviterer til fotokveld med Roger Brendhagen - NSFF Magasin | Norsk Selskap for Fotografi","og_description":"Ta turen til Skodje for en interessant og inspirerende kveld med naturfotograf og Nikonambassad\u00f8r Roger Brendhagen torsdag 27. april!","og_url":"https:\/\/nsff.no\/magasinet\/2017\/03\/30\/skodje-inviterer-fotokveld-roger-brendhagen\/","og_site_name":"NSFF Magasin | Norsk Selskap for Fotografi","article_published_time":"2017-03-30T20:17:41+00:00","article_modified_time":"2017-03-30T20:25:03+00:00","og_image":[{"url":"https:\/\/nsff.no\/magasinet\/wp-content\/uploads\/sites\/2\/2017\/03\/Photo-Roger-Brendhagen-1-20.jpg","width":1,"height":1,"type":"image\/jpeg"}],"author":"Arnold Hoddevik","twitter_card":"summary_large_image","twitter_misc":{"Skrevet av":"Arnold Hoddevik","Ansl. lesetid":"4 minutter"},"schema":{"@context":"https:\/\/schema.org","@graph":[{"@type":"Article","@id":"https:\/\/nsff.no\/magasinet\/2017\/03\/30\/skodje-inviterer-fotokveld-roger-brendhagen\/#article","isPartOf":{"@id":"https:\/\/nsff.no\/magasinet\/2017\/03\/30\/skodje-inviterer-fotokveld-roger-brendhagen\/"},"author":{"name":"Arnold Hoddevik","@id":"https:\/\/nsff.no\/magasinet\/#\/schema\/person\/1092361c6e99167232cb924b1b4e9e77"},"headline":"Skodje inviterer til fotokveld med Roger Brendhagen","datePublished":"2017-03-30T20:17:41+00:00","dateModified":"2017-03-30T20:25:03+00:00","mainEntityOfPage":{"@id":"https:\/\/nsff.no\/magasinet\/2017\/03\/30\/skodje-inviterer-fotokveld-roger-brendhagen\/"},"wordCount":831,"commentCount":0,"publisher":{"@id":"https:\/\/nsff.no\/magasinet\/#organization"},"image":{"@id":"https:\/\/nsff.no\/magasinet\/2017\/03\/30\/skodje-inviterer-fotokveld-roger-brendhagen\/#primaryimage"},"thumbnailUrl":"https:\/\/nsff.no\/magasinet\/wp-content\/uploads\/sites\/2\/2017\/03\/Photo-Roger-Brendhagen-1-20.jpg","keywords":["2017","fotoforedrag","Roger Brendhagen","Skodje fotoklubb"],"articleSection":["Foredrag","Inspirasjon"],"inLanguage":"nb-NO","potentialAction":[{"@type":"CommentAction","name":"Comment","target":["https:\/\/nsff.no\/magasinet\/2017\/03\/30\/skodje-inviterer-fotokveld-roger-brendhagen\/#respond"]}]},{"@type":"WebPage","@id":"https:\/\/nsff.no\/magasinet\/2017\/03\/30\/skodje-inviterer-fotokveld-roger-brendhagen\/","url":"https:\/\/nsff.no\/magasinet\/2017\/03\/30\/skodje-inviterer-fotokveld-roger-brendhagen\/","name":"Skodje inviterer til fotokveld med Roger Brendhagen - NSFF Magasin | Norsk Selskap for Fotografi","isPartOf":{"@id":"https:\/\/nsff.no\/magasinet\/#website"},"primaryImageOfPage":{"@id":"https:\/\/nsff.no\/magasinet\/2017\/03\/30\/skodje-inviterer-fotokveld-roger-brendhagen\/#primaryimage"},"image":{"@id":"https:\/\/nsff.no\/magasinet\/2017\/03\/30\/skodje-inviterer-fotokveld-roger-brendhagen\/#primaryimage"},"thumbnailUrl":"https:\/\/nsff.no\/magasinet\/wp-content\/uploads\/sites\/2\/2017\/03\/Photo-Roger-Brendhagen-1-20.jpg","datePublished":"2017-03-30T20:17:41+00:00","dateModified":"2017-03-30T20:25:03+00:00","description":"Ta turen til Skodje for en interessant og inspirerende kveld med naturfotograf og Nikonambassad\u00f8r Roger Brendhagen torsdag 27. april!","breadcrumb":{"@id":"https:\/\/nsff.no\/magasinet\/2017\/03\/30\/skodje-inviterer-fotokveld-roger-brendhagen\/#breadcrumb"},"inLanguage":"nb-NO","potentialAction":[{"@type":"ReadAction","target":["https:\/\/nsff.no\/magasinet\/2017\/03\/30\/skodje-inviterer-fotokveld-roger-brendhagen\/"]}]},{"@type":"ImageObject","inLanguage":"nb-NO","@id":"https:\/\/nsff.no\/magasinet\/2017\/03\/30\/skodje-inviterer-fotokveld-roger-brendhagen\/#primaryimage","url":"https:\/\/nsff.no\/magasinet\/wp-content\/uploads\/sites\/2\/2017\/03\/Photo-Roger-Brendhagen-1-20.jpg","contentUrl":"https:\/\/nsff.no\/magasinet\/wp-content\/uploads\/sites\/2\/2017\/03\/Photo-Roger-Brendhagen-1-20.jpg","caption":"Roger Brendhagen til Skodje fotoklubb"},{"@type":"BreadcrumbList","@id":"https:\/\/nsff.no\/magasinet\/2017\/03\/30\/skodje-inviterer-fotokveld-roger-brendhagen\/#breadcrumb","itemListElement":[{"@type":"ListItem","position":1,"name":"Hjem","item":"https:\/\/nsff.no\/magasinet\/"},{"@type":"ListItem","position":2,"name":"Skodje inviterer til fotokveld med Roger Brendhagen"}]},{"@type":"WebSite","@id":"https:\/\/nsff.no\/magasinet\/#website","url":"https:\/\/nsff.no\/magasinet\/","name":"NSFF Magasin | Norsk Selskap for Fotografi","description":"Medlemsmagasin for film- og fotoentusiaster","publisher":{"@id":"https:\/\/nsff.no\/magasinet\/#organization"},"potentialAction":[{"@type":"SearchAction","target":{"@type":"EntryPoint","urlTemplate":"https:\/\/nsff.no\/magasinet\/?s={search_term_string}"},"query-input":{"@type":"PropertyValueSpecification","valueRequired":true,"valueName":"search_term_string"}}],"inLanguage":"nb-NO"},{"@type":"Organization","@id":"https:\/\/nsff.no\/magasinet\/#organization","name":"Norsk Selskap for Fotografo","url":"https:\/\/nsff.no\/magasinet\/","logo":{"@type":"ImageObject","inLanguage":"nb-NO","@id":"https:\/\/nsff.no\/magasinet\/#\/schema\/logo\/image\/","url":"https:\/\/nsff.no\/magasinet\/wp-content\/uploads\/sites\/2\/2016\/05\/NSFF-fb-lenkebilde.png","contentUrl":"https:\/\/nsff.no\/magasinet\/wp-content\/uploads\/sites\/2\/2016\/05\/NSFF-fb-lenkebilde.png","width":1,"height":1,"caption":"Norsk Selskap for Fotografo"},"image":{"@id":"https:\/\/nsff.no\/magasinet\/#\/schema\/logo\/image\/"}},{"@type":"Person","@id":"https:\/\/nsff.no\/magasinet\/#\/schema\/person\/1092361c6e99167232cb924b1b4e9e77","name":"Arnold Hoddevik","image":{"@type":"ImageObject","inLanguage":"nb-NO","@id":"https:\/\/secure.gravatar.com\/avatar\/b74ac7c9a99c5f450c38d18de0aabede9d50a18e641fe0733d9b9673b1f61114?s=96&d=mm&r=g","url":"https:\/\/secure.gravatar.com\/avatar\/b74ac7c9a99c5f450c38d18de0aabede9d50a18e641fe0733d9b9673b1f61114?s=96&d=mm&r=g","contentUrl":"https:\/\/secure.gravatar.com\/avatar\/b74ac7c9a99c5f450c38d18de0aabede9d50a18e641fe0733d9b9673b1f61114?s=96&d=mm&r=g","caption":"Arnold Hoddevik"},"description":"Medlem Skodje Fotoklubb.","url":"https:\/\/nsff.no\/magasinet\/author\/arnoldhoddevik\/"}]}},"_links":{"self":[{"href":"https:\/\/nsff.no\/magasinet\/wp-json\/wp\/v2\/posts\/5409","targetHints":{"allow":["GET"]}}],"collection":[{"href":"https:\/\/nsff.no\/magasinet\/wp-json\/wp\/v2\/posts"}],"about":[{"href":"https:\/\/nsff.no\/magasinet\/wp-json\/wp\/v2\/types\/post"}],"author":[{"embeddable":true,"href":"https:\/\/nsff.no\/magasinet\/wp-json\/wp\/v2\/users\/49"}],"replies":[{"embeddable":true,"href":"https:\/\/nsff.no\/magasinet\/wp-json\/wp\/v2\/comments?post=5409"}],"version-history":[{"count":4,"href":"https:\/\/nsff.no\/magasinet\/wp-json\/wp\/v2\/posts\/5409\/revisions"}],"predecessor-version":[{"id":5422,"href":"https:\/\/nsff.no\/magasinet\/wp-json\/wp\/v2\/posts\/5409\/revisions\/5422"}],"wp:featuredmedia":[{"embeddable":true,"href":"https:\/\/nsff.no\/magasinet\/wp-json\/wp\/v2\/media\/5412"}],"wp:attachment":[{"href":"https:\/\/nsff.no\/magasinet\/wp-json\/wp\/v2\/media?parent=5409"}],"wp:term":[{"taxonomy":"category","embeddable":true,"href":"https:\/\/nsff.no\/magasinet\/wp-json\/wp\/v2\/categories?post=5409"},{"taxonomy":"post_tag","embeddable":true,"href":"https:\/\/nsff.no\/magasinet\/wp-json\/wp\/v2\/tags?post=5409"}],"curies":[{"name":"wp","href":"https:\/\/api.w.org\/{rel}","templated":true}]}}