{"id":5303,"date":"2017-03-01T10:36:05","date_gmt":"2017-03-01T09:36:05","guid":{"rendered":"http:\/\/nsff.no\/magasinet\/?p=5303"},"modified":"2017-03-01T10:51:54","modified_gmt":"2017-03-01T09:51:54","slug":"apent-innsending-fotografiets-dag","status":"publish","type":"post","link":"https:\/\/nsff.no\/magasinet\/2017\/03\/01\/apent-innsending-fotografiets-dag\/","title":{"rendered":"\u00c5pent for innsending til Fotografiets Dag"},"content":{"rendered":"<p>Fotografiets Dag fyller 10 \u00e5r i \u00e5r. Det markeres med et <a href=\"http:\/\/preusmuseum.no\/Utforsk-museet\/Arrangementer\/Fotografiets-dag-2017\" target=\"_blank\">utvidet arrangement over to dager<\/a>, l\u00f8rdag 19. og s\u00f8ndag 20. august kl 12&mdash;17, p\u00e5 Karljohansvern i Horten. L\u00f8rdag vil publikum kunne oppleve foredrag, workshops og enkelte utstillinger. S\u00f8ndag blir hoveddagen, med den store juryerte utstillingen i tillegg til enda flere foredrag, utstillinger og aktiviteter. Temaet for \u00e5rets arrangement er <strong>Det humanistiske bildet<\/strong>. <em>Hvordan forst\u00e5r vi verden rundt oss gjennom bildene av den?<\/em> <\/p>\n<p>Som i fjor s\u00f8rger <a href=\"https:\/\/www.facebook.com\/events\/193462584414122\/\" target=\"_blank\">Horten Mat- og \u00d8lfestival<\/a> for mat, drikke og ekstra god festivalstemning.<\/p>\n<p><strong>Vil du v\u00e6re med p\u00e5 den juryerte utstillingen? , fristen er 23. mai. Lykke til!<\/strong><\/p>\n<p><a href=\"http:\/\/nsff.no\/magasinet\/2016\/08\/22\/fotografiets-dag-2016\/\">Her ser du v\u00e5r reisereportasje fra i fjor<\/a>!<\/p>\n","protected":false},"excerpt":{"rendered":"<p>Fotografiets Dag fyller 10 \u00e5r og feirer med et utvidet arrangement over to dager. Innsending til den juryerte utstillingen er \u00e5pen \u2013 fristen er 23. mai.<\/p>\n","protected":false},"author":7,"featured_media":5304,"comment_status":"open","ping_status":"open","sticky":false,"template":"","format":"standard","meta":{"_et_pb_use_builder":"","_et_pb_old_content":"","_et_gb_content_width":"","footnotes":""},"categories":[7,14],"tags":[391,376,377,378],"class_list":["post-5303","post","type-post","status-publish","format-standard","has-post-thumbnail","hentry","category-foto","category-nyheter","tag-391","tag-fotografiets-dag","tag-horten","tag-preus-fotomuseum","et-has-post-format-content","et_post_format-et-post-format-standard"],"yoast_head":"<!-- This site is optimized with the Yoast SEO plugin v27.5 - https:\/\/yoast.com\/product\/yoast-seo-wordpress\/ -->\n<title>\u00c5pent for innsending til Fotografiets Dag - NSFF Magasin | Norsk Selskap for Fotografi<\/title>\n<meta name=\"description\" content=\"Fotografiets Dag fyller 10 \u00e5r og feirer med et utvidet arrangement over to dager. Innsending til den juryerte utstillingen er \u00e5pen \u2013 fristen er 23. mai.\" \/>\n<meta name=\"robots\" content=\"index, follow, max-snippet:-1, max-image-preview:large, max-video-preview:-1\" \/>\n<link rel=\"canonical\" href=\"https:\/\/nsff.no\/magasinet\/2017\/03\/01\/apent-innsending-fotografiets-dag\/\" \/>\n<meta property=\"og:locale\" content=\"nb_NO\" \/>\n<meta property=\"og:type\" content=\"article\" \/>\n<meta property=\"og:title\" content=\"\u00c5pent for innsending til Fotografiets Dag - NSFF Magasin | Norsk Selskap for Fotografi\" \/>\n<meta property=\"og:description\" content=\"Fotografiets Dag fyller 10 \u00e5r og feirer med et utvidet arrangement over to dager. Innsending til den juryerte utstillingen er \u00e5pen \u2013 fristen er 23. mai.\" \/>\n<meta property=\"og:url\" content=\"https:\/\/nsff.no\/magasinet\/2017\/03\/01\/apent-innsending-fotografiets-dag\/\" \/>\n<meta property=\"og:site_name\" content=\"NSFF Magasin | Norsk Selskap for Fotografi\" \/>\n<meta property=\"article:published_time\" content=\"2017-03-01T09:36:05+00:00\" \/>\n<meta property=\"article:modified_time\" content=\"2017-03-01T09:51:54+00:00\" \/>\n<meta name=\"author\" content=\"Birgit Fostervold\" \/>\n<meta name=\"twitter:card\" content=\"summary_large_image\" \/>\n<meta name=\"twitter:image\" content=\"https:\/\/nsff.no\/magasinet\/wp-content\/uploads\/sites\/2\/2017\/03\/17015722_10155102826120152_6232443916908802189_o-e1488361043182.jpg\" \/>\n<meta name=\"twitter:label1\" content=\"Skrevet av\" \/>\n\t<meta name=\"twitter:data1\" content=\"Birgit Fostervold\" \/>\n\t<meta name=\"twitter:label2\" content=\"Ansl. lesetid\" \/>\n\t<meta name=\"twitter:data2\" content=\"1 minutt\" \/>\n<script type=\"application\/ld+json\" class=\"yoast-schema-graph\">{\"@context\":\"https:\\\/\\\/schema.org\",\"@graph\":[{\"@type\":\"Article\",\"@id\":\"https:\\\/\\\/nsff.no\\\/magasinet\\\/2017\\\/03\\\/01\\\/apent-innsending-fotografiets-dag\\\/#article\",\"isPartOf\":{\"@id\":\"https:\\\/\\\/nsff.no\\\/magasinet\\\/2017\\\/03\\\/01\\\/apent-innsending-fotografiets-dag\\\/\"},\"author\":{\"name\":\"Birgit Fostervold\",\"@id\":\"https:\\\/\\\/nsff.no\\\/magasinet\\\/#\\\/schema\\\/person\\\/da041f968afa9bee0293372491a98303\"},\"headline\":\"\u00c5pent for innsending til Fotografiets Dag\",\"datePublished\":\"2017-03-01T09:36:05+00:00\",\"dateModified\":\"2017-03-01T09:51:54+00:00\",\"mainEntityOfPage\":{\"@id\":\"https:\\\/\\\/nsff.no\\\/magasinet\\\/2017\\\/03\\\/01\\\/apent-innsending-fotografiets-dag\\\/\"},\"wordCount\":120,\"commentCount\":0,\"publisher\":{\"@id\":\"https:\\\/\\\/nsff.no\\\/magasinet\\\/#organization\"},\"image\":{\"@id\":\"https:\\\/\\\/nsff.no\\\/magasinet\\\/2017\\\/03\\\/01\\\/apent-innsending-fotografiets-dag\\\/#primaryimage\"},\"thumbnailUrl\":\"https:\\\/\\\/nsff.no\\\/magasinet\\\/wp-content\\\/uploads\\\/sites\\\/2\\\/2017\\\/03\\\/17015722_10155102826120152_6232443916908802189_o-e1488361043182.jpg\",\"keywords\":[\"2017\",\"Fotografiets Dag\",\"Horten\",\"Preus Fotomuseum\"],\"articleSection\":[\"Foto\",\"Nyheter\"],\"inLanguage\":\"nb-NO\",\"potentialAction\":[{\"@type\":\"CommentAction\",\"name\":\"Comment\",\"target\":[\"https:\\\/\\\/nsff.no\\\/magasinet\\\/2017\\\/03\\\/01\\\/apent-innsending-fotografiets-dag\\\/#respond\"]}]},{\"@type\":\"WebPage\",\"@id\":\"https:\\\/\\\/nsff.no\\\/magasinet\\\/2017\\\/03\\\/01\\\/apent-innsending-fotografiets-dag\\\/\",\"url\":\"https:\\\/\\\/nsff.no\\\/magasinet\\\/2017\\\/03\\\/01\\\/apent-innsending-fotografiets-dag\\\/\",\"name\":\"\u00c5pent for innsending til Fotografiets Dag - NSFF Magasin | Norsk Selskap for Fotografi\",\"isPartOf\":{\"@id\":\"https:\\\/\\\/nsff.no\\\/magasinet\\\/#website\"},\"primaryImageOfPage\":{\"@id\":\"https:\\\/\\\/nsff.no\\\/magasinet\\\/2017\\\/03\\\/01\\\/apent-innsending-fotografiets-dag\\\/#primaryimage\"},\"image\":{\"@id\":\"https:\\\/\\\/nsff.no\\\/magasinet\\\/2017\\\/03\\\/01\\\/apent-innsending-fotografiets-dag\\\/#primaryimage\"},\"thumbnailUrl\":\"https:\\\/\\\/nsff.no\\\/magasinet\\\/wp-content\\\/uploads\\\/sites\\\/2\\\/2017\\\/03\\\/17015722_10155102826120152_6232443916908802189_o-e1488361043182.jpg\",\"datePublished\":\"2017-03-01T09:36:05+00:00\",\"dateModified\":\"2017-03-01T09:51:54+00:00\",\"description\":\"Fotografiets Dag fyller 10 \u00e5r og feirer med et utvidet arrangement over to dager. Innsending til den juryerte utstillingen er \u00e5pen \u2013 fristen er 23. mai.\",\"breadcrumb\":{\"@id\":\"https:\\\/\\\/nsff.no\\\/magasinet\\\/2017\\\/03\\\/01\\\/apent-innsending-fotografiets-dag\\\/#breadcrumb\"},\"inLanguage\":\"nb-NO\",\"potentialAction\":[{\"@type\":\"ReadAction\",\"target\":[\"https:\\\/\\\/nsff.no\\\/magasinet\\\/2017\\\/03\\\/01\\\/apent-innsending-fotografiets-dag\\\/\"]}]},{\"@type\":\"ImageObject\",\"inLanguage\":\"nb-NO\",\"@id\":\"https:\\\/\\\/nsff.no\\\/magasinet\\\/2017\\\/03\\\/01\\\/apent-innsending-fotografiets-dag\\\/#primaryimage\",\"url\":\"https:\\\/\\\/nsff.no\\\/magasinet\\\/wp-content\\\/uploads\\\/sites\\\/2\\\/2017\\\/03\\\/17015722_10155102826120152_6232443916908802189_o-e1488361043182.jpg\",\"contentUrl\":\"https:\\\/\\\/nsff.no\\\/magasinet\\\/wp-content\\\/uploads\\\/sites\\\/2\\\/2017\\\/03\\\/17015722_10155102826120152_6232443916908802189_o-e1488361043182.jpg\",\"caption\":\"Fotografiets Dag 2017\"},{\"@type\":\"BreadcrumbList\",\"@id\":\"https:\\\/\\\/nsff.no\\\/magasinet\\\/2017\\\/03\\\/01\\\/apent-innsending-fotografiets-dag\\\/#breadcrumb\",\"itemListElement\":[{\"@type\":\"ListItem\",\"position\":1,\"name\":\"Hjem\",\"item\":\"https:\\\/\\\/nsff.no\\\/magasinet\\\/\"},{\"@type\":\"ListItem\",\"position\":2,\"name\":\"\u00c5pent for innsending til Fotografiets Dag\"}]},{\"@type\":\"WebSite\",\"@id\":\"https:\\\/\\\/nsff.no\\\/magasinet\\\/#website\",\"url\":\"https:\\\/\\\/nsff.no\\\/magasinet\\\/\",\"name\":\"NSFF Magasin | Norsk Selskap for Fotografi\",\"description\":\"Medlemsmagasin for film- og fotoentusiaster\",\"publisher\":{\"@id\":\"https:\\\/\\\/nsff.no\\\/magasinet\\\/#organization\"},\"potentialAction\":[{\"@type\":\"SearchAction\",\"target\":{\"@type\":\"EntryPoint\",\"urlTemplate\":\"https:\\\/\\\/nsff.no\\\/magasinet\\\/?s={search_term_string}\"},\"query-input\":{\"@type\":\"PropertyValueSpecification\",\"valueRequired\":true,\"valueName\":\"search_term_string\"}}],\"inLanguage\":\"nb-NO\"},{\"@type\":\"Organization\",\"@id\":\"https:\\\/\\\/nsff.no\\\/magasinet\\\/#organization\",\"name\":\"Norsk Selskap for Fotografo\",\"url\":\"https:\\\/\\\/nsff.no\\\/magasinet\\\/\",\"logo\":{\"@type\":\"ImageObject\",\"inLanguage\":\"nb-NO\",\"@id\":\"https:\\\/\\\/nsff.no\\\/magasinet\\\/#\\\/schema\\\/logo\\\/image\\\/\",\"url\":\"https:\\\/\\\/nsff.no\\\/magasinet\\\/wp-content\\\/uploads\\\/sites\\\/2\\\/2016\\\/05\\\/NSFF-fb-lenkebilde.png\",\"contentUrl\":\"https:\\\/\\\/nsff.no\\\/magasinet\\\/wp-content\\\/uploads\\\/sites\\\/2\\\/2016\\\/05\\\/NSFF-fb-lenkebilde.png\",\"width\":1,\"height\":1,\"caption\":\"Norsk Selskap for Fotografo\"},\"image\":{\"@id\":\"https:\\\/\\\/nsff.no\\\/magasinet\\\/#\\\/schema\\\/logo\\\/image\\\/\"}},{\"@type\":\"Person\",\"@id\":\"https:\\\/\\\/nsff.no\\\/magasinet\\\/#\\\/schema\\\/person\\\/da041f968afa9bee0293372491a98303\",\"name\":\"Birgit Fostervold\",\"image\":{\"@type\":\"ImageObject\",\"inLanguage\":\"nb-NO\",\"@id\":\"https:\\\/\\\/secure.gravatar.com\\\/avatar\\\/d8b31664a01c80eecbf53f36dc41fa676bbfe7c78cb2391937a62f88da897950?s=96&d=mm&r=g\",\"url\":\"https:\\\/\\\/secure.gravatar.com\\\/avatar\\\/d8b31664a01c80eecbf53f36dc41fa676bbfe7c78cb2391937a62f88da897950?s=96&d=mm&r=g\",\"contentUrl\":\"https:\\\/\\\/secure.gravatar.com\\\/avatar\\\/d8b31664a01c80eecbf53f36dc41fa676bbfe7c78cb2391937a62f88da897950?s=96&d=mm&r=g\",\"caption\":\"Birgit Fostervold\"},\"description\":\"EsNSFF, HonENFFF, medlem i Homborsund fotoklubb og Arendal fotoklubb. Styremedlem NSFF, Nordisk Forbund for Fotografi og Norsk Naturfotofestival. Tidl. nestleder og konst.leder NSFF (2017\u201322), tidl. redakt\u00f8r for NSFF Magasin (2016\u201322).\",\"sameAs\":[\"https:\\\/\\\/lensbirdie.no\",\"https:\\\/\\\/instagram.com\\\/knipselyst\\\/\"],\"url\":\"https:\\\/\\\/nsff.no\\\/magasinet\\\/author\\\/birgitf\\\/\"}]}<\/script>\n<!-- \/ Yoast SEO plugin. -->","yoast_head_json":{"title":"\u00c5pent for innsending til Fotografiets Dag - NSFF Magasin | Norsk Selskap for Fotografi","description":"Fotografiets Dag fyller 10 \u00e5r og feirer med et utvidet arrangement over to dager. Innsending til den juryerte utstillingen er \u00e5pen \u2013 fristen er 23. mai.","robots":{"index":"index","follow":"follow","max-snippet":"max-snippet:-1","max-image-preview":"max-image-preview:large","max-video-preview":"max-video-preview:-1"},"canonical":"https:\/\/nsff.no\/magasinet\/2017\/03\/01\/apent-innsending-fotografiets-dag\/","og_locale":"nb_NO","og_type":"article","og_title":"\u00c5pent for innsending til Fotografiets Dag - NSFF Magasin | Norsk Selskap for Fotografi","og_description":"Fotografiets Dag fyller 10 \u00e5r og feirer med et utvidet arrangement over to dager. Innsending til den juryerte utstillingen er \u00e5pen \u2013 fristen er 23. mai.","og_url":"https:\/\/nsff.no\/magasinet\/2017\/03\/01\/apent-innsending-fotografiets-dag\/","og_site_name":"NSFF Magasin | Norsk Selskap for Fotografi","article_published_time":"2017-03-01T09:36:05+00:00","article_modified_time":"2017-03-01T09:51:54+00:00","author":"Birgit Fostervold","twitter_card":"summary_large_image","twitter_image":"https:\/\/nsff.no\/magasinet\/wp-content\/uploads\/sites\/2\/2017\/03\/17015722_10155102826120152_6232443916908802189_o-e1488361043182.jpg","twitter_misc":{"Skrevet av":"Birgit Fostervold","Ansl. lesetid":"1 minutt"},"schema":{"@context":"https:\/\/schema.org","@graph":[{"@type":"Article","@id":"https:\/\/nsff.no\/magasinet\/2017\/03\/01\/apent-innsending-fotografiets-dag\/#article","isPartOf":{"@id":"https:\/\/nsff.no\/magasinet\/2017\/03\/01\/apent-innsending-fotografiets-dag\/"},"author":{"name":"Birgit Fostervold","@id":"https:\/\/nsff.no\/magasinet\/#\/schema\/person\/da041f968afa9bee0293372491a98303"},"headline":"\u00c5pent for innsending til Fotografiets Dag","datePublished":"2017-03-01T09:36:05+00:00","dateModified":"2017-03-01T09:51:54+00:00","mainEntityOfPage":{"@id":"https:\/\/nsff.no\/magasinet\/2017\/03\/01\/apent-innsending-fotografiets-dag\/"},"wordCount":120,"commentCount":0,"publisher":{"@id":"https:\/\/nsff.no\/magasinet\/#organization"},"image":{"@id":"https:\/\/nsff.no\/magasinet\/2017\/03\/01\/apent-innsending-fotografiets-dag\/#primaryimage"},"thumbnailUrl":"https:\/\/nsff.no\/magasinet\/wp-content\/uploads\/sites\/2\/2017\/03\/17015722_10155102826120152_6232443916908802189_o-e1488361043182.jpg","keywords":["2017","Fotografiets Dag","Horten","Preus Fotomuseum"],"articleSection":["Foto","Nyheter"],"inLanguage":"nb-NO","potentialAction":[{"@type":"CommentAction","name":"Comment","target":["https:\/\/nsff.no\/magasinet\/2017\/03\/01\/apent-innsending-fotografiets-dag\/#respond"]}]},{"@type":"WebPage","@id":"https:\/\/nsff.no\/magasinet\/2017\/03\/01\/apent-innsending-fotografiets-dag\/","url":"https:\/\/nsff.no\/magasinet\/2017\/03\/01\/apent-innsending-fotografiets-dag\/","name":"\u00c5pent for innsending til Fotografiets Dag - NSFF Magasin | Norsk Selskap for Fotografi","isPartOf":{"@id":"https:\/\/nsff.no\/magasinet\/#website"},"primaryImageOfPage":{"@id":"https:\/\/nsff.no\/magasinet\/2017\/03\/01\/apent-innsending-fotografiets-dag\/#primaryimage"},"image":{"@id":"https:\/\/nsff.no\/magasinet\/2017\/03\/01\/apent-innsending-fotografiets-dag\/#primaryimage"},"thumbnailUrl":"https:\/\/nsff.no\/magasinet\/wp-content\/uploads\/sites\/2\/2017\/03\/17015722_10155102826120152_6232443916908802189_o-e1488361043182.jpg","datePublished":"2017-03-01T09:36:05+00:00","dateModified":"2017-03-01T09:51:54+00:00","description":"Fotografiets Dag fyller 10 \u00e5r og feirer med et utvidet arrangement over to dager. Innsending til den juryerte utstillingen er \u00e5pen \u2013 fristen er 23. mai.","breadcrumb":{"@id":"https:\/\/nsff.no\/magasinet\/2017\/03\/01\/apent-innsending-fotografiets-dag\/#breadcrumb"},"inLanguage":"nb-NO","potentialAction":[{"@type":"ReadAction","target":["https:\/\/nsff.no\/magasinet\/2017\/03\/01\/apent-innsending-fotografiets-dag\/"]}]},{"@type":"ImageObject","inLanguage":"nb-NO","@id":"https:\/\/nsff.no\/magasinet\/2017\/03\/01\/apent-innsending-fotografiets-dag\/#primaryimage","url":"https:\/\/nsff.no\/magasinet\/wp-content\/uploads\/sites\/2\/2017\/03\/17015722_10155102826120152_6232443916908802189_o-e1488361043182.jpg","contentUrl":"https:\/\/nsff.no\/magasinet\/wp-content\/uploads\/sites\/2\/2017\/03\/17015722_10155102826120152_6232443916908802189_o-e1488361043182.jpg","caption":"Fotografiets Dag 2017"},{"@type":"BreadcrumbList","@id":"https:\/\/nsff.no\/magasinet\/2017\/03\/01\/apent-innsending-fotografiets-dag\/#breadcrumb","itemListElement":[{"@type":"ListItem","position":1,"name":"Hjem","item":"https:\/\/nsff.no\/magasinet\/"},{"@type":"ListItem","position":2,"name":"\u00c5pent for innsending til Fotografiets Dag"}]},{"@type":"WebSite","@id":"https:\/\/nsff.no\/magasinet\/#website","url":"https:\/\/nsff.no\/magasinet\/","name":"NSFF Magasin | Norsk Selskap for Fotografi","description":"Medlemsmagasin for film- og fotoentusiaster","publisher":{"@id":"https:\/\/nsff.no\/magasinet\/#organization"},"potentialAction":[{"@type":"SearchAction","target":{"@type":"EntryPoint","urlTemplate":"https:\/\/nsff.no\/magasinet\/?s={search_term_string}"},"query-input":{"@type":"PropertyValueSpecification","valueRequired":true,"valueName":"search_term_string"}}],"inLanguage":"nb-NO"},{"@type":"Organization","@id":"https:\/\/nsff.no\/magasinet\/#organization","name":"Norsk Selskap for Fotografo","url":"https:\/\/nsff.no\/magasinet\/","logo":{"@type":"ImageObject","inLanguage":"nb-NO","@id":"https:\/\/nsff.no\/magasinet\/#\/schema\/logo\/image\/","url":"https:\/\/nsff.no\/magasinet\/wp-content\/uploads\/sites\/2\/2016\/05\/NSFF-fb-lenkebilde.png","contentUrl":"https:\/\/nsff.no\/magasinet\/wp-content\/uploads\/sites\/2\/2016\/05\/NSFF-fb-lenkebilde.png","width":1,"height":1,"caption":"Norsk Selskap for Fotografo"},"image":{"@id":"https:\/\/nsff.no\/magasinet\/#\/schema\/logo\/image\/"}},{"@type":"Person","@id":"https:\/\/nsff.no\/magasinet\/#\/schema\/person\/da041f968afa9bee0293372491a98303","name":"Birgit Fostervold","image":{"@type":"ImageObject","inLanguage":"nb-NO","@id":"https:\/\/secure.gravatar.com\/avatar\/d8b31664a01c80eecbf53f36dc41fa676bbfe7c78cb2391937a62f88da897950?s=96&d=mm&r=g","url":"https:\/\/secure.gravatar.com\/avatar\/d8b31664a01c80eecbf53f36dc41fa676bbfe7c78cb2391937a62f88da897950?s=96&d=mm&r=g","contentUrl":"https:\/\/secure.gravatar.com\/avatar\/d8b31664a01c80eecbf53f36dc41fa676bbfe7c78cb2391937a62f88da897950?s=96&d=mm&r=g","caption":"Birgit Fostervold"},"description":"EsNSFF, HonENFFF, medlem i Homborsund fotoklubb og Arendal fotoklubb. Styremedlem NSFF, Nordisk Forbund for Fotografi og Norsk Naturfotofestival. Tidl. nestleder og konst.leder NSFF (2017\u201322), tidl. redakt\u00f8r for NSFF Magasin (2016\u201322).","sameAs":["https:\/\/lensbirdie.no","https:\/\/instagram.com\/knipselyst\/"],"url":"https:\/\/nsff.no\/magasinet\/author\/birgitf\/"}]}},"_links":{"self":[{"href":"https:\/\/nsff.no\/magasinet\/wp-json\/wp\/v2\/posts\/5303","targetHints":{"allow":["GET"]}}],"collection":[{"href":"https:\/\/nsff.no\/magasinet\/wp-json\/wp\/v2\/posts"}],"about":[{"href":"https:\/\/nsff.no\/magasinet\/wp-json\/wp\/v2\/types\/post"}],"author":[{"embeddable":true,"href":"https:\/\/nsff.no\/magasinet\/wp-json\/wp\/v2\/users\/7"}],"replies":[{"embeddable":true,"href":"https:\/\/nsff.no\/magasinet\/wp-json\/wp\/v2\/comments?post=5303"}],"version-history":[{"count":3,"href":"https:\/\/nsff.no\/magasinet\/wp-json\/wp\/v2\/posts\/5303\/revisions"}],"predecessor-version":[{"id":5308,"href":"https:\/\/nsff.no\/magasinet\/wp-json\/wp\/v2\/posts\/5303\/revisions\/5308"}],"wp:featuredmedia":[{"embeddable":true,"href":"https:\/\/nsff.no\/magasinet\/wp-json\/wp\/v2\/media\/5304"}],"wp:attachment":[{"href":"https:\/\/nsff.no\/magasinet\/wp-json\/wp\/v2\/media?parent=5303"}],"wp:term":[{"taxonomy":"category","embeddable":true,"href":"https:\/\/nsff.no\/magasinet\/wp-json\/wp\/v2\/categories?post=5303"},{"taxonomy":"post_tag","embeddable":true,"href":"https:\/\/nsff.no\/magasinet\/wp-json\/wp\/v2\/tags?post=5303"}],"curies":[{"name":"wp","href":"https:\/\/api.w.org\/{rel}","templated":true}]}}