{"id":5229,"date":"2017-02-15T13:09:31","date_gmt":"2017-02-15T12:09:31","guid":{"rendered":"http:\/\/nsff.no\/magasinet\/?p=5229"},"modified":"2017-02-15T13:16:12","modified_gmt":"2017-02-15T12:16:12","slug":"norgesmesterne-med-ny-salgsutstilling","status":"publish","type":"post","link":"https:\/\/nsff.no\/magasinet\/2017\/02\/15\/norgesmesterne-med-ny-salgsutstilling\/","title":{"rendered":"Norgesmesterne med ny salgsutstilling"},"content":{"rendered":"<p>[et_pb_section admin_label=&raquo;section&raquo;][et_pb_row admin_label=&raquo;row&raquo;][et_pb_column type=&raquo;4_4&#8243;][et_pb_text admin_label=&raquo;Tekst&raquo; background_layout=&raquo;light&raquo; text_orientation=&raquo;left&raquo; use_border_color=&raquo;off&raquo; border_color=&raquo;#ffffff&raquo; border_style=&raquo;solid&raquo;]<\/p>\n<p>Oseberg Photo Society er en av Norges aller minste fotoklubber, med forel\u00f8pig kun 14 medlemmer. Det er imidlertid en aktiv og ambisi\u00f8s gruppe fotografer, som kan smykke seg med tittelen norgesmestre i foto 2016. Nylig presenterte de en ny salgsutstilling p\u00e5 sitt faste &laquo;galleri&raquo;, <a href=\"https:\/\/www.facebook.com\/Babels-Et-lite-stykke-himmel-383584078396617\/\" target=\"_blank\">Babels Caf\u00e9 i T\u00f8nsberg<\/a>. <\/p>\n<p>Temaet for utstillingen er &laquo;Natur&raquo;, og utstillingsperioden varer til 1. juni.<\/p>\n<h3>\u00c5pningstider<\/h3>\n<p>Man\u2014fre: 08\u201418<br \/>\nl\u00f8r: 09.30\u201417<br \/>\nBabels Caf\u00e9, Kammegaten 1, 3110 T\u00f8nsberg (<a href=\"https:\/\/goo.gl\/maps\/4LQRUPBFPWs\" target=\"_blank\">kart<\/a>)<\/p>\n<p>[\/et_pb_text][et_pb_image admin_label=&raquo;Bilde&raquo; src=&raquo;http:\/\/nsff.no\/magasinet\/wp-content\/uploads\/sites\/2\/2017\/02\/osebergfeb2017_b.jpg&raquo; alt=&raquo;Salgsutstilling Oseberg Photo Society 2017&#8243; show_in_lightbox=&raquo;on&raquo; url_new_window=&raquo;off&raquo; use_overlay=&raquo;off&raquo; animation=&raquo;off&raquo; sticky=&raquo;off&raquo; align=&raquo;left&raquo; force_fullwidth=&raquo;off&raquo; always_center_on_mobile=&raquo;on&raquo; use_border_color=&raquo;off&raquo; border_color=&raquo;#ffffff&raquo; border_style=&raquo;solid&raquo;]<\/p>\n<p>[\/et_pb_image][\/et_pb_column][\/et_pb_row][\/et_pb_section][et_pb_section admin_label=&raquo;Seksjon&raquo; global_module=&raquo;5231&#8243; fullwidth=&raquo;off&raquo; specialty=&raquo;off&raquo; transparent_background=&raquo;off&raquo; allow_player_pause=&raquo;off&raquo; inner_shadow=&raquo;off&raquo; parallax=&raquo;off&raquo; parallax_method=&raquo;off&raquo; make_fullwidth=&raquo;off&raquo; use_custom_width=&raquo;off&raquo; width_unit=&raquo;on&raquo; make_equal=&raquo;off&raquo; use_custom_gutter=&raquo;off&raquo;][et_pb_row global_parent=&raquo;5231&#8243; admin_label=&raquo;Rad&raquo;][et_pb_column type=&raquo;4_4&#8243;][et_pb_divider global_parent=&raquo;5231&#8243; admin_label=&raquo;Skillelinje&raquo; color=&raquo;#0c71c3&#8243; show_divider=&raquo;on&raquo; divider_style=&raquo;solid&raquo; divider_position=&raquo;top&raquo; hide_on_mobile=&raquo;on&raquo;]<\/p>\n<p>[\/et_pb_divider][\/et_pb_column][\/et_pb_row][et_pb_row global_parent=&raquo;5231&#8243; admin_label=&raquo;Rad&raquo;][et_pb_column type=&raquo;1_3&#8243;][et_pb_image global_parent=&raquo;5231&#8243; admin_label=&raquo;Bilde&raquo; src=&raquo;http:\/\/nsff.no\/magasinet\/wp-content\/uploads\/sites\/2\/2017\/02\/oseberg_logo.png&raquo; alt=&raquo;Oseberg Photo Society&raquo; show_in_lightbox=&raquo;off&raquo; url=&raquo;https:\/\/www.facebook.com\/Oseberg-Photo-Society-361520714034872\/&raquo; url_new_window=&raquo;on&raquo; use_overlay=&raquo;off&raquo; animation=&raquo;off&raquo; sticky=&raquo;off&raquo; align=&raquo;left&raquo; force_fullwidth=&raquo;off&raquo; always_center_on_mobile=&raquo;on&raquo; use_border_color=&raquo;off&raquo; border_color=&raquo;#ffffff&raquo; border_style=&raquo;solid&raquo;]<\/p>\n<p>[\/et_pb_image][\/et_pb_column][et_pb_column type=&raquo;2_3&#8243;][et_pb_text global_parent=&raquo;5231&#8243; admin_label=&raquo;Tekst&raquo; background_layout=&raquo;light&raquo; text_orientation=&raquo;left&raquo; use_border_color=&raquo;off&raquo; border_color=&raquo;#ffffff&raquo; border_style=&raquo;solid&raquo;]<\/p>\n<h2>Oseberg Photo Society<\/h2>\n<p><a href=\"https:\/\/www.facebook.com\/Oseberg-Photo-Society-361520714034872\/\" target=\"_blank\">Oseberg Photo Societys (OPS)<\/a> hovedform\u00e5l er \u00e5 fremme og ivareta medlemmenes store og genuine fotokunnskap, interesse og passion for fotografering, samt \u00e5 skape et godt og positivt milj\u00f8 hvor fotografering st\u00e5r i h\u00f8ysete. M\u00e5let er \u00e5 arbeide i lag og gj\u00f8re hverandre bedre. OPS har til form\u00e5l \u00e5 arbeide for st\u00f8rre utbredelse og mer kjennskap til fotografiet og fotografering. Vi skal stimulere til kreativitet og utvikling gjennom \u00e5 arrangere fotoutstillinger, fotokonkurranser og andre aktiviteter. Vi skal \u00f8ke kunnskapen til den enkelte gjennom kurs, workshop, prosjekter og bildevisninger o.a. Klubben skal ogs\u00e5 v\u00e6re et positivt, sosialt og kulturelt milj\u00f8 for alle v\u00e5re medlemmer.<\/p>\n<p>Klubben holder til i T\u00f8nsberg, men har medlemmer fra flere kommuner i Vestfold. OPS har kontinuerlig en fotoutstilling p\u00e5 Babels caf\u00e9 i T\u00f8nsberg.<\/p>\n<p>[\/et_pb_text][\/et_pb_column][\/et_pb_row][\/et_pb_section]<\/p>\n","protected":false},"excerpt":{"rendered":"<p>Norgesmesterne i Oseberg Photo Society er ikke mange, men de er sv\u00e6rt aktive. Nylig presenterte de sin nye salgsutstilling p\u00e5 Babels Caf\u00e9 i T\u00f8nsberg.<\/p>\n","protected":false},"author":7,"featured_media":5232,"comment_status":"open","ping_status":"open","sticky":false,"template":"","format":"standard","meta":{"_et_pb_use_builder":"on","_et_pb_old_content":"","_et_gb_content_width":"","footnotes":""},"categories":[7,14],"tags":[391,150,151,152],"class_list":["post-5229","post","type-post","status-publish","format-standard","has-post-thumbnail","hentry","category-foto","category-nyheter","tag-391","tag-oseberg-photo-society","tag-salgsutstilling","tag-tonsberg","et-has-post-format-content","et_post_format-et-post-format-standard"],"yoast_head":"<!-- This site is optimized with the Yoast SEO plugin v27.5 - https:\/\/yoast.com\/product\/yoast-seo-wordpress\/ -->\n<title>Norgesmesterne med ny salgsutstilling - NSFF Magasin | Norsk Selskap for Fotografi<\/title>\n<meta name=\"description\" content=\"Norgesmesterne i Oseberg Photo Society er ikke mange, men de er sv\u00e6rt aktive. Nylig presenterte de sin nye salgsutstilling p\u00e5 Babels Caf\u00e9 i T\u00f8nsberg.\" \/>\n<meta name=\"robots\" content=\"index, follow, max-snippet:-1, max-image-preview:large, max-video-preview:-1\" \/>\n<link rel=\"canonical\" href=\"https:\/\/nsff.no\/magasinet\/2017\/02\/15\/norgesmesterne-med-ny-salgsutstilling\/\" \/>\n<meta property=\"og:locale\" content=\"nb_NO\" \/>\n<meta property=\"og:type\" content=\"article\" \/>\n<meta property=\"og:title\" content=\"Norgesmesterne med ny salgsutstilling - NSFF Magasin | Norsk Selskap for Fotografi\" \/>\n<meta property=\"og:description\" content=\"Norgesmesterne i Oseberg Photo Society er ikke mange, men de er sv\u00e6rt aktive. Nylig presenterte de sin nye salgsutstilling p\u00e5 Babels Caf\u00e9 i T\u00f8nsberg.\" \/>\n<meta property=\"og:url\" content=\"https:\/\/nsff.no\/magasinet\/2017\/02\/15\/norgesmesterne-med-ny-salgsutstilling\/\" \/>\n<meta property=\"og:site_name\" content=\"NSFF Magasin | Norsk Selskap for Fotografi\" \/>\n<meta property=\"article:published_time\" content=\"2017-02-15T12:09:31+00:00\" \/>\n<meta property=\"article:modified_time\" content=\"2017-02-15T12:16:12+00:00\" \/>\n<meta property=\"og:image\" content=\"https:\/\/nsff.no\/magasinet\/wp-content\/uploads\/sites\/2\/2017\/02\/osebergfeb2017_a.jpg\" \/>\n\t<meta property=\"og:image:width\" content=\"1\" \/>\n\t<meta property=\"og:image:height\" content=\"1\" \/>\n\t<meta property=\"og:image:type\" content=\"image\/jpeg\" \/>\n<meta name=\"author\" content=\"Birgit Fostervold\" \/>\n<meta name=\"twitter:card\" content=\"summary_large_image\" \/>\n<meta name=\"twitter:label1\" content=\"Skrevet av\" \/>\n\t<meta name=\"twitter:data1\" content=\"Birgit Fostervold\" \/>\n\t<meta name=\"twitter:label2\" content=\"Ansl. lesetid\" \/>\n\t<meta name=\"twitter:data2\" content=\"3 minutter\" \/>\n<script type=\"application\/ld+json\" class=\"yoast-schema-graph\">{\"@context\":\"https:\\\/\\\/schema.org\",\"@graph\":[{\"@type\":\"Article\",\"@id\":\"https:\\\/\\\/nsff.no\\\/magasinet\\\/2017\\\/02\\\/15\\\/norgesmesterne-med-ny-salgsutstilling\\\/#article\",\"isPartOf\":{\"@id\":\"https:\\\/\\\/nsff.no\\\/magasinet\\\/2017\\\/02\\\/15\\\/norgesmesterne-med-ny-salgsutstilling\\\/\"},\"author\":{\"name\":\"Birgit Fostervold\",\"@id\":\"https:\\\/\\\/nsff.no\\\/magasinet\\\/#\\\/schema\\\/person\\\/da041f968afa9bee0293372491a98303\"},\"headline\":\"Norgesmesterne med ny salgsutstilling\",\"datePublished\":\"2017-02-15T12:09:31+00:00\",\"dateModified\":\"2017-02-15T12:16:12+00:00\",\"mainEntityOfPage\":{\"@id\":\"https:\\\/\\\/nsff.no\\\/magasinet\\\/2017\\\/02\\\/15\\\/norgesmesterne-med-ny-salgsutstilling\\\/\"},\"wordCount\":530,\"commentCount\":0,\"publisher\":{\"@id\":\"https:\\\/\\\/nsff.no\\\/magasinet\\\/#organization\"},\"image\":{\"@id\":\"https:\\\/\\\/nsff.no\\\/magasinet\\\/2017\\\/02\\\/15\\\/norgesmesterne-med-ny-salgsutstilling\\\/#primaryimage\"},\"thumbnailUrl\":\"https:\\\/\\\/nsff.no\\\/magasinet\\\/wp-content\\\/uploads\\\/sites\\\/2\\\/2017\\\/02\\\/osebergfeb2017_a.jpg\",\"keywords\":[\"2017\",\"Oseberg Photo Society\",\"salgsutstilling\",\"T\u00f8nsberg\"],\"articleSection\":[\"Foto\",\"Nyheter\"],\"inLanguage\":\"nb-NO\",\"potentialAction\":[{\"@type\":\"CommentAction\",\"name\":\"Comment\",\"target\":[\"https:\\\/\\\/nsff.no\\\/magasinet\\\/2017\\\/02\\\/15\\\/norgesmesterne-med-ny-salgsutstilling\\\/#respond\"]}]},{\"@type\":\"WebPage\",\"@id\":\"https:\\\/\\\/nsff.no\\\/magasinet\\\/2017\\\/02\\\/15\\\/norgesmesterne-med-ny-salgsutstilling\\\/\",\"url\":\"https:\\\/\\\/nsff.no\\\/magasinet\\\/2017\\\/02\\\/15\\\/norgesmesterne-med-ny-salgsutstilling\\\/\",\"name\":\"Norgesmesterne med ny salgsutstilling - NSFF Magasin | Norsk Selskap for Fotografi\",\"isPartOf\":{\"@id\":\"https:\\\/\\\/nsff.no\\\/magasinet\\\/#website\"},\"primaryImageOfPage\":{\"@id\":\"https:\\\/\\\/nsff.no\\\/magasinet\\\/2017\\\/02\\\/15\\\/norgesmesterne-med-ny-salgsutstilling\\\/#primaryimage\"},\"image\":{\"@id\":\"https:\\\/\\\/nsff.no\\\/magasinet\\\/2017\\\/02\\\/15\\\/norgesmesterne-med-ny-salgsutstilling\\\/#primaryimage\"},\"thumbnailUrl\":\"https:\\\/\\\/nsff.no\\\/magasinet\\\/wp-content\\\/uploads\\\/sites\\\/2\\\/2017\\\/02\\\/osebergfeb2017_a.jpg\",\"datePublished\":\"2017-02-15T12:09:31+00:00\",\"dateModified\":\"2017-02-15T12:16:12+00:00\",\"description\":\"Norgesmesterne i Oseberg Photo Society er ikke mange, men de er sv\u00e6rt aktive. Nylig presenterte de sin nye salgsutstilling p\u00e5 Babels Caf\u00e9 i T\u00f8nsberg.\",\"breadcrumb\":{\"@id\":\"https:\\\/\\\/nsff.no\\\/magasinet\\\/2017\\\/02\\\/15\\\/norgesmesterne-med-ny-salgsutstilling\\\/#breadcrumb\"},\"inLanguage\":\"nb-NO\",\"potentialAction\":[{\"@type\":\"ReadAction\",\"target\":[\"https:\\\/\\\/nsff.no\\\/magasinet\\\/2017\\\/02\\\/15\\\/norgesmesterne-med-ny-salgsutstilling\\\/\"]}]},{\"@type\":\"ImageObject\",\"inLanguage\":\"nb-NO\",\"@id\":\"https:\\\/\\\/nsff.no\\\/magasinet\\\/2017\\\/02\\\/15\\\/norgesmesterne-med-ny-salgsutstilling\\\/#primaryimage\",\"url\":\"https:\\\/\\\/nsff.no\\\/magasinet\\\/wp-content\\\/uploads\\\/sites\\\/2\\\/2017\\\/02\\\/osebergfeb2017_a.jpg\",\"contentUrl\":\"https:\\\/\\\/nsff.no\\\/magasinet\\\/wp-content\\\/uploads\\\/sites\\\/2\\\/2017\\\/02\\\/osebergfeb2017_a.jpg\",\"caption\":\"Salgsutstilling Oseberg Photo Society 2017\"},{\"@type\":\"BreadcrumbList\",\"@id\":\"https:\\\/\\\/nsff.no\\\/magasinet\\\/2017\\\/02\\\/15\\\/norgesmesterne-med-ny-salgsutstilling\\\/#breadcrumb\",\"itemListElement\":[{\"@type\":\"ListItem\",\"position\":1,\"name\":\"Hjem\",\"item\":\"https:\\\/\\\/nsff.no\\\/magasinet\\\/\"},{\"@type\":\"ListItem\",\"position\":2,\"name\":\"Norgesmesterne med ny salgsutstilling\"}]},{\"@type\":\"WebSite\",\"@id\":\"https:\\\/\\\/nsff.no\\\/magasinet\\\/#website\",\"url\":\"https:\\\/\\\/nsff.no\\\/magasinet\\\/\",\"name\":\"NSFF Magasin | Norsk Selskap for Fotografi\",\"description\":\"Medlemsmagasin for film- og fotoentusiaster\",\"publisher\":{\"@id\":\"https:\\\/\\\/nsff.no\\\/magasinet\\\/#organization\"},\"potentialAction\":[{\"@type\":\"SearchAction\",\"target\":{\"@type\":\"EntryPoint\",\"urlTemplate\":\"https:\\\/\\\/nsff.no\\\/magasinet\\\/?s={search_term_string}\"},\"query-input\":{\"@type\":\"PropertyValueSpecification\",\"valueRequired\":true,\"valueName\":\"search_term_string\"}}],\"inLanguage\":\"nb-NO\"},{\"@type\":\"Organization\",\"@id\":\"https:\\\/\\\/nsff.no\\\/magasinet\\\/#organization\",\"name\":\"Norsk Selskap for Fotografo\",\"url\":\"https:\\\/\\\/nsff.no\\\/magasinet\\\/\",\"logo\":{\"@type\":\"ImageObject\",\"inLanguage\":\"nb-NO\",\"@id\":\"https:\\\/\\\/nsff.no\\\/magasinet\\\/#\\\/schema\\\/logo\\\/image\\\/\",\"url\":\"https:\\\/\\\/nsff.no\\\/magasinet\\\/wp-content\\\/uploads\\\/sites\\\/2\\\/2016\\\/05\\\/NSFF-fb-lenkebilde.png\",\"contentUrl\":\"https:\\\/\\\/nsff.no\\\/magasinet\\\/wp-content\\\/uploads\\\/sites\\\/2\\\/2016\\\/05\\\/NSFF-fb-lenkebilde.png\",\"width\":1,\"height\":1,\"caption\":\"Norsk Selskap for Fotografo\"},\"image\":{\"@id\":\"https:\\\/\\\/nsff.no\\\/magasinet\\\/#\\\/schema\\\/logo\\\/image\\\/\"}},{\"@type\":\"Person\",\"@id\":\"https:\\\/\\\/nsff.no\\\/magasinet\\\/#\\\/schema\\\/person\\\/da041f968afa9bee0293372491a98303\",\"name\":\"Birgit Fostervold\",\"image\":{\"@type\":\"ImageObject\",\"inLanguage\":\"nb-NO\",\"@id\":\"https:\\\/\\\/secure.gravatar.com\\\/avatar\\\/d8b31664a01c80eecbf53f36dc41fa676bbfe7c78cb2391937a62f88da897950?s=96&d=mm&r=g\",\"url\":\"https:\\\/\\\/secure.gravatar.com\\\/avatar\\\/d8b31664a01c80eecbf53f36dc41fa676bbfe7c78cb2391937a62f88da897950?s=96&d=mm&r=g\",\"contentUrl\":\"https:\\\/\\\/secure.gravatar.com\\\/avatar\\\/d8b31664a01c80eecbf53f36dc41fa676bbfe7c78cb2391937a62f88da897950?s=96&d=mm&r=g\",\"caption\":\"Birgit Fostervold\"},\"description\":\"EsNSFF, HonENFFF, medlem i Homborsund fotoklubb og Arendal fotoklubb. Styremedlem NSFF, Nordisk Forbund for Fotografi og Norsk Naturfotofestival. Tidl. nestleder og konst.leder NSFF (2017\u201322), tidl. redakt\u00f8r for NSFF Magasin (2016\u201322).\",\"sameAs\":[\"https:\\\/\\\/lensbirdie.no\",\"https:\\\/\\\/instagram.com\\\/knipselyst\\\/\"],\"url\":\"https:\\\/\\\/nsff.no\\\/magasinet\\\/author\\\/birgitf\\\/\"}]}<\/script>\n<!-- \/ Yoast SEO plugin. -->","yoast_head_json":{"title":"Norgesmesterne med ny salgsutstilling - NSFF Magasin | Norsk Selskap for Fotografi","description":"Norgesmesterne i Oseberg Photo Society er ikke mange, men de er sv\u00e6rt aktive. Nylig presenterte de sin nye salgsutstilling p\u00e5 Babels Caf\u00e9 i T\u00f8nsberg.","robots":{"index":"index","follow":"follow","max-snippet":"max-snippet:-1","max-image-preview":"max-image-preview:large","max-video-preview":"max-video-preview:-1"},"canonical":"https:\/\/nsff.no\/magasinet\/2017\/02\/15\/norgesmesterne-med-ny-salgsutstilling\/","og_locale":"nb_NO","og_type":"article","og_title":"Norgesmesterne med ny salgsutstilling - NSFF Magasin | Norsk Selskap for Fotografi","og_description":"Norgesmesterne i Oseberg Photo Society er ikke mange, men de er sv\u00e6rt aktive. Nylig presenterte de sin nye salgsutstilling p\u00e5 Babels Caf\u00e9 i T\u00f8nsberg.","og_url":"https:\/\/nsff.no\/magasinet\/2017\/02\/15\/norgesmesterne-med-ny-salgsutstilling\/","og_site_name":"NSFF Magasin | Norsk Selskap for Fotografi","article_published_time":"2017-02-15T12:09:31+00:00","article_modified_time":"2017-02-15T12:16:12+00:00","og_image":[{"url":"https:\/\/nsff.no\/magasinet\/wp-content\/uploads\/sites\/2\/2017\/02\/osebergfeb2017_a.jpg","width":1,"height":1,"type":"image\/jpeg"}],"author":"Birgit Fostervold","twitter_card":"summary_large_image","twitter_misc":{"Skrevet av":"Birgit Fostervold","Ansl. lesetid":"3 minutter"},"schema":{"@context":"https:\/\/schema.org","@graph":[{"@type":"Article","@id":"https:\/\/nsff.no\/magasinet\/2017\/02\/15\/norgesmesterne-med-ny-salgsutstilling\/#article","isPartOf":{"@id":"https:\/\/nsff.no\/magasinet\/2017\/02\/15\/norgesmesterne-med-ny-salgsutstilling\/"},"author":{"name":"Birgit Fostervold","@id":"https:\/\/nsff.no\/magasinet\/#\/schema\/person\/da041f968afa9bee0293372491a98303"},"headline":"Norgesmesterne med ny salgsutstilling","datePublished":"2017-02-15T12:09:31+00:00","dateModified":"2017-02-15T12:16:12+00:00","mainEntityOfPage":{"@id":"https:\/\/nsff.no\/magasinet\/2017\/02\/15\/norgesmesterne-med-ny-salgsutstilling\/"},"wordCount":530,"commentCount":0,"publisher":{"@id":"https:\/\/nsff.no\/magasinet\/#organization"},"image":{"@id":"https:\/\/nsff.no\/magasinet\/2017\/02\/15\/norgesmesterne-med-ny-salgsutstilling\/#primaryimage"},"thumbnailUrl":"https:\/\/nsff.no\/magasinet\/wp-content\/uploads\/sites\/2\/2017\/02\/osebergfeb2017_a.jpg","keywords":["2017","Oseberg Photo Society","salgsutstilling","T\u00f8nsberg"],"articleSection":["Foto","Nyheter"],"inLanguage":"nb-NO","potentialAction":[{"@type":"CommentAction","name":"Comment","target":["https:\/\/nsff.no\/magasinet\/2017\/02\/15\/norgesmesterne-med-ny-salgsutstilling\/#respond"]}]},{"@type":"WebPage","@id":"https:\/\/nsff.no\/magasinet\/2017\/02\/15\/norgesmesterne-med-ny-salgsutstilling\/","url":"https:\/\/nsff.no\/magasinet\/2017\/02\/15\/norgesmesterne-med-ny-salgsutstilling\/","name":"Norgesmesterne med ny salgsutstilling - NSFF Magasin | Norsk Selskap for Fotografi","isPartOf":{"@id":"https:\/\/nsff.no\/magasinet\/#website"},"primaryImageOfPage":{"@id":"https:\/\/nsff.no\/magasinet\/2017\/02\/15\/norgesmesterne-med-ny-salgsutstilling\/#primaryimage"},"image":{"@id":"https:\/\/nsff.no\/magasinet\/2017\/02\/15\/norgesmesterne-med-ny-salgsutstilling\/#primaryimage"},"thumbnailUrl":"https:\/\/nsff.no\/magasinet\/wp-content\/uploads\/sites\/2\/2017\/02\/osebergfeb2017_a.jpg","datePublished":"2017-02-15T12:09:31+00:00","dateModified":"2017-02-15T12:16:12+00:00","description":"Norgesmesterne i Oseberg Photo Society er ikke mange, men de er sv\u00e6rt aktive. Nylig presenterte de sin nye salgsutstilling p\u00e5 Babels Caf\u00e9 i T\u00f8nsberg.","breadcrumb":{"@id":"https:\/\/nsff.no\/magasinet\/2017\/02\/15\/norgesmesterne-med-ny-salgsutstilling\/#breadcrumb"},"inLanguage":"nb-NO","potentialAction":[{"@type":"ReadAction","target":["https:\/\/nsff.no\/magasinet\/2017\/02\/15\/norgesmesterne-med-ny-salgsutstilling\/"]}]},{"@type":"ImageObject","inLanguage":"nb-NO","@id":"https:\/\/nsff.no\/magasinet\/2017\/02\/15\/norgesmesterne-med-ny-salgsutstilling\/#primaryimage","url":"https:\/\/nsff.no\/magasinet\/wp-content\/uploads\/sites\/2\/2017\/02\/osebergfeb2017_a.jpg","contentUrl":"https:\/\/nsff.no\/magasinet\/wp-content\/uploads\/sites\/2\/2017\/02\/osebergfeb2017_a.jpg","caption":"Salgsutstilling Oseberg Photo Society 2017"},{"@type":"BreadcrumbList","@id":"https:\/\/nsff.no\/magasinet\/2017\/02\/15\/norgesmesterne-med-ny-salgsutstilling\/#breadcrumb","itemListElement":[{"@type":"ListItem","position":1,"name":"Hjem","item":"https:\/\/nsff.no\/magasinet\/"},{"@type":"ListItem","position":2,"name":"Norgesmesterne med ny salgsutstilling"}]},{"@type":"WebSite","@id":"https:\/\/nsff.no\/magasinet\/#website","url":"https:\/\/nsff.no\/magasinet\/","name":"NSFF Magasin | Norsk Selskap for Fotografi","description":"Medlemsmagasin for film- og fotoentusiaster","publisher":{"@id":"https:\/\/nsff.no\/magasinet\/#organization"},"potentialAction":[{"@type":"SearchAction","target":{"@type":"EntryPoint","urlTemplate":"https:\/\/nsff.no\/magasinet\/?s={search_term_string}"},"query-input":{"@type":"PropertyValueSpecification","valueRequired":true,"valueName":"search_term_string"}}],"inLanguage":"nb-NO"},{"@type":"Organization","@id":"https:\/\/nsff.no\/magasinet\/#organization","name":"Norsk Selskap for Fotografo","url":"https:\/\/nsff.no\/magasinet\/","logo":{"@type":"ImageObject","inLanguage":"nb-NO","@id":"https:\/\/nsff.no\/magasinet\/#\/schema\/logo\/image\/","url":"https:\/\/nsff.no\/magasinet\/wp-content\/uploads\/sites\/2\/2016\/05\/NSFF-fb-lenkebilde.png","contentUrl":"https:\/\/nsff.no\/magasinet\/wp-content\/uploads\/sites\/2\/2016\/05\/NSFF-fb-lenkebilde.png","width":1,"height":1,"caption":"Norsk Selskap for Fotografo"},"image":{"@id":"https:\/\/nsff.no\/magasinet\/#\/schema\/logo\/image\/"}},{"@type":"Person","@id":"https:\/\/nsff.no\/magasinet\/#\/schema\/person\/da041f968afa9bee0293372491a98303","name":"Birgit Fostervold","image":{"@type":"ImageObject","inLanguage":"nb-NO","@id":"https:\/\/secure.gravatar.com\/avatar\/d8b31664a01c80eecbf53f36dc41fa676bbfe7c78cb2391937a62f88da897950?s=96&d=mm&r=g","url":"https:\/\/secure.gravatar.com\/avatar\/d8b31664a01c80eecbf53f36dc41fa676bbfe7c78cb2391937a62f88da897950?s=96&d=mm&r=g","contentUrl":"https:\/\/secure.gravatar.com\/avatar\/d8b31664a01c80eecbf53f36dc41fa676bbfe7c78cb2391937a62f88da897950?s=96&d=mm&r=g","caption":"Birgit Fostervold"},"description":"EsNSFF, HonENFFF, medlem i Homborsund fotoklubb og Arendal fotoklubb. Styremedlem NSFF, Nordisk Forbund for Fotografi og Norsk Naturfotofestival. Tidl. nestleder og konst.leder NSFF (2017\u201322), tidl. redakt\u00f8r for NSFF Magasin (2016\u201322).","sameAs":["https:\/\/lensbirdie.no","https:\/\/instagram.com\/knipselyst\/"],"url":"https:\/\/nsff.no\/magasinet\/author\/birgitf\/"}]}},"_links":{"self":[{"href":"https:\/\/nsff.no\/magasinet\/wp-json\/wp\/v2\/posts\/5229","targetHints":{"allow":["GET"]}}],"collection":[{"href":"https:\/\/nsff.no\/magasinet\/wp-json\/wp\/v2\/posts"}],"about":[{"href":"https:\/\/nsff.no\/magasinet\/wp-json\/wp\/v2\/types\/post"}],"author":[{"embeddable":true,"href":"https:\/\/nsff.no\/magasinet\/wp-json\/wp\/v2\/users\/7"}],"replies":[{"embeddable":true,"href":"https:\/\/nsff.no\/magasinet\/wp-json\/wp\/v2\/comments?post=5229"}],"version-history":[{"count":5,"href":"https:\/\/nsff.no\/magasinet\/wp-json\/wp\/v2\/posts\/5229\/revisions"}],"predecessor-version":[{"id":5242,"href":"https:\/\/nsff.no\/magasinet\/wp-json\/wp\/v2\/posts\/5229\/revisions\/5242"}],"wp:featuredmedia":[{"embeddable":true,"href":"https:\/\/nsff.no\/magasinet\/wp-json\/wp\/v2\/media\/5232"}],"wp:attachment":[{"href":"https:\/\/nsff.no\/magasinet\/wp-json\/wp\/v2\/media?parent=5229"}],"wp:term":[{"taxonomy":"category","embeddable":true,"href":"https:\/\/nsff.no\/magasinet\/wp-json\/wp\/v2\/categories?post=5229"},{"taxonomy":"post_tag","embeddable":true,"href":"https:\/\/nsff.no\/magasinet\/wp-json\/wp\/v2\/tags?post=5229"}],"curies":[{"name":"wp","href":"https:\/\/api.w.org\/{rel}","templated":true}]}}