{"id":4739,"date":"2016-10-26T13:35:24","date_gmt":"2016-10-26T11:35:24","guid":{"rendered":"http:\/\/nsff.no\/magasinet\/?p=4739"},"modified":"2017-12-20T18:44:59","modified_gmt":"2017-12-20T17:44:59","slug":"stormtreff-med-skyfri-himmel","status":"publish","type":"post","link":"https:\/\/nsff.no\/magasinet\/2016\/10\/26\/stormtreff-med-skyfri-himmel\/","title":{"rendered":"Stormtreff med skyfri himmel"},"content":{"rendered":"<p>[et_pb_section admin_label=&raquo;section&raquo;][et_pb_row admin_label=&raquo;row&raquo;][et_pb_column type=&raquo;4_4&#8243;][et_pb_text admin_label=&raquo;Tekst&raquo;]<\/p>\n<p>Det f\u00f8rste regionale film- og fototreffet fikk navnet \u00abStormtreffet\u00bb p\u00e5 forh\u00e5nd. Det ble langt fra noe stormtreff, ei heller i overf\u00f8rt betydning. S\u00e5 godt som skyfri himmel under hele treffet og overhodet ikke noe vind, men vi fikk b\u00e5de solnedgang og litt nordlys i stedet.<\/p>\n<p>Det var 18 deltakere &ndash; de aller fleste var fra arrang\u00f8rklubben, ellers var det deltakere fra seks andre klubber inkludert to deltakere helt fra Lom og Lillehammer. At deltakelsen ikke var st\u00f8rre skyldtes nok i f\u00f8rste rekke kort varsel, og kollisjon med andre arrangement i flere klubber denne helgen. Fasilitetene var fine, og omr\u00e5det spennende.<\/p>\n<h2>Naturfilm, foredrag om komposisjon og tips om forberedelse for print<\/h2>\n<p>Innholdsmessig var seminaret godt. <a href=\"http:\/\/www.naturfotograf.no\/\" target=\"_blank\">Dag R\u00f8ttereng<\/a> sitt innlegg fredag kveld var en film fra Sm\u00f8la, satt sammen av stillbilder, filmsnutter og timelapse, og lydsatt med musikk. <a href=\"https:\/\/www.facebook.com\/kaihelge.andersen\" target=\"_blank\">Kai Helge Andersen<\/a> fra Kristiansund holdt samme kveld foredrag om fuglelivet ved Hustadvika. Det er utrolig hvor mange arter som han hadde registrert og tatt bilde av! <\/p>\n<p>Selv om to av foredragsholderne var naturfotografer, var foredraget til R\u00f8ttereng p\u00e5 l\u00f8rdag formiddag av allmenn verdi: det dreide seg nemlig om komposisjon, godt illustrert med hans egne naturbilder.<\/p>\n<p>[\/et_pb_text][et_pb_gallery admin_label=&raquo;Galleri&raquo; gallery_ids=&raquo;4761,4758,4760,4762&#8243; fullwidth=&raquo;off&raquo; show_title_and_caption=&raquo;off&raquo; show_pagination=&raquo;off&raquo; background_layout=&raquo;light&raquo; auto=&raquo;off&raquo; hover_overlay_color=&raquo;rgba(255,255,255,0.9)&raquo; caption_all_caps=&raquo;off&raquo; use_border_color=&raquo;off&raquo; border_color=&raquo;#ffffff&raquo; border_style=&raquo;solid&raquo;]<\/p>\n<p>[\/et_pb_gallery][et_pb_text admin_label=&raquo;Tekst&raquo; background_layout=&raquo;light&raquo; text_orientation=&raquo;left&raquo; use_border_color=&raquo;off&raquo; border_color=&raquo;#ffffff&raquo; border_style=&raquo;solid&raquo;]<\/p>\n<p>L\u00f8rdag kveld og s\u00f8ndag formiddag fikk Per Arnfinn Persen fra <a href=\"http:\/\/www.profildata.no\/\" target=\"_blank\">Profil Data AS<\/a> til r\u00e5dighet. Han gjennomgikk det meste som har med printing p\u00e5 papir, folie og andre medier. Deltagerne fikk en grundig gjennomgang av printmulighetene i Lightroom, med tips om innstillinger. Persen vektla ogs\u00e5 viktigheten av godt kalibrert skjerm.<\/p>\n<p>Alle fikk mulighet til \u00e5 f\u00e5 printet minst ett bilde i A3-format eller st\u00f8rre, og r\u00e5dgiving om hvilket papir en skulle bruke. Persen hadde med seg mange typer papir som deltagerne fikk teste. Hans store viten og erfaring p\u00e5 omr\u00e5det ble satt stor pris p\u00e5 av alle deltakerne, og det var selvf\u00f8lgelig ogs\u00e5 stor interesse for produktene han presenterte.<\/p>\n<h2>Selvsagt tid for fotografering og filming<\/h2>\n<p>Alle deltakerne var p\u00e5 tur til tre steder: Atlanterhavsveien og Vevang samt skj\u00e6r og strand i n\u00e6rheten av Farstad. Lav sol bidro til at mange pr\u00f8vde seg p\u00e5 motlysfotografering.<\/p>\n<p>[\/et_pb_text][et_pb_gallery admin_label=&raquo;Galleri&raquo; gallery_ids=&raquo;4752,4757,4755,4750,4753,4751,4754,4763&#8243; fullwidth=&raquo;off&raquo; posts_number=&raquo;8&#8243; show_title_and_caption=&raquo;off&raquo; show_pagination=&raquo;off&raquo; background_layout=&raquo;light&raquo; auto=&raquo;off&raquo; hover_overlay_color=&raquo;rgba(255,255,255,0.9)&raquo; caption_all_caps=&raquo;off&raquo; use_border_color=&raquo;off&raquo; border_color=&raquo;#ffffff&raquo; border_style=&raquo;solid&raquo;]<\/p>\n<p>[\/et_pb_gallery][et_pb_text admin_label=&raquo;Tekst&raquo; background_layout=&raquo;light&raquo; text_orientation=&raquo;left&raquo; use_border_color=&raquo;off&raquo; border_color=&raquo;#ffffff&raquo; border_style=&raquo;solid&raquo;]<\/p>\n<p><em>Alle bildene i reisebrevet er ved Tor-Henrik Furmyr.<\/em><\/p>\n<h2>Treffkonkurranse<\/h2>\n<p>Hver deltaker kunne levere inn to bilder til en egen fotokonkurranse. Bildene m\u00e5tte v\u00e6re tatt under treffet, og temaet var fritt. Her er vinnerbildene:<br \/>\n1. plass: Leif Erling Aasan, 2. plass: Arnfinn Malmedal, 3. plass: Eva Frisnes<\/p>\n<p>[\/et_pb_text][et_pb_gallery admin_label=&raquo;Galleri&raquo; gallery_ids=&raquo;4777,4779,4778&#8243; fullwidth=&raquo;off&raquo; posts_number=&raquo;3&#8243; show_title_and_caption=&raquo;off&raquo; show_pagination=&raquo;off&raquo; background_layout=&raquo;light&raquo; auto=&raquo;off&raquo; hover_overlay_color=&raquo;rgba(255,255,255,0.9)&raquo; caption_all_caps=&raquo;off&raquo; use_border_color=&raquo;off&raquo; border_color=&raquo;#ffffff&raquo; border_style=&raquo;solid&raquo; \/][\/et_pb_column][\/et_pb_row][\/et_pb_section]<\/p>\n","protected":false},"excerpt":{"rendered":"<p>Det f\u00f8rste regionale fototreffet fikk navnet \u00abStormtreffet\u00bb p\u00e5 forh\u00e5nd. Noen storm ble det ikke &#8211; p\u00e5 noen m\u00e5te &#8211; i stedet opplevde man flott solnedgang, nordlys, inspirerende samv\u00e6r og l\u00e6rerike foredrag.<\/p>\n","protected":false},"author":45,"featured_media":4769,"comment_status":"open","ping_status":"open","sticky":false,"template":"","format":"standard","meta":{"_et_pb_use_builder":"on","_et_pb_old_content":"Det f\u00f8rste regionale film- og fototreffet fikk navnet \u00abStormtreffet\u00bb p\u00e5 forh\u00e5nd. Det ble langt fra noe stormtreff, ei heller i overf\u00f8rt betydning. S\u00e5 godt som skyfri himmel under hele treffet og overhodet ikke noe vind, men vi fikk b\u00e5de solnedgang og litt nordlys i stedet.\r\n\r\nDet var 18 deltakere \u2013 de aller fleste var fra arrang\u00f8rklubben, ellers var det deltakere fra seks andre klubber inkludert to deltakere helt fra Lom og Lillehammer. At deltakelsen ikke var st\u00f8rre skyldtes nok i f\u00f8rste rekke kort varsel, og kollisjon med andre arrangement i flere klubber denne helgen. Fasilitetene var fine, og omr\u00e5det spennende.\r\n\r\n<h2>Naturfilm, foredrag om komposisjon og tips om forberedelse for print<\/h2>\r\n\r\nInnholdsmessig var seminaret godt. <a href=\"http:\/\/www.naturfotograf.no\/\" target=\"_blank\">Dag R\u00f8ttereng<\/a> sitt innlegg fredag kveld var en film fra Sm\u00f8la, satt sammen av stillbilder, filmsnutter og timelapse, og lydsatt med musikk. <a href=\"https:\/\/www.facebook.com\/kaihelge.andersen\" target=\"_blank\">Kai Helge Andersen<\/a> fra Kristiansund holdt samme kveld foredrag om fuglelivet ved Hustadvika. Det er utrolig hvor mange arter som han hadde registrert og tatt bilde av! \r\n\r\nSelv om to av foredragsholderne var naturfotografer, var foredraget til R\u00f8ttereng p\u00e5 l\u00f8rdag formiddag av allmenn verdi: det dreide seg nemlig om komposisjon, godt illustrert med hans egne naturbilder.","_et_gb_content_width":"","footnotes":""},"categories":[91,14,51,623],"tags":[140,411,109,410],"class_list":["post-4739","post","type-post","status-publish","format-standard","has-post-thumbnail","hentry","category-inspirasjon","category-nyheter","category-reisebrev","category-treff","tag-140","tag-hustadvika-fotoklubb","tag-nasjonalt-film-og-fototreff","tag-regionalt-treff","et-has-post-format-content","et_post_format-et-post-format-standard"],"yoast_head":"<!-- This site is optimized with the Yoast SEO plugin v27.5 - https:\/\/yoast.com\/product\/yoast-seo-wordpress\/ -->\n<title>Stormtreff med skyfri himmel - NSFF Magasin | Norsk Selskap for Fotografi<\/title>\n<meta name=\"description\" content=\"Det f\u00f8rste regionale film- og fototreffet het \u00abStormtreffet\u00bb, men det stormet lite. Solnedgang og nordlys, hyggelig samv\u00e6r og l\u00e6rerike foredrag var fasiten.\" \/>\n<meta name=\"robots\" content=\"index, follow, max-snippet:-1, max-image-preview:large, max-video-preview:-1\" \/>\n<link rel=\"canonical\" href=\"https:\/\/nsff.no\/magasinet\/2016\/10\/26\/stormtreff-med-skyfri-himmel\/\" \/>\n<meta property=\"og:locale\" content=\"nb_NO\" \/>\n<meta property=\"og:type\" content=\"article\" \/>\n<meta property=\"og:title\" content=\"Stormtreff med skyfri himmel - NSFF Magasin | Norsk Selskap for Fotografi\" \/>\n<meta property=\"og:description\" content=\"Det f\u00f8rste regionale film- og fototreffet het \u00abStormtreffet\u00bb, men det stormet lite. Solnedgang og nordlys, hyggelig samv\u00e6r og l\u00e6rerike foredrag var fasiten.\" \/>\n<meta property=\"og:url\" content=\"https:\/\/nsff.no\/magasinet\/2016\/10\/26\/stormtreff-med-skyfri-himmel\/\" \/>\n<meta property=\"og:site_name\" content=\"NSFF Magasin | Norsk Selskap for Fotografi\" \/>\n<meta property=\"article:published_time\" content=\"2016-10-26T11:35:24+00:00\" \/>\n<meta property=\"article:modified_time\" content=\"2017-12-20T17:44:59+00:00\" \/>\n<meta property=\"og:image\" content=\"https:\/\/nsff.no\/magasinet\/wp-content\/uploads\/sites\/2\/2016\/10\/Regionstreff_Hustadvika_2016_7_Tor_Henrik-Furmyr.jpg\" \/>\n\t<meta property=\"og:image:width\" content=\"1\" \/>\n\t<meta property=\"og:image:height\" content=\"1\" \/>\n\t<meta property=\"og:image:type\" content=\"image\/jpeg\" \/>\n<meta name=\"author\" content=\"Leonard L\u00f8voll\" \/>\n<meta name=\"twitter:card\" content=\"summary_large_image\" \/>\n<meta name=\"twitter:label1\" content=\"Skrevet av\" \/>\n\t<meta name=\"twitter:data1\" content=\"Leonard L\u00f8voll\" \/>\n\t<meta name=\"twitter:label2\" content=\"Ansl. lesetid\" \/>\n\t<meta name=\"twitter:data2\" content=\"3 minutter\" \/>\n<script type=\"application\/ld+json\" class=\"yoast-schema-graph\">{\"@context\":\"https:\\\/\\\/schema.org\",\"@graph\":[{\"@type\":\"Article\",\"@id\":\"https:\\\/\\\/nsff.no\\\/magasinet\\\/2016\\\/10\\\/26\\\/stormtreff-med-skyfri-himmel\\\/#article\",\"isPartOf\":{\"@id\":\"https:\\\/\\\/nsff.no\\\/magasinet\\\/2016\\\/10\\\/26\\\/stormtreff-med-skyfri-himmel\\\/\"},\"author\":{\"name\":\"Leonard L\u00f8voll\",\"@id\":\"https:\\\/\\\/nsff.no\\\/magasinet\\\/#\\\/schema\\\/person\\\/5f6ad9467b40509cbd3da3ae01216193\"},\"headline\":\"Stormtreff med skyfri himmel\",\"datePublished\":\"2016-10-26T11:35:24+00:00\",\"dateModified\":\"2017-12-20T17:44:59+00:00\",\"mainEntityOfPage\":{\"@id\":\"https:\\\/\\\/nsff.no\\\/magasinet\\\/2016\\\/10\\\/26\\\/stormtreff-med-skyfri-himmel\\\/\"},\"wordCount\":623,\"commentCount\":2,\"publisher\":{\"@id\":\"https:\\\/\\\/nsff.no\\\/magasinet\\\/#organization\"},\"image\":{\"@id\":\"https:\\\/\\\/nsff.no\\\/magasinet\\\/2016\\\/10\\\/26\\\/stormtreff-med-skyfri-himmel\\\/#primaryimage\"},\"thumbnailUrl\":\"https:\\\/\\\/nsff.no\\\/magasinet\\\/wp-content\\\/uploads\\\/sites\\\/2\\\/2016\\\/10\\\/Regionstreff_Hustadvika_2016_Tor_Henrik-Furmyr.jpg\",\"keywords\":[\"2016\",\"Hustadvika fotoklubb\",\"Nasjonalt Film- og Fototreff\",\"regionalt treff\"],\"articleSection\":[\"Inspirasjon\",\"Nyheter\",\"Reisebrev\",\"Treff\"],\"inLanguage\":\"nb-NO\",\"potentialAction\":[{\"@type\":\"CommentAction\",\"name\":\"Comment\",\"target\":[\"https:\\\/\\\/nsff.no\\\/magasinet\\\/2016\\\/10\\\/26\\\/stormtreff-med-skyfri-himmel\\\/#respond\"]}]},{\"@type\":\"WebPage\",\"@id\":\"https:\\\/\\\/nsff.no\\\/magasinet\\\/2016\\\/10\\\/26\\\/stormtreff-med-skyfri-himmel\\\/\",\"url\":\"https:\\\/\\\/nsff.no\\\/magasinet\\\/2016\\\/10\\\/26\\\/stormtreff-med-skyfri-himmel\\\/\",\"name\":\"Stormtreff med skyfri himmel - NSFF Magasin | Norsk Selskap for Fotografi\",\"isPartOf\":{\"@id\":\"https:\\\/\\\/nsff.no\\\/magasinet\\\/#website\"},\"primaryImageOfPage\":{\"@id\":\"https:\\\/\\\/nsff.no\\\/magasinet\\\/2016\\\/10\\\/26\\\/stormtreff-med-skyfri-himmel\\\/#primaryimage\"},\"image\":{\"@id\":\"https:\\\/\\\/nsff.no\\\/magasinet\\\/2016\\\/10\\\/26\\\/stormtreff-med-skyfri-himmel\\\/#primaryimage\"},\"thumbnailUrl\":\"https:\\\/\\\/nsff.no\\\/magasinet\\\/wp-content\\\/uploads\\\/sites\\\/2\\\/2016\\\/10\\\/Regionstreff_Hustadvika_2016_Tor_Henrik-Furmyr.jpg\",\"datePublished\":\"2016-10-26T11:35:24+00:00\",\"dateModified\":\"2017-12-20T17:44:59+00:00\",\"description\":\"Det f\u00f8rste regionale film- og fototreffet het \u00abStormtreffet\u00bb, men det stormet lite. Solnedgang og nordlys, hyggelig samv\u00e6r og l\u00e6rerike foredrag var fasiten.\",\"breadcrumb\":{\"@id\":\"https:\\\/\\\/nsff.no\\\/magasinet\\\/2016\\\/10\\\/26\\\/stormtreff-med-skyfri-himmel\\\/#breadcrumb\"},\"inLanguage\":\"nb-NO\",\"potentialAction\":[{\"@type\":\"ReadAction\",\"target\":[\"https:\\\/\\\/nsff.no\\\/magasinet\\\/2016\\\/10\\\/26\\\/stormtreff-med-skyfri-himmel\\\/\"]}]},{\"@type\":\"ImageObject\",\"inLanguage\":\"nb-NO\",\"@id\":\"https:\\\/\\\/nsff.no\\\/magasinet\\\/2016\\\/10\\\/26\\\/stormtreff-med-skyfri-himmel\\\/#primaryimage\",\"url\":\"https:\\\/\\\/nsff.no\\\/magasinet\\\/wp-content\\\/uploads\\\/sites\\\/2\\\/2016\\\/10\\\/Regionstreff_Hustadvika_2016_Tor_Henrik-Furmyr.jpg\",\"contentUrl\":\"https:\\\/\\\/nsff.no\\\/magasinet\\\/wp-content\\\/uploads\\\/sites\\\/2\\\/2016\\\/10\\\/Regionstreff_Hustadvika_2016_Tor_Henrik-Furmyr.jpg\",\"caption\":\"Stormtreffet Hustadvika 2016 (foto: Tor-Henrik Furmyr)\"},{\"@type\":\"BreadcrumbList\",\"@id\":\"https:\\\/\\\/nsff.no\\\/magasinet\\\/2016\\\/10\\\/26\\\/stormtreff-med-skyfri-himmel\\\/#breadcrumb\",\"itemListElement\":[{\"@type\":\"ListItem\",\"position\":1,\"name\":\"Hjem\",\"item\":\"https:\\\/\\\/nsff.no\\\/magasinet\\\/\"},{\"@type\":\"ListItem\",\"position\":2,\"name\":\"Stormtreff med skyfri himmel\"}]},{\"@type\":\"WebSite\",\"@id\":\"https:\\\/\\\/nsff.no\\\/magasinet\\\/#website\",\"url\":\"https:\\\/\\\/nsff.no\\\/magasinet\\\/\",\"name\":\"NSFF Magasin | Norsk Selskap for Fotografi\",\"description\":\"Medlemsmagasin for film- og fotoentusiaster\",\"publisher\":{\"@id\":\"https:\\\/\\\/nsff.no\\\/magasinet\\\/#organization\"},\"potentialAction\":[{\"@type\":\"SearchAction\",\"target\":{\"@type\":\"EntryPoint\",\"urlTemplate\":\"https:\\\/\\\/nsff.no\\\/magasinet\\\/?s={search_term_string}\"},\"query-input\":{\"@type\":\"PropertyValueSpecification\",\"valueRequired\":true,\"valueName\":\"search_term_string\"}}],\"inLanguage\":\"nb-NO\"},{\"@type\":\"Organization\",\"@id\":\"https:\\\/\\\/nsff.no\\\/magasinet\\\/#organization\",\"name\":\"Norsk Selskap for Fotografo\",\"url\":\"https:\\\/\\\/nsff.no\\\/magasinet\\\/\",\"logo\":{\"@type\":\"ImageObject\",\"inLanguage\":\"nb-NO\",\"@id\":\"https:\\\/\\\/nsff.no\\\/magasinet\\\/#\\\/schema\\\/logo\\\/image\\\/\",\"url\":\"https:\\\/\\\/nsff.no\\\/magasinet\\\/wp-content\\\/uploads\\\/sites\\\/2\\\/2016\\\/05\\\/NSFF-fb-lenkebilde.png\",\"contentUrl\":\"https:\\\/\\\/nsff.no\\\/magasinet\\\/wp-content\\\/uploads\\\/sites\\\/2\\\/2016\\\/05\\\/NSFF-fb-lenkebilde.png\",\"width\":1,\"height\":1,\"caption\":\"Norsk Selskap for Fotografo\"},\"image\":{\"@id\":\"https:\\\/\\\/nsff.no\\\/magasinet\\\/#\\\/schema\\\/logo\\\/image\\\/\"}},{\"@type\":\"Person\",\"@id\":\"https:\\\/\\\/nsff.no\\\/magasinet\\\/#\\\/schema\\\/person\\\/5f6ad9467b40509cbd3da3ae01216193\",\"name\":\"Leonard L\u00f8voll\",\"image\":{\"@type\":\"ImageObject\",\"inLanguage\":\"nb-NO\",\"@id\":\"https:\\\/\\\/secure.gravatar.com\\\/avatar\\\/403278514263b38446b17b421582fddf9f50ef9f823872f3439c727e78cc0316?s=96&d=mm&r=g\",\"url\":\"https:\\\/\\\/secure.gravatar.com\\\/avatar\\\/403278514263b38446b17b421582fddf9f50ef9f823872f3439c727e78cc0316?s=96&d=mm&r=g\",\"contentUrl\":\"https:\\\/\\\/secure.gravatar.com\\\/avatar\\\/403278514263b38446b17b421582fddf9f50ef9f823872f3439c727e78cc0316?s=96&d=mm&r=g\",\"caption\":\"Leonard L\u00f8voll\"},\"description\":\"Styremedlem i \u00c5lesund Kameraklubb. Regionkontakt for M\u00f8re og Romsdal og Sogn og Fjordane.\",\"url\":\"https:\\\/\\\/nsff.no\\\/magasinet\\\/author\\\/leonard\\\/\"}]}<\/script>\n<!-- \/ Yoast SEO plugin. -->","yoast_head_json":{"title":"Stormtreff med skyfri himmel - NSFF Magasin | Norsk Selskap for Fotografi","description":"Det f\u00f8rste regionale film- og fototreffet het \u00abStormtreffet\u00bb, men det stormet lite. Solnedgang og nordlys, hyggelig samv\u00e6r og l\u00e6rerike foredrag var fasiten.","robots":{"index":"index","follow":"follow","max-snippet":"max-snippet:-1","max-image-preview":"max-image-preview:large","max-video-preview":"max-video-preview:-1"},"canonical":"https:\/\/nsff.no\/magasinet\/2016\/10\/26\/stormtreff-med-skyfri-himmel\/","og_locale":"nb_NO","og_type":"article","og_title":"Stormtreff med skyfri himmel - NSFF Magasin | Norsk Selskap for Fotografi","og_description":"Det f\u00f8rste regionale film- og fototreffet het \u00abStormtreffet\u00bb, men det stormet lite. Solnedgang og nordlys, hyggelig samv\u00e6r og l\u00e6rerike foredrag var fasiten.","og_url":"https:\/\/nsff.no\/magasinet\/2016\/10\/26\/stormtreff-med-skyfri-himmel\/","og_site_name":"NSFF Magasin | Norsk Selskap for Fotografi","article_published_time":"2016-10-26T11:35:24+00:00","article_modified_time":"2017-12-20T17:44:59+00:00","og_image":[{"url":"https:\/\/nsff.no\/magasinet\/wp-content\/uploads\/sites\/2\/2016\/10\/Regionstreff_Hustadvika_2016_7_Tor_Henrik-Furmyr.jpg","width":1,"height":1,"type":"image\/jpeg"}],"author":"Leonard L\u00f8voll","twitter_card":"summary_large_image","twitter_misc":{"Skrevet av":"Leonard L\u00f8voll","Ansl. lesetid":"3 minutter"},"schema":{"@context":"https:\/\/schema.org","@graph":[{"@type":"Article","@id":"https:\/\/nsff.no\/magasinet\/2016\/10\/26\/stormtreff-med-skyfri-himmel\/#article","isPartOf":{"@id":"https:\/\/nsff.no\/magasinet\/2016\/10\/26\/stormtreff-med-skyfri-himmel\/"},"author":{"name":"Leonard L\u00f8voll","@id":"https:\/\/nsff.no\/magasinet\/#\/schema\/person\/5f6ad9467b40509cbd3da3ae01216193"},"headline":"Stormtreff med skyfri himmel","datePublished":"2016-10-26T11:35:24+00:00","dateModified":"2017-12-20T17:44:59+00:00","mainEntityOfPage":{"@id":"https:\/\/nsff.no\/magasinet\/2016\/10\/26\/stormtreff-med-skyfri-himmel\/"},"wordCount":623,"commentCount":2,"publisher":{"@id":"https:\/\/nsff.no\/magasinet\/#organization"},"image":{"@id":"https:\/\/nsff.no\/magasinet\/2016\/10\/26\/stormtreff-med-skyfri-himmel\/#primaryimage"},"thumbnailUrl":"https:\/\/nsff.no\/magasinet\/wp-content\/uploads\/sites\/2\/2016\/10\/Regionstreff_Hustadvika_2016_Tor_Henrik-Furmyr.jpg","keywords":["2016","Hustadvika fotoklubb","Nasjonalt Film- og Fototreff","regionalt treff"],"articleSection":["Inspirasjon","Nyheter","Reisebrev","Treff"],"inLanguage":"nb-NO","potentialAction":[{"@type":"CommentAction","name":"Comment","target":["https:\/\/nsff.no\/magasinet\/2016\/10\/26\/stormtreff-med-skyfri-himmel\/#respond"]}]},{"@type":"WebPage","@id":"https:\/\/nsff.no\/magasinet\/2016\/10\/26\/stormtreff-med-skyfri-himmel\/","url":"https:\/\/nsff.no\/magasinet\/2016\/10\/26\/stormtreff-med-skyfri-himmel\/","name":"Stormtreff med skyfri himmel - NSFF Magasin | Norsk Selskap for Fotografi","isPartOf":{"@id":"https:\/\/nsff.no\/magasinet\/#website"},"primaryImageOfPage":{"@id":"https:\/\/nsff.no\/magasinet\/2016\/10\/26\/stormtreff-med-skyfri-himmel\/#primaryimage"},"image":{"@id":"https:\/\/nsff.no\/magasinet\/2016\/10\/26\/stormtreff-med-skyfri-himmel\/#primaryimage"},"thumbnailUrl":"https:\/\/nsff.no\/magasinet\/wp-content\/uploads\/sites\/2\/2016\/10\/Regionstreff_Hustadvika_2016_Tor_Henrik-Furmyr.jpg","datePublished":"2016-10-26T11:35:24+00:00","dateModified":"2017-12-20T17:44:59+00:00","description":"Det f\u00f8rste regionale film- og fototreffet het \u00abStormtreffet\u00bb, men det stormet lite. Solnedgang og nordlys, hyggelig samv\u00e6r og l\u00e6rerike foredrag var fasiten.","breadcrumb":{"@id":"https:\/\/nsff.no\/magasinet\/2016\/10\/26\/stormtreff-med-skyfri-himmel\/#breadcrumb"},"inLanguage":"nb-NO","potentialAction":[{"@type":"ReadAction","target":["https:\/\/nsff.no\/magasinet\/2016\/10\/26\/stormtreff-med-skyfri-himmel\/"]}]},{"@type":"ImageObject","inLanguage":"nb-NO","@id":"https:\/\/nsff.no\/magasinet\/2016\/10\/26\/stormtreff-med-skyfri-himmel\/#primaryimage","url":"https:\/\/nsff.no\/magasinet\/wp-content\/uploads\/sites\/2\/2016\/10\/Regionstreff_Hustadvika_2016_Tor_Henrik-Furmyr.jpg","contentUrl":"https:\/\/nsff.no\/magasinet\/wp-content\/uploads\/sites\/2\/2016\/10\/Regionstreff_Hustadvika_2016_Tor_Henrik-Furmyr.jpg","caption":"Stormtreffet Hustadvika 2016 (foto: Tor-Henrik Furmyr)"},{"@type":"BreadcrumbList","@id":"https:\/\/nsff.no\/magasinet\/2016\/10\/26\/stormtreff-med-skyfri-himmel\/#breadcrumb","itemListElement":[{"@type":"ListItem","position":1,"name":"Hjem","item":"https:\/\/nsff.no\/magasinet\/"},{"@type":"ListItem","position":2,"name":"Stormtreff med skyfri himmel"}]},{"@type":"WebSite","@id":"https:\/\/nsff.no\/magasinet\/#website","url":"https:\/\/nsff.no\/magasinet\/","name":"NSFF Magasin | Norsk Selskap for Fotografi","description":"Medlemsmagasin for film- og fotoentusiaster","publisher":{"@id":"https:\/\/nsff.no\/magasinet\/#organization"},"potentialAction":[{"@type":"SearchAction","target":{"@type":"EntryPoint","urlTemplate":"https:\/\/nsff.no\/magasinet\/?s={search_term_string}"},"query-input":{"@type":"PropertyValueSpecification","valueRequired":true,"valueName":"search_term_string"}}],"inLanguage":"nb-NO"},{"@type":"Organization","@id":"https:\/\/nsff.no\/magasinet\/#organization","name":"Norsk Selskap for Fotografo","url":"https:\/\/nsff.no\/magasinet\/","logo":{"@type":"ImageObject","inLanguage":"nb-NO","@id":"https:\/\/nsff.no\/magasinet\/#\/schema\/logo\/image\/","url":"https:\/\/nsff.no\/magasinet\/wp-content\/uploads\/sites\/2\/2016\/05\/NSFF-fb-lenkebilde.png","contentUrl":"https:\/\/nsff.no\/magasinet\/wp-content\/uploads\/sites\/2\/2016\/05\/NSFF-fb-lenkebilde.png","width":1,"height":1,"caption":"Norsk Selskap for Fotografo"},"image":{"@id":"https:\/\/nsff.no\/magasinet\/#\/schema\/logo\/image\/"}},{"@type":"Person","@id":"https:\/\/nsff.no\/magasinet\/#\/schema\/person\/5f6ad9467b40509cbd3da3ae01216193","name":"Leonard L\u00f8voll","image":{"@type":"ImageObject","inLanguage":"nb-NO","@id":"https:\/\/secure.gravatar.com\/avatar\/403278514263b38446b17b421582fddf9f50ef9f823872f3439c727e78cc0316?s=96&d=mm&r=g","url":"https:\/\/secure.gravatar.com\/avatar\/403278514263b38446b17b421582fddf9f50ef9f823872f3439c727e78cc0316?s=96&d=mm&r=g","contentUrl":"https:\/\/secure.gravatar.com\/avatar\/403278514263b38446b17b421582fddf9f50ef9f823872f3439c727e78cc0316?s=96&d=mm&r=g","caption":"Leonard L\u00f8voll"},"description":"Styremedlem i \u00c5lesund Kameraklubb. Regionkontakt for M\u00f8re og Romsdal og Sogn og Fjordane.","url":"https:\/\/nsff.no\/magasinet\/author\/leonard\/"}]}},"_links":{"self":[{"href":"https:\/\/nsff.no\/magasinet\/wp-json\/wp\/v2\/posts\/4739","targetHints":{"allow":["GET"]}}],"collection":[{"href":"https:\/\/nsff.no\/magasinet\/wp-json\/wp\/v2\/posts"}],"about":[{"href":"https:\/\/nsff.no\/magasinet\/wp-json\/wp\/v2\/types\/post"}],"author":[{"embeddable":true,"href":"https:\/\/nsff.no\/magasinet\/wp-json\/wp\/v2\/users\/45"}],"replies":[{"embeddable":true,"href":"https:\/\/nsff.no\/magasinet\/wp-json\/wp\/v2\/comments?post=4739"}],"version-history":[{"count":11,"href":"https:\/\/nsff.no\/magasinet\/wp-json\/wp\/v2\/posts\/4739\/revisions"}],"predecessor-version":[{"id":4780,"href":"https:\/\/nsff.no\/magasinet\/wp-json\/wp\/v2\/posts\/4739\/revisions\/4780"}],"wp:featuredmedia":[{"embeddable":true,"href":"https:\/\/nsff.no\/magasinet\/wp-json\/wp\/v2\/media\/4769"}],"wp:attachment":[{"href":"https:\/\/nsff.no\/magasinet\/wp-json\/wp\/v2\/media?parent=4739"}],"wp:term":[{"taxonomy":"category","embeddable":true,"href":"https:\/\/nsff.no\/magasinet\/wp-json\/wp\/v2\/categories?post=4739"},{"taxonomy":"post_tag","embeddable":true,"href":"https:\/\/nsff.no\/magasinet\/wp-json\/wp\/v2\/tags?post=4739"}],"curies":[{"name":"wp","href":"https:\/\/api.w.org\/{rel}","templated":true}]}}