{"id":4662,"date":"2016-10-11T18:00:55","date_gmt":"2016-10-11T16:00:55","guid":{"rendered":"http:\/\/nsff.no\/magasinet\/?p=4662"},"modified":"2017-02-05T12:36:52","modified_gmt":"2017-02-05T11:36:52","slug":"hokk-26-nasjonale","status":"publish","type":"post","link":"https:\/\/nsff.no\/magasinet\/2016\/10\/11\/hokk-26-nasjonale\/","title":{"rendered":"H\u00d8KK 26. Nasjonale"},"content":{"rendered":"<p>H\u00d8KK Nasjonale er en av tre NSFF-godkjente nasjonale konkurranser som arrangeres \u00e5rlig. N\u00e5 har innbydelsen til \u00e5rets runde g\u00e5tt ut, og du kan finne <a href=\"http:\/\/www.nsff.no\/a\/index.php?page=nyhetsarkiv&#038;nyhet_id=1517\" target=\"_blank\">informasjon om klasser, innleveringsfrist og premier p\u00e5 nsff.no.<\/a><\/p>\n<h2>Lang historikk<\/h2>\n<p>H\u00f8nefoss Kamera Klubb sin nasjonale konkurranse feiret 25-\u00e5rsjubileum i fjor. Fotokonkurransen er med det landets nest eldste &ndash; kun sl\u00e5tt av &laquo;moderskeppet&raquo; NSFF sitt NM i foto. I jubileums\u00e5ret ble det satt deltakerrekord, med tilsammen 559 innleverte bilder fra hele 140 fotografer. Klarer de \u00e5 trekke enda flere deltagere i \u00e5r?<\/p>\n<p><em>Bildet som illustrerer saken er &laquo;Mors \u00f8yeskatt&raquo; av <a href=\"http:\/\/yourmemoryblogg.blogspot.no\/\" target=\"_blank\">Tonje S\u00e6tre Indrearne<\/a> (direktemedlem NSFF). Det ble k\u00e5ret til Beste menneskeportrett i 2015, og Indrearne vant tittelen Beste fotograf i konkurransen.<\/em><\/p>\n","protected":false},"excerpt":{"rendered":"<p>H\u00d8KK Nasjonale er en av tre NSFF-godkjente nasjonale konkurranser som arrangeres \u00e5rlig. N\u00e5 har innbydelsen til \u00e5rets runde g\u00e5tt ut.<\/p>\n","protected":false},"author":7,"featured_media":4663,"comment_status":"open","ping_status":"open","sticky":false,"template":"","format":"standard","meta":{"_et_pb_use_builder":"","_et_pb_old_content":"","_et_gb_content_width":"","footnotes":""},"categories":[7,10,14],"tags":[140,86,283,416,415],"class_list":["post-4662","post","type-post","status-publish","format-standard","has-post-thumbnail","hentry","category-foto","category-konkurranser","category-nyheter","tag-140","tag-fotokonkurranse","tag-hokk-nasjonale","tag-honefoss-kamera-klubb","tag-konkurranse","et-has-post-format-content","et_post_format-et-post-format-standard"],"yoast_head":"<!-- This site is optimized with the Yoast SEO plugin v27.5 - https:\/\/yoast.com\/product\/yoast-seo-wordpress\/ -->\n<title>H\u00d8KK 26. Nasjonale - NSFF Magasin | Norsk Selskap for Fotografi<\/title>\n<meta name=\"description\" content=\"H\u00d8KK Nasjonale er en av tre NSFF-godkjente nasjonale konkurranser som arrangeres \u00e5rlig. N\u00e5 har innbydelsen til \u00e5rets runde g\u00e5tt ut.\" \/>\n<meta name=\"robots\" content=\"index, follow, max-snippet:-1, max-image-preview:large, max-video-preview:-1\" \/>\n<link rel=\"canonical\" href=\"https:\/\/nsff.no\/magasinet\/2016\/10\/11\/hokk-26-nasjonale\/\" \/>\n<meta property=\"og:locale\" content=\"nb_NO\" \/>\n<meta property=\"og:type\" content=\"article\" \/>\n<meta property=\"og:title\" content=\"H\u00d8KK 26. Nasjonale - NSFF Magasin | Norsk Selskap for Fotografi\" \/>\n<meta property=\"og:description\" content=\"H\u00d8KK Nasjonale er en av tre NSFF-godkjente nasjonale konkurranser som arrangeres \u00e5rlig. N\u00e5 har innbydelsen til \u00e5rets runde g\u00e5tt ut.\" \/>\n<meta property=\"og:url\" content=\"https:\/\/nsff.no\/magasinet\/2016\/10\/11\/hokk-26-nasjonale\/\" \/>\n<meta property=\"og:site_name\" content=\"NSFF Magasin | Norsk Selskap for Fotografi\" \/>\n<meta property=\"article:published_time\" content=\"2016-10-11T16:00:55+00:00\" \/>\n<meta property=\"article:modified_time\" content=\"2017-02-05T11:36:52+00:00\" \/>\n<meta property=\"og:image\" content=\"https:\/\/nsff.no\/magasinet\/wp-content\/uploads\/sites\/2\/2016\/10\/indrearne_morsinoyeskatt.jpg\" \/>\n\t<meta property=\"og:image:width\" content=\"1\" \/>\n\t<meta property=\"og:image:height\" content=\"1\" \/>\n\t<meta property=\"og:image:type\" content=\"image\/jpeg\" \/>\n<meta name=\"author\" content=\"Birgit Fostervold\" \/>\n<meta name=\"twitter:card\" content=\"summary_large_image\" \/>\n<meta name=\"twitter:label1\" content=\"Skrevet av\" \/>\n\t<meta name=\"twitter:data1\" content=\"Birgit Fostervold\" \/>\n\t<meta name=\"twitter:label2\" content=\"Ansl. lesetid\" \/>\n\t<meta name=\"twitter:data2\" content=\"1 minutt\" \/>\n<script type=\"application\/ld+json\" class=\"yoast-schema-graph\">{\"@context\":\"https:\\\/\\\/schema.org\",\"@graph\":[{\"@type\":\"Article\",\"@id\":\"https:\\\/\\\/nsff.no\\\/magasinet\\\/2016\\\/10\\\/11\\\/hokk-26-nasjonale\\\/#article\",\"isPartOf\":{\"@id\":\"https:\\\/\\\/nsff.no\\\/magasinet\\\/2016\\\/10\\\/11\\\/hokk-26-nasjonale\\\/\"},\"author\":{\"name\":\"Birgit Fostervold\",\"@id\":\"https:\\\/\\\/nsff.no\\\/magasinet\\\/#\\\/schema\\\/person\\\/da041f968afa9bee0293372491a98303\"},\"headline\":\"H\u00d8KK 26. Nasjonale\",\"datePublished\":\"2016-10-11T16:00:55+00:00\",\"dateModified\":\"2017-02-05T11:36:52+00:00\",\"mainEntityOfPage\":{\"@id\":\"https:\\\/\\\/nsff.no\\\/magasinet\\\/2016\\\/10\\\/11\\\/hokk-26-nasjonale\\\/\"},\"wordCount\":122,\"commentCount\":0,\"publisher\":{\"@id\":\"https:\\\/\\\/nsff.no\\\/magasinet\\\/#organization\"},\"image\":{\"@id\":\"https:\\\/\\\/nsff.no\\\/magasinet\\\/2016\\\/10\\\/11\\\/hokk-26-nasjonale\\\/#primaryimage\"},\"thumbnailUrl\":\"https:\\\/\\\/nsff.no\\\/magasinet\\\/wp-content\\\/uploads\\\/sites\\\/2\\\/2016\\\/10\\\/indrearne_morsinoyeskatt.jpg\",\"keywords\":[\"2016\",\"fotokonkurranse\",\"H\u00d8KK Nasjonale\",\"H\u00f8nefoss Kamera Klubb\",\"konkurranse\"],\"articleSection\":[\"Foto\",\"Konkurranser\",\"Nyheter\"],\"inLanguage\":\"nb-NO\",\"potentialAction\":[{\"@type\":\"CommentAction\",\"name\":\"Comment\",\"target\":[\"https:\\\/\\\/nsff.no\\\/magasinet\\\/2016\\\/10\\\/11\\\/hokk-26-nasjonale\\\/#respond\"]}]},{\"@type\":\"WebPage\",\"@id\":\"https:\\\/\\\/nsff.no\\\/magasinet\\\/2016\\\/10\\\/11\\\/hokk-26-nasjonale\\\/\",\"url\":\"https:\\\/\\\/nsff.no\\\/magasinet\\\/2016\\\/10\\\/11\\\/hokk-26-nasjonale\\\/\",\"name\":\"H\u00d8KK 26. Nasjonale - NSFF Magasin | Norsk Selskap for Fotografi\",\"isPartOf\":{\"@id\":\"https:\\\/\\\/nsff.no\\\/magasinet\\\/#website\"},\"primaryImageOfPage\":{\"@id\":\"https:\\\/\\\/nsff.no\\\/magasinet\\\/2016\\\/10\\\/11\\\/hokk-26-nasjonale\\\/#primaryimage\"},\"image\":{\"@id\":\"https:\\\/\\\/nsff.no\\\/magasinet\\\/2016\\\/10\\\/11\\\/hokk-26-nasjonale\\\/#primaryimage\"},\"thumbnailUrl\":\"https:\\\/\\\/nsff.no\\\/magasinet\\\/wp-content\\\/uploads\\\/sites\\\/2\\\/2016\\\/10\\\/indrearne_morsinoyeskatt.jpg\",\"datePublished\":\"2016-10-11T16:00:55+00:00\",\"dateModified\":\"2017-02-05T11:36:52+00:00\",\"description\":\"H\u00d8KK Nasjonale er en av tre NSFF-godkjente nasjonale konkurranser som arrangeres \u00e5rlig. N\u00e5 har innbydelsen til \u00e5rets runde g\u00e5tt ut.\",\"breadcrumb\":{\"@id\":\"https:\\\/\\\/nsff.no\\\/magasinet\\\/2016\\\/10\\\/11\\\/hokk-26-nasjonale\\\/#breadcrumb\"},\"inLanguage\":\"nb-NO\",\"potentialAction\":[{\"@type\":\"ReadAction\",\"target\":[\"https:\\\/\\\/nsff.no\\\/magasinet\\\/2016\\\/10\\\/11\\\/hokk-26-nasjonale\\\/\"]}]},{\"@type\":\"ImageObject\",\"inLanguage\":\"nb-NO\",\"@id\":\"https:\\\/\\\/nsff.no\\\/magasinet\\\/2016\\\/10\\\/11\\\/hokk-26-nasjonale\\\/#primaryimage\",\"url\":\"https:\\\/\\\/nsff.no\\\/magasinet\\\/wp-content\\\/uploads\\\/sites\\\/2\\\/2016\\\/10\\\/indrearne_morsinoyeskatt.jpg\",\"contentUrl\":\"https:\\\/\\\/nsff.no\\\/magasinet\\\/wp-content\\\/uploads\\\/sites\\\/2\\\/2016\\\/10\\\/indrearne_morsinoyeskatt.jpg\",\"caption\":\"Tonje S\u00e6tre Indrearne: Mors \u00f8yeskatt\"},{\"@type\":\"BreadcrumbList\",\"@id\":\"https:\\\/\\\/nsff.no\\\/magasinet\\\/2016\\\/10\\\/11\\\/hokk-26-nasjonale\\\/#breadcrumb\",\"itemListElement\":[{\"@type\":\"ListItem\",\"position\":1,\"name\":\"Hjem\",\"item\":\"https:\\\/\\\/nsff.no\\\/magasinet\\\/\"},{\"@type\":\"ListItem\",\"position\":2,\"name\":\"H\u00d8KK 26. Nasjonale\"}]},{\"@type\":\"WebSite\",\"@id\":\"https:\\\/\\\/nsff.no\\\/magasinet\\\/#website\",\"url\":\"https:\\\/\\\/nsff.no\\\/magasinet\\\/\",\"name\":\"NSFF Magasin | Norsk Selskap for Fotografi\",\"description\":\"Medlemsmagasin for film- og fotoentusiaster\",\"publisher\":{\"@id\":\"https:\\\/\\\/nsff.no\\\/magasinet\\\/#organization\"},\"potentialAction\":[{\"@type\":\"SearchAction\",\"target\":{\"@type\":\"EntryPoint\",\"urlTemplate\":\"https:\\\/\\\/nsff.no\\\/magasinet\\\/?s={search_term_string}\"},\"query-input\":{\"@type\":\"PropertyValueSpecification\",\"valueRequired\":true,\"valueName\":\"search_term_string\"}}],\"inLanguage\":\"nb-NO\"},{\"@type\":\"Organization\",\"@id\":\"https:\\\/\\\/nsff.no\\\/magasinet\\\/#organization\",\"name\":\"Norsk Selskap for Fotografo\",\"url\":\"https:\\\/\\\/nsff.no\\\/magasinet\\\/\",\"logo\":{\"@type\":\"ImageObject\",\"inLanguage\":\"nb-NO\",\"@id\":\"https:\\\/\\\/nsff.no\\\/magasinet\\\/#\\\/schema\\\/logo\\\/image\\\/\",\"url\":\"https:\\\/\\\/nsff.no\\\/magasinet\\\/wp-content\\\/uploads\\\/sites\\\/2\\\/2016\\\/05\\\/NSFF-fb-lenkebilde.png\",\"contentUrl\":\"https:\\\/\\\/nsff.no\\\/magasinet\\\/wp-content\\\/uploads\\\/sites\\\/2\\\/2016\\\/05\\\/NSFF-fb-lenkebilde.png\",\"width\":1,\"height\":1,\"caption\":\"Norsk Selskap for Fotografo\"},\"image\":{\"@id\":\"https:\\\/\\\/nsff.no\\\/magasinet\\\/#\\\/schema\\\/logo\\\/image\\\/\"}},{\"@type\":\"Person\",\"@id\":\"https:\\\/\\\/nsff.no\\\/magasinet\\\/#\\\/schema\\\/person\\\/da041f968afa9bee0293372491a98303\",\"name\":\"Birgit Fostervold\",\"image\":{\"@type\":\"ImageObject\",\"inLanguage\":\"nb-NO\",\"@id\":\"https:\\\/\\\/secure.gravatar.com\\\/avatar\\\/d8b31664a01c80eecbf53f36dc41fa676bbfe7c78cb2391937a62f88da897950?s=96&d=mm&r=g\",\"url\":\"https:\\\/\\\/secure.gravatar.com\\\/avatar\\\/d8b31664a01c80eecbf53f36dc41fa676bbfe7c78cb2391937a62f88da897950?s=96&d=mm&r=g\",\"contentUrl\":\"https:\\\/\\\/secure.gravatar.com\\\/avatar\\\/d8b31664a01c80eecbf53f36dc41fa676bbfe7c78cb2391937a62f88da897950?s=96&d=mm&r=g\",\"caption\":\"Birgit Fostervold\"},\"description\":\"EsNSFF, HonENFFF, medlem i Homborsund fotoklubb og Arendal fotoklubb. Styremedlem NSFF, Nordisk Forbund for Fotografi og Norsk Naturfotofestival. Tidl. nestleder og konst.leder NSFF (2017\u201322), tidl. redakt\u00f8r for NSFF Magasin (2016\u201322).\",\"sameAs\":[\"https:\\\/\\\/lensbirdie.no\",\"https:\\\/\\\/instagram.com\\\/knipselyst\\\/\"],\"url\":\"https:\\\/\\\/nsff.no\\\/magasinet\\\/author\\\/birgitf\\\/\"}]}<\/script>\n<!-- \/ Yoast SEO plugin. -->","yoast_head_json":{"title":"H\u00d8KK 26. Nasjonale - NSFF Magasin | Norsk Selskap for Fotografi","description":"H\u00d8KK Nasjonale er en av tre NSFF-godkjente nasjonale konkurranser som arrangeres \u00e5rlig. N\u00e5 har innbydelsen til \u00e5rets runde g\u00e5tt ut.","robots":{"index":"index","follow":"follow","max-snippet":"max-snippet:-1","max-image-preview":"max-image-preview:large","max-video-preview":"max-video-preview:-1"},"canonical":"https:\/\/nsff.no\/magasinet\/2016\/10\/11\/hokk-26-nasjonale\/","og_locale":"nb_NO","og_type":"article","og_title":"H\u00d8KK 26. Nasjonale - NSFF Magasin | Norsk Selskap for Fotografi","og_description":"H\u00d8KK Nasjonale er en av tre NSFF-godkjente nasjonale konkurranser som arrangeres \u00e5rlig. N\u00e5 har innbydelsen til \u00e5rets runde g\u00e5tt ut.","og_url":"https:\/\/nsff.no\/magasinet\/2016\/10\/11\/hokk-26-nasjonale\/","og_site_name":"NSFF Magasin | Norsk Selskap for Fotografi","article_published_time":"2016-10-11T16:00:55+00:00","article_modified_time":"2017-02-05T11:36:52+00:00","og_image":[{"url":"https:\/\/nsff.no\/magasinet\/wp-content\/uploads\/sites\/2\/2016\/10\/indrearne_morsinoyeskatt.jpg","width":1,"height":1,"type":"image\/jpeg"}],"author":"Birgit Fostervold","twitter_card":"summary_large_image","twitter_misc":{"Skrevet av":"Birgit Fostervold","Ansl. lesetid":"1 minutt"},"schema":{"@context":"https:\/\/schema.org","@graph":[{"@type":"Article","@id":"https:\/\/nsff.no\/magasinet\/2016\/10\/11\/hokk-26-nasjonale\/#article","isPartOf":{"@id":"https:\/\/nsff.no\/magasinet\/2016\/10\/11\/hokk-26-nasjonale\/"},"author":{"name":"Birgit Fostervold","@id":"https:\/\/nsff.no\/magasinet\/#\/schema\/person\/da041f968afa9bee0293372491a98303"},"headline":"H\u00d8KK 26. Nasjonale","datePublished":"2016-10-11T16:00:55+00:00","dateModified":"2017-02-05T11:36:52+00:00","mainEntityOfPage":{"@id":"https:\/\/nsff.no\/magasinet\/2016\/10\/11\/hokk-26-nasjonale\/"},"wordCount":122,"commentCount":0,"publisher":{"@id":"https:\/\/nsff.no\/magasinet\/#organization"},"image":{"@id":"https:\/\/nsff.no\/magasinet\/2016\/10\/11\/hokk-26-nasjonale\/#primaryimage"},"thumbnailUrl":"https:\/\/nsff.no\/magasinet\/wp-content\/uploads\/sites\/2\/2016\/10\/indrearne_morsinoyeskatt.jpg","keywords":["2016","fotokonkurranse","H\u00d8KK Nasjonale","H\u00f8nefoss Kamera Klubb","konkurranse"],"articleSection":["Foto","Konkurranser","Nyheter"],"inLanguage":"nb-NO","potentialAction":[{"@type":"CommentAction","name":"Comment","target":["https:\/\/nsff.no\/magasinet\/2016\/10\/11\/hokk-26-nasjonale\/#respond"]}]},{"@type":"WebPage","@id":"https:\/\/nsff.no\/magasinet\/2016\/10\/11\/hokk-26-nasjonale\/","url":"https:\/\/nsff.no\/magasinet\/2016\/10\/11\/hokk-26-nasjonale\/","name":"H\u00d8KK 26. Nasjonale - NSFF Magasin | Norsk Selskap for Fotografi","isPartOf":{"@id":"https:\/\/nsff.no\/magasinet\/#website"},"primaryImageOfPage":{"@id":"https:\/\/nsff.no\/magasinet\/2016\/10\/11\/hokk-26-nasjonale\/#primaryimage"},"image":{"@id":"https:\/\/nsff.no\/magasinet\/2016\/10\/11\/hokk-26-nasjonale\/#primaryimage"},"thumbnailUrl":"https:\/\/nsff.no\/magasinet\/wp-content\/uploads\/sites\/2\/2016\/10\/indrearne_morsinoyeskatt.jpg","datePublished":"2016-10-11T16:00:55+00:00","dateModified":"2017-02-05T11:36:52+00:00","description":"H\u00d8KK Nasjonale er en av tre NSFF-godkjente nasjonale konkurranser som arrangeres \u00e5rlig. N\u00e5 har innbydelsen til \u00e5rets runde g\u00e5tt ut.","breadcrumb":{"@id":"https:\/\/nsff.no\/magasinet\/2016\/10\/11\/hokk-26-nasjonale\/#breadcrumb"},"inLanguage":"nb-NO","potentialAction":[{"@type":"ReadAction","target":["https:\/\/nsff.no\/magasinet\/2016\/10\/11\/hokk-26-nasjonale\/"]}]},{"@type":"ImageObject","inLanguage":"nb-NO","@id":"https:\/\/nsff.no\/magasinet\/2016\/10\/11\/hokk-26-nasjonale\/#primaryimage","url":"https:\/\/nsff.no\/magasinet\/wp-content\/uploads\/sites\/2\/2016\/10\/indrearne_morsinoyeskatt.jpg","contentUrl":"https:\/\/nsff.no\/magasinet\/wp-content\/uploads\/sites\/2\/2016\/10\/indrearne_morsinoyeskatt.jpg","caption":"Tonje S\u00e6tre Indrearne: Mors \u00f8yeskatt"},{"@type":"BreadcrumbList","@id":"https:\/\/nsff.no\/magasinet\/2016\/10\/11\/hokk-26-nasjonale\/#breadcrumb","itemListElement":[{"@type":"ListItem","position":1,"name":"Hjem","item":"https:\/\/nsff.no\/magasinet\/"},{"@type":"ListItem","position":2,"name":"H\u00d8KK 26. Nasjonale"}]},{"@type":"WebSite","@id":"https:\/\/nsff.no\/magasinet\/#website","url":"https:\/\/nsff.no\/magasinet\/","name":"NSFF Magasin | Norsk Selskap for Fotografi","description":"Medlemsmagasin for film- og fotoentusiaster","publisher":{"@id":"https:\/\/nsff.no\/magasinet\/#organization"},"potentialAction":[{"@type":"SearchAction","target":{"@type":"EntryPoint","urlTemplate":"https:\/\/nsff.no\/magasinet\/?s={search_term_string}"},"query-input":{"@type":"PropertyValueSpecification","valueRequired":true,"valueName":"search_term_string"}}],"inLanguage":"nb-NO"},{"@type":"Organization","@id":"https:\/\/nsff.no\/magasinet\/#organization","name":"Norsk Selskap for Fotografo","url":"https:\/\/nsff.no\/magasinet\/","logo":{"@type":"ImageObject","inLanguage":"nb-NO","@id":"https:\/\/nsff.no\/magasinet\/#\/schema\/logo\/image\/","url":"https:\/\/nsff.no\/magasinet\/wp-content\/uploads\/sites\/2\/2016\/05\/NSFF-fb-lenkebilde.png","contentUrl":"https:\/\/nsff.no\/magasinet\/wp-content\/uploads\/sites\/2\/2016\/05\/NSFF-fb-lenkebilde.png","width":1,"height":1,"caption":"Norsk Selskap for Fotografo"},"image":{"@id":"https:\/\/nsff.no\/magasinet\/#\/schema\/logo\/image\/"}},{"@type":"Person","@id":"https:\/\/nsff.no\/magasinet\/#\/schema\/person\/da041f968afa9bee0293372491a98303","name":"Birgit Fostervold","image":{"@type":"ImageObject","inLanguage":"nb-NO","@id":"https:\/\/secure.gravatar.com\/avatar\/d8b31664a01c80eecbf53f36dc41fa676bbfe7c78cb2391937a62f88da897950?s=96&d=mm&r=g","url":"https:\/\/secure.gravatar.com\/avatar\/d8b31664a01c80eecbf53f36dc41fa676bbfe7c78cb2391937a62f88da897950?s=96&d=mm&r=g","contentUrl":"https:\/\/secure.gravatar.com\/avatar\/d8b31664a01c80eecbf53f36dc41fa676bbfe7c78cb2391937a62f88da897950?s=96&d=mm&r=g","caption":"Birgit Fostervold"},"description":"EsNSFF, HonENFFF, medlem i Homborsund fotoklubb og Arendal fotoklubb. Styremedlem NSFF, Nordisk Forbund for Fotografi og Norsk Naturfotofestival. Tidl. nestleder og konst.leder NSFF (2017\u201322), tidl. redakt\u00f8r for NSFF Magasin (2016\u201322).","sameAs":["https:\/\/lensbirdie.no","https:\/\/instagram.com\/knipselyst\/"],"url":"https:\/\/nsff.no\/magasinet\/author\/birgitf\/"}]}},"_links":{"self":[{"href":"https:\/\/nsff.no\/magasinet\/wp-json\/wp\/v2\/posts\/4662","targetHints":{"allow":["GET"]}}],"collection":[{"href":"https:\/\/nsff.no\/magasinet\/wp-json\/wp\/v2\/posts"}],"about":[{"href":"https:\/\/nsff.no\/magasinet\/wp-json\/wp\/v2\/types\/post"}],"author":[{"embeddable":true,"href":"https:\/\/nsff.no\/magasinet\/wp-json\/wp\/v2\/users\/7"}],"replies":[{"embeddable":true,"href":"https:\/\/nsff.no\/magasinet\/wp-json\/wp\/v2\/comments?post=4662"}],"version-history":[{"count":1,"href":"https:\/\/nsff.no\/magasinet\/wp-json\/wp\/v2\/posts\/4662\/revisions"}],"predecessor-version":[{"id":4664,"href":"https:\/\/nsff.no\/magasinet\/wp-json\/wp\/v2\/posts\/4662\/revisions\/4664"}],"wp:featuredmedia":[{"embeddable":true,"href":"https:\/\/nsff.no\/magasinet\/wp-json\/wp\/v2\/media\/4663"}],"wp:attachment":[{"href":"https:\/\/nsff.no\/magasinet\/wp-json\/wp\/v2\/media?parent=4662"}],"wp:term":[{"taxonomy":"category","embeddable":true,"href":"https:\/\/nsff.no\/magasinet\/wp-json\/wp\/v2\/categories?post=4662"},{"taxonomy":"post_tag","embeddable":true,"href":"https:\/\/nsff.no\/magasinet\/wp-json\/wp\/v2\/tags?post=4662"}],"curies":[{"name":"wp","href":"https:\/\/api.w.org\/{rel}","templated":true}]}}