{"id":4531,"date":"2016-09-26T22:36:45","date_gmt":"2016-09-26T20:36:45","guid":{"rendered":"http:\/\/nsff.no\/magasinet\/?p=4531"},"modified":"2016-09-26T22:48:04","modified_gmt":"2016-09-26T20:48:04","slug":"drammen-fotoklubb-utstilling-2016","status":"publish","type":"post","link":"https:\/\/nsff.no\/magasinet\/2016\/09\/26\/drammen-fotoklubb-utstilling-2016\/","title":{"rendered":"Drammen fotoklubb, utstilling 2016"},"content":{"rendered":"<p>[et_pb_section admin_label=&raquo;section&raquo;][et_pb_row admin_label=&raquo;row&raquo;][et_pb_column type=&raquo;4_4&#8243;][et_pb_text admin_label=&raquo;Tekst&raquo; background_layout=&raquo;light&raquo; text_orientation=&raquo;left&raquo; use_border_color=&raquo;off&raquo; border_color=&raquo;#ffffff&raquo; border_style=&raquo;solid&raquo;]<\/p>\n<p>I fjor hadde ikke Drammen fotoklubb noen utstilling; vi bare ga bort bilder til Drammen sykehus. Det er kanskje en av grunnene til at det ble s\u00e5 stor oppslutning om \u00e5rets utstilling?<\/p>\n<h2>Kulturnatt + utstilling i samme operasjon<\/h2>\n<p>Utstillingen ble gjort i flere faser. Klubben ble bedt om \u00e5 vise bilder digitalt under arrangementet <a href=\"https:\/\/www.facebook.com\/events\/794262504011936\/\" target=\"_blank\">Kulturnatt Drammen 2016<\/a>, som ble arrangert 25. mai p\u00e5 Union i Drammen. 23 av medlemmene leverte inn tilsammen 113 bilder, som dannet grunnlaget b\u00e5de til Kulturnatten og senere til \u00e5rets utstilling. Alle disse 113 bildene ble vist p\u00e5 skjerm i \u00abblackbox\u2019en\u00bb p\u00e5 Brageteatret\/Union, samt at vi hadde en demonstrasjon om hvordan fotografere med lang lukkertid senere p\u00e5 kvelden. <\/p>\n<p>Siden vi ikke hadde 113 rammer, m\u00e5tte vi refusere 25 bilder f\u00f8r utstillingen. Alle fotografene som leverte fikk med 3-4 arbeider hver, til sammen 88 arbeider. Det var viktig for oss \u00e5 f\u00e5 med bredden i klubben; at medlemmene er opptatt av fotografering i mange forskjellige emner og stiler. Dette f\u00f8lte vi kommer frem i de innsendte bidragene.<\/p>\n<p>Etter en henvendelse til kj\u00f8pesenteret Magasinet, fikk vi raskt positivt svar om at det alltid var tomme lokaler som kunne benyttes til slike ting. Da var det i boks, og vi tok sommerferie i visshet om at det ville bli utstilling!<\/p>\n<h2>Mye arbeid<\/h2>\n<p>Det er noen \u00e5r siden vi hadde utstilling i glass og ramme, s\u00e5 vi var litt \u00abrustne\u00bb p\u00e5 montering av bildene i rammer. Det tok nok litt tid, men dugnaden f\u00f8ltes som den allikevel gikk effektivt og greit.<\/p>\n<p>Litt verre var det med printingen; Egil Scott Synnestvedt (eget medlem) tok p\u00e5 seg print-jobben, men printeren tok kvelden underveis&#8230; Det resulterte i at Egil reiste til Oslo og kj\u00f8pte seg en ny! Print-jobben ble ferdig i siste liten, dvs. mens vi andre var i full gang med \u00e5 bygge opp utstillingen.<\/p>\n<p>[\/et_pb_text][et_pb_gallery admin_label=&raquo;Galleri&raquo; gallery_ids=&raquo;4537,4538,4536,4535&#8243; fullwidth=&raquo;off&raquo; show_title_and_caption=&raquo;off&raquo; show_pagination=&raquo;off&raquo; background_layout=&raquo;light&raquo; auto=&raquo;off&raquo; hover_overlay_color=&raquo;rgba(255,255,255,0.9)&raquo; caption_all_caps=&raquo;off&raquo; use_border_color=&raquo;off&raquo; border_color=&raquo;#ffffff&raquo; border_style=&raquo;solid&raquo;]<\/p>\n<p>[\/et_pb_gallery][et_pb_text admin_label=&raquo;Tekst&raquo; background_layout=&raquo;light&raquo; text_orientation=&raquo;left&raquo; use_border_color=&raquo;off&raquo; border_color=&raquo;#ffffff&raquo; border_style=&raquo;solid&raquo;]<\/p>\n<p>Det var litt lite vegger i lokalet til 88 bilder \u2013 hvorav nesten halvparten var A3 og resten A4 \u2013 s\u00e5 vi m\u00e5tte bygge en ekstra vegg ogs\u00e5. Materialer ble kj\u00f8pt inn, og \u00abbygget\u00bb reiste seg raskt.<\/p>\n<p>Det tok faktisk ca. 15 timer totalt \u00e5 montere bildene i rammer og bygge opp utstillingen! Vi var 10 medlemmer som var involvert i jobben \u2013 men ikke alle samtidig. I tillegg tok det noen timer \u00e5 printe det hele, samt tiden det tok \u00e5 juryere (refusere) og planlegge.<\/p>\n<p>[\/et_pb_text][et_pb_image admin_label=&raquo;Bilde&raquo; src=&raquo;http:\/\/nsff.no\/magasinet\/wp-content\/uploads\/sites\/2\/2016\/09\/innblikk_Helge-Stien.jpg&raquo; alt=&raquo;Innblikk (foto: Helge Stien)&raquo; title_text=&raquo;Innblikk (foto: Helge Stien)&raquo; show_in_lightbox=&raquo;on&raquo; url_new_window=&raquo;off&raquo; use_overlay=&raquo;off&raquo; animation=&raquo;off&raquo; sticky=&raquo;off&raquo; align=&raquo;left&raquo; force_fullwidth=&raquo;off&raquo; always_center_on_mobile=&raquo;on&raquo; use_border_color=&raquo;off&raquo; border_color=&raquo;#ffffff&raquo; border_style=&raquo;solid&raquo;]<\/p>\n<p>[\/et_pb_image][et_pb_text admin_label=&raquo;Tekst&raquo; background_layout=&raquo;light&raquo; text_orientation=&raquo;left&raquo; use_border_color=&raquo;off&raquo; border_color=&raquo;#ffffff&raquo; border_style=&raquo;solid&raquo;]<\/p>\n<h2>Forn\u00f8yd<\/h2>\n<p>Utstillingen ble \u00e5pnet med en vernissage og sprudlevann, l\u00f8rdag 24. september. Medlemmene er storforn\u00f8yd med resultatet, og tilbakemeldingene er str\u00e5lende. N\u00e5r gjestene sier de blir inspirert, er hensikten oppn\u00e5dd!<\/p>\n<p><em>Toppbildet er tatt av Egil Scott Synnestvedt.<\/em><\/p>\n<div class=\"fb-video\" data-href=\"https:\/\/www.facebook.com\/arne.knutsen.92\/videos\/1142448379174907\/\" data-width=\"640\" data-show-text=\"false\">\n<blockquote cite=\"https:\/\/www.facebook.com\/arne.knutsen.92\/videos\/1142448379174907\/\" class=\"fb-xfbml-parse-ignore\"><p><a href=\"https:\/\/www.facebook.com\/arne.knutsen.92\/videos\/1142448379174907\/\">Fotoutstilling<\/a><\/p>\n<p>Glimt fra Drammen fotoklubbs utstilling i Magasinet.<\/p>\n<p>Film ved <a href=\"https:\/\/www.facebook.com\/arne.knutsen.92\">Arne Knutsen<\/a><\/p><\/blockquote>\n<\/div>\n<p>[\/et_pb_text][\/et_pb_column][\/et_pb_row][\/et_pb_section][et_pb_section admin_label=&raquo;Seksjon&raquo; fullwidth=&raquo;off&raquo; specialty=&raquo;off&raquo; transparent_background=&raquo;off&raquo; allow_player_pause=&raquo;off&raquo; inner_shadow=&raquo;off&raquo; parallax=&raquo;off&raquo; parallax_method=&raquo;off&raquo; padding_mobile=&raquo;off&raquo; make_fullwidth=&raquo;off&raquo; use_custom_width=&raquo;off&raquo; width_unit=&raquo;on&raquo; make_equal=&raquo;off&raquo; use_custom_gutter=&raquo;off&raquo; global_module=&raquo;4544&#8243;][et_pb_row global_parent=&raquo;4544&#8243; admin_label=&raquo;Rad&raquo;][et_pb_column type=&raquo;4_4&#8243;][et_pb_divider global_parent=&raquo;4544&#8243; admin_label=&raquo;Skillelinje&raquo; color=&raquo;#0c71c3&#8243; show_divider=&raquo;on&raquo; divider_style=&raquo;solid&raquo; divider_position=&raquo;top&raquo; hide_on_mobile=&raquo;on&raquo;]<\/p>\n<p>[\/et_pb_divider][\/et_pb_column][\/et_pb_row][et_pb_row global_parent=&raquo;4544&#8243; admin_label=&raquo;Rad&raquo;][et_pb_column type=&raquo;1_3&#8243;][et_pb_image global_parent=&raquo;4544&#8243; admin_label=&raquo;Bilde&raquo; src=&raquo;http:\/\/nsff.no\/magasinet\/wp-content\/uploads\/sites\/2\/2016\/09\/cropped-logo_dfk_300x105.jpg&raquo; alt=&raquo;Drammen fotoklubb logo&raquo; show_in_lightbox=&raquo;off&raquo; url=&raquo;https:\/\/drammenfotoklubb.no\/&raquo; url_new_window=&raquo;on&raquo; use_overlay=&raquo;off&raquo; animation=&raquo;off&raquo; sticky=&raquo;off&raquo; align=&raquo;left&raquo; force_fullwidth=&raquo;off&raquo; always_center_on_mobile=&raquo;on&raquo; use_border_color=&raquo;off&raquo; border_color=&raquo;#ffffff&raquo; border_style=&raquo;solid&raquo;]<\/p>\n<p>[\/et_pb_image][\/et_pb_column][et_pb_column type=&raquo;2_3&#8243;][et_pb_text global_parent=&raquo;4544&#8243; admin_label=&raquo;Tekst&raquo; background_layout=&raquo;light&raquo; text_orientation=&raquo;left&raquo; use_border_color=&raquo;off&raquo; border_color=&raquo;#ffffff&raquo; border_style=&raquo;solid&raquo;]<\/p>\n<h2><a href=\"https:\/\/drammenfotoklubb.no\" target=\"_blank\">Drammen fotoklubb<\/a><\/h2>\n<p>Vi er en fotoklubb som er \u00e5pen for alle med interesse for foto! V\u00e5re samlinger er som regel den f\u00f8rste mandagen hver m\u00e5ned med bildevisninger, foredrag og konkurranser. Vi har ofte bes\u00f8k av inviterte gjestefotografer som deler sine bilder og fotohistorier med oss.<\/p>\n<p>Hver annen tirsdag arrangeres \u00abut p\u00e5 tur\u00bb \u2013 og ogs\u00e5 fotointeresserte som ikke er medlemmer kan delta. Den andre, tredje og fjerde mandagen i m\u00e5neden er det temakvelder. Ett tema hver m\u00e5ned, hvor det er teori den f\u00f8rste kvelden og praktisk trening de to p\u00e5f\u00f8lgende mandagene. Medlemmene i Drammen fotoklubb f\u00e5r dermed p\u00e5fyll av fotokunnskaper kontinuerlig!<\/p>\n<p>Drammen fotoklubb er i dag en aktiv og vital klubb med med godt over 100 medlemmer i alle aldre. Vi kan tilby et aktivt fotomilj\u00f8 der nybegynnere og \u00abproffer\u00bb trives sammen og deler kunnskaper og erfaringer.<\/p>\n<p>Fra januar 2013 holder vi til i <a href=\"https:\/\/maps.google.com\/maps?q=Kirkegata+7,+3016+Drammen,+Buskerud,+Norge&#038;hl=no&#038;ll=59.745348,10.205408&#038;spn=0.004227,0.013937&#038;sll=59.745904,10.205655&#038;sspn=0.002114,0.006968&#038;t=h&#038;geocode=FcumjwMdILmbAA&#038;hnear=Kirkegata+7,+3016+Drammen,+Buskerud,+Norge&#038;z=17\" target=\"_blank\">Bragernes menighetssenters lokaler i Kirkegata 7<\/a> (rett nedenfor Bragernes kirke).<\/p>\n<p>[\/et_pb_text][\/et_pb_column][\/et_pb_row][\/et_pb_section]<\/p>\n","protected":false},"excerpt":{"rendered":"<p>I fjor hadde ikke Drammen fotoklubb utstilling, vi bare donerte bilder. Kanskje en medvirkende \u00e5rsak til at det ble s\u00e5 stor oppslutning om \u00e5rets utstilling?<\/p>\n","protected":false},"author":43,"featured_media":4539,"comment_status":"open","ping_status":"open","sticky":false,"template":"","format":"standard","meta":{"_et_pb_use_builder":"on","_et_pb_old_content":"I fjor hadde ikke Drammen fotoklubb noen utstilling; vi bare ga bort bilder til Drammen sykehus. Det er kanskje en av grunnene til at det ble s\u00e5 stor oppslutning om \u00e5rets utstilling?\r\n\r\n<h2>Kulturnatt + utstilling i samme operasjon<\/h2>\r\n\r\nUtstillingen ble gjort i flere faser. Klubben ble bedt om \u00e5 vise bilder digitalt under arrangementet <a href=\"https:\/\/www.facebook.com\/events\/794262504011936\/\" target=\"_blank\">Kulturnatt Drammen 2016<\/a>, som ble arrangert 25. mai p\u00e5 Union i Drammen. 23 av medlemmene leverte inn tilsammen 113 bilder, som dannet grunnlaget b\u00e5de til Kulturnatten og senere til \u00e5rets utstilling. Alle disse 113 bildene ble vist p\u00e5 skjerm i \u00abblackbox\u2019en\u00bb p\u00e5 Brageteatret\/Union, samt at vi hadde en demonstrasjon om hvordan fotografere med lang lukkertid senere p\u00e5 kvelden. \r\n\r\nSiden vi ikke hadde 113 rammer, m\u00e5tte vi refusere 25 bilder f\u00f8r utstillingen. Alle fotografene som leverte fikk med 3-4 arbeider hver, til sammen 88 arbeider. Det var viktig for oss \u00e5 f\u00e5 med bredden i klubben; at medlemmene er opptatt av fotografering i mange forskjellige emner og stiler. Dette f\u00f8lte vi kommer frem i de innsendte bidragene.\r\n\r\nEtter en henvendelse til kj\u00f8pesenteret Magasinet, fikk vi raskt positivt svar om at det alltid var tomme lokaler som kunne benyttes til slike ting. Da var det i boks, og vi tok sommerferie i visshet om at det ville bli utstilling!\r\n\r\n<h2>Mye arbeid<\/h2>\r\n\r\nDet er noen \u00e5r siden vi hadde utstilling i glass og ramme, s\u00e5 vi var litt \u00abrustne\u00bb p\u00e5 montering av bildene i rammer. Det tok nok litt tid, men dugnaden f\u00f8ltes som den allikevel gikk effektivt og greit.\r\nLitt verre var det med printingen; Egil Scott Synnestvedt (eget medlem) tok p\u00e5 seg print-jobben, men printeren tok kvelden underveis... Det resulterte i at Egil reiste til Oslo og kj\u00f8pte seg en ny! Print-jobben ble ferdig i siste liten, dvs. mens vi andre var i full gang med \u00e5 bygge opp utstillingen.\r\n\r\nDet var litt lite vegger i lokalet til 88 bilder \u2013 hvorav nesten halvparten var A3 og resten A4 \u2013 s\u00e5 vi m\u00e5tte bygge en ekstra vegg ogs\u00e5. Materialer ble kj\u00f8pt inn, og \u00abbygget\u00bb reiste seg raskt.\r\n\r\nDet tok faktisk ca. 15 timer totalt \u00e5 montere bildene i rammer og bygge opp utstillingen! Vi var 10 medlemmer som var involvert i jobben \u2013 men ikke alle samtidig. I tillegg tok det noen timer \u00e5 printe det hele, samt tiden det tok \u00e5 juryere (refusere) og planlegge.","_et_gb_content_width":"","footnotes":""},"categories":[7,14],"tags":[140,406,405,404,137,118],"class_list":["post-4531","post","type-post","status-publish","format-standard","has-post-thumbnail","hentry","category-foto","category-nyheter","tag-140","tag-digital-utstilling","tag-drammen","tag-drammen-fotoklubb","tag-fotoutstilling","tag-utstilling","et-has-post-format-content","et_post_format-et-post-format-standard"],"yoast_head":"<!-- This site is optimized with the Yoast SEO plugin v27.5 - https:\/\/yoast.com\/product\/yoast-seo-wordpress\/ -->\n<title>Drammen fotoklubb, utstilling 2016 - NSFF Magasin | Norsk Selskap for Fotografi<\/title>\n<meta name=\"description\" content=\"I fjor hadde ikke Drammen fotoklubb utstilling, vi bare donerte bilder. Kanskje en medvirkende \u00e5rsak til at det ble s\u00e5 stor oppslutning om \u00e5rets utstilling?\" \/>\n<meta name=\"robots\" content=\"index, follow, max-snippet:-1, max-image-preview:large, max-video-preview:-1\" \/>\n<link rel=\"canonical\" href=\"https:\/\/nsff.no\/magasinet\/2016\/09\/26\/drammen-fotoklubb-utstilling-2016\/\" \/>\n<meta property=\"og:locale\" content=\"nb_NO\" \/>\n<meta property=\"og:type\" content=\"article\" \/>\n<meta property=\"og:title\" content=\"Drammen fotoklubb, utstilling 2016 - NSFF Magasin | Norsk Selskap for Fotografi\" \/>\n<meta property=\"og:description\" content=\"I fjor hadde ikke Drammen fotoklubb utstilling, vi bare donerte bilder. Kanskje en medvirkende \u00e5rsak til at det ble s\u00e5 stor oppslutning om \u00e5rets utstilling?\" \/>\n<meta property=\"og:url\" content=\"https:\/\/nsff.no\/magasinet\/2016\/09\/26\/drammen-fotoklubb-utstilling-2016\/\" \/>\n<meta property=\"og:site_name\" content=\"NSFF Magasin | Norsk Selskap for Fotografi\" \/>\n<meta property=\"article:published_time\" content=\"2016-09-26T20:36:45+00:00\" \/>\n<meta property=\"article:modified_time\" content=\"2016-09-26T20:48:04+00:00\" \/>\n<meta property=\"og:image\" content=\"https:\/\/nsff.no\/magasinet\/wp-content\/uploads\/sites\/2\/2016\/09\/fra-vernissagen_Egil-Scott-Synnestvedt.jpg\" \/>\n\t<meta property=\"og:image:width\" content=\"1\" \/>\n\t<meta property=\"og:image:height\" content=\"1\" \/>\n\t<meta property=\"og:image:type\" content=\"image\/jpeg\" \/>\n<meta name=\"author\" content=\"Jan Erik Bamrud\" \/>\n<meta name=\"twitter:card\" content=\"summary_large_image\" \/>\n<meta name=\"twitter:label1\" content=\"Skrevet av\" \/>\n\t<meta name=\"twitter:data1\" content=\"Jan Erik Bamrud\" \/>\n\t<meta name=\"twitter:label2\" content=\"Ansl. lesetid\" \/>\n\t<meta name=\"twitter:data2\" content=\"5 minutter\" \/>\n<script type=\"application\/ld+json\" class=\"yoast-schema-graph\">{\"@context\":\"https:\\\/\\\/schema.org\",\"@graph\":[{\"@type\":\"Article\",\"@id\":\"https:\\\/\\\/nsff.no\\\/magasinet\\\/2016\\\/09\\\/26\\\/drammen-fotoklubb-utstilling-2016\\\/#article\",\"isPartOf\":{\"@id\":\"https:\\\/\\\/nsff.no\\\/magasinet\\\/2016\\\/09\\\/26\\\/drammen-fotoklubb-utstilling-2016\\\/\"},\"author\":{\"name\":\"Jan Erik Bamrud\",\"@id\":\"https:\\\/\\\/nsff.no\\\/magasinet\\\/#\\\/schema\\\/person\\\/f96fae3cfa1ab8bd4551bcd0a8f42062\"},\"headline\":\"Drammen fotoklubb, utstilling 2016\",\"datePublished\":\"2016-09-26T20:36:45+00:00\",\"dateModified\":\"2016-09-26T20:48:04+00:00\",\"mainEntityOfPage\":{\"@id\":\"https:\\\/\\\/nsff.no\\\/magasinet\\\/2016\\\/09\\\/26\\\/drammen-fotoklubb-utstilling-2016\\\/\"},\"wordCount\":1020,\"commentCount\":1,\"publisher\":{\"@id\":\"https:\\\/\\\/nsff.no\\\/magasinet\\\/#organization\"},\"image\":{\"@id\":\"https:\\\/\\\/nsff.no\\\/magasinet\\\/2016\\\/09\\\/26\\\/drammen-fotoklubb-utstilling-2016\\\/#primaryimage\"},\"thumbnailUrl\":\"https:\\\/\\\/nsff.no\\\/magasinet\\\/wp-content\\\/uploads\\\/sites\\\/2\\\/2016\\\/09\\\/fra-vernissagen_Egil-Scott-Synnestvedt.jpg\",\"keywords\":[\"2016\",\"digital utstilling\",\"Drammen\",\"Drammen fotoklubb\",\"fotoutstilling\",\"utstilling\"],\"articleSection\":[\"Foto\",\"Nyheter\"],\"inLanguage\":\"nb-NO\",\"potentialAction\":[{\"@type\":\"CommentAction\",\"name\":\"Comment\",\"target\":[\"https:\\\/\\\/nsff.no\\\/magasinet\\\/2016\\\/09\\\/26\\\/drammen-fotoklubb-utstilling-2016\\\/#respond\"]}]},{\"@type\":\"WebPage\",\"@id\":\"https:\\\/\\\/nsff.no\\\/magasinet\\\/2016\\\/09\\\/26\\\/drammen-fotoklubb-utstilling-2016\\\/\",\"url\":\"https:\\\/\\\/nsff.no\\\/magasinet\\\/2016\\\/09\\\/26\\\/drammen-fotoklubb-utstilling-2016\\\/\",\"name\":\"Drammen fotoklubb, utstilling 2016 - NSFF Magasin | Norsk Selskap for Fotografi\",\"isPartOf\":{\"@id\":\"https:\\\/\\\/nsff.no\\\/magasinet\\\/#website\"},\"primaryImageOfPage\":{\"@id\":\"https:\\\/\\\/nsff.no\\\/magasinet\\\/2016\\\/09\\\/26\\\/drammen-fotoklubb-utstilling-2016\\\/#primaryimage\"},\"image\":{\"@id\":\"https:\\\/\\\/nsff.no\\\/magasinet\\\/2016\\\/09\\\/26\\\/drammen-fotoklubb-utstilling-2016\\\/#primaryimage\"},\"thumbnailUrl\":\"https:\\\/\\\/nsff.no\\\/magasinet\\\/wp-content\\\/uploads\\\/sites\\\/2\\\/2016\\\/09\\\/fra-vernissagen_Egil-Scott-Synnestvedt.jpg\",\"datePublished\":\"2016-09-26T20:36:45+00:00\",\"dateModified\":\"2016-09-26T20:48:04+00:00\",\"description\":\"I fjor hadde ikke Drammen fotoklubb utstilling, vi bare donerte bilder. Kanskje en medvirkende \u00e5rsak til at det ble s\u00e5 stor oppslutning om \u00e5rets utstilling?\",\"breadcrumb\":{\"@id\":\"https:\\\/\\\/nsff.no\\\/magasinet\\\/2016\\\/09\\\/26\\\/drammen-fotoklubb-utstilling-2016\\\/#breadcrumb\"},\"inLanguage\":\"nb-NO\",\"potentialAction\":[{\"@type\":\"ReadAction\",\"target\":[\"https:\\\/\\\/nsff.no\\\/magasinet\\\/2016\\\/09\\\/26\\\/drammen-fotoklubb-utstilling-2016\\\/\"]}]},{\"@type\":\"ImageObject\",\"inLanguage\":\"nb-NO\",\"@id\":\"https:\\\/\\\/nsff.no\\\/magasinet\\\/2016\\\/09\\\/26\\\/drammen-fotoklubb-utstilling-2016\\\/#primaryimage\",\"url\":\"https:\\\/\\\/nsff.no\\\/magasinet\\\/wp-content\\\/uploads\\\/sites\\\/2\\\/2016\\\/09\\\/fra-vernissagen_Egil-Scott-Synnestvedt.jpg\",\"contentUrl\":\"https:\\\/\\\/nsff.no\\\/magasinet\\\/wp-content\\\/uploads\\\/sites\\\/2\\\/2016\\\/09\\\/fra-vernissagen_Egil-Scott-Synnestvedt.jpg\",\"caption\":\"Fra vernissagen (foto: Egil Scott Synnestvedt)\"},{\"@type\":\"BreadcrumbList\",\"@id\":\"https:\\\/\\\/nsff.no\\\/magasinet\\\/2016\\\/09\\\/26\\\/drammen-fotoklubb-utstilling-2016\\\/#breadcrumb\",\"itemListElement\":[{\"@type\":\"ListItem\",\"position\":1,\"name\":\"Hjem\",\"item\":\"https:\\\/\\\/nsff.no\\\/magasinet\\\/\"},{\"@type\":\"ListItem\",\"position\":2,\"name\":\"Drammen fotoklubb, utstilling 2016\"}]},{\"@type\":\"WebSite\",\"@id\":\"https:\\\/\\\/nsff.no\\\/magasinet\\\/#website\",\"url\":\"https:\\\/\\\/nsff.no\\\/magasinet\\\/\",\"name\":\"NSFF Magasin | Norsk Selskap for Fotografi\",\"description\":\"Medlemsmagasin for film- og fotoentusiaster\",\"publisher\":{\"@id\":\"https:\\\/\\\/nsff.no\\\/magasinet\\\/#organization\"},\"potentialAction\":[{\"@type\":\"SearchAction\",\"target\":{\"@type\":\"EntryPoint\",\"urlTemplate\":\"https:\\\/\\\/nsff.no\\\/magasinet\\\/?s={search_term_string}\"},\"query-input\":{\"@type\":\"PropertyValueSpecification\",\"valueRequired\":true,\"valueName\":\"search_term_string\"}}],\"inLanguage\":\"nb-NO\"},{\"@type\":\"Organization\",\"@id\":\"https:\\\/\\\/nsff.no\\\/magasinet\\\/#organization\",\"name\":\"Norsk Selskap for Fotografo\",\"url\":\"https:\\\/\\\/nsff.no\\\/magasinet\\\/\",\"logo\":{\"@type\":\"ImageObject\",\"inLanguage\":\"nb-NO\",\"@id\":\"https:\\\/\\\/nsff.no\\\/magasinet\\\/#\\\/schema\\\/logo\\\/image\\\/\",\"url\":\"https:\\\/\\\/nsff.no\\\/magasinet\\\/wp-content\\\/uploads\\\/sites\\\/2\\\/2016\\\/05\\\/NSFF-fb-lenkebilde.png\",\"contentUrl\":\"https:\\\/\\\/nsff.no\\\/magasinet\\\/wp-content\\\/uploads\\\/sites\\\/2\\\/2016\\\/05\\\/NSFF-fb-lenkebilde.png\",\"width\":1,\"height\":1,\"caption\":\"Norsk Selskap for Fotografo\"},\"image\":{\"@id\":\"https:\\\/\\\/nsff.no\\\/magasinet\\\/#\\\/schema\\\/logo\\\/image\\\/\"}},{\"@type\":\"Person\",\"@id\":\"https:\\\/\\\/nsff.no\\\/magasinet\\\/#\\\/schema\\\/person\\\/f96fae3cfa1ab8bd4551bcd0a8f42062\",\"name\":\"Jan Erik Bamrud\",\"image\":{\"@type\":\"ImageObject\",\"inLanguage\":\"nb-NO\",\"@id\":\"https:\\\/\\\/secure.gravatar.com\\\/avatar\\\/7d063ee4b79ff2dd4066b0eecae7da41a17686c11aee40fdc6fef31adc4f2c41?s=96&d=mm&r=g\",\"url\":\"https:\\\/\\\/secure.gravatar.com\\\/avatar\\\/7d063ee4b79ff2dd4066b0eecae7da41a17686c11aee40fdc6fef31adc4f2c41?s=96&d=mm&r=g\",\"contentUrl\":\"https:\\\/\\\/secure.gravatar.com\\\/avatar\\\/7d063ee4b79ff2dd4066b0eecae7da41a17686c11aee40fdc6fef31adc4f2c41?s=96&d=mm&r=g\",\"caption\":\"Jan Erik Bamrud\"},\"description\":\"Leder i NSFF. EsNSFF.\",\"url\":\"https:\\\/\\\/nsff.no\\\/magasinet\\\/author\\\/jebam\\\/\"}]}<\/script>\n<!-- \/ Yoast SEO plugin. -->","yoast_head_json":{"title":"Drammen fotoklubb, utstilling 2016 - NSFF Magasin | Norsk Selskap for Fotografi","description":"I fjor hadde ikke Drammen fotoklubb utstilling, vi bare donerte bilder. Kanskje en medvirkende \u00e5rsak til at det ble s\u00e5 stor oppslutning om \u00e5rets utstilling?","robots":{"index":"index","follow":"follow","max-snippet":"max-snippet:-1","max-image-preview":"max-image-preview:large","max-video-preview":"max-video-preview:-1"},"canonical":"https:\/\/nsff.no\/magasinet\/2016\/09\/26\/drammen-fotoklubb-utstilling-2016\/","og_locale":"nb_NO","og_type":"article","og_title":"Drammen fotoklubb, utstilling 2016 - NSFF Magasin | Norsk Selskap for Fotografi","og_description":"I fjor hadde ikke Drammen fotoklubb utstilling, vi bare donerte bilder. Kanskje en medvirkende \u00e5rsak til at det ble s\u00e5 stor oppslutning om \u00e5rets utstilling?","og_url":"https:\/\/nsff.no\/magasinet\/2016\/09\/26\/drammen-fotoklubb-utstilling-2016\/","og_site_name":"NSFF Magasin | Norsk Selskap for Fotografi","article_published_time":"2016-09-26T20:36:45+00:00","article_modified_time":"2016-09-26T20:48:04+00:00","og_image":[{"url":"https:\/\/nsff.no\/magasinet\/wp-content\/uploads\/sites\/2\/2016\/09\/fra-vernissagen_Egil-Scott-Synnestvedt.jpg","width":1,"height":1,"type":"image\/jpeg"}],"author":"Jan Erik Bamrud","twitter_card":"summary_large_image","twitter_misc":{"Skrevet av":"Jan Erik Bamrud","Ansl. lesetid":"5 minutter"},"schema":{"@context":"https:\/\/schema.org","@graph":[{"@type":"Article","@id":"https:\/\/nsff.no\/magasinet\/2016\/09\/26\/drammen-fotoklubb-utstilling-2016\/#article","isPartOf":{"@id":"https:\/\/nsff.no\/magasinet\/2016\/09\/26\/drammen-fotoklubb-utstilling-2016\/"},"author":{"name":"Jan Erik Bamrud","@id":"https:\/\/nsff.no\/magasinet\/#\/schema\/person\/f96fae3cfa1ab8bd4551bcd0a8f42062"},"headline":"Drammen fotoklubb, utstilling 2016","datePublished":"2016-09-26T20:36:45+00:00","dateModified":"2016-09-26T20:48:04+00:00","mainEntityOfPage":{"@id":"https:\/\/nsff.no\/magasinet\/2016\/09\/26\/drammen-fotoklubb-utstilling-2016\/"},"wordCount":1020,"commentCount":1,"publisher":{"@id":"https:\/\/nsff.no\/magasinet\/#organization"},"image":{"@id":"https:\/\/nsff.no\/magasinet\/2016\/09\/26\/drammen-fotoklubb-utstilling-2016\/#primaryimage"},"thumbnailUrl":"https:\/\/nsff.no\/magasinet\/wp-content\/uploads\/sites\/2\/2016\/09\/fra-vernissagen_Egil-Scott-Synnestvedt.jpg","keywords":["2016","digital utstilling","Drammen","Drammen fotoklubb","fotoutstilling","utstilling"],"articleSection":["Foto","Nyheter"],"inLanguage":"nb-NO","potentialAction":[{"@type":"CommentAction","name":"Comment","target":["https:\/\/nsff.no\/magasinet\/2016\/09\/26\/drammen-fotoklubb-utstilling-2016\/#respond"]}]},{"@type":"WebPage","@id":"https:\/\/nsff.no\/magasinet\/2016\/09\/26\/drammen-fotoklubb-utstilling-2016\/","url":"https:\/\/nsff.no\/magasinet\/2016\/09\/26\/drammen-fotoklubb-utstilling-2016\/","name":"Drammen fotoklubb, utstilling 2016 - NSFF Magasin | Norsk Selskap for Fotografi","isPartOf":{"@id":"https:\/\/nsff.no\/magasinet\/#website"},"primaryImageOfPage":{"@id":"https:\/\/nsff.no\/magasinet\/2016\/09\/26\/drammen-fotoklubb-utstilling-2016\/#primaryimage"},"image":{"@id":"https:\/\/nsff.no\/magasinet\/2016\/09\/26\/drammen-fotoklubb-utstilling-2016\/#primaryimage"},"thumbnailUrl":"https:\/\/nsff.no\/magasinet\/wp-content\/uploads\/sites\/2\/2016\/09\/fra-vernissagen_Egil-Scott-Synnestvedt.jpg","datePublished":"2016-09-26T20:36:45+00:00","dateModified":"2016-09-26T20:48:04+00:00","description":"I fjor hadde ikke Drammen fotoklubb utstilling, vi bare donerte bilder. Kanskje en medvirkende \u00e5rsak til at det ble s\u00e5 stor oppslutning om \u00e5rets utstilling?","breadcrumb":{"@id":"https:\/\/nsff.no\/magasinet\/2016\/09\/26\/drammen-fotoklubb-utstilling-2016\/#breadcrumb"},"inLanguage":"nb-NO","potentialAction":[{"@type":"ReadAction","target":["https:\/\/nsff.no\/magasinet\/2016\/09\/26\/drammen-fotoklubb-utstilling-2016\/"]}]},{"@type":"ImageObject","inLanguage":"nb-NO","@id":"https:\/\/nsff.no\/magasinet\/2016\/09\/26\/drammen-fotoklubb-utstilling-2016\/#primaryimage","url":"https:\/\/nsff.no\/magasinet\/wp-content\/uploads\/sites\/2\/2016\/09\/fra-vernissagen_Egil-Scott-Synnestvedt.jpg","contentUrl":"https:\/\/nsff.no\/magasinet\/wp-content\/uploads\/sites\/2\/2016\/09\/fra-vernissagen_Egil-Scott-Synnestvedt.jpg","caption":"Fra vernissagen (foto: Egil Scott Synnestvedt)"},{"@type":"BreadcrumbList","@id":"https:\/\/nsff.no\/magasinet\/2016\/09\/26\/drammen-fotoklubb-utstilling-2016\/#breadcrumb","itemListElement":[{"@type":"ListItem","position":1,"name":"Hjem","item":"https:\/\/nsff.no\/magasinet\/"},{"@type":"ListItem","position":2,"name":"Drammen fotoklubb, utstilling 2016"}]},{"@type":"WebSite","@id":"https:\/\/nsff.no\/magasinet\/#website","url":"https:\/\/nsff.no\/magasinet\/","name":"NSFF Magasin | Norsk Selskap for Fotografi","description":"Medlemsmagasin for film- og fotoentusiaster","publisher":{"@id":"https:\/\/nsff.no\/magasinet\/#organization"},"potentialAction":[{"@type":"SearchAction","target":{"@type":"EntryPoint","urlTemplate":"https:\/\/nsff.no\/magasinet\/?s={search_term_string}"},"query-input":{"@type":"PropertyValueSpecification","valueRequired":true,"valueName":"search_term_string"}}],"inLanguage":"nb-NO"},{"@type":"Organization","@id":"https:\/\/nsff.no\/magasinet\/#organization","name":"Norsk Selskap for Fotografo","url":"https:\/\/nsff.no\/magasinet\/","logo":{"@type":"ImageObject","inLanguage":"nb-NO","@id":"https:\/\/nsff.no\/magasinet\/#\/schema\/logo\/image\/","url":"https:\/\/nsff.no\/magasinet\/wp-content\/uploads\/sites\/2\/2016\/05\/NSFF-fb-lenkebilde.png","contentUrl":"https:\/\/nsff.no\/magasinet\/wp-content\/uploads\/sites\/2\/2016\/05\/NSFF-fb-lenkebilde.png","width":1,"height":1,"caption":"Norsk Selskap for Fotografo"},"image":{"@id":"https:\/\/nsff.no\/magasinet\/#\/schema\/logo\/image\/"}},{"@type":"Person","@id":"https:\/\/nsff.no\/magasinet\/#\/schema\/person\/f96fae3cfa1ab8bd4551bcd0a8f42062","name":"Jan Erik Bamrud","image":{"@type":"ImageObject","inLanguage":"nb-NO","@id":"https:\/\/secure.gravatar.com\/avatar\/7d063ee4b79ff2dd4066b0eecae7da41a17686c11aee40fdc6fef31adc4f2c41?s=96&d=mm&r=g","url":"https:\/\/secure.gravatar.com\/avatar\/7d063ee4b79ff2dd4066b0eecae7da41a17686c11aee40fdc6fef31adc4f2c41?s=96&d=mm&r=g","contentUrl":"https:\/\/secure.gravatar.com\/avatar\/7d063ee4b79ff2dd4066b0eecae7da41a17686c11aee40fdc6fef31adc4f2c41?s=96&d=mm&r=g","caption":"Jan Erik Bamrud"},"description":"Leder i NSFF. EsNSFF.","url":"https:\/\/nsff.no\/magasinet\/author\/jebam\/"}]}},"_links":{"self":[{"href":"https:\/\/nsff.no\/magasinet\/wp-json\/wp\/v2\/posts\/4531","targetHints":{"allow":["GET"]}}],"collection":[{"href":"https:\/\/nsff.no\/magasinet\/wp-json\/wp\/v2\/posts"}],"about":[{"href":"https:\/\/nsff.no\/magasinet\/wp-json\/wp\/v2\/types\/post"}],"author":[{"embeddable":true,"href":"https:\/\/nsff.no\/magasinet\/wp-json\/wp\/v2\/users\/43"}],"replies":[{"embeddable":true,"href":"https:\/\/nsff.no\/magasinet\/wp-json\/wp\/v2\/comments?post=4531"}],"version-history":[{"count":6,"href":"https:\/\/nsff.no\/magasinet\/wp-json\/wp\/v2\/posts\/4531\/revisions"}],"predecessor-version":[{"id":4545,"href":"https:\/\/nsff.no\/magasinet\/wp-json\/wp\/v2\/posts\/4531\/revisions\/4545"}],"wp:featuredmedia":[{"embeddable":true,"href":"https:\/\/nsff.no\/magasinet\/wp-json\/wp\/v2\/media\/4539"}],"wp:attachment":[{"href":"https:\/\/nsff.no\/magasinet\/wp-json\/wp\/v2\/media?parent=4531"}],"wp:term":[{"taxonomy":"category","embeddable":true,"href":"https:\/\/nsff.no\/magasinet\/wp-json\/wp\/v2\/categories?post=4531"},{"taxonomy":"post_tag","embeddable":true,"href":"https:\/\/nsff.no\/magasinet\/wp-json\/wp\/v2\/tags?post=4531"}],"curies":[{"name":"wp","href":"https:\/\/api.w.org\/{rel}","templated":true}]}}