{"id":4445,"date":"2016-09-02T09:09:44","date_gmt":"2016-09-02T07:09:44","guid":{"rendered":"http:\/\/nsff.no\/magasinet\/?p=4445"},"modified":"2016-09-02T09:16:41","modified_gmt":"2016-09-02T07:16:41","slug":"vidar-samuelsen-s9-oslo","status":"publish","type":"post","link":"https:\/\/nsff.no\/magasinet\/2016\/09\/02\/vidar-samuelsen-s9-oslo\/","title":{"rendered":"Vidar Samuelsen stiller ut i S9, Oslo"},"content":{"rendered":"<p>[et_pb_section admin_label=&raquo;section&raquo;][et_pb_row admin_label=&raquo;Rad&raquo;][et_pb_column type=&raquo;4_4&#8243;][et_pb_text admin_label=&raquo;Tekst&raquo; background_layout=&raquo;light&raquo; text_orientation=&raquo;left&raquo; use_border_color=&raquo;off&raquo; border_color=&raquo;#ffffff&raquo; border_style=&raquo;solid&raquo;]<\/p>\n<p>Vidar Samuelsen, medlem i Steinbruddet fotoklubb, \u00f8nsker velkommen til vernissage og \u00e5pning av fellesutstilling med maleren Liv Ulveng, l\u00f8rdag 3. september kl. 15.00. Utstillingen henger i lokalene til <a href=\"http:\/\/sverdrupsgate9.no\/\" target=\"_blank\">galleri S9<\/a> p\u00e5 Gr\u00fcnerl\u00f8kka i Oslo, og varer til og med 16. september 2016.<\/p>\n<h3>\u00c5pningstider Galleri S9:<\/h3>\n<p>Onsdag til s\u00f8ndag: kl 13.00\u201417.00<br \/>\nMandag og tirsdag: STENGT<\/p>\n<p>Samuelsen sier selv om sin fotointeresse:<\/p>\n<p>[\/et_pb_text][\/et_pb_column][\/et_pb_row][et_pb_row admin_label=&raquo;Rad&raquo;][et_pb_column type=&raquo;2_3&#8243;][et_pb_text admin_label=&raquo;Tekst&raquo; background_layout=&raquo;light&raquo; text_orientation=&raquo;left&raquo; use_border_color=&raquo;off&raquo; border_color=&raquo;#ffffff&raquo; border_style=&raquo;solid&raquo;]<\/p>\n<blockquote><p>Noen dekorer lerret med penselstr\u00f8k av maling, jeg liker lerret med penselstr\u00f8k av lys!<\/p>\n<p>Min store pasjon og altoppslukende interesse er foto og fotografi. Jeg har ingen ambisjoner om \u00e5 drive med foto profesjonelt \u2013 det skal v\u00e6re min mulighet til \u00e5 unnslippe hverdagen i ny og ne, og \u00e5 finne ro og rekreasjon i mitt eget fotografiske univers.  Jeg har ingen m\u00e5l med mine foto. Min kreative prosess er av den trege sorten \u2013 ja, kanskje jeg til og med er lat, men jeg tar bilder av det jeg har lyst og n\u00e5r jeg har lyst. Har dog en forkj\u00e6rlighet for klassiske landskap, rustne bilvrak og rock\u2019n roll! Finner inspirasjon overalt fra omgivelsene rundt meg til andre fotografers bilder.<\/p>\n<p>Fra jeg startet med fotografering i 1984, har det samlet seg p\u00e5 seg et st\u00f8rre antall fotografier i form av negativer, lysbilder og digitale bildefiler. De aller fleste bildene har ikke sett offentlighetens lys og det vil jeg fors\u00f8ke \u00e5 endre p\u00e5 ved \u00e5 gj\u00f8re denne utstillingen. Mitt m\u00e5l er \u00e5 b\u00f8rste st\u00f8v av b\u00e5de gamle og nye fotografier i skuffer, skap og harddisker og fram i lyset hvor de kan betraktes.<\/p><\/blockquote>\n<p>Hjemmeside, Vidar Samuelsen: <a href=\"http:\/\/wallofphotos.no\" target=\"_blank\">wallofphotos.no<\/a><\/p>\n<p>[\/et_pb_text][\/et_pb_column][et_pb_column type=&raquo;1_3&#8243;][et_pb_image admin_label=&raquo;Bilde&raquo; src=&raquo;http:\/\/nsff.no\/magasinet\/wp-content\/uploads\/sites\/2\/2016\/09\/samuelsen_utstilling2016_1.jpg&raquo; alt=&raquo;Vidar Samuelsen, utstilling i S9 2016&#8243; title_text=&raquo;Vidar Samuelsen, utstilling i S9 2016&#8243; show_in_lightbox=&raquo;on&raquo; url_new_window=&raquo;off&raquo; use_overlay=&raquo;off&raquo; animation=&raquo;off&raquo; sticky=&raquo;off&raquo; align=&raquo;left&raquo; force_fullwidth=&raquo;off&raquo; always_center_on_mobile=&raquo;on&raquo; use_border_color=&raquo;off&raquo; border_color=&raquo;#ffffff&raquo; border_style=&raquo;solid&raquo;]<\/p>\n<p>[\/et_pb_image][\/et_pb_column][\/et_pb_row][et_pb_row admin_label=&raquo;Rad&raquo;][et_pb_column type=&raquo;1_3&#8243;][et_pb_text admin_label=&raquo;Tekst&raquo; background_layout=&raquo;light&raquo; text_orientation=&raquo;left&raquo; use_border_color=&raquo;off&raquo; border_color=&raquo;#ffffff&raquo; border_style=&raquo;solid&raquo;]<\/p>\n<p><a href=\"https:\/\/goo.gl\/maps\/f4Ua4Q2kZTH2\" target=\"_blank\">S9, klikk for Google maps<\/a><\/p>\n<p><strong>Parkering:<\/strong><br \/>\nMeget begrenset i gatene rundt, men det er et P-hus i Herslebsgate 10, &laquo;Schouskvartalet P-hus&raquo;.<\/p>\n<p><strong>Med kollektivt:<\/strong><br \/>\nBuss 30 og 31, trikk 17 g\u00e5r fra Jernbanetorget. G\u00e5 av p\u00e5 holdeplass &laquo;Heimdalsgata&raquo;. G\u00e5 litt videre opp Trondheimsveien og ta til venstre inn Kirkeg\u00e5rdsgata. Galleriet finner du i neste kryss.<br \/>\nTrikk 11, 12 eller 13 til &laquo;Schous plass&raquo;. G\u00e5 tvers gjennom parken, deretter via Toftes gate, opp Rathkes gate og inn Kirkeg\u00e5rdsgata. Galleriet finner du i neste kryss.<\/p>\n<p>[\/et_pb_text][\/et_pb_column][et_pb_column type=&raquo;2_3&#8243;][et_pb_image admin_label=&raquo;Bilde&raquo; src=&raquo;http:\/\/nsff.no\/magasinet\/wp-content\/uploads\/sites\/2\/2016\/09\/samuelsen_utstilling2016.jpg&raquo; alt=&raquo;Vidar Samuelsen, utstilling i S9 2016&#8243; title_text=&raquo;Vidar Samuelsen, utstilling i S9 2016&#8243; show_in_lightbox=&raquo;on&raquo; url_new_window=&raquo;off&raquo; use_overlay=&raquo;off&raquo; animation=&raquo;off&raquo; sticky=&raquo;off&raquo; align=&raquo;left&raquo; force_fullwidth=&raquo;off&raquo; always_center_on_mobile=&raquo;on&raquo; use_border_color=&raquo;off&raquo; border_color=&raquo;#ffffff&raquo; border_style=&raquo;solid&raquo;]<\/p>\n<p>[\/et_pb_image][\/et_pb_column][\/et_pb_row][\/et_pb_section]<\/p>\n","protected":false},"excerpt":{"rendered":"<p>Vidar Samuelsen har fotografert siden 1984. N\u00e5 har han gjort et dypdykk i arkivet, og stiller ut bilder som ikke tidligere har sett offentlighetens lys.<\/p>\n","protected":false},"author":7,"featured_media":4449,"comment_status":"open","ping_status":"open","sticky":false,"template":"","format":"standard","meta":{"_et_pb_use_builder":"on","_et_pb_old_content":"Vidar Samuelsen, medlem i Steinbruddet fotoklubb, \u00f8nsker velkommen til vernissage og \u00e5pning av fellesutstilling med maleren Liv Ulveng, l\u00f8rdag 3. september kl. 15.00. Utstillingen henger i lokalene til <a href=\"http:\/\/sverdrupsgate9.no\/\" target=\"_blank\">galleri S9<\/a> p\u00e5 Gr\u00fcnerl\u00f8kka i Oslo, og varer til og med 16. september 2016.\r\n\r\nSamuelsen sier selv om sin fotointeresse: \r\n\r\n<blockquote>Noen dekorer lerret med penselstr\u00f8k av maling, jeg liker lerret med penselstr\u00f8k av lys!\r\n\r\nMin store pasjon og altoppslukende interesse er foto og fotografi. Jeg har ingen ambisjoner om \u00e5 drive med foto profesjonelt \u2013 det skal v\u00e6re min mulighet til \u00e5 unnslippe hverdagen i ny og ne, og \u00e5 finne ro og rekreasjon i mitt eget fotografiske univers.  Jeg har ingen m\u00e5l med mine foto. Min kreative prosess er av den trege sorten \u2013 ja, kanskje jeg til og med er lat, men jeg tar bilder av det jeg har lyst og n\u00e5r jeg har lyst. Har dog en forkj\u00e6rlighet for klassiske landskap, rustne bilvrak og rock\u2019n roll! Finner inspirasjon overalt fra omgivelsene rundt meg til andre fotografers bilder.\r\n\r\nFra jeg startet med fotografering i 1984, har det samlet seg p\u00e5 seg et st\u00f8rre antall fotografier i form av negativer, lysbilder og digitale bildefiler. De aller fleste bildene har ikke sett offentlighetens lys og det vil jeg fors\u00f8ke \u00e5 endre p\u00e5 ved \u00e5 gj\u00f8re denne utstillingen. Mitt m\u00e5l er \u00e5 b\u00f8rste st\u00f8v av b\u00e5de gamle og nye fotografier i skuffer, skap og harddisker og fram i lyset hvor de kan betraktes.<\/blockquote>\r\n\r\nHjemmeside, Vidar Samuelsen: <a href=\"http:\/\/wallofphotos.no\" target=\"_blank\">wallofphotos.no<\/a>","_et_gb_content_width":"","footnotes":""},"categories":[7,14],"tags":[140,137,386,309,387,362,118,385],"class_list":["post-4445","post","type-post","status-publish","format-standard","has-post-thumbnail","hentry","category-foto","category-nyheter","tag-140","tag-fotoutstilling","tag-galleri-s9","tag-oslo","tag-september","tag-steinbruddet-fotoklubb","tag-utstilling","tag-vidar-samuelsen","et-has-post-format-content","et_post_format-et-post-format-standard"],"yoast_head":"<!-- This site is optimized with the Yoast SEO plugin v27.5 - https:\/\/yoast.com\/product\/yoast-seo-wordpress\/ -->\n<title>Vidar Samuelsen stiller ut i S9, Oslo - NSFF Magasin | Norsk Selskap for Fotografi<\/title>\n<meta name=\"description\" content=\"Vidar Samuelsen har fotografert siden 1984. N\u00e5 har han gjort et dypdykk i arkivet, og stiller ut bilder som ikke tidligere har sett offentlighetens lys.\" \/>\n<meta name=\"robots\" content=\"index, follow, max-snippet:-1, max-image-preview:large, max-video-preview:-1\" \/>\n<link rel=\"canonical\" href=\"https:\/\/nsff.no\/magasinet\/2016\/09\/02\/vidar-samuelsen-s9-oslo\/\" \/>\n<meta property=\"og:locale\" content=\"nb_NO\" \/>\n<meta property=\"og:type\" content=\"article\" \/>\n<meta property=\"og:title\" content=\"Vidar Samuelsen stiller ut i S9, Oslo - NSFF Magasin | Norsk Selskap for Fotografi\" \/>\n<meta property=\"og:description\" content=\"Vidar Samuelsen har fotografert siden 1984. N\u00e5 har han gjort et dypdykk i arkivet, og stiller ut bilder som ikke tidligere har sett offentlighetens lys.\" \/>\n<meta property=\"og:url\" content=\"https:\/\/nsff.no\/magasinet\/2016\/09\/02\/vidar-samuelsen-s9-oslo\/\" \/>\n<meta property=\"og:site_name\" content=\"NSFF Magasin | Norsk Selskap for Fotografi\" \/>\n<meta property=\"article:published_time\" content=\"2016-09-02T07:09:44+00:00\" \/>\n<meta property=\"article:modified_time\" content=\"2016-09-02T07:16:41+00:00\" \/>\n<meta property=\"og:image\" content=\"https:\/\/nsff.no\/magasinet\/wp-content\/uploads\/sites\/2\/2016\/09\/samuelsen_utstilling2016_2.jpg\" \/>\n\t<meta property=\"og:image:width\" content=\"1\" \/>\n\t<meta property=\"og:image:height\" content=\"1\" \/>\n\t<meta property=\"og:image:type\" content=\"image\/jpeg\" \/>\n<meta name=\"author\" content=\"Birgit Fostervold\" \/>\n<meta name=\"twitter:card\" content=\"summary_large_image\" \/>\n<meta name=\"twitter:label1\" content=\"Skrevet av\" \/>\n\t<meta name=\"twitter:data1\" content=\"Birgit Fostervold\" \/>\n\t<meta name=\"twitter:label2\" content=\"Ansl. lesetid\" \/>\n\t<meta name=\"twitter:data2\" content=\"3 minutter\" \/>\n<script type=\"application\/ld+json\" class=\"yoast-schema-graph\">{\"@context\":\"https:\\\/\\\/schema.org\",\"@graph\":[{\"@type\":\"Article\",\"@id\":\"https:\\\/\\\/nsff.no\\\/magasinet\\\/2016\\\/09\\\/02\\\/vidar-samuelsen-s9-oslo\\\/#article\",\"isPartOf\":{\"@id\":\"https:\\\/\\\/nsff.no\\\/magasinet\\\/2016\\\/09\\\/02\\\/vidar-samuelsen-s9-oslo\\\/\"},\"author\":{\"name\":\"Birgit Fostervold\",\"@id\":\"https:\\\/\\\/nsff.no\\\/magasinet\\\/#\\\/schema\\\/person\\\/da041f968afa9bee0293372491a98303\"},\"headline\":\"Vidar Samuelsen stiller ut i S9, Oslo\",\"datePublished\":\"2016-09-02T07:09:44+00:00\",\"dateModified\":\"2016-09-02T07:16:41+00:00\",\"mainEntityOfPage\":{\"@id\":\"https:\\\/\\\/nsff.no\\\/magasinet\\\/2016\\\/09\\\/02\\\/vidar-samuelsen-s9-oslo\\\/\"},\"wordCount\":628,\"commentCount\":0,\"publisher\":{\"@id\":\"https:\\\/\\\/nsff.no\\\/magasinet\\\/#organization\"},\"image\":{\"@id\":\"https:\\\/\\\/nsff.no\\\/magasinet\\\/2016\\\/09\\\/02\\\/vidar-samuelsen-s9-oslo\\\/#primaryimage\"},\"thumbnailUrl\":\"https:\\\/\\\/nsff.no\\\/magasinet\\\/wp-content\\\/uploads\\\/sites\\\/2\\\/2016\\\/09\\\/samuelsen_utstilling2016_2.jpg\",\"keywords\":[\"2016\",\"fotoutstilling\",\"galleri S9\",\"Oslo\",\"september\",\"Steinbruddet Fotoklubb\",\"utstilling\",\"Vidar Samuelsen\"],\"articleSection\":[\"Foto\",\"Nyheter\"],\"inLanguage\":\"nb-NO\",\"potentialAction\":[{\"@type\":\"CommentAction\",\"name\":\"Comment\",\"target\":[\"https:\\\/\\\/nsff.no\\\/magasinet\\\/2016\\\/09\\\/02\\\/vidar-samuelsen-s9-oslo\\\/#respond\"]}]},{\"@type\":\"WebPage\",\"@id\":\"https:\\\/\\\/nsff.no\\\/magasinet\\\/2016\\\/09\\\/02\\\/vidar-samuelsen-s9-oslo\\\/\",\"url\":\"https:\\\/\\\/nsff.no\\\/magasinet\\\/2016\\\/09\\\/02\\\/vidar-samuelsen-s9-oslo\\\/\",\"name\":\"Vidar Samuelsen stiller ut i S9, Oslo - NSFF Magasin | Norsk Selskap for Fotografi\",\"isPartOf\":{\"@id\":\"https:\\\/\\\/nsff.no\\\/magasinet\\\/#website\"},\"primaryImageOfPage\":{\"@id\":\"https:\\\/\\\/nsff.no\\\/magasinet\\\/2016\\\/09\\\/02\\\/vidar-samuelsen-s9-oslo\\\/#primaryimage\"},\"image\":{\"@id\":\"https:\\\/\\\/nsff.no\\\/magasinet\\\/2016\\\/09\\\/02\\\/vidar-samuelsen-s9-oslo\\\/#primaryimage\"},\"thumbnailUrl\":\"https:\\\/\\\/nsff.no\\\/magasinet\\\/wp-content\\\/uploads\\\/sites\\\/2\\\/2016\\\/09\\\/samuelsen_utstilling2016_2.jpg\",\"datePublished\":\"2016-09-02T07:09:44+00:00\",\"dateModified\":\"2016-09-02T07:16:41+00:00\",\"description\":\"Vidar Samuelsen har fotografert siden 1984. N\u00e5 har han gjort et dypdykk i arkivet, og stiller ut bilder som ikke tidligere har sett offentlighetens lys.\",\"breadcrumb\":{\"@id\":\"https:\\\/\\\/nsff.no\\\/magasinet\\\/2016\\\/09\\\/02\\\/vidar-samuelsen-s9-oslo\\\/#breadcrumb\"},\"inLanguage\":\"nb-NO\",\"potentialAction\":[{\"@type\":\"ReadAction\",\"target\":[\"https:\\\/\\\/nsff.no\\\/magasinet\\\/2016\\\/09\\\/02\\\/vidar-samuelsen-s9-oslo\\\/\"]}]},{\"@type\":\"ImageObject\",\"inLanguage\":\"nb-NO\",\"@id\":\"https:\\\/\\\/nsff.no\\\/magasinet\\\/2016\\\/09\\\/02\\\/vidar-samuelsen-s9-oslo\\\/#primaryimage\",\"url\":\"https:\\\/\\\/nsff.no\\\/magasinet\\\/wp-content\\\/uploads\\\/sites\\\/2\\\/2016\\\/09\\\/samuelsen_utstilling2016_2.jpg\",\"contentUrl\":\"https:\\\/\\\/nsff.no\\\/magasinet\\\/wp-content\\\/uploads\\\/sites\\\/2\\\/2016\\\/09\\\/samuelsen_utstilling2016_2.jpg\",\"caption\":\"Vidar Samuelsen, utstilling i S9 2016\"},{\"@type\":\"BreadcrumbList\",\"@id\":\"https:\\\/\\\/nsff.no\\\/magasinet\\\/2016\\\/09\\\/02\\\/vidar-samuelsen-s9-oslo\\\/#breadcrumb\",\"itemListElement\":[{\"@type\":\"ListItem\",\"position\":1,\"name\":\"Hjem\",\"item\":\"https:\\\/\\\/nsff.no\\\/magasinet\\\/\"},{\"@type\":\"ListItem\",\"position\":2,\"name\":\"Vidar Samuelsen stiller ut i S9, Oslo\"}]},{\"@type\":\"WebSite\",\"@id\":\"https:\\\/\\\/nsff.no\\\/magasinet\\\/#website\",\"url\":\"https:\\\/\\\/nsff.no\\\/magasinet\\\/\",\"name\":\"NSFF Magasin | Norsk Selskap for Fotografi\",\"description\":\"Medlemsmagasin for film- og fotoentusiaster\",\"publisher\":{\"@id\":\"https:\\\/\\\/nsff.no\\\/magasinet\\\/#organization\"},\"potentialAction\":[{\"@type\":\"SearchAction\",\"target\":{\"@type\":\"EntryPoint\",\"urlTemplate\":\"https:\\\/\\\/nsff.no\\\/magasinet\\\/?s={search_term_string}\"},\"query-input\":{\"@type\":\"PropertyValueSpecification\",\"valueRequired\":true,\"valueName\":\"search_term_string\"}}],\"inLanguage\":\"nb-NO\"},{\"@type\":\"Organization\",\"@id\":\"https:\\\/\\\/nsff.no\\\/magasinet\\\/#organization\",\"name\":\"Norsk Selskap for Fotografo\",\"url\":\"https:\\\/\\\/nsff.no\\\/magasinet\\\/\",\"logo\":{\"@type\":\"ImageObject\",\"inLanguage\":\"nb-NO\",\"@id\":\"https:\\\/\\\/nsff.no\\\/magasinet\\\/#\\\/schema\\\/logo\\\/image\\\/\",\"url\":\"https:\\\/\\\/nsff.no\\\/magasinet\\\/wp-content\\\/uploads\\\/sites\\\/2\\\/2016\\\/05\\\/NSFF-fb-lenkebilde.png\",\"contentUrl\":\"https:\\\/\\\/nsff.no\\\/magasinet\\\/wp-content\\\/uploads\\\/sites\\\/2\\\/2016\\\/05\\\/NSFF-fb-lenkebilde.png\",\"width\":1,\"height\":1,\"caption\":\"Norsk Selskap for Fotografo\"},\"image\":{\"@id\":\"https:\\\/\\\/nsff.no\\\/magasinet\\\/#\\\/schema\\\/logo\\\/image\\\/\"}},{\"@type\":\"Person\",\"@id\":\"https:\\\/\\\/nsff.no\\\/magasinet\\\/#\\\/schema\\\/person\\\/da041f968afa9bee0293372491a98303\",\"name\":\"Birgit Fostervold\",\"image\":{\"@type\":\"ImageObject\",\"inLanguage\":\"nb-NO\",\"@id\":\"https:\\\/\\\/secure.gravatar.com\\\/avatar\\\/d8b31664a01c80eecbf53f36dc41fa676bbfe7c78cb2391937a62f88da897950?s=96&d=mm&r=g\",\"url\":\"https:\\\/\\\/secure.gravatar.com\\\/avatar\\\/d8b31664a01c80eecbf53f36dc41fa676bbfe7c78cb2391937a62f88da897950?s=96&d=mm&r=g\",\"contentUrl\":\"https:\\\/\\\/secure.gravatar.com\\\/avatar\\\/d8b31664a01c80eecbf53f36dc41fa676bbfe7c78cb2391937a62f88da897950?s=96&d=mm&r=g\",\"caption\":\"Birgit Fostervold\"},\"description\":\"EsNSFF, HonENFFF, medlem i Homborsund fotoklubb og Arendal fotoklubb. Styremedlem NSFF, Nordisk Forbund for Fotografi og Norsk Naturfotofestival. Tidl. nestleder og konst.leder NSFF (2017\u201322), tidl. redakt\u00f8r for NSFF Magasin (2016\u201322).\",\"sameAs\":[\"https:\\\/\\\/lensbirdie.no\",\"https:\\\/\\\/instagram.com\\\/knipselyst\\\/\"],\"url\":\"https:\\\/\\\/nsff.no\\\/magasinet\\\/author\\\/birgitf\\\/\"}]}<\/script>\n<!-- \/ Yoast SEO plugin. -->","yoast_head_json":{"title":"Vidar Samuelsen stiller ut i S9, Oslo - NSFF Magasin | Norsk Selskap for Fotografi","description":"Vidar Samuelsen har fotografert siden 1984. N\u00e5 har han gjort et dypdykk i arkivet, og stiller ut bilder som ikke tidligere har sett offentlighetens lys.","robots":{"index":"index","follow":"follow","max-snippet":"max-snippet:-1","max-image-preview":"max-image-preview:large","max-video-preview":"max-video-preview:-1"},"canonical":"https:\/\/nsff.no\/magasinet\/2016\/09\/02\/vidar-samuelsen-s9-oslo\/","og_locale":"nb_NO","og_type":"article","og_title":"Vidar Samuelsen stiller ut i S9, Oslo - NSFF Magasin | Norsk Selskap for Fotografi","og_description":"Vidar Samuelsen har fotografert siden 1984. N\u00e5 har han gjort et dypdykk i arkivet, og stiller ut bilder som ikke tidligere har sett offentlighetens lys.","og_url":"https:\/\/nsff.no\/magasinet\/2016\/09\/02\/vidar-samuelsen-s9-oslo\/","og_site_name":"NSFF Magasin | Norsk Selskap for Fotografi","article_published_time":"2016-09-02T07:09:44+00:00","article_modified_time":"2016-09-02T07:16:41+00:00","og_image":[{"url":"https:\/\/nsff.no\/magasinet\/wp-content\/uploads\/sites\/2\/2016\/09\/samuelsen_utstilling2016_2.jpg","width":1,"height":1,"type":"image\/jpeg"}],"author":"Birgit Fostervold","twitter_card":"summary_large_image","twitter_misc":{"Skrevet av":"Birgit Fostervold","Ansl. lesetid":"3 minutter"},"schema":{"@context":"https:\/\/schema.org","@graph":[{"@type":"Article","@id":"https:\/\/nsff.no\/magasinet\/2016\/09\/02\/vidar-samuelsen-s9-oslo\/#article","isPartOf":{"@id":"https:\/\/nsff.no\/magasinet\/2016\/09\/02\/vidar-samuelsen-s9-oslo\/"},"author":{"name":"Birgit Fostervold","@id":"https:\/\/nsff.no\/magasinet\/#\/schema\/person\/da041f968afa9bee0293372491a98303"},"headline":"Vidar Samuelsen stiller ut i S9, Oslo","datePublished":"2016-09-02T07:09:44+00:00","dateModified":"2016-09-02T07:16:41+00:00","mainEntityOfPage":{"@id":"https:\/\/nsff.no\/magasinet\/2016\/09\/02\/vidar-samuelsen-s9-oslo\/"},"wordCount":628,"commentCount":0,"publisher":{"@id":"https:\/\/nsff.no\/magasinet\/#organization"},"image":{"@id":"https:\/\/nsff.no\/magasinet\/2016\/09\/02\/vidar-samuelsen-s9-oslo\/#primaryimage"},"thumbnailUrl":"https:\/\/nsff.no\/magasinet\/wp-content\/uploads\/sites\/2\/2016\/09\/samuelsen_utstilling2016_2.jpg","keywords":["2016","fotoutstilling","galleri S9","Oslo","september","Steinbruddet Fotoklubb","utstilling","Vidar Samuelsen"],"articleSection":["Foto","Nyheter"],"inLanguage":"nb-NO","potentialAction":[{"@type":"CommentAction","name":"Comment","target":["https:\/\/nsff.no\/magasinet\/2016\/09\/02\/vidar-samuelsen-s9-oslo\/#respond"]}]},{"@type":"WebPage","@id":"https:\/\/nsff.no\/magasinet\/2016\/09\/02\/vidar-samuelsen-s9-oslo\/","url":"https:\/\/nsff.no\/magasinet\/2016\/09\/02\/vidar-samuelsen-s9-oslo\/","name":"Vidar Samuelsen stiller ut i S9, Oslo - NSFF Magasin | Norsk Selskap for Fotografi","isPartOf":{"@id":"https:\/\/nsff.no\/magasinet\/#website"},"primaryImageOfPage":{"@id":"https:\/\/nsff.no\/magasinet\/2016\/09\/02\/vidar-samuelsen-s9-oslo\/#primaryimage"},"image":{"@id":"https:\/\/nsff.no\/magasinet\/2016\/09\/02\/vidar-samuelsen-s9-oslo\/#primaryimage"},"thumbnailUrl":"https:\/\/nsff.no\/magasinet\/wp-content\/uploads\/sites\/2\/2016\/09\/samuelsen_utstilling2016_2.jpg","datePublished":"2016-09-02T07:09:44+00:00","dateModified":"2016-09-02T07:16:41+00:00","description":"Vidar Samuelsen har fotografert siden 1984. N\u00e5 har han gjort et dypdykk i arkivet, og stiller ut bilder som ikke tidligere har sett offentlighetens lys.","breadcrumb":{"@id":"https:\/\/nsff.no\/magasinet\/2016\/09\/02\/vidar-samuelsen-s9-oslo\/#breadcrumb"},"inLanguage":"nb-NO","potentialAction":[{"@type":"ReadAction","target":["https:\/\/nsff.no\/magasinet\/2016\/09\/02\/vidar-samuelsen-s9-oslo\/"]}]},{"@type":"ImageObject","inLanguage":"nb-NO","@id":"https:\/\/nsff.no\/magasinet\/2016\/09\/02\/vidar-samuelsen-s9-oslo\/#primaryimage","url":"https:\/\/nsff.no\/magasinet\/wp-content\/uploads\/sites\/2\/2016\/09\/samuelsen_utstilling2016_2.jpg","contentUrl":"https:\/\/nsff.no\/magasinet\/wp-content\/uploads\/sites\/2\/2016\/09\/samuelsen_utstilling2016_2.jpg","caption":"Vidar Samuelsen, utstilling i S9 2016"},{"@type":"BreadcrumbList","@id":"https:\/\/nsff.no\/magasinet\/2016\/09\/02\/vidar-samuelsen-s9-oslo\/#breadcrumb","itemListElement":[{"@type":"ListItem","position":1,"name":"Hjem","item":"https:\/\/nsff.no\/magasinet\/"},{"@type":"ListItem","position":2,"name":"Vidar Samuelsen stiller ut i S9, Oslo"}]},{"@type":"WebSite","@id":"https:\/\/nsff.no\/magasinet\/#website","url":"https:\/\/nsff.no\/magasinet\/","name":"NSFF Magasin | Norsk Selskap for Fotografi","description":"Medlemsmagasin for film- og fotoentusiaster","publisher":{"@id":"https:\/\/nsff.no\/magasinet\/#organization"},"potentialAction":[{"@type":"SearchAction","target":{"@type":"EntryPoint","urlTemplate":"https:\/\/nsff.no\/magasinet\/?s={search_term_string}"},"query-input":{"@type":"PropertyValueSpecification","valueRequired":true,"valueName":"search_term_string"}}],"inLanguage":"nb-NO"},{"@type":"Organization","@id":"https:\/\/nsff.no\/magasinet\/#organization","name":"Norsk Selskap for Fotografo","url":"https:\/\/nsff.no\/magasinet\/","logo":{"@type":"ImageObject","inLanguage":"nb-NO","@id":"https:\/\/nsff.no\/magasinet\/#\/schema\/logo\/image\/","url":"https:\/\/nsff.no\/magasinet\/wp-content\/uploads\/sites\/2\/2016\/05\/NSFF-fb-lenkebilde.png","contentUrl":"https:\/\/nsff.no\/magasinet\/wp-content\/uploads\/sites\/2\/2016\/05\/NSFF-fb-lenkebilde.png","width":1,"height":1,"caption":"Norsk Selskap for Fotografo"},"image":{"@id":"https:\/\/nsff.no\/magasinet\/#\/schema\/logo\/image\/"}},{"@type":"Person","@id":"https:\/\/nsff.no\/magasinet\/#\/schema\/person\/da041f968afa9bee0293372491a98303","name":"Birgit Fostervold","image":{"@type":"ImageObject","inLanguage":"nb-NO","@id":"https:\/\/secure.gravatar.com\/avatar\/d8b31664a01c80eecbf53f36dc41fa676bbfe7c78cb2391937a62f88da897950?s=96&d=mm&r=g","url":"https:\/\/secure.gravatar.com\/avatar\/d8b31664a01c80eecbf53f36dc41fa676bbfe7c78cb2391937a62f88da897950?s=96&d=mm&r=g","contentUrl":"https:\/\/secure.gravatar.com\/avatar\/d8b31664a01c80eecbf53f36dc41fa676bbfe7c78cb2391937a62f88da897950?s=96&d=mm&r=g","caption":"Birgit Fostervold"},"description":"EsNSFF, HonENFFF, medlem i Homborsund fotoklubb og Arendal fotoklubb. Styremedlem NSFF, Nordisk Forbund for Fotografi og Norsk Naturfotofestival. Tidl. nestleder og konst.leder NSFF (2017\u201322), tidl. redakt\u00f8r for NSFF Magasin (2016\u201322).","sameAs":["https:\/\/lensbirdie.no","https:\/\/instagram.com\/knipselyst\/"],"url":"https:\/\/nsff.no\/magasinet\/author\/birgitf\/"}]}},"_links":{"self":[{"href":"https:\/\/nsff.no\/magasinet\/wp-json\/wp\/v2\/posts\/4445","targetHints":{"allow":["GET"]}}],"collection":[{"href":"https:\/\/nsff.no\/magasinet\/wp-json\/wp\/v2\/posts"}],"about":[{"href":"https:\/\/nsff.no\/magasinet\/wp-json\/wp\/v2\/types\/post"}],"author":[{"embeddable":true,"href":"https:\/\/nsff.no\/magasinet\/wp-json\/wp\/v2\/users\/7"}],"replies":[{"embeddable":true,"href":"https:\/\/nsff.no\/magasinet\/wp-json\/wp\/v2\/comments?post=4445"}],"version-history":[{"count":6,"href":"https:\/\/nsff.no\/magasinet\/wp-json\/wp\/v2\/posts\/4445\/revisions"}],"predecessor-version":[{"id":4456,"href":"https:\/\/nsff.no\/magasinet\/wp-json\/wp\/v2\/posts\/4445\/revisions\/4456"}],"wp:featuredmedia":[{"embeddable":true,"href":"https:\/\/nsff.no\/magasinet\/wp-json\/wp\/v2\/media\/4449"}],"wp:attachment":[{"href":"https:\/\/nsff.no\/magasinet\/wp-json\/wp\/v2\/media?parent=4445"}],"wp:term":[{"taxonomy":"category","embeddable":true,"href":"https:\/\/nsff.no\/magasinet\/wp-json\/wp\/v2\/categories?post=4445"},{"taxonomy":"post_tag","embeddable":true,"href":"https:\/\/nsff.no\/magasinet\/wp-json\/wp\/v2\/tags?post=4445"}],"curies":[{"name":"wp","href":"https:\/\/api.w.org\/{rel}","templated":true}]}}