{"id":4361,"date":"2016-08-22T01:32:51","date_gmt":"2016-08-21T23:32:51","guid":{"rendered":"http:\/\/nsff.no\/magasinet\/?p=4361"},"modified":"2016-08-22T13:33:31","modified_gmt":"2016-08-22T11:33:31","slug":"fotografiets-dag-2016","status":"publish","type":"post","link":"https:\/\/nsff.no\/magasinet\/2016\/08\/22\/fotografiets-dag-2016\/","title":{"rendered":"Fotografiets Dag 2016: 16 NSFF-medlemmer antatt!"},"content":{"rendered":"<p>[et_pb_section admin_label=&raquo;section&raquo;][et_pb_row admin_label=&raquo;row&raquo;][et_pb_column type=&raquo;4_4&#8243;][et_pb_text admin_label=&raquo;Tekst&raquo; background_layout=&raquo;light&raquo; text_orientation=&raquo;left&raquo; use_border_color=&raquo;off&raquo; border_color=&raquo;#ffffff&raquo; border_style=&raquo;solid&raquo;]<\/p>\n<p>Fotografiets Dag 2016 er historie, og for en dag det var! V\u00e6rgudene viste seg fra sin beste side, arrangementet ble vellykket samkj\u00f8rt med Horten Mat- og \u00d8lfestival, og de sedvanlige reggae-rytmene dunket over omr\u00e5det. Det var festivalutstilling, museumsutstilling, NSFF \u00e5rbokutstilling, gjesteutstilling fra Hellas samt flere spennende utstillinger i regi av de samarbeidende fotoorganisasjoner. Vi kunne lytte til inspirerende og berikende foredrag, leke oss med rekvisitter for &laquo;selfier&raquo; i den innleide fotoboks-automaten, og delta i fotokonkurranser. Sist, men absolutt ikke minst, b\u00f8d dagen p\u00e5 rikelig med muligheter for \u00e5 skravle med likesinnede &ndash; det krydde av fotoentusiaster i Horten denne augusts\u00f8ndagen. Preus Museum kunne opplyse at over 5700 mennesker var innom festivalomr\u00e5det i l\u00f8pet av dagen! Her er bilder fra NSFF sitt &laquo;hj\u00f8rne&raquo; i Artillerimagasinet:<\/p>\n<p>[\/et_pb_text][et_pb_gallery admin_label=&raquo;NSFF stand&raquo; gallery_ids=&raquo;4377,4378,4384,4383,4382,4386,4385,4393&#8243; fullwidth=&raquo;off&raquo; posts_number=&raquo;8&#8243; show_title_and_caption=&raquo;off&raquo; show_pagination=&raquo;on&raquo; background_layout=&raquo;light&raquo; auto=&raquo;off&raquo; hover_overlay_color=&raquo;rgba(255,255,255,0.9)&raquo; caption_all_caps=&raquo;off&raquo; use_border_color=&raquo;off&raquo; border_color=&raquo;#ffffff&raquo; border_style=&raquo;solid&raquo;]<\/p>\n<p>[\/et_pb_gallery][et_pb_text admin_label=&raquo;Tekst&raquo; background_layout=&raquo;light&raquo; text_orientation=&raquo;left&raquo; use_border_color=&raquo;off&raquo; border_color=&raquo;#ffffff&raquo; border_style=&raquo;solid&raquo;]<\/p>\n<p>50 av de 5700 bes\u00f8kende var spesielt inviterte gjester som etter en forh\u00e5ndsjuryering var funnet verdige til \u00e5 f\u00e5 vise frem sine bilder for publikum. Ekstra morsomt for oss i NSFF var at hele <strong>16 av disse er medlemmer i klubber med NSFF-tilknytning<\/strong>. Nesten hele landet var representert i den lille \u00f8stlandsbyen \u2013 fra tre Agderklubber i s\u00f8r og Bekkalokket i vest til Narvik i nord. Rita Anne Berntsen kom ned ens \u00e6rend for \u00e5 delta p\u00e5 arrangementet, sprekt! <\/p>\n<p><em>(Red. beklager at en av de antatte NSFFer&#8217;ne, Maciej Ciara fra Klub Zdobywcow, klarte \u00e5 unnslippe fotoseansen.)<\/em><\/p>\n<p>[\/et_pb_text][et_pb_gallery admin_label=&raquo;Folka&raquo; gallery_ids=&raquo;4362,4363,4364,4365,4366,4367,4416,4399,4370,4371,4372,4373,4374,4375,4376&#8243; fullwidth=&raquo;off&raquo; posts_number=&raquo;16&#8243; show_title_and_caption=&raquo;off&raquo; show_pagination=&raquo;on&raquo; background_layout=&raquo;light&raquo; auto=&raquo;off&raquo; hover_overlay_color=&raquo;rgba(255,255,255,0.9)&raquo; caption_all_caps=&raquo;off&raquo; use_border_color=&raquo;off&raquo; border_color=&raquo;#ffffff&raquo; border_style=&raquo;solid&raquo;]<\/p>\n<p>[\/et_pb_gallery][et_pb_text admin_label=&raquo;Tekst&raquo; background_layout=&raquo;light&raquo; text_orientation=&raquo;left&raquo; use_border_color=&raquo;off&raquo; border_color=&raquo;#ffffff&raquo; border_style=&raquo;solid&raquo;]<\/p>\n<p><strong>Svenn Ivar Bj\u00f8rkav\u00e5g fra Homborsund Fotoklubb gikk til topps i den juryerte utstillingen med sine pinhole-bilder, mens Roger Lauritzen (Moss Fotoklubb) og Jan Egil Sandstad (OKK) begge fikk hederlig omtale for sine bilder.<\/strong> Gratulerer, alle tre! Bildene deres, med juryens kommentarer, kan du se nedenfor. Om vinnerbildene hadde juryen f\u00f8lgende \u00e5 si:<\/p>\n<blockquote><p>Vel gjennomf\u00f8rt ide. Her er ikke bare resultatet, men ogs\u00e5 prosessen en viktig del av bildene. Om du ikke vet noe om bakgrunnen til bildene, kan de likevel gi assosiasjoner til natur og nordlys, og de forteller om en demokratisering av fotografiet ved at man ikke trenger dyre kameraer for \u00e5 lage bilder.<\/p>\n<p>Bildene er tatt ved hjelp av en \u00f8lboks med pinhole i, og satt fast med lukkertid p\u00e5 et \u00e5r. De viser alts\u00e5 solas gang over himmelbuen. Boksene kan man se utstilt ved siden av bildene. P\u00e5 det ene bildet var boksen plassert p\u00e5 en strand med beskyttelse rundt. Havet og v\u00e6ret tok med seg boksen og ble funnet igjen et \u00e5r etterp\u00e5 et annet sted, og bildet b\u00e6rer preg av elementenes herjing.<\/p><\/blockquote>\n<p>[\/et_pb_text][et_pb_gallery admin_label=&raquo;Premierte&raquo; gallery_ids=&raquo;4381,4380,4379,4404&#8243; fullwidth=&raquo;off&raquo; show_title_and_caption=&raquo;off&raquo; show_pagination=&raquo;on&raquo; background_layout=&raquo;light&raquo; auto=&raquo;off&raquo; hover_overlay_color=&raquo;rgba(255,255,255,0.9)&raquo; caption_all_caps=&raquo;off&raquo; use_border_color=&raquo;off&raquo; border_color=&raquo;#ffffff&raquo; border_style=&raquo;solid&raquo;]<\/p>\n<p>[\/et_pb_gallery][et_pb_text admin_label=&raquo;Tekst&raquo; background_layout=&raquo;light&raquo; text_orientation=&raquo;left&raquo; use_border_color=&raquo;off&raquo; border_color=&raquo;#ffffff&raquo; border_style=&raquo;solid&raquo;]<\/p>\n<p>Juryen besto av representanter fra organisasjonene som samarbeider om Fotografiets dag:<\/p>\n<ul>\n<li>Thorstein Kleivdal fra Norsk Selskap For Fotografi<\/li>\n<li>Andrea Grundt Johns fra Forbundet Frie Fotografer<\/li>\n<li>Arthur Sand fra Norsk Fotohistorisk Forening &#8211; Preus museums venner og Institusjonsfotografenes Forening<\/li>\n<li>Jon Klasbu fra Norges Fotografforbund<\/li>\n<li>Ingrid Nilsson fra Preus museum<\/li>\n<\/ul>\n<p>I l\u00f8pet av dagen var det ogs\u00e5 mulig for de bes\u00f8kende \u00e5 stemme p\u00e5 sin favoritt blant de 50 utstillerne. <strong>Publikumsfavoritt ble Mari Str\u00f8msbo Gj\u00f8rv fra Oslo Kamera Klubb<\/strong> \u2013 vi gratulerer!<\/p>\n<p>[\/et_pb_text][et_pb_gallery admin_label=&raquo;Galleri&raquo; gallery_ids=&raquo;4407,4408,4409,4410,4411,4412,4413,4414&#8243; fullwidth=&raquo;off&raquo; posts_number=&raquo;10&#8243; show_title_and_caption=&raquo;off&raquo; show_pagination=&raquo;on&raquo; background_layout=&raquo;light&raquo; auto=&raquo;off&raquo; hover_overlay_color=&raquo;rgba(255,255,255,0.9)&raquo; caption_all_caps=&raquo;off&raquo; use_border_color=&raquo;off&raquo; border_color=&raquo;#ffffff&raquo; border_style=&raquo;solid&raquo;]<\/p>\n<p>[\/et_pb_gallery][\/et_pb_column][\/et_pb_row][\/et_pb_section]<\/p>\n","protected":false},"excerpt":{"rendered":"<p>Fotografiets Dag 2016 &ndash; for en dag! 16 av de antatte i den juryerte utstillingen, inkludert vinneren og publikumsfavoritten, kom fra NSFF-klubber.<\/p>\n","protected":false},"author":7,"featured_media":4381,"comment_status":"open","ping_status":"open","sticky":false,"template":"","format":"standard","meta":{"_et_pb_use_builder":"on","_et_pb_old_content":"","_et_gb_content_width":"","footnotes":""},"categories":[14,51],"tags":[140,376,377,378],"class_list":["post-4361","post","type-post","status-publish","format-standard","has-post-thumbnail","hentry","category-nyheter","category-reisebrev","tag-140","tag-fotografiets-dag","tag-horten","tag-preus-fotomuseum","et-has-post-format-content","et_post_format-et-post-format-standard"],"yoast_head":"<!-- This site is optimized with the Yoast SEO plugin v27.5 - https:\/\/yoast.com\/product\/yoast-seo-wordpress\/ -->\n<title>Fotografiets Dag 2016: 16 NSFF-medlemmer antatt! - NSFF Magasin | Norsk Selskap for Fotografi<\/title>\n<meta name=\"description\" content=\"Fotografiets Dag 2016 \u2013 for en dag! 16 av de antatte i den juryerte utstillingen, inkludert vinneren og publikumsfavoritten, kom fra NSFF-klubber.\" \/>\n<meta name=\"robots\" content=\"index, follow, max-snippet:-1, max-image-preview:large, max-video-preview:-1\" \/>\n<link rel=\"canonical\" href=\"https:\/\/nsff.no\/magasinet\/2016\/08\/22\/fotografiets-dag-2016\/\" \/>\n<meta property=\"og:locale\" content=\"nb_NO\" \/>\n<meta property=\"og:type\" content=\"article\" \/>\n<meta property=\"og:title\" content=\"Fotografiets Dag 2016: 16 NSFF-medlemmer antatt! - NSFF Magasin | Norsk Selskap for Fotografi\" \/>\n<meta property=\"og:description\" content=\"Fotografiets Dag 2016 &ndash; for en dag! 16 av de antatte i den juryerte utstillingen, inkludert vinneren og publikumsfavoritten, kom fra NSFF-klubber.\" \/>\n<meta property=\"og:url\" content=\"https:\/\/nsff.no\/magasinet\/2016\/08\/22\/fotografiets-dag-2016\/\" \/>\n<meta property=\"og:site_name\" content=\"NSFF Magasin | Norsk Selskap for Fotografi\" \/>\n<meta property=\"article:published_time\" content=\"2016-08-21T23:32:51+00:00\" \/>\n<meta property=\"article:modified_time\" content=\"2016-08-22T11:33:31+00:00\" \/>\n<meta property=\"og:image\" content=\"https:\/\/nsff.no\/magasinet\/wp-content\/uploads\/sites\/2\/2016\/08\/14053722_10154485306895152_1247154437332170099_o.jpg\" \/>\n\t<meta property=\"og:image:width\" content=\"1\" \/>\n\t<meta property=\"og:image:height\" content=\"1\" \/>\n\t<meta property=\"og:image:type\" content=\"image\/jpeg\" \/>\n<meta name=\"author\" content=\"Birgit Fostervold\" \/>\n<meta name=\"twitter:card\" content=\"summary_large_image\" \/>\n<meta name=\"twitter:label1\" content=\"Skrevet av\" \/>\n\t<meta name=\"twitter:data1\" content=\"Birgit Fostervold\" \/>\n\t<meta name=\"twitter:label2\" content=\"Ansl. lesetid\" \/>\n\t<meta name=\"twitter:data2\" content=\"4 minutter\" \/>\n<script type=\"application\/ld+json\" class=\"yoast-schema-graph\">{\"@context\":\"https:\\\/\\\/schema.org\",\"@graph\":[{\"@type\":\"Article\",\"@id\":\"https:\\\/\\\/nsff.no\\\/magasinet\\\/2016\\\/08\\\/22\\\/fotografiets-dag-2016\\\/#article\",\"isPartOf\":{\"@id\":\"https:\\\/\\\/nsff.no\\\/magasinet\\\/2016\\\/08\\\/22\\\/fotografiets-dag-2016\\\/\"},\"author\":{\"name\":\"Birgit Fostervold\",\"@id\":\"https:\\\/\\\/nsff.no\\\/magasinet\\\/#\\\/schema\\\/person\\\/da041f968afa9bee0293372491a98303\"},\"headline\":\"Fotografiets Dag 2016: 16 NSFF-medlemmer antatt!\",\"datePublished\":\"2016-08-21T23:32:51+00:00\",\"dateModified\":\"2016-08-22T11:33:31+00:00\",\"mainEntityOfPage\":{\"@id\":\"https:\\\/\\\/nsff.no\\\/magasinet\\\/2016\\\/08\\\/22\\\/fotografiets-dag-2016\\\/\"},\"wordCount\":795,\"commentCount\":2,\"publisher\":{\"@id\":\"https:\\\/\\\/nsff.no\\\/magasinet\\\/#organization\"},\"image\":{\"@id\":\"https:\\\/\\\/nsff.no\\\/magasinet\\\/2016\\\/08\\\/22\\\/fotografiets-dag-2016\\\/#primaryimage\"},\"thumbnailUrl\":\"https:\\\/\\\/nsff.no\\\/magasinet\\\/wp-content\\\/uploads\\\/sites\\\/2\\\/2016\\\/08\\\/14053722_10154485306895152_1247154437332170099_o.jpg\",\"keywords\":[\"2016\",\"Fotografiets Dag\",\"Horten\",\"Preus Fotomuseum\"],\"articleSection\":[\"Nyheter\",\"Reisebrev\"],\"inLanguage\":\"nb-NO\",\"potentialAction\":[{\"@type\":\"CommentAction\",\"name\":\"Comment\",\"target\":[\"https:\\\/\\\/nsff.no\\\/magasinet\\\/2016\\\/08\\\/22\\\/fotografiets-dag-2016\\\/#respond\"]}]},{\"@type\":\"WebPage\",\"@id\":\"https:\\\/\\\/nsff.no\\\/magasinet\\\/2016\\\/08\\\/22\\\/fotografiets-dag-2016\\\/\",\"url\":\"https:\\\/\\\/nsff.no\\\/magasinet\\\/2016\\\/08\\\/22\\\/fotografiets-dag-2016\\\/\",\"name\":\"Fotografiets Dag 2016: 16 NSFF-medlemmer antatt! - NSFF Magasin | Norsk Selskap for Fotografi\",\"isPartOf\":{\"@id\":\"https:\\\/\\\/nsff.no\\\/magasinet\\\/#website\"},\"primaryImageOfPage\":{\"@id\":\"https:\\\/\\\/nsff.no\\\/magasinet\\\/2016\\\/08\\\/22\\\/fotografiets-dag-2016\\\/#primaryimage\"},\"image\":{\"@id\":\"https:\\\/\\\/nsff.no\\\/magasinet\\\/2016\\\/08\\\/22\\\/fotografiets-dag-2016\\\/#primaryimage\"},\"thumbnailUrl\":\"https:\\\/\\\/nsff.no\\\/magasinet\\\/wp-content\\\/uploads\\\/sites\\\/2\\\/2016\\\/08\\\/14053722_10154485306895152_1247154437332170099_o.jpg\",\"datePublished\":\"2016-08-21T23:32:51+00:00\",\"dateModified\":\"2016-08-22T11:33:31+00:00\",\"description\":\"Fotografiets Dag 2016 \u2013 for en dag! 16 av de antatte i den juryerte utstillingen, inkludert vinneren og publikumsfavoritten, kom fra NSFF-klubber.\",\"breadcrumb\":{\"@id\":\"https:\\\/\\\/nsff.no\\\/magasinet\\\/2016\\\/08\\\/22\\\/fotografiets-dag-2016\\\/#breadcrumb\"},\"inLanguage\":\"nb-NO\",\"potentialAction\":[{\"@type\":\"ReadAction\",\"target\":[\"https:\\\/\\\/nsff.no\\\/magasinet\\\/2016\\\/08\\\/22\\\/fotografiets-dag-2016\\\/\"]}]},{\"@type\":\"ImageObject\",\"inLanguage\":\"nb-NO\",\"@id\":\"https:\\\/\\\/nsff.no\\\/magasinet\\\/2016\\\/08\\\/22\\\/fotografiets-dag-2016\\\/#primaryimage\",\"url\":\"https:\\\/\\\/nsff.no\\\/magasinet\\\/wp-content\\\/uploads\\\/sites\\\/2\\\/2016\\\/08\\\/14053722_10154485306895152_1247154437332170099_o.jpg\",\"contentUrl\":\"https:\\\/\\\/nsff.no\\\/magasinet\\\/wp-content\\\/uploads\\\/sites\\\/2\\\/2016\\\/08\\\/14053722_10154485306895152_1247154437332170099_o.jpg\",\"caption\":\"1. plass: Svenn Ivar Bj\u00f8rkav\u00e5g. Vel gjennomf\u00f8rt ide. Her er ikke bare resultatet, men ogs\u00e5 prosessen en viktig del av bildene. Om du ikke vet noe om bakgrunnen til bildene, kan de likevel gi assosiasjoner til natur og nordlys, og de forteller om en demokratisering av fotografiet ved at man ikke trenger dyre kameraer for \u00e5 lage bilder. Bildene er tatt ved hjelp av en \u00f8lboks med pinhole i, og satt fast med lukkertid p\u00e5 et \u00e5r. De viser alts\u00e5 solas gang over himmelbuen. Boksene kan man se utstilt ved siden av bildene. P\u00e5 det ene bildet var boksen plassert p\u00e5 en strand med beskyttelse rundt. Havet og v\u00e6ret tok med seg boksen og ble funnet igjen et \u00e5r etterp\u00e5 et annet sted, og bildet b\u00e6rer preg av elementenes herjing.\"},{\"@type\":\"BreadcrumbList\",\"@id\":\"https:\\\/\\\/nsff.no\\\/magasinet\\\/2016\\\/08\\\/22\\\/fotografiets-dag-2016\\\/#breadcrumb\",\"itemListElement\":[{\"@type\":\"ListItem\",\"position\":1,\"name\":\"Hjem\",\"item\":\"https:\\\/\\\/nsff.no\\\/magasinet\\\/\"},{\"@type\":\"ListItem\",\"position\":2,\"name\":\"Fotografiets Dag 2016: 16 NSFF-medlemmer antatt!\"}]},{\"@type\":\"WebSite\",\"@id\":\"https:\\\/\\\/nsff.no\\\/magasinet\\\/#website\",\"url\":\"https:\\\/\\\/nsff.no\\\/magasinet\\\/\",\"name\":\"NSFF Magasin | Norsk Selskap for Fotografi\",\"description\":\"Medlemsmagasin for film- og fotoentusiaster\",\"publisher\":{\"@id\":\"https:\\\/\\\/nsff.no\\\/magasinet\\\/#organization\"},\"potentialAction\":[{\"@type\":\"SearchAction\",\"target\":{\"@type\":\"EntryPoint\",\"urlTemplate\":\"https:\\\/\\\/nsff.no\\\/magasinet\\\/?s={search_term_string}\"},\"query-input\":{\"@type\":\"PropertyValueSpecification\",\"valueRequired\":true,\"valueName\":\"search_term_string\"}}],\"inLanguage\":\"nb-NO\"},{\"@type\":\"Organization\",\"@id\":\"https:\\\/\\\/nsff.no\\\/magasinet\\\/#organization\",\"name\":\"Norsk Selskap for Fotografo\",\"url\":\"https:\\\/\\\/nsff.no\\\/magasinet\\\/\",\"logo\":{\"@type\":\"ImageObject\",\"inLanguage\":\"nb-NO\",\"@id\":\"https:\\\/\\\/nsff.no\\\/magasinet\\\/#\\\/schema\\\/logo\\\/image\\\/\",\"url\":\"https:\\\/\\\/nsff.no\\\/magasinet\\\/wp-content\\\/uploads\\\/sites\\\/2\\\/2016\\\/05\\\/NSFF-fb-lenkebilde.png\",\"contentUrl\":\"https:\\\/\\\/nsff.no\\\/magasinet\\\/wp-content\\\/uploads\\\/sites\\\/2\\\/2016\\\/05\\\/NSFF-fb-lenkebilde.png\",\"width\":1,\"height\":1,\"caption\":\"Norsk Selskap for Fotografo\"},\"image\":{\"@id\":\"https:\\\/\\\/nsff.no\\\/magasinet\\\/#\\\/schema\\\/logo\\\/image\\\/\"}},{\"@type\":\"Person\",\"@id\":\"https:\\\/\\\/nsff.no\\\/magasinet\\\/#\\\/schema\\\/person\\\/da041f968afa9bee0293372491a98303\",\"name\":\"Birgit Fostervold\",\"image\":{\"@type\":\"ImageObject\",\"inLanguage\":\"nb-NO\",\"@id\":\"https:\\\/\\\/secure.gravatar.com\\\/avatar\\\/d8b31664a01c80eecbf53f36dc41fa676bbfe7c78cb2391937a62f88da897950?s=96&d=mm&r=g\",\"url\":\"https:\\\/\\\/secure.gravatar.com\\\/avatar\\\/d8b31664a01c80eecbf53f36dc41fa676bbfe7c78cb2391937a62f88da897950?s=96&d=mm&r=g\",\"contentUrl\":\"https:\\\/\\\/secure.gravatar.com\\\/avatar\\\/d8b31664a01c80eecbf53f36dc41fa676bbfe7c78cb2391937a62f88da897950?s=96&d=mm&r=g\",\"caption\":\"Birgit Fostervold\"},\"description\":\"EsNSFF, HonENFFF, medlem i Homborsund fotoklubb og Arendal fotoklubb. Styremedlem NSFF, Nordisk Forbund for Fotografi og Norsk Naturfotofestival. Tidl. nestleder og konst.leder NSFF (2017\u201322), tidl. redakt\u00f8r for NSFF Magasin (2016\u201322).\",\"sameAs\":[\"https:\\\/\\\/lensbirdie.no\",\"https:\\\/\\\/instagram.com\\\/knipselyst\\\/\"],\"url\":\"https:\\\/\\\/nsff.no\\\/magasinet\\\/author\\\/birgitf\\\/\"}]}<\/script>\n<!-- \/ Yoast SEO plugin. -->","yoast_head_json":{"title":"Fotografiets Dag 2016: 16 NSFF-medlemmer antatt! - NSFF Magasin | Norsk Selskap for Fotografi","description":"Fotografiets Dag 2016 \u2013 for en dag! 16 av de antatte i den juryerte utstillingen, inkludert vinneren og publikumsfavoritten, kom fra NSFF-klubber.","robots":{"index":"index","follow":"follow","max-snippet":"max-snippet:-1","max-image-preview":"max-image-preview:large","max-video-preview":"max-video-preview:-1"},"canonical":"https:\/\/nsff.no\/magasinet\/2016\/08\/22\/fotografiets-dag-2016\/","og_locale":"nb_NO","og_type":"article","og_title":"Fotografiets Dag 2016: 16 NSFF-medlemmer antatt! - NSFF Magasin | Norsk Selskap for Fotografi","og_description":"Fotografiets Dag 2016 &ndash; for en dag! 16 av de antatte i den juryerte utstillingen, inkludert vinneren og publikumsfavoritten, kom fra NSFF-klubber.","og_url":"https:\/\/nsff.no\/magasinet\/2016\/08\/22\/fotografiets-dag-2016\/","og_site_name":"NSFF Magasin | Norsk Selskap for Fotografi","article_published_time":"2016-08-21T23:32:51+00:00","article_modified_time":"2016-08-22T11:33:31+00:00","og_image":[{"url":"https:\/\/nsff.no\/magasinet\/wp-content\/uploads\/sites\/2\/2016\/08\/14053722_10154485306895152_1247154437332170099_o.jpg","width":1,"height":1,"type":"image\/jpeg"}],"author":"Birgit Fostervold","twitter_card":"summary_large_image","twitter_misc":{"Skrevet av":"Birgit Fostervold","Ansl. lesetid":"4 minutter"},"schema":{"@context":"https:\/\/schema.org","@graph":[{"@type":"Article","@id":"https:\/\/nsff.no\/magasinet\/2016\/08\/22\/fotografiets-dag-2016\/#article","isPartOf":{"@id":"https:\/\/nsff.no\/magasinet\/2016\/08\/22\/fotografiets-dag-2016\/"},"author":{"name":"Birgit Fostervold","@id":"https:\/\/nsff.no\/magasinet\/#\/schema\/person\/da041f968afa9bee0293372491a98303"},"headline":"Fotografiets Dag 2016: 16 NSFF-medlemmer antatt!","datePublished":"2016-08-21T23:32:51+00:00","dateModified":"2016-08-22T11:33:31+00:00","mainEntityOfPage":{"@id":"https:\/\/nsff.no\/magasinet\/2016\/08\/22\/fotografiets-dag-2016\/"},"wordCount":795,"commentCount":2,"publisher":{"@id":"https:\/\/nsff.no\/magasinet\/#organization"},"image":{"@id":"https:\/\/nsff.no\/magasinet\/2016\/08\/22\/fotografiets-dag-2016\/#primaryimage"},"thumbnailUrl":"https:\/\/nsff.no\/magasinet\/wp-content\/uploads\/sites\/2\/2016\/08\/14053722_10154485306895152_1247154437332170099_o.jpg","keywords":["2016","Fotografiets Dag","Horten","Preus Fotomuseum"],"articleSection":["Nyheter","Reisebrev"],"inLanguage":"nb-NO","potentialAction":[{"@type":"CommentAction","name":"Comment","target":["https:\/\/nsff.no\/magasinet\/2016\/08\/22\/fotografiets-dag-2016\/#respond"]}]},{"@type":"WebPage","@id":"https:\/\/nsff.no\/magasinet\/2016\/08\/22\/fotografiets-dag-2016\/","url":"https:\/\/nsff.no\/magasinet\/2016\/08\/22\/fotografiets-dag-2016\/","name":"Fotografiets Dag 2016: 16 NSFF-medlemmer antatt! - NSFF Magasin | Norsk Selskap for Fotografi","isPartOf":{"@id":"https:\/\/nsff.no\/magasinet\/#website"},"primaryImageOfPage":{"@id":"https:\/\/nsff.no\/magasinet\/2016\/08\/22\/fotografiets-dag-2016\/#primaryimage"},"image":{"@id":"https:\/\/nsff.no\/magasinet\/2016\/08\/22\/fotografiets-dag-2016\/#primaryimage"},"thumbnailUrl":"https:\/\/nsff.no\/magasinet\/wp-content\/uploads\/sites\/2\/2016\/08\/14053722_10154485306895152_1247154437332170099_o.jpg","datePublished":"2016-08-21T23:32:51+00:00","dateModified":"2016-08-22T11:33:31+00:00","description":"Fotografiets Dag 2016 \u2013 for en dag! 16 av de antatte i den juryerte utstillingen, inkludert vinneren og publikumsfavoritten, kom fra NSFF-klubber.","breadcrumb":{"@id":"https:\/\/nsff.no\/magasinet\/2016\/08\/22\/fotografiets-dag-2016\/#breadcrumb"},"inLanguage":"nb-NO","potentialAction":[{"@type":"ReadAction","target":["https:\/\/nsff.no\/magasinet\/2016\/08\/22\/fotografiets-dag-2016\/"]}]},{"@type":"ImageObject","inLanguage":"nb-NO","@id":"https:\/\/nsff.no\/magasinet\/2016\/08\/22\/fotografiets-dag-2016\/#primaryimage","url":"https:\/\/nsff.no\/magasinet\/wp-content\/uploads\/sites\/2\/2016\/08\/14053722_10154485306895152_1247154437332170099_o.jpg","contentUrl":"https:\/\/nsff.no\/magasinet\/wp-content\/uploads\/sites\/2\/2016\/08\/14053722_10154485306895152_1247154437332170099_o.jpg","caption":"1. plass: Svenn Ivar Bj\u00f8rkav\u00e5g. Vel gjennomf\u00f8rt ide. Her er ikke bare resultatet, men ogs\u00e5 prosessen en viktig del av bildene. Om du ikke vet noe om bakgrunnen til bildene, kan de likevel gi assosiasjoner til natur og nordlys, og de forteller om en demokratisering av fotografiet ved at man ikke trenger dyre kameraer for \u00e5 lage bilder. Bildene er tatt ved hjelp av en \u00f8lboks med pinhole i, og satt fast med lukkertid p\u00e5 et \u00e5r. De viser alts\u00e5 solas gang over himmelbuen. Boksene kan man se utstilt ved siden av bildene. P\u00e5 det ene bildet var boksen plassert p\u00e5 en strand med beskyttelse rundt. Havet og v\u00e6ret tok med seg boksen og ble funnet igjen et \u00e5r etterp\u00e5 et annet sted, og bildet b\u00e6rer preg av elementenes herjing."},{"@type":"BreadcrumbList","@id":"https:\/\/nsff.no\/magasinet\/2016\/08\/22\/fotografiets-dag-2016\/#breadcrumb","itemListElement":[{"@type":"ListItem","position":1,"name":"Hjem","item":"https:\/\/nsff.no\/magasinet\/"},{"@type":"ListItem","position":2,"name":"Fotografiets Dag 2016: 16 NSFF-medlemmer antatt!"}]},{"@type":"WebSite","@id":"https:\/\/nsff.no\/magasinet\/#website","url":"https:\/\/nsff.no\/magasinet\/","name":"NSFF Magasin | Norsk Selskap for Fotografi","description":"Medlemsmagasin for film- og fotoentusiaster","publisher":{"@id":"https:\/\/nsff.no\/magasinet\/#organization"},"potentialAction":[{"@type":"SearchAction","target":{"@type":"EntryPoint","urlTemplate":"https:\/\/nsff.no\/magasinet\/?s={search_term_string}"},"query-input":{"@type":"PropertyValueSpecification","valueRequired":true,"valueName":"search_term_string"}}],"inLanguage":"nb-NO"},{"@type":"Organization","@id":"https:\/\/nsff.no\/magasinet\/#organization","name":"Norsk Selskap for Fotografo","url":"https:\/\/nsff.no\/magasinet\/","logo":{"@type":"ImageObject","inLanguage":"nb-NO","@id":"https:\/\/nsff.no\/magasinet\/#\/schema\/logo\/image\/","url":"https:\/\/nsff.no\/magasinet\/wp-content\/uploads\/sites\/2\/2016\/05\/NSFF-fb-lenkebilde.png","contentUrl":"https:\/\/nsff.no\/magasinet\/wp-content\/uploads\/sites\/2\/2016\/05\/NSFF-fb-lenkebilde.png","width":1,"height":1,"caption":"Norsk Selskap for Fotografo"},"image":{"@id":"https:\/\/nsff.no\/magasinet\/#\/schema\/logo\/image\/"}},{"@type":"Person","@id":"https:\/\/nsff.no\/magasinet\/#\/schema\/person\/da041f968afa9bee0293372491a98303","name":"Birgit Fostervold","image":{"@type":"ImageObject","inLanguage":"nb-NO","@id":"https:\/\/secure.gravatar.com\/avatar\/d8b31664a01c80eecbf53f36dc41fa676bbfe7c78cb2391937a62f88da897950?s=96&d=mm&r=g","url":"https:\/\/secure.gravatar.com\/avatar\/d8b31664a01c80eecbf53f36dc41fa676bbfe7c78cb2391937a62f88da897950?s=96&d=mm&r=g","contentUrl":"https:\/\/secure.gravatar.com\/avatar\/d8b31664a01c80eecbf53f36dc41fa676bbfe7c78cb2391937a62f88da897950?s=96&d=mm&r=g","caption":"Birgit Fostervold"},"description":"EsNSFF, HonENFFF, medlem i Homborsund fotoklubb og Arendal fotoklubb. Styremedlem NSFF, Nordisk Forbund for Fotografi og Norsk Naturfotofestival. Tidl. nestleder og konst.leder NSFF (2017\u201322), tidl. redakt\u00f8r for NSFF Magasin (2016\u201322).","sameAs":["https:\/\/lensbirdie.no","https:\/\/instagram.com\/knipselyst\/"],"url":"https:\/\/nsff.no\/magasinet\/author\/birgitf\/"}]}},"_links":{"self":[{"href":"https:\/\/nsff.no\/magasinet\/wp-json\/wp\/v2\/posts\/4361","targetHints":{"allow":["GET"]}}],"collection":[{"href":"https:\/\/nsff.no\/magasinet\/wp-json\/wp\/v2\/posts"}],"about":[{"href":"https:\/\/nsff.no\/magasinet\/wp-json\/wp\/v2\/types\/post"}],"author":[{"embeddable":true,"href":"https:\/\/nsff.no\/magasinet\/wp-json\/wp\/v2\/users\/7"}],"replies":[{"embeddable":true,"href":"https:\/\/nsff.no\/magasinet\/wp-json\/wp\/v2\/comments?post=4361"}],"version-history":[{"count":14,"href":"https:\/\/nsff.no\/magasinet\/wp-json\/wp\/v2\/posts\/4361\/revisions"}],"predecessor-version":[{"id":4418,"href":"https:\/\/nsff.no\/magasinet\/wp-json\/wp\/v2\/posts\/4361\/revisions\/4418"}],"wp:featuredmedia":[{"embeddable":true,"href":"https:\/\/nsff.no\/magasinet\/wp-json\/wp\/v2\/media\/4381"}],"wp:attachment":[{"href":"https:\/\/nsff.no\/magasinet\/wp-json\/wp\/v2\/media?parent=4361"}],"wp:term":[{"taxonomy":"category","embeddable":true,"href":"https:\/\/nsff.no\/magasinet\/wp-json\/wp\/v2\/categories?post=4361"},{"taxonomy":"post_tag","embeddable":true,"href":"https:\/\/nsff.no\/magasinet\/wp-json\/wp\/v2\/tags?post=4361"}],"curies":[{"name":"wp","href":"https:\/\/api.w.org\/{rel}","templated":true}]}}