{"id":4317,"date":"2016-08-10T17:29:50","date_gmt":"2016-08-10T15:29:50","guid":{"rendered":"http:\/\/nsff.no\/magasinet\/?p=4317"},"modified":"2016-08-10T17:33:49","modified_gmt":"2016-08-10T15:33:49","slug":"per-ottar-walderhaug-stiller-nordiske-jakt-fiskedagene","status":"publish","type":"post","link":"https:\/\/nsff.no\/magasinet\/2016\/08\/10\/per-ottar-walderhaug-stiller-nordiske-jakt-fiskedagene\/","title":{"rendered":"Per Ottar Walderhaug stiller ut under De Nordiske Jakt- og Fiskedagene"},"content":{"rendered":"<p>[et_pb_section admin_label=&raquo;section&raquo;][et_pb_row admin_label=&raquo;row&raquo;][et_pb_column type=&raquo;4_4&#8243;][et_pb_text admin_label=&raquo;Tekst&raquo;]<\/p>\n<p>I forbindelse med <a href=\"http:\/\/skogmus.no\/jakt-og-fiskedager\" target=\"_blank\">De Nordiske Jakt- og Fiskedagene<\/a> p\u00e5 Norsk Skogmuseum i Elverum har Per Ottar Walderhaug (<a href=\"https:\/\/www.facebook.com\/christianfjeldphotographersclub.no\" target=\"_blank\">Christianfjeld Photographers Club<\/a>) utstilling p\u00e5 Galleri T. Her viser han naturbilder fra Svalbard og andre nordlige omr\u00e5der.<\/p>\n<blockquote><p>Alle mine bilder er en form for &laquo;Memento Mori&raquo; &ndash; jeg klipper ut et lite stykke av tiden, fryser den og pr\u00f8ver \u00e5 bevare den for ettertiden.<br \/>\n<em>(fritt oversatt fra Susan Sontag)<\/em><\/p><\/blockquote>\n<p>Per Ottar sier selv om bildene og temaet for utstillingen: &laquo;Sitatet fra Susan Sontag blir for meg veldig viktig, spesielt n\u00e5r man n\u00e5 ser utviklingen i de omr\u00e5dene som bildene er fra &ndash; med de globale milj\u00f8utfordringene kan dette snart v\u00e6re historie&#8230;&raquo;<\/p>\n<h3>Adresse og \u00e5pningstider<\/h3>\n<p>Utstillingen varer fra 11. til 14. august.<br \/>\nTorsdag og fredag: kl. 09.00&mdash;17.00<br \/>\nL\u00f8rdag og s\u00f8ndag: kl. 10.00&mdash;kl. 15.00<\/p>\n<p>Galleri T ligger p\u00e5 <a href=\"http:\/\/www.tunet-elverum.no\/\" target=\"_blank\">Tunet<\/a>, Gamle Trysilveg 3 (<a href=\"https:\/\/goo.gl\/maps\/2jQmV2tx7ER2\" target=\"_blank\">kart<\/a>).<br \/>\nBildene kan kj\u00f8pes i A3-format, og Tunet tilbyr innramming.<\/p>\n<p><em>Bildet i toppen er tatt av Ulf Erts\u00e5s.<\/em><\/p>\n<p>[\/et_pb_text][et_pb_image admin_label=&raquo;Bilde&raquo; src=&raquo;http:\/\/nsff.no\/magasinet\/wp-content\/uploads\/sites\/2\/2016\/08\/walderhaug_galleriT.jpg&raquo; alt=&raquo;Per Ottar Walderhaug utstillingsplakat&raquo; title_text=&raquo;Per Ottar Walderhaug utstillingsplakat&raquo; show_in_lightbox=&raquo;on&raquo; url_new_window=&raquo;off&raquo; use_overlay=&raquo;off&raquo; animation=&raquo;off&raquo; sticky=&raquo;off&raquo; align=&raquo;left&raquo; force_fullwidth=&raquo;off&raquo; always_center_on_mobile=&raquo;on&raquo; use_border_color=&raquo;off&raquo; border_color=&raquo;#ffffff&raquo; border_style=&raquo;solid&raquo; \/][\/et_pb_column][\/et_pb_row][\/et_pb_section]<\/p>\n","protected":false},"excerpt":{"rendered":"<p>I forbindelse med De Nordiske Jakt- og Fiskedagene p\u00e5 Elverum har Per Ottar Walderhaug utstilling med naturbilder fra Svalbard og andre nordlige omr\u00e5der. <\/p>\n","protected":false},"author":7,"featured_media":4319,"comment_status":"open","ping_status":"open","sticky":false,"template":"","format":"standard","meta":{"_et_pb_use_builder":"on","_et_pb_old_content":"I forbindelse med <a href=\"http:\/\/skogmus.no\/jakt-og-fiskedager\" target=\"_blank\">De Nordiske Jakt- og Fiskedagene<\/a> p\u00e5 Norsk Skogmuseum i Elverum har Per Ottar Walderhaug (<a href=\"https:\/\/www.facebook.com\/christianfjeldphotographersclub.no\" target=\"_blank\">Christianfjeld Photographers Club<\/a>) utstilling p\u00e5 Galleri T. Her viser han naturbilder fra Svalbard og andre nordlige omr\u00e5der.\r\n\r\n<blockquote>Alle mine bilder er en form for \"Memento Mori\" &ndash; jeg klipper ut et lite stykke av tiden, fryser den og pr\u00f8ver \u00e5 bevare den for ettertiden.\r\n<em>(fritt oversatt fra Susan Sontag)<\/em><\/blockquote>\r\n\r\nPer Ottar sier selv om bildene og temaet for utstillingen: \"Sitatet fra Susan Sontag blir for meg veldig viktig, spesielt n\u00e5r man n\u00e5 ser utviklingen i de omr\u00e5dene som bildene er fra &ndash; med de globale milj\u00f8utfordringene kan dette snart v\u00e6re historie...\"\r\n\r\n<h3>Adresse og \u00e5pningstider<\/h3>\r\nUtstillingen varer fra 11. til 14. august.\r\nTorsdag og fredag: kl. 09.00&mdash;17.00\r\nL\u00f8rdag og s\u00f8ndag: kl. 10.00&mdash;kl. 15.00\r\n\r\nGalleri T ligger p\u00e5 <a href=\"http:\/\/www.tunet-elverum.no\/\" target=\"_blank\">Tunet<\/a>, Gamle Trysilveg 3 (<a href=\"https:\/\/goo.gl\/maps\/2jQmV2tx7ER2\" target=\"_blank\">kart<\/a>).\r\nBildene kan kj\u00f8pes i A3-format, og Tunet tilbyr innramming.\r\n\r\n<em>Bildet i toppen er tatt av Ulf Erts\u00e5s.<\/em>","_et_gb_content_width":"","footnotes":""},"categories":[7,14],"tags":[140,158,371,160,137,370,151],"class_list":["post-4317","post","type-post","status-publish","format-standard","has-post-thumbnail","hentry","category-foto","category-nyheter","tag-140","tag-christianfjeld-photographers-club","tag-de-nordiske-jakt-og-fiskedagene","tag-elverum","tag-fotoutstilling","tag-per-ottar-walderhaug","tag-salgsutstilling","et-has-post-format-content","et_post_format-et-post-format-standard"],"yoast_head":"<!-- This site is optimized with the Yoast SEO plugin v27.5 - https:\/\/yoast.com\/product\/yoast-seo-wordpress\/ -->\n<title>Per Ottar Walderhaug stiller ut under De Nordiske Jakt- og Fiskedagene - NSFF Magasin | Norsk Selskap for Fotografi<\/title>\n<meta name=\"description\" content=\"I forbindelse med De Nordiske Jakt- og Fiskedagene p\u00e5 Elverum har Per Ottar Walderhaug utstilling med naturbilder fra Svalbard og andre nordlige omr\u00e5der.\" \/>\n<meta name=\"robots\" content=\"index, follow, max-snippet:-1, max-image-preview:large, max-video-preview:-1\" \/>\n<link rel=\"canonical\" href=\"https:\/\/nsff.no\/magasinet\/2016\/08\/10\/per-ottar-walderhaug-stiller-nordiske-jakt-fiskedagene\/\" \/>\n<meta property=\"og:locale\" content=\"nb_NO\" \/>\n<meta property=\"og:type\" content=\"article\" \/>\n<meta property=\"og:title\" content=\"Per Ottar Walderhaug stiller ut under De Nordiske Jakt- og Fiskedagene - NSFF Magasin | Norsk Selskap for Fotografi\" \/>\n<meta property=\"og:description\" content=\"I forbindelse med De Nordiske Jakt- og Fiskedagene p\u00e5 Elverum har Per Ottar Walderhaug utstilling med naturbilder fra Svalbard og andre nordlige omr\u00e5der.\" \/>\n<meta property=\"og:url\" content=\"https:\/\/nsff.no\/magasinet\/2016\/08\/10\/per-ottar-walderhaug-stiller-nordiske-jakt-fiskedagene\/\" \/>\n<meta property=\"og:site_name\" content=\"NSFF Magasin | Norsk Selskap for Fotografi\" \/>\n<meta property=\"article:published_time\" content=\"2016-08-10T15:29:50+00:00\" \/>\n<meta property=\"article:modified_time\" content=\"2016-08-10T15:33:49+00:00\" \/>\n<meta property=\"og:image\" content=\"https:\/\/nsff.no\/magasinet\/wp-content\/uploads\/sites\/2\/2016\/08\/walderhaug_UlfErtsaas.jpg\" \/>\n\t<meta property=\"og:image:width\" content=\"1\" \/>\n\t<meta property=\"og:image:height\" content=\"1\" \/>\n\t<meta property=\"og:image:type\" content=\"image\/jpeg\" \/>\n<meta name=\"author\" content=\"Birgit Fostervold\" \/>\n<meta name=\"twitter:card\" content=\"summary_large_image\" \/>\n<meta name=\"twitter:label1\" content=\"Skrevet av\" \/>\n\t<meta name=\"twitter:data1\" content=\"Birgit Fostervold\" \/>\n\t<meta name=\"twitter:label2\" content=\"Ansl. lesetid\" \/>\n\t<meta name=\"twitter:data2\" content=\"1 minutt\" \/>\n<script type=\"application\/ld+json\" class=\"yoast-schema-graph\">{\"@context\":\"https:\\\/\\\/schema.org\",\"@graph\":[{\"@type\":\"Article\",\"@id\":\"https:\\\/\\\/nsff.no\\\/magasinet\\\/2016\\\/08\\\/10\\\/per-ottar-walderhaug-stiller-nordiske-jakt-fiskedagene\\\/#article\",\"isPartOf\":{\"@id\":\"https:\\\/\\\/nsff.no\\\/magasinet\\\/2016\\\/08\\\/10\\\/per-ottar-walderhaug-stiller-nordiske-jakt-fiskedagene\\\/\"},\"author\":{\"name\":\"Birgit Fostervold\",\"@id\":\"https:\\\/\\\/nsff.no\\\/magasinet\\\/#\\\/schema\\\/person\\\/da041f968afa9bee0293372491a98303\"},\"headline\":\"Per Ottar Walderhaug stiller ut under De Nordiske Jakt- og Fiskedagene\",\"datePublished\":\"2016-08-10T15:29:50+00:00\",\"dateModified\":\"2016-08-10T15:33:49+00:00\",\"mainEntityOfPage\":{\"@id\":\"https:\\\/\\\/nsff.no\\\/magasinet\\\/2016\\\/08\\\/10\\\/per-ottar-walderhaug-stiller-nordiske-jakt-fiskedagene\\\/\"},\"wordCount\":270,\"commentCount\":1,\"publisher\":{\"@id\":\"https:\\\/\\\/nsff.no\\\/magasinet\\\/#organization\"},\"image\":{\"@id\":\"https:\\\/\\\/nsff.no\\\/magasinet\\\/2016\\\/08\\\/10\\\/per-ottar-walderhaug-stiller-nordiske-jakt-fiskedagene\\\/#primaryimage\"},\"thumbnailUrl\":\"https:\\\/\\\/nsff.no\\\/magasinet\\\/wp-content\\\/uploads\\\/sites\\\/2\\\/2016\\\/08\\\/walderhaug_UlfErtsaas.jpg\",\"keywords\":[\"2016\",\"Christianfjeld Photographers Club\",\"De Nordiske Jakt- og Fiskedagene\",\"Elverum\",\"fotoutstilling\",\"Per Ottar Walderhaug\",\"salgsutstilling\"],\"articleSection\":[\"Foto\",\"Nyheter\"],\"inLanguage\":\"nb-NO\",\"potentialAction\":[{\"@type\":\"CommentAction\",\"name\":\"Comment\",\"target\":[\"https:\\\/\\\/nsff.no\\\/magasinet\\\/2016\\\/08\\\/10\\\/per-ottar-walderhaug-stiller-nordiske-jakt-fiskedagene\\\/#respond\"]}]},{\"@type\":\"WebPage\",\"@id\":\"https:\\\/\\\/nsff.no\\\/magasinet\\\/2016\\\/08\\\/10\\\/per-ottar-walderhaug-stiller-nordiske-jakt-fiskedagene\\\/\",\"url\":\"https:\\\/\\\/nsff.no\\\/magasinet\\\/2016\\\/08\\\/10\\\/per-ottar-walderhaug-stiller-nordiske-jakt-fiskedagene\\\/\",\"name\":\"Per Ottar Walderhaug stiller ut under De Nordiske Jakt- og Fiskedagene - NSFF Magasin | Norsk Selskap for Fotografi\",\"isPartOf\":{\"@id\":\"https:\\\/\\\/nsff.no\\\/magasinet\\\/#website\"},\"primaryImageOfPage\":{\"@id\":\"https:\\\/\\\/nsff.no\\\/magasinet\\\/2016\\\/08\\\/10\\\/per-ottar-walderhaug-stiller-nordiske-jakt-fiskedagene\\\/#primaryimage\"},\"image\":{\"@id\":\"https:\\\/\\\/nsff.no\\\/magasinet\\\/2016\\\/08\\\/10\\\/per-ottar-walderhaug-stiller-nordiske-jakt-fiskedagene\\\/#primaryimage\"},\"thumbnailUrl\":\"https:\\\/\\\/nsff.no\\\/magasinet\\\/wp-content\\\/uploads\\\/sites\\\/2\\\/2016\\\/08\\\/walderhaug_UlfErtsaas.jpg\",\"datePublished\":\"2016-08-10T15:29:50+00:00\",\"dateModified\":\"2016-08-10T15:33:49+00:00\",\"description\":\"I forbindelse med De Nordiske Jakt- og Fiskedagene p\u00e5 Elverum har Per Ottar Walderhaug utstilling med naturbilder fra Svalbard og andre nordlige omr\u00e5der.\",\"breadcrumb\":{\"@id\":\"https:\\\/\\\/nsff.no\\\/magasinet\\\/2016\\\/08\\\/10\\\/per-ottar-walderhaug-stiller-nordiske-jakt-fiskedagene\\\/#breadcrumb\"},\"inLanguage\":\"nb-NO\",\"potentialAction\":[{\"@type\":\"ReadAction\",\"target\":[\"https:\\\/\\\/nsff.no\\\/magasinet\\\/2016\\\/08\\\/10\\\/per-ottar-walderhaug-stiller-nordiske-jakt-fiskedagene\\\/\"]}]},{\"@type\":\"ImageObject\",\"inLanguage\":\"nb-NO\",\"@id\":\"https:\\\/\\\/nsff.no\\\/magasinet\\\/2016\\\/08\\\/10\\\/per-ottar-walderhaug-stiller-nordiske-jakt-fiskedagene\\\/#primaryimage\",\"url\":\"https:\\\/\\\/nsff.no\\\/magasinet\\\/wp-content\\\/uploads\\\/sites\\\/2\\\/2016\\\/08\\\/walderhaug_UlfErtsaas.jpg\",\"contentUrl\":\"https:\\\/\\\/nsff.no\\\/magasinet\\\/wp-content\\\/uploads\\\/sites\\\/2\\\/2016\\\/08\\\/walderhaug_UlfErtsaas.jpg\",\"caption\":\"Per Ottar Walderhaug (foto: Ulf Erts\u00e5s)\"},{\"@type\":\"BreadcrumbList\",\"@id\":\"https:\\\/\\\/nsff.no\\\/magasinet\\\/2016\\\/08\\\/10\\\/per-ottar-walderhaug-stiller-nordiske-jakt-fiskedagene\\\/#breadcrumb\",\"itemListElement\":[{\"@type\":\"ListItem\",\"position\":1,\"name\":\"Hjem\",\"item\":\"https:\\\/\\\/nsff.no\\\/magasinet\\\/\"},{\"@type\":\"ListItem\",\"position\":2,\"name\":\"Per Ottar Walderhaug stiller ut under De Nordiske Jakt- og Fiskedagene\"}]},{\"@type\":\"WebSite\",\"@id\":\"https:\\\/\\\/nsff.no\\\/magasinet\\\/#website\",\"url\":\"https:\\\/\\\/nsff.no\\\/magasinet\\\/\",\"name\":\"NSFF Magasin | Norsk Selskap for Fotografi\",\"description\":\"Medlemsmagasin for film- og fotoentusiaster\",\"publisher\":{\"@id\":\"https:\\\/\\\/nsff.no\\\/magasinet\\\/#organization\"},\"potentialAction\":[{\"@type\":\"SearchAction\",\"target\":{\"@type\":\"EntryPoint\",\"urlTemplate\":\"https:\\\/\\\/nsff.no\\\/magasinet\\\/?s={search_term_string}\"},\"query-input\":{\"@type\":\"PropertyValueSpecification\",\"valueRequired\":true,\"valueName\":\"search_term_string\"}}],\"inLanguage\":\"nb-NO\"},{\"@type\":\"Organization\",\"@id\":\"https:\\\/\\\/nsff.no\\\/magasinet\\\/#organization\",\"name\":\"Norsk Selskap for Fotografo\",\"url\":\"https:\\\/\\\/nsff.no\\\/magasinet\\\/\",\"logo\":{\"@type\":\"ImageObject\",\"inLanguage\":\"nb-NO\",\"@id\":\"https:\\\/\\\/nsff.no\\\/magasinet\\\/#\\\/schema\\\/logo\\\/image\\\/\",\"url\":\"https:\\\/\\\/nsff.no\\\/magasinet\\\/wp-content\\\/uploads\\\/sites\\\/2\\\/2016\\\/05\\\/NSFF-fb-lenkebilde.png\",\"contentUrl\":\"https:\\\/\\\/nsff.no\\\/magasinet\\\/wp-content\\\/uploads\\\/sites\\\/2\\\/2016\\\/05\\\/NSFF-fb-lenkebilde.png\",\"width\":1,\"height\":1,\"caption\":\"Norsk Selskap for Fotografo\"},\"image\":{\"@id\":\"https:\\\/\\\/nsff.no\\\/magasinet\\\/#\\\/schema\\\/logo\\\/image\\\/\"}},{\"@type\":\"Person\",\"@id\":\"https:\\\/\\\/nsff.no\\\/magasinet\\\/#\\\/schema\\\/person\\\/da041f968afa9bee0293372491a98303\",\"name\":\"Birgit Fostervold\",\"image\":{\"@type\":\"ImageObject\",\"inLanguage\":\"nb-NO\",\"@id\":\"https:\\\/\\\/secure.gravatar.com\\\/avatar\\\/d8b31664a01c80eecbf53f36dc41fa676bbfe7c78cb2391937a62f88da897950?s=96&d=mm&r=g\",\"url\":\"https:\\\/\\\/secure.gravatar.com\\\/avatar\\\/d8b31664a01c80eecbf53f36dc41fa676bbfe7c78cb2391937a62f88da897950?s=96&d=mm&r=g\",\"contentUrl\":\"https:\\\/\\\/secure.gravatar.com\\\/avatar\\\/d8b31664a01c80eecbf53f36dc41fa676bbfe7c78cb2391937a62f88da897950?s=96&d=mm&r=g\",\"caption\":\"Birgit Fostervold\"},\"description\":\"EsNSFF, HonENFFF, medlem i Homborsund fotoklubb og Arendal fotoklubb. Styremedlem NSFF, Nordisk Forbund for Fotografi og Norsk Naturfotofestival. Tidl. nestleder og konst.leder NSFF (2017\u201322), tidl. redakt\u00f8r for NSFF Magasin (2016\u201322).\",\"sameAs\":[\"https:\\\/\\\/lensbirdie.no\",\"https:\\\/\\\/instagram.com\\\/knipselyst\\\/\"],\"url\":\"https:\\\/\\\/nsff.no\\\/magasinet\\\/author\\\/birgitf\\\/\"}]}<\/script>\n<!-- \/ Yoast SEO plugin. -->","yoast_head_json":{"title":"Per Ottar Walderhaug stiller ut under De Nordiske Jakt- og Fiskedagene - NSFF Magasin | Norsk Selskap for Fotografi","description":"I forbindelse med De Nordiske Jakt- og Fiskedagene p\u00e5 Elverum har Per Ottar Walderhaug utstilling med naturbilder fra Svalbard og andre nordlige omr\u00e5der.","robots":{"index":"index","follow":"follow","max-snippet":"max-snippet:-1","max-image-preview":"max-image-preview:large","max-video-preview":"max-video-preview:-1"},"canonical":"https:\/\/nsff.no\/magasinet\/2016\/08\/10\/per-ottar-walderhaug-stiller-nordiske-jakt-fiskedagene\/","og_locale":"nb_NO","og_type":"article","og_title":"Per Ottar Walderhaug stiller ut under De Nordiske Jakt- og Fiskedagene - NSFF Magasin | Norsk Selskap for Fotografi","og_description":"I forbindelse med De Nordiske Jakt- og Fiskedagene p\u00e5 Elverum har Per Ottar Walderhaug utstilling med naturbilder fra Svalbard og andre nordlige omr\u00e5der.","og_url":"https:\/\/nsff.no\/magasinet\/2016\/08\/10\/per-ottar-walderhaug-stiller-nordiske-jakt-fiskedagene\/","og_site_name":"NSFF Magasin | Norsk Selskap for Fotografi","article_published_time":"2016-08-10T15:29:50+00:00","article_modified_time":"2016-08-10T15:33:49+00:00","og_image":[{"url":"https:\/\/nsff.no\/magasinet\/wp-content\/uploads\/sites\/2\/2016\/08\/walderhaug_UlfErtsaas.jpg","width":1,"height":1,"type":"image\/jpeg"}],"author":"Birgit Fostervold","twitter_card":"summary_large_image","twitter_misc":{"Skrevet av":"Birgit Fostervold","Ansl. lesetid":"1 minutt"},"schema":{"@context":"https:\/\/schema.org","@graph":[{"@type":"Article","@id":"https:\/\/nsff.no\/magasinet\/2016\/08\/10\/per-ottar-walderhaug-stiller-nordiske-jakt-fiskedagene\/#article","isPartOf":{"@id":"https:\/\/nsff.no\/magasinet\/2016\/08\/10\/per-ottar-walderhaug-stiller-nordiske-jakt-fiskedagene\/"},"author":{"name":"Birgit Fostervold","@id":"https:\/\/nsff.no\/magasinet\/#\/schema\/person\/da041f968afa9bee0293372491a98303"},"headline":"Per Ottar Walderhaug stiller ut under De Nordiske Jakt- og Fiskedagene","datePublished":"2016-08-10T15:29:50+00:00","dateModified":"2016-08-10T15:33:49+00:00","mainEntityOfPage":{"@id":"https:\/\/nsff.no\/magasinet\/2016\/08\/10\/per-ottar-walderhaug-stiller-nordiske-jakt-fiskedagene\/"},"wordCount":270,"commentCount":1,"publisher":{"@id":"https:\/\/nsff.no\/magasinet\/#organization"},"image":{"@id":"https:\/\/nsff.no\/magasinet\/2016\/08\/10\/per-ottar-walderhaug-stiller-nordiske-jakt-fiskedagene\/#primaryimage"},"thumbnailUrl":"https:\/\/nsff.no\/magasinet\/wp-content\/uploads\/sites\/2\/2016\/08\/walderhaug_UlfErtsaas.jpg","keywords":["2016","Christianfjeld Photographers Club","De Nordiske Jakt- og Fiskedagene","Elverum","fotoutstilling","Per Ottar Walderhaug","salgsutstilling"],"articleSection":["Foto","Nyheter"],"inLanguage":"nb-NO","potentialAction":[{"@type":"CommentAction","name":"Comment","target":["https:\/\/nsff.no\/magasinet\/2016\/08\/10\/per-ottar-walderhaug-stiller-nordiske-jakt-fiskedagene\/#respond"]}]},{"@type":"WebPage","@id":"https:\/\/nsff.no\/magasinet\/2016\/08\/10\/per-ottar-walderhaug-stiller-nordiske-jakt-fiskedagene\/","url":"https:\/\/nsff.no\/magasinet\/2016\/08\/10\/per-ottar-walderhaug-stiller-nordiske-jakt-fiskedagene\/","name":"Per Ottar Walderhaug stiller ut under De Nordiske Jakt- og Fiskedagene - NSFF Magasin | Norsk Selskap for Fotografi","isPartOf":{"@id":"https:\/\/nsff.no\/magasinet\/#website"},"primaryImageOfPage":{"@id":"https:\/\/nsff.no\/magasinet\/2016\/08\/10\/per-ottar-walderhaug-stiller-nordiske-jakt-fiskedagene\/#primaryimage"},"image":{"@id":"https:\/\/nsff.no\/magasinet\/2016\/08\/10\/per-ottar-walderhaug-stiller-nordiske-jakt-fiskedagene\/#primaryimage"},"thumbnailUrl":"https:\/\/nsff.no\/magasinet\/wp-content\/uploads\/sites\/2\/2016\/08\/walderhaug_UlfErtsaas.jpg","datePublished":"2016-08-10T15:29:50+00:00","dateModified":"2016-08-10T15:33:49+00:00","description":"I forbindelse med De Nordiske Jakt- og Fiskedagene p\u00e5 Elverum har Per Ottar Walderhaug utstilling med naturbilder fra Svalbard og andre nordlige omr\u00e5der.","breadcrumb":{"@id":"https:\/\/nsff.no\/magasinet\/2016\/08\/10\/per-ottar-walderhaug-stiller-nordiske-jakt-fiskedagene\/#breadcrumb"},"inLanguage":"nb-NO","potentialAction":[{"@type":"ReadAction","target":["https:\/\/nsff.no\/magasinet\/2016\/08\/10\/per-ottar-walderhaug-stiller-nordiske-jakt-fiskedagene\/"]}]},{"@type":"ImageObject","inLanguage":"nb-NO","@id":"https:\/\/nsff.no\/magasinet\/2016\/08\/10\/per-ottar-walderhaug-stiller-nordiske-jakt-fiskedagene\/#primaryimage","url":"https:\/\/nsff.no\/magasinet\/wp-content\/uploads\/sites\/2\/2016\/08\/walderhaug_UlfErtsaas.jpg","contentUrl":"https:\/\/nsff.no\/magasinet\/wp-content\/uploads\/sites\/2\/2016\/08\/walderhaug_UlfErtsaas.jpg","caption":"Per Ottar Walderhaug (foto: Ulf Erts\u00e5s)"},{"@type":"BreadcrumbList","@id":"https:\/\/nsff.no\/magasinet\/2016\/08\/10\/per-ottar-walderhaug-stiller-nordiske-jakt-fiskedagene\/#breadcrumb","itemListElement":[{"@type":"ListItem","position":1,"name":"Hjem","item":"https:\/\/nsff.no\/magasinet\/"},{"@type":"ListItem","position":2,"name":"Per Ottar Walderhaug stiller ut under De Nordiske Jakt- og Fiskedagene"}]},{"@type":"WebSite","@id":"https:\/\/nsff.no\/magasinet\/#website","url":"https:\/\/nsff.no\/magasinet\/","name":"NSFF Magasin | Norsk Selskap for Fotografi","description":"Medlemsmagasin for film- og fotoentusiaster","publisher":{"@id":"https:\/\/nsff.no\/magasinet\/#organization"},"potentialAction":[{"@type":"SearchAction","target":{"@type":"EntryPoint","urlTemplate":"https:\/\/nsff.no\/magasinet\/?s={search_term_string}"},"query-input":{"@type":"PropertyValueSpecification","valueRequired":true,"valueName":"search_term_string"}}],"inLanguage":"nb-NO"},{"@type":"Organization","@id":"https:\/\/nsff.no\/magasinet\/#organization","name":"Norsk Selskap for Fotografo","url":"https:\/\/nsff.no\/magasinet\/","logo":{"@type":"ImageObject","inLanguage":"nb-NO","@id":"https:\/\/nsff.no\/magasinet\/#\/schema\/logo\/image\/","url":"https:\/\/nsff.no\/magasinet\/wp-content\/uploads\/sites\/2\/2016\/05\/NSFF-fb-lenkebilde.png","contentUrl":"https:\/\/nsff.no\/magasinet\/wp-content\/uploads\/sites\/2\/2016\/05\/NSFF-fb-lenkebilde.png","width":1,"height":1,"caption":"Norsk Selskap for Fotografo"},"image":{"@id":"https:\/\/nsff.no\/magasinet\/#\/schema\/logo\/image\/"}},{"@type":"Person","@id":"https:\/\/nsff.no\/magasinet\/#\/schema\/person\/da041f968afa9bee0293372491a98303","name":"Birgit Fostervold","image":{"@type":"ImageObject","inLanguage":"nb-NO","@id":"https:\/\/secure.gravatar.com\/avatar\/d8b31664a01c80eecbf53f36dc41fa676bbfe7c78cb2391937a62f88da897950?s=96&d=mm&r=g","url":"https:\/\/secure.gravatar.com\/avatar\/d8b31664a01c80eecbf53f36dc41fa676bbfe7c78cb2391937a62f88da897950?s=96&d=mm&r=g","contentUrl":"https:\/\/secure.gravatar.com\/avatar\/d8b31664a01c80eecbf53f36dc41fa676bbfe7c78cb2391937a62f88da897950?s=96&d=mm&r=g","caption":"Birgit Fostervold"},"description":"EsNSFF, HonENFFF, medlem i Homborsund fotoklubb og Arendal fotoklubb. Styremedlem NSFF, Nordisk Forbund for Fotografi og Norsk Naturfotofestival. Tidl. nestleder og konst.leder NSFF (2017\u201322), tidl. redakt\u00f8r for NSFF Magasin (2016\u201322).","sameAs":["https:\/\/lensbirdie.no","https:\/\/instagram.com\/knipselyst\/"],"url":"https:\/\/nsff.no\/magasinet\/author\/birgitf\/"}]}},"_links":{"self":[{"href":"https:\/\/nsff.no\/magasinet\/wp-json\/wp\/v2\/posts\/4317","targetHints":{"allow":["GET"]}}],"collection":[{"href":"https:\/\/nsff.no\/magasinet\/wp-json\/wp\/v2\/posts"}],"about":[{"href":"https:\/\/nsff.no\/magasinet\/wp-json\/wp\/v2\/types\/post"}],"author":[{"embeddable":true,"href":"https:\/\/nsff.no\/magasinet\/wp-json\/wp\/v2\/users\/7"}],"replies":[{"embeddable":true,"href":"https:\/\/nsff.no\/magasinet\/wp-json\/wp\/v2\/comments?post=4317"}],"version-history":[{"count":4,"href":"https:\/\/nsff.no\/magasinet\/wp-json\/wp\/v2\/posts\/4317\/revisions"}],"predecessor-version":[{"id":4323,"href":"https:\/\/nsff.no\/magasinet\/wp-json\/wp\/v2\/posts\/4317\/revisions\/4323"}],"wp:featuredmedia":[{"embeddable":true,"href":"https:\/\/nsff.no\/magasinet\/wp-json\/wp\/v2\/media\/4319"}],"wp:attachment":[{"href":"https:\/\/nsff.no\/magasinet\/wp-json\/wp\/v2\/media?parent=4317"}],"wp:term":[{"taxonomy":"category","embeddable":true,"href":"https:\/\/nsff.no\/magasinet\/wp-json\/wp\/v2\/categories?post=4317"},{"taxonomy":"post_tag","embeddable":true,"href":"https:\/\/nsff.no\/magasinet\/wp-json\/wp\/v2\/tags?post=4317"}],"curies":[{"name":"wp","href":"https:\/\/api.w.org\/{rel}","templated":true}]}}