{"id":4104,"date":"2016-07-17T18:36:18","date_gmt":"2016-07-17T16:36:18","guid":{"rendered":"http:\/\/nsff.no\/magasinet\/?p=4104"},"modified":"2016-08-01T17:47:05","modified_gmt":"2016-08-01T15:47:05","slug":"portrett-thomas-john-sirevag","status":"publish","type":"post","link":"https:\/\/nsff.no\/magasinet\/2016\/07\/17\/portrett-thomas-john-sirevag\/","title":{"rendered":"Portrett: Thomas og John Sirev\u00e5g, Sandnes fotoklubb"},"content":{"rendered":"<p>[et_pb_section admin_label=&raquo;section&raquo;][et_pb_row admin_label=&raquo;Rad&raquo;][et_pb_column type=&raquo;1_2&#8243;][et_pb_gallery admin_label=&raquo;Thomas Sirev\u00e5g (foto: John Sirev\u00e5g)&raquo; gallery_ids=&raquo;4108,4113&#8243; fullwidth=&raquo;on&raquo; show_title_and_caption=&raquo;on&raquo; show_pagination=&raquo;off&raquo; background_layout=&raquo;light&raquo; auto=&raquo;on&raquo; auto_speed=&raquo;3000&#8243; hover_overlay_color=&raquo;rgba(255,255,255,0.9)&raquo; caption_all_caps=&raquo;off&raquo; use_border_color=&raquo;off&raquo; border_color=&raquo;#ffffff&raquo; border_style=&raquo;solid&raquo;]<\/p>\n<p>[\/et_pb_gallery][et_pb_image admin_label=&raquo;Bilde&raquo; src=&raquo;http:\/\/nsff.no\/magasinet\/wp-content\/uploads\/sites\/2\/2016\/07\/JohnSirevaag-fotoThomasSirevaag.jpg&raquo; alt=&raquo;John Sirev\u00e5g (foto: Thomas Sirev\u00e5g)&raquo; title_text=&raquo;John Sirev\u00e5g (foto: Thomas Sirev\u00e5g)&raquo; show_in_lightbox=&raquo;on&raquo; url_new_window=&raquo;off&raquo; use_overlay=&raquo;off&raquo; animation=&raquo;off&raquo; sticky=&raquo;off&raquo; align=&raquo;left&raquo; force_fullwidth=&raquo;off&raquo; always_center_on_mobile=&raquo;on&raquo; use_border_color=&raquo;off&raquo; border_color=&raquo;#ffffff&raquo; border_style=&raquo;solid&raquo;]<\/p>\n<p>[\/et_pb_image][\/et_pb_column][et_pb_column type=&raquo;1_2&#8243;][et_pb_text admin_label=&raquo;Tekst&raquo; background_layout=&raquo;light&raquo; text_orientation=&raquo;left&raquo; use_border_color=&raquo;off&raquo; border_color=&raquo;#ffffff&raquo; border_style=&raquo;solid&raquo;]<\/p>\n<p><strong>Thomas Sirev\u00e5g (18) m\u00e5 sies \u00e5 v\u00e6re arvelig belastet n\u00e5r det gjelder interesse for foto, med en far som har v\u00e6rt \u2013 og fremdeles er \u2013 over gjennomsnittlig aktiv i fotomilj\u00f8et. Da NSFF Magasin henvendte seg for et intervju med&nbsp;den ferske ungdomsnorgesmesteren ble det raskt klart at her var det anledning for et dobbeltportrett!<\/strong><\/p>\n<p>Far John har nemlig v\u00e6rt aktivt medlem i Sandnes Fotoklubb i over 40 \u00e5r. Med fire s\u00f8nner som naturlige fotomotiv og modeller har gleden ved fotografi gjennom \u00e5rene utviklet seg til \u00e5 bli en livstil for hele familien. <\/p>\n<h2>Oppslukende lidenskap<\/h2>\n<p>I den senere tid har imidlertid Thomas g\u00e5tt fra \u00e5 v\u00e6re modell til selv \u00e5 bli en ivrig og dyktig fotograf. Fotografering har n\u00e6rmest blitt en lidenskap d\u00f8gnet rundt, noe b\u00e5de skole, jobb og fritid farges av. Han har akkurat avsluttet 3 \u00e5r videreg\u00e5ende skole p\u00e5 linjen Medier og kommunikasjon, og etter skoletid jobber han i den lokale JapanPhoto-butikken. <\/p>\n<p>Neste skole\u00e5r g\u00e5r turen til Kabelv\u00e5g, der han skal ta et \u00e5r <a href=\"http:\/\/www.lofotenfolkehogskole.no\/linjefag\/naturfoto\/\" target=\"_blank\">p\u00e5 linjen <em>Naturfoto<\/em> ved Lofoten folkeh\u00f8yskole<\/a>. Dette er et \u00e5r Thomas har store forventninger til!<\/p>\n<p>[\/et_pb_text][\/et_pb_column][\/et_pb_row][et_pb_row admin_label=&raquo;row&raquo;][et_pb_column type=&raquo;4_4&#8243;][et_pb_text admin_label=&raquo;Tekst&raquo; background_layout=&raquo;light&raquo; text_orientation=&raquo;left&raquo; use_border_color=&raquo;off&raquo; border_color=&raquo;#ffffff&raquo; border_style=&raquo;solid&raquo;]<\/p>\n<h2>Gode reisefeller \u2013 og medforfattere<\/h2>\n<p>B\u00e5de far og s\u00f8nn trives best med fotografering utend\u00f8rs, og ikke minst \u00e5 reise p\u00e5 turer sammen. De reiser b\u00e5de p\u00e5 turer i n\u00e6rmilj\u00f8et og lengre turer. Blant annet har de v\u00e6rt p\u00e5 fototurer til Tyskland og til Island. <\/p>\n<p>Etter deres f\u00f8rste islandstur, sammen med Oddvar Johnsen, fikk de tilbud fra Dreyer forlag om \u00e5 gi ut fotobok. \u00c5ret etter reiste derfor trekl\u00f8veret tilbake til Island for \u00e5 ferdigstille bildene, og <a href=\"http:\/\/www.dreyerbok.no\/#!product\/prd1\/4397216131\/opplev-island\" target=\"_blank\">resultatet ble boka &laquo;Opplev Island&raquo;<\/a>. <\/p>\n<p>John har for \u00f8vrig illustrert en rekke b\u00f8ker, mange med motiv fra hjemfylket. <strong>Spesielt hans blikk for lyset er blitt bemerket.<\/strong> <\/p>\n<h2>Dyktige konkurransefotografer<\/h2>\n<p>I l\u00f8pet av de 5-6 \u00e5rene han har fotografert aktivt har Thomas allerede rukket \u00e5 vinne NM i Foto i klassen under 25 \u00e5r to ganger, i 2013 og i 2016. Far John er heller ingen amat\u00f8r p\u00e5 dette feltet, med hundrevis av premierte bilder i l\u00f8pet av sin fotokarriere. De senere \u00e5rene har han riktignok ikke v\u00e6rt s\u00e5 aktiv med i fotokonkurranser som tidligere, men i \u00e5r deltok han for f\u00f8rste gang i en ren naturfotokonkurranse; <a href=\"http:\/\/www.nnpc.no\/no\/\" target=\"_blank\">Nordic Nature Photo Contest<\/a>. Der var han godt forn\u00f8yd med 1. plassen i kategorien &laquo;Truet Nordisk Natur&raquo; (bildet under), samt 2. plassen i klassen &laquo;\u00c5rets Nordiske Turbilde&raquo;.<\/p>\n<p>[\/et_pb_text][et_pb_image admin_label=&raquo;Bilde&raquo; src=&raquo;http:\/\/nsff.no\/magasinet\/wp-content\/uploads\/sites\/2\/2016\/07\/JohnSirevag-Skogbrann-1plass_NNPC2016_TruetNordiskNatur.jpg&raquo; alt=&raquo;John Sirev\u00e5g: Skogbrann (1. plass NNPC 2016 %22Truet Nordisk Natur%22)&raquo; title_text=&raquo;John Sirev\u00e5g: Skogbrann (1. plass NNPC 2016 %22Truet Nordisk Natur%22)&raquo; show_in_lightbox=&raquo;on&raquo; url_new_window=&raquo;off&raquo; use_overlay=&raquo;off&raquo; animation=&raquo;off&raquo; sticky=&raquo;off&raquo; align=&raquo;left&raquo; force_fullwidth=&raquo;off&raquo; always_center_on_mobile=&raquo;on&raquo; use_border_color=&raquo;off&raquo; border_color=&raquo;#ffffff&raquo; border_style=&raquo;solid&raquo;]<\/p>\n<p>[\/et_pb_image][et_pb_text admin_label=&raquo;Tekst&raquo; background_layout=&raquo;light&raquo; text_orientation=&raquo;left&raquo; use_border_color=&raquo;off&raquo; border_color=&raquo;#ffffff&raquo; border_style=&raquo;solid&raquo;]<\/p>\n<h2>Inspireres av fotovenner og omgivelsene<\/h2>\n<p>Som fotograf henter Thomas inspirasjon fra omgivelsene rundt ham. Det kan v\u00e6re alt fra bymilj\u00f8 til et vakkert landskap. Han pr\u00f8ver \u00e5 gjengi virkeligheten, samtidig som han alltid er <strong>p\u00e5 jakt etter det lille ekstra som gj\u00f8r det vanlige uvanlig<\/strong>.<\/p>\n<p>B\u00e5de Thomas og John er takknemlige for det gode milj\u00f8et \u2013 og motiveres av alle de dyktige fotografene \u2013 i Sandnes fotoklubb. Skal John allikevel trekke frem \u00e9n enkelt fotograf som har inspirert ham ekstra m\u00e5 det bli <a href=\"http:\/\/arnestromme.no\/\" target=\"_blank\">Arne Str\u00f8mme<\/a>. De to har samarbeidet i flere \u00e5r og hatt flere utstillinger sammen.<\/p>\n<h2>Dr\u00f8mmefototur og felles m\u00e5l for fremtiden<\/h2>\n<p>Dr\u00f8mmeturen til John er allerede under planlegging, den g\u00e5r tilbake til Island sammen med Thomas og Oddvar. Thomas er ogs\u00e5 klar for en ny reise til Island, der han \u00f8nsker \u00e5 bruke litt ekstra tid p\u00e5 favorittstedene. Den virkelig store dr\u00f8mmen for ham er en Indiatur sammen med <a href=\"http:\/\/stevemccurry.com\" target=\"_blank\">Steve McCurry<\/a>.<\/p>\n<p><strong>Sammen deler far og s\u00f8nn Sirev\u00e5g det samme m\u00e5let for sitt fotografi: \u00e5 stadig ta bedre bilder.<\/strong> Begge h\u00e5per de p\u00e5 at de beste bildene \u2013 ja, de har de enn\u00e5 ikke tatt!<\/p>\n<p><em>Se et knippe utvalgte bilder fra begge fotografer nedenfor, klikk for \u00e5 se i st\u00f8rre format:<\/em><\/p>\n<p>[\/et_pb_text][et_pb_gallery admin_label=&raquo;Galleri&raquo; gallery_ids=&raquo;4129,4128,4137,4138,4139,4140,4130,4132,4131,4133,4134,4136&#8243; fullwidth=&raquo;off&raquo; posts_number=&raquo;20&#8243; show_title_and_caption=&raquo;off&raquo; show_pagination=&raquo;on&raquo; background_layout=&raquo;light&raquo; auto=&raquo;off&raquo; hover_overlay_color=&raquo;rgba(255,255,255,0.9)&raquo; caption_all_caps=&raquo;off&raquo; use_border_color=&raquo;off&raquo; border_color=&raquo;#ffffff&raquo; border_style=&raquo;solid&raquo;]<\/p>\n<p>[\/et_pb_gallery][\/et_pb_column][\/et_pb_row][\/et_pb_section]<\/p>\n","protected":false},"excerpt":{"rendered":"<p>Thomas Sirev\u00e5g (18) m\u00e5 sies \u00e5 v\u00e6re arvelig belastet n\u00e5r det gjelder interesse for foto, med far John som har v\u00e6rt \u2013 og fremdeles er \u2013 over gjennomsnittlig aktiv i fotomilj\u00f8et.<\/p>\n","protected":false},"author":7,"featured_media":4137,"comment_status":"open","ping_status":"open","sticky":false,"template":"","format":"standard","meta":{"_et_pb_use_builder":"on","_et_pb_old_content":"John har v\u00e6rt aktivt medlem i Sandnes Fotoklubb i over 40 \u00e5r. Fotograferingen har mer og mer utviklet seg til \u00e5 bli en livstil for hele familien. John har 4 s\u00f8nner som alle mer eller mindre frivillig har v\u00e6rt modeller for han opp gjennom \u00e5rene. Det er til og med de som mener at n\u00e5r han trengte en ny modell s\u00e5 bare lagte han de selv. Thomas er en av s\u00f8nnene som har g\u00e5tt fra \u00e5 v\u00e6re modell til \u00e5 bli en ivrig og dyktig fotograf.\r\n\r\nFor 5-6 \u00e5r siden begynte Thomas aktivt med fotografering, og til tross for at han bare er 18 \u00e5r har han allerede vunnet Norgesmesterskapet i klassen under 25 \u00e5r b\u00e5de i 2013 og 2016. Fotograferingen har n\u00e6rmest blitt en lidenskap d\u00f8gnet rundt for Thomas. Han er n\u00e5 ferdig med 3 \u00e5r videreg\u00e5ende skole p\u00e5 linjen Medier og kommunikasjon. Etter skoletid er det p\u00e5 jobb i butikken til Japan photo. Neste skole\u00e5r g\u00e5r turen til Lofoten folkeh\u00f8yskole i Kabelv\u00e5g. Der blir det et \u00e5r med foto p\u00e5 linjen Naturfoto, noe som Thomas gleder seg til og har store forventinger til.","_et_gb_content_width":"","footnotes":""},"categories":[17,90],"tags":[140,347,33,142,348,346,343],"class_list":["post-4104","post","type-post","status-publish","format-standard","has-post-thumbnail","hentry","category-medlemmer","category-presentasjoner","tag-140","tag-john-sirevag","tag-medlemsportrett","tag-portrett","tag-sandnes-fotoklubb","tag-thomas-sirevag","tag-ungdomsmedlem","et-has-post-format-content","et_post_format-et-post-format-standard"],"yoast_head":"<!-- This site is optimized with the Yoast SEO plugin v27.5 - https:\/\/yoast.com\/product\/yoast-seo-wordpress\/ -->\n<title>Portrett: Thomas og John Sirev\u00e5g, Sandnes fotoklubb - NSFF Magasin | Norsk Selskap for Fotografi<\/title>\n<meta name=\"description\" content=\"Thomas Sirev\u00e5g (18) m\u00e5 sies \u00e5 v\u00e6re arvelig belastet n\u00e5r det gjelder fotointeressen, med far John som har v\u00e6rt \u2013 og fremdeles er \u2013 en sv\u00e6rt aktiv fotograf.\" \/>\n<meta name=\"robots\" content=\"index, follow, max-snippet:-1, max-image-preview:large, max-video-preview:-1\" \/>\n<link rel=\"canonical\" href=\"https:\/\/nsff.no\/magasinet\/2016\/07\/17\/portrett-thomas-john-sirevag\/\" \/>\n<meta property=\"og:locale\" content=\"nb_NO\" \/>\n<meta property=\"og:type\" content=\"article\" \/>\n<meta property=\"og:title\" content=\"Portrett: Thomas og John Sirev\u00e5g, Sandnes fotoklubb - NSFF Magasin | Norsk Selskap for Fotografi\" \/>\n<meta property=\"og:description\" content=\"Thomas Sirev\u00e5g (18) m\u00e5 sies \u00e5 v\u00e6re arvelig belastet n\u00e5r det gjelder fotointeressen, med far John som har v\u00e6rt \u2013 og fremdeles er \u2013 en sv\u00e6rt aktiv fotograf.\" \/>\n<meta property=\"og:url\" content=\"https:\/\/nsff.no\/magasinet\/2016\/07\/17\/portrett-thomas-john-sirevag\/\" \/>\n<meta property=\"og:site_name\" content=\"NSFF Magasin | Norsk Selskap for Fotografi\" \/>\n<meta property=\"article:published_time\" content=\"2016-07-17T16:36:18+00:00\" \/>\n<meta property=\"article:modified_time\" content=\"2016-08-01T15:47:05+00:00\" \/>\n<meta property=\"og:image\" content=\"https:\/\/nsff.no\/magasinet\/wp-content\/uploads\/sites\/2\/2016\/07\/ThomasSirevaag_02.jpg\" \/>\n\t<meta property=\"og:image:width\" content=\"1\" \/>\n\t<meta property=\"og:image:height\" content=\"1\" \/>\n\t<meta property=\"og:image:type\" content=\"image\/jpeg\" \/>\n<meta name=\"author\" content=\"Birgit Fostervold\" \/>\n<meta name=\"twitter:card\" content=\"summary_large_image\" \/>\n<meta name=\"twitter:label1\" content=\"Skrevet av\" \/>\n\t<meta name=\"twitter:data1\" content=\"Birgit Fostervold\" \/>\n\t<meta name=\"twitter:label2\" content=\"Ansl. lesetid\" \/>\n\t<meta name=\"twitter:data2\" content=\"5 minutter\" \/>\n<script type=\"application\/ld+json\" class=\"yoast-schema-graph\">{\"@context\":\"https:\\\/\\\/schema.org\",\"@graph\":[{\"@type\":\"Article\",\"@id\":\"https:\\\/\\\/nsff.no\\\/magasinet\\\/2016\\\/07\\\/17\\\/portrett-thomas-john-sirevag\\\/#article\",\"isPartOf\":{\"@id\":\"https:\\\/\\\/nsff.no\\\/magasinet\\\/2016\\\/07\\\/17\\\/portrett-thomas-john-sirevag\\\/\"},\"author\":{\"name\":\"Birgit Fostervold\",\"@id\":\"https:\\\/\\\/nsff.no\\\/magasinet\\\/#\\\/schema\\\/person\\\/da041f968afa9bee0293372491a98303\"},\"headline\":\"Portrett: Thomas og John Sirev\u00e5g, Sandnes fotoklubb\",\"datePublished\":\"2016-07-17T16:36:18+00:00\",\"dateModified\":\"2016-08-01T15:47:05+00:00\",\"mainEntityOfPage\":{\"@id\":\"https:\\\/\\\/nsff.no\\\/magasinet\\\/2016\\\/07\\\/17\\\/portrett-thomas-john-sirevag\\\/\"},\"wordCount\":993,\"commentCount\":1,\"publisher\":{\"@id\":\"https:\\\/\\\/nsff.no\\\/magasinet\\\/#organization\"},\"image\":{\"@id\":\"https:\\\/\\\/nsff.no\\\/magasinet\\\/2016\\\/07\\\/17\\\/portrett-thomas-john-sirevag\\\/#primaryimage\"},\"thumbnailUrl\":\"https:\\\/\\\/nsff.no\\\/magasinet\\\/wp-content\\\/uploads\\\/sites\\\/2\\\/2016\\\/07\\\/ThomasSirevag-Fra_Berlin.jpg\",\"keywords\":[\"2016\",\"John Sirev\u00e5g\",\"medlemsportrett\",\"portrett\",\"Sandnes fotoklubb\",\"Thomas Sirev\u00e5g\",\"ungdomsmedlem\"],\"articleSection\":[\"Medlemmer\",\"Presentasjoner\"],\"inLanguage\":\"nb-NO\",\"potentialAction\":[{\"@type\":\"CommentAction\",\"name\":\"Comment\",\"target\":[\"https:\\\/\\\/nsff.no\\\/magasinet\\\/2016\\\/07\\\/17\\\/portrett-thomas-john-sirevag\\\/#respond\"]}]},{\"@type\":\"WebPage\",\"@id\":\"https:\\\/\\\/nsff.no\\\/magasinet\\\/2016\\\/07\\\/17\\\/portrett-thomas-john-sirevag\\\/\",\"url\":\"https:\\\/\\\/nsff.no\\\/magasinet\\\/2016\\\/07\\\/17\\\/portrett-thomas-john-sirevag\\\/\",\"name\":\"Portrett: Thomas og John Sirev\u00e5g, Sandnes fotoklubb - NSFF Magasin | Norsk Selskap for Fotografi\",\"isPartOf\":{\"@id\":\"https:\\\/\\\/nsff.no\\\/magasinet\\\/#website\"},\"primaryImageOfPage\":{\"@id\":\"https:\\\/\\\/nsff.no\\\/magasinet\\\/2016\\\/07\\\/17\\\/portrett-thomas-john-sirevag\\\/#primaryimage\"},\"image\":{\"@id\":\"https:\\\/\\\/nsff.no\\\/magasinet\\\/2016\\\/07\\\/17\\\/portrett-thomas-john-sirevag\\\/#primaryimage\"},\"thumbnailUrl\":\"https:\\\/\\\/nsff.no\\\/magasinet\\\/wp-content\\\/uploads\\\/sites\\\/2\\\/2016\\\/07\\\/ThomasSirevag-Fra_Berlin.jpg\",\"datePublished\":\"2016-07-17T16:36:18+00:00\",\"dateModified\":\"2016-08-01T15:47:05+00:00\",\"description\":\"Thomas Sirev\u00e5g (18) m\u00e5 sies \u00e5 v\u00e6re arvelig belastet n\u00e5r det gjelder fotointeressen, med far John som har v\u00e6rt \u2013 og fremdeles er \u2013 en sv\u00e6rt aktiv fotograf.\",\"breadcrumb\":{\"@id\":\"https:\\\/\\\/nsff.no\\\/magasinet\\\/2016\\\/07\\\/17\\\/portrett-thomas-john-sirevag\\\/#breadcrumb\"},\"inLanguage\":\"nb-NO\",\"potentialAction\":[{\"@type\":\"ReadAction\",\"target\":[\"https:\\\/\\\/nsff.no\\\/magasinet\\\/2016\\\/07\\\/17\\\/portrett-thomas-john-sirevag\\\/\"]}]},{\"@type\":\"ImageObject\",\"inLanguage\":\"nb-NO\",\"@id\":\"https:\\\/\\\/nsff.no\\\/magasinet\\\/2016\\\/07\\\/17\\\/portrett-thomas-john-sirevag\\\/#primaryimage\",\"url\":\"https:\\\/\\\/nsff.no\\\/magasinet\\\/wp-content\\\/uploads\\\/sites\\\/2\\\/2016\\\/07\\\/ThomasSirevag-Fra_Berlin.jpg\",\"contentUrl\":\"https:\\\/\\\/nsff.no\\\/magasinet\\\/wp-content\\\/uploads\\\/sites\\\/2\\\/2016\\\/07\\\/ThomasSirevag-Fra_Berlin.jpg\",\"caption\":\"Thomas Sirev\u00e5g: Fra Berlin\"},{\"@type\":\"BreadcrumbList\",\"@id\":\"https:\\\/\\\/nsff.no\\\/magasinet\\\/2016\\\/07\\\/17\\\/portrett-thomas-john-sirevag\\\/#breadcrumb\",\"itemListElement\":[{\"@type\":\"ListItem\",\"position\":1,\"name\":\"Hjem\",\"item\":\"https:\\\/\\\/nsff.no\\\/magasinet\\\/\"},{\"@type\":\"ListItem\",\"position\":2,\"name\":\"Portrett: Thomas og John Sirev\u00e5g, Sandnes fotoklubb\"}]},{\"@type\":\"WebSite\",\"@id\":\"https:\\\/\\\/nsff.no\\\/magasinet\\\/#website\",\"url\":\"https:\\\/\\\/nsff.no\\\/magasinet\\\/\",\"name\":\"NSFF Magasin | Norsk Selskap for Fotografi\",\"description\":\"Medlemsmagasin for film- og fotoentusiaster\",\"publisher\":{\"@id\":\"https:\\\/\\\/nsff.no\\\/magasinet\\\/#organization\"},\"potentialAction\":[{\"@type\":\"SearchAction\",\"target\":{\"@type\":\"EntryPoint\",\"urlTemplate\":\"https:\\\/\\\/nsff.no\\\/magasinet\\\/?s={search_term_string}\"},\"query-input\":{\"@type\":\"PropertyValueSpecification\",\"valueRequired\":true,\"valueName\":\"search_term_string\"}}],\"inLanguage\":\"nb-NO\"},{\"@type\":\"Organization\",\"@id\":\"https:\\\/\\\/nsff.no\\\/magasinet\\\/#organization\",\"name\":\"Norsk Selskap for Fotografo\",\"url\":\"https:\\\/\\\/nsff.no\\\/magasinet\\\/\",\"logo\":{\"@type\":\"ImageObject\",\"inLanguage\":\"nb-NO\",\"@id\":\"https:\\\/\\\/nsff.no\\\/magasinet\\\/#\\\/schema\\\/logo\\\/image\\\/\",\"url\":\"https:\\\/\\\/nsff.no\\\/magasinet\\\/wp-content\\\/uploads\\\/sites\\\/2\\\/2016\\\/05\\\/NSFF-fb-lenkebilde.png\",\"contentUrl\":\"https:\\\/\\\/nsff.no\\\/magasinet\\\/wp-content\\\/uploads\\\/sites\\\/2\\\/2016\\\/05\\\/NSFF-fb-lenkebilde.png\",\"width\":1,\"height\":1,\"caption\":\"Norsk Selskap for Fotografo\"},\"image\":{\"@id\":\"https:\\\/\\\/nsff.no\\\/magasinet\\\/#\\\/schema\\\/logo\\\/image\\\/\"}},{\"@type\":\"Person\",\"@id\":\"https:\\\/\\\/nsff.no\\\/magasinet\\\/#\\\/schema\\\/person\\\/da041f968afa9bee0293372491a98303\",\"name\":\"Birgit Fostervold\",\"image\":{\"@type\":\"ImageObject\",\"inLanguage\":\"nb-NO\",\"@id\":\"https:\\\/\\\/secure.gravatar.com\\\/avatar\\\/d8b31664a01c80eecbf53f36dc41fa676bbfe7c78cb2391937a62f88da897950?s=96&d=mm&r=g\",\"url\":\"https:\\\/\\\/secure.gravatar.com\\\/avatar\\\/d8b31664a01c80eecbf53f36dc41fa676bbfe7c78cb2391937a62f88da897950?s=96&d=mm&r=g\",\"contentUrl\":\"https:\\\/\\\/secure.gravatar.com\\\/avatar\\\/d8b31664a01c80eecbf53f36dc41fa676bbfe7c78cb2391937a62f88da897950?s=96&d=mm&r=g\",\"caption\":\"Birgit Fostervold\"},\"description\":\"EsNSFF, HonENFFF, medlem i Homborsund fotoklubb og Arendal fotoklubb. Styremedlem NSFF, Nordisk Forbund for Fotografi og Norsk Naturfotofestival. Tidl. nestleder og konst.leder NSFF (2017\u201322), tidl. redakt\u00f8r for NSFF Magasin (2016\u201322).\",\"sameAs\":[\"https:\\\/\\\/lensbirdie.no\",\"https:\\\/\\\/instagram.com\\\/knipselyst\\\/\"],\"url\":\"https:\\\/\\\/nsff.no\\\/magasinet\\\/author\\\/birgitf\\\/\"}]}<\/script>\n<!-- \/ Yoast SEO plugin. -->","yoast_head_json":{"title":"Portrett: Thomas og John Sirev\u00e5g, Sandnes fotoklubb - NSFF Magasin | Norsk Selskap for Fotografi","description":"Thomas Sirev\u00e5g (18) m\u00e5 sies \u00e5 v\u00e6re arvelig belastet n\u00e5r det gjelder fotointeressen, med far John som har v\u00e6rt \u2013 og fremdeles er \u2013 en sv\u00e6rt aktiv fotograf.","robots":{"index":"index","follow":"follow","max-snippet":"max-snippet:-1","max-image-preview":"max-image-preview:large","max-video-preview":"max-video-preview:-1"},"canonical":"https:\/\/nsff.no\/magasinet\/2016\/07\/17\/portrett-thomas-john-sirevag\/","og_locale":"nb_NO","og_type":"article","og_title":"Portrett: Thomas og John Sirev\u00e5g, Sandnes fotoklubb - NSFF Magasin | Norsk Selskap for Fotografi","og_description":"Thomas Sirev\u00e5g (18) m\u00e5 sies \u00e5 v\u00e6re arvelig belastet n\u00e5r det gjelder fotointeressen, med far John som har v\u00e6rt \u2013 og fremdeles er \u2013 en sv\u00e6rt aktiv fotograf.","og_url":"https:\/\/nsff.no\/magasinet\/2016\/07\/17\/portrett-thomas-john-sirevag\/","og_site_name":"NSFF Magasin | Norsk Selskap for Fotografi","article_published_time":"2016-07-17T16:36:18+00:00","article_modified_time":"2016-08-01T15:47:05+00:00","og_image":[{"url":"https:\/\/nsff.no\/magasinet\/wp-content\/uploads\/sites\/2\/2016\/07\/ThomasSirevaag_02.jpg","width":1,"height":1,"type":"image\/jpeg"}],"author":"Birgit Fostervold","twitter_card":"summary_large_image","twitter_misc":{"Skrevet av":"Birgit Fostervold","Ansl. lesetid":"5 minutter"},"schema":{"@context":"https:\/\/schema.org","@graph":[{"@type":"Article","@id":"https:\/\/nsff.no\/magasinet\/2016\/07\/17\/portrett-thomas-john-sirevag\/#article","isPartOf":{"@id":"https:\/\/nsff.no\/magasinet\/2016\/07\/17\/portrett-thomas-john-sirevag\/"},"author":{"name":"Birgit Fostervold","@id":"https:\/\/nsff.no\/magasinet\/#\/schema\/person\/da041f968afa9bee0293372491a98303"},"headline":"Portrett: Thomas og John Sirev\u00e5g, Sandnes fotoklubb","datePublished":"2016-07-17T16:36:18+00:00","dateModified":"2016-08-01T15:47:05+00:00","mainEntityOfPage":{"@id":"https:\/\/nsff.no\/magasinet\/2016\/07\/17\/portrett-thomas-john-sirevag\/"},"wordCount":993,"commentCount":1,"publisher":{"@id":"https:\/\/nsff.no\/magasinet\/#organization"},"image":{"@id":"https:\/\/nsff.no\/magasinet\/2016\/07\/17\/portrett-thomas-john-sirevag\/#primaryimage"},"thumbnailUrl":"https:\/\/nsff.no\/magasinet\/wp-content\/uploads\/sites\/2\/2016\/07\/ThomasSirevag-Fra_Berlin.jpg","keywords":["2016","John Sirev\u00e5g","medlemsportrett","portrett","Sandnes fotoklubb","Thomas Sirev\u00e5g","ungdomsmedlem"],"articleSection":["Medlemmer","Presentasjoner"],"inLanguage":"nb-NO","potentialAction":[{"@type":"CommentAction","name":"Comment","target":["https:\/\/nsff.no\/magasinet\/2016\/07\/17\/portrett-thomas-john-sirevag\/#respond"]}]},{"@type":"WebPage","@id":"https:\/\/nsff.no\/magasinet\/2016\/07\/17\/portrett-thomas-john-sirevag\/","url":"https:\/\/nsff.no\/magasinet\/2016\/07\/17\/portrett-thomas-john-sirevag\/","name":"Portrett: Thomas og John Sirev\u00e5g, Sandnes fotoklubb - NSFF Magasin | Norsk Selskap for Fotografi","isPartOf":{"@id":"https:\/\/nsff.no\/magasinet\/#website"},"primaryImageOfPage":{"@id":"https:\/\/nsff.no\/magasinet\/2016\/07\/17\/portrett-thomas-john-sirevag\/#primaryimage"},"image":{"@id":"https:\/\/nsff.no\/magasinet\/2016\/07\/17\/portrett-thomas-john-sirevag\/#primaryimage"},"thumbnailUrl":"https:\/\/nsff.no\/magasinet\/wp-content\/uploads\/sites\/2\/2016\/07\/ThomasSirevag-Fra_Berlin.jpg","datePublished":"2016-07-17T16:36:18+00:00","dateModified":"2016-08-01T15:47:05+00:00","description":"Thomas Sirev\u00e5g (18) m\u00e5 sies \u00e5 v\u00e6re arvelig belastet n\u00e5r det gjelder fotointeressen, med far John som har v\u00e6rt \u2013 og fremdeles er \u2013 en sv\u00e6rt aktiv fotograf.","breadcrumb":{"@id":"https:\/\/nsff.no\/magasinet\/2016\/07\/17\/portrett-thomas-john-sirevag\/#breadcrumb"},"inLanguage":"nb-NO","potentialAction":[{"@type":"ReadAction","target":["https:\/\/nsff.no\/magasinet\/2016\/07\/17\/portrett-thomas-john-sirevag\/"]}]},{"@type":"ImageObject","inLanguage":"nb-NO","@id":"https:\/\/nsff.no\/magasinet\/2016\/07\/17\/portrett-thomas-john-sirevag\/#primaryimage","url":"https:\/\/nsff.no\/magasinet\/wp-content\/uploads\/sites\/2\/2016\/07\/ThomasSirevag-Fra_Berlin.jpg","contentUrl":"https:\/\/nsff.no\/magasinet\/wp-content\/uploads\/sites\/2\/2016\/07\/ThomasSirevag-Fra_Berlin.jpg","caption":"Thomas Sirev\u00e5g: Fra Berlin"},{"@type":"BreadcrumbList","@id":"https:\/\/nsff.no\/magasinet\/2016\/07\/17\/portrett-thomas-john-sirevag\/#breadcrumb","itemListElement":[{"@type":"ListItem","position":1,"name":"Hjem","item":"https:\/\/nsff.no\/magasinet\/"},{"@type":"ListItem","position":2,"name":"Portrett: Thomas og John Sirev\u00e5g, Sandnes fotoklubb"}]},{"@type":"WebSite","@id":"https:\/\/nsff.no\/magasinet\/#website","url":"https:\/\/nsff.no\/magasinet\/","name":"NSFF Magasin | Norsk Selskap for Fotografi","description":"Medlemsmagasin for film- og fotoentusiaster","publisher":{"@id":"https:\/\/nsff.no\/magasinet\/#organization"},"potentialAction":[{"@type":"SearchAction","target":{"@type":"EntryPoint","urlTemplate":"https:\/\/nsff.no\/magasinet\/?s={search_term_string}"},"query-input":{"@type":"PropertyValueSpecification","valueRequired":true,"valueName":"search_term_string"}}],"inLanguage":"nb-NO"},{"@type":"Organization","@id":"https:\/\/nsff.no\/magasinet\/#organization","name":"Norsk Selskap for Fotografo","url":"https:\/\/nsff.no\/magasinet\/","logo":{"@type":"ImageObject","inLanguage":"nb-NO","@id":"https:\/\/nsff.no\/magasinet\/#\/schema\/logo\/image\/","url":"https:\/\/nsff.no\/magasinet\/wp-content\/uploads\/sites\/2\/2016\/05\/NSFF-fb-lenkebilde.png","contentUrl":"https:\/\/nsff.no\/magasinet\/wp-content\/uploads\/sites\/2\/2016\/05\/NSFF-fb-lenkebilde.png","width":1,"height":1,"caption":"Norsk Selskap for Fotografo"},"image":{"@id":"https:\/\/nsff.no\/magasinet\/#\/schema\/logo\/image\/"}},{"@type":"Person","@id":"https:\/\/nsff.no\/magasinet\/#\/schema\/person\/da041f968afa9bee0293372491a98303","name":"Birgit Fostervold","image":{"@type":"ImageObject","inLanguage":"nb-NO","@id":"https:\/\/secure.gravatar.com\/avatar\/d8b31664a01c80eecbf53f36dc41fa676bbfe7c78cb2391937a62f88da897950?s=96&d=mm&r=g","url":"https:\/\/secure.gravatar.com\/avatar\/d8b31664a01c80eecbf53f36dc41fa676bbfe7c78cb2391937a62f88da897950?s=96&d=mm&r=g","contentUrl":"https:\/\/secure.gravatar.com\/avatar\/d8b31664a01c80eecbf53f36dc41fa676bbfe7c78cb2391937a62f88da897950?s=96&d=mm&r=g","caption":"Birgit Fostervold"},"description":"EsNSFF, HonENFFF, medlem i Homborsund fotoklubb og Arendal fotoklubb. Styremedlem NSFF, Nordisk Forbund for Fotografi og Norsk Naturfotofestival. Tidl. nestleder og konst.leder NSFF (2017\u201322), tidl. redakt\u00f8r for NSFF Magasin (2016\u201322).","sameAs":["https:\/\/lensbirdie.no","https:\/\/instagram.com\/knipselyst\/"],"url":"https:\/\/nsff.no\/magasinet\/author\/birgitf\/"}]}},"_links":{"self":[{"href":"https:\/\/nsff.no\/magasinet\/wp-json\/wp\/v2\/posts\/4104","targetHints":{"allow":["GET"]}}],"collection":[{"href":"https:\/\/nsff.no\/magasinet\/wp-json\/wp\/v2\/posts"}],"about":[{"href":"https:\/\/nsff.no\/magasinet\/wp-json\/wp\/v2\/types\/post"}],"author":[{"embeddable":true,"href":"https:\/\/nsff.no\/magasinet\/wp-json\/wp\/v2\/users\/7"}],"replies":[{"embeddable":true,"href":"https:\/\/nsff.no\/magasinet\/wp-json\/wp\/v2\/comments?post=4104"}],"version-history":[{"count":19,"href":"https:\/\/nsff.no\/magasinet\/wp-json\/wp\/v2\/posts\/4104\/revisions"}],"predecessor-version":[{"id":4144,"href":"https:\/\/nsff.no\/magasinet\/wp-json\/wp\/v2\/posts\/4104\/revisions\/4144"}],"wp:featuredmedia":[{"embeddable":true,"href":"https:\/\/nsff.no\/magasinet\/wp-json\/wp\/v2\/media\/4137"}],"wp:attachment":[{"href":"https:\/\/nsff.no\/magasinet\/wp-json\/wp\/v2\/media?parent=4104"}],"wp:term":[{"taxonomy":"category","embeddable":true,"href":"https:\/\/nsff.no\/magasinet\/wp-json\/wp\/v2\/categories?post=4104"},{"taxonomy":"post_tag","embeddable":true,"href":"https:\/\/nsff.no\/magasinet\/wp-json\/wp\/v2\/tags?post=4104"}],"curies":[{"name":"wp","href":"https:\/\/api.w.org\/{rel}","templated":true}]}}