{"id":3937,"date":"2016-07-08T12:10:16","date_gmt":"2016-07-08T10:10:16","guid":{"rendered":"http:\/\/nsff.no\/magasinet\/?p=3937"},"modified":"2016-07-08T19:02:51","modified_gmt":"2016-07-08T17:02:51","slug":"portrett-svein-atle-ulveseter-bergen-fritidsfilmere","status":"publish","type":"post","link":"https:\/\/nsff.no\/magasinet\/2016\/07\/08\/portrett-svein-atle-ulveseter-bergen-fritidsfilmere\/","title":{"rendered":"Portrett: Svein Atle Ulveseter, Bergen Fritidsfilmere"},"content":{"rendered":"<p>[et_pb_section admin_label=&raquo;section&raquo;][et_pb_row admin_label=&raquo;Rad&raquo;][et_pb_column type=&raquo;2_3&#8243;][et_pb_text admin_label=&raquo;Tekst&raquo; background_layout=&raquo;light&raquo; text_orientation=&raquo;left&raquo; use_border_color=&raquo;off&raquo; border_color=&raquo;#ffffff&raquo; border_style=&raquo;solid&raquo;]<\/p>\n<p><strong>Svein A. Ulveseter (50) gjorde seg positivt bemerket under \u00e5rets NM i Film. I sitt f\u00f8rste nasjonale mesterskap fikk han tre antatte filmer og gikk av med seieren i klassen Minuttfilm, med filmen &laquo;SkyJump Auckland New Zealand&raquo;.<\/strong><\/p>\n<p>Svein Atle Ulveseter, 50 \u00e5r. F\u00f8dt, oppvokst og har alltid bodd i Bergen. Jeg jobber i energibransjen, i BKK Nett AS.<\/p>\n<p>I hovedsak er film og foto en hobby for meg. Fotografering har jeg drevet med siden jeg var 10-12 \u00e5r. Mitt f\u00f8rste speilreflekskamera anskaffet jeg i 1985 \u2013 et Canon T70 som jeg reiste ens \u00e6rend ned til Amsterdam for \u00e5 kj\u00f8pe (det skal sies at jeg jobbet en periode som stuer i SAS, og derfor fikk veldig billige billetter!).<\/p>\n<h2>Fra hjemmefilmer til dokumentasjonsoppdrag<\/h2>\n<p>Da jeg ble far f\u00f8rste gang i 1988 hadde jeg et videokamera p\u00e5 langtidsleie fra Thorn, jeg tror jeg betalte 300,- per mnd. Men det ble med dette i noen \u00e5r. I 2007 var jeg s\u00e5 med et norsk firma p\u00e5 en organisert motorsykkeltur i USA, langs Route66. Etter turen ble jeg spurt om jeg ville ha sommerjobb som guide og reiseleder for grupper fra Norge. En del av jobben innebar \u00e5 ta bilder og film underveis, med intervju av deltakerne, slik at alle som var med skulle f\u00e5 en video fra turen i ettertid. Jeg fikk en rask gjennomgang p\u00e5 hva jeg skulle fokusere p\u00e5 under opptak: kameraf\u00f8ring, utsnitt og s\u00e5 videre. Det var andre som skulle redigere og legge p\u00e5 musikk.<\/p>\n<p>[\/et_pb_text][\/et_pb_column][et_pb_column type=&raquo;1_3&#8243;][et_pb_image admin_label=&raquo;Bilde&raquo; src=&raquo;http:\/\/nsff.no\/magasinet\/wp-content\/uploads\/sites\/2\/2016\/07\/Svein-A-Ulveseter.png&raquo; alt=&raquo;Svein Atle Ulveseter&raquo; show_in_lightbox=&raquo;on&raquo; url_new_window=&raquo;off&raquo; use_overlay=&raquo;off&raquo; animation=&raquo;off&raquo; sticky=&raquo;off&raquo; align=&raquo;left&raquo; force_fullwidth=&raquo;off&raquo; always_center_on_mobile=&raquo;on&raquo; use_border_color=&raquo;off&raquo; border_color=&raquo;#ffffff&raquo; border_style=&raquo;solid&raquo;]<\/p>\n<p>[\/et_pb_image][\/et_pb_column][\/et_pb_row][et_pb_row admin_label=&raquo;row&raquo;][et_pb_column type=&raquo;4_4&#8243;][et_pb_text admin_label=&raquo;Tekst&raquo; background_layout=&raquo;light&raquo; text_orientation=&raquo;left&raquo; use_border_color=&raquo;off&raquo; border_color=&raquo;#ffffff&raquo; border_style=&raquo;solid&raquo;]<\/p>\n<p>Den ferdigredigerte videoen som ble sendt ut til en av gruppene fikk imidlertid veldig d\u00e5rlige tilbakemeldinger \u2013 jeg syntes selv det var foretatt lite heldige valg av scener og klipp, der var tross alt mye opptak \u00e5 ta av. Siden jeg jo hadde originalopptakene lastet jeg ned et redigeringsprogram og satte i gang med \u00e5 redigere p\u00e5 egenh\u00e5nd. Jeg sendte den nye versjonen ut til de 35 turdeltakerne, og fikk knallbra respons p\u00e5 resultatet. Dette markerte starten p\u00e5 en ny interesse for videofilming og redigering! <\/p>\n<h2>Fange \u00f8yeblikkene og formidle opplevelser<\/h2>\n<p>Jeg liker meg best bak kamera. Spesielt liker jeg \u00e5 redigere, jeg har da full kontroll med resultatet og kan bestemme det meste selv.<\/p>\n<p>Jeg filmer prim\u00e6rt for egen dokumentasjon av ferie og fritid, men jeg har ogs\u00e5 gjort video fra bryllup pluss et par filmer p\u00e5 oppdrag fra sponsoravdelingen i BKK: 7-fjellstur og time lapse fra en konsert i Johanneskirken. I hovedtrekk er vel filmene mine typisk i genren reisefilm\/ hverdagsfilm\/ dokumentasjon.<\/p>\n<p><strong>Inspirasjonen min for \u00e5 filme er \u00e5 kunne lage min egen versjon av opplevelsene mine, og slik ta vare p\u00e5 minnene.<\/strong> Selv om jeg i hovedsak gj\u00f8r dette for egen forn\u00f8yelse, liker jeg \u00e5 vise filmene til andre. <a href=\"http:\/\/www.ulveseter.no\" target=\"_blank\">Jeg har en egen hjemmeside<\/a>, og i tillegg <a href=\"https:\/\/www.youtube.com\/channel\/UCBPhxtXono_wHOqQBry-9pg\" target=\"_blank\">laster jeg opp til YouTube<\/a>.<\/p>\n<p>Ambisjonen er \u00e5 lage stadig bedre film, med en god historie som kan gj\u00f8re filmen interessant for et st\u00f8rre publikum. Jeg er veldig glad i \u00e5 reise, og <strong>dr\u00f8mmen er \u00e5 kunne reise rundt og lage reisereportasjer med egne opplevelser<\/strong>.<\/p>\n<p>Videoen jeg har lyst \u00e5 vise fram er fra en tur til Sharm El Sheikh i 2013. Grunnen til at jeg vil vise denne er at alt opptak \u2013 unntatt undervannsopptak \u2013 er tatt med mobilkamera. <strong>Som det blir sagt, det beste kamera du har er det du har med deg!<\/strong><\/p>\n<p><iframe loading=\"lazy\" src=\"https:\/\/www.youtube-nocookie.com\/embed\/tJTMdy3Pc0U?rel=0\" allowfullscreen=\"\" frameborder=\"0\" height=\"360\" width=\"640\"><\/iframe><\/p>\n<p>Andre filmer finnes p\u00e5 min hjemmeside, <a href=\"http:\/\/www.ulveseter.no\" target=\"_blank\">www.ulveseter.no<\/a><\/p>\n<p>[\/et_pb_text][\/et_pb_column][\/et_pb_row][\/et_pb_section]<\/p>\n","protected":false},"excerpt":{"rendered":"<p>Svein Atle Ulveseter gjorde seg bemerket under \u00e5rets NM i Film. I sitt f\u00f8rste nasjonale mesterskap fikk han tre antatte filmer og vant klassen Minuttfilm.<\/p>\n","protected":false},"author":7,"featured_media":3943,"comment_status":"open","ping_status":"open","sticky":false,"template":"","format":"standard","meta":{"_et_pb_use_builder":"on","_et_pb_old_content":"<strong>Svein A. Ulveseter (50) gjorde seg positivt bemerket under \u00e5rets NM i Film. I sitt f\u00f8rste nasjonale mesterskap fikk han tre antatte filmer og gikk av med seieren i klassen Minuttfilm, med filmen \"SkyJump Auckland New Zealand\".<\/strong>\r\n\r\nSvein Atle Ulveseter, 50 \u00e5r. F\u00f8dt, oppvokst og alltid bodd i Bergen. Jobber i energibransjen i BKK Nett AS.\r\n\r\nHvor lenge har du drevet med film? Er film for deg en hobby, en livsstil, et levebr\u00f8d? Uttrykker du deg kunstnerisk p\u00e5 andre m\u00e5ter? Hvorfor begynte du med film?\r\n\r\nBegynte tidlig med foto, og da jeg ble far f\u00f8rste gang i 1988 leide jeg et videokamera p\u00e5 langtidsleie fra Thorn (tror jeg betalte 300,- pr mnd.). Men det ble med det i noen f\u00e5 \u00e5r. S\u00e5 i 2007 var jeg p\u00e5 organisert motorsykkeltur i USA p\u00e5 Route66 med et norsk firma. Etter turen ble jeg spurt om jeg ville ha sommerjobb som guide\/reiseleder for grupper fra Norge p\u00e5 mc-tur p\u00e5 Route66 \u2013 en del av jobben innebar \u00e5 ta bilder og film fra turen med intervju av deltakerne, slik at alle som var med p\u00e5 turen skulle f\u00e5 en video fra turen sin. Jeg fikk en rask gjennomgang p\u00e5 hva jeg skulle fokusere p\u00e5 av opptak og kameraf\u00f8ring \/utsnitt ++. Det var andre som skulle redigere og legge p\u00e5 musikk. Ferdig redigert video som ble sendt ut til en av gruppene i 2009, fikk veldig d\u00e5rlig tilbakemelding og jeg selv synes det var veldig d\u00e5rlig valg av scener og klipp av videoen, der var tross alt mye opptak \u00e5 ta av. Jeg hadde kopi av originalopptak og lastet ned redigeringsprogram og satte i gang \u00e5 redigere selv. Laget en ny versjon og sendte denne videoen ut til de 35 deltakerne som hadde v\u00e6rt med p\u00e5 turen, og fikk knallbra tilbakemeldinger p\u00e5 resultatet. Dette var egentlig starten p\u00e5 min nye interesse for videofilming og redigering. \r\n\r\nFotografering har jeg drevet med siden jeg var 10-12 \u00e5r, mitt f\u00f8rste speilreflekskamera var et Canon T70 som jeg reiste ens \u00e6rend ned til Amsterdam for \u00e5 kj\u00f8pe (det skal sies at jeg jobbet en periode som stuer i SAS, og derfor fikk veldig billige billetter).","_et_gb_content_width":"","footnotes":""},"categories":[17,90],"tags":[140,40,318,33,83,142,323],"class_list":["post-3937","post","type-post","status-publish","format-standard","has-post-thumbnail","hentry","category-medlemmer","category-presentasjoner","tag-140","tag-bergen-fritidsfilmere","tag-filmportrett","tag-medlemsportrett","tag-nm-i-film","tag-portrett","tag-svein-atle-ulveseter","et-has-post-format-content","et_post_format-et-post-format-standard"],"yoast_head":"<!-- This site is optimized with the Yoast SEO plugin v27.5 - https:\/\/yoast.com\/product\/yoast-seo-wordpress\/ -->\n<title>Portrett: Svein Atle Ulveseter, Bergen Fritidsfilmere - NSFF Magasin | Norsk Selskap for Fotografi<\/title>\n<meta name=\"description\" content=\"Svein Atle Ulveseter gjorde seg bemerket under \u00e5rets NM i Film. I sitt f\u00f8rste nasjonale mesterskap fikk han tre antatte filmer og vant klassen Minuttfilm.\" \/>\n<meta name=\"robots\" content=\"index, follow, max-snippet:-1, max-image-preview:large, max-video-preview:-1\" \/>\n<link rel=\"canonical\" href=\"https:\/\/nsff.no\/magasinet\/2016\/07\/08\/portrett-svein-atle-ulveseter-bergen-fritidsfilmere\/\" \/>\n<meta property=\"og:locale\" content=\"nb_NO\" \/>\n<meta property=\"og:type\" content=\"article\" \/>\n<meta property=\"og:title\" content=\"Portrett: Svein Atle Ulveseter, Bergen Fritidsfilmere - NSFF Magasin | Norsk Selskap for Fotografi\" \/>\n<meta property=\"og:description\" content=\"Svein Atle Ulveseter gjorde seg bemerket under \u00e5rets NM i Film. I sitt f\u00f8rste nasjonale mesterskap fikk han tre antatte filmer og vant klassen Minuttfilm.\" \/>\n<meta property=\"og:url\" content=\"https:\/\/nsff.no\/magasinet\/2016\/07\/08\/portrett-svein-atle-ulveseter-bergen-fritidsfilmere\/\" \/>\n<meta property=\"og:site_name\" content=\"NSFF Magasin | Norsk Selskap for Fotografi\" \/>\n<meta property=\"article:published_time\" content=\"2016-07-08T10:10:16+00:00\" \/>\n<meta property=\"article:modified_time\" content=\"2016-07-08T17:02:51+00:00\" \/>\n<meta property=\"og:image\" content=\"https:\/\/nsff.no\/magasinet\/wp-content\/uploads\/sites\/2\/2016\/07\/S-A-Ulveseter_Skyjump.jpg\" \/>\n\t<meta property=\"og:image:width\" content=\"1\" \/>\n\t<meta property=\"og:image:height\" content=\"1\" \/>\n\t<meta property=\"og:image:type\" content=\"image\/jpeg\" \/>\n<meta name=\"author\" content=\"Birgit Fostervold\" \/>\n<meta name=\"twitter:card\" content=\"summary_large_image\" \/>\n<meta name=\"twitter:label1\" content=\"Skrevet av\" \/>\n\t<meta name=\"twitter:data1\" content=\"Birgit Fostervold\" \/>\n\t<meta name=\"twitter:label2\" content=\"Ansl. lesetid\" \/>\n\t<meta name=\"twitter:data2\" content=\"4 minutter\" \/>\n<script type=\"application\/ld+json\" class=\"yoast-schema-graph\">{\"@context\":\"https:\\\/\\\/schema.org\",\"@graph\":[{\"@type\":\"Article\",\"@id\":\"https:\\\/\\\/nsff.no\\\/magasinet\\\/2016\\\/07\\\/08\\\/portrett-svein-atle-ulveseter-bergen-fritidsfilmere\\\/#article\",\"isPartOf\":{\"@id\":\"https:\\\/\\\/nsff.no\\\/magasinet\\\/2016\\\/07\\\/08\\\/portrett-svein-atle-ulveseter-bergen-fritidsfilmere\\\/\"},\"author\":{\"name\":\"Birgit Fostervold\",\"@id\":\"https:\\\/\\\/nsff.no\\\/magasinet\\\/#\\\/schema\\\/person\\\/da041f968afa9bee0293372491a98303\"},\"headline\":\"Portrett: Svein Atle Ulveseter, Bergen Fritidsfilmere\",\"datePublished\":\"2016-07-08T10:10:16+00:00\",\"dateModified\":\"2016-07-08T17:02:51+00:00\",\"mainEntityOfPage\":{\"@id\":\"https:\\\/\\\/nsff.no\\\/magasinet\\\/2016\\\/07\\\/08\\\/portrett-svein-atle-ulveseter-bergen-fritidsfilmere\\\/\"},\"wordCount\":712,\"commentCount\":0,\"publisher\":{\"@id\":\"https:\\\/\\\/nsff.no\\\/magasinet\\\/#organization\"},\"image\":{\"@id\":\"https:\\\/\\\/nsff.no\\\/magasinet\\\/2016\\\/07\\\/08\\\/portrett-svein-atle-ulveseter-bergen-fritidsfilmere\\\/#primaryimage\"},\"thumbnailUrl\":\"https:\\\/\\\/nsff.no\\\/magasinet\\\/wp-content\\\/uploads\\\/sites\\\/2\\\/2016\\\/07\\\/S-A-Ulveseter_Skyjump.jpg\",\"keywords\":[\"2016\",\"Bergen Fritidsfilmere\",\"filmportrett\",\"medlemsportrett\",\"nm i film\",\"portrett\",\"Svein Atle Ulveseter\"],\"articleSection\":[\"Medlemmer\",\"Presentasjoner\"],\"inLanguage\":\"nb-NO\",\"potentialAction\":[{\"@type\":\"CommentAction\",\"name\":\"Comment\",\"target\":[\"https:\\\/\\\/nsff.no\\\/magasinet\\\/2016\\\/07\\\/08\\\/portrett-svein-atle-ulveseter-bergen-fritidsfilmere\\\/#respond\"]}]},{\"@type\":\"WebPage\",\"@id\":\"https:\\\/\\\/nsff.no\\\/magasinet\\\/2016\\\/07\\\/08\\\/portrett-svein-atle-ulveseter-bergen-fritidsfilmere\\\/\",\"url\":\"https:\\\/\\\/nsff.no\\\/magasinet\\\/2016\\\/07\\\/08\\\/portrett-svein-atle-ulveseter-bergen-fritidsfilmere\\\/\",\"name\":\"Portrett: Svein Atle Ulveseter, Bergen Fritidsfilmere - NSFF Magasin | Norsk Selskap for Fotografi\",\"isPartOf\":{\"@id\":\"https:\\\/\\\/nsff.no\\\/magasinet\\\/#website\"},\"primaryImageOfPage\":{\"@id\":\"https:\\\/\\\/nsff.no\\\/magasinet\\\/2016\\\/07\\\/08\\\/portrett-svein-atle-ulveseter-bergen-fritidsfilmere\\\/#primaryimage\"},\"image\":{\"@id\":\"https:\\\/\\\/nsff.no\\\/magasinet\\\/2016\\\/07\\\/08\\\/portrett-svein-atle-ulveseter-bergen-fritidsfilmere\\\/#primaryimage\"},\"thumbnailUrl\":\"https:\\\/\\\/nsff.no\\\/magasinet\\\/wp-content\\\/uploads\\\/sites\\\/2\\\/2016\\\/07\\\/S-A-Ulveseter_Skyjump.jpg\",\"datePublished\":\"2016-07-08T10:10:16+00:00\",\"dateModified\":\"2016-07-08T17:02:51+00:00\",\"description\":\"Svein Atle Ulveseter gjorde seg bemerket under \u00e5rets NM i Film. I sitt f\u00f8rste nasjonale mesterskap fikk han tre antatte filmer og vant klassen Minuttfilm.\",\"breadcrumb\":{\"@id\":\"https:\\\/\\\/nsff.no\\\/magasinet\\\/2016\\\/07\\\/08\\\/portrett-svein-atle-ulveseter-bergen-fritidsfilmere\\\/#breadcrumb\"},\"inLanguage\":\"nb-NO\",\"potentialAction\":[{\"@type\":\"ReadAction\",\"target\":[\"https:\\\/\\\/nsff.no\\\/magasinet\\\/2016\\\/07\\\/08\\\/portrett-svein-atle-ulveseter-bergen-fritidsfilmere\\\/\"]}]},{\"@type\":\"ImageObject\",\"inLanguage\":\"nb-NO\",\"@id\":\"https:\\\/\\\/nsff.no\\\/magasinet\\\/2016\\\/07\\\/08\\\/portrett-svein-atle-ulveseter-bergen-fritidsfilmere\\\/#primaryimage\",\"url\":\"https:\\\/\\\/nsff.no\\\/magasinet\\\/wp-content\\\/uploads\\\/sites\\\/2\\\/2016\\\/07\\\/S-A-Ulveseter_Skyjump.jpg\",\"contentUrl\":\"https:\\\/\\\/nsff.no\\\/magasinet\\\/wp-content\\\/uploads\\\/sites\\\/2\\\/2016\\\/07\\\/S-A-Ulveseter_Skyjump.jpg\",\"caption\":\"SkyJump Auckland New Zealand (skjermbilde, video: Svein Atle Ulveseter)\"},{\"@type\":\"BreadcrumbList\",\"@id\":\"https:\\\/\\\/nsff.no\\\/magasinet\\\/2016\\\/07\\\/08\\\/portrett-svein-atle-ulveseter-bergen-fritidsfilmere\\\/#breadcrumb\",\"itemListElement\":[{\"@type\":\"ListItem\",\"position\":1,\"name\":\"Hjem\",\"item\":\"https:\\\/\\\/nsff.no\\\/magasinet\\\/\"},{\"@type\":\"ListItem\",\"position\":2,\"name\":\"Portrett: Svein Atle Ulveseter, Bergen Fritidsfilmere\"}]},{\"@type\":\"WebSite\",\"@id\":\"https:\\\/\\\/nsff.no\\\/magasinet\\\/#website\",\"url\":\"https:\\\/\\\/nsff.no\\\/magasinet\\\/\",\"name\":\"NSFF Magasin | Norsk Selskap for Fotografi\",\"description\":\"Medlemsmagasin for film- og fotoentusiaster\",\"publisher\":{\"@id\":\"https:\\\/\\\/nsff.no\\\/magasinet\\\/#organization\"},\"potentialAction\":[{\"@type\":\"SearchAction\",\"target\":{\"@type\":\"EntryPoint\",\"urlTemplate\":\"https:\\\/\\\/nsff.no\\\/magasinet\\\/?s={search_term_string}\"},\"query-input\":{\"@type\":\"PropertyValueSpecification\",\"valueRequired\":true,\"valueName\":\"search_term_string\"}}],\"inLanguage\":\"nb-NO\"},{\"@type\":\"Organization\",\"@id\":\"https:\\\/\\\/nsff.no\\\/magasinet\\\/#organization\",\"name\":\"Norsk Selskap for Fotografo\",\"url\":\"https:\\\/\\\/nsff.no\\\/magasinet\\\/\",\"logo\":{\"@type\":\"ImageObject\",\"inLanguage\":\"nb-NO\",\"@id\":\"https:\\\/\\\/nsff.no\\\/magasinet\\\/#\\\/schema\\\/logo\\\/image\\\/\",\"url\":\"https:\\\/\\\/nsff.no\\\/magasinet\\\/wp-content\\\/uploads\\\/sites\\\/2\\\/2016\\\/05\\\/NSFF-fb-lenkebilde.png\",\"contentUrl\":\"https:\\\/\\\/nsff.no\\\/magasinet\\\/wp-content\\\/uploads\\\/sites\\\/2\\\/2016\\\/05\\\/NSFF-fb-lenkebilde.png\",\"width\":1,\"height\":1,\"caption\":\"Norsk Selskap for Fotografo\"},\"image\":{\"@id\":\"https:\\\/\\\/nsff.no\\\/magasinet\\\/#\\\/schema\\\/logo\\\/image\\\/\"}},{\"@type\":\"Person\",\"@id\":\"https:\\\/\\\/nsff.no\\\/magasinet\\\/#\\\/schema\\\/person\\\/da041f968afa9bee0293372491a98303\",\"name\":\"Birgit Fostervold\",\"image\":{\"@type\":\"ImageObject\",\"inLanguage\":\"nb-NO\",\"@id\":\"https:\\\/\\\/secure.gravatar.com\\\/avatar\\\/d8b31664a01c80eecbf53f36dc41fa676bbfe7c78cb2391937a62f88da897950?s=96&d=mm&r=g\",\"url\":\"https:\\\/\\\/secure.gravatar.com\\\/avatar\\\/d8b31664a01c80eecbf53f36dc41fa676bbfe7c78cb2391937a62f88da897950?s=96&d=mm&r=g\",\"contentUrl\":\"https:\\\/\\\/secure.gravatar.com\\\/avatar\\\/d8b31664a01c80eecbf53f36dc41fa676bbfe7c78cb2391937a62f88da897950?s=96&d=mm&r=g\",\"caption\":\"Birgit Fostervold\"},\"description\":\"EsNSFF, HonENFFF, medlem i Homborsund fotoklubb og Arendal fotoklubb. Styremedlem NSFF, Nordisk Forbund for Fotografi og Norsk Naturfotofestival. Tidl. nestleder og konst.leder NSFF (2017\u201322), tidl. redakt\u00f8r for NSFF Magasin (2016\u201322).\",\"sameAs\":[\"https:\\\/\\\/lensbirdie.no\",\"https:\\\/\\\/instagram.com\\\/knipselyst\\\/\"],\"url\":\"https:\\\/\\\/nsff.no\\\/magasinet\\\/author\\\/birgitf\\\/\"}]}<\/script>\n<!-- \/ Yoast SEO plugin. -->","yoast_head_json":{"title":"Portrett: Svein Atle Ulveseter, Bergen Fritidsfilmere - NSFF Magasin | Norsk Selskap for Fotografi","description":"Svein Atle Ulveseter gjorde seg bemerket under \u00e5rets NM i Film. I sitt f\u00f8rste nasjonale mesterskap fikk han tre antatte filmer og vant klassen Minuttfilm.","robots":{"index":"index","follow":"follow","max-snippet":"max-snippet:-1","max-image-preview":"max-image-preview:large","max-video-preview":"max-video-preview:-1"},"canonical":"https:\/\/nsff.no\/magasinet\/2016\/07\/08\/portrett-svein-atle-ulveseter-bergen-fritidsfilmere\/","og_locale":"nb_NO","og_type":"article","og_title":"Portrett: Svein Atle Ulveseter, Bergen Fritidsfilmere - NSFF Magasin | Norsk Selskap for Fotografi","og_description":"Svein Atle Ulveseter gjorde seg bemerket under \u00e5rets NM i Film. I sitt f\u00f8rste nasjonale mesterskap fikk han tre antatte filmer og vant klassen Minuttfilm.","og_url":"https:\/\/nsff.no\/magasinet\/2016\/07\/08\/portrett-svein-atle-ulveseter-bergen-fritidsfilmere\/","og_site_name":"NSFF Magasin | Norsk Selskap for Fotografi","article_published_time":"2016-07-08T10:10:16+00:00","article_modified_time":"2016-07-08T17:02:51+00:00","og_image":[{"url":"https:\/\/nsff.no\/magasinet\/wp-content\/uploads\/sites\/2\/2016\/07\/S-A-Ulveseter_Skyjump.jpg","width":1,"height":1,"type":"image\/jpeg"}],"author":"Birgit Fostervold","twitter_card":"summary_large_image","twitter_misc":{"Skrevet av":"Birgit Fostervold","Ansl. lesetid":"4 minutter"},"schema":{"@context":"https:\/\/schema.org","@graph":[{"@type":"Article","@id":"https:\/\/nsff.no\/magasinet\/2016\/07\/08\/portrett-svein-atle-ulveseter-bergen-fritidsfilmere\/#article","isPartOf":{"@id":"https:\/\/nsff.no\/magasinet\/2016\/07\/08\/portrett-svein-atle-ulveseter-bergen-fritidsfilmere\/"},"author":{"name":"Birgit Fostervold","@id":"https:\/\/nsff.no\/magasinet\/#\/schema\/person\/da041f968afa9bee0293372491a98303"},"headline":"Portrett: Svein Atle Ulveseter, Bergen Fritidsfilmere","datePublished":"2016-07-08T10:10:16+00:00","dateModified":"2016-07-08T17:02:51+00:00","mainEntityOfPage":{"@id":"https:\/\/nsff.no\/magasinet\/2016\/07\/08\/portrett-svein-atle-ulveseter-bergen-fritidsfilmere\/"},"wordCount":712,"commentCount":0,"publisher":{"@id":"https:\/\/nsff.no\/magasinet\/#organization"},"image":{"@id":"https:\/\/nsff.no\/magasinet\/2016\/07\/08\/portrett-svein-atle-ulveseter-bergen-fritidsfilmere\/#primaryimage"},"thumbnailUrl":"https:\/\/nsff.no\/magasinet\/wp-content\/uploads\/sites\/2\/2016\/07\/S-A-Ulveseter_Skyjump.jpg","keywords":["2016","Bergen Fritidsfilmere","filmportrett","medlemsportrett","nm i film","portrett","Svein Atle Ulveseter"],"articleSection":["Medlemmer","Presentasjoner"],"inLanguage":"nb-NO","potentialAction":[{"@type":"CommentAction","name":"Comment","target":["https:\/\/nsff.no\/magasinet\/2016\/07\/08\/portrett-svein-atle-ulveseter-bergen-fritidsfilmere\/#respond"]}]},{"@type":"WebPage","@id":"https:\/\/nsff.no\/magasinet\/2016\/07\/08\/portrett-svein-atle-ulveseter-bergen-fritidsfilmere\/","url":"https:\/\/nsff.no\/magasinet\/2016\/07\/08\/portrett-svein-atle-ulveseter-bergen-fritidsfilmere\/","name":"Portrett: Svein Atle Ulveseter, Bergen Fritidsfilmere - NSFF Magasin | Norsk Selskap for Fotografi","isPartOf":{"@id":"https:\/\/nsff.no\/magasinet\/#website"},"primaryImageOfPage":{"@id":"https:\/\/nsff.no\/magasinet\/2016\/07\/08\/portrett-svein-atle-ulveseter-bergen-fritidsfilmere\/#primaryimage"},"image":{"@id":"https:\/\/nsff.no\/magasinet\/2016\/07\/08\/portrett-svein-atle-ulveseter-bergen-fritidsfilmere\/#primaryimage"},"thumbnailUrl":"https:\/\/nsff.no\/magasinet\/wp-content\/uploads\/sites\/2\/2016\/07\/S-A-Ulveseter_Skyjump.jpg","datePublished":"2016-07-08T10:10:16+00:00","dateModified":"2016-07-08T17:02:51+00:00","description":"Svein Atle Ulveseter gjorde seg bemerket under \u00e5rets NM i Film. I sitt f\u00f8rste nasjonale mesterskap fikk han tre antatte filmer og vant klassen Minuttfilm.","breadcrumb":{"@id":"https:\/\/nsff.no\/magasinet\/2016\/07\/08\/portrett-svein-atle-ulveseter-bergen-fritidsfilmere\/#breadcrumb"},"inLanguage":"nb-NO","potentialAction":[{"@type":"ReadAction","target":["https:\/\/nsff.no\/magasinet\/2016\/07\/08\/portrett-svein-atle-ulveseter-bergen-fritidsfilmere\/"]}]},{"@type":"ImageObject","inLanguage":"nb-NO","@id":"https:\/\/nsff.no\/magasinet\/2016\/07\/08\/portrett-svein-atle-ulveseter-bergen-fritidsfilmere\/#primaryimage","url":"https:\/\/nsff.no\/magasinet\/wp-content\/uploads\/sites\/2\/2016\/07\/S-A-Ulveseter_Skyjump.jpg","contentUrl":"https:\/\/nsff.no\/magasinet\/wp-content\/uploads\/sites\/2\/2016\/07\/S-A-Ulveseter_Skyjump.jpg","caption":"SkyJump Auckland New Zealand (skjermbilde, video: Svein Atle Ulveseter)"},{"@type":"BreadcrumbList","@id":"https:\/\/nsff.no\/magasinet\/2016\/07\/08\/portrett-svein-atle-ulveseter-bergen-fritidsfilmere\/#breadcrumb","itemListElement":[{"@type":"ListItem","position":1,"name":"Hjem","item":"https:\/\/nsff.no\/magasinet\/"},{"@type":"ListItem","position":2,"name":"Portrett: Svein Atle Ulveseter, Bergen Fritidsfilmere"}]},{"@type":"WebSite","@id":"https:\/\/nsff.no\/magasinet\/#website","url":"https:\/\/nsff.no\/magasinet\/","name":"NSFF Magasin | Norsk Selskap for Fotografi","description":"Medlemsmagasin for film- og fotoentusiaster","publisher":{"@id":"https:\/\/nsff.no\/magasinet\/#organization"},"potentialAction":[{"@type":"SearchAction","target":{"@type":"EntryPoint","urlTemplate":"https:\/\/nsff.no\/magasinet\/?s={search_term_string}"},"query-input":{"@type":"PropertyValueSpecification","valueRequired":true,"valueName":"search_term_string"}}],"inLanguage":"nb-NO"},{"@type":"Organization","@id":"https:\/\/nsff.no\/magasinet\/#organization","name":"Norsk Selskap for Fotografo","url":"https:\/\/nsff.no\/magasinet\/","logo":{"@type":"ImageObject","inLanguage":"nb-NO","@id":"https:\/\/nsff.no\/magasinet\/#\/schema\/logo\/image\/","url":"https:\/\/nsff.no\/magasinet\/wp-content\/uploads\/sites\/2\/2016\/05\/NSFF-fb-lenkebilde.png","contentUrl":"https:\/\/nsff.no\/magasinet\/wp-content\/uploads\/sites\/2\/2016\/05\/NSFF-fb-lenkebilde.png","width":1,"height":1,"caption":"Norsk Selskap for Fotografo"},"image":{"@id":"https:\/\/nsff.no\/magasinet\/#\/schema\/logo\/image\/"}},{"@type":"Person","@id":"https:\/\/nsff.no\/magasinet\/#\/schema\/person\/da041f968afa9bee0293372491a98303","name":"Birgit Fostervold","image":{"@type":"ImageObject","inLanguage":"nb-NO","@id":"https:\/\/secure.gravatar.com\/avatar\/d8b31664a01c80eecbf53f36dc41fa676bbfe7c78cb2391937a62f88da897950?s=96&d=mm&r=g","url":"https:\/\/secure.gravatar.com\/avatar\/d8b31664a01c80eecbf53f36dc41fa676bbfe7c78cb2391937a62f88da897950?s=96&d=mm&r=g","contentUrl":"https:\/\/secure.gravatar.com\/avatar\/d8b31664a01c80eecbf53f36dc41fa676bbfe7c78cb2391937a62f88da897950?s=96&d=mm&r=g","caption":"Birgit Fostervold"},"description":"EsNSFF, HonENFFF, medlem i Homborsund fotoklubb og Arendal fotoklubb. Styremedlem NSFF, Nordisk Forbund for Fotografi og Norsk Naturfotofestival. Tidl. nestleder og konst.leder NSFF (2017\u201322), tidl. redakt\u00f8r for NSFF Magasin (2016\u201322).","sameAs":["https:\/\/lensbirdie.no","https:\/\/instagram.com\/knipselyst\/"],"url":"https:\/\/nsff.no\/magasinet\/author\/birgitf\/"}]}},"_links":{"self":[{"href":"https:\/\/nsff.no\/magasinet\/wp-json\/wp\/v2\/posts\/3937","targetHints":{"allow":["GET"]}}],"collection":[{"href":"https:\/\/nsff.no\/magasinet\/wp-json\/wp\/v2\/posts"}],"about":[{"href":"https:\/\/nsff.no\/magasinet\/wp-json\/wp\/v2\/types\/post"}],"author":[{"embeddable":true,"href":"https:\/\/nsff.no\/magasinet\/wp-json\/wp\/v2\/users\/7"}],"replies":[{"embeddable":true,"href":"https:\/\/nsff.no\/magasinet\/wp-json\/wp\/v2\/comments?post=3937"}],"version-history":[{"count":8,"href":"https:\/\/nsff.no\/magasinet\/wp-json\/wp\/v2\/posts\/3937\/revisions"}],"predecessor-version":[{"id":3948,"href":"https:\/\/nsff.no\/magasinet\/wp-json\/wp\/v2\/posts\/3937\/revisions\/3948"}],"wp:featuredmedia":[{"embeddable":true,"href":"https:\/\/nsff.no\/magasinet\/wp-json\/wp\/v2\/media\/3943"}],"wp:attachment":[{"href":"https:\/\/nsff.no\/magasinet\/wp-json\/wp\/v2\/media?parent=3937"}],"wp:term":[{"taxonomy":"category","embeddable":true,"href":"https:\/\/nsff.no\/magasinet\/wp-json\/wp\/v2\/categories?post=3937"},{"taxonomy":"post_tag","embeddable":true,"href":"https:\/\/nsff.no\/magasinet\/wp-json\/wp\/v2\/tags?post=3937"}],"curies":[{"name":"wp","href":"https:\/\/api.w.org\/{rel}","templated":true}]}}