{"id":3752,"date":"2016-07-05T02:04:13","date_gmt":"2016-07-05T00:04:13","guid":{"rendered":"http:\/\/nsff.no\/magasinet\/?p=3752"},"modified":"2016-07-05T02:11:18","modified_gmt":"2016-07-05T00:11:18","slug":"bodo-fotoklubb-pa-island","status":"publish","type":"post","link":"https:\/\/nsff.no\/magasinet\/2016\/07\/05\/bodo-fotoklubb-pa-island\/","title":{"rendered":"Bod\u00f8 fotoklubb p\u00e5 Island"},"content":{"rendered":"<p>[et_pb_section admin_label=&raquo;section&raquo;][et_pb_row admin_label=&raquo;row&raquo;][et_pb_column type=&raquo;4_4&#8243;][et_pb_text admin_label=&raquo;Tekst&raquo; background_layout=&raquo;light&raquo; text_orientation=&raquo;left&raquo; use_border_color=&raquo;off&raquo; border_color=&raquo;#ffffff&raquo; border_style=&raquo;solid&raquo;]<\/p>\n<p>ISLAND har jeg alltid dr\u00f8mt om \u00e5 bes\u00f8ke og interessen ble bare st\u00f8rre etter at jeg begynte \u00e5 fotografere. For en som fotograferer er det gull verdt \u00e5 reise dit og oppleve det unike landskapet, og det flotte lyset som skifter s\u00e5 fort. Jeg var en av 8 heldige medlemmer av Bod\u00f8 Fotoklubb som fikk muligheten til \u00e5 dra til Island i august 2014. Fire flotte dager med kun fotografering, lange bilturer, god mat og god stemning. Dette var en magisk reise som jeg kommer til gjenta om noen \u00e5r..!<\/p>\n<h2>Dag 1: 28. august 2014<\/h2>\n<p>Vi reiste fra knallv\u00e6r i Bod\u00f8 til 13-14 grader i Reykjavik. Etter et godt m\u00e5ltid var vi i gang med fotografering.<\/p>\n<p>[\/et_pb_text][et_pb_gallery admin_label=&raquo;Galleri&raquo; gallery_ids=&raquo;3759,3776,3760,3762,3764,3775,3780,3781&#8243; fullwidth=&raquo;off&raquo; posts_number=&raquo;20&#8243; show_title_and_caption=&raquo;off&raquo; show_pagination=&raquo;on&raquo; background_layout=&raquo;light&raquo; auto=&raquo;off&raquo; hover_overlay_color=&raquo;rgba(255,255,255,0.9)&raquo; caption_all_caps=&raquo;off&raquo; use_border_color=&raquo;off&raquo; border_color=&raquo;#ffffff&raquo; border_style=&raquo;solid&raquo;]<\/p>\n<p>[\/et_pb_gallery][et_pb_text admin_label=&raquo;Tekst&raquo; background_layout=&raquo;light&raquo; text_orientation=&raquo;left&raquo; use_border_color=&raquo;off&raquo; border_color=&raquo;#ffffff&raquo; border_style=&raquo;solid&raquo;]<\/p>\n<p><a href=\"https:\/\/no.wikipedia.org\/wiki\/Hallgr%C3%ADmskirkja\" target=\"_blank\">Hallgr\u00edmskirkja<\/a> var en spesiell bygning. Regner med at den er med p\u00e5 mange bildebrikker&#8230; Det g\u00e5r an \u00e5 ta heis opp og f\u00e5 oversikt over byen.<\/p>\n<p>[\/et_pb_text][et_pb_gallery admin_label=&raquo;Galleri&raquo; gallery_ids=&raquo;3774,3766,3767,3768,3769,3770,3765,3783&#8243; fullwidth=&raquo;off&raquo; posts_number=&raquo;20&#8243; show_title_and_caption=&raquo;off&raquo; show_pagination=&raquo;on&raquo; background_layout=&raquo;light&raquo; auto=&raquo;off&raquo; hover_overlay_color=&raquo;rgba(255,255,255,0.9)&raquo; caption_all_caps=&raquo;off&raquo; use_border_color=&raquo;off&raquo; border_color=&raquo;#ffffff&raquo; border_style=&raquo;solid&raquo;]<\/p>\n<p>[\/et_pb_gallery][et_pb_text admin_label=&raquo;Tekst&raquo; background_layout=&raquo;light&raquo; text_orientation=&raquo;left&raquo; use_border_color=&raquo;off&raquo; border_color=&raquo;#ffffff&raquo; border_style=&raquo;solid&raquo;]<\/p>\n<p>P\u00e5 kvelden valgte vi \u00e5 kj\u00f8re en tur, og havnet etter hvert p\u00e5 <a href=\"http:\/\/www.thingvellir.is\/\" target=\"_blank\">Thingvellir<\/a> som ligger ca 1,5 timers kj\u00f8ring i retning geysir-omr\u00e5det. Her kan man g\u00e5 timevis og fotografere&#8230; men husk stativ!<\/p>\n<p>[\/et_pb_text][et_pb_image admin_label=&raquo;Bilde&raquo; src=&raquo;http:\/\/nsff.no\/magasinet\/wp-content\/uploads\/sites\/2\/2016\/07\/2014_Dag1_40.jpg&raquo; alt=&raquo;Ved Thingvellir. (foto: Igor Kostin)&raquo; show_in_lightbox=&raquo;on&raquo; url_new_window=&raquo;off&raquo; use_overlay=&raquo;off&raquo; animation=&raquo;off&raquo; sticky=&raquo;off&raquo; align=&raquo;left&raquo; force_fullwidth=&raquo;off&raquo; always_center_on_mobile=&raquo;on&raquo; use_border_color=&raquo;off&raquo; border_color=&raquo;#ffffff&raquo; border_style=&raquo;solid&raquo;]<\/p>\n<p>[\/et_pb_image][et_pb_text admin_label=&raquo;Tekst&raquo; background_layout=&raquo;light&raquo; text_orientation=&raquo;left&raquo; use_border_color=&raquo;off&raquo; border_color=&raquo;#ffffff&raquo; border_style=&raquo;solid&raquo;]<\/p>\n<h2>Dag 2: 29. august 2014<\/h2>\n<p>Vi v\u00e5knet til fint v\u00e6r, og turen gikk til s\u00f8rspissen Vik. F\u00f8rste br\u00e5stopp for hestefotografering! Jeg oppdaget raskt at det er bra med str\u00f8m i gjerdet. Ingen kommentar etter denne opplevelsen&#8230;<\/p>\n<p>[\/et_pb_text][et_pb_gallery admin_label=&raquo;Galleri&raquo; gallery_ids=&raquo;3785,3786,3788,3787&#8243; fullwidth=&raquo;off&raquo; show_title_and_caption=&raquo;off&raquo; show_pagination=&raquo;on&raquo; background_layout=&raquo;light&raquo; auto=&raquo;off&raquo; hover_overlay_color=&raquo;rgba(255,255,255,0.9)&raquo; caption_all_caps=&raquo;off&raquo; use_border_color=&raquo;off&raquo; border_color=&raquo;#ffffff&raquo; border_style=&raquo;solid&raquo;]<\/p>\n<p>[\/et_pb_gallery][et_pb_text admin_label=&raquo;Tekst&raquo; background_layout=&raquo;light&raquo; text_orientation=&raquo;left&raquo; use_border_color=&raquo;off&raquo; border_color=&raquo;#ffffff&raquo; border_style=&raquo;solid&raquo;]<\/p>\n<p>Neste stopp <a href=\"https:\/\/nn.wikipedia.org\/wiki\/Seljalandsfoss\" target=\"_blank\">Seljalandsfossen<\/a>. Litt spesiell foss og interessant for fotografer \u2013 man kan g\u00e5 helt rundt den&#8230; men husk stativ!<br \/>\nFantastisk landskap. Heldige med skyer i himmelen. Vann overalt. Sauer overalt. S\u00e5 kom vi til <a href=\"https:\/\/no.wikipedia.org\/wiki\/Sk\u00f3gafoss\" target=\"_blank\">Sk\u00f3gafoss<\/a>!<\/p>\n<p>[\/et_pb_text][et_pb_gallery admin_label=&raquo;Galleri&raquo; gallery_ids=&raquo;3790,3795,3793,3791,3792,3798,3794,3796&#8243; fullwidth=&raquo;off&raquo; posts_number=&raquo;20&#8243; show_title_and_caption=&raquo;off&raquo; show_pagination=&raquo;on&raquo; background_layout=&raquo;light&raquo; auto=&raquo;off&raquo; hover_overlay_color=&raquo;rgba(255,255,255,0.9)&raquo; caption_all_caps=&raquo;off&raquo; use_border_color=&raquo;off&raquo; border_color=&raquo;#ffffff&raquo; border_style=&raquo;solid&raquo;]<\/p>\n<p>[\/et_pb_gallery][et_pb_text admin_label=&raquo;Tekst&raquo; background_layout=&raquo;light&raquo; text_orientation=&raquo;left&raquo; use_border_color=&raquo;off&raquo; border_color=&raquo;#ffffff&raquo; border_style=&raquo;solid&raquo;]<\/p>\n<p>Vi spiste god lunsj p\u00e5 kafe i Vik. Etterp\u00e5 gikk ferden til <a href=\"https:\/\/no.wikipedia.org\/wiki\/Dyrh\u00f3laey\" target=\"_blank\">Dyrh\u00f3laey<\/a>. V\u00e6ret snudde fort og det bl\u00e5ste kraftig, s\u00e5 stativet hjalp lite. Man m\u00e5tte fotografere med h\u00f8y ISO og en t\u00f8rkeklut klar i h\u00e5nda.<\/p>\n<p>Vi stod og fotograferte det gamle flyvraket, s\u00e5 snur vi oss og ser at Tine har skiftet til uniform. Dermed ble det workshop med portrettfotografering. Dette var utrolig artig. STOR takk til Tine!<\/p>\n<p>[\/et_pb_text][et_pb_gallery admin_label=&raquo;Galleri&raquo; gallery_ids=&raquo;3802,3803,3804,3805&#8243; fullwidth=&raquo;off&raquo; show_title_and_caption=&raquo;off&raquo; show_pagination=&raquo;on&raquo; background_layout=&raquo;light&raquo; auto=&raquo;off&raquo; hover_overlay_color=&raquo;rgba(255,255,255,0.9)&raquo; caption_all_caps=&raquo;off&raquo; use_border_color=&raquo;off&raquo; border_color=&raquo;#ffffff&raquo; border_style=&raquo;solid&raquo;]<\/p>\n<p>[\/et_pb_gallery][et_pb_text admin_label=&raquo;Tekst&raquo; background_layout=&raquo;light&raquo; text_orientation=&raquo;left&raquo; use_border_color=&raquo;off&raquo; border_color=&raquo;#ffffff&raquo; border_style=&raquo;solid&raquo;]<\/p>\n<p>Mot kvelden fikk vi sett det bl\u00e5 lyset i kombinasjon med gul forgrunn.<\/p>\n<div id=\"attachment_3800\" style=\"width: 1190px\" class=\"wp-caption alignnone\"><img loading=\"lazy\" decoding=\"async\" aria-describedby=\"caption-attachment-3800\" src=\"http:\/\/nsff.no\/magasinet\/wp-content\/uploads\/sites\/2\/2016\/07\/2014_dag2_38.jpg\" alt=\"Bod\u00f8 Fotoklubb p\u00e5 Island. Foto: Igor Kostin\" width=\"1180\" height=\"659\" class=\"size-full wp-image-3800\"><p id=\"caption-attachment-3800\" class=\"wp-caption-text\">Bl\u00e5tt lys. (foto: Igor Kostin)<\/p><\/div>\n<h2>Dag 3: 30. august 2014<\/h2>\n<p>Vi v\u00e5knet til en gr\u00e5 dag. Dagens tur gikk til Vestkysten mot Dritvik. (Ja, du leste helt riktig! \ud83d\ude42 )<\/p>\n<p>Etter ca. 2 timers kj\u00f8ring stoppet vi ved <a href=\"http:\/\/www.europeanwaterfalls.com\/waterfalls\/bruarfoss-laugarvatn\/\" target=\"_blank\">Br\u00faarfoss<\/a> ved Lundur. Dette var en fin stopp. Mange i gruppa gikk rett inn i fjellsprekken og fant en liten foss inne. Anne Cathrine og jeg fotograferte utenfor. Det var s\u00e5 flott lys!<\/p>\n<p>[\/et_pb_text][et_pb_gallery admin_label=&raquo;Galleri&raquo; gallery_ids=&raquo;3807,3808,3809,3811,3813,3814,3815,3816&#8243; fullwidth=&raquo;off&raquo; show_title_and_caption=&raquo;off&raquo; show_pagination=&raquo;on&raquo; background_layout=&raquo;light&raquo; auto=&raquo;off&raquo; hover_overlay_color=&raquo;rgba(255,255,255,0.9)&raquo; caption_all_caps=&raquo;off&raquo; use_border_color=&raquo;off&raquo; border_color=&raquo;#ffffff&raquo; border_style=&raquo;solid&raquo; posts_number=&raquo;8&#8243;]<\/p>\n<p>[\/et_pb_gallery][et_pb_text admin_label=&raquo;Tekst&raquo; background_layout=&raquo;light&raquo; text_orientation=&raquo;left&raquo; use_border_color=&raquo;off&raquo; border_color=&raquo;#ffffff&raquo; border_style=&raquo;solid&raquo;]<\/p>\n<h2>Dag 4: 31. august 2014<\/h2>\n<p>Siste dagen med fotografering startet med skikkelig regnv\u00e6r i byen. Etter noen timer med shopping dro vi mot <a href=\"https:\/\/no.wikipedia.org\/wiki\/Gullfoss\" target=\"_blank\">Gullfoss<\/a>. Geysirer! Store vannmengder! Kraftig natur! S\u00e5 kom sola!!! \ud83d\ude42<\/p>\n<p>[\/et_pb_text][et_pb_gallery admin_label=&raquo;Galleri&raquo; gallery_ids=&raquo;3818,3819,3820,3821,3822,3823&#8243; fullwidth=&raquo;off&raquo; posts_number=&raquo;8&#8243; show_title_and_caption=&raquo;off&raquo; show_pagination=&raquo;on&raquo; background_layout=&raquo;light&raquo; auto=&raquo;off&raquo; hover_overlay_color=&raquo;rgba(255,255,255,0.9)&raquo; caption_all_caps=&raquo;off&raquo; use_border_color=&raquo;off&raquo; border_color=&raquo;#ffffff&raquo; border_style=&raquo;solid&raquo;]<\/p>\n<p>[\/et_pb_gallery][et_pb_text admin_label=&raquo;Tekst&raquo; background_layout=&raquo;light&raquo; text_orientation=&raquo;left&raquo; use_border_color=&raquo;off&raquo; border_color=&raquo;#ffffff&raquo; border_style=&raquo;solid&raquo;]<\/p>\n<div id=\"attachment_3801\" style=\"width: 1259px\" class=\"wp-caption alignnone\"><img loading=\"lazy\" decoding=\"async\" aria-describedby=\"caption-attachment-3801\" src=\"http:\/\/nsff.no\/magasinet\/wp-content\/uploads\/sites\/2\/2016\/07\/2014_Dag4_18.jpg\" alt=\"Bod\u00f8 Fotoklubb p\u00e5 Island. Foto: Igor Kostin\" width=\"1249\" height=\"750\" class=\"size-full wp-image-3801\"><p id=\"caption-attachment-3801\" class=\"wp-caption-text\">Dagen g\u00e5r mot slutten og noen har f\u00e5tt NOK av fotografering! (foto: Igor Kostin)<\/p><\/div>\n<p>Takk for en flott tur!<\/p>\n<p><em>Enda flere <a href=\"https:\/\/igorkostinfoto.wordpress.com\/2014\/09\/15\/den-magiske-island\/\" target=\"_blank\">bilder fra denne fantastiske turen sees p\u00e5 Igor Kostins blogg<\/a>. Ogs\u00e5 lokalavisa <a href=\"http:\/\/bodonu.no\/se-bildeserie-det-er-en-utrolig-spontan-hobby\" target=\"_blank\">Bod\u00f8 Nu omtalte turen<\/a>. (red. anm.)<\/em><\/p>\n<p>[\/et_pb_text][\/et_pb_column][\/et_pb_row][\/et_pb_section][et_pb_section admin_label=&raquo;Seksjon&raquo; global_module=&raquo;3402&#8243; fullwidth=&raquo;off&raquo; specialty=&raquo;off&raquo; transparent_background=&raquo;off&raquo; background_color=&raquo;#ffffff&raquo; allow_player_pause=&raquo;off&raquo; inner_shadow=&raquo;off&raquo; parallax=&raquo;off&raquo; parallax_method=&raquo;off&raquo; padding_mobile=&raquo;off&raquo; make_fullwidth=&raquo;off&raquo; use_custom_width=&raquo;off&raquo; width_unit=&raquo;on&raquo; make_equal=&raquo;off&raquo; use_custom_gutter=&raquo;off&raquo;][et_pb_row global_parent=&raquo;3402&#8243; admin_label=&raquo;Rad&raquo;][et_pb_column type=&raquo;4_4&#8243;][et_pb_divider global_parent=&raquo;3402&#8243; admin_label=&raquo;Skillelinje&raquo; color=&raquo;#0c71c3&#8243; show_divider=&raquo;on&raquo; divider_style=&raquo;solid&raquo; divider_position=&raquo;top&raquo; hide_on_mobile=&raquo;on&raquo;]<\/p>\n<p>[\/et_pb_divider][\/et_pb_column][\/et_pb_row][et_pb_row global_parent=&raquo;3402&#8243; admin_label=&raquo;Rad&raquo;][et_pb_column type=&raquo;1_3&#8243;][et_pb_image global_parent=&raquo;3402&#8243; admin_label=&raquo;Bilde&raquo; src=&raquo;http:\/\/nsff.no\/magasinet\/wp-content\/uploads\/sites\/2\/2016\/06\/BFK.jpg&raquo; alt=&raquo;Bod fotoklubb&raquo; show_in_lightbox=&raquo;off&raquo; url_new_window=&raquo;off&raquo; use_overlay=&raquo;off&raquo; animation=&raquo;off&raquo; sticky=&raquo;off&raquo; align=&raquo;left&raquo; force_fullwidth=&raquo;off&raquo; always_center_on_mobile=&raquo;on&raquo; use_border_color=&raquo;off&raquo; border_color=&raquo;#ffffff&raquo; border_style=&raquo;solid&raquo;]<\/p>\n<p>[\/et_pb_image][\/et_pb_column][et_pb_column type=&raquo;2_3&#8243;][et_pb_text global_parent=&raquo;3402&#8243; admin_label=&raquo;Tekst&raquo; background_layout=&raquo;light&raquo; text_orientation=&raquo;left&raquo; use_border_color=&raquo;off&raquo; border_color=&raquo;#ffffff&raquo; border_style=&raquo;solid&raquo;]<\/p>\n<h2>Bod\u00f8 Fotoklubb: L\u00e6r \u2013 bli inspirert \u2013 ta bedre bilder!<\/h2>\n<p><a href=\"http:\/\/bofk.no\/\" target=\"_blank\">Bod\u00f8 Fotoklubb<\/a> er en av landets eldste klubber (1946). Vi teller ca. 70 medlemmer i alle aldre. I v\u00e5rt klubblokale i &laquo;Valhall&raquo; ved Nordland Kultursenter (<a href=\"http:\/\/kart.gulesider.no\/m\/9piNh\" target=\"_blank\">kart<\/a>) har vi aktiviteter minst en gang i uka.<\/p>\n<p>Hos oss kan du l\u00e6re mer om blant annet fototeknikk, bildebehandling og komposisjon. P\u00e5 medlemsm\u00f8tene tar vi opp temaer tilpasset de flestes forkunnskaper. Vi l\u00e6rer av hverandre, men har ogs\u00e5 bes\u00f8k av &laquo;proffer&raquo; i blant. I tillegg arrangerer vi fototurer i Bod\u00f8 og omegn. Kort sagt; du vil f\u00e5 glede og nytte av din fotohobby, og f\u00e5 nye venner som trives i et godt fotofelleskap!<\/p>\n<p>[\/et_pb_text][\/et_pb_column][\/et_pb_row][\/et_pb_section]<\/p>\n","protected":false},"excerpt":{"rendered":"<p>For fotografer har det unike landskapet og flotte, skiftende, lyset p\u00e5 Island en magisk tiltrekningskraft. En gjeng fra Bod\u00f8 Fotoklubb opplevde dr\u00f8mmen!<\/p>\n","protected":false},"author":33,"featured_media":3779,"comment_status":"open","ping_status":"open","sticky":false,"template":"","format":"standard","meta":{"_et_pb_use_builder":"on","_et_pb_old_content":"ISLAND har jeg alltid dr\u00f8mt om \u00e5 bes\u00f8ke og interessen ble bare st\u00f8rre etter at jeg begynte \u00e5 fotografere. For en som fotograferer er det gull verdt \u00e5 reise dit og oppleve det unike landskapet, og det flotte lyset som skifter s\u00e5 fort. Jeg var en av 8 heldige medlemmer av Bod\u00f8 Fotoklubb som fikk muligheten til \u00e5 dra til Island i august 2014. Fire flotte dager med kun fotografering, lange bilturer, god mat og god stemning. Dette var en magisk reise som jeg kommer til gjenta om noen \u00e5r..!\r\n\r\n<h2>Dag 1: 28. august 2014<\/h2>\r\n\r\nVi reiste fra knallv\u00e6r i Bod\u00f8 til 13-14 grader i Reykjavik. Etter et godt m\u00e5ltid var vi i gang med fotografering. Hallgrimkirka var en spesiell bygning. Regner med at den er med p\u00e5 mange bildebrikker... Det g\u00e5r an \u00e5 ta heis opp og f\u00e5 oversikt over byen.","_et_gb_content_width":"","footnotes":""},"categories":[91,51],"tags":[188,264,57,305],"class_list":["post-3752","post","type-post","status-publish","format-standard","has-post-thumbnail","hentry","category-inspirasjon","category-reisebrev","tag-188","tag-bodo-fotoklubb","tag-fototur","tag-island","et-has-post-format-content","et_post_format-et-post-format-standard"],"yoast_head":"<!-- This site is optimized with the Yoast SEO plugin v27.5 - https:\/\/yoast.com\/product\/yoast-seo-wordpress\/ -->\n<title>Bod\u00f8 fotoklubb p\u00e5 Island - NSFF Magasin | Norsk Selskap for Fotografi<\/title>\n<meta name=\"description\" content=\"For fotografer har det unike landskapet og flotte, skiftende, lyset p\u00e5 Island en magisk tiltrekningskraft. En gjeng fra Bod\u00f8 Fotoklubb opplevde dr\u00f8mmen!\" \/>\n<meta name=\"robots\" content=\"index, follow, max-snippet:-1, max-image-preview:large, max-video-preview:-1\" \/>\n<link rel=\"canonical\" href=\"https:\/\/nsff.no\/magasinet\/2016\/07\/05\/bodo-fotoklubb-pa-island\/\" \/>\n<meta property=\"og:locale\" content=\"nb_NO\" \/>\n<meta property=\"og:type\" content=\"article\" \/>\n<meta property=\"og:title\" content=\"Bod\u00f8 fotoklubb p\u00e5 Island - NSFF Magasin | Norsk Selskap for Fotografi\" \/>\n<meta property=\"og:description\" content=\"For fotografer har det unike landskapet og flotte, skiftende, lyset p\u00e5 Island en magisk tiltrekningskraft. En gjeng fra Bod\u00f8 Fotoklubb opplevde dr\u00f8mmen!\" \/>\n<meta property=\"og:url\" content=\"https:\/\/nsff.no\/magasinet\/2016\/07\/05\/bodo-fotoklubb-pa-island\/\" \/>\n<meta property=\"og:site_name\" content=\"NSFF Magasin | Norsk Selskap for Fotografi\" \/>\n<meta property=\"article:published_time\" content=\"2016-07-05T00:04:13+00:00\" \/>\n<meta property=\"article:modified_time\" content=\"2016-07-05T00:11:18+00:00\" \/>\n<meta property=\"og:image\" content=\"https:\/\/nsff.no\/magasinet\/wp-content\/uploads\/sites\/2\/2016\/07\/2014_Dag4_19.jpg\" \/>\n\t<meta property=\"og:image:width\" content=\"1\" \/>\n\t<meta property=\"og:image:height\" content=\"1\" \/>\n\t<meta property=\"og:image:type\" content=\"image\/jpeg\" \/>\n<meta name=\"author\" content=\"Igor Kostin\" \/>\n<meta name=\"twitter:card\" content=\"summary_large_image\" \/>\n<meta name=\"twitter:label1\" content=\"Skrevet av\" \/>\n\t<meta name=\"twitter:data1\" content=\"Igor Kostin\" \/>\n\t<meta name=\"twitter:label2\" content=\"Ansl. lesetid\" \/>\n\t<meta name=\"twitter:data2\" content=\"7 minutter\" \/>\n<script type=\"application\/ld+json\" class=\"yoast-schema-graph\">{\"@context\":\"https:\\\/\\\/schema.org\",\"@graph\":[{\"@type\":\"Article\",\"@id\":\"https:\\\/\\\/nsff.no\\\/magasinet\\\/2016\\\/07\\\/05\\\/bodo-fotoklubb-pa-island\\\/#article\",\"isPartOf\":{\"@id\":\"https:\\\/\\\/nsff.no\\\/magasinet\\\/2016\\\/07\\\/05\\\/bodo-fotoklubb-pa-island\\\/\"},\"author\":{\"name\":\"Igor Kostin\",\"@id\":\"https:\\\/\\\/nsff.no\\\/magasinet\\\/#\\\/schema\\\/person\\\/00cc3f08c0158a4c4c3b9fb9144dd753\"},\"headline\":\"Bod\u00f8 fotoklubb p\u00e5 Island\",\"datePublished\":\"2016-07-05T00:04:13+00:00\",\"dateModified\":\"2016-07-05T00:11:18+00:00\",\"mainEntityOfPage\":{\"@id\":\"https:\\\/\\\/nsff.no\\\/magasinet\\\/2016\\\/07\\\/05\\\/bodo-fotoklubb-pa-island\\\/\"},\"wordCount\":1443,\"commentCount\":0,\"publisher\":{\"@id\":\"https:\\\/\\\/nsff.no\\\/magasinet\\\/#organization\"},\"image\":{\"@id\":\"https:\\\/\\\/nsff.no\\\/magasinet\\\/2016\\\/07\\\/05\\\/bodo-fotoklubb-pa-island\\\/#primaryimage\"},\"thumbnailUrl\":\"https:\\\/\\\/nsff.no\\\/magasinet\\\/wp-content\\\/uploads\\\/sites\\\/2\\\/2016\\\/07\\\/2014_Dag4_19.jpg\",\"keywords\":[\"2014\",\"Bod\u00f8 fotoklubb\",\"fototur\",\"Island\"],\"articleSection\":[\"Inspirasjon\",\"Reisebrev\"],\"inLanguage\":\"nb-NO\",\"potentialAction\":[{\"@type\":\"CommentAction\",\"name\":\"Comment\",\"target\":[\"https:\\\/\\\/nsff.no\\\/magasinet\\\/2016\\\/07\\\/05\\\/bodo-fotoklubb-pa-island\\\/#respond\"]}]},{\"@type\":\"WebPage\",\"@id\":\"https:\\\/\\\/nsff.no\\\/magasinet\\\/2016\\\/07\\\/05\\\/bodo-fotoklubb-pa-island\\\/\",\"url\":\"https:\\\/\\\/nsff.no\\\/magasinet\\\/2016\\\/07\\\/05\\\/bodo-fotoklubb-pa-island\\\/\",\"name\":\"Bod\u00f8 fotoklubb p\u00e5 Island - NSFF Magasin | Norsk Selskap for Fotografi\",\"isPartOf\":{\"@id\":\"https:\\\/\\\/nsff.no\\\/magasinet\\\/#website\"},\"primaryImageOfPage\":{\"@id\":\"https:\\\/\\\/nsff.no\\\/magasinet\\\/2016\\\/07\\\/05\\\/bodo-fotoklubb-pa-island\\\/#primaryimage\"},\"image\":{\"@id\":\"https:\\\/\\\/nsff.no\\\/magasinet\\\/2016\\\/07\\\/05\\\/bodo-fotoklubb-pa-island\\\/#primaryimage\"},\"thumbnailUrl\":\"https:\\\/\\\/nsff.no\\\/magasinet\\\/wp-content\\\/uploads\\\/sites\\\/2\\\/2016\\\/07\\\/2014_Dag4_19.jpg\",\"datePublished\":\"2016-07-05T00:04:13+00:00\",\"dateModified\":\"2016-07-05T00:11:18+00:00\",\"description\":\"For fotografer har det unike landskapet og flotte, skiftende, lyset p\u00e5 Island en magisk tiltrekningskraft. En gjeng fra Bod\u00f8 Fotoklubb opplevde dr\u00f8mmen!\",\"breadcrumb\":{\"@id\":\"https:\\\/\\\/nsff.no\\\/magasinet\\\/2016\\\/07\\\/05\\\/bodo-fotoklubb-pa-island\\\/#breadcrumb\"},\"inLanguage\":\"nb-NO\",\"potentialAction\":[{\"@type\":\"ReadAction\",\"target\":[\"https:\\\/\\\/nsff.no\\\/magasinet\\\/2016\\\/07\\\/05\\\/bodo-fotoklubb-pa-island\\\/\"]}]},{\"@type\":\"ImageObject\",\"inLanguage\":\"nb-NO\",\"@id\":\"https:\\\/\\\/nsff.no\\\/magasinet\\\/2016\\\/07\\\/05\\\/bodo-fotoklubb-pa-island\\\/#primaryimage\",\"url\":\"https:\\\/\\\/nsff.no\\\/magasinet\\\/wp-content\\\/uploads\\\/sites\\\/2\\\/2016\\\/07\\\/2014_Dag4_19.jpg\",\"contentUrl\":\"https:\\\/\\\/nsff.no\\\/magasinet\\\/wp-content\\\/uploads\\\/sites\\\/2\\\/2016\\\/07\\\/2014_Dag4_19.jpg\",\"caption\":\"Bod\u00f8 Fotoklubb p\u00e5 Island. (foto: Igor Kostin)\"},{\"@type\":\"BreadcrumbList\",\"@id\":\"https:\\\/\\\/nsff.no\\\/magasinet\\\/2016\\\/07\\\/05\\\/bodo-fotoklubb-pa-island\\\/#breadcrumb\",\"itemListElement\":[{\"@type\":\"ListItem\",\"position\":1,\"name\":\"Hjem\",\"item\":\"https:\\\/\\\/nsff.no\\\/magasinet\\\/\"},{\"@type\":\"ListItem\",\"position\":2,\"name\":\"Bod\u00f8 fotoklubb p\u00e5 Island\"}]},{\"@type\":\"WebSite\",\"@id\":\"https:\\\/\\\/nsff.no\\\/magasinet\\\/#website\",\"url\":\"https:\\\/\\\/nsff.no\\\/magasinet\\\/\",\"name\":\"NSFF Magasin | Norsk Selskap for Fotografi\",\"description\":\"Medlemsmagasin for film- og fotoentusiaster\",\"publisher\":{\"@id\":\"https:\\\/\\\/nsff.no\\\/magasinet\\\/#organization\"},\"potentialAction\":[{\"@type\":\"SearchAction\",\"target\":{\"@type\":\"EntryPoint\",\"urlTemplate\":\"https:\\\/\\\/nsff.no\\\/magasinet\\\/?s={search_term_string}\"},\"query-input\":{\"@type\":\"PropertyValueSpecification\",\"valueRequired\":true,\"valueName\":\"search_term_string\"}}],\"inLanguage\":\"nb-NO\"},{\"@type\":\"Organization\",\"@id\":\"https:\\\/\\\/nsff.no\\\/magasinet\\\/#organization\",\"name\":\"Norsk Selskap for Fotografo\",\"url\":\"https:\\\/\\\/nsff.no\\\/magasinet\\\/\",\"logo\":{\"@type\":\"ImageObject\",\"inLanguage\":\"nb-NO\",\"@id\":\"https:\\\/\\\/nsff.no\\\/magasinet\\\/#\\\/schema\\\/logo\\\/image\\\/\",\"url\":\"https:\\\/\\\/nsff.no\\\/magasinet\\\/wp-content\\\/uploads\\\/sites\\\/2\\\/2016\\\/05\\\/NSFF-fb-lenkebilde.png\",\"contentUrl\":\"https:\\\/\\\/nsff.no\\\/magasinet\\\/wp-content\\\/uploads\\\/sites\\\/2\\\/2016\\\/05\\\/NSFF-fb-lenkebilde.png\",\"width\":1,\"height\":1,\"caption\":\"Norsk Selskap for Fotografo\"},\"image\":{\"@id\":\"https:\\\/\\\/nsff.no\\\/magasinet\\\/#\\\/schema\\\/logo\\\/image\\\/\"}},{\"@type\":\"Person\",\"@id\":\"https:\\\/\\\/nsff.no\\\/magasinet\\\/#\\\/schema\\\/person\\\/00cc3f08c0158a4c4c3b9fb9144dd753\",\"name\":\"Igor Kostin\",\"image\":{\"@type\":\"ImageObject\",\"inLanguage\":\"nb-NO\",\"@id\":\"https:\\\/\\\/secure.gravatar.com\\\/avatar\\\/91bc17ca282b1e4b695c4fb5e9b78d677120e8214745ee63155223231df147b1?s=96&d=mm&r=g\",\"url\":\"https:\\\/\\\/secure.gravatar.com\\\/avatar\\\/91bc17ca282b1e4b695c4fb5e9b78d677120e8214745ee63155223231df147b1?s=96&d=mm&r=g\",\"contentUrl\":\"https:\\\/\\\/secure.gravatar.com\\\/avatar\\\/91bc17ca282b1e4b695c4fb5e9b78d677120e8214745ee63155223231df147b1?s=96&d=mm&r=g\",\"caption\":\"Igor Kostin\"},\"description\":\"Medlem av Bod\u00f8 Fotoklubb, tidligere regionkontakt Nordland.\",\"url\":\"https:\\\/\\\/nsff.no\\\/magasinet\\\/author\\\/igorkostin\\\/\"}]}<\/script>\n<!-- \/ Yoast SEO plugin. -->","yoast_head_json":{"title":"Bod\u00f8 fotoklubb p\u00e5 Island - NSFF Magasin | Norsk Selskap for Fotografi","description":"For fotografer har det unike landskapet og flotte, skiftende, lyset p\u00e5 Island en magisk tiltrekningskraft. En gjeng fra Bod\u00f8 Fotoklubb opplevde dr\u00f8mmen!","robots":{"index":"index","follow":"follow","max-snippet":"max-snippet:-1","max-image-preview":"max-image-preview:large","max-video-preview":"max-video-preview:-1"},"canonical":"https:\/\/nsff.no\/magasinet\/2016\/07\/05\/bodo-fotoklubb-pa-island\/","og_locale":"nb_NO","og_type":"article","og_title":"Bod\u00f8 fotoklubb p\u00e5 Island - NSFF Magasin | Norsk Selskap for Fotografi","og_description":"For fotografer har det unike landskapet og flotte, skiftende, lyset p\u00e5 Island en magisk tiltrekningskraft. En gjeng fra Bod\u00f8 Fotoklubb opplevde dr\u00f8mmen!","og_url":"https:\/\/nsff.no\/magasinet\/2016\/07\/05\/bodo-fotoklubb-pa-island\/","og_site_name":"NSFF Magasin | Norsk Selskap for Fotografi","article_published_time":"2016-07-05T00:04:13+00:00","article_modified_time":"2016-07-05T00:11:18+00:00","og_image":[{"url":"https:\/\/nsff.no\/magasinet\/wp-content\/uploads\/sites\/2\/2016\/07\/2014_Dag4_19.jpg","width":1,"height":1,"type":"image\/jpeg"}],"author":"Igor Kostin","twitter_card":"summary_large_image","twitter_misc":{"Skrevet av":"Igor Kostin","Ansl. lesetid":"7 minutter"},"schema":{"@context":"https:\/\/schema.org","@graph":[{"@type":"Article","@id":"https:\/\/nsff.no\/magasinet\/2016\/07\/05\/bodo-fotoklubb-pa-island\/#article","isPartOf":{"@id":"https:\/\/nsff.no\/magasinet\/2016\/07\/05\/bodo-fotoklubb-pa-island\/"},"author":{"name":"Igor Kostin","@id":"https:\/\/nsff.no\/magasinet\/#\/schema\/person\/00cc3f08c0158a4c4c3b9fb9144dd753"},"headline":"Bod\u00f8 fotoklubb p\u00e5 Island","datePublished":"2016-07-05T00:04:13+00:00","dateModified":"2016-07-05T00:11:18+00:00","mainEntityOfPage":{"@id":"https:\/\/nsff.no\/magasinet\/2016\/07\/05\/bodo-fotoklubb-pa-island\/"},"wordCount":1443,"commentCount":0,"publisher":{"@id":"https:\/\/nsff.no\/magasinet\/#organization"},"image":{"@id":"https:\/\/nsff.no\/magasinet\/2016\/07\/05\/bodo-fotoklubb-pa-island\/#primaryimage"},"thumbnailUrl":"https:\/\/nsff.no\/magasinet\/wp-content\/uploads\/sites\/2\/2016\/07\/2014_Dag4_19.jpg","keywords":["2014","Bod\u00f8 fotoklubb","fototur","Island"],"articleSection":["Inspirasjon","Reisebrev"],"inLanguage":"nb-NO","potentialAction":[{"@type":"CommentAction","name":"Comment","target":["https:\/\/nsff.no\/magasinet\/2016\/07\/05\/bodo-fotoklubb-pa-island\/#respond"]}]},{"@type":"WebPage","@id":"https:\/\/nsff.no\/magasinet\/2016\/07\/05\/bodo-fotoklubb-pa-island\/","url":"https:\/\/nsff.no\/magasinet\/2016\/07\/05\/bodo-fotoklubb-pa-island\/","name":"Bod\u00f8 fotoklubb p\u00e5 Island - NSFF Magasin | Norsk Selskap for Fotografi","isPartOf":{"@id":"https:\/\/nsff.no\/magasinet\/#website"},"primaryImageOfPage":{"@id":"https:\/\/nsff.no\/magasinet\/2016\/07\/05\/bodo-fotoklubb-pa-island\/#primaryimage"},"image":{"@id":"https:\/\/nsff.no\/magasinet\/2016\/07\/05\/bodo-fotoklubb-pa-island\/#primaryimage"},"thumbnailUrl":"https:\/\/nsff.no\/magasinet\/wp-content\/uploads\/sites\/2\/2016\/07\/2014_Dag4_19.jpg","datePublished":"2016-07-05T00:04:13+00:00","dateModified":"2016-07-05T00:11:18+00:00","description":"For fotografer har det unike landskapet og flotte, skiftende, lyset p\u00e5 Island en magisk tiltrekningskraft. En gjeng fra Bod\u00f8 Fotoklubb opplevde dr\u00f8mmen!","breadcrumb":{"@id":"https:\/\/nsff.no\/magasinet\/2016\/07\/05\/bodo-fotoklubb-pa-island\/#breadcrumb"},"inLanguage":"nb-NO","potentialAction":[{"@type":"ReadAction","target":["https:\/\/nsff.no\/magasinet\/2016\/07\/05\/bodo-fotoklubb-pa-island\/"]}]},{"@type":"ImageObject","inLanguage":"nb-NO","@id":"https:\/\/nsff.no\/magasinet\/2016\/07\/05\/bodo-fotoklubb-pa-island\/#primaryimage","url":"https:\/\/nsff.no\/magasinet\/wp-content\/uploads\/sites\/2\/2016\/07\/2014_Dag4_19.jpg","contentUrl":"https:\/\/nsff.no\/magasinet\/wp-content\/uploads\/sites\/2\/2016\/07\/2014_Dag4_19.jpg","caption":"Bod\u00f8 Fotoklubb p\u00e5 Island. (foto: Igor Kostin)"},{"@type":"BreadcrumbList","@id":"https:\/\/nsff.no\/magasinet\/2016\/07\/05\/bodo-fotoklubb-pa-island\/#breadcrumb","itemListElement":[{"@type":"ListItem","position":1,"name":"Hjem","item":"https:\/\/nsff.no\/magasinet\/"},{"@type":"ListItem","position":2,"name":"Bod\u00f8 fotoklubb p\u00e5 Island"}]},{"@type":"WebSite","@id":"https:\/\/nsff.no\/magasinet\/#website","url":"https:\/\/nsff.no\/magasinet\/","name":"NSFF Magasin | Norsk Selskap for Fotografi","description":"Medlemsmagasin for film- og fotoentusiaster","publisher":{"@id":"https:\/\/nsff.no\/magasinet\/#organization"},"potentialAction":[{"@type":"SearchAction","target":{"@type":"EntryPoint","urlTemplate":"https:\/\/nsff.no\/magasinet\/?s={search_term_string}"},"query-input":{"@type":"PropertyValueSpecification","valueRequired":true,"valueName":"search_term_string"}}],"inLanguage":"nb-NO"},{"@type":"Organization","@id":"https:\/\/nsff.no\/magasinet\/#organization","name":"Norsk Selskap for Fotografo","url":"https:\/\/nsff.no\/magasinet\/","logo":{"@type":"ImageObject","inLanguage":"nb-NO","@id":"https:\/\/nsff.no\/magasinet\/#\/schema\/logo\/image\/","url":"https:\/\/nsff.no\/magasinet\/wp-content\/uploads\/sites\/2\/2016\/05\/NSFF-fb-lenkebilde.png","contentUrl":"https:\/\/nsff.no\/magasinet\/wp-content\/uploads\/sites\/2\/2016\/05\/NSFF-fb-lenkebilde.png","width":1,"height":1,"caption":"Norsk Selskap for Fotografo"},"image":{"@id":"https:\/\/nsff.no\/magasinet\/#\/schema\/logo\/image\/"}},{"@type":"Person","@id":"https:\/\/nsff.no\/magasinet\/#\/schema\/person\/00cc3f08c0158a4c4c3b9fb9144dd753","name":"Igor Kostin","image":{"@type":"ImageObject","inLanguage":"nb-NO","@id":"https:\/\/secure.gravatar.com\/avatar\/91bc17ca282b1e4b695c4fb5e9b78d677120e8214745ee63155223231df147b1?s=96&d=mm&r=g","url":"https:\/\/secure.gravatar.com\/avatar\/91bc17ca282b1e4b695c4fb5e9b78d677120e8214745ee63155223231df147b1?s=96&d=mm&r=g","contentUrl":"https:\/\/secure.gravatar.com\/avatar\/91bc17ca282b1e4b695c4fb5e9b78d677120e8214745ee63155223231df147b1?s=96&d=mm&r=g","caption":"Igor Kostin"},"description":"Medlem av Bod\u00f8 Fotoklubb, tidligere regionkontakt Nordland.","url":"https:\/\/nsff.no\/magasinet\/author\/igorkostin\/"}]}},"_links":{"self":[{"href":"https:\/\/nsff.no\/magasinet\/wp-json\/wp\/v2\/posts\/3752","targetHints":{"allow":["GET"]}}],"collection":[{"href":"https:\/\/nsff.no\/magasinet\/wp-json\/wp\/v2\/posts"}],"about":[{"href":"https:\/\/nsff.no\/magasinet\/wp-json\/wp\/v2\/types\/post"}],"author":[{"embeddable":true,"href":"https:\/\/nsff.no\/magasinet\/wp-json\/wp\/v2\/users\/33"}],"replies":[{"embeddable":true,"href":"https:\/\/nsff.no\/magasinet\/wp-json\/wp\/v2\/comments?post=3752"}],"version-history":[{"count":19,"href":"https:\/\/nsff.no\/magasinet\/wp-json\/wp\/v2\/posts\/3752\/revisions"}],"predecessor-version":[{"id":3827,"href":"https:\/\/nsff.no\/magasinet\/wp-json\/wp\/v2\/posts\/3752\/revisions\/3827"}],"wp:featuredmedia":[{"embeddable":true,"href":"https:\/\/nsff.no\/magasinet\/wp-json\/wp\/v2\/media\/3779"}],"wp:attachment":[{"href":"https:\/\/nsff.no\/magasinet\/wp-json\/wp\/v2\/media?parent=3752"}],"wp:term":[{"taxonomy":"category","embeddable":true,"href":"https:\/\/nsff.no\/magasinet\/wp-json\/wp\/v2\/categories?post=3752"},{"taxonomy":"post_tag","embeddable":true,"href":"https:\/\/nsff.no\/magasinet\/wp-json\/wp\/v2\/tags?post=3752"}],"curies":[{"name":"wp","href":"https:\/\/api.w.org\/{rel}","templated":true}]}}