{"id":3565,"date":"2016-06-28T00:22:02","date_gmt":"2016-06-27T22:22:02","guid":{"rendered":"http:\/\/nsff.no\/magasinet\/?p=3565"},"modified":"2017-02-05T12:36:24","modified_gmt":"2017-02-05T11:36:24","slug":"faro-far-film-fauna","status":"publish","type":"post","link":"https:\/\/nsff.no\/magasinet\/2016\/06\/28\/faro-far-film-fauna\/","title":{"rendered":"F\u00e5r\u00f6 \u2013 F\u00e5r \u2013 Film \u2013 Fauna"},"content":{"rendered":"<p>[et_pb_section admin_label=&raquo;section&raquo;][et_pb_row admin_label=&raquo;row&raquo;][et_pb_column type=&raquo;4_4&#8243;][et_pb_text admin_label=&raquo;Tekst&raquo; background_layout=&raquo;light&raquo; text_orientation=&raquo;left&raquo; use_border_color=&raquo;off&raquo; border_color=&raquo;#ffffff&raquo; border_style=&raquo;solid&raquo;]<\/p>\n<p>Mange velger Gotland som sitt reisem\u00e5l. Noen tar turen over til <a href=\"https:\/\/no.wikipedia.org\/wiki\/F\u00e5r\u00f6\" target=\"_blank\">\u00f8ya F\u00e5r\u00f6, nord p\u00e5 Gotland<\/a>. For meg er F\u00e5r\u00f6 m\u00e5let, og det anbefales. Det er nok av overnattingsmuligheter \u00e5 velge imellom i form av hoteller, gjestehus, camping og vandrerhjem. P\u00e5 F\u00e5r\u00f6 er nattelivet ikke-eksisterende, her er naturen i sentrum, men det kan hende det g\u00e5r en film p\u00e5 den lokale kinoen eller at det arrangeres en konsert. Men det er roen og naturen som er det beste med F\u00e5r\u00f6.<\/p>\n<h3>F\u00e5r<\/h3>\n<p>&#8230; ser du overalt p\u00e5 F\u00e5r\u00f6. Her heter f\u00e5r <em>lamm<\/em> og lammene f\u00e5r <em>lammunger<\/em>. En v\u00e6r heter <em>bagge<\/em> og har ekstra store horn her p\u00e5 \u00f8ya. Gotland har en egen rase.<\/p>\n<p>[\/et_pb_text][et_pb_image admin_label=&raquo;Bilde&raquo; src=&raquo;http:\/\/nsff.no\/magasinet\/wp-content\/uploads\/sites\/2\/2016\/06\/faaro_KariMikalsen_02.jpg&raquo; alt=&raquo;Reisebrev fra F\u00e5r\u00f6. Foto: Kari Mikalsen&raquo; show_in_lightbox=&raquo;on&raquo; url_new_window=&raquo;off&raquo; use_overlay=&raquo;off&raquo; animation=&raquo;off&raquo; sticky=&raquo;off&raquo; align=&raquo;left&raquo; force_fullwidth=&raquo;off&raquo; always_center_on_mobile=&raquo;on&raquo; use_border_color=&raquo;off&raquo; border_color=&raquo;#ffffff&raquo; border_style=&raquo;solid&raquo;]<\/p>\n<p>[\/et_pb_image][et_pb_text admin_label=&raquo;fillm&raquo; background_layout=&raquo;light&raquo; text_orientation=&raquo;left&raquo; use_border_color=&raquo;off&raquo; border_color=&raquo;#ffffff&raquo; border_style=&raquo;solid&raquo;]<\/p>\n<h3>Film<\/h3>\n<p>Ingmar Bergman satte F\u00e5r\u00f6 p\u00e5 kartet da han kom hit for \u00e5 lage film og senere valgte \u00e5 bosette seg her. Han har satt spor etter seg p\u00e5 \u00f8ya, hvor han bodde frem til sin d\u00f8d. Han ligger begravet p\u00e5 \u00f8yas kirkeg\u00e5rd. Mange av husene hans blir tatt vare p\u00e5 for ettertiden, og kunstnere innenfor alle sjangere kan s\u00f8ke om \u00e5 bli stipendiat og bo i et av Bergman sine hus mens de jobber med sitt prosjekt. <a href=\"http:\/\/www.bergmancenter.se\/bergmanveckan\/\" target=\"_blank\">Bergmanuken<\/a> arrangeres i juli, da er det konserter, filmer, teater og mye mer. <a href=\"http:\/\/www.bergmancenter.se\" target=\"_blank\">Bergmansenteret<\/a> ligger langs hovedveien og er verdt et bes\u00f8k.<\/p>\n<p>[\/et_pb_text][et_pb_image admin_label=&raquo;Bilde&raquo; src=&raquo;http:\/\/nsff.no\/magasinet\/wp-content\/uploads\/sites\/2\/2016\/06\/Bilde-03-Faro.jpg&raquo; alt=&raquo;Reisebrev fra F\u00e5r\u00f6. Foto: Kari Mikalsen&raquo; show_in_lightbox=&raquo;on&raquo; url_new_window=&raquo;off&raquo; use_overlay=&raquo;off&raquo; animation=&raquo;off&raquo; sticky=&raquo;off&raquo; align=&raquo;left&raquo; force_fullwidth=&raquo;off&raquo; always_center_on_mobile=&raquo;on&raquo; use_border_color=&raquo;off&raquo; border_color=&raquo;#ffffff&raquo; border_style=&raquo;solid&raquo;]<\/p>\n<p>[\/et_pb_image][et_pb_text admin_label=&raquo;fauna&raquo; background_layout=&raquo;light&raquo; text_orientation=&raquo;left&raquo; use_border_color=&raquo;off&raquo; border_color=&raquo;#ffffff&raquo; border_style=&raquo;solid&raquo;]<\/p>\n<h3>Fauna<\/h3>\n<p>F\u00e5r\u00f6 har et rikt dyre- og planteliv. Det er flere sjeldne arter her, som er vernet for ettertiden. N\u00e5r du reiser rundt p\u00e5 \u00f8ya finner du informasjonstavler som forteller om arter i omr\u00e5det og historiske begivenheter. Her kan naturfotografen lete etter sjeldne planter og insekter.<\/p>\n<p>[\/et_pb_text][et_pb_image admin_label=&raquo;Bilde&raquo; src=&raquo;http:\/\/nsff.no\/magasinet\/wp-content\/uploads\/sites\/2\/2016\/06\/faaro_KariMikalsen_04.jpg&raquo; alt=&raquo;Reisebrev fra F\u00e5r\u00f6. Foto: Kari Mikalsen&raquo; show_in_lightbox=&raquo;on&raquo; url_new_window=&raquo;off&raquo; use_overlay=&raquo;off&raquo; animation=&raquo;off&raquo; sticky=&raquo;off&raquo; align=&raquo;left&raquo; force_fullwidth=&raquo;off&raquo; always_center_on_mobile=&raquo;on&raquo; use_border_color=&raquo;off&raquo; border_color=&raquo;#ffffff&raquo; border_style=&raquo;solid&raquo;]<\/p>\n<p>[\/et_pb_image][et_pb_text admin_label=&raquo;sykkel, fottur, rauk, fossiler&raquo; background_layout=&raquo;light&raquo; text_orientation=&raquo;left&raquo; use_border_color=&raquo;off&raquo; border_color=&raquo;#ffffff&raquo; border_style=&raquo;solid&raquo;]<\/p>\n<p>F\u00e5r\u00f6 er stedet for den rolige ferien; for sykkelturen og for fotturen. Det er ogs\u00e5 greit \u00e5 ta seg rundt i bil, selv om de fleste veiene er smale. <\/p>\n<p>F\u00e5r\u00f6 sine <a href=\"https:\/\/no.wikipedia.org\/wiki\/Rauk\" target=\"_blank\">raukomr\u00e5der<\/a> er fascinerende og imponerende. De anbefales et bes\u00f8k n\u00e5r kveldslyset farger kalksteinen rosa og det blir vakker solnedgang i horisonten. Her kan du bokstavelig vandre p\u00e5 fossiler som du ser i steinen du g\u00e5r p\u00e5.<\/p>\n<p>[\/et_pb_text][et_pb_image admin_label=&raquo;Bilde&raquo; src=&raquo;http:\/\/nsff.no\/magasinet\/wp-content\/uploads\/sites\/2\/2016\/06\/faaro_KariMikalsen_05.jpg&raquo; alt=&raquo;Reisebrev fra F\u00e5r\u00f6. Foto: Kari Mikalsen&raquo; show_in_lightbox=&raquo;on&raquo; url_new_window=&raquo;off&raquo; use_overlay=&raquo;off&raquo; animation=&raquo;off&raquo; sticky=&raquo;off&raquo; align=&raquo;left&raquo; force_fullwidth=&raquo;off&raquo; always_center_on_mobile=&raquo;on&raquo; use_border_color=&raquo;off&raquo; border_color=&raquo;#ffffff&raquo; border_style=&raquo;solid&raquo;]<\/p>\n<p>[\/et_pb_image][et_pb_text admin_label=&raquo;natur, Kutens, kafeer&raquo; background_layout=&raquo;light&raquo; text_orientation=&raquo;left&raquo; use_border_color=&raquo;off&raquo; border_color=&raquo;#ffffff&raquo; border_style=&raquo;solid&raquo;]<\/p>\n<p>Jeg liker roen p\u00e5 \u00f8ya, naturen og kulturlandskapet. Jeg regner meg ikke som naturfotograf, men jeg liker kontrastene i naturen her. <\/p>\n<p>P\u00e5 <a href=\"https:\/\/www.facebook.com\/kutens.bensin\" target=\"_blank\">Kutens Bensin<\/a>, med <a href=\"https:\/\/www.facebook.com\/Cr\u00eaperie-Tati-188473767871349\/\" target=\"_blank\">Cr\u00eaperie Tati<\/a>, er 50-tallet absolutt til stede i innredning inne og ute. Her er nok av motiver for oss som liker rust og litt forfall. Og lunsjen spises selvf\u00f8lgelig her i de sv\u00e6rt spesielle omgivelsene. Pannekakene er kjempegode!<\/p>\n<p>[\/et_pb_text][et_pb_image admin_label=&raquo;Bilde&raquo; src=&raquo;http:\/\/nsff.no\/magasinet\/wp-content\/uploads\/sites\/2\/2016\/06\/faaro_KariMikalsen_06.jpg&raquo; alt=&raquo;Reisebrev fra F\u00e5r\u00f6. Foto: Kari Mikalsen&raquo; show_in_lightbox=&raquo;on&raquo; url_new_window=&raquo;off&raquo; use_overlay=&raquo;off&raquo; animation=&raquo;off&raquo; sticky=&raquo;off&raquo; align=&raquo;left&raquo; force_fullwidth=&raquo;off&raquo; always_center_on_mobile=&raquo;on&raquo; use_border_color=&raquo;off&raquo; border_color=&raquo;#ffffff&raquo; border_style=&raquo;solid&raquo;]<\/p>\n<p>[\/et_pb_image][et_pb_text admin_label=&raquo;Tekst&raquo; background_layout=&raquo;light&raquo; text_orientation=&raquo;left&raquo; use_border_color=&raquo;off&raquo; border_color=&raquo;#ffffff&raquo; border_style=&raquo;solid&raquo;]<\/p>\n<p>Er man f\u00f8rst p\u00e5 F\u00e5r\u00f6 kommer man heller ikke utenom et bes\u00f8k hos <a href=\"https:\/\/www.facebook.com\/Sylvis-D\u00f6ttrar-AB-276541242510294\/\" target=\"_blank\">Sylvis D\u00f6ttrar<\/a>, en kaf\u00e9 med god bakst.<\/p>\n<p>God tur!<\/p>\n<p>[\/et_pb_text][et_pb_image admin_label=&raquo;Bilde&raquo; src=&raquo;http:\/\/nsff.no\/magasinet\/wp-content\/uploads\/sites\/2\/2016\/06\/faaro_KariMikalsen_07.jpg&raquo; alt=&raquo;Reisebrev fra F\u00e5r\u00f6. Foto: Kari Mikalsen&raquo; show_in_lightbox=&raquo;on&raquo; url_new_window=&raquo;off&raquo; use_overlay=&raquo;off&raquo; animation=&raquo;off&raquo; sticky=&raquo;off&raquo; align=&raquo;left&raquo; force_fullwidth=&raquo;off&raquo; always_center_on_mobile=&raquo;on&raquo; use_border_color=&raquo;off&raquo; border_color=&raquo;#ffffff&raquo; border_style=&raquo;solid&raquo;]<\/p>\n<p>[\/et_pb_image][\/et_pb_column][\/et_pb_row][\/et_pb_section]<\/p>\n","protected":false},"excerpt":{"rendered":"<p>P\u00e5 F\u00e5r\u00f6 er nattelivet ikke-eksisterende, selv om det kan hende det g\u00e5r en film p\u00e5 den lokale kinoen eller at det arrangeres en konsert. Men det er roen og naturen som er det beste med denne lille svenske \u00f8ya.<\/p>\n","protected":false},"author":36,"featured_media":3567,"comment_status":"open","ping_status":"open","sticky":false,"template":"","format":"standard","meta":{"_et_pb_use_builder":"on","_et_pb_old_content":"Mange velger Gotland som sitt reisem\u00e5l. Noen tar turen over til \u00f8ya F\u00e5r\u00f6, nord p\u00e5 Gotland. For meg er F\u00e5r\u00f6 m\u00e5let, og det anbefales. Det er nok av overnattingsmuligheter \u00e5 velge imellom i form av hoteller, gjestehus, camping og vandrerhjem. P\u00e5 F\u00e5r\u00f6 er nattelivet ikke-eksisterende, her er naturen i sentrum, men det kan hende det g\u00e5r en film p\u00e5 den lokale kinoen eller at det arrangeres en konsert. Men det er roen og naturen som er det beste med F\u00e5r\u00f6.\r\n\r\n<h3>F\u00e5r<\/h3>\r\n... ser du overalt p\u00e5 F\u00e5r\u00f6. Her heter f\u00e5r <em>lamm<\/em> og lammene f\u00e5r <em>lammunger<\/em>. En v\u00e6r heter <em>bagge<\/em> og har ekstra store horn her p\u00e5 \u00f8ya. Gotland har en egen rase.","_et_gb_content_width":"","footnotes":""},"categories":[91,51],"tags":[295,57,294,174],"class_list":["post-3565","post","type-post","status-publish","format-standard","has-post-thumbnail","hentry","category-inspirasjon","category-reisebrev","tag-faro","tag-fototur","tag-gotland","tag-sverige","et-has-post-format-content","et_post_format-et-post-format-standard"],"yoast_head":"<!-- This site is optimized with the Yoast SEO plugin v27.5 - https:\/\/yoast.com\/product\/yoast-seo-wordpress\/ -->\n<title>F\u00e5r\u00f6 \u2013 F\u00e5r \u2013 Film \u2013 Fauna - NSFF Magasin | Norsk Selskap for Fotografi<\/title>\n<meta name=\"description\" content=\"P\u00e5 F\u00e5r\u00f6 er nattelivet ikke-eksisterende, selv om det kan hende at det g\u00e5r en film p\u00e5 kinoen. Men det er roen og naturen som er den lille \u00f8yas trekkplaster.\" \/>\n<meta name=\"robots\" content=\"index, follow, max-snippet:-1, max-image-preview:large, max-video-preview:-1\" \/>\n<link rel=\"canonical\" href=\"https:\/\/nsff.no\/magasinet\/2016\/06\/28\/faro-far-film-fauna\/\" \/>\n<meta property=\"og:locale\" content=\"nb_NO\" \/>\n<meta property=\"og:type\" content=\"article\" \/>\n<meta property=\"og:title\" content=\"F\u00e5r\u00f6 \u2013 F\u00e5r \u2013 Film \u2013 Fauna - NSFF Magasin | Norsk Selskap for Fotografi\" \/>\n<meta property=\"og:description\" content=\"P\u00e5 F\u00e5r\u00f6 er nattelivet ikke-eksisterende, selv om det kan hende at det g\u00e5r en film p\u00e5 kinoen. Men det er roen og naturen som er den lille \u00f8yas trekkplaster.\" \/>\n<meta property=\"og:url\" content=\"https:\/\/nsff.no\/magasinet\/2016\/06\/28\/faro-far-film-fauna\/\" \/>\n<meta property=\"og:site_name\" content=\"NSFF Magasin | Norsk Selskap for Fotografi\" \/>\n<meta property=\"article:published_time\" content=\"2016-06-27T22:22:02+00:00\" \/>\n<meta property=\"article:modified_time\" content=\"2017-02-05T11:36:24+00:00\" \/>\n<meta property=\"og:image\" content=\"https:\/\/nsff.no\/magasinet\/wp-content\/uploads\/sites\/2\/2016\/06\/faaro_KariMikalsen_02.jpg\" \/>\n\t<meta property=\"og:image:width\" content=\"1\" \/>\n\t<meta property=\"og:image:height\" content=\"1\" \/>\n\t<meta property=\"og:image:type\" content=\"image\/jpeg\" \/>\n<meta name=\"author\" content=\"Kari Mikalsen\" \/>\n<meta name=\"twitter:card\" content=\"summary_large_image\" \/>\n<meta name=\"twitter:label1\" content=\"Skrevet av\" \/>\n\t<meta name=\"twitter:data1\" content=\"Kari Mikalsen\" \/>\n\t<meta name=\"twitter:label2\" content=\"Ansl. lesetid\" \/>\n\t<meta name=\"twitter:data2\" content=\"5 minutter\" \/>\n<script type=\"application\/ld+json\" class=\"yoast-schema-graph\">{\"@context\":\"https:\\\/\\\/schema.org\",\"@graph\":[{\"@type\":\"Article\",\"@id\":\"https:\\\/\\\/nsff.no\\\/magasinet\\\/2016\\\/06\\\/28\\\/faro-far-film-fauna\\\/#article\",\"isPartOf\":{\"@id\":\"https:\\\/\\\/nsff.no\\\/magasinet\\\/2016\\\/06\\\/28\\\/faro-far-film-fauna\\\/\"},\"author\":{\"name\":\"Kari Mikalsen\",\"@id\":\"https:\\\/\\\/nsff.no\\\/magasinet\\\/#\\\/schema\\\/person\\\/247ade43efc1bf80d0ed13b7ac6744f5\"},\"headline\":\"F\u00e5r\u00f6 \u2013 F\u00e5r \u2013 Film \u2013 Fauna\",\"datePublished\":\"2016-06-27T22:22:02+00:00\",\"dateModified\":\"2017-02-05T11:36:24+00:00\",\"mainEntityOfPage\":{\"@id\":\"https:\\\/\\\/nsff.no\\\/magasinet\\\/2016\\\/06\\\/28\\\/faro-far-film-fauna\\\/\"},\"wordCount\":1001,\"commentCount\":2,\"publisher\":{\"@id\":\"https:\\\/\\\/nsff.no\\\/magasinet\\\/#organization\"},\"image\":{\"@id\":\"https:\\\/\\\/nsff.no\\\/magasinet\\\/2016\\\/06\\\/28\\\/faro-far-film-fauna\\\/#primaryimage\"},\"thumbnailUrl\":\"https:\\\/\\\/nsff.no\\\/magasinet\\\/wp-content\\\/uploads\\\/sites\\\/2\\\/2016\\\/06\\\/faaro_KariMikalsen_01.jpg\",\"keywords\":[\"F\u00e5r\u00f8\",\"fototur\",\"Gotland\",\"Sverige\"],\"articleSection\":[\"Inspirasjon\",\"Reisebrev\"],\"inLanguage\":\"nb-NO\",\"potentialAction\":[{\"@type\":\"CommentAction\",\"name\":\"Comment\",\"target\":[\"https:\\\/\\\/nsff.no\\\/magasinet\\\/2016\\\/06\\\/28\\\/faro-far-film-fauna\\\/#respond\"]}]},{\"@type\":\"WebPage\",\"@id\":\"https:\\\/\\\/nsff.no\\\/magasinet\\\/2016\\\/06\\\/28\\\/faro-far-film-fauna\\\/\",\"url\":\"https:\\\/\\\/nsff.no\\\/magasinet\\\/2016\\\/06\\\/28\\\/faro-far-film-fauna\\\/\",\"name\":\"F\u00e5r\u00f6 \u2013 F\u00e5r \u2013 Film \u2013 Fauna - NSFF Magasin | Norsk Selskap for Fotografi\",\"isPartOf\":{\"@id\":\"https:\\\/\\\/nsff.no\\\/magasinet\\\/#website\"},\"primaryImageOfPage\":{\"@id\":\"https:\\\/\\\/nsff.no\\\/magasinet\\\/2016\\\/06\\\/28\\\/faro-far-film-fauna\\\/#primaryimage\"},\"image\":{\"@id\":\"https:\\\/\\\/nsff.no\\\/magasinet\\\/2016\\\/06\\\/28\\\/faro-far-film-fauna\\\/#primaryimage\"},\"thumbnailUrl\":\"https:\\\/\\\/nsff.no\\\/magasinet\\\/wp-content\\\/uploads\\\/sites\\\/2\\\/2016\\\/06\\\/faaro_KariMikalsen_01.jpg\",\"datePublished\":\"2016-06-27T22:22:02+00:00\",\"dateModified\":\"2017-02-05T11:36:24+00:00\",\"description\":\"P\u00e5 F\u00e5r\u00f6 er nattelivet ikke-eksisterende, selv om det kan hende at det g\u00e5r en film p\u00e5 kinoen. Men det er roen og naturen som er den lille \u00f8yas trekkplaster.\",\"breadcrumb\":{\"@id\":\"https:\\\/\\\/nsff.no\\\/magasinet\\\/2016\\\/06\\\/28\\\/faro-far-film-fauna\\\/#breadcrumb\"},\"inLanguage\":\"nb-NO\",\"potentialAction\":[{\"@type\":\"ReadAction\",\"target\":[\"https:\\\/\\\/nsff.no\\\/magasinet\\\/2016\\\/06\\\/28\\\/faro-far-film-fauna\\\/\"]}]},{\"@type\":\"ImageObject\",\"inLanguage\":\"nb-NO\",\"@id\":\"https:\\\/\\\/nsff.no\\\/magasinet\\\/2016\\\/06\\\/28\\\/faro-far-film-fauna\\\/#primaryimage\",\"url\":\"https:\\\/\\\/nsff.no\\\/magasinet\\\/wp-content\\\/uploads\\\/sites\\\/2\\\/2016\\\/06\\\/faaro_KariMikalsen_01.jpg\",\"contentUrl\":\"https:\\\/\\\/nsff.no\\\/magasinet\\\/wp-content\\\/uploads\\\/sites\\\/2\\\/2016\\\/06\\\/faaro_KariMikalsen_01.jpg\",\"caption\":\"Reisebrev fra F\u00e5r\u00f6. Foto: Kari Mikalsen\"},{\"@type\":\"BreadcrumbList\",\"@id\":\"https:\\\/\\\/nsff.no\\\/magasinet\\\/2016\\\/06\\\/28\\\/faro-far-film-fauna\\\/#breadcrumb\",\"itemListElement\":[{\"@type\":\"ListItem\",\"position\":1,\"name\":\"Hjem\",\"item\":\"https:\\\/\\\/nsff.no\\\/magasinet\\\/\"},{\"@type\":\"ListItem\",\"position\":2,\"name\":\"F\u00e5r\u00f6 \u2013 F\u00e5r \u2013 Film \u2013 Fauna\"}]},{\"@type\":\"WebSite\",\"@id\":\"https:\\\/\\\/nsff.no\\\/magasinet\\\/#website\",\"url\":\"https:\\\/\\\/nsff.no\\\/magasinet\\\/\",\"name\":\"NSFF Magasin | Norsk Selskap for Fotografi\",\"description\":\"Medlemsmagasin for film- og fotoentusiaster\",\"publisher\":{\"@id\":\"https:\\\/\\\/nsff.no\\\/magasinet\\\/#organization\"},\"potentialAction\":[{\"@type\":\"SearchAction\",\"target\":{\"@type\":\"EntryPoint\",\"urlTemplate\":\"https:\\\/\\\/nsff.no\\\/magasinet\\\/?s={search_term_string}\"},\"query-input\":{\"@type\":\"PropertyValueSpecification\",\"valueRequired\":true,\"valueName\":\"search_term_string\"}}],\"inLanguage\":\"nb-NO\"},{\"@type\":\"Organization\",\"@id\":\"https:\\\/\\\/nsff.no\\\/magasinet\\\/#organization\",\"name\":\"Norsk Selskap for Fotografo\",\"url\":\"https:\\\/\\\/nsff.no\\\/magasinet\\\/\",\"logo\":{\"@type\":\"ImageObject\",\"inLanguage\":\"nb-NO\",\"@id\":\"https:\\\/\\\/nsff.no\\\/magasinet\\\/#\\\/schema\\\/logo\\\/image\\\/\",\"url\":\"https:\\\/\\\/nsff.no\\\/magasinet\\\/wp-content\\\/uploads\\\/sites\\\/2\\\/2016\\\/05\\\/NSFF-fb-lenkebilde.png\",\"contentUrl\":\"https:\\\/\\\/nsff.no\\\/magasinet\\\/wp-content\\\/uploads\\\/sites\\\/2\\\/2016\\\/05\\\/NSFF-fb-lenkebilde.png\",\"width\":1,\"height\":1,\"caption\":\"Norsk Selskap for Fotografo\"},\"image\":{\"@id\":\"https:\\\/\\\/nsff.no\\\/magasinet\\\/#\\\/schema\\\/logo\\\/image\\\/\"}},{\"@type\":\"Person\",\"@id\":\"https:\\\/\\\/nsff.no\\\/magasinet\\\/#\\\/schema\\\/person\\\/247ade43efc1bf80d0ed13b7ac6744f5\",\"name\":\"Kari Mikalsen\",\"image\":{\"@type\":\"ImageObject\",\"inLanguage\":\"nb-NO\",\"@id\":\"https:\\\/\\\/secure.gravatar.com\\\/avatar\\\/5399be0e4ce0ce5edb533ec8edee44d54e63ed0c4f9f5dd1725a20f7e65c4903?s=96&d=mm&r=g\",\"url\":\"https:\\\/\\\/secure.gravatar.com\\\/avatar\\\/5399be0e4ce0ce5edb533ec8edee44d54e63ed0c4f9f5dd1725a20f7e65c4903?s=96&d=mm&r=g\",\"contentUrl\":\"https:\\\/\\\/secure.gravatar.com\\\/avatar\\\/5399be0e4ce0ce5edb533ec8edee44d54e63ed0c4f9f5dd1725a20f7e65c4903?s=96&d=mm&r=g\",\"caption\":\"Kari Mikalsen\"},\"description\":\"Medlem i Fredrikstad fotoklubb og Bekkalokket fotoklubb. Tidligere regionkontakt \u00d8stfold. ANSFF (2002), ENSFF (2002), EsNSFF (2002), HonENSFF (2005); AFIAP (2003).\",\"url\":\"https:\\\/\\\/nsff.no\\\/magasinet\\\/author\\\/karimikalsen\\\/\"}]}<\/script>\n<!-- \/ Yoast SEO plugin. -->","yoast_head_json":{"title":"F\u00e5r\u00f6 \u2013 F\u00e5r \u2013 Film \u2013 Fauna - NSFF Magasin | Norsk Selskap for Fotografi","description":"P\u00e5 F\u00e5r\u00f6 er nattelivet ikke-eksisterende, selv om det kan hende at det g\u00e5r en film p\u00e5 kinoen. Men det er roen og naturen som er den lille \u00f8yas trekkplaster.","robots":{"index":"index","follow":"follow","max-snippet":"max-snippet:-1","max-image-preview":"max-image-preview:large","max-video-preview":"max-video-preview:-1"},"canonical":"https:\/\/nsff.no\/magasinet\/2016\/06\/28\/faro-far-film-fauna\/","og_locale":"nb_NO","og_type":"article","og_title":"F\u00e5r\u00f6 \u2013 F\u00e5r \u2013 Film \u2013 Fauna - NSFF Magasin | Norsk Selskap for Fotografi","og_description":"P\u00e5 F\u00e5r\u00f6 er nattelivet ikke-eksisterende, selv om det kan hende at det g\u00e5r en film p\u00e5 kinoen. Men det er roen og naturen som er den lille \u00f8yas trekkplaster.","og_url":"https:\/\/nsff.no\/magasinet\/2016\/06\/28\/faro-far-film-fauna\/","og_site_name":"NSFF Magasin | Norsk Selskap for Fotografi","article_published_time":"2016-06-27T22:22:02+00:00","article_modified_time":"2017-02-05T11:36:24+00:00","og_image":[{"url":"https:\/\/nsff.no\/magasinet\/wp-content\/uploads\/sites\/2\/2016\/06\/faaro_KariMikalsen_02.jpg","width":1,"height":1,"type":"image\/jpeg"}],"author":"Kari Mikalsen","twitter_card":"summary_large_image","twitter_misc":{"Skrevet av":"Kari Mikalsen","Ansl. lesetid":"5 minutter"},"schema":{"@context":"https:\/\/schema.org","@graph":[{"@type":"Article","@id":"https:\/\/nsff.no\/magasinet\/2016\/06\/28\/faro-far-film-fauna\/#article","isPartOf":{"@id":"https:\/\/nsff.no\/magasinet\/2016\/06\/28\/faro-far-film-fauna\/"},"author":{"name":"Kari Mikalsen","@id":"https:\/\/nsff.no\/magasinet\/#\/schema\/person\/247ade43efc1bf80d0ed13b7ac6744f5"},"headline":"F\u00e5r\u00f6 \u2013 F\u00e5r \u2013 Film \u2013 Fauna","datePublished":"2016-06-27T22:22:02+00:00","dateModified":"2017-02-05T11:36:24+00:00","mainEntityOfPage":{"@id":"https:\/\/nsff.no\/magasinet\/2016\/06\/28\/faro-far-film-fauna\/"},"wordCount":1001,"commentCount":2,"publisher":{"@id":"https:\/\/nsff.no\/magasinet\/#organization"},"image":{"@id":"https:\/\/nsff.no\/magasinet\/2016\/06\/28\/faro-far-film-fauna\/#primaryimage"},"thumbnailUrl":"https:\/\/nsff.no\/magasinet\/wp-content\/uploads\/sites\/2\/2016\/06\/faaro_KariMikalsen_01.jpg","keywords":["F\u00e5r\u00f8","fototur","Gotland","Sverige"],"articleSection":["Inspirasjon","Reisebrev"],"inLanguage":"nb-NO","potentialAction":[{"@type":"CommentAction","name":"Comment","target":["https:\/\/nsff.no\/magasinet\/2016\/06\/28\/faro-far-film-fauna\/#respond"]}]},{"@type":"WebPage","@id":"https:\/\/nsff.no\/magasinet\/2016\/06\/28\/faro-far-film-fauna\/","url":"https:\/\/nsff.no\/magasinet\/2016\/06\/28\/faro-far-film-fauna\/","name":"F\u00e5r\u00f6 \u2013 F\u00e5r \u2013 Film \u2013 Fauna - NSFF Magasin | Norsk Selskap for Fotografi","isPartOf":{"@id":"https:\/\/nsff.no\/magasinet\/#website"},"primaryImageOfPage":{"@id":"https:\/\/nsff.no\/magasinet\/2016\/06\/28\/faro-far-film-fauna\/#primaryimage"},"image":{"@id":"https:\/\/nsff.no\/magasinet\/2016\/06\/28\/faro-far-film-fauna\/#primaryimage"},"thumbnailUrl":"https:\/\/nsff.no\/magasinet\/wp-content\/uploads\/sites\/2\/2016\/06\/faaro_KariMikalsen_01.jpg","datePublished":"2016-06-27T22:22:02+00:00","dateModified":"2017-02-05T11:36:24+00:00","description":"P\u00e5 F\u00e5r\u00f6 er nattelivet ikke-eksisterende, selv om det kan hende at det g\u00e5r en film p\u00e5 kinoen. Men det er roen og naturen som er den lille \u00f8yas trekkplaster.","breadcrumb":{"@id":"https:\/\/nsff.no\/magasinet\/2016\/06\/28\/faro-far-film-fauna\/#breadcrumb"},"inLanguage":"nb-NO","potentialAction":[{"@type":"ReadAction","target":["https:\/\/nsff.no\/magasinet\/2016\/06\/28\/faro-far-film-fauna\/"]}]},{"@type":"ImageObject","inLanguage":"nb-NO","@id":"https:\/\/nsff.no\/magasinet\/2016\/06\/28\/faro-far-film-fauna\/#primaryimage","url":"https:\/\/nsff.no\/magasinet\/wp-content\/uploads\/sites\/2\/2016\/06\/faaro_KariMikalsen_01.jpg","contentUrl":"https:\/\/nsff.no\/magasinet\/wp-content\/uploads\/sites\/2\/2016\/06\/faaro_KariMikalsen_01.jpg","caption":"Reisebrev fra F\u00e5r\u00f6. Foto: Kari Mikalsen"},{"@type":"BreadcrumbList","@id":"https:\/\/nsff.no\/magasinet\/2016\/06\/28\/faro-far-film-fauna\/#breadcrumb","itemListElement":[{"@type":"ListItem","position":1,"name":"Hjem","item":"https:\/\/nsff.no\/magasinet\/"},{"@type":"ListItem","position":2,"name":"F\u00e5r\u00f6 \u2013 F\u00e5r \u2013 Film \u2013 Fauna"}]},{"@type":"WebSite","@id":"https:\/\/nsff.no\/magasinet\/#website","url":"https:\/\/nsff.no\/magasinet\/","name":"NSFF Magasin | Norsk Selskap for Fotografi","description":"Medlemsmagasin for film- og fotoentusiaster","publisher":{"@id":"https:\/\/nsff.no\/magasinet\/#organization"},"potentialAction":[{"@type":"SearchAction","target":{"@type":"EntryPoint","urlTemplate":"https:\/\/nsff.no\/magasinet\/?s={search_term_string}"},"query-input":{"@type":"PropertyValueSpecification","valueRequired":true,"valueName":"search_term_string"}}],"inLanguage":"nb-NO"},{"@type":"Organization","@id":"https:\/\/nsff.no\/magasinet\/#organization","name":"Norsk Selskap for Fotografo","url":"https:\/\/nsff.no\/magasinet\/","logo":{"@type":"ImageObject","inLanguage":"nb-NO","@id":"https:\/\/nsff.no\/magasinet\/#\/schema\/logo\/image\/","url":"https:\/\/nsff.no\/magasinet\/wp-content\/uploads\/sites\/2\/2016\/05\/NSFF-fb-lenkebilde.png","contentUrl":"https:\/\/nsff.no\/magasinet\/wp-content\/uploads\/sites\/2\/2016\/05\/NSFF-fb-lenkebilde.png","width":1,"height":1,"caption":"Norsk Selskap for Fotografo"},"image":{"@id":"https:\/\/nsff.no\/magasinet\/#\/schema\/logo\/image\/"}},{"@type":"Person","@id":"https:\/\/nsff.no\/magasinet\/#\/schema\/person\/247ade43efc1bf80d0ed13b7ac6744f5","name":"Kari Mikalsen","image":{"@type":"ImageObject","inLanguage":"nb-NO","@id":"https:\/\/secure.gravatar.com\/avatar\/5399be0e4ce0ce5edb533ec8edee44d54e63ed0c4f9f5dd1725a20f7e65c4903?s=96&d=mm&r=g","url":"https:\/\/secure.gravatar.com\/avatar\/5399be0e4ce0ce5edb533ec8edee44d54e63ed0c4f9f5dd1725a20f7e65c4903?s=96&d=mm&r=g","contentUrl":"https:\/\/secure.gravatar.com\/avatar\/5399be0e4ce0ce5edb533ec8edee44d54e63ed0c4f9f5dd1725a20f7e65c4903?s=96&d=mm&r=g","caption":"Kari Mikalsen"},"description":"Medlem i Fredrikstad fotoklubb og Bekkalokket fotoklubb. Tidligere regionkontakt \u00d8stfold. ANSFF (2002), ENSFF (2002), EsNSFF (2002), HonENSFF (2005); AFIAP (2003).","url":"https:\/\/nsff.no\/magasinet\/author\/karimikalsen\/"}]}},"_links":{"self":[{"href":"https:\/\/nsff.no\/magasinet\/wp-json\/wp\/v2\/posts\/3565","targetHints":{"allow":["GET"]}}],"collection":[{"href":"https:\/\/nsff.no\/magasinet\/wp-json\/wp\/v2\/posts"}],"about":[{"href":"https:\/\/nsff.no\/magasinet\/wp-json\/wp\/v2\/types\/post"}],"author":[{"embeddable":true,"href":"https:\/\/nsff.no\/magasinet\/wp-json\/wp\/v2\/users\/36"}],"replies":[{"embeddable":true,"href":"https:\/\/nsff.no\/magasinet\/wp-json\/wp\/v2\/comments?post=3565"}],"version-history":[{"count":11,"href":"https:\/\/nsff.no\/magasinet\/wp-json\/wp\/v2\/posts\/3565\/revisions"}],"predecessor-version":[{"id":3585,"href":"https:\/\/nsff.no\/magasinet\/wp-json\/wp\/v2\/posts\/3565\/revisions\/3585"}],"wp:featuredmedia":[{"embeddable":true,"href":"https:\/\/nsff.no\/magasinet\/wp-json\/wp\/v2\/media\/3567"}],"wp:attachment":[{"href":"https:\/\/nsff.no\/magasinet\/wp-json\/wp\/v2\/media?parent=3565"}],"wp:term":[{"taxonomy":"category","embeddable":true,"href":"https:\/\/nsff.no\/magasinet\/wp-json\/wp\/v2\/categories?post=3565"},{"taxonomy":"post_tag","embeddable":true,"href":"https:\/\/nsff.no\/magasinet\/wp-json\/wp\/v2\/tags?post=3565"}],"curies":[{"name":"wp","href":"https:\/\/api.w.org\/{rel}","templated":true}]}}