{"id":3306,"date":"2016-06-15T19:11:30","date_gmt":"2016-06-15T17:11:30","guid":{"rendered":"http:\/\/nsff.no\/magasinet\/?p=3306"},"modified":"2017-12-20T18:46:28","modified_gmt":"2017-12-20T17:46:28","slug":"tips-til-bildevurdering","status":"publish","type":"post","link":"https:\/\/nsff.no\/magasinet\/2016\/06\/15\/tips-til-bildevurdering\/","title":{"rendered":"Tips til bildevurdering"},"content":{"rendered":"<p>[et_pb_section admin_label=&raquo;section&raquo;][et_pb_row admin_label=&raquo;row&raquo;][et_pb_column type=&raquo;4_4&#8243;][et_pb_text admin_label=&raquo;Tekst&raquo; background_layout=&raquo;light&raquo; text_orientation=&raquo;left&raquo; use_border_color=&raquo;off&raquo; border_color=&raquo;#ffffff&raquo; border_style=&raquo;solid&raquo;]<\/p>\n<p><em>Denne artikkelen er oversatt med tillatelse fra forfatteren, Darlene Hildebrandt, og &laquo;jeg&raquo;-stemmen i teksten er hennes. Originalversjonen finnes p\u00e5 <a href=\"http:\/\/www.digitalphotomentor.com\/\" target=\"_blank\">www.digitalphotomentor.com<\/a>, en fantastisk ressursside for deg som stadig \u00f8nsker \u00e5 utvikle deg som fotograf.<\/em><\/p>\n<hr>\n<p>Et fast element i alle mine kurs og workshops er bildevurdering (jeg er ikke fan av ordet bildekritikk, da det \u00e5 kritisere gjerne har en negativ betydning). Vi ser da p\u00e5 hva som fungerer og hva som kunne v\u00e6rt gjort bedre, og uavhengig av hvem sitt bilde som vurderes vil alle deltagerne kunne l\u00e6re av det. Tilbakemeldingene jeg f\u00e5r er at bildevurdering er en av kursets mest nyttige aktiviteter.<\/p>\n<p>Ved \u00e5 l\u00e6re og vurdere bilder, dine egne og andres, og finne ut hva som gj\u00f8r et bilde vellykket, f\u00e5r du et viktig verkt\u00f8y som du kan bruke n\u00e5r du fotograferer. I denne artikkelen f\u00e5r du 6 tips som vil hjelpe deg \u00e5 vurdere bilder &#8212; eller kritisere dem &#8212; og gj\u00f8re deg til en bedre fotograf.<\/p>\n<h2>Hvordan vet du om bildet ditt er bra eller ikke?<\/h2>\n<p><strong>Ja, det er jo det store sp\u00f8rsm\u00e5let, ikke sant?<\/strong><\/p>\n<p>Om du fotograferer i vei, lykkelig i din egen lille verden, og du er den eneste som noen gang ser bildene som blir tatt &#8212; vel, da har du jo ingen mulighet til \u00e5 sammenligne bildene dine med andres. Ideelt sett b\u00f8r du ha lyst til og interesse av \u00e5 dele bildene dine og f\u00e5 tilbakemeldinger p\u00e5 dem, men om det fremst\u00e5r som et skummelt prosjekt kan du ogs\u00e5 l\u00e6re av \u00e5 gj\u00f8re bildevurderinger p\u00e5 egen h\u00e5nd. Ved \u00e5 se p\u00e5 andre fotografers bilder vil du kunne etablere en viss formening om hvordan du og dine bilder gj\u00f8r det. <\/p>\n<p>Du kan jo i utgangspunktet mene at bildene dine faktisk er ganske gode, og at det ikke er p\u00e5krevet med noen forbedring i s\u00e6rlig grad. Men, ved \u00e5 se p\u00e5 andres bilder &#8212; ikke at du n\u00f8dvendigvis skal sammenligne deg selv med andre, men det setter jo noen tanker i sving og ting i perspektiv &#8212; <strong>kan<\/strong> du prestere enda bedre? Sette lista enda litt h\u00f8yere? Finnes det fremdeles noe du kan l\u00e6re?<\/p>\n<blockquote><p>Hint: JA, det finnes alltid mer \u00e5 l\u00e6re og muligheter for \u00e5 vokse som fotograf! Slutter du \u00e5 ta til deg l\u00e6rdom og kunnskap kan du like gjerne henge fra deg kameraet.<\/p><\/blockquote>\n<p>Og p\u00e5 den annen side: om du stadig ser p\u00e5 andres bilder og tenker &laquo;\u00c5h, disse fotografene er s\u00e5 gode, jeg skulle \u00f8nske JEG kunne ta slike bilder!&raquo; &#8212; vel, la oss gi deg nyttige verkt\u00f8y for \u00e5 kunne oppn\u00e5 nettopp det!<\/p>\n<p>[\/et_pb_text][et_pb_toggle admin_label=&raquo;1: Erstatt %22Jeg liker bildet fordi%22 med %22Dette bildet fungerer fordi%22&#8243; title=&raquo;1: Erstatt %22Jeg liker bildet fordi%22 med %22Dette bildet fungerer fordi%22&#8243; open=&raquo;off&raquo; use_border_color=&raquo;off&raquo; border_color=&raquo;#ffffff&raquo; border_style=&raquo;solid&raquo;]<\/p>\n<p>N\u00e5r du vurderer et bilde, snakk om hva som fungerer og likeledes hva som ikke fungerer, ikke om hva du liker. I l\u00f8pet av ganske kort tid vil hjernen din venne seg til \u00e5 betrakte bilder p\u00e5 en annen m\u00e5te. Det kan virke som en triviell bagatell \u00e5 omforme setningen p\u00e5 den m\u00e5ten, men det fungerer.<\/p>\n<p>Med tanke p\u00e5 dine egne bilder: selvf\u00f8lgelig <strong>liker<\/strong> du dem, det var jo du som tok dem. Men om du ser p\u00e5 dem med et mer objektivt blikk &#8212; hva <strong>fungerer<\/strong>, hva <strong>fungerer ikke<\/strong> &#8212; vil du lettere kunne se bildets styrke og svakhet. Slik vil du kanskje ta et enda bedre bilde neste gang, eller eventuelt finne ut at det ferdige bildet kunne bli bedre med en annen beskj\u00e6ring eller redigering.<\/p>\n<div id=\"attachment_3308\" style=\"width: 760px\" class=\"wp-caption alignnone\"><img loading=\"lazy\" decoding=\"async\" aria-describedby=\"caption-attachment-3308\" src=\"http:\/\/nsff.no\/magasinet\/wp-content\/uploads\/sites\/2\/2016\/06\/Darlene-Hildebrandt_clearsubject.jpg\" alt=\"Bildevurdering. Foto: Darlene Hildebrandt\" class=\"size-full wp-image-3308\" height=\"500\" width=\"750\"><p id=\"caption-attachment-3308\" class=\"wp-caption-text\">Dette bildet fungerer IKKE, p\u00e5 s\u00e5 mange m\u00e5ter. Les videre, og scroll deretter opp igjen hit og se om du kan sette ord p\u00e5 hva som ikke fungerer. (Foto: Darlene Hildebrandt)<\/p><\/div>\n<div id=\"attachment_3309\" style=\"width: 760px\" class=\"wp-caption alignnone\"><img loading=\"lazy\" decoding=\"async\" aria-describedby=\"caption-attachment-3309\" src=\"http:\/\/nsff.no\/magasinet\/wp-content\/uploads\/sites\/2\/2016\/06\/Darlene-Hildebrandt_clearsubject2.jpg\" alt=\"Bildevurdering. Foto: Darlene Hildebrandt\" class=\"size-full wp-image-3309\" height=\"500\" width=\"750\"><p id=\"caption-attachment-3309\" class=\"wp-caption-text\">Her er et annet av mine bilder som ikke fungerer. Jeg ville ta bilde av fyren i den r\u00f8de t-skjorta, men han er for langt unna. Sjekk med punktene nedenfor og se om finner ut hva som ikke fungerer med dette bildet. (Foto: Darlene Hildebrandt)<\/p><\/div>\n<p>Ved \u00e5 bruke formuleringer som &laquo;fungerer&raquo; i stedet for &laquo;liker&raquo; n\u00e5r man studerer andre fotografers bilder tar man ogs\u00e5 vekk f\u00f8lelser fra variabelen. N\u00e5r du ser et bilde oppst\u00e5r en umiddelbar emosjonell reaksjon &#8212; positiv eller negativ &#8212; som deretter tolkes som &laquo;liker&raquo; eller &laquo;liker ikke&raquo;. Dvel litt ved det: hva om et bilde har en sterk komposisjon, fantastisk lys, et klart motiv, men historien det forteller ikke r\u00f8rer ved noe hos deg: du hekter en <em>liker ikke<\/em> p\u00e5 bildet, ikke sant? Men kan det fremdeles v\u00e6re et vellykket bilde? Kan det fremdeles fungere? Ja. Kanskje er det m\u00f8rkt og depressivt eller noe annet som &laquo;ikke er din greie&raquo;, men det kan fremdeles fungere som et fotografi.<\/p>\n<p>Jeg satt tidligere i konkurransejuryen for en fotograf-organisasjon, og et \u00e5r l\u00e6rte en av arrang\u00f8rene oss \u00e5 benytte denne teknikken under juryeringen. &laquo;Det om man liker eller misliker et bilde har ingen betydning for hvorvidt bildet fungerer, og om det lykkes i \u00e5 fange betrakterens oppmerksomhet,&raquo; mente han. Han hadde jo fullstendig rett i dette, og jeg har hatt ordene hans i minne siden. S\u00e5, det er bare \u00e5 begynne \u00e5 pugge:<\/p>\n<ul>\n<li>Dette bildet fungerer, eller er vellykket, fordi&#8230;<\/li>\n<li>Dette bildet fungerer ikke, eller lykkes ikke, fordi&#8230;<\/li>\n<\/ul>\n<p>[\/et_pb_toggle][et_pb_toggle admin_label=&raquo;2: Finnes det et klart hovedmotiv for betrakteren?&raquo; title=&raquo;2: Finnes det et klart hovedmotiv for betrakteren?&raquo; open=&raquo;off&raquo; use_border_color=&raquo;off&raquo; border_color=&raquo;#ffffff&raquo; border_style=&raquo;solid&raquo;]<\/p>\n<p>N\u00e5 som du ser p\u00e5 bilder med et objektivt blikk, la oss fordype oss i noen av m\u00e5tene et bilde kan fungere &#8212; eller ikke &#8212; p\u00e5. <\/p>\n<p><strong>Det f\u00f8rste man kan legge merke til er om det finnes et klart hovedmotiv i bildet.<\/strong> <\/p>\n<p>N\u00e5r du ser bildet for f\u00f8rste gang, skj\u00f8nner du umiddelbart hvor fotografen \u00f8nsker at du skal feste blikket?<\/p>\n<div id=\"attachment_3310\" style=\"width: 760px\" class=\"wp-caption alignnone\"><img loading=\"lazy\" decoding=\"async\" aria-describedby=\"caption-attachment-3310\" src=\"http:\/\/nsff.no\/magasinet\/wp-content\/uploads\/sites\/2\/2016\/06\/Darlene-Hildebrandt_clearsubject3.jpg\" alt=\"Bildevurdering. Foto: Darlene Hildebrandt\" class=\"size-full wp-image-3310\" height=\"500\" width=\"750\"><p id=\"caption-attachment-3310\" class=\"wp-caption-text\">Hovedmotivet i dette bildet er ikke klart i det hele tatt. Det er for mange ting som skjer og betrakteren f\u00e5r ingen hint om hvor han\/hun skal se. Det er fort gjort med motiver som dette \u00e5 inkludere for mye, slik jeg har gjort her. (Foto: Darlene Hildebrandt)<\/p><\/div>\n<p>Det finnes mange m\u00e5ter man kan fremheve hovedmotivet i et bilde, inkludert:<\/p>\n<ul>\n<li>Bruk av stor blender\u00e5pning (liten dybdeskarphet), slik at kun hovedmotivet i bildet er i fokus, resten er duset ut.<\/li>\n<li>Bruk av lys, slik at hovedmotivet st\u00e5r frem fra resten av bildet.<\/li>\n<li>At hovedmotivet er det st\u00f8rste, mest fremtredende elementet i bildet.<\/li>\n<li>At et komposisjonselement leder blikket ditt til hovedmotivet &#8212; f.eks. ledende linjer eller bruk av innramming.<\/li>\n<li> Hold det enkelt. Om det kun finnes ett element i bildet, blir det rimelig tydelig hva som utgj\u00f8r hovedelementet.<\/li>\n<\/ul>\n<p>La oss vurdere bildene nedenfor, og se om det finnes klare hovedmotiv i disse:<\/p>\n<div id=\"attachment_3312\" style=\"width: 760px\" class=\"wp-caption alignnone\"><img loading=\"lazy\" decoding=\"async\" aria-describedby=\"caption-attachment-3312\" src=\"http:\/\/nsff.no\/magasinet\/wp-content\/uploads\/sites\/2\/2016\/06\/john_mc_Sporran.jpg\" alt=\"Foto: John McSporran\" class=\"size-full wp-image-3312\" height=\"513\" width=\"750\"><p id=\"caption-attachment-3312\" class=\"wp-caption-text\">Foto: John McSporran<\/p><\/div>\n<p>I bildet av b\u00e5ten er det i prinsippet kun \u00e9n ting i bildet, s\u00e5 jeg vil p\u00e5st\u00e5 at det er et rimelig tydelig hovedmotiv. Minimalisme er en grei metode for \u00e5 sikre seg her. Fors\u00f8k \u00e5 ikke overkomplisere eller ha med for mye informasjon i bildene dine, og de vil umiddelbart bli sterkere. Less is more!<\/p>\n<div id=\"attachment_3311\" style=\"width: 760px\" class=\"wp-caption alignnone\"><img loading=\"lazy\" decoding=\"async\" aria-describedby=\"caption-attachment-3311\" src=\"http:\/\/nsff.no\/magasinet\/wp-content\/uploads\/sites\/2\/2016\/06\/eileen_mc_fall.jpg\" alt=\"Foto: Eileen McFall\" class=\"size-full wp-image-3311\" height=\"680\" width=\"750\"><p id=\"caption-attachment-3311\" class=\"wp-caption-text\">Foto: Eileen McFall<\/p><\/div>\n<p>Igjen er det et klart motiv, og et minimalistisk bilde. La oss bruke setningene du har \u00f8vd p\u00e5 og se p\u00e5 hva som <strong>fungerer<\/strong> ved dette bildet. Komplement\u00e6rfargene (oransje mot bl\u00e5tt) er behagelige og hjelper til med \u00e5 fremheve hovedmotivet. Lyset som str\u00f8mmer gjennom kronbladene forsterker fargen og skaper en varm, inviterende scene. Bakgrunnen er enkel og uten en mengde forstyrrende elementer. Det fungerer.<\/p>\n<div id=\"attachment_3313\" style=\"width: 910px\" class=\"wp-caption alignnone\"><img loading=\"lazy\" decoding=\"async\" aria-describedby=\"caption-attachment-3313\" src=\"http:\/\/nsff.no\/magasinet\/wp-content\/uploads\/sites\/2\/2016\/06\/TracyParker.jpg\" alt=\"Foto: Tracy Parker\" class=\"size-full wp-image-3313\" height=\"600\" width=\"900\"><p id=\"caption-attachment-3313\" class=\"wp-caption-text\">Foto: Tracy Parker<\/p><\/div>\n<p>I dette bildet er det mye mer informasjon, men hovedmotivet st\u00e5r ut fordi jenta er det m\u00f8rkeste elementet i bildet. Vanligvis ville dette v\u00e6re en ting som gj\u00f8r at et bilde ikke fungerer, men for et bilde som dette &#8212; der alt annet er lyst &#8212; st\u00e5r hun fint frem fra bakgrunnen. <\/p>\n<p>Uten et klart definert hovedmotiv vil et bilde ikke v\u00e6re like sterkt, budskapet vil ikke v\u00e6re like klart, og betrakteren vil kunne ende opp forvirret eller totalt uinteressert. Begynn \u00e5 se etter bilder som er sterke n\u00e5r det gjelder hovedmotiv, forst\u00e5 hvordan det er oppn\u00e5dd, og l\u00e6r hvordan du kan ta det med deg i dine fotografier.<\/p>\n<p>[\/et_pb_toggle][et_pb_toggle admin_label=&raquo;3: Forteller bildet en historie?&raquo; title=&raquo;3: Forteller bildet en historie?&raquo; open=&raquo;off&raquo; use_border_color=&raquo;off&raquo; border_color=&raquo;#ffffff&raquo; border_style=&raquo;solid&raquo;]<\/p>\n<p>Et annet viktig ord \u00e5 tenke p\u00e5 under bildevurdering er <strong>HVORFOR<\/strong>.<\/p>\n<p><strong>Hvorfor tok fotografen dette bildet?<\/strong><\/p>\n<p><strong>Hva forteller bildet til betrakteren?<\/strong><\/p>\n<p><strong>Finnes det et budskap eller en historie her?<\/strong><\/p>\n<p>Tenk p\u00e5 konsepter &#8212; det kan v\u00e6re at historien er kj\u00e6rlighet, eller tristhet, eller fredfullhet.<\/p>\n<p>N\u00e5r du fotograferer beh\u00f8ver det ikke v\u00e6re en konkret ting du tar bilde av &#8212; motivet kan jo ogs\u00e5 v\u00e6re en id\u00e9 eller en f\u00f8lelse, og ikke n\u00f8dvendigvis en ting eller person. Ja, det m\u00e5 jo jo v\u00e6re et eller annet konkret i bildet, men en tom benk kan f.eks. symbolisere ensomhet eller ro og ikke &laquo;bare&raquo; v\u00e6re et bilde av en benk.<\/p>\n<p><strong>Hva er historien i bildet nedenfor?<\/strong><\/p>\n<p>Benken er i fokus, men er den virkelig motivet? Eller er det noe annet? N\u00e5r jeg viser dette bildet p\u00e5 kursene mine er det gjerne store sprik i deltagernes tolkninger. Et s\u00e5pass \u00e5pent motiv kan v\u00e6re positivt, siden det lar betrakteren legge sin egen mening til bildet. Bildet har v\u00e6rt popul\u00e6rt under salgsutstillinger; det tror jeg er fordi det snakker til betrakteren og sier ulike ting til ulike personer.<\/p>\n<div id=\"attachment_3314\" style=\"width: 760px\" class=\"wp-caption alignnone\"><img loading=\"lazy\" decoding=\"async\" aria-describedby=\"caption-attachment-3314\" src=\"http:\/\/nsff.no\/magasinet\/wp-content\/uploads\/sites\/2\/2016\/06\/Darlene-Hildebrandt_bench.jpg\" alt=\"Bildevurdering. Foto: Darlene Hildebrandt\" class=\"size-full wp-image-3314\" height=\"278\" width=\"750\"><p id=\"caption-attachment-3314\" class=\"wp-caption-text\">Foto: Darlene Hildebrandt<\/p><\/div>\n<div id=\"attachment_3315\" style=\"width: 760px\" class=\"wp-caption alignnone\"><img loading=\"lazy\" decoding=\"async\" aria-describedby=\"caption-attachment-3315\" src=\"http:\/\/nsff.no\/magasinet\/wp-content\/uploads\/sites\/2\/2016\/06\/DarleneHildebrandt_storytelling2.jpg\" alt=\"Bildevurdering. Foto: Darlene Hildebrandt\" class=\"size-full wp-image-3315\" height=\"532\" width=\"750\"><p id=\"caption-attachment-3315\" class=\"wp-caption-text\">Foto: Darlene Hildebrandt<\/p><\/div>\n<p>Hvilken historie forteller bildet ovenfor? Det er tatt p\u00e5 Cuba. Beh\u00f8ver jeg \u00e5 r\u00f8pe hva som skjedde eller klarer du \u00e5 finne det ut? Dersom jeg har gjort jobben min som fotograf beh\u00f8ver jeg ikke forklare bildet.<\/p>\n<p>Hvilken historie forteller bildene nedenfor? Du ser kanskje noe totalt annet, men her er min tolkning (det er ikke mine egne bilder):<\/p>\n<div id=\"attachment_3317\" style=\"width: 760px\" class=\"wp-caption alignnone\"><img loading=\"lazy\" decoding=\"async\" aria-describedby=\"caption-attachment-3317\" src=\"http:\/\/nsff.no\/magasinet\/wp-content\/uploads\/sites\/2\/2016\/06\/sandeepachetan.jpg\" alt=\"Bildevurdering. Foto: sandeepachetan.com travel photography\" class=\"size-full wp-image-3317\" height=\"500\" width=\"750\"><p id=\"caption-attachment-3317\" class=\"wp-caption-text\">Foto: sandeepachetan.com travel photography<\/p><\/div>\n<p>Bildet ovenfor har definitivt mer informasjon i seg enn de minimalistiske bildene vi vurderte lenger oppe. Men, det finnes et klart hovedmotiv, det er fremhevet med gyldent lys. Historien jeg ser er en fra et fremmed land (India), der det ser ut til \u00e5 foreg\u00e5 en form for rituale, ved solnedgang. Min antagelse er at den opplyste bygningen er et tempel, og at det er syndene som vaskes vekk. S\u00e5, jeg ser en historie om tro, kultur og hengivelse. Jeg kan selvsagt ta fullstendig feil, men dette er min tolkning, basert p\u00e5 mine erfaringer og ting jeg har sett. Ser du en annen historie?<\/p>\n<div id=\"attachment_3316\" style=\"width: 910px\" class=\"wp-caption alignnone\"><img loading=\"lazy\" decoding=\"async\" aria-describedby=\"caption-attachment-3316\" src=\"http:\/\/nsff.no\/magasinet\/wp-content\/uploads\/sites\/2\/2016\/06\/EricCheng.jpg\" alt=\"Bildevurdering. Foto: Eric Cheng\" class=\"size-full wp-image-3316\" height=\"675\" width=\"900\"><p id=\"caption-attachment-3316\" class=\"wp-caption-text\">Spooky Pier. Foto: Eric Cheng<\/p><\/div>\n<p>Dette bildet fanget min oppmerksomhet da jeg lette etter bilder som forteller en historie. I mine \u00f8yne er dette mystisk, stemningsfullt, det vekker assosiasjoner om en mordg\u00e5te, eller en gysende sp\u00f8kelseshistorie (det kan ogs\u00e5 v\u00e6re at jeg har lest for mange slike b\u00f8ker!). Motivet er stemningen, skapt av t\u00e5kedisen og det dramatiske lyset, og videre forsterket av fotografens grep med konvertering til sort-hvitt.<\/p>\n<p>Hva sier bildet til deg? Fungerer det, slik du oppfatter det? Hvorfor, eller hvorfor ikke?<br \/>\nFinnes det er klart hovedmotiv som fanger din oppmerksomhet? Bruk alle argumentene vi har dr\u00f8ftet s\u00e5 langt til \u00e5 vurdere bildet.<\/p>\n<p>[\/et_pb_toggle][et_pb_toggle admin_label=&raquo;4: Passer lyset med stemningen i bildet?&raquo; title=&raquo;4: Passer lyset med stemningen i bildet?&raquo; open=&raquo;off&raquo; use_border_color=&raquo;off&raquo; border_color=&raquo;#ffffff&raquo; border_style=&raquo;solid&raquo;]<\/p>\n<p><em>Se ogs\u00e5 <a href=\"http:\/\/www.digitalphotomentor.com\/quality-of-light-what-is-it-how-to-use-it\/\" target=\"_blank\">Quality of Light \u2013 What is it? How do you use it?<\/a> for utfyllende forklaring p\u00e5 forskjellen mellom hardt og mykt lys, og karakteristikkene til hver av disse.<\/em><\/p>\n<p><strong>Mykt lys<\/strong> gir mindre kontrast, bevarer mer av detaljer i b\u00e5de skygge- og lyspartier, gir mindre definerte skygger og produserer bilder med lite drama men mye mystikk.<\/p>\n<p>Hardt lys gir st\u00f8rre kontrast, har en tendens til \u00e5 miste en del detaljer i skygger og h\u00f8ylys, gir skarpt definerte skygger, forsterker teksturer og produserer bilder med mer drama og &laquo;tr\u00f8kk&raquo;.<\/p>\n<p>Det finnes ikke noe som heter feil, riktig eller d\u00e5rlig lys. Men, det finnes passende lys for det enkelte motiv, og for historien bildet skal formidle.<\/p>\n<p><strong>S\u00e5, n\u00e5r du vurderer bilder, tenk p\u00e5 f\u00f8lgende:<\/strong><\/p>\n<p>Bidrar lyset til \u00e5 gj\u00f8re bildet vellykket, eller trekker det ned?<\/p>\n<p>Kunne lyset v\u00e6rt brukt p\u00e5 en bedre m\u00e5te for \u00e5 f\u00e5 hovedmotivet til \u00e5 st\u00e5 frem?<\/p>\n<p>Finnes det lys i bakgrunnen som stjeler betrakterens oppmerksomhet vekk fra hovedmotivet?<\/p>\n<p>I bildet nedenfor er lyset hardt og med h\u00f8y kontrast. Jeg har valgt \u00e5 konvertere til svart-hvitt for ytterligere \u00e5 forenkle og la fokuset v\u00e6re p\u00e5 skyggene. Synes du det harde lyset og de definerte skyggene l\u00f8fter dette bildet?<\/p>\n<div id=\"attachment_3321\" style=\"width: 760px\" class=\"wp-caption alignnone\"><img loading=\"lazy\" decoding=\"async\" aria-describedby=\"caption-attachment-3321\" src=\"http:\/\/nsff.no\/magasinet\/wp-content\/uploads\/sites\/2\/2016\/06\/DarleneHildebrandt-light.jpg\" alt=\"Bildevurdering. Foto: Darlene Hildebrandt\" width=\"750\" height=\"291\" class=\"size-full wp-image-3321\" \/><p id=\"caption-attachment-3321\" class=\"wp-caption-text\">Foto: Darlene Hildebrandt<\/p><\/div>\n<div id=\"attachment_3320\" style=\"width: 760px\" class=\"wp-caption alignnone\"><img loading=\"lazy\" decoding=\"async\" aria-describedby=\"caption-attachment-3320\" src=\"http:\/\/nsff.no\/magasinet\/wp-content\/uploads\/sites\/2\/2016\/06\/DarleneHildebrandt-light2.jpg\" alt=\"Bildevurdering. Foto: Darlene Hildebrandt\" width=\"750\" height=\"500\" class=\"size-full wp-image-3320\" \/><p id=\"caption-attachment-3320\" class=\"wp-caption-text\">Layers in the fog at Machu Picchu, Peru. Foto: Darlene Hildebrandt<\/p><\/div>\n<p>Mer t\u00e5ke! Hvordan er stemningen i bildet ovenfor? Har t\u00e5ken bidratt til en f\u00f8lelse av mystikk? Blir du nysgjerrig p\u00e5 hva som befinner seg i dypet av t\u00e5kedisen? Passer lyset for stemningen og historien til bildet? Hva mener du?<\/p>\n<p>[\/et_pb_toggle][et_pb_toggle admin_label=&raquo;5: Vurder utkantene av bildet&raquo; title=&raquo;5: Vurder utkantene av bildet&raquo; open=&raquo;off&raquo; use_border_color=&raquo;off&raquo; border_color=&raquo;#ffffff&raquo; border_style=&raquo;solid&raquo;]<\/p>\n<p>Dette g\u00e5r h\u00e5nd i h\u00e5nd med punkt 2, om \u00e5 ha et klart hovedmotiv. En av feilene nybegynnere ofte gj\u00f8r er \u00e5 fors\u00f8ke \u00e5 f\u00e5 med for mye informasjon i ett enkelt bilde. De vil vise alt i en scene, hovedmotivet glipper, og resultatet blir et bilde som ikke gir betrakteren noe. <\/p>\n<p>\u00c5 passe p\u00e5 utkantene av bildet er spesielt viktig om man bruker vidvinkel-objektiv (se gjerne artikkelen <a href=\"http:\/\/www.digitalphotomentor.com\/5-mistakes-beginners-make-using-a-wide-angle-lens-and-how-to-avoid-them\/\" target=\"_blank\">5 Mistakes Beginners Make Using a Wide Angle Lens and How to Avoid Them<\/a>).<\/p>\n<p>Alts\u00e5, for dette vurderingspunktet: se langs kantene av bildet. Sp\u00f8r deg selv om det er noe der som ikke beh\u00f8ver \u00e5 v\u00e6re med, ting som ikke l\u00f8fter hverken komposisjonen eller historien. Det kan v\u00e6re elementer som trekker betrakterens blikk vekk fra hovedmotivet, eller til og med smelter sammen med deler av det. Vi snakker om ting som det beryktede <strong>treet som tilsynelatende vokser ut av hodet til personen<\/strong> p\u00e5 bildet, eller <strong>horisonten som tilsynelatende kutter noen i to<\/strong>.<\/p>\n<div id=\"attachment_3324\" style=\"width: 760px\" class=\"wp-caption alignnone\"><img loading=\"lazy\" decoding=\"async\" aria-describedby=\"caption-attachment-3324\" src=\"http:\/\/nsff.no\/magasinet\/wp-content\/uploads\/sites\/2\/2016\/06\/Darlene-Hildebrandt_edges.jpg\" alt=\"Bildevurdering. Foto: Darlene Hildebrandt)\" width=\"750\" height=\"500\" class=\"size-full wp-image-3324\" \/><p id=\"caption-attachment-3324\" class=\"wp-caption-text\">Dette bildet av mannen min gj\u00f8r meg spr\u00f8, for han elsker det &#8212; og alt jeg klarer \u00e5 se er horisonten som g\u00e5r tvers gjennom hodet hans! (Foto: Darlene Hildebrandt)<\/p><\/div>\n<div id=\"attachment_3323\" style=\"width: 760px\" class=\"wp-caption alignnone\"><img loading=\"lazy\" decoding=\"async\" aria-describedby=\"caption-attachment-3323\" src=\"http:\/\/nsff.no\/magasinet\/wp-content\/uploads\/sites\/2\/2016\/06\/Darlene-Hildebrandt_edges2.jpg\" alt=\"Bildevurdering. Foto: Darlene Hildebrandt)\" width=\"750\" height=\"500\" class=\"size-full wp-image-3323\" \/><p id=\"caption-attachment-3323\" class=\"wp-caption-text\">Jeg foretrekker dette bildet, selv om jeg nok gjerne skulle sett at busken til h\u00f8yre ikke var der. (Foto: Darlene Hildebrandt)<\/p><\/div>\n<p>Med mindre det er elementer som brukes til \u00e5 ramme inn hovedmotivet (overhengende grener, eller en buegang), b\u00f8r bildekantene v\u00e6re relativt ryddige og &laquo;rene&raquo;. Vurder bildet og se om det kunne v\u00e6rt enda bedre om det hadde blitt tatt fra et n\u00e6rmere punkt, eller fra en h\u00f8yere kameravinkel, eller litt lenger fra venstre.<\/p>\n<div id=\"attachment_3322\" style=\"width: 760px\" class=\"wp-caption alignnone\"><img loading=\"lazy\" decoding=\"async\" aria-describedby=\"caption-attachment-3322\" src=\"http:\/\/nsff.no\/magasinet\/wp-content\/uploads\/sites\/2\/2016\/06\/Darlene-Hildebrandt_framing.jpg\" alt=\"Bildevurdering. Foto: Darlene Hildebrandt)\" width=\"750\" height=\"498\" class=\"size-full wp-image-3322\" \/><p id=\"caption-attachment-3322\" class=\"wp-caption-text\">Innrammingen i dette bildet hjelper til med \u00e5 dra blikket til midten av bildet, alts\u00e5 til huset. (Foto: Darlene Hildebrandt)<\/p><\/div>\n<p>Dette er jo ogs\u00e5 noe du kan gj\u00f8re med kameraet, i det du tar bildet! Gj\u00f8r det til en vane \u00e5 kikke langs kantene av bildet: se om det er elementer der som er overfl\u00f8dige, og ta i s\u00e5 fall et nytt bilde uten disse. G\u00e5 n\u00e6rmere, zoom inn, endre kameravinkelen &#8212; hva som enn m\u00e5 til for \u00e5 forenkle og fjerne un\u00f8dvendige elementer fra bildet ditt.<\/p>\n<p>[\/et_pb_toggle][et_pb_toggle admin_label=&raquo;6: Se p\u00e5 bildet opp-ned&raquo; title=&raquo;6: Se p\u00e5 bildet opp-ned&raquo; open=&raquo;off&raquo; use_border_color=&raquo;off&raquo; border_color=&raquo;#ffffff&raquo; border_style=&raquo;solid&raquo;]<\/p>\n<p>Hva sa du, sa du? Joda, du leste korrekt &#8212; se p\u00e5 bildet opp-ned.<\/p>\n<p>Det er faktisk en psykologisk begrunnelse for dette: det kobler vekk hjernens logiske oppfatning av motivet og reduserer synsjobben til en tolkning av lys og val\u00f8rer. Ved \u00e5 se p\u00e5 et bilde snudd opp-ned vil blikket ditt umiddelbart g\u00e5 til det omr\u00e5det i bildet som roper mest om oppmerksomhet ogs\u00e5 n\u00e5r bildet er snudd rett vei. Du kan gj\u00f8re dette i kameraet eller senere n\u00e5r du har lastet bildet opp til en pc.<\/p>\n<div id=\"attachment_3327\" style=\"width: 760px\" class=\"wp-caption alignnone\"><img loading=\"lazy\" decoding=\"async\" aria-describedby=\"caption-attachment-3327\" src=\"http:\/\/nsff.no\/magasinet\/wp-content\/uploads\/sites\/2\/2016\/06\/Darlene-Hildebrandt_upsidedown.jpg\" alt=\"Bildevurdering. Foto: Darlene Hildebrandt\" width=\"750\" height=\"500\" class=\"size-full wp-image-3327\" \/><p id=\"caption-attachment-3327\" class=\"wp-caption-text\">Ta en titt p\u00e5 dette bildet av en liten blomst. (Foto: Darlene Hildebrandt)<\/p><\/div>\n<div id=\"attachment_3326\" style=\"width: 760px\" class=\"wp-caption alignnone\"><img loading=\"lazy\" decoding=\"async\" aria-describedby=\"caption-attachment-3326\" src=\"http:\/\/nsff.no\/magasinet\/wp-content\/uploads\/sites\/2\/2016\/06\/Darlene-Hildebrandt_upsidedown2.jpg\" alt=\"Bildevurdering. Foto: Darlene Hildebrandt\" width=\"750\" height=\"500\" class=\"size-full wp-image-3326\" \/><p id=\"caption-attachment-3326\" class=\"wp-caption-text\">N\u00e5 er bildet snudd opp-ned. Hvor g\u00e5r blikket ditt? Jo, det trekkes til det lyse omr\u00e5det i bakgrunnen og til omr\u00e5dene med h\u00f8y kontrast. (Foto: Darlene Hildebrandt)<\/p><\/div>\n<p>Det er fire ting som naturlig tiltrekker seg betrakterens oppmerksomhet:<\/p>\n<ol>\n<li>Det lyseste omr\u00e5det av et bilde (om det ikke er opplagt hvor dette er kan du finne det ved \u00e5 myse, du vil da se alle lyse omr\u00e5der som lyse flekker).<\/li>\n<li>Omr\u00e5det med h\u00f8yest kontrast (m\u00f8rkt ved siden av lyst).<\/li>\n<li>Omr\u00e5det som er mest i fokus (dvs. at om du fotograferer med blender f\/16 og hele bildet er like skarpt m\u00e5 du kompensere for dette ved \u00e5 s\u00f8rge for at hovedmotivet er tydelig og fremhevet &#8212; dette er en av grunnene til at jeg gjerne velger blender f\/2.8 eller mer, slik at hovedmotivet er skarpt og resten av bildet er &laquo;blurret&raquo; ut eller mer utydelig).<\/li>\n<li>Sterke, klare farger, spesielt varme: r\u00f8dt, oransje, gult.<\/li>\n<\/ol>\n<p>Om en eller flere av disse elementene forekommer i bakgrunnen vil de trekke betrakterens blikk vekk fra hovedmotivet (som demonstrert med blomsterbildet ovenfor).<\/p>\n<div id=\"attachment_3325\" style=\"width: 760px\" class=\"wp-caption alignnone\"><img loading=\"lazy\" decoding=\"async\" aria-describedby=\"caption-attachment-3325\" src=\"http:\/\/nsff.no\/magasinet\/wp-content\/uploads\/sites\/2\/2016\/06\/Darlene-Hildebrandt_upsidedown3.jpg\" alt=\"Bildevurdering. Foto: Darlene Hildebrandt\" width=\"750\" height=\"561\" class=\"size-full wp-image-3325\" \/><p id=\"caption-attachment-3325\" class=\"wp-caption-text\">Her er et bedre bilde av den samme blomsten. Ved \u00e5 flytte meg til den andre siden av den og dermed eliminere den lyse bakgrunnen, f\u00e5r jeg blomsten til \u00e5 st\u00e5 bedre frem. (Foto: Darlene Hildebrandt)<\/p><\/div>\n<p>Dersom du gj\u00f8r bildevurderinger mens du fotograferer og ikke er sikker p\u00e5 om hovedmotivet st\u00e5r tilstrekkelig frem i bildet b\u00f8r du gj\u00f8re det til en vane \u00e5 snu kameraet opp-ned og se hvor i bildet blikket ditt havner. Dersom det ikke er p\u00e5 hovedmotivet kan du revurdere komposisjonen og se om du kan l\u00f8se problemet ved \u00e5 fotografere bildet p\u00e5 en annen m\u00e5te.<\/p>\n<p>Noen ganger kan det gj\u00f8re underverker simpelthen \u00e5 flytte seg et skritt eller to til siden. Husk at dette er noe du ikke kan fikse senere, n\u00e5r du sitter ved pc-en og skal redigere bildet. Jeg er en sterk forkjemper for at man skal gj\u00f8re bildet s\u00e5 ferdig som mulig allerede mens det blir tatt &#8212; &laquo;get things right in camera&raquo;! N\u00e5r du skal redigere bilder kan du i prinsippet kun forsterke kvaliteter som allerede finnes der &#8212; du kan ikke fikse manglende lyssetting eller forstyrrende bakgrunner (ok, du kan kanskje gj\u00f8re det dersom du er en Photoshop-ninja med all verdens tid til overs).<\/p>\n<p>N\u00e5r du gj\u00f8r bildevurderinger hjemme p\u00e5 pc-en senere, benytt da den samme opp-ned-metoden for \u00e5 f\u00e5 tips til hvordan du best kan redigere bildene dine. Se om det finnes noen lyse omr\u00e5der som b\u00f8r dempes eller elementer som b\u00f8r beskj\u00e6res vekk &#8212; ting som kan l\u00f8fte bildet og forsterke fokuset p\u00e5 hovedmotivet.<\/p>\n<p>[\/et_pb_toggle][et_pb_text admin_label=&raquo;Tekst&raquo; background_layout=&raquo;light&raquo; text_orientation=&raquo;left&raquo; use_border_color=&raquo;off&raquo; border_color=&raquo;#ffffff&raquo; border_style=&raquo;solid&raquo;]<\/p>\n<h2>Hvordan benytte disse tipsene<\/h2>\n<p>G\u00e5 gjennom samtlige av tipsene ovenfor og vurder noen av dine egne bilder i lys av disse. Vurder deretter noen bilder fra andre fotografer p\u00e5 samme m\u00e5te.<\/p>\n<p>Se p\u00e5 prisvinnende bilder p\u00e5 nettstedet Photo Crowd (som denne <a href=\"https:\/\/www.photocrowd.com\/challenges\/376-human-face\/expert-choices\/\" target=\"_blank\">konkurransen jeg juryerte<\/a> &#8212; du kan ogs\u00e5 <a href=\"https:\/\/www.photocrowd.com\/challenges\/376-human-face\/expert-reviews\/\" target=\"_blank\">lese bildevurderingene jeg gjorde for deltagerne<\/a>), <a href=\"https:\/\/500px.com\/editors\" target=\"_blank\">redakt\u00f8renes utvalgte bilder p\u00e5 500px<\/a>, eller hvilke som helst bilder som fanger din oppmerksomhet.<\/p>\n<p>Ta for deg fotoavdelingen ved det lokale biblioteket &#8212; det er sannsynligvis en rekke skatter \u00e5 finne der.<\/p>\n<p>Ved \u00e5 gjennomg\u00e5 denne prosessen vil du utstyre deg selv med noen nyttige verkt\u00f8y &#8212; ikke bare for \u00e5 gjenkjenne gode fotografier n\u00e5r du ser dem, men ogs\u00e5 for \u00e5 forbedre dine egne bilder.<\/p>\n<p><strong>Trinn ett<\/strong> er \u00e5 vite med deg selv at du \u00f8nsker \u00e5 forbedre bildene dine.<\/p>\n<p><strong>Trinn to<\/strong> er \u00e5 vite hva det inneb\u00e6rer, hvordan du faktisk kan gj\u00f8re det.<\/p>\n<div id=\"attachment_3330\" style=\"width: 760px\" class=\"wp-caption alignnone\"><img loading=\"lazy\" decoding=\"async\" aria-describedby=\"caption-attachment-3330\" src=\"http:\/\/nsff.no\/magasinet\/wp-content\/uploads\/sites\/2\/2016\/06\/Darlene-Hildebrandt_clearsubject4.jpg\" alt=\"Bildevurdering. Foto: Darlene Hildebrandt\" width=\"750\" height=\"500\" class=\"size-full wp-image-3330\" \/><p id=\"caption-attachment-3330\" class=\"wp-caption-text\">Jeg ble fascinert av fargene til denne veggen og vinduet i Havana, Cuba. Men jeg f\u00f8lte at noe manglet. (Foto: Darlene Hildebrandt)<\/p><\/div>\n<div id=\"attachment_3329\" style=\"width: 760px\" class=\"wp-caption alignnone\"><img loading=\"lazy\" decoding=\"async\" aria-describedby=\"caption-attachment-3329\" src=\"http:\/\/nsff.no\/magasinet\/wp-content\/uploads\/sites\/2\/2016\/06\/Darlene-Hildebrandt_clearsubject5.jpg\" alt=\"Bildevurdering. Foto: Darlene Hildebrandt\" width=\"750\" height=\"578\" class=\"size-full wp-image-3329\" \/><p id=\"caption-attachment-3329\" class=\"wp-caption-text\">Dette ble bedre! Jeg ventet p\u00e5 at en person skulle g\u00e5 forbi, og denne fyren var perfekt fordi den r\u00f8de skjorta hans kompletterer trioen av prim\u00e6rfarger &#8212; som for meg ble hovedmotivet og fokuset i dette bildet. (Foto: Darlene Hildebrandt)<\/p><\/div>\n<p>Du kan deretter l\u00e6re fra de beste fotografene og sette i gang med \u00e5 overf\u00f8re den nye kunnskapen til din egen fotografering.<\/p>\n<p>Lykke til!<br \/>\n<img loading=\"lazy\" decoding=\"async\" src=\"http:\/\/nsff.no\/magasinet\/wp-content\/uploads\/sites\/2\/2016\/06\/Darlenesignature.png\" alt=\"Darlene Hildebrandt signature\" width=\"250\" height=\"130\" class=\"alignnone size-full wp-image-3328\" \/><\/p>\n<p>[\/et_pb_text][\/et_pb_column][\/et_pb_row][\/et_pb_section]<\/p>\n","protected":false},"excerpt":{"rendered":"<p>Ved \u00e5 l\u00e6re og vurdere bilder og finne ut hva som gj\u00f8r et bilde vellykket, f\u00e5r du et viktig verkt\u00f8y som du kan bruke n\u00e5r du fotograferer. Her f\u00e5r du 6 tips som vil gj\u00f8re deg til en bedre fotograf!<\/p>\n","protected":false},"author":7,"featured_media":3331,"comment_status":"open","ping_status":"open","sticky":false,"template":"","format":"standard","meta":{"_et_pb_use_builder":"on","_et_pb_old_content":"<em>Denne artikkelen er oversatt med tillatelse fra forfatteren, Darlene Hildebrandt. Originalversjonen finnes p\u00e5 <a href=\"http:\/\/www.digitalphotomentor.com\/\" target=\"_blank\">www.digitalphotomentor.com<\/a>, en fantastisk ressursside for deg som stadig \u00f8nsker \u00e5 utvikle deg som fotograf.<\/em>\r\n\r\n<hr \/>\r\n\r\nEt fast element i alle mine kurs og workshops er bildevurdering (jeg er ikke fan av ordet bildekritikk, da det \u00e5 kritisere gjerne har en negativ betydning). Vi ser da p\u00e5 hva som fungerer og hva som kunne v\u00e6rt gjort bedre, og uavhengig av hvem sitt bilde som vurderes vil alle deltagerne kunne l\u00e6re av det. Tilbakemeldingene jeg f\u00e5r er at bildevurdering er en av kursets mest nyttige aktiviteter.\r\n\r\nVed \u00e5 l\u00e6re og vurdere bilder, dine egne og andres, og finne ut hva som gj\u00f8r et bilde vellykket, f\u00e5r du et viktig verkt\u00f8y som du kan bruke n\u00e5r du fotograferer. I denne artikkelen f\u00e5r du 6 tips som vil hjelpe deg \u00e5 vurdere bilder -- eller kritisere dem -- og gj\u00f8re deg til en bedre fotograf.\r\n\r\n<h2>Hvordan vet du om bildet ditt er bra eller ikke?<\/h2>\r\n\r\n<strong>Ja, det er jo det store sp\u00f8rsm\u00e5let, ikke sant?<\/strong>\r\n\r\nOm du fotograferer i vei, lykkelig i din egen lille verden, og du er den eneste som noen gang ser bildene som blir tatt -- vel, da har du jo ingen mulighet til \u00e5 sammenligne bildene dine med andres. Ideelt sett b\u00f8r du ha lyst til og interesse av \u00e5 dele bildene dine og f\u00e5 tilbakemeldinger p\u00e5 dem, men om det fremst\u00e5r som et skummelt prosjekt kan du ogs\u00e5 l\u00e6re av \u00e5 gj\u00f8re bildevurderinger p\u00e5 egen h\u00e5nd. Ved \u00e5 se p\u00e5 andre fotografers bilder vil du kunne etablere en viss formening om hvordan du og dine bilder gj\u00f8r det. \r\n\r\nDu kan jo i utgangspunktet mene at bildene dine faktisk er ganske gode, og at det ikke er p\u00e5krevet med noen forbedring i s\u00e6rlig grad. Men, ved \u00e5 se p\u00e5 andres bilder -- ikke at du n\u00f8dvendigvis skal sammenligne deg selv med andre, men det setter jo noen tanker i sving og ting i perspektiv -- <strong>kan<\/strong> du prestere enda bedre? Sette lista enda litt h\u00f8yere? Finnes det fremdeles noe du kan l\u00e6re?\r\n\r\n<blockquote>Hint: JA, det finnes alltid mer \u00e5 l\u00e6re og muligheter for \u00e5 vokse som fotograf! Slutter du \u00e5 ta til deg l\u00e6rdom og kunnskap kan du like gjerne henge fra deg kameraet.<\/blockquote>\r\n\r\nOg p\u00e5 den annen side: om du stadig ser p\u00e5 andres bilder og tenker \"\u00c5h, disse fotografene er s\u00e5 gode, jeg skulle \u00f8nske JEG kunne ta slike bilder!\" -- vel, la oss gi deg nyttige verkt\u00f8y for \u00e5 kunne oppn\u00e5 nettopp det!","_et_gb_content_width":"","footnotes":""},"categories":[92],"tags":[256,255],"class_list":["post-3306","post","type-post","status-publish","format-standard","has-post-thumbnail","hentry","category-tips-og-triks","tag-bildeanalyse","tag-bildevurdering","et-has-post-format-content","et_post_format-et-post-format-standard"],"yoast_head":"<!-- This site is optimized with the Yoast SEO plugin v27.5 - https:\/\/yoast.com\/product\/yoast-seo-wordpress\/ -->\n<title>Tips til bildevurdering - NSFF Magasin | Norsk Selskap for Fotografi<\/title>\n<meta name=\"description\" content=\"Ved \u00e5 l\u00e6re bildevurdering f\u00e5r du et viktig verkt\u00f8y som du kan bruke n\u00e5r du fotograferer. Her f\u00e5r du 6 tips som vil gj\u00f8re deg til en bedre fotograf!\" \/>\n<meta name=\"robots\" content=\"index, follow, max-snippet:-1, max-image-preview:large, max-video-preview:-1\" \/>\n<link rel=\"canonical\" href=\"https:\/\/nsff.no\/magasinet\/2016\/06\/15\/tips-til-bildevurdering\/\" \/>\n<meta property=\"og:locale\" content=\"nb_NO\" \/>\n<meta property=\"og:type\" content=\"article\" \/>\n<meta property=\"og:title\" content=\"Tips til bildevurdering - NSFF Magasin | Norsk Selskap for Fotografi\" \/>\n<meta property=\"og:description\" content=\"Ved \u00e5 l\u00e6re bildevurdering f\u00e5r du et viktig verkt\u00f8y som du kan bruke n\u00e5r du fotograferer. Her f\u00e5r du 6 tips som vil gj\u00f8re deg til en bedre fotograf!\" \/>\n<meta property=\"og:url\" content=\"https:\/\/nsff.no\/magasinet\/2016\/06\/15\/tips-til-bildevurdering\/\" \/>\n<meta property=\"og:site_name\" content=\"NSFF Magasin | Norsk Selskap for Fotografi\" \/>\n<meta property=\"article:published_time\" content=\"2016-06-15T17:11:30+00:00\" \/>\n<meta property=\"article:modified_time\" content=\"2017-12-20T17:46:28+00:00\" \/>\n<meta name=\"author\" content=\"Birgit Fostervold\" \/>\n<meta name=\"twitter:card\" content=\"summary_large_image\" \/>\n<meta name=\"twitter:image\" content=\"https:\/\/nsff.no\/magasinet\/wp-content\/uploads\/sites\/2\/2016\/06\/6-Tips-690x388.png\" \/>\n<meta name=\"twitter:label1\" content=\"Skrevet av\" \/>\n\t<meta name=\"twitter:data1\" content=\"Birgit Fostervold\" \/>\n\t<meta name=\"twitter:label2\" content=\"Ansl. lesetid\" \/>\n\t<meta name=\"twitter:data2\" content=\"18 minutter\" \/>\n<script type=\"application\/ld+json\" class=\"yoast-schema-graph\">{\"@context\":\"https:\\\/\\\/schema.org\",\"@graph\":[{\"@type\":\"Article\",\"@id\":\"https:\\\/\\\/nsff.no\\\/magasinet\\\/2016\\\/06\\\/15\\\/tips-til-bildevurdering\\\/#article\",\"isPartOf\":{\"@id\":\"https:\\\/\\\/nsff.no\\\/magasinet\\\/2016\\\/06\\\/15\\\/tips-til-bildevurdering\\\/\"},\"author\":{\"name\":\"Birgit Fostervold\",\"@id\":\"https:\\\/\\\/nsff.no\\\/magasinet\\\/#\\\/schema\\\/person\\\/da041f968afa9bee0293372491a98303\"},\"headline\":\"Tips til bildevurdering\",\"datePublished\":\"2016-06-15T17:11:30+00:00\",\"dateModified\":\"2017-12-20T17:46:28+00:00\",\"mainEntityOfPage\":{\"@id\":\"https:\\\/\\\/nsff.no\\\/magasinet\\\/2016\\\/06\\\/15\\\/tips-til-bildevurdering\\\/\"},\"wordCount\":3643,\"commentCount\":1,\"publisher\":{\"@id\":\"https:\\\/\\\/nsff.no\\\/magasinet\\\/#organization\"},\"image\":{\"@id\":\"https:\\\/\\\/nsff.no\\\/magasinet\\\/2016\\\/06\\\/15\\\/tips-til-bildevurdering\\\/#primaryimage\"},\"thumbnailUrl\":\"https:\\\/\\\/nsff.no\\\/magasinet\\\/wp-content\\\/uploads\\\/sites\\\/2\\\/2016\\\/06\\\/6-Tips-690x388.png\",\"keywords\":[\"bildeanalyse\",\"bildevurdering\"],\"articleSection\":[\"Tips &amp; triks\"],\"inLanguage\":\"nb-NO\",\"potentialAction\":[{\"@type\":\"CommentAction\",\"name\":\"Comment\",\"target\":[\"https:\\\/\\\/nsff.no\\\/magasinet\\\/2016\\\/06\\\/15\\\/tips-til-bildevurdering\\\/#respond\"]}]},{\"@type\":\"WebPage\",\"@id\":\"https:\\\/\\\/nsff.no\\\/magasinet\\\/2016\\\/06\\\/15\\\/tips-til-bildevurdering\\\/\",\"url\":\"https:\\\/\\\/nsff.no\\\/magasinet\\\/2016\\\/06\\\/15\\\/tips-til-bildevurdering\\\/\",\"name\":\"Tips til bildevurdering - NSFF Magasin | Norsk Selskap for Fotografi\",\"isPartOf\":{\"@id\":\"https:\\\/\\\/nsff.no\\\/magasinet\\\/#website\"},\"primaryImageOfPage\":{\"@id\":\"https:\\\/\\\/nsff.no\\\/magasinet\\\/2016\\\/06\\\/15\\\/tips-til-bildevurdering\\\/#primaryimage\"},\"image\":{\"@id\":\"https:\\\/\\\/nsff.no\\\/magasinet\\\/2016\\\/06\\\/15\\\/tips-til-bildevurdering\\\/#primaryimage\"},\"thumbnailUrl\":\"https:\\\/\\\/nsff.no\\\/magasinet\\\/wp-content\\\/uploads\\\/sites\\\/2\\\/2016\\\/06\\\/6-Tips-690x388.png\",\"datePublished\":\"2016-06-15T17:11:30+00:00\",\"dateModified\":\"2017-12-20T17:46:28+00:00\",\"description\":\"Ved \u00e5 l\u00e6re bildevurdering f\u00e5r du et viktig verkt\u00f8y som du kan bruke n\u00e5r du fotograferer. Her f\u00e5r du 6 tips som vil gj\u00f8re deg til en bedre fotograf!\",\"breadcrumb\":{\"@id\":\"https:\\\/\\\/nsff.no\\\/magasinet\\\/2016\\\/06\\\/15\\\/tips-til-bildevurdering\\\/#breadcrumb\"},\"inLanguage\":\"nb-NO\",\"potentialAction\":[{\"@type\":\"ReadAction\",\"target\":[\"https:\\\/\\\/nsff.no\\\/magasinet\\\/2016\\\/06\\\/15\\\/tips-til-bildevurdering\\\/\"]}]},{\"@type\":\"ImageObject\",\"inLanguage\":\"nb-NO\",\"@id\":\"https:\\\/\\\/nsff.no\\\/magasinet\\\/2016\\\/06\\\/15\\\/tips-til-bildevurdering\\\/#primaryimage\",\"url\":\"https:\\\/\\\/nsff.no\\\/magasinet\\\/wp-content\\\/uploads\\\/sites\\\/2\\\/2016\\\/06\\\/6-Tips-690x388.png\",\"contentUrl\":\"https:\\\/\\\/nsff.no\\\/magasinet\\\/wp-content\\\/uploads\\\/sites\\\/2\\\/2016\\\/06\\\/6-Tips-690x388.png\",\"caption\":\"Grafikk: Darlene Hildebrandt, digitalphotomentor.com\"},{\"@type\":\"BreadcrumbList\",\"@id\":\"https:\\\/\\\/nsff.no\\\/magasinet\\\/2016\\\/06\\\/15\\\/tips-til-bildevurdering\\\/#breadcrumb\",\"itemListElement\":[{\"@type\":\"ListItem\",\"position\":1,\"name\":\"Hjem\",\"item\":\"https:\\\/\\\/nsff.no\\\/magasinet\\\/\"},{\"@type\":\"ListItem\",\"position\":2,\"name\":\"Tips til bildevurdering\"}]},{\"@type\":\"WebSite\",\"@id\":\"https:\\\/\\\/nsff.no\\\/magasinet\\\/#website\",\"url\":\"https:\\\/\\\/nsff.no\\\/magasinet\\\/\",\"name\":\"NSFF Magasin | Norsk Selskap for Fotografi\",\"description\":\"Medlemsmagasin for film- og fotoentusiaster\",\"publisher\":{\"@id\":\"https:\\\/\\\/nsff.no\\\/magasinet\\\/#organization\"},\"potentialAction\":[{\"@type\":\"SearchAction\",\"target\":{\"@type\":\"EntryPoint\",\"urlTemplate\":\"https:\\\/\\\/nsff.no\\\/magasinet\\\/?s={search_term_string}\"},\"query-input\":{\"@type\":\"PropertyValueSpecification\",\"valueRequired\":true,\"valueName\":\"search_term_string\"}}],\"inLanguage\":\"nb-NO\"},{\"@type\":\"Organization\",\"@id\":\"https:\\\/\\\/nsff.no\\\/magasinet\\\/#organization\",\"name\":\"Norsk Selskap for Fotografo\",\"url\":\"https:\\\/\\\/nsff.no\\\/magasinet\\\/\",\"logo\":{\"@type\":\"ImageObject\",\"inLanguage\":\"nb-NO\",\"@id\":\"https:\\\/\\\/nsff.no\\\/magasinet\\\/#\\\/schema\\\/logo\\\/image\\\/\",\"url\":\"https:\\\/\\\/nsff.no\\\/magasinet\\\/wp-content\\\/uploads\\\/sites\\\/2\\\/2016\\\/05\\\/NSFF-fb-lenkebilde.png\",\"contentUrl\":\"https:\\\/\\\/nsff.no\\\/magasinet\\\/wp-content\\\/uploads\\\/sites\\\/2\\\/2016\\\/05\\\/NSFF-fb-lenkebilde.png\",\"width\":1,\"height\":1,\"caption\":\"Norsk Selskap for Fotografo\"},\"image\":{\"@id\":\"https:\\\/\\\/nsff.no\\\/magasinet\\\/#\\\/schema\\\/logo\\\/image\\\/\"}},{\"@type\":\"Person\",\"@id\":\"https:\\\/\\\/nsff.no\\\/magasinet\\\/#\\\/schema\\\/person\\\/da041f968afa9bee0293372491a98303\",\"name\":\"Birgit Fostervold\",\"image\":{\"@type\":\"ImageObject\",\"inLanguage\":\"nb-NO\",\"@id\":\"https:\\\/\\\/secure.gravatar.com\\\/avatar\\\/d8b31664a01c80eecbf53f36dc41fa676bbfe7c78cb2391937a62f88da897950?s=96&d=mm&r=g\",\"url\":\"https:\\\/\\\/secure.gravatar.com\\\/avatar\\\/d8b31664a01c80eecbf53f36dc41fa676bbfe7c78cb2391937a62f88da897950?s=96&d=mm&r=g\",\"contentUrl\":\"https:\\\/\\\/secure.gravatar.com\\\/avatar\\\/d8b31664a01c80eecbf53f36dc41fa676bbfe7c78cb2391937a62f88da897950?s=96&d=mm&r=g\",\"caption\":\"Birgit Fostervold\"},\"description\":\"EsNSFF, HonENFFF, medlem i Homborsund fotoklubb og Arendal fotoklubb. Styremedlem NSFF, Nordisk Forbund for Fotografi og Norsk Naturfotofestival. Tidl. nestleder og konst.leder NSFF (2017\u201322), tidl. redakt\u00f8r for NSFF Magasin (2016\u201322).\",\"sameAs\":[\"https:\\\/\\\/lensbirdie.no\",\"https:\\\/\\\/instagram.com\\\/knipselyst\\\/\"],\"url\":\"https:\\\/\\\/nsff.no\\\/magasinet\\\/author\\\/birgitf\\\/\"}]}<\/script>\n<!-- \/ Yoast SEO plugin. -->","yoast_head_json":{"title":"Tips til bildevurdering - NSFF Magasin | Norsk Selskap for Fotografi","description":"Ved \u00e5 l\u00e6re bildevurdering f\u00e5r du et viktig verkt\u00f8y som du kan bruke n\u00e5r du fotograferer. Her f\u00e5r du 6 tips som vil gj\u00f8re deg til en bedre fotograf!","robots":{"index":"index","follow":"follow","max-snippet":"max-snippet:-1","max-image-preview":"max-image-preview:large","max-video-preview":"max-video-preview:-1"},"canonical":"https:\/\/nsff.no\/magasinet\/2016\/06\/15\/tips-til-bildevurdering\/","og_locale":"nb_NO","og_type":"article","og_title":"Tips til bildevurdering - NSFF Magasin | Norsk Selskap for Fotografi","og_description":"Ved \u00e5 l\u00e6re bildevurdering f\u00e5r du et viktig verkt\u00f8y som du kan bruke n\u00e5r du fotograferer. Her f\u00e5r du 6 tips som vil gj\u00f8re deg til en bedre fotograf!","og_url":"https:\/\/nsff.no\/magasinet\/2016\/06\/15\/tips-til-bildevurdering\/","og_site_name":"NSFF Magasin | Norsk Selskap for Fotografi","article_published_time":"2016-06-15T17:11:30+00:00","article_modified_time":"2017-12-20T17:46:28+00:00","author":"Birgit Fostervold","twitter_card":"summary_large_image","twitter_image":"https:\/\/nsff.no\/magasinet\/wp-content\/uploads\/sites\/2\/2016\/06\/6-Tips-690x388.png","twitter_misc":{"Skrevet av":"Birgit Fostervold","Ansl. lesetid":"18 minutter"},"schema":{"@context":"https:\/\/schema.org","@graph":[{"@type":"Article","@id":"https:\/\/nsff.no\/magasinet\/2016\/06\/15\/tips-til-bildevurdering\/#article","isPartOf":{"@id":"https:\/\/nsff.no\/magasinet\/2016\/06\/15\/tips-til-bildevurdering\/"},"author":{"name":"Birgit Fostervold","@id":"https:\/\/nsff.no\/magasinet\/#\/schema\/person\/da041f968afa9bee0293372491a98303"},"headline":"Tips til bildevurdering","datePublished":"2016-06-15T17:11:30+00:00","dateModified":"2017-12-20T17:46:28+00:00","mainEntityOfPage":{"@id":"https:\/\/nsff.no\/magasinet\/2016\/06\/15\/tips-til-bildevurdering\/"},"wordCount":3643,"commentCount":1,"publisher":{"@id":"https:\/\/nsff.no\/magasinet\/#organization"},"image":{"@id":"https:\/\/nsff.no\/magasinet\/2016\/06\/15\/tips-til-bildevurdering\/#primaryimage"},"thumbnailUrl":"https:\/\/nsff.no\/magasinet\/wp-content\/uploads\/sites\/2\/2016\/06\/6-Tips-690x388.png","keywords":["bildeanalyse","bildevurdering"],"articleSection":["Tips &amp; triks"],"inLanguage":"nb-NO","potentialAction":[{"@type":"CommentAction","name":"Comment","target":["https:\/\/nsff.no\/magasinet\/2016\/06\/15\/tips-til-bildevurdering\/#respond"]}]},{"@type":"WebPage","@id":"https:\/\/nsff.no\/magasinet\/2016\/06\/15\/tips-til-bildevurdering\/","url":"https:\/\/nsff.no\/magasinet\/2016\/06\/15\/tips-til-bildevurdering\/","name":"Tips til bildevurdering - NSFF Magasin | Norsk Selskap for Fotografi","isPartOf":{"@id":"https:\/\/nsff.no\/magasinet\/#website"},"primaryImageOfPage":{"@id":"https:\/\/nsff.no\/magasinet\/2016\/06\/15\/tips-til-bildevurdering\/#primaryimage"},"image":{"@id":"https:\/\/nsff.no\/magasinet\/2016\/06\/15\/tips-til-bildevurdering\/#primaryimage"},"thumbnailUrl":"https:\/\/nsff.no\/magasinet\/wp-content\/uploads\/sites\/2\/2016\/06\/6-Tips-690x388.png","datePublished":"2016-06-15T17:11:30+00:00","dateModified":"2017-12-20T17:46:28+00:00","description":"Ved \u00e5 l\u00e6re bildevurdering f\u00e5r du et viktig verkt\u00f8y som du kan bruke n\u00e5r du fotograferer. Her f\u00e5r du 6 tips som vil gj\u00f8re deg til en bedre fotograf!","breadcrumb":{"@id":"https:\/\/nsff.no\/magasinet\/2016\/06\/15\/tips-til-bildevurdering\/#breadcrumb"},"inLanguage":"nb-NO","potentialAction":[{"@type":"ReadAction","target":["https:\/\/nsff.no\/magasinet\/2016\/06\/15\/tips-til-bildevurdering\/"]}]},{"@type":"ImageObject","inLanguage":"nb-NO","@id":"https:\/\/nsff.no\/magasinet\/2016\/06\/15\/tips-til-bildevurdering\/#primaryimage","url":"https:\/\/nsff.no\/magasinet\/wp-content\/uploads\/sites\/2\/2016\/06\/6-Tips-690x388.png","contentUrl":"https:\/\/nsff.no\/magasinet\/wp-content\/uploads\/sites\/2\/2016\/06\/6-Tips-690x388.png","caption":"Grafikk: Darlene Hildebrandt, digitalphotomentor.com"},{"@type":"BreadcrumbList","@id":"https:\/\/nsff.no\/magasinet\/2016\/06\/15\/tips-til-bildevurdering\/#breadcrumb","itemListElement":[{"@type":"ListItem","position":1,"name":"Hjem","item":"https:\/\/nsff.no\/magasinet\/"},{"@type":"ListItem","position":2,"name":"Tips til bildevurdering"}]},{"@type":"WebSite","@id":"https:\/\/nsff.no\/magasinet\/#website","url":"https:\/\/nsff.no\/magasinet\/","name":"NSFF Magasin | Norsk Selskap for Fotografi","description":"Medlemsmagasin for film- og fotoentusiaster","publisher":{"@id":"https:\/\/nsff.no\/magasinet\/#organization"},"potentialAction":[{"@type":"SearchAction","target":{"@type":"EntryPoint","urlTemplate":"https:\/\/nsff.no\/magasinet\/?s={search_term_string}"},"query-input":{"@type":"PropertyValueSpecification","valueRequired":true,"valueName":"search_term_string"}}],"inLanguage":"nb-NO"},{"@type":"Organization","@id":"https:\/\/nsff.no\/magasinet\/#organization","name":"Norsk Selskap for Fotografo","url":"https:\/\/nsff.no\/magasinet\/","logo":{"@type":"ImageObject","inLanguage":"nb-NO","@id":"https:\/\/nsff.no\/magasinet\/#\/schema\/logo\/image\/","url":"https:\/\/nsff.no\/magasinet\/wp-content\/uploads\/sites\/2\/2016\/05\/NSFF-fb-lenkebilde.png","contentUrl":"https:\/\/nsff.no\/magasinet\/wp-content\/uploads\/sites\/2\/2016\/05\/NSFF-fb-lenkebilde.png","width":1,"height":1,"caption":"Norsk Selskap for Fotografo"},"image":{"@id":"https:\/\/nsff.no\/magasinet\/#\/schema\/logo\/image\/"}},{"@type":"Person","@id":"https:\/\/nsff.no\/magasinet\/#\/schema\/person\/da041f968afa9bee0293372491a98303","name":"Birgit Fostervold","image":{"@type":"ImageObject","inLanguage":"nb-NO","@id":"https:\/\/secure.gravatar.com\/avatar\/d8b31664a01c80eecbf53f36dc41fa676bbfe7c78cb2391937a62f88da897950?s=96&d=mm&r=g","url":"https:\/\/secure.gravatar.com\/avatar\/d8b31664a01c80eecbf53f36dc41fa676bbfe7c78cb2391937a62f88da897950?s=96&d=mm&r=g","contentUrl":"https:\/\/secure.gravatar.com\/avatar\/d8b31664a01c80eecbf53f36dc41fa676bbfe7c78cb2391937a62f88da897950?s=96&d=mm&r=g","caption":"Birgit Fostervold"},"description":"EsNSFF, HonENFFF, medlem i Homborsund fotoklubb og Arendal fotoklubb. Styremedlem NSFF, Nordisk Forbund for Fotografi og Norsk Naturfotofestival. Tidl. nestleder og konst.leder NSFF (2017\u201322), tidl. redakt\u00f8r for NSFF Magasin (2016\u201322).","sameAs":["https:\/\/lensbirdie.no","https:\/\/instagram.com\/knipselyst\/"],"url":"https:\/\/nsff.no\/magasinet\/author\/birgitf\/"}]}},"_links":{"self":[{"href":"https:\/\/nsff.no\/magasinet\/wp-json\/wp\/v2\/posts\/3306","targetHints":{"allow":["GET"]}}],"collection":[{"href":"https:\/\/nsff.no\/magasinet\/wp-json\/wp\/v2\/posts"}],"about":[{"href":"https:\/\/nsff.no\/magasinet\/wp-json\/wp\/v2\/types\/post"}],"author":[{"embeddable":true,"href":"https:\/\/nsff.no\/magasinet\/wp-json\/wp\/v2\/users\/7"}],"replies":[{"embeddable":true,"href":"https:\/\/nsff.no\/magasinet\/wp-json\/wp\/v2\/comments?post=3306"}],"version-history":[{"count":5,"href":"https:\/\/nsff.no\/magasinet\/wp-json\/wp\/v2\/posts\/3306\/revisions"}],"predecessor-version":[{"id":3334,"href":"https:\/\/nsff.no\/magasinet\/wp-json\/wp\/v2\/posts\/3306\/revisions\/3334"}],"wp:featuredmedia":[{"embeddable":true,"href":"https:\/\/nsff.no\/magasinet\/wp-json\/wp\/v2\/media\/3331"}],"wp:attachment":[{"href":"https:\/\/nsff.no\/magasinet\/wp-json\/wp\/v2\/media?parent=3306"}],"wp:term":[{"taxonomy":"category","embeddable":true,"href":"https:\/\/nsff.no\/magasinet\/wp-json\/wp\/v2\/categories?post=3306"},{"taxonomy":"post_tag","embeddable":true,"href":"https:\/\/nsff.no\/magasinet\/wp-json\/wp\/v2\/tags?post=3306"}],"curies":[{"name":"wp","href":"https:\/\/api.w.org\/{rel}","templated":true}]}}