{"id":2151,"date":"2015-11-08T15:07:35","date_gmt":"2015-11-08T14:07:35","guid":{"rendered":"http:\/\/www.nsff.no\/wp\/magasinet\/?p=2151"},"modified":"2016-06-16T22:11:56","modified_gmt":"2016-06-16T20:11:56","slug":"digital-historiefortelling-med-jo-raknes","status":"publish","type":"post","link":"https:\/\/nsff.no\/magasinet\/2015\/11\/08\/digital-historiefortelling-med-jo-raknes\/","title":{"rendered":"Digital Historiefortelling med Jo Raknes"},"content":{"rendered":"<p>[et_pb_section admin_label=&raquo;section&raquo;][et_pb_row admin_label=&raquo;Rad&raquo;][et_pb_column type=&raquo;2_3&#8243;][et_pb_text admin_label=&raquo;Tekst&raquo; background_layout=&raquo;light&raquo; text_orientation=&raquo;left&raquo; use_border_color=&raquo;off&raquo; border_color=&raquo;#ffffff&raquo; border_style=&raquo;solid&raquo;]<\/p>\n<p>Bergen Fritidsfilmere har gjennomf\u00f8rt et 6 timers gratisseminar med Jo Raknes for sine medlemmer; &laquo;HISTORIEFORTELLING; VERKT\u00d8Y OG METODER FOR BEDRE FILM&raquo;.<\/p>\n<p>Kursleder Jo Raknes har erfaring fra b\u00e5de radio og fjernsyn og har figurert b\u00e5de foran og bak kamera. I NRK Oslo der han n\u00e5 er, har han jobbet i kulturredaksjonen og i redaksjon for barn og ungdom.<\/p>\n<p>Jo Raknes presenterte for v\u00e5re medlemmer noen av de verkt\u00f8y og metoder som NRK bruker for \u00e5 lage best mulige programmer. Dette er metoder som og er gode sjekkpunkt og utviklingsverkt\u00f8y ogs\u00e5 for oss fritidsfilmere.<\/p>\n<p>Verkt\u00f8yene kan ogs\u00e5 brukes til dramatisering av manus. Dette var den spennende agendaen:<\/p>\n<ul>\n<li>Innhold i verdensklasse.<\/li>\n<li>Hvordan jobber NRK, NABC-metoden.<\/li>\n<li>Storytelling; historiefortellerverkt\u00f8yet.<\/li>\n<li>Gruppearbeid med eksempler (cases) der vi bruker metoder som er presentert.<\/li>\n<\/ul>\n<p>N\u00e6r 20 av Bergen Fritidsfilmeres medlemmer fikk her ogs\u00e5 anledningen til \u00e5 gj\u00f8re seg tanker omkring og skape ideer for et mulig klubbfilmprosjekt for 2015\/ 2016. Skal man tro flere tilbakemeldinger (og det gj\u00f8r vi gjerne), s\u00e5 var utbyttet av seminaret stort.<\/p>\n<p><a href=\"http:\/\/www.bergenfritidsfilmere.no\/\" target=\"_blank\">Bergen Fritidsfilmere<\/a> \u00f8nsker \u00e5 satse p\u00e5 flere kurs og seminarer, hvor vi vektlegger \u00e5 \u00f8ke kunnskapsniv\u00e5et blant fritidsfilmere n\u00e5r det kommer til \u00e5 evne \u00e5 fortelle. <strong>Formidle det man har p\u00e5 hjertet!<\/strong> Vi tror det er p\u00e5 det punktet det svikter hos filmamat\u00f8rer flest.<\/p>\n<p>[\/et_pb_text][\/et_pb_column][et_pb_column type=&raquo;1_3&#8243;][et_pb_image admin_label=&raquo;Bilde&raquo; src=&raquo;http:\/\/nsff.no\/magasinet\/wp-content\/uploads\/sites\/2\/2015\/11\/Jo-Raknes-foredrar_R.jpg&raquo; alt=&raquo;Jo Raknes foredrar&raquo; show_in_lightbox=&raquo;on&raquo; url_new_window=&raquo;off&raquo; use_overlay=&raquo;off&raquo; animation=&raquo;off&raquo; sticky=&raquo;off&raquo; align=&raquo;left&raquo; force_fullwidth=&raquo;off&raquo; always_center_on_mobile=&raquo;on&raquo; use_border_color=&raquo;off&raquo; border_color=&raquo;#ffffff&raquo; border_style=&raquo;solid&raquo; \/][et_pb_image admin_label=&raquo;Bilde&raquo; src=&raquo;http:\/\/nsff.no\/magasinet\/wp-content\/uploads\/sites\/2\/2015\/11\/Tavle_R.jpg&raquo; alt=&raquo;Post-It; nyttig verkt\u00f8y&raquo; show_in_lightbox=&raquo;on&raquo; url_new_window=&raquo;off&raquo; use_overlay=&raquo;off&raquo; animation=&raquo;off&raquo; sticky=&raquo;off&raquo; align=&raquo;left&raquo; force_fullwidth=&raquo;off&raquo; always_center_on_mobile=&raquo;on&raquo; use_border_color=&raquo;off&raquo; border_color=&raquo;#ffffff&raquo; border_style=&raquo;solid&raquo; \/][et_pb_image admin_label=&raquo;Bilde&raquo; src=&raquo;http:\/\/nsff.no\/magasinet\/wp-content\/uploads\/sites\/2\/2015\/11\/Flip-Over_R.jpg&raquo; alt=&raquo;Flip-Over; enda ikke g\u00e5tt av moten.&raquo; show_in_lightbox=&raquo;on&raquo; url_new_window=&raquo;off&raquo; use_overlay=&raquo;off&raquo; animation=&raquo;off&raquo; sticky=&raquo;off&raquo; align=&raquo;left&raquo; force_fullwidth=&raquo;off&raquo; always_center_on_mobile=&raquo;on&raquo; use_border_color=&raquo;off&raquo; border_color=&raquo;#ffffff&raquo; border_style=&raquo;solid&raquo; \/][\/et_pb_column][\/et_pb_row][et_pb_row admin_label=&raquo;row&raquo;][et_pb_column type=&raquo;4_4&#8243;][et_pb_text admin_label=&raquo;Tekst&raquo; background_layout=&raquo;light&raquo; text_orientation=&raquo;left&raquo; use_border_color=&raquo;off&raquo; border_color=&raquo;#ffffff&raquo; border_style=&raquo;solid&raquo;]<\/p>\n<div id=\"attachment_2172\" style=\"width: 1010px\" class=\"wp-caption aligncenter\"><img loading=\"lazy\" decoding=\"async\" aria-describedby=\"caption-attachment-2172\" class=\"wp-image-2172 size-full\" src=\"http:\/\/nsff.no\/magasinet\/wp-content\/uploads\/sites\/2\/2015\/11\/Finn-og-Jo_R.jpg\" alt=\"Finn-og-Jo_R\" width=\"1000\" height=\"946\" \/><p id=\"caption-attachment-2172\" class=\"wp-caption-text\">Klubbleder i Bergen Fritidsfilmere Finn Wetteland (t.v) takker Jo Raknes for et begivenhetsrikt og sv\u00e6rt vellykket seminar om historiefortelling basert p\u00e5 bruk av lyd og bilde.<\/p><\/div>\n<p>[\/et_pb_text][\/et_pb_column][\/et_pb_row][\/et_pb_section]<\/p>\n","protected":false},"excerpt":{"rendered":"<p>Bergen Fritidsfilmere har gjennomf\u00f8rt et 6 timers gratisseminar med Jo Raknes for sine medlemmer; &laquo;HISTORIEFORTELLING; VERKT\u00d8Y OG METODER FOR BEDRE FILM&raquo;.<\/p>\n","protected":false},"author":3,"featured_media":3304,"comment_status":"open","ping_status":"closed","sticky":false,"template":"","format":"standard","meta":{"_et_pb_use_builder":"on","_et_pb_old_content":"Bergen Fritidsfilmere har gjennomf\u00f8rt et 6 timers gratisseminar for sine medlemmer; \"HISTORIEFORTELLING; VERKT\u00d8Y OG METODER FOR BEDRE FILM\".\r\n\r\nKursleder Jo Raknes har erfaring fra b\u00e5de radio og fjernsyn og har figurert b\u00e5de foran og bak kamera. I NRK Oslo der han n\u00e5 er, har han jobbet i kulturredaksjonen og i redaksjon for barn og ungdom.\r\n\r\nJo Raknes presenterte for v\u00e5re medlemmer noen av de verkt\u00f8y og metoder som NRK bruker for \u00e5 lage best mulige programmer. Dette er metoder som og er gode sjekkpunkt og utviklingsverkt\u00f8y ogs\u00e5 for oss fritidsfilmere.\r\n\r\nVerkt\u00f8yene kan ogs\u00e5 brukes til dramatisering av manus. Dette var den spennende agendaen:\r\n\r\n<ul>\r\n\t<li>Innhold i verdensklasse.<\/li>\r\n\t<li>Hvordan jobber NRK, NABC-metoden.<\/li>\r\n\t<li>Storytelling; historiefortellerverkt\u00f8yet.<\/li>\r\n\t<li>Gruppearbeid med eksempler (cases) der vi bruker metoder som er presentert.<\/li>\r\n<\/ul>\r\n\r\nN\u00e6r 20 av Bergen Fritidsfilmeres medlemmer fikk her ogs\u00e5 anledningen til \u00e5 gj\u00f8re seg tanker omkring og skape ideer for et mulig klubbfilmprosjekt for 2015\/ 2016. Skal man tro flere tilbakemeldinger (og det gj\u00f8r vi gjerne), s\u00e5 var utbyttet av seminaret stort.\r\n\r\n<a href=\"http:\/\/www.bergenfritidsfilmere.no\/\" target=\"_blank\">Bergen Fritidsfilmere<\/a> \u00f8nsker \u00e5 satse p\u00e5 flere kurs og seminarer, hvor vi vektlegger \u00e5 \u00f8ke kunnskapsniv\u00e5et blant fritidsfilmere n\u00e5r det kommer til \u00e5 evne \u00e5 fortelle. <strong>Formidle det man har p\u00e5 hjertet!<\/strong> Vi tror det er p\u00e5 det punktet det svikter hos filmamat\u00f8rer flest.","_et_gb_content_width":"","footnotes":""},"categories":[91,261],"tags":[40,202,201,199,200],"class_list":["post-2151","post","type-post","status-publish","format-standard","has-post-thumbnail","hentry","category-inspirasjon","category-workshops-kurs","tag-bergen-fritidsfilmere","tag-digital-historiefortelling","tag-filmseminar","tag-jo-raknes","tag-workshop","et-has-post-format-content","et_post_format-et-post-format-standard"],"yoast_head":"<!-- This site is optimized with the Yoast SEO plugin v27.5 - https:\/\/yoast.com\/product\/yoast-seo-wordpress\/ -->\n<title>Digital Historiefortelling med Jo Raknes - NSFF Magasin | Norsk Selskap for Fotografi<\/title>\n<meta name=\"description\" content=\"Bergen Fritidsfilmere har gjennomf\u00f8rt et 6 timers gratisseminar med Jo Raknes for sine medlemmer; &quot;HISTORIEFORTELLING; VERKT\u00d8Y OG METODER FOR BEDRE FILM&quot;.\" \/>\n<meta name=\"robots\" content=\"index, follow, max-snippet:-1, max-image-preview:large, max-video-preview:-1\" \/>\n<link rel=\"canonical\" href=\"https:\/\/nsff.no\/magasinet\/2015\/11\/08\/digital-historiefortelling-med-jo-raknes\/\" \/>\n<meta property=\"og:locale\" content=\"nb_NO\" \/>\n<meta property=\"og:type\" content=\"article\" \/>\n<meta property=\"og:title\" content=\"Digital Historiefortelling med Jo Raknes - NSFF Magasin | Norsk Selskap for Fotografi\" \/>\n<meta property=\"og:description\" content=\"Bergen Fritidsfilmere har gjennomf\u00f8rt et 6 timers gratisseminar med Jo Raknes for sine medlemmer; &quot;HISTORIEFORTELLING; VERKT\u00d8Y OG METODER FOR BEDRE FILM&quot;.\" \/>\n<meta property=\"og:url\" content=\"https:\/\/nsff.no\/magasinet\/2015\/11\/08\/digital-historiefortelling-med-jo-raknes\/\" \/>\n<meta property=\"og:site_name\" content=\"NSFF Magasin | Norsk Selskap for Fotografi\" \/>\n<meta property=\"article:published_time\" content=\"2015-11-08T14:07:35+00:00\" \/>\n<meta property=\"article:modified_time\" content=\"2016-06-16T20:11:56+00:00\" \/>\n<meta property=\"og:image\" content=\"https:\/\/nsff.no\/magasinet\/wp-content\/uploads\/sites\/2\/2015\/11\/Tavle_R.jpg\" \/>\n\t<meta property=\"og:image:width\" content=\"1\" \/>\n\t<meta property=\"og:image:height\" content=\"1\" \/>\n\t<meta property=\"og:image:type\" content=\"image\/jpeg\" \/>\n<meta name=\"author\" content=\"Roy Morten Gleditsch\" \/>\n<meta name=\"twitter:card\" content=\"summary_large_image\" \/>\n<meta name=\"twitter:label1\" content=\"Skrevet av\" \/>\n\t<meta name=\"twitter:data1\" content=\"Roy Morten Gleditsch\" \/>\n\t<meta name=\"twitter:label2\" content=\"Ansl. lesetid\" \/>\n\t<meta name=\"twitter:data2\" content=\"3 minutter\" \/>\n<script type=\"application\/ld+json\" class=\"yoast-schema-graph\">{\"@context\":\"https:\\\/\\\/schema.org\",\"@graph\":[{\"@type\":\"Article\",\"@id\":\"https:\\\/\\\/nsff.no\\\/magasinet\\\/2015\\\/11\\\/08\\\/digital-historiefortelling-med-jo-raknes\\\/#article\",\"isPartOf\":{\"@id\":\"https:\\\/\\\/nsff.no\\\/magasinet\\\/2015\\\/11\\\/08\\\/digital-historiefortelling-med-jo-raknes\\\/\"},\"author\":{\"name\":\"Roy Morten Gleditsch\",\"@id\":\"https:\\\/\\\/nsff.no\\\/magasinet\\\/#\\\/schema\\\/person\\\/00e43e4e855e12444beb4e6e3fe9edc0\"},\"headline\":\"Digital Historiefortelling med Jo Raknes\",\"datePublished\":\"2015-11-08T14:07:35+00:00\",\"dateModified\":\"2016-06-16T20:11:56+00:00\",\"mainEntityOfPage\":{\"@id\":\"https:\\\/\\\/nsff.no\\\/magasinet\\\/2015\\\/11\\\/08\\\/digital-historiefortelling-med-jo-raknes\\\/\"},\"wordCount\":528,\"commentCount\":0,\"publisher\":{\"@id\":\"https:\\\/\\\/nsff.no\\\/magasinet\\\/#organization\"},\"image\":{\"@id\":\"https:\\\/\\\/nsff.no\\\/magasinet\\\/2015\\\/11\\\/08\\\/digital-historiefortelling-med-jo-raknes\\\/#primaryimage\"},\"thumbnailUrl\":\"https:\\\/\\\/nsff.no\\\/magasinet\\\/wp-content\\\/uploads\\\/sites\\\/2\\\/2015\\\/11\\\/Finn-og-Jo_front.jpg\",\"keywords\":[\"Bergen Fritidsfilmere\",\"digital historiefortelling\",\"filmseminar\",\"Jo Raknes\",\"workshop\"],\"articleSection\":[\"Inspirasjon\",\"Workshops\\\/kurs\"],\"inLanguage\":\"nb-NO\",\"potentialAction\":[{\"@type\":\"CommentAction\",\"name\":\"Comment\",\"target\":[\"https:\\\/\\\/nsff.no\\\/magasinet\\\/2015\\\/11\\\/08\\\/digital-historiefortelling-med-jo-raknes\\\/#respond\"]}]},{\"@type\":\"WebPage\",\"@id\":\"https:\\\/\\\/nsff.no\\\/magasinet\\\/2015\\\/11\\\/08\\\/digital-historiefortelling-med-jo-raknes\\\/\",\"url\":\"https:\\\/\\\/nsff.no\\\/magasinet\\\/2015\\\/11\\\/08\\\/digital-historiefortelling-med-jo-raknes\\\/\",\"name\":\"Digital Historiefortelling med Jo Raknes - NSFF Magasin | Norsk Selskap for Fotografi\",\"isPartOf\":{\"@id\":\"https:\\\/\\\/nsff.no\\\/magasinet\\\/#website\"},\"primaryImageOfPage\":{\"@id\":\"https:\\\/\\\/nsff.no\\\/magasinet\\\/2015\\\/11\\\/08\\\/digital-historiefortelling-med-jo-raknes\\\/#primaryimage\"},\"image\":{\"@id\":\"https:\\\/\\\/nsff.no\\\/magasinet\\\/2015\\\/11\\\/08\\\/digital-historiefortelling-med-jo-raknes\\\/#primaryimage\"},\"thumbnailUrl\":\"https:\\\/\\\/nsff.no\\\/magasinet\\\/wp-content\\\/uploads\\\/sites\\\/2\\\/2015\\\/11\\\/Finn-og-Jo_front.jpg\",\"datePublished\":\"2015-11-08T14:07:35+00:00\",\"dateModified\":\"2016-06-16T20:11:56+00:00\",\"description\":\"Bergen Fritidsfilmere har gjennomf\u00f8rt et 6 timers gratisseminar med Jo Raknes for sine medlemmer; \\\"HISTORIEFORTELLING; VERKT\u00d8Y OG METODER FOR BEDRE FILM\\\".\",\"breadcrumb\":{\"@id\":\"https:\\\/\\\/nsff.no\\\/magasinet\\\/2015\\\/11\\\/08\\\/digital-historiefortelling-med-jo-raknes\\\/#breadcrumb\"},\"inLanguage\":\"nb-NO\",\"potentialAction\":[{\"@type\":\"ReadAction\",\"target\":[\"https:\\\/\\\/nsff.no\\\/magasinet\\\/2015\\\/11\\\/08\\\/digital-historiefortelling-med-jo-raknes\\\/\"]}]},{\"@type\":\"ImageObject\",\"inLanguage\":\"nb-NO\",\"@id\":\"https:\\\/\\\/nsff.no\\\/magasinet\\\/2015\\\/11\\\/08\\\/digital-historiefortelling-med-jo-raknes\\\/#primaryimage\",\"url\":\"https:\\\/\\\/nsff.no\\\/magasinet\\\/wp-content\\\/uploads\\\/sites\\\/2\\\/2015\\\/11\\\/Finn-og-Jo_front.jpg\",\"contentUrl\":\"https:\\\/\\\/nsff.no\\\/magasinet\\\/wp-content\\\/uploads\\\/sites\\\/2\\\/2015\\\/11\\\/Finn-og-Jo_front.jpg\",\"caption\":\"Finn Wetteland (t.v) takker Jo Raknes\"},{\"@type\":\"BreadcrumbList\",\"@id\":\"https:\\\/\\\/nsff.no\\\/magasinet\\\/2015\\\/11\\\/08\\\/digital-historiefortelling-med-jo-raknes\\\/#breadcrumb\",\"itemListElement\":[{\"@type\":\"ListItem\",\"position\":1,\"name\":\"Hjem\",\"item\":\"https:\\\/\\\/nsff.no\\\/magasinet\\\/\"},{\"@type\":\"ListItem\",\"position\":2,\"name\":\"Digital Historiefortelling med Jo Raknes\"}]},{\"@type\":\"WebSite\",\"@id\":\"https:\\\/\\\/nsff.no\\\/magasinet\\\/#website\",\"url\":\"https:\\\/\\\/nsff.no\\\/magasinet\\\/\",\"name\":\"NSFF Magasin | Norsk Selskap for Fotografi\",\"description\":\"Medlemsmagasin for film- og fotoentusiaster\",\"publisher\":{\"@id\":\"https:\\\/\\\/nsff.no\\\/magasinet\\\/#organization\"},\"potentialAction\":[{\"@type\":\"SearchAction\",\"target\":{\"@type\":\"EntryPoint\",\"urlTemplate\":\"https:\\\/\\\/nsff.no\\\/magasinet\\\/?s={search_term_string}\"},\"query-input\":{\"@type\":\"PropertyValueSpecification\",\"valueRequired\":true,\"valueName\":\"search_term_string\"}}],\"inLanguage\":\"nb-NO\"},{\"@type\":\"Organization\",\"@id\":\"https:\\\/\\\/nsff.no\\\/magasinet\\\/#organization\",\"name\":\"Norsk Selskap for Fotografo\",\"url\":\"https:\\\/\\\/nsff.no\\\/magasinet\\\/\",\"logo\":{\"@type\":\"ImageObject\",\"inLanguage\":\"nb-NO\",\"@id\":\"https:\\\/\\\/nsff.no\\\/magasinet\\\/#\\\/schema\\\/logo\\\/image\\\/\",\"url\":\"https:\\\/\\\/nsff.no\\\/magasinet\\\/wp-content\\\/uploads\\\/sites\\\/2\\\/2016\\\/05\\\/NSFF-fb-lenkebilde.png\",\"contentUrl\":\"https:\\\/\\\/nsff.no\\\/magasinet\\\/wp-content\\\/uploads\\\/sites\\\/2\\\/2016\\\/05\\\/NSFF-fb-lenkebilde.png\",\"width\":1,\"height\":1,\"caption\":\"Norsk Selskap for Fotografo\"},\"image\":{\"@id\":\"https:\\\/\\\/nsff.no\\\/magasinet\\\/#\\\/schema\\\/logo\\\/image\\\/\"}},{\"@type\":\"Person\",\"@id\":\"https:\\\/\\\/nsff.no\\\/magasinet\\\/#\\\/schema\\\/person\\\/00e43e4e855e12444beb4e6e3fe9edc0\",\"name\":\"Roy Morten Gleditsch\",\"image\":{\"@type\":\"ImageObject\",\"inLanguage\":\"nb-NO\",\"@id\":\"https:\\\/\\\/secure.gravatar.com\\\/avatar\\\/885548ffa38b81c256c0f774865a7d996476149a5e9f193bf32459b364a2cf39?s=96&d=mm&r=g\",\"url\":\"https:\\\/\\\/secure.gravatar.com\\\/avatar\\\/885548ffa38b81c256c0f774865a7d996476149a5e9f193bf32459b364a2cf39?s=96&d=mm&r=g\",\"contentUrl\":\"https:\\\/\\\/secure.gravatar.com\\\/avatar\\\/885548ffa38b81c256c0f774865a7d996476149a5e9f193bf32459b364a2cf39?s=96&d=mm&r=g\",\"caption\":\"Roy Morten Gleditsch\"},\"description\":\"Filmskaper siden 1970. Medlem av Bergen Fritidsfilmere siden 1980. Redakt\u00f8r av NSFF Magasin fra oppstarten til juni 2016, tidligere medlem av Filmutvalget. \u00c6resmedlem NSFF.\",\"sameAs\":[\"http:\\\/\\\/www.bergenfritidsfilmere.no\\\/\"],\"url\":\"https:\\\/\\\/nsff.no\\\/magasinet\\\/author\\\/magasinet\\\/\"}]}<\/script>\n<!-- \/ Yoast SEO plugin. -->","yoast_head_json":{"title":"Digital Historiefortelling med Jo Raknes - NSFF Magasin | Norsk Selskap for Fotografi","description":"Bergen Fritidsfilmere har gjennomf\u00f8rt et 6 timers gratisseminar med Jo Raknes for sine medlemmer; \"HISTORIEFORTELLING; VERKT\u00d8Y OG METODER FOR BEDRE FILM\".","robots":{"index":"index","follow":"follow","max-snippet":"max-snippet:-1","max-image-preview":"max-image-preview:large","max-video-preview":"max-video-preview:-1"},"canonical":"https:\/\/nsff.no\/magasinet\/2015\/11\/08\/digital-historiefortelling-med-jo-raknes\/","og_locale":"nb_NO","og_type":"article","og_title":"Digital Historiefortelling med Jo Raknes - NSFF Magasin | Norsk Selskap for Fotografi","og_description":"Bergen Fritidsfilmere har gjennomf\u00f8rt et 6 timers gratisseminar med Jo Raknes for sine medlemmer; \"HISTORIEFORTELLING; VERKT\u00d8Y OG METODER FOR BEDRE FILM\".","og_url":"https:\/\/nsff.no\/magasinet\/2015\/11\/08\/digital-historiefortelling-med-jo-raknes\/","og_site_name":"NSFF Magasin | Norsk Selskap for Fotografi","article_published_time":"2015-11-08T14:07:35+00:00","article_modified_time":"2016-06-16T20:11:56+00:00","og_image":[{"url":"https:\/\/nsff.no\/magasinet\/wp-content\/uploads\/sites\/2\/2015\/11\/Tavle_R.jpg","width":1,"height":1,"type":"image\/jpeg"}],"author":"Roy Morten Gleditsch","twitter_card":"summary_large_image","twitter_misc":{"Skrevet av":"Roy Morten Gleditsch","Ansl. lesetid":"3 minutter"},"schema":{"@context":"https:\/\/schema.org","@graph":[{"@type":"Article","@id":"https:\/\/nsff.no\/magasinet\/2015\/11\/08\/digital-historiefortelling-med-jo-raknes\/#article","isPartOf":{"@id":"https:\/\/nsff.no\/magasinet\/2015\/11\/08\/digital-historiefortelling-med-jo-raknes\/"},"author":{"name":"Roy Morten Gleditsch","@id":"https:\/\/nsff.no\/magasinet\/#\/schema\/person\/00e43e4e855e12444beb4e6e3fe9edc0"},"headline":"Digital Historiefortelling med Jo Raknes","datePublished":"2015-11-08T14:07:35+00:00","dateModified":"2016-06-16T20:11:56+00:00","mainEntityOfPage":{"@id":"https:\/\/nsff.no\/magasinet\/2015\/11\/08\/digital-historiefortelling-med-jo-raknes\/"},"wordCount":528,"commentCount":0,"publisher":{"@id":"https:\/\/nsff.no\/magasinet\/#organization"},"image":{"@id":"https:\/\/nsff.no\/magasinet\/2015\/11\/08\/digital-historiefortelling-med-jo-raknes\/#primaryimage"},"thumbnailUrl":"https:\/\/nsff.no\/magasinet\/wp-content\/uploads\/sites\/2\/2015\/11\/Finn-og-Jo_front.jpg","keywords":["Bergen Fritidsfilmere","digital historiefortelling","filmseminar","Jo Raknes","workshop"],"articleSection":["Inspirasjon","Workshops\/kurs"],"inLanguage":"nb-NO","potentialAction":[{"@type":"CommentAction","name":"Comment","target":["https:\/\/nsff.no\/magasinet\/2015\/11\/08\/digital-historiefortelling-med-jo-raknes\/#respond"]}]},{"@type":"WebPage","@id":"https:\/\/nsff.no\/magasinet\/2015\/11\/08\/digital-historiefortelling-med-jo-raknes\/","url":"https:\/\/nsff.no\/magasinet\/2015\/11\/08\/digital-historiefortelling-med-jo-raknes\/","name":"Digital Historiefortelling med Jo Raknes - NSFF Magasin | Norsk Selskap for Fotografi","isPartOf":{"@id":"https:\/\/nsff.no\/magasinet\/#website"},"primaryImageOfPage":{"@id":"https:\/\/nsff.no\/magasinet\/2015\/11\/08\/digital-historiefortelling-med-jo-raknes\/#primaryimage"},"image":{"@id":"https:\/\/nsff.no\/magasinet\/2015\/11\/08\/digital-historiefortelling-med-jo-raknes\/#primaryimage"},"thumbnailUrl":"https:\/\/nsff.no\/magasinet\/wp-content\/uploads\/sites\/2\/2015\/11\/Finn-og-Jo_front.jpg","datePublished":"2015-11-08T14:07:35+00:00","dateModified":"2016-06-16T20:11:56+00:00","description":"Bergen Fritidsfilmere har gjennomf\u00f8rt et 6 timers gratisseminar med Jo Raknes for sine medlemmer; \"HISTORIEFORTELLING; VERKT\u00d8Y OG METODER FOR BEDRE FILM\".","breadcrumb":{"@id":"https:\/\/nsff.no\/magasinet\/2015\/11\/08\/digital-historiefortelling-med-jo-raknes\/#breadcrumb"},"inLanguage":"nb-NO","potentialAction":[{"@type":"ReadAction","target":["https:\/\/nsff.no\/magasinet\/2015\/11\/08\/digital-historiefortelling-med-jo-raknes\/"]}]},{"@type":"ImageObject","inLanguage":"nb-NO","@id":"https:\/\/nsff.no\/magasinet\/2015\/11\/08\/digital-historiefortelling-med-jo-raknes\/#primaryimage","url":"https:\/\/nsff.no\/magasinet\/wp-content\/uploads\/sites\/2\/2015\/11\/Finn-og-Jo_front.jpg","contentUrl":"https:\/\/nsff.no\/magasinet\/wp-content\/uploads\/sites\/2\/2015\/11\/Finn-og-Jo_front.jpg","caption":"Finn Wetteland (t.v) takker Jo Raknes"},{"@type":"BreadcrumbList","@id":"https:\/\/nsff.no\/magasinet\/2015\/11\/08\/digital-historiefortelling-med-jo-raknes\/#breadcrumb","itemListElement":[{"@type":"ListItem","position":1,"name":"Hjem","item":"https:\/\/nsff.no\/magasinet\/"},{"@type":"ListItem","position":2,"name":"Digital Historiefortelling med Jo Raknes"}]},{"@type":"WebSite","@id":"https:\/\/nsff.no\/magasinet\/#website","url":"https:\/\/nsff.no\/magasinet\/","name":"NSFF Magasin | Norsk Selskap for Fotografi","description":"Medlemsmagasin for film- og fotoentusiaster","publisher":{"@id":"https:\/\/nsff.no\/magasinet\/#organization"},"potentialAction":[{"@type":"SearchAction","target":{"@type":"EntryPoint","urlTemplate":"https:\/\/nsff.no\/magasinet\/?s={search_term_string}"},"query-input":{"@type":"PropertyValueSpecification","valueRequired":true,"valueName":"search_term_string"}}],"inLanguage":"nb-NO"},{"@type":"Organization","@id":"https:\/\/nsff.no\/magasinet\/#organization","name":"Norsk Selskap for Fotografo","url":"https:\/\/nsff.no\/magasinet\/","logo":{"@type":"ImageObject","inLanguage":"nb-NO","@id":"https:\/\/nsff.no\/magasinet\/#\/schema\/logo\/image\/","url":"https:\/\/nsff.no\/magasinet\/wp-content\/uploads\/sites\/2\/2016\/05\/NSFF-fb-lenkebilde.png","contentUrl":"https:\/\/nsff.no\/magasinet\/wp-content\/uploads\/sites\/2\/2016\/05\/NSFF-fb-lenkebilde.png","width":1,"height":1,"caption":"Norsk Selskap for Fotografo"},"image":{"@id":"https:\/\/nsff.no\/magasinet\/#\/schema\/logo\/image\/"}},{"@type":"Person","@id":"https:\/\/nsff.no\/magasinet\/#\/schema\/person\/00e43e4e855e12444beb4e6e3fe9edc0","name":"Roy Morten Gleditsch","image":{"@type":"ImageObject","inLanguage":"nb-NO","@id":"https:\/\/secure.gravatar.com\/avatar\/885548ffa38b81c256c0f774865a7d996476149a5e9f193bf32459b364a2cf39?s=96&d=mm&r=g","url":"https:\/\/secure.gravatar.com\/avatar\/885548ffa38b81c256c0f774865a7d996476149a5e9f193bf32459b364a2cf39?s=96&d=mm&r=g","contentUrl":"https:\/\/secure.gravatar.com\/avatar\/885548ffa38b81c256c0f774865a7d996476149a5e9f193bf32459b364a2cf39?s=96&d=mm&r=g","caption":"Roy Morten Gleditsch"},"description":"Filmskaper siden 1970. Medlem av Bergen Fritidsfilmere siden 1980. Redakt\u00f8r av NSFF Magasin fra oppstarten til juni 2016, tidligere medlem av Filmutvalget. \u00c6resmedlem NSFF.","sameAs":["http:\/\/www.bergenfritidsfilmere.no\/"],"url":"https:\/\/nsff.no\/magasinet\/author\/magasinet\/"}]}},"_links":{"self":[{"href":"https:\/\/nsff.no\/magasinet\/wp-json\/wp\/v2\/posts\/2151","targetHints":{"allow":["GET"]}}],"collection":[{"href":"https:\/\/nsff.no\/magasinet\/wp-json\/wp\/v2\/posts"}],"about":[{"href":"https:\/\/nsff.no\/magasinet\/wp-json\/wp\/v2\/types\/post"}],"author":[{"embeddable":true,"href":"https:\/\/nsff.no\/magasinet\/wp-json\/wp\/v2\/users\/3"}],"replies":[{"embeddable":true,"href":"https:\/\/nsff.no\/magasinet\/wp-json\/wp\/v2\/comments?post=2151"}],"version-history":[{"count":3,"href":"https:\/\/nsff.no\/magasinet\/wp-json\/wp\/v2\/posts\/2151\/revisions"}],"predecessor-version":[{"id":3124,"href":"https:\/\/nsff.no\/magasinet\/wp-json\/wp\/v2\/posts\/2151\/revisions\/3124"}],"wp:featuredmedia":[{"embeddable":true,"href":"https:\/\/nsff.no\/magasinet\/wp-json\/wp\/v2\/media\/3304"}],"wp:attachment":[{"href":"https:\/\/nsff.no\/magasinet\/wp-json\/wp\/v2\/media?parent=2151"}],"wp:term":[{"taxonomy":"category","embeddable":true,"href":"https:\/\/nsff.no\/magasinet\/wp-json\/wp\/v2\/categories?post=2151"},{"taxonomy":"post_tag","embeddable":true,"href":"https:\/\/nsff.no\/magasinet\/wp-json\/wp\/v2\/tags?post=2151"}],"curies":[{"name":"wp","href":"https:\/\/api.w.org\/{rel}","templated":true}]}}