{"id":20813,"date":"2026-08-24T19:49:37","date_gmt":"2026-08-24T17:49:37","guid":{"rendered":"https:\/\/nsff.no\/magasinet\/?p=20813"},"modified":"2026-08-24T21:24:34","modified_gmt":"2026-08-24T19:24:34","slug":"workshop-med-fotograf-bjorn-joachimsen-i-kvelde-fotoklubb","status":"publish","type":"post","link":"https:\/\/nsff.no\/magasinet\/2026\/08\/24\/workshop-med-fotograf-bjorn-joachimsen-i-kvelde-fotoklubb\/","title":{"rendered":"Workshop med fotograf Bj\u00f8rn Joachimsen i Kvelde fotoklubb"},"content":{"rendered":"<p>[et_pb_section fb_built=&raquo;1&#8243; _builder_version=&raquo;4.27.7&#8243; _module_preset=&raquo;default&raquo; global_colors_info=&raquo;{}&raquo;][et_pb_row _builder_version=&raquo;4.27.7&#8243; _module_preset=&raquo;default&raquo; global_colors_info=&raquo;{}&raquo;][et_pb_column type=&raquo;4_4&#8243; _builder_version=&raquo;4.27.7&#8243; _module_preset=&raquo;default&raquo; global_colors_info=&raquo;{}&raquo;][et_pb_text _builder_version=&raquo;4.27.8&#8243; _module_preset=&raquo;default&raquo; hover_enabled=&raquo;0&#8243; global_colors_info=&raquo;{}&raquo; sticky_enabled=&raquo;0&#8243;]<\/p>\n<p><strong>Kvelde Fotoklubb hadde den 2. og 3. mai, 2025 en spennende workshop hvor tema var portrett. Instrukt\u00f8r var Bj\u00f8rn Joachimsen. I etterkant av workshoper kunne deltakerne sende inn sitt beste bilde. I <a href=\"https:\/\/kveldefotoklubb.no\/aktivitet\/arrangement\/workshopkonkurransen\/\">denne<\/a> lenken, kan du se resultatene etter konkurransen. <\/strong><\/p>\n<p><strong>Klubben er n\u00e5 klar med en ny workshop, og der er enn\u00e5 ledige plasser. <span style=\"font-family: Arial\" data-olk-copy-source=\"MessageBody\">Arrangementet er \u00e5pent for alle fotointeresserte.<\/span><\/strong><\/p>\n<p><strong style=\"font-size: 16px\">Denne workshopens m\u00e5l er f\u00f8rst og fremst \u00e5 forsterke deltakernes inspirasjon og utvikle ferdighetene innen fotografering av mennesker. <\/strong><\/p>\n<p><strong style=\"font-size: 16px\">Opplegget passer for alle fotointeresserte som \u00f8nsker \u00e5 styrke sin evne til \u00e5 skape uttrykksfulle, troverdige og teknisk gode portretter \u2013 enten i naturlig lys eller med enkel kunstig belysning.<\/strong><\/p>\n<div>\n<h4>N\u00f8kkelinformasjon:<\/h4>\n<ul>\n<li>\n<ul>\n<li><strong>Datoer: 12.\u201313. September 2026.<\/strong><\/li>\n<li><strong>Tidsrom: kl. 10.00\u201316.30 begge dager.<\/strong><\/li>\n<li><strong>Sted: Kveldehallens kafeteria.<\/strong><\/li>\n<li><strong>Pris kr 900,- Betales ved p\u00e5melding.<\/strong><\/li>\n<li>Pris for medlemmer i Kvelde Fotoklubb: 600,- <a title=\"https:\/\/kveldefotoklubb.no\/blimedlem\/\" href=\"https:\/\/kveldefotoklubb.no\/blimedlem\/\" target=\"_blank\" rel=\"noopener noreferrer\" data-auth=\"NotApplicable\" data-linkindex=\"0\">(Bli medlem)<\/a><\/li>\n<li><strong>Arrang\u00f8r: Kvelde Fotoklubb.<\/strong><\/li>\n<li><strong>Instrukt\u00f8r: <a title=\"https:\/\/bjorn-joachimsen.com\/\" href=\"https:\/\/bjorn-joachimsen.com\/\" target=\"_blank\" rel=\"noopener noreferrer\" data-auth=\"NotApplicable\" data-linkindex=\"1\">Fotograf Bj\u00f8rn Joachimsen.<\/a><\/strong><\/li>\n<li><strong>P\u00e5melding: Skjema nederst p\u00e5 denne siden.<\/strong><\/li>\n<li><strong>Frist for p\u00e5melding (og betaling): 5.09.2026<\/strong><\/li>\n<li><a href=\"https:\/\/kveldefotoklubb.no\/blogg\/workshop-med-fotograf-bjorn-joachimsen\/\"><strong>Lenke til p\u00e5meldingsskjema<\/strong><\/a><\/li>\n<\/ul>\n<\/li>\n<\/ul>\n<p>Workshopen kombinerer korte, m\u00e5lrettede praktiske demonstrasjoner fulgt opp av \u00f8kter der deltakerne fotograferer modeller. Vi jobber b\u00e5de utend\u00f8rs og innend\u00f8rs, med naturlig lys og ulike teknikker for enkel og effektiv lyssetting i realistiske portrettsituasjoner. I arbeidet med naturlig lys legges det s\u00e6rlig vekt p\u00e5 \u00e5 utnytte lys- og v\u00e6rforhold optimalt, og p\u00e5 \u00e5 forst\u00e5 hvordan lysretning, kontrast og v\u00e6r p\u00e5virker uttrykk og stemning i portrettet.<br \/>Vi tolker sjangeren portrett noks\u00e5 fritt og jobber gjerne ogs\u00e5 med bilder som viser mennesker i et st\u00f8rre milj\u00f8 hvor historiefortellingen blir en del av bildene.<br \/>Det sosiale samspillet er en viktig del av opplegget, og l\u00e6ringen skjer i tett dialog mellom instrukt\u00f8r og deltakere over to hele dager.<br \/>Portrett\/modellfotografering er ikke vanskelig, \u2013 det er g\u00f8y!<\/p>\n<h4>M\u00e5l for kurset:<\/h4>\n<p>Etter endt workshop skal deltakerne:<\/p>\n<ul>\n<li>Forst\u00e5 grunnleggende prinsipper for portrettlys og lysretning, b\u00e5de ute og inne.<\/li>\n<li>Kunne vurdere og utnytte naturlig lys og v\u00e6rforhold bevisst i portrettsituasjoner.<\/li>\n<li>Kunne bruke tilgjengelig lys og enkel kunstig lyssetting p\u00e5 en kontrollert og hensiktsmessig m\u00e5te.<\/li>\n<li>Ha \u00f8kt trygghet i kommunikasjon og samhandling med modellen.<\/li>\n<li>Kunne analysere og forbedre egne portretter med hensyn til uttrykk, komposisjon og teknisk kvalitet.<\/li>\n<\/ul>\n<h4>Innhold:<\/h4>\n<ul>\n<li>Hva kjennetegner et godt portrett \/modell\u2013uttrykk, n\u00e6rv\u00e6r og intensjon<\/li>\n<li>Lysforst\u00e5else: naturlig lys utend\u00f8rs med bevisst bruk av lys- og v\u00e6rforhold, vinduslys innend\u00f8rs samt praktisk bruk av reflektor og tilgjengelig kunstig lys<\/li>\n<li>Bakgrunn, utsnitt og komposisjon i portrett<\/li>\n<li>Kamera- og objektivvalg for portrettfotografering<\/li>\n<li>Praktiske \u00f8velser: fotografering \u00e9n-til-\u00e9n og i sm\u00e5 grupper, b\u00e5de ute og inne<\/li>\n<li>Gjennomgang og konstruktiv bildediskusjon<\/li>\n<\/ul>\n<h4>M\u00e5lgruppe og niv\u00e5:<\/h4>\n<p>Kurset passer for:<\/p>\n<ul>\n<li>Hobbyfotografer og klubbmedlemmer med grunnleggende kamerakunnskap.<\/li>\n<li>Deltakere som \u00f8nsker \u00e5 utvikle sitt portrettblikk, uavhengig av kameramerke.<\/li>\n<\/ul>\n<p>Ingen forkunnskaper innen studiofotografering er n\u00f8dvendig.<\/p>\n<h4>Utstyr:<\/h4>\n<ul>\n<li>Kamera og\/eller mobilkamera. Hvis du har systemkamera, ta med forskjellige objektiver (hvis du har)<\/li>\n<li>Ekstra batteri og ekstra minnekort<\/li>\n<li>Powerbank\/lader til mobil<\/li>\n<li>Annet tilbeh\u00f8r du m\u00e5 ha selv.<\/li>\n<li>B\u00e6rbar Mac\/Windows PC dersom du har\/\u00f8nsker. Eventuelt nettbrett.<\/li>\n<li>Mat og drikke<\/li>\n<\/ul>\n<h4>Undervisningsform:<\/h4>\n<ul>\n<li>Praktiske demonstrasjoner<\/li>\n<li>Individuell veiledning under fotografering<\/li>\n<li>Felles gjennomgang og refleksjon rundt utvalgte bilder<\/li>\n<\/ul>\n<h4>Sp\u00f8rsm\u00e5l og svar:<\/h4>\n<p><strong>Hvem passer kurset for?<\/strong><br \/>Kurset passer for alle som \u00f8nsker \u00e5 utvikle seg innen portrettfotografering, uavhengig av forkunnskaper og erfaring.<\/p>\n<p><strong>Hvilket kamerautstyr b\u00f8r jeg ha?<\/strong><br \/>Ta med det kameraet du har. Workshopen er tilrettelagt for deltakere som bruker digitalt kamera, analogt kamera eller mobilkamera.<\/p>\n<p><strong>M\u00e5 jeg ta med egne modeller?<\/strong><br \/>Nei. Det stilles modeller til disposisjon gjennom hele workshopen. Dersom du \u00f8nsker \u00e5 ta med noen du kjenner for \u00e5 portrettere dem, er dette selvsagt mulig.<\/p>\n<p><strong>M\u00e5 jeg selv v\u00e6re modell for de andre deltakerne?<\/strong><br \/>Nei. Det er helt frivillig. Dersom du likevel \u00f8nsker \u00e5 bli portrettert av andre deltakere, legges det til rette for dette.<\/p>\n<p><strong>M\u00e5 jeg ha med datamaskin?<\/strong><br \/>Ta gjerne med datamaskin eller nettbrett for enkel bildebehandling. Dersom dette ikke er praktisk, kan mobiltelefonen benyttes sammen med gratisappen Snapseed.<\/p>\n<p><strong>Hva om jeg ikke kan v\u00e6re med hele tiden?<\/strong><br \/>For best mulig faglig utbytte anbefales det \u00e5 delta fra start til slutt begge dager.<\/p>\n<p><strong>M\u00e5 jeg v\u00e6re medlem i Kvelde Fotoklubb for \u00e5 kunne delta?<\/strong><br \/>Nei. Men bli gjerne medlem i v\u00e5r hyggelige og inspirerende fotoklubb uansett.<br \/><a title=\"https:\/\/kveldefotoklubb.no\/blimedlem\/\" href=\"https:\/\/kveldefotoklubb.no\/blimedlem\/\" target=\"_blank\" rel=\"noopener noreferrer\" data-auth=\"NotApplicable\" data-linkindex=\"2\"><strong>Meld deg inn her<\/strong><\/a>: Nytegning (et \u00e5r) i forbindelse med denne workshop gir medlemskap ut \u00e5ret samt hele neste \u00e5r.<\/p>\n<p><strong>Andre sp\u00f8rsm\u00e5l?\u00a0<\/strong>Ta gjerne kontakt med klubben <a title=\"https:\/\/kveldefotoklubb.no\/kontakt\/\" href=\"https:\/\/kveldefotoklubb.no\/kontakt\/\" target=\"_blank\" rel=\"noopener noreferrer\" data-auth=\"NotApplicable\" data-linkindex=\"3\"><strong>her<\/strong><\/a><\/p>\n<\/div>\n<p>&nbsp;<\/p>\n<p>&nbsp;<\/p>\n<p>&nbsp;<\/p>\n<p>[\/et_pb_text][\/et_pb_column][\/et_pb_row][\/et_pb_section]<\/p>\n","protected":false},"excerpt":{"rendered":"<p>Kvelde Fotoklubb hadde den 2. og 3. mai, 2025 en spennende workshop hvor tema var portrett. Instrukt\u00f8r var Bj\u00f8rn Joachimsen. I etterkant av workshoper kunne deltakerne sende inn sitt beste bilde. I denne lenken, kan du se resultatene etter konkurransen. Klubben er n\u00e5 klar med en ny workshop, og der er enn\u00e5 ledige plasser. Arrangementet [&hellip;]<\/p>\n","protected":false},"author":41,"featured_media":20875,"comment_status":"open","ping_status":"open","sticky":false,"template":"","format":"standard","meta":{"_et_pb_use_builder":"on","_et_pb_old_content":"","_et_gb_content_width":"","footnotes":""},"categories":[14],"tags":[],"class_list":["post-20813","post","type-post","status-publish","format-standard","has-post-thumbnail","hentry","category-nyheter","et-has-post-format-content","et_post_format-et-post-format-standard"],"yoast_head":"<!-- This site is optimized with the Yoast SEO plugin v28.3 - https:\/\/yoast.com\/product\/yoast-seo-wordpress\/ -->\n<title>Workshop med fotograf Bj\u00f8rn Joachimsen i Kvelde fotoklubb - NSFF Magasin | Norsk Selskap for Fotografi<\/title>\n<meta name=\"robots\" content=\"index, follow, max-snippet:-1, max-image-preview:large, max-video-preview:-1\" \/>\n<link rel=\"canonical\" href=\"https:\/\/nsff.no\/magasinet\/2026\/08\/24\/workshop-med-fotograf-bjorn-joachimsen-i-kvelde-fotoklubb\/\" \/>\n<meta property=\"og:locale\" content=\"nb_NO\" \/>\n<meta property=\"og:type\" content=\"article\" \/>\n<meta property=\"og:title\" content=\"Workshop med fotograf Bj\u00f8rn Joachimsen i Kvelde fotoklubb - NSFF Magasin | Norsk Selskap for Fotografi\" \/>\n<meta property=\"og:description\" content=\"Kvelde Fotoklubb hadde den 2. og 3. mai, 2025 en spennende workshop hvor tema var portrett. Instrukt\u00f8r var Bj\u00f8rn Joachimsen. I etterkant av workshoper kunne deltakerne sende inn sitt beste bilde. I denne lenken, kan du se resultatene etter konkurransen. Klubben er n\u00e5 klar med en ny workshop, og der er enn\u00e5 ledige plasser. Arrangementet [&hellip;]\" \/>\n<meta property=\"og:url\" content=\"https:\/\/nsff.no\/magasinet\/2026\/08\/24\/workshop-med-fotograf-bjorn-joachimsen-i-kvelde-fotoklubb\/\" \/>\n<meta property=\"og:site_name\" content=\"NSFF Magasin | Norsk Selskap for Fotografi\" \/>\n<meta property=\"article:published_time\" content=\"2026-08-24T17:49:37+00:00\" \/>\n<meta property=\"article:modified_time\" content=\"2026-08-24T19:24:34+00:00\" \/>\n<meta property=\"og:image\" content=\"https:\/\/nsff.no\/magasinet\/wp-content\/uploads\/sites\/2\/2026\/08\/mali-_dsc2747-bjorn-joachimsen-2.jpg\" \/>\n\t<meta property=\"og:image:width\" content=\"614\" \/>\n\t<meta property=\"og:image:height\" content=\"345\" \/>\n\t<meta property=\"og:image:type\" content=\"image\/jpeg\" \/>\n<meta name=\"author\" content=\"Inger Postvoll\" \/>\n<meta name=\"twitter:card\" content=\"summary_large_image\" \/>\n<meta name=\"twitter:label1\" content=\"Skrevet av\" \/>\n\t<meta name=\"twitter:data1\" content=\"Inger Postvoll\" \/>\n\t<meta name=\"twitter:label2\" content=\"Ansl. lesetid\" \/>\n\t<meta name=\"twitter:data2\" content=\"5 minutter\" \/>\n<script type=\"application\/ld+json\" class=\"yoast-schema-graph\">{\"@context\":\"https:\\\/\\\/schema.org\",\"@graph\":[{\"@type\":\"Article\",\"@id\":\"https:\\\/\\\/nsff.no\\\/magasinet\\\/2026\\\/08\\\/24\\\/workshop-med-fotograf-bjorn-joachimsen-i-kvelde-fotoklubb\\\/#article\",\"isPartOf\":{\"@id\":\"https:\\\/\\\/nsff.no\\\/magasinet\\\/2026\\\/08\\\/24\\\/workshop-med-fotograf-bjorn-joachimsen-i-kvelde-fotoklubb\\\/\"},\"author\":{\"name\":\"Inger Postvoll\",\"@id\":\"https:\\\/\\\/nsff.no\\\/magasinet\\\/#\\\/schema\\\/person\\\/b3f691ff0db3022e1c1c729ce5d53086\"},\"headline\":\"Workshop med fotograf Bj\u00f8rn Joachimsen i Kvelde fotoklubb\",\"datePublished\":\"2026-08-24T17:49:37+00:00\",\"dateModified\":\"2026-08-24T19:24:34+00:00\",\"mainEntityOfPage\":{\"@id\":\"https:\\\/\\\/nsff.no\\\/magasinet\\\/2026\\\/08\\\/24\\\/workshop-med-fotograf-bjorn-joachimsen-i-kvelde-fotoklubb\\\/\"},\"wordCount\":807,\"commentCount\":0,\"publisher\":{\"@id\":\"https:\\\/\\\/nsff.no\\\/magasinet\\\/#organization\"},\"image\":{\"@id\":\"https:\\\/\\\/nsff.no\\\/magasinet\\\/2026\\\/08\\\/24\\\/workshop-med-fotograf-bjorn-joachimsen-i-kvelde-fotoklubb\\\/#primaryimage\"},\"thumbnailUrl\":\"https:\\\/\\\/nsff.no\\\/magasinet\\\/wp-content\\\/uploads\\\/sites\\\/2\\\/2026\\\/08\\\/mali-_dsc2747-bjorn-joachimsen-2.jpg\",\"articleSection\":[\"Nyheter\"],\"inLanguage\":\"nb-NO\",\"potentialAction\":[{\"@type\":\"CommentAction\",\"name\":\"Comment\",\"target\":[\"https:\\\/\\\/nsff.no\\\/magasinet\\\/2026\\\/08\\\/24\\\/workshop-med-fotograf-bjorn-joachimsen-i-kvelde-fotoklubb\\\/#respond\"]}]},{\"@type\":\"WebPage\",\"@id\":\"https:\\\/\\\/nsff.no\\\/magasinet\\\/2026\\\/08\\\/24\\\/workshop-med-fotograf-bjorn-joachimsen-i-kvelde-fotoklubb\\\/\",\"url\":\"https:\\\/\\\/nsff.no\\\/magasinet\\\/2026\\\/08\\\/24\\\/workshop-med-fotograf-bjorn-joachimsen-i-kvelde-fotoklubb\\\/\",\"name\":\"Workshop med fotograf Bj\u00f8rn Joachimsen i Kvelde fotoklubb - NSFF Magasin | Norsk Selskap for Fotografi\",\"isPartOf\":{\"@id\":\"https:\\\/\\\/nsff.no\\\/magasinet\\\/#website\"},\"primaryImageOfPage\":{\"@id\":\"https:\\\/\\\/nsff.no\\\/magasinet\\\/2026\\\/08\\\/24\\\/workshop-med-fotograf-bjorn-joachimsen-i-kvelde-fotoklubb\\\/#primaryimage\"},\"image\":{\"@id\":\"https:\\\/\\\/nsff.no\\\/magasinet\\\/2026\\\/08\\\/24\\\/workshop-med-fotograf-bjorn-joachimsen-i-kvelde-fotoklubb\\\/#primaryimage\"},\"thumbnailUrl\":\"https:\\\/\\\/nsff.no\\\/magasinet\\\/wp-content\\\/uploads\\\/sites\\\/2\\\/2026\\\/08\\\/mali-_dsc2747-bjorn-joachimsen-2.jpg\",\"datePublished\":\"2026-08-24T17:49:37+00:00\",\"dateModified\":\"2026-08-24T19:24:34+00:00\",\"breadcrumb\":{\"@id\":\"https:\\\/\\\/nsff.no\\\/magasinet\\\/2026\\\/08\\\/24\\\/workshop-med-fotograf-bjorn-joachimsen-i-kvelde-fotoklubb\\\/#breadcrumb\"},\"inLanguage\":\"nb-NO\",\"potentialAction\":[{\"@type\":\"ReadAction\",\"target\":[\"https:\\\/\\\/nsff.no\\\/magasinet\\\/2026\\\/08\\\/24\\\/workshop-med-fotograf-bjorn-joachimsen-i-kvelde-fotoklubb\\\/\"]}]},{\"@type\":\"ImageObject\",\"inLanguage\":\"nb-NO\",\"@id\":\"https:\\\/\\\/nsff.no\\\/magasinet\\\/2026\\\/08\\\/24\\\/workshop-med-fotograf-bjorn-joachimsen-i-kvelde-fotoklubb\\\/#primaryimage\",\"url\":\"https:\\\/\\\/nsff.no\\\/magasinet\\\/wp-content\\\/uploads\\\/sites\\\/2\\\/2026\\\/08\\\/mali-_dsc2747-bjorn-joachimsen-2.jpg\",\"contentUrl\":\"https:\\\/\\\/nsff.no\\\/magasinet\\\/wp-content\\\/uploads\\\/sites\\\/2\\\/2026\\\/08\\\/mali-_dsc2747-bjorn-joachimsen-2.jpg\",\"width\":614,\"height\":345},{\"@type\":\"BreadcrumbList\",\"@id\":\"https:\\\/\\\/nsff.no\\\/magasinet\\\/2026\\\/08\\\/24\\\/workshop-med-fotograf-bjorn-joachimsen-i-kvelde-fotoklubb\\\/#breadcrumb\",\"itemListElement\":[{\"@type\":\"ListItem\",\"position\":1,\"name\":\"Hjem\",\"item\":\"https:\\\/\\\/nsff.no\\\/magasinet\\\/\"},{\"@type\":\"ListItem\",\"position\":2,\"name\":\"Workshop med fotograf Bj\u00f8rn Joachimsen i Kvelde fotoklubb\"}]},{\"@type\":\"WebSite\",\"@id\":\"https:\\\/\\\/nsff.no\\\/magasinet\\\/#website\",\"url\":\"https:\\\/\\\/nsff.no\\\/magasinet\\\/\",\"name\":\"NSFF Magasin | Norsk Selskap for Fotografi\",\"description\":\"Medlemsmagasin for film- og fotoentusiaster\",\"publisher\":{\"@id\":\"https:\\\/\\\/nsff.no\\\/magasinet\\\/#organization\"},\"potentialAction\":[{\"@type\":\"SearchAction\",\"target\":{\"@type\":\"EntryPoint\",\"urlTemplate\":\"https:\\\/\\\/nsff.no\\\/magasinet\\\/?s={search_term_string}\"},\"query-input\":{\"@type\":\"PropertyValueSpecification\",\"valueRequired\":true,\"valueName\":\"search_term_string\"}}],\"inLanguage\":\"nb-NO\"},{\"@type\":\"Organization\",\"@id\":\"https:\\\/\\\/nsff.no\\\/magasinet\\\/#organization\",\"name\":\"Norsk Selskap for Fotografo\",\"url\":\"https:\\\/\\\/nsff.no\\\/magasinet\\\/\",\"logo\":{\"@type\":\"ImageObject\",\"inLanguage\":\"nb-NO\",\"@id\":\"https:\\\/\\\/nsff.no\\\/magasinet\\\/#\\\/schema\\\/logo\\\/image\\\/\",\"url\":\"https:\\\/\\\/nsff.no\\\/magasinet\\\/wp-content\\\/uploads\\\/sites\\\/2\\\/2016\\\/05\\\/NSFF-fb-lenkebilde.png\",\"contentUrl\":\"https:\\\/\\\/nsff.no\\\/magasinet\\\/wp-content\\\/uploads\\\/sites\\\/2\\\/2016\\\/05\\\/NSFF-fb-lenkebilde.png\",\"width\":1,\"height\":1,\"caption\":\"Norsk Selskap for Fotografo\"},\"image\":{\"@id\":\"https:\\\/\\\/nsff.no\\\/magasinet\\\/#\\\/schema\\\/logo\\\/image\\\/\"}},{\"@type\":\"Person\",\"@id\":\"https:\\\/\\\/nsff.no\\\/magasinet\\\/#\\\/schema\\\/person\\\/b3f691ff0db3022e1c1c729ce5d53086\",\"name\":\"Inger Postvoll\",\"image\":{\"@type\":\"ImageObject\",\"inLanguage\":\"nb-NO\",\"@id\":\"https:\\\/\\\/secure.gravatar.com\\\/avatar\\\/4718b38fb1f54786915fca8071e5d8d7ad74b9f1398a7e69b599f35c6dfcc45a?s=96&d=mm&r=g\",\"url\":\"https:\\\/\\\/secure.gravatar.com\\\/avatar\\\/4718b38fb1f54786915fca8071e5d8d7ad74b9f1398a7e69b599f35c6dfcc45a?s=96&d=mm&r=g\",\"contentUrl\":\"https:\\\/\\\/secure.gravatar.com\\\/avatar\\\/4718b38fb1f54786915fca8071e5d8d7ad74b9f1398a7e69b599f35c6dfcc45a?s=96&d=mm&r=g\",\"caption\":\"Inger Postvoll\"},\"description\":\"Redakt\u00f8r av NSFF Magasin. Medlem i Haugaland Fotoklubb og PSA. Initiativtaker til damegruppa Lens Babes.\",\"url\":\"https:\\\/\\\/nsff.no\\\/magasinet\\\/author\\\/ingerpostvoll\\\/\"}]}<\/script>\n<!-- \/ Yoast SEO plugin. -->","yoast_head_json":{"title":"Workshop med fotograf Bj\u00f8rn Joachimsen i Kvelde fotoklubb - NSFF Magasin | Norsk Selskap for Fotografi","robots":{"index":"index","follow":"follow","max-snippet":"max-snippet:-1","max-image-preview":"max-image-preview:large","max-video-preview":"max-video-preview:-1"},"canonical":"https:\/\/nsff.no\/magasinet\/2026\/08\/24\/workshop-med-fotograf-bjorn-joachimsen-i-kvelde-fotoklubb\/","og_locale":"nb_NO","og_type":"article","og_title":"Workshop med fotograf Bj\u00f8rn Joachimsen i Kvelde fotoklubb - NSFF Magasin | Norsk Selskap for Fotografi","og_description":"Kvelde Fotoklubb hadde den 2. og 3. mai, 2025 en spennende workshop hvor tema var portrett. Instrukt\u00f8r var Bj\u00f8rn Joachimsen. I etterkant av workshoper kunne deltakerne sende inn sitt beste bilde. I denne lenken, kan du se resultatene etter konkurransen. Klubben er n\u00e5 klar med en ny workshop, og der er enn\u00e5 ledige plasser. Arrangementet [&hellip;]","og_url":"https:\/\/nsff.no\/magasinet\/2026\/08\/24\/workshop-med-fotograf-bjorn-joachimsen-i-kvelde-fotoklubb\/","og_site_name":"NSFF Magasin | Norsk Selskap for Fotografi","article_published_time":"2026-08-24T17:49:37+00:00","article_modified_time":"2026-08-24T19:24:34+00:00","og_image":[{"width":614,"height":345,"url":"https:\/\/nsff.no\/magasinet\/wp-content\/uploads\/sites\/2\/2026\/08\/mali-_dsc2747-bjorn-joachimsen-2.jpg","type":"image\/jpeg"}],"author":"Inger Postvoll","twitter_card":"summary_large_image","twitter_misc":{"Skrevet av":"Inger Postvoll","Ansl. lesetid":"5 minutter"},"schema":{"@context":"https:\/\/schema.org","@graph":[{"@type":"Article","@id":"https:\/\/nsff.no\/magasinet\/2026\/08\/24\/workshop-med-fotograf-bjorn-joachimsen-i-kvelde-fotoklubb\/#article","isPartOf":{"@id":"https:\/\/nsff.no\/magasinet\/2026\/08\/24\/workshop-med-fotograf-bjorn-joachimsen-i-kvelde-fotoklubb\/"},"author":{"name":"Inger Postvoll","@id":"https:\/\/nsff.no\/magasinet\/#\/schema\/person\/b3f691ff0db3022e1c1c729ce5d53086"},"headline":"Workshop med fotograf Bj\u00f8rn Joachimsen i Kvelde fotoklubb","datePublished":"2026-08-24T17:49:37+00:00","dateModified":"2026-08-24T19:24:34+00:00","mainEntityOfPage":{"@id":"https:\/\/nsff.no\/magasinet\/2026\/08\/24\/workshop-med-fotograf-bjorn-joachimsen-i-kvelde-fotoklubb\/"},"wordCount":807,"commentCount":0,"publisher":{"@id":"https:\/\/nsff.no\/magasinet\/#organization"},"image":{"@id":"https:\/\/nsff.no\/magasinet\/2026\/08\/24\/workshop-med-fotograf-bjorn-joachimsen-i-kvelde-fotoklubb\/#primaryimage"},"thumbnailUrl":"https:\/\/nsff.no\/magasinet\/wp-content\/uploads\/sites\/2\/2026\/08\/mali-_dsc2747-bjorn-joachimsen-2.jpg","articleSection":["Nyheter"],"inLanguage":"nb-NO","potentialAction":[{"@type":"CommentAction","name":"Comment","target":["https:\/\/nsff.no\/magasinet\/2026\/08\/24\/workshop-med-fotograf-bjorn-joachimsen-i-kvelde-fotoklubb\/#respond"]}]},{"@type":"WebPage","@id":"https:\/\/nsff.no\/magasinet\/2026\/08\/24\/workshop-med-fotograf-bjorn-joachimsen-i-kvelde-fotoklubb\/","url":"https:\/\/nsff.no\/magasinet\/2026\/08\/24\/workshop-med-fotograf-bjorn-joachimsen-i-kvelde-fotoklubb\/","name":"Workshop med fotograf Bj\u00f8rn Joachimsen i Kvelde fotoklubb - NSFF Magasin | Norsk Selskap for Fotografi","isPartOf":{"@id":"https:\/\/nsff.no\/magasinet\/#website"},"primaryImageOfPage":{"@id":"https:\/\/nsff.no\/magasinet\/2026\/08\/24\/workshop-med-fotograf-bjorn-joachimsen-i-kvelde-fotoklubb\/#primaryimage"},"image":{"@id":"https:\/\/nsff.no\/magasinet\/2026\/08\/24\/workshop-med-fotograf-bjorn-joachimsen-i-kvelde-fotoklubb\/#primaryimage"},"thumbnailUrl":"https:\/\/nsff.no\/magasinet\/wp-content\/uploads\/sites\/2\/2026\/08\/mali-_dsc2747-bjorn-joachimsen-2.jpg","datePublished":"2026-08-24T17:49:37+00:00","dateModified":"2026-08-24T19:24:34+00:00","breadcrumb":{"@id":"https:\/\/nsff.no\/magasinet\/2026\/08\/24\/workshop-med-fotograf-bjorn-joachimsen-i-kvelde-fotoklubb\/#breadcrumb"},"inLanguage":"nb-NO","potentialAction":[{"@type":"ReadAction","target":["https:\/\/nsff.no\/magasinet\/2026\/08\/24\/workshop-med-fotograf-bjorn-joachimsen-i-kvelde-fotoklubb\/"]}]},{"@type":"ImageObject","inLanguage":"nb-NO","@id":"https:\/\/nsff.no\/magasinet\/2026\/08\/24\/workshop-med-fotograf-bjorn-joachimsen-i-kvelde-fotoklubb\/#primaryimage","url":"https:\/\/nsff.no\/magasinet\/wp-content\/uploads\/sites\/2\/2026\/08\/mali-_dsc2747-bjorn-joachimsen-2.jpg","contentUrl":"https:\/\/nsff.no\/magasinet\/wp-content\/uploads\/sites\/2\/2026\/08\/mali-_dsc2747-bjorn-joachimsen-2.jpg","width":614,"height":345},{"@type":"BreadcrumbList","@id":"https:\/\/nsff.no\/magasinet\/2026\/08\/24\/workshop-med-fotograf-bjorn-joachimsen-i-kvelde-fotoklubb\/#breadcrumb","itemListElement":[{"@type":"ListItem","position":1,"name":"Hjem","item":"https:\/\/nsff.no\/magasinet\/"},{"@type":"ListItem","position":2,"name":"Workshop med fotograf Bj\u00f8rn Joachimsen i Kvelde fotoklubb"}]},{"@type":"WebSite","@id":"https:\/\/nsff.no\/magasinet\/#website","url":"https:\/\/nsff.no\/magasinet\/","name":"NSFF Magasin | Norsk Selskap for Fotografi","description":"Medlemsmagasin for film- og fotoentusiaster","publisher":{"@id":"https:\/\/nsff.no\/magasinet\/#organization"},"potentialAction":[{"@type":"SearchAction","target":{"@type":"EntryPoint","urlTemplate":"https:\/\/nsff.no\/magasinet\/?s={search_term_string}"},"query-input":{"@type":"PropertyValueSpecification","valueRequired":true,"valueName":"search_term_string"}}],"inLanguage":"nb-NO"},{"@type":"Organization","@id":"https:\/\/nsff.no\/magasinet\/#organization","name":"Norsk Selskap for Fotografo","url":"https:\/\/nsff.no\/magasinet\/","logo":{"@type":"ImageObject","inLanguage":"nb-NO","@id":"https:\/\/nsff.no\/magasinet\/#\/schema\/logo\/image\/","url":"https:\/\/nsff.no\/magasinet\/wp-content\/uploads\/sites\/2\/2016\/05\/NSFF-fb-lenkebilde.png","contentUrl":"https:\/\/nsff.no\/magasinet\/wp-content\/uploads\/sites\/2\/2016\/05\/NSFF-fb-lenkebilde.png","width":1,"height":1,"caption":"Norsk Selskap for Fotografo"},"image":{"@id":"https:\/\/nsff.no\/magasinet\/#\/schema\/logo\/image\/"}},{"@type":"Person","@id":"https:\/\/nsff.no\/magasinet\/#\/schema\/person\/b3f691ff0db3022e1c1c729ce5d53086","name":"Inger Postvoll","image":{"@type":"ImageObject","inLanguage":"nb-NO","@id":"https:\/\/secure.gravatar.com\/avatar\/4718b38fb1f54786915fca8071e5d8d7ad74b9f1398a7e69b599f35c6dfcc45a?s=96&d=mm&r=g","url":"https:\/\/secure.gravatar.com\/avatar\/4718b38fb1f54786915fca8071e5d8d7ad74b9f1398a7e69b599f35c6dfcc45a?s=96&d=mm&r=g","contentUrl":"https:\/\/secure.gravatar.com\/avatar\/4718b38fb1f54786915fca8071e5d8d7ad74b9f1398a7e69b599f35c6dfcc45a?s=96&d=mm&r=g","caption":"Inger Postvoll"},"description":"Redakt\u00f8r av NSFF Magasin. Medlem i Haugaland Fotoklubb og PSA. Initiativtaker til damegruppa Lens Babes.","url":"https:\/\/nsff.no\/magasinet\/author\/ingerpostvoll\/"}]}},"_links":{"self":[{"href":"https:\/\/nsff.no\/magasinet\/wp-json\/wp\/v2\/posts\/20813","targetHints":{"allow":["GET"]}}],"collection":[{"href":"https:\/\/nsff.no\/magasinet\/wp-json\/wp\/v2\/posts"}],"about":[{"href":"https:\/\/nsff.no\/magasinet\/wp-json\/wp\/v2\/types\/post"}],"author":[{"embeddable":true,"href":"https:\/\/nsff.no\/magasinet\/wp-json\/wp\/v2\/users\/41"}],"replies":[{"embeddable":true,"href":"https:\/\/nsff.no\/magasinet\/wp-json\/wp\/v2\/comments?post=20813"}],"version-history":[{"count":17,"href":"https:\/\/nsff.no\/magasinet\/wp-json\/wp\/v2\/posts\/20813\/revisions"}],"predecessor-version":[{"id":20888,"href":"https:\/\/nsff.no\/magasinet\/wp-json\/wp\/v2\/posts\/20813\/revisions\/20888"}],"wp:featuredmedia":[{"embeddable":true,"href":"https:\/\/nsff.no\/magasinet\/wp-json\/wp\/v2\/media\/20875"}],"wp:attachment":[{"href":"https:\/\/nsff.no\/magasinet\/wp-json\/wp\/v2\/media?parent=20813"}],"wp:term":[{"taxonomy":"category","embeddable":true,"href":"https:\/\/nsff.no\/magasinet\/wp-json\/wp\/v2\/categories?post=20813"},{"taxonomy":"post_tag","embeddable":true,"href":"https:\/\/nsff.no\/magasinet\/wp-json\/wp\/v2\/tags?post=20813"}],"curies":[{"name":"wp","href":"https:\/\/api.w.org\/{rel}","templated":true}]}}