{"id":1941,"date":"2015-06-20T15:08:44","date_gmt":"2015-06-20T13:08:44","guid":{"rendered":"http:\/\/www.nsff.no\/wp\/magasinet\/?p=1941"},"modified":"2016-06-15T13:32:24","modified_gmt":"2016-06-15T11:32:24","slug":"portrett-kenneth-enstad","status":"publish","type":"post","link":"https:\/\/nsff.no\/magasinet\/2015\/06\/20\/portrett-kenneth-enstad\/","title":{"rendered":"Portrett: Kenneth Enstad"},"content":{"rendered":"<p>[et_pb_section admin_label=&raquo;section&raquo;][et_pb_row admin_label=&raquo;Rad&raquo;][et_pb_column type=&raquo;2_3&#8243;][et_pb_text admin_label=&raquo;Tekst&raquo;]<\/p>\n<p>F\u00f8dt i 1969. Oppvokst og bosatt i \u00c5lesund.<\/p>\n<p>Min interesse for foto tok for alvor til i 2010, da jeg kj\u00f8pte mitt f\u00f8rste speilreflekskamera.<\/p>\n<p>En oppvekst med en far som pressefotograf har sikkert ogs\u00e5 hatt sin p\u00e5virkning. Det var f\u00f8rst i 2010 jeg l\u00e6rte meg om begreper og samspillet mellom blender, lukkertid og iso, mye ved \u00e5 pr\u00f8ve og feile, samt fotolitteratur bestilt fra Amazon.<\/p>\n<p>Har fra barnsben av hatt et behov for \u00e5 v\u00e6re kreativ og skapende. Malte bilder i mange \u00e5r, men etter jeg skj\u00f8nte jeg kunne lage kunst med kameraet, ble malersakene lagt bort.<\/p>\n<p>Et tilfeldig m\u00f8te med Geir Jartveit p\u00e5 Alnes en dag i 2011 fikk meg med i Skodje fotoklubb. Aktiviteten i klubben har hatt stor betydning for min utvikling som fotograf. Mange nye venner har det ogs\u00e5 blitt.<\/p>\n<p>Deltok i min f\u00f8rste konkurranse i 2012, med medalje i f\u00f8rste fors\u00f8k. Siden ble det flere medaljer og i 2014 ble jeg Norgesmester i foto. Er ikke noe utpreget konkurransemenneske.<br \/>\nFor meg er foto f\u00f8rst og fremst en kj\u00e6rkommen fritidsaktivitet, som gir meg mye i form av opplevelser og m\u00f8ter med nye mennesker.<\/p>\n<p>Fotoaktiviteten min g\u00e5r i b\u00f8lgedaler, med full turnusjobb og 3 barn som helst m\u00e5 prioriteres. Pr\u00f8ver allikevel \u00e5 ta p\u00e5 meg litt oppdrag innen reklame, familiefoto og bryllup og ellers hva som byr seg. Litt bildesalg blir det ogs\u00e5.<\/p>\n<p>Liker best \u00e5 jobbe med mennesker, ved siden av de kunstneriske naturmotivene. Reiser er ogs\u00e5 spennende, og fotointeressen har bragt meg til steder som Island, Cuba og Svalbard. Sunnm\u00f8re byr ogs\u00e5 p\u00e5 en fantastisk og variert natur, som man ikke g\u00e5r lei av.<\/p>\n<p>Av utstyr bruker jeg to p\u00e5litelige Canon-kamera, en 7d og en 5d mk2. Gj\u00f8r min redigering i Lightroom. Photoshop har jeg ikke l\u00e6rt meg enn\u00e5. Jo enklere og mindre utstyr desto bedre.<\/p>\n<p>[\/et_pb_text][\/et_pb_column][et_pb_column type=&raquo;1_3&#8243;][et_pb_image admin_label=&raquo;Bilde&raquo; src=&raquo;http:\/\/nsff.no\/magasinet\/wp-content\/uploads\/sites\/2\/2015\/06\/Kenneth-Enstad_R.jpg&raquo; alt=&raquo;Kenneth Enstad&raquo; show_in_lightbox=&raquo;off&raquo; url_new_window=&raquo;off&raquo; use_overlay=&raquo;off&raquo; animation=&raquo;right&raquo; sticky=&raquo;off&raquo; align=&raquo;right&raquo; force_fullwidth=&raquo;off&raquo; always_center_on_mobile=&raquo;on&raquo; use_border_color=&raquo;off&raquo; border_color=&raquo;#ffffff&raquo; border_style=&raquo;solid&raquo; \/][\/et_pb_column][\/et_pb_row][et_pb_row admin_label=&raquo;row&raquo;][et_pb_column type=&raquo;4_4&#8243;][et_pb_gallery admin_label=&raquo;Galleri&raquo; gallery_ids=&raquo;1952,1951,1950,1948,1946,1945&#8243; fullwidth=&raquo;off&raquo; posts_number=&raquo;20&#8243; show_title_and_caption=&raquo;off&raquo; show_pagination=&raquo;on&raquo; background_layout=&raquo;light&raquo; auto=&raquo;off&raquo; hover_overlay_color=&raquo;rgba(255,255,255,0.9)&raquo; caption_all_caps=&raquo;off&raquo; use_border_color=&raquo;off&raquo; border_color=&raquo;#ffffff&raquo; border_style=&raquo;solid&raquo; \/][\/et_pb_column][\/et_pb_row][\/et_pb_section]<\/p>\n","protected":false},"excerpt":{"rendered":"<p>Kenneth Enstad har fra barnsben av hatt et behov for \u00e5 v\u00e6re kreativ og skapende. Han malte bilder i mange \u00e5r, men da han skj\u00f8nte at han kunne lage kunst med kameraet ble malersakene lagt bort.<\/p>\n","protected":false},"author":18,"featured_media":1944,"comment_status":"open","ping_status":"closed","sticky":false,"template":"","format":"standard","meta":{"_et_pb_use_builder":"on","_et_pb_old_content":"F\u00f8dt i 1969. Oppvokst og bosatt i \u00c5lesund.\r\n\r\nMin interesse for foto tok for alvor til i 2010, da jeg kj\u00f8pte mitt f\u00f8rste speilreflekskamera.\r\n\r\nEn oppvekst med en far som pressefotograf har sikkert ogs\u00e5 hatt sin p\u00e5virkning. Det var f\u00f8rst i 2010 jeg l\u00e6rte meg om begreper og samspillet mellom blender, lukkertid og iso, mye ved \u00e5 pr\u00f8ve og feile, samt fotolitteratur bestilt fra Amazon.\r\n\r\nHar fra barnsben av hatt et behov for \u00e5 v\u00e6re kreativ og skapende. Malte bilder i mange \u00e5r, men etter jeg skj\u00f8nte jeg kunne lage kunst med kameraet, ble malersakene lagt bort.\r\n\r\nEt tilfeldig m\u00f8te med Geir Jartveit p\u00e5 Alnes en dag i 2011 fikk meg med i Skodje fotoklubb. Aktiviteten i klubben har hatt stor betydning for min utvikling som fotograf. Mange nye venner har det ogs\u00e5 blitt.\r\n\r\nDeltok i min f\u00f8rste konkurranse i 2012, med medalje i f\u00f8rste fors\u00f8k. Siden ble det flere medaljer og i 2014 ble jeg Norgesmester i foto. Er ikke noe utpreget konkurransemenneske.\r\nFor meg er foto f\u00f8rst og fremst en kj\u00e6rkommen fritidsaktivitet, som gir meg mye i form av opplevelser og m\u00f8ter med nye mennesker.\r\n\r\nFotoaktiviteten min g\u00e5r i b\u00f8lgedaler, med full turnusjobb og 3 barn som helst m\u00e5 prioriteres. Pr\u00f8ver allikevel \u00e5 ta p\u00e5 meg litt oppdrag innen reklame, familiefoto og bryllup og ellers hva som byr seg. Litt bildesalg blir det ogs\u00e5.\r\n\r\nLiker best \u00e5 jobbe med mennesker, ved siden av de kunstneriske naturmotivene. Reiser er ogs\u00e5 spennende, og fotointeressen har bragt meg til steder som Island, Cuba og Svalbard. Sunnm\u00f8re byr ogs\u00e5 p\u00e5 en fantastisk og variert natur, som man ikke g\u00e5r lei av.\r\n\r\nAv utstyr bruker jeg to p\u00e5litelige Canon-kamera, en 7d og en 5d mk2. Gj\u00f8r min redigering i Lightroom. Photoshop har jeg ikke l\u00e6rt meg enn\u00e5. Jo enklere og mindre utstyr desto bedre.","_et_gb_content_width":"","footnotes":""},"categories":[17,90],"tags":[47,33,48],"class_list":["post-1941","post","type-post","status-publish","format-standard","has-post-thumbnail","hentry","category-medlemmer","category-presentasjoner","tag-kenneth-enstad","tag-medlemsportrett","tag-skodje-fotoklubb","et-has-post-format-content","et_post_format-et-post-format-standard"],"yoast_head":"<!-- This site is optimized with the Yoast SEO plugin v27.5 - https:\/\/yoast.com\/product\/yoast-seo-wordpress\/ -->\n<title>Portrett: Kenneth Enstad - NSFF Magasin | Norsk Selskap for Fotografi<\/title>\n<meta name=\"description\" content=\"Kenneth Enstad har fra barnsben av hatt et behov for \u00e5 v\u00e6re kreativ og skapende. Han malte bilder i mange \u00e5r, men lager n\u00e5 kunst med foto i stedet.\" \/>\n<meta name=\"robots\" content=\"index, follow, max-snippet:-1, max-image-preview:large, max-video-preview:-1\" \/>\n<link rel=\"canonical\" href=\"https:\/\/nsff.no\/magasinet\/2015\/06\/20\/portrett-kenneth-enstad\/\" \/>\n<meta property=\"og:locale\" content=\"nb_NO\" \/>\n<meta property=\"og:type\" content=\"article\" \/>\n<meta property=\"og:title\" content=\"Portrett: Kenneth Enstad - NSFF Magasin | Norsk Selskap for Fotografi\" \/>\n<meta property=\"og:description\" content=\"Kenneth Enstad har fra barnsben av hatt et behov for \u00e5 v\u00e6re kreativ og skapende. Han malte bilder i mange \u00e5r, men lager n\u00e5 kunst med foto i stedet.\" \/>\n<meta property=\"og:url\" content=\"https:\/\/nsff.no\/magasinet\/2015\/06\/20\/portrett-kenneth-enstad\/\" \/>\n<meta property=\"og:site_name\" content=\"NSFF Magasin | Norsk Selskap for Fotografi\" \/>\n<meta property=\"article:published_time\" content=\"2015-06-20T13:08:44+00:00\" \/>\n<meta property=\"article:modified_time\" content=\"2016-06-15T11:32:24+00:00\" \/>\n<meta property=\"og:image\" content=\"https:\/\/nsff.no\/magasinet\/wp-content\/uploads\/sites\/2\/2015\/06\/Breisundet_R.jpg\" \/>\n\t<meta property=\"og:image:width\" content=\"1\" \/>\n\t<meta property=\"og:image:height\" content=\"1\" \/>\n\t<meta property=\"og:image:type\" content=\"image\/jpeg\" \/>\n<meta name=\"author\" content=\"Kenneth Enstad\" \/>\n<meta name=\"twitter:card\" content=\"summary_large_image\" \/>\n<meta name=\"twitter:label1\" content=\"Skrevet av\" \/>\n\t<meta name=\"twitter:data1\" content=\"Kenneth Enstad\" \/>\n\t<meta name=\"twitter:label2\" content=\"Ansl. lesetid\" \/>\n\t<meta name=\"twitter:data2\" content=\"2 minutter\" \/>\n<script type=\"application\/ld+json\" class=\"yoast-schema-graph\">{\"@context\":\"https:\\\/\\\/schema.org\",\"@graph\":[{\"@type\":\"Article\",\"@id\":\"https:\\\/\\\/nsff.no\\\/magasinet\\\/2015\\\/06\\\/20\\\/portrett-kenneth-enstad\\\/#article\",\"isPartOf\":{\"@id\":\"https:\\\/\\\/nsff.no\\\/magasinet\\\/2015\\\/06\\\/20\\\/portrett-kenneth-enstad\\\/\"},\"author\":{\"name\":\"Kenneth Enstad\",\"@id\":\"https:\\\/\\\/nsff.no\\\/magasinet\\\/#\\\/schema\\\/person\\\/28fc98d1ed671473a66912d5b9df5cb1\"},\"headline\":\"Portrett: Kenneth Enstad\",\"datePublished\":\"2015-06-20T13:08:44+00:00\",\"dateModified\":\"2016-06-15T11:32:24+00:00\",\"mainEntityOfPage\":{\"@id\":\"https:\\\/\\\/nsff.no\\\/magasinet\\\/2015\\\/06\\\/20\\\/portrett-kenneth-enstad\\\/\"},\"wordCount\":472,\"commentCount\":0,\"publisher\":{\"@id\":\"https:\\\/\\\/nsff.no\\\/magasinet\\\/#organization\"},\"image\":{\"@id\":\"https:\\\/\\\/nsff.no\\\/magasinet\\\/2015\\\/06\\\/20\\\/portrett-kenneth-enstad\\\/#primaryimage\"},\"thumbnailUrl\":\"https:\\\/\\\/nsff.no\\\/magasinet\\\/wp-content\\\/uploads\\\/sites\\\/2\\\/2015\\\/06\\\/Atlantis_R.jpg\",\"keywords\":[\"Kenneth Enstad\",\"medlemsportrett\",\"Skodje fotoklubb\"],\"articleSection\":[\"Medlemmer\",\"Presentasjoner\"],\"inLanguage\":\"nb-NO\",\"potentialAction\":[{\"@type\":\"CommentAction\",\"name\":\"Comment\",\"target\":[\"https:\\\/\\\/nsff.no\\\/magasinet\\\/2015\\\/06\\\/20\\\/portrett-kenneth-enstad\\\/#respond\"]}]},{\"@type\":\"WebPage\",\"@id\":\"https:\\\/\\\/nsff.no\\\/magasinet\\\/2015\\\/06\\\/20\\\/portrett-kenneth-enstad\\\/\",\"url\":\"https:\\\/\\\/nsff.no\\\/magasinet\\\/2015\\\/06\\\/20\\\/portrett-kenneth-enstad\\\/\",\"name\":\"Portrett: Kenneth Enstad - NSFF Magasin | Norsk Selskap for Fotografi\",\"isPartOf\":{\"@id\":\"https:\\\/\\\/nsff.no\\\/magasinet\\\/#website\"},\"primaryImageOfPage\":{\"@id\":\"https:\\\/\\\/nsff.no\\\/magasinet\\\/2015\\\/06\\\/20\\\/portrett-kenneth-enstad\\\/#primaryimage\"},\"image\":{\"@id\":\"https:\\\/\\\/nsff.no\\\/magasinet\\\/2015\\\/06\\\/20\\\/portrett-kenneth-enstad\\\/#primaryimage\"},\"thumbnailUrl\":\"https:\\\/\\\/nsff.no\\\/magasinet\\\/wp-content\\\/uploads\\\/sites\\\/2\\\/2015\\\/06\\\/Atlantis_R.jpg\",\"datePublished\":\"2015-06-20T13:08:44+00:00\",\"dateModified\":\"2016-06-15T11:32:24+00:00\",\"description\":\"Kenneth Enstad har fra barnsben av hatt et behov for \u00e5 v\u00e6re kreativ og skapende. Han malte bilder i mange \u00e5r, men lager n\u00e5 kunst med foto i stedet.\",\"breadcrumb\":{\"@id\":\"https:\\\/\\\/nsff.no\\\/magasinet\\\/2015\\\/06\\\/20\\\/portrett-kenneth-enstad\\\/#breadcrumb\"},\"inLanguage\":\"nb-NO\",\"potentialAction\":[{\"@type\":\"ReadAction\",\"target\":[\"https:\\\/\\\/nsff.no\\\/magasinet\\\/2015\\\/06\\\/20\\\/portrett-kenneth-enstad\\\/\"]}]},{\"@type\":\"ImageObject\",\"inLanguage\":\"nb-NO\",\"@id\":\"https:\\\/\\\/nsff.no\\\/magasinet\\\/2015\\\/06\\\/20\\\/portrett-kenneth-enstad\\\/#primaryimage\",\"url\":\"https:\\\/\\\/nsff.no\\\/magasinet\\\/wp-content\\\/uploads\\\/sites\\\/2\\\/2015\\\/06\\\/Atlantis_R.jpg\",\"contentUrl\":\"https:\\\/\\\/nsff.no\\\/magasinet\\\/wp-content\\\/uploads\\\/sites\\\/2\\\/2015\\\/06\\\/Atlantis_R.jpg\"},{\"@type\":\"BreadcrumbList\",\"@id\":\"https:\\\/\\\/nsff.no\\\/magasinet\\\/2015\\\/06\\\/20\\\/portrett-kenneth-enstad\\\/#breadcrumb\",\"itemListElement\":[{\"@type\":\"ListItem\",\"position\":1,\"name\":\"Hjem\",\"item\":\"https:\\\/\\\/nsff.no\\\/magasinet\\\/\"},{\"@type\":\"ListItem\",\"position\":2,\"name\":\"Portrett: Kenneth Enstad\"}]},{\"@type\":\"WebSite\",\"@id\":\"https:\\\/\\\/nsff.no\\\/magasinet\\\/#website\",\"url\":\"https:\\\/\\\/nsff.no\\\/magasinet\\\/\",\"name\":\"NSFF Magasin | Norsk Selskap for Fotografi\",\"description\":\"Medlemsmagasin for film- og fotoentusiaster\",\"publisher\":{\"@id\":\"https:\\\/\\\/nsff.no\\\/magasinet\\\/#organization\"},\"potentialAction\":[{\"@type\":\"SearchAction\",\"target\":{\"@type\":\"EntryPoint\",\"urlTemplate\":\"https:\\\/\\\/nsff.no\\\/magasinet\\\/?s={search_term_string}\"},\"query-input\":{\"@type\":\"PropertyValueSpecification\",\"valueRequired\":true,\"valueName\":\"search_term_string\"}}],\"inLanguage\":\"nb-NO\"},{\"@type\":\"Organization\",\"@id\":\"https:\\\/\\\/nsff.no\\\/magasinet\\\/#organization\",\"name\":\"Norsk Selskap for Fotografo\",\"url\":\"https:\\\/\\\/nsff.no\\\/magasinet\\\/\",\"logo\":{\"@type\":\"ImageObject\",\"inLanguage\":\"nb-NO\",\"@id\":\"https:\\\/\\\/nsff.no\\\/magasinet\\\/#\\\/schema\\\/logo\\\/image\\\/\",\"url\":\"https:\\\/\\\/nsff.no\\\/magasinet\\\/wp-content\\\/uploads\\\/sites\\\/2\\\/2016\\\/05\\\/NSFF-fb-lenkebilde.png\",\"contentUrl\":\"https:\\\/\\\/nsff.no\\\/magasinet\\\/wp-content\\\/uploads\\\/sites\\\/2\\\/2016\\\/05\\\/NSFF-fb-lenkebilde.png\",\"width\":1,\"height\":1,\"caption\":\"Norsk Selskap for Fotografo\"},\"image\":{\"@id\":\"https:\\\/\\\/nsff.no\\\/magasinet\\\/#\\\/schema\\\/logo\\\/image\\\/\"}},{\"@type\":\"Person\",\"@id\":\"https:\\\/\\\/nsff.no\\\/magasinet\\\/#\\\/schema\\\/person\\\/28fc98d1ed671473a66912d5b9df5cb1\",\"name\":\"Kenneth Enstad\",\"image\":{\"@type\":\"ImageObject\",\"inLanguage\":\"nb-NO\",\"@id\":\"https:\\\/\\\/secure.gravatar.com\\\/avatar\\\/e33159c3663376c43dfda9db9c534d064940462cccfe04c11faca930058514c1?s=96&d=mm&r=g\",\"url\":\"https:\\\/\\\/secure.gravatar.com\\\/avatar\\\/e33159c3663376c43dfda9db9c534d064940462cccfe04c11faca930058514c1?s=96&d=mm&r=g\",\"contentUrl\":\"https:\\\/\\\/secure.gravatar.com\\\/avatar\\\/e33159c3663376c43dfda9db9c534d064940462cccfe04c11faca930058514c1?s=96&d=mm&r=g\",\"caption\":\"Kenneth Enstad\"},\"description\":\"Medlem av Skodje Fotoklubb. ANSFF - Artist Norsk Selskap For Fotografi (2015).\",\"url\":\"https:\\\/\\\/nsff.no\\\/magasinet\\\/author\\\/kennethenstad\\\/\"}]}<\/script>\n<!-- \/ Yoast SEO plugin. -->","yoast_head_json":{"title":"Portrett: Kenneth Enstad - NSFF Magasin | Norsk Selskap for Fotografi","description":"Kenneth Enstad har fra barnsben av hatt et behov for \u00e5 v\u00e6re kreativ og skapende. Han malte bilder i mange \u00e5r, men lager n\u00e5 kunst med foto i stedet.","robots":{"index":"index","follow":"follow","max-snippet":"max-snippet:-1","max-image-preview":"max-image-preview:large","max-video-preview":"max-video-preview:-1"},"canonical":"https:\/\/nsff.no\/magasinet\/2015\/06\/20\/portrett-kenneth-enstad\/","og_locale":"nb_NO","og_type":"article","og_title":"Portrett: Kenneth Enstad - NSFF Magasin | Norsk Selskap for Fotografi","og_description":"Kenneth Enstad har fra barnsben av hatt et behov for \u00e5 v\u00e6re kreativ og skapende. Han malte bilder i mange \u00e5r, men lager n\u00e5 kunst med foto i stedet.","og_url":"https:\/\/nsff.no\/magasinet\/2015\/06\/20\/portrett-kenneth-enstad\/","og_site_name":"NSFF Magasin | Norsk Selskap for Fotografi","article_published_time":"2015-06-20T13:08:44+00:00","article_modified_time":"2016-06-15T11:32:24+00:00","og_image":[{"url":"https:\/\/nsff.no\/magasinet\/wp-content\/uploads\/sites\/2\/2015\/06\/Breisundet_R.jpg","width":1,"height":1,"type":"image\/jpeg"}],"author":"Kenneth Enstad","twitter_card":"summary_large_image","twitter_misc":{"Skrevet av":"Kenneth Enstad","Ansl. lesetid":"2 minutter"},"schema":{"@context":"https:\/\/schema.org","@graph":[{"@type":"Article","@id":"https:\/\/nsff.no\/magasinet\/2015\/06\/20\/portrett-kenneth-enstad\/#article","isPartOf":{"@id":"https:\/\/nsff.no\/magasinet\/2015\/06\/20\/portrett-kenneth-enstad\/"},"author":{"name":"Kenneth Enstad","@id":"https:\/\/nsff.no\/magasinet\/#\/schema\/person\/28fc98d1ed671473a66912d5b9df5cb1"},"headline":"Portrett: Kenneth Enstad","datePublished":"2015-06-20T13:08:44+00:00","dateModified":"2016-06-15T11:32:24+00:00","mainEntityOfPage":{"@id":"https:\/\/nsff.no\/magasinet\/2015\/06\/20\/portrett-kenneth-enstad\/"},"wordCount":472,"commentCount":0,"publisher":{"@id":"https:\/\/nsff.no\/magasinet\/#organization"},"image":{"@id":"https:\/\/nsff.no\/magasinet\/2015\/06\/20\/portrett-kenneth-enstad\/#primaryimage"},"thumbnailUrl":"https:\/\/nsff.no\/magasinet\/wp-content\/uploads\/sites\/2\/2015\/06\/Atlantis_R.jpg","keywords":["Kenneth Enstad","medlemsportrett","Skodje fotoklubb"],"articleSection":["Medlemmer","Presentasjoner"],"inLanguage":"nb-NO","potentialAction":[{"@type":"CommentAction","name":"Comment","target":["https:\/\/nsff.no\/magasinet\/2015\/06\/20\/portrett-kenneth-enstad\/#respond"]}]},{"@type":"WebPage","@id":"https:\/\/nsff.no\/magasinet\/2015\/06\/20\/portrett-kenneth-enstad\/","url":"https:\/\/nsff.no\/magasinet\/2015\/06\/20\/portrett-kenneth-enstad\/","name":"Portrett: Kenneth Enstad - NSFF Magasin | Norsk Selskap for Fotografi","isPartOf":{"@id":"https:\/\/nsff.no\/magasinet\/#website"},"primaryImageOfPage":{"@id":"https:\/\/nsff.no\/magasinet\/2015\/06\/20\/portrett-kenneth-enstad\/#primaryimage"},"image":{"@id":"https:\/\/nsff.no\/magasinet\/2015\/06\/20\/portrett-kenneth-enstad\/#primaryimage"},"thumbnailUrl":"https:\/\/nsff.no\/magasinet\/wp-content\/uploads\/sites\/2\/2015\/06\/Atlantis_R.jpg","datePublished":"2015-06-20T13:08:44+00:00","dateModified":"2016-06-15T11:32:24+00:00","description":"Kenneth Enstad har fra barnsben av hatt et behov for \u00e5 v\u00e6re kreativ og skapende. Han malte bilder i mange \u00e5r, men lager n\u00e5 kunst med foto i stedet.","breadcrumb":{"@id":"https:\/\/nsff.no\/magasinet\/2015\/06\/20\/portrett-kenneth-enstad\/#breadcrumb"},"inLanguage":"nb-NO","potentialAction":[{"@type":"ReadAction","target":["https:\/\/nsff.no\/magasinet\/2015\/06\/20\/portrett-kenneth-enstad\/"]}]},{"@type":"ImageObject","inLanguage":"nb-NO","@id":"https:\/\/nsff.no\/magasinet\/2015\/06\/20\/portrett-kenneth-enstad\/#primaryimage","url":"https:\/\/nsff.no\/magasinet\/wp-content\/uploads\/sites\/2\/2015\/06\/Atlantis_R.jpg","contentUrl":"https:\/\/nsff.no\/magasinet\/wp-content\/uploads\/sites\/2\/2015\/06\/Atlantis_R.jpg"},{"@type":"BreadcrumbList","@id":"https:\/\/nsff.no\/magasinet\/2015\/06\/20\/portrett-kenneth-enstad\/#breadcrumb","itemListElement":[{"@type":"ListItem","position":1,"name":"Hjem","item":"https:\/\/nsff.no\/magasinet\/"},{"@type":"ListItem","position":2,"name":"Portrett: Kenneth Enstad"}]},{"@type":"WebSite","@id":"https:\/\/nsff.no\/magasinet\/#website","url":"https:\/\/nsff.no\/magasinet\/","name":"NSFF Magasin | Norsk Selskap for Fotografi","description":"Medlemsmagasin for film- og fotoentusiaster","publisher":{"@id":"https:\/\/nsff.no\/magasinet\/#organization"},"potentialAction":[{"@type":"SearchAction","target":{"@type":"EntryPoint","urlTemplate":"https:\/\/nsff.no\/magasinet\/?s={search_term_string}"},"query-input":{"@type":"PropertyValueSpecification","valueRequired":true,"valueName":"search_term_string"}}],"inLanguage":"nb-NO"},{"@type":"Organization","@id":"https:\/\/nsff.no\/magasinet\/#organization","name":"Norsk Selskap for Fotografo","url":"https:\/\/nsff.no\/magasinet\/","logo":{"@type":"ImageObject","inLanguage":"nb-NO","@id":"https:\/\/nsff.no\/magasinet\/#\/schema\/logo\/image\/","url":"https:\/\/nsff.no\/magasinet\/wp-content\/uploads\/sites\/2\/2016\/05\/NSFF-fb-lenkebilde.png","contentUrl":"https:\/\/nsff.no\/magasinet\/wp-content\/uploads\/sites\/2\/2016\/05\/NSFF-fb-lenkebilde.png","width":1,"height":1,"caption":"Norsk Selskap for Fotografo"},"image":{"@id":"https:\/\/nsff.no\/magasinet\/#\/schema\/logo\/image\/"}},{"@type":"Person","@id":"https:\/\/nsff.no\/magasinet\/#\/schema\/person\/28fc98d1ed671473a66912d5b9df5cb1","name":"Kenneth Enstad","image":{"@type":"ImageObject","inLanguage":"nb-NO","@id":"https:\/\/secure.gravatar.com\/avatar\/e33159c3663376c43dfda9db9c534d064940462cccfe04c11faca930058514c1?s=96&d=mm&r=g","url":"https:\/\/secure.gravatar.com\/avatar\/e33159c3663376c43dfda9db9c534d064940462cccfe04c11faca930058514c1?s=96&d=mm&r=g","contentUrl":"https:\/\/secure.gravatar.com\/avatar\/e33159c3663376c43dfda9db9c534d064940462cccfe04c11faca930058514c1?s=96&d=mm&r=g","caption":"Kenneth Enstad"},"description":"Medlem av Skodje Fotoklubb. ANSFF - Artist Norsk Selskap For Fotografi (2015).","url":"https:\/\/nsff.no\/magasinet\/author\/kennethenstad\/"}]}},"_links":{"self":[{"href":"https:\/\/nsff.no\/magasinet\/wp-json\/wp\/v2\/posts\/1941","targetHints":{"allow":["GET"]}}],"collection":[{"href":"https:\/\/nsff.no\/magasinet\/wp-json\/wp\/v2\/posts"}],"about":[{"href":"https:\/\/nsff.no\/magasinet\/wp-json\/wp\/v2\/types\/post"}],"author":[{"embeddable":true,"href":"https:\/\/nsff.no\/magasinet\/wp-json\/wp\/v2\/users\/18"}],"replies":[{"embeddable":true,"href":"https:\/\/nsff.no\/magasinet\/wp-json\/wp\/v2\/comments?post=1941"}],"version-history":[{"count":3,"href":"https:\/\/nsff.no\/magasinet\/wp-json\/wp\/v2\/posts\/1941\/revisions"}],"predecessor-version":[{"id":2759,"href":"https:\/\/nsff.no\/magasinet\/wp-json\/wp\/v2\/posts\/1941\/revisions\/2759"}],"wp:featuredmedia":[{"embeddable":true,"href":"https:\/\/nsff.no\/magasinet\/wp-json\/wp\/v2\/media\/1944"}],"wp:attachment":[{"href":"https:\/\/nsff.no\/magasinet\/wp-json\/wp\/v2\/media?parent=1941"}],"wp:term":[{"taxonomy":"category","embeddable":true,"href":"https:\/\/nsff.no\/magasinet\/wp-json\/wp\/v2\/categories?post=1941"},{"taxonomy":"post_tag","embeddable":true,"href":"https:\/\/nsff.no\/magasinet\/wp-json\/wp\/v2\/tags?post=1941"}],"curies":[{"name":"wp","href":"https:\/\/api.w.org\/{rel}","templated":true}]}}