{"id":19369,"date":"2026-01-13T12:05:18","date_gmt":"2026-01-13T11:05:18","guid":{"rendered":"https:\/\/nsff.no\/magasinet\/?p=19369"},"modified":"2026-01-09T15:27:26","modified_gmt":"2026-01-09T14:27:26","slug":"medlemsprosjekt-toril-bakke-folk-pa-farten-2025","status":"publish","type":"post","link":"https:\/\/nsff.no\/magasinet\/2026\/01\/13\/medlemsprosjekt-toril-bakke-folk-pa-farten-2025\/","title":{"rendered":"Medlemsprosjekt: Toril Bakke \u00abFolk p\u00e5 farten\u00bb (2025)"},"content":{"rendered":"<p>[et_pb_section fb_built=&raquo;1&#8243; _builder_version=&raquo;4.16&#8243; global_colors_info=&raquo;{}&raquo; theme_builder_area=&raquo;post_content&raquo;][et_pb_row _builder_version=&raquo;4.16&#8243; background_size=&raquo;initial&raquo; background_position=&raquo;top_left&raquo; background_repeat=&raquo;repeat&raquo; global_colors_info=&raquo;{}&raquo; theme_builder_area=&raquo;post_content&raquo;][et_pb_column type=&raquo;4_4&#8243; _builder_version=&raquo;4.16&#8243; custom_padding=&raquo;|||&raquo; global_colors_info=&raquo;{}&raquo; custom_padding__hover=&raquo;|||&raquo; theme_builder_area=&raquo;post_content&raquo;][et_pb_text _builder_version=&raquo;4.27.5&#8243; hover_enabled=&raquo;0&#8243; z_index_tablet=&raquo;500&#8243; text_text_shadow_horizontal_length_tablet=&raquo;0px&raquo; text_text_shadow_vertical_length_tablet=&raquo;0px&raquo; text_text_shadow_blur_strength_tablet=&raquo;1px&raquo; link_text_shadow_horizontal_length_tablet=&raquo;0px&raquo; link_text_shadow_vertical_length_tablet=&raquo;0px&raquo; link_text_shadow_blur_strength_tablet=&raquo;1px&raquo; ul_text_shadow_horizontal_length_tablet=&raquo;0px&raquo; ul_text_shadow_vertical_length_tablet=&raquo;0px&raquo; ul_text_shadow_blur_strength_tablet=&raquo;1px&raquo; ol_text_shadow_horizontal_length_tablet=&raquo;0px&raquo; ol_text_shadow_vertical_length_tablet=&raquo;0px&raquo; ol_text_shadow_blur_strength_tablet=&raquo;1px&raquo; quote_text_shadow_horizontal_length_tablet=&raquo;0px&raquo; quote_text_shadow_vertical_length_tablet=&raquo;0px&raquo; quote_text_shadow_blur_strength_tablet=&raquo;1px&raquo; header_text_shadow_horizontal_length_tablet=&raquo;0px&raquo; header_text_shadow_vertical_length_tablet=&raquo;0px&raquo; header_text_shadow_blur_strength_tablet=&raquo;1px&raquo; header_2_text_shadow_horizontal_length_tablet=&raquo;0px&raquo; header_2_text_shadow_vertical_length_tablet=&raquo;0px&raquo; header_2_text_shadow_blur_strength_tablet=&raquo;1px&raquo; header_3_text_shadow_horizontal_length_tablet=&raquo;0px&raquo; header_3_text_shadow_vertical_length_tablet=&raquo;0px&raquo; header_3_text_shadow_blur_strength_tablet=&raquo;1px&raquo; header_4_text_shadow_horizontal_length_tablet=&raquo;0px&raquo; header_4_text_shadow_vertical_length_tablet=&raquo;0px&raquo; header_4_text_shadow_blur_strength_tablet=&raquo;1px&raquo; header_5_text_shadow_horizontal_length_tablet=&raquo;0px&raquo; header_5_text_shadow_vertical_length_tablet=&raquo;0px&raquo; header_5_text_shadow_blur_strength_tablet=&raquo;1px&raquo; header_6_text_shadow_horizontal_length_tablet=&raquo;0px&raquo; header_6_text_shadow_vertical_length_tablet=&raquo;0px&raquo; header_6_text_shadow_blur_strength_tablet=&raquo;1px&raquo; box_shadow_horizontal_tablet=&raquo;0px&raquo; box_shadow_vertical_tablet=&raquo;0px&raquo; box_shadow_blur_tablet=&raquo;40px&raquo; box_shadow_spread_tablet=&raquo;0px&raquo; global_colors_info=&raquo;{}&raquo; theme_builder_area=&raquo;post_content&raquo; sticky_enabled=&raquo;0&#8243;]<\/p>\n<p><strong><a href=\"http:\/\/nsff.no\/bli-medlem\/medlems-og-klubbprosjekt\/\">NSFF oppfordrer til \u00e5 sende inn medlemsprosjekt og klubbprosjekt<\/a>. Til inspirasjon vil vi i NSFF Magasin publisere prosjektene, de vil ogs\u00e5 vises digitalt p\u00e5 ulike arrangement der NSFF er tilstede. Nedenfor sees Toril Bakkes prosjekt fra 2025:<\/strong><\/p>\n<h2>Folk p\u00e5 farten<\/h2>\n<p>Siden h\u00f8sten 2023 har jeg blitt inspirert av en retning, eller konsept, innenfor fotografering som kalles ICM. Dette er en forkortelse for \u00abIntentionally Camera Movement\u00bb, eller \u00abIntentionally Creative Movement\u00bb. Sistnevnte begrep dekker best det jeg forst\u00e5r med begrepet: Ved hjelp av bevisste bevegelser med kameraet, og lang lukkertid uten \u00e5 bruke stativ, fanger man motiv, lys og skygge p\u00e5 en annerledes og kreativ m\u00e5te. Det er ikke lenger et m\u00e5l at bildet skal v\u00e6re s\u00e5 skarpt som mulig, eller gjengi virkeligheten realistisk, men heller det \u00e5 skape en stemning\/opplevelse i den som ser bildet. Blant annet fremst\u00e5r mennesker ugjenkjennelige, mere som skygger, men likevel som en tydelig og viktig del av motivet.<\/p>\n<p>Historisk sett kan ICM ses i sammenheng med en retning innenfor fotografi som kalles piktorialisme. Jeg oppdaget denne retningen via et fotografi tatt av den franske fotografen Robert Demachy. Bildet er uskarpt, uten detaljer, kornete og monokromt. <a href=\"https:\/\/commons.wikimedia.org\/wiki\/File:Robert_Demachy_-_Speed,_1904.jpg\">Det heter \u00abSpeed\u00bb og er fra 1904<\/a>. Av en eller annen grunn grep dette bildet meg sterkt. Demachys bilder er alle kraftig redigert ved hjelp av datidens muligheter, b\u00e5de i og utenfor m\u00f8rkerommet. M\u00e5let var \u00e5 f\u00e5 til s\u00e5 maleriske kvaliteter som mulig. Det vil si ikke bare en perfekt gjengivelse av virkeligheten, men noe utover det. Piktorialismen sameksisterte med en retning innenfor malerkunsten som blir kalt for impresjonisme. Fokus her var \u00e5 fange det skiftende lyset og \u00f8yeblikket. Claude Monet og Pierre-Auguste Renoir er to sentrale malere fra denne epoken. Maleriene kjennetegnes av lys, f\u00e5 detaljer, uskarphet og bevegelse.<\/p>\n<p>For meg har ICM gitt en mulighet til videreutvikling b\u00e5de n\u00e5r det gjelder det \u00e5 bli kjent med eget kamera p\u00e5 nytt, og redigering av bilder i etterkant. Har etter hvert sett at flere norske fotografer gir oppl\u00e6ring i denne m\u00e5ten \u00e5 fotografere p\u00e5. Selv har jeg l\u00e6rt av erfarne fotografer som har lagt ut spennende og l\u00e6rerike videoer p\u00e5 YouTube. Samtlige understreker at kravene til komposisjon, form, lys og farge, n\u00e5r det gjelder kvalitet, ogs\u00e5 gjelder for ICM. For meg har den friheten til \u00e5 eksperimentere som ICM gir v\u00e6rt veldig positivt. Har tatt flere tusen bilder, men har slettet de aller fleste. De som kommer gjennom n\u00e5l\u00f8yet er redigert i diverse bildebehandlingsprogram.<\/p>\n<p>Temaet for dette prosjektet er Folk p\u00e5 farten. Bildene er blant annet tatt i Oslo sentrum, i Frognerparken, og inne p\u00e5 Nationaltheatret stasjon. Lysforholdene har dermed variert veldig \u2013 fra kunstig og lite lys inne p\u00e5 stasjonsomr\u00e5det, til en solfylt sommerdag i Frognerparken.<\/p>\n<p><em>\u2013 Toril Bakke, Oslo Kamera Klubb<\/em><\/p>\n<p>[\/et_pb_text][\/et_pb_column][\/et_pb_row][et_pb_row make_equal=&raquo;on&raquo; _builder_version=&raquo;4.16&#8243; background_size=&raquo;initial&raquo; background_position=&raquo;top_left&raquo; background_repeat=&raquo;repeat&raquo; global_colors_info=&raquo;{}&raquo; theme_builder_area=&raquo;post_content&raquo;][et_pb_column type=&raquo;4_4&#8243; _builder_version=&raquo;4.16&#8243; custom_padding=&raquo;|||&raquo; global_colors_info=&raquo;{}&raquo; custom_padding__hover=&raquo;|||&raquo; theme_builder_area=&raquo;post_content&raquo;][et_pb_text admin_label=&raquo;Tekst&raquo; _builder_version=&raquo;4.16&#8243; _module_preset=&raquo;default&raquo; global_colors_info=&raquo;{}&raquo; theme_builder_area=&raquo;post_content&raquo;]<\/p>\n<p>Klikk p\u00e5 f\u00f8rste bilde for \u00e5 bla gjennom hele galleriet:<\/p>\n<p>[\/et_pb_text][et_pb_gallery _builder_version=&raquo;4.27.5&#8243; _module_preset=&raquo;default&raquo; theme_builder_area=&raquo;post_content&raquo; gallery_ids=&raquo;19302,19303,19304,19305,19306,19307,19308,19309,19310,19311&#8243; fullwidth=&raquo;on&raquo; hover_enabled=&raquo;0&#8243; sticky_enabled=&raquo;0&#8243;][\/et_pb_gallery][\/et_pb_column][\/et_pb_row][et_pb_row _builder_version=&raquo;3.19&#8243; global_module=&raquo;7898&#8243; global_colors_info=&raquo;{}&raquo; theme_builder_area=&raquo;post_content&raquo;][et_pb_column type=&raquo;4_4&#8243; _builder_version=&raquo;4.16&#8243; custom_padding=&raquo;|||&raquo; global_colors_info=&raquo;{}&raquo; custom_padding__hover=&raquo;|||&raquo; theme_builder_area=&raquo;post_content&raquo;][et_pb_text admin_label=&raquo;Medlemsprosjekttekst&raquo; _builder_version=&raquo;4.16&#8243; background_color=&raquo;rgba(12,113,195,0.19)&raquo; custom_padding=&raquo;20px|20px|20px|20px&raquo; custom_padding_tablet=&raquo;&raquo; custom_padding_phone=&raquo;10px|10px|10px|10px&raquo; custom_padding_last_edited=&raquo;on|phone&raquo; link_option_url=&raquo;http:\/\/nsff.no\/bli-medlem\/medlems-og-klubbprosjekt\/&raquo; border_radii=&raquo;on|4px|4px|4px|4px&raquo; global_colors_info=&raquo;{}&raquo; theme_builder_area=&raquo;post_content&raquo;]<\/p>\n<p>Alle har sikkert h\u00f8rt mantraet, at et bilde sier mer enn tusen ord. Men hva da med en hel serie med bilder, som henger tematisk sammen? Det er vanligste er nok \u00e5 jakte p\u00e5 blinkskuddene, men blant de store fotografene er det vel s\u00e5 vanlig \u00e5 tenke i serie \u2013 de jobber i prosjekt!<\/p>\n<p>NSFF har siden 2014 invitert til innlevering av medlems- og klubbprosjekt. Det \u00e5 g\u00e5 ut over det \u00e5 kun jakte enkeltst\u00e5ende \u00abvinnerbilder\u00bb vil gj\u00f8re en til bedre fotograf \u2013 utvide evnen til \u00e5 se! Hele ideen med \u00e5 jobbe i prosjekt er \u00e5 fortelle en bredere og mer interessant historie med bildene.<\/p>\n<p><a href=\"http:\/\/nsff.no\/bli-medlem\/medlems-og-klubbprosjekt\/\">Les om medlemsprosjekt p\u00e5 nsff.no.<\/a><\/p>\n<p>[\/et_pb_text][\/et_pb_column][\/et_pb_row][\/et_pb_section]<\/p>\n","protected":false},"excerpt":{"rendered":"<p>Toril Bakkes prosjekt \u00abFolk p\u00e5 farten\u00bb, fra 2025<\/p>\n","protected":false},"author":7,"featured_media":19308,"comment_status":"open","ping_status":"open","sticky":false,"template":"","format":"standard","meta":{"_et_pb_use_builder":"on","_et_pb_old_content":"","_et_gb_content_width":"","footnotes":""},"categories":[64,91,14],"tags":[997,70],"class_list":["post-19369","post","type-post","status-publish","format-standard","has-post-thumbnail","hentry","category-fotoprosjekter","category-inspirasjon","category-nyheter","tag-997","tag-medlemsprosjekt","et-has-post-format-content","et_post_format-et-post-format-standard"],"yoast_head":"<!-- This site is optimized with the Yoast SEO plugin v27.5 - https:\/\/yoast.com\/product\/yoast-seo-wordpress\/ -->\n<title>Medlemsprosjekt: Toril Bakke \u00abFolk p\u00e5 farten\u00bb (2025) - NSFF Magasin | Norsk Selskap for Fotografi<\/title>\n<meta name=\"description\" content=\"Toril Bakkes prosjekt \u00abFolk p\u00e5 farten\u00bb, fra 2025\" \/>\n<meta name=\"robots\" content=\"index, follow, max-snippet:-1, max-image-preview:large, max-video-preview:-1\" \/>\n<link rel=\"canonical\" href=\"https:\/\/nsff.no\/magasinet\/2026\/01\/13\/medlemsprosjekt-toril-bakke-folk-pa-farten-2025\/\" \/>\n<meta property=\"og:locale\" content=\"nb_NO\" \/>\n<meta property=\"og:type\" content=\"article\" \/>\n<meta property=\"og:title\" content=\"Medlemsprosjekt: Toril Bakke \u00abFolk p\u00e5 farten\u00bb (2025) - NSFF Magasin | Norsk Selskap for Fotografi\" \/>\n<meta property=\"og:description\" content=\"Toril Bakkes prosjekt \u00abFolk p\u00e5 farten\u00bb, fra 2025\" \/>\n<meta property=\"og:url\" content=\"https:\/\/nsff.no\/magasinet\/2026\/01\/13\/medlemsprosjekt-toril-bakke-folk-pa-farten-2025\/\" \/>\n<meta property=\"og:site_name\" content=\"NSFF Magasin | Norsk Selskap for Fotografi\" \/>\n<meta property=\"article:published_time\" content=\"2026-01-13T11:05:18+00:00\" \/>\n<meta property=\"og:image\" content=\"https:\/\/nsff.no\/magasinet\/wp-content\/uploads\/sites\/2\/2026\/01\/272437_Ut-pa-tur.jpg\" \/>\n\t<meta property=\"og:image:width\" content=\"2400\" \/>\n\t<meta property=\"og:image:height\" content=\"1350\" \/>\n\t<meta property=\"og:image:type\" content=\"image\/jpeg\" \/>\n<meta name=\"author\" content=\"Birgit Fostervold\" \/>\n<meta name=\"twitter:card\" content=\"summary_large_image\" \/>\n<meta name=\"twitter:label1\" content=\"Skrevet av\" \/>\n\t<meta name=\"twitter:data1\" content=\"Birgit Fostervold\" \/>\n\t<meta name=\"twitter:label2\" content=\"Ansl. lesetid\" \/>\n\t<meta name=\"twitter:data2\" content=\"6 minutter\" \/>\n<script type=\"application\/ld+json\" class=\"yoast-schema-graph\">{\"@context\":\"https:\\\/\\\/schema.org\",\"@graph\":[{\"@type\":\"Article\",\"@id\":\"https:\\\/\\\/nsff.no\\\/magasinet\\\/2026\\\/01\\\/13\\\/medlemsprosjekt-toril-bakke-folk-pa-farten-2025\\\/#article\",\"isPartOf\":{\"@id\":\"https:\\\/\\\/nsff.no\\\/magasinet\\\/2026\\\/01\\\/13\\\/medlemsprosjekt-toril-bakke-folk-pa-farten-2025\\\/\"},\"author\":{\"name\":\"Birgit Fostervold\",\"@id\":\"https:\\\/\\\/nsff.no\\\/magasinet\\\/#\\\/schema\\\/person\\\/da041f968afa9bee0293372491a98303\"},\"headline\":\"Medlemsprosjekt: Toril Bakke \u00abFolk p\u00e5 farten\u00bb (2025)\",\"datePublished\":\"2026-01-13T11:05:18+00:00\",\"mainEntityOfPage\":{\"@id\":\"https:\\\/\\\/nsff.no\\\/magasinet\\\/2026\\\/01\\\/13\\\/medlemsprosjekt-toril-bakke-folk-pa-farten-2025\\\/\"},\"wordCount\":1117,\"commentCount\":0,\"publisher\":{\"@id\":\"https:\\\/\\\/nsff.no\\\/magasinet\\\/#organization\"},\"image\":{\"@id\":\"https:\\\/\\\/nsff.no\\\/magasinet\\\/2026\\\/01\\\/13\\\/medlemsprosjekt-toril-bakke-folk-pa-farten-2025\\\/#primaryimage\"},\"thumbnailUrl\":\"https:\\\/\\\/nsff.no\\\/magasinet\\\/wp-content\\\/uploads\\\/sites\\\/2\\\/2026\\\/01\\\/272437_Ut-pa-tur.jpg\",\"keywords\":[\"2025\",\"medlemsprosjekt\"],\"articleSection\":[\"Fotoprosjekter\",\"Inspirasjon\",\"Nyheter\"],\"inLanguage\":\"nb-NO\",\"potentialAction\":[{\"@type\":\"CommentAction\",\"name\":\"Comment\",\"target\":[\"https:\\\/\\\/nsff.no\\\/magasinet\\\/2026\\\/01\\\/13\\\/medlemsprosjekt-toril-bakke-folk-pa-farten-2025\\\/#respond\"]}]},{\"@type\":\"WebPage\",\"@id\":\"https:\\\/\\\/nsff.no\\\/magasinet\\\/2026\\\/01\\\/13\\\/medlemsprosjekt-toril-bakke-folk-pa-farten-2025\\\/\",\"url\":\"https:\\\/\\\/nsff.no\\\/magasinet\\\/2026\\\/01\\\/13\\\/medlemsprosjekt-toril-bakke-folk-pa-farten-2025\\\/\",\"name\":\"Medlemsprosjekt: Toril Bakke \u00abFolk p\u00e5 farten\u00bb (2025) - NSFF Magasin | Norsk Selskap for Fotografi\",\"isPartOf\":{\"@id\":\"https:\\\/\\\/nsff.no\\\/magasinet\\\/#website\"},\"primaryImageOfPage\":{\"@id\":\"https:\\\/\\\/nsff.no\\\/magasinet\\\/2026\\\/01\\\/13\\\/medlemsprosjekt-toril-bakke-folk-pa-farten-2025\\\/#primaryimage\"},\"image\":{\"@id\":\"https:\\\/\\\/nsff.no\\\/magasinet\\\/2026\\\/01\\\/13\\\/medlemsprosjekt-toril-bakke-folk-pa-farten-2025\\\/#primaryimage\"},\"thumbnailUrl\":\"https:\\\/\\\/nsff.no\\\/magasinet\\\/wp-content\\\/uploads\\\/sites\\\/2\\\/2026\\\/01\\\/272437_Ut-pa-tur.jpg\",\"datePublished\":\"2026-01-13T11:05:18+00:00\",\"description\":\"Toril Bakkes prosjekt \u00abFolk p\u00e5 farten\u00bb, fra 2025\",\"breadcrumb\":{\"@id\":\"https:\\\/\\\/nsff.no\\\/magasinet\\\/2026\\\/01\\\/13\\\/medlemsprosjekt-toril-bakke-folk-pa-farten-2025\\\/#breadcrumb\"},\"inLanguage\":\"nb-NO\",\"potentialAction\":[{\"@type\":\"ReadAction\",\"target\":[\"https:\\\/\\\/nsff.no\\\/magasinet\\\/2026\\\/01\\\/13\\\/medlemsprosjekt-toril-bakke-folk-pa-farten-2025\\\/\"]}]},{\"@type\":\"ImageObject\",\"inLanguage\":\"nb-NO\",\"@id\":\"https:\\\/\\\/nsff.no\\\/magasinet\\\/2026\\\/01\\\/13\\\/medlemsprosjekt-toril-bakke-folk-pa-farten-2025\\\/#primaryimage\",\"url\":\"https:\\\/\\\/nsff.no\\\/magasinet\\\/wp-content\\\/uploads\\\/sites\\\/2\\\/2026\\\/01\\\/272437_Ut-pa-tur.jpg\",\"contentUrl\":\"https:\\\/\\\/nsff.no\\\/magasinet\\\/wp-content\\\/uploads\\\/sites\\\/2\\\/2026\\\/01\\\/272437_Ut-pa-tur.jpg\",\"width\":2400,\"height\":1350,\"caption\":\"Toril Bakke - Ut p\u00e5 tur\"},{\"@type\":\"BreadcrumbList\",\"@id\":\"https:\\\/\\\/nsff.no\\\/magasinet\\\/2026\\\/01\\\/13\\\/medlemsprosjekt-toril-bakke-folk-pa-farten-2025\\\/#breadcrumb\",\"itemListElement\":[{\"@type\":\"ListItem\",\"position\":1,\"name\":\"Hjem\",\"item\":\"https:\\\/\\\/nsff.no\\\/magasinet\\\/\"},{\"@type\":\"ListItem\",\"position\":2,\"name\":\"Medlemsprosjekt: Toril Bakke \u00abFolk p\u00e5 farten\u00bb (2025)\"}]},{\"@type\":\"WebSite\",\"@id\":\"https:\\\/\\\/nsff.no\\\/magasinet\\\/#website\",\"url\":\"https:\\\/\\\/nsff.no\\\/magasinet\\\/\",\"name\":\"NSFF Magasin | Norsk Selskap for Fotografi\",\"description\":\"Medlemsmagasin for film- og fotoentusiaster\",\"publisher\":{\"@id\":\"https:\\\/\\\/nsff.no\\\/magasinet\\\/#organization\"},\"potentialAction\":[{\"@type\":\"SearchAction\",\"target\":{\"@type\":\"EntryPoint\",\"urlTemplate\":\"https:\\\/\\\/nsff.no\\\/magasinet\\\/?s={search_term_string}\"},\"query-input\":{\"@type\":\"PropertyValueSpecification\",\"valueRequired\":true,\"valueName\":\"search_term_string\"}}],\"inLanguage\":\"nb-NO\"},{\"@type\":\"Organization\",\"@id\":\"https:\\\/\\\/nsff.no\\\/magasinet\\\/#organization\",\"name\":\"Norsk Selskap for Fotografo\",\"url\":\"https:\\\/\\\/nsff.no\\\/magasinet\\\/\",\"logo\":{\"@type\":\"ImageObject\",\"inLanguage\":\"nb-NO\",\"@id\":\"https:\\\/\\\/nsff.no\\\/magasinet\\\/#\\\/schema\\\/logo\\\/image\\\/\",\"url\":\"https:\\\/\\\/nsff.no\\\/magasinet\\\/wp-content\\\/uploads\\\/sites\\\/2\\\/2016\\\/05\\\/NSFF-fb-lenkebilde.png\",\"contentUrl\":\"https:\\\/\\\/nsff.no\\\/magasinet\\\/wp-content\\\/uploads\\\/sites\\\/2\\\/2016\\\/05\\\/NSFF-fb-lenkebilde.png\",\"width\":1,\"height\":1,\"caption\":\"Norsk Selskap for Fotografo\"},\"image\":{\"@id\":\"https:\\\/\\\/nsff.no\\\/magasinet\\\/#\\\/schema\\\/logo\\\/image\\\/\"}},{\"@type\":\"Person\",\"@id\":\"https:\\\/\\\/nsff.no\\\/magasinet\\\/#\\\/schema\\\/person\\\/da041f968afa9bee0293372491a98303\",\"name\":\"Birgit Fostervold\",\"image\":{\"@type\":\"ImageObject\",\"inLanguage\":\"nb-NO\",\"@id\":\"https:\\\/\\\/secure.gravatar.com\\\/avatar\\\/d8b31664a01c80eecbf53f36dc41fa676bbfe7c78cb2391937a62f88da897950?s=96&d=mm&r=g\",\"url\":\"https:\\\/\\\/secure.gravatar.com\\\/avatar\\\/d8b31664a01c80eecbf53f36dc41fa676bbfe7c78cb2391937a62f88da897950?s=96&d=mm&r=g\",\"contentUrl\":\"https:\\\/\\\/secure.gravatar.com\\\/avatar\\\/d8b31664a01c80eecbf53f36dc41fa676bbfe7c78cb2391937a62f88da897950?s=96&d=mm&r=g\",\"caption\":\"Birgit Fostervold\"},\"description\":\"EsNSFF, HonENFFF, medlem i Homborsund fotoklubb og Arendal fotoklubb. Styremedlem NSFF, Nordisk Forbund for Fotografi og Norsk Naturfotofestival. Tidl. nestleder og konst.leder NSFF (2017\u201322), tidl. redakt\u00f8r for NSFF Magasin (2016\u201322).\",\"sameAs\":[\"https:\\\/\\\/lensbirdie.no\",\"https:\\\/\\\/instagram.com\\\/knipselyst\\\/\"],\"url\":\"https:\\\/\\\/nsff.no\\\/magasinet\\\/author\\\/birgitf\\\/\"}]}<\/script>\n<!-- \/ Yoast SEO plugin. -->","yoast_head_json":{"title":"Medlemsprosjekt: Toril Bakke \u00abFolk p\u00e5 farten\u00bb (2025) - NSFF Magasin | Norsk Selskap for Fotografi","description":"Toril Bakkes prosjekt \u00abFolk p\u00e5 farten\u00bb, fra 2025","robots":{"index":"index","follow":"follow","max-snippet":"max-snippet:-1","max-image-preview":"max-image-preview:large","max-video-preview":"max-video-preview:-1"},"canonical":"https:\/\/nsff.no\/magasinet\/2026\/01\/13\/medlemsprosjekt-toril-bakke-folk-pa-farten-2025\/","og_locale":"nb_NO","og_type":"article","og_title":"Medlemsprosjekt: Toril Bakke \u00abFolk p\u00e5 farten\u00bb (2025) - NSFF Magasin | Norsk Selskap for Fotografi","og_description":"Toril Bakkes prosjekt \u00abFolk p\u00e5 farten\u00bb, fra 2025","og_url":"https:\/\/nsff.no\/magasinet\/2026\/01\/13\/medlemsprosjekt-toril-bakke-folk-pa-farten-2025\/","og_site_name":"NSFF Magasin | Norsk Selskap for Fotografi","article_published_time":"2026-01-13T11:05:18+00:00","og_image":[{"width":2400,"height":1350,"url":"https:\/\/nsff.no\/magasinet\/wp-content\/uploads\/sites\/2\/2026\/01\/272437_Ut-pa-tur.jpg","type":"image\/jpeg"}],"author":"Birgit Fostervold","twitter_card":"summary_large_image","twitter_misc":{"Skrevet av":"Birgit Fostervold","Ansl. lesetid":"6 minutter"},"schema":{"@context":"https:\/\/schema.org","@graph":[{"@type":"Article","@id":"https:\/\/nsff.no\/magasinet\/2026\/01\/13\/medlemsprosjekt-toril-bakke-folk-pa-farten-2025\/#article","isPartOf":{"@id":"https:\/\/nsff.no\/magasinet\/2026\/01\/13\/medlemsprosjekt-toril-bakke-folk-pa-farten-2025\/"},"author":{"name":"Birgit Fostervold","@id":"https:\/\/nsff.no\/magasinet\/#\/schema\/person\/da041f968afa9bee0293372491a98303"},"headline":"Medlemsprosjekt: Toril Bakke \u00abFolk p\u00e5 farten\u00bb (2025)","datePublished":"2026-01-13T11:05:18+00:00","mainEntityOfPage":{"@id":"https:\/\/nsff.no\/magasinet\/2026\/01\/13\/medlemsprosjekt-toril-bakke-folk-pa-farten-2025\/"},"wordCount":1117,"commentCount":0,"publisher":{"@id":"https:\/\/nsff.no\/magasinet\/#organization"},"image":{"@id":"https:\/\/nsff.no\/magasinet\/2026\/01\/13\/medlemsprosjekt-toril-bakke-folk-pa-farten-2025\/#primaryimage"},"thumbnailUrl":"https:\/\/nsff.no\/magasinet\/wp-content\/uploads\/sites\/2\/2026\/01\/272437_Ut-pa-tur.jpg","keywords":["2025","medlemsprosjekt"],"articleSection":["Fotoprosjekter","Inspirasjon","Nyheter"],"inLanguage":"nb-NO","potentialAction":[{"@type":"CommentAction","name":"Comment","target":["https:\/\/nsff.no\/magasinet\/2026\/01\/13\/medlemsprosjekt-toril-bakke-folk-pa-farten-2025\/#respond"]}]},{"@type":"WebPage","@id":"https:\/\/nsff.no\/magasinet\/2026\/01\/13\/medlemsprosjekt-toril-bakke-folk-pa-farten-2025\/","url":"https:\/\/nsff.no\/magasinet\/2026\/01\/13\/medlemsprosjekt-toril-bakke-folk-pa-farten-2025\/","name":"Medlemsprosjekt: Toril Bakke \u00abFolk p\u00e5 farten\u00bb (2025) - NSFF Magasin | Norsk Selskap for Fotografi","isPartOf":{"@id":"https:\/\/nsff.no\/magasinet\/#website"},"primaryImageOfPage":{"@id":"https:\/\/nsff.no\/magasinet\/2026\/01\/13\/medlemsprosjekt-toril-bakke-folk-pa-farten-2025\/#primaryimage"},"image":{"@id":"https:\/\/nsff.no\/magasinet\/2026\/01\/13\/medlemsprosjekt-toril-bakke-folk-pa-farten-2025\/#primaryimage"},"thumbnailUrl":"https:\/\/nsff.no\/magasinet\/wp-content\/uploads\/sites\/2\/2026\/01\/272437_Ut-pa-tur.jpg","datePublished":"2026-01-13T11:05:18+00:00","description":"Toril Bakkes prosjekt \u00abFolk p\u00e5 farten\u00bb, fra 2025","breadcrumb":{"@id":"https:\/\/nsff.no\/magasinet\/2026\/01\/13\/medlemsprosjekt-toril-bakke-folk-pa-farten-2025\/#breadcrumb"},"inLanguage":"nb-NO","potentialAction":[{"@type":"ReadAction","target":["https:\/\/nsff.no\/magasinet\/2026\/01\/13\/medlemsprosjekt-toril-bakke-folk-pa-farten-2025\/"]}]},{"@type":"ImageObject","inLanguage":"nb-NO","@id":"https:\/\/nsff.no\/magasinet\/2026\/01\/13\/medlemsprosjekt-toril-bakke-folk-pa-farten-2025\/#primaryimage","url":"https:\/\/nsff.no\/magasinet\/wp-content\/uploads\/sites\/2\/2026\/01\/272437_Ut-pa-tur.jpg","contentUrl":"https:\/\/nsff.no\/magasinet\/wp-content\/uploads\/sites\/2\/2026\/01\/272437_Ut-pa-tur.jpg","width":2400,"height":1350,"caption":"Toril Bakke - Ut p\u00e5 tur"},{"@type":"BreadcrumbList","@id":"https:\/\/nsff.no\/magasinet\/2026\/01\/13\/medlemsprosjekt-toril-bakke-folk-pa-farten-2025\/#breadcrumb","itemListElement":[{"@type":"ListItem","position":1,"name":"Hjem","item":"https:\/\/nsff.no\/magasinet\/"},{"@type":"ListItem","position":2,"name":"Medlemsprosjekt: Toril Bakke \u00abFolk p\u00e5 farten\u00bb (2025)"}]},{"@type":"WebSite","@id":"https:\/\/nsff.no\/magasinet\/#website","url":"https:\/\/nsff.no\/magasinet\/","name":"NSFF Magasin | Norsk Selskap for Fotografi","description":"Medlemsmagasin for film- og fotoentusiaster","publisher":{"@id":"https:\/\/nsff.no\/magasinet\/#organization"},"potentialAction":[{"@type":"SearchAction","target":{"@type":"EntryPoint","urlTemplate":"https:\/\/nsff.no\/magasinet\/?s={search_term_string}"},"query-input":{"@type":"PropertyValueSpecification","valueRequired":true,"valueName":"search_term_string"}}],"inLanguage":"nb-NO"},{"@type":"Organization","@id":"https:\/\/nsff.no\/magasinet\/#organization","name":"Norsk Selskap for Fotografo","url":"https:\/\/nsff.no\/magasinet\/","logo":{"@type":"ImageObject","inLanguage":"nb-NO","@id":"https:\/\/nsff.no\/magasinet\/#\/schema\/logo\/image\/","url":"https:\/\/nsff.no\/magasinet\/wp-content\/uploads\/sites\/2\/2016\/05\/NSFF-fb-lenkebilde.png","contentUrl":"https:\/\/nsff.no\/magasinet\/wp-content\/uploads\/sites\/2\/2016\/05\/NSFF-fb-lenkebilde.png","width":1,"height":1,"caption":"Norsk Selskap for Fotografo"},"image":{"@id":"https:\/\/nsff.no\/magasinet\/#\/schema\/logo\/image\/"}},{"@type":"Person","@id":"https:\/\/nsff.no\/magasinet\/#\/schema\/person\/da041f968afa9bee0293372491a98303","name":"Birgit Fostervold","image":{"@type":"ImageObject","inLanguage":"nb-NO","@id":"https:\/\/secure.gravatar.com\/avatar\/d8b31664a01c80eecbf53f36dc41fa676bbfe7c78cb2391937a62f88da897950?s=96&d=mm&r=g","url":"https:\/\/secure.gravatar.com\/avatar\/d8b31664a01c80eecbf53f36dc41fa676bbfe7c78cb2391937a62f88da897950?s=96&d=mm&r=g","contentUrl":"https:\/\/secure.gravatar.com\/avatar\/d8b31664a01c80eecbf53f36dc41fa676bbfe7c78cb2391937a62f88da897950?s=96&d=mm&r=g","caption":"Birgit Fostervold"},"description":"EsNSFF, HonENFFF, medlem i Homborsund fotoklubb og Arendal fotoklubb. Styremedlem NSFF, Nordisk Forbund for Fotografi og Norsk Naturfotofestival. Tidl. nestleder og konst.leder NSFF (2017\u201322), tidl. redakt\u00f8r for NSFF Magasin (2016\u201322).","sameAs":["https:\/\/lensbirdie.no","https:\/\/instagram.com\/knipselyst\/"],"url":"https:\/\/nsff.no\/magasinet\/author\/birgitf\/"}]}},"_links":{"self":[{"href":"https:\/\/nsff.no\/magasinet\/wp-json\/wp\/v2\/posts\/19369","targetHints":{"allow":["GET"]}}],"collection":[{"href":"https:\/\/nsff.no\/magasinet\/wp-json\/wp\/v2\/posts"}],"about":[{"href":"https:\/\/nsff.no\/magasinet\/wp-json\/wp\/v2\/types\/post"}],"author":[{"embeddable":true,"href":"https:\/\/nsff.no\/magasinet\/wp-json\/wp\/v2\/users\/7"}],"replies":[{"embeddable":true,"href":"https:\/\/nsff.no\/magasinet\/wp-json\/wp\/v2\/comments?post=19369"}],"version-history":[{"count":3,"href":"https:\/\/nsff.no\/magasinet\/wp-json\/wp\/v2\/posts\/19369\/revisions"}],"predecessor-version":[{"id":19374,"href":"https:\/\/nsff.no\/magasinet\/wp-json\/wp\/v2\/posts\/19369\/revisions\/19374"}],"wp:featuredmedia":[{"embeddable":true,"href":"https:\/\/nsff.no\/magasinet\/wp-json\/wp\/v2\/media\/19308"}],"wp:attachment":[{"href":"https:\/\/nsff.no\/magasinet\/wp-json\/wp\/v2\/media?parent=19369"}],"wp:term":[{"taxonomy":"category","embeddable":true,"href":"https:\/\/nsff.no\/magasinet\/wp-json\/wp\/v2\/categories?post=19369"},{"taxonomy":"post_tag","embeddable":true,"href":"https:\/\/nsff.no\/magasinet\/wp-json\/wp\/v2\/tags?post=19369"}],"curies":[{"name":"wp","href":"https:\/\/api.w.org\/{rel}","templated":true}]}}