{"id":19354,"date":"2026-01-09T14:02:42","date_gmt":"2026-01-09T13:02:42","guid":{"rendered":"https:\/\/nsff.no\/magasinet\/?p=19354"},"modified":"2026-01-09T14:04:05","modified_gmt":"2026-01-09T13:04:05","slug":"medlemsprosjekt-kristin-devor-menneskets-darskap-i-de-hallingdalske-skoger-2025","status":"publish","type":"post","link":"https:\/\/nsff.no\/magasinet\/2026\/01\/09\/medlemsprosjekt-kristin-devor-menneskets-darskap-i-de-hallingdalske-skoger-2025\/","title":{"rendered":"Medlemsprosjekt: Kristin Devor \u00abMenneskets d\u00e5rskap i de Hallingdalske skoger\u00bb (2025)"},"content":{"rendered":"<p>[et_pb_section fb_built=&raquo;1&#8243; _builder_version=&raquo;4.16&#8243; global_colors_info=&raquo;{}&raquo;][et_pb_row _builder_version=&raquo;4.16&#8243; background_size=&raquo;initial&raquo; background_position=&raquo;top_left&raquo; background_repeat=&raquo;repeat&raquo; global_colors_info=&raquo;{}&raquo;][et_pb_column type=&raquo;4_4&#8243; _builder_version=&raquo;4.16&#8243; custom_padding=&raquo;|||&raquo; global_colors_info=&raquo;{}&raquo; custom_padding__hover=&raquo;|||&raquo;][et_pb_text _builder_version=&raquo;4.27.5&#8243; z_index_tablet=&raquo;500&#8243; text_text_shadow_horizontal_length_tablet=&raquo;0px&raquo; text_text_shadow_vertical_length_tablet=&raquo;0px&raquo; text_text_shadow_blur_strength_tablet=&raquo;1px&raquo; link_text_shadow_horizontal_length_tablet=&raquo;0px&raquo; link_text_shadow_vertical_length_tablet=&raquo;0px&raquo; link_text_shadow_blur_strength_tablet=&raquo;1px&raquo; ul_text_shadow_horizontal_length_tablet=&raquo;0px&raquo; ul_text_shadow_vertical_length_tablet=&raquo;0px&raquo; ul_text_shadow_blur_strength_tablet=&raquo;1px&raquo; ol_text_shadow_horizontal_length_tablet=&raquo;0px&raquo; ol_text_shadow_vertical_length_tablet=&raquo;0px&raquo; ol_text_shadow_blur_strength_tablet=&raquo;1px&raquo; quote_text_shadow_horizontal_length_tablet=&raquo;0px&raquo; quote_text_shadow_vertical_length_tablet=&raquo;0px&raquo; quote_text_shadow_blur_strength_tablet=&raquo;1px&raquo; header_text_shadow_horizontal_length_tablet=&raquo;0px&raquo; header_text_shadow_vertical_length_tablet=&raquo;0px&raquo; header_text_shadow_blur_strength_tablet=&raquo;1px&raquo; header_2_text_shadow_horizontal_length_tablet=&raquo;0px&raquo; header_2_text_shadow_vertical_length_tablet=&raquo;0px&raquo; header_2_text_shadow_blur_strength_tablet=&raquo;1px&raquo; header_3_text_shadow_horizontal_length_tablet=&raquo;0px&raquo; header_3_text_shadow_vertical_length_tablet=&raquo;0px&raquo; header_3_text_shadow_blur_strength_tablet=&raquo;1px&raquo; header_4_text_shadow_horizontal_length_tablet=&raquo;0px&raquo; header_4_text_shadow_vertical_length_tablet=&raquo;0px&raquo; header_4_text_shadow_blur_strength_tablet=&raquo;1px&raquo; header_5_text_shadow_horizontal_length_tablet=&raquo;0px&raquo; header_5_text_shadow_vertical_length_tablet=&raquo;0px&raquo; header_5_text_shadow_blur_strength_tablet=&raquo;1px&raquo; header_6_text_shadow_horizontal_length_tablet=&raquo;0px&raquo; header_6_text_shadow_vertical_length_tablet=&raquo;0px&raquo; header_6_text_shadow_blur_strength_tablet=&raquo;1px&raquo; box_shadow_horizontal_tablet=&raquo;0px&raquo; box_shadow_vertical_tablet=&raquo;0px&raquo; box_shadow_blur_tablet=&raquo;40px&raquo; box_shadow_spread_tablet=&raquo;0px&raquo; global_colors_info=&raquo;{}&raquo;]<\/p>\n<p><strong><a href=\"http:\/\/nsff.no\/bli-medlem\/medlems-og-klubbprosjekt\/\">NSFF oppfordrer til \u00e5 sende inn medlemsprosjekt og klubbprosjekt<\/a>. Til inspirasjon vil vi i NSFF Magasin publisere prosjektene, de vil ogs\u00e5 vises digitalt p\u00e5 ulike arrangement der NSFF er tilstede. Nedenfor sees Kristin Devors prosjekt fra 2025:<\/strong><\/p>\n<h2>Menneskets d\u00e5rskap i de Hallingdalske skoger.<\/h2>\n<p>Han mener fortsatt at han skal sette dem i stand, eieren av vrakene i skogen. Han er langt over pensjonsalder, akkurat som vrakene.<br \/>De blir nok st\u00e5ende lenge etter han blir lagt under torva. Hvem som skal rydde opp etter ham er h\u00f8yst uklart. Det var ikke aktuelt for arvingene, fortalte han meg. Han synes det var stas at jeg ville forevige vrakene. P\u00e5 sitt vis er de jo vakre fotoobjekter.<br \/>For meg forteller hver og en av dem en historie om en svunnen tid. Samtidig er det trist \u00e5 se et stort skogsomr\u00e5de bli \u00f8delagt av menneskets d\u00e5rskap.<\/p>\n<p><em>\u2013 Kristin Devor, Asker og B\u00e6rum fotoklubb<\/em><\/p>\n<p>[\/et_pb_text][\/et_pb_column][\/et_pb_row][et_pb_row make_equal=&raquo;on&raquo; _builder_version=&raquo;4.16&#8243; background_size=&raquo;initial&raquo; background_position=&raquo;top_left&raquo; background_repeat=&raquo;repeat&raquo; global_colors_info=&raquo;{}&raquo;][et_pb_column type=&raquo;4_4&#8243; _builder_version=&raquo;4.16&#8243; custom_padding=&raquo;|||&raquo; global_colors_info=&raquo;{}&raquo; custom_padding__hover=&raquo;|||&raquo;][et_pb_text admin_label=&raquo;Tekst&raquo; _builder_version=&raquo;4.16&#8243; _module_preset=&raquo;default&raquo; global_colors_info=&raquo;{}&raquo;]<\/p>\n<p>Klikk p\u00e5 f\u00f8rste bilde for \u00e5 bla gjennom hele galleriet:<\/p>\n<p>[\/et_pb_text][et_pb_gallery gallery_ids=&raquo;19264,19265,19266,19267,19268,19269,19270,19271,19272,19273&#8243; fullwidth=&raquo;on&raquo; _builder_version=&raquo;4.27.5&#8243; _module_preset=&raquo;default&raquo; global_colors_info=&raquo;{}&raquo;][\/et_pb_gallery][\/et_pb_column][\/et_pb_row][et_pb_row _builder_version=&raquo;3.19&#8243; global_module=&raquo;7898&#8243; global_colors_info=&raquo;{}&raquo;][et_pb_column type=&raquo;4_4&#8243; _builder_version=&raquo;4.16&#8243; custom_padding=&raquo;|||&raquo; global_colors_info=&raquo;{}&raquo; custom_padding__hover=&raquo;|||&raquo;][et_pb_text admin_label=&raquo;Medlemsprosjekttekst&raquo; _builder_version=&raquo;4.16&#8243; background_color=&raquo;rgba(12,113,195,0.19)&raquo; custom_padding=&raquo;20px|20px|20px|20px&raquo; custom_padding_tablet=&raquo;&raquo; custom_padding_phone=&raquo;10px|10px|10px|10px&raquo; custom_padding_last_edited=&raquo;on|phone&raquo; link_option_url=&raquo;http:\/\/nsff.no\/bli-medlem\/medlems-og-klubbprosjekt\/&raquo; border_radii=&raquo;on|4px|4px|4px|4px&raquo; global_colors_info=&raquo;{}&raquo;]<\/p>\n<p>Alle har sikkert h\u00f8rt mantraet, at et bilde sier mer enn tusen ord. Men hva da med en hel serie med bilder, som henger tematisk sammen? Det er vanligste er nok \u00e5 jakte p\u00e5 blinkskuddene, men blant de store fotografene er det vel s\u00e5 vanlig \u00e5 tenke i serie \u2013 de jobber i prosjekt!<\/p>\n<p>NSFF har siden 2014 invitert til innlevering av medlems- og klubbprosjekt. Det \u00e5 g\u00e5 ut over det \u00e5 kun jakte enkeltst\u00e5ende \u00abvinnerbilder\u00bb vil gj\u00f8re en til bedre fotograf \u2013 utvide evnen til \u00e5 se! Hele ideen med \u00e5 jobbe i prosjekt er \u00e5 fortelle en bredere og mer interessant historie med bildene.<\/p>\n<p><a href=\"http:\/\/nsff.no\/bli-medlem\/medlems-og-klubbprosjekt\/\">Les om medlemsprosjekt p\u00e5 nsff.no.<\/a><\/p>\n<p>[\/et_pb_text][\/et_pb_column][\/et_pb_row][\/et_pb_section]<\/p>\n","protected":false},"excerpt":{"rendered":"<p>Kristin Devors prosjekt \u00abMenneskets d\u00e5rskap i de Hallingdalske skoger\u00bb, fra 2025<\/p>\n","protected":false},"author":7,"featured_media":19273,"comment_status":"open","ping_status":"open","sticky":false,"template":"","format":"standard","meta":{"_et_pb_use_builder":"on","_et_pb_old_content":"","_et_gb_content_width":"","footnotes":""},"categories":[64,91],"tags":[997,70],"class_list":["post-19354","post","type-post","status-publish","format-standard","has-post-thumbnail","hentry","category-fotoprosjekter","category-inspirasjon","tag-997","tag-medlemsprosjekt","et-has-post-format-content","et_post_format-et-post-format-standard"],"yoast_head":"<!-- This site is optimized with the Yoast SEO plugin v27.5 - https:\/\/yoast.com\/product\/yoast-seo-wordpress\/ -->\n<title>Medlemsprosjekt: Kristin Devor \u00abMenneskets d\u00e5rskap i de Hallingdalske skoger\u00bb (2025) - NSFF Magasin | Norsk Selskap for Fotografi<\/title>\n<meta name=\"description\" content=\"Kristin Devors prosjekt \u00abMenneskets d\u00e5rskap i de Hallingdalske skoger\u00bb fra 2025\" \/>\n<meta name=\"robots\" content=\"index, follow, max-snippet:-1, max-image-preview:large, max-video-preview:-1\" \/>\n<link rel=\"canonical\" href=\"https:\/\/nsff.no\/magasinet\/2026\/01\/09\/medlemsprosjekt-kristin-devor-menneskets-darskap-i-de-hallingdalske-skoger-2025\/\" \/>\n<meta property=\"og:locale\" content=\"nb_NO\" \/>\n<meta property=\"og:type\" content=\"article\" \/>\n<meta property=\"og:title\" content=\"Medlemsprosjekt: Kristin Devor \u00abMenneskets d\u00e5rskap i de Hallingdalske skoger\u00bb (2025) - NSFF Magasin | Norsk Selskap for Fotografi\" \/>\n<meta property=\"og:description\" content=\"Kristin Devors prosjekt \u00abMenneskets d\u00e5rskap i de Hallingdalske skoger\u00bb fra 2025\" \/>\n<meta property=\"og:url\" content=\"https:\/\/nsff.no\/magasinet\/2026\/01\/09\/medlemsprosjekt-kristin-devor-menneskets-darskap-i-de-hallingdalske-skoger-2025\/\" \/>\n<meta property=\"og:site_name\" content=\"NSFF Magasin | Norsk Selskap for Fotografi\" \/>\n<meta property=\"article:published_time\" content=\"2026-01-09T13:02:42+00:00\" \/>\n<meta property=\"article:modified_time\" content=\"2026-01-09T13:04:05+00:00\" \/>\n<meta property=\"og:image\" content=\"https:\/\/nsff.no\/magasinet\/wp-content\/uploads\/sites\/2\/2026\/01\/267851_Reservehjul-1024x692.jpg\" \/>\n\t<meta property=\"og:image:width\" content=\"1024\" \/>\n\t<meta property=\"og:image:height\" content=\"692\" \/>\n\t<meta property=\"og:image:type\" content=\"image\/jpeg\" \/>\n<meta name=\"author\" content=\"Birgit Fostervold\" \/>\n<meta name=\"twitter:card\" content=\"summary_large_image\" \/>\n<meta name=\"twitter:label1\" content=\"Skrevet av\" \/>\n\t<meta name=\"twitter:data1\" content=\"Birgit Fostervold\" \/>\n\t<meta name=\"twitter:label2\" content=\"Ansl. lesetid\" \/>\n\t<meta name=\"twitter:data2\" content=\"4 minutter\" \/>\n<script type=\"application\/ld+json\" class=\"yoast-schema-graph\">{\"@context\":\"https:\\\/\\\/schema.org\",\"@graph\":[{\"@type\":\"Article\",\"@id\":\"https:\\\/\\\/nsff.no\\\/magasinet\\\/2026\\\/01\\\/09\\\/medlemsprosjekt-kristin-devor-menneskets-darskap-i-de-hallingdalske-skoger-2025\\\/#article\",\"isPartOf\":{\"@id\":\"https:\\\/\\\/nsff.no\\\/magasinet\\\/2026\\\/01\\\/09\\\/medlemsprosjekt-kristin-devor-menneskets-darskap-i-de-hallingdalske-skoger-2025\\\/\"},\"author\":{\"name\":\"Birgit Fostervold\",\"@id\":\"https:\\\/\\\/nsff.no\\\/magasinet\\\/#\\\/schema\\\/person\\\/da041f968afa9bee0293372491a98303\"},\"headline\":\"Medlemsprosjekt: Kristin Devor \u00abMenneskets d\u00e5rskap i de Hallingdalske skoger\u00bb (2025)\",\"datePublished\":\"2026-01-09T13:02:42+00:00\",\"dateModified\":\"2026-01-09T13:04:05+00:00\",\"mainEntityOfPage\":{\"@id\":\"https:\\\/\\\/nsff.no\\\/magasinet\\\/2026\\\/01\\\/09\\\/medlemsprosjekt-kristin-devor-menneskets-darskap-i-de-hallingdalske-skoger-2025\\\/\"},\"wordCount\":752,\"commentCount\":0,\"publisher\":{\"@id\":\"https:\\\/\\\/nsff.no\\\/magasinet\\\/#organization\"},\"image\":{\"@id\":\"https:\\\/\\\/nsff.no\\\/magasinet\\\/2026\\\/01\\\/09\\\/medlemsprosjekt-kristin-devor-menneskets-darskap-i-de-hallingdalske-skoger-2025\\\/#primaryimage\"},\"thumbnailUrl\":\"https:\\\/\\\/nsff.no\\\/magasinet\\\/wp-content\\\/uploads\\\/sites\\\/2\\\/2026\\\/01\\\/267871_Falmet-fransk-skjonnhet.jpg\",\"keywords\":[\"2025\",\"medlemsprosjekt\"],\"articleSection\":[\"Fotoprosjekter\",\"Inspirasjon\"],\"inLanguage\":\"nb-NO\",\"potentialAction\":[{\"@type\":\"CommentAction\",\"name\":\"Comment\",\"target\":[\"https:\\\/\\\/nsff.no\\\/magasinet\\\/2026\\\/01\\\/09\\\/medlemsprosjekt-kristin-devor-menneskets-darskap-i-de-hallingdalske-skoger-2025\\\/#respond\"]}]},{\"@type\":\"WebPage\",\"@id\":\"https:\\\/\\\/nsff.no\\\/magasinet\\\/2026\\\/01\\\/09\\\/medlemsprosjekt-kristin-devor-menneskets-darskap-i-de-hallingdalske-skoger-2025\\\/\",\"url\":\"https:\\\/\\\/nsff.no\\\/magasinet\\\/2026\\\/01\\\/09\\\/medlemsprosjekt-kristin-devor-menneskets-darskap-i-de-hallingdalske-skoger-2025\\\/\",\"name\":\"Medlemsprosjekt: Kristin Devor \u00abMenneskets d\u00e5rskap i de Hallingdalske skoger\u00bb (2025) - NSFF Magasin | Norsk Selskap for Fotografi\",\"isPartOf\":{\"@id\":\"https:\\\/\\\/nsff.no\\\/magasinet\\\/#website\"},\"primaryImageOfPage\":{\"@id\":\"https:\\\/\\\/nsff.no\\\/magasinet\\\/2026\\\/01\\\/09\\\/medlemsprosjekt-kristin-devor-menneskets-darskap-i-de-hallingdalske-skoger-2025\\\/#primaryimage\"},\"image\":{\"@id\":\"https:\\\/\\\/nsff.no\\\/magasinet\\\/2026\\\/01\\\/09\\\/medlemsprosjekt-kristin-devor-menneskets-darskap-i-de-hallingdalske-skoger-2025\\\/#primaryimage\"},\"thumbnailUrl\":\"https:\\\/\\\/nsff.no\\\/magasinet\\\/wp-content\\\/uploads\\\/sites\\\/2\\\/2026\\\/01\\\/267871_Falmet-fransk-skjonnhet.jpg\",\"datePublished\":\"2026-01-09T13:02:42+00:00\",\"dateModified\":\"2026-01-09T13:04:05+00:00\",\"description\":\"Kristin Devors prosjekt \u00abMenneskets d\u00e5rskap i de Hallingdalske skoger\u00bb fra 2025\",\"breadcrumb\":{\"@id\":\"https:\\\/\\\/nsff.no\\\/magasinet\\\/2026\\\/01\\\/09\\\/medlemsprosjekt-kristin-devor-menneskets-darskap-i-de-hallingdalske-skoger-2025\\\/#breadcrumb\"},\"inLanguage\":\"nb-NO\",\"potentialAction\":[{\"@type\":\"ReadAction\",\"target\":[\"https:\\\/\\\/nsff.no\\\/magasinet\\\/2026\\\/01\\\/09\\\/medlemsprosjekt-kristin-devor-menneskets-darskap-i-de-hallingdalske-skoger-2025\\\/\"]}]},{\"@type\":\"ImageObject\",\"inLanguage\":\"nb-NO\",\"@id\":\"https:\\\/\\\/nsff.no\\\/magasinet\\\/2026\\\/01\\\/09\\\/medlemsprosjekt-kristin-devor-menneskets-darskap-i-de-hallingdalske-skoger-2025\\\/#primaryimage\",\"url\":\"https:\\\/\\\/nsff.no\\\/magasinet\\\/wp-content\\\/uploads\\\/sites\\\/2\\\/2026\\\/01\\\/267871_Falmet-fransk-skjonnhet.jpg\",\"contentUrl\":\"https:\\\/\\\/nsff.no\\\/magasinet\\\/wp-content\\\/uploads\\\/sites\\\/2\\\/2026\\\/01\\\/267871_Falmet-fransk-skjonnhet.jpg\",\"width\":2400,\"height\":1683,\"caption\":\"Kristin Devor - Falmet fransk skj\u00f8nnhet\"},{\"@type\":\"BreadcrumbList\",\"@id\":\"https:\\\/\\\/nsff.no\\\/magasinet\\\/2026\\\/01\\\/09\\\/medlemsprosjekt-kristin-devor-menneskets-darskap-i-de-hallingdalske-skoger-2025\\\/#breadcrumb\",\"itemListElement\":[{\"@type\":\"ListItem\",\"position\":1,\"name\":\"Hjem\",\"item\":\"https:\\\/\\\/nsff.no\\\/magasinet\\\/\"},{\"@type\":\"ListItem\",\"position\":2,\"name\":\"Medlemsprosjekt: Kristin Devor \u00abMenneskets d\u00e5rskap i de Hallingdalske skoger\u00bb (2025)\"}]},{\"@type\":\"WebSite\",\"@id\":\"https:\\\/\\\/nsff.no\\\/magasinet\\\/#website\",\"url\":\"https:\\\/\\\/nsff.no\\\/magasinet\\\/\",\"name\":\"NSFF Magasin | Norsk Selskap for Fotografi\",\"description\":\"Medlemsmagasin for film- og fotoentusiaster\",\"publisher\":{\"@id\":\"https:\\\/\\\/nsff.no\\\/magasinet\\\/#organization\"},\"potentialAction\":[{\"@type\":\"SearchAction\",\"target\":{\"@type\":\"EntryPoint\",\"urlTemplate\":\"https:\\\/\\\/nsff.no\\\/magasinet\\\/?s={search_term_string}\"},\"query-input\":{\"@type\":\"PropertyValueSpecification\",\"valueRequired\":true,\"valueName\":\"search_term_string\"}}],\"inLanguage\":\"nb-NO\"},{\"@type\":\"Organization\",\"@id\":\"https:\\\/\\\/nsff.no\\\/magasinet\\\/#organization\",\"name\":\"Norsk Selskap for Fotografo\",\"url\":\"https:\\\/\\\/nsff.no\\\/magasinet\\\/\",\"logo\":{\"@type\":\"ImageObject\",\"inLanguage\":\"nb-NO\",\"@id\":\"https:\\\/\\\/nsff.no\\\/magasinet\\\/#\\\/schema\\\/logo\\\/image\\\/\",\"url\":\"https:\\\/\\\/nsff.no\\\/magasinet\\\/wp-content\\\/uploads\\\/sites\\\/2\\\/2016\\\/05\\\/NSFF-fb-lenkebilde.png\",\"contentUrl\":\"https:\\\/\\\/nsff.no\\\/magasinet\\\/wp-content\\\/uploads\\\/sites\\\/2\\\/2016\\\/05\\\/NSFF-fb-lenkebilde.png\",\"width\":1,\"height\":1,\"caption\":\"Norsk Selskap for Fotografo\"},\"image\":{\"@id\":\"https:\\\/\\\/nsff.no\\\/magasinet\\\/#\\\/schema\\\/logo\\\/image\\\/\"}},{\"@type\":\"Person\",\"@id\":\"https:\\\/\\\/nsff.no\\\/magasinet\\\/#\\\/schema\\\/person\\\/da041f968afa9bee0293372491a98303\",\"name\":\"Birgit Fostervold\",\"image\":{\"@type\":\"ImageObject\",\"inLanguage\":\"nb-NO\",\"@id\":\"https:\\\/\\\/secure.gravatar.com\\\/avatar\\\/d8b31664a01c80eecbf53f36dc41fa676bbfe7c78cb2391937a62f88da897950?s=96&d=mm&r=g\",\"url\":\"https:\\\/\\\/secure.gravatar.com\\\/avatar\\\/d8b31664a01c80eecbf53f36dc41fa676bbfe7c78cb2391937a62f88da897950?s=96&d=mm&r=g\",\"contentUrl\":\"https:\\\/\\\/secure.gravatar.com\\\/avatar\\\/d8b31664a01c80eecbf53f36dc41fa676bbfe7c78cb2391937a62f88da897950?s=96&d=mm&r=g\",\"caption\":\"Birgit Fostervold\"},\"description\":\"EsNSFF, HonENFFF, medlem i Homborsund fotoklubb og Arendal fotoklubb. Styremedlem NSFF, Nordisk Forbund for Fotografi og Norsk Naturfotofestival. Tidl. nestleder og konst.leder NSFF (2017\u201322), tidl. redakt\u00f8r for NSFF Magasin (2016\u201322).\",\"sameAs\":[\"https:\\\/\\\/lensbirdie.no\",\"https:\\\/\\\/instagram.com\\\/knipselyst\\\/\"],\"url\":\"https:\\\/\\\/nsff.no\\\/magasinet\\\/author\\\/birgitf\\\/\"}]}<\/script>\n<!-- \/ Yoast SEO plugin. -->","yoast_head_json":{"title":"Medlemsprosjekt: Kristin Devor \u00abMenneskets d\u00e5rskap i de Hallingdalske skoger\u00bb (2025) - NSFF Magasin | Norsk Selskap for Fotografi","description":"Kristin Devors prosjekt \u00abMenneskets d\u00e5rskap i de Hallingdalske skoger\u00bb fra 2025","robots":{"index":"index","follow":"follow","max-snippet":"max-snippet:-1","max-image-preview":"max-image-preview:large","max-video-preview":"max-video-preview:-1"},"canonical":"https:\/\/nsff.no\/magasinet\/2026\/01\/09\/medlemsprosjekt-kristin-devor-menneskets-darskap-i-de-hallingdalske-skoger-2025\/","og_locale":"nb_NO","og_type":"article","og_title":"Medlemsprosjekt: Kristin Devor \u00abMenneskets d\u00e5rskap i de Hallingdalske skoger\u00bb (2025) - NSFF Magasin | Norsk Selskap for Fotografi","og_description":"Kristin Devors prosjekt \u00abMenneskets d\u00e5rskap i de Hallingdalske skoger\u00bb fra 2025","og_url":"https:\/\/nsff.no\/magasinet\/2026\/01\/09\/medlemsprosjekt-kristin-devor-menneskets-darskap-i-de-hallingdalske-skoger-2025\/","og_site_name":"NSFF Magasin | Norsk Selskap for Fotografi","article_published_time":"2026-01-09T13:02:42+00:00","article_modified_time":"2026-01-09T13:04:05+00:00","og_image":[{"width":1024,"height":692,"url":"https:\/\/nsff.no\/magasinet\/wp-content\/uploads\/sites\/2\/2026\/01\/267851_Reservehjul-1024x692.jpg","type":"image\/jpeg"}],"author":"Birgit Fostervold","twitter_card":"summary_large_image","twitter_misc":{"Skrevet av":"Birgit Fostervold","Ansl. lesetid":"4 minutter"},"schema":{"@context":"https:\/\/schema.org","@graph":[{"@type":"Article","@id":"https:\/\/nsff.no\/magasinet\/2026\/01\/09\/medlemsprosjekt-kristin-devor-menneskets-darskap-i-de-hallingdalske-skoger-2025\/#article","isPartOf":{"@id":"https:\/\/nsff.no\/magasinet\/2026\/01\/09\/medlemsprosjekt-kristin-devor-menneskets-darskap-i-de-hallingdalske-skoger-2025\/"},"author":{"name":"Birgit Fostervold","@id":"https:\/\/nsff.no\/magasinet\/#\/schema\/person\/da041f968afa9bee0293372491a98303"},"headline":"Medlemsprosjekt: Kristin Devor \u00abMenneskets d\u00e5rskap i de Hallingdalske skoger\u00bb (2025)","datePublished":"2026-01-09T13:02:42+00:00","dateModified":"2026-01-09T13:04:05+00:00","mainEntityOfPage":{"@id":"https:\/\/nsff.no\/magasinet\/2026\/01\/09\/medlemsprosjekt-kristin-devor-menneskets-darskap-i-de-hallingdalske-skoger-2025\/"},"wordCount":752,"commentCount":0,"publisher":{"@id":"https:\/\/nsff.no\/magasinet\/#organization"},"image":{"@id":"https:\/\/nsff.no\/magasinet\/2026\/01\/09\/medlemsprosjekt-kristin-devor-menneskets-darskap-i-de-hallingdalske-skoger-2025\/#primaryimage"},"thumbnailUrl":"https:\/\/nsff.no\/magasinet\/wp-content\/uploads\/sites\/2\/2026\/01\/267871_Falmet-fransk-skjonnhet.jpg","keywords":["2025","medlemsprosjekt"],"articleSection":["Fotoprosjekter","Inspirasjon"],"inLanguage":"nb-NO","potentialAction":[{"@type":"CommentAction","name":"Comment","target":["https:\/\/nsff.no\/magasinet\/2026\/01\/09\/medlemsprosjekt-kristin-devor-menneskets-darskap-i-de-hallingdalske-skoger-2025\/#respond"]}]},{"@type":"WebPage","@id":"https:\/\/nsff.no\/magasinet\/2026\/01\/09\/medlemsprosjekt-kristin-devor-menneskets-darskap-i-de-hallingdalske-skoger-2025\/","url":"https:\/\/nsff.no\/magasinet\/2026\/01\/09\/medlemsprosjekt-kristin-devor-menneskets-darskap-i-de-hallingdalske-skoger-2025\/","name":"Medlemsprosjekt: Kristin Devor \u00abMenneskets d\u00e5rskap i de Hallingdalske skoger\u00bb (2025) - NSFF Magasin | Norsk Selskap for Fotografi","isPartOf":{"@id":"https:\/\/nsff.no\/magasinet\/#website"},"primaryImageOfPage":{"@id":"https:\/\/nsff.no\/magasinet\/2026\/01\/09\/medlemsprosjekt-kristin-devor-menneskets-darskap-i-de-hallingdalske-skoger-2025\/#primaryimage"},"image":{"@id":"https:\/\/nsff.no\/magasinet\/2026\/01\/09\/medlemsprosjekt-kristin-devor-menneskets-darskap-i-de-hallingdalske-skoger-2025\/#primaryimage"},"thumbnailUrl":"https:\/\/nsff.no\/magasinet\/wp-content\/uploads\/sites\/2\/2026\/01\/267871_Falmet-fransk-skjonnhet.jpg","datePublished":"2026-01-09T13:02:42+00:00","dateModified":"2026-01-09T13:04:05+00:00","description":"Kristin Devors prosjekt \u00abMenneskets d\u00e5rskap i de Hallingdalske skoger\u00bb fra 2025","breadcrumb":{"@id":"https:\/\/nsff.no\/magasinet\/2026\/01\/09\/medlemsprosjekt-kristin-devor-menneskets-darskap-i-de-hallingdalske-skoger-2025\/#breadcrumb"},"inLanguage":"nb-NO","potentialAction":[{"@type":"ReadAction","target":["https:\/\/nsff.no\/magasinet\/2026\/01\/09\/medlemsprosjekt-kristin-devor-menneskets-darskap-i-de-hallingdalske-skoger-2025\/"]}]},{"@type":"ImageObject","inLanguage":"nb-NO","@id":"https:\/\/nsff.no\/magasinet\/2026\/01\/09\/medlemsprosjekt-kristin-devor-menneskets-darskap-i-de-hallingdalske-skoger-2025\/#primaryimage","url":"https:\/\/nsff.no\/magasinet\/wp-content\/uploads\/sites\/2\/2026\/01\/267871_Falmet-fransk-skjonnhet.jpg","contentUrl":"https:\/\/nsff.no\/magasinet\/wp-content\/uploads\/sites\/2\/2026\/01\/267871_Falmet-fransk-skjonnhet.jpg","width":2400,"height":1683,"caption":"Kristin Devor - Falmet fransk skj\u00f8nnhet"},{"@type":"BreadcrumbList","@id":"https:\/\/nsff.no\/magasinet\/2026\/01\/09\/medlemsprosjekt-kristin-devor-menneskets-darskap-i-de-hallingdalske-skoger-2025\/#breadcrumb","itemListElement":[{"@type":"ListItem","position":1,"name":"Hjem","item":"https:\/\/nsff.no\/magasinet\/"},{"@type":"ListItem","position":2,"name":"Medlemsprosjekt: Kristin Devor \u00abMenneskets d\u00e5rskap i de Hallingdalske skoger\u00bb (2025)"}]},{"@type":"WebSite","@id":"https:\/\/nsff.no\/magasinet\/#website","url":"https:\/\/nsff.no\/magasinet\/","name":"NSFF Magasin | Norsk Selskap for Fotografi","description":"Medlemsmagasin for film- og fotoentusiaster","publisher":{"@id":"https:\/\/nsff.no\/magasinet\/#organization"},"potentialAction":[{"@type":"SearchAction","target":{"@type":"EntryPoint","urlTemplate":"https:\/\/nsff.no\/magasinet\/?s={search_term_string}"},"query-input":{"@type":"PropertyValueSpecification","valueRequired":true,"valueName":"search_term_string"}}],"inLanguage":"nb-NO"},{"@type":"Organization","@id":"https:\/\/nsff.no\/magasinet\/#organization","name":"Norsk Selskap for Fotografo","url":"https:\/\/nsff.no\/magasinet\/","logo":{"@type":"ImageObject","inLanguage":"nb-NO","@id":"https:\/\/nsff.no\/magasinet\/#\/schema\/logo\/image\/","url":"https:\/\/nsff.no\/magasinet\/wp-content\/uploads\/sites\/2\/2016\/05\/NSFF-fb-lenkebilde.png","contentUrl":"https:\/\/nsff.no\/magasinet\/wp-content\/uploads\/sites\/2\/2016\/05\/NSFF-fb-lenkebilde.png","width":1,"height":1,"caption":"Norsk Selskap for Fotografo"},"image":{"@id":"https:\/\/nsff.no\/magasinet\/#\/schema\/logo\/image\/"}},{"@type":"Person","@id":"https:\/\/nsff.no\/magasinet\/#\/schema\/person\/da041f968afa9bee0293372491a98303","name":"Birgit Fostervold","image":{"@type":"ImageObject","inLanguage":"nb-NO","@id":"https:\/\/secure.gravatar.com\/avatar\/d8b31664a01c80eecbf53f36dc41fa676bbfe7c78cb2391937a62f88da897950?s=96&d=mm&r=g","url":"https:\/\/secure.gravatar.com\/avatar\/d8b31664a01c80eecbf53f36dc41fa676bbfe7c78cb2391937a62f88da897950?s=96&d=mm&r=g","contentUrl":"https:\/\/secure.gravatar.com\/avatar\/d8b31664a01c80eecbf53f36dc41fa676bbfe7c78cb2391937a62f88da897950?s=96&d=mm&r=g","caption":"Birgit Fostervold"},"description":"EsNSFF, HonENFFF, medlem i Homborsund fotoklubb og Arendal fotoklubb. Styremedlem NSFF, Nordisk Forbund for Fotografi og Norsk Naturfotofestival. Tidl. nestleder og konst.leder NSFF (2017\u201322), tidl. redakt\u00f8r for NSFF Magasin (2016\u201322).","sameAs":["https:\/\/lensbirdie.no","https:\/\/instagram.com\/knipselyst\/"],"url":"https:\/\/nsff.no\/magasinet\/author\/birgitf\/"}]}},"_links":{"self":[{"href":"https:\/\/nsff.no\/magasinet\/wp-json\/wp\/v2\/posts\/19354","targetHints":{"allow":["GET"]}}],"collection":[{"href":"https:\/\/nsff.no\/magasinet\/wp-json\/wp\/v2\/posts"}],"about":[{"href":"https:\/\/nsff.no\/magasinet\/wp-json\/wp\/v2\/types\/post"}],"author":[{"embeddable":true,"href":"https:\/\/nsff.no\/magasinet\/wp-json\/wp\/v2\/users\/7"}],"replies":[{"embeddable":true,"href":"https:\/\/nsff.no\/magasinet\/wp-json\/wp\/v2\/comments?post=19354"}],"version-history":[{"count":6,"href":"https:\/\/nsff.no\/magasinet\/wp-json\/wp\/v2\/posts\/19354\/revisions"}],"predecessor-version":[{"id":19361,"href":"https:\/\/nsff.no\/magasinet\/wp-json\/wp\/v2\/posts\/19354\/revisions\/19361"}],"wp:featuredmedia":[{"embeddable":true,"href":"https:\/\/nsff.no\/magasinet\/wp-json\/wp\/v2\/media\/19273"}],"wp:attachment":[{"href":"https:\/\/nsff.no\/magasinet\/wp-json\/wp\/v2\/media?parent=19354"}],"wp:term":[{"taxonomy":"category","embeddable":true,"href":"https:\/\/nsff.no\/magasinet\/wp-json\/wp\/v2\/categories?post=19354"},{"taxonomy":"post_tag","embeddable":true,"href":"https:\/\/nsff.no\/magasinet\/wp-json\/wp\/v2\/tags?post=19354"}],"curies":[{"name":"wp","href":"https:\/\/api.w.org\/{rel}","templated":true}]}}