{"id":19348,"date":"2026-01-09T13:54:47","date_gmt":"2026-01-09T12:54:47","guid":{"rendered":"https:\/\/nsff.no\/magasinet\/?p=19348"},"modified":"2026-01-09T13:54:52","modified_gmt":"2026-01-09T12:54:52","slug":"medlemsprosjekt-anne-haarberg-the-time-we-are-given-2025","status":"publish","type":"post","link":"https:\/\/nsff.no\/magasinet\/2026\/01\/09\/medlemsprosjekt-anne-haarberg-the-time-we-are-given-2025\/","title":{"rendered":"Medlemsprosjekt: Anne Haarberg \u00abThe time we are given\u00bb (2025)"},"content":{"rendered":"<p>[et_pb_section fb_built=&raquo;1&#8243; _builder_version=&raquo;4.16&#8243; global_colors_info=&raquo;{}&raquo; theme_builder_area=&raquo;post_content&raquo;][et_pb_row _builder_version=&raquo;4.16&#8243; background_size=&raquo;initial&raquo; background_position=&raquo;top_left&raquo; background_repeat=&raquo;repeat&raquo; global_colors_info=&raquo;{}&raquo; theme_builder_area=&raquo;post_content&raquo;][et_pb_column type=&raquo;4_4&#8243; _builder_version=&raquo;4.16&#8243; custom_padding=&raquo;|||&raquo; global_colors_info=&raquo;{}&raquo; custom_padding__hover=&raquo;|||&raquo; theme_builder_area=&raquo;post_content&raquo;][et_pb_text _builder_version=&raquo;4.27.5&#8243; hover_enabled=&raquo;0&#8243; z_index_tablet=&raquo;500&#8243; text_text_shadow_horizontal_length_tablet=&raquo;0px&raquo; text_text_shadow_vertical_length_tablet=&raquo;0px&raquo; text_text_shadow_blur_strength_tablet=&raquo;1px&raquo; link_text_shadow_horizontal_length_tablet=&raquo;0px&raquo; link_text_shadow_vertical_length_tablet=&raquo;0px&raquo; link_text_shadow_blur_strength_tablet=&raquo;1px&raquo; ul_text_shadow_horizontal_length_tablet=&raquo;0px&raquo; ul_text_shadow_vertical_length_tablet=&raquo;0px&raquo; ul_text_shadow_blur_strength_tablet=&raquo;1px&raquo; ol_text_shadow_horizontal_length_tablet=&raquo;0px&raquo; ol_text_shadow_vertical_length_tablet=&raquo;0px&raquo; ol_text_shadow_blur_strength_tablet=&raquo;1px&raquo; quote_text_shadow_horizontal_length_tablet=&raquo;0px&raquo; quote_text_shadow_vertical_length_tablet=&raquo;0px&raquo; quote_text_shadow_blur_strength_tablet=&raquo;1px&raquo; header_text_shadow_horizontal_length_tablet=&raquo;0px&raquo; header_text_shadow_vertical_length_tablet=&raquo;0px&raquo; header_text_shadow_blur_strength_tablet=&raquo;1px&raquo; header_2_text_shadow_horizontal_length_tablet=&raquo;0px&raquo; header_2_text_shadow_vertical_length_tablet=&raquo;0px&raquo; header_2_text_shadow_blur_strength_tablet=&raquo;1px&raquo; header_3_text_shadow_horizontal_length_tablet=&raquo;0px&raquo; header_3_text_shadow_vertical_length_tablet=&raquo;0px&raquo; header_3_text_shadow_blur_strength_tablet=&raquo;1px&raquo; header_4_text_shadow_horizontal_length_tablet=&raquo;0px&raquo; header_4_text_shadow_vertical_length_tablet=&raquo;0px&raquo; header_4_text_shadow_blur_strength_tablet=&raquo;1px&raquo; header_5_text_shadow_horizontal_length_tablet=&raquo;0px&raquo; header_5_text_shadow_vertical_length_tablet=&raquo;0px&raquo; header_5_text_shadow_blur_strength_tablet=&raquo;1px&raquo; header_6_text_shadow_horizontal_length_tablet=&raquo;0px&raquo; header_6_text_shadow_vertical_length_tablet=&raquo;0px&raquo; header_6_text_shadow_blur_strength_tablet=&raquo;1px&raquo; box_shadow_horizontal_tablet=&raquo;0px&raquo; box_shadow_vertical_tablet=&raquo;0px&raquo; box_shadow_blur_tablet=&raquo;40px&raquo; box_shadow_spread_tablet=&raquo;0px&raquo; global_colors_info=&raquo;{}&raquo; theme_builder_area=&raquo;post_content&raquo; sticky_enabled=&raquo;0&#8243;]<\/p>\n<p><strong><a href=\"http:\/\/nsff.no\/bli-medlem\/medlems-og-klubbprosjekt\/\">NSFF oppfordrer til \u00e5 sende inn medlemsprosjekt og klubbprosjekt<\/a>. Til inspirasjon vil vi i NSFF Magasin publisere prosjektene, de vil ogs\u00e5 vises digitalt p\u00e5 ulike arrangement der NSFF er tilstede. Nedenfor sees Anne Haarbergs prosjekt fra 2025:<\/strong><\/p>\n<h2>The time we are given<\/h2>\n<p>Hvorfor er det noen par som velger \u00e5 holde sammen resten av livet?<br \/>Det var sp\u00f8rsm\u00e5let jeg s\u00f8kte svar p\u00e5 i en periode jeg var usikker p\u00e5 mitt eget ekteskap.<br \/>\u200b<br \/>I denne historien m\u00f8ter vi Ellen og Niels-Erik.<br \/>De m\u00f8ttes da Ellen var 14 og Niels-Erik var 16 \u00e5r gammel.<br \/>\u200b<br \/>Fire \u00e5r senere var de gift og ventet sitt f\u00f8rste barn.<br \/>\u200b<br \/>Jeg fotograferte Ellen og Niels-Erik fra november 2022 til august 2023 i deres hjem i Oslo og ved sommerstedet p\u00e5 en \u00f8y i Oslofjorden. I denne perioden bes\u00f8kte jeg de en til to ganger i m\u00e5neden. Til \u00e5 begynne med var jeg usikker p\u00e5 hva jeg skulle se etter, men etter hvert ble det tydelig for meg hvor viktig de sm\u00e5 \u00f8yeblikkene i hverdagen er. Dette er flyktige \u00f8yeblikk vi knapt legger merke til de, men som likevel forteller oss mye om tid og relasjoner til v\u00e5re n\u00e6rmeste.<br \/>\u200b<br \/>Bildene er ikke arrangerte. De viser faktiske hendelser i et ekteskap.<br \/>\u200b<br \/>Prosjektet best\u00e5r i sin helhet av 26 bilder.<\/p>\n<p><em>\u2013 Anne Haarberg, Oslo Kamera Klubb<\/em><\/p>\n<p>[\/et_pb_text][\/et_pb_column][\/et_pb_row][et_pb_row make_equal=&raquo;on&raquo; _builder_version=&raquo;4.16&#8243; background_size=&raquo;initial&raquo; background_position=&raquo;top_left&raquo; background_repeat=&raquo;repeat&raquo; global_colors_info=&raquo;{}&raquo; theme_builder_area=&raquo;post_content&raquo;][et_pb_column type=&raquo;4_4&#8243; _builder_version=&raquo;4.16&#8243; custom_padding=&raquo;|||&raquo; global_colors_info=&raquo;{}&raquo; custom_padding__hover=&raquo;|||&raquo; theme_builder_area=&raquo;post_content&raquo;][et_pb_text admin_label=&raquo;Tekst&raquo; _builder_version=&raquo;4.16&#8243; _module_preset=&raquo;default&raquo; hover_enabled=&raquo;0&#8243; global_colors_info=&raquo;{}&raquo; theme_builder_area=&raquo;post_content&raquo; sticky_enabled=&raquo;0&#8243;]<\/p>\n<p>Klikk p\u00e5 f\u00f8rste bilde for \u00e5 bla gjennom hele galleriet:<\/p>\n<p>[\/et_pb_text][et_pb_gallery _builder_version=&raquo;4.27.5&#8243; _module_preset=&raquo;default&raquo; theme_builder_area=&raquo;post_content&raquo; gallery_ids=&raquo;19255,19256,19257,19258,19259,19260,19261,19262,19263&#8243; fullwidth=&raquo;on&raquo; hover_enabled=&raquo;0&#8243; sticky_enabled=&raquo;0&#8243;][\/et_pb_gallery][\/et_pb_column][\/et_pb_row][et_pb_row _builder_version=&raquo;3.19&#8243; global_module=&raquo;7898&#8243; global_colors_info=&raquo;{}&raquo; theme_builder_area=&raquo;post_content&raquo;][et_pb_column type=&raquo;4_4&#8243; _builder_version=&raquo;4.16&#8243; custom_padding=&raquo;|||&raquo; global_colors_info=&raquo;{}&raquo; custom_padding__hover=&raquo;|||&raquo; theme_builder_area=&raquo;post_content&raquo;][et_pb_text admin_label=&raquo;Medlemsprosjekttekst&raquo; _builder_version=&raquo;4.16&#8243; background_color=&raquo;rgba(12,113,195,0.19)&raquo; custom_padding=&raquo;20px|20px|20px|20px&raquo; custom_padding_tablet=&raquo;&raquo; custom_padding_phone=&raquo;10px|10px|10px|10px&raquo; custom_padding_last_edited=&raquo;on|phone&raquo; link_option_url=&raquo;http:\/\/nsff.no\/bli-medlem\/medlems-og-klubbprosjekt\/&raquo; border_radii=&raquo;on|4px|4px|4px|4px&raquo; global_colors_info=&raquo;{}&raquo; theme_builder_area=&raquo;post_content&raquo;]<\/p>\n<p>Alle har sikkert h\u00f8rt mantraet, at et bilde sier mer enn tusen ord. Men hva da med en hel serie med bilder, som henger tematisk sammen? Det er vanligste er nok \u00e5 jakte p\u00e5 blinkskuddene, men blant de store fotografene er det vel s\u00e5 vanlig \u00e5 tenke i serie \u2013 de jobber i prosjekt!<\/p>\n<p>NSFF har siden 2014 invitert til innlevering av medlems- og klubbprosjekt. Det \u00e5 g\u00e5 ut over det \u00e5 kun jakte enkeltst\u00e5ende \u00abvinnerbilder\u00bb vil gj\u00f8re en til bedre fotograf \u2013 utvide evnen til \u00e5 se! Hele ideen med \u00e5 jobbe i prosjekt er \u00e5 fortelle en bredere og mer interessant historie med bildene.<\/p>\n<p><a href=\"http:\/\/nsff.no\/bli-medlem\/medlems-og-klubbprosjekt\/\">Les om medlemsprosjekt p\u00e5 nsff.no.<\/a><\/p>\n<p>[\/et_pb_text][\/et_pb_column][\/et_pb_row][\/et_pb_section]<\/p>\n","protected":false},"excerpt":{"rendered":"<p>Anne Haarbergs prosjekt \u00abThe time we are given\u00bb, fra 2025<\/p>\n","protected":false},"author":7,"featured_media":19256,"comment_status":"open","ping_status":"open","sticky":false,"template":"","format":"standard","meta":{"_et_pb_use_builder":"on","_et_pb_old_content":"","_et_gb_content_width":"","footnotes":""},"categories":[7,64,91,14],"tags":[997,70],"class_list":["post-19348","post","type-post","status-publish","format-standard","has-post-thumbnail","hentry","category-foto","category-fotoprosjekter","category-inspirasjon","category-nyheter","tag-997","tag-medlemsprosjekt","et-has-post-format-content","et_post_format-et-post-format-standard"],"yoast_head":"<!-- This site is optimized with the Yoast SEO plugin v27.5 - https:\/\/yoast.com\/product\/yoast-seo-wordpress\/ -->\n<title>Medlemsprosjekt: Anne Haarberg \u00abThe time we are given\u00bb (2025) - NSFF Magasin | Norsk Selskap for Fotografi<\/title>\n<meta name=\"description\" content=\"Anne Haarbergs prosjekt \u00abThe time we are given\u00bb, fra 2025\" \/>\n<meta name=\"robots\" content=\"index, follow, max-snippet:-1, max-image-preview:large, max-video-preview:-1\" \/>\n<link rel=\"canonical\" href=\"https:\/\/nsff.no\/magasinet\/2026\/01\/09\/medlemsprosjekt-anne-haarberg-the-time-we-are-given-2025\/\" \/>\n<meta property=\"og:locale\" content=\"nb_NO\" \/>\n<meta property=\"og:type\" content=\"article\" \/>\n<meta property=\"og:title\" content=\"Medlemsprosjekt: Anne Haarberg \u00abThe time we are given\u00bb (2025) - NSFF Magasin | Norsk Selskap for Fotografi\" \/>\n<meta property=\"og:description\" content=\"Anne Haarbergs prosjekt \u00abThe time we are given\u00bb, fra 2025\" \/>\n<meta property=\"og:url\" content=\"https:\/\/nsff.no\/magasinet\/2026\/01\/09\/medlemsprosjekt-anne-haarberg-the-time-we-are-given-2025\/\" \/>\n<meta property=\"og:site_name\" content=\"NSFF Magasin | Norsk Selskap for Fotografi\" \/>\n<meta property=\"article:published_time\" content=\"2026-01-09T12:54:47+00:00\" \/>\n<meta property=\"article:modified_time\" content=\"2026-01-09T12:54:52+00:00\" \/>\n<meta property=\"og:image\" content=\"https:\/\/nsff.no\/magasinet\/wp-content\/uploads\/sites\/2\/2026\/01\/269152_The-time-we-are-given-.jpg\" \/>\n\t<meta property=\"og:image:width\" content=\"2000\" \/>\n\t<meta property=\"og:image:height\" content=\"1500\" \/>\n\t<meta property=\"og:image:type\" content=\"image\/jpeg\" \/>\n<meta name=\"author\" content=\"Birgit Fostervold\" \/>\n<meta name=\"twitter:card\" content=\"summary_large_image\" \/>\n<meta name=\"twitter:label1\" content=\"Skrevet av\" \/>\n\t<meta name=\"twitter:data1\" content=\"Birgit Fostervold\" \/>\n\t<meta name=\"twitter:label2\" content=\"Ansl. lesetid\" \/>\n\t<meta name=\"twitter:data2\" content=\"4 minutter\" \/>\n<script type=\"application\/ld+json\" class=\"yoast-schema-graph\">{\"@context\":\"https:\\\/\\\/schema.org\",\"@graph\":[{\"@type\":\"Article\",\"@id\":\"https:\\\/\\\/nsff.no\\\/magasinet\\\/2026\\\/01\\\/09\\\/medlemsprosjekt-anne-haarberg-the-time-we-are-given-2025\\\/#article\",\"isPartOf\":{\"@id\":\"https:\\\/\\\/nsff.no\\\/magasinet\\\/2026\\\/01\\\/09\\\/medlemsprosjekt-anne-haarberg-the-time-we-are-given-2025\\\/\"},\"author\":{\"name\":\"Birgit Fostervold\",\"@id\":\"https:\\\/\\\/nsff.no\\\/magasinet\\\/#\\\/schema\\\/person\\\/da041f968afa9bee0293372491a98303\"},\"headline\":\"Medlemsprosjekt: Anne Haarberg \u00abThe time we are given\u00bb (2025)\",\"datePublished\":\"2026-01-09T12:54:47+00:00\",\"dateModified\":\"2026-01-09T12:54:52+00:00\",\"mainEntityOfPage\":{\"@id\":\"https:\\\/\\\/nsff.no\\\/magasinet\\\/2026\\\/01\\\/09\\\/medlemsprosjekt-anne-haarberg-the-time-we-are-given-2025\\\/\"},\"wordCount\":880,\"commentCount\":0,\"publisher\":{\"@id\":\"https:\\\/\\\/nsff.no\\\/magasinet\\\/#organization\"},\"image\":{\"@id\":\"https:\\\/\\\/nsff.no\\\/magasinet\\\/2026\\\/01\\\/09\\\/medlemsprosjekt-anne-haarberg-the-time-we-are-given-2025\\\/#primaryimage\"},\"thumbnailUrl\":\"https:\\\/\\\/nsff.no\\\/magasinet\\\/wp-content\\\/uploads\\\/sites\\\/2\\\/2026\\\/01\\\/269148_The-time-we-are-given-.jpg\",\"keywords\":[\"2025\",\"medlemsprosjekt\"],\"articleSection\":[\"Foto\",\"Fotoprosjekter\",\"Inspirasjon\",\"Nyheter\"],\"inLanguage\":\"nb-NO\",\"potentialAction\":[{\"@type\":\"CommentAction\",\"name\":\"Comment\",\"target\":[\"https:\\\/\\\/nsff.no\\\/magasinet\\\/2026\\\/01\\\/09\\\/medlemsprosjekt-anne-haarberg-the-time-we-are-given-2025\\\/#respond\"]}]},{\"@type\":\"WebPage\",\"@id\":\"https:\\\/\\\/nsff.no\\\/magasinet\\\/2026\\\/01\\\/09\\\/medlemsprosjekt-anne-haarberg-the-time-we-are-given-2025\\\/\",\"url\":\"https:\\\/\\\/nsff.no\\\/magasinet\\\/2026\\\/01\\\/09\\\/medlemsprosjekt-anne-haarberg-the-time-we-are-given-2025\\\/\",\"name\":\"Medlemsprosjekt: Anne Haarberg \u00abThe time we are given\u00bb (2025) - NSFF Magasin | Norsk Selskap for Fotografi\",\"isPartOf\":{\"@id\":\"https:\\\/\\\/nsff.no\\\/magasinet\\\/#website\"},\"primaryImageOfPage\":{\"@id\":\"https:\\\/\\\/nsff.no\\\/magasinet\\\/2026\\\/01\\\/09\\\/medlemsprosjekt-anne-haarberg-the-time-we-are-given-2025\\\/#primaryimage\"},\"image\":{\"@id\":\"https:\\\/\\\/nsff.no\\\/magasinet\\\/2026\\\/01\\\/09\\\/medlemsprosjekt-anne-haarberg-the-time-we-are-given-2025\\\/#primaryimage\"},\"thumbnailUrl\":\"https:\\\/\\\/nsff.no\\\/magasinet\\\/wp-content\\\/uploads\\\/sites\\\/2\\\/2026\\\/01\\\/269148_The-time-we-are-given-.jpg\",\"datePublished\":\"2026-01-09T12:54:47+00:00\",\"dateModified\":\"2026-01-09T12:54:52+00:00\",\"description\":\"Anne Haarbergs prosjekt \u00abThe time we are given\u00bb, fra 2025\",\"breadcrumb\":{\"@id\":\"https:\\\/\\\/nsff.no\\\/magasinet\\\/2026\\\/01\\\/09\\\/medlemsprosjekt-anne-haarberg-the-time-we-are-given-2025\\\/#breadcrumb\"},\"inLanguage\":\"nb-NO\",\"potentialAction\":[{\"@type\":\"ReadAction\",\"target\":[\"https:\\\/\\\/nsff.no\\\/magasinet\\\/2026\\\/01\\\/09\\\/medlemsprosjekt-anne-haarberg-the-time-we-are-given-2025\\\/\"]}]},{\"@type\":\"ImageObject\",\"inLanguage\":\"nb-NO\",\"@id\":\"https:\\\/\\\/nsff.no\\\/magasinet\\\/2026\\\/01\\\/09\\\/medlemsprosjekt-anne-haarberg-the-time-we-are-given-2025\\\/#primaryimage\",\"url\":\"https:\\\/\\\/nsff.no\\\/magasinet\\\/wp-content\\\/uploads\\\/sites\\\/2\\\/2026\\\/01\\\/269148_The-time-we-are-given-.jpg\",\"contentUrl\":\"https:\\\/\\\/nsff.no\\\/magasinet\\\/wp-content\\\/uploads\\\/sites\\\/2\\\/2026\\\/01\\\/269148_The-time-we-are-given-.jpg\",\"width\":2000,\"height\":1500,\"caption\":\"Anne Haarberg - The time we are given\"},{\"@type\":\"BreadcrumbList\",\"@id\":\"https:\\\/\\\/nsff.no\\\/magasinet\\\/2026\\\/01\\\/09\\\/medlemsprosjekt-anne-haarberg-the-time-we-are-given-2025\\\/#breadcrumb\",\"itemListElement\":[{\"@type\":\"ListItem\",\"position\":1,\"name\":\"Hjem\",\"item\":\"https:\\\/\\\/nsff.no\\\/magasinet\\\/\"},{\"@type\":\"ListItem\",\"position\":2,\"name\":\"Medlemsprosjekt: Anne Haarberg \u00abThe time we are given\u00bb (2025)\"}]},{\"@type\":\"WebSite\",\"@id\":\"https:\\\/\\\/nsff.no\\\/magasinet\\\/#website\",\"url\":\"https:\\\/\\\/nsff.no\\\/magasinet\\\/\",\"name\":\"NSFF Magasin | Norsk Selskap for Fotografi\",\"description\":\"Medlemsmagasin for film- og fotoentusiaster\",\"publisher\":{\"@id\":\"https:\\\/\\\/nsff.no\\\/magasinet\\\/#organization\"},\"potentialAction\":[{\"@type\":\"SearchAction\",\"target\":{\"@type\":\"EntryPoint\",\"urlTemplate\":\"https:\\\/\\\/nsff.no\\\/magasinet\\\/?s={search_term_string}\"},\"query-input\":{\"@type\":\"PropertyValueSpecification\",\"valueRequired\":true,\"valueName\":\"search_term_string\"}}],\"inLanguage\":\"nb-NO\"},{\"@type\":\"Organization\",\"@id\":\"https:\\\/\\\/nsff.no\\\/magasinet\\\/#organization\",\"name\":\"Norsk Selskap for Fotografo\",\"url\":\"https:\\\/\\\/nsff.no\\\/magasinet\\\/\",\"logo\":{\"@type\":\"ImageObject\",\"inLanguage\":\"nb-NO\",\"@id\":\"https:\\\/\\\/nsff.no\\\/magasinet\\\/#\\\/schema\\\/logo\\\/image\\\/\",\"url\":\"https:\\\/\\\/nsff.no\\\/magasinet\\\/wp-content\\\/uploads\\\/sites\\\/2\\\/2016\\\/05\\\/NSFF-fb-lenkebilde.png\",\"contentUrl\":\"https:\\\/\\\/nsff.no\\\/magasinet\\\/wp-content\\\/uploads\\\/sites\\\/2\\\/2016\\\/05\\\/NSFF-fb-lenkebilde.png\",\"width\":1,\"height\":1,\"caption\":\"Norsk Selskap for Fotografo\"},\"image\":{\"@id\":\"https:\\\/\\\/nsff.no\\\/magasinet\\\/#\\\/schema\\\/logo\\\/image\\\/\"}},{\"@type\":\"Person\",\"@id\":\"https:\\\/\\\/nsff.no\\\/magasinet\\\/#\\\/schema\\\/person\\\/da041f968afa9bee0293372491a98303\",\"name\":\"Birgit Fostervold\",\"image\":{\"@type\":\"ImageObject\",\"inLanguage\":\"nb-NO\",\"@id\":\"https:\\\/\\\/secure.gravatar.com\\\/avatar\\\/d8b31664a01c80eecbf53f36dc41fa676bbfe7c78cb2391937a62f88da897950?s=96&d=mm&r=g\",\"url\":\"https:\\\/\\\/secure.gravatar.com\\\/avatar\\\/d8b31664a01c80eecbf53f36dc41fa676bbfe7c78cb2391937a62f88da897950?s=96&d=mm&r=g\",\"contentUrl\":\"https:\\\/\\\/secure.gravatar.com\\\/avatar\\\/d8b31664a01c80eecbf53f36dc41fa676bbfe7c78cb2391937a62f88da897950?s=96&d=mm&r=g\",\"caption\":\"Birgit Fostervold\"},\"description\":\"EsNSFF, HonENFFF, medlem i Homborsund fotoklubb og Arendal fotoklubb. Styremedlem NSFF, Nordisk Forbund for Fotografi og Norsk Naturfotofestival. Tidl. nestleder og konst.leder NSFF (2017\u201322), tidl. redakt\u00f8r for NSFF Magasin (2016\u201322).\",\"sameAs\":[\"https:\\\/\\\/lensbirdie.no\",\"https:\\\/\\\/instagram.com\\\/knipselyst\\\/\"],\"url\":\"https:\\\/\\\/nsff.no\\\/magasinet\\\/author\\\/birgitf\\\/\"}]}<\/script>\n<!-- \/ Yoast SEO plugin. -->","yoast_head_json":{"title":"Medlemsprosjekt: Anne Haarberg \u00abThe time we are given\u00bb (2025) - NSFF Magasin | Norsk Selskap for Fotografi","description":"Anne Haarbergs prosjekt \u00abThe time we are given\u00bb, fra 2025","robots":{"index":"index","follow":"follow","max-snippet":"max-snippet:-1","max-image-preview":"max-image-preview:large","max-video-preview":"max-video-preview:-1"},"canonical":"https:\/\/nsff.no\/magasinet\/2026\/01\/09\/medlemsprosjekt-anne-haarberg-the-time-we-are-given-2025\/","og_locale":"nb_NO","og_type":"article","og_title":"Medlemsprosjekt: Anne Haarberg \u00abThe time we are given\u00bb (2025) - NSFF Magasin | Norsk Selskap for Fotografi","og_description":"Anne Haarbergs prosjekt \u00abThe time we are given\u00bb, fra 2025","og_url":"https:\/\/nsff.no\/magasinet\/2026\/01\/09\/medlemsprosjekt-anne-haarberg-the-time-we-are-given-2025\/","og_site_name":"NSFF Magasin | Norsk Selskap for Fotografi","article_published_time":"2026-01-09T12:54:47+00:00","article_modified_time":"2026-01-09T12:54:52+00:00","og_image":[{"width":2000,"height":1500,"url":"https:\/\/nsff.no\/magasinet\/wp-content\/uploads\/sites\/2\/2026\/01\/269152_The-time-we-are-given-.jpg","type":"image\/jpeg"}],"author":"Birgit Fostervold","twitter_card":"summary_large_image","twitter_misc":{"Skrevet av":"Birgit Fostervold","Ansl. lesetid":"4 minutter"},"schema":{"@context":"https:\/\/schema.org","@graph":[{"@type":"Article","@id":"https:\/\/nsff.no\/magasinet\/2026\/01\/09\/medlemsprosjekt-anne-haarberg-the-time-we-are-given-2025\/#article","isPartOf":{"@id":"https:\/\/nsff.no\/magasinet\/2026\/01\/09\/medlemsprosjekt-anne-haarberg-the-time-we-are-given-2025\/"},"author":{"name":"Birgit Fostervold","@id":"https:\/\/nsff.no\/magasinet\/#\/schema\/person\/da041f968afa9bee0293372491a98303"},"headline":"Medlemsprosjekt: Anne Haarberg \u00abThe time we are given\u00bb (2025)","datePublished":"2026-01-09T12:54:47+00:00","dateModified":"2026-01-09T12:54:52+00:00","mainEntityOfPage":{"@id":"https:\/\/nsff.no\/magasinet\/2026\/01\/09\/medlemsprosjekt-anne-haarberg-the-time-we-are-given-2025\/"},"wordCount":880,"commentCount":0,"publisher":{"@id":"https:\/\/nsff.no\/magasinet\/#organization"},"image":{"@id":"https:\/\/nsff.no\/magasinet\/2026\/01\/09\/medlemsprosjekt-anne-haarberg-the-time-we-are-given-2025\/#primaryimage"},"thumbnailUrl":"https:\/\/nsff.no\/magasinet\/wp-content\/uploads\/sites\/2\/2026\/01\/269148_The-time-we-are-given-.jpg","keywords":["2025","medlemsprosjekt"],"articleSection":["Foto","Fotoprosjekter","Inspirasjon","Nyheter"],"inLanguage":"nb-NO","potentialAction":[{"@type":"CommentAction","name":"Comment","target":["https:\/\/nsff.no\/magasinet\/2026\/01\/09\/medlemsprosjekt-anne-haarberg-the-time-we-are-given-2025\/#respond"]}]},{"@type":"WebPage","@id":"https:\/\/nsff.no\/magasinet\/2026\/01\/09\/medlemsprosjekt-anne-haarberg-the-time-we-are-given-2025\/","url":"https:\/\/nsff.no\/magasinet\/2026\/01\/09\/medlemsprosjekt-anne-haarberg-the-time-we-are-given-2025\/","name":"Medlemsprosjekt: Anne Haarberg \u00abThe time we are given\u00bb (2025) - NSFF Magasin | Norsk Selskap for Fotografi","isPartOf":{"@id":"https:\/\/nsff.no\/magasinet\/#website"},"primaryImageOfPage":{"@id":"https:\/\/nsff.no\/magasinet\/2026\/01\/09\/medlemsprosjekt-anne-haarberg-the-time-we-are-given-2025\/#primaryimage"},"image":{"@id":"https:\/\/nsff.no\/magasinet\/2026\/01\/09\/medlemsprosjekt-anne-haarberg-the-time-we-are-given-2025\/#primaryimage"},"thumbnailUrl":"https:\/\/nsff.no\/magasinet\/wp-content\/uploads\/sites\/2\/2026\/01\/269148_The-time-we-are-given-.jpg","datePublished":"2026-01-09T12:54:47+00:00","dateModified":"2026-01-09T12:54:52+00:00","description":"Anne Haarbergs prosjekt \u00abThe time we are given\u00bb, fra 2025","breadcrumb":{"@id":"https:\/\/nsff.no\/magasinet\/2026\/01\/09\/medlemsprosjekt-anne-haarberg-the-time-we-are-given-2025\/#breadcrumb"},"inLanguage":"nb-NO","potentialAction":[{"@type":"ReadAction","target":["https:\/\/nsff.no\/magasinet\/2026\/01\/09\/medlemsprosjekt-anne-haarberg-the-time-we-are-given-2025\/"]}]},{"@type":"ImageObject","inLanguage":"nb-NO","@id":"https:\/\/nsff.no\/magasinet\/2026\/01\/09\/medlemsprosjekt-anne-haarberg-the-time-we-are-given-2025\/#primaryimage","url":"https:\/\/nsff.no\/magasinet\/wp-content\/uploads\/sites\/2\/2026\/01\/269148_The-time-we-are-given-.jpg","contentUrl":"https:\/\/nsff.no\/magasinet\/wp-content\/uploads\/sites\/2\/2026\/01\/269148_The-time-we-are-given-.jpg","width":2000,"height":1500,"caption":"Anne Haarberg - The time we are given"},{"@type":"BreadcrumbList","@id":"https:\/\/nsff.no\/magasinet\/2026\/01\/09\/medlemsprosjekt-anne-haarberg-the-time-we-are-given-2025\/#breadcrumb","itemListElement":[{"@type":"ListItem","position":1,"name":"Hjem","item":"https:\/\/nsff.no\/magasinet\/"},{"@type":"ListItem","position":2,"name":"Medlemsprosjekt: Anne Haarberg \u00abThe time we are given\u00bb (2025)"}]},{"@type":"WebSite","@id":"https:\/\/nsff.no\/magasinet\/#website","url":"https:\/\/nsff.no\/magasinet\/","name":"NSFF Magasin | Norsk Selskap for Fotografi","description":"Medlemsmagasin for film- og fotoentusiaster","publisher":{"@id":"https:\/\/nsff.no\/magasinet\/#organization"},"potentialAction":[{"@type":"SearchAction","target":{"@type":"EntryPoint","urlTemplate":"https:\/\/nsff.no\/magasinet\/?s={search_term_string}"},"query-input":{"@type":"PropertyValueSpecification","valueRequired":true,"valueName":"search_term_string"}}],"inLanguage":"nb-NO"},{"@type":"Organization","@id":"https:\/\/nsff.no\/magasinet\/#organization","name":"Norsk Selskap for Fotografo","url":"https:\/\/nsff.no\/magasinet\/","logo":{"@type":"ImageObject","inLanguage":"nb-NO","@id":"https:\/\/nsff.no\/magasinet\/#\/schema\/logo\/image\/","url":"https:\/\/nsff.no\/magasinet\/wp-content\/uploads\/sites\/2\/2016\/05\/NSFF-fb-lenkebilde.png","contentUrl":"https:\/\/nsff.no\/magasinet\/wp-content\/uploads\/sites\/2\/2016\/05\/NSFF-fb-lenkebilde.png","width":1,"height":1,"caption":"Norsk Selskap for Fotografo"},"image":{"@id":"https:\/\/nsff.no\/magasinet\/#\/schema\/logo\/image\/"}},{"@type":"Person","@id":"https:\/\/nsff.no\/magasinet\/#\/schema\/person\/da041f968afa9bee0293372491a98303","name":"Birgit Fostervold","image":{"@type":"ImageObject","inLanguage":"nb-NO","@id":"https:\/\/secure.gravatar.com\/avatar\/d8b31664a01c80eecbf53f36dc41fa676bbfe7c78cb2391937a62f88da897950?s=96&d=mm&r=g","url":"https:\/\/secure.gravatar.com\/avatar\/d8b31664a01c80eecbf53f36dc41fa676bbfe7c78cb2391937a62f88da897950?s=96&d=mm&r=g","contentUrl":"https:\/\/secure.gravatar.com\/avatar\/d8b31664a01c80eecbf53f36dc41fa676bbfe7c78cb2391937a62f88da897950?s=96&d=mm&r=g","caption":"Birgit Fostervold"},"description":"EsNSFF, HonENFFF, medlem i Homborsund fotoklubb og Arendal fotoklubb. Styremedlem NSFF, Nordisk Forbund for Fotografi og Norsk Naturfotofestival. Tidl. nestleder og konst.leder NSFF (2017\u201322), tidl. redakt\u00f8r for NSFF Magasin (2016\u201322).","sameAs":["https:\/\/lensbirdie.no","https:\/\/instagram.com\/knipselyst\/"],"url":"https:\/\/nsff.no\/magasinet\/author\/birgitf\/"}]}},"_links":{"self":[{"href":"https:\/\/nsff.no\/magasinet\/wp-json\/wp\/v2\/posts\/19348","targetHints":{"allow":["GET"]}}],"collection":[{"href":"https:\/\/nsff.no\/magasinet\/wp-json\/wp\/v2\/posts"}],"about":[{"href":"https:\/\/nsff.no\/magasinet\/wp-json\/wp\/v2\/types\/post"}],"author":[{"embeddable":true,"href":"https:\/\/nsff.no\/magasinet\/wp-json\/wp\/v2\/users\/7"}],"replies":[{"embeddable":true,"href":"https:\/\/nsff.no\/magasinet\/wp-json\/wp\/v2\/comments?post=19348"}],"version-history":[{"count":4,"href":"https:\/\/nsff.no\/magasinet\/wp-json\/wp\/v2\/posts\/19348\/revisions"}],"predecessor-version":[{"id":19353,"href":"https:\/\/nsff.no\/magasinet\/wp-json\/wp\/v2\/posts\/19348\/revisions\/19353"}],"wp:featuredmedia":[{"embeddable":true,"href":"https:\/\/nsff.no\/magasinet\/wp-json\/wp\/v2\/media\/19256"}],"wp:attachment":[{"href":"https:\/\/nsff.no\/magasinet\/wp-json\/wp\/v2\/media?parent=19348"}],"wp:term":[{"taxonomy":"category","embeddable":true,"href":"https:\/\/nsff.no\/magasinet\/wp-json\/wp\/v2\/categories?post=19348"},{"taxonomy":"post_tag","embeddable":true,"href":"https:\/\/nsff.no\/magasinet\/wp-json\/wp\/v2\/tags?post=19348"}],"curies":[{"name":"wp","href":"https:\/\/api.w.org\/{rel}","templated":true}]}}